{"id":16402,"date":"2022-12-14T15:47:42","date_gmt":"2022-12-14T13:47:42","guid":{"rendered":"https:\/\/www.greenpeace.org\/luxembourg\/?p=16402"},"modified":"2022-12-19T15:32:35","modified_gmt":"2022-12-19T13:32:35","slug":"le-probleme-du-concept-de-nature-positive","status":"publish","type":"post","link":"https:\/\/www.greenpeace.org\/luxembourg\/fr\/actualites\/16402\/le-probleme-du-concept-de-nature-positive\/","title":{"rendered":"Le probl\u00e8me du concept de \u00ab Nature Positive \u00bb"},"content":{"rendered":"\n<p>Par Mar\u00edlia Monteiro Silva (Experte Finance, campagne For\u00eats et Alimentation, pour Greenpeace International) <\/p>\n\n<p><em>Le principe de \u00ab positif pour la nature \u00bb (<\/em>Nature Positive<em>) cherche plus \u00e0 sauver un mod\u00e8le \u00e9conomique en perdition qu\u2019\u00e0 prot\u00e9ger la biodiversit\u00e9.<\/em><\/p>\n\n<p>Les amoureux de la biodiversit\u00e9 et toutes celles et ceux qui suivent la COP15 sur la biodiversit\u00e9 qui a d\u00e9but\u00e9 \u00e0 Montr\u00e9al ce mois-ci ont peut-\u00eatre remarqu\u00e9 le terme \u00ab <em>Nature Positive<\/em> \u00bb circuler ici et l\u00e0. Il est pr\u00e9sent dans l&#8217;actualit\u00e9, sur les m\u00e9dias sociaux, dans les promesses de financement, dans les publicit\u00e9s des entreprises et, plus r\u00e9cemment, il est apparu dans le projet de texte d&#8217;accord de la COP15.<\/p>\n\n<p>Mais que signifie \u00ab positif pour la nature \u00bb ?<\/p>\n\n<p>C\u2019est une bonne question \u2013 personne ne le sait vraiment. Et c\u2019est \u00e7a, le probl\u00e8me.&nbsp;<\/p>\n\n<figure class=\"wp-block-image size-large\"><img loading=\"lazy\" decoding=\"async\" width=\"1024\" height=\"683\" src=\"https:\/\/www.greenpeace.org\/static\/planet4-luxembourg-stateless\/2022\/12\/1262c290-image-8-1024x683.png\" alt=\"\" class=\"wp-image-16403\" srcset=\"https:\/\/www.greenpeace.org\/static\/planet4-luxembourg-stateless\/2022\/12\/1262c290-image-8-1024x683.png 1024w, https:\/\/www.greenpeace.org\/static\/planet4-luxembourg-stateless\/2022\/12\/1262c290-image-8-300x200.png 300w, https:\/\/www.greenpeace.org\/static\/planet4-luxembourg-stateless\/2022\/12\/1262c290-image-8-768x512.png 768w, https:\/\/www.greenpeace.org\/static\/planet4-luxembourg-stateless\/2022\/12\/1262c290-image-8-510x340.png 510w, https:\/\/www.greenpeace.org\/static\/planet4-luxembourg-stateless\/2022\/12\/1262c290-image-8.png 1200w\" sizes=\"auto, (max-width: 1024px) 100vw, 1024px\" \/><\/figure>\n\n<p><strong>D\u00e9cortiquons : dans \u00ab Nature Positive \u00bb, il y a \u00ab nature \u00bb. Qu\u2019est-ce que la nature ?<\/strong><\/p>\n\n<p>Il n\u2019existe pas de r\u00e9ponse simple \u00e0 cette question. Dans le cadre des n\u00e9gociations officielles des Nations unies sur la biodiversit\u00e9 \u00e0 la COP15, la \u00ab biodiversit\u00e9 \u00bb est un terme technique, avec des d\u00e9finitions claires de ce que sont les \u00e9cosyst\u00e8mes, les habitats et les esp\u00e8ces. Pas la nature.<\/p>\n\n<p>La d\u00e9finition propos\u00e9e par ceux qui vendent le concept de \u00ab Nature Positive \u00bb inclut quant \u00e0 elle des choses dites \u00ab naturelles \u00bb mais qui n\u2019ont rien \u00e0 voir avec la biodiversit\u00e9, comme la g\u00e9ologie et les <a href=\"https:\/\/www.gybn.org\/nature-positive\">plantations mono-culturelles<\/a>.<\/p>\n\n<p>Si l\u2019expression \u00ab <em>Nature Positive<\/em> \u00bb est incorpor\u00e9e au texte final de la COP15, alors les diff\u00e9rentes parties prenantes pourraient utiliser le mot\u00ab nature \u00bb pour lui faire signifier n\u2019importe quoi. L&#8217;absence de diff\u00e9renciation des termes est importante pour les textes techniques. Tout n\u2019a pas le m\u00eame impact sur la biodiversit\u00e9 : une centaine d\u2019arbres align\u00e9s dans une plantation d&#8217;huile de palme est naturelle, certes, mais elle ne porte pas le m\u00eame r\u00e9seau de biodiversit\u00e9 qu&#8217;une for\u00eat \u00e0 croissance naturelle, riche en \u00e9cosyst\u00e8mes qui s&#8217;imbriquent, s\u2019\u00e9paulent mutuellement et nous soutiennent.<\/p>\n\n<p><strong>Donc, \u00ab nature \u00bb n\u2019est pas clair. Et \u00ab positif \u00bb ?<\/strong><\/p>\n\n<p>C&#8217;est l\u00e0 que les choses se corsent vraiment. Le terme \u00ab positif \u00bb est ici tr\u00e8s incertain.<\/p>\n\n<p>L&#8217;id\u00e9e que quelque chose soit \u00ab positif pour la nature \u00bb, dans un sens mesurable, suppose qu&#8217;il est possible de calculer de mani\u00e8re fiable le d\u00e9ficit et l&#8217;exc\u00e9dent de biodiversit\u00e9 entre deux \u00e9cosyst\u00e8mes diff\u00e9rents, et que l&#8217;on peut \u00e9changer un d\u00e9ficit ici et un exc\u00e9dent l\u00e0 comme s&#8217;il s&#8217;agissait de simples variables.<\/p>\n\n<p>De m\u00eame, le terme \u00ab <em>Positive <\/em>\u00bb dans \u00ab <em>Nature Positive<\/em> \u00bb<a href=\"https:\/\/www.gybn.org\/nature-positive\"> implique un r\u00e9sultat net positif<\/a> par le biais de tous ces calculs douteux \u2013 qu&#8217;une certaine destruction de la biodiversit\u00e9 est in\u00e9vitable, mais peut \u00eatre compens\u00e9e par une restauration \u00e9cologique ailleurs.&nbsp;&nbsp;<\/p>\n\n<p>Essayer de mieux quantifier et comprendre la biodiversit\u00e9 est une bonne id\u00e9e \u2013&nbsp; mais commencer \u00e0 faire l&#8217;inventaire des \u00e9cosyst\u00e8mes alors que nous ne savons m\u00eame pas si nous sommes capables de mesurer leur valeur pour la biodiversit\u00e9 est hasardeux.<\/p>\n\n<p><strong>Pourquoi quiconque plaiderait pour le \u00ab Nature Positive \u00bb dans ce cas ?<\/strong><\/p>\n\n<p>Les partisans et partisanes du \u00ab positif pour la nature \u00bb mettent en avant trois mesures cl\u00e9s : aucune perte nette de nature selon le seuil de r\u00e9f\u00e9rence de 2020, des am\u00e9liorations nettes positives de la nature d\u00e8s 2030 et une r\u00e9cup\u00e9ration totale de la nature d&#8217;ici 2050.&nbsp;<\/p>\n\n<p>C\u2019est tr\u00e8s vague. De plus amples recherches montrent \u00e9galement que ces mesures manquent \u00e0 la fois d&#8217;indicateurs concrets pour les mesurer et d&#8217;une base scientifique pour les \u00e9tayer. Les indicateurs propos\u00e9s pour ces mesures \u2013 le carbone stock\u00e9 dans la nature et l&#8217;\u00e9tendue des habitats existants \u2013 ne couvrent pas exactement la complexit\u00e9 de la biodiversit\u00e9 telle qu&#8217;elle existe dans les \u00e9cosyst\u00e8mes.<\/p>\n\n<p>L&#8217;utilisation du mot \u00ab net \u00bb dans ces objectifs suppose un principe de \u00ab gain net \u00bb, qui permettrait de compenser la biodiversit\u00e9. Par exemple, une exploitation mini\u00e8re pourrait dire que la destruction d&#8217;une for\u00eat \u00e9quivaut \u00e0 la destruction d&#8217;une autre, et qu&#8217;il est possible de compenser le pr\u00e9judice de la destruction de l&#8217;une en prot\u00e9geant l&#8217;autre (c\u2019est faux !).<\/p>\n\n<p><strong>Quelles sont les r\u00e9percussions potentielles du \u00ab positif pour la nature \u00bb ?<\/strong><\/p>\n\n<p>Le concept de \u00ab Nature Positive \u00bb promeut la financiarisation de la nature et l\u2019id\u00e9e qu&#8217;il existerait une valeur mon\u00e9taire \u00e0 la nature. Ce chiffre en dollars pourrait alors d\u00e9finir tout ce que la nature signifie pour nous, et que nous pourrions commencer \u00e0 \u00e9changer des parcelles de nature comme des jetons et alimenter un service \u00e9cosyst\u00e9mique qui ne profiterait qu&#8217;\u00e0 certaines personnes, dans des contextes \u00e9conomiques particuliers.&nbsp;<\/p>\n\n<p>L&#8217;impr\u00e9cision du \u00ab positif pour la nature \u00bb ne cadre pas avec les grandes promesses des gouvernements, puisque ses adeptes le pr\u00e9sentent comme l\u2019\u00e9quivalent pour la biodiversit\u00e9 de l\u2019objectif de 1,5\u00b0C pour le climat. L&#8217;id\u00e9e est facile \u00e0 vendre, mais l\u2019enjeu est bien trop grand pour des mesures confuses et un manque de m\u00e9thodologie mesurable.&nbsp;<\/p>\n\n<p><strong>Que devraient faire les gouvernements \u00e0 la COP15 ?<\/strong><\/p>\n\n<p>Les gouvernements devraient retirer compl\u00e8tement la notion de \u00ab Nature Positive \u00bb des discussions. Inclure une terminologie mal d\u00e9finie et non-mesurable dans le texte final de l&#8217;accord, surtout si la question de l\u2019argent entre en jeu, est risqu\u00e9. Au lieu de donner encore plus de pouvoir aux lobbies priv\u00e9s et aux march\u00e9s financiers, les gouvernements devraient prendre les devants, cr\u00e9er des politiques de conservation appropri\u00e9es avec une <a href=\"https:\/\/www.greenpeace.org\/international\/story\/57349\/meet-4-inspiring-indigenous-leaders-at-cop15\/\">reconnaissance explicite des droits et du r\u00f4le des peuples autochtones<\/a>, et faire leur travail pour freiner le d\u00e9clin de la biodiversit\u00e9.&nbsp;<\/p>\n\n<p>Les responsables de tout cela sont exactement les m\u00eames qui d\u00e9truisent actuellement la nature pour le profit. Le \u00ab Positif pour la nature \u00bb ne serait pour eux rien d\u2019autres qu\u2019un voile \u00e0 jeter sur leurs activit\u00e9s tromper le grand public, diff\u00e9rer les mesures de protection, et dissimuler leur impact d\u00e9vastateur sur l\u2019environnement : \u00ab nous pouvons d\u00e9truire votre for\u00eat, ce n\u2019est pas grave, puisque nous ne d\u00e9truisons pas celle d\u2019\u00e0-c\u00f4t\u00e9\u00bb. Ce n&#8217;est plus seulement du greenwashing, c&#8217;est dangereux et immoral.<\/p>\n","protected":false},"excerpt":{"rendered":"<p>Les amoureux de la biodiversit\u00e9 et toutes celles et ceux qui suivent la COP15 sur la biodiversit\u00e9 qui a d\u00e9but\u00e9 \u00e0 Montr\u00e9al ce mois-ci ont peut-\u00eatre remarqu\u00e9 le terme \u00ab Nature Positive \u00bb circuler ici et l\u00e0.<\/p>\n","protected":false},"author":25,"featured_media":16403,"comment_status":"closed","ping_status":"closed","sticky":false,"template":"","format":"standard","meta":{"ep_exclude_from_search":false,"p4_og_title":"","p4_og_description":"","p4_og_image":"","p4_og_image_id":"","p4_seo_canonical_url":"","p4_campaign_name":"not set","p4_local_project":"not set","p4_basket_name":"not set","p4_department":"","footnotes":""},"categories":[43],"tags":[38],"p4-page-type":[85],"class_list":["post-16402","post","type-post","status-publish","format-standard","has-post-thumbnail","hentry","category-nature","tag-biodiversite","p4-page-type-actualites"],"yoast_head":"<!-- This site is optimized with the Yoast SEO Premium plugin v23.9 (Yoast SEO v23.9) - https:\/\/yoast.com\/wordpress\/plugins\/seo\/ -->\n<title>Le probl\u00e8me du concept de \u00ab Nature Positive \u00bb - Greenpeace Luxembourg<\/title>\n<meta name=\"robots\" content=\"index, follow, max-snippet:-1, max-image-preview:large, max-video-preview:-1\" \/>\n<link rel=\"canonical\" href=\"https:\/\/www.greenpeace.org\/luxembourg\/fr\/actualites\/16402\/le-probleme-du-concept-de-nature-positive\/\" \/>\n<meta property=\"og:locale\" content=\"fr_FR\" \/>\n<meta property=\"og:type\" content=\"article\" \/>\n<meta property=\"og:title\" content=\"Le probl\u00e8me du concept de \u00ab Nature Positive \u00bb\" \/>\n<meta property=\"og:description\" content=\"Les amoureux de la biodiversit\u00e9 et toutes celles et ceux qui suivent la COP15 sur la biodiversit\u00e9 qui a d\u00e9but\u00e9 \u00e0 Montr\u00e9al ce mois-ci ont peut-\u00eatre remarqu\u00e9 le terme \u00ab Nature Positive \u00bb circuler ici et l\u00e0.\" \/>\n<meta property=\"og:url\" content=\"https:\/\/www.greenpeace.org\/luxembourg\/fr\/actualites\/16402\/le-probleme-du-concept-de-nature-positive\/\" \/>\n<meta property=\"og:site_name\" content=\"Greenpeace Luxembourg\" \/>\n<meta property=\"article:publisher\" content=\"https:\/\/www.facebook.com\/greenpeaceluxembourg\" \/>\n<meta property=\"article:published_time\" content=\"2022-12-14T13:47:42+00:00\" \/>\n<meta property=\"article:modified_time\" content=\"2022-12-19T13:32:35+00:00\" \/>\n<meta property=\"og:image\" content=\"https:\/\/www.greenpeace.org\/static\/planet4-luxembourg-stateless\/2022\/12\/1262c290-image-8.png\" \/>\n\t<meta property=\"og:image:width\" content=\"1200\" \/>\n\t<meta property=\"og:image:height\" content=\"800\" \/>\n\t<meta property=\"og:image:type\" content=\"image\/png\" \/>\n<meta name=\"author\" content=\"Esther Wildanger\" \/>\n<meta name=\"twitter:card\" content=\"summary_large_image\" \/>\n<meta name=\"twitter:label1\" content=\"Written by\" \/>\n\t<meta name=\"twitter:data1\" content=\"Esther Wildanger\" \/>\n\t<meta name=\"twitter:label2\" content=\"Est. reading time\" \/>\n\t<meta name=\"twitter:data2\" content=\"5 minutes\" \/>\n<script type=\"application\/ld+json\" class=\"yoast-schema-graph\">{\"@context\":\"https:\/\/schema.org\",\"@graph\":[{\"@type\":\"Article\",\"@id\":\"https:\/\/www.greenpeace.org\/luxembourg\/fr\/actualites\/16402\/le-probleme-du-concept-de-nature-positive\/#article\",\"isPartOf\":{\"@id\":\"https:\/\/www.greenpeace.org\/luxembourg\/fr\/actualites\/16402\/le-probleme-du-concept-de-nature-positive\/\"},\"author\":{\"name\":\"Esther Wildanger\",\"@id\":\"https:\/\/www.greenpeace.org\/luxembourg\/fr\/#\/schema\/person\/3d0e81a859b59009fec36a8552ef76a7\"},\"headline\":\"Le probl\u00e8me du concept de \u00ab Nature Positive \u00bb\",\"datePublished\":\"2022-12-14T13:47:42+00:00\",\"dateModified\":\"2022-12-19T13:32:35+00:00\",\"mainEntityOfPage\":{\"@id\":\"https:\/\/www.greenpeace.org\/luxembourg\/fr\/actualites\/16402\/le-probleme-du-concept-de-nature-positive\/\"},\"wordCount\":1065,\"publisher\":{\"@id\":\"https:\/\/www.greenpeace.org\/luxembourg\/fr\/#organization\"},\"image\":{\"@id\":\"https:\/\/www.greenpeace.org\/luxembourg\/fr\/actualites\/16402\/le-probleme-du-concept-de-nature-positive\/#primaryimage\"},\"thumbnailUrl\":\"https:\/\/www.greenpeace.org\/static\/planet4-luxembourg-stateless\/2022\/12\/1262c290-image-8.png\",\"keywords\":[\"Biodiversit\u00e9\"],\"articleSection\":[\"Nature\"],\"inLanguage\":\"fr-LU\"},{\"@type\":\"WebPage\",\"@id\":\"https:\/\/www.greenpeace.org\/luxembourg\/fr\/actualites\/16402\/le-probleme-du-concept-de-nature-positive\/\",\"url\":\"https:\/\/www.greenpeace.org\/luxembourg\/fr\/actualites\/16402\/le-probleme-du-concept-de-nature-positive\/\",\"name\":\"Le probl\u00e8me du concept de \u00ab Nature Positive \u00bb - Greenpeace Luxembourg\",\"isPartOf\":{\"@id\":\"https:\/\/www.greenpeace.org\/luxembourg\/fr\/#website\"},\"primaryImageOfPage\":{\"@id\":\"https:\/\/www.greenpeace.org\/luxembourg\/fr\/actualites\/16402\/le-probleme-du-concept-de-nature-positive\/#primaryimage\"},\"image\":{\"@id\":\"https:\/\/www.greenpeace.org\/luxembourg\/fr\/actualites\/16402\/le-probleme-du-concept-de-nature-positive\/#primaryimage\"},\"thumbnailUrl\":\"https:\/\/www.greenpeace.org\/static\/planet4-luxembourg-stateless\/2022\/12\/1262c290-image-8.png\",\"datePublished\":\"2022-12-14T13:47:42+00:00\",\"dateModified\":\"2022-12-19T13:32:35+00:00\",\"breadcrumb\":{\"@id\":\"https:\/\/www.greenpeace.org\/luxembourg\/fr\/actualites\/16402\/le-probleme-du-concept-de-nature-positive\/#breadcrumb\"},\"inLanguage\":\"fr-LU\",\"potentialAction\":[{\"@type\":\"ReadAction\",\"target\":[\"https:\/\/www.greenpeace.org\/luxembourg\/fr\/actualites\/16402\/le-probleme-du-concept-de-nature-positive\/\"]}]},{\"@type\":\"ImageObject\",\"inLanguage\":\"fr-LU\",\"@id\":\"https:\/\/www.greenpeace.org\/luxembourg\/fr\/actualites\/16402\/le-probleme-du-concept-de-nature-positive\/#primaryimage\",\"url\":\"https:\/\/www.greenpeace.org\/static\/planet4-luxembourg-stateless\/2022\/12\/1262c290-image-8.png\",\"contentUrl\":\"https:\/\/www.greenpeace.org\/static\/planet4-luxembourg-stateless\/2022\/12\/1262c290-image-8.png\",\"width\":1200,\"height\":800},{\"@type\":\"BreadcrumbList\",\"@id\":\"https:\/\/www.greenpeace.org\/luxembourg\/fr\/actualites\/16402\/le-probleme-du-concept-de-nature-positive\/#breadcrumb\",\"itemListElement\":[{\"@type\":\"ListItem\",\"position\":1,\"name\":\"Home\",\"item\":\"https:\/\/www.greenpeace.org\/luxembourg\/fr\/\"},{\"@type\":\"ListItem\",\"position\":2,\"name\":\"Le probl\u00e8me du concept de \u00ab Nature Positive \u00bb\"}]},{\"@type\":\"WebSite\",\"@id\":\"https:\/\/www.greenpeace.org\/luxembourg\/fr\/#website\",\"url\":\"https:\/\/www.greenpeace.org\/luxembourg\/fr\/\",\"name\":\"Greenpeace Luxembourg\",\"description\":\"Greenpeace existe parce que cette Terre fragile a besoin d&#039;une voix. Elle a besoin de solutions. De changement. D&#039;actions.\",\"publisher\":{\"@id\":\"https:\/\/www.greenpeace.org\/luxembourg\/fr\/#organization\"},\"potentialAction\":[{\"@type\":\"SearchAction\",\"target\":{\"@type\":\"EntryPoint\",\"urlTemplate\":\"https:\/\/www.greenpeace.org\/luxembourg\/fr\/?s={search_term_string}\"},\"query-input\":{\"@type\":\"PropertyValueSpecification\",\"valueRequired\":true,\"valueName\":\"search_term_string\"}}],\"inLanguage\":\"fr-LU\"},{\"@type\":\"Organization\",\"@id\":\"https:\/\/www.greenpeace.org\/luxembourg\/fr\/#organization\",\"name\":\"Greenpeace Luxembourg\",\"url\":\"https:\/\/www.greenpeace.org\/luxembourg\/fr\/\",\"logo\":{\"@type\":\"ImageObject\",\"inLanguage\":\"fr-LU\",\"@id\":\"https:\/\/www.greenpeace.org\/luxembourg\/fr\/#\/schema\/logo\/image\/\",\"url\":\"https:\/\/www.greenpeace.org\/static\/planet4-luxembourg-stateless\/2026\/03\/3e367f94-greenpeace_logo_green_rgb.png\",\"contentUrl\":\"https:\/\/www.greenpeace.org\/static\/planet4-luxembourg-stateless\/2026\/03\/3e367f94-greenpeace_logo_green_rgb.png\",\"width\":1080,\"height\":175,\"caption\":\"Greenpeace Luxembourg\"},\"image\":{\"@id\":\"https:\/\/www.greenpeace.org\/luxembourg\/fr\/#\/schema\/logo\/image\/\"},\"sameAs\":[\"https:\/\/www.facebook.com\/greenpeaceluxembourg\",\"https:\/\/www.instagram.com\/greenpeacelux\/\",\"https:\/\/www.linkedin.com\/company\/greenpeace-luxembourg\/\",\"https:\/\/www.threads.com\/@greenpeacelux\",\"https:\/\/bsky.app\/profile\/greenpeacelux.bsky.social\",\"https:\/\/www.youtube.com\/@GreenpeaceLux\",\"https:\/\/www.tiktok.com\/@greenpeace_lux\"]},{\"@type\":\"Person\",\"@id\":\"https:\/\/www.greenpeace.org\/luxembourg\/fr\/#\/schema\/person\/3d0e81a859b59009fec36a8552ef76a7\",\"name\":\"Esther Wildanger\",\"url\":\"https:\/\/www.greenpeace.org\/luxembourg\/fr\/author\/ewildang\/\"}]}<\/script>\n<!-- \/ Yoast SEO Premium plugin. -->","yoast_head_json":{"title":"Le probl\u00e8me du concept de \u00ab Nature Positive \u00bb - Greenpeace Luxembourg","robots":{"index":"index","follow":"follow","max-snippet":"max-snippet:-1","max-image-preview":"max-image-preview:large","max-video-preview":"max-video-preview:-1"},"canonical":"https:\/\/www.greenpeace.org\/luxembourg\/fr\/actualites\/16402\/le-probleme-du-concept-de-nature-positive\/","og_locale":"fr_FR","og_type":"article","og_title":"Le probl\u00e8me du concept de \u00ab Nature Positive \u00bb","og_description":"Les amoureux de la biodiversit\u00e9 et toutes celles et ceux qui suivent la COP15 sur la biodiversit\u00e9 qui a d\u00e9but\u00e9 \u00e0 Montr\u00e9al ce mois-ci ont peut-\u00eatre remarqu\u00e9 le terme \u00ab Nature Positive \u00bb circuler ici et l\u00e0.","og_url":"https:\/\/www.greenpeace.org\/luxembourg\/fr\/actualites\/16402\/le-probleme-du-concept-de-nature-positive\/","og_site_name":"Greenpeace Luxembourg","article_publisher":"https:\/\/www.facebook.com\/greenpeaceluxembourg","article_published_time":"2022-12-14T13:47:42+00:00","article_modified_time":"2022-12-19T13:32:35+00:00","og_image":[{"width":1200,"height":800,"url":"https:\/\/www.greenpeace.org\/static\/planet4-luxembourg-stateless\/2022\/12\/1262c290-image-8.png","type":"image\/png"}],"author":"Esther Wildanger","twitter_card":"summary_large_image","twitter_misc":{"Written by":"Esther Wildanger","Est. reading time":"5 minutes"},"schema":{"@context":"https:\/\/schema.org","@graph":[{"@type":"Article","@id":"https:\/\/www.greenpeace.org\/luxembourg\/fr\/actualites\/16402\/le-probleme-du-concept-de-nature-positive\/#article","isPartOf":{"@id":"https:\/\/www.greenpeace.org\/luxembourg\/fr\/actualites\/16402\/le-probleme-du-concept-de-nature-positive\/"},"author":{"name":"Esther Wildanger","@id":"https:\/\/www.greenpeace.org\/luxembourg\/fr\/#\/schema\/person\/3d0e81a859b59009fec36a8552ef76a7"},"headline":"Le probl\u00e8me du concept de \u00ab Nature Positive \u00bb","datePublished":"2022-12-14T13:47:42+00:00","dateModified":"2022-12-19T13:32:35+00:00","mainEntityOfPage":{"@id":"https:\/\/www.greenpeace.org\/luxembourg\/fr\/actualites\/16402\/le-probleme-du-concept-de-nature-positive\/"},"wordCount":1065,"publisher":{"@id":"https:\/\/www.greenpeace.org\/luxembourg\/fr\/#organization"},"image":{"@id":"https:\/\/www.greenpeace.org\/luxembourg\/fr\/actualites\/16402\/le-probleme-du-concept-de-nature-positive\/#primaryimage"},"thumbnailUrl":"https:\/\/www.greenpeace.org\/static\/planet4-luxembourg-stateless\/2022\/12\/1262c290-image-8.png","keywords":["Biodiversit\u00e9"],"articleSection":["Nature"],"inLanguage":"fr-LU"},{"@type":"WebPage","@id":"https:\/\/www.greenpeace.org\/luxembourg\/fr\/actualites\/16402\/le-probleme-du-concept-de-nature-positive\/","url":"https:\/\/www.greenpeace.org\/luxembourg\/fr\/actualites\/16402\/le-probleme-du-concept-de-nature-positive\/","name":"Le probl\u00e8me du concept de \u00ab Nature Positive \u00bb - Greenpeace Luxembourg","isPartOf":{"@id":"https:\/\/www.greenpeace.org\/luxembourg\/fr\/#website"},"primaryImageOfPage":{"@id":"https:\/\/www.greenpeace.org\/luxembourg\/fr\/actualites\/16402\/le-probleme-du-concept-de-nature-positive\/#primaryimage"},"image":{"@id":"https:\/\/www.greenpeace.org\/luxembourg\/fr\/actualites\/16402\/le-probleme-du-concept-de-nature-positive\/#primaryimage"},"thumbnailUrl":"https:\/\/www.greenpeace.org\/static\/planet4-luxembourg-stateless\/2022\/12\/1262c290-image-8.png","datePublished":"2022-12-14T13:47:42+00:00","dateModified":"2022-12-19T13:32:35+00:00","breadcrumb":{"@id":"https:\/\/www.greenpeace.org\/luxembourg\/fr\/actualites\/16402\/le-probleme-du-concept-de-nature-positive\/#breadcrumb"},"inLanguage":"fr-LU","potentialAction":[{"@type":"ReadAction","target":["https:\/\/www.greenpeace.org\/luxembourg\/fr\/actualites\/16402\/le-probleme-du-concept-de-nature-positive\/"]}]},{"@type":"ImageObject","inLanguage":"fr-LU","@id":"https:\/\/www.greenpeace.org\/luxembourg\/fr\/actualites\/16402\/le-probleme-du-concept-de-nature-positive\/#primaryimage","url":"https:\/\/www.greenpeace.org\/static\/planet4-luxembourg-stateless\/2022\/12\/1262c290-image-8.png","contentUrl":"https:\/\/www.greenpeace.org\/static\/planet4-luxembourg-stateless\/2022\/12\/1262c290-image-8.png","width":1200,"height":800},{"@type":"BreadcrumbList","@id":"https:\/\/www.greenpeace.org\/luxembourg\/fr\/actualites\/16402\/le-probleme-du-concept-de-nature-positive\/#breadcrumb","itemListElement":[{"@type":"ListItem","position":1,"name":"Home","item":"https:\/\/www.greenpeace.org\/luxembourg\/fr\/"},{"@type":"ListItem","position":2,"name":"Le probl\u00e8me du concept de \u00ab Nature Positive \u00bb"}]},{"@type":"WebSite","@id":"https:\/\/www.greenpeace.org\/luxembourg\/fr\/#website","url":"https:\/\/www.greenpeace.org\/luxembourg\/fr\/","name":"Greenpeace Luxembourg","description":"Greenpeace existe parce que cette Terre fragile a besoin d&#039;une voix. Elle a besoin de solutions. De changement. D&#039;actions.","publisher":{"@id":"https:\/\/www.greenpeace.org\/luxembourg\/fr\/#organization"},"potentialAction":[{"@type":"SearchAction","target":{"@type":"EntryPoint","urlTemplate":"https:\/\/www.greenpeace.org\/luxembourg\/fr\/?s={search_term_string}"},"query-input":{"@type":"PropertyValueSpecification","valueRequired":true,"valueName":"search_term_string"}}],"inLanguage":"fr-LU"},{"@type":"Organization","@id":"https:\/\/www.greenpeace.org\/luxembourg\/fr\/#organization","name":"Greenpeace Luxembourg","url":"https:\/\/www.greenpeace.org\/luxembourg\/fr\/","logo":{"@type":"ImageObject","inLanguage":"fr-LU","@id":"https:\/\/www.greenpeace.org\/luxembourg\/fr\/#\/schema\/logo\/image\/","url":"https:\/\/www.greenpeace.org\/static\/planet4-luxembourg-stateless\/2026\/03\/3e367f94-greenpeace_logo_green_rgb.png","contentUrl":"https:\/\/www.greenpeace.org\/static\/planet4-luxembourg-stateless\/2026\/03\/3e367f94-greenpeace_logo_green_rgb.png","width":1080,"height":175,"caption":"Greenpeace Luxembourg"},"image":{"@id":"https:\/\/www.greenpeace.org\/luxembourg\/fr\/#\/schema\/logo\/image\/"},"sameAs":["https:\/\/www.facebook.com\/greenpeaceluxembourg","https:\/\/www.instagram.com\/greenpeacelux\/","https:\/\/www.linkedin.com\/company\/greenpeace-luxembourg\/","https:\/\/www.threads.com\/@greenpeacelux","https:\/\/bsky.app\/profile\/greenpeacelux.bsky.social","https:\/\/www.youtube.com\/@GreenpeaceLux","https:\/\/www.tiktok.com\/@greenpeace_lux"]},{"@type":"Person","@id":"https:\/\/www.greenpeace.org\/luxembourg\/fr\/#\/schema\/person\/3d0e81a859b59009fec36a8552ef76a7","name":"Esther Wildanger","url":"https:\/\/www.greenpeace.org\/luxembourg\/fr\/author\/ewildang\/"}]}},"_links":{"self":[{"href":"https:\/\/www.greenpeace.org\/luxembourg\/fr\/wp-json\/wp\/v2\/posts\/16402","targetHints":{"allow":["GET"]}}],"collection":[{"href":"https:\/\/www.greenpeace.org\/luxembourg\/fr\/wp-json\/wp\/v2\/posts"}],"about":[{"href":"https:\/\/www.greenpeace.org\/luxembourg\/fr\/wp-json\/wp\/v2\/types\/post"}],"author":[{"embeddable":true,"href":"https:\/\/www.greenpeace.org\/luxembourg\/fr\/wp-json\/wp\/v2\/users\/25"}],"replies":[{"embeddable":true,"href":"https:\/\/www.greenpeace.org\/luxembourg\/fr\/wp-json\/wp\/v2\/comments?post=16402"}],"version-history":[{"count":4,"href":"https:\/\/www.greenpeace.org\/luxembourg\/fr\/wp-json\/wp\/v2\/posts\/16402\/revisions"}],"predecessor-version":[{"id":16444,"href":"https:\/\/www.greenpeace.org\/luxembourg\/fr\/wp-json\/wp\/v2\/posts\/16402\/revisions\/16444"}],"wp:featuredmedia":[{"embeddable":true,"href":"https:\/\/www.greenpeace.org\/luxembourg\/fr\/wp-json\/wp\/v2\/media\/16403"}],"wp:attachment":[{"href":"https:\/\/www.greenpeace.org\/luxembourg\/fr\/wp-json\/wp\/v2\/media?parent=16402"}],"wp:term":[{"taxonomy":"category","embeddable":true,"href":"https:\/\/www.greenpeace.org\/luxembourg\/fr\/wp-json\/wp\/v2\/categories?post=16402"},{"taxonomy":"post_tag","embeddable":true,"href":"https:\/\/www.greenpeace.org\/luxembourg\/fr\/wp-json\/wp\/v2\/tags?post=16402"},{"taxonomy":"p4-page-type","embeddable":true,"href":"https:\/\/www.greenpeace.org\/luxembourg\/fr\/wp-json\/wp\/v2\/p4-page-type?post=16402"}],"curies":[{"name":"wp","href":"https:\/\/api.w.org\/{rel}","templated":true}]}}