{"id":1650,"date":"2018-01-26T00:00:00","date_gmt":"2018-01-26T00:00:00","guid":{"rendered":"https:\/\/www.greenpeace.org\/luxembourg\/actualites\/1650\/les-premieres-images-des-fonds-marins-de-locean-antarctique\/"},"modified":"2019-11-06T10:54:56","modified_gmt":"2019-11-06T08:54:56","slug":"les-premieres-images-des-fonds-marins-de-locean-antarctique","status":"publish","type":"post","link":"https:\/\/www.greenpeace.org\/luxembourg\/fr\/actualites\/1650\/les-premieres-images-des-fonds-marins-de-locean-antarctique\/","title":{"rendered":"Les premi\u00e8res images des fonds marins de l\u2019oc\u00e9an Antarctique"},"content":{"rendered":"<h2>Vous les attendiez\u2026 les voici !<\/h2>\n<\/p>\n<div class=\"leader\">\n\tAvec son bateau l\u2019Arctic Sunrise, Greenpeace conduit en ce moment une exp\u00e9dition dans l\u2019oc\u00e9an Antarctique, au p\u00f4le Sud. Son travail : mener des recherches scientifiques, sensibiliser l\u2019opinion publique sur la beaut\u00e9 de cet \u00e9cosyst\u00e8me et d\u00e9noncer les dangers qui le menacent. Son objectif : cr\u00e9er le plus grand sanctuaire marin du monde dans l\u2019oc\u00e9an Antarctique.\n<\/div>\n<div>\n<p><img loading=\"lazy\" decoding=\"async\" src=\"https:\/\/www.greenpeace.org\/static\/planet4-luxembourg-stateless\/2018\/10\/33a4a79e-33a4a79e-sous-marin-antarctic-2.jpg\" alt=\"50\/50 slit image of Dr. Susanne Lockhart and submarine pilot Kenneth Lowyck sitting in a submarine outside Joinville Island in the Antarctic Sound at the opening of the Weddell Sea. Greenpeace is conducting submarine-based scientific research to strengthen the proposal to create the largest protected area on the planet, an Antarctic Ocean Sanctuary.\" width=\"600\" height=\"450\"><\/p>\n<p><em>Susanne Lockhart et Kenneth Lowyck \u00e0 bord du sous-marin de Greenpeace.<\/em>\u00a0\u00a9\u00a0<em>Christian \u00c5slund<\/em><\/p>\n<p><span>C\u2019est la premi\u00e8re fois que des humains, \u00e0 bord d\u2019un petit sous-marin deux places, explorent cette zone du plancher oc\u00e9anique en Antarctique.<\/span><\/p>\n<p>Apr\u00e8s quelques soucis techniques et quelques tours de tournevis, l\u2019\u00e9quipage est parvenu \u00e0 mettre \u00e0 l\u2019eau les sous-marins et \u00e0 les plonger \u00e0 environ 260\u00a0m\u00e8tres de profondeur.<\/p>\n<p>\u00ab<em>\u00a0<span>C\u2019est comme entrer dans un nouvel univers<\/span><\/em>, confie Kenneth Lowyck, l\u2019un des deux pilotes des sous-marins.\u00a0<em>Nous avons pu observer et filmer pendant trois heures ce monde merveilleux. Les phares de notre engin ont attir\u00e9 vers nous de nombreuses cr\u00e9atures, aussi intrigantes qu\u2019intrigu\u00e9es<\/em>.\u00a0\u00bb<\/p>\n<p>\u00ab\u00a0<em>Nous n\u2019en sommes qu\u2019au d\u00e9but de notre travail de recherche scientifique, mais les premi\u00e8res images montrent d\u00e9j\u00e0 la pr\u00e9sence d\u2019un\u00a0<span>\u00e9cosyst\u00e8me marin vuln\u00e9rable<\/span>,\u00a0<\/em>confirme Susanne Lockhart, biologiste am\u00e9ricaine sp\u00e9cialiste de l\u2019Antarctique, qui \u00e9tait \u00e9galement \u00e0 bord du sous-marin.\u00a0<em>Nous allons poursuivre notre exploration pour aider \u00e0 d\u00e9terminer\u00a0<span>quelles zones pr\u00e9cises doivent \u00eatre prot\u00e9g\u00e9es en priorit\u00e9<\/span>. Nous voulons rassembler les preuves qui permettront de soutenir la protection de l\u2019oc\u00e9an Antarctique.\u00a0<\/em>\u00bb<\/p>\n<p><span>Le reste se passe de mots. Nous vous laissons d\u00e9couvrir les tr\u00e9sors que rec\u00e8lent les profondeurs de l\u2019Antarctique. L\u2019<em>Arctic Sunrise<\/em>\u00a0a repris la mer direction l\u2019\u00eele du Roi-George, o\u00f9 il effectuera sa prochaine escale\u2026 A suivre\u2026<\/span><\/p>\n<p>Demandez \u00e0 la\u00a0<span>Commission de protection de l\u2019oc\u00e9an Antarctique<\/span> la cr\u00e9ation d\u2019un sanctuaire marin dans l\u2019oc\u00e9an Antarctique.<\/p>\n<p style=\"text-align: center;\"><a href=\"http:\/\/protegeons-locean-antarctique.greenpeace.lu\/\"><img loading=\"lazy\" decoding=\"async\" src=\"https:\/\/www.greenpeace.org\/static\/planet4-luxembourg-stateless\/2018\/10\/006831ce-bouton_signer_petition_antarctique.png\" alt=\"\" width=\"300\" height=\"95\"><\/a><\/p>\n<p>\u00a0<\/p>\n<p><img loading=\"lazy\" decoding=\"async\" src=\"https:\/\/www.greenpeace.org\/static\/planet4-luxembourg-stateless\/2018\/10\/c7930671-c7930671-fond-antarctique-1.jpg\" alt=\"Sun Star (Labidiaster) on sea floor, Hope Bay, Trinity Peninsula, Antarctica.\" width=\"600\" height=\"450\"><\/p>\n<p><em>Crino\u00efde.\u00a0\u00a9 Greenpeace<\/em><\/p>\n<p><img loading=\"lazy\" decoding=\"async\" src=\"https:\/\/www.greenpeace.org\/static\/planet4-luxembourg-stateless\/2018\/10\/5e6c43ae-5e6c43ae-fond-antarctique-2.jpg\" alt=\"Snake Star on sea floor, Hope Bay, Trinity Peninsula, Antarctica.\" width=\"600\" height=\"450\"><\/p>\n<p><em>Fonds sous-marins du plancher Antarctique\u00a0\u00a9 Greenpeace<\/em><\/p>\n<p><img loading=\"lazy\" decoding=\"async\" src=\"https:\/\/www.greenpeace.org\/static\/planet4-luxembourg-stateless\/2018\/10\/821fa840-821fa840-fond-antarctique-3.jpg\" alt=\"\" width=\"600\" height=\"450\"><\/p>\n<p><em>Poisson des glaces (Channichthyidea)\u00a0\u00a9 Greenpeace<\/em><\/p>\n<p><img loading=\"lazy\" decoding=\"async\" src=\"https:\/\/www.greenpeace.org\/static\/planet4-luxembourg-stateless\/2018\/10\/6c72d04f-6c72d04f-fond-antarctique-4.jpg\" alt=\"\" width=\"600\" height=\"450\"><\/p>\n<p><em>Fonds sous-marins du plancher Antarctique\u00a0\u00a9 Greenpeace<\/em><\/p>\n<p><img loading=\"lazy\" decoding=\"async\" src=\"https:\/\/www.greenpeace.org\/static\/planet4-luxembourg-stateless\/2018\/10\/mer-antarctique-meduse-.jpg\" alt=\"Jellyfish, Hope Bay, Trinity Peninsula, Antarctica.\" width=\"600\" height=\"450\"><\/p>\n<p><em>Fonds sous-marins du plancher Antarctique\u00a0\u00a9 Greenpeace<\/em><\/p>\n<p>\u00a0<\/p>\n<p><a href=\"https:\/\/www.greenpeace.fr\/ocean-antarctique-journal-de-bord\/\">Article<\/a> Source: Greenpeace France<\/p>\n<\/div>\n","protected":false},"excerpt":{"rendered":"<div>\n\tAvec son bateau l\u2019Arctic Sunrise, Greenpeace conduit en ce moment une exp\u00e9dition dans l\u2019oc\u00e9an Antarctique, au p\u00f4le Sud. Son travail : mener des recherches scientifiques, sensibiliser l\u2019opinion publique sur la beaut\u00e9 de cet \u00e9cosyst\u00e8me et d\u00e9noncer les dangers qui le menacent. Son objectif : cr\u00e9er le plus grand sanctuaire marin du monde dans l\u2019oc\u00e9an Antarctique.\n<\/div>\n","protected":false},"author":20,"featured_media":1651,"comment_status":"closed","ping_status":"closed","sticky":false,"template":"","format":"standard","meta":{"ep_exclude_from_search":false,"p4_og_title":"","p4_og_description":"","p4_og_image":"","p4_og_image_id":"","p4_seo_canonical_url":"","p4_campaign_name":"","p4_local_project":"","p4_basket_name":"","p4_department":"","footnotes":""},"categories":[43],"tags":[29],"p4-page-type":[85],"class_list":["post-1650","post","type-post","status-publish","format-standard","has-post-thumbnail","hentry","category-nature","tag-oceans","p4-page-type-actualites"],"yoast_head":"<!-- This site is optimized with the Yoast SEO Premium plugin v23.9 (Yoast SEO v23.9) - https:\/\/yoast.com\/wordpress\/plugins\/seo\/ -->\n<title>Les premi\u00e8res images des fonds marins de l\u2019oc\u00e9an Antarctique - Greenpeace Luxembourg<\/title>\n<meta name=\"robots\" content=\"index, follow, max-snippet:-1, max-image-preview:large, max-video-preview:-1\" \/>\n<link rel=\"canonical\" href=\"https:\/\/www.greenpeace.org\/luxembourg\/fr\/actualites\/1650\/les-premieres-images-des-fonds-marins-de-locean-antarctique\/\" \/>\n<meta property=\"og:locale\" content=\"fr_FR\" \/>\n<meta property=\"og:type\" content=\"article\" \/>\n<meta property=\"og:title\" content=\"Les premi\u00e8res images des fonds marins de l\u2019oc\u00e9an Antarctique\" \/>\n<meta property=\"og:description\" content=\"Avec son bateau l\u2019Arctic Sunrise, Greenpeace conduit en ce moment une exp\u00e9dition dans l\u2019oc\u00e9an Antarctique, au p\u00f4le Sud. Son travail : mener des recherches scientifiques, sensibiliser l\u2019opinion publique sur la beaut\u00e9 de cet \u00e9cosyst\u00e8me et d\u00e9noncer les dangers qui le menacent. Son objectif : cr\u00e9er le plus grand sanctuaire marin du monde dans l\u2019oc\u00e9an Antarctique.\" \/>\n<meta property=\"og:url\" content=\"https:\/\/www.greenpeace.org\/luxembourg\/fr\/actualites\/1650\/les-premieres-images-des-fonds-marins-de-locean-antarctique\/\" \/>\n<meta property=\"og:site_name\" content=\"Greenpeace Luxembourg\" \/>\n<meta property=\"article:publisher\" content=\"https:\/\/www.facebook.com\/greenpeaceluxembourg\" \/>\n<meta property=\"article:published_time\" content=\"2018-01-26T00:00:00+00:00\" \/>\n<meta property=\"article:modified_time\" content=\"2019-11-06T08:54:56+00:00\" \/>\n<meta property=\"og:image\" content=\"https:\/\/www.greenpeace.org\/static\/planet4-luxembourg-stateless\/2018\/10\/33a4a79e-33a4a79e-sous-marin-antarctic-2.jpg\" \/>\n\t<meta property=\"og:image:width\" content=\"800\" \/>\n\t<meta property=\"og:image:height\" content=\"534\" \/>\n\t<meta property=\"og:image:type\" content=\"image\/jpeg\" \/>\n<meta name=\"author\" content=\"Greenpeace Luxembourg\" \/>\n<meta name=\"twitter:card\" content=\"summary_large_image\" \/>\n<meta name=\"twitter:label1\" content=\"Written by\" \/>\n\t<meta name=\"twitter:data1\" content=\"Greenpeace Luxembourg\" \/>\n\t<meta name=\"twitter:label2\" content=\"Est. reading time\" \/>\n\t<meta name=\"twitter:data2\" content=\"2 minutes\" \/>\n<script type=\"application\/ld+json\" class=\"yoast-schema-graph\">{\"@context\":\"https:\/\/schema.org\",\"@graph\":[{\"@type\":\"Article\",\"@id\":\"https:\/\/www.greenpeace.org\/luxembourg\/fr\/actualites\/1650\/les-premieres-images-des-fonds-marins-de-locean-antarctique\/#article\",\"isPartOf\":{\"@id\":\"https:\/\/www.greenpeace.org\/luxembourg\/fr\/actualites\/1650\/les-premieres-images-des-fonds-marins-de-locean-antarctique\/\"},\"author\":{\"name\":\"Greenpeace Luxembourg\",\"@id\":\"https:\/\/www.greenpeace.org\/luxembourg\/fr\/#\/schema\/person\/12b34015aca6e55fec2e511d2f19102d\"},\"headline\":\"Les premi\u00e8res images des fonds marins de l\u2019oc\u00e9an Antarctique\",\"datePublished\":\"2018-01-26T00:00:00+00:00\",\"dateModified\":\"2019-11-06T08:54:56+00:00\",\"mainEntityOfPage\":{\"@id\":\"https:\/\/www.greenpeace.org\/luxembourg\/fr\/actualites\/1650\/les-premieres-images-des-fonds-marins-de-locean-antarctique\/\"},\"wordCount\":372,\"publisher\":{\"@id\":\"https:\/\/www.greenpeace.org\/luxembourg\/fr\/#organization\"},\"image\":{\"@id\":\"https:\/\/www.greenpeace.org\/luxembourg\/fr\/actualites\/1650\/les-premieres-images-des-fonds-marins-de-locean-antarctique\/#primaryimage\"},\"thumbnailUrl\":\"https:\/\/www.greenpeace.org\/static\/planet4-luxembourg-stateless\/2018\/10\/33a4a79e-33a4a79e-sous-marin-antarctic-2.jpg\",\"keywords\":[\"Oc\u00e9ans\"],\"articleSection\":[\"Nature\"],\"inLanguage\":\"fr-LU\"},{\"@type\":\"WebPage\",\"@id\":\"https:\/\/www.greenpeace.org\/luxembourg\/fr\/actualites\/1650\/les-premieres-images-des-fonds-marins-de-locean-antarctique\/\",\"url\":\"https:\/\/www.greenpeace.org\/luxembourg\/fr\/actualites\/1650\/les-premieres-images-des-fonds-marins-de-locean-antarctique\/\",\"name\":\"Les premi\u00e8res images des fonds marins de l\u2019oc\u00e9an Antarctique - Greenpeace Luxembourg\",\"isPartOf\":{\"@id\":\"https:\/\/www.greenpeace.org\/luxembourg\/fr\/#website\"},\"primaryImageOfPage\":{\"@id\":\"https:\/\/www.greenpeace.org\/luxembourg\/fr\/actualites\/1650\/les-premieres-images-des-fonds-marins-de-locean-antarctique\/#primaryimage\"},\"image\":{\"@id\":\"https:\/\/www.greenpeace.org\/luxembourg\/fr\/actualites\/1650\/les-premieres-images-des-fonds-marins-de-locean-antarctique\/#primaryimage\"},\"thumbnailUrl\":\"https:\/\/www.greenpeace.org\/static\/planet4-luxembourg-stateless\/2018\/10\/33a4a79e-33a4a79e-sous-marin-antarctic-2.jpg\",\"datePublished\":\"2018-01-26T00:00:00+00:00\",\"dateModified\":\"2019-11-06T08:54:56+00:00\",\"breadcrumb\":{\"@id\":\"https:\/\/www.greenpeace.org\/luxembourg\/fr\/actualites\/1650\/les-premieres-images-des-fonds-marins-de-locean-antarctique\/#breadcrumb\"},\"inLanguage\":\"fr-LU\",\"potentialAction\":[{\"@type\":\"ReadAction\",\"target\":[\"https:\/\/www.greenpeace.org\/luxembourg\/fr\/actualites\/1650\/les-premieres-images-des-fonds-marins-de-locean-antarctique\/\"]}]},{\"@type\":\"ImageObject\",\"inLanguage\":\"fr-LU\",\"@id\":\"https:\/\/www.greenpeace.org\/luxembourg\/fr\/actualites\/1650\/les-premieres-images-des-fonds-marins-de-locean-antarctique\/#primaryimage\",\"url\":\"https:\/\/www.greenpeace.org\/static\/planet4-luxembourg-stateless\/2018\/10\/33a4a79e-33a4a79e-sous-marin-antarctic-2.jpg\",\"contentUrl\":\"https:\/\/www.greenpeace.org\/static\/planet4-luxembourg-stateless\/2018\/10\/33a4a79e-33a4a79e-sous-marin-antarctic-2.jpg\",\"width\":800,\"height\":534},{\"@type\":\"BreadcrumbList\",\"@id\":\"https:\/\/www.greenpeace.org\/luxembourg\/fr\/actualites\/1650\/les-premieres-images-des-fonds-marins-de-locean-antarctique\/#breadcrumb\",\"itemListElement\":[{\"@type\":\"ListItem\",\"position\":1,\"name\":\"Home\",\"item\":\"https:\/\/www.greenpeace.org\/luxembourg\/fr\/\"},{\"@type\":\"ListItem\",\"position\":2,\"name\":\"Les premi\u00e8res images des fonds marins de l\u2019oc\u00e9an Antarctique\"}]},{\"@type\":\"WebSite\",\"@id\":\"https:\/\/www.greenpeace.org\/luxembourg\/fr\/#website\",\"url\":\"https:\/\/www.greenpeace.org\/luxembourg\/fr\/\",\"name\":\"Greenpeace Luxembourg\",\"description\":\"Greenpeace existe parce que cette Terre fragile a besoin d&#039;une voix. Elle a besoin de solutions. De changement. D&#039;actions.\",\"publisher\":{\"@id\":\"https:\/\/www.greenpeace.org\/luxembourg\/fr\/#organization\"},\"potentialAction\":[{\"@type\":\"SearchAction\",\"target\":{\"@type\":\"EntryPoint\",\"urlTemplate\":\"https:\/\/www.greenpeace.org\/luxembourg\/fr\/?s={search_term_string}\"},\"query-input\":{\"@type\":\"PropertyValueSpecification\",\"valueRequired\":true,\"valueName\":\"search_term_string\"}}],\"inLanguage\":\"fr-LU\"},{\"@type\":\"Organization\",\"@id\":\"https:\/\/www.greenpeace.org\/luxembourg\/fr\/#organization\",\"name\":\"Greenpeace Luxembourg\",\"url\":\"https:\/\/www.greenpeace.org\/luxembourg\/fr\/\",\"logo\":{\"@type\":\"ImageObject\",\"inLanguage\":\"fr-LU\",\"@id\":\"https:\/\/www.greenpeace.org\/luxembourg\/fr\/#\/schema\/logo\/image\/\",\"url\":\"https:\/\/www.greenpeace.org\/static\/planet4-luxembourg-stateless\/2026\/03\/3e367f94-greenpeace_logo_green_rgb.png\",\"contentUrl\":\"https:\/\/www.greenpeace.org\/static\/planet4-luxembourg-stateless\/2026\/03\/3e367f94-greenpeace_logo_green_rgb.png\",\"width\":1080,\"height\":175,\"caption\":\"Greenpeace Luxembourg\"},\"image\":{\"@id\":\"https:\/\/www.greenpeace.org\/luxembourg\/fr\/#\/schema\/logo\/image\/\"},\"sameAs\":[\"https:\/\/www.facebook.com\/greenpeaceluxembourg\",\"https:\/\/www.instagram.com\/greenpeacelux\/\",\"https:\/\/www.linkedin.com\/company\/greenpeace-luxembourg\/\",\"https:\/\/www.threads.com\/@greenpeacelux\",\"https:\/\/bsky.app\/profile\/greenpeacelux.bsky.social\",\"https:\/\/www.youtube.com\/@GreenpeaceLux\",\"https:\/\/www.tiktok.com\/@greenpeace_lux\"]},{\"@type\":\"Person\",\"@id\":\"https:\/\/www.greenpeace.org\/luxembourg\/fr\/#\/schema\/person\/12b34015aca6e55fec2e511d2f19102d\",\"name\":\"Greenpeace Luxembourg\",\"url\":\"https:\/\/www.greenpeace.org\/luxembourg\/fr\/author\/gp_luxembourg\/\"}]}<\/script>\n<!-- \/ Yoast SEO Premium plugin. -->","yoast_head_json":{"title":"Les premi\u00e8res images des fonds marins de l\u2019oc\u00e9an Antarctique - Greenpeace Luxembourg","robots":{"index":"index","follow":"follow","max-snippet":"max-snippet:-1","max-image-preview":"max-image-preview:large","max-video-preview":"max-video-preview:-1"},"canonical":"https:\/\/www.greenpeace.org\/luxembourg\/fr\/actualites\/1650\/les-premieres-images-des-fonds-marins-de-locean-antarctique\/","og_locale":"fr_FR","og_type":"article","og_title":"Les premi\u00e8res images des fonds marins de l\u2019oc\u00e9an Antarctique","og_description":"Avec son bateau l\u2019Arctic Sunrise, Greenpeace conduit en ce moment une exp\u00e9dition dans l\u2019oc\u00e9an Antarctique, au p\u00f4le Sud. Son travail : mener des recherches scientifiques, sensibiliser l\u2019opinion publique sur la beaut\u00e9 de cet \u00e9cosyst\u00e8me et d\u00e9noncer les dangers qui le menacent. Son objectif : cr\u00e9er le plus grand sanctuaire marin du monde dans l\u2019oc\u00e9an Antarctique.","og_url":"https:\/\/www.greenpeace.org\/luxembourg\/fr\/actualites\/1650\/les-premieres-images-des-fonds-marins-de-locean-antarctique\/","og_site_name":"Greenpeace Luxembourg","article_publisher":"https:\/\/www.facebook.com\/greenpeaceluxembourg","article_published_time":"2018-01-26T00:00:00+00:00","article_modified_time":"2019-11-06T08:54:56+00:00","og_image":[{"width":800,"height":534,"url":"https:\/\/www.greenpeace.org\/static\/planet4-luxembourg-stateless\/2018\/10\/33a4a79e-33a4a79e-sous-marin-antarctic-2.jpg","type":"image\/jpeg"}],"author":"Greenpeace Luxembourg","twitter_card":"summary_large_image","twitter_misc":{"Written by":"Greenpeace Luxembourg","Est. reading time":"2 minutes"},"schema":{"@context":"https:\/\/schema.org","@graph":[{"@type":"Article","@id":"https:\/\/www.greenpeace.org\/luxembourg\/fr\/actualites\/1650\/les-premieres-images-des-fonds-marins-de-locean-antarctique\/#article","isPartOf":{"@id":"https:\/\/www.greenpeace.org\/luxembourg\/fr\/actualites\/1650\/les-premieres-images-des-fonds-marins-de-locean-antarctique\/"},"author":{"name":"Greenpeace Luxembourg","@id":"https:\/\/www.greenpeace.org\/luxembourg\/fr\/#\/schema\/person\/12b34015aca6e55fec2e511d2f19102d"},"headline":"Les premi\u00e8res images des fonds marins de l\u2019oc\u00e9an Antarctique","datePublished":"2018-01-26T00:00:00+00:00","dateModified":"2019-11-06T08:54:56+00:00","mainEntityOfPage":{"@id":"https:\/\/www.greenpeace.org\/luxembourg\/fr\/actualites\/1650\/les-premieres-images-des-fonds-marins-de-locean-antarctique\/"},"wordCount":372,"publisher":{"@id":"https:\/\/www.greenpeace.org\/luxembourg\/fr\/#organization"},"image":{"@id":"https:\/\/www.greenpeace.org\/luxembourg\/fr\/actualites\/1650\/les-premieres-images-des-fonds-marins-de-locean-antarctique\/#primaryimage"},"thumbnailUrl":"https:\/\/www.greenpeace.org\/static\/planet4-luxembourg-stateless\/2018\/10\/33a4a79e-33a4a79e-sous-marin-antarctic-2.jpg","keywords":["Oc\u00e9ans"],"articleSection":["Nature"],"inLanguage":"fr-LU"},{"@type":"WebPage","@id":"https:\/\/www.greenpeace.org\/luxembourg\/fr\/actualites\/1650\/les-premieres-images-des-fonds-marins-de-locean-antarctique\/","url":"https:\/\/www.greenpeace.org\/luxembourg\/fr\/actualites\/1650\/les-premieres-images-des-fonds-marins-de-locean-antarctique\/","name":"Les premi\u00e8res images des fonds marins de l\u2019oc\u00e9an Antarctique - Greenpeace Luxembourg","isPartOf":{"@id":"https:\/\/www.greenpeace.org\/luxembourg\/fr\/#website"},"primaryImageOfPage":{"@id":"https:\/\/www.greenpeace.org\/luxembourg\/fr\/actualites\/1650\/les-premieres-images-des-fonds-marins-de-locean-antarctique\/#primaryimage"},"image":{"@id":"https:\/\/www.greenpeace.org\/luxembourg\/fr\/actualites\/1650\/les-premieres-images-des-fonds-marins-de-locean-antarctique\/#primaryimage"},"thumbnailUrl":"https:\/\/www.greenpeace.org\/static\/planet4-luxembourg-stateless\/2018\/10\/33a4a79e-33a4a79e-sous-marin-antarctic-2.jpg","datePublished":"2018-01-26T00:00:00+00:00","dateModified":"2019-11-06T08:54:56+00:00","breadcrumb":{"@id":"https:\/\/www.greenpeace.org\/luxembourg\/fr\/actualites\/1650\/les-premieres-images-des-fonds-marins-de-locean-antarctique\/#breadcrumb"},"inLanguage":"fr-LU","potentialAction":[{"@type":"ReadAction","target":["https:\/\/www.greenpeace.org\/luxembourg\/fr\/actualites\/1650\/les-premieres-images-des-fonds-marins-de-locean-antarctique\/"]}]},{"@type":"ImageObject","inLanguage":"fr-LU","@id":"https:\/\/www.greenpeace.org\/luxembourg\/fr\/actualites\/1650\/les-premieres-images-des-fonds-marins-de-locean-antarctique\/#primaryimage","url":"https:\/\/www.greenpeace.org\/static\/planet4-luxembourg-stateless\/2018\/10\/33a4a79e-33a4a79e-sous-marin-antarctic-2.jpg","contentUrl":"https:\/\/www.greenpeace.org\/static\/planet4-luxembourg-stateless\/2018\/10\/33a4a79e-33a4a79e-sous-marin-antarctic-2.jpg","width":800,"height":534},{"@type":"BreadcrumbList","@id":"https:\/\/www.greenpeace.org\/luxembourg\/fr\/actualites\/1650\/les-premieres-images-des-fonds-marins-de-locean-antarctique\/#breadcrumb","itemListElement":[{"@type":"ListItem","position":1,"name":"Home","item":"https:\/\/www.greenpeace.org\/luxembourg\/fr\/"},{"@type":"ListItem","position":2,"name":"Les premi\u00e8res images des fonds marins de l\u2019oc\u00e9an Antarctique"}]},{"@type":"WebSite","@id":"https:\/\/www.greenpeace.org\/luxembourg\/fr\/#website","url":"https:\/\/www.greenpeace.org\/luxembourg\/fr\/","name":"Greenpeace Luxembourg","description":"Greenpeace existe parce que cette Terre fragile a besoin d&#039;une voix. Elle a besoin de solutions. De changement. D&#039;actions.","publisher":{"@id":"https:\/\/www.greenpeace.org\/luxembourg\/fr\/#organization"},"potentialAction":[{"@type":"SearchAction","target":{"@type":"EntryPoint","urlTemplate":"https:\/\/www.greenpeace.org\/luxembourg\/fr\/?s={search_term_string}"},"query-input":{"@type":"PropertyValueSpecification","valueRequired":true,"valueName":"search_term_string"}}],"inLanguage":"fr-LU"},{"@type":"Organization","@id":"https:\/\/www.greenpeace.org\/luxembourg\/fr\/#organization","name":"Greenpeace Luxembourg","url":"https:\/\/www.greenpeace.org\/luxembourg\/fr\/","logo":{"@type":"ImageObject","inLanguage":"fr-LU","@id":"https:\/\/www.greenpeace.org\/luxembourg\/fr\/#\/schema\/logo\/image\/","url":"https:\/\/www.greenpeace.org\/static\/planet4-luxembourg-stateless\/2026\/03\/3e367f94-greenpeace_logo_green_rgb.png","contentUrl":"https:\/\/www.greenpeace.org\/static\/planet4-luxembourg-stateless\/2026\/03\/3e367f94-greenpeace_logo_green_rgb.png","width":1080,"height":175,"caption":"Greenpeace Luxembourg"},"image":{"@id":"https:\/\/www.greenpeace.org\/luxembourg\/fr\/#\/schema\/logo\/image\/"},"sameAs":["https:\/\/www.facebook.com\/greenpeaceluxembourg","https:\/\/www.instagram.com\/greenpeacelux\/","https:\/\/www.linkedin.com\/company\/greenpeace-luxembourg\/","https:\/\/www.threads.com\/@greenpeacelux","https:\/\/bsky.app\/profile\/greenpeacelux.bsky.social","https:\/\/www.youtube.com\/@GreenpeaceLux","https:\/\/www.tiktok.com\/@greenpeace_lux"]},{"@type":"Person","@id":"https:\/\/www.greenpeace.org\/luxembourg\/fr\/#\/schema\/person\/12b34015aca6e55fec2e511d2f19102d","name":"Greenpeace Luxembourg","url":"https:\/\/www.greenpeace.org\/luxembourg\/fr\/author\/gp_luxembourg\/"}]}},"_links":{"self":[{"href":"https:\/\/www.greenpeace.org\/luxembourg\/fr\/wp-json\/wp\/v2\/posts\/1650","targetHints":{"allow":["GET"]}}],"collection":[{"href":"https:\/\/www.greenpeace.org\/luxembourg\/fr\/wp-json\/wp\/v2\/posts"}],"about":[{"href":"https:\/\/www.greenpeace.org\/luxembourg\/fr\/wp-json\/wp\/v2\/types\/post"}],"author":[{"embeddable":true,"href":"https:\/\/www.greenpeace.org\/luxembourg\/fr\/wp-json\/wp\/v2\/users\/20"}],"replies":[{"embeddable":true,"href":"https:\/\/www.greenpeace.org\/luxembourg\/fr\/wp-json\/wp\/v2\/comments?post=1650"}],"version-history":[{"count":1,"href":"https:\/\/www.greenpeace.org\/luxembourg\/fr\/wp-json\/wp\/v2\/posts\/1650\/revisions"}],"predecessor-version":[{"id":1662,"href":"https:\/\/www.greenpeace.org\/luxembourg\/fr\/wp-json\/wp\/v2\/posts\/1650\/revisions\/1662"}],"wp:featuredmedia":[{"embeddable":true,"href":"https:\/\/www.greenpeace.org\/luxembourg\/fr\/wp-json\/wp\/v2\/media\/1651"}],"wp:attachment":[{"href":"https:\/\/www.greenpeace.org\/luxembourg\/fr\/wp-json\/wp\/v2\/media?parent=1650"}],"wp:term":[{"taxonomy":"category","embeddable":true,"href":"https:\/\/www.greenpeace.org\/luxembourg\/fr\/wp-json\/wp\/v2\/categories?post=1650"},{"taxonomy":"post_tag","embeddable":true,"href":"https:\/\/www.greenpeace.org\/luxembourg\/fr\/wp-json\/wp\/v2\/tags?post=1650"},{"taxonomy":"p4-page-type","embeddable":true,"href":"https:\/\/www.greenpeace.org\/luxembourg\/fr\/wp-json\/wp\/v2\/p4-page-type?post=1650"}],"curies":[{"name":"wp","href":"https:\/\/api.w.org\/{rel}","templated":true}]}}