{"id":1679,"date":"2018-07-10T00:00:00","date_gmt":"2018-07-10T00:00:00","guid":{"rendered":"https:\/\/www.greenpeace.org\/luxembourg\/actualites\/1679\/des-industriels-de-la-peche-au-krill-appellent-a-la-creation-dun-sanctuaire-marin-en-antarctique\/"},"modified":"2021-12-01T17:34:32","modified_gmt":"2021-12-01T15:34:32","slug":"des-industriels-de-la-peche-au-krill-appellent-a-la-creation-dun-sanctuaire-marin-en-antarctique","status":"publish","type":"post","link":"https:\/\/www.greenpeace.org\/luxembourg\/fr\/communiques-de-presse\/1679\/des-industriels-de-la-peche-au-krill-appellent-a-la-creation-dun-sanctuaire-marin-en-antarctique\/","title":{"rendered":"Des industriels de la p\u00eache au krill appellent \u00e0 la cr\u00e9ation d&#8217;un sanctuaire marin en Antarctique"},"content":{"rendered":"<p><strong>Luxembourg, le 10 Juillet 2018 \u2013 \u200b La campagne internationale de Greenpeace pour prot\u00e9ger l\u2019oc\u00e9an Antarctique a re\u00e7u le soutien sans pr\u00e9c\u00e9dent d\u2019industriels p\u00eachant le krill dans les eaux de l\u2019Antarctique. Cette annonce a \u00e9t\u00e9 rendue publique lors d\u2019un \u00e9v\u00e9nement organis\u00e9 par Greenpeace \u00e0 Cambridge, en Grande-Bretagne, le 8 juillet 2018 en pr\u00e9sence de scientifiques et de l\u2019acteur espagnol Javier Bardem qui a particip\u00e9 \u00e0 une exp\u00e9dition de Greenpeace en Antarctique en janvier dernier.<\/strong><\/p>\n<p><img loading=\"lazy\" decoding=\"async\" class=\"aligncenter\" src=\"https:\/\/www.greenpeace.org\/static\/planet4-luxembourg-stateless\/2018\/10\/7f9b2f1d-7f9b2f1d-antarctic_danielbeltra.jpg\" alt=\"Aerial view taken off James Ross Island in the Weddell Sea, in the Antarctic (see GPS).Greenpeace is conducting scientific research and documenting the Antarctic\u2019s unique wildlife, to strengthen the proposal to create the largest protected area on the planet, an Antarctic Ocean Sanctuary.\" width=\"600\" height=\"400\" \/><\/p>\n<p>Cette annonce majeure a \u00e9t\u00e9 faite par un groupe d\u2019industriels repr\u00e9sentant 85% de la flotte de p\u00eache au krill en Antarctique et qui sont tous membres de l\u2019ARK (Association of Responsible Krills). Elle implique l\u2019arr\u00eat volontaire de la p\u00eache au krill \u00e0 l\u2019int\u00e9rieur de larges zones situ\u00e9es autour de la p\u00e9ninsule Antarctique et qui incluent notamment des \u201czones tampons\u201d autour des colonies reproductives des manchots.<\/p>\n<p>Les industriels se sont aussi engag\u00e9s \u00e0 soutenir le processus politique et scientifique visant \u00e0 cr\u00e9er un r\u00e9seau de vastes aires marines prot\u00e9g\u00e9es en Antarctique et qui couvriraient des zones o\u00f9 leurs flottes p\u00eachent actuellement.<br \/>\nD\u00e8s 2020, ces entreprises vont respecter une interdiction d\u2019acc\u00e8s d\u00e9finitive \u00e0 des zones identifi\u00e9es comme \u00e9tant \u00e9cologiquement sensibles et dont la protection est recommand\u00e9e, tout en continuant \u00e0 soutenir le processus pour cr\u00e9er une vaste zone prot\u00e9g\u00e9e dans la r\u00e9gion.<\/p>\n<h2>L\u2019\u00e9lan pour la protection de l\u2019oc\u00e9an Antarctique grandit<\/h2>\n<p>Pour Frida Bengtsson de la campagne Antarctique de Greenpeace, \u00ab <em>L\u2019\u00e9lan pour la protection des eaux antarctiques grandit. Un mouvement mondial de plus d\u20191,7 million de citoyens s\u2019est cr\u00e9\u00e9 et il a \u00e9t\u00e9 rejoint par des scientifiques, des gouvernements, des personnalit\u00e9s artistiques et d\u00e9sormais m\u00eame des industriels de la p\u00eache en Antarctique. C\u2019est une avanc\u00e9e audacieuse et progressiste de la part de ces professionnels de la p\u00eache et l\u2019on esp\u00e8re que le reste de l\u2019industrie de la p\u00eache au krill va suivre. <\/em>\u00bb<\/p>\n<p>\u00ab <em>Au mois d\u2019octobre prochain, lorsque la proposition de cr\u00e9er un vaste sanctuaire marin en mer de Weddell en Antarctique sera sur la table, les responsables politiques devront tenir compte de cette mobilisation mondiale<\/em> \u00bb conclut Frida Bengtsson de Greenpeace.<\/p>\n<p>Kristine Hartmann, vice-pr\u00e9sidente ex\u00e9cutive de l\u2019entreprise Aker BioMarine, la plus grande soci\u00e9t\u00e9 de p\u00eache au krill dans le monde, d\u00e9clare: \u00ab <em>Prot\u00e9ger l\u2019\u00e9cosyst\u00e8me antarctique dans lequel nous p\u00eachons fait partie de notre identit\u00e9. Notre dialogue continu avec les membres de l\u2019ARK, avec les scientifiques et avec la communaut\u00e9 des ONG environnementales dont Greenpeace, est ce qui rend possible des efforts suppl\u00e9mentaires comme celui-ci. Nous sommes persuad\u00e9s que l\u2019engagement de l\u2019ARK va aider \u00e0 garantir que le krill demeure une ressource stable et durable d\u2019om\u00e9gas 3 pour le futur<\/em> \u00bb.<\/p>\n<p>Kristine Hartmann poursuit: \u00ab <em>Gr\u00e2ce \u00e0 cet engagement, nous montrons qu\u2019il est possible que des zones sans p\u00eache et des p\u00eacheries durables cohabitent. Cet engagement exprime aussi un soutien au travail de la Commission pour la conservation de la faune et la flore marines de l\u2019Antarctique (CCAMLR) qui vise \u00e0 \u00e9tablir un r\u00e9seau de vaste aires marines prot\u00e9g\u00e9es et fond\u00e9es scientifiquement dans l\u2019Antarctique<\/em> \u00bb.<\/p>\n<p>L\u2019\u00e9v\u00e9nement organis\u00e9 par Greenpeace \u00e0 Cambridge s\u2019est d\u00e9roul\u00e9 alors que des scientifiques sp\u00e9cialistes de l\u2019Antarctique se r\u00e9unissaient dans la m\u00eame ville pour discuter des propositions de cr\u00e9ation d\u2019aires marines prot\u00e9g\u00e9es en Antarctique. L\u2019une de ces propositions vise \u00e0 cr\u00e9er un sanctuaire marin d\u20191,8 million de kilom\u00e8tres carr\u00e9s dans la mer de Weddell en Antarctique. La d\u00e9cision finale sera prise par la CCAMLR en octobre 2018 lorsqu\u2019elle se r\u00e9unira \u00e0 Hobart, en Tasmanie.<\/p>\n<div class=\"EmptyMessage\">Block content is empty. Check the block&#8217;s settings or remove it.<\/div>","protected":false},"excerpt":{"rendered":"<div>\n\tLuxembourg, le 10 Juillet 2018 &#8211; \u200b La campagne internationale de Greenpeace pour prot\u00e9ger l\u2019oc\u00e9an Antarctique a re\u00e7u le soutien sans pr\u00e9c\u00e9dent d\u2019industriels p\u00eachant le krill dans les eaux de l\u2019Antarctique. Cette annonce a \u00e9t\u00e9 rendue publique lors d\u2019un \u00e9v\u00e9nement organis\u00e9 par Greenpeace \u00e0 Cambridge, en Grande-Bretagne, le 8 juillet 2018 en pr\u00e9sence de scientifiques et de l\u2019acteur espagnol Javier Bardem qui a particip\u00e9 \u00e0 une exp\u00e9dition de Greenpeace en Antarctique en janvier dernier.\n<\/div>\n","protected":false},"author":20,"featured_media":1680,"comment_status":"closed","ping_status":"closed","sticky":false,"template":"","format":"standard","meta":{"ep_exclude_from_search":false,"p4_og_title":"","p4_og_description":"","p4_og_image":"","p4_og_image_id":"","p4_seo_canonical_url":"","p4_campaign_name":"","p4_local_project":"","p4_basket_name":"","p4_department":"","footnotes":""},"categories":[43],"tags":[29],"p4-page-type":[83],"class_list":["post-1679","post","type-post","status-publish","format-standard","has-post-thumbnail","hentry","category-nature","tag-oceans","p4-page-type-communiques-de-presse"],"yoast_head":"<!-- This site is optimized with the Yoast SEO Premium plugin v23.9 (Yoast SEO v23.9) - https:\/\/yoast.com\/wordpress\/plugins\/seo\/ -->\n<title>Des industriels de la p\u00eache au krill appellent \u00e0 la cr\u00e9ation d&#039;un sanctuaire marin en Antarctique - Greenpeace Luxembourg<\/title>\n<meta name=\"robots\" content=\"index, follow, max-snippet:-1, max-image-preview:large, max-video-preview:-1\" \/>\n<link rel=\"canonical\" href=\"https:\/\/www.greenpeace.org\/luxembourg\/fr\/communiques-de-presse\/1679\/des-industriels-de-la-peche-au-krill-appellent-a-la-creation-dun-sanctuaire-marin-en-antarctique\/\" \/>\n<meta property=\"og:locale\" content=\"fr_FR\" \/>\n<meta property=\"og:type\" content=\"article\" \/>\n<meta property=\"og:title\" content=\"Des industriels de la p\u00eache au krill appellent \u00e0 la cr\u00e9ation d&#039;un sanctuaire marin en Antarctique\" \/>\n<meta property=\"og:description\" content=\"Luxembourg, le 10 Juillet 2018 - \u200b La campagne internationale de Greenpeace pour prot\u00e9ger l\u2019oc\u00e9an Antarctique a re\u00e7u le soutien sans pr\u00e9c\u00e9dent d\u2019industriels p\u00eachant le krill dans les eaux de l\u2019Antarctique. Cette annonce a \u00e9t\u00e9 rendue publique lors d\u2019un \u00e9v\u00e9nement organis\u00e9 par Greenpeace \u00e0 Cambridge, en Grande-Bretagne, le 8 juillet 2018 en pr\u00e9sence de scientifiques et de l\u2019acteur espagnol Javier Bardem qui a particip\u00e9 \u00e0 une exp\u00e9dition de Greenpeace en Antarctique en janvier dernier.\" \/>\n<meta property=\"og:url\" content=\"https:\/\/www.greenpeace.org\/luxembourg\/fr\/communiques-de-presse\/1679\/des-industriels-de-la-peche-au-krill-appellent-a-la-creation-dun-sanctuaire-marin-en-antarctique\/\" \/>\n<meta property=\"og:site_name\" content=\"Greenpeace Luxembourg\" \/>\n<meta property=\"article:publisher\" content=\"https:\/\/www.facebook.com\/greenpeaceluxembourg\" \/>\n<meta property=\"article:published_time\" content=\"2018-07-10T00:00:00+00:00\" \/>\n<meta property=\"article:modified_time\" content=\"2021-12-01T15:34:32+00:00\" \/>\n<meta property=\"og:image\" content=\"https:\/\/www.greenpeace.org\/static\/planet4-luxembourg-stateless\/2018\/10\/7f9b2f1d-7f9b2f1d-antarctic_danielbeltra.jpg\" \/>\n\t<meta property=\"og:image:width\" content=\"800\" \/>\n\t<meta property=\"og:image:height\" content=\"533\" \/>\n\t<meta property=\"og:image:type\" content=\"image\/jpeg\" \/>\n<meta name=\"author\" content=\"Greenpeace Luxembourg\" \/>\n<meta name=\"twitter:card\" content=\"summary_large_image\" \/>\n<meta name=\"twitter:label1\" content=\"Written by\" \/>\n\t<meta name=\"twitter:data1\" content=\"Greenpeace Luxembourg\" \/>\n\t<meta name=\"twitter:label2\" content=\"Est. reading time\" \/>\n\t<meta name=\"twitter:data2\" content=\"3 minutes\" \/>\n<script type=\"application\/ld+json\" class=\"yoast-schema-graph\">{\"@context\":\"https:\/\/schema.org\",\"@graph\":[{\"@type\":\"Article\",\"@id\":\"https:\/\/www.greenpeace.org\/luxembourg\/fr\/communiques-de-presse\/1679\/des-industriels-de-la-peche-au-krill-appellent-a-la-creation-dun-sanctuaire-marin-en-antarctique\/#article\",\"isPartOf\":{\"@id\":\"https:\/\/www.greenpeace.org\/luxembourg\/fr\/communiques-de-presse\/1679\/des-industriels-de-la-peche-au-krill-appellent-a-la-creation-dun-sanctuaire-marin-en-antarctique\/\"},\"author\":{\"name\":\"Greenpeace Luxembourg\",\"@id\":\"https:\/\/www.greenpeace.org\/luxembourg\/fr\/#\/schema\/person\/12b34015aca6e55fec2e511d2f19102d\"},\"headline\":\"Des industriels de la p\u00eache au krill appellent \u00e0 la cr\u00e9ation d&#8217;un sanctuaire marin en Antarctique\",\"datePublished\":\"2018-07-10T00:00:00+00:00\",\"dateModified\":\"2021-12-01T15:34:32+00:00\",\"mainEntityOfPage\":{\"@id\":\"https:\/\/www.greenpeace.org\/luxembourg\/fr\/communiques-de-presse\/1679\/des-industriels-de-la-peche-au-krill-appellent-a-la-creation-dun-sanctuaire-marin-en-antarctique\/\"},\"wordCount\":662,\"publisher\":{\"@id\":\"https:\/\/www.greenpeace.org\/luxembourg\/fr\/#organization\"},\"image\":{\"@id\":\"https:\/\/www.greenpeace.org\/luxembourg\/fr\/communiques-de-presse\/1679\/des-industriels-de-la-peche-au-krill-appellent-a-la-creation-dun-sanctuaire-marin-en-antarctique\/#primaryimage\"},\"thumbnailUrl\":\"https:\/\/www.greenpeace.org\/static\/planet4-luxembourg-stateless\/2018\/10\/7f9b2f1d-7f9b2f1d-antarctic_danielbeltra.jpg\",\"keywords\":[\"Oc\u00e9ans\"],\"articleSection\":[\"Nature\"],\"inLanguage\":\"fr-LU\"},{\"@type\":\"WebPage\",\"@id\":\"https:\/\/www.greenpeace.org\/luxembourg\/fr\/communiques-de-presse\/1679\/des-industriels-de-la-peche-au-krill-appellent-a-la-creation-dun-sanctuaire-marin-en-antarctique\/\",\"url\":\"https:\/\/www.greenpeace.org\/luxembourg\/fr\/communiques-de-presse\/1679\/des-industriels-de-la-peche-au-krill-appellent-a-la-creation-dun-sanctuaire-marin-en-antarctique\/\",\"name\":\"Des industriels de la p\u00eache au krill appellent \u00e0 la cr\u00e9ation d'un sanctuaire marin en Antarctique - Greenpeace Luxembourg\",\"isPartOf\":{\"@id\":\"https:\/\/www.greenpeace.org\/luxembourg\/fr\/#website\"},\"primaryImageOfPage\":{\"@id\":\"https:\/\/www.greenpeace.org\/luxembourg\/fr\/communiques-de-presse\/1679\/des-industriels-de-la-peche-au-krill-appellent-a-la-creation-dun-sanctuaire-marin-en-antarctique\/#primaryimage\"},\"image\":{\"@id\":\"https:\/\/www.greenpeace.org\/luxembourg\/fr\/communiques-de-presse\/1679\/des-industriels-de-la-peche-au-krill-appellent-a-la-creation-dun-sanctuaire-marin-en-antarctique\/#primaryimage\"},\"thumbnailUrl\":\"https:\/\/www.greenpeace.org\/static\/planet4-luxembourg-stateless\/2018\/10\/7f9b2f1d-7f9b2f1d-antarctic_danielbeltra.jpg\",\"datePublished\":\"2018-07-10T00:00:00+00:00\",\"dateModified\":\"2021-12-01T15:34:32+00:00\",\"breadcrumb\":{\"@id\":\"https:\/\/www.greenpeace.org\/luxembourg\/fr\/communiques-de-presse\/1679\/des-industriels-de-la-peche-au-krill-appellent-a-la-creation-dun-sanctuaire-marin-en-antarctique\/#breadcrumb\"},\"inLanguage\":\"fr-LU\",\"potentialAction\":[{\"@type\":\"ReadAction\",\"target\":[\"https:\/\/www.greenpeace.org\/luxembourg\/fr\/communiques-de-presse\/1679\/des-industriels-de-la-peche-au-krill-appellent-a-la-creation-dun-sanctuaire-marin-en-antarctique\/\"]}]},{\"@type\":\"ImageObject\",\"inLanguage\":\"fr-LU\",\"@id\":\"https:\/\/www.greenpeace.org\/luxembourg\/fr\/communiques-de-presse\/1679\/des-industriels-de-la-peche-au-krill-appellent-a-la-creation-dun-sanctuaire-marin-en-antarctique\/#primaryimage\",\"url\":\"https:\/\/www.greenpeace.org\/static\/planet4-luxembourg-stateless\/2018\/10\/7f9b2f1d-7f9b2f1d-antarctic_danielbeltra.jpg\",\"contentUrl\":\"https:\/\/www.greenpeace.org\/static\/planet4-luxembourg-stateless\/2018\/10\/7f9b2f1d-7f9b2f1d-antarctic_danielbeltra.jpg\",\"width\":800,\"height\":533},{\"@type\":\"BreadcrumbList\",\"@id\":\"https:\/\/www.greenpeace.org\/luxembourg\/fr\/communiques-de-presse\/1679\/des-industriels-de-la-peche-au-krill-appellent-a-la-creation-dun-sanctuaire-marin-en-antarctique\/#breadcrumb\",\"itemListElement\":[{\"@type\":\"ListItem\",\"position\":1,\"name\":\"Home\",\"item\":\"https:\/\/www.greenpeace.org\/luxembourg\/fr\/\"},{\"@type\":\"ListItem\",\"position\":2,\"name\":\"Des industriels de la p\u00eache au krill appellent \u00e0 la cr\u00e9ation d&#8217;un sanctuaire marin en Antarctique\"}]},{\"@type\":\"WebSite\",\"@id\":\"https:\/\/www.greenpeace.org\/luxembourg\/fr\/#website\",\"url\":\"https:\/\/www.greenpeace.org\/luxembourg\/fr\/\",\"name\":\"Greenpeace Luxembourg\",\"description\":\"Greenpeace existe parce que cette Terre fragile a besoin d&#039;une voix. Elle a besoin de solutions. De changement. D&#039;actions.\",\"publisher\":{\"@id\":\"https:\/\/www.greenpeace.org\/luxembourg\/fr\/#organization\"},\"potentialAction\":[{\"@type\":\"SearchAction\",\"target\":{\"@type\":\"EntryPoint\",\"urlTemplate\":\"https:\/\/www.greenpeace.org\/luxembourg\/fr\/?s={search_term_string}\"},\"query-input\":{\"@type\":\"PropertyValueSpecification\",\"valueRequired\":true,\"valueName\":\"search_term_string\"}}],\"inLanguage\":\"fr-LU\"},{\"@type\":\"Organization\",\"@id\":\"https:\/\/www.greenpeace.org\/luxembourg\/fr\/#organization\",\"name\":\"Greenpeace Luxembourg\",\"url\":\"https:\/\/www.greenpeace.org\/luxembourg\/fr\/\",\"logo\":{\"@type\":\"ImageObject\",\"inLanguage\":\"fr-LU\",\"@id\":\"https:\/\/www.greenpeace.org\/luxembourg\/fr\/#\/schema\/logo\/image\/\",\"url\":\"https:\/\/www.greenpeace.org\/static\/planet4-luxembourg-stateless\/2026\/03\/3e367f94-greenpeace_logo_green_rgb.png\",\"contentUrl\":\"https:\/\/www.greenpeace.org\/static\/planet4-luxembourg-stateless\/2026\/03\/3e367f94-greenpeace_logo_green_rgb.png\",\"width\":1080,\"height\":175,\"caption\":\"Greenpeace Luxembourg\"},\"image\":{\"@id\":\"https:\/\/www.greenpeace.org\/luxembourg\/fr\/#\/schema\/logo\/image\/\"},\"sameAs\":[\"https:\/\/www.facebook.com\/greenpeaceluxembourg\",\"https:\/\/www.instagram.com\/greenpeacelux\/\",\"https:\/\/www.linkedin.com\/company\/greenpeace-luxembourg\/\",\"https:\/\/www.threads.com\/@greenpeacelux\",\"https:\/\/bsky.app\/profile\/greenpeacelux.bsky.social\",\"https:\/\/www.youtube.com\/@GreenpeaceLux\",\"https:\/\/www.tiktok.com\/@greenpeace_lux\"]},{\"@type\":\"Person\",\"@id\":\"https:\/\/www.greenpeace.org\/luxembourg\/fr\/#\/schema\/person\/12b34015aca6e55fec2e511d2f19102d\",\"name\":\"Greenpeace Luxembourg\",\"url\":\"https:\/\/www.greenpeace.org\/luxembourg\/fr\/author\/gp_luxembourg\/\"}]}<\/script>\n<!-- \/ Yoast SEO Premium plugin. -->","yoast_head_json":{"title":"Des industriels de la p\u00eache au krill appellent \u00e0 la cr\u00e9ation d'un sanctuaire marin en Antarctique - Greenpeace Luxembourg","robots":{"index":"index","follow":"follow","max-snippet":"max-snippet:-1","max-image-preview":"max-image-preview:large","max-video-preview":"max-video-preview:-1"},"canonical":"https:\/\/www.greenpeace.org\/luxembourg\/fr\/communiques-de-presse\/1679\/des-industriels-de-la-peche-au-krill-appellent-a-la-creation-dun-sanctuaire-marin-en-antarctique\/","og_locale":"fr_FR","og_type":"article","og_title":"Des industriels de la p\u00eache au krill appellent \u00e0 la cr\u00e9ation d'un sanctuaire marin en Antarctique","og_description":"Luxembourg, le 10 Juillet 2018 - \u200b La campagne internationale de Greenpeace pour prot\u00e9ger l\u2019oc\u00e9an Antarctique a re\u00e7u le soutien sans pr\u00e9c\u00e9dent d\u2019industriels p\u00eachant le krill dans les eaux de l\u2019Antarctique. Cette annonce a \u00e9t\u00e9 rendue publique lors d\u2019un \u00e9v\u00e9nement organis\u00e9 par Greenpeace \u00e0 Cambridge, en Grande-Bretagne, le 8 juillet 2018 en pr\u00e9sence de scientifiques et de l\u2019acteur espagnol Javier Bardem qui a particip\u00e9 \u00e0 une exp\u00e9dition de Greenpeace en Antarctique en janvier dernier.","og_url":"https:\/\/www.greenpeace.org\/luxembourg\/fr\/communiques-de-presse\/1679\/des-industriels-de-la-peche-au-krill-appellent-a-la-creation-dun-sanctuaire-marin-en-antarctique\/","og_site_name":"Greenpeace Luxembourg","article_publisher":"https:\/\/www.facebook.com\/greenpeaceluxembourg","article_published_time":"2018-07-10T00:00:00+00:00","article_modified_time":"2021-12-01T15:34:32+00:00","og_image":[{"width":800,"height":533,"url":"https:\/\/www.greenpeace.org\/static\/planet4-luxembourg-stateless\/2018\/10\/7f9b2f1d-7f9b2f1d-antarctic_danielbeltra.jpg","type":"image\/jpeg"}],"author":"Greenpeace Luxembourg","twitter_card":"summary_large_image","twitter_misc":{"Written by":"Greenpeace Luxembourg","Est. reading time":"3 minutes"},"schema":{"@context":"https:\/\/schema.org","@graph":[{"@type":"Article","@id":"https:\/\/www.greenpeace.org\/luxembourg\/fr\/communiques-de-presse\/1679\/des-industriels-de-la-peche-au-krill-appellent-a-la-creation-dun-sanctuaire-marin-en-antarctique\/#article","isPartOf":{"@id":"https:\/\/www.greenpeace.org\/luxembourg\/fr\/communiques-de-presse\/1679\/des-industriels-de-la-peche-au-krill-appellent-a-la-creation-dun-sanctuaire-marin-en-antarctique\/"},"author":{"name":"Greenpeace Luxembourg","@id":"https:\/\/www.greenpeace.org\/luxembourg\/fr\/#\/schema\/person\/12b34015aca6e55fec2e511d2f19102d"},"headline":"Des industriels de la p\u00eache au krill appellent \u00e0 la cr\u00e9ation d&#8217;un sanctuaire marin en Antarctique","datePublished":"2018-07-10T00:00:00+00:00","dateModified":"2021-12-01T15:34:32+00:00","mainEntityOfPage":{"@id":"https:\/\/www.greenpeace.org\/luxembourg\/fr\/communiques-de-presse\/1679\/des-industriels-de-la-peche-au-krill-appellent-a-la-creation-dun-sanctuaire-marin-en-antarctique\/"},"wordCount":662,"publisher":{"@id":"https:\/\/www.greenpeace.org\/luxembourg\/fr\/#organization"},"image":{"@id":"https:\/\/www.greenpeace.org\/luxembourg\/fr\/communiques-de-presse\/1679\/des-industriels-de-la-peche-au-krill-appellent-a-la-creation-dun-sanctuaire-marin-en-antarctique\/#primaryimage"},"thumbnailUrl":"https:\/\/www.greenpeace.org\/static\/planet4-luxembourg-stateless\/2018\/10\/7f9b2f1d-7f9b2f1d-antarctic_danielbeltra.jpg","keywords":["Oc\u00e9ans"],"articleSection":["Nature"],"inLanguage":"fr-LU"},{"@type":"WebPage","@id":"https:\/\/www.greenpeace.org\/luxembourg\/fr\/communiques-de-presse\/1679\/des-industriels-de-la-peche-au-krill-appellent-a-la-creation-dun-sanctuaire-marin-en-antarctique\/","url":"https:\/\/www.greenpeace.org\/luxembourg\/fr\/communiques-de-presse\/1679\/des-industriels-de-la-peche-au-krill-appellent-a-la-creation-dun-sanctuaire-marin-en-antarctique\/","name":"Des industriels de la p\u00eache au krill appellent \u00e0 la cr\u00e9ation d'un sanctuaire marin en Antarctique - Greenpeace Luxembourg","isPartOf":{"@id":"https:\/\/www.greenpeace.org\/luxembourg\/fr\/#website"},"primaryImageOfPage":{"@id":"https:\/\/www.greenpeace.org\/luxembourg\/fr\/communiques-de-presse\/1679\/des-industriels-de-la-peche-au-krill-appellent-a-la-creation-dun-sanctuaire-marin-en-antarctique\/#primaryimage"},"image":{"@id":"https:\/\/www.greenpeace.org\/luxembourg\/fr\/communiques-de-presse\/1679\/des-industriels-de-la-peche-au-krill-appellent-a-la-creation-dun-sanctuaire-marin-en-antarctique\/#primaryimage"},"thumbnailUrl":"https:\/\/www.greenpeace.org\/static\/planet4-luxembourg-stateless\/2018\/10\/7f9b2f1d-7f9b2f1d-antarctic_danielbeltra.jpg","datePublished":"2018-07-10T00:00:00+00:00","dateModified":"2021-12-01T15:34:32+00:00","breadcrumb":{"@id":"https:\/\/www.greenpeace.org\/luxembourg\/fr\/communiques-de-presse\/1679\/des-industriels-de-la-peche-au-krill-appellent-a-la-creation-dun-sanctuaire-marin-en-antarctique\/#breadcrumb"},"inLanguage":"fr-LU","potentialAction":[{"@type":"ReadAction","target":["https:\/\/www.greenpeace.org\/luxembourg\/fr\/communiques-de-presse\/1679\/des-industriels-de-la-peche-au-krill-appellent-a-la-creation-dun-sanctuaire-marin-en-antarctique\/"]}]},{"@type":"ImageObject","inLanguage":"fr-LU","@id":"https:\/\/www.greenpeace.org\/luxembourg\/fr\/communiques-de-presse\/1679\/des-industriels-de-la-peche-au-krill-appellent-a-la-creation-dun-sanctuaire-marin-en-antarctique\/#primaryimage","url":"https:\/\/www.greenpeace.org\/static\/planet4-luxembourg-stateless\/2018\/10\/7f9b2f1d-7f9b2f1d-antarctic_danielbeltra.jpg","contentUrl":"https:\/\/www.greenpeace.org\/static\/planet4-luxembourg-stateless\/2018\/10\/7f9b2f1d-7f9b2f1d-antarctic_danielbeltra.jpg","width":800,"height":533},{"@type":"BreadcrumbList","@id":"https:\/\/www.greenpeace.org\/luxembourg\/fr\/communiques-de-presse\/1679\/des-industriels-de-la-peche-au-krill-appellent-a-la-creation-dun-sanctuaire-marin-en-antarctique\/#breadcrumb","itemListElement":[{"@type":"ListItem","position":1,"name":"Home","item":"https:\/\/www.greenpeace.org\/luxembourg\/fr\/"},{"@type":"ListItem","position":2,"name":"Des industriels de la p\u00eache au krill appellent \u00e0 la cr\u00e9ation d&#8217;un sanctuaire marin en Antarctique"}]},{"@type":"WebSite","@id":"https:\/\/www.greenpeace.org\/luxembourg\/fr\/#website","url":"https:\/\/www.greenpeace.org\/luxembourg\/fr\/","name":"Greenpeace Luxembourg","description":"Greenpeace existe parce que cette Terre fragile a besoin d&#039;une voix. Elle a besoin de solutions. De changement. D&#039;actions.","publisher":{"@id":"https:\/\/www.greenpeace.org\/luxembourg\/fr\/#organization"},"potentialAction":[{"@type":"SearchAction","target":{"@type":"EntryPoint","urlTemplate":"https:\/\/www.greenpeace.org\/luxembourg\/fr\/?s={search_term_string}"},"query-input":{"@type":"PropertyValueSpecification","valueRequired":true,"valueName":"search_term_string"}}],"inLanguage":"fr-LU"},{"@type":"Organization","@id":"https:\/\/www.greenpeace.org\/luxembourg\/fr\/#organization","name":"Greenpeace Luxembourg","url":"https:\/\/www.greenpeace.org\/luxembourg\/fr\/","logo":{"@type":"ImageObject","inLanguage":"fr-LU","@id":"https:\/\/www.greenpeace.org\/luxembourg\/fr\/#\/schema\/logo\/image\/","url":"https:\/\/www.greenpeace.org\/static\/planet4-luxembourg-stateless\/2026\/03\/3e367f94-greenpeace_logo_green_rgb.png","contentUrl":"https:\/\/www.greenpeace.org\/static\/planet4-luxembourg-stateless\/2026\/03\/3e367f94-greenpeace_logo_green_rgb.png","width":1080,"height":175,"caption":"Greenpeace Luxembourg"},"image":{"@id":"https:\/\/www.greenpeace.org\/luxembourg\/fr\/#\/schema\/logo\/image\/"},"sameAs":["https:\/\/www.facebook.com\/greenpeaceluxembourg","https:\/\/www.instagram.com\/greenpeacelux\/","https:\/\/www.linkedin.com\/company\/greenpeace-luxembourg\/","https:\/\/www.threads.com\/@greenpeacelux","https:\/\/bsky.app\/profile\/greenpeacelux.bsky.social","https:\/\/www.youtube.com\/@GreenpeaceLux","https:\/\/www.tiktok.com\/@greenpeace_lux"]},{"@type":"Person","@id":"https:\/\/www.greenpeace.org\/luxembourg\/fr\/#\/schema\/person\/12b34015aca6e55fec2e511d2f19102d","name":"Greenpeace Luxembourg","url":"https:\/\/www.greenpeace.org\/luxembourg\/fr\/author\/gp_luxembourg\/"}]}},"_links":{"self":[{"href":"https:\/\/www.greenpeace.org\/luxembourg\/fr\/wp-json\/wp\/v2\/posts\/1679","targetHints":{"allow":["GET"]}}],"collection":[{"href":"https:\/\/www.greenpeace.org\/luxembourg\/fr\/wp-json\/wp\/v2\/posts"}],"about":[{"href":"https:\/\/www.greenpeace.org\/luxembourg\/fr\/wp-json\/wp\/v2\/types\/post"}],"author":[{"embeddable":true,"href":"https:\/\/www.greenpeace.org\/luxembourg\/fr\/wp-json\/wp\/v2\/users\/20"}],"replies":[{"embeddable":true,"href":"https:\/\/www.greenpeace.org\/luxembourg\/fr\/wp-json\/wp\/v2\/comments?post=1679"}],"version-history":[{"count":5,"href":"https:\/\/www.greenpeace.org\/luxembourg\/fr\/wp-json\/wp\/v2\/posts\/1679\/revisions"}],"predecessor-version":[{"id":13204,"href":"https:\/\/www.greenpeace.org\/luxembourg\/fr\/wp-json\/wp\/v2\/posts\/1679\/revisions\/13204"}],"wp:featuredmedia":[{"embeddable":true,"href":"https:\/\/www.greenpeace.org\/luxembourg\/fr\/wp-json\/wp\/v2\/media\/1680"}],"wp:attachment":[{"href":"https:\/\/www.greenpeace.org\/luxembourg\/fr\/wp-json\/wp\/v2\/media?parent=1679"}],"wp:term":[{"taxonomy":"category","embeddable":true,"href":"https:\/\/www.greenpeace.org\/luxembourg\/fr\/wp-json\/wp\/v2\/categories?post=1679"},{"taxonomy":"post_tag","embeddable":true,"href":"https:\/\/www.greenpeace.org\/luxembourg\/fr\/wp-json\/wp\/v2\/tags?post=1679"},{"taxonomy":"p4-page-type","embeddable":true,"href":"https:\/\/www.greenpeace.org\/luxembourg\/fr\/wp-json\/wp\/v2\/p4-page-type?post=1679"}],"curies":[{"name":"wp","href":"https:\/\/api.w.org\/{rel}","templated":true}]}}