{"id":1691,"date":"2018-05-15T00:00:00","date_gmt":"2018-05-15T00:00:00","guid":{"rendered":"https:\/\/www.greenpeace.org\/luxembourg\/actualites\/1691\/meng-landwirtschaft-revendications-2018\/"},"modified":"2019-11-06T10:54:46","modified_gmt":"2019-11-06T08:54:46","slug":"meng-landwirtschaft-revendications-2018","status":"publish","type":"post","link":"https:\/\/www.greenpeace.org\/luxembourg\/fr\/communiques-de-presse\/1691\/meng-landwirtschaft-revendications-2018\/","title":{"rendered":"Meng Landwirtschaft: Revendications 2018"},"content":{"rendered":"<p><strong>Kockelscheuer\/Esch-sur-Alzette \u2013 Les milliards et les millions d\u2019euros de subventions de l\u2019UE et de la loi agricole nationale actuelle n\u2019ont pas offert de perspectives d\u2019avenir suffisantes \u00e0 de nombreux agriculteurs.<\/strong><\/p>\n<div id=\"attachment_3600\" style=\"width: 1034px\" class=\"wp-caption aligncenter\"><img loading=\"lazy\" decoding=\"async\" aria-describedby=\"caption-attachment-3600\" class=\"size-large wp-image-3600\" src=\"https:\/\/www.greenpeace.org\/static\/planet4-luxembourg-stateless\/2018\/05\/6f910809-837cba6a-menglandwirtschaft_conference_15052018_0046-1024x678-1024x678.jpg\" alt=\"La plate-forme 'Meng Landwirtschaft' pr\u00e9sente ses revendications\" width=\"1024\" height=\"678\" srcset=\"https:\/\/www.greenpeace.org\/static\/planet4-luxembourg-stateless\/2018\/05\/6f910809-837cba6a-menglandwirtschaft_conference_15052018_0046-1024x678.jpg 1024w, https:\/\/www.greenpeace.org\/static\/planet4-luxembourg-stateless\/2018\/05\/6f910809-837cba6a-menglandwirtschaft_conference_15052018_0046-1024x678-300x199.jpg 300w, https:\/\/www.greenpeace.org\/static\/planet4-luxembourg-stateless\/2018\/05\/6f910809-837cba6a-menglandwirtschaft_conference_15052018_0046-1024x678-768x509.jpg 768w, https:\/\/www.greenpeace.org\/static\/planet4-luxembourg-stateless\/2018\/05\/6f910809-837cba6a-menglandwirtschaft_conference_15052018_0046-1024x678-510x338.jpg 510w\" sizes=\"auto, (max-width: 1024px) 100vw, 1024px\" \/><p id=\"caption-attachment-3600\" class=\"wp-caption-text\">La plate-forme &#8216;Meng Landwirtschaft&#8217; pr\u00e9sente ses demandes electorales.<\/p><\/div>\n<p>La frustration dans le secteur agricole est plus importante que jamais: il y a de moins en moins de fermes, les terres agricoles sont de plus en plus rares et plus ch\u00e8res, le march\u00e9 mondial \u00e0 bas\u00a0 prix prend de l\u2019ampleur, ainsi qu\u2019une pollution environnementale grandissante due \u00e0 une intensification \u00ab \u00e9conomiquement forc\u00e9e \u00bb concernant l\u2019\u00e9levage et la production v\u00e9g\u00e9tale. Les organisations unies dans la plate-forme Meng Landwirtschaft* d\u00e9clarent: \u00ab <em>Continuer comme avant n\u2019est pas une option<\/em> \u00bb, sinon nous menons l\u2019agriculture subventionn\u00e9e dans l\u2019ab\u00eeme. Meng Landwirtschaft*, avec ses 6 demandes \u00e9lectorales, a r\u00e9sum\u00e9 les points les plus urgents de la politique agricole pour le futur gouvernement.<\/p>\n<p>\u00ab <em>Un changement urgent de paradigme concernant la distribution de l\u2019argent public est absolument n\u00e9cessaire<\/em> \u00bb, se plaint Raymond Aendekerk, ing\u00e9nieur-agronome et directeur de Greenpeace. Au lieu de subventionner des entreprises grandissantes, ayant une production unilat\u00e9rale orient\u00e9e vers l\u2019industrie, ce sont des structures paysannes diversifi\u00e9es, des entreprises de taille g\u00e9rable avec des personnes engag\u00e9es qui devraient b\u00e9n\u00e9ficier d\u2019un traitement pr\u00e9f\u00e9rentiel, par exemple par une subvention d\u00e9gressive.<\/p>\n<p>Raymond Aendekerk est convaincu : \u00ab <em>L\u2019agriculture biologique fournit de meilleurs et plus solides arguments en faveur d\u2019une r\u00e9orientation de l\u2019agriculture et devrait donc b\u00e9n\u00e9ficier davantage des fonds publics. La promotion de la profession d\u2019agriculteur doit \u00eatre r\u00e9alis\u00e9e \u00e0 travers une meilleure formation holistique et l\u2019acc\u00e8s \u00e0 des terres appropri\u00e9es. Ainsi, il serait possible, dans le cadre d\u2019un plan d\u2019action efficace et efficient \u00e9tal\u00e9 jusqu\u2019en 2025, d\u2019exploiter de mani\u00e8re biologique au moins 20% de la surface agricole.<\/em> \u00bb<\/p>\n<p>Meng Landwirtschaft appelle \u00e0 une agriculture respectueuse des ressources avec une r\u00e9duction de la production animale et une expansion et diversification de la production v\u00e9g\u00e9tale. L\u2019agriculture doit \u00eatre orient\u00e9e vers un concept holistique qui tend vers \u00a0une production adapt\u00e9e au surface agricole disponible, respectueuse des ressources de la nature et des animaux et qui est socialement responsable. Une \u00a0r\u00e9duction d\u2019un tiers de la production de lait et de viande \u00a0diminuerait consid\u00e9rablement l\u2019importation d\u2019aliments prot\u00e9iques d\u2019ici 2025 et, de ce fait, serait extr\u00eamement favorable \u00e0 la protection du climat.<\/p>\n<p>Laure Cales, responsable du travail politique chez natur&amp;\u00ebmwelt explique: \u00ab <em>Les aliments, ainsi que les mati\u00e8res fourrag\u00e8res, consomm\u00e9s dans et autour du Luxembourg, devraient \u00e9galement \u00eatre principalement produits, transform\u00e9s et commercialis\u00e9s localement ou dans la Grande R\u00e9gion.<\/em> \u00bb<\/p>\n<p>Meng Landwirtschaft aimerait voir plus d\u2019espace attribu\u00e9 \u00e0 de nouveaux d\u00e9veloppements durables dans l\u2019agriculture. La relation directe entre consommateur et producteur ainsi que le commerce de d\u00e9tail local renforce la solidarit\u00e9 et donne plus de r\u00e9silience dans la zone rurale.Une cha\u00eene de valeur transparente permet \u00e0 des crit\u00e8res environnementaux et socio-\u00e9conomiques d\u2019\u00eatre compatibles avec des r\u00e9sultats \u00e9conomiques satisfaisants dans la r\u00e9gion pour le b\u00e9n\u00e9fice de tous. Une plateforme publique et des opportunit\u00e9s de financement pour les projets environnementaux et socio-\u00e9conomiques doit \u00eatre cr\u00e9\u00e9e.<\/p>\n<p>Jean Feyder, ASTM, \u00e9voque \u00e9galement la responsabilit\u00e9 du gouvernement envers les pays du Sud: \u00ab <em>Il faut regarder au-del\u00e0 des fronti\u00e8res luxembourgeoises et le gouvernement doit donner une nouvelle priorit\u00e9 \u00e0 l\u2019agriculture dans le cadre de sa politique de coop\u00e9ration<\/em> \u00bb.<\/p>\n<p>Il est important de se concentrer sur l\u2019agriculture \u00e0 petite \u00e9chelle, bas\u00e9e sur les principes de l\u2019agriculture biologique, de promouvoir une r\u00e9glementation \u00e9quitable des march\u00e9s agricoles dans les pays en d\u00e9veloppement, d\u2019encourager une r\u00e9orientation de la politique commerciale de l\u2019UE et de garantir la souverainet\u00e9 alimentaire.<\/p>\n<p>\u00abMeng Landwirtschaft\u00bb soutient les agriculteurs dans le maintien des subventions, mais elle exige cependant que celles-ci soient accord\u00e9es selon des crit\u00e8res qui b\u00e9n\u00e9ficient \u00e0 la soci\u00e9t\u00e9 dans son ensemble.<\/p>\n<p style=\"text-align: center;\"><strong>&gt;&gt; <a href=\"https:\/\/www.greenpeace.org\/static\/planet4-luxembourg-stateless\/2018\/10\/5d2b84a0-5d2b84a0-wahlforderungen-meng-landwirtschaft-15.05.2018.pdf\">Les revendications en d\u00e9tail<\/a> &lt;&lt;<\/strong><\/p>\n<p>&nbsp;<\/p>\n<p style=\"text-align: center;\">\u00a0<img loading=\"lazy\" decoding=\"async\" style=\"text-align: left;\" src=\"https:\/\/www.greenpeace.org\/static\/planet4-luxembourg-stateless\/2018\/10\/d10fe65b-d10fe65b-menglandwirtschaft_conference_15052018_0046.JPG\" alt=\"\" width=\"600\" height=\"397\" \/><\/p>\n<p>*<em>natur&amp;\u00ebmwelt a.s.b.l., Bio-L\u00ebtzebuerg \u2013 Vereenegung fir Bio-Landwirtschaft L\u00ebtzebuerg asbl, Greenpeace Luxemburg, Action Solidarit\u00e9 Tiers Monde, SOS Faim Luxembourg, Mouvement Ecologique, Caritas Luxembourg, Aide \u00e0 l\u2019Enfance de l\u2019Inde et du N\u00e9pal, attac, CELL, Cercle de Coop\u00e9ration, Emweltberodung L\u00ebtzbuerg, Eglise catholique \u00e0 Luxembourg, etika, Fairtrade L\u00ebtzebuerg, Fr\u00e8res des Hommes, L\u00ebtzebuerger Landesverband fir Beienzucht, Ligue CTF, SEED, Slow Food Luxembourg, VegInfo Luxembourg und Vegan Society Luxembourg<\/em><\/p>\n<p>* <em>Meng Landwirtschaft a cr\u00e9\u00e9 \u00a0avec \u201eLandwirtschaft 2.0, Ein Pl\u00e4doyer f\u00fcr eine Neue Agrarpolitik in Luxemburg\u201c une documentation d\u00e9taill\u00e9 sur le sujet. (www.meng-landwirtschaft.lu)<\/em><\/p>\n<p>&nbsp;<\/p>\n","protected":false},"excerpt":{"rendered":"<div>\n\tKockelscheuer \u2013 Les milliards et les millions d&#8217;euros de subventions de l&#8217;UE et de la loi agricole nationale actuelle n\u2019ont pas offert de perspectives d&#8217;avenir suffisantes \u00e0 de nombreux agriculteurs.\n<\/div>\n","protected":false},"author":20,"featured_media":3600,"comment_status":"closed","ping_status":"closed","sticky":false,"template":"","format":"standard","meta":{"ep_exclude_from_search":false,"p4_og_title":"","p4_og_description":"","p4_og_image":"","p4_og_image_id":"","p4_seo_canonical_url":"","p4_campaign_name":"","p4_local_project":"","p4_basket_name":"","p4_department":"","footnotes":""},"categories":[43],"tags":[39],"p4-page-type":[83],"class_list":["post-1691","post","type-post","status-publish","format-standard","has-post-thumbnail","hentry","category-nature","tag-agriculturedurable","p4-page-type-communiques-de-presse"],"yoast_head":"<!-- This site is optimized with the Yoast SEO Premium plugin v23.9 (Yoast SEO v23.9) - https:\/\/yoast.com\/wordpress\/plugins\/seo\/ -->\n<title>Meng Landwirtschaft: Revendications 2018 - Greenpeace Luxembourg<\/title>\n<meta name=\"robots\" content=\"index, follow, max-snippet:-1, max-image-preview:large, max-video-preview:-1\" \/>\n<link rel=\"canonical\" href=\"https:\/\/www.greenpeace.org\/luxembourg\/fr\/communiques-de-presse\/1691\/meng-landwirtschaft-revendications-2018\/\" \/>\n<meta property=\"og:locale\" content=\"fr_FR\" \/>\n<meta property=\"og:type\" content=\"article\" \/>\n<meta property=\"og:title\" content=\"Meng Landwirtschaft: Revendications 2018\" \/>\n<meta property=\"og:description\" content=\"Kockelscheuer \u2013 Les milliards et les millions d&#039;euros de subventions de l&#039;UE et de la loi agricole nationale actuelle n\u2019ont pas offert de perspectives d&#039;avenir suffisantes \u00e0 de nombreux agriculteurs.\" \/>\n<meta property=\"og:url\" content=\"https:\/\/www.greenpeace.org\/luxembourg\/fr\/communiques-de-presse\/1691\/meng-landwirtschaft-revendications-2018\/\" \/>\n<meta property=\"og:site_name\" content=\"Greenpeace Luxembourg\" \/>\n<meta property=\"article:publisher\" content=\"https:\/\/www.facebook.com\/greenpeaceluxembourg\" \/>\n<meta property=\"article:published_time\" content=\"2018-05-15T00:00:00+00:00\" \/>\n<meta property=\"article:modified_time\" content=\"2019-11-06T08:54:46+00:00\" \/>\n<meta property=\"og:image\" content=\"https:\/\/www.greenpeace.org\/static\/planet4-luxembourg-stateless\/2018\/05\/6f910809-837cba6a-menglandwirtschaft_conference_15052018_0046-1024x678.jpg\" \/>\n\t<meta property=\"og:image:width\" content=\"1024\" \/>\n\t<meta property=\"og:image:height\" content=\"678\" \/>\n\t<meta property=\"og:image:type\" content=\"image\/jpeg\" \/>\n<meta name=\"author\" content=\"Greenpeace Luxembourg\" \/>\n<meta name=\"twitter:card\" content=\"summary_large_image\" \/>\n<meta name=\"twitter:label1\" content=\"Written by\" \/>\n\t<meta name=\"twitter:data1\" content=\"Greenpeace Luxembourg\" \/>\n\t<meta name=\"twitter:label2\" content=\"Est. reading time\" \/>\n\t<meta name=\"twitter:data2\" content=\"4 minutes\" \/>\n<script type=\"application\/ld+json\" class=\"yoast-schema-graph\">{\"@context\":\"https:\/\/schema.org\",\"@graph\":[{\"@type\":\"Article\",\"@id\":\"https:\/\/www.greenpeace.org\/luxembourg\/fr\/communiques-de-presse\/1691\/meng-landwirtschaft-revendications-2018\/#article\",\"isPartOf\":{\"@id\":\"https:\/\/www.greenpeace.org\/luxembourg\/fr\/communiques-de-presse\/1691\/meng-landwirtschaft-revendications-2018\/\"},\"author\":{\"name\":\"Greenpeace Luxembourg\",\"@id\":\"https:\/\/www.greenpeace.org\/luxembourg\/fr\/#\/schema\/person\/12b34015aca6e55fec2e511d2f19102d\"},\"headline\":\"Meng Landwirtschaft: Revendications 2018\",\"datePublished\":\"2018-05-15T00:00:00+00:00\",\"dateModified\":\"2019-11-06T08:54:46+00:00\",\"mainEntityOfPage\":{\"@id\":\"https:\/\/www.greenpeace.org\/luxembourg\/fr\/communiques-de-presse\/1691\/meng-landwirtschaft-revendications-2018\/\"},\"wordCount\":814,\"publisher\":{\"@id\":\"https:\/\/www.greenpeace.org\/luxembourg\/fr\/#organization\"},\"image\":{\"@id\":\"https:\/\/www.greenpeace.org\/luxembourg\/fr\/communiques-de-presse\/1691\/meng-landwirtschaft-revendications-2018\/#primaryimage\"},\"thumbnailUrl\":\"https:\/\/www.greenpeace.org\/static\/planet4-luxembourg-stateless\/2018\/05\/6f910809-837cba6a-menglandwirtschaft_conference_15052018_0046-1024x678.jpg\",\"keywords\":[\"AgricultureDurable\"],\"articleSection\":[\"Nature\"],\"inLanguage\":\"fr-LU\"},{\"@type\":\"WebPage\",\"@id\":\"https:\/\/www.greenpeace.org\/luxembourg\/fr\/communiques-de-presse\/1691\/meng-landwirtschaft-revendications-2018\/\",\"url\":\"https:\/\/www.greenpeace.org\/luxembourg\/fr\/communiques-de-presse\/1691\/meng-landwirtschaft-revendications-2018\/\",\"name\":\"Meng Landwirtschaft: Revendications 2018 - Greenpeace Luxembourg\",\"isPartOf\":{\"@id\":\"https:\/\/www.greenpeace.org\/luxembourg\/fr\/#website\"},\"primaryImageOfPage\":{\"@id\":\"https:\/\/www.greenpeace.org\/luxembourg\/fr\/communiques-de-presse\/1691\/meng-landwirtschaft-revendications-2018\/#primaryimage\"},\"image\":{\"@id\":\"https:\/\/www.greenpeace.org\/luxembourg\/fr\/communiques-de-presse\/1691\/meng-landwirtschaft-revendications-2018\/#primaryimage\"},\"thumbnailUrl\":\"https:\/\/www.greenpeace.org\/static\/planet4-luxembourg-stateless\/2018\/05\/6f910809-837cba6a-menglandwirtschaft_conference_15052018_0046-1024x678.jpg\",\"datePublished\":\"2018-05-15T00:00:00+00:00\",\"dateModified\":\"2019-11-06T08:54:46+00:00\",\"breadcrumb\":{\"@id\":\"https:\/\/www.greenpeace.org\/luxembourg\/fr\/communiques-de-presse\/1691\/meng-landwirtschaft-revendications-2018\/#breadcrumb\"},\"inLanguage\":\"fr-LU\",\"potentialAction\":[{\"@type\":\"ReadAction\",\"target\":[\"https:\/\/www.greenpeace.org\/luxembourg\/fr\/communiques-de-presse\/1691\/meng-landwirtschaft-revendications-2018\/\"]}]},{\"@type\":\"ImageObject\",\"inLanguage\":\"fr-LU\",\"@id\":\"https:\/\/www.greenpeace.org\/luxembourg\/fr\/communiques-de-presse\/1691\/meng-landwirtschaft-revendications-2018\/#primaryimage\",\"url\":\"https:\/\/www.greenpeace.org\/static\/planet4-luxembourg-stateless\/2018\/05\/6f910809-837cba6a-menglandwirtschaft_conference_15052018_0046-1024x678.jpg\",\"contentUrl\":\"https:\/\/www.greenpeace.org\/static\/planet4-luxembourg-stateless\/2018\/05\/6f910809-837cba6a-menglandwirtschaft_conference_15052018_0046-1024x678.jpg\",\"width\":1024,\"height\":678,\"caption\":\"La plate-forme 'Meng Landwirtschaft' pr\u00e9sente ses revendications\"},{\"@type\":\"BreadcrumbList\",\"@id\":\"https:\/\/www.greenpeace.org\/luxembourg\/fr\/communiques-de-presse\/1691\/meng-landwirtschaft-revendications-2018\/#breadcrumb\",\"itemListElement\":[{\"@type\":\"ListItem\",\"position\":1,\"name\":\"Home\",\"item\":\"https:\/\/www.greenpeace.org\/luxembourg\/fr\/\"},{\"@type\":\"ListItem\",\"position\":2,\"name\":\"Meng Landwirtschaft: Revendications 2018\"}]},{\"@type\":\"WebSite\",\"@id\":\"https:\/\/www.greenpeace.org\/luxembourg\/fr\/#website\",\"url\":\"https:\/\/www.greenpeace.org\/luxembourg\/fr\/\",\"name\":\"Greenpeace Luxembourg\",\"description\":\"Greenpeace existe parce que cette Terre fragile a besoin d&#039;une voix. Elle a besoin de solutions. De changement. D&#039;actions.\",\"publisher\":{\"@id\":\"https:\/\/www.greenpeace.org\/luxembourg\/fr\/#organization\"},\"potentialAction\":[{\"@type\":\"SearchAction\",\"target\":{\"@type\":\"EntryPoint\",\"urlTemplate\":\"https:\/\/www.greenpeace.org\/luxembourg\/fr\/?s={search_term_string}\"},\"query-input\":{\"@type\":\"PropertyValueSpecification\",\"valueRequired\":true,\"valueName\":\"search_term_string\"}}],\"inLanguage\":\"fr-LU\"},{\"@type\":\"Organization\",\"@id\":\"https:\/\/www.greenpeace.org\/luxembourg\/fr\/#organization\",\"name\":\"Greenpeace Luxembourg\",\"url\":\"https:\/\/www.greenpeace.org\/luxembourg\/fr\/\",\"logo\":{\"@type\":\"ImageObject\",\"inLanguage\":\"fr-LU\",\"@id\":\"https:\/\/www.greenpeace.org\/luxembourg\/fr\/#\/schema\/logo\/image\/\",\"url\":\"https:\/\/www.greenpeace.org\/static\/planet4-luxembourg-stateless\/2026\/03\/3e367f94-greenpeace_logo_green_rgb.png\",\"contentUrl\":\"https:\/\/www.greenpeace.org\/static\/planet4-luxembourg-stateless\/2026\/03\/3e367f94-greenpeace_logo_green_rgb.png\",\"width\":1080,\"height\":175,\"caption\":\"Greenpeace Luxembourg\"},\"image\":{\"@id\":\"https:\/\/www.greenpeace.org\/luxembourg\/fr\/#\/schema\/logo\/image\/\"},\"sameAs\":[\"https:\/\/www.facebook.com\/greenpeaceluxembourg\",\"https:\/\/www.instagram.com\/greenpeacelux\/\",\"https:\/\/www.linkedin.com\/company\/greenpeace-luxembourg\/\",\"https:\/\/www.threads.com\/@greenpeacelux\",\"https:\/\/bsky.app\/profile\/greenpeacelux.bsky.social\",\"https:\/\/www.youtube.com\/@GreenpeaceLux\",\"https:\/\/www.tiktok.com\/@greenpeace_lux\"]},{\"@type\":\"Person\",\"@id\":\"https:\/\/www.greenpeace.org\/luxembourg\/fr\/#\/schema\/person\/12b34015aca6e55fec2e511d2f19102d\",\"name\":\"Greenpeace Luxembourg\",\"url\":\"https:\/\/www.greenpeace.org\/luxembourg\/fr\/author\/gp_luxembourg\/\"}]}<\/script>\n<!-- \/ Yoast SEO Premium plugin. -->","yoast_head_json":{"title":"Meng Landwirtschaft: Revendications 2018 - Greenpeace Luxembourg","robots":{"index":"index","follow":"follow","max-snippet":"max-snippet:-1","max-image-preview":"max-image-preview:large","max-video-preview":"max-video-preview:-1"},"canonical":"https:\/\/www.greenpeace.org\/luxembourg\/fr\/communiques-de-presse\/1691\/meng-landwirtschaft-revendications-2018\/","og_locale":"fr_FR","og_type":"article","og_title":"Meng Landwirtschaft: Revendications 2018","og_description":"Kockelscheuer \u2013 Les milliards et les millions d'euros de subventions de l'UE et de la loi agricole nationale actuelle n\u2019ont pas offert de perspectives d'avenir suffisantes \u00e0 de nombreux agriculteurs.","og_url":"https:\/\/www.greenpeace.org\/luxembourg\/fr\/communiques-de-presse\/1691\/meng-landwirtschaft-revendications-2018\/","og_site_name":"Greenpeace Luxembourg","article_publisher":"https:\/\/www.facebook.com\/greenpeaceluxembourg","article_published_time":"2018-05-15T00:00:00+00:00","article_modified_time":"2019-11-06T08:54:46+00:00","og_image":[{"width":1024,"height":678,"url":"https:\/\/www.greenpeace.org\/static\/planet4-luxembourg-stateless\/2018\/05\/6f910809-837cba6a-menglandwirtschaft_conference_15052018_0046-1024x678.jpg","type":"image\/jpeg"}],"author":"Greenpeace Luxembourg","twitter_card":"summary_large_image","twitter_misc":{"Written by":"Greenpeace Luxembourg","Est. reading time":"4 minutes"},"schema":{"@context":"https:\/\/schema.org","@graph":[{"@type":"Article","@id":"https:\/\/www.greenpeace.org\/luxembourg\/fr\/communiques-de-presse\/1691\/meng-landwirtschaft-revendications-2018\/#article","isPartOf":{"@id":"https:\/\/www.greenpeace.org\/luxembourg\/fr\/communiques-de-presse\/1691\/meng-landwirtschaft-revendications-2018\/"},"author":{"name":"Greenpeace Luxembourg","@id":"https:\/\/www.greenpeace.org\/luxembourg\/fr\/#\/schema\/person\/12b34015aca6e55fec2e511d2f19102d"},"headline":"Meng Landwirtschaft: Revendications 2018","datePublished":"2018-05-15T00:00:00+00:00","dateModified":"2019-11-06T08:54:46+00:00","mainEntityOfPage":{"@id":"https:\/\/www.greenpeace.org\/luxembourg\/fr\/communiques-de-presse\/1691\/meng-landwirtschaft-revendications-2018\/"},"wordCount":814,"publisher":{"@id":"https:\/\/www.greenpeace.org\/luxembourg\/fr\/#organization"},"image":{"@id":"https:\/\/www.greenpeace.org\/luxembourg\/fr\/communiques-de-presse\/1691\/meng-landwirtschaft-revendications-2018\/#primaryimage"},"thumbnailUrl":"https:\/\/www.greenpeace.org\/static\/planet4-luxembourg-stateless\/2018\/05\/6f910809-837cba6a-menglandwirtschaft_conference_15052018_0046-1024x678.jpg","keywords":["AgricultureDurable"],"articleSection":["Nature"],"inLanguage":"fr-LU"},{"@type":"WebPage","@id":"https:\/\/www.greenpeace.org\/luxembourg\/fr\/communiques-de-presse\/1691\/meng-landwirtschaft-revendications-2018\/","url":"https:\/\/www.greenpeace.org\/luxembourg\/fr\/communiques-de-presse\/1691\/meng-landwirtschaft-revendications-2018\/","name":"Meng Landwirtschaft: Revendications 2018 - Greenpeace Luxembourg","isPartOf":{"@id":"https:\/\/www.greenpeace.org\/luxembourg\/fr\/#website"},"primaryImageOfPage":{"@id":"https:\/\/www.greenpeace.org\/luxembourg\/fr\/communiques-de-presse\/1691\/meng-landwirtschaft-revendications-2018\/#primaryimage"},"image":{"@id":"https:\/\/www.greenpeace.org\/luxembourg\/fr\/communiques-de-presse\/1691\/meng-landwirtschaft-revendications-2018\/#primaryimage"},"thumbnailUrl":"https:\/\/www.greenpeace.org\/static\/planet4-luxembourg-stateless\/2018\/05\/6f910809-837cba6a-menglandwirtschaft_conference_15052018_0046-1024x678.jpg","datePublished":"2018-05-15T00:00:00+00:00","dateModified":"2019-11-06T08:54:46+00:00","breadcrumb":{"@id":"https:\/\/www.greenpeace.org\/luxembourg\/fr\/communiques-de-presse\/1691\/meng-landwirtschaft-revendications-2018\/#breadcrumb"},"inLanguage":"fr-LU","potentialAction":[{"@type":"ReadAction","target":["https:\/\/www.greenpeace.org\/luxembourg\/fr\/communiques-de-presse\/1691\/meng-landwirtschaft-revendications-2018\/"]}]},{"@type":"ImageObject","inLanguage":"fr-LU","@id":"https:\/\/www.greenpeace.org\/luxembourg\/fr\/communiques-de-presse\/1691\/meng-landwirtschaft-revendications-2018\/#primaryimage","url":"https:\/\/www.greenpeace.org\/static\/planet4-luxembourg-stateless\/2018\/05\/6f910809-837cba6a-menglandwirtschaft_conference_15052018_0046-1024x678.jpg","contentUrl":"https:\/\/www.greenpeace.org\/static\/planet4-luxembourg-stateless\/2018\/05\/6f910809-837cba6a-menglandwirtschaft_conference_15052018_0046-1024x678.jpg","width":1024,"height":678,"caption":"La plate-forme 'Meng Landwirtschaft' pr\u00e9sente ses revendications"},{"@type":"BreadcrumbList","@id":"https:\/\/www.greenpeace.org\/luxembourg\/fr\/communiques-de-presse\/1691\/meng-landwirtschaft-revendications-2018\/#breadcrumb","itemListElement":[{"@type":"ListItem","position":1,"name":"Home","item":"https:\/\/www.greenpeace.org\/luxembourg\/fr\/"},{"@type":"ListItem","position":2,"name":"Meng Landwirtschaft: Revendications 2018"}]},{"@type":"WebSite","@id":"https:\/\/www.greenpeace.org\/luxembourg\/fr\/#website","url":"https:\/\/www.greenpeace.org\/luxembourg\/fr\/","name":"Greenpeace Luxembourg","description":"Greenpeace existe parce que cette Terre fragile a besoin d&#039;une voix. Elle a besoin de solutions. De changement. D&#039;actions.","publisher":{"@id":"https:\/\/www.greenpeace.org\/luxembourg\/fr\/#organization"},"potentialAction":[{"@type":"SearchAction","target":{"@type":"EntryPoint","urlTemplate":"https:\/\/www.greenpeace.org\/luxembourg\/fr\/?s={search_term_string}"},"query-input":{"@type":"PropertyValueSpecification","valueRequired":true,"valueName":"search_term_string"}}],"inLanguage":"fr-LU"},{"@type":"Organization","@id":"https:\/\/www.greenpeace.org\/luxembourg\/fr\/#organization","name":"Greenpeace Luxembourg","url":"https:\/\/www.greenpeace.org\/luxembourg\/fr\/","logo":{"@type":"ImageObject","inLanguage":"fr-LU","@id":"https:\/\/www.greenpeace.org\/luxembourg\/fr\/#\/schema\/logo\/image\/","url":"https:\/\/www.greenpeace.org\/static\/planet4-luxembourg-stateless\/2026\/03\/3e367f94-greenpeace_logo_green_rgb.png","contentUrl":"https:\/\/www.greenpeace.org\/static\/planet4-luxembourg-stateless\/2026\/03\/3e367f94-greenpeace_logo_green_rgb.png","width":1080,"height":175,"caption":"Greenpeace Luxembourg"},"image":{"@id":"https:\/\/www.greenpeace.org\/luxembourg\/fr\/#\/schema\/logo\/image\/"},"sameAs":["https:\/\/www.facebook.com\/greenpeaceluxembourg","https:\/\/www.instagram.com\/greenpeacelux\/","https:\/\/www.linkedin.com\/company\/greenpeace-luxembourg\/","https:\/\/www.threads.com\/@greenpeacelux","https:\/\/bsky.app\/profile\/greenpeacelux.bsky.social","https:\/\/www.youtube.com\/@GreenpeaceLux","https:\/\/www.tiktok.com\/@greenpeace_lux"]},{"@type":"Person","@id":"https:\/\/www.greenpeace.org\/luxembourg\/fr\/#\/schema\/person\/12b34015aca6e55fec2e511d2f19102d","name":"Greenpeace Luxembourg","url":"https:\/\/www.greenpeace.org\/luxembourg\/fr\/author\/gp_luxembourg\/"}]}},"_links":{"self":[{"href":"https:\/\/www.greenpeace.org\/luxembourg\/fr\/wp-json\/wp\/v2\/posts\/1691","targetHints":{"allow":["GET"]}}],"collection":[{"href":"https:\/\/www.greenpeace.org\/luxembourg\/fr\/wp-json\/wp\/v2\/posts"}],"about":[{"href":"https:\/\/www.greenpeace.org\/luxembourg\/fr\/wp-json\/wp\/v2\/types\/post"}],"author":[{"embeddable":true,"href":"https:\/\/www.greenpeace.org\/luxembourg\/fr\/wp-json\/wp\/v2\/users\/20"}],"replies":[{"embeddable":true,"href":"https:\/\/www.greenpeace.org\/luxembourg\/fr\/wp-json\/wp\/v2\/comments?post=1691"}],"version-history":[{"count":9,"href":"https:\/\/www.greenpeace.org\/luxembourg\/fr\/wp-json\/wp\/v2\/posts\/1691\/revisions"}],"predecessor-version":[{"id":3604,"href":"https:\/\/www.greenpeace.org\/luxembourg\/fr\/wp-json\/wp\/v2\/posts\/1691\/revisions\/3604"}],"wp:featuredmedia":[{"embeddable":true,"href":"https:\/\/www.greenpeace.org\/luxembourg\/fr\/wp-json\/wp\/v2\/media\/3600"}],"wp:attachment":[{"href":"https:\/\/www.greenpeace.org\/luxembourg\/fr\/wp-json\/wp\/v2\/media?parent=1691"}],"wp:term":[{"taxonomy":"category","embeddable":true,"href":"https:\/\/www.greenpeace.org\/luxembourg\/fr\/wp-json\/wp\/v2\/categories?post=1691"},{"taxonomy":"post_tag","embeddable":true,"href":"https:\/\/www.greenpeace.org\/luxembourg\/fr\/wp-json\/wp\/v2\/tags?post=1691"},{"taxonomy":"p4-page-type","embeddable":true,"href":"https:\/\/www.greenpeace.org\/luxembourg\/fr\/wp-json\/wp\/v2\/p4-page-type?post=1691"}],"curies":[{"name":"wp","href":"https:\/\/api.w.org\/{rel}","templated":true}]}}