{"id":16911,"date":"2023-02-04T15:16:53","date_gmt":"2023-02-04T13:16:53","guid":{"rendered":"https:\/\/www.greenpeace.org\/luxembourg\/?p=16911"},"modified":"2023-02-06T12:32:48","modified_gmt":"2023-02-06T10:32:48","slug":"la-nouvelle-strategie-dinvestissement-du-fdc-pas-suffisamment-de-protection-pour-le-climat-et-les-droits-humains","status":"publish","type":"post","link":"https:\/\/www.greenpeace.org\/luxembourg\/fr\/communiques-de-presse\/16911\/la-nouvelle-strategie-dinvestissement-du-fdc-pas-suffisamment-de-protection-pour-le-climat-et-les-droits-humains\/","title":{"rendered":"La nouvelle strat\u00e9gie d&#8217;investissement du FDC : Pas suffisamment de protection pour le climat et les droits humains"},"content":{"rendered":"\n<h2 class=\"wp-block-heading\"><strong>L&#8217;ASTM et Greenpeace demandent une am\u00e9lioration de la directive du FDC et une modification des bases l\u00e9gales du fonds de pension luxembourgeois<\/strong><\/h2>\n\n<p><strong>Luxembourg, le 6 f\u00e9vrier 2023 &#8211; La nouvelle directive du Fonds de Compensation (FDC), qui d\u00e9finit la politique d&#8217;investissement du fonds pour la p\u00e9riode 2023-2027, ne r\u00e9pond pas aux exigences d&#8217;une strat\u00e9gie de durabilit\u00e9 ambitieuse et cibl\u00e9e. <\/strong><strong>Malgr\u00e9 les critiques de nombreuses ONG et syndicats, la directive ne garantit pas suffisamment que les investissements ne portent pas atteinte \u00e0 la protection du climat, de l\u2019environnement et des droits humains.<\/strong><strong> Telle est la conclusion d&#8217;Action Solidarit\u00e9 Tiers Monde (ASTM) et de Greenpeace, qui ont pr\u00e9sent\u00e9 ce matin leur analyse de la directive du FDC dans le cadre d&#8217;une conf\u00e9rence de presse.<\/strong><\/p>\n\n<p>\u00ab <em>Le d\u00e9r\u00e8glement climatique est le plus grand d\u00e9fi de notre \u00e9poque. Pour permettre la transition \u00e9nerg\u00e9tique, les fonds publics doivent \u00e9galement \u00eatre investis en accord avec l&#8217;accord de Paris sur le climat. Or, le fonds de pension souverain, le FDC, dont les investissements se situent actuellement sur une trajectoire d\u2019augmentation de la temp\u00e9rature de 2,7\u00b0C, ne s&#8217;engage toujours pas dans sa nouvelle directive \u00e0 fixer l&#8217;objectif de 1,5\u00b0C pour ses gestionnaires de fonds. Pourtant, le Luxembourg a ratifi\u00e9 cet accord <\/em>et <em>nous attendons que la directive \u00e9tablisse clairement le principe de l&#8217;objectif de 1,5\u00b0C pour l&#8217;ensemble des investissements du fonds ainsi que des crit\u00e8res sp\u00e9cifiques pour y arriver <\/em>\u00bb, explique Martina Holbach, charg\u00e9e de campagne chez Greenpeace Luxembourg.&nbsp;<\/p>\n\n<p>Les entreprises qui ne veulent ou ne peuvent pas respecter l&#8217;objectif de 1,5\u00b0C, ainsi que les entreprises actives dans des secteurs dangereux pour l&#8217;environnement, ne sont toujours pas exclues syst\u00e9matiquement des investissements du FDC. Les entreprises non transformables, notamment celles du secteur du charbon, ne menacent pas seulement le climat, elles repr\u00e9sentent \u00e9galement un risque financier.<\/p>\n\n<p>En ce qui concerne la conformit\u00e9 des investissements du FDC avec les conventions internationales relatives aux droits humains, certaines avanc\u00e9es ont \u00e9t\u00e9 constat\u00e9es en particulier l\u2019ajout des Principes directeurs de Nations Unies et de l\u2019OCDE relatifs aux entreprises et aux droits humains qui demandent aux acteurs \u00e9conomiques l\u2019exercice d\u2019un devoir de vigilance. Toutefois, la fa\u00e7on dont le FDC fera le suivi et l\u2019\u00e9valuation pour s\u2019assurer que les gestionnaires mettent effectivement en \u0153uvre ces normes dans le cadre des investissements n\u2019est pas claire.<\/p>\n\n<p>En plus de la liste d\u2019exclusion d\u2019entreprises qui ne respectent pas les normes internationales, la \u00ab liste noire \u00bb, la directive donne quelques nouveaux d\u00e9tails sur une autre liste, la \u00ab liste grise \u00bb, qui comporte des entreprises \u00ab sous observation \u00bb. \u00ab <em>Les crit\u00e8res et proc\u00e9dures concr\u00e8tes autour de ces listes continuent \u00e0 \u00eatre peu transparentes. Il faudrait que le FDC rende publiques les entreprises qui figurent sur la liste noire ET la liste grise ainsi que les crit\u00e8res d\u2019\u00e9valuation.<\/em> \u00bb, d\u00e9clare Antoniya Argirova, responsable plaidoyer de l\u2019ASTM.<\/p>\n\n<p>Le FDC affirme depuis longtemps qu&#8217;il n&#8217;est pas possible d&#8217;exclure les secteurs non durables et qu&#8217;il n&#8217;est pas possible de mettre en place une strat\u00e9gie de durabilit\u00e9 ambitieuse pour le fonds tout en conservant des objectifs de rentabilit\u00e9 et en minimisant les risques.<\/p>\n\n<p>Nextra Consulting, qui a \u00e9tudi\u00e9 en d\u00e9tail les <a href=\"https:\/\/www.greenpeace.org\/luxembourg\/fr\/communiques-de-presse\/14053\/dirty-and-dangerous-par-ses-investissements-le-fonds-de-pension-luxembourgeois-alimente-la-crise-climatique-et-neglige-la-protection-des-droits-humains\/\" data-type=\"URL\" data-id=\"https:\/\/www.greenpeace.org\/luxembourg\/fr\/communiques-de-presse\/14053\/dirty-and-dangerous-par-ses-investissements-le-fonds-de-pension-luxembourgeois-alimente-la-crise-climatique-et-neglige-la-protection-des-droits-humains\/\" target=\"_blank\" rel=\"noreferrer noopener\">investissements du FDC en 2020<\/a>, conclut, apr\u00e8s avoir examin\u00e9 la directive du FDC, que ces arguments ne tiennent pas la route face \u00e0 un examen minutieux.<\/p>\n\n<p><em>\u00ab Nous estimons que le libell\u00e9 du texte de loi utilis\u00e9 par le FDC pour justifier sa propre d\u00e9marche n&#8217;interdit pas l&#8217;exclusion de secteurs et ne contraint pas le FDC \u00e0 maximiser la diversification \u00bb<\/em>, explique Dr Martin Granzow, directeur g\u00e9n\u00e9ral de Nextra Consulting GmbH. <em>\u00ab \u00c9tant donn\u00e9 que, selon des \u00e9tudes scientifiques fond\u00e9es, les investissements durables n&#8217;ont pas d&#8217;influence n\u00e9gative sur le rapport rendement\/risque, mais une influence potentiellement positive, la FDC devrait, dans le contexte du d\u00e9ficit de financement des retraites qui se profile, consid\u00e9rer l&#8217;orientation durable de ses investissements non pas comme une menace, mais comme une opportunit\u00e9 \u00e9conomique \u00bb.<\/em><\/p>\n\n<p>La directive du FDC pour la p\u00e9riode 2023-2027 a \u00e9t\u00e9 adopt\u00e9e d\u00e9but janvier par le conseil d&#8217;administration du FDC, contre le vote des repr\u00e9sentants syndicaux. La soci\u00e9t\u00e9 civile a \u00e9t\u00e9 syst\u00e9matiquement exclue des d\u00e9lib\u00e9rations par le FDC, le ministre en charge Claude Haagen et la commission parlementaire. Cela est en contradiction flagrante avec la volont\u00e9 politique de garantir une plus grande transparence et une plus grande participation de la soci\u00e9t\u00e9 civile.&nbsp;<\/p>\n\n<p>L&#8217;ASTM et Greenpeace demandent aux d\u00e9put\u00e9\u00b7es d&#8217;envoyer un signal clair au gouvernement lors du d\u00e9bat parlementaire du 9 f\u00e9vrier, afin que la strat\u00e9gie d&#8217;investissement du FDC soit am\u00e9lior\u00e9e et que les bases l\u00e9gales du FDC soient modifi\u00e9es.<\/p>\n\n<p>\u00ab <em>Le d\u00e9bat parlementaire ne doit pas se transformer en un \u00e9v\u00e9nement alibi dont le seul but est de donner le feu vert au ministre en charge pour signer la nouvelle directive FDC \u00bb, <\/em>exigent les responsables d&#8217;ASTM et de Greenpeace<em>.<\/em> \u00ab <em>Pour que le fonds de pension devienne r\u00e9ellement durable, il ne suffit pas d&#8217;am\u00e9liorer sensiblement la strat\u00e9gie d&#8217;investissement. Il est urgent de modifier les bases l\u00e9gales du FDC, de rendre juridiquement contraignants les objectifs de durabilit\u00e9 et la participation de la soci\u00e9t\u00e9 civile aux processus de consultation.<\/em> \u00bb<\/p>\n","protected":false},"excerpt":{"rendered":"<p>La nouvelle directive du Fonds de Compensation (FDC), qui d\u00e9finit la politique d&#8217;investissement du fonds pour la p\u00e9riode 2023-2027, ne r\u00e9pond pas aux exigences d&#8217;une strat\u00e9gie de durabilit\u00e9 ambitieuse et cibl\u00e9e.<\/p>\n","protected":false},"author":20,"featured_media":0,"comment_status":"closed","ping_status":"closed","sticky":false,"template":"","format":"standard","meta":{"ep_exclude_from_search":false,"p4_og_title":"","p4_og_description":"","p4_og_image":"","p4_og_image_id":"","p4_seo_canonical_url":"","p4_campaign_name":"not set","p4_local_project":"not set","p4_basket_name":"not set","p4_department":"","footnotes":""},"categories":[41,17],"tags":[95],"p4-page-type":[83],"class_list":["post-16911","post","type-post","status-publish","format-standard","hentry","category-climat","category-greenpeace","tag-secteurfinancier","p4-page-type-communiques-de-presse"],"yoast_head":"<!-- This site is optimized with the Yoast SEO Premium plugin v23.9 (Yoast SEO v23.9) - https:\/\/yoast.com\/wordpress\/plugins\/seo\/ -->\n<title>La nouvelle strat\u00e9gie d&#039;investissement du FDC : Pas suffisamment de protection pour le climat et les droits humains - Greenpeace Luxembourg<\/title>\n<meta name=\"robots\" content=\"index, follow, max-snippet:-1, max-image-preview:large, max-video-preview:-1\" \/>\n<link rel=\"canonical\" href=\"https:\/\/www.greenpeace.org\/luxembourg\/fr\/communiques-de-presse\/16911\/la-nouvelle-strategie-dinvestissement-du-fdc-pas-suffisamment-de-protection-pour-le-climat-et-les-droits-humains\/\" \/>\n<meta property=\"og:locale\" content=\"fr_FR\" \/>\n<meta property=\"og:type\" content=\"article\" \/>\n<meta property=\"og:title\" content=\"La nouvelle strat\u00e9gie d&#039;investissement du FDC : Pas suffisamment de protection pour le climat et les droits humains\" \/>\n<meta property=\"og:description\" content=\"La nouvelle directive du Fonds de Compensation (FDC), qui d\u00e9finit la politique d&#039;investissement du fonds pour la p\u00e9riode 2023-2027, ne r\u00e9pond pas aux exigences d&#039;une strat\u00e9gie de durabilit\u00e9 ambitieuse et cibl\u00e9e.\" \/>\n<meta property=\"og:url\" content=\"https:\/\/www.greenpeace.org\/luxembourg\/fr\/communiques-de-presse\/16911\/la-nouvelle-strategie-dinvestissement-du-fdc-pas-suffisamment-de-protection-pour-le-climat-et-les-droits-humains\/\" \/>\n<meta property=\"og:site_name\" content=\"Greenpeace Luxembourg\" \/>\n<meta property=\"article:publisher\" content=\"https:\/\/www.facebook.com\/greenpeaceluxembourg\" \/>\n<meta property=\"article:published_time\" content=\"2023-02-04T13:16:53+00:00\" \/>\n<meta property=\"article:modified_time\" content=\"2023-02-06T10:32:48+00:00\" \/>\n<meta name=\"author\" content=\"Greenpeace Luxembourg\" \/>\n<meta name=\"twitter:card\" content=\"summary_large_image\" \/>\n<meta name=\"twitter:label1\" content=\"Written by\" \/>\n\t<meta name=\"twitter:data1\" content=\"Greenpeace Luxembourg\" \/>\n\t<meta name=\"twitter:label2\" content=\"Est. reading time\" \/>\n\t<meta name=\"twitter:data2\" content=\"4 minutes\" \/>\n<script type=\"application\/ld+json\" class=\"yoast-schema-graph\">{\"@context\":\"https:\/\/schema.org\",\"@graph\":[{\"@type\":\"Article\",\"@id\":\"https:\/\/www.greenpeace.org\/luxembourg\/fr\/communiques-de-presse\/16911\/la-nouvelle-strategie-dinvestissement-du-fdc-pas-suffisamment-de-protection-pour-le-climat-et-les-droits-humains\/#article\",\"isPartOf\":{\"@id\":\"https:\/\/www.greenpeace.org\/luxembourg\/fr\/communiques-de-presse\/16911\/la-nouvelle-strategie-dinvestissement-du-fdc-pas-suffisamment-de-protection-pour-le-climat-et-les-droits-humains\/\"},\"author\":{\"name\":\"Greenpeace Luxembourg\",\"@id\":\"https:\/\/www.greenpeace.org\/luxembourg\/fr\/#\/schema\/person\/12b34015aca6e55fec2e511d2f19102d\"},\"headline\":\"La nouvelle strat\u00e9gie d&#8217;investissement du FDC : Pas suffisamment de protection pour le climat et les droits humains\",\"datePublished\":\"2023-02-04T13:16:53+00:00\",\"dateModified\":\"2023-02-06T10:32:48+00:00\",\"mainEntityOfPage\":{\"@id\":\"https:\/\/www.greenpeace.org\/luxembourg\/fr\/communiques-de-presse\/16911\/la-nouvelle-strategie-dinvestissement-du-fdc-pas-suffisamment-de-protection-pour-le-climat-et-les-droits-humains\/\"},\"wordCount\":946,\"publisher\":{\"@id\":\"https:\/\/www.greenpeace.org\/luxembourg\/fr\/#organization\"},\"keywords\":[\"SecteurFinancier\"],\"articleSection\":[\"Climat\",\"Greenpeace\"],\"inLanguage\":\"fr-LU\"},{\"@type\":\"WebPage\",\"@id\":\"https:\/\/www.greenpeace.org\/luxembourg\/fr\/communiques-de-presse\/16911\/la-nouvelle-strategie-dinvestissement-du-fdc-pas-suffisamment-de-protection-pour-le-climat-et-les-droits-humains\/\",\"url\":\"https:\/\/www.greenpeace.org\/luxembourg\/fr\/communiques-de-presse\/16911\/la-nouvelle-strategie-dinvestissement-du-fdc-pas-suffisamment-de-protection-pour-le-climat-et-les-droits-humains\/\",\"name\":\"La nouvelle strat\u00e9gie d'investissement du FDC : Pas suffisamment de protection pour le climat et les droits humains - Greenpeace Luxembourg\",\"isPartOf\":{\"@id\":\"https:\/\/www.greenpeace.org\/luxembourg\/fr\/#website\"},\"datePublished\":\"2023-02-04T13:16:53+00:00\",\"dateModified\":\"2023-02-06T10:32:48+00:00\",\"breadcrumb\":{\"@id\":\"https:\/\/www.greenpeace.org\/luxembourg\/fr\/communiques-de-presse\/16911\/la-nouvelle-strategie-dinvestissement-du-fdc-pas-suffisamment-de-protection-pour-le-climat-et-les-droits-humains\/#breadcrumb\"},\"inLanguage\":\"fr-LU\",\"potentialAction\":[{\"@type\":\"ReadAction\",\"target\":[\"https:\/\/www.greenpeace.org\/luxembourg\/fr\/communiques-de-presse\/16911\/la-nouvelle-strategie-dinvestissement-du-fdc-pas-suffisamment-de-protection-pour-le-climat-et-les-droits-humains\/\"]}]},{\"@type\":\"BreadcrumbList\",\"@id\":\"https:\/\/www.greenpeace.org\/luxembourg\/fr\/communiques-de-presse\/16911\/la-nouvelle-strategie-dinvestissement-du-fdc-pas-suffisamment-de-protection-pour-le-climat-et-les-droits-humains\/#breadcrumb\",\"itemListElement\":[{\"@type\":\"ListItem\",\"position\":1,\"name\":\"Home\",\"item\":\"https:\/\/www.greenpeace.org\/luxembourg\/fr\/\"},{\"@type\":\"ListItem\",\"position\":2,\"name\":\"La nouvelle strat\u00e9gie d&#8217;investissement du FDC : Pas suffisamment de protection pour le climat et les droits humains\"}]},{\"@type\":\"WebSite\",\"@id\":\"https:\/\/www.greenpeace.org\/luxembourg\/fr\/#website\",\"url\":\"https:\/\/www.greenpeace.org\/luxembourg\/fr\/\",\"name\":\"Greenpeace Luxembourg\",\"description\":\"Greenpeace existe parce que cette Terre fragile a besoin d&#039;une voix. Elle a besoin de solutions. De changement. D&#039;actions.\",\"publisher\":{\"@id\":\"https:\/\/www.greenpeace.org\/luxembourg\/fr\/#organization\"},\"potentialAction\":[{\"@type\":\"SearchAction\",\"target\":{\"@type\":\"EntryPoint\",\"urlTemplate\":\"https:\/\/www.greenpeace.org\/luxembourg\/fr\/?s={search_term_string}\"},\"query-input\":{\"@type\":\"PropertyValueSpecification\",\"valueRequired\":true,\"valueName\":\"search_term_string\"}}],\"inLanguage\":\"fr-LU\"},{\"@type\":\"Organization\",\"@id\":\"https:\/\/www.greenpeace.org\/luxembourg\/fr\/#organization\",\"name\":\"Greenpeace Luxembourg\",\"url\":\"https:\/\/www.greenpeace.org\/luxembourg\/fr\/\",\"logo\":{\"@type\":\"ImageObject\",\"inLanguage\":\"fr-LU\",\"@id\":\"https:\/\/www.greenpeace.org\/luxembourg\/fr\/#\/schema\/logo\/image\/\",\"url\":\"https:\/\/www.greenpeace.org\/static\/planet4-luxembourg-stateless\/2026\/03\/3e367f94-greenpeace_logo_green_rgb.png\",\"contentUrl\":\"https:\/\/www.greenpeace.org\/static\/planet4-luxembourg-stateless\/2026\/03\/3e367f94-greenpeace_logo_green_rgb.png\",\"width\":1080,\"height\":175,\"caption\":\"Greenpeace Luxembourg\"},\"image\":{\"@id\":\"https:\/\/www.greenpeace.org\/luxembourg\/fr\/#\/schema\/logo\/image\/\"},\"sameAs\":[\"https:\/\/www.facebook.com\/greenpeaceluxembourg\",\"https:\/\/www.instagram.com\/greenpeacelux\/\",\"https:\/\/www.linkedin.com\/company\/greenpeace-luxembourg\/\",\"https:\/\/www.threads.com\/@greenpeacelux\",\"https:\/\/bsky.app\/profile\/greenpeacelux.bsky.social\",\"https:\/\/www.youtube.com\/@GreenpeaceLux\",\"https:\/\/www.tiktok.com\/@greenpeace_lux\"]},{\"@type\":\"Person\",\"@id\":\"https:\/\/www.greenpeace.org\/luxembourg\/fr\/#\/schema\/person\/12b34015aca6e55fec2e511d2f19102d\",\"name\":\"Greenpeace Luxembourg\",\"url\":\"https:\/\/www.greenpeace.org\/luxembourg\/fr\/author\/gp_luxembourg\/\"}]}<\/script>\n<!-- \/ Yoast SEO Premium plugin. -->","yoast_head_json":{"title":"La nouvelle strat\u00e9gie d'investissement du FDC : Pas suffisamment de protection pour le climat et les droits humains - Greenpeace Luxembourg","robots":{"index":"index","follow":"follow","max-snippet":"max-snippet:-1","max-image-preview":"max-image-preview:large","max-video-preview":"max-video-preview:-1"},"canonical":"https:\/\/www.greenpeace.org\/luxembourg\/fr\/communiques-de-presse\/16911\/la-nouvelle-strategie-dinvestissement-du-fdc-pas-suffisamment-de-protection-pour-le-climat-et-les-droits-humains\/","og_locale":"fr_FR","og_type":"article","og_title":"La nouvelle strat\u00e9gie d'investissement du FDC : Pas suffisamment de protection pour le climat et les droits humains","og_description":"La nouvelle directive du Fonds de Compensation (FDC), qui d\u00e9finit la politique d'investissement du fonds pour la p\u00e9riode 2023-2027, ne r\u00e9pond pas aux exigences d'une strat\u00e9gie de durabilit\u00e9 ambitieuse et cibl\u00e9e.","og_url":"https:\/\/www.greenpeace.org\/luxembourg\/fr\/communiques-de-presse\/16911\/la-nouvelle-strategie-dinvestissement-du-fdc-pas-suffisamment-de-protection-pour-le-climat-et-les-droits-humains\/","og_site_name":"Greenpeace Luxembourg","article_publisher":"https:\/\/www.facebook.com\/greenpeaceluxembourg","article_published_time":"2023-02-04T13:16:53+00:00","article_modified_time":"2023-02-06T10:32:48+00:00","author":"Greenpeace Luxembourg","twitter_card":"summary_large_image","twitter_misc":{"Written by":"Greenpeace Luxembourg","Est. reading time":"4 minutes"},"schema":{"@context":"https:\/\/schema.org","@graph":[{"@type":"Article","@id":"https:\/\/www.greenpeace.org\/luxembourg\/fr\/communiques-de-presse\/16911\/la-nouvelle-strategie-dinvestissement-du-fdc-pas-suffisamment-de-protection-pour-le-climat-et-les-droits-humains\/#article","isPartOf":{"@id":"https:\/\/www.greenpeace.org\/luxembourg\/fr\/communiques-de-presse\/16911\/la-nouvelle-strategie-dinvestissement-du-fdc-pas-suffisamment-de-protection-pour-le-climat-et-les-droits-humains\/"},"author":{"name":"Greenpeace Luxembourg","@id":"https:\/\/www.greenpeace.org\/luxembourg\/fr\/#\/schema\/person\/12b34015aca6e55fec2e511d2f19102d"},"headline":"La nouvelle strat\u00e9gie d&#8217;investissement du FDC : Pas suffisamment de protection pour le climat et les droits humains","datePublished":"2023-02-04T13:16:53+00:00","dateModified":"2023-02-06T10:32:48+00:00","mainEntityOfPage":{"@id":"https:\/\/www.greenpeace.org\/luxembourg\/fr\/communiques-de-presse\/16911\/la-nouvelle-strategie-dinvestissement-du-fdc-pas-suffisamment-de-protection-pour-le-climat-et-les-droits-humains\/"},"wordCount":946,"publisher":{"@id":"https:\/\/www.greenpeace.org\/luxembourg\/fr\/#organization"},"keywords":["SecteurFinancier"],"articleSection":["Climat","Greenpeace"],"inLanguage":"fr-LU"},{"@type":"WebPage","@id":"https:\/\/www.greenpeace.org\/luxembourg\/fr\/communiques-de-presse\/16911\/la-nouvelle-strategie-dinvestissement-du-fdc-pas-suffisamment-de-protection-pour-le-climat-et-les-droits-humains\/","url":"https:\/\/www.greenpeace.org\/luxembourg\/fr\/communiques-de-presse\/16911\/la-nouvelle-strategie-dinvestissement-du-fdc-pas-suffisamment-de-protection-pour-le-climat-et-les-droits-humains\/","name":"La nouvelle strat\u00e9gie d'investissement du FDC : Pas suffisamment de protection pour le climat et les droits humains - Greenpeace Luxembourg","isPartOf":{"@id":"https:\/\/www.greenpeace.org\/luxembourg\/fr\/#website"},"datePublished":"2023-02-04T13:16:53+00:00","dateModified":"2023-02-06T10:32:48+00:00","breadcrumb":{"@id":"https:\/\/www.greenpeace.org\/luxembourg\/fr\/communiques-de-presse\/16911\/la-nouvelle-strategie-dinvestissement-du-fdc-pas-suffisamment-de-protection-pour-le-climat-et-les-droits-humains\/#breadcrumb"},"inLanguage":"fr-LU","potentialAction":[{"@type":"ReadAction","target":["https:\/\/www.greenpeace.org\/luxembourg\/fr\/communiques-de-presse\/16911\/la-nouvelle-strategie-dinvestissement-du-fdc-pas-suffisamment-de-protection-pour-le-climat-et-les-droits-humains\/"]}]},{"@type":"BreadcrumbList","@id":"https:\/\/www.greenpeace.org\/luxembourg\/fr\/communiques-de-presse\/16911\/la-nouvelle-strategie-dinvestissement-du-fdc-pas-suffisamment-de-protection-pour-le-climat-et-les-droits-humains\/#breadcrumb","itemListElement":[{"@type":"ListItem","position":1,"name":"Home","item":"https:\/\/www.greenpeace.org\/luxembourg\/fr\/"},{"@type":"ListItem","position":2,"name":"La nouvelle strat\u00e9gie d&#8217;investissement du FDC : Pas suffisamment de protection pour le climat et les droits humains"}]},{"@type":"WebSite","@id":"https:\/\/www.greenpeace.org\/luxembourg\/fr\/#website","url":"https:\/\/www.greenpeace.org\/luxembourg\/fr\/","name":"Greenpeace Luxembourg","description":"Greenpeace existe parce que cette Terre fragile a besoin d&#039;une voix. Elle a besoin de solutions. De changement. D&#039;actions.","publisher":{"@id":"https:\/\/www.greenpeace.org\/luxembourg\/fr\/#organization"},"potentialAction":[{"@type":"SearchAction","target":{"@type":"EntryPoint","urlTemplate":"https:\/\/www.greenpeace.org\/luxembourg\/fr\/?s={search_term_string}"},"query-input":{"@type":"PropertyValueSpecification","valueRequired":true,"valueName":"search_term_string"}}],"inLanguage":"fr-LU"},{"@type":"Organization","@id":"https:\/\/www.greenpeace.org\/luxembourg\/fr\/#organization","name":"Greenpeace Luxembourg","url":"https:\/\/www.greenpeace.org\/luxembourg\/fr\/","logo":{"@type":"ImageObject","inLanguage":"fr-LU","@id":"https:\/\/www.greenpeace.org\/luxembourg\/fr\/#\/schema\/logo\/image\/","url":"https:\/\/www.greenpeace.org\/static\/planet4-luxembourg-stateless\/2026\/03\/3e367f94-greenpeace_logo_green_rgb.png","contentUrl":"https:\/\/www.greenpeace.org\/static\/planet4-luxembourg-stateless\/2026\/03\/3e367f94-greenpeace_logo_green_rgb.png","width":1080,"height":175,"caption":"Greenpeace Luxembourg"},"image":{"@id":"https:\/\/www.greenpeace.org\/luxembourg\/fr\/#\/schema\/logo\/image\/"},"sameAs":["https:\/\/www.facebook.com\/greenpeaceluxembourg","https:\/\/www.instagram.com\/greenpeacelux\/","https:\/\/www.linkedin.com\/company\/greenpeace-luxembourg\/","https:\/\/www.threads.com\/@greenpeacelux","https:\/\/bsky.app\/profile\/greenpeacelux.bsky.social","https:\/\/www.youtube.com\/@GreenpeaceLux","https:\/\/www.tiktok.com\/@greenpeace_lux"]},{"@type":"Person","@id":"https:\/\/www.greenpeace.org\/luxembourg\/fr\/#\/schema\/person\/12b34015aca6e55fec2e511d2f19102d","name":"Greenpeace Luxembourg","url":"https:\/\/www.greenpeace.org\/luxembourg\/fr\/author\/gp_luxembourg\/"}]}},"_links":{"self":[{"href":"https:\/\/www.greenpeace.org\/luxembourg\/fr\/wp-json\/wp\/v2\/posts\/16911","targetHints":{"allow":["GET"]}}],"collection":[{"href":"https:\/\/www.greenpeace.org\/luxembourg\/fr\/wp-json\/wp\/v2\/posts"}],"about":[{"href":"https:\/\/www.greenpeace.org\/luxembourg\/fr\/wp-json\/wp\/v2\/types\/post"}],"author":[{"embeddable":true,"href":"https:\/\/www.greenpeace.org\/luxembourg\/fr\/wp-json\/wp\/v2\/users\/20"}],"replies":[{"embeddable":true,"href":"https:\/\/www.greenpeace.org\/luxembourg\/fr\/wp-json\/wp\/v2\/comments?post=16911"}],"version-history":[{"count":1,"href":"https:\/\/www.greenpeace.org\/luxembourg\/fr\/wp-json\/wp\/v2\/posts\/16911\/revisions"}],"predecessor-version":[{"id":16918,"href":"https:\/\/www.greenpeace.org\/luxembourg\/fr\/wp-json\/wp\/v2\/posts\/16911\/revisions\/16918"}],"wp:attachment":[{"href":"https:\/\/www.greenpeace.org\/luxembourg\/fr\/wp-json\/wp\/v2\/media?parent=16911"}],"wp:term":[{"taxonomy":"category","embeddable":true,"href":"https:\/\/www.greenpeace.org\/luxembourg\/fr\/wp-json\/wp\/v2\/categories?post=16911"},{"taxonomy":"post_tag","embeddable":true,"href":"https:\/\/www.greenpeace.org\/luxembourg\/fr\/wp-json\/wp\/v2\/tags?post=16911"},{"taxonomy":"p4-page-type","embeddable":true,"href":"https:\/\/www.greenpeace.org\/luxembourg\/fr\/wp-json\/wp\/v2\/p4-page-type?post=16911"}],"curies":[{"name":"wp","href":"https:\/\/api.w.org\/{rel}","templated":true}]}}