{"id":17071,"date":"2023-02-28T16:06:53","date_gmt":"2023-02-28T14:06:53","guid":{"rendered":"https:\/\/www.greenpeace.org\/luxembourg\/?p=17071"},"modified":"2023-02-28T16:06:57","modified_gmt":"2023-02-28T14:06:57","slug":"nucleaire-une-fausse-solution-pour-le-climat","status":"publish","type":"post","link":"https:\/\/www.greenpeace.org\/luxembourg\/fr\/actualites\/17071\/nucleaire-une-fausse-solution-pour-le-climat\/","title":{"rendered":"Nucl\u00e9aire : une fausse solution pour le climat"},"content":{"rendered":"\n<p>\u00c0 l\u2019heure de l\u2019urgence climatique et de la crise \u00e9nerg\u00e9tique, l\u2019\u00e9nergie nucl\u00e9aire est souvent brandie comme la \u00ab solution \u00bb, puisqu\u2019il s\u2019agit d\u2019une \u00e9nergie dite d\u00e9carbon\u00e9e, c\u2019est-\u00e0-dire qu\u2019elle n\u2019\u00e9met pas de CO2 (l\u2019un des principaux responsables du r\u00e9chauffement de la plan\u00e8te). L\u2019Union europ\u00e9enne, en l\u2019incluant dans sa <a href=\"https:\/\/www.greenpeace.org\/luxembourg\/fr\/actualites\/13256\/pour-une-taxonomie-europeenne-reellement-verte\/\">taxonomie<\/a>, valide cette id\u00e9e.&nbsp;<\/p>\n\n<p><strong>Pourtant, le nucl\u00e9aire ne sauvera pas le climat.<\/strong><\/p>\n\n<h2 class=\"wp-block-heading\">1. Une industrie pas si fiable<\/h2>\n\n<p>Les plus en faveur du nucl\u00e9aire r\u00e9p\u00e8tent sans cesse que l\u2019un des avantages de cette \u00e9nergie d\u00e9carbon\u00e9e est qu\u2019elle peut fonctionner toute l\u2019ann\u00e9e, 24h\/24. Vraiment ?<\/p>\n\n<figure class=\"wp-block-image size-full\"><img loading=\"lazy\" decoding=\"async\" width=\"799\" height=\"532\" src=\"https:\/\/www.greenpeace.org\/static\/planet4-luxembourg-stateless\/2022\/10\/262b9a82-gp0sto94o_web_size.jpg\" alt=\"\" class=\"wp-image-15131\" srcset=\"https:\/\/www.greenpeace.org\/static\/planet4-luxembourg-stateless\/2022\/10\/262b9a82-gp0sto94o_web_size.jpg 799w, https:\/\/www.greenpeace.org\/static\/planet4-luxembourg-stateless\/2022\/10\/262b9a82-gp0sto94o_web_size-300x200.jpg 300w, https:\/\/www.greenpeace.org\/static\/planet4-luxembourg-stateless\/2022\/10\/262b9a82-gp0sto94o_web_size-768x511.jpg 768w, https:\/\/www.greenpeace.org\/static\/planet4-luxembourg-stateless\/2022\/10\/262b9a82-gp0sto94o_web_size-510x340.jpg 510w\" sizes=\"auto, (max-width: 799px) 100vw, 799px\" \/><\/figure>\n\n<p>Ce sont pourtant l<strong>es d\u00e9faillances du parc nucl\u00e9aire fran\u00e7ais<\/strong>, avec ses arr\u00eats fr\u00e9quents \u2014 dont<a href=\"https:\/\/www.greenpeace.org\/luxembourg\/fr\/communiques-de-presse\/14300\/reactive-de-greenpeace-concernant-larret-du-reacteur-numero-1-de-cattenom\/\"> Cattenom a fait les frais<\/a> encore r\u00e9cemment \u2014 et les risques li\u00e9s aux intemp\u00e9ries (\u00e0 tout hasard, de fortes chaleurs qui vident les cours d\u2019eau refroidissant le combustible), qui <strong>contraignent notre voisin \u00e0 consommer du charbon<\/strong> et \u00e0 en importer, notamment d\u2019Allemagne.&nbsp;<\/p>\n\n<p>On a vu mieux, en mati\u00e8re de fiabilit\u00e9.&nbsp;<\/p>\n\n<h2 class=\"wp-block-heading\">2. Trop lent \u00e0 d\u00e9ployer et trop cher<\/h2>\n\n<p><strong>Entre 15 et 20 ans<\/strong> : c\u2019est le temps que prend un r\u00e9acteur pour sortir de terre, entre la prise de d\u00e9cision et la finalisation de sa construction. C\u2019est trop long. <strong>Beaucoup trop long, pour faire face \u00e0 l\u2019urgence de la situation.<\/strong><\/p>\n\n<figure class=\"wp-block-image size-full\"><img loading=\"lazy\" decoding=\"async\" width=\"800\" height=\"581\" src=\"https:\/\/www.greenpeace.org\/static\/planet4-luxembourg-stateless\/2022\/04\/520531bc-gp0strc8r_web_size.jpg\" alt=\"\" class=\"wp-image-14166\" srcset=\"https:\/\/www.greenpeace.org\/static\/planet4-luxembourg-stateless\/2022\/04\/520531bc-gp0strc8r_web_size.jpg 800w, https:\/\/www.greenpeace.org\/static\/planet4-luxembourg-stateless\/2022\/04\/520531bc-gp0strc8r_web_size-300x218.jpg 300w, https:\/\/www.greenpeace.org\/static\/planet4-luxembourg-stateless\/2022\/04\/520531bc-gp0strc8r_web_size-768x558.jpg 768w, https:\/\/www.greenpeace.org\/static\/planet4-luxembourg-stateless\/2022\/04\/520531bc-gp0strc8r_web_size-468x340.jpg 468w\" sizes=\"auto, (max-width: 800px) 100vw, 800px\" \/><\/figure>\n\n<p>Les estimations des co\u00fbts de construction des nouveaux r\u00e9acteurs se sont av\u00e9r\u00e9s irr\u00e9alistes. En Angleterre, en Finlande, en Chine et en France, les d\u00e9penses ont explos\u00e9 : l&#8217;EPR de Flamanville (France) illustre parfaitement cette : son co\u00fbt total est estim\u00e9 \u00e0 plus de 19 milliards d&#8217;euros, soit presque six fois plus que pr\u00e9vu.<\/p>\n\n<h2 class=\"wp-block-heading\">3. Une industrie d\u00e9pendante de la Russie<\/h2>\n\n<p>De l\u2019extraction de l\u2019uranium au traitement des d\u00e9chets en passant par la construction des centrales et m\u00eame leur exploitation, l\u2019industrie nucl\u00e9aire fran\u00e7aise, qui se pla\u00eet \u00e0 vanter son ind\u00e9pendance \u00e9nerg\u00e9tique, <strong>travaille tr\u00e8s \u00e9troitement avec son homologue russe<\/strong>.<\/p>\n\n<p>Appeler \u00e0 arr\u00eater les importations de gaz russe en passant sous silence la collaboration entre les deux industries est, au mieux, hypocrite. Parce qu\u2019en d\u00e9pit de l\u2019invasion de l\u2019Ukraine, la France ne semble pas press\u00e9e de rompre son partenariat avec l\u2019agresseur russe.&nbsp;<\/p>\n\n<h2 class=\"wp-block-heading\">4. Une \u00e9nergie propre ? Bof.<\/h2>\n\n<p>Alors oui, c\u2019est vrai : le nucl\u00e9aire n\u2019\u00e9met que tr\u00e8s peu de CO2.&nbsp;<\/p>\n\n<p>En revanche, la production d\u2019\u00e9lectricit\u00e9 gr\u00e2ce au nucl\u00e9aire g\u00e9n\u00e8re pas moins de <strong>23 000 m3 de d\u00e9chets chaque ann\u00e9e en France<\/strong>, et une partie de ceux-ci restera hautement radioactive pour des milliers d\u2019ann\u00e9es.<\/p>\n\n<figure class=\"wp-block-image size-full\"><img loading=\"lazy\" decoding=\"async\" width=\"800\" height=\"533\" src=\"https:\/\/www.greenpeace.org\/static\/planet4-luxembourg-stateless\/2022\/10\/c33ce41d-gp0stqjj7_web_size.jpg\" alt=\"\" class=\"wp-image-15080\" srcset=\"https:\/\/www.greenpeace.org\/static\/planet4-luxembourg-stateless\/2022\/10\/c33ce41d-gp0stqjj7_web_size.jpg 800w, https:\/\/www.greenpeace.org\/static\/planet4-luxembourg-stateless\/2022\/10\/c33ce41d-gp0stqjj7_web_size-300x200.jpg 300w, https:\/\/www.greenpeace.org\/static\/planet4-luxembourg-stateless\/2022\/10\/c33ce41d-gp0stqjj7_web_size-768x512.jpg 768w, https:\/\/www.greenpeace.org\/static\/planet4-luxembourg-stateless\/2022\/10\/c33ce41d-gp0stqjj7_web_size-510x340.jpg 510w\" sizes=\"auto, (max-width: 800px) 100vw, 800px\" \/><\/figure>\n\n<p>Mais ce n\u2019est pas tout. Tous les ans, toujours en France, environ 1 200 tonnes de combustible us\u00e9 sont refroidies gr\u00e2ce aux \u00ab piscines \u00bb&nbsp; situ\u00e9es \u00e0 c\u00f4t\u00e9 des r\u00e9acteurs, et ne sont pas officiellement comptabilis\u00e9es en tant que \u00ab d\u00e9chets \u00bb par les autorit\u00e9s car \u00ab recyclables \u00bb. Pourtant, ces d\u00e9chets qui n\u2019en sont pas s\u2019accumulent dans 63 piscines nucl\u00e9aires fran\u00e7aises !<\/p>\n\n<p>Ce sont les enfants des enfants des enfants [&#8230;] de nos enfants qui auront la charge de g\u00e9rer nos ordures radioactives.<strong> Le nucl\u00e9aire n\u2019est pas sans danger pour l\u2019environnement. <\/strong>Il ne peut pas \u00eatre consid\u00e9r\u00e9 comme une \u00e9nergie propre.&nbsp;<\/p>\n\n<h2 class=\"wp-block-heading\">5. Le risque nucl\u00e9aire (et oui)<\/h2>\n\n<p>L\u2019invasion russe nous l\u2019a bien rappel\u00e9, avec les risques qu\u2019<a href=\"https:\/\/www.greenpeace.org\/luxembourg\/fr\/communiques-de-presse\/13768\/lattaque-russe-de-la-centrale-nucleaire-de-zaporizhzhya-renforce-les-craintes-de-greenpeace-sur-les-risques-nucleaires-graves-quengendre-la-guerre-en-ukraine\/\">ont fait peser les combats sur les centrales ukrainiennes<\/a> : le nucl\u00e9aire est une \u00e9nergie dangereuse.<\/p>\n\n<p>Tchornobyl et Fukushima sont deux exemples bien trop concrets des catastrophes que le nucl\u00e9aire peut entra\u00eener, que ce soit pour des raisons internes (de n\u00e9gligence, de mat\u00e9riel) ou externes (\u00e9v\u00e8nement climatique extr\u00eame, guerre\u2026)<\/p>\n\n<figure class=\"wp-block-image size-full\"><img loading=\"lazy\" decoding=\"async\" width=\"800\" height=\"533\" src=\"https:\/\/www.greenpeace.org\/static\/planet4-luxembourg-stateless\/2021\/04\/c3822071-gp0stpq2h_web_size_with_credit_line.jpg\" alt=\"\" class=\"wp-image-11281\" srcset=\"https:\/\/www.greenpeace.org\/static\/planet4-luxembourg-stateless\/2021\/04\/c3822071-gp0stpq2h_web_size_with_credit_line.jpg 800w, https:\/\/www.greenpeace.org\/static\/planet4-luxembourg-stateless\/2021\/04\/c3822071-gp0stpq2h_web_size_with_credit_line-300x200.jpg 300w, https:\/\/www.greenpeace.org\/static\/planet4-luxembourg-stateless\/2021\/04\/c3822071-gp0stpq2h_web_size_with_credit_line-768x512.jpg 768w, https:\/\/www.greenpeace.org\/static\/planet4-luxembourg-stateless\/2021\/04\/c3822071-gp0stpq2h_web_size_with_credit_line-510x340.jpg 510w\" sizes=\"auto, (max-width: 800px) 100vw, 800px\" \/><\/figure>\n\n<p><strong>Le risque 0 n\u2019existe pas <\/strong>et les installations nucl\u00e9aires sont vieillissantes. C\u2019est notamment le cas de Cattenom, qui attendra bient\u00f4t l\u2019\u00e2ge limite d\u2019exploitation de 40 ans. EDF compte pourtant prolonger sa dur\u00e9e de vie ; alors qu\u2019en cas d\u2019incident majeur, c\u2019est<a href=\"https:\/\/www.greenpeace.org\/luxembourg\/fr\/actualites\/11131\/film-an-zero-un-debat-ouvert-a-toutes-sur-le-risque-nucleaire-au-luxembourg\/\"> tout le Luxembourg <\/a>qui en souffrirait.<\/p>\n\n<p>Non, vraiment, le nucl\u00e9aire n\u2019est pas la solution \u00e0 la crise climatique. Loin s\u2019en faut.<\/p>\n\n<p>Au niveau mondial, le nucl\u00e9aire joue de moins en moins un r\u00f4le dans la production d\u2019\u00e9lectricit\u00e9 ces derni\u00e8res ann\u00e9es.<\/p>\n\n<p>En 2020, les \u00e9nergies renouvelables non hydrauliques, principalement l&#8217;\u00e9olien, le solaire et la biomasse, ont d\u00e9pass\u00e9 les centrales nucl\u00e9aires dans la production d&#8217;\u00e9lectricit\u00e9 \u00e0 l&#8217;\u00e9chelle mondiale. L&#8217;hydro\u00e9lectricit\u00e9 \u00e0 elle seule a produit plus d&#8217;\u00e9lectricit\u00e9 que le nucl\u00e9aire pendant la majeure partie des trois derni\u00e8res d\u00e9cennies.<\/p>\n\n<p>Pour la premi\u00e8re fois, les \u00e9nergies renouvelables non hydro\u00e9lectriques ont produit plus d\u2019\u00e9lectricit\u00e9 dans l\u2019Union europ\u00e9enne que le nucl\u00e9aire, et les \u00e9nergies renouvelables, y compris l\u2019hydro\u00e9lectricit\u00e9, ont produit plus d\u2019\u00e9lectricit\u00e9 que tous les combustibles fossiles r\u00e9unis.<\/p>\n\n<p>L\u2019augmentation nette de la capacit\u00e9 nucl\u00e9aire (calcul\u00e9e en soustrayant les nouvelles mises en service moins les fermetures de centrales) est tomb\u00e9e \u00e0 0,4 GW, contre + de 250 GW pour les seules \u00e9nergies renouvelables. Le nucl\u00e9aire n\u2019est pas pertinent sur le march\u00e9 actuel de la construction de nouvelles capacit\u00e9s \u00e9lectriques.<\/p>\n\n<p>L\u2019industrie nucl\u00e9aire mise sur l\u2019argument climatique pour assurer sa propre survie, pas celle de la plan\u00e8te. Ce mirage de la solution nucl\u00e9aire est inqui\u00e9tant car il risque de nous faire oublier l\u2019essentiel: pour r\u00e9pondre \u00e0 l\u2019urgence climatique, nous avons besoin d\u2019un changement de syst\u00e8me, pas d\u2019une technologie inadapt\u00e9e.<\/p>\n","protected":false},"excerpt":{"rendered":"<p>\u00c0 l\u2019heure de l\u2019urgence climatique et de la crise \u00e9nerg\u00e9tique, l\u2019\u00e9nergie nucl\u00e9aire est souvent brandie comme la \u00ab solution \u00bb, puisqu\u2019il s\u2019agit d\u2019une \u00e9nergie dite d\u00e9carbon\u00e9e, c\u2019est-\u00e0-dire qu\u2019elle n\u2019\u00e9met pas&hellip;<\/p>\n","protected":false},"author":25,"featured_media":15080,"comment_status":"closed","ping_status":"closed","sticky":false,"template":"","format":"standard","meta":{"ep_exclude_from_search":false,"p4_og_title":"","p4_og_description":"","p4_og_image":"","p4_og_image_id":"","p4_seo_canonical_url":"","p4_campaign_name":"","p4_local_project":"","p4_basket_name":"","p4_department":"","footnotes":""},"categories":[42],"tags":[30],"p4-page-type":[85],"class_list":["post-17071","post","type-post","status-publish","format-standard","has-post-thumbnail","hentry","category-energie","tag-nucleaire","p4-page-type-actualites"],"yoast_head":"<!-- This site is optimized with the Yoast SEO Premium plugin v23.9 (Yoast SEO v23.9) - https:\/\/yoast.com\/wordpress\/plugins\/seo\/ -->\n<title>Nucl\u00e9aire : une fausse solution pour le climat - Greenpeace Luxembourg<\/title>\n<meta name=\"robots\" content=\"index, follow, max-snippet:-1, max-image-preview:large, max-video-preview:-1\" \/>\n<link rel=\"canonical\" href=\"https:\/\/www.greenpeace.org\/luxembourg\/fr\/actualites\/17071\/nucleaire-une-fausse-solution-pour-le-climat\/\" \/>\n<meta property=\"og:locale\" content=\"fr_FR\" \/>\n<meta property=\"og:type\" content=\"article\" \/>\n<meta property=\"og:title\" content=\"Nucl\u00e9aire : une fausse solution pour le climat\" \/>\n<meta property=\"og:description\" content=\"\u00c0 l\u2019heure de l\u2019urgence climatique et de la crise \u00e9nerg\u00e9tique, l\u2019\u00e9nergie nucl\u00e9aire est souvent brandie comme la \u00ab solution \u00bb, puisqu\u2019il s\u2019agit d\u2019une \u00e9nergie dite d\u00e9carbon\u00e9e, c\u2019est-\u00e0-dire qu\u2019elle n\u2019\u00e9met pas&hellip;\" \/>\n<meta property=\"og:url\" content=\"https:\/\/www.greenpeace.org\/luxembourg\/fr\/actualites\/17071\/nucleaire-une-fausse-solution-pour-le-climat\/\" \/>\n<meta property=\"og:site_name\" content=\"Greenpeace Luxembourg\" \/>\n<meta property=\"article:publisher\" content=\"https:\/\/www.facebook.com\/greenpeaceluxembourg\" \/>\n<meta property=\"article:published_time\" content=\"2023-02-28T14:06:53+00:00\" \/>\n<meta property=\"article:modified_time\" content=\"2023-02-28T14:06:57+00:00\" \/>\n<meta property=\"og:image\" content=\"https:\/\/www.greenpeace.org\/static\/planet4-luxembourg-stateless\/2022\/10\/c33ce41d-gp0stqjj7_web_size.jpg\" \/>\n\t<meta property=\"og:image:width\" content=\"800\" \/>\n\t<meta property=\"og:image:height\" content=\"533\" \/>\n\t<meta property=\"og:image:type\" content=\"image\/jpeg\" \/>\n<meta name=\"author\" content=\"Esther Wildanger\" \/>\n<meta name=\"twitter:card\" content=\"summary_large_image\" \/>\n<meta name=\"twitter:label1\" content=\"Written by\" \/>\n\t<meta name=\"twitter:data1\" content=\"Esther Wildanger\" \/>\n\t<meta name=\"twitter:label2\" content=\"Est. reading time\" \/>\n\t<meta name=\"twitter:data2\" content=\"5 minutes\" \/>\n<script type=\"application\/ld+json\" class=\"yoast-schema-graph\">{\"@context\":\"https:\/\/schema.org\",\"@graph\":[{\"@type\":\"Article\",\"@id\":\"https:\/\/www.greenpeace.org\/luxembourg\/fr\/actualites\/17071\/nucleaire-une-fausse-solution-pour-le-climat\/#article\",\"isPartOf\":{\"@id\":\"https:\/\/www.greenpeace.org\/luxembourg\/fr\/actualites\/17071\/nucleaire-une-fausse-solution-pour-le-climat\/\"},\"author\":{\"name\":\"Esther Wildanger\",\"@id\":\"https:\/\/www.greenpeace.org\/luxembourg\/fr\/#\/schema\/person\/3d0e81a859b59009fec36a8552ef76a7\"},\"headline\":\"Nucl\u00e9aire : une fausse solution pour le climat\",\"datePublished\":\"2023-02-28T14:06:53+00:00\",\"dateModified\":\"2023-02-28T14:06:57+00:00\",\"mainEntityOfPage\":{\"@id\":\"https:\/\/www.greenpeace.org\/luxembourg\/fr\/actualites\/17071\/nucleaire-une-fausse-solution-pour-le-climat\/\"},\"wordCount\":962,\"publisher\":{\"@id\":\"https:\/\/www.greenpeace.org\/luxembourg\/fr\/#organization\"},\"image\":{\"@id\":\"https:\/\/www.greenpeace.org\/luxembourg\/fr\/actualites\/17071\/nucleaire-une-fausse-solution-pour-le-climat\/#primaryimage\"},\"thumbnailUrl\":\"https:\/\/www.greenpeace.org\/static\/planet4-luxembourg-stateless\/2022\/10\/c33ce41d-gp0stqjj7_web_size.jpg\",\"keywords\":[\"Nucl\u00e9aire\"],\"articleSection\":[\"\u00c9nergie\"],\"inLanguage\":\"fr-LU\"},{\"@type\":\"WebPage\",\"@id\":\"https:\/\/www.greenpeace.org\/luxembourg\/fr\/actualites\/17071\/nucleaire-une-fausse-solution-pour-le-climat\/\",\"url\":\"https:\/\/www.greenpeace.org\/luxembourg\/fr\/actualites\/17071\/nucleaire-une-fausse-solution-pour-le-climat\/\",\"name\":\"Nucl\u00e9aire : une fausse solution pour le climat - Greenpeace Luxembourg\",\"isPartOf\":{\"@id\":\"https:\/\/www.greenpeace.org\/luxembourg\/fr\/#website\"},\"primaryImageOfPage\":{\"@id\":\"https:\/\/www.greenpeace.org\/luxembourg\/fr\/actualites\/17071\/nucleaire-une-fausse-solution-pour-le-climat\/#primaryimage\"},\"image\":{\"@id\":\"https:\/\/www.greenpeace.org\/luxembourg\/fr\/actualites\/17071\/nucleaire-une-fausse-solution-pour-le-climat\/#primaryimage\"},\"thumbnailUrl\":\"https:\/\/www.greenpeace.org\/static\/planet4-luxembourg-stateless\/2022\/10\/c33ce41d-gp0stqjj7_web_size.jpg\",\"datePublished\":\"2023-02-28T14:06:53+00:00\",\"dateModified\":\"2023-02-28T14:06:57+00:00\",\"breadcrumb\":{\"@id\":\"https:\/\/www.greenpeace.org\/luxembourg\/fr\/actualites\/17071\/nucleaire-une-fausse-solution-pour-le-climat\/#breadcrumb\"},\"inLanguage\":\"fr-LU\",\"potentialAction\":[{\"@type\":\"ReadAction\",\"target\":[\"https:\/\/www.greenpeace.org\/luxembourg\/fr\/actualites\/17071\/nucleaire-une-fausse-solution-pour-le-climat\/\"]}]},{\"@type\":\"ImageObject\",\"inLanguage\":\"fr-LU\",\"@id\":\"https:\/\/www.greenpeace.org\/luxembourg\/fr\/actualites\/17071\/nucleaire-une-fausse-solution-pour-le-climat\/#primaryimage\",\"url\":\"https:\/\/www.greenpeace.org\/static\/planet4-luxembourg-stateless\/2022\/10\/c33ce41d-gp0stqjj7_web_size.jpg\",\"contentUrl\":\"https:\/\/www.greenpeace.org\/static\/planet4-luxembourg-stateless\/2022\/10\/c33ce41d-gp0stqjj7_web_size.jpg\",\"width\":800,\"height\":533,\"caption\":\"Greenpeace activists demonstrate in the Wendland with a replica of a castor container. The environmentalists are part of a demonstration from Dannenberg and Luechow to Gorleben in Western Germany. For the past forty years, the people in the region have been resisting the transport of nuclear waste into the controversial temporary storage facility. Greenpeace-Aktivisten demonstrieren im Wendland mit einem nachgebauten Castor-Behaelter. Die Umweltschuetzer sind Teil einer Demonstrationszuges von Dannenberg und Luechow nach Gorleben. Seit 40 Jahren wehren sich die Menschen in der Region gegen den Transport von Atommuell in das umstrittene Zwischenlager.\"},{\"@type\":\"BreadcrumbList\",\"@id\":\"https:\/\/www.greenpeace.org\/luxembourg\/fr\/actualites\/17071\/nucleaire-une-fausse-solution-pour-le-climat\/#breadcrumb\",\"itemListElement\":[{\"@type\":\"ListItem\",\"position\":1,\"name\":\"Home\",\"item\":\"https:\/\/www.greenpeace.org\/luxembourg\/fr\/\"},{\"@type\":\"ListItem\",\"position\":2,\"name\":\"Nucl\u00e9aire : une fausse solution pour le climat\"}]},{\"@type\":\"WebSite\",\"@id\":\"https:\/\/www.greenpeace.org\/luxembourg\/fr\/#website\",\"url\":\"https:\/\/www.greenpeace.org\/luxembourg\/fr\/\",\"name\":\"Greenpeace Luxembourg\",\"description\":\"Greenpeace existe parce que cette Terre fragile a besoin d&#039;une voix. Elle a besoin de solutions. De changement. D&#039;actions.\",\"publisher\":{\"@id\":\"https:\/\/www.greenpeace.org\/luxembourg\/fr\/#organization\"},\"potentialAction\":[{\"@type\":\"SearchAction\",\"target\":{\"@type\":\"EntryPoint\",\"urlTemplate\":\"https:\/\/www.greenpeace.org\/luxembourg\/fr\/?s={search_term_string}\"},\"query-input\":{\"@type\":\"PropertyValueSpecification\",\"valueRequired\":true,\"valueName\":\"search_term_string\"}}],\"inLanguage\":\"fr-LU\"},{\"@type\":\"Organization\",\"@id\":\"https:\/\/www.greenpeace.org\/luxembourg\/fr\/#organization\",\"name\":\"Greenpeace Luxembourg\",\"url\":\"https:\/\/www.greenpeace.org\/luxembourg\/fr\/\",\"logo\":{\"@type\":\"ImageObject\",\"inLanguage\":\"fr-LU\",\"@id\":\"https:\/\/www.greenpeace.org\/luxembourg\/fr\/#\/schema\/logo\/image\/\",\"url\":\"https:\/\/www.greenpeace.org\/static\/planet4-luxembourg-stateless\/2026\/03\/3e367f94-greenpeace_logo_green_rgb.png\",\"contentUrl\":\"https:\/\/www.greenpeace.org\/static\/planet4-luxembourg-stateless\/2026\/03\/3e367f94-greenpeace_logo_green_rgb.png\",\"width\":1080,\"height\":175,\"caption\":\"Greenpeace Luxembourg\"},\"image\":{\"@id\":\"https:\/\/www.greenpeace.org\/luxembourg\/fr\/#\/schema\/logo\/image\/\"},\"sameAs\":[\"https:\/\/www.facebook.com\/greenpeaceluxembourg\",\"https:\/\/www.instagram.com\/greenpeacelux\/\",\"https:\/\/www.linkedin.com\/company\/greenpeace-luxembourg\/\",\"https:\/\/www.threads.com\/@greenpeacelux\",\"https:\/\/bsky.app\/profile\/greenpeacelux.bsky.social\",\"https:\/\/www.youtube.com\/@GreenpeaceLux\",\"https:\/\/www.tiktok.com\/@greenpeace_lux\"]},{\"@type\":\"Person\",\"@id\":\"https:\/\/www.greenpeace.org\/luxembourg\/fr\/#\/schema\/person\/3d0e81a859b59009fec36a8552ef76a7\",\"name\":\"Esther Wildanger\",\"url\":\"https:\/\/www.greenpeace.org\/luxembourg\/fr\/author\/ewildang\/\"}]}<\/script>\n<!-- \/ Yoast SEO Premium plugin. -->","yoast_head_json":{"title":"Nucl\u00e9aire : une fausse solution pour le climat - Greenpeace Luxembourg","robots":{"index":"index","follow":"follow","max-snippet":"max-snippet:-1","max-image-preview":"max-image-preview:large","max-video-preview":"max-video-preview:-1"},"canonical":"https:\/\/www.greenpeace.org\/luxembourg\/fr\/actualites\/17071\/nucleaire-une-fausse-solution-pour-le-climat\/","og_locale":"fr_FR","og_type":"article","og_title":"Nucl\u00e9aire : une fausse solution pour le climat","og_description":"\u00c0 l\u2019heure de l\u2019urgence climatique et de la crise \u00e9nerg\u00e9tique, l\u2019\u00e9nergie nucl\u00e9aire est souvent brandie comme la \u00ab solution \u00bb, puisqu\u2019il s\u2019agit d\u2019une \u00e9nergie dite d\u00e9carbon\u00e9e, c\u2019est-\u00e0-dire qu\u2019elle n\u2019\u00e9met pas&hellip;","og_url":"https:\/\/www.greenpeace.org\/luxembourg\/fr\/actualites\/17071\/nucleaire-une-fausse-solution-pour-le-climat\/","og_site_name":"Greenpeace Luxembourg","article_publisher":"https:\/\/www.facebook.com\/greenpeaceluxembourg","article_published_time":"2023-02-28T14:06:53+00:00","article_modified_time":"2023-02-28T14:06:57+00:00","og_image":[{"width":800,"height":533,"url":"https:\/\/www.greenpeace.org\/static\/planet4-luxembourg-stateless\/2022\/10\/c33ce41d-gp0stqjj7_web_size.jpg","type":"image\/jpeg"}],"author":"Esther Wildanger","twitter_card":"summary_large_image","twitter_misc":{"Written by":"Esther Wildanger","Est. reading time":"5 minutes"},"schema":{"@context":"https:\/\/schema.org","@graph":[{"@type":"Article","@id":"https:\/\/www.greenpeace.org\/luxembourg\/fr\/actualites\/17071\/nucleaire-une-fausse-solution-pour-le-climat\/#article","isPartOf":{"@id":"https:\/\/www.greenpeace.org\/luxembourg\/fr\/actualites\/17071\/nucleaire-une-fausse-solution-pour-le-climat\/"},"author":{"name":"Esther Wildanger","@id":"https:\/\/www.greenpeace.org\/luxembourg\/fr\/#\/schema\/person\/3d0e81a859b59009fec36a8552ef76a7"},"headline":"Nucl\u00e9aire : une fausse solution pour le climat","datePublished":"2023-02-28T14:06:53+00:00","dateModified":"2023-02-28T14:06:57+00:00","mainEntityOfPage":{"@id":"https:\/\/www.greenpeace.org\/luxembourg\/fr\/actualites\/17071\/nucleaire-une-fausse-solution-pour-le-climat\/"},"wordCount":962,"publisher":{"@id":"https:\/\/www.greenpeace.org\/luxembourg\/fr\/#organization"},"image":{"@id":"https:\/\/www.greenpeace.org\/luxembourg\/fr\/actualites\/17071\/nucleaire-une-fausse-solution-pour-le-climat\/#primaryimage"},"thumbnailUrl":"https:\/\/www.greenpeace.org\/static\/planet4-luxembourg-stateless\/2022\/10\/c33ce41d-gp0stqjj7_web_size.jpg","keywords":["Nucl\u00e9aire"],"articleSection":["\u00c9nergie"],"inLanguage":"fr-LU"},{"@type":"WebPage","@id":"https:\/\/www.greenpeace.org\/luxembourg\/fr\/actualites\/17071\/nucleaire-une-fausse-solution-pour-le-climat\/","url":"https:\/\/www.greenpeace.org\/luxembourg\/fr\/actualites\/17071\/nucleaire-une-fausse-solution-pour-le-climat\/","name":"Nucl\u00e9aire : une fausse solution pour le climat - Greenpeace Luxembourg","isPartOf":{"@id":"https:\/\/www.greenpeace.org\/luxembourg\/fr\/#website"},"primaryImageOfPage":{"@id":"https:\/\/www.greenpeace.org\/luxembourg\/fr\/actualites\/17071\/nucleaire-une-fausse-solution-pour-le-climat\/#primaryimage"},"image":{"@id":"https:\/\/www.greenpeace.org\/luxembourg\/fr\/actualites\/17071\/nucleaire-une-fausse-solution-pour-le-climat\/#primaryimage"},"thumbnailUrl":"https:\/\/www.greenpeace.org\/static\/planet4-luxembourg-stateless\/2022\/10\/c33ce41d-gp0stqjj7_web_size.jpg","datePublished":"2023-02-28T14:06:53+00:00","dateModified":"2023-02-28T14:06:57+00:00","breadcrumb":{"@id":"https:\/\/www.greenpeace.org\/luxembourg\/fr\/actualites\/17071\/nucleaire-une-fausse-solution-pour-le-climat\/#breadcrumb"},"inLanguage":"fr-LU","potentialAction":[{"@type":"ReadAction","target":["https:\/\/www.greenpeace.org\/luxembourg\/fr\/actualites\/17071\/nucleaire-une-fausse-solution-pour-le-climat\/"]}]},{"@type":"ImageObject","inLanguage":"fr-LU","@id":"https:\/\/www.greenpeace.org\/luxembourg\/fr\/actualites\/17071\/nucleaire-une-fausse-solution-pour-le-climat\/#primaryimage","url":"https:\/\/www.greenpeace.org\/static\/planet4-luxembourg-stateless\/2022\/10\/c33ce41d-gp0stqjj7_web_size.jpg","contentUrl":"https:\/\/www.greenpeace.org\/static\/planet4-luxembourg-stateless\/2022\/10\/c33ce41d-gp0stqjj7_web_size.jpg","width":800,"height":533,"caption":"Greenpeace activists demonstrate in the Wendland with a replica of a castor container. The environmentalists are part of a demonstration from Dannenberg and Luechow to Gorleben in Western Germany. For the past forty years, the people in the region have been resisting the transport of nuclear waste into the controversial temporary storage facility. Greenpeace-Aktivisten demonstrieren im Wendland mit einem nachgebauten Castor-Behaelter. Die Umweltschuetzer sind Teil einer Demonstrationszuges von Dannenberg und Luechow nach Gorleben. Seit 40 Jahren wehren sich die Menschen in der Region gegen den Transport von Atommuell in das umstrittene Zwischenlager."},{"@type":"BreadcrumbList","@id":"https:\/\/www.greenpeace.org\/luxembourg\/fr\/actualites\/17071\/nucleaire-une-fausse-solution-pour-le-climat\/#breadcrumb","itemListElement":[{"@type":"ListItem","position":1,"name":"Home","item":"https:\/\/www.greenpeace.org\/luxembourg\/fr\/"},{"@type":"ListItem","position":2,"name":"Nucl\u00e9aire : une fausse solution pour le climat"}]},{"@type":"WebSite","@id":"https:\/\/www.greenpeace.org\/luxembourg\/fr\/#website","url":"https:\/\/www.greenpeace.org\/luxembourg\/fr\/","name":"Greenpeace Luxembourg","description":"Greenpeace existe parce que cette Terre fragile a besoin d&#039;une voix. Elle a besoin de solutions. De changement. D&#039;actions.","publisher":{"@id":"https:\/\/www.greenpeace.org\/luxembourg\/fr\/#organization"},"potentialAction":[{"@type":"SearchAction","target":{"@type":"EntryPoint","urlTemplate":"https:\/\/www.greenpeace.org\/luxembourg\/fr\/?s={search_term_string}"},"query-input":{"@type":"PropertyValueSpecification","valueRequired":true,"valueName":"search_term_string"}}],"inLanguage":"fr-LU"},{"@type":"Organization","@id":"https:\/\/www.greenpeace.org\/luxembourg\/fr\/#organization","name":"Greenpeace Luxembourg","url":"https:\/\/www.greenpeace.org\/luxembourg\/fr\/","logo":{"@type":"ImageObject","inLanguage":"fr-LU","@id":"https:\/\/www.greenpeace.org\/luxembourg\/fr\/#\/schema\/logo\/image\/","url":"https:\/\/www.greenpeace.org\/static\/planet4-luxembourg-stateless\/2026\/03\/3e367f94-greenpeace_logo_green_rgb.png","contentUrl":"https:\/\/www.greenpeace.org\/static\/planet4-luxembourg-stateless\/2026\/03\/3e367f94-greenpeace_logo_green_rgb.png","width":1080,"height":175,"caption":"Greenpeace Luxembourg"},"image":{"@id":"https:\/\/www.greenpeace.org\/luxembourg\/fr\/#\/schema\/logo\/image\/"},"sameAs":["https:\/\/www.facebook.com\/greenpeaceluxembourg","https:\/\/www.instagram.com\/greenpeacelux\/","https:\/\/www.linkedin.com\/company\/greenpeace-luxembourg\/","https:\/\/www.threads.com\/@greenpeacelux","https:\/\/bsky.app\/profile\/greenpeacelux.bsky.social","https:\/\/www.youtube.com\/@GreenpeaceLux","https:\/\/www.tiktok.com\/@greenpeace_lux"]},{"@type":"Person","@id":"https:\/\/www.greenpeace.org\/luxembourg\/fr\/#\/schema\/person\/3d0e81a859b59009fec36a8552ef76a7","name":"Esther Wildanger","url":"https:\/\/www.greenpeace.org\/luxembourg\/fr\/author\/ewildang\/"}]}},"_links":{"self":[{"href":"https:\/\/www.greenpeace.org\/luxembourg\/fr\/wp-json\/wp\/v2\/posts\/17071","targetHints":{"allow":["GET"]}}],"collection":[{"href":"https:\/\/www.greenpeace.org\/luxembourg\/fr\/wp-json\/wp\/v2\/posts"}],"about":[{"href":"https:\/\/www.greenpeace.org\/luxembourg\/fr\/wp-json\/wp\/v2\/types\/post"}],"author":[{"embeddable":true,"href":"https:\/\/www.greenpeace.org\/luxembourg\/fr\/wp-json\/wp\/v2\/users\/25"}],"replies":[{"embeddable":true,"href":"https:\/\/www.greenpeace.org\/luxembourg\/fr\/wp-json\/wp\/v2\/comments?post=17071"}],"version-history":[{"count":2,"href":"https:\/\/www.greenpeace.org\/luxembourg\/fr\/wp-json\/wp\/v2\/posts\/17071\/revisions"}],"predecessor-version":[{"id":17078,"href":"https:\/\/www.greenpeace.org\/luxembourg\/fr\/wp-json\/wp\/v2\/posts\/17071\/revisions\/17078"}],"wp:featuredmedia":[{"embeddable":true,"href":"https:\/\/www.greenpeace.org\/luxembourg\/fr\/wp-json\/wp\/v2\/media\/15080"}],"wp:attachment":[{"href":"https:\/\/www.greenpeace.org\/luxembourg\/fr\/wp-json\/wp\/v2\/media?parent=17071"}],"wp:term":[{"taxonomy":"category","embeddable":true,"href":"https:\/\/www.greenpeace.org\/luxembourg\/fr\/wp-json\/wp\/v2\/categories?post=17071"},{"taxonomy":"post_tag","embeddable":true,"href":"https:\/\/www.greenpeace.org\/luxembourg\/fr\/wp-json\/wp\/v2\/tags?post=17071"},{"taxonomy":"p4-page-type","embeddable":true,"href":"https:\/\/www.greenpeace.org\/luxembourg\/fr\/wp-json\/wp\/v2\/p4-page-type?post=17071"}],"curies":[{"name":"wp","href":"https:\/\/api.w.org\/{rel}","templated":true}]}}