{"id":17188,"date":"2023-03-21T18:48:52","date_gmt":"2023-03-21T16:48:52","guid":{"rendered":"https:\/\/www.greenpeace.org\/luxembourg\/?p=17188"},"modified":"2023-03-21T19:00:33","modified_gmt":"2023-03-21T17:00:33","slug":"le-cri-despoir-de-notre-micro-foret","status":"publish","type":"post","link":"https:\/\/www.greenpeace.org\/luxembourg\/fr\/actualites\/17188\/le-cri-despoir-de-notre-micro-foret\/","title":{"rendered":"Le cri d\u2019espoir de notre (micro-)for\u00eat"},"content":{"rendered":"\n<p>Planter une micro-for\u00eat au c\u0153ur du Luxembourg, voil\u00e0 le d\u00e9fi plein de sens port\u00e9 par les donateurs et donatrices de Greenpeace.<\/p>\n\n<p>Accompagn\u00e9\u00b7es de leurs famille et ami\u00b7es, 200 personnes ont plant\u00e9 de leurs mains plus de 600 arbres de 16 esp\u00e8ces locales diff\u00e9rentes. Gr\u00e2ce \u00e0 la m\u00e9thode <em>Miyawaki <\/em>et<em> <\/em>l\u2019expertise de <a href=\"https:\/\/sowoods.be\/\">SoWood<\/a>, r\u00e9f\u00e9rent dans la r\u00e9gion, c\u2019est donc un nouvel \u00e9cosyst\u00e8me miniature tr\u00e8s dense (3 arbres au m\u00b2!) qui prend racine \u00e0 Mertzig, au c\u0153ur du Luxembourg. Cette micro-for\u00eat promet quelques beaux avantages pour la r\u00e9gion : enrichir la biodiversit\u00e9, am\u00e9liorer la qualit\u00e9 de l\u2019air, r\u00e9guler les temp\u00e9ratures ou encore lutter contre les inondations.<\/p>\n\n<p>Pourquoi planter maintenant ? Parce que l\u2019heure est grave, et que chacun et chacune peut contribuer \u00e0 sensibiliser ses proches sur la n\u00e9cessit\u00e9 absolue de prot\u00e9ger nos for\u00eats. Planter ensemble c\u2019est transmettre nos valeurs et notre espoir, celui de toute une g\u00e9n\u00e9ration.<\/p>\n\n<p><\/p>\n\n<figure class=\"wp-block-embed is-type-video is-provider-youtube wp-block-embed-youtube wp-embed-aspect-16-9 wp-has-aspect-ratio\"><div class=\"wp-block-embed__wrapper\">\n<lite-youtube style=\"background-image: url('https:\/\/i.ytimg.com\/vi\/k5YuImAwizY\/hqdefault.jpg');\" videoid=\"k5YuImAwizY\" params=\"rel=0\"><\/lite-youtube>\n<\/div><\/figure>\n\n<p class=\"has-text-align-center\">Vous aussi, vous pouvez agir tout de suite <br>pour la protection des for\u00eats au Luxembourg et \u00e0 travers le monde :<\/p>\n\n<div class=\"wp-block-buttons is-content-justification-center is-layout-flex wp-container-core-buttons-is-layout-16018d1d wp-block-buttons-is-layout-flex\">\n<div class=\"wp-block-button is-style-cta\"><a class=\"wp-block-button__link wp-element-button\" href=\"https:\/\/www.greenpeace.org\/luxembourg\/fr\/action\/petition-deforestation\/\" target=\"_blank\" rel=\"https:\/\/www.greenpeace.org\/luxembourg\/fr\/action\/petition-deforestation\/ noopener\">Je signe la p\u00e9tition <br>contre la d\u00e9forestation import\u00e9e au Luxembourg !<\/a><\/div>\n<\/div>\n\n<h2 class=\"wp-block-heading\">Zoom sur la sant\u00e9 de nos for\u00eats&nbsp;<\/h2>\n\n<p>En ce 21 mars se tient la journ\u00e9e internationale des for\u00eats, cette ann\u00e9e sous le th\u00e8me particulier de la sant\u00e9. En plus<a href=\"https:\/\/www.iucn.org\/resources\/issues-brief\/forests-and-climate-change\"> de leur r\u00f4le crucial dans le cadre du changement climatique<\/a>, les for\u00eats sont sources de nourriture, de m\u00e9dicaments et ont un effet simple et imm\u00e9diat sur notre \u00e9tat: 30 min de balade en for\u00eats nous aident \u00e0 r\u00e9duire la<a href=\"https:\/\/www.journee-internationale-des-forets.fr\/blog\/jif\/la-journee-internationale-des-forets-2023-sous-le-signe-de-la-sante\/\"> pression art\u00e9rielle et le rythme cardiaque<\/a>. Mais qu\u2019en est-il de la sant\u00e9 des for\u00eats elles-m\u00eame ?<\/p>\n\n<p><strong>Au Luxembourg, les for\u00eats recouvrent 35% du territoire au Luxembourg (soit&nbsp; 91.400 Ha). <\/strong>La surface foresti\u00e8re est rest\u00e9e stable ces derni\u00e8res ann\u00e9es mais, h\u00e9las, tout n\u2019est pas rose pour autant. Bien que source de nombreux bienfaits sur notre sant\u00e9, la sant\u00e9 des for\u00eats luxembourgeoises est tr\u00e8s pr\u00e9occupante. <strong>Selon le dernier recensement datant de 2022<\/strong><a href=\"https:\/\/www.wort.lu\/fr\/luxembourg\/la-foret-ne-se-porte-pas-mieux-au-luxembourg-632dc654de135b9236a69888\"><strong> presque 62% des arbres <\/strong><\/a><strong>sont nettement endommag\u00e9s ou morts.&nbsp;<\/strong><\/p>\n\n<p>En premi\u00e8re cause, les p\u00e9riodes de s\u00e9cheresse <a href=\"https:\/\/paperjam.lu\/article\/ete-2022-luxembourg-ravage-par\">plus intenses et plus r\u00e9guli\u00e8res de ces derni\u00e8res ann\u00e9es<\/a>, signe du r\u00e9chauffement climatique. Les arbres, et plus particuli\u00e8rement les \u00e9pic\u00e9as (<a href=\"https:\/\/gouvernement.lu\/dam-assets\/fr\/actualites\/articles\/2014\/03-mars\/26-dieschbourg-inventaire-forestier\/20140326_inventaire_forestier_national_communique_long_FR.pdf\">19% des arbres de nos for\u00eats<\/a>), sont affaiblis par ces conditions difficiles, et d\u00e8s lors plus facilement victimes d\u2019insectes tels que les scolytes qui, eux, b\u00e9n\u00e9ficient des temp\u00e9ratures plus douces pour se multiplier. R\u00e9sultat : ces arbres malades sont fragilis\u00e9s et moins r\u00e9sistants aux temp\u00eates <a href=\"https:\/\/environnement.public.lu\/content\/dam\/environnement\/documents\/klima_an_energie\/Strategie-Adaptation-Changement-climatique-Clean.pdf\">qui deviendront \u00e9galement de plus en plus fr\u00e9quentes<\/a> suite au changement climatique.&nbsp;<\/p>\n\n<p>Un vrai cycle infernal.<\/p>\n\n<p>Cette dynamique n\u00e9gative risque m\u00eame de s\u2019acc\u00e9l\u00e9rer si nous ne r\u00e9duisons pas plus rapidement nos \u00e9missions de gaz \u00e0 effet de serre au niveau mondial.&nbsp;<\/p>\n\n<h2 class=\"wp-block-heading\">D\u00e9truire des for\u00eats pour couler du b\u00e9ton<\/h2>\n\n<p>Le combat contre la destruction de la for\u00eat Bob\u00ebsch et la voie de contournement de Bascharage symbolise bien cette logique d&#8217;exploitation des ressources qui se traduit par une pression toujours accrue sur l\u2019environnement. Bien que cette for\u00eat <a href=\"https:\/\/lequotidien.lu\/luxembourg\/le-contournement-de-bascharage-devrait-passer-par-la-foret-bobesch\/\">soit enregistr\u00e9e comme zone Natura 2000<\/a>, il a <a href=\"https:\/\/www.bigs.lu\/_files\/ugd\/ce8745_4c02f8871fde4961a32daff92d7e3254.pdf\">fallu l\u2019intervention d\u2019activistes motiv\u00e9\u00b7es<\/a> pour la d\u00e9fendre face \u00e0 la cr\u00e9ation d\u2019une route. Pour le moment le dossier est toujours bloqu\u00e9 et on \u00e9voque maintenant la construction d\u2019un tunnel passant sous les zones prot\u00e9g\u00e9es. N\u00e9anmoins, on ne sort toujours pas de la logique habituelle sans repenser nos priorit\u00e9s collectives. Qu\u2019est-ce qui est le plus important au fond ? Prot\u00e9ger le vivant, essentiel \u00e0 la vie sur Terre, ou le d\u00e9veloppement sans logique d\u2019un r\u00e9seau routier toujours plus \u00e9tendu et polluant ?&nbsp;<\/p>\n\n<p>Cet effort commence&nbsp; au Luxembourg, qui compte parmi les <a href=\"https:\/\/www.overshootday.org\/newsroom\/country-overshoot-days\/\">pays les moins durables<\/a> &#8211; un classement soulign\u00e9 le 14 f\u00e9vrier dernier par <a href=\"https:\/\/www.greenpeace.org\/luxembourg\/fr\/communiques-de-presse\/16972\/luxembourg-champion-deurope\/\">le jour du d\u00e9passement du Luxembourg<\/a>. Il y a donc encore du travail pour changer nos mentalit\u00e9s et acc\u00e9l\u00e9rer la transition \u00e9nerg\u00e9tique. Car malgr\u00e9 l&#8217;urgence d\u2019agir, nous continuons par exemple \u00e0 favoriser la consommation de carburants fossiles : les carburants routiers restent moins tax\u00e9s que dans les pays limitrophes, favorisant le tourisme \u00e0 la pompe. Plus choquant encore, le traitement fiscal favorable au transport a\u00e9rien, et plus particuli\u00e8rement \u00e0 l\u2019aviation priv\u00e9e d&#8217;affaires, d\u00e9montre un manque de volont\u00e9 politique de r\u00e9soudre r\u00e9ellement le probl\u00e8me de d\u00e9passement des limites plan\u00e9taires du Luxembourg.&nbsp;<\/p>\n\n<h2 class=\"wp-block-heading\">Que pouvons-nous faire pour les for\u00eats luxembourgeoises ?&nbsp;<\/h2>\n\n<p>Un changement fondamental de notre soci\u00e9t\u00e9, tout simplement ! Ce changement passe par une sensibilisation constante des individus, par chaque action \u00e0 petite \u00e9chelle comme <a href=\"https:\/\/www.greenpeace.org\/luxembourg\/fr\/communiques-de-presse\/17086\/200-personnes-plantent-avec-greenpeace-plus-de-600-arbres-au-coeur-du-luxembourg\/\">la plantation d\u2019une micro-for\u00eat avec nos adh\u00e9rent\u00b7es et b\u00e9n\u00e9voles \u00e0 Mertzig<\/a> mais aussi par la <a href=\"https:\/\/www.greenpeace.org\/luxembourg\/fr\/action\/system-change\/\">revendication pour des changements syst\u00e9miques profonds<\/a> !<\/p>\n\n<p><strong>Vous voulez agir tout de suite ? <\/strong>Aidez-nous \u00e0 prot\u00e9ger les for\u00eats du monde en exigeant \u00e0 notre gouvernement de lutter contre la d\u00e9forestation import\u00e9e au Luxembourg !<\/p>\n\n<p class=\"has-text-align-center\"><\/p>\n\n<div class=\"wp-block-buttons is-content-justification-center is-layout-flex wp-container-core-buttons-is-layout-16018d1d wp-block-buttons-is-layout-flex\">\n<div class=\"wp-block-button is-style-cta\"><a class=\"wp-block-button__link wp-element-button\" href=\"https:\/\/www.greenpeace.org\/luxembourg\/fr\/action\/petition-deforestation\/\" target=\"_blank\" rel=\"https:\/\/www.greenpeace.org\/luxembourg\/fr\/action\/petition-deforestation\/ noopener\">Je signe la p\u00e9tition <br>contre la d\u00e9forestation import\u00e9e au Luxembourg !<\/a><\/div>\n<\/div>\n\n<h2 class=\"wp-block-heading\"><\/h2>\n\n<figure class=\"wp-block-image size-large\"><img loading=\"lazy\" decoding=\"async\" width=\"1024\" height=\"512\" src=\"https:\/\/www.greenpeace.org\/static\/planet4-luxembourg-stateless\/2023\/03\/fa294eeb-header_banner_email_microforet_21032023-1024x512.png\" alt=\"\" class=\"wp-image-17192\" srcset=\"https:\/\/www.greenpeace.org\/static\/planet4-luxembourg-stateless\/2023\/03\/fa294eeb-header_banner_email_microforet_21032023-1024x512.png 1024w, https:\/\/www.greenpeace.org\/static\/planet4-luxembourg-stateless\/2023\/03\/fa294eeb-header_banner_email_microforet_21032023-300x150.png 300w, https:\/\/www.greenpeace.org\/static\/planet4-luxembourg-stateless\/2023\/03\/fa294eeb-header_banner_email_microforet_21032023-768x384.png 768w, https:\/\/www.greenpeace.org\/static\/planet4-luxembourg-stateless\/2023\/03\/fa294eeb-header_banner_email_microforet_21032023-510x255.png 510w, https:\/\/www.greenpeace.org\/static\/planet4-luxembourg-stateless\/2023\/03\/fa294eeb-header_banner_email_microforet_21032023.png 1200w\" sizes=\"auto, (max-width: 1024px) 100vw, 1024px\" \/><\/figure>\n\n<p class=\"has-text-align-right\">Retrouvez toutes les photos de l&#8217;activit\u00e9 <a href=\"https:\/\/media.greenpeace.org\/Detail\/27MZIFJLSTXWC\">ici<\/a> !<\/p>\n","protected":false},"excerpt":{"rendered":"<p>Planter une micro-for\u00eat au c\u0153ur du Luxembourg, voil\u00e0 le d\u00e9fi plein de sens port\u00e9 par les donateurs et donatrices de Greenpeace.<\/p>\n","protected":false},"author":20,"featured_media":17192,"comment_status":"closed","ping_status":"closed","sticky":false,"template":"","format":"standard","meta":{"ep_exclude_from_search":false,"p4_og_title":"","p4_og_description":"","p4_og_image":"","p4_og_image_id":"","p4_seo_canonical_url":"","p4_campaign_name":"Local Campaign","p4_local_project":"Forests - Deforestation & Fires","p4_basket_name":"Forests","p4_department":"Campaign","footnotes":""},"categories":[43],"tags":[100],"p4-page-type":[85],"class_list":["post-17188","post","type-post","status-publish","format-standard","has-post-thumbnail","hentry","category-nature","tag-forets","p4-page-type-actualites"],"yoast_head":"<!-- This site is optimized with the Yoast SEO Premium plugin v23.9 (Yoast SEO v23.9) - https:\/\/yoast.com\/wordpress\/plugins\/seo\/ -->\n<title>Le cri d\u2019espoir de notre (micro-)for\u00eat - Greenpeace Luxembourg<\/title>\n<meta name=\"robots\" content=\"index, follow, max-snippet:-1, max-image-preview:large, max-video-preview:-1\" \/>\n<link rel=\"canonical\" href=\"https:\/\/www.greenpeace.org\/luxembourg\/fr\/actualites\/17188\/le-cri-despoir-de-notre-micro-foret\/\" \/>\n<meta property=\"og:locale\" content=\"fr_FR\" \/>\n<meta property=\"og:type\" content=\"article\" \/>\n<meta property=\"og:title\" content=\"Le cri d\u2019espoir de notre (micro-)for\u00eat\" \/>\n<meta property=\"og:description\" content=\"Planter une micro-for\u00eat au c\u0153ur du Luxembourg, voil\u00e0 le d\u00e9fi plein de sens port\u00e9 par les donateurs et donatrices de Greenpeace.\" \/>\n<meta property=\"og:url\" content=\"https:\/\/www.greenpeace.org\/luxembourg\/fr\/actualites\/17188\/le-cri-despoir-de-notre-micro-foret\/\" \/>\n<meta property=\"og:site_name\" content=\"Greenpeace Luxembourg\" \/>\n<meta property=\"article:publisher\" content=\"https:\/\/www.facebook.com\/greenpeaceluxembourg\" \/>\n<meta property=\"article:published_time\" content=\"2023-03-21T16:48:52+00:00\" \/>\n<meta property=\"article:modified_time\" content=\"2023-03-21T17:00:33+00:00\" \/>\n<meta property=\"og:image\" content=\"https:\/\/www.greenpeace.org\/static\/planet4-luxembourg-stateless\/2023\/03\/fa294eeb-header_banner_email_microforet_21032023.png\" \/>\n\t<meta property=\"og:image:width\" content=\"1200\" \/>\n\t<meta property=\"og:image:height\" content=\"600\" \/>\n\t<meta property=\"og:image:type\" content=\"image\/png\" \/>\n<meta name=\"author\" content=\"Greenpeace Luxembourg\" \/>\n<meta name=\"twitter:card\" content=\"summary_large_image\" \/>\n<meta name=\"twitter:label1\" content=\"Written by\" \/>\n\t<meta name=\"twitter:data1\" content=\"Greenpeace Luxembourg\" \/>\n\t<meta name=\"twitter:label2\" content=\"Est. reading time\" \/>\n\t<meta name=\"twitter:data2\" content=\"5 minutes\" \/>\n<script type=\"application\/ld+json\" class=\"yoast-schema-graph\">{\"@context\":\"https:\/\/schema.org\",\"@graph\":[{\"@type\":\"Article\",\"@id\":\"https:\/\/www.greenpeace.org\/luxembourg\/fr\/actualites\/17188\/le-cri-despoir-de-notre-micro-foret\/#article\",\"isPartOf\":{\"@id\":\"https:\/\/www.greenpeace.org\/luxembourg\/fr\/actualites\/17188\/le-cri-despoir-de-notre-micro-foret\/\"},\"author\":{\"name\":\"Greenpeace Luxembourg\",\"@id\":\"https:\/\/www.greenpeace.org\/luxembourg\/fr\/#\/schema\/person\/12b34015aca6e55fec2e511d2f19102d\"},\"headline\":\"Le cri d\u2019espoir de notre (micro-)for\u00eat\",\"datePublished\":\"2023-03-21T16:48:52+00:00\",\"dateModified\":\"2023-03-21T17:00:33+00:00\",\"mainEntityOfPage\":{\"@id\":\"https:\/\/www.greenpeace.org\/luxembourg\/fr\/actualites\/17188\/le-cri-despoir-de-notre-micro-foret\/\"},\"wordCount\":913,\"publisher\":{\"@id\":\"https:\/\/www.greenpeace.org\/luxembourg\/fr\/#organization\"},\"image\":{\"@id\":\"https:\/\/www.greenpeace.org\/luxembourg\/fr\/actualites\/17188\/le-cri-despoir-de-notre-micro-foret\/#primaryimage\"},\"thumbnailUrl\":\"https:\/\/www.greenpeace.org\/static\/planet4-luxembourg-stateless\/2023\/03\/fa294eeb-header_banner_email_microforet_21032023.png\",\"keywords\":[\"For\u00eats\"],\"articleSection\":[\"Nature\"],\"inLanguage\":\"fr-LU\"},{\"@type\":\"WebPage\",\"@id\":\"https:\/\/www.greenpeace.org\/luxembourg\/fr\/actualites\/17188\/le-cri-despoir-de-notre-micro-foret\/\",\"url\":\"https:\/\/www.greenpeace.org\/luxembourg\/fr\/actualites\/17188\/le-cri-despoir-de-notre-micro-foret\/\",\"name\":\"Le cri d\u2019espoir de notre (micro-)for\u00eat - Greenpeace Luxembourg\",\"isPartOf\":{\"@id\":\"https:\/\/www.greenpeace.org\/luxembourg\/fr\/#website\"},\"primaryImageOfPage\":{\"@id\":\"https:\/\/www.greenpeace.org\/luxembourg\/fr\/actualites\/17188\/le-cri-despoir-de-notre-micro-foret\/#primaryimage\"},\"image\":{\"@id\":\"https:\/\/www.greenpeace.org\/luxembourg\/fr\/actualites\/17188\/le-cri-despoir-de-notre-micro-foret\/#primaryimage\"},\"thumbnailUrl\":\"https:\/\/www.greenpeace.org\/static\/planet4-luxembourg-stateless\/2023\/03\/fa294eeb-header_banner_email_microforet_21032023.png\",\"datePublished\":\"2023-03-21T16:48:52+00:00\",\"dateModified\":\"2023-03-21T17:00:33+00:00\",\"breadcrumb\":{\"@id\":\"https:\/\/www.greenpeace.org\/luxembourg\/fr\/actualites\/17188\/le-cri-despoir-de-notre-micro-foret\/#breadcrumb\"},\"inLanguage\":\"fr-LU\",\"potentialAction\":[{\"@type\":\"ReadAction\",\"target\":[\"https:\/\/www.greenpeace.org\/luxembourg\/fr\/actualites\/17188\/le-cri-despoir-de-notre-micro-foret\/\"]}]},{\"@type\":\"ImageObject\",\"inLanguage\":\"fr-LU\",\"@id\":\"https:\/\/www.greenpeace.org\/luxembourg\/fr\/actualites\/17188\/le-cri-despoir-de-notre-micro-foret\/#primaryimage\",\"url\":\"https:\/\/www.greenpeace.org\/static\/planet4-luxembourg-stateless\/2023\/03\/fa294eeb-header_banner_email_microforet_21032023.png\",\"contentUrl\":\"https:\/\/www.greenpeace.org\/static\/planet4-luxembourg-stateless\/2023\/03\/fa294eeb-header_banner_email_microforet_21032023.png\",\"width\":1200,\"height\":600},{\"@type\":\"BreadcrumbList\",\"@id\":\"https:\/\/www.greenpeace.org\/luxembourg\/fr\/actualites\/17188\/le-cri-despoir-de-notre-micro-foret\/#breadcrumb\",\"itemListElement\":[{\"@type\":\"ListItem\",\"position\":1,\"name\":\"Home\",\"item\":\"https:\/\/www.greenpeace.org\/luxembourg\/fr\/\"},{\"@type\":\"ListItem\",\"position\":2,\"name\":\"Le cri d\u2019espoir de notre (micro-)for\u00eat\"}]},{\"@type\":\"WebSite\",\"@id\":\"https:\/\/www.greenpeace.org\/luxembourg\/fr\/#website\",\"url\":\"https:\/\/www.greenpeace.org\/luxembourg\/fr\/\",\"name\":\"Greenpeace Luxembourg\",\"description\":\"Greenpeace existe parce que cette Terre fragile a besoin d&#039;une voix. Elle a besoin de solutions. De changement. D&#039;actions.\",\"publisher\":{\"@id\":\"https:\/\/www.greenpeace.org\/luxembourg\/fr\/#organization\"},\"potentialAction\":[{\"@type\":\"SearchAction\",\"target\":{\"@type\":\"EntryPoint\",\"urlTemplate\":\"https:\/\/www.greenpeace.org\/luxembourg\/fr\/?s={search_term_string}\"},\"query-input\":{\"@type\":\"PropertyValueSpecification\",\"valueRequired\":true,\"valueName\":\"search_term_string\"}}],\"inLanguage\":\"fr-LU\"},{\"@type\":\"Organization\",\"@id\":\"https:\/\/www.greenpeace.org\/luxembourg\/fr\/#organization\",\"name\":\"Greenpeace Luxembourg\",\"url\":\"https:\/\/www.greenpeace.org\/luxembourg\/fr\/\",\"logo\":{\"@type\":\"ImageObject\",\"inLanguage\":\"fr-LU\",\"@id\":\"https:\/\/www.greenpeace.org\/luxembourg\/fr\/#\/schema\/logo\/image\/\",\"url\":\"https:\/\/www.greenpeace.org\/static\/planet4-luxembourg-stateless\/2026\/03\/3e367f94-greenpeace_logo_green_rgb.png\",\"contentUrl\":\"https:\/\/www.greenpeace.org\/static\/planet4-luxembourg-stateless\/2026\/03\/3e367f94-greenpeace_logo_green_rgb.png\",\"width\":1080,\"height\":175,\"caption\":\"Greenpeace Luxembourg\"},\"image\":{\"@id\":\"https:\/\/www.greenpeace.org\/luxembourg\/fr\/#\/schema\/logo\/image\/\"},\"sameAs\":[\"https:\/\/www.facebook.com\/greenpeaceluxembourg\",\"https:\/\/www.instagram.com\/greenpeacelux\/\",\"https:\/\/www.linkedin.com\/company\/greenpeace-luxembourg\/\",\"https:\/\/www.threads.com\/@greenpeacelux\",\"https:\/\/bsky.app\/profile\/greenpeacelux.bsky.social\",\"https:\/\/www.youtube.com\/@GreenpeaceLux\",\"https:\/\/www.tiktok.com\/@greenpeace_lux\"]},{\"@type\":\"Person\",\"@id\":\"https:\/\/www.greenpeace.org\/luxembourg\/fr\/#\/schema\/person\/12b34015aca6e55fec2e511d2f19102d\",\"name\":\"Greenpeace Luxembourg\",\"url\":\"https:\/\/www.greenpeace.org\/luxembourg\/fr\/author\/gp_luxembourg\/\"}]}<\/script>\n<!-- \/ Yoast SEO Premium plugin. -->","yoast_head_json":{"title":"Le cri d\u2019espoir de notre (micro-)for\u00eat - Greenpeace Luxembourg","robots":{"index":"index","follow":"follow","max-snippet":"max-snippet:-1","max-image-preview":"max-image-preview:large","max-video-preview":"max-video-preview:-1"},"canonical":"https:\/\/www.greenpeace.org\/luxembourg\/fr\/actualites\/17188\/le-cri-despoir-de-notre-micro-foret\/","og_locale":"fr_FR","og_type":"article","og_title":"Le cri d\u2019espoir de notre (micro-)for\u00eat","og_description":"Planter une micro-for\u00eat au c\u0153ur du Luxembourg, voil\u00e0 le d\u00e9fi plein de sens port\u00e9 par les donateurs et donatrices de Greenpeace.","og_url":"https:\/\/www.greenpeace.org\/luxembourg\/fr\/actualites\/17188\/le-cri-despoir-de-notre-micro-foret\/","og_site_name":"Greenpeace Luxembourg","article_publisher":"https:\/\/www.facebook.com\/greenpeaceluxembourg","article_published_time":"2023-03-21T16:48:52+00:00","article_modified_time":"2023-03-21T17:00:33+00:00","og_image":[{"width":1200,"height":600,"url":"https:\/\/www.greenpeace.org\/static\/planet4-luxembourg-stateless\/2023\/03\/fa294eeb-header_banner_email_microforet_21032023.png","type":"image\/png"}],"author":"Greenpeace Luxembourg","twitter_card":"summary_large_image","twitter_misc":{"Written by":"Greenpeace Luxembourg","Est. reading time":"5 minutes"},"schema":{"@context":"https:\/\/schema.org","@graph":[{"@type":"Article","@id":"https:\/\/www.greenpeace.org\/luxembourg\/fr\/actualites\/17188\/le-cri-despoir-de-notre-micro-foret\/#article","isPartOf":{"@id":"https:\/\/www.greenpeace.org\/luxembourg\/fr\/actualites\/17188\/le-cri-despoir-de-notre-micro-foret\/"},"author":{"name":"Greenpeace Luxembourg","@id":"https:\/\/www.greenpeace.org\/luxembourg\/fr\/#\/schema\/person\/12b34015aca6e55fec2e511d2f19102d"},"headline":"Le cri d\u2019espoir de notre (micro-)for\u00eat","datePublished":"2023-03-21T16:48:52+00:00","dateModified":"2023-03-21T17:00:33+00:00","mainEntityOfPage":{"@id":"https:\/\/www.greenpeace.org\/luxembourg\/fr\/actualites\/17188\/le-cri-despoir-de-notre-micro-foret\/"},"wordCount":913,"publisher":{"@id":"https:\/\/www.greenpeace.org\/luxembourg\/fr\/#organization"},"image":{"@id":"https:\/\/www.greenpeace.org\/luxembourg\/fr\/actualites\/17188\/le-cri-despoir-de-notre-micro-foret\/#primaryimage"},"thumbnailUrl":"https:\/\/www.greenpeace.org\/static\/planet4-luxembourg-stateless\/2023\/03\/fa294eeb-header_banner_email_microforet_21032023.png","keywords":["For\u00eats"],"articleSection":["Nature"],"inLanguage":"fr-LU"},{"@type":"WebPage","@id":"https:\/\/www.greenpeace.org\/luxembourg\/fr\/actualites\/17188\/le-cri-despoir-de-notre-micro-foret\/","url":"https:\/\/www.greenpeace.org\/luxembourg\/fr\/actualites\/17188\/le-cri-despoir-de-notre-micro-foret\/","name":"Le cri d\u2019espoir de notre (micro-)for\u00eat - Greenpeace Luxembourg","isPartOf":{"@id":"https:\/\/www.greenpeace.org\/luxembourg\/fr\/#website"},"primaryImageOfPage":{"@id":"https:\/\/www.greenpeace.org\/luxembourg\/fr\/actualites\/17188\/le-cri-despoir-de-notre-micro-foret\/#primaryimage"},"image":{"@id":"https:\/\/www.greenpeace.org\/luxembourg\/fr\/actualites\/17188\/le-cri-despoir-de-notre-micro-foret\/#primaryimage"},"thumbnailUrl":"https:\/\/www.greenpeace.org\/static\/planet4-luxembourg-stateless\/2023\/03\/fa294eeb-header_banner_email_microforet_21032023.png","datePublished":"2023-03-21T16:48:52+00:00","dateModified":"2023-03-21T17:00:33+00:00","breadcrumb":{"@id":"https:\/\/www.greenpeace.org\/luxembourg\/fr\/actualites\/17188\/le-cri-despoir-de-notre-micro-foret\/#breadcrumb"},"inLanguage":"fr-LU","potentialAction":[{"@type":"ReadAction","target":["https:\/\/www.greenpeace.org\/luxembourg\/fr\/actualites\/17188\/le-cri-despoir-de-notre-micro-foret\/"]}]},{"@type":"ImageObject","inLanguage":"fr-LU","@id":"https:\/\/www.greenpeace.org\/luxembourg\/fr\/actualites\/17188\/le-cri-despoir-de-notre-micro-foret\/#primaryimage","url":"https:\/\/www.greenpeace.org\/static\/planet4-luxembourg-stateless\/2023\/03\/fa294eeb-header_banner_email_microforet_21032023.png","contentUrl":"https:\/\/www.greenpeace.org\/static\/planet4-luxembourg-stateless\/2023\/03\/fa294eeb-header_banner_email_microforet_21032023.png","width":1200,"height":600},{"@type":"BreadcrumbList","@id":"https:\/\/www.greenpeace.org\/luxembourg\/fr\/actualites\/17188\/le-cri-despoir-de-notre-micro-foret\/#breadcrumb","itemListElement":[{"@type":"ListItem","position":1,"name":"Home","item":"https:\/\/www.greenpeace.org\/luxembourg\/fr\/"},{"@type":"ListItem","position":2,"name":"Le cri d\u2019espoir de notre (micro-)for\u00eat"}]},{"@type":"WebSite","@id":"https:\/\/www.greenpeace.org\/luxembourg\/fr\/#website","url":"https:\/\/www.greenpeace.org\/luxembourg\/fr\/","name":"Greenpeace Luxembourg","description":"Greenpeace existe parce que cette Terre fragile a besoin d&#039;une voix. Elle a besoin de solutions. De changement. D&#039;actions.","publisher":{"@id":"https:\/\/www.greenpeace.org\/luxembourg\/fr\/#organization"},"potentialAction":[{"@type":"SearchAction","target":{"@type":"EntryPoint","urlTemplate":"https:\/\/www.greenpeace.org\/luxembourg\/fr\/?s={search_term_string}"},"query-input":{"@type":"PropertyValueSpecification","valueRequired":true,"valueName":"search_term_string"}}],"inLanguage":"fr-LU"},{"@type":"Organization","@id":"https:\/\/www.greenpeace.org\/luxembourg\/fr\/#organization","name":"Greenpeace Luxembourg","url":"https:\/\/www.greenpeace.org\/luxembourg\/fr\/","logo":{"@type":"ImageObject","inLanguage":"fr-LU","@id":"https:\/\/www.greenpeace.org\/luxembourg\/fr\/#\/schema\/logo\/image\/","url":"https:\/\/www.greenpeace.org\/static\/planet4-luxembourg-stateless\/2026\/03\/3e367f94-greenpeace_logo_green_rgb.png","contentUrl":"https:\/\/www.greenpeace.org\/static\/planet4-luxembourg-stateless\/2026\/03\/3e367f94-greenpeace_logo_green_rgb.png","width":1080,"height":175,"caption":"Greenpeace Luxembourg"},"image":{"@id":"https:\/\/www.greenpeace.org\/luxembourg\/fr\/#\/schema\/logo\/image\/"},"sameAs":["https:\/\/www.facebook.com\/greenpeaceluxembourg","https:\/\/www.instagram.com\/greenpeacelux\/","https:\/\/www.linkedin.com\/company\/greenpeace-luxembourg\/","https:\/\/www.threads.com\/@greenpeacelux","https:\/\/bsky.app\/profile\/greenpeacelux.bsky.social","https:\/\/www.youtube.com\/@GreenpeaceLux","https:\/\/www.tiktok.com\/@greenpeace_lux"]},{"@type":"Person","@id":"https:\/\/www.greenpeace.org\/luxembourg\/fr\/#\/schema\/person\/12b34015aca6e55fec2e511d2f19102d","name":"Greenpeace Luxembourg","url":"https:\/\/www.greenpeace.org\/luxembourg\/fr\/author\/gp_luxembourg\/"}]}},"_links":{"self":[{"href":"https:\/\/www.greenpeace.org\/luxembourg\/fr\/wp-json\/wp\/v2\/posts\/17188","targetHints":{"allow":["GET"]}}],"collection":[{"href":"https:\/\/www.greenpeace.org\/luxembourg\/fr\/wp-json\/wp\/v2\/posts"}],"about":[{"href":"https:\/\/www.greenpeace.org\/luxembourg\/fr\/wp-json\/wp\/v2\/types\/post"}],"author":[{"embeddable":true,"href":"https:\/\/www.greenpeace.org\/luxembourg\/fr\/wp-json\/wp\/v2\/users\/20"}],"replies":[{"embeddable":true,"href":"https:\/\/www.greenpeace.org\/luxembourg\/fr\/wp-json\/wp\/v2\/comments?post=17188"}],"version-history":[{"count":9,"href":"https:\/\/www.greenpeace.org\/luxembourg\/fr\/wp-json\/wp\/v2\/posts\/17188\/revisions"}],"predecessor-version":[{"id":17214,"href":"https:\/\/www.greenpeace.org\/luxembourg\/fr\/wp-json\/wp\/v2\/posts\/17188\/revisions\/17214"}],"wp:featuredmedia":[{"embeddable":true,"href":"https:\/\/www.greenpeace.org\/luxembourg\/fr\/wp-json\/wp\/v2\/media\/17192"}],"wp:attachment":[{"href":"https:\/\/www.greenpeace.org\/luxembourg\/fr\/wp-json\/wp\/v2\/media?parent=17188"}],"wp:term":[{"taxonomy":"category","embeddable":true,"href":"https:\/\/www.greenpeace.org\/luxembourg\/fr\/wp-json\/wp\/v2\/categories?post=17188"},{"taxonomy":"post_tag","embeddable":true,"href":"https:\/\/www.greenpeace.org\/luxembourg\/fr\/wp-json\/wp\/v2\/tags?post=17188"},{"taxonomy":"p4-page-type","embeddable":true,"href":"https:\/\/www.greenpeace.org\/luxembourg\/fr\/wp-json\/wp\/v2\/p4-page-type?post=17188"}],"curies":[{"name":"wp","href":"https:\/\/api.w.org\/{rel}","templated":true}]}}