{"id":19318,"date":"2023-08-02T07:42:56","date_gmt":"2023-08-02T05:42:56","guid":{"rendered":"https:\/\/www.greenpeace.org\/luxembourg\/?p=19318"},"modified":"2023-08-02T07:42:59","modified_gmt":"2023-08-02T05:42:59","slug":"journee-du-depassement-de-la-terre-symbole-dun-systeme-economique-defaillant","status":"publish","type":"post","link":"https:\/\/www.greenpeace.org\/luxembourg\/fr\/communiques-de-presse\/19318\/journee-du-depassement-de-la-terre-symbole-dun-systeme-economique-defaillant\/","title":{"rendered":"Journ\u00e9e du d\u00e9passement de la Terre : symbole d\u2019un syst\u00e8me \u00e9conomique d\u00e9faillant"},"content":{"rendered":"\n<p><em>Luxembourg,<\/em> le 2 ao\u00fbt 2023 <em>&nbsp;<\/em>&#8211; <strong>L\u2019organisation Global Footprint Network tire aujourd\u2019hui le signal d\u2019alarme : ce jour marque le d\u00e9passement des capacit\u00e9s de production des ressources naturelles de la plan\u00e8te. Ann\u00e9es apr\u00e8s ann\u00e9es, l\u2019impact de notre syst\u00e8me \u00e9conomique se fait plus fort, la plan\u00e8te br\u00fble et nous devons apporter une solution collective en repensant nos priorit\u00e9s. Greenpeace presse pour la mise en place d\u2019un syst\u00e8me \u00e9conomique qui donne la priorit\u00e9 \u00e0 la suffisance et non au profit.<\/strong><\/p>\n\n<p>Le jour du d\u00e9passement de la Terre (<em>Earth Overshoot Day<\/em>) est un \u00e9ni\u00e8me rappel que l\u2019humanit\u00e9 est en train de d\u00e9passer les limites de la capacit\u00e9 de la plan\u00e8te \u00e0 soutenir la vie sous toutes ses formes. Pour rappel, c\u2019est le 14 f\u00e9vrier que le Luxembourg franchit d\u00e9j\u00e0 les limites [1] ! Pour envisager un avenir durable, il faut comprendre que l\u2019environnement, les \u00eatres humains, la soci\u00e9t\u00e9 et l&#8217;\u00e9conomie sont tous interconnect\u00e9s et d\u00e9pendent les uns des autres.&nbsp;<\/p>\n\n<p>Les exc\u00e8s de la production humaine, qui alimentent une consommation qui semble insatiable, se traduisent par la destruction des \u00e9cosyst\u00e8mes mondiaux et par des d\u00e9r\u00e8glements climatiques. Les cons\u00e9quences sont d\u00e9sastreuses (s\u00e9cheresses, incendies, inondations\u2026) et se multiplient ces derni\u00e8res ann\u00e9es. La plan\u00e8te Terre a battu des records de chaleur d\u00e9but juillet [2] et cet \u00e9t\u00e9 le pourtour m\u00e9dit\u00e9ran\u00e9en est la proie des flammes et des temp\u00e9ratures extr\u00eames. M\u00eame au Luxembourg, les effets des perturbations climatiques se font sentir : les for\u00eats malades et la biodiversit\u00e9 en chute libre [3] sont \u00e9galement les cons\u00e9quences de p\u00e9riodes de s\u00e9cheresse anormales qui se r\u00e9p\u00e8tent de plus en plus r\u00e9guli\u00e8rement [4].&nbsp;<\/p>\n\n<p>Selon Fr\u00e9d\u00e9ric Meys de Greenpeace Luxembourg, \u00ab <em>il est temps de repenser notre syst\u00e8me \u00e9conomique principalement fond\u00e9 sur la croissance vers une autre organisation qui ferait la part belle au bien-\u00eatre plut\u00f4t qu&#8217;\u00e0 l\u2019extraction des ressources naturelles. Le principe du pollueur-payeur devrait en outre \u00eatre l\u2019un des principes d\u2019une r\u00e9forme fiscale qui permettrait une redistribution de la richesse, tout en pr\u00e9servant la sant\u00e9 de la plan\u00e8te. Ce sont les principaux pollueurs, notamment les entreprises des \u00e9nergies fossiles et une partie des ultra-riches qui sont les premiers responsables des \u00e9v\u00e8nements climatiques extr\u00eames que nous subissons<\/em>. \u00bb<br><br>Greenpeace exige des solutions ambitieuses \u00e0 la hauteur des enjeux gr\u00e2ce au d\u00e9veloppement d\u2019une r\u00e9elle \u00e9conomie circulaire priorisant la r\u00e9duction de l&#8217;impact environnemental des activit\u00e9s humaines et orientant le syst\u00e8me \u00e9conomique vers la suffisance et non plus le profit.\u00a0<\/p>\n\n<hr class=\"wp-block-separator has-alpha-channel-opacity is-style-wide\"\/>\n\n<p><strong>Notes aux r\u00e9dactions :&nbsp;<\/strong><\/p>\n\n<p class=\"has-small-font-size\">[1] Si toute la population mondiale consommait comme les habitants du Luxembourg, les ressources seraient \u00e9puis\u00e9es au mois de f\u00e9vrier, ce qui signifie qu\u2019 il faudrait plus de 7 plan\u00e8tes pour satisfaire notre soif de consommation. Plus d\u2019informations <a href=\"https:\/\/www.overshootday.org\/newsroom\/country-overshoot-days\/\">ici<\/a>.<br>[2] La <em>World Meterological Organization <\/em>a reconnu le 6 juillet 2023 comme la journ\u00e9e la plus chaude jamais enregistr\u00e9e. Le mois de juillet 2023 a \u00e9galement battu le record de temp\u00e9rature du mois le plus chaud.\u00a0<br>[3] En 2022, l\u2019observatoire de l\u2019environnement naturel tirait la sonnette d\u2019alarme sur la perte de biodiversit\u00e9 et en 2023, le STATEC soulignait une nouvelle fois dans une publication l\u2019\u00e9tat de sant\u00e9 critique de nos for\u00eats.<br>[4] 2022 a \u00e9t\u00e9 l\u2019ann\u00e9e la plus chaude enregistr\u00e9e au Luxembourg, avec l\u2019\u00e9t\u00e9 le plus sec depuis 1921. Plus d\u2019informations <a href=\"https:\/\/gouvernement.lu\/fr\/actualites\/toutes_actualites\/communiques\/2022\/12-decembre\/27-agrimeteo.html\">ici<\/a>.<\/p>\n","protected":false},"excerpt":{"rendered":"<p>L&#8217;organisation Global Footprint Network tire aujourd\u2019hui le signal d\u2019alarme : ce jour marque le d\u00e9passement des capacit\u00e9s de production des ressources naturelles de la&hellip;<\/p>\n","protected":false},"author":25,"featured_media":19319,"comment_status":"closed","ping_status":"closed","sticky":false,"template":"","format":"standard","meta":{"ep_exclude_from_search":false,"p4_og_title":"","p4_og_description":"","p4_og_image":"","p4_og_image_id":"","p4_seo_canonical_url":"","p4_campaign_name":"","p4_local_project":"System Change","p4_basket_name":"Climate &amp; Energy","p4_department":"","footnotes":""},"categories":[41],"tags":[37],"p4-page-type":[83],"class_list":["post-19318","post","type-post","status-publish","format-standard","has-post-thumbnail","hentry","category-climat","tag-changementclimatique","p4-page-type-communiques-de-presse"],"yoast_head":"<!-- This site is optimized with the Yoast SEO Premium plugin v23.9 (Yoast SEO v23.9) - https:\/\/yoast.com\/wordpress\/plugins\/seo\/ -->\n<title>Journ\u00e9e du d\u00e9passement de la Terre : symbole d\u2019un syst\u00e8me \u00e9conomique d\u00e9faillant - Greenpeace Luxembourg<\/title>\n<meta name=\"robots\" content=\"index, follow, max-snippet:-1, max-image-preview:large, max-video-preview:-1\" \/>\n<link rel=\"canonical\" href=\"https:\/\/www.greenpeace.org\/luxembourg\/fr\/communiques-de-presse\/19318\/journee-du-depassement-de-la-terre-symbole-dun-systeme-economique-defaillant\/\" \/>\n<meta property=\"og:locale\" content=\"fr_FR\" \/>\n<meta property=\"og:type\" content=\"article\" \/>\n<meta property=\"og:title\" content=\"Journ\u00e9e du d\u00e9passement de la Terre : symbole d\u2019un syst\u00e8me \u00e9conomique d\u00e9faillant\" \/>\n<meta property=\"og:description\" content=\"L&#039;organisation Global Footprint Network tire aujourd\u2019hui le signal d\u2019alarme : ce jour marque le d\u00e9passement des capacit\u00e9s de production des ressources naturelles de la&hellip;\" \/>\n<meta property=\"og:url\" content=\"https:\/\/www.greenpeace.org\/luxembourg\/fr\/communiques-de-presse\/19318\/journee-du-depassement-de-la-terre-symbole-dun-systeme-economique-defaillant\/\" \/>\n<meta property=\"og:site_name\" content=\"Greenpeace Luxembourg\" \/>\n<meta property=\"article:publisher\" content=\"https:\/\/www.facebook.com\/greenpeaceluxembourg\" \/>\n<meta property=\"article:published_time\" content=\"2023-08-02T05:42:56+00:00\" \/>\n<meta property=\"article:modified_time\" content=\"2023-08-02T05:42:59+00:00\" \/>\n<meta property=\"og:image\" content=\"https:\/\/www.greenpeace.org\/static\/planet4-luxembourg-stateless\/2023\/08\/85760e00-gp048ty_web_size.jpg\" \/>\n\t<meta property=\"og:image:width\" content=\"800\" \/>\n\t<meta property=\"og:image:height\" content=\"541\" \/>\n\t<meta property=\"og:image:type\" content=\"image\/jpeg\" \/>\n<meta name=\"author\" content=\"Esther Wildanger\" \/>\n<meta name=\"twitter:card\" content=\"summary_large_image\" \/>\n<meta name=\"twitter:label1\" content=\"Written by\" \/>\n\t<meta name=\"twitter:data1\" content=\"Esther Wildanger\" \/>\n\t<meta name=\"twitter:label2\" content=\"Est. reading time\" \/>\n\t<meta name=\"twitter:data2\" content=\"3 minutes\" \/>\n<script type=\"application\/ld+json\" class=\"yoast-schema-graph\">{\"@context\":\"https:\/\/schema.org\",\"@graph\":[{\"@type\":\"Article\",\"@id\":\"https:\/\/www.greenpeace.org\/luxembourg\/fr\/communiques-de-presse\/19318\/journee-du-depassement-de-la-terre-symbole-dun-systeme-economique-defaillant\/#article\",\"isPartOf\":{\"@id\":\"https:\/\/www.greenpeace.org\/luxembourg\/fr\/communiques-de-presse\/19318\/journee-du-depassement-de-la-terre-symbole-dun-systeme-economique-defaillant\/\"},\"author\":{\"name\":\"Esther Wildanger\",\"@id\":\"https:\/\/www.greenpeace.org\/luxembourg\/fr\/#\/schema\/person\/3d0e81a859b59009fec36a8552ef76a7\"},\"headline\":\"Journ\u00e9e du d\u00e9passement de la Terre : symbole d\u2019un syst\u00e8me \u00e9conomique d\u00e9faillant\",\"datePublished\":\"2023-08-02T05:42:56+00:00\",\"dateModified\":\"2023-08-02T05:42:59+00:00\",\"mainEntityOfPage\":{\"@id\":\"https:\/\/www.greenpeace.org\/luxembourg\/fr\/communiques-de-presse\/19318\/journee-du-depassement-de-la-terre-symbole-dun-systeme-economique-defaillant\/\"},\"wordCount\":617,\"publisher\":{\"@id\":\"https:\/\/www.greenpeace.org\/luxembourg\/fr\/#organization\"},\"image\":{\"@id\":\"https:\/\/www.greenpeace.org\/luxembourg\/fr\/communiques-de-presse\/19318\/journee-du-depassement-de-la-terre-symbole-dun-systeme-economique-defaillant\/#primaryimage\"},\"thumbnailUrl\":\"https:\/\/www.greenpeace.org\/static\/planet4-luxembourg-stateless\/2023\/08\/85760e00-gp048ty_web_size.jpg\",\"keywords\":[\"ChangementClimatique\"],\"articleSection\":[\"Climat\"],\"inLanguage\":\"fr-LU\"},{\"@type\":\"WebPage\",\"@id\":\"https:\/\/www.greenpeace.org\/luxembourg\/fr\/communiques-de-presse\/19318\/journee-du-depassement-de-la-terre-symbole-dun-systeme-economique-defaillant\/\",\"url\":\"https:\/\/www.greenpeace.org\/luxembourg\/fr\/communiques-de-presse\/19318\/journee-du-depassement-de-la-terre-symbole-dun-systeme-economique-defaillant\/\",\"name\":\"Journ\u00e9e du d\u00e9passement de la Terre : symbole d\u2019un syst\u00e8me \u00e9conomique d\u00e9faillant - Greenpeace Luxembourg\",\"isPartOf\":{\"@id\":\"https:\/\/www.greenpeace.org\/luxembourg\/fr\/#website\"},\"primaryImageOfPage\":{\"@id\":\"https:\/\/www.greenpeace.org\/luxembourg\/fr\/communiques-de-presse\/19318\/journee-du-depassement-de-la-terre-symbole-dun-systeme-economique-defaillant\/#primaryimage\"},\"image\":{\"@id\":\"https:\/\/www.greenpeace.org\/luxembourg\/fr\/communiques-de-presse\/19318\/journee-du-depassement-de-la-terre-symbole-dun-systeme-economique-defaillant\/#primaryimage\"},\"thumbnailUrl\":\"https:\/\/www.greenpeace.org\/static\/planet4-luxembourg-stateless\/2023\/08\/85760e00-gp048ty_web_size.jpg\",\"datePublished\":\"2023-08-02T05:42:56+00:00\",\"dateModified\":\"2023-08-02T05:42:59+00:00\",\"breadcrumb\":{\"@id\":\"https:\/\/www.greenpeace.org\/luxembourg\/fr\/communiques-de-presse\/19318\/journee-du-depassement-de-la-terre-symbole-dun-systeme-economique-defaillant\/#breadcrumb\"},\"inLanguage\":\"fr-LU\",\"potentialAction\":[{\"@type\":\"ReadAction\",\"target\":[\"https:\/\/www.greenpeace.org\/luxembourg\/fr\/communiques-de-presse\/19318\/journee-du-depassement-de-la-terre-symbole-dun-systeme-economique-defaillant\/\"]}]},{\"@type\":\"ImageObject\",\"inLanguage\":\"fr-LU\",\"@id\":\"https:\/\/www.greenpeace.org\/luxembourg\/fr\/communiques-de-presse\/19318\/journee-du-depassement-de-la-terre-symbole-dun-systeme-economique-defaillant\/#primaryimage\",\"url\":\"https:\/\/www.greenpeace.org\/static\/planet4-luxembourg-stateless\/2023\/08\/85760e00-gp048ty_web_size.jpg\",\"contentUrl\":\"https:\/\/www.greenpeace.org\/static\/planet4-luxembourg-stateless\/2023\/08\/85760e00-gp048ty_web_size.jpg\",\"width\":800,\"height\":541,\"caption\":\"Aerial view of brown coal (lignite) power plants between Spremberg and Weisswasser (Lausitz, Brandenburg). In the foreground the coal power plant Schwarze Pumpe and in the background the coal power plant Boxberg (Vattenfall Europe). Luftaufnahme des Braunkohlereviers zwischen Spremberg und Weisswasser in der Lausitz (Brandenburg). Vorne Braunkohlenkraftwerk Schwarze Pumpe, hinten Braunkohlenkraftwerk Boxberg, beide betrieben von der Vattenfall Europe Group.\"},{\"@type\":\"BreadcrumbList\",\"@id\":\"https:\/\/www.greenpeace.org\/luxembourg\/fr\/communiques-de-presse\/19318\/journee-du-depassement-de-la-terre-symbole-dun-systeme-economique-defaillant\/#breadcrumb\",\"itemListElement\":[{\"@type\":\"ListItem\",\"position\":1,\"name\":\"Home\",\"item\":\"https:\/\/www.greenpeace.org\/luxembourg\/fr\/\"},{\"@type\":\"ListItem\",\"position\":2,\"name\":\"Journ\u00e9e du d\u00e9passement de la Terre : symbole d\u2019un syst\u00e8me \u00e9conomique d\u00e9faillant\"}]},{\"@type\":\"WebSite\",\"@id\":\"https:\/\/www.greenpeace.org\/luxembourg\/fr\/#website\",\"url\":\"https:\/\/www.greenpeace.org\/luxembourg\/fr\/\",\"name\":\"Greenpeace Luxembourg\",\"description\":\"Greenpeace existe parce que cette Terre fragile a besoin d&#039;une voix. Elle a besoin de solutions. De changement. D&#039;actions.\",\"publisher\":{\"@id\":\"https:\/\/www.greenpeace.org\/luxembourg\/fr\/#organization\"},\"potentialAction\":[{\"@type\":\"SearchAction\",\"target\":{\"@type\":\"EntryPoint\",\"urlTemplate\":\"https:\/\/www.greenpeace.org\/luxembourg\/fr\/?s={search_term_string}\"},\"query-input\":{\"@type\":\"PropertyValueSpecification\",\"valueRequired\":true,\"valueName\":\"search_term_string\"}}],\"inLanguage\":\"fr-LU\"},{\"@type\":\"Organization\",\"@id\":\"https:\/\/www.greenpeace.org\/luxembourg\/fr\/#organization\",\"name\":\"Greenpeace Luxembourg\",\"url\":\"https:\/\/www.greenpeace.org\/luxembourg\/fr\/\",\"logo\":{\"@type\":\"ImageObject\",\"inLanguage\":\"fr-LU\",\"@id\":\"https:\/\/www.greenpeace.org\/luxembourg\/fr\/#\/schema\/logo\/image\/\",\"url\":\"https:\/\/www.greenpeace.org\/static\/planet4-luxembourg-stateless\/2026\/03\/3e367f94-greenpeace_logo_green_rgb.png\",\"contentUrl\":\"https:\/\/www.greenpeace.org\/static\/planet4-luxembourg-stateless\/2026\/03\/3e367f94-greenpeace_logo_green_rgb.png\",\"width\":1080,\"height\":175,\"caption\":\"Greenpeace Luxembourg\"},\"image\":{\"@id\":\"https:\/\/www.greenpeace.org\/luxembourg\/fr\/#\/schema\/logo\/image\/\"},\"sameAs\":[\"https:\/\/www.facebook.com\/greenpeaceluxembourg\",\"https:\/\/www.instagram.com\/greenpeacelux\/\",\"https:\/\/www.linkedin.com\/company\/greenpeace-luxembourg\/\",\"https:\/\/www.threads.com\/@greenpeacelux\",\"https:\/\/bsky.app\/profile\/greenpeacelux.bsky.social\",\"https:\/\/www.youtube.com\/@GreenpeaceLux\",\"https:\/\/www.tiktok.com\/@greenpeace_lux\"]},{\"@type\":\"Person\",\"@id\":\"https:\/\/www.greenpeace.org\/luxembourg\/fr\/#\/schema\/person\/3d0e81a859b59009fec36a8552ef76a7\",\"name\":\"Esther Wildanger\",\"url\":\"https:\/\/www.greenpeace.org\/luxembourg\/fr\/author\/ewildang\/\"}]}<\/script>\n<!-- \/ Yoast SEO Premium plugin. -->","yoast_head_json":{"title":"Journ\u00e9e du d\u00e9passement de la Terre : symbole d\u2019un syst\u00e8me \u00e9conomique d\u00e9faillant - Greenpeace Luxembourg","robots":{"index":"index","follow":"follow","max-snippet":"max-snippet:-1","max-image-preview":"max-image-preview:large","max-video-preview":"max-video-preview:-1"},"canonical":"https:\/\/www.greenpeace.org\/luxembourg\/fr\/communiques-de-presse\/19318\/journee-du-depassement-de-la-terre-symbole-dun-systeme-economique-defaillant\/","og_locale":"fr_FR","og_type":"article","og_title":"Journ\u00e9e du d\u00e9passement de la Terre : symbole d\u2019un syst\u00e8me \u00e9conomique d\u00e9faillant","og_description":"L'organisation Global Footprint Network tire aujourd\u2019hui le signal d\u2019alarme : ce jour marque le d\u00e9passement des capacit\u00e9s de production des ressources naturelles de la&hellip;","og_url":"https:\/\/www.greenpeace.org\/luxembourg\/fr\/communiques-de-presse\/19318\/journee-du-depassement-de-la-terre-symbole-dun-systeme-economique-defaillant\/","og_site_name":"Greenpeace Luxembourg","article_publisher":"https:\/\/www.facebook.com\/greenpeaceluxembourg","article_published_time":"2023-08-02T05:42:56+00:00","article_modified_time":"2023-08-02T05:42:59+00:00","og_image":[{"width":800,"height":541,"url":"https:\/\/www.greenpeace.org\/static\/planet4-luxembourg-stateless\/2023\/08\/85760e00-gp048ty_web_size.jpg","type":"image\/jpeg"}],"author":"Esther Wildanger","twitter_card":"summary_large_image","twitter_misc":{"Written by":"Esther Wildanger","Est. reading time":"3 minutes"},"schema":{"@context":"https:\/\/schema.org","@graph":[{"@type":"Article","@id":"https:\/\/www.greenpeace.org\/luxembourg\/fr\/communiques-de-presse\/19318\/journee-du-depassement-de-la-terre-symbole-dun-systeme-economique-defaillant\/#article","isPartOf":{"@id":"https:\/\/www.greenpeace.org\/luxembourg\/fr\/communiques-de-presse\/19318\/journee-du-depassement-de-la-terre-symbole-dun-systeme-economique-defaillant\/"},"author":{"name":"Esther Wildanger","@id":"https:\/\/www.greenpeace.org\/luxembourg\/fr\/#\/schema\/person\/3d0e81a859b59009fec36a8552ef76a7"},"headline":"Journ\u00e9e du d\u00e9passement de la Terre : symbole d\u2019un syst\u00e8me \u00e9conomique d\u00e9faillant","datePublished":"2023-08-02T05:42:56+00:00","dateModified":"2023-08-02T05:42:59+00:00","mainEntityOfPage":{"@id":"https:\/\/www.greenpeace.org\/luxembourg\/fr\/communiques-de-presse\/19318\/journee-du-depassement-de-la-terre-symbole-dun-systeme-economique-defaillant\/"},"wordCount":617,"publisher":{"@id":"https:\/\/www.greenpeace.org\/luxembourg\/fr\/#organization"},"image":{"@id":"https:\/\/www.greenpeace.org\/luxembourg\/fr\/communiques-de-presse\/19318\/journee-du-depassement-de-la-terre-symbole-dun-systeme-economique-defaillant\/#primaryimage"},"thumbnailUrl":"https:\/\/www.greenpeace.org\/static\/planet4-luxembourg-stateless\/2023\/08\/85760e00-gp048ty_web_size.jpg","keywords":["ChangementClimatique"],"articleSection":["Climat"],"inLanguage":"fr-LU"},{"@type":"WebPage","@id":"https:\/\/www.greenpeace.org\/luxembourg\/fr\/communiques-de-presse\/19318\/journee-du-depassement-de-la-terre-symbole-dun-systeme-economique-defaillant\/","url":"https:\/\/www.greenpeace.org\/luxembourg\/fr\/communiques-de-presse\/19318\/journee-du-depassement-de-la-terre-symbole-dun-systeme-economique-defaillant\/","name":"Journ\u00e9e du d\u00e9passement de la Terre : symbole d\u2019un syst\u00e8me \u00e9conomique d\u00e9faillant - Greenpeace Luxembourg","isPartOf":{"@id":"https:\/\/www.greenpeace.org\/luxembourg\/fr\/#website"},"primaryImageOfPage":{"@id":"https:\/\/www.greenpeace.org\/luxembourg\/fr\/communiques-de-presse\/19318\/journee-du-depassement-de-la-terre-symbole-dun-systeme-economique-defaillant\/#primaryimage"},"image":{"@id":"https:\/\/www.greenpeace.org\/luxembourg\/fr\/communiques-de-presse\/19318\/journee-du-depassement-de-la-terre-symbole-dun-systeme-economique-defaillant\/#primaryimage"},"thumbnailUrl":"https:\/\/www.greenpeace.org\/static\/planet4-luxembourg-stateless\/2023\/08\/85760e00-gp048ty_web_size.jpg","datePublished":"2023-08-02T05:42:56+00:00","dateModified":"2023-08-02T05:42:59+00:00","breadcrumb":{"@id":"https:\/\/www.greenpeace.org\/luxembourg\/fr\/communiques-de-presse\/19318\/journee-du-depassement-de-la-terre-symbole-dun-systeme-economique-defaillant\/#breadcrumb"},"inLanguage":"fr-LU","potentialAction":[{"@type":"ReadAction","target":["https:\/\/www.greenpeace.org\/luxembourg\/fr\/communiques-de-presse\/19318\/journee-du-depassement-de-la-terre-symbole-dun-systeme-economique-defaillant\/"]}]},{"@type":"ImageObject","inLanguage":"fr-LU","@id":"https:\/\/www.greenpeace.org\/luxembourg\/fr\/communiques-de-presse\/19318\/journee-du-depassement-de-la-terre-symbole-dun-systeme-economique-defaillant\/#primaryimage","url":"https:\/\/www.greenpeace.org\/static\/planet4-luxembourg-stateless\/2023\/08\/85760e00-gp048ty_web_size.jpg","contentUrl":"https:\/\/www.greenpeace.org\/static\/planet4-luxembourg-stateless\/2023\/08\/85760e00-gp048ty_web_size.jpg","width":800,"height":541,"caption":"Aerial view of brown coal (lignite) power plants between Spremberg and Weisswasser (Lausitz, Brandenburg). In the foreground the coal power plant Schwarze Pumpe and in the background the coal power plant Boxberg (Vattenfall Europe). Luftaufnahme des Braunkohlereviers zwischen Spremberg und Weisswasser in der Lausitz (Brandenburg). Vorne Braunkohlenkraftwerk Schwarze Pumpe, hinten Braunkohlenkraftwerk Boxberg, beide betrieben von der Vattenfall Europe Group."},{"@type":"BreadcrumbList","@id":"https:\/\/www.greenpeace.org\/luxembourg\/fr\/communiques-de-presse\/19318\/journee-du-depassement-de-la-terre-symbole-dun-systeme-economique-defaillant\/#breadcrumb","itemListElement":[{"@type":"ListItem","position":1,"name":"Home","item":"https:\/\/www.greenpeace.org\/luxembourg\/fr\/"},{"@type":"ListItem","position":2,"name":"Journ\u00e9e du d\u00e9passement de la Terre : symbole d\u2019un syst\u00e8me \u00e9conomique d\u00e9faillant"}]},{"@type":"WebSite","@id":"https:\/\/www.greenpeace.org\/luxembourg\/fr\/#website","url":"https:\/\/www.greenpeace.org\/luxembourg\/fr\/","name":"Greenpeace Luxembourg","description":"Greenpeace existe parce que cette Terre fragile a besoin d&#039;une voix. Elle a besoin de solutions. De changement. D&#039;actions.","publisher":{"@id":"https:\/\/www.greenpeace.org\/luxembourg\/fr\/#organization"},"potentialAction":[{"@type":"SearchAction","target":{"@type":"EntryPoint","urlTemplate":"https:\/\/www.greenpeace.org\/luxembourg\/fr\/?s={search_term_string}"},"query-input":{"@type":"PropertyValueSpecification","valueRequired":true,"valueName":"search_term_string"}}],"inLanguage":"fr-LU"},{"@type":"Organization","@id":"https:\/\/www.greenpeace.org\/luxembourg\/fr\/#organization","name":"Greenpeace Luxembourg","url":"https:\/\/www.greenpeace.org\/luxembourg\/fr\/","logo":{"@type":"ImageObject","inLanguage":"fr-LU","@id":"https:\/\/www.greenpeace.org\/luxembourg\/fr\/#\/schema\/logo\/image\/","url":"https:\/\/www.greenpeace.org\/static\/planet4-luxembourg-stateless\/2026\/03\/3e367f94-greenpeace_logo_green_rgb.png","contentUrl":"https:\/\/www.greenpeace.org\/static\/planet4-luxembourg-stateless\/2026\/03\/3e367f94-greenpeace_logo_green_rgb.png","width":1080,"height":175,"caption":"Greenpeace Luxembourg"},"image":{"@id":"https:\/\/www.greenpeace.org\/luxembourg\/fr\/#\/schema\/logo\/image\/"},"sameAs":["https:\/\/www.facebook.com\/greenpeaceluxembourg","https:\/\/www.instagram.com\/greenpeacelux\/","https:\/\/www.linkedin.com\/company\/greenpeace-luxembourg\/","https:\/\/www.threads.com\/@greenpeacelux","https:\/\/bsky.app\/profile\/greenpeacelux.bsky.social","https:\/\/www.youtube.com\/@GreenpeaceLux","https:\/\/www.tiktok.com\/@greenpeace_lux"]},{"@type":"Person","@id":"https:\/\/www.greenpeace.org\/luxembourg\/fr\/#\/schema\/person\/3d0e81a859b59009fec36a8552ef76a7","name":"Esther Wildanger","url":"https:\/\/www.greenpeace.org\/luxembourg\/fr\/author\/ewildang\/"}]}},"_links":{"self":[{"href":"https:\/\/www.greenpeace.org\/luxembourg\/fr\/wp-json\/wp\/v2\/posts\/19318","targetHints":{"allow":["GET"]}}],"collection":[{"href":"https:\/\/www.greenpeace.org\/luxembourg\/fr\/wp-json\/wp\/v2\/posts"}],"about":[{"href":"https:\/\/www.greenpeace.org\/luxembourg\/fr\/wp-json\/wp\/v2\/types\/post"}],"author":[{"embeddable":true,"href":"https:\/\/www.greenpeace.org\/luxembourg\/fr\/wp-json\/wp\/v2\/users\/25"}],"replies":[{"embeddable":true,"href":"https:\/\/www.greenpeace.org\/luxembourg\/fr\/wp-json\/wp\/v2\/comments?post=19318"}],"version-history":[{"count":1,"href":"https:\/\/www.greenpeace.org\/luxembourg\/fr\/wp-json\/wp\/v2\/posts\/19318\/revisions"}],"predecessor-version":[{"id":19321,"href":"https:\/\/www.greenpeace.org\/luxembourg\/fr\/wp-json\/wp\/v2\/posts\/19318\/revisions\/19321"}],"wp:featuredmedia":[{"embeddable":true,"href":"https:\/\/www.greenpeace.org\/luxembourg\/fr\/wp-json\/wp\/v2\/media\/19319"}],"wp:attachment":[{"href":"https:\/\/www.greenpeace.org\/luxembourg\/fr\/wp-json\/wp\/v2\/media?parent=19318"}],"wp:term":[{"taxonomy":"category","embeddable":true,"href":"https:\/\/www.greenpeace.org\/luxembourg\/fr\/wp-json\/wp\/v2\/categories?post=19318"},{"taxonomy":"post_tag","embeddable":true,"href":"https:\/\/www.greenpeace.org\/luxembourg\/fr\/wp-json\/wp\/v2\/tags?post=19318"},{"taxonomy":"p4-page-type","embeddable":true,"href":"https:\/\/www.greenpeace.org\/luxembourg\/fr\/wp-json\/wp\/v2\/p4-page-type?post=19318"}],"curies":[{"name":"wp","href":"https:\/\/api.w.org\/{rel}","templated":true}]}}