{"id":19343,"date":"2023-08-03T13:43:09","date_gmt":"2023-08-03T11:43:09","guid":{"rendered":"https:\/\/www.greenpeace.org\/luxembourg\/?p=19343"},"modified":"2023-08-03T13:43:12","modified_gmt":"2023-08-03T11:43:12","slug":"pas-de-feu-vert-pour-lexploitation-des-fonds-marins-mais-la-menace-persiste","status":"publish","type":"post","link":"https:\/\/www.greenpeace.org\/luxembourg\/fr\/actualites\/19343\/pas-de-feu-vert-pour-lexploitation-des-fonds-marins-mais-la-menace-persiste\/","title":{"rendered":"Pas de feu vert pour l\u2019exploitation des fonds marins, mais la menace persiste"},"content":{"rendered":"\n<p>Vendredi dernier, \u00e0 l\u2019issue des n\u00e9gociations de l&#8217;Autorit\u00e9 internationale des fonds marins (AIFM), l\u2019industrie mini\u00e8re en eaux profondes n\u2019a pas r\u00e9ussi \u00e0 obtenir son feu vert pour commencer le pillage des fonds marins. L&#8217;opposition \u00e0 cette pratique destructrice s&#8217;intensifie au sein m\u00eame de l\u2019autorit\u00e9, avec plus de 20 gouvernements exigeant une \u00ab <em>pause de pr\u00e9caution<\/em> \u00bb.<\/p>\n\n<h3 class=\"wp-block-heading\"><strong>Des n\u00e9gociations sous haute pression<\/strong><\/h3>\n\n<p>\u00ab <em>L\u2019industrie mini\u00e8re en eaux profondes \u00e9tait pr\u00eate \u00e0 planter ses crocs m\u00e9caniques dans le plancher oc\u00e9anique, mais son pari s\u2019est retourn\u00e9 contre elle \u00bb<\/em>, explique Louisa Casson, charg\u00e9e de campagne internationale pour les oc\u00e9ans.<em> \u00ab Les entreprises ont gravement sous-estim\u00e9 le poids de la science et de la justice face \u00e0 leurs int\u00e9r\u00eats sp\u00e9culatifs. La mobilisation croissante du grand public a fissur\u00e9 leur forteresse. Il est clair que la plupart des gouvernements ne veulent pas qu\u2019on se rappelle d\u2019eux comme ceux qui ont d\u00e9truit les oc\u00e9ans. <\/em>\u00bb<\/p>\n\n<p>En d\u00e9pit des pressions de l\u2019industrie, soutenue notamment par la Norv\u00e8ge, l\u2019\u00cele de Nauru et le Mexique, une majorit\u00e9 d\u2019\u00c9tats, dont le Br\u00e9sil, le Costa Rica, le Chili, le Vanuatu, l\u2019Allemagne et la Suisse, ont refus\u00e9 d\u2019acc\u00e9l\u00e9rer la mise en oeuvre d\u2019une r\u00e9glementation relative \u00e0 l\u2019exploitation mini\u00e8re en eaux profondes. Le leader du secteur,<em> The Metals Company<\/em>, a vu aussit\u00f4t le <a href=\"https:\/\/www.nasdaq.com\/articles\/why-the-metals-company-stock-is-drowning-today\">cours de son action s\u2019effondrer<\/a>, signe incontestable de la faible confiance des march\u00e9s.&nbsp;<\/p>\n\n<p>\u00ab <em>Les investisseurs ne retiendront de ce qu\u2019il s\u2019est pass\u00e9 la semaine derni\u00e8re qu\u2019une tentative d\u00e9sesp\u00e9r\u00e9e de l\u2019industrie pour maintenir l\u2019illusion qu\u2019elle a encore un avenir. Si l\u2019exploitation mini\u00e8re en eaux profondes \u00e9tait aussi durable qu\u2019elle le pr\u00e9tend, et si son c\u0153ur \u00e9tait v\u00e9ritablement investi dans la lutte contre la crise climatique, pourquoi bloquer la dissidence ? Ces derni\u00e8res semaines ont clairement montr\u00e9 que l\u2019exploitation des grands fonds \u00e9tait non seulement irresponsable, mais aussi politiquement toxique. Le monde entier s\u2019oppose \u00e0 cette pratique. Il y a encore beaucoup \u00e0 faire, mais notre d\u00e9termination est sans faille<\/em> \u00bb, poursuit Casson.&nbsp;<\/p>\n\n<p>Lors de l\u2019assembl\u00e9e de l\u2019AIFM, les pays favorables \u00e0 l\u2019exploitation mini\u00e8re ont en effet r\u00e9agi en tentant de r\u00e9duire au silence la contestation \u00e0 l\u2019endroit m\u00eame o\u00f9 elle est cens\u00e9e faire l\u2019objet de n\u00e9gociations : la Chine s\u2019est ainsi oppos\u00e9e \u00e0 une proposition des gouvernements d\u2019Am\u00e9rique latine, du Pacifique et d\u2019Europe visant \u00e0 la cr\u00e9ation d\u2019un espace de d\u00e9bat. \u00c0 l\u2019heure o\u00f9 le droit de manifester et la libert\u00e9 de la presse sont menac\u00e9s partout dans le monde, des restrictions ont \u00e9t\u00e9 impos\u00e9es aux journalistes et aux activistes, le secr\u00e9tariat du conseil de l\u2019AIFM, soup\u00e7onn\u00e9 d\u2019\u00eatre plus qu\u2019influenc\u00e9 par l\u2019industrie, est m\u00eame all\u00e9 jusqu\u2019\u00e0 restreindre l\u2019acc\u00e8s aux n\u00e9gociations du Conseil de l\u2019AIFM : sur les trois semaines qu\u2019ont dur\u00e9 les n\u00e9gociations, une seule a \u00e9t\u00e9 ouverte aux Lors de l\u2019assembl\u00e9e de l\u2019AIFM, les pays favorables \u00e0 l\u2019exploitation mini\u00e8re ont en effet r\u00e9agi en tentant de r\u00e9duire au silence la contestation \u00e0 l\u2019endroit m\u00eame o\u00f9 elle est cens\u00e9e faire l\u2019objet de n\u00e9gociations : la Chine s\u2019est ainsi oppos\u00e9e \u00e0 une proposition des gouvernements d\u2019Am\u00e9rique latine, du Pacifique et d\u2019Europe visant \u00e0 la cr\u00e9ation d\u2019un espace de d\u00e9bat. \u00c0 l\u2019heure o\u00f9 le droit de manifester et la libert\u00e9 de la presse sont menac\u00e9s partout dans le monde, des restrictions ont \u00e9t\u00e9 impos\u00e9es aux journalistes et aux activistes, le secr\u00e9tariat du conseil de l\u2019AIFM, soup\u00e7onn\u00e9 d\u2019\u00eatre plus qu\u2019influenc\u00e9 par l\u2019industrie, est m\u00eame all\u00e9 jusqu\u2019\u00e0 restreindre l\u2019acc\u00e8s aux n\u00e9gociations du Conseil de l\u2019AIFM : sur les trois semaines qu\u2019ont dur\u00e9 les n\u00e9gociations, une seule a \u00e9t\u00e9 ouverte aux m\u00e9dias et les manifestations pacifiques ayant cours pendant les r\u00e9unions ont \u00e9t\u00e9 activement r\u00e9prim\u00e9s.<\/p>\n\n<figure class=\"wp-block-image size-full\"><img loading=\"lazy\" decoding=\"async\" width=\"800\" height=\"533\" src=\"https:\/\/www.greenpeace.org\/static\/planet4-luxembourg-stateless\/2023\/08\/566ad0f5-gp0stx4ln_web_size.jpg\" alt=\"\" class=\"wp-image-19344\" srcset=\"https:\/\/www.greenpeace.org\/static\/planet4-luxembourg-stateless\/2023\/08\/566ad0f5-gp0stx4ln_web_size.jpg 800w, https:\/\/www.greenpeace.org\/static\/planet4-luxembourg-stateless\/2023\/08\/566ad0f5-gp0stx4ln_web_size-300x200.jpg 300w, https:\/\/www.greenpeace.org\/static\/planet4-luxembourg-stateless\/2023\/08\/566ad0f5-gp0stx4ln_web_size-768x512.jpg 768w, https:\/\/www.greenpeace.org\/static\/planet4-luxembourg-stateless\/2023\/08\/566ad0f5-gp0stx4ln_web_size-510x340.jpg 510w\" sizes=\"auto, (max-width: 800px) 100vw, 800px\" \/><figcaption class=\"wp-element-caption\">\u00a9 Greenpeace<\/figcaption><\/figure>\n\n<p>L\u2019AIFM a cependant \u00e9chou\u00e9 \u00e0 combler une faille juridique qui permet aux entreprises mini\u00e8res de d\u2019ores et d\u00e9j\u00e0<a href=\"https:\/\/www.greenpeace.fr\/espace-presse\/les-gouvernements-laissent-la-porte-ouverte-au-demarrage-des-cette-annee-de-lexploitation-miniere-des-oceans\/\"> demander une licence d\u2019exploitation des grands fonds<\/a> pour l\u2019ann\u00e9e prochaine.&nbsp;<\/p>\n\n<h3 class=\"wp-block-heading\"><strong>Une menace bien r\u00e9elle, qu\u2019un moratoire pourrait \u00e9carter<\/strong><\/h3>\n\n<p>Le monde prend peu \u00e0 peu conscience de l\u2019importance de la menace que repr\u00e9sente l\u2019exploitation mini\u00e8re des fonds marins. Outre les milliers de personnes \u00e0 travers le monde ayant sign\u00e9 <a href=\"https:\/\/www.greenpeace.org\/luxembourg\/fr\/petition\/exploitation-miniere-eaux-profondes\/\">notre p\u00e9tition<\/a>, 37 institutions financi\u00e8res, plus de 750 scientifiques et l\u2019industrie de la p\u00eache ont exig\u00e9 l\u2019arr\u00eat de l\u2019industrie aux c\u00f4t\u00e9s des peuples autochtones \u2014 les premiers touch\u00e9s par cet enjeu de taille.\u00ab <em>Dans le Pacifique, l\u2019oc\u00e9an nous est particuli\u00e8rement cher. Il influence nos vies et notre identit\u00e9 en tant que peuple. Le spectre de l\u2019exploitation mini\u00e8re en eaux profondes soul\u00e8ve de nombreuses inqui\u00e9tudes, qui nous rappellent l\u2019h\u00e9ritage que nous ont laiss\u00e9 d\u2019autres industries coloniales ainsi que l\u2019\u00e8re brutale des essais nucl\u00e9aires. Nous sommons les responsables mondiaux de mieux g\u00e9rer nos oc\u00e9ans, en se joignant \u00e0 notre appel en faveur d\u2019un moratoire<\/em> \u00bb, demande Joey Tau, charg\u00e9 de campagne au sein du Pacific Network on Globalisation (PANG) depuis Suva, dans les \u00eeles Fidji.<\/p>\n\n<figure class=\"wp-block-image size-full\"><img loading=\"lazy\" decoding=\"async\" width=\"600\" height=\"791\" src=\"https:\/\/www.greenpeace.org\/static\/planet4-luxembourg-stateless\/2023\/08\/daa73b75-gp0stx4oy_web_size.jpg\" alt=\"\" class=\"wp-image-19346\" srcset=\"https:\/\/www.greenpeace.org\/static\/planet4-luxembourg-stateless\/2023\/08\/daa73b75-gp0stx4oy_web_size.jpg 600w, https:\/\/www.greenpeace.org\/static\/planet4-luxembourg-stateless\/2023\/08\/daa73b75-gp0stx4oy_web_size-228x300.jpg 228w, https:\/\/www.greenpeace.org\/static\/planet4-luxembourg-stateless\/2023\/08\/daa73b75-gp0stx4oy_web_size-258x340.jpg 258w\" sizes=\"auto, (max-width: 600px) 100vw, 600px\" \/><figcaption class=\"wp-element-caption\"><em>Portrait de Joey Tau<\/em> \u00a9 Greenpeace \/ Randall Hicks<\/figcaption><\/figure>\n\n<p>En tant que Greenpeace, nous estimons \u00e9galement que le meilleur moyen de mettre fin \u00e0 cette industrie est un moratoire de protection, qui n\u00e9cessite que davantage de gouvernements s\u2019expriment en faveur de la sauvegarde des oc\u00e9ans.&nbsp;&nbsp;<\/p>\n\n<p><strong>L\u2019urgence est donc plus que jamais pr\u00e9sente<\/strong> pour les \u00c9tats de trancher sur la question. C\u2019est maintenant que la bataille diplomatique et le travail de conviction commencent vraiment, sans attendre la prochaine r\u00e9union de l\u2019AIFM l\u2019ann\u00e9e prochaine.&nbsp;<\/p>\n\n<p><strong>Aidez-nous \u00e0 faire grandir l\u2019opposition \u00e0 cette industrie destructrice en signant notre p\u00e9tition.<\/strong><\/p>\n<div class=\"EmptyMessage\">Block content is empty. Check the block&#8217;s settings or remove it.<\/div>","protected":false},"excerpt":{"rendered":"<p>Vendredi dernier, \u00e0 l\u2019issue des n\u00e9gociations de l&#8217;Autorit\u00e9 internationale des fonds marins (AIFM), l\u2019industrie mini\u00e8re en eaux profondes n\u2019a pas r\u00e9ussi \u00e0 obtenir son feu vert pour commencer le pillage&hellip;<\/p>\n","protected":false},"author":25,"featured_media":19348,"comment_status":"closed","ping_status":"closed","sticky":false,"template":"","format":"standard","meta":{"ep_exclude_from_search":false,"p4_og_title":"","p4_og_description":"","p4_og_image":"","p4_og_image_id":"","p4_seo_canonical_url":"","p4_campaign_name":"Protect the Oceans","p4_local_project":"Deep Sea Mining","p4_basket_name":"Oceans","p4_department":"","footnotes":""},"categories":[43],"tags":[29],"p4-page-type":[85],"class_list":["post-19343","post","type-post","status-publish","format-standard","has-post-thumbnail","hentry","category-nature","tag-oceans","p4-page-type-actualites"],"yoast_head":"<!-- This site is optimized with the Yoast SEO Premium plugin v23.9 (Yoast SEO v23.9) - https:\/\/yoast.com\/wordpress\/plugins\/seo\/ -->\n<title>Pas de feu vert pour l\u2019exploitation des fonds marins, mais la menace persiste - Greenpeace Luxembourg<\/title>\n<meta name=\"robots\" content=\"index, follow, max-snippet:-1, max-image-preview:large, max-video-preview:-1\" \/>\n<link rel=\"canonical\" href=\"https:\/\/www.greenpeace.org\/luxembourg\/fr\/actualites\/19343\/pas-de-feu-vert-pour-lexploitation-des-fonds-marins-mais-la-menace-persiste\/\" \/>\n<meta property=\"og:locale\" content=\"fr_FR\" \/>\n<meta property=\"og:type\" content=\"article\" \/>\n<meta property=\"og:title\" content=\"Pas de feu vert pour l\u2019exploitation des fonds marins, mais la menace persiste\" \/>\n<meta property=\"og:description\" content=\"Vendredi dernier, \u00e0 l\u2019issue des n\u00e9gociations de l&#8217;Autorit\u00e9 internationale des fonds marins (AIFM), l\u2019industrie mini\u00e8re en eaux profondes n\u2019a pas r\u00e9ussi \u00e0 obtenir son feu vert pour commencer le pillage&hellip;\" \/>\n<meta property=\"og:url\" content=\"https:\/\/www.greenpeace.org\/luxembourg\/fr\/actualites\/19343\/pas-de-feu-vert-pour-lexploitation-des-fonds-marins-mais-la-menace-persiste\/\" \/>\n<meta property=\"og:site_name\" content=\"Greenpeace Luxembourg\" \/>\n<meta property=\"article:publisher\" content=\"https:\/\/www.facebook.com\/greenpeaceluxembourg\" \/>\n<meta property=\"article:published_time\" content=\"2023-08-03T11:43:09+00:00\" \/>\n<meta property=\"article:modified_time\" content=\"2023-08-03T11:43:12+00:00\" \/>\n<meta property=\"og:image\" content=\"https:\/\/www.greenpeace.org\/static\/planet4-luxembourg-stateless\/2023\/08\/b270fa82-gp0stx4ao_medium_res.jpg\" \/>\n\t<meta property=\"og:image:width\" content=\"1200\" \/>\n\t<meta property=\"og:image:height\" content=\"649\" \/>\n\t<meta property=\"og:image:type\" content=\"image\/jpeg\" \/>\n<meta name=\"author\" content=\"Esther Wildanger\" \/>\n<meta name=\"twitter:card\" content=\"summary_large_image\" \/>\n<meta name=\"twitter:label1\" content=\"Written by\" \/>\n\t<meta name=\"twitter:data1\" content=\"Esther Wildanger\" \/>\n\t<meta name=\"twitter:label2\" content=\"Est. reading time\" \/>\n\t<meta name=\"twitter:data2\" content=\"5 minutes\" \/>\n<script type=\"application\/ld+json\" class=\"yoast-schema-graph\">{\"@context\":\"https:\/\/schema.org\",\"@graph\":[{\"@type\":\"Article\",\"@id\":\"https:\/\/www.greenpeace.org\/luxembourg\/fr\/actualites\/19343\/pas-de-feu-vert-pour-lexploitation-des-fonds-marins-mais-la-menace-persiste\/#article\",\"isPartOf\":{\"@id\":\"https:\/\/www.greenpeace.org\/luxembourg\/fr\/actualites\/19343\/pas-de-feu-vert-pour-lexploitation-des-fonds-marins-mais-la-menace-persiste\/\"},\"author\":{\"name\":\"Esther Wildanger\",\"@id\":\"https:\/\/www.greenpeace.org\/luxembourg\/fr\/#\/schema\/person\/3d0e81a859b59009fec36a8552ef76a7\"},\"headline\":\"Pas de feu vert pour l\u2019exploitation des fonds marins, mais la menace persiste\",\"datePublished\":\"2023-08-03T11:43:09+00:00\",\"dateModified\":\"2023-08-03T11:43:12+00:00\",\"mainEntityOfPage\":{\"@id\":\"https:\/\/www.greenpeace.org\/luxembourg\/fr\/actualites\/19343\/pas-de-feu-vert-pour-lexploitation-des-fonds-marins-mais-la-menace-persiste\/\"},\"wordCount\":1041,\"publisher\":{\"@id\":\"https:\/\/www.greenpeace.org\/luxembourg\/fr\/#organization\"},\"image\":{\"@id\":\"https:\/\/www.greenpeace.org\/luxembourg\/fr\/actualites\/19343\/pas-de-feu-vert-pour-lexploitation-des-fonds-marins-mais-la-menace-persiste\/#primaryimage\"},\"thumbnailUrl\":\"https:\/\/www.greenpeace.org\/static\/planet4-luxembourg-stateless\/2023\/08\/b270fa82-gp0stx4ao_medium_res.jpg\",\"keywords\":[\"Oc\u00e9ans\"],\"articleSection\":[\"Nature\"],\"inLanguage\":\"fr-LU\"},{\"@type\":\"WebPage\",\"@id\":\"https:\/\/www.greenpeace.org\/luxembourg\/fr\/actualites\/19343\/pas-de-feu-vert-pour-lexploitation-des-fonds-marins-mais-la-menace-persiste\/\",\"url\":\"https:\/\/www.greenpeace.org\/luxembourg\/fr\/actualites\/19343\/pas-de-feu-vert-pour-lexploitation-des-fonds-marins-mais-la-menace-persiste\/\",\"name\":\"Pas de feu vert pour l\u2019exploitation des fonds marins, mais la menace persiste - Greenpeace Luxembourg\",\"isPartOf\":{\"@id\":\"https:\/\/www.greenpeace.org\/luxembourg\/fr\/#website\"},\"primaryImageOfPage\":{\"@id\":\"https:\/\/www.greenpeace.org\/luxembourg\/fr\/actualites\/19343\/pas-de-feu-vert-pour-lexploitation-des-fonds-marins-mais-la-menace-persiste\/#primaryimage\"},\"image\":{\"@id\":\"https:\/\/www.greenpeace.org\/luxembourg\/fr\/actualites\/19343\/pas-de-feu-vert-pour-lexploitation-des-fonds-marins-mais-la-menace-persiste\/#primaryimage\"},\"thumbnailUrl\":\"https:\/\/www.greenpeace.org\/static\/planet4-luxembourg-stateless\/2023\/08\/b270fa82-gp0stx4ao_medium_res.jpg\",\"datePublished\":\"2023-08-03T11:43:09+00:00\",\"dateModified\":\"2023-08-03T11:43:12+00:00\",\"breadcrumb\":{\"@id\":\"https:\/\/www.greenpeace.org\/luxembourg\/fr\/actualites\/19343\/pas-de-feu-vert-pour-lexploitation-des-fonds-marins-mais-la-menace-persiste\/#breadcrumb\"},\"inLanguage\":\"fr-LU\",\"potentialAction\":[{\"@type\":\"ReadAction\",\"target\":[\"https:\/\/www.greenpeace.org\/luxembourg\/fr\/actualites\/19343\/pas-de-feu-vert-pour-lexploitation-des-fonds-marins-mais-la-menace-persiste\/\"]}]},{\"@type\":\"ImageObject\",\"inLanguage\":\"fr-LU\",\"@id\":\"https:\/\/www.greenpeace.org\/luxembourg\/fr\/actualites\/19343\/pas-de-feu-vert-pour-lexploitation-des-fonds-marins-mais-la-menace-persiste\/#primaryimage\",\"url\":\"https:\/\/www.greenpeace.org\/static\/planet4-luxembourg-stateless\/2023\/08\/b270fa82-gp0stx4ao_medium_res.jpg\",\"contentUrl\":\"https:\/\/www.greenpeace.org\/static\/planet4-luxembourg-stateless\/2023\/08\/b270fa82-gp0stx4ao_medium_res.jpg\",\"width\":1200,\"height\":649},{\"@type\":\"BreadcrumbList\",\"@id\":\"https:\/\/www.greenpeace.org\/luxembourg\/fr\/actualites\/19343\/pas-de-feu-vert-pour-lexploitation-des-fonds-marins-mais-la-menace-persiste\/#breadcrumb\",\"itemListElement\":[{\"@type\":\"ListItem\",\"position\":1,\"name\":\"Home\",\"item\":\"https:\/\/www.greenpeace.org\/luxembourg\/fr\/\"},{\"@type\":\"ListItem\",\"position\":2,\"name\":\"Pas de feu vert pour l\u2019exploitation des fonds marins, mais la menace persiste\"}]},{\"@type\":\"WebSite\",\"@id\":\"https:\/\/www.greenpeace.org\/luxembourg\/fr\/#website\",\"url\":\"https:\/\/www.greenpeace.org\/luxembourg\/fr\/\",\"name\":\"Greenpeace Luxembourg\",\"description\":\"Greenpeace existe parce que cette Terre fragile a besoin d&#039;une voix. Elle a besoin de solutions. De changement. D&#039;actions.\",\"publisher\":{\"@id\":\"https:\/\/www.greenpeace.org\/luxembourg\/fr\/#organization\"},\"potentialAction\":[{\"@type\":\"SearchAction\",\"target\":{\"@type\":\"EntryPoint\",\"urlTemplate\":\"https:\/\/www.greenpeace.org\/luxembourg\/fr\/?s={search_term_string}\"},\"query-input\":{\"@type\":\"PropertyValueSpecification\",\"valueRequired\":true,\"valueName\":\"search_term_string\"}}],\"inLanguage\":\"fr-LU\"},{\"@type\":\"Organization\",\"@id\":\"https:\/\/www.greenpeace.org\/luxembourg\/fr\/#organization\",\"name\":\"Greenpeace Luxembourg\",\"url\":\"https:\/\/www.greenpeace.org\/luxembourg\/fr\/\",\"logo\":{\"@type\":\"ImageObject\",\"inLanguage\":\"fr-LU\",\"@id\":\"https:\/\/www.greenpeace.org\/luxembourg\/fr\/#\/schema\/logo\/image\/\",\"url\":\"https:\/\/www.greenpeace.org\/static\/planet4-luxembourg-stateless\/2026\/03\/3e367f94-greenpeace_logo_green_rgb.png\",\"contentUrl\":\"https:\/\/www.greenpeace.org\/static\/planet4-luxembourg-stateless\/2026\/03\/3e367f94-greenpeace_logo_green_rgb.png\",\"width\":1080,\"height\":175,\"caption\":\"Greenpeace Luxembourg\"},\"image\":{\"@id\":\"https:\/\/www.greenpeace.org\/luxembourg\/fr\/#\/schema\/logo\/image\/\"},\"sameAs\":[\"https:\/\/www.facebook.com\/greenpeaceluxembourg\",\"https:\/\/www.instagram.com\/greenpeacelux\/\",\"https:\/\/www.linkedin.com\/company\/greenpeace-luxembourg\/\",\"https:\/\/www.threads.com\/@greenpeacelux\",\"https:\/\/bsky.app\/profile\/greenpeacelux.bsky.social\",\"https:\/\/www.youtube.com\/@GreenpeaceLux\",\"https:\/\/www.tiktok.com\/@greenpeace_lux\"]},{\"@type\":\"Person\",\"@id\":\"https:\/\/www.greenpeace.org\/luxembourg\/fr\/#\/schema\/person\/3d0e81a859b59009fec36a8552ef76a7\",\"name\":\"Esther Wildanger\",\"url\":\"https:\/\/www.greenpeace.org\/luxembourg\/fr\/author\/ewildang\/\"}]}<\/script>\n<!-- \/ Yoast SEO Premium plugin. -->","yoast_head_json":{"title":"Pas de feu vert pour l\u2019exploitation des fonds marins, mais la menace persiste - Greenpeace Luxembourg","robots":{"index":"index","follow":"follow","max-snippet":"max-snippet:-1","max-image-preview":"max-image-preview:large","max-video-preview":"max-video-preview:-1"},"canonical":"https:\/\/www.greenpeace.org\/luxembourg\/fr\/actualites\/19343\/pas-de-feu-vert-pour-lexploitation-des-fonds-marins-mais-la-menace-persiste\/","og_locale":"fr_FR","og_type":"article","og_title":"Pas de feu vert pour l\u2019exploitation des fonds marins, mais la menace persiste","og_description":"Vendredi dernier, \u00e0 l\u2019issue des n\u00e9gociations de l&#8217;Autorit\u00e9 internationale des fonds marins (AIFM), l\u2019industrie mini\u00e8re en eaux profondes n\u2019a pas r\u00e9ussi \u00e0 obtenir son feu vert pour commencer le pillage&hellip;","og_url":"https:\/\/www.greenpeace.org\/luxembourg\/fr\/actualites\/19343\/pas-de-feu-vert-pour-lexploitation-des-fonds-marins-mais-la-menace-persiste\/","og_site_name":"Greenpeace Luxembourg","article_publisher":"https:\/\/www.facebook.com\/greenpeaceluxembourg","article_published_time":"2023-08-03T11:43:09+00:00","article_modified_time":"2023-08-03T11:43:12+00:00","og_image":[{"width":1200,"height":649,"url":"https:\/\/www.greenpeace.org\/static\/planet4-luxembourg-stateless\/2023\/08\/b270fa82-gp0stx4ao_medium_res.jpg","type":"image\/jpeg"}],"author":"Esther Wildanger","twitter_card":"summary_large_image","twitter_misc":{"Written by":"Esther Wildanger","Est. reading time":"5 minutes"},"schema":{"@context":"https:\/\/schema.org","@graph":[{"@type":"Article","@id":"https:\/\/www.greenpeace.org\/luxembourg\/fr\/actualites\/19343\/pas-de-feu-vert-pour-lexploitation-des-fonds-marins-mais-la-menace-persiste\/#article","isPartOf":{"@id":"https:\/\/www.greenpeace.org\/luxembourg\/fr\/actualites\/19343\/pas-de-feu-vert-pour-lexploitation-des-fonds-marins-mais-la-menace-persiste\/"},"author":{"name":"Esther Wildanger","@id":"https:\/\/www.greenpeace.org\/luxembourg\/fr\/#\/schema\/person\/3d0e81a859b59009fec36a8552ef76a7"},"headline":"Pas de feu vert pour l\u2019exploitation des fonds marins, mais la menace persiste","datePublished":"2023-08-03T11:43:09+00:00","dateModified":"2023-08-03T11:43:12+00:00","mainEntityOfPage":{"@id":"https:\/\/www.greenpeace.org\/luxembourg\/fr\/actualites\/19343\/pas-de-feu-vert-pour-lexploitation-des-fonds-marins-mais-la-menace-persiste\/"},"wordCount":1041,"publisher":{"@id":"https:\/\/www.greenpeace.org\/luxembourg\/fr\/#organization"},"image":{"@id":"https:\/\/www.greenpeace.org\/luxembourg\/fr\/actualites\/19343\/pas-de-feu-vert-pour-lexploitation-des-fonds-marins-mais-la-menace-persiste\/#primaryimage"},"thumbnailUrl":"https:\/\/www.greenpeace.org\/static\/planet4-luxembourg-stateless\/2023\/08\/b270fa82-gp0stx4ao_medium_res.jpg","keywords":["Oc\u00e9ans"],"articleSection":["Nature"],"inLanguage":"fr-LU"},{"@type":"WebPage","@id":"https:\/\/www.greenpeace.org\/luxembourg\/fr\/actualites\/19343\/pas-de-feu-vert-pour-lexploitation-des-fonds-marins-mais-la-menace-persiste\/","url":"https:\/\/www.greenpeace.org\/luxembourg\/fr\/actualites\/19343\/pas-de-feu-vert-pour-lexploitation-des-fonds-marins-mais-la-menace-persiste\/","name":"Pas de feu vert pour l\u2019exploitation des fonds marins, mais la menace persiste - Greenpeace Luxembourg","isPartOf":{"@id":"https:\/\/www.greenpeace.org\/luxembourg\/fr\/#website"},"primaryImageOfPage":{"@id":"https:\/\/www.greenpeace.org\/luxembourg\/fr\/actualites\/19343\/pas-de-feu-vert-pour-lexploitation-des-fonds-marins-mais-la-menace-persiste\/#primaryimage"},"image":{"@id":"https:\/\/www.greenpeace.org\/luxembourg\/fr\/actualites\/19343\/pas-de-feu-vert-pour-lexploitation-des-fonds-marins-mais-la-menace-persiste\/#primaryimage"},"thumbnailUrl":"https:\/\/www.greenpeace.org\/static\/planet4-luxembourg-stateless\/2023\/08\/b270fa82-gp0stx4ao_medium_res.jpg","datePublished":"2023-08-03T11:43:09+00:00","dateModified":"2023-08-03T11:43:12+00:00","breadcrumb":{"@id":"https:\/\/www.greenpeace.org\/luxembourg\/fr\/actualites\/19343\/pas-de-feu-vert-pour-lexploitation-des-fonds-marins-mais-la-menace-persiste\/#breadcrumb"},"inLanguage":"fr-LU","potentialAction":[{"@type":"ReadAction","target":["https:\/\/www.greenpeace.org\/luxembourg\/fr\/actualites\/19343\/pas-de-feu-vert-pour-lexploitation-des-fonds-marins-mais-la-menace-persiste\/"]}]},{"@type":"ImageObject","inLanguage":"fr-LU","@id":"https:\/\/www.greenpeace.org\/luxembourg\/fr\/actualites\/19343\/pas-de-feu-vert-pour-lexploitation-des-fonds-marins-mais-la-menace-persiste\/#primaryimage","url":"https:\/\/www.greenpeace.org\/static\/planet4-luxembourg-stateless\/2023\/08\/b270fa82-gp0stx4ao_medium_res.jpg","contentUrl":"https:\/\/www.greenpeace.org\/static\/planet4-luxembourg-stateless\/2023\/08\/b270fa82-gp0stx4ao_medium_res.jpg","width":1200,"height":649},{"@type":"BreadcrumbList","@id":"https:\/\/www.greenpeace.org\/luxembourg\/fr\/actualites\/19343\/pas-de-feu-vert-pour-lexploitation-des-fonds-marins-mais-la-menace-persiste\/#breadcrumb","itemListElement":[{"@type":"ListItem","position":1,"name":"Home","item":"https:\/\/www.greenpeace.org\/luxembourg\/fr\/"},{"@type":"ListItem","position":2,"name":"Pas de feu vert pour l\u2019exploitation des fonds marins, mais la menace persiste"}]},{"@type":"WebSite","@id":"https:\/\/www.greenpeace.org\/luxembourg\/fr\/#website","url":"https:\/\/www.greenpeace.org\/luxembourg\/fr\/","name":"Greenpeace Luxembourg","description":"Greenpeace existe parce que cette Terre fragile a besoin d&#039;une voix. Elle a besoin de solutions. De changement. D&#039;actions.","publisher":{"@id":"https:\/\/www.greenpeace.org\/luxembourg\/fr\/#organization"},"potentialAction":[{"@type":"SearchAction","target":{"@type":"EntryPoint","urlTemplate":"https:\/\/www.greenpeace.org\/luxembourg\/fr\/?s={search_term_string}"},"query-input":{"@type":"PropertyValueSpecification","valueRequired":true,"valueName":"search_term_string"}}],"inLanguage":"fr-LU"},{"@type":"Organization","@id":"https:\/\/www.greenpeace.org\/luxembourg\/fr\/#organization","name":"Greenpeace Luxembourg","url":"https:\/\/www.greenpeace.org\/luxembourg\/fr\/","logo":{"@type":"ImageObject","inLanguage":"fr-LU","@id":"https:\/\/www.greenpeace.org\/luxembourg\/fr\/#\/schema\/logo\/image\/","url":"https:\/\/www.greenpeace.org\/static\/planet4-luxembourg-stateless\/2026\/03\/3e367f94-greenpeace_logo_green_rgb.png","contentUrl":"https:\/\/www.greenpeace.org\/static\/planet4-luxembourg-stateless\/2026\/03\/3e367f94-greenpeace_logo_green_rgb.png","width":1080,"height":175,"caption":"Greenpeace Luxembourg"},"image":{"@id":"https:\/\/www.greenpeace.org\/luxembourg\/fr\/#\/schema\/logo\/image\/"},"sameAs":["https:\/\/www.facebook.com\/greenpeaceluxembourg","https:\/\/www.instagram.com\/greenpeacelux\/","https:\/\/www.linkedin.com\/company\/greenpeace-luxembourg\/","https:\/\/www.threads.com\/@greenpeacelux","https:\/\/bsky.app\/profile\/greenpeacelux.bsky.social","https:\/\/www.youtube.com\/@GreenpeaceLux","https:\/\/www.tiktok.com\/@greenpeace_lux"]},{"@type":"Person","@id":"https:\/\/www.greenpeace.org\/luxembourg\/fr\/#\/schema\/person\/3d0e81a859b59009fec36a8552ef76a7","name":"Esther Wildanger","url":"https:\/\/www.greenpeace.org\/luxembourg\/fr\/author\/ewildang\/"}]}},"_links":{"self":[{"href":"https:\/\/www.greenpeace.org\/luxembourg\/fr\/wp-json\/wp\/v2\/posts\/19343","targetHints":{"allow":["GET"]}}],"collection":[{"href":"https:\/\/www.greenpeace.org\/luxembourg\/fr\/wp-json\/wp\/v2\/posts"}],"about":[{"href":"https:\/\/www.greenpeace.org\/luxembourg\/fr\/wp-json\/wp\/v2\/types\/post"}],"author":[{"embeddable":true,"href":"https:\/\/www.greenpeace.org\/luxembourg\/fr\/wp-json\/wp\/v2\/users\/25"}],"replies":[{"embeddable":true,"href":"https:\/\/www.greenpeace.org\/luxembourg\/fr\/wp-json\/wp\/v2\/comments?post=19343"}],"version-history":[{"count":2,"href":"https:\/\/www.greenpeace.org\/luxembourg\/fr\/wp-json\/wp\/v2\/posts\/19343\/revisions"}],"predecessor-version":[{"id":19355,"href":"https:\/\/www.greenpeace.org\/luxembourg\/fr\/wp-json\/wp\/v2\/posts\/19343\/revisions\/19355"}],"wp:featuredmedia":[{"embeddable":true,"href":"https:\/\/www.greenpeace.org\/luxembourg\/fr\/wp-json\/wp\/v2\/media\/19348"}],"wp:attachment":[{"href":"https:\/\/www.greenpeace.org\/luxembourg\/fr\/wp-json\/wp\/v2\/media?parent=19343"}],"wp:term":[{"taxonomy":"category","embeddable":true,"href":"https:\/\/www.greenpeace.org\/luxembourg\/fr\/wp-json\/wp\/v2\/categories?post=19343"},{"taxonomy":"post_tag","embeddable":true,"href":"https:\/\/www.greenpeace.org\/luxembourg\/fr\/wp-json\/wp\/v2\/tags?post=19343"},{"taxonomy":"p4-page-type","embeddable":true,"href":"https:\/\/www.greenpeace.org\/luxembourg\/fr\/wp-json\/wp\/v2\/p4-page-type?post=19343"}],"curies":[{"name":"wp","href":"https:\/\/api.w.org\/{rel}","templated":true}]}}