{"id":20056,"date":"2023-10-16T09:42:46","date_gmt":"2023-10-16T07:42:46","guid":{"rendered":"https:\/\/www.greenpeace.org\/luxembourg\/?p=20056"},"modified":"2026-03-12T16:11:53","modified_gmt":"2026-03-12T14:11:53","slug":"pour-proteger-leau-des-ravages-de-lagriculture-industrielle-notre-systeme-alimentaire-mondial-defaillant-doit-changer-radicalement","status":"publish","type":"post","link":"https:\/\/www.greenpeace.org\/luxembourg\/fr\/actualites\/20056\/pour-proteger-leau-des-ravages-de-lagriculture-industrielle-notre-systeme-alimentaire-mondial-defaillant-doit-changer-radicalement\/","title":{"rendered":"Pour prot\u00e9ger l&#8217;eau des ravages de l&#8217;agriculture industrielle, notre syst\u00e8me alimentaire mondial d\u00e9faillant doit changer radicalement"},"content":{"rendered":"\n<h3 class=\"wp-block-heading\">Que se passe-t-il ?<\/h3>\n\n<p>Aujourd&#8217;hui, c&#8217;est la Journ\u00e9e mondiale de l&#8217;alimentation et le th\u00e8me de cette ann\u00e9e est &#8220;l&#8217;eau&#8221;, un \u00e9l\u00e9ment absolument essentiel pour cultiver des produits alimentaires. Mais les effets du changement climatique vont compliquer la situation : les pr\u00e9cipitations deviennent plus impr\u00e9visibles, les s\u00e9cheresses plus r\u00e9currentes, <a href=\"https:\/\/www.wri.org\/insights\/water-could-limit-our-ability-feed-world-these-9-graphics-explain-why\">tandis que les champs auront besoin de plus d&#8217;eau en raison des temp\u00e9ratures plus chaudes<\/a>. \u00c9tant donn\u00e9 que pr\u00e8s des trois quarts des terres cultiv\u00e9es dans le monde d\u00e9pendent de la pluie, nous courons \u00e0 la catastrophe.<\/p>\n\n<p>Afin d&#8217;att\u00e9nuer les effets du changement climatique, des politiques bien intentionn\u00e9es de conservation et de gestion de l&#8217;eau, <a href=\"https:\/\/www.worldbank.org\/en\/topic\/water-in-agriculture\">souvent adopt\u00e9es par des bailleurs de fonds internationaux comme la Banque mondiale<\/a>, encouragent l&#8217;expansion de \u00ab\u00a0l&#8217;irrigation durable\u00a0\u00bb (c&#8217;est-\u00e0-dire des syst\u00e8mes \u00e9conomes en eau tels que l&#8217;irrigation au goutte-\u00e0-goutte). Mais comme l&#8217;irrigation moderne utilise de l&#8217;<a href=\"https:\/\/education.nationalgeographic.org\/resource\/irrigation\/\">eau pomp\u00e9e dans des r\u00e9servoirs (comme les nappes phr\u00e9atiques)<\/a>, cela peut entrainer des cons\u00e9quences n\u00e9fastes pour les populations et la plan\u00e8te.<\/p>\n\n<figure class=\"wp-block-image size-full\"><img loading=\"lazy\" decoding=\"async\" width=\"800\" height=\"533\" src=\"https:\/\/www.greenpeace.org\/static\/planet4-luxembourg-stateless\/2023\/10\/1d4482ab-gp0stx9sc_web_size_with_credit_line.jpg\" alt=\"\" class=\"wp-image-20057\" srcset=\"https:\/\/www.greenpeace.org\/static\/planet4-luxembourg-stateless\/2023\/10\/1d4482ab-gp0stx9sc_web_size_with_credit_line.jpg 800w, https:\/\/www.greenpeace.org\/static\/planet4-luxembourg-stateless\/2023\/10\/1d4482ab-gp0stx9sc_web_size_with_credit_line-300x200.jpg 300w, https:\/\/www.greenpeace.org\/static\/planet4-luxembourg-stateless\/2023\/10\/1d4482ab-gp0stx9sc_web_size_with_credit_line-768x512.jpg 768w, https:\/\/www.greenpeace.org\/static\/planet4-luxembourg-stateless\/2023\/10\/1d4482ab-gp0stx9sc_web_size_with_credit_line-510x340.jpg 510w\" sizes=\"auto, (max-width: 800px) 100vw, 800px\" \/><figcaption class=\"wp-element-caption\">Rapport sur l&#8217;irrigation en Espagne &#8211; Greenpeace se rend \u00e0 Bardenas, dans la communaut\u00e9 forale de Navarre, en Espagne, pour documenter les effets de la s\u00e9cheresse. Outre le manque de pluie, une mauvaise gestion et un syst\u00e8me d&#8217;irrigation incontr\u00f4l\u00e9 aggravent la situation du pays. Environ 75 % de son territoire est d\u00e9j\u00e0 menac\u00e9 de d\u00e9sertification.<\/figcaption><\/figure>\n\n<h3 class=\"wp-block-heading\">Pourquoi c&#8217;est important<\/h3>\n\n<p>L&#8217;agriculture est d\u00e9j\u00e0 de loin le principal facteur de p\u00e9nurie d&#8217;eau dans le monde, puisque <a href=\"https:\/\/www.wri.org\/insights\/water-could-limit-our-ability-feed-world-these-9-graphics-explain-why\">70 % de l&#8217;eau utilis\u00e9e par l&#8217;humain sert \u00e0 produire de la nourriture, principalement par l&#8217;irrigation des cultures et l&#8217;alimentation du b\u00e9tail<\/a>. \u00c0 l&#8217;heure actuelle, un quart des cultures mondiales sont irrigu\u00e9es, mais environ <a href=\"https:\/\/www.wri.org\/insights\/water-could-limit-our-ability-feed-world-these-9-graphics-explain-why\">un tiers d&#8217;entre elles sont<\/a> d\u00e9j\u00e0 <a href=\"https:\/\/www.wri.org\/insights\/water-could-limit-our-ability-feed-world-these-9-graphics-explain-why\">confront\u00e9es \u00e0 un stress hydrique extr\u00eamement \u00e9lev\u00e9<\/a>, ce qui signifie que leur utilisation d&#8217;eau douce n&#8217;est absolument pas durable. L&#8217;eau utilis\u00e9e pour l&#8217;irrigation provient g\u00e9n\u00e9ralement <a href=\"https:\/\/www.wri.org\/insights\/water-could-limit-our-ability-feed-world-these-9-graphics-explain-why\">des m\u00eames sources d&#8217;eau que celles utilis\u00e9es pour les m\u00e9nages et les services \u00e9nerg\u00e9tiques<\/a>. Et comme de plus en plus de cultures d\u00e9pendent de l&#8217;eau des rivi\u00e8res et des nappes phr\u00e9atiques, il y a moins d&#8217;eau disponible pour d&#8217;autres usages, tels que l&#8217;eau potable ou l&#8217;eau destin\u00e9e \u00e0 l&#8217;assainissement.<\/p>\n\n<p>Dans certaines r\u00e9gions du monde, lorsque le stress hydrique est d\u00e9j\u00e0 \u00e9lev\u00e9, il peut cr\u00e9er une <a href=\"https:\/\/www.sciencedirect.com\/science\/article\/pii\/S221191242200030X#bib32\">concurrence entre l&#8217;utilisation de l&#8217;eau pour la boisson et pour l&#8217;irrigation<\/a>. Cette concurrence renforce \u00e9galement l&#8217;in\u00e9galit\u00e9 entre les sexes : <a href=\"https:\/\/www.euronews.com\/green\/2023\/03\/08\/clean-water-shortages-steal-womens-time-heres-what-happens-when-they-get-it-back\">les femmes sont charg\u00e9es de la collecte de l&#8217;eau dans huit m\u00e9nages sur dix lorsqu&#8217;il n&#8217;y a pas d&#8217;eau sur place<\/a>. Le fait de parcourir de longues distances pour aller chercher de l&#8217;eau les rend plus vuln\u00e9rables aux agressions potentielles et aux douleurs physiques, et le temps perdu pour ce trajet est autant de temps perdu pour combler le foss\u00e9 des in\u00e9galit\u00e9s entre les sexes.<\/p>\n\n<figure class=\"wp-block-image size-full\"><img loading=\"lazy\" decoding=\"async\" width=\"800\" height=\"533\" src=\"https:\/\/www.greenpeace.org\/static\/planet4-luxembourg-stateless\/2023\/10\/b869216a-gp0stuwk5_web_size_with_credit_line.jpg\" alt=\"\" class=\"wp-image-20059\" srcset=\"https:\/\/www.greenpeace.org\/static\/planet4-luxembourg-stateless\/2023\/10\/b869216a-gp0stuwk5_web_size_with_credit_line.jpg 800w, https:\/\/www.greenpeace.org\/static\/planet4-luxembourg-stateless\/2023\/10\/b869216a-gp0stuwk5_web_size_with_credit_line-300x200.jpg 300w, https:\/\/www.greenpeace.org\/static\/planet4-luxembourg-stateless\/2023\/10\/b869216a-gp0stuwk5_web_size_with_credit_line-768x512.jpg 768w, https:\/\/www.greenpeace.org\/static\/planet4-luxembourg-stateless\/2023\/10\/b869216a-gp0stuwk5_web_size_with_credit_line-510x340.jpg 510w\" sizes=\"auto, (max-width: 800px) 100vw, 800px\" \/><figcaption class=\"wp-element-caption\">Rizi\u00e8re utilisant l&#8217;eau du ruisseau Pha Khao, l&#8217;une des principales ressources en eau de la communaut\u00e9 de Kaboedin \u00e0 Chiang Mai, en Tha\u00eflande.<\/figcaption><\/figure>\n\n<p>M\u00eame si nous investissions tout l&#8217;argent du monde pour rendre plus efficaces tous les syst\u00e8mes d&#8217;irrigation sur toutes les terres cultiv\u00e9es, cela ne signifierait pas qu&#8217;ils deviendraient durables \u00e0 tous les niveaux. Pourquoi ? Parce que l&#8217;accent mis sur l&#8217;efficacit\u00e9 ou la rentabilit\u00e9 d\u2019une ressource a des effets pervers et peut en fait conduire \u00e0 une consommation accrue. Dans le secteur de l&#8217;\u00e9nergie, par exemple, le discours public s&#8217;est concentr\u00e9 pendant des ann\u00e9es sur l&#8217;am\u00e9lioration de l&#8217;efficacit\u00e9 des moteurs des voitures, bien qu&#8217;il ait <a href=\"https:\/\/www.sciencedirect.com\/science\/article\/abs\/pii\/S2214629618300616\">\u00e9t\u00e9 prouv\u00e9 que cela entra\u00eenait une augmentation de la consommation de carburant<\/a>. Il en va de m\u00eame <a href=\"https:\/\/www.researchgate.net\/publication\/325198799_Jevons%27_Paradox_and_Efficient_Irrigation_Technology\">dans le contexte de la raret\u00e9 de l&#8217;eau<\/a> : l&#8217;\u00e9conomie d&#8217;eau par hectare dans une exploitation agricole <a href=\"https:\/\/www.sciencedaily.com\/releases\/2021\/10\/211029113952.htm\">pourrait encourager une production accrue, ce qui augmenterait la consommation d&#8217;eau dans son ensemble.<\/a><\/p>\n\n<h3 class=\"wp-block-heading\">Ce que nous en disons<\/h3>\n\n<p>L&#8217;id\u00e9e selon laquelle nous devrions nous concentrer sur l&#8217;am\u00e9lioration de l&#8217;efficacit\u00e9 de l&#8217;utilisation de l&#8217;eau repose sur l&#8217;hypoth\u00e8se que nous devrions conserver notre syst\u00e8me alimentaire mondial tel qu&#8217;il est, en le rendant simplement un peu plus efficace (et surtout plus productif).<\/p>\n\n<p>Mais cela revient \u00e0 mettre un caut\u00e8re sur une jambe de bois. Notre syst\u00e8me alimentaire mondial est en train de sombrer : il est <a href=\"https:\/\/www.nature.com\/articles\/s43016-021-00225-9\">responsable d&#8217;un tiers du total des gaz \u00e0 effet de serre<\/a>. L&#8217;<a href=\"https:\/\/www.wur.nl\/en\/research-results\/research-institutes\/environmental-research\/show-wenr\/agriculture-drives-more-than-90-of-tropical-deforestation.htm\">agriculture est le principal moteur de la d\u00e9forestation<\/a> et la cause la plus importante de la disparition de la faune et de la flore. Elle n&#8217;est pas seulement la principale responsable de la p\u00e9nurie d&#8217;eau au niveau mondial, elle est aussi une <a href=\"https:\/\/www.fao.org\/land-water\/news-archive\/news-detail\/en\/c\/1032702\/\">cause majeure de la pollution de l&#8217;eau dans le monde<\/a>.&nbsp;<\/p>\n\n<p>Il est l\u00e9gitime de s&#8217;inqui\u00e9ter de la diminution de nos ressources en eau lorsque l&#8217;on r\u00e9fl\u00e9chit \u00e0 l&#8217;avenir de la production alimentaire. Plut\u00f4t que de d\u00e9battre des techniques d&#8217;utilisation efficace de l&#8217;eau, qui ne feraient que contourner un probl\u00e8me beaucoup plus vaste, nous devrions orienter le d\u00e9bat vers des changements syst\u00e9miques et mettre sur la table les questions suivantes\u00a0: qui est derri\u00e8re notre syst\u00e8me alimentaire d\u00e9faillant et pour qui produit-il\u00a0?\u00a0<\/p>\n\n<figure class=\"wp-block-image size-full\"><img loading=\"lazy\" decoding=\"async\" width=\"800\" height=\"533\" src=\"https:\/\/www.greenpeace.org\/static\/planet4-luxembourg-stateless\/2023\/10\/1436ad44-gp1sxq8b_web_size_with_credit_line.jpg\" alt=\"\" class=\"wp-image-20061\" srcset=\"https:\/\/www.greenpeace.org\/static\/planet4-luxembourg-stateless\/2023\/10\/1436ad44-gp1sxq8b_web_size_with_credit_line.jpg 800w, https:\/\/www.greenpeace.org\/static\/planet4-luxembourg-stateless\/2023\/10\/1436ad44-gp1sxq8b_web_size_with_credit_line-300x200.jpg 300w, https:\/\/www.greenpeace.org\/static\/planet4-luxembourg-stateless\/2023\/10\/1436ad44-gp1sxq8b_web_size_with_credit_line-768x512.jpg 768w, https:\/\/www.greenpeace.org\/static\/planet4-luxembourg-stateless\/2023\/10\/1436ad44-gp1sxq8b_web_size_with_credit_line-510x340.jpg 510w\" sizes=\"auto, (max-width: 800px) 100vw, 800px\" \/><figcaption class=\"wp-element-caption\">Juin 2022 : Manifestation pacifique devant le Minist\u00e8re du D\u00e9veloppement Agricole et de l&#8217;Alimentation \u00e0 Ath\u00e8nes, Gr\u00e8ce. Des militants de Greenpeace Gr\u00e8ce ont remis une carte postale de remerciement au minist\u00e8re du D\u00e9veloppement agricole et de l&#8217;Alimentation, protestant contre le manque d&#8217;action face aux <a href=\"https:\/\/www.greenpeace.org\/international\/story\/53163\/russia-invasion-of-ukraine-supercharging-food-insecurity-middle-east-north-africa\/\">prix \u00e9lev\u00e9s des denr\u00e9es alimentaires et \u00e0 la crise alimentaire \u00e0 laquelle nous sommes confront\u00e9s en raison de l&#8217;invasion russe en Ukraine<\/a>.<\/figcaption><\/figure>\n\n<h3 class=\"wp-block-heading\">Qui devrait d\u00e9cider de notre syst\u00e8me de production alimentaire ?<\/h3>\n\n<p>Le syst\u00e8me alimentaire industrialis\u00e9 actuel est concentr\u00e9 entre les mains de <a href=\"https:\/\/www.greenpeace.org\/international\/story\/58437\/hunger-profiteers-food-security\/\">quelques multinationales de l&#8217;agroalimentaire qui privil\u00e9gient les profits au d\u00e9triment des personnes<\/a>. Un syst\u00e8me alternatif est possible, plus collaboratif, socialement plus juste, plus \u00e9cologique, et dans lequel les communaut\u00e9s ont le contr\u00f4le et le pouvoir sur la fa\u00e7on dont il est fa\u00e7onn\u00e9. Un syst\u00e8me alimentaire qui donne la priorit\u00e9 \u00e0 la souverainet\u00e9 alimentaire est un syst\u00e8me alimentaire gouvern\u00e9 par des personnes qui d\u00e9cident des syst\u00e8mes agricoles qu&#8217;elles veulent pour elles-m\u00eames. Les <a href=\"https:\/\/www.unep.org\/news-and-stories\/story\/indigenous-peoples-and-nature-they-protect\">peuples autochtones, qui g\u00e8rent les ressources naturelles sur un quart des terres de la plan\u00e8te<\/a>, g\u00e8rent et gouvernent l&#8217;eau depuis des temps imm\u00e9moriaux et leurs connaissances ont <a href=\"https:\/\/www.unesco.org\/en\/articles\/it-urgent-recognize-contribution-indigenous-knowledge-water-governance-and-management\">\u00e9norm\u00e9ment contribu\u00e9 au d\u00e9veloppement de pratiques durables de gestion de l&#8217;eau<\/a>. Laisser l&#8217;agriculture et la gestion des intrants (tels que l&#8217;eau) entre les mains des communaut\u00e9s agricoles locales est le meilleur moyen de garantir une gestion meilleure et plus juste des ressources, sur la base des principes de gestion durable, de conservation et d&#8217;\u00e9quit\u00e9.<\/p>\n\n<figure class=\"wp-block-image size-full\"><img loading=\"lazy\" decoding=\"async\" width=\"800\" height=\"534\" src=\"https:\/\/www.greenpeace.org\/static\/planet4-luxembourg-stateless\/2023\/10\/b23e1754-gp0stpoda_web_size_with_credit_line.jpg\" alt=\"Production de farine de manioc dans le village de Sawr\u00e9 Muybu dans la for\u00eat amazonienne\" class=\"wp-image-20063\" srcset=\"https:\/\/www.greenpeace.org\/static\/planet4-luxembourg-stateless\/2023\/10\/b23e1754-gp0stpoda_web_size_with_credit_line.jpg 800w, https:\/\/www.greenpeace.org\/static\/planet4-luxembourg-stateless\/2023\/10\/b23e1754-gp0stpoda_web_size_with_credit_line-300x200.jpg 300w, https:\/\/www.greenpeace.org\/static\/planet4-luxembourg-stateless\/2023\/10\/b23e1754-gp0stpoda_web_size_with_credit_line-768x513.jpg 768w, https:\/\/www.greenpeace.org\/static\/planet4-luxembourg-stateless\/2023\/10\/b23e1754-gp0stpoda_web_size_with_credit_line-510x340.jpg 510w\" sizes=\"auto, (max-width: 800px) 100vw, 800px\" \/><\/figure>\n\n<h3 class=\"wp-block-heading\">Pour qui devrions-nous produire des denr\u00e9es alimentaires ?&nbsp;<\/h3>\n\n<p>Les entreprises agroalimentaires et les multinationales d\u00e9fendent souvent leur mod\u00e8le, arguant que l&#8217;agriculture industrielle telle que nous la connaissons &#8220;nourrit le monde&#8221; et qu&#8217;elle devra accro\u00eetre sa production face \u00e0 l&#8217;augmentation de la population mondiale. La population mondiale augmente en effet, mais le nombre de personnes souffrant de la faim aussi : pas moins de <a href=\"https:\/\/www.fao.org\/3\/cc6550en\/cc6550en.pdf\">750 millions de personnes sont confront\u00e9es \u00e0 la faim aujourd&#8217;hui, soit 20 % de plus qu&#8217;il y a seulement trois ans<\/a>.<\/p>\n\n<p>Ce n&#8217;est pas parce qu&#8217;il n&#8217;y a pas assez de nourriture pour tout le monde, mais parce qu&#8217;<a href=\"https:\/\/www.greenpeace.org\/international\/story\/53815\/global-food-system-biodiversity-crisis\/\">elle n&#8217;est pas utilis\u00e9e et distribu\u00e9e correctement<\/a>. Bien qu&#8217;\u00e0 l&#8217;\u00e9chelle mondiale, les terres cultiv\u00e9es s&#8217;\u00e9tendent et que les rendements agricoles augmentent globalement, la <a href=\"https:\/\/www.wri.org\/insights\/crop-expansion-food-security-trends\">part des cultures vivri\u00e8res destin\u00e9es \u00e0 la consommation domestique directe n\u2019augmente<\/a> pas. Cela s&#8217;explique par le fait que la concurrence pour d&#8217;autres utilisations s&#8217;accro\u00eet.<\/p>\n\n<p>L&#8217;alimentation animale en est un excellent exemple. Greenpeace a estim\u00e9 que 59 % du bl\u00e9 produit en Europe est destin\u00e9 \u00e0 l&#8217;alimentation animale, <a href=\"https:\/\/www.greenpeace.org\/static\/planet4-eu-unit-stateless\/2020\/10\/85cc908b-false-sense-of-security_final_en.pdf\">principalement pour le b\u00e9tail \u00e9lev\u00e9 dans des fermes-usines<\/a>. Au niveau mondial, 41 % de l&#8217;eau agricole totale est utilis\u00e9e pour la production d&#8217;aliments pour le b\u00e9tail, tandis qu&#8217;<a href=\"https:\/\/agupubs.onlinelibrary.wiley.com\/doi\/10.1029\/2019WR026995\">un cinqui\u00e8me de l&#8217;eau douce utilis\u00e9e dans l&#8217;agriculture sert \u00e0 produire des aliments pour le b\u00e9tail plut\u00f4t que des aliments pour les humains<\/a>. Consid\u00e9rer ces chiffres sous l&#8217;angle de la justice alimentaire donne l\u2019effet d\u2019une douche froide. Les animaux d&#8217;\u00e9levage \u00ab\u00a0sont des aliments\u00a0\u00bb, mais ils en consomment beaucoup plus qu&#8217;ils n&#8217;en produisent (c&#8217;est ce qu&#8217;on appelle le <a href=\"https:\/\/awellfedworld.org\/feed-ratios\/\">coefficient de conversion alimentaire<\/a>). Cela signifie \u00e9galement que l&#8217;<a href=\"https:\/\/eu.boell.org\/en\/2021\/09\/07\/water-thirsty-animals-thirsty-crops\">empreinte hydrique des animaux d&#8217;\u00e9levage intensif est beaucoup plus \u00e9lev\u00e9e que celle des c\u00e9r\u00e9ales<\/a>.<\/p>\n\n<figure class=\"wp-block-image size-full\"><img loading=\"lazy\" decoding=\"async\" width=\"800\" height=\"533\" src=\"https:\/\/www.greenpeace.org\/static\/planet4-luxembourg-stateless\/2023\/10\/1cc3601f-gp0stwo0g_web_size_with_credit_line.jpg\" alt=\"\" class=\"wp-image-20065\" srcset=\"https:\/\/www.greenpeace.org\/static\/planet4-luxembourg-stateless\/2023\/10\/1cc3601f-gp0stwo0g_web_size_with_credit_line.jpg 800w, https:\/\/www.greenpeace.org\/static\/planet4-luxembourg-stateless\/2023\/10\/1cc3601f-gp0stwo0g_web_size_with_credit_line-300x200.jpg 300w, https:\/\/www.greenpeace.org\/static\/planet4-luxembourg-stateless\/2023\/10\/1cc3601f-gp0stwo0g_web_size_with_credit_line-768x512.jpg 768w, https:\/\/www.greenpeace.org\/static\/planet4-luxembourg-stateless\/2023\/10\/1cc3601f-gp0stwo0g_web_size_with_credit_line-510x340.jpg 510w\" sizes=\"auto, (max-width: 800px) 100vw, 800px\" \/><figcaption class=\"wp-element-caption\">Manifestation contre Avel Vor Mega Livestock \u00e0 Landunvez, Bretagne, France &#8211; Dans une prairie pr\u00e8s de la ferme Avel Vor, des b\u00e9n\u00e9voles ont d\u00e9ploy\u00e9 une banderole g\u00e9ante de 35 m\u00e8tres de long sur laquelle on peut lire &#8220;Des fermes, pas des usines&#8221;.<\/figcaption><\/figure>\n\n<h3 class=\"wp-block-heading\">Ce qu&#8217;il faut faire maintenant<\/h3>\n\n<p>Pour transformer positivement notre syst\u00e8me alimentaire mondial afin de r\u00e9duire son empreinte sur l&#8217;eau, les d\u00e9cideurs politiques ont du pain sur la planche. Ils doivent r\u00e9orienter les subventions afin d&#8217;aider les petits exploitants \u00e0 prendre le contr\u00f4le de nos syst\u00e8mes alimentaires et ils doivent donner la priorit\u00e9 \u00e0 l&#8217;alimentation humaine. Dans les pays riches, cela signifie concr\u00e8tement, et entre autres, la mise en \u0153uvre de politiques visant \u00e0 r\u00e9duire la production de viande et \u00e0 r\u00e9orienter les r\u00e9gimes alimentaires riches en viande et en produits laitiers vers des aliments d&#8217;origine v\u00e9g\u00e9tale.&nbsp;<\/p>\n\n<p>Au-del\u00e0 de l&#8217;\u00e9laboration des politiques, le th\u00e8me de la Journ\u00e9e mondiale de l&#8217;alimentation de cette ann\u00e9e nous incite tous, en tant qu&#8217;individus, \u00e0 r\u00e9fl\u00e9chir \u00e0 l&#8217;empreinte sur l&#8217;eau des aliments que nous consommons. La r\u00e9duction du gaspillage alimentaire et la priorit\u00e9 donn\u00e9e aux aliments \u00e0 faible empreinte hydrique, tels que les aliments d&#8217;origine v\u00e9g\u00e9tale, constituent un bon point de d\u00e9part. La nourriture que nous r\u00e9coltons et mangeons ne doit pas se faire au d\u00e9triment de l&#8217;eau que nous buvons. Prot\u00e9ger la nature et les ressources en eau des effets d\u00e9vastateurs de l&#8217;agriculture industrielle est une n\u00e9cessit\u00e9 pour notre survie.<\/p>\n\n<p><em>Sophie Nodzenski est charg\u00e9e de campagne pour l&#8217;alimentation et l&#8217;agriculture \u00e0 Greenpeace International.<\/em><\/p>\n","protected":false},"excerpt":{"rendered":"<p>Aujourd&#8217;hui, c&#8217;est la Journ\u00e9e mondiale de l&#8217;alimentation et le th\u00e8me de cette ann\u00e9e est &#8220;l&#8217;eau&#8221;, un \u00e9l\u00e9ment absolument essentiel pour cultiver des produits alimentaires. Mais les effets du changement climatique&#8230;<\/p>\n","protected":false},"author":25,"featured_media":20067,"comment_status":"closed","ping_status":"closed","sticky":false,"template":"","format":"standard","meta":{"ep_exclude_from_search":false,"p4_og_title":"Pour prot\u00e9ger l'eau des ravages de l'agriculture industrielle, notre syst\u00e8me alimentaire mondial d\u00e9faillant doit changer radicalement","p4_og_description":"En cette Journ\u00e9e mondiale de l'alimentation, focus sur l'eau : ressource essentielle menac\u00e9e par les effets du changement climatique.","p4_og_image":"","p4_og_image_id":"","p4_seo_canonical_url":"","p4_campaign_name":"","p4_local_project":"","p4_basket_name":"","p4_department":"","footnotes":""},"categories":[17,43],"tags":[33,39],"p4-page-type":[85],"class_list":["post-20056","post","type-post","status-publish","format-standard","has-post-thumbnail","hentry","category-greenpeace","category-nature","tag-greenpeace-fr","tag-agriculturedurable","p4-page-type-actualites"],"yoast_head":"<!-- This site is optimized with the Yoast SEO Premium plugin v23.9 (Yoast SEO v23.9) - https:\/\/yoast.com\/wordpress\/plugins\/seo\/ -->\n<title>Notre syst\u00e8me alimentaire mondial d\u00e9faillant doit changer<\/title>\n<meta name=\"description\" content=\"En cette Journ\u00e9e mondiale de l&#039;alimentation, focus sur l&#039;eau : ressource essentielle menac\u00e9e par les effets du changement climatique.\" \/>\n<meta name=\"robots\" content=\"index, follow, max-snippet:-1, max-image-preview:large, max-video-preview:-1\" \/>\n<link rel=\"canonical\" href=\"https:\/\/www.greenpeace.org\/luxembourg\/fr\/actualites\/20056\/pour-proteger-leau-des-ravages-de-lagriculture-industrielle-notre-systeme-alimentaire-mondial-defaillant-doit-changer-radicalement\/\" \/>\n<meta property=\"og:locale\" content=\"fr_FR\" \/>\n<meta property=\"og:type\" content=\"article\" \/>\n<meta property=\"og:title\" content=\"Pour prot\u00e9ger l&#039;eau des ravages de l&#039;agriculture industrielle, notre syst\u00e8me alimentaire mondial d\u00e9faillant doit changer radicalement\" \/>\n<meta property=\"og:description\" content=\"En cette Journ\u00e9e mondiale de l&#039;alimentation, focus sur l&#039;eau : ressource essentielle menac\u00e9e par les effets du changement climatique.\" \/>\n<meta property=\"og:url\" content=\"https:\/\/www.greenpeace.org\/luxembourg\/fr\/actualites\/20056\/pour-proteger-leau-des-ravages-de-lagriculture-industrielle-notre-systeme-alimentaire-mondial-defaillant-doit-changer-radicalement\/\" \/>\n<meta property=\"og:site_name\" content=\"Greenpeace Luxembourg\" \/>\n<meta property=\"article:publisher\" content=\"https:\/\/www.facebook.com\/greenpeaceluxembourg\" \/>\n<meta property=\"article:published_time\" content=\"2023-10-16T07:42:46+00:00\" \/>\n<meta property=\"article:modified_time\" content=\"2026-03-12T14:11:53+00:00\" \/>\n<meta property=\"og:image\" content=\"https:\/\/www.greenpeace.org\/static\/planet4-luxembourg-stateless\/2023\/10\/55e42250-gp1sxq8b_web_size.jpg\" \/>\n\t<meta property=\"og:image:width\" content=\"800\" \/>\n\t<meta property=\"og:image:height\" content=\"533\" \/>\n\t<meta property=\"og:image:type\" content=\"image\/jpeg\" \/>\n<meta name=\"author\" content=\"Esther Wildanger\" \/>\n<meta name=\"twitter:card\" content=\"summary_large_image\" \/>\n<meta name=\"twitter:label1\" content=\"Written by\" \/>\n\t<meta name=\"twitter:data1\" content=\"Esther Wildanger\" \/>\n\t<meta name=\"twitter:label2\" content=\"Est. reading time\" \/>\n\t<meta name=\"twitter:data2\" content=\"10 minutes\" \/>\n<script type=\"application\/ld+json\" class=\"yoast-schema-graph\">{\"@context\":\"https:\/\/schema.org\",\"@graph\":[{\"@type\":\"Article\",\"@id\":\"https:\/\/www.greenpeace.org\/luxembourg\/fr\/actualites\/20056\/pour-proteger-leau-des-ravages-de-lagriculture-industrielle-notre-systeme-alimentaire-mondial-defaillant-doit-changer-radicalement\/#article\",\"isPartOf\":{\"@id\":\"https:\/\/www.greenpeace.org\/luxembourg\/fr\/actualites\/20056\/pour-proteger-leau-des-ravages-de-lagriculture-industrielle-notre-systeme-alimentaire-mondial-defaillant-doit-changer-radicalement\/\"},\"author\":{\"name\":\"Esther Wildanger\",\"@id\":\"https:\/\/www.greenpeace.org\/luxembourg\/fr\/#\/schema\/person\/3d0e81a859b59009fec36a8552ef76a7\"},\"headline\":\"Pour prot\u00e9ger l&#8217;eau des ravages de l&#8217;agriculture industrielle, notre syst\u00e8me alimentaire mondial d\u00e9faillant doit changer radicalement\",\"datePublished\":\"2023-10-16T07:42:46+00:00\",\"dateModified\":\"2026-03-12T14:11:53+00:00\",\"mainEntityOfPage\":{\"@id\":\"https:\/\/www.greenpeace.org\/luxembourg\/fr\/actualites\/20056\/pour-proteger-leau-des-ravages-de-lagriculture-industrielle-notre-systeme-alimentaire-mondial-defaillant-doit-changer-radicalement\/\"},\"wordCount\":1852,\"publisher\":{\"@id\":\"https:\/\/www.greenpeace.org\/luxembourg\/fr\/#organization\"},\"image\":{\"@id\":\"https:\/\/www.greenpeace.org\/luxembourg\/fr\/actualites\/20056\/pour-proteger-leau-des-ravages-de-lagriculture-industrielle-notre-systeme-alimentaire-mondial-defaillant-doit-changer-radicalement\/#primaryimage\"},\"thumbnailUrl\":\"https:\/\/www.greenpeace.org\/static\/planet4-luxembourg-stateless\/2023\/10\/55e42250-gp1sxq8b_web_size.jpg\",\"keywords\":[\"Greenpeace\",\"AgricultureDurable\"],\"articleSection\":[\"Greenpeace\",\"Nature\"],\"inLanguage\":\"fr-LU\"},{\"@type\":\"WebPage\",\"@id\":\"https:\/\/www.greenpeace.org\/luxembourg\/fr\/actualites\/20056\/pour-proteger-leau-des-ravages-de-lagriculture-industrielle-notre-systeme-alimentaire-mondial-defaillant-doit-changer-radicalement\/\",\"url\":\"https:\/\/www.greenpeace.org\/luxembourg\/fr\/actualites\/20056\/pour-proteger-leau-des-ravages-de-lagriculture-industrielle-notre-systeme-alimentaire-mondial-defaillant-doit-changer-radicalement\/\",\"name\":\"Notre syst\u00e8me alimentaire mondial d\u00e9faillant doit changer\",\"isPartOf\":{\"@id\":\"https:\/\/www.greenpeace.org\/luxembourg\/fr\/#website\"},\"primaryImageOfPage\":{\"@id\":\"https:\/\/www.greenpeace.org\/luxembourg\/fr\/actualites\/20056\/pour-proteger-leau-des-ravages-de-lagriculture-industrielle-notre-systeme-alimentaire-mondial-defaillant-doit-changer-radicalement\/#primaryimage\"},\"image\":{\"@id\":\"https:\/\/www.greenpeace.org\/luxembourg\/fr\/actualites\/20056\/pour-proteger-leau-des-ravages-de-lagriculture-industrielle-notre-systeme-alimentaire-mondial-defaillant-doit-changer-radicalement\/#primaryimage\"},\"thumbnailUrl\":\"https:\/\/www.greenpeace.org\/static\/planet4-luxembourg-stateless\/2023\/10\/55e42250-gp1sxq8b_web_size.jpg\",\"datePublished\":\"2023-10-16T07:42:46+00:00\",\"dateModified\":\"2026-03-12T14:11:53+00:00\",\"description\":\"En cette Journ\u00e9e mondiale de l'alimentation, focus sur l'eau : ressource essentielle menac\u00e9e par les effets du changement climatique.\",\"breadcrumb\":{\"@id\":\"https:\/\/www.greenpeace.org\/luxembourg\/fr\/actualites\/20056\/pour-proteger-leau-des-ravages-de-lagriculture-industrielle-notre-systeme-alimentaire-mondial-defaillant-doit-changer-radicalement\/#breadcrumb\"},\"inLanguage\":\"fr-LU\",\"potentialAction\":[{\"@type\":\"ReadAction\",\"target\":[\"https:\/\/www.greenpeace.org\/luxembourg\/fr\/actualites\/20056\/pour-proteger-leau-des-ravages-de-lagriculture-industrielle-notre-systeme-alimentaire-mondial-defaillant-doit-changer-radicalement\/\"]}]},{\"@type\":\"ImageObject\",\"inLanguage\":\"fr-LU\",\"@id\":\"https:\/\/www.greenpeace.org\/luxembourg\/fr\/actualites\/20056\/pour-proteger-leau-des-ravages-de-lagriculture-industrielle-notre-systeme-alimentaire-mondial-defaillant-doit-changer-radicalement\/#primaryimage\",\"url\":\"https:\/\/www.greenpeace.org\/static\/planet4-luxembourg-stateless\/2023\/10\/55e42250-gp1sxq8b_web_size.jpg\",\"contentUrl\":\"https:\/\/www.greenpeace.org\/static\/planet4-luxembourg-stateless\/2023\/10\/55e42250-gp1sxq8b_web_size.jpg\",\"width\":800,\"height\":533,\"caption\":\"On Monday 27\/6, on a peaceful protest, Greenpeace Greece activists delivered a \\\"thank you postcard\\\" to the Ministry of Agricultural Development and Food, protesting for the lack of action regarding the high food prices and the food crisis we are facing due to the Russian invasion in Ukraine. Crisis after crisis, the Ministry of Agriculture has done nothing to secure the country's food security and has not been moving forward with a transition to a more sustainable, just food system. On the postcard, the \\\"thank you\\\" message says \\\"To: the Ministry of Holistic Indifference. Thank you for feeding us fear, high prices, speculation and indifference instead of feeding us food.\\\" During this slightly humoristic protest, we also reminded our demands to the Minister, which are in line with the Feeding Fears EU demands. We ask the Ministry and the Greek government to make sure that all citizens have access to healthy food at accessible prices for all.\"},{\"@type\":\"BreadcrumbList\",\"@id\":\"https:\/\/www.greenpeace.org\/luxembourg\/fr\/actualites\/20056\/pour-proteger-leau-des-ravages-de-lagriculture-industrielle-notre-systeme-alimentaire-mondial-defaillant-doit-changer-radicalement\/#breadcrumb\",\"itemListElement\":[{\"@type\":\"ListItem\",\"position\":1,\"name\":\"Home\",\"item\":\"https:\/\/www.greenpeace.org\/luxembourg\/fr\/\"},{\"@type\":\"ListItem\",\"position\":2,\"name\":\"Pour prot\u00e9ger l&#8217;eau des ravages de l&#8217;agriculture industrielle, notre syst\u00e8me alimentaire mondial d\u00e9faillant doit changer radicalement\"}]},{\"@type\":\"WebSite\",\"@id\":\"https:\/\/www.greenpeace.org\/luxembourg\/fr\/#website\",\"url\":\"https:\/\/www.greenpeace.org\/luxembourg\/fr\/\",\"name\":\"Greenpeace Luxembourg\",\"description\":\"Greenpeace existe parce que cette Terre fragile a besoin d&#039;une voix. Elle a besoin de solutions. De changement. D&#039;actions.\",\"publisher\":{\"@id\":\"https:\/\/www.greenpeace.org\/luxembourg\/fr\/#organization\"},\"potentialAction\":[{\"@type\":\"SearchAction\",\"target\":{\"@type\":\"EntryPoint\",\"urlTemplate\":\"https:\/\/www.greenpeace.org\/luxembourg\/fr\/?s={search_term_string}\"},\"query-input\":{\"@type\":\"PropertyValueSpecification\",\"valueRequired\":true,\"valueName\":\"search_term_string\"}}],\"inLanguage\":\"fr-LU\"},{\"@type\":\"Organization\",\"@id\":\"https:\/\/www.greenpeace.org\/luxembourg\/fr\/#organization\",\"name\":\"Greenpeace Luxembourg\",\"url\":\"https:\/\/www.greenpeace.org\/luxembourg\/fr\/\",\"logo\":{\"@type\":\"ImageObject\",\"inLanguage\":\"fr-LU\",\"@id\":\"https:\/\/www.greenpeace.org\/luxembourg\/fr\/#\/schema\/logo\/image\/\",\"url\":\"https:\/\/www.greenpeace.org\/static\/planet4-luxembourg-stateless\/2026\/03\/3e367f94-greenpeace_logo_green_rgb.png\",\"contentUrl\":\"https:\/\/www.greenpeace.org\/static\/planet4-luxembourg-stateless\/2026\/03\/3e367f94-greenpeace_logo_green_rgb.png\",\"width\":1080,\"height\":175,\"caption\":\"Greenpeace Luxembourg\"},\"image\":{\"@id\":\"https:\/\/www.greenpeace.org\/luxembourg\/fr\/#\/schema\/logo\/image\/\"},\"sameAs\":[\"https:\/\/www.facebook.com\/greenpeaceluxembourg\",\"https:\/\/www.instagram.com\/greenpeacelux\/\",\"https:\/\/www.linkedin.com\/company\/greenpeace-luxembourg\/\",\"https:\/\/www.threads.com\/@greenpeacelux\",\"https:\/\/bsky.app\/profile\/greenpeacelux.bsky.social\",\"https:\/\/www.youtube.com\/@GreenpeaceLux\",\"https:\/\/www.tiktok.com\/@greenpeace_lux\"]},{\"@type\":\"Person\",\"@id\":\"https:\/\/www.greenpeace.org\/luxembourg\/fr\/#\/schema\/person\/3d0e81a859b59009fec36a8552ef76a7\",\"name\":\"Esther Wildanger\",\"url\":\"https:\/\/www.greenpeace.org\/luxembourg\/fr\/author\/ewildang\/\"}]}<\/script>\n<!-- \/ Yoast SEO Premium plugin. -->","yoast_head_json":{"title":"Notre syst\u00e8me alimentaire mondial d\u00e9faillant doit changer","description":"En cette Journ\u00e9e mondiale de l'alimentation, focus sur l'eau : ressource essentielle menac\u00e9e par les effets du changement climatique.","robots":{"index":"index","follow":"follow","max-snippet":"max-snippet:-1","max-image-preview":"max-image-preview:large","max-video-preview":"max-video-preview:-1"},"canonical":"https:\/\/www.greenpeace.org\/luxembourg\/fr\/actualites\/20056\/pour-proteger-leau-des-ravages-de-lagriculture-industrielle-notre-systeme-alimentaire-mondial-defaillant-doit-changer-radicalement\/","og_locale":"fr_FR","og_type":"article","og_title":"Pour prot\u00e9ger l'eau des ravages de l'agriculture industrielle, notre syst\u00e8me alimentaire mondial d\u00e9faillant doit changer radicalement","og_description":"En cette Journ\u00e9e mondiale de l'alimentation, focus sur l'eau : ressource essentielle menac\u00e9e par les effets du changement climatique.","og_url":"https:\/\/www.greenpeace.org\/luxembourg\/fr\/actualites\/20056\/pour-proteger-leau-des-ravages-de-lagriculture-industrielle-notre-systeme-alimentaire-mondial-defaillant-doit-changer-radicalement\/","og_site_name":"Greenpeace Luxembourg","article_publisher":"https:\/\/www.facebook.com\/greenpeaceluxembourg","article_published_time":"2023-10-16T07:42:46+00:00","article_modified_time":"2026-03-12T14:11:53+00:00","og_image":[{"width":800,"height":533,"url":"https:\/\/www.greenpeace.org\/static\/planet4-luxembourg-stateless\/2023\/10\/55e42250-gp1sxq8b_web_size.jpg","type":"image\/jpeg"}],"author":"Esther Wildanger","twitter_card":"summary_large_image","twitter_misc":{"Written by":"Esther Wildanger","Est. reading time":"10 minutes"},"schema":{"@context":"https:\/\/schema.org","@graph":[{"@type":"Article","@id":"https:\/\/www.greenpeace.org\/luxembourg\/fr\/actualites\/20056\/pour-proteger-leau-des-ravages-de-lagriculture-industrielle-notre-systeme-alimentaire-mondial-defaillant-doit-changer-radicalement\/#article","isPartOf":{"@id":"https:\/\/www.greenpeace.org\/luxembourg\/fr\/actualites\/20056\/pour-proteger-leau-des-ravages-de-lagriculture-industrielle-notre-systeme-alimentaire-mondial-defaillant-doit-changer-radicalement\/"},"author":{"name":"Esther Wildanger","@id":"https:\/\/www.greenpeace.org\/luxembourg\/fr\/#\/schema\/person\/3d0e81a859b59009fec36a8552ef76a7"},"headline":"Pour prot\u00e9ger l&#8217;eau des ravages de l&#8217;agriculture industrielle, notre syst\u00e8me alimentaire mondial d\u00e9faillant doit changer radicalement","datePublished":"2023-10-16T07:42:46+00:00","dateModified":"2026-03-12T14:11:53+00:00","mainEntityOfPage":{"@id":"https:\/\/www.greenpeace.org\/luxembourg\/fr\/actualites\/20056\/pour-proteger-leau-des-ravages-de-lagriculture-industrielle-notre-systeme-alimentaire-mondial-defaillant-doit-changer-radicalement\/"},"wordCount":1852,"publisher":{"@id":"https:\/\/www.greenpeace.org\/luxembourg\/fr\/#organization"},"image":{"@id":"https:\/\/www.greenpeace.org\/luxembourg\/fr\/actualites\/20056\/pour-proteger-leau-des-ravages-de-lagriculture-industrielle-notre-systeme-alimentaire-mondial-defaillant-doit-changer-radicalement\/#primaryimage"},"thumbnailUrl":"https:\/\/www.greenpeace.org\/static\/planet4-luxembourg-stateless\/2023\/10\/55e42250-gp1sxq8b_web_size.jpg","keywords":["Greenpeace","AgricultureDurable"],"articleSection":["Greenpeace","Nature"],"inLanguage":"fr-LU"},{"@type":"WebPage","@id":"https:\/\/www.greenpeace.org\/luxembourg\/fr\/actualites\/20056\/pour-proteger-leau-des-ravages-de-lagriculture-industrielle-notre-systeme-alimentaire-mondial-defaillant-doit-changer-radicalement\/","url":"https:\/\/www.greenpeace.org\/luxembourg\/fr\/actualites\/20056\/pour-proteger-leau-des-ravages-de-lagriculture-industrielle-notre-systeme-alimentaire-mondial-defaillant-doit-changer-radicalement\/","name":"Notre syst\u00e8me alimentaire mondial d\u00e9faillant doit changer","isPartOf":{"@id":"https:\/\/www.greenpeace.org\/luxembourg\/fr\/#website"},"primaryImageOfPage":{"@id":"https:\/\/www.greenpeace.org\/luxembourg\/fr\/actualites\/20056\/pour-proteger-leau-des-ravages-de-lagriculture-industrielle-notre-systeme-alimentaire-mondial-defaillant-doit-changer-radicalement\/#primaryimage"},"image":{"@id":"https:\/\/www.greenpeace.org\/luxembourg\/fr\/actualites\/20056\/pour-proteger-leau-des-ravages-de-lagriculture-industrielle-notre-systeme-alimentaire-mondial-defaillant-doit-changer-radicalement\/#primaryimage"},"thumbnailUrl":"https:\/\/www.greenpeace.org\/static\/planet4-luxembourg-stateless\/2023\/10\/55e42250-gp1sxq8b_web_size.jpg","datePublished":"2023-10-16T07:42:46+00:00","dateModified":"2026-03-12T14:11:53+00:00","description":"En cette Journ\u00e9e mondiale de l'alimentation, focus sur l'eau : ressource essentielle menac\u00e9e par les effets du changement climatique.","breadcrumb":{"@id":"https:\/\/www.greenpeace.org\/luxembourg\/fr\/actualites\/20056\/pour-proteger-leau-des-ravages-de-lagriculture-industrielle-notre-systeme-alimentaire-mondial-defaillant-doit-changer-radicalement\/#breadcrumb"},"inLanguage":"fr-LU","potentialAction":[{"@type":"ReadAction","target":["https:\/\/www.greenpeace.org\/luxembourg\/fr\/actualites\/20056\/pour-proteger-leau-des-ravages-de-lagriculture-industrielle-notre-systeme-alimentaire-mondial-defaillant-doit-changer-radicalement\/"]}]},{"@type":"ImageObject","inLanguage":"fr-LU","@id":"https:\/\/www.greenpeace.org\/luxembourg\/fr\/actualites\/20056\/pour-proteger-leau-des-ravages-de-lagriculture-industrielle-notre-systeme-alimentaire-mondial-defaillant-doit-changer-radicalement\/#primaryimage","url":"https:\/\/www.greenpeace.org\/static\/planet4-luxembourg-stateless\/2023\/10\/55e42250-gp1sxq8b_web_size.jpg","contentUrl":"https:\/\/www.greenpeace.org\/static\/planet4-luxembourg-stateless\/2023\/10\/55e42250-gp1sxq8b_web_size.jpg","width":800,"height":533,"caption":"On Monday 27\/6, on a peaceful protest, Greenpeace Greece activists delivered a \"thank you postcard\" to the Ministry of Agricultural Development and Food, protesting for the lack of action regarding the high food prices and the food crisis we are facing due to the Russian invasion in Ukraine. Crisis after crisis, the Ministry of Agriculture has done nothing to secure the country's food security and has not been moving forward with a transition to a more sustainable, just food system. On the postcard, the \"thank you\" message says \"To: the Ministry of Holistic Indifference. Thank you for feeding us fear, high prices, speculation and indifference instead of feeding us food.\" During this slightly humoristic protest, we also reminded our demands to the Minister, which are in line with the Feeding Fears EU demands. We ask the Ministry and the Greek government to make sure that all citizens have access to healthy food at accessible prices for all."},{"@type":"BreadcrumbList","@id":"https:\/\/www.greenpeace.org\/luxembourg\/fr\/actualites\/20056\/pour-proteger-leau-des-ravages-de-lagriculture-industrielle-notre-systeme-alimentaire-mondial-defaillant-doit-changer-radicalement\/#breadcrumb","itemListElement":[{"@type":"ListItem","position":1,"name":"Home","item":"https:\/\/www.greenpeace.org\/luxembourg\/fr\/"},{"@type":"ListItem","position":2,"name":"Pour prot\u00e9ger l&#8217;eau des ravages de l&#8217;agriculture industrielle, notre syst\u00e8me alimentaire mondial d\u00e9faillant doit changer radicalement"}]},{"@type":"WebSite","@id":"https:\/\/www.greenpeace.org\/luxembourg\/fr\/#website","url":"https:\/\/www.greenpeace.org\/luxembourg\/fr\/","name":"Greenpeace Luxembourg","description":"Greenpeace existe parce que cette Terre fragile a besoin d&#039;une voix. Elle a besoin de solutions. De changement. D&#039;actions.","publisher":{"@id":"https:\/\/www.greenpeace.org\/luxembourg\/fr\/#organization"},"potentialAction":[{"@type":"SearchAction","target":{"@type":"EntryPoint","urlTemplate":"https:\/\/www.greenpeace.org\/luxembourg\/fr\/?s={search_term_string}"},"query-input":{"@type":"PropertyValueSpecification","valueRequired":true,"valueName":"search_term_string"}}],"inLanguage":"fr-LU"},{"@type":"Organization","@id":"https:\/\/www.greenpeace.org\/luxembourg\/fr\/#organization","name":"Greenpeace Luxembourg","url":"https:\/\/www.greenpeace.org\/luxembourg\/fr\/","logo":{"@type":"ImageObject","inLanguage":"fr-LU","@id":"https:\/\/www.greenpeace.org\/luxembourg\/fr\/#\/schema\/logo\/image\/","url":"https:\/\/www.greenpeace.org\/static\/planet4-luxembourg-stateless\/2026\/03\/3e367f94-greenpeace_logo_green_rgb.png","contentUrl":"https:\/\/www.greenpeace.org\/static\/planet4-luxembourg-stateless\/2026\/03\/3e367f94-greenpeace_logo_green_rgb.png","width":1080,"height":175,"caption":"Greenpeace Luxembourg"},"image":{"@id":"https:\/\/www.greenpeace.org\/luxembourg\/fr\/#\/schema\/logo\/image\/"},"sameAs":["https:\/\/www.facebook.com\/greenpeaceluxembourg","https:\/\/www.instagram.com\/greenpeacelux\/","https:\/\/www.linkedin.com\/company\/greenpeace-luxembourg\/","https:\/\/www.threads.com\/@greenpeacelux","https:\/\/bsky.app\/profile\/greenpeacelux.bsky.social","https:\/\/www.youtube.com\/@GreenpeaceLux","https:\/\/www.tiktok.com\/@greenpeace_lux"]},{"@type":"Person","@id":"https:\/\/www.greenpeace.org\/luxembourg\/fr\/#\/schema\/person\/3d0e81a859b59009fec36a8552ef76a7","name":"Esther Wildanger","url":"https:\/\/www.greenpeace.org\/luxembourg\/fr\/author\/ewildang\/"}]}},"_links":{"self":[{"href":"https:\/\/www.greenpeace.org\/luxembourg\/fr\/wp-json\/wp\/v2\/posts\/20056","targetHints":{"allow":["GET"]}}],"collection":[{"href":"https:\/\/www.greenpeace.org\/luxembourg\/fr\/wp-json\/wp\/v2\/posts"}],"about":[{"href":"https:\/\/www.greenpeace.org\/luxembourg\/fr\/wp-json\/wp\/v2\/types\/post"}],"author":[{"embeddable":true,"href":"https:\/\/www.greenpeace.org\/luxembourg\/fr\/wp-json\/wp\/v2\/users\/25"}],"replies":[{"embeddable":true,"href":"https:\/\/www.greenpeace.org\/luxembourg\/fr\/wp-json\/wp\/v2\/comments?post=20056"}],"version-history":[{"count":2,"href":"https:\/\/www.greenpeace.org\/luxembourg\/fr\/wp-json\/wp\/v2\/posts\/20056\/revisions"}],"predecessor-version":[{"id":27498,"href":"https:\/\/www.greenpeace.org\/luxembourg\/fr\/wp-json\/wp\/v2\/posts\/20056\/revisions\/27498"}],"wp:featuredmedia":[{"embeddable":true,"href":"https:\/\/www.greenpeace.org\/luxembourg\/fr\/wp-json\/wp\/v2\/media\/20067"}],"wp:attachment":[{"href":"https:\/\/www.greenpeace.org\/luxembourg\/fr\/wp-json\/wp\/v2\/media?parent=20056"}],"wp:term":[{"taxonomy":"category","embeddable":true,"href":"https:\/\/www.greenpeace.org\/luxembourg\/fr\/wp-json\/wp\/v2\/categories?post=20056"},{"taxonomy":"post_tag","embeddable":true,"href":"https:\/\/www.greenpeace.org\/luxembourg\/fr\/wp-json\/wp\/v2\/tags?post=20056"},{"taxonomy":"p4-page-type","embeddable":true,"href":"https:\/\/www.greenpeace.org\/luxembourg\/fr\/wp-json\/wp\/v2\/p4-page-type?post=20056"}],"curies":[{"name":"wp","href":"https:\/\/api.w.org\/{rel}","templated":true}]}}