{"id":20250,"date":"2023-11-03T16:00:00","date_gmt":"2023-11-03T14:00:00","guid":{"rendered":"https:\/\/www.greenpeace.org\/luxembourg\/?p=20250"},"modified":"2026-03-20T11:22:31","modified_gmt":"2026-03-20T09:22:31","slug":"pour-un-accord-de-coalition-assurant-une-transition-vers-une-economie-durable-incluant-le-secteur-financier","status":"publish","type":"post","link":"https:\/\/www.greenpeace.org\/luxembourg\/fr\/communiques-de-presse\/20250\/pour-un-accord-de-coalition-assurant-une-transition-vers-une-economie-durable-incluant-le-secteur-financier\/","title":{"rendered":"Pour un accord de coalition assurant une transition vers une \u00e9conomie durable incluant le secteur financier"},"content":{"rendered":"\n<h3 class=\"wp-block-heading\"><strong>D\u00e9i l\u00e9nk Hand d\u00e4erf net de G\u00e9igendeel maache vun deem wat d\u00e9i riets Hand m\u00e9cht<\/strong><\/h3>\n\n<p><em>Luxembourg, 3 novembre 2023 &#8211; <\/em>Durabilit\u00e9, climat, environnement, droits humains. Le monde politique et \u00e9conomique au Luxembourg est &#8211; en principe &#8211; d\u2019accord pour relever et respecter les d\u00e9fis en lien avec ces enjeux globaux. Pourtant, les deux partis politiques actuellement en train de former un nouveau gouvernement mettent en avant le d\u00e9veloppement \u00e9conomique du pays qui aura \u00e9videmment aussi un impact sur ces enjeux globaux. Cependant, il est temps de d\u00e9passer les d\u00e9clarations en entreprenant des mesures concr\u00e8tes et mesurables.<\/p>\n\n<p>Le Cercle de Coop\u00e9ration des ONGD, le groupe de travail \u00ab Finance durable \u00bb et l&#8217;Initiative pour un devoir de vigilance ont demand\u00e9 une entrevue avec les repr\u00e9sentant\u00b7e\u00b7s des groupes de travail \u00e0 Senningen charg\u00e9\u00b7e\u00b7s de l\u2019\u00e9laboration d\u2019un nouveau programme gouvernemental. Cette demande est rest\u00e9e jusqu&#8217;\u00e0 aujourd&#8217;hui sans r\u00e9ponse.<\/p>\n\n<p>Ces trois r\u00e9seaux repr\u00e9sentent pr\u00e8s d\u2019une centaine d\u2019organisations de la soci\u00e9t\u00e9 civile \u0153uvrant pour l\u2019atteinte des Objectifs du D\u00e9veloppement Durable et \u00e9tant actives dans la lutte contre les in\u00e9galit\u00e9s dans le monde. Leurs porte-paroles expriment clairement leurs attentes vis-\u00e0-vis du prochain gouvernement :&nbsp;<\/p>\n\n<p><em>\u00ab Nous sommes d&#8217;avis que le futur gouvernement luxembourgeois ne doit pas seulement s&#8217;occuper des th\u00e9matiques d&#8217;importance nationale. Afin de s\u2019engager pour une vraie transition vers une \u00e9conomie durable respectant les droits humains, le climat et l\u2019environnement au niveau de ses cha\u00eenes d\u2019approvisionnement, une consultation des associations patronales comme l\u2019UEL ou la Fedil ne peut en aucun cas \u00eatre suffisante. En tant que l&#8217;un des pays ayant la plus grande empreinte \u00e9cologique au monde et en tant que membre du Conseil des droits de l\u2019Homme des Nations Unies, le Luxembourg doit \u00e9galement assumer ses responsabilit\u00e9s internationales. \u00bb<\/em><\/p>\n\n<p>En effet, selon le spillover index des Nations Unies <a id=\"_ftnref1\" href=\"#_ftn1\">[1]<\/a>, le Luxembourg a une des performances les plus n\u00e9gatives (162<sup>e <\/sup>place parmi 166) globalement en termes d\u2019effets n\u00e9fastes de ses politiques sur le d\u00e9veloppement durable d\u2019autres pays.<\/p>\n\n<p>Certains d\u00e9fis cl\u00e9s devront \u00eatre abord\u00e9s avec des mesures concr\u00e8tes, notamment :&nbsp;<\/p>\n\n<ul class=\"wp-block-list\">\n<li>la transition vers une \u00e9conomie plus durable et la responsabilisation du secteur financier au niveau des droits humains, y inclus le droit de la biodiversit\u00e9 et de l\u2019environnement ainsi que la lutte contre le d\u00e9r\u00e8glement climatique;<\/li>\n\n\n\n<li>la coh\u00e9rence des politiques pour le d\u00e9veloppement et la prise en compte et la mitigation des effets n\u00e9gatifs de la politique \u00e9conomique et commerciale du Luxembourg au niveau global.&nbsp;<\/li>\n<\/ul>\n\n<p><strong>Le prochain gouvernement doit agir pour une transition vers une \u00e9conomie durable et assurer une coh\u00e9rence des politiques dans ses actions<\/strong><strong><\/strong><\/p>\n\n<p>Les victimes des violations des droits humains et les cons\u00e9quences n\u00e9gatives de la crise climatique ne devront pas \u00eatre oubli\u00e9es lors des n\u00e9gociations du futur accord de coalition, et l\u2019engagement pour un d\u00e9veloppement durable devra d\u00e9sormais faire partie de l\u2019ADN des entreprises au Luxembourg au 21<sup>e<\/sup> si\u00e8cle, mais aussi de la politique \u00e9conomique de l\u2019Etat luxembourgeois.<\/p>\n\n<figure class=\"wp-block-table\"><table><tbody><tr><td>Dans ce contexte, nos revendications pour l\u2019accord de coalition sont les suivantes :<br><br>&#8211; Assurer une vraie conformit\u00e9 et coh\u00e9rence au niveau des lois nationales et des prises de position du gouvernement au niveau de l\u2019Union Europ\u00e9enne avec les trait\u00e9s internationaux en mati\u00e8re de droits humains, climat et environnement ; <br>&#8211; Assurer la revue du Nohaltegkeets-Check avec des crit\u00e8res plus ambitieux, l\u2019implication de la soci\u00e9t\u00e9 civile au niveau de la consultation lors de ce processus, ainsi que l\u2019int\u00e9gration du Nohaltegkeets-Check au niveau l\u00e9gislatif ; <br>&#8211; Impl\u00e9menter un m\u00e9canisme de correction des incoh\u00e9rences constat\u00e9es et cr\u00e9er un budget d\u00e9di\u00e9 \u00e0 un suivi permanent et \u00e0 une gouvernance robuste de la coh\u00e9rence des politiques ; <br>&#8211; D\u00e9velopper et appliquer des indicateurs et m\u00e9thodes de coordination et d\u2019\u00e9valuation performants et contraignants en mati\u00e8re de coh\u00e9rence des politiques ; <br>&#8211; Mettre en place un responsable au Minist\u00e8re d\u2019Etat, qui veillera \u00e0 une coh\u00e9rence des politiques, notamment en mati\u00e8re de droits humains, climat et environnement en lien avec les activit\u00e9s \u00e9conomiques ; les d\u00e9cisions y respectives seraient \u00e0 prendre en conseil de gouvernement ; <br>&#8211; Proc\u00e9der \u00e0 une analyse de la politique luxembourgeoise en lien avec le spillover index des Nations Unies et int\u00e9grer les conclusions de mani\u00e8re coh\u00e9rente au niveau des politiques nationales et internationales. <br>&#8211; Garantir la conformit\u00e9 des entreprises \u00e0 participation \u00e9tatique et des organismes de l\u2019Etat avec les trait\u00e9s internationaux en mati\u00e8re de droits humains, environnement et climat, ainsi que les normes internationales telles que les Principes directeurs des Nations Unies et de l\u2019OCDE relatifs aux entreprises et aux droits humains.&nbsp; &nbsp;<\/td><\/tr><\/tbody><\/table><\/figure>\n\n<hr class=\"wp-block-separator has-alpha-channel-opacity is-style-wide\"\/>\n\n<h3 class=\"wp-block-heading has-text-align-center\"><strong>ANNEXE<\/strong><\/h3>\n\n<h4 class=\"wp-block-heading\">1. <strong>Le prochain gouvernement doit agir en faveur des droits humains<\/strong>&nbsp;<\/h4>\n\n<ol class=\"wp-block-list\">\n<li><\/li>\n<\/ol>\n\n<ol start=\"1\" style=\"list-style-type:1\" class=\"wp-block-list\">\n<li><\/li>\n<\/ol>\n\n<p>Face au constat que des violations des droits humains sont toujours une r\u00e9alit\u00e9 dans diverses activit\u00e9s \u00e9conomiques, le Cercle de Coop\u00e9ration des ONGD, le groupe de travail \u00ab Finance durable \u00bb et l&#8217;Initiative pour un devoir de vigilance appellent les partis politiques formant le prochain gouvernement \u00e0 s\u2019engager au niveau de l\u2019\u00e9laboration actuelle de la directive europ\u00e9enne sur le devoir de vigilance des entreprises en mati\u00e8re de durabilit\u00e9 <a id=\"_ftnref2\" href=\"#_ftn2\">[2]<\/a>. Un focus particulier devra \u00eatre mis sur l\u2019\u00e9laboration d\u2019une position transparente favorisant une l\u00e9gislation efficace et renforc\u00e9e, pleinement align\u00e9e sur les normes internationales, notamment en faveur de l\u2019acc\u00e8s \u00e0 la justice pour les victimes des violations des droits humains et en faveur de l\u2019inclusion de tout le secteur financier, y inclus les fonds d\u2019investissement. Dans le cas o\u00f9 l\u2019UE ne parvient pas \u00e0 conclure une directive europ\u00e9enne, nous appelons le Luxembourg \u00e0 mettre en place une loi nationale \u00ab Entreprises et droits humains \u00bb.&nbsp;<\/p>\n\n<p>L\u2019Etat, les entreprises \u00e0 participation \u00e9tatiques et les organismes \u00e9tatiques doivent garantir pleinement et imm\u00e9diatement une conformit\u00e9 avec les Principes directeurs des Nations Unies et de l\u2019OCDE relatifs aux entreprises et aux droits humains au niveau de leurs propres activit\u00e9s \u00e9conomiques. Dans ce contexte, il faut noter que le Pacte national dans sa version actuelle ne peut pas assurer cette d\u00e9marche vu qu\u2019il s\u2019agit d\u2019un produit \u00ab&nbsp;Green- and Socialwashing&nbsp;\u00bb (avec une approche \u00ab cocher les cases \u00bb contraire \u00e0 l&#8217;essence et au texte du UNGP Reporting Framework).<\/p>\n\n<p>La responsabilisation du secteur financier constitue une urgence importante pour aboutir \u00e0 un engagement plus cons\u00e9quent du Luxembourg en mati\u00e8re des droits humains. Le \u00ab United Nations Working Group on Business and Human Rights \u00bb a pris position en juillet 2023 pour souligner que les principes directeurs des Nations Unies indiquent clairement que la responsabilit\u00e9 de respecter les droits humains s&#8217;applique pleinement \u00e0 l&#8217;ensemble des institutions financi\u00e8res. Cette question de l\u2019inclusion des fonds d\u2019investissements dans la directive europ\u00e9enne et dans une future loi nationale \u00ab Entreprises et droits humains \u00bb est donc d\u2019une importance majeure. Malgr\u00e9 s\u2019\u00eatre d\u00e9clar\u00e9 \u00ab pour un alignement aux normes et standards internationaux sur le devoir de vigilance \u00bb, le gouvernement luxembourgeois pr\u00e9c\u00e9dent a soutenu un all\u00e8gement de la norme internationale en mati\u00e8re de conduite responsable des entreprises \u2013 notamment avec les Principes directeurs des Nations Unies relatifs aux entreprises et aux droits humains \u2013 lors des n\u00e9gociations au niveau de l\u2019UE, surtout en ce qui concerne l\u2019inclusion des fonds d\u2019investissements dans le secteur financier.<\/p>\n\n<p>Il est \u00e0 noter que Luc Frieden, futur premier ministre, s\u2019est exprim\u00e9 lors de la campagne \u00e9lectorale \u00ab pour une inclusion du secteur financier et notamment les fonds d\u2019investissement au niveau d\u2019une l\u00e9gislation tout en prenant en compte les sp\u00e9cificit\u00e9s du secteur \u00bb en lien avec une transposition de directive dans la l\u00e9gislation nationale.<\/p>\n\n<p>A noter dans ce contexte, qu\u2019avec l\u2019introduction du Nohaltegkeets-Check en juillet 2023 par le gouvernement, le Champ d\u2019action prioritaire 10 \u00ab Garantir des finances durables \u00bb pr\u00e9voit de devoir v\u00e9rifier \u00ab au Luxembourg d&#8217;\u00eatre en conformit\u00e9 avec les droits de l&#8217;homme et respecter les r\u00e8gles pr\u00e9vues dans les textes internationaux \u00bb. Une approche contradictoire, tant au niveau national qu\u2019au niveau europ\u00e9en, montre qu\u2019il y a de s\u00e9rieux probl\u00e8mes de coh\u00e9rence de politique au Luxembourg pour garantir la pertinence et l\u2019efficacit\u00e9 de la mise en \u0153uvre du Nohaltegkeets-Check.<\/p>\n\n<h4 class=\"wp-block-heading\">2. <strong>Une coh\u00e9rence des politiques dans les actions<\/strong><\/h4>\n\n<p>Dans les deux derni\u00e8res d\u00e9cennies, le Luxembourg s\u2019est engag\u00e9 \u00e0 plusieurs reprises pour assurer une coh\u00e9rence des politiques pour le d\u00e9veloppement, notamment \u00e0 travers le Trait\u00e9 de Lisbonne et la loi modifi\u00e9e sur la Coop\u00e9ration au D\u00e9veloppement de 2012, qui obligeront aussi le prochain gouvernement \u00e0 prendre des mesures coh\u00e9rentes. Or, si la soci\u00e9t\u00e9 civile per\u00e7oit les principes de la coh\u00e9rence des politiques du d\u00e9veloppement (CPD) et du d\u00e9veloppement durable (CPDD) comme des obligations que le gouvernement aurait mises en \u0153uvre \u00e0 travers des actions concr\u00e8tes, une<a href=\"https:\/\/www.cooperation.lu\/fr\/2020\/coherence-des-politiques\/coherence-des-politiques-pour-le-developpement\"> br\u00e8ve visite de la page d\u00e9di\u00e9e \u00e0 la CPD sur le site de la coop\u00e9ration luxembourgeoise<\/a> suffit pour comprendre que pour le gouvernement lui-m\u00eame, la coh\u00e9rence des politiques se r\u00e9duit largement \u00e0 un catalogue de proc\u00e9dures sans ambition et sans impact r\u00e9el sur ses actions.<\/p>\n\n<p>Sachant que ce clivage entre action et&nbsp; ambition en mati\u00e8re de coh\u00e9rence de politique pour le d\u00e9veloppement marque une bonne partie des domaines politiques, ses cons\u00e9quences sont les plus n\u00e9fastes dans le domaine des politiques \u00e9conomiques. Nous avons d\u00e9j\u00e0 illustr\u00e9 ce point \u00e0 travers l\u2019exemple de l\u2019inclusion du secteur financier dans une loi nationale resp. au niveau de la position du Luxembourg lors des n\u00e9gociations au niveau de l\u2019Union europ\u00e9enne pour un devoir de vigilance. Il touche aussi l\u2019incoh\u00e9rence entre les obligations prises par le Luxembourg en mati\u00e8re de droits humains et le manque de r\u00e9gulation, de monitoring et de sanction du:<\/p>\n\n<ul class=\"wp-block-list\">\n<li><em>secteur industriel<\/em>, par exemple concernant <a href=\"https:\/\/www.woxx.lu\/disparition-de-deux-militants-au-mexique-le-groupe-luxembourgeois-ternium-face-a-de-graves-accusations\/\">la disparition de deux d\u00e9fenseurs des droits humains et militants \u00e9cologistes ce janvier au Mexique<\/a>, \u00ab apr\u00e8s une r\u00e9union sur les d\u00e9g\u00e2ts provoqu\u00e9s par une mine du groupe luxembourgeois Ternium \u00bb, ou relatif au non-respect des normes de s\u00e9curit\u00e9 et environnementales d\u2019une filiale d\u2019ArcelorMittal au Kazakhstan, qui a caus\u00e9 la mort d\u2019une cinquantaine de personnes lors de deux incidents s\u00e9par\u00e9s depuis ao\u00fbt 2023. Notons que l\u2019Etat luxembourgeois a une responsabilit\u00e9 \u00e9largie dans ce contexte avec un taux de participation de 1,52% au niveau de l\u2019actionnariat d\u2019ArcelorMittal ;<\/li>\n\n\n\n<li><em>secteur technologique<\/em>, par exemple concernant les activit\u00e9s du NSO Group, cr\u00e9ateur du logiciel d\u2019espionnage Pegasus, ou celles de MindGeek, mise en cause en mati\u00e8re de traite sexuelle des mineurs \u00e0 travers son site PornHub.<\/li>\n<\/ul>\n\n<p>Dans le contexte d\u2019une coh\u00e9rence des politiques de d\u00e9veloppement au sens plus stricte, ce clivage entre action et ambition est un d\u00e9sastre pour le <em>secteur de l\u2019agriculture<\/em> des principaux pays partenaires de la coop\u00e9ration luxembourgeoise. Comme l\u2019a montr\u00e9 une coalition d\u2019organisations de la soci\u00e9t\u00e9 civile internationale &#8211; dont l\u2019ONGD luxembourgeoise SOS FAIM &#8211; dans un <a href=\"https:\/\/www.sol-asso.fr\/wp-content\/uploads\/2023\/06\/Version-finale-publi.pdf\">r\u00e9cent rapport<\/a>, un manque de coh\u00e9rence entre les politiques et pratiques commerciales, agricoles et alimentaires entre l\u2019Union Europ\u00e9enne et l\u2019Afrique de l\u2019Ouest \u00ab entrave depuis des d\u00e9cennies le d\u00e9veloppement agricole de la r\u00e9gion, hypoth\u00e8que l\u2019avenir de sa souverainet\u00e9 et sa s\u00e9curit\u00e9 alimentaire, et paup\u00e9rise les travailleur.euses les plus vuln\u00e9rables \u00bb. Pour le Grand-Duch\u00e9, cette incoh\u00e9rence des pratiques europ\u00e9ennes, soutenues par le Luxembourg, est accentu\u00e9e par le fait que l\u2019Afrique de l\u2019Ouest est la r\u00e9gion principale des activit\u00e9s de la coop\u00e9ration luxembourgeoise.<\/p>\n\n<p>Nous appelons le prochain gouvernement \u00e0 poursuivre une coh\u00e9rence des politiques de d\u00e9veloppement et de d\u00e9veloppement durable tangible \u00e0 travers des actions concr\u00e8tes et ambitieuses. Le changement de gouvernement doit \u00eatre une opportunit\u00e9 pour honorer les engagements pris en mati\u00e8re de coh\u00e9rence des politiques en transformant le proc\u00e9duralisme actuel dans un m\u00e9canisme efficace et efficient. Pour ce faire, nous revendiquons l&#8217;impl\u00e9mentation d\u2019un m\u00e9canisme de correction des incoh\u00e9rences constat\u00e9es et la cr\u00e9ation d\u2019un budget d\u00e9di\u00e9 \u00e0 un suivi permanent et \u00e0 une gouvernance robuste de la coh\u00e9rence des politiques. Ce suivi n\u00e9cessitera le d\u00e9veloppement et l\u2019application d\u2019indicateurs et m\u00e9thodes de coordination et d\u2019\u00e9valuation performantes et contraignantes en mati\u00e8re de coh\u00e9rence des politiques. La mise-en-place d\u2019un responsable au Minist\u00e8re d\u2019Etat permettra une veille continue et syst\u00e9matique de la coh\u00e9rence des politiques en mati\u00e8re de droits humains, climat et environnement en lien avec les activit\u00e9s \u00e9conomiques. Le conseil du gouvernement pourrait se charger de la correction des incoh\u00e9rences des politiques ainsi constat\u00e9es.&nbsp;<\/p>\n\n<h4 class=\"wp-block-heading\">3. <strong>Une strat\u00e9gie ambitieuse pour une transition vers une place financi\u00e8re v\u00e9ritablement durable<\/strong><\/h4>\n\n<p>Compte tenu de l&#8217;importance de sa place financi\u00e8re, le Luxembourg a une responsabilit\u00e9\u0301 particuli\u00e8re. En effet, le secteur financier mondial joue un r\u00f4le cl\u00e9\u0301 dans le syst\u00e8me \u00e9conomique bas\u00e9 sur une croissance excessive non durable, dont les cons\u00e9quences d\u00e9sastreuses sont \u00e9videntes. Cette situation est pr\u00e9occupante, notamment au regard de l&#8217;accord de Paris sur le climat, qui souligne l&#8217;importance de rediriger les flux financiers vers des activit\u00e9s \u00e9conomiques durables pour lutter contre la crise climatique.<\/p>\n\n<p>Contrairement aux d\u00e9clarations de la place financi\u00e8re luxembourgeoise, qui se vante publiquement de sa gamme de produits pr\u00e9tendument durables, il est important de souligner que les investissements dans des entreprises climaticides et\/ou irrespectueuses des droits humains sont plut\u00f4t la norme que l&#8217;exception. Les pratiques habituelles persistent : selon une \u00e9tude, les 100 plus grands fonds d&#8217;investissement domicili\u00e9s au Luxembourg ont financ\u00e9\u0301 \u00e0 eux seuls des \u00e9missions de gaz \u00e0 effet de serre d&#8217;environ <a href=\"https:\/\/www.greenpeace.org\/luxembourg\/de\/berichte\/10686\/luxemburg-die-100-grosten-fonds- finanzieren-den-klimawandel\/\">39 millions de tonnes<\/a> en une seule ann\u00e9e. Ces 100 fonds poursuivent des strat\u00e9gies d\u2019investissement qui conduiraient en moyenne \u00e0 un r\u00e9chauffement global de +4 degr\u00e9s d&#8217;ici 2050, loin de l&#8217;objectif de 1,5 degr\u00e9 de l&#8217;accord de Paris. M\u00eame les investissements dont l&#8217;\u00c9tat est directement responsable, tels que le fonds de compensation souverain, ont jusqu&#8217;\u00e0 pr\u00e9sent largement n\u00e9glig\u00e9 les crit\u00e8res sociaux des droits humains ainsi que les crit\u00e8res \u00e9cologiques li\u00e9s \u00e0 la diminution de l\u2019impact du changement du climat.<\/p>\n\n<p>\u00c0 ce jour, aucune analyse de r\u00e9f\u00e9rence n&#8217;a \u00e9t\u00e9\u0301 effectu\u00e9e ni par les banques, ni par les autorit\u00e9s comp\u00e9tentes sur l&#8217;impact environnemental et soci\u00e9tal du secteur financier luxembourgeois, malgr\u00e9 le fait que ce secteur joue un r\u00f4le crucial pour permettre la mise en \u0153uvre de politiques de d\u00e9veloppement durable coh\u00e9rentes et efficaces. Pourtant, le secteur financier luxembourgeois a la capacit\u00e9 et le devoir de contribuer de mani\u00e8re significative \u00e0 la lutte contre le changement climatique et au d\u00e9veloppement durable \u00e0 l&#8217;\u00e9chelle mondiale.&nbsp;<\/p>\n\n<p>Le futur gouvernement est appel\u00e9 \u00e0 prendre des mesures appropri\u00e9es pour orienter les flux financiers vers des secteurs qui acc\u00e9l\u00e8rent nettement la transformation globale vers une \u00e9conomie durable. Pour atteindre ce but, le gouvernement doit mettre en place des objectifs clairs \u00e0 court, moyen et long terme, \u00e0 la fois qualitatifs et quantitatifs, ainsi que des processus de suivi permettant de mesurer ses progr\u00e8s.&nbsp;<\/p>\n\n<p>Il est essentiel de mettre en place des normes substantielles, des r\u00e8gles exhaustives ainsi qu\u2019un contr\u00f4le rigoureux et de produire annuellement des rapports de monitoring clairs et complets relatifs \u00e0 l\u2019impact du secteur financier sur le changement climatique et le respect des droits humains. Pour commencer, le gouvernement doit int\u00e9grer dans la loi luxembourgeoise l\u2019objectif pour le secteur financier de rendre \u00ab les flux financiers compatibles avec un profil d&#8217;\u00e9volution vers un d\u00e9veloppement \u00e0 faible \u00e9mission de gaz \u00e0 effet de serre et r\u00e9silient aux changements climatiques \u00bb, conform\u00e9ment au paragraphe 2.1.c de l&#8217;Accord de Paris sur le climat. Afin d&#8217;int\u00e9grer la finance durable dans le courant dominant et d&#8217;\u00e9viter toute possibilit\u00e9 d&#8217;\u00e9coblanchiment due \u00e0 l&#8217;absence de crit\u00e8res et de normes ambitieuses et coh\u00e9rentes au niveau europ\u00e9en, la Luxemburg Sustainable Finance Strategy (LSFS) doit \u00eatre r\u00e9vis\u00e9e en 2024.<\/p>\n\n<p>A noter que la majorit\u00e9 des \u00ab Sp\u00ebtzekandidaten \u00bb ayant r\u00e9pondu au questionnaire de l\u2019Initiative pour un devoir de vigilance se sont exprim\u00e9s en faveur pour que, lors d\u2019une transition de la directive CSDDD en l\u00e9gislation nationale, l&#8217;\u00c9tat veille \u00e0 ce que les entreprises \u00e9laborent et mettent en \u0153uvre un plan pour la transition conform\u00e9ment aux exigences d\u2019information vis\u00e9es \u00e0 l\u2019article 19 bis du r\u00e8glement (UE) 2021\/0104 (CSRD), en vue de garantir que le mod\u00e8le d\u2019entreprise et la strat\u00e9gie de l\u2019entreprise sont align\u00e9s sur les objectifs de la transition vers une \u00e9conomie durable et sur la limitation du r\u00e9chauffement plan\u00e9taire \u00e0 1,5 \u00b0C conform\u00e9ment \u00e0 l\u2019accord de Paris.&nbsp;<br><\/p>\n\n<hr class=\"wp-block-separator has-alpha-channel-opacity is-style-wide\"\/>\n\n<p class=\"has-small-font-size\"><a href=\"#_ftnref1\" id=\"_ftn1\">[1]<\/a> <a href=\"https:\/\/dashboards.sdgindex.org\/rankings\/spillovers#:~:text=Countries%20are%20ranked%20by%20their,economy%20%26%20finance%2C%20and%20security.\">https:\/\/dashboards.sdgindex.org\/rankings\/spillovers#:~:text=Countries%20are%20ranked%20by%20their,economy%20%26%20finance%2C%20and%20security.<\/a> \u201cCountries are ranked by their spillover score. Each country&#8217;s actions can have positive or negative effects on other countries&#8217; abilities to achieve the SDGs. The Spillover Index assesses such spillovers along three dimensions: environmental &amp; social impacts embodied into trade, economy &amp; finance, and security. A higher score means that a country causes more positive and fewer negative spillover effects.\u201d<\/p>\n\n<p class=\"has-small-font-size\"><a id=\"_ftn2\" href=\"#_ftnref2\">[2]<\/a> connue sous le nom \u00ab CSDDD : Corporate Sustainability Due Diligence Directive \u00bb<\/p>\n","protected":false},"excerpt":{"rendered":"<p>Durabilit\u00e9, climat, environnement, droits humains. Le monde politique et \u00e9conomique au Luxembourg est &#8211; en principe &#8211; d\u2019accord pour relever et respecter les d\u00e9fis en lien avec ces enjeux globaux&#8230;<\/p>\n","protected":false},"author":25,"featured_media":20251,"comment_status":"closed","ping_status":"closed","sticky":false,"template":"","format":"standard","meta":{"ep_exclude_from_search":false,"p4_og_title":"Pour un accord de coalition assurant une transition vers une \u00e9conomie durable incluant le secteur financier","p4_og_description":"Durabilit\u00e9, climat, droits humains : le monde politique et \u00e9conomique luxembourgeois affiche ses ambitions. Greenpeace v\u00e9rifie les actes.","p4_og_image":"","p4_og_image_id":"","p4_seo_canonical_url":"","p4_campaign_name":"","p4_local_project":"","p4_basket_name":"","p4_department":"","footnotes":""},"categories":[17],"tags":[95],"p4-page-type":[83],"class_list":["post-20250","post","type-post","status-publish","format-standard","has-post-thumbnail","hentry","category-greenpeace","tag-secteurfinancier","p4-page-type-communiques-de-presse"],"yoast_head":"<!-- This site is optimized with the Yoast SEO Premium plugin v23.9 (Yoast SEO v23.9) - https:\/\/yoast.com\/wordpress\/plugins\/seo\/ -->\n<title>Pour un accord de coalition assurant une transition vers une \u00e9conomie durable incluant le secteur financier - Greenpeace Luxembourg<\/title>\n<meta name=\"robots\" content=\"index, follow, max-snippet:-1, max-image-preview:large, max-video-preview:-1\" \/>\n<link rel=\"canonical\" href=\"https:\/\/www.greenpeace.org\/luxembourg\/fr\/communiques-de-presse\/20250\/pour-un-accord-de-coalition-assurant-une-transition-vers-une-economie-durable-incluant-le-secteur-financier\/\" \/>\n<meta property=\"og:locale\" content=\"fr_FR\" \/>\n<meta property=\"og:type\" content=\"article\" \/>\n<meta property=\"og:title\" content=\"Pour un accord de coalition assurant une transition vers une \u00e9conomie durable incluant le secteur financier\" \/>\n<meta property=\"og:description\" content=\"Durabilit\u00e9, climat, environnement, droits humains. Le monde politique et \u00e9conomique au Luxembourg est - en principe - d\u2019accord pour relever et respecter les d\u00e9fis en lien avec ces enjeux globaux...\" \/>\n<meta property=\"og:url\" content=\"https:\/\/www.greenpeace.org\/luxembourg\/fr\/communiques-de-presse\/20250\/pour-un-accord-de-coalition-assurant-une-transition-vers-une-economie-durable-incluant-le-secteur-financier\/\" \/>\n<meta property=\"og:site_name\" content=\"Greenpeace Luxembourg\" \/>\n<meta property=\"article:publisher\" content=\"https:\/\/www.facebook.com\/greenpeaceluxembourg\" \/>\n<meta property=\"article:published_time\" content=\"2023-11-03T14:00:00+00:00\" \/>\n<meta property=\"article:modified_time\" content=\"2026-03-20T09:22:31+00:00\" \/>\n<meta property=\"og:image\" content=\"https:\/\/www.greenpeace.org\/static\/planet4-luxembourg-stateless\/2023\/11\/88819a8c-cercleidvgtfin_conferencepresse_20231103-scaled.jpg\" \/>\n\t<meta property=\"og:image:width\" content=\"2560\" \/>\n\t<meta property=\"og:image:height\" content=\"1920\" \/>\n\t<meta property=\"og:image:type\" content=\"image\/jpeg\" \/>\n<meta name=\"author\" content=\"Esther Wildanger\" \/>\n<meta name=\"twitter:card\" content=\"summary_large_image\" \/>\n<meta name=\"twitter:label1\" content=\"Written by\" \/>\n\t<meta name=\"twitter:data1\" content=\"Esther Wildanger\" \/>\n\t<meta name=\"twitter:label2\" content=\"Est. reading time\" \/>\n\t<meta name=\"twitter:data2\" content=\"15 minutes\" \/>\n<script type=\"application\/ld+json\" class=\"yoast-schema-graph\">{\"@context\":\"https:\/\/schema.org\",\"@graph\":[{\"@type\":\"Article\",\"@id\":\"https:\/\/www.greenpeace.org\/luxembourg\/fr\/communiques-de-presse\/20250\/pour-un-accord-de-coalition-assurant-une-transition-vers-une-economie-durable-incluant-le-secteur-financier\/#article\",\"isPartOf\":{\"@id\":\"https:\/\/www.greenpeace.org\/luxembourg\/fr\/communiques-de-presse\/20250\/pour-un-accord-de-coalition-assurant-une-transition-vers-une-economie-durable-incluant-le-secteur-financier\/\"},\"author\":{\"name\":\"Esther Wildanger\",\"@id\":\"https:\/\/www.greenpeace.org\/luxembourg\/fr\/#\/schema\/person\/3d0e81a859b59009fec36a8552ef76a7\"},\"headline\":\"Pour un accord de coalition assurant une transition vers une \u00e9conomie durable incluant le secteur financier\",\"datePublished\":\"2023-11-03T14:00:00+00:00\",\"dateModified\":\"2026-03-20T09:22:31+00:00\",\"mainEntityOfPage\":{\"@id\":\"https:\/\/www.greenpeace.org\/luxembourg\/fr\/communiques-de-presse\/20250\/pour-un-accord-de-coalition-assurant-une-transition-vers-une-economie-durable-incluant-le-secteur-financier\/\"},\"wordCount\":3005,\"publisher\":{\"@id\":\"https:\/\/www.greenpeace.org\/luxembourg\/fr\/#organization\"},\"image\":{\"@id\":\"https:\/\/www.greenpeace.org\/luxembourg\/fr\/communiques-de-presse\/20250\/pour-un-accord-de-coalition-assurant-une-transition-vers-une-economie-durable-incluant-le-secteur-financier\/#primaryimage\"},\"thumbnailUrl\":\"https:\/\/www.greenpeace.org\/static\/planet4-luxembourg-stateless\/2023\/11\/88819a8c-cercleidvgtfin_conferencepresse_20231103-scaled.jpg\",\"keywords\":[\"SecteurFinancier\"],\"articleSection\":[\"Greenpeace\"],\"inLanguage\":\"fr-LU\"},{\"@type\":\"WebPage\",\"@id\":\"https:\/\/www.greenpeace.org\/luxembourg\/fr\/communiques-de-presse\/20250\/pour-un-accord-de-coalition-assurant-une-transition-vers-une-economie-durable-incluant-le-secteur-financier\/\",\"url\":\"https:\/\/www.greenpeace.org\/luxembourg\/fr\/communiques-de-presse\/20250\/pour-un-accord-de-coalition-assurant-une-transition-vers-une-economie-durable-incluant-le-secteur-financier\/\",\"name\":\"Pour un accord de coalition assurant une transition vers une \u00e9conomie durable incluant le secteur financier - Greenpeace Luxembourg\",\"isPartOf\":{\"@id\":\"https:\/\/www.greenpeace.org\/luxembourg\/fr\/#website\"},\"primaryImageOfPage\":{\"@id\":\"https:\/\/www.greenpeace.org\/luxembourg\/fr\/communiques-de-presse\/20250\/pour-un-accord-de-coalition-assurant-une-transition-vers-une-economie-durable-incluant-le-secteur-financier\/#primaryimage\"},\"image\":{\"@id\":\"https:\/\/www.greenpeace.org\/luxembourg\/fr\/communiques-de-presse\/20250\/pour-un-accord-de-coalition-assurant-une-transition-vers-une-economie-durable-incluant-le-secteur-financier\/#primaryimage\"},\"thumbnailUrl\":\"https:\/\/www.greenpeace.org\/static\/planet4-luxembourg-stateless\/2023\/11\/88819a8c-cercleidvgtfin_conferencepresse_20231103-scaled.jpg\",\"datePublished\":\"2023-11-03T14:00:00+00:00\",\"dateModified\":\"2026-03-20T09:22:31+00:00\",\"breadcrumb\":{\"@id\":\"https:\/\/www.greenpeace.org\/luxembourg\/fr\/communiques-de-presse\/20250\/pour-un-accord-de-coalition-assurant-une-transition-vers-une-economie-durable-incluant-le-secteur-financier\/#breadcrumb\"},\"inLanguage\":\"fr-LU\",\"potentialAction\":[{\"@type\":\"ReadAction\",\"target\":[\"https:\/\/www.greenpeace.org\/luxembourg\/fr\/communiques-de-presse\/20250\/pour-un-accord-de-coalition-assurant-une-transition-vers-une-economie-durable-incluant-le-secteur-financier\/\"]}]},{\"@type\":\"ImageObject\",\"inLanguage\":\"fr-LU\",\"@id\":\"https:\/\/www.greenpeace.org\/luxembourg\/fr\/communiques-de-presse\/20250\/pour-un-accord-de-coalition-assurant-une-transition-vers-une-economie-durable-incluant-le-secteur-financier\/#primaryimage\",\"url\":\"https:\/\/www.greenpeace.org\/static\/planet4-luxembourg-stateless\/2023\/11\/88819a8c-cercleidvgtfin_conferencepresse_20231103-scaled.jpg\",\"contentUrl\":\"https:\/\/www.greenpeace.org\/static\/planet4-luxembourg-stateless\/2023\/11\/88819a8c-cercleidvgtfin_conferencepresse_20231103-scaled.jpg\",\"width\":2560,\"height\":1920},{\"@type\":\"BreadcrumbList\",\"@id\":\"https:\/\/www.greenpeace.org\/luxembourg\/fr\/communiques-de-presse\/20250\/pour-un-accord-de-coalition-assurant-une-transition-vers-une-economie-durable-incluant-le-secteur-financier\/#breadcrumb\",\"itemListElement\":[{\"@type\":\"ListItem\",\"position\":1,\"name\":\"Home\",\"item\":\"https:\/\/www.greenpeace.org\/luxembourg\/fr\/\"},{\"@type\":\"ListItem\",\"position\":2,\"name\":\"Pour un accord de coalition assurant une transition vers une \u00e9conomie durable incluant le secteur financier\"}]},{\"@type\":\"WebSite\",\"@id\":\"https:\/\/www.greenpeace.org\/luxembourg\/fr\/#website\",\"url\":\"https:\/\/www.greenpeace.org\/luxembourg\/fr\/\",\"name\":\"Greenpeace Luxembourg\",\"description\":\"Greenpeace existe parce que cette Terre fragile a besoin d&#039;une voix. Elle a besoin de solutions. De changement. D&#039;actions.\",\"publisher\":{\"@id\":\"https:\/\/www.greenpeace.org\/luxembourg\/fr\/#organization\"},\"potentialAction\":[{\"@type\":\"SearchAction\",\"target\":{\"@type\":\"EntryPoint\",\"urlTemplate\":\"https:\/\/www.greenpeace.org\/luxembourg\/fr\/?s={search_term_string}\"},\"query-input\":{\"@type\":\"PropertyValueSpecification\",\"valueRequired\":true,\"valueName\":\"search_term_string\"}}],\"inLanguage\":\"fr-LU\"},{\"@type\":\"Organization\",\"@id\":\"https:\/\/www.greenpeace.org\/luxembourg\/fr\/#organization\",\"name\":\"Greenpeace Luxembourg\",\"url\":\"https:\/\/www.greenpeace.org\/luxembourg\/fr\/\",\"logo\":{\"@type\":\"ImageObject\",\"inLanguage\":\"fr-LU\",\"@id\":\"https:\/\/www.greenpeace.org\/luxembourg\/fr\/#\/schema\/logo\/image\/\",\"url\":\"https:\/\/www.greenpeace.org\/static\/planet4-luxembourg-stateless\/2026\/03\/3e367f94-greenpeace_logo_green_rgb.png\",\"contentUrl\":\"https:\/\/www.greenpeace.org\/static\/planet4-luxembourg-stateless\/2026\/03\/3e367f94-greenpeace_logo_green_rgb.png\",\"width\":1080,\"height\":175,\"caption\":\"Greenpeace Luxembourg\"},\"image\":{\"@id\":\"https:\/\/www.greenpeace.org\/luxembourg\/fr\/#\/schema\/logo\/image\/\"},\"sameAs\":[\"https:\/\/www.facebook.com\/greenpeaceluxembourg\",\"https:\/\/www.instagram.com\/greenpeacelux\/\",\"https:\/\/www.linkedin.com\/company\/greenpeace-luxembourg\/\",\"https:\/\/www.threads.com\/@greenpeacelux\",\"https:\/\/bsky.app\/profile\/greenpeacelux.bsky.social\",\"https:\/\/www.youtube.com\/@GreenpeaceLux\",\"https:\/\/www.tiktok.com\/@greenpeace_lux\"]},{\"@type\":\"Person\",\"@id\":\"https:\/\/www.greenpeace.org\/luxembourg\/fr\/#\/schema\/person\/3d0e81a859b59009fec36a8552ef76a7\",\"name\":\"Esther Wildanger\",\"url\":\"https:\/\/www.greenpeace.org\/luxembourg\/fr\/author\/ewildang\/\"}]}<\/script>\n<!-- \/ Yoast SEO Premium plugin. -->","yoast_head_json":{"title":"Pour un accord de coalition assurant une transition vers une \u00e9conomie durable incluant le secteur financier - Greenpeace Luxembourg","robots":{"index":"index","follow":"follow","max-snippet":"max-snippet:-1","max-image-preview":"max-image-preview:large","max-video-preview":"max-video-preview:-1"},"canonical":"https:\/\/www.greenpeace.org\/luxembourg\/fr\/communiques-de-presse\/20250\/pour-un-accord-de-coalition-assurant-une-transition-vers-une-economie-durable-incluant-le-secteur-financier\/","og_locale":"fr_FR","og_type":"article","og_title":"Pour un accord de coalition assurant une transition vers une \u00e9conomie durable incluant le secteur financier","og_description":"Durabilit\u00e9, climat, environnement, droits humains. Le monde politique et \u00e9conomique au Luxembourg est - en principe - d\u2019accord pour relever et respecter les d\u00e9fis en lien avec ces enjeux globaux...","og_url":"https:\/\/www.greenpeace.org\/luxembourg\/fr\/communiques-de-presse\/20250\/pour-un-accord-de-coalition-assurant-une-transition-vers-une-economie-durable-incluant-le-secteur-financier\/","og_site_name":"Greenpeace Luxembourg","article_publisher":"https:\/\/www.facebook.com\/greenpeaceluxembourg","article_published_time":"2023-11-03T14:00:00+00:00","article_modified_time":"2026-03-20T09:22:31+00:00","og_image":[{"width":2560,"height":1920,"url":"https:\/\/www.greenpeace.org\/static\/planet4-luxembourg-stateless\/2023\/11\/88819a8c-cercleidvgtfin_conferencepresse_20231103-scaled.jpg","type":"image\/jpeg"}],"author":"Esther Wildanger","twitter_card":"summary_large_image","twitter_misc":{"Written by":"Esther Wildanger","Est. reading time":"15 minutes"},"schema":{"@context":"https:\/\/schema.org","@graph":[{"@type":"Article","@id":"https:\/\/www.greenpeace.org\/luxembourg\/fr\/communiques-de-presse\/20250\/pour-un-accord-de-coalition-assurant-une-transition-vers-une-economie-durable-incluant-le-secteur-financier\/#article","isPartOf":{"@id":"https:\/\/www.greenpeace.org\/luxembourg\/fr\/communiques-de-presse\/20250\/pour-un-accord-de-coalition-assurant-une-transition-vers-une-economie-durable-incluant-le-secteur-financier\/"},"author":{"name":"Esther Wildanger","@id":"https:\/\/www.greenpeace.org\/luxembourg\/fr\/#\/schema\/person\/3d0e81a859b59009fec36a8552ef76a7"},"headline":"Pour un accord de coalition assurant une transition vers une \u00e9conomie durable incluant le secteur financier","datePublished":"2023-11-03T14:00:00+00:00","dateModified":"2026-03-20T09:22:31+00:00","mainEntityOfPage":{"@id":"https:\/\/www.greenpeace.org\/luxembourg\/fr\/communiques-de-presse\/20250\/pour-un-accord-de-coalition-assurant-une-transition-vers-une-economie-durable-incluant-le-secteur-financier\/"},"wordCount":3005,"publisher":{"@id":"https:\/\/www.greenpeace.org\/luxembourg\/fr\/#organization"},"image":{"@id":"https:\/\/www.greenpeace.org\/luxembourg\/fr\/communiques-de-presse\/20250\/pour-un-accord-de-coalition-assurant-une-transition-vers-une-economie-durable-incluant-le-secteur-financier\/#primaryimage"},"thumbnailUrl":"https:\/\/www.greenpeace.org\/static\/planet4-luxembourg-stateless\/2023\/11\/88819a8c-cercleidvgtfin_conferencepresse_20231103-scaled.jpg","keywords":["SecteurFinancier"],"articleSection":["Greenpeace"],"inLanguage":"fr-LU"},{"@type":"WebPage","@id":"https:\/\/www.greenpeace.org\/luxembourg\/fr\/communiques-de-presse\/20250\/pour-un-accord-de-coalition-assurant-une-transition-vers-une-economie-durable-incluant-le-secteur-financier\/","url":"https:\/\/www.greenpeace.org\/luxembourg\/fr\/communiques-de-presse\/20250\/pour-un-accord-de-coalition-assurant-une-transition-vers-une-economie-durable-incluant-le-secteur-financier\/","name":"Pour un accord de coalition assurant une transition vers une \u00e9conomie durable incluant le secteur financier - Greenpeace Luxembourg","isPartOf":{"@id":"https:\/\/www.greenpeace.org\/luxembourg\/fr\/#website"},"primaryImageOfPage":{"@id":"https:\/\/www.greenpeace.org\/luxembourg\/fr\/communiques-de-presse\/20250\/pour-un-accord-de-coalition-assurant-une-transition-vers-une-economie-durable-incluant-le-secteur-financier\/#primaryimage"},"image":{"@id":"https:\/\/www.greenpeace.org\/luxembourg\/fr\/communiques-de-presse\/20250\/pour-un-accord-de-coalition-assurant-une-transition-vers-une-economie-durable-incluant-le-secteur-financier\/#primaryimage"},"thumbnailUrl":"https:\/\/www.greenpeace.org\/static\/planet4-luxembourg-stateless\/2023\/11\/88819a8c-cercleidvgtfin_conferencepresse_20231103-scaled.jpg","datePublished":"2023-11-03T14:00:00+00:00","dateModified":"2026-03-20T09:22:31+00:00","breadcrumb":{"@id":"https:\/\/www.greenpeace.org\/luxembourg\/fr\/communiques-de-presse\/20250\/pour-un-accord-de-coalition-assurant-une-transition-vers-une-economie-durable-incluant-le-secteur-financier\/#breadcrumb"},"inLanguage":"fr-LU","potentialAction":[{"@type":"ReadAction","target":["https:\/\/www.greenpeace.org\/luxembourg\/fr\/communiques-de-presse\/20250\/pour-un-accord-de-coalition-assurant-une-transition-vers-une-economie-durable-incluant-le-secteur-financier\/"]}]},{"@type":"ImageObject","inLanguage":"fr-LU","@id":"https:\/\/www.greenpeace.org\/luxembourg\/fr\/communiques-de-presse\/20250\/pour-un-accord-de-coalition-assurant-une-transition-vers-une-economie-durable-incluant-le-secteur-financier\/#primaryimage","url":"https:\/\/www.greenpeace.org\/static\/planet4-luxembourg-stateless\/2023\/11\/88819a8c-cercleidvgtfin_conferencepresse_20231103-scaled.jpg","contentUrl":"https:\/\/www.greenpeace.org\/static\/planet4-luxembourg-stateless\/2023\/11\/88819a8c-cercleidvgtfin_conferencepresse_20231103-scaled.jpg","width":2560,"height":1920},{"@type":"BreadcrumbList","@id":"https:\/\/www.greenpeace.org\/luxembourg\/fr\/communiques-de-presse\/20250\/pour-un-accord-de-coalition-assurant-une-transition-vers-une-economie-durable-incluant-le-secteur-financier\/#breadcrumb","itemListElement":[{"@type":"ListItem","position":1,"name":"Home","item":"https:\/\/www.greenpeace.org\/luxembourg\/fr\/"},{"@type":"ListItem","position":2,"name":"Pour un accord de coalition assurant une transition vers une \u00e9conomie durable incluant le secteur financier"}]},{"@type":"WebSite","@id":"https:\/\/www.greenpeace.org\/luxembourg\/fr\/#website","url":"https:\/\/www.greenpeace.org\/luxembourg\/fr\/","name":"Greenpeace Luxembourg","description":"Greenpeace existe parce que cette Terre fragile a besoin d&#039;une voix. Elle a besoin de solutions. De changement. D&#039;actions.","publisher":{"@id":"https:\/\/www.greenpeace.org\/luxembourg\/fr\/#organization"},"potentialAction":[{"@type":"SearchAction","target":{"@type":"EntryPoint","urlTemplate":"https:\/\/www.greenpeace.org\/luxembourg\/fr\/?s={search_term_string}"},"query-input":{"@type":"PropertyValueSpecification","valueRequired":true,"valueName":"search_term_string"}}],"inLanguage":"fr-LU"},{"@type":"Organization","@id":"https:\/\/www.greenpeace.org\/luxembourg\/fr\/#organization","name":"Greenpeace Luxembourg","url":"https:\/\/www.greenpeace.org\/luxembourg\/fr\/","logo":{"@type":"ImageObject","inLanguage":"fr-LU","@id":"https:\/\/www.greenpeace.org\/luxembourg\/fr\/#\/schema\/logo\/image\/","url":"https:\/\/www.greenpeace.org\/static\/planet4-luxembourg-stateless\/2026\/03\/3e367f94-greenpeace_logo_green_rgb.png","contentUrl":"https:\/\/www.greenpeace.org\/static\/planet4-luxembourg-stateless\/2026\/03\/3e367f94-greenpeace_logo_green_rgb.png","width":1080,"height":175,"caption":"Greenpeace Luxembourg"},"image":{"@id":"https:\/\/www.greenpeace.org\/luxembourg\/fr\/#\/schema\/logo\/image\/"},"sameAs":["https:\/\/www.facebook.com\/greenpeaceluxembourg","https:\/\/www.instagram.com\/greenpeacelux\/","https:\/\/www.linkedin.com\/company\/greenpeace-luxembourg\/","https:\/\/www.threads.com\/@greenpeacelux","https:\/\/bsky.app\/profile\/greenpeacelux.bsky.social","https:\/\/www.youtube.com\/@GreenpeaceLux","https:\/\/www.tiktok.com\/@greenpeace_lux"]},{"@type":"Person","@id":"https:\/\/www.greenpeace.org\/luxembourg\/fr\/#\/schema\/person\/3d0e81a859b59009fec36a8552ef76a7","name":"Esther Wildanger","url":"https:\/\/www.greenpeace.org\/luxembourg\/fr\/author\/ewildang\/"}]}},"_links":{"self":[{"href":"https:\/\/www.greenpeace.org\/luxembourg\/fr\/wp-json\/wp\/v2\/posts\/20250","targetHints":{"allow":["GET"]}}],"collection":[{"href":"https:\/\/www.greenpeace.org\/luxembourg\/fr\/wp-json\/wp\/v2\/posts"}],"about":[{"href":"https:\/\/www.greenpeace.org\/luxembourg\/fr\/wp-json\/wp\/v2\/types\/post"}],"author":[{"embeddable":true,"href":"https:\/\/www.greenpeace.org\/luxembourg\/fr\/wp-json\/wp\/v2\/users\/25"}],"replies":[{"embeddable":true,"href":"https:\/\/www.greenpeace.org\/luxembourg\/fr\/wp-json\/wp\/v2\/comments?post=20250"}],"version-history":[{"count":4,"href":"https:\/\/www.greenpeace.org\/luxembourg\/fr\/wp-json\/wp\/v2\/posts\/20250\/revisions"}],"predecessor-version":[{"id":27541,"href":"https:\/\/www.greenpeace.org\/luxembourg\/fr\/wp-json\/wp\/v2\/posts\/20250\/revisions\/27541"}],"wp:featuredmedia":[{"embeddable":true,"href":"https:\/\/www.greenpeace.org\/luxembourg\/fr\/wp-json\/wp\/v2\/media\/20251"}],"wp:attachment":[{"href":"https:\/\/www.greenpeace.org\/luxembourg\/fr\/wp-json\/wp\/v2\/media?parent=20250"}],"wp:term":[{"taxonomy":"category","embeddable":true,"href":"https:\/\/www.greenpeace.org\/luxembourg\/fr\/wp-json\/wp\/v2\/categories?post=20250"},{"taxonomy":"post_tag","embeddable":true,"href":"https:\/\/www.greenpeace.org\/luxembourg\/fr\/wp-json\/wp\/v2\/tags?post=20250"},{"taxonomy":"p4-page-type","embeddable":true,"href":"https:\/\/www.greenpeace.org\/luxembourg\/fr\/wp-json\/wp\/v2\/p4-page-type?post=20250"}],"curies":[{"name":"wp","href":"https:\/\/api.w.org\/{rel}","templated":true}]}}