{"id":20295,"date":"2023-11-16T16:02:27","date_gmt":"2023-11-16T14:02:27","guid":{"rendered":"https:\/\/www.greenpeace.org\/luxembourg\/?p=20295"},"modified":"2023-11-16T16:02:27","modified_gmt":"2023-11-16T14:02:27","slug":"greenpeace-sindigne-du-renouvellement-du-glyphosate-et-appelle-le-gouvernement-luxembourgeois-a-une-nouvelle-interdiction","status":"publish","type":"post","link":"https:\/\/www.greenpeace.org\/luxembourg\/fr\/communiques-de-presse\/20295\/greenpeace-sindigne-du-renouvellement-du-glyphosate-et-appelle-le-gouvernement-luxembourgeois-a-une-nouvelle-interdiction\/","title":{"rendered":"Greenpeace s\u2019indigne du renouvellement du Glyphosate et appelle le gouvernement luxembourgeois \u00e0 une nouvelle interdiction"},"content":{"rendered":"\n<p><em>Luxembourg<\/em>, le 16 novembre 2023 &#8211; <strong>Alors que les Etats membres de l\u2019Union europ\u00e9enne (UE) n\u2019ont pas r\u00e9ussi \u00e0 s\u2019entendre sur la r\u00e9autorisation du glyphosate, la Commission europ\u00e9enne va renouveler pour 10 ans l\u2019autorisation de cet herbicide. Greenpeace Luxembourg s\u2019indigne contre cette d\u00e9cision et d\u00e9nonce un d\u00e9ni de la science : si la d\u00e9cision est confirm\u00e9e, la Commission n\u2019aura pas suivi les nombreux avis des scientifiques au sujet des probables effets n\u00e9gatifs sur la sant\u00e9 humaine et l\u2019environnement.<\/strong><\/p>\n\n<p>\u00ab <em>C\u2019est un vrai coup dur, non seulement pour l\u2019agriculture et l\u2019environnement mais aussi pour la sant\u00e9 humaine \u00bb, <\/em>alerte Raymond Aendekerk, r\u00e9f\u00e9rant agricole et directeur de Greenpeace Luxembourg<em>. <\/em>Une fois de plus, la Commission europ\u00e9enne pr\u00e9f\u00e8re se ranger du c\u00f4t\u00e9 des lobbys de l\u2019agrochimie plut\u00f4t que de suivre les avis scientifiques, d\u2019appliquer le principe de pr\u00e9caution et d\u2019assumer l\u2019interdiction de ce pesticide.<em> \u00ab Nous f\u00e9licitons&nbsp; le Luxembourg d\u2019avoir eu le courage d\u2019interdire le Glyphosate en 2020. \u00c0 nouveau le Luxembourg a vot\u00e9 contre cette prolongation en prenant le droit de pr\u00e9caution au s\u00e9rieux. Nous attendons du nouveau gouvernement qu\u2019il examine tous les recours juridiques possibles pour \u00e0 nouveau interdire le Glyphosate sur notre territoire afin de prot\u00e9ger les citoyens et les citoyennes, l\u2019environnement et la biodiversit\u00e9 \u00bb, <\/em>ajoute Raymond Aendekerk<em>.&nbsp;<\/em><\/p>\n\n<p>Une agriculture sans glyphosate est possible et existe d\u2019ores et d\u00e9j\u00e0. De nombreux agriculteurs et agricultrices n\u2019ont pas utilis\u00e9 pendant les 2 ans d\u2019interdiction et le minist\u00e8re de l\u2019agriculture a offert des programmes sp\u00e9cifiques aux agriculteurs. Il doit renforcer le plan national pour agriculture biologique dont le cahier des charges proscrit l\u2019utilisation des pesticides de synth\u00e8se.<\/p>\n","protected":false},"excerpt":{"rendered":"<p>Alors que les Etats membres de l\u2019Union europ\u00e9enne (UE) n\u2019ont pas r\u00e9ussi \u00e0 s\u2019entendre sur la r\u00e9autorisation du glyphosate, la Commission europ\u00e9enne va renouveler pour 10 ans&#8230;<\/p>\n","protected":false},"author":25,"featured_media":20296,"comment_status":"closed","ping_status":"closed","sticky":false,"template":"","format":"standard","meta":{"ep_exclude_from_search":false,"p4_og_title":"","p4_og_description":"","p4_og_image":"","p4_og_image_id":"","p4_seo_canonical_url":"","p4_campaign_name":"","p4_local_project":"","p4_basket_name":"","p4_department":"","footnotes":""},"categories":[43],"tags":[38,39],"p4-page-type":[83],"class_list":["post-20295","post","type-post","status-publish","format-standard","has-post-thumbnail","hentry","category-nature","tag-biodiversite","tag-agriculturedurable","p4-page-type-communiques-de-presse"],"yoast_head":"<!-- This site is optimized with the Yoast SEO Premium plugin v23.9 (Yoast SEO v23.9) - https:\/\/yoast.com\/wordpress\/plugins\/seo\/ -->\n<title>Greenpeace s\u2019indigne du renouvellement du Glyphosate et appelle le gouvernement luxembourgeois \u00e0 une nouvelle interdiction - Greenpeace Luxembourg<\/title>\n<meta name=\"robots\" content=\"index, follow, max-snippet:-1, max-image-preview:large, max-video-preview:-1\" \/>\n<link rel=\"canonical\" href=\"https:\/\/www.greenpeace.org\/luxembourg\/fr\/communiques-de-presse\/20295\/greenpeace-sindigne-du-renouvellement-du-glyphosate-et-appelle-le-gouvernement-luxembourgeois-a-une-nouvelle-interdiction\/\" \/>\n<meta property=\"og:locale\" content=\"fr_FR\" \/>\n<meta property=\"og:type\" content=\"article\" \/>\n<meta property=\"og:title\" content=\"Greenpeace s\u2019indigne du renouvellement du Glyphosate et appelle le gouvernement luxembourgeois \u00e0 une nouvelle interdiction\" \/>\n<meta property=\"og:description\" content=\"Alors que les Etats membres de l\u2019Union europ\u00e9enne (UE) n\u2019ont pas r\u00e9ussi \u00e0 s\u2019entendre sur la r\u00e9autorisation du glyphosate, la Commission europ\u00e9enne va renouveler pour 10 ans...\" \/>\n<meta property=\"og:url\" content=\"https:\/\/www.greenpeace.org\/luxembourg\/fr\/communiques-de-presse\/20295\/greenpeace-sindigne-du-renouvellement-du-glyphosate-et-appelle-le-gouvernement-luxembourgeois-a-une-nouvelle-interdiction\/\" \/>\n<meta property=\"og:site_name\" content=\"Greenpeace Luxembourg\" \/>\n<meta property=\"article:publisher\" content=\"https:\/\/www.facebook.com\/greenpeaceluxembourg\" \/>\n<meta property=\"article:published_time\" content=\"2023-11-16T14:02:27+00:00\" \/>\n<meta property=\"og:image\" content=\"https:\/\/www.greenpeace.org\/static\/planet4-luxembourg-stateless\/2023\/11\/b72ee7f1-gp0strdl1_medium_res.jpg\" \/>\n\t<meta property=\"og:image:width\" content=\"1200\" \/>\n\t<meta property=\"og:image:height\" content=\"800\" \/>\n\t<meta property=\"og:image:type\" content=\"image\/jpeg\" \/>\n<meta name=\"author\" content=\"Esther Wildanger\" \/>\n<meta name=\"twitter:card\" content=\"summary_large_image\" \/>\n<meta name=\"twitter:label1\" content=\"Written by\" \/>\n\t<meta name=\"twitter:data1\" content=\"Esther Wildanger\" \/>\n\t<meta name=\"twitter:label2\" content=\"Est. reading time\" \/>\n\t<meta name=\"twitter:data2\" content=\"2 minutes\" \/>\n<script type=\"application\/ld+json\" class=\"yoast-schema-graph\">{\"@context\":\"https:\/\/schema.org\",\"@graph\":[{\"@type\":\"Article\",\"@id\":\"https:\/\/www.greenpeace.org\/luxembourg\/fr\/communiques-de-presse\/20295\/greenpeace-sindigne-du-renouvellement-du-glyphosate-et-appelle-le-gouvernement-luxembourgeois-a-une-nouvelle-interdiction\/#article\",\"isPartOf\":{\"@id\":\"https:\/\/www.greenpeace.org\/luxembourg\/fr\/communiques-de-presse\/20295\/greenpeace-sindigne-du-renouvellement-du-glyphosate-et-appelle-le-gouvernement-luxembourgeois-a-une-nouvelle-interdiction\/\"},\"author\":{\"name\":\"Esther Wildanger\",\"@id\":\"https:\/\/www.greenpeace.org\/luxembourg\/fr\/#\/schema\/person\/3d0e81a859b59009fec36a8552ef76a7\"},\"headline\":\"Greenpeace s\u2019indigne du renouvellement du Glyphosate et appelle le gouvernement luxembourgeois \u00e0 une nouvelle interdiction\",\"datePublished\":\"2023-11-16T14:02:27+00:00\",\"dateModified\":\"2023-11-16T14:02:27+00:00\",\"mainEntityOfPage\":{\"@id\":\"https:\/\/www.greenpeace.org\/luxembourg\/fr\/communiques-de-presse\/20295\/greenpeace-sindigne-du-renouvellement-du-glyphosate-et-appelle-le-gouvernement-luxembourgeois-a-une-nouvelle-interdiction\/\"},\"wordCount\":318,\"publisher\":{\"@id\":\"https:\/\/www.greenpeace.org\/luxembourg\/fr\/#organization\"},\"image\":{\"@id\":\"https:\/\/www.greenpeace.org\/luxembourg\/fr\/communiques-de-presse\/20295\/greenpeace-sindigne-du-renouvellement-du-glyphosate-et-appelle-le-gouvernement-luxembourgeois-a-une-nouvelle-interdiction\/#primaryimage\"},\"thumbnailUrl\":\"https:\/\/www.greenpeace.org\/static\/planet4-luxembourg-stateless\/2023\/11\/b72ee7f1-gp0strdl1_medium_res.jpg\",\"keywords\":[\"Biodiversit\u00e9\",\"AgricultureDurable\"],\"articleSection\":[\"Nature\"],\"inLanguage\":\"fr-LU\"},{\"@type\":\"WebPage\",\"@id\":\"https:\/\/www.greenpeace.org\/luxembourg\/fr\/communiques-de-presse\/20295\/greenpeace-sindigne-du-renouvellement-du-glyphosate-et-appelle-le-gouvernement-luxembourgeois-a-une-nouvelle-interdiction\/\",\"url\":\"https:\/\/www.greenpeace.org\/luxembourg\/fr\/communiques-de-presse\/20295\/greenpeace-sindigne-du-renouvellement-du-glyphosate-et-appelle-le-gouvernement-luxembourgeois-a-une-nouvelle-interdiction\/\",\"name\":\"Greenpeace s\u2019indigne du renouvellement du Glyphosate et appelle le gouvernement luxembourgeois \u00e0 une nouvelle interdiction - Greenpeace Luxembourg\",\"isPartOf\":{\"@id\":\"https:\/\/www.greenpeace.org\/luxembourg\/fr\/#website\"},\"primaryImageOfPage\":{\"@id\":\"https:\/\/www.greenpeace.org\/luxembourg\/fr\/communiques-de-presse\/20295\/greenpeace-sindigne-du-renouvellement-du-glyphosate-et-appelle-le-gouvernement-luxembourgeois-a-une-nouvelle-interdiction\/#primaryimage\"},\"image\":{\"@id\":\"https:\/\/www.greenpeace.org\/luxembourg\/fr\/communiques-de-presse\/20295\/greenpeace-sindigne-du-renouvellement-du-glyphosate-et-appelle-le-gouvernement-luxembourgeois-a-une-nouvelle-interdiction\/#primaryimage\"},\"thumbnailUrl\":\"https:\/\/www.greenpeace.org\/static\/planet4-luxembourg-stateless\/2023\/11\/b72ee7f1-gp0strdl1_medium_res.jpg\",\"datePublished\":\"2023-11-16T14:02:27+00:00\",\"dateModified\":\"2023-11-16T14:02:27+00:00\",\"breadcrumb\":{\"@id\":\"https:\/\/www.greenpeace.org\/luxembourg\/fr\/communiques-de-presse\/20295\/greenpeace-sindigne-du-renouvellement-du-glyphosate-et-appelle-le-gouvernement-luxembourgeois-a-une-nouvelle-interdiction\/#breadcrumb\"},\"inLanguage\":\"fr-LU\",\"potentialAction\":[{\"@type\":\"ReadAction\",\"target\":[\"https:\/\/www.greenpeace.org\/luxembourg\/fr\/communiques-de-presse\/20295\/greenpeace-sindigne-du-renouvellement-du-glyphosate-et-appelle-le-gouvernement-luxembourgeois-a-une-nouvelle-interdiction\/\"]}]},{\"@type\":\"ImageObject\",\"inLanguage\":\"fr-LU\",\"@id\":\"https:\/\/www.greenpeace.org\/luxembourg\/fr\/communiques-de-presse\/20295\/greenpeace-sindigne-du-renouvellement-du-glyphosate-et-appelle-le-gouvernement-luxembourgeois-a-une-nouvelle-interdiction\/#primaryimage\",\"url\":\"https:\/\/www.greenpeace.org\/static\/planet4-luxembourg-stateless\/2023\/11\/b72ee7f1-gp0strdl1_medium_res.jpg\",\"contentUrl\":\"https:\/\/www.greenpeace.org\/static\/planet4-luxembourg-stateless\/2023\/11\/b72ee7f1-gp0strdl1_medium_res.jpg\",\"width\":1200,\"height\":800,\"caption\":\"Greenpeace activists protest in front of the Austrian Parliament protesting and demanding a national ban of the cancerous weedkiller glyphosate. Banners text is saying \\\"Stop glyphosate\\\" in English and German language.\"},{\"@type\":\"BreadcrumbList\",\"@id\":\"https:\/\/www.greenpeace.org\/luxembourg\/fr\/communiques-de-presse\/20295\/greenpeace-sindigne-du-renouvellement-du-glyphosate-et-appelle-le-gouvernement-luxembourgeois-a-une-nouvelle-interdiction\/#breadcrumb\",\"itemListElement\":[{\"@type\":\"ListItem\",\"position\":1,\"name\":\"Home\",\"item\":\"https:\/\/www.greenpeace.org\/luxembourg\/fr\/\"},{\"@type\":\"ListItem\",\"position\":2,\"name\":\"Greenpeace s\u2019indigne du renouvellement du Glyphosate et appelle le gouvernement luxembourgeois \u00e0 une nouvelle interdiction\"}]},{\"@type\":\"WebSite\",\"@id\":\"https:\/\/www.greenpeace.org\/luxembourg\/fr\/#website\",\"url\":\"https:\/\/www.greenpeace.org\/luxembourg\/fr\/\",\"name\":\"Greenpeace Luxembourg\",\"description\":\"Greenpeace existe parce que cette Terre fragile a besoin d&#039;une voix. Elle a besoin de solutions. De changement. D&#039;actions.\",\"publisher\":{\"@id\":\"https:\/\/www.greenpeace.org\/luxembourg\/fr\/#organization\"},\"potentialAction\":[{\"@type\":\"SearchAction\",\"target\":{\"@type\":\"EntryPoint\",\"urlTemplate\":\"https:\/\/www.greenpeace.org\/luxembourg\/fr\/?s={search_term_string}\"},\"query-input\":{\"@type\":\"PropertyValueSpecification\",\"valueRequired\":true,\"valueName\":\"search_term_string\"}}],\"inLanguage\":\"fr-LU\"},{\"@type\":\"Organization\",\"@id\":\"https:\/\/www.greenpeace.org\/luxembourg\/fr\/#organization\",\"name\":\"Greenpeace Luxembourg\",\"url\":\"https:\/\/www.greenpeace.org\/luxembourg\/fr\/\",\"logo\":{\"@type\":\"ImageObject\",\"inLanguage\":\"fr-LU\",\"@id\":\"https:\/\/www.greenpeace.org\/luxembourg\/fr\/#\/schema\/logo\/image\/\",\"url\":\"https:\/\/www.greenpeace.org\/static\/planet4-luxembourg-stateless\/2026\/03\/3e367f94-greenpeace_logo_green_rgb.png\",\"contentUrl\":\"https:\/\/www.greenpeace.org\/static\/planet4-luxembourg-stateless\/2026\/03\/3e367f94-greenpeace_logo_green_rgb.png\",\"width\":1080,\"height\":175,\"caption\":\"Greenpeace Luxembourg\"},\"image\":{\"@id\":\"https:\/\/www.greenpeace.org\/luxembourg\/fr\/#\/schema\/logo\/image\/\"},\"sameAs\":[\"https:\/\/www.facebook.com\/greenpeaceluxembourg\",\"https:\/\/www.instagram.com\/greenpeacelux\/\",\"https:\/\/www.linkedin.com\/company\/greenpeace-luxembourg\/\",\"https:\/\/www.threads.com\/@greenpeacelux\",\"https:\/\/bsky.app\/profile\/greenpeacelux.bsky.social\",\"https:\/\/www.youtube.com\/@GreenpeaceLux\",\"https:\/\/www.tiktok.com\/@greenpeace_lux\"]},{\"@type\":\"Person\",\"@id\":\"https:\/\/www.greenpeace.org\/luxembourg\/fr\/#\/schema\/person\/3d0e81a859b59009fec36a8552ef76a7\",\"name\":\"Esther Wildanger\",\"url\":\"https:\/\/www.greenpeace.org\/luxembourg\/fr\/author\/ewildang\/\"}]}<\/script>\n<!-- \/ Yoast SEO Premium plugin. -->","yoast_head_json":{"title":"Greenpeace s\u2019indigne du renouvellement du Glyphosate et appelle le gouvernement luxembourgeois \u00e0 une nouvelle interdiction - Greenpeace Luxembourg","robots":{"index":"index","follow":"follow","max-snippet":"max-snippet:-1","max-image-preview":"max-image-preview:large","max-video-preview":"max-video-preview:-1"},"canonical":"https:\/\/www.greenpeace.org\/luxembourg\/fr\/communiques-de-presse\/20295\/greenpeace-sindigne-du-renouvellement-du-glyphosate-et-appelle-le-gouvernement-luxembourgeois-a-une-nouvelle-interdiction\/","og_locale":"fr_FR","og_type":"article","og_title":"Greenpeace s\u2019indigne du renouvellement du Glyphosate et appelle le gouvernement luxembourgeois \u00e0 une nouvelle interdiction","og_description":"Alors que les Etats membres de l\u2019Union europ\u00e9enne (UE) n\u2019ont pas r\u00e9ussi \u00e0 s\u2019entendre sur la r\u00e9autorisation du glyphosate, la Commission europ\u00e9enne va renouveler pour 10 ans...","og_url":"https:\/\/www.greenpeace.org\/luxembourg\/fr\/communiques-de-presse\/20295\/greenpeace-sindigne-du-renouvellement-du-glyphosate-et-appelle-le-gouvernement-luxembourgeois-a-une-nouvelle-interdiction\/","og_site_name":"Greenpeace Luxembourg","article_publisher":"https:\/\/www.facebook.com\/greenpeaceluxembourg","article_published_time":"2023-11-16T14:02:27+00:00","og_image":[{"width":1200,"height":800,"url":"https:\/\/www.greenpeace.org\/static\/planet4-luxembourg-stateless\/2023\/11\/b72ee7f1-gp0strdl1_medium_res.jpg","type":"image\/jpeg"}],"author":"Esther Wildanger","twitter_card":"summary_large_image","twitter_misc":{"Written by":"Esther Wildanger","Est. reading time":"2 minutes"},"schema":{"@context":"https:\/\/schema.org","@graph":[{"@type":"Article","@id":"https:\/\/www.greenpeace.org\/luxembourg\/fr\/communiques-de-presse\/20295\/greenpeace-sindigne-du-renouvellement-du-glyphosate-et-appelle-le-gouvernement-luxembourgeois-a-une-nouvelle-interdiction\/#article","isPartOf":{"@id":"https:\/\/www.greenpeace.org\/luxembourg\/fr\/communiques-de-presse\/20295\/greenpeace-sindigne-du-renouvellement-du-glyphosate-et-appelle-le-gouvernement-luxembourgeois-a-une-nouvelle-interdiction\/"},"author":{"name":"Esther Wildanger","@id":"https:\/\/www.greenpeace.org\/luxembourg\/fr\/#\/schema\/person\/3d0e81a859b59009fec36a8552ef76a7"},"headline":"Greenpeace s\u2019indigne du renouvellement du Glyphosate et appelle le gouvernement luxembourgeois \u00e0 une nouvelle interdiction","datePublished":"2023-11-16T14:02:27+00:00","dateModified":"2023-11-16T14:02:27+00:00","mainEntityOfPage":{"@id":"https:\/\/www.greenpeace.org\/luxembourg\/fr\/communiques-de-presse\/20295\/greenpeace-sindigne-du-renouvellement-du-glyphosate-et-appelle-le-gouvernement-luxembourgeois-a-une-nouvelle-interdiction\/"},"wordCount":318,"publisher":{"@id":"https:\/\/www.greenpeace.org\/luxembourg\/fr\/#organization"},"image":{"@id":"https:\/\/www.greenpeace.org\/luxembourg\/fr\/communiques-de-presse\/20295\/greenpeace-sindigne-du-renouvellement-du-glyphosate-et-appelle-le-gouvernement-luxembourgeois-a-une-nouvelle-interdiction\/#primaryimage"},"thumbnailUrl":"https:\/\/www.greenpeace.org\/static\/planet4-luxembourg-stateless\/2023\/11\/b72ee7f1-gp0strdl1_medium_res.jpg","keywords":["Biodiversit\u00e9","AgricultureDurable"],"articleSection":["Nature"],"inLanguage":"fr-LU"},{"@type":"WebPage","@id":"https:\/\/www.greenpeace.org\/luxembourg\/fr\/communiques-de-presse\/20295\/greenpeace-sindigne-du-renouvellement-du-glyphosate-et-appelle-le-gouvernement-luxembourgeois-a-une-nouvelle-interdiction\/","url":"https:\/\/www.greenpeace.org\/luxembourg\/fr\/communiques-de-presse\/20295\/greenpeace-sindigne-du-renouvellement-du-glyphosate-et-appelle-le-gouvernement-luxembourgeois-a-une-nouvelle-interdiction\/","name":"Greenpeace s\u2019indigne du renouvellement du Glyphosate et appelle le gouvernement luxembourgeois \u00e0 une nouvelle interdiction - Greenpeace Luxembourg","isPartOf":{"@id":"https:\/\/www.greenpeace.org\/luxembourg\/fr\/#website"},"primaryImageOfPage":{"@id":"https:\/\/www.greenpeace.org\/luxembourg\/fr\/communiques-de-presse\/20295\/greenpeace-sindigne-du-renouvellement-du-glyphosate-et-appelle-le-gouvernement-luxembourgeois-a-une-nouvelle-interdiction\/#primaryimage"},"image":{"@id":"https:\/\/www.greenpeace.org\/luxembourg\/fr\/communiques-de-presse\/20295\/greenpeace-sindigne-du-renouvellement-du-glyphosate-et-appelle-le-gouvernement-luxembourgeois-a-une-nouvelle-interdiction\/#primaryimage"},"thumbnailUrl":"https:\/\/www.greenpeace.org\/static\/planet4-luxembourg-stateless\/2023\/11\/b72ee7f1-gp0strdl1_medium_res.jpg","datePublished":"2023-11-16T14:02:27+00:00","dateModified":"2023-11-16T14:02:27+00:00","breadcrumb":{"@id":"https:\/\/www.greenpeace.org\/luxembourg\/fr\/communiques-de-presse\/20295\/greenpeace-sindigne-du-renouvellement-du-glyphosate-et-appelle-le-gouvernement-luxembourgeois-a-une-nouvelle-interdiction\/#breadcrumb"},"inLanguage":"fr-LU","potentialAction":[{"@type":"ReadAction","target":["https:\/\/www.greenpeace.org\/luxembourg\/fr\/communiques-de-presse\/20295\/greenpeace-sindigne-du-renouvellement-du-glyphosate-et-appelle-le-gouvernement-luxembourgeois-a-une-nouvelle-interdiction\/"]}]},{"@type":"ImageObject","inLanguage":"fr-LU","@id":"https:\/\/www.greenpeace.org\/luxembourg\/fr\/communiques-de-presse\/20295\/greenpeace-sindigne-du-renouvellement-du-glyphosate-et-appelle-le-gouvernement-luxembourgeois-a-une-nouvelle-interdiction\/#primaryimage","url":"https:\/\/www.greenpeace.org\/static\/planet4-luxembourg-stateless\/2023\/11\/b72ee7f1-gp0strdl1_medium_res.jpg","contentUrl":"https:\/\/www.greenpeace.org\/static\/planet4-luxembourg-stateless\/2023\/11\/b72ee7f1-gp0strdl1_medium_res.jpg","width":1200,"height":800,"caption":"Greenpeace activists protest in front of the Austrian Parliament protesting and demanding a national ban of the cancerous weedkiller glyphosate. Banners text is saying \"Stop glyphosate\" in English and German language."},{"@type":"BreadcrumbList","@id":"https:\/\/www.greenpeace.org\/luxembourg\/fr\/communiques-de-presse\/20295\/greenpeace-sindigne-du-renouvellement-du-glyphosate-et-appelle-le-gouvernement-luxembourgeois-a-une-nouvelle-interdiction\/#breadcrumb","itemListElement":[{"@type":"ListItem","position":1,"name":"Home","item":"https:\/\/www.greenpeace.org\/luxembourg\/fr\/"},{"@type":"ListItem","position":2,"name":"Greenpeace s\u2019indigne du renouvellement du Glyphosate et appelle le gouvernement luxembourgeois \u00e0 une nouvelle interdiction"}]},{"@type":"WebSite","@id":"https:\/\/www.greenpeace.org\/luxembourg\/fr\/#website","url":"https:\/\/www.greenpeace.org\/luxembourg\/fr\/","name":"Greenpeace Luxembourg","description":"Greenpeace existe parce que cette Terre fragile a besoin d&#039;une voix. Elle a besoin de solutions. De changement. D&#039;actions.","publisher":{"@id":"https:\/\/www.greenpeace.org\/luxembourg\/fr\/#organization"},"potentialAction":[{"@type":"SearchAction","target":{"@type":"EntryPoint","urlTemplate":"https:\/\/www.greenpeace.org\/luxembourg\/fr\/?s={search_term_string}"},"query-input":{"@type":"PropertyValueSpecification","valueRequired":true,"valueName":"search_term_string"}}],"inLanguage":"fr-LU"},{"@type":"Organization","@id":"https:\/\/www.greenpeace.org\/luxembourg\/fr\/#organization","name":"Greenpeace Luxembourg","url":"https:\/\/www.greenpeace.org\/luxembourg\/fr\/","logo":{"@type":"ImageObject","inLanguage":"fr-LU","@id":"https:\/\/www.greenpeace.org\/luxembourg\/fr\/#\/schema\/logo\/image\/","url":"https:\/\/www.greenpeace.org\/static\/planet4-luxembourg-stateless\/2026\/03\/3e367f94-greenpeace_logo_green_rgb.png","contentUrl":"https:\/\/www.greenpeace.org\/static\/planet4-luxembourg-stateless\/2026\/03\/3e367f94-greenpeace_logo_green_rgb.png","width":1080,"height":175,"caption":"Greenpeace Luxembourg"},"image":{"@id":"https:\/\/www.greenpeace.org\/luxembourg\/fr\/#\/schema\/logo\/image\/"},"sameAs":["https:\/\/www.facebook.com\/greenpeaceluxembourg","https:\/\/www.instagram.com\/greenpeacelux\/","https:\/\/www.linkedin.com\/company\/greenpeace-luxembourg\/","https:\/\/www.threads.com\/@greenpeacelux","https:\/\/bsky.app\/profile\/greenpeacelux.bsky.social","https:\/\/www.youtube.com\/@GreenpeaceLux","https:\/\/www.tiktok.com\/@greenpeace_lux"]},{"@type":"Person","@id":"https:\/\/www.greenpeace.org\/luxembourg\/fr\/#\/schema\/person\/3d0e81a859b59009fec36a8552ef76a7","name":"Esther Wildanger","url":"https:\/\/www.greenpeace.org\/luxembourg\/fr\/author\/ewildang\/"}]}},"_links":{"self":[{"href":"https:\/\/www.greenpeace.org\/luxembourg\/fr\/wp-json\/wp\/v2\/posts\/20295","targetHints":{"allow":["GET"]}}],"collection":[{"href":"https:\/\/www.greenpeace.org\/luxembourg\/fr\/wp-json\/wp\/v2\/posts"}],"about":[{"href":"https:\/\/www.greenpeace.org\/luxembourg\/fr\/wp-json\/wp\/v2\/types\/post"}],"author":[{"embeddable":true,"href":"https:\/\/www.greenpeace.org\/luxembourg\/fr\/wp-json\/wp\/v2\/users\/25"}],"replies":[{"embeddable":true,"href":"https:\/\/www.greenpeace.org\/luxembourg\/fr\/wp-json\/wp\/v2\/comments?post=20295"}],"version-history":[{"count":1,"href":"https:\/\/www.greenpeace.org\/luxembourg\/fr\/wp-json\/wp\/v2\/posts\/20295\/revisions"}],"predecessor-version":[{"id":20298,"href":"https:\/\/www.greenpeace.org\/luxembourg\/fr\/wp-json\/wp\/v2\/posts\/20295\/revisions\/20298"}],"wp:featuredmedia":[{"embeddable":true,"href":"https:\/\/www.greenpeace.org\/luxembourg\/fr\/wp-json\/wp\/v2\/media\/20296"}],"wp:attachment":[{"href":"https:\/\/www.greenpeace.org\/luxembourg\/fr\/wp-json\/wp\/v2\/media?parent=20295"}],"wp:term":[{"taxonomy":"category","embeddable":true,"href":"https:\/\/www.greenpeace.org\/luxembourg\/fr\/wp-json\/wp\/v2\/categories?post=20295"},{"taxonomy":"post_tag","embeddable":true,"href":"https:\/\/www.greenpeace.org\/luxembourg\/fr\/wp-json\/wp\/v2\/tags?post=20295"},{"taxonomy":"p4-page-type","embeddable":true,"href":"https:\/\/www.greenpeace.org\/luxembourg\/fr\/wp-json\/wp\/v2\/p4-page-type?post=20295"}],"curies":[{"name":"wp","href":"https:\/\/api.w.org\/{rel}","templated":true}]}}