{"id":20671,"date":"2023-12-05T10:56:20","date_gmt":"2023-12-05T08:56:20","guid":{"rendered":"https:\/\/www.greenpeace.org\/luxembourg\/?p=20671"},"modified":"2023-12-05T10:57:36","modified_gmt":"2023-12-05T08:57:36","slug":"nos-vies-mises-en-danger-par-les-grandes-compagnies-petrolieres-et-gazieres","status":"publish","type":"post","link":"https:\/\/www.greenpeace.org\/luxembourg\/fr\/communiques-de-presse\/20671\/nos-vies-mises-en-danger-par-les-grandes-compagnies-petrolieres-et-gazieres\/","title":{"rendered":"Nos vies mises en danger par les grandes compagnies p\u00e9troli\u00e8res et gazi\u00e8res"},"content":{"rendered":"\n<p><em>Luxembourg, <\/em>le 5 d\u00e9cembre 2023 &#8211; <strong>Selon une \u00e9tude publi\u00e9e ce jour par Greenpeace Pays-Bas intitul\u00e9e <\/strong><a href=\"https:\/\/www.greenpeace.org\/static\/planet4-netherlands-stateless\/2023\/12\/885ced20-layout-cdt-1.pdf\"><strong><em>Today&#8217;s emissions, tomorrow&#8217;s deaths: How Europe&#8217;s major oil and gas companies are putting lives at risk<\/em><\/strong><\/a><strong> (<\/strong><strong><em>Les \u00e9missions d\u2019aujourd\u2019hui, les morts de demain : les principales compagnies p\u00e9troli\u00e8res et gazi\u00e8res mettent des vies en danger<\/em><\/strong><strong>), environ 360 000 personnes pourraient mourir pr\u00e9matur\u00e9ment avant la fin du si\u00e8cle en raison du r\u00e9chauffement climatique li\u00e9 aux \u00e9missions de gaz \u00e0 effet de serre d\u00e9clar\u00e9es par neuf compagnies p\u00e9tro-gazi\u00e8res europ\u00e9ennes pour l\u2019ann\u00e9e 2022 uniquement.<\/strong><\/p>\n\n<p>Publi\u00e9e \u00e0 l&#8217;occasion de la COP28, l&#8217;\u00e9tude reprend la m\u00e9thode du \u00ab <em>co\u00fbt de mortalit\u00e9 du carbone<\/em> \u00bb d\u00e9velopp\u00e9e par le chercheur am\u00e9ricain R. Daniel Bressler et s\u2019appuie sur les bilans carbone d\u00e9clar\u00e9s pour 2022 par neuf grandes compagnies p\u00e9troli\u00e8res et gazi\u00e8res europ\u00e9ennes : Shell, TotalEnergies, BP, Equinor, Eni, Repsol, OMV, Orlen et Wintershall Dea. Collectivement, ces entreprises d\u00e9clarent ainsi avoir \u00e9mis 2,7 milliards de tonnes de CO<sub>2<\/sub>e [1] en 2022. \u00c0 partir de ces donn\u00e9es, les calculs estimatifs et conservateurs de Greenpeace Pays-Bas montrent que ces entreprises pourraient causer au moins 360 000 d\u00e9c\u00e8s pr\u00e9matur\u00e9s d\u2019ici la fin du si\u00e8cle. Ce nombre de d\u00e9c\u00e8s est d\u00fb au r\u00e9chauffement climatique caus\u00e9 par leurs seules \u00e9missions pour l\u2019ann\u00e9e 2022, et des variations de temp\u00e9rature extr\u00eames engendr\u00e9es [2].<br>Et ces d\u00e9c\u00e8s suppl\u00e9mentaires se multiplieront chaque ann\u00e9e si les \u00e9missions li\u00e9es aux \u00e9nergies fossiles ne sont pas drastiquement r\u00e9duites.&nbsp;<\/p>\n\n<p>\u00ab <em>La sortie des \u00e9nergies fossiles est une question de vie ou de mort. La responsabilit\u00e9 de l\u2019industrie fossile dans le r\u00e9chauffement climatique est \u00e9tablie et, \u00e0 mesure que la science de l&#8217;attribution progresse, son impact terrible en termes de bilan humain devient de plus en plus \u00e9vident. Pourtant, ces multinationales continuent d&#8217;extraire des \u00e9nergies fossiles pour maintenir leurs profits records, sans se soucier des millions de personnes qui pourraient mourir pr\u00e9matur\u00e9ment ann\u00e9e apr\u00e8s ann\u00e9e, notamment dans les pays du Sud qui sont les plus expos\u00e9s. Les gouvernements doivent se mobiliser pour interdire tout nouveau projet fossile et obliger les entreprises de ce secteur \u00e0 r\u00e9duire drastiquement et d\u00e8s \u00e0 pr\u00e9sent leurs \u00e9missions \u00bb <\/em>, commente Fr\u00e9d\u00e9ric Meys, charg\u00e9 de campagne Reconstruisons Demain pour Greenpeace Luxembourg.<br><br>Greenpeace demande aux responsables\u00a0 du monde pr\u00e9sents \u00e0 la COP28 de s&#8217;accorder sur une \u00e9limination rapide, juste et \u00e9quitable du charbon, du p\u00e9trole et du gaz, d&#8217;interdire tout nouveau projet d\u2019extraction d\u2019\u00e9nergies fossiles et <a href=\"https:\/\/www.greenpeace.org\/luxembourg\/fr\/communiques-de-presse\/20561\/cop28-greenpeace-exige-la-fin-des-forages-et-la-contribution-financiere-de-lindustrie-fossile\/\">de taxer les entreprises fossiles<\/a> afin de financer la lutte contre les d\u00e9r\u00e8glements climatiques ainsi que les pertes et dommages li\u00e9s aux \u00e9v\u00e8nements extr\u00eames. Les pays industrialis\u00e9s, qui ont une responsabilit\u00e9 historique en mati\u00e8re d&#8217;\u00e9missions, doivent prendre leurs responsabilit\u00e9s.<\/p>\n\n<hr class=\"wp-block-separator has-alpha-channel-opacity is-style-wide\"\/>\n\n<p class=\"has-small-font-size\"><strong>Notes aux r\u00e9dactions :&nbsp;<\/strong><\/p>\n\n<p class=\"has-small-font-size\">[1] CO<sub>2<\/sub>e signifie \u00e9quivalent CO2 et est une unit\u00e9 cr\u00e9\u00e9e par le GIEC (groupe intergouvernemental d&#8217;experts sur l&#8217;\u00e9volution du climat). Les diff\u00e9rents gaz n&#8217;ont pas le m\u00eame impact sur l&#8217;effet de serre et ont une dur\u00e9e de vie dans l&#8217;atmosph\u00e8re diff\u00e9rente. L&#8217;unit\u00e9 uniformise et mesure donc leurs effets climatiques.<\/p>\n\n<p class=\"has-small-font-size\">[2] Le nombre de d\u00e9c\u00e8s pr\u00e9matur\u00e9s indiqu\u00e9 correspond \u00e0 une estimation conservatrice et pourrait tr\u00e8s probablement \u00eatre largement revu \u00e0 la hausse, pour plusieurs raisons. Par exemple, ce chiffre ne prend en compte que les d\u00e9c\u00e8s qui pourraient \u00eatre caus\u00e9s par les temp\u00e9ratures extr\u00eames \u00e0 venir et n&#8217;\u00e9value pas le co\u00fbt humain d&#8217;autres impacts du changement climatique comme les \u00e9v\u00e9nements extr\u00eames (inondations, s\u00e9cheresses, incendies de for\u00eat, temp\u00eates), ou de la pollution de l&#8217;air li\u00e9e \u00e0 la combustion des \u00e9nergies fossiles.<\/p>\n","protected":false},"excerpt":{"rendered":"<p>Selon une \u00e9tude publi\u00e9e ce jour par Greenpeace Pays-Bas intitul\u00e9e Today&#8217;s emissions, tomorrow&#8217;s deaths: How Europe&#8217;s major oil and gas companies are putting lives at risk&#8230;<\/p>\n","protected":false},"author":25,"featured_media":20672,"comment_status":"closed","ping_status":"closed","sticky":false,"template":"","format":"standard","meta":{"ep_exclude_from_search":false,"p4_og_title":"","p4_og_description":"","p4_og_image":"","p4_og_image_id":"","p4_seo_canonical_url":"","p4_campaign_name":"","p4_local_project":"","p4_basket_name":"","p4_department":"","footnotes":""},"categories":[41],"tags":[35],"p4-page-type":[83],"class_list":["post-20671","post","type-post","status-publish","format-standard","has-post-thumbnail","hentry","category-climat","tag-energiesfossiles","p4-page-type-communiques-de-presse"],"yoast_head":"<!-- This site is optimized with the Yoast SEO Premium plugin v23.9 (Yoast SEO v23.9) - https:\/\/yoast.com\/wordpress\/plugins\/seo\/ -->\n<title>Nos vies mises en danger par les grandes compagnies p\u00e9troli\u00e8res et gazi\u00e8res - Greenpeace Luxembourg<\/title>\n<meta name=\"robots\" content=\"index, follow, max-snippet:-1, max-image-preview:large, max-video-preview:-1\" \/>\n<link rel=\"canonical\" href=\"https:\/\/www.greenpeace.org\/luxembourg\/fr\/communiques-de-presse\/20671\/nos-vies-mises-en-danger-par-les-grandes-compagnies-petrolieres-et-gazieres\/\" \/>\n<meta property=\"og:locale\" content=\"fr_FR\" \/>\n<meta property=\"og:type\" content=\"article\" \/>\n<meta property=\"og:title\" content=\"Nos vies mises en danger par les grandes compagnies p\u00e9troli\u00e8res et gazi\u00e8res\" \/>\n<meta property=\"og:description\" content=\"Selon une \u00e9tude publi\u00e9e ce jour par Greenpeace Pays-Bas intitul\u00e9e Today&#039;s emissions, tomorrow&#039;s deaths: How Europe&#039;s major oil and gas companies are putting lives at risk...\" \/>\n<meta property=\"og:url\" content=\"https:\/\/www.greenpeace.org\/luxembourg\/fr\/communiques-de-presse\/20671\/nos-vies-mises-en-danger-par-les-grandes-compagnies-petrolieres-et-gazieres\/\" \/>\n<meta property=\"og:site_name\" content=\"Greenpeace Luxembourg\" \/>\n<meta property=\"article:publisher\" content=\"https:\/\/www.facebook.com\/greenpeaceluxembourg\" \/>\n<meta property=\"article:published_time\" content=\"2023-12-05T08:56:20+00:00\" \/>\n<meta property=\"article:modified_time\" content=\"2023-12-05T08:57:36+00:00\" \/>\n<meta property=\"og:image\" content=\"https:\/\/www.greenpeace.org\/static\/planet4-luxembourg-stateless\/2023\/12\/b4c48548-gp0stpei6_medium_res.jpg\" \/>\n\t<meta property=\"og:image:width\" content=\"1200\" \/>\n\t<meta property=\"og:image:height\" content=\"801\" \/>\n\t<meta property=\"og:image:type\" content=\"image\/jpeg\" \/>\n<meta name=\"author\" content=\"Esther Wildanger\" \/>\n<meta name=\"twitter:card\" content=\"summary_large_image\" \/>\n<meta name=\"twitter:label1\" content=\"Written by\" \/>\n\t<meta name=\"twitter:data1\" content=\"Esther Wildanger\" \/>\n\t<meta name=\"twitter:label2\" content=\"Est. reading time\" \/>\n\t<meta name=\"twitter:data2\" content=\"3 minutes\" \/>\n<script type=\"application\/ld+json\" class=\"yoast-schema-graph\">{\"@context\":\"https:\/\/schema.org\",\"@graph\":[{\"@type\":\"Article\",\"@id\":\"https:\/\/www.greenpeace.org\/luxembourg\/fr\/communiques-de-presse\/20671\/nos-vies-mises-en-danger-par-les-grandes-compagnies-petrolieres-et-gazieres\/#article\",\"isPartOf\":{\"@id\":\"https:\/\/www.greenpeace.org\/luxembourg\/fr\/communiques-de-presse\/20671\/nos-vies-mises-en-danger-par-les-grandes-compagnies-petrolieres-et-gazieres\/\"},\"author\":{\"name\":\"Esther Wildanger\",\"@id\":\"https:\/\/www.greenpeace.org\/luxembourg\/fr\/#\/schema\/person\/3d0e81a859b59009fec36a8552ef76a7\"},\"headline\":\"Nos vies mises en danger par les grandes compagnies p\u00e9troli\u00e8res et gazi\u00e8res\",\"datePublished\":\"2023-12-05T08:56:20+00:00\",\"dateModified\":\"2023-12-05T08:57:36+00:00\",\"mainEntityOfPage\":{\"@id\":\"https:\/\/www.greenpeace.org\/luxembourg\/fr\/communiques-de-presse\/20671\/nos-vies-mises-en-danger-par-les-grandes-compagnies-petrolieres-et-gazieres\/\"},\"wordCount\":672,\"publisher\":{\"@id\":\"https:\/\/www.greenpeace.org\/luxembourg\/fr\/#organization\"},\"image\":{\"@id\":\"https:\/\/www.greenpeace.org\/luxembourg\/fr\/communiques-de-presse\/20671\/nos-vies-mises-en-danger-par-les-grandes-compagnies-petrolieres-et-gazieres\/#primaryimage\"},\"thumbnailUrl\":\"https:\/\/www.greenpeace.org\/static\/planet4-luxembourg-stateless\/2023\/12\/b4c48548-gp0stpei6_medium_res.jpg\",\"keywords\":[\"EnergiesFossiles\"],\"articleSection\":[\"Climat\"],\"inLanguage\":\"fr-LU\"},{\"@type\":\"WebPage\",\"@id\":\"https:\/\/www.greenpeace.org\/luxembourg\/fr\/communiques-de-presse\/20671\/nos-vies-mises-en-danger-par-les-grandes-compagnies-petrolieres-et-gazieres\/\",\"url\":\"https:\/\/www.greenpeace.org\/luxembourg\/fr\/communiques-de-presse\/20671\/nos-vies-mises-en-danger-par-les-grandes-compagnies-petrolieres-et-gazieres\/\",\"name\":\"Nos vies mises en danger par les grandes compagnies p\u00e9troli\u00e8res et gazi\u00e8res - Greenpeace Luxembourg\",\"isPartOf\":{\"@id\":\"https:\/\/www.greenpeace.org\/luxembourg\/fr\/#website\"},\"primaryImageOfPage\":{\"@id\":\"https:\/\/www.greenpeace.org\/luxembourg\/fr\/communiques-de-presse\/20671\/nos-vies-mises-en-danger-par-les-grandes-compagnies-petrolieres-et-gazieres\/#primaryimage\"},\"image\":{\"@id\":\"https:\/\/www.greenpeace.org\/luxembourg\/fr\/communiques-de-presse\/20671\/nos-vies-mises-en-danger-par-les-grandes-compagnies-petrolieres-et-gazieres\/#primaryimage\"},\"thumbnailUrl\":\"https:\/\/www.greenpeace.org\/static\/planet4-luxembourg-stateless\/2023\/12\/b4c48548-gp0stpei6_medium_res.jpg\",\"datePublished\":\"2023-12-05T08:56:20+00:00\",\"dateModified\":\"2023-12-05T08:57:36+00:00\",\"breadcrumb\":{\"@id\":\"https:\/\/www.greenpeace.org\/luxembourg\/fr\/communiques-de-presse\/20671\/nos-vies-mises-en-danger-par-les-grandes-compagnies-petrolieres-et-gazieres\/#breadcrumb\"},\"inLanguage\":\"fr-LU\",\"potentialAction\":[{\"@type\":\"ReadAction\",\"target\":[\"https:\/\/www.greenpeace.org\/luxembourg\/fr\/communiques-de-presse\/20671\/nos-vies-mises-en-danger-par-les-grandes-compagnies-petrolieres-et-gazieres\/\"]}]},{\"@type\":\"ImageObject\",\"inLanguage\":\"fr-LU\",\"@id\":\"https:\/\/www.greenpeace.org\/luxembourg\/fr\/communiques-de-presse\/20671\/nos-vies-mises-en-danger-par-les-grandes-compagnies-petrolieres-et-gazieres\/#primaryimage\",\"url\":\"https:\/\/www.greenpeace.org\/static\/planet4-luxembourg-stateless\/2023\/12\/b4c48548-gp0stpei6_medium_res.jpg\",\"contentUrl\":\"https:\/\/www.greenpeace.org\/static\/planet4-luxembourg-stateless\/2023\/12\/b4c48548-gp0stpei6_medium_res.jpg\",\"width\":1200,\"height\":801,\"caption\":\"One hundred Greenpeace activists demonstrate against the climate damaging coal policy of the German government. Environmental activists from Germany, Sweden and Czech Republic display a banner at the 80 metres high chimney of lignite power plant Deuben, the oldest coal fired power plant in Germany, that dates back to 1936. The coal power plant is run by MIBRAG, a daughter of the Czech EPH company. The activists also protest with banners at the staircases of the chimney and in front of the power plant. Hundert Greenpeace Aktivisten demonstrieren auf Deutschlands aeltestem Braunkohlekraftwerk. Die Umweltschuetzer hissen am Schornstein des Kohlekraftwerks Deuben ein Banner mit dem Slogan: \\\"Coal Kills\\\". Aktivisten mit Banner und Totenkopfsymbol aus Spruehkreide vor dem Kraftwerk.\"},{\"@type\":\"BreadcrumbList\",\"@id\":\"https:\/\/www.greenpeace.org\/luxembourg\/fr\/communiques-de-presse\/20671\/nos-vies-mises-en-danger-par-les-grandes-compagnies-petrolieres-et-gazieres\/#breadcrumb\",\"itemListElement\":[{\"@type\":\"ListItem\",\"position\":1,\"name\":\"Home\",\"item\":\"https:\/\/www.greenpeace.org\/luxembourg\/fr\/\"},{\"@type\":\"ListItem\",\"position\":2,\"name\":\"Nos vies mises en danger par les grandes compagnies p\u00e9troli\u00e8res et gazi\u00e8res\"}]},{\"@type\":\"WebSite\",\"@id\":\"https:\/\/www.greenpeace.org\/luxembourg\/fr\/#website\",\"url\":\"https:\/\/www.greenpeace.org\/luxembourg\/fr\/\",\"name\":\"Greenpeace Luxembourg\",\"description\":\"Greenpeace existe parce que cette Terre fragile a besoin d&#039;une voix. Elle a besoin de solutions. De changement. D&#039;actions.\",\"publisher\":{\"@id\":\"https:\/\/www.greenpeace.org\/luxembourg\/fr\/#organization\"},\"potentialAction\":[{\"@type\":\"SearchAction\",\"target\":{\"@type\":\"EntryPoint\",\"urlTemplate\":\"https:\/\/www.greenpeace.org\/luxembourg\/fr\/?s={search_term_string}\"},\"query-input\":{\"@type\":\"PropertyValueSpecification\",\"valueRequired\":true,\"valueName\":\"search_term_string\"}}],\"inLanguage\":\"fr-LU\"},{\"@type\":\"Organization\",\"@id\":\"https:\/\/www.greenpeace.org\/luxembourg\/fr\/#organization\",\"name\":\"Greenpeace Luxembourg\",\"url\":\"https:\/\/www.greenpeace.org\/luxembourg\/fr\/\",\"logo\":{\"@type\":\"ImageObject\",\"inLanguage\":\"fr-LU\",\"@id\":\"https:\/\/www.greenpeace.org\/luxembourg\/fr\/#\/schema\/logo\/image\/\",\"url\":\"https:\/\/www.greenpeace.org\/static\/planet4-luxembourg-stateless\/2026\/03\/3e367f94-greenpeace_logo_green_rgb.png\",\"contentUrl\":\"https:\/\/www.greenpeace.org\/static\/planet4-luxembourg-stateless\/2026\/03\/3e367f94-greenpeace_logo_green_rgb.png\",\"width\":1080,\"height\":175,\"caption\":\"Greenpeace Luxembourg\"},\"image\":{\"@id\":\"https:\/\/www.greenpeace.org\/luxembourg\/fr\/#\/schema\/logo\/image\/\"},\"sameAs\":[\"https:\/\/www.facebook.com\/greenpeaceluxembourg\",\"https:\/\/www.instagram.com\/greenpeacelux\/\",\"https:\/\/www.linkedin.com\/company\/greenpeace-luxembourg\/\",\"https:\/\/www.threads.com\/@greenpeacelux\",\"https:\/\/bsky.app\/profile\/greenpeacelux.bsky.social\",\"https:\/\/www.youtube.com\/@GreenpeaceLux\",\"https:\/\/www.tiktok.com\/@greenpeace_lux\"]},{\"@type\":\"Person\",\"@id\":\"https:\/\/www.greenpeace.org\/luxembourg\/fr\/#\/schema\/person\/3d0e81a859b59009fec36a8552ef76a7\",\"name\":\"Esther Wildanger\",\"url\":\"https:\/\/www.greenpeace.org\/luxembourg\/fr\/author\/ewildang\/\"}]}<\/script>\n<!-- \/ Yoast SEO Premium plugin. -->","yoast_head_json":{"title":"Nos vies mises en danger par les grandes compagnies p\u00e9troli\u00e8res et gazi\u00e8res - Greenpeace Luxembourg","robots":{"index":"index","follow":"follow","max-snippet":"max-snippet:-1","max-image-preview":"max-image-preview:large","max-video-preview":"max-video-preview:-1"},"canonical":"https:\/\/www.greenpeace.org\/luxembourg\/fr\/communiques-de-presse\/20671\/nos-vies-mises-en-danger-par-les-grandes-compagnies-petrolieres-et-gazieres\/","og_locale":"fr_FR","og_type":"article","og_title":"Nos vies mises en danger par les grandes compagnies p\u00e9troli\u00e8res et gazi\u00e8res","og_description":"Selon une \u00e9tude publi\u00e9e ce jour par Greenpeace Pays-Bas intitul\u00e9e Today's emissions, tomorrow's deaths: How Europe's major oil and gas companies are putting lives at risk...","og_url":"https:\/\/www.greenpeace.org\/luxembourg\/fr\/communiques-de-presse\/20671\/nos-vies-mises-en-danger-par-les-grandes-compagnies-petrolieres-et-gazieres\/","og_site_name":"Greenpeace Luxembourg","article_publisher":"https:\/\/www.facebook.com\/greenpeaceluxembourg","article_published_time":"2023-12-05T08:56:20+00:00","article_modified_time":"2023-12-05T08:57:36+00:00","og_image":[{"width":1200,"height":801,"url":"https:\/\/www.greenpeace.org\/static\/planet4-luxembourg-stateless\/2023\/12\/b4c48548-gp0stpei6_medium_res.jpg","type":"image\/jpeg"}],"author":"Esther Wildanger","twitter_card":"summary_large_image","twitter_misc":{"Written by":"Esther Wildanger","Est. reading time":"3 minutes"},"schema":{"@context":"https:\/\/schema.org","@graph":[{"@type":"Article","@id":"https:\/\/www.greenpeace.org\/luxembourg\/fr\/communiques-de-presse\/20671\/nos-vies-mises-en-danger-par-les-grandes-compagnies-petrolieres-et-gazieres\/#article","isPartOf":{"@id":"https:\/\/www.greenpeace.org\/luxembourg\/fr\/communiques-de-presse\/20671\/nos-vies-mises-en-danger-par-les-grandes-compagnies-petrolieres-et-gazieres\/"},"author":{"name":"Esther Wildanger","@id":"https:\/\/www.greenpeace.org\/luxembourg\/fr\/#\/schema\/person\/3d0e81a859b59009fec36a8552ef76a7"},"headline":"Nos vies mises en danger par les grandes compagnies p\u00e9troli\u00e8res et gazi\u00e8res","datePublished":"2023-12-05T08:56:20+00:00","dateModified":"2023-12-05T08:57:36+00:00","mainEntityOfPage":{"@id":"https:\/\/www.greenpeace.org\/luxembourg\/fr\/communiques-de-presse\/20671\/nos-vies-mises-en-danger-par-les-grandes-compagnies-petrolieres-et-gazieres\/"},"wordCount":672,"publisher":{"@id":"https:\/\/www.greenpeace.org\/luxembourg\/fr\/#organization"},"image":{"@id":"https:\/\/www.greenpeace.org\/luxembourg\/fr\/communiques-de-presse\/20671\/nos-vies-mises-en-danger-par-les-grandes-compagnies-petrolieres-et-gazieres\/#primaryimage"},"thumbnailUrl":"https:\/\/www.greenpeace.org\/static\/planet4-luxembourg-stateless\/2023\/12\/b4c48548-gp0stpei6_medium_res.jpg","keywords":["EnergiesFossiles"],"articleSection":["Climat"],"inLanguage":"fr-LU"},{"@type":"WebPage","@id":"https:\/\/www.greenpeace.org\/luxembourg\/fr\/communiques-de-presse\/20671\/nos-vies-mises-en-danger-par-les-grandes-compagnies-petrolieres-et-gazieres\/","url":"https:\/\/www.greenpeace.org\/luxembourg\/fr\/communiques-de-presse\/20671\/nos-vies-mises-en-danger-par-les-grandes-compagnies-petrolieres-et-gazieres\/","name":"Nos vies mises en danger par les grandes compagnies p\u00e9troli\u00e8res et gazi\u00e8res - Greenpeace Luxembourg","isPartOf":{"@id":"https:\/\/www.greenpeace.org\/luxembourg\/fr\/#website"},"primaryImageOfPage":{"@id":"https:\/\/www.greenpeace.org\/luxembourg\/fr\/communiques-de-presse\/20671\/nos-vies-mises-en-danger-par-les-grandes-compagnies-petrolieres-et-gazieres\/#primaryimage"},"image":{"@id":"https:\/\/www.greenpeace.org\/luxembourg\/fr\/communiques-de-presse\/20671\/nos-vies-mises-en-danger-par-les-grandes-compagnies-petrolieres-et-gazieres\/#primaryimage"},"thumbnailUrl":"https:\/\/www.greenpeace.org\/static\/planet4-luxembourg-stateless\/2023\/12\/b4c48548-gp0stpei6_medium_res.jpg","datePublished":"2023-12-05T08:56:20+00:00","dateModified":"2023-12-05T08:57:36+00:00","breadcrumb":{"@id":"https:\/\/www.greenpeace.org\/luxembourg\/fr\/communiques-de-presse\/20671\/nos-vies-mises-en-danger-par-les-grandes-compagnies-petrolieres-et-gazieres\/#breadcrumb"},"inLanguage":"fr-LU","potentialAction":[{"@type":"ReadAction","target":["https:\/\/www.greenpeace.org\/luxembourg\/fr\/communiques-de-presse\/20671\/nos-vies-mises-en-danger-par-les-grandes-compagnies-petrolieres-et-gazieres\/"]}]},{"@type":"ImageObject","inLanguage":"fr-LU","@id":"https:\/\/www.greenpeace.org\/luxembourg\/fr\/communiques-de-presse\/20671\/nos-vies-mises-en-danger-par-les-grandes-compagnies-petrolieres-et-gazieres\/#primaryimage","url":"https:\/\/www.greenpeace.org\/static\/planet4-luxembourg-stateless\/2023\/12\/b4c48548-gp0stpei6_medium_res.jpg","contentUrl":"https:\/\/www.greenpeace.org\/static\/planet4-luxembourg-stateless\/2023\/12\/b4c48548-gp0stpei6_medium_res.jpg","width":1200,"height":801,"caption":"One hundred Greenpeace activists demonstrate against the climate damaging coal policy of the German government. Environmental activists from Germany, Sweden and Czech Republic display a banner at the 80 metres high chimney of lignite power plant Deuben, the oldest coal fired power plant in Germany, that dates back to 1936. The coal power plant is run by MIBRAG, a daughter of the Czech EPH company. The activists also protest with banners at the staircases of the chimney and in front of the power plant. Hundert Greenpeace Aktivisten demonstrieren auf Deutschlands aeltestem Braunkohlekraftwerk. Die Umweltschuetzer hissen am Schornstein des Kohlekraftwerks Deuben ein Banner mit dem Slogan: \"Coal Kills\". Aktivisten mit Banner und Totenkopfsymbol aus Spruehkreide vor dem Kraftwerk."},{"@type":"BreadcrumbList","@id":"https:\/\/www.greenpeace.org\/luxembourg\/fr\/communiques-de-presse\/20671\/nos-vies-mises-en-danger-par-les-grandes-compagnies-petrolieres-et-gazieres\/#breadcrumb","itemListElement":[{"@type":"ListItem","position":1,"name":"Home","item":"https:\/\/www.greenpeace.org\/luxembourg\/fr\/"},{"@type":"ListItem","position":2,"name":"Nos vies mises en danger par les grandes compagnies p\u00e9troli\u00e8res et gazi\u00e8res"}]},{"@type":"WebSite","@id":"https:\/\/www.greenpeace.org\/luxembourg\/fr\/#website","url":"https:\/\/www.greenpeace.org\/luxembourg\/fr\/","name":"Greenpeace Luxembourg","description":"Greenpeace existe parce que cette Terre fragile a besoin d&#039;une voix. Elle a besoin de solutions. De changement. D&#039;actions.","publisher":{"@id":"https:\/\/www.greenpeace.org\/luxembourg\/fr\/#organization"},"potentialAction":[{"@type":"SearchAction","target":{"@type":"EntryPoint","urlTemplate":"https:\/\/www.greenpeace.org\/luxembourg\/fr\/?s={search_term_string}"},"query-input":{"@type":"PropertyValueSpecification","valueRequired":true,"valueName":"search_term_string"}}],"inLanguage":"fr-LU"},{"@type":"Organization","@id":"https:\/\/www.greenpeace.org\/luxembourg\/fr\/#organization","name":"Greenpeace Luxembourg","url":"https:\/\/www.greenpeace.org\/luxembourg\/fr\/","logo":{"@type":"ImageObject","inLanguage":"fr-LU","@id":"https:\/\/www.greenpeace.org\/luxembourg\/fr\/#\/schema\/logo\/image\/","url":"https:\/\/www.greenpeace.org\/static\/planet4-luxembourg-stateless\/2026\/03\/3e367f94-greenpeace_logo_green_rgb.png","contentUrl":"https:\/\/www.greenpeace.org\/static\/planet4-luxembourg-stateless\/2026\/03\/3e367f94-greenpeace_logo_green_rgb.png","width":1080,"height":175,"caption":"Greenpeace Luxembourg"},"image":{"@id":"https:\/\/www.greenpeace.org\/luxembourg\/fr\/#\/schema\/logo\/image\/"},"sameAs":["https:\/\/www.facebook.com\/greenpeaceluxembourg","https:\/\/www.instagram.com\/greenpeacelux\/","https:\/\/www.linkedin.com\/company\/greenpeace-luxembourg\/","https:\/\/www.threads.com\/@greenpeacelux","https:\/\/bsky.app\/profile\/greenpeacelux.bsky.social","https:\/\/www.youtube.com\/@GreenpeaceLux","https:\/\/www.tiktok.com\/@greenpeace_lux"]},{"@type":"Person","@id":"https:\/\/www.greenpeace.org\/luxembourg\/fr\/#\/schema\/person\/3d0e81a859b59009fec36a8552ef76a7","name":"Esther Wildanger","url":"https:\/\/www.greenpeace.org\/luxembourg\/fr\/author\/ewildang\/"}]}},"_links":{"self":[{"href":"https:\/\/www.greenpeace.org\/luxembourg\/fr\/wp-json\/wp\/v2\/posts\/20671","targetHints":{"allow":["GET"]}}],"collection":[{"href":"https:\/\/www.greenpeace.org\/luxembourg\/fr\/wp-json\/wp\/v2\/posts"}],"about":[{"href":"https:\/\/www.greenpeace.org\/luxembourg\/fr\/wp-json\/wp\/v2\/types\/post"}],"author":[{"embeddable":true,"href":"https:\/\/www.greenpeace.org\/luxembourg\/fr\/wp-json\/wp\/v2\/users\/25"}],"replies":[{"embeddable":true,"href":"https:\/\/www.greenpeace.org\/luxembourg\/fr\/wp-json\/wp\/v2\/comments?post=20671"}],"version-history":[{"count":1,"href":"https:\/\/www.greenpeace.org\/luxembourg\/fr\/wp-json\/wp\/v2\/posts\/20671\/revisions"}],"predecessor-version":[{"id":20674,"href":"https:\/\/www.greenpeace.org\/luxembourg\/fr\/wp-json\/wp\/v2\/posts\/20671\/revisions\/20674"}],"wp:featuredmedia":[{"embeddable":true,"href":"https:\/\/www.greenpeace.org\/luxembourg\/fr\/wp-json\/wp\/v2\/media\/20672"}],"wp:attachment":[{"href":"https:\/\/www.greenpeace.org\/luxembourg\/fr\/wp-json\/wp\/v2\/media?parent=20671"}],"wp:term":[{"taxonomy":"category","embeddable":true,"href":"https:\/\/www.greenpeace.org\/luxembourg\/fr\/wp-json\/wp\/v2\/categories?post=20671"},{"taxonomy":"post_tag","embeddable":true,"href":"https:\/\/www.greenpeace.org\/luxembourg\/fr\/wp-json\/wp\/v2\/tags?post=20671"},{"taxonomy":"p4-page-type","embeddable":true,"href":"https:\/\/www.greenpeace.org\/luxembourg\/fr\/wp-json\/wp\/v2\/p4-page-type?post=20671"}],"curies":[{"name":"wp","href":"https:\/\/api.w.org\/{rel}","templated":true}]}}