{"id":20698,"date":"2023-12-08T15:00:00","date_gmt":"2023-12-08T13:00:00","guid":{"rendered":"https:\/\/www.greenpeace.org\/luxembourg\/?p=20698"},"modified":"2023-12-08T13:40:34","modified_gmt":"2023-12-08T11:40:34","slug":"cop28-welcome-to-fossil-fuel-land","status":"publish","type":"post","link":"https:\/\/www.greenpeace.org\/luxembourg\/fr\/communiques-de-presse\/20698\/cop28-welcome-to-fossil-fuel-land\/","title":{"rendered":"COP28 : Welcome to fossil fuel land"},"content":{"rendered":"\n<p><em>Luxembourg<\/em>, 8 d\u00e9cembre 2023 &#8211;<strong> Incendies incontr\u00f4l\u00e9s en Gr\u00e8ce, vagues de s\u00e9cheresse en France, inondations mortelles en Italie ; la temp\u00e9rature mondiale se rapproche dangereusement d\u2019une hausse de de 1.5\u00b0C. Les cons\u00e9quences de cette \u00e9volution : drames humains et d\u00e9g\u00e2ts environnementaux de plus en plus affligeants. Et pourtant, le monde refuse de s\u2019attaquer \u00e0 la raison de son malaise : la d\u00e9pendance aux combustibles fossiles.\u00a0<\/strong><\/p>\n\n<p>Les mesures actuelles de la communaut\u00e9 mondiale ne suffisent largement pas, et pire encore, de nouveaux forages sont envisag\u00e9s. Ces d\u00e9cisions ignorent l\u2019avertissement du GIEC dans son dernier <a href=\"https:\/\/www.ipcc.ch\/report\/ar6\/syr\/downloads\/report\/IPCC_AR6_SYR_LongerReport.pdf#page=48\">rapport<\/a><sup> <\/sup>que tout nouveau projet fossile rend impossible le respect de l\u2019accord de Paris. Seule une sortie juste et d\u00e9finitive des combustibles fossiles permettra de respecter cet accord.&nbsp;<\/p>\n\n<p>L\u2019Union Europ\u00e9enne (UE) s\u2019est donn\u00e9e une position claire \u00e0 la COP28 : les combustibles fossiles non dilu\u00e9s sont \u00e0 \u00e9liminer progressivement, avec un pic de consommation aux cours de cette d\u00e9cennie. Toutefois, cette r\u00e9f\u00e9rence aux combustibles fossiles \u201cnon dilu\u00e9s\u201d est trompeuse. En effet, elle laisse des \u00e9chappatoires permettant de continuer \u00e0 utiliser les combustibles fossiles si certaines mesures sont prises pour r\u00e9duire l\u2019intensit\u00e9 de leurs \u00e9missions de gaz \u00e0 effet de serre. Actuellement, il n\u2019existe pas de d\u00e9finition claire de la r\u00e9duction, et les technologies promues pour la r\u00e9duction, telles que le captage et le stockage du carbone, n\u2019ont pas encore fait leurs preuves \u00e0 l\u2019\u00e9chelle n\u00e9cessaire pour avoir un impact significatif. Respecter les faits scientifiques et l\u2019accord de Paris signifie \u00e9liminer progressivement les combustibles fossiles. Dilu\u00e9s et non. C\u2019est pourquoi le refus de plusieurs pays de l\u2019UE de signer la d\u00e9claration de la coalition \u201cHigher Ambition\u201d sur l\u2019\u00e9limination progressive des combustibles fossiles est <a href=\"https:\/\/caneurope.org\/reaction-european-parliament-urges-eu-to-ramp-up-climate-action-and-finance%20ahead-of-cop28\/\">tr\u00e8s inqui\u00e9tant<\/a>.&nbsp;<\/p>\n\n<p>La loi europ\u00e9enne sur le climat pr\u00e9voyant qu&#8217;une proposition d&#8217;objectif pour 2040 doit \u00eatre faite par la Commission europ\u00e9enne au plus tard 6 mois apr\u00e8s le Global Stocktake, nous demandons instamment \u00e0 la Commission, \u00e0 son nouveau commissaire au climat Wopke Hoekstra, et \u00e0 tous les \u00c9tats membres de travailler \u00e0 une deuxi\u00e8me Contribution d\u00e9termin\u00e9e au niveau national, s&#8217;engageant \u00e0 atteindre des \u00e9missions nettes nulles d&#8217;ici 2040 au plus tard. Toutefois, pour repr\u00e9senter sa juste part, l&#8217;UE, en tant que grand \u00e9metteur historique et \u00e9conomie prosp\u00e8re, devrait r\u00e9aliser au moins -65 % de r\u00e9ductions brutes ou -76 % de r\u00e9ductions nettes des \u00e9missions d&#8217;ici 2030. Par ailleurs, alors que la constitution d\u2019un fonds pour compenser les dommages caus\u00e9s aux pays les plus d\u00e9favoris\u00e9s a \u00e9t\u00e9 act\u00e9 en d\u00e9but de COP28, il reste \u00e0 l\u2019alimenter de montants r\u00e9ellement en phase avec la responsabilit\u00e9 des \u00e9conomies prosp\u00e8res et carbon\u00e9es.&nbsp;<\/p>\n\n<p>Du c\u00f4t\u00e9 de la pr\u00e9sidence de cette COP28, incarn\u00e9e par le Sultan al-Jaber, PDG de l\u2019Abu Dhabi National Oil Company, on fait le choix d\u2019augmenter la production de p\u00e9trole brut de 3 \u00e0 5 millions de barils par jour d\u2019ici \u00e0 2030. Un choix qui vient rappeler que, alors que 90 % des \u00e9missions de CO<sub>2 <\/sub>mondiales sont issues des \u00e9nergies fossiles (p\u00e9trole, gaz, charbon), les COP n\u2019ont jusque-l\u00e0 jamais mis sur la table la sortie des \u00e9nergies fossiles. Le Sultan Al Jaber, a m\u00eame d\u00e9clar\u00e9 <a href=\"https:\/\/www.theguardian.com\/environment\/2023\/dec\/03\/back-into-caves-cop28-president-dismisses-p%20hase-out-of-fossil-fuels\">qu\u2019il n\u2019existait \u201caucune science&#8221; indiquant qu&#8217;une \u00e9limination progressive des combustibles fossiles \u00e9tait n\u00e9cessaire pour limiter le r\u00e9chauffement de la plan\u00e8te \u00e0 1,5 \u00b0C<\/a>. Alors que des efforts sont consentis par la population, les compagnies p\u00e9troli\u00e8res et gazi\u00e8res continuent \u00e0 enregistrer des profits ind\u00e9cents : les cinq plus grands groupes p\u00e9troliers ont cumul\u00e9 <a href=\"https:\/\/www.lemonde.fr\/economie\/article\/2023\/02\/08\/les-majors-du-petrole-affichent-des-resultats-record_6160981_3234.html\">143,1 milliards d\u2019euros de b\u00e9n\u00e9fice net en 2022<\/a>. Pourtant, l\u2019industrie p\u00e9troli\u00e8re et gazi\u00e8re ne compte que pour 1 % de l\u2019investissement mondial dans les \u00e9nergies renouvelables. La contribution des principaux responsables de la catastrophe, l\u2019industrie fossile, n&#8217;appara\u00eet que normale.&nbsp;<\/p>\n\n<p>Il faut imaginer que ce sujet incontournable, pour esp\u00e9rer respecter les objectifs de l\u2019accord de Paris, sera port\u00e9 par le PDG d\u2019un g\u00e9ant p\u00e9trolier et gazier dont la <a href=\"https:\/\/www.bbc.com\/news\/science-environment-67508331\">BBC<\/a><sup> <\/sup>a r\u00e9v\u00e9l\u00e9 qu\u2019il avait utilis\u00e9 sa casquette de pr\u00e9sident de la COP28 pour mener des n\u00e9gociations commerciales avec une quinzaine de pays. Il n\u2019est alors malheureusement pas surprenant que cette COP28 accueille un nombre record de plus de 2 400 lobbyistes li\u00e9s aux industries du charbon, du p\u00e9trole et du gaz aux n\u00e9gociations, certain\u00b7e\u00b7s d\u2019entre eux font m\u00eame partie de <a href=\"https:\/\/www.bbc.com\/news\/science-environment-67607289\">d\u00e9l\u00e9gations nationales officielles<\/a>.&nbsp;<\/p>\n\n<p>Enfin, il faut sortir des fausses solutions pour r\u00e9soudre la crise climatique. Parmi elles, les compensations carbones volontaires. Les gouvernements des pays riches y voient une opportunit\u00e9 en tant que solution bas\u00e9e sur le march\u00e9 impliquant des droits d\u2019\u00e9mission. Les \u00c9mirats arabes unis se sont montr\u00e9s fort actifs dans la perspective de \u00ab leur \u00bb COP. D\u00e9sireuse d\u2019appara\u00eetre comme un acteur responsable et cr\u00e9dible sur le plan climatique, la p\u00e9tromonarchie du Golfe n\u00e9gocie tous azimuts des accords de transfert de droits \u00e0 polluer, avec le Lib\u00e9ria, l\u2019Angola, le Kenya, la Tanzanie, l&#8217;Ouganda, la Zambie et le Zimbabwe. Au total, ce sont 24 millions d\u2019hectares, la taille du Royaume-Uni, dont le \u00ab cr\u00e9dit-carbone \u00bb serait appropri\u00e9 <a href=\"https:\/\/news.mongabay.com\/2023\/08\/massive-carbon-offset-deal-with-dubai-based-firm-draws-fire-in%20liberia\/\">par la p\u00e9tromonarchie du Golfe en Afrique<\/a>.&nbsp;<\/p>\n\n<p>\u00c0 celles et ceux qui se demandent \u00e0 quoi servent les COP, on pourra au moins r\u00e9pondre qu\u2019elles permettent, \u00e0 certain\u00b7e\u00b7s, de faire de bonnes affaires.&nbsp;<\/p>\n\n<p><strong>C\u2019est pour continuer \u00e0 d\u00e9fendre l\u2019importance de d\u00e9cisions globales pour prot\u00e9ger le climat que Votum Klima demande :\u00a0<\/strong><\/p>\n\n<p>1. Une sortie d\u00e9finitive et juste des combustibles fossiles.&nbsp;<\/p>\n\n<p>2. Faire participer les principaux responsables, \u00e0 savoir les compagnies productrices d\u2019\u00e9nergie fossiles, aux dommages caus\u00e9s par le d\u00e9r\u00e8glement climatique.&nbsp;<\/p>\n\n<p>3. Une transition juste et \u00e9quitable pour tous et toutes.<\/p>\n\n<p>4. Veiller \u00e0 ce que les pays riches du Nord, y compris le Luxembourg, paient leur juste part. <\/p>\n\n<p>5. Cesser la promotion des fausses solutions pour \u00e9viter les changements syst\u00e9miques.\u00a0<\/p>\n\n<hr class=\"wp-block-separator has-alpha-channel-opacity is-style-wide\"\/>\n\n<p class=\"has-small-font-size\">Membres de Votum Klima : Greenpeace, ASTM, CELL, Caritas Luxembourg, etika, Eurosolar L\u00ebtzebuerg, fr\u00e8res des hommes, Fairtrade L\u00ebtzebuerg, partage, SOS faim, natur&amp;\u00ebmwelt, Vereenegung fir Biolandwirtschaft L\u00ebtzebuerg a.s.b.l., proVelo.<\/p>\n","protected":false},"excerpt":{"rendered":"<p>Incendies incontr\u00f4l\u00e9s en Gr\u00e8ce, vagues de s\u00e9cheresse en France, inondations mortelles en Italie ; la temp\u00e9rature mondiale se rapproche dangereusement d\u2019une hausse de de 1.5\u00b0C. Les&hellip;<\/p>\n","protected":false},"author":25,"featured_media":20701,"comment_status":"closed","ping_status":"closed","sticky":false,"template":"","format":"standard","meta":{"ep_exclude_from_search":false,"p4_og_title":"","p4_og_description":"","p4_og_image":"","p4_og_image_id":"","p4_seo_canonical_url":"","p4_campaign_name":"","p4_local_project":"","p4_basket_name":"","p4_department":"","footnotes":""},"categories":[41],"tags":[35],"p4-page-type":[83],"class_list":["post-20698","post","type-post","status-publish","format-standard","has-post-thumbnail","hentry","category-climat","tag-energiesfossiles","p4-page-type-communiques-de-presse"],"yoast_head":"<!-- This site is optimized with the Yoast SEO Premium plugin v23.9 (Yoast SEO v23.9) - https:\/\/yoast.com\/wordpress\/plugins\/seo\/ -->\n<title>COP28 : Welcome to fossil fuel land - Greenpeace Luxembourg<\/title>\n<meta name=\"robots\" content=\"index, follow, max-snippet:-1, max-image-preview:large, max-video-preview:-1\" \/>\n<link rel=\"canonical\" href=\"https:\/\/www.greenpeace.org\/luxembourg\/fr\/communiques-de-presse\/20698\/cop28-welcome-to-fossil-fuel-land\/\" \/>\n<meta property=\"og:locale\" content=\"fr_FR\" \/>\n<meta property=\"og:type\" content=\"article\" \/>\n<meta property=\"og:title\" content=\"COP28 : Welcome to fossil fuel land\" \/>\n<meta property=\"og:description\" content=\"Incendies incontr\u00f4l\u00e9s en Gr\u00e8ce, vagues de s\u00e9cheresse en France, inondations mortelles en Italie ; la temp\u00e9rature mondiale se rapproche dangereusement d\u2019une hausse de de 1.5\u00b0C. Les&hellip;\" \/>\n<meta property=\"og:url\" content=\"https:\/\/www.greenpeace.org\/luxembourg\/fr\/communiques-de-presse\/20698\/cop28-welcome-to-fossil-fuel-land\/\" \/>\n<meta property=\"og:site_name\" content=\"Greenpeace Luxembourg\" \/>\n<meta property=\"article:publisher\" content=\"https:\/\/www.facebook.com\/greenpeaceluxembourg\" \/>\n<meta property=\"article:published_time\" content=\"2023-12-08T13:00:00+00:00\" \/>\n<meta property=\"article:modified_time\" content=\"2023-12-08T11:40:34+00:00\" \/>\n<meta property=\"og:image\" content=\"https:\/\/www.greenpeace.org\/static\/planet4-luxembourg-stateless\/2023\/12\/7d33d856-img_20231208_121534-scaled.jpg\" \/>\n\t<meta property=\"og:image:width\" content=\"2560\" \/>\n\t<meta property=\"og:image:height\" content=\"1920\" \/>\n\t<meta property=\"og:image:type\" content=\"image\/jpeg\" \/>\n<meta name=\"author\" content=\"Esther Wildanger\" \/>\n<meta name=\"twitter:card\" content=\"summary_large_image\" \/>\n<meta name=\"twitter:label1\" content=\"Written by\" \/>\n\t<meta name=\"twitter:data1\" content=\"Esther Wildanger\" \/>\n\t<meta name=\"twitter:label2\" content=\"Est. reading time\" \/>\n\t<meta name=\"twitter:data2\" content=\"5 minutes\" \/>\n<script type=\"application\/ld+json\" class=\"yoast-schema-graph\">{\"@context\":\"https:\/\/schema.org\",\"@graph\":[{\"@type\":\"Article\",\"@id\":\"https:\/\/www.greenpeace.org\/luxembourg\/fr\/communiques-de-presse\/20698\/cop28-welcome-to-fossil-fuel-land\/#article\",\"isPartOf\":{\"@id\":\"https:\/\/www.greenpeace.org\/luxembourg\/fr\/communiques-de-presse\/20698\/cop28-welcome-to-fossil-fuel-land\/\"},\"author\":{\"name\":\"Esther Wildanger\",\"@id\":\"https:\/\/www.greenpeace.org\/luxembourg\/fr\/#\/schema\/person\/3d0e81a859b59009fec36a8552ef76a7\"},\"headline\":\"COP28 : Welcome to fossil fuel land\",\"datePublished\":\"2023-12-08T13:00:00+00:00\",\"dateModified\":\"2023-12-08T11:40:34+00:00\",\"mainEntityOfPage\":{\"@id\":\"https:\/\/www.greenpeace.org\/luxembourg\/fr\/communiques-de-presse\/20698\/cop28-welcome-to-fossil-fuel-land\/\"},\"wordCount\":1074,\"publisher\":{\"@id\":\"https:\/\/www.greenpeace.org\/luxembourg\/fr\/#organization\"},\"image\":{\"@id\":\"https:\/\/www.greenpeace.org\/luxembourg\/fr\/communiques-de-presse\/20698\/cop28-welcome-to-fossil-fuel-land\/#primaryimage\"},\"thumbnailUrl\":\"https:\/\/www.greenpeace.org\/static\/planet4-luxembourg-stateless\/2023\/12\/7d33d856-img_20231208_121534-scaled.jpg\",\"keywords\":[\"EnergiesFossiles\"],\"articleSection\":[\"Climat\"],\"inLanguage\":\"fr-LU\"},{\"@type\":\"WebPage\",\"@id\":\"https:\/\/www.greenpeace.org\/luxembourg\/fr\/communiques-de-presse\/20698\/cop28-welcome-to-fossil-fuel-land\/\",\"url\":\"https:\/\/www.greenpeace.org\/luxembourg\/fr\/communiques-de-presse\/20698\/cop28-welcome-to-fossil-fuel-land\/\",\"name\":\"COP28 : Welcome to fossil fuel land - Greenpeace Luxembourg\",\"isPartOf\":{\"@id\":\"https:\/\/www.greenpeace.org\/luxembourg\/fr\/#website\"},\"primaryImageOfPage\":{\"@id\":\"https:\/\/www.greenpeace.org\/luxembourg\/fr\/communiques-de-presse\/20698\/cop28-welcome-to-fossil-fuel-land\/#primaryimage\"},\"image\":{\"@id\":\"https:\/\/www.greenpeace.org\/luxembourg\/fr\/communiques-de-presse\/20698\/cop28-welcome-to-fossil-fuel-land\/#primaryimage\"},\"thumbnailUrl\":\"https:\/\/www.greenpeace.org\/static\/planet4-luxembourg-stateless\/2023\/12\/7d33d856-img_20231208_121534-scaled.jpg\",\"datePublished\":\"2023-12-08T13:00:00+00:00\",\"dateModified\":\"2023-12-08T11:40:34+00:00\",\"breadcrumb\":{\"@id\":\"https:\/\/www.greenpeace.org\/luxembourg\/fr\/communiques-de-presse\/20698\/cop28-welcome-to-fossil-fuel-land\/#breadcrumb\"},\"inLanguage\":\"fr-LU\",\"potentialAction\":[{\"@type\":\"ReadAction\",\"target\":[\"https:\/\/www.greenpeace.org\/luxembourg\/fr\/communiques-de-presse\/20698\/cop28-welcome-to-fossil-fuel-land\/\"]}]},{\"@type\":\"ImageObject\",\"inLanguage\":\"fr-LU\",\"@id\":\"https:\/\/www.greenpeace.org\/luxembourg\/fr\/communiques-de-presse\/20698\/cop28-welcome-to-fossil-fuel-land\/#primaryimage\",\"url\":\"https:\/\/www.greenpeace.org\/static\/planet4-luxembourg-stateless\/2023\/12\/7d33d856-img_20231208_121534-scaled.jpg\",\"contentUrl\":\"https:\/\/www.greenpeace.org\/static\/planet4-luxembourg-stateless\/2023\/12\/7d33d856-img_20231208_121534-scaled.jpg\",\"width\":2560,\"height\":1920},{\"@type\":\"BreadcrumbList\",\"@id\":\"https:\/\/www.greenpeace.org\/luxembourg\/fr\/communiques-de-presse\/20698\/cop28-welcome-to-fossil-fuel-land\/#breadcrumb\",\"itemListElement\":[{\"@type\":\"ListItem\",\"position\":1,\"name\":\"Home\",\"item\":\"https:\/\/www.greenpeace.org\/luxembourg\/fr\/\"},{\"@type\":\"ListItem\",\"position\":2,\"name\":\"COP28 : Welcome to fossil fuel land\"}]},{\"@type\":\"WebSite\",\"@id\":\"https:\/\/www.greenpeace.org\/luxembourg\/fr\/#website\",\"url\":\"https:\/\/www.greenpeace.org\/luxembourg\/fr\/\",\"name\":\"Greenpeace Luxembourg\",\"description\":\"Greenpeace existe parce que cette Terre fragile a besoin d&#039;une voix. Elle a besoin de solutions. De changement. D&#039;actions.\",\"publisher\":{\"@id\":\"https:\/\/www.greenpeace.org\/luxembourg\/fr\/#organization\"},\"potentialAction\":[{\"@type\":\"SearchAction\",\"target\":{\"@type\":\"EntryPoint\",\"urlTemplate\":\"https:\/\/www.greenpeace.org\/luxembourg\/fr\/?s={search_term_string}\"},\"query-input\":{\"@type\":\"PropertyValueSpecification\",\"valueRequired\":true,\"valueName\":\"search_term_string\"}}],\"inLanguage\":\"fr-LU\"},{\"@type\":\"Organization\",\"@id\":\"https:\/\/www.greenpeace.org\/luxembourg\/fr\/#organization\",\"name\":\"Greenpeace Luxembourg\",\"url\":\"https:\/\/www.greenpeace.org\/luxembourg\/fr\/\",\"logo\":{\"@type\":\"ImageObject\",\"inLanguage\":\"fr-LU\",\"@id\":\"https:\/\/www.greenpeace.org\/luxembourg\/fr\/#\/schema\/logo\/image\/\",\"url\":\"https:\/\/www.greenpeace.org\/static\/planet4-luxembourg-stateless\/2026\/03\/3e367f94-greenpeace_logo_green_rgb.png\",\"contentUrl\":\"https:\/\/www.greenpeace.org\/static\/planet4-luxembourg-stateless\/2026\/03\/3e367f94-greenpeace_logo_green_rgb.png\",\"width\":1080,\"height\":175,\"caption\":\"Greenpeace Luxembourg\"},\"image\":{\"@id\":\"https:\/\/www.greenpeace.org\/luxembourg\/fr\/#\/schema\/logo\/image\/\"},\"sameAs\":[\"https:\/\/www.facebook.com\/greenpeaceluxembourg\",\"https:\/\/www.instagram.com\/greenpeacelux\/\",\"https:\/\/www.linkedin.com\/company\/greenpeace-luxembourg\/\",\"https:\/\/www.threads.com\/@greenpeacelux\",\"https:\/\/bsky.app\/profile\/greenpeacelux.bsky.social\",\"https:\/\/www.youtube.com\/@GreenpeaceLux\",\"https:\/\/www.tiktok.com\/@greenpeace_lux\"]},{\"@type\":\"Person\",\"@id\":\"https:\/\/www.greenpeace.org\/luxembourg\/fr\/#\/schema\/person\/3d0e81a859b59009fec36a8552ef76a7\",\"name\":\"Esther Wildanger\",\"url\":\"https:\/\/www.greenpeace.org\/luxembourg\/fr\/author\/ewildang\/\"}]}<\/script>\n<!-- \/ Yoast SEO Premium plugin. -->","yoast_head_json":{"title":"COP28 : Welcome to fossil fuel land - Greenpeace Luxembourg","robots":{"index":"index","follow":"follow","max-snippet":"max-snippet:-1","max-image-preview":"max-image-preview:large","max-video-preview":"max-video-preview:-1"},"canonical":"https:\/\/www.greenpeace.org\/luxembourg\/fr\/communiques-de-presse\/20698\/cop28-welcome-to-fossil-fuel-land\/","og_locale":"fr_FR","og_type":"article","og_title":"COP28 : Welcome to fossil fuel land","og_description":"Incendies incontr\u00f4l\u00e9s en Gr\u00e8ce, vagues de s\u00e9cheresse en France, inondations mortelles en Italie ; la temp\u00e9rature mondiale se rapproche dangereusement d\u2019une hausse de de 1.5\u00b0C. Les&hellip;","og_url":"https:\/\/www.greenpeace.org\/luxembourg\/fr\/communiques-de-presse\/20698\/cop28-welcome-to-fossil-fuel-land\/","og_site_name":"Greenpeace Luxembourg","article_publisher":"https:\/\/www.facebook.com\/greenpeaceluxembourg","article_published_time":"2023-12-08T13:00:00+00:00","article_modified_time":"2023-12-08T11:40:34+00:00","og_image":[{"width":2560,"height":1920,"url":"https:\/\/www.greenpeace.org\/static\/planet4-luxembourg-stateless\/2023\/12\/7d33d856-img_20231208_121534-scaled.jpg","type":"image\/jpeg"}],"author":"Esther Wildanger","twitter_card":"summary_large_image","twitter_misc":{"Written by":"Esther Wildanger","Est. reading time":"5 minutes"},"schema":{"@context":"https:\/\/schema.org","@graph":[{"@type":"Article","@id":"https:\/\/www.greenpeace.org\/luxembourg\/fr\/communiques-de-presse\/20698\/cop28-welcome-to-fossil-fuel-land\/#article","isPartOf":{"@id":"https:\/\/www.greenpeace.org\/luxembourg\/fr\/communiques-de-presse\/20698\/cop28-welcome-to-fossil-fuel-land\/"},"author":{"name":"Esther Wildanger","@id":"https:\/\/www.greenpeace.org\/luxembourg\/fr\/#\/schema\/person\/3d0e81a859b59009fec36a8552ef76a7"},"headline":"COP28 : Welcome to fossil fuel land","datePublished":"2023-12-08T13:00:00+00:00","dateModified":"2023-12-08T11:40:34+00:00","mainEntityOfPage":{"@id":"https:\/\/www.greenpeace.org\/luxembourg\/fr\/communiques-de-presse\/20698\/cop28-welcome-to-fossil-fuel-land\/"},"wordCount":1074,"publisher":{"@id":"https:\/\/www.greenpeace.org\/luxembourg\/fr\/#organization"},"image":{"@id":"https:\/\/www.greenpeace.org\/luxembourg\/fr\/communiques-de-presse\/20698\/cop28-welcome-to-fossil-fuel-land\/#primaryimage"},"thumbnailUrl":"https:\/\/www.greenpeace.org\/static\/planet4-luxembourg-stateless\/2023\/12\/7d33d856-img_20231208_121534-scaled.jpg","keywords":["EnergiesFossiles"],"articleSection":["Climat"],"inLanguage":"fr-LU"},{"@type":"WebPage","@id":"https:\/\/www.greenpeace.org\/luxembourg\/fr\/communiques-de-presse\/20698\/cop28-welcome-to-fossil-fuel-land\/","url":"https:\/\/www.greenpeace.org\/luxembourg\/fr\/communiques-de-presse\/20698\/cop28-welcome-to-fossil-fuel-land\/","name":"COP28 : Welcome to fossil fuel land - Greenpeace Luxembourg","isPartOf":{"@id":"https:\/\/www.greenpeace.org\/luxembourg\/fr\/#website"},"primaryImageOfPage":{"@id":"https:\/\/www.greenpeace.org\/luxembourg\/fr\/communiques-de-presse\/20698\/cop28-welcome-to-fossil-fuel-land\/#primaryimage"},"image":{"@id":"https:\/\/www.greenpeace.org\/luxembourg\/fr\/communiques-de-presse\/20698\/cop28-welcome-to-fossil-fuel-land\/#primaryimage"},"thumbnailUrl":"https:\/\/www.greenpeace.org\/static\/planet4-luxembourg-stateless\/2023\/12\/7d33d856-img_20231208_121534-scaled.jpg","datePublished":"2023-12-08T13:00:00+00:00","dateModified":"2023-12-08T11:40:34+00:00","breadcrumb":{"@id":"https:\/\/www.greenpeace.org\/luxembourg\/fr\/communiques-de-presse\/20698\/cop28-welcome-to-fossil-fuel-land\/#breadcrumb"},"inLanguage":"fr-LU","potentialAction":[{"@type":"ReadAction","target":["https:\/\/www.greenpeace.org\/luxembourg\/fr\/communiques-de-presse\/20698\/cop28-welcome-to-fossil-fuel-land\/"]}]},{"@type":"ImageObject","inLanguage":"fr-LU","@id":"https:\/\/www.greenpeace.org\/luxembourg\/fr\/communiques-de-presse\/20698\/cop28-welcome-to-fossil-fuel-land\/#primaryimage","url":"https:\/\/www.greenpeace.org\/static\/planet4-luxembourg-stateless\/2023\/12\/7d33d856-img_20231208_121534-scaled.jpg","contentUrl":"https:\/\/www.greenpeace.org\/static\/planet4-luxembourg-stateless\/2023\/12\/7d33d856-img_20231208_121534-scaled.jpg","width":2560,"height":1920},{"@type":"BreadcrumbList","@id":"https:\/\/www.greenpeace.org\/luxembourg\/fr\/communiques-de-presse\/20698\/cop28-welcome-to-fossil-fuel-land\/#breadcrumb","itemListElement":[{"@type":"ListItem","position":1,"name":"Home","item":"https:\/\/www.greenpeace.org\/luxembourg\/fr\/"},{"@type":"ListItem","position":2,"name":"COP28 : Welcome to fossil fuel land"}]},{"@type":"WebSite","@id":"https:\/\/www.greenpeace.org\/luxembourg\/fr\/#website","url":"https:\/\/www.greenpeace.org\/luxembourg\/fr\/","name":"Greenpeace Luxembourg","description":"Greenpeace existe parce que cette Terre fragile a besoin d&#039;une voix. Elle a besoin de solutions. De changement. D&#039;actions.","publisher":{"@id":"https:\/\/www.greenpeace.org\/luxembourg\/fr\/#organization"},"potentialAction":[{"@type":"SearchAction","target":{"@type":"EntryPoint","urlTemplate":"https:\/\/www.greenpeace.org\/luxembourg\/fr\/?s={search_term_string}"},"query-input":{"@type":"PropertyValueSpecification","valueRequired":true,"valueName":"search_term_string"}}],"inLanguage":"fr-LU"},{"@type":"Organization","@id":"https:\/\/www.greenpeace.org\/luxembourg\/fr\/#organization","name":"Greenpeace Luxembourg","url":"https:\/\/www.greenpeace.org\/luxembourg\/fr\/","logo":{"@type":"ImageObject","inLanguage":"fr-LU","@id":"https:\/\/www.greenpeace.org\/luxembourg\/fr\/#\/schema\/logo\/image\/","url":"https:\/\/www.greenpeace.org\/static\/planet4-luxembourg-stateless\/2026\/03\/3e367f94-greenpeace_logo_green_rgb.png","contentUrl":"https:\/\/www.greenpeace.org\/static\/planet4-luxembourg-stateless\/2026\/03\/3e367f94-greenpeace_logo_green_rgb.png","width":1080,"height":175,"caption":"Greenpeace Luxembourg"},"image":{"@id":"https:\/\/www.greenpeace.org\/luxembourg\/fr\/#\/schema\/logo\/image\/"},"sameAs":["https:\/\/www.facebook.com\/greenpeaceluxembourg","https:\/\/www.instagram.com\/greenpeacelux\/","https:\/\/www.linkedin.com\/company\/greenpeace-luxembourg\/","https:\/\/www.threads.com\/@greenpeacelux","https:\/\/bsky.app\/profile\/greenpeacelux.bsky.social","https:\/\/www.youtube.com\/@GreenpeaceLux","https:\/\/www.tiktok.com\/@greenpeace_lux"]},{"@type":"Person","@id":"https:\/\/www.greenpeace.org\/luxembourg\/fr\/#\/schema\/person\/3d0e81a859b59009fec36a8552ef76a7","name":"Esther Wildanger","url":"https:\/\/www.greenpeace.org\/luxembourg\/fr\/author\/ewildang\/"}]}},"_links":{"self":[{"href":"https:\/\/www.greenpeace.org\/luxembourg\/fr\/wp-json\/wp\/v2\/posts\/20698","targetHints":{"allow":["GET"]}}],"collection":[{"href":"https:\/\/www.greenpeace.org\/luxembourg\/fr\/wp-json\/wp\/v2\/posts"}],"about":[{"href":"https:\/\/www.greenpeace.org\/luxembourg\/fr\/wp-json\/wp\/v2\/types\/post"}],"author":[{"embeddable":true,"href":"https:\/\/www.greenpeace.org\/luxembourg\/fr\/wp-json\/wp\/v2\/users\/25"}],"replies":[{"embeddable":true,"href":"https:\/\/www.greenpeace.org\/luxembourg\/fr\/wp-json\/wp\/v2\/comments?post=20698"}],"version-history":[{"count":2,"href":"https:\/\/www.greenpeace.org\/luxembourg\/fr\/wp-json\/wp\/v2\/posts\/20698\/revisions"}],"predecessor-version":[{"id":20700,"href":"https:\/\/www.greenpeace.org\/luxembourg\/fr\/wp-json\/wp\/v2\/posts\/20698\/revisions\/20700"}],"wp:featuredmedia":[{"embeddable":true,"href":"https:\/\/www.greenpeace.org\/luxembourg\/fr\/wp-json\/wp\/v2\/media\/20701"}],"wp:attachment":[{"href":"https:\/\/www.greenpeace.org\/luxembourg\/fr\/wp-json\/wp\/v2\/media?parent=20698"}],"wp:term":[{"taxonomy":"category","embeddable":true,"href":"https:\/\/www.greenpeace.org\/luxembourg\/fr\/wp-json\/wp\/v2\/categories?post=20698"},{"taxonomy":"post_tag","embeddable":true,"href":"https:\/\/www.greenpeace.org\/luxembourg\/fr\/wp-json\/wp\/v2\/tags?post=20698"},{"taxonomy":"p4-page-type","embeddable":true,"href":"https:\/\/www.greenpeace.org\/luxembourg\/fr\/wp-json\/wp\/v2\/p4-page-type?post=20698"}],"curies":[{"name":"wp","href":"https:\/\/api.w.org\/{rel}","templated":true}]}}