{"id":21084,"date":"2024-03-16T18:18:05","date_gmt":"2024-03-16T16:18:05","guid":{"rendered":"https:\/\/www.greenpeace.org\/luxembourg\/?p=21084"},"modified":"2024-03-16T18:19:20","modified_gmt":"2024-03-16T16:19:20","slug":"greenpeace-luxembourg-plante-une-micro-foret-a-esch-sur-alzette-40-ans-apres-sa-fondation","status":"publish","type":"post","link":"https:\/\/www.greenpeace.org\/luxembourg\/fr\/communiques-de-presse\/21084\/greenpeace-luxembourg-plante-une-micro-foret-a-esch-sur-alzette-40-ans-apres-sa-fondation\/","title":{"rendered":"Greenpeace Luxembourg plante une micro for\u00eat \u00e0 Esch-sur-Alzette, 40 ans apr\u00e8s sa fondation"},"content":{"rendered":"\n<p><strong><em>Luxembourg<\/em><\/strong><strong>, 16 mars 2023 &#8211; Greenpeace Luxembourg a plant\u00e9 aujourd\u2019hui sa deuxi\u00e8me <\/strong><strong>micro-for\u00eat au sud du Luxembourg. Apr\u00e8s son premier succ\u00e8s \u00e0 Mertzig au printemps dernier, l\u2019ONG s\u2019est associ\u00e9e cette ann\u00e9e avec la ville d\u2019Esch-sur-Alzette pour planter pas moins de 600 arbres et arbustes sur un ancien parking d\u2019une surface totale de 200m<\/strong><strong><sup>2<\/sup><\/strong><strong>.<\/strong><strong> De nombreuses familles ont \u00e9t\u00e9 accueillies pour contribuer \u00e0 la plantation y compris les parents, les grands-parents et les (jeunes) enfants<\/strong><strong>.<\/strong><\/p>\n\n<p>La micro-for\u00eat a \u00e9t\u00e9 plant\u00e9e selon la m\u00e9thode Miyawaki, qui consiste \u00e0 planter trois arbres par m\u00e8tre carr\u00e9 sur un sol\u00a0 travaill\u00e9 en amont afin de donner vie \u00e0 des for\u00eats naturelles, s\u2019\u00e9panouissant sans intervention humaine, et d\u2019optimiser au maximum leur croissance. Cet \u00eelot de biodiversit\u00e9 sera habit\u00e9 par environ quinze esp\u00e8ces d&#8217;arbres indig\u00e8nes diff\u00e9rents, notamment le ch\u00eane chevelu, le bouleau verruqueux, le charme, le sorbier domestique, le prunellier, ou encore le sureau noir.<\/p>\n\n<p>La capacit\u00e9 des micro-for\u00eats \u00e0 limiter les d\u00e9r\u00e8glements climatiques locaux et \u00e0 favoriser la biodiversit\u00e9 tout en ayant une influence positive sur les populations sont parmi les principaux b\u00e9n\u00e9fices&nbsp; de ce type de plantation.<\/p>\n\n<p>Ce projet a vu le jour gr\u00e2ce au soutien de 250 donateurs et donatrices de Greenpeace Luxembourg, qui ont pu offrir un bout de for\u00eat \u00e0 la personne de leur choix en contrepartie d\u2019un don de 30 \u20ac, lors d\u2019une op\u00e9ration sp\u00e9ciale en fin d\u2019ann\u00e9e derni\u00e8re. Toutes les personnes qui ont re\u00e7u ou offert ce cadeau ont eu la possibilit\u00e9 de s\u2019inscrire pour venir planter elles-m\u00eames les 600 arbres qui composeront la micro-for\u00eat. Cette plantation 2024 est particuli\u00e8rement symbolique, car elle a lieu \u00e0 Esch-sur-Alzette, commune dans laquelle Greenpeace Luxembourg a \u00e9t\u00e9 fond\u00e9e il y a 40 ans.\u00a0<br><br>\u00ab <em>Greenpeace est fi\u00e8re de faire grandir de nouveaux arbres pour les g\u00e9n\u00e9rations \u00e0 venir dans ce terreau fertile qu\u2019est l\u2019ancien bassin minier des Terres Rouges, qui a permis de d\u00e9velopper notre association mais aussi de nombreuses autres initiatives locales <\/em>\u00bb, explique Raymond Aendekerk, directeur de Greenpeace Luxembourg. \u00ab <em>Gr\u00e2ce \u00e0 cette action concr\u00e8te et locale, Greenpeace souhaite non seulement lutter contre les p\u00e9rils qui p\u00e8sent sur les for\u00eats \u00e0 savoir la fragmentation de l&#8217;habitat, la pression urbaine et les changements climatiques, mais \u00e9galement rappeler l\u2019importance cruciale des arbres et de la for\u00eat sur notre territoire et \u00e0 travers le monde, alors que ces \u00e9cosyst\u00e8mes uniques sont chaque jour de plus en plus menac\u00e9s<\/em> \u00bb.<\/p>\n","protected":false},"excerpt":{"rendered":"<p>Greenpeace Luxembourg a plant\u00e9 aujourd\u2019hui sa deuxi\u00e8me micro-for\u00eat au sud du Luxembourg. Apr\u00e8s son premier succ\u00e8s \u00e0 Mertzig au printemps dernier, l\u2019ONG s\u2019est associ\u00e9e cette&hellip;<\/p>\n","protected":false},"author":25,"featured_media":21088,"comment_status":"closed","ping_status":"closed","sticky":false,"template":"","format":"standard","meta":{"ep_exclude_from_search":false,"p4_og_title":"","p4_og_description":"","p4_og_image":"","p4_og_image_id":"","p4_seo_canonical_url":"","p4_campaign_name":"","p4_local_project":"","p4_basket_name":"","p4_department":"","footnotes":""},"categories":[43],"tags":[38,100],"p4-page-type":[83],"class_list":["post-21084","post","type-post","status-publish","format-standard","has-post-thumbnail","hentry","category-nature","tag-biodiversite","tag-forets","p4-page-type-communiques-de-presse"],"yoast_head":"<!-- This site is optimized with the Yoast SEO Premium plugin v23.9 (Yoast SEO v23.9) - https:\/\/yoast.com\/wordpress\/plugins\/seo\/ -->\n<title>Greenpeace Luxembourg plante une micro for\u00eat \u00e0 Esch-sur-Alzette, 40 ans apr\u00e8s sa fondation - Greenpeace Luxembourg<\/title>\n<meta name=\"robots\" content=\"index, follow, max-snippet:-1, max-image-preview:large, max-video-preview:-1\" \/>\n<link rel=\"canonical\" href=\"https:\/\/www.greenpeace.org\/luxembourg\/fr\/communiques-de-presse\/21084\/greenpeace-luxembourg-plante-une-micro-foret-a-esch-sur-alzette-40-ans-apres-sa-fondation\/\" \/>\n<meta property=\"og:locale\" content=\"fr_FR\" \/>\n<meta property=\"og:type\" content=\"article\" \/>\n<meta property=\"og:title\" content=\"Greenpeace Luxembourg plante une micro for\u00eat \u00e0 Esch-sur-Alzette, 40 ans apr\u00e8s sa fondation\" \/>\n<meta property=\"og:description\" content=\"Greenpeace Luxembourg a plant\u00e9 aujourd\u2019hui sa deuxi\u00e8me micro-for\u00eat au sud du Luxembourg. Apr\u00e8s son premier succ\u00e8s \u00e0 Mertzig au printemps dernier, l\u2019ONG s\u2019est associ\u00e9e cette&hellip;\" \/>\n<meta property=\"og:url\" content=\"https:\/\/www.greenpeace.org\/luxembourg\/fr\/communiques-de-presse\/21084\/greenpeace-luxembourg-plante-une-micro-foret-a-esch-sur-alzette-40-ans-apres-sa-fondation\/\" \/>\n<meta property=\"og:site_name\" content=\"Greenpeace Luxembourg\" \/>\n<meta property=\"article:publisher\" content=\"https:\/\/www.facebook.com\/greenpeaceluxembourg\" \/>\n<meta property=\"article:published_time\" content=\"2024-03-16T16:18:05+00:00\" \/>\n<meta property=\"article:modified_time\" content=\"2024-03-16T16:19:20+00:00\" \/>\n<meta property=\"og:image\" content=\"https:\/\/www.greenpeace.org\/static\/planet4-luxembourg-stateless\/2024\/03\/1866b910-img_8573-scaled.jpg\" \/>\n\t<meta property=\"og:image:width\" content=\"2560\" \/>\n\t<meta property=\"og:image:height\" content=\"1707\" \/>\n\t<meta property=\"og:image:type\" content=\"image\/jpeg\" \/>\n<meta name=\"author\" content=\"Esther Wildanger\" \/>\n<meta name=\"twitter:card\" content=\"summary_large_image\" \/>\n<meta name=\"twitter:label1\" content=\"Written by\" \/>\n\t<meta name=\"twitter:data1\" content=\"Esther Wildanger\" \/>\n\t<meta name=\"twitter:label2\" content=\"Est. reading time\" \/>\n\t<meta name=\"twitter:data2\" content=\"2 minutes\" \/>\n<script type=\"application\/ld+json\" class=\"yoast-schema-graph\">{\"@context\":\"https:\/\/schema.org\",\"@graph\":[{\"@type\":\"Article\",\"@id\":\"https:\/\/www.greenpeace.org\/luxembourg\/fr\/communiques-de-presse\/21084\/greenpeace-luxembourg-plante-une-micro-foret-a-esch-sur-alzette-40-ans-apres-sa-fondation\/#article\",\"isPartOf\":{\"@id\":\"https:\/\/www.greenpeace.org\/luxembourg\/fr\/communiques-de-presse\/21084\/greenpeace-luxembourg-plante-une-micro-foret-a-esch-sur-alzette-40-ans-apres-sa-fondation\/\"},\"author\":{\"name\":\"Esther Wildanger\",\"@id\":\"https:\/\/www.greenpeace.org\/luxembourg\/fr\/#\/schema\/person\/3d0e81a859b59009fec36a8552ef76a7\"},\"headline\":\"Greenpeace Luxembourg plante une micro for\u00eat \u00e0 Esch-sur-Alzette, 40 ans apr\u00e8s sa fondation\",\"datePublished\":\"2024-03-16T16:18:05+00:00\",\"dateModified\":\"2024-03-16T16:19:20+00:00\",\"mainEntityOfPage\":{\"@id\":\"https:\/\/www.greenpeace.org\/luxembourg\/fr\/communiques-de-presse\/21084\/greenpeace-luxembourg-plante-une-micro-foret-a-esch-sur-alzette-40-ans-apres-sa-fondation\/\"},\"wordCount\":443,\"publisher\":{\"@id\":\"https:\/\/www.greenpeace.org\/luxembourg\/fr\/#organization\"},\"image\":{\"@id\":\"https:\/\/www.greenpeace.org\/luxembourg\/fr\/communiques-de-presse\/21084\/greenpeace-luxembourg-plante-une-micro-foret-a-esch-sur-alzette-40-ans-apres-sa-fondation\/#primaryimage\"},\"thumbnailUrl\":\"https:\/\/www.greenpeace.org\/static\/planet4-luxembourg-stateless\/2024\/03\/1866b910-img_8573-scaled.jpg\",\"keywords\":[\"Biodiversit\u00e9\",\"For\u00eats\"],\"articleSection\":[\"Nature\"],\"inLanguage\":\"fr-LU\"},{\"@type\":\"WebPage\",\"@id\":\"https:\/\/www.greenpeace.org\/luxembourg\/fr\/communiques-de-presse\/21084\/greenpeace-luxembourg-plante-une-micro-foret-a-esch-sur-alzette-40-ans-apres-sa-fondation\/\",\"url\":\"https:\/\/www.greenpeace.org\/luxembourg\/fr\/communiques-de-presse\/21084\/greenpeace-luxembourg-plante-une-micro-foret-a-esch-sur-alzette-40-ans-apres-sa-fondation\/\",\"name\":\"Greenpeace Luxembourg plante une micro for\u00eat \u00e0 Esch-sur-Alzette, 40 ans apr\u00e8s sa fondation - Greenpeace Luxembourg\",\"isPartOf\":{\"@id\":\"https:\/\/www.greenpeace.org\/luxembourg\/fr\/#website\"},\"primaryImageOfPage\":{\"@id\":\"https:\/\/www.greenpeace.org\/luxembourg\/fr\/communiques-de-presse\/21084\/greenpeace-luxembourg-plante-une-micro-foret-a-esch-sur-alzette-40-ans-apres-sa-fondation\/#primaryimage\"},\"image\":{\"@id\":\"https:\/\/www.greenpeace.org\/luxembourg\/fr\/communiques-de-presse\/21084\/greenpeace-luxembourg-plante-une-micro-foret-a-esch-sur-alzette-40-ans-apres-sa-fondation\/#primaryimage\"},\"thumbnailUrl\":\"https:\/\/www.greenpeace.org\/static\/planet4-luxembourg-stateless\/2024\/03\/1866b910-img_8573-scaled.jpg\",\"datePublished\":\"2024-03-16T16:18:05+00:00\",\"dateModified\":\"2024-03-16T16:19:20+00:00\",\"breadcrumb\":{\"@id\":\"https:\/\/www.greenpeace.org\/luxembourg\/fr\/communiques-de-presse\/21084\/greenpeace-luxembourg-plante-une-micro-foret-a-esch-sur-alzette-40-ans-apres-sa-fondation\/#breadcrumb\"},\"inLanguage\":\"fr-LU\",\"potentialAction\":[{\"@type\":\"ReadAction\",\"target\":[\"https:\/\/www.greenpeace.org\/luxembourg\/fr\/communiques-de-presse\/21084\/greenpeace-luxembourg-plante-une-micro-foret-a-esch-sur-alzette-40-ans-apres-sa-fondation\/\"]}]},{\"@type\":\"ImageObject\",\"inLanguage\":\"fr-LU\",\"@id\":\"https:\/\/www.greenpeace.org\/luxembourg\/fr\/communiques-de-presse\/21084\/greenpeace-luxembourg-plante-une-micro-foret-a-esch-sur-alzette-40-ans-apres-sa-fondation\/#primaryimage\",\"url\":\"https:\/\/www.greenpeace.org\/static\/planet4-luxembourg-stateless\/2024\/03\/1866b910-img_8573-scaled.jpg\",\"contentUrl\":\"https:\/\/www.greenpeace.org\/static\/planet4-luxembourg-stateless\/2024\/03\/1866b910-img_8573-scaled.jpg\",\"width\":2560,\"height\":1707},{\"@type\":\"BreadcrumbList\",\"@id\":\"https:\/\/www.greenpeace.org\/luxembourg\/fr\/communiques-de-presse\/21084\/greenpeace-luxembourg-plante-une-micro-foret-a-esch-sur-alzette-40-ans-apres-sa-fondation\/#breadcrumb\",\"itemListElement\":[{\"@type\":\"ListItem\",\"position\":1,\"name\":\"Home\",\"item\":\"https:\/\/www.greenpeace.org\/luxembourg\/fr\/\"},{\"@type\":\"ListItem\",\"position\":2,\"name\":\"Greenpeace Luxembourg plante une micro for\u00eat \u00e0 Esch-sur-Alzette, 40 ans apr\u00e8s sa fondation\"}]},{\"@type\":\"WebSite\",\"@id\":\"https:\/\/www.greenpeace.org\/luxembourg\/fr\/#website\",\"url\":\"https:\/\/www.greenpeace.org\/luxembourg\/fr\/\",\"name\":\"Greenpeace Luxembourg\",\"description\":\"Greenpeace existe parce que cette Terre fragile a besoin d&#039;une voix. Elle a besoin de solutions. De changement. D&#039;actions.\",\"publisher\":{\"@id\":\"https:\/\/www.greenpeace.org\/luxembourg\/fr\/#organization\"},\"potentialAction\":[{\"@type\":\"SearchAction\",\"target\":{\"@type\":\"EntryPoint\",\"urlTemplate\":\"https:\/\/www.greenpeace.org\/luxembourg\/fr\/?s={search_term_string}\"},\"query-input\":{\"@type\":\"PropertyValueSpecification\",\"valueRequired\":true,\"valueName\":\"search_term_string\"}}],\"inLanguage\":\"fr-LU\"},{\"@type\":\"Organization\",\"@id\":\"https:\/\/www.greenpeace.org\/luxembourg\/fr\/#organization\",\"name\":\"Greenpeace Luxembourg\",\"url\":\"https:\/\/www.greenpeace.org\/luxembourg\/fr\/\",\"logo\":{\"@type\":\"ImageObject\",\"inLanguage\":\"fr-LU\",\"@id\":\"https:\/\/www.greenpeace.org\/luxembourg\/fr\/#\/schema\/logo\/image\/\",\"url\":\"https:\/\/www.greenpeace.org\/static\/planet4-luxembourg-stateless\/2026\/03\/3e367f94-greenpeace_logo_green_rgb.png\",\"contentUrl\":\"https:\/\/www.greenpeace.org\/static\/planet4-luxembourg-stateless\/2026\/03\/3e367f94-greenpeace_logo_green_rgb.png\",\"width\":1080,\"height\":175,\"caption\":\"Greenpeace Luxembourg\"},\"image\":{\"@id\":\"https:\/\/www.greenpeace.org\/luxembourg\/fr\/#\/schema\/logo\/image\/\"},\"sameAs\":[\"https:\/\/www.facebook.com\/greenpeaceluxembourg\",\"https:\/\/www.instagram.com\/greenpeacelux\/\",\"https:\/\/www.linkedin.com\/company\/greenpeace-luxembourg\/\",\"https:\/\/www.threads.com\/@greenpeacelux\",\"https:\/\/bsky.app\/profile\/greenpeacelux.bsky.social\",\"https:\/\/www.youtube.com\/@GreenpeaceLux\",\"https:\/\/www.tiktok.com\/@greenpeace_lux\"]},{\"@type\":\"Person\",\"@id\":\"https:\/\/www.greenpeace.org\/luxembourg\/fr\/#\/schema\/person\/3d0e81a859b59009fec36a8552ef76a7\",\"name\":\"Esther Wildanger\",\"url\":\"https:\/\/www.greenpeace.org\/luxembourg\/fr\/author\/ewildang\/\"}]}<\/script>\n<!-- \/ Yoast SEO Premium plugin. -->","yoast_head_json":{"title":"Greenpeace Luxembourg plante une micro for\u00eat \u00e0 Esch-sur-Alzette, 40 ans apr\u00e8s sa fondation - Greenpeace Luxembourg","robots":{"index":"index","follow":"follow","max-snippet":"max-snippet:-1","max-image-preview":"max-image-preview:large","max-video-preview":"max-video-preview:-1"},"canonical":"https:\/\/www.greenpeace.org\/luxembourg\/fr\/communiques-de-presse\/21084\/greenpeace-luxembourg-plante-une-micro-foret-a-esch-sur-alzette-40-ans-apres-sa-fondation\/","og_locale":"fr_FR","og_type":"article","og_title":"Greenpeace Luxembourg plante une micro for\u00eat \u00e0 Esch-sur-Alzette, 40 ans apr\u00e8s sa fondation","og_description":"Greenpeace Luxembourg a plant\u00e9 aujourd\u2019hui sa deuxi\u00e8me micro-for\u00eat au sud du Luxembourg. Apr\u00e8s son premier succ\u00e8s \u00e0 Mertzig au printemps dernier, l\u2019ONG s\u2019est associ\u00e9e cette&hellip;","og_url":"https:\/\/www.greenpeace.org\/luxembourg\/fr\/communiques-de-presse\/21084\/greenpeace-luxembourg-plante-une-micro-foret-a-esch-sur-alzette-40-ans-apres-sa-fondation\/","og_site_name":"Greenpeace Luxembourg","article_publisher":"https:\/\/www.facebook.com\/greenpeaceluxembourg","article_published_time":"2024-03-16T16:18:05+00:00","article_modified_time":"2024-03-16T16:19:20+00:00","og_image":[{"width":2560,"height":1707,"url":"https:\/\/www.greenpeace.org\/static\/planet4-luxembourg-stateless\/2024\/03\/1866b910-img_8573-scaled.jpg","type":"image\/jpeg"}],"author":"Esther Wildanger","twitter_card":"summary_large_image","twitter_misc":{"Written by":"Esther Wildanger","Est. reading time":"2 minutes"},"schema":{"@context":"https:\/\/schema.org","@graph":[{"@type":"Article","@id":"https:\/\/www.greenpeace.org\/luxembourg\/fr\/communiques-de-presse\/21084\/greenpeace-luxembourg-plante-une-micro-foret-a-esch-sur-alzette-40-ans-apres-sa-fondation\/#article","isPartOf":{"@id":"https:\/\/www.greenpeace.org\/luxembourg\/fr\/communiques-de-presse\/21084\/greenpeace-luxembourg-plante-une-micro-foret-a-esch-sur-alzette-40-ans-apres-sa-fondation\/"},"author":{"name":"Esther Wildanger","@id":"https:\/\/www.greenpeace.org\/luxembourg\/fr\/#\/schema\/person\/3d0e81a859b59009fec36a8552ef76a7"},"headline":"Greenpeace Luxembourg plante une micro for\u00eat \u00e0 Esch-sur-Alzette, 40 ans apr\u00e8s sa fondation","datePublished":"2024-03-16T16:18:05+00:00","dateModified":"2024-03-16T16:19:20+00:00","mainEntityOfPage":{"@id":"https:\/\/www.greenpeace.org\/luxembourg\/fr\/communiques-de-presse\/21084\/greenpeace-luxembourg-plante-une-micro-foret-a-esch-sur-alzette-40-ans-apres-sa-fondation\/"},"wordCount":443,"publisher":{"@id":"https:\/\/www.greenpeace.org\/luxembourg\/fr\/#organization"},"image":{"@id":"https:\/\/www.greenpeace.org\/luxembourg\/fr\/communiques-de-presse\/21084\/greenpeace-luxembourg-plante-une-micro-foret-a-esch-sur-alzette-40-ans-apres-sa-fondation\/#primaryimage"},"thumbnailUrl":"https:\/\/www.greenpeace.org\/static\/planet4-luxembourg-stateless\/2024\/03\/1866b910-img_8573-scaled.jpg","keywords":["Biodiversit\u00e9","For\u00eats"],"articleSection":["Nature"],"inLanguage":"fr-LU"},{"@type":"WebPage","@id":"https:\/\/www.greenpeace.org\/luxembourg\/fr\/communiques-de-presse\/21084\/greenpeace-luxembourg-plante-une-micro-foret-a-esch-sur-alzette-40-ans-apres-sa-fondation\/","url":"https:\/\/www.greenpeace.org\/luxembourg\/fr\/communiques-de-presse\/21084\/greenpeace-luxembourg-plante-une-micro-foret-a-esch-sur-alzette-40-ans-apres-sa-fondation\/","name":"Greenpeace Luxembourg plante une micro for\u00eat \u00e0 Esch-sur-Alzette, 40 ans apr\u00e8s sa fondation - Greenpeace Luxembourg","isPartOf":{"@id":"https:\/\/www.greenpeace.org\/luxembourg\/fr\/#website"},"primaryImageOfPage":{"@id":"https:\/\/www.greenpeace.org\/luxembourg\/fr\/communiques-de-presse\/21084\/greenpeace-luxembourg-plante-une-micro-foret-a-esch-sur-alzette-40-ans-apres-sa-fondation\/#primaryimage"},"image":{"@id":"https:\/\/www.greenpeace.org\/luxembourg\/fr\/communiques-de-presse\/21084\/greenpeace-luxembourg-plante-une-micro-foret-a-esch-sur-alzette-40-ans-apres-sa-fondation\/#primaryimage"},"thumbnailUrl":"https:\/\/www.greenpeace.org\/static\/planet4-luxembourg-stateless\/2024\/03\/1866b910-img_8573-scaled.jpg","datePublished":"2024-03-16T16:18:05+00:00","dateModified":"2024-03-16T16:19:20+00:00","breadcrumb":{"@id":"https:\/\/www.greenpeace.org\/luxembourg\/fr\/communiques-de-presse\/21084\/greenpeace-luxembourg-plante-une-micro-foret-a-esch-sur-alzette-40-ans-apres-sa-fondation\/#breadcrumb"},"inLanguage":"fr-LU","potentialAction":[{"@type":"ReadAction","target":["https:\/\/www.greenpeace.org\/luxembourg\/fr\/communiques-de-presse\/21084\/greenpeace-luxembourg-plante-une-micro-foret-a-esch-sur-alzette-40-ans-apres-sa-fondation\/"]}]},{"@type":"ImageObject","inLanguage":"fr-LU","@id":"https:\/\/www.greenpeace.org\/luxembourg\/fr\/communiques-de-presse\/21084\/greenpeace-luxembourg-plante-une-micro-foret-a-esch-sur-alzette-40-ans-apres-sa-fondation\/#primaryimage","url":"https:\/\/www.greenpeace.org\/static\/planet4-luxembourg-stateless\/2024\/03\/1866b910-img_8573-scaled.jpg","contentUrl":"https:\/\/www.greenpeace.org\/static\/planet4-luxembourg-stateless\/2024\/03\/1866b910-img_8573-scaled.jpg","width":2560,"height":1707},{"@type":"BreadcrumbList","@id":"https:\/\/www.greenpeace.org\/luxembourg\/fr\/communiques-de-presse\/21084\/greenpeace-luxembourg-plante-une-micro-foret-a-esch-sur-alzette-40-ans-apres-sa-fondation\/#breadcrumb","itemListElement":[{"@type":"ListItem","position":1,"name":"Home","item":"https:\/\/www.greenpeace.org\/luxembourg\/fr\/"},{"@type":"ListItem","position":2,"name":"Greenpeace Luxembourg plante une micro for\u00eat \u00e0 Esch-sur-Alzette, 40 ans apr\u00e8s sa fondation"}]},{"@type":"WebSite","@id":"https:\/\/www.greenpeace.org\/luxembourg\/fr\/#website","url":"https:\/\/www.greenpeace.org\/luxembourg\/fr\/","name":"Greenpeace Luxembourg","description":"Greenpeace existe parce que cette Terre fragile a besoin d&#039;une voix. Elle a besoin de solutions. De changement. D&#039;actions.","publisher":{"@id":"https:\/\/www.greenpeace.org\/luxembourg\/fr\/#organization"},"potentialAction":[{"@type":"SearchAction","target":{"@type":"EntryPoint","urlTemplate":"https:\/\/www.greenpeace.org\/luxembourg\/fr\/?s={search_term_string}"},"query-input":{"@type":"PropertyValueSpecification","valueRequired":true,"valueName":"search_term_string"}}],"inLanguage":"fr-LU"},{"@type":"Organization","@id":"https:\/\/www.greenpeace.org\/luxembourg\/fr\/#organization","name":"Greenpeace Luxembourg","url":"https:\/\/www.greenpeace.org\/luxembourg\/fr\/","logo":{"@type":"ImageObject","inLanguage":"fr-LU","@id":"https:\/\/www.greenpeace.org\/luxembourg\/fr\/#\/schema\/logo\/image\/","url":"https:\/\/www.greenpeace.org\/static\/planet4-luxembourg-stateless\/2026\/03\/3e367f94-greenpeace_logo_green_rgb.png","contentUrl":"https:\/\/www.greenpeace.org\/static\/planet4-luxembourg-stateless\/2026\/03\/3e367f94-greenpeace_logo_green_rgb.png","width":1080,"height":175,"caption":"Greenpeace Luxembourg"},"image":{"@id":"https:\/\/www.greenpeace.org\/luxembourg\/fr\/#\/schema\/logo\/image\/"},"sameAs":["https:\/\/www.facebook.com\/greenpeaceluxembourg","https:\/\/www.instagram.com\/greenpeacelux\/","https:\/\/www.linkedin.com\/company\/greenpeace-luxembourg\/","https:\/\/www.threads.com\/@greenpeacelux","https:\/\/bsky.app\/profile\/greenpeacelux.bsky.social","https:\/\/www.youtube.com\/@GreenpeaceLux","https:\/\/www.tiktok.com\/@greenpeace_lux"]},{"@type":"Person","@id":"https:\/\/www.greenpeace.org\/luxembourg\/fr\/#\/schema\/person\/3d0e81a859b59009fec36a8552ef76a7","name":"Esther Wildanger","url":"https:\/\/www.greenpeace.org\/luxembourg\/fr\/author\/ewildang\/"}]}},"_links":{"self":[{"href":"https:\/\/www.greenpeace.org\/luxembourg\/fr\/wp-json\/wp\/v2\/posts\/21084","targetHints":{"allow":["GET"]}}],"collection":[{"href":"https:\/\/www.greenpeace.org\/luxembourg\/fr\/wp-json\/wp\/v2\/posts"}],"about":[{"href":"https:\/\/www.greenpeace.org\/luxembourg\/fr\/wp-json\/wp\/v2\/types\/post"}],"author":[{"embeddable":true,"href":"https:\/\/www.greenpeace.org\/luxembourg\/fr\/wp-json\/wp\/v2\/users\/25"}],"replies":[{"embeddable":true,"href":"https:\/\/www.greenpeace.org\/luxembourg\/fr\/wp-json\/wp\/v2\/comments?post=21084"}],"version-history":[{"count":1,"href":"https:\/\/www.greenpeace.org\/luxembourg\/fr\/wp-json\/wp\/v2\/posts\/21084\/revisions"}],"predecessor-version":[{"id":21085,"href":"https:\/\/www.greenpeace.org\/luxembourg\/fr\/wp-json\/wp\/v2\/posts\/21084\/revisions\/21085"}],"wp:featuredmedia":[{"embeddable":true,"href":"https:\/\/www.greenpeace.org\/luxembourg\/fr\/wp-json\/wp\/v2\/media\/21088"}],"wp:attachment":[{"href":"https:\/\/www.greenpeace.org\/luxembourg\/fr\/wp-json\/wp\/v2\/media?parent=21084"}],"wp:term":[{"taxonomy":"category","embeddable":true,"href":"https:\/\/www.greenpeace.org\/luxembourg\/fr\/wp-json\/wp\/v2\/categories?post=21084"},{"taxonomy":"post_tag","embeddable":true,"href":"https:\/\/www.greenpeace.org\/luxembourg\/fr\/wp-json\/wp\/v2\/tags?post=21084"},{"taxonomy":"p4-page-type","embeddable":true,"href":"https:\/\/www.greenpeace.org\/luxembourg\/fr\/wp-json\/wp\/v2\/p4-page-type?post=21084"}],"curies":[{"name":"wp","href":"https:\/\/api.w.org\/{rel}","templated":true}]}}