{"id":21361,"date":"2024-04-10T09:41:55","date_gmt":"2024-04-10T07:41:55","guid":{"rendered":"https:\/\/www.greenpeace.org\/luxembourg\/?p=21361"},"modified":"2024-04-10T09:41:59","modified_gmt":"2024-04-10T07:41:59","slug":"les-dernieres-forets-primaires-deurope-detruites-pour-des-meubles-ikea","status":"publish","type":"post","link":"https:\/\/www.greenpeace.org\/luxembourg\/fr\/communiques-de-presse\/21361\/les-dernieres-forets-primaires-deurope-detruites-pour-des-meubles-ikea\/","title":{"rendered":"Les derni\u00e8res for\u00eats primaires d&#8217;Europe d\u00e9truites pour des meubles IKEA"},"content":{"rendered":"\n<p><em>Bucharest, Roumanie<\/em>, 10 avril 2024 \u2013 <strong>Les Carpates roumaines, parmi les derni\u00e8res for\u00eats primaires d\u2019Europe, sont menac\u00e9es par plusieurs des prestataires d\u2019IKEA qui exploitent ces r\u00e9gions pour la fabrication de meubles, y compris dans des zones prot\u00e9g\u00e9es Natura 2000. Une <\/strong><a href=\"https:\/\/act.gp\/RapportIKEA2024\"><strong>nouvelle enqu\u00eate de Greenpeace<\/strong><\/a><strong> publi\u00e9e ce jour r\u00e9v\u00e8le que plusieurs entreprises, dont sont issus plusieurs produits phares d\u2019IKEA tels que les chaises INGOLF ou les lits pour enfants SNIGLAR, sont li\u00e9es \u00e0 la destruction de for\u00eats haute valeur pour la conservation. Au moins 30 de ces diff\u00e9rents produits ont \u00e9t\u00e9 commercialis\u00e9s dans les magasins IKEA de 13 pays europ\u00e9ens. Greenpeace demande \u00e0 l\u2019entreprise su\u00e9doise de faire preuve de responsabilit\u00e9 envers la plan\u00e8te en assainissant sa cha\u00eene d&#8217;approvisionnement, au lieu de contribuer aux crises de la biodiversit\u00e9 et du climat.\u00a0<\/strong><\/p>\n\n<p>\u00ab <em>Nous ne pouvons pas ravager notre patrimoine naturel pour des cintres ou des meubles<\/em> \u00bb, d\u00e9plore Martina Holbach, charg\u00e9e de campagne Finances Durables pour Greenpeace Luxembourg. \u00ab <em>Les for\u00eats primaires sont essentielles \u00e0 la bonne sant\u00e9 de notre plan\u00e8te et doivent \u00eatre prot\u00e9g\u00e9es sans tarder. IKEA doit respecter ses propres engagements en mati\u00e8re de d\u00e9veloppement durable et mettre fin \u00e0 la destruction des for\u00eats primaires dans sa cha\u00eene d&#8217;approvisionnement. <\/em>\u00bb&nbsp;&nbsp;<\/p>\n\n<p>Le rapport <em>\u00ab Assemble the truth: Old-growth forest destruction in the Romanian Carpathians \u00bb<\/em>, est le r\u00e9sultat d\u2019une enqu\u00eate men\u00e9e par Greenpeace Central and Eastern Europe. Les \u00e9quipes ont analys\u00e9 au peigne fin l\u2019int\u00e9gralit\u00e9 de la cha\u00eene d&#8217;approvisionnement d\u2019IKEA, depuis l&#8217;analyse des permis et de l&#8217;imagerie satellite des sites d&#8217;abattage dans les for\u00eats roumaines, en passant par les d\u00e9p\u00f4ts de bois et la fabrication des meubles, jusqu&#8217;\u00e0 leur destination finale, les rayons des magasins. Leur enqu\u00eate a montr\u00e9 que plusieurs des prestataires s&#8217;approvisionnaient en bois provenant de for\u00eats de haute valeur pour la conservation. Selon les informations publiques disponibles, IKEA repr\u00e9sente le plus gros client de la plupart de ces entreprises, ce qui implique tr\u00e8s probablement l\u2019utilisation du bois controvers\u00e9 pour la fabrication des produits du g\u00e9ant de l\u2019ameublement. Selon le rapport, c\u2019est m\u00eame certain pour l\u2019entreprise <a href=\"https:\/\/www.letemps.ch\/economie\/ikea-radiographie-dune-contreoffensive-mediatique\">Plimob<\/a>, qui produit presque exclusivement pour IKEA.<\/p>\n\n<p>Greenpeace Central Eastern Europe a laiss\u00e9 \u00e0 IKEA l\u2019opportunit\u00e9 de commenter l\u2019enqu\u00eate, mais le g\u00e9ant de l\u2019ameublement n\u2019a pas contest\u00e9 l\u2019information.<\/p>\n\n<p>Greenpeace reconna\u00eet que l&#8217;ameublement en g\u00e9n\u00e9ral est une bonne fa\u00e7on d&#8217;utiliser le bois, de stocker le carbone et d&#8217;ajouter de la valeur aux mati\u00e8res premi\u00e8res, mais cela ne doit pas se faire en sacrifiant les for\u00eats abritant l\u2019une des plus grandes biodiversit\u00e9s de la plan\u00e8te. Les Carpates abritent en effet des ours bruns, des lynx, des loups et des bisons d&#8217;Europe et comptent parmi les plus importants refuges de flore et de faune du vieux continent. Mais les entreprises et les autorit\u00e9s refusent de reconna\u00eetre ces zones comme \u00e9tant des for\u00eats primaires ou anciennes afin d&#8217;\u00e9viter les restrictions, ce qui fait qu\u2019\u00e0 peine 2,4 % (soit 1 700 km\u00b2) des for\u00eats roumaines des Carpates sont actuellement prot\u00e9g\u00e9es contre l&#8217;exploitation foresti\u00e8re. En parall\u00e8le, les donn\u00e9es officielles indiquent qu&#8217;environ <a href=\"https:\/\/publications.jrc.ec.europa.eu\/repository\/handle\/JRC124671#:~:text=%2D%20About%2093%25%20of%20the%20mapped,legal%20framework%20on%20strict%20protection\">7 % des for\u00eats roumaines ont plus de 120 ans<\/a>. La strat\u00e9gie de l&#8217;Union Europ\u00e9enne en mati\u00e8re de biodiversit\u00e9 suppose pourtant une protection stricte de ces for\u00eats. \u00ab <em>IKEA doit devenir le fer de lance d\u2019une action courageuse et appeler les responsables politiques \u00e0 prot\u00e9ger efficacement les derni\u00e8res for\u00eats primaires europ\u00e9ennes<\/em> \u00bb, conclut Martina Holbach.\u00a0<\/p>\n","protected":false},"excerpt":{"rendered":"<p>Les Carpates roumaines, parmi les derni\u00e8res for\u00eats primaires d\u2019Europe, sont menac\u00e9es par plusieurs des prestataires d\u2019IKEA qui exploitent ces r\u00e9gions pour la fabrication de&hellip;<\/p>\n","protected":false},"author":25,"featured_media":21362,"comment_status":"closed","ping_status":"closed","sticky":false,"template":"","format":"standard","meta":{"ep_exclude_from_search":false,"p4_og_title":"","p4_og_description":"","p4_og_image":"","p4_og_image_id":"","p4_seo_canonical_url":"","p4_campaign_name":"","p4_local_project":"","p4_basket_name":"","p4_department":"","footnotes":""},"categories":[17,43],"tags":[38,100],"p4-page-type":[83],"class_list":["post-21361","post","type-post","status-publish","format-standard","has-post-thumbnail","hentry","category-greenpeace","category-nature","tag-biodiversite","tag-forets","p4-page-type-communiques-de-presse"],"yoast_head":"<!-- This site is optimized with the Yoast SEO Premium plugin v23.9 (Yoast SEO v23.9) - https:\/\/yoast.com\/wordpress\/plugins\/seo\/ -->\n<title>Les derni\u00e8res for\u00eats primaires d&#039;Europe d\u00e9truites pour des meubles IKEA - Greenpeace Luxembourg<\/title>\n<meta name=\"robots\" content=\"index, follow, max-snippet:-1, max-image-preview:large, max-video-preview:-1\" \/>\n<link rel=\"canonical\" href=\"https:\/\/www.greenpeace.org\/luxembourg\/fr\/communiques-de-presse\/21361\/les-dernieres-forets-primaires-deurope-detruites-pour-des-meubles-ikea\/\" \/>\n<meta property=\"og:locale\" content=\"fr_FR\" \/>\n<meta property=\"og:type\" content=\"article\" \/>\n<meta property=\"og:title\" content=\"Les derni\u00e8res for\u00eats primaires d&#039;Europe d\u00e9truites pour des meubles IKEA\" \/>\n<meta property=\"og:description\" content=\"Les Carpates roumaines, parmi les derni\u00e8res for\u00eats primaires d\u2019Europe, sont menac\u00e9es par plusieurs des prestataires d\u2019IKEA qui exploitent ces r\u00e9gions pour la fabrication de&hellip;\" \/>\n<meta property=\"og:url\" content=\"https:\/\/www.greenpeace.org\/luxembourg\/fr\/communiques-de-presse\/21361\/les-dernieres-forets-primaires-deurope-detruites-pour-des-meubles-ikea\/\" \/>\n<meta property=\"og:site_name\" content=\"Greenpeace Luxembourg\" \/>\n<meta property=\"article:publisher\" content=\"https:\/\/www.facebook.com\/greenpeaceluxembourg\" \/>\n<meta property=\"article:published_time\" content=\"2024-04-10T07:41:55+00:00\" \/>\n<meta property=\"article:modified_time\" content=\"2024-04-10T07:41:59+00:00\" \/>\n<meta property=\"og:image\" content=\"https:\/\/www.greenpeace.org\/static\/planet4-luxembourg-stateless\/2024\/04\/209eaa47-gp0stwo6m_medium_res.jpg\" \/>\n\t<meta property=\"og:image:width\" content=\"1200\" \/>\n\t<meta property=\"og:image:height\" content=\"800\" \/>\n\t<meta property=\"og:image:type\" content=\"image\/jpeg\" \/>\n<meta name=\"author\" content=\"Esther Wildanger\" \/>\n<meta name=\"twitter:card\" content=\"summary_large_image\" \/>\n<meta name=\"twitter:label1\" content=\"Written by\" \/>\n\t<meta name=\"twitter:data1\" content=\"Esther Wildanger\" \/>\n\t<meta name=\"twitter:label2\" content=\"Est. reading time\" \/>\n\t<meta name=\"twitter:data2\" content=\"3 minutes\" \/>\n<script type=\"application\/ld+json\" class=\"yoast-schema-graph\">{\"@context\":\"https:\/\/schema.org\",\"@graph\":[{\"@type\":\"Article\",\"@id\":\"https:\/\/www.greenpeace.org\/luxembourg\/fr\/communiques-de-presse\/21361\/les-dernieres-forets-primaires-deurope-detruites-pour-des-meubles-ikea\/#article\",\"isPartOf\":{\"@id\":\"https:\/\/www.greenpeace.org\/luxembourg\/fr\/communiques-de-presse\/21361\/les-dernieres-forets-primaires-deurope-detruites-pour-des-meubles-ikea\/\"},\"author\":{\"name\":\"Esther Wildanger\",\"@id\":\"https:\/\/www.greenpeace.org\/luxembourg\/fr\/#\/schema\/person\/3d0e81a859b59009fec36a8552ef76a7\"},\"headline\":\"Les derni\u00e8res for\u00eats primaires d&#8217;Europe d\u00e9truites pour des meubles IKEA\",\"datePublished\":\"2024-04-10T07:41:55+00:00\",\"dateModified\":\"2024-04-10T07:41:59+00:00\",\"mainEntityOfPage\":{\"@id\":\"https:\/\/www.greenpeace.org\/luxembourg\/fr\/communiques-de-presse\/21361\/les-dernieres-forets-primaires-deurope-detruites-pour-des-meubles-ikea\/\"},\"wordCount\":640,\"publisher\":{\"@id\":\"https:\/\/www.greenpeace.org\/luxembourg\/fr\/#organization\"},\"image\":{\"@id\":\"https:\/\/www.greenpeace.org\/luxembourg\/fr\/communiques-de-presse\/21361\/les-dernieres-forets-primaires-deurope-detruites-pour-des-meubles-ikea\/#primaryimage\"},\"thumbnailUrl\":\"https:\/\/www.greenpeace.org\/static\/planet4-luxembourg-stateless\/2024\/04\/209eaa47-gp0stwo6m_medium_res.jpg\",\"keywords\":[\"Biodiversit\u00e9\",\"For\u00eats\"],\"articleSection\":[\"Greenpeace\",\"Nature\"],\"inLanguage\":\"fr-LU\"},{\"@type\":\"WebPage\",\"@id\":\"https:\/\/www.greenpeace.org\/luxembourg\/fr\/communiques-de-presse\/21361\/les-dernieres-forets-primaires-deurope-detruites-pour-des-meubles-ikea\/\",\"url\":\"https:\/\/www.greenpeace.org\/luxembourg\/fr\/communiques-de-presse\/21361\/les-dernieres-forets-primaires-deurope-detruites-pour-des-meubles-ikea\/\",\"name\":\"Les derni\u00e8res for\u00eats primaires d'Europe d\u00e9truites pour des meubles IKEA - Greenpeace Luxembourg\",\"isPartOf\":{\"@id\":\"https:\/\/www.greenpeace.org\/luxembourg\/fr\/#website\"},\"primaryImageOfPage\":{\"@id\":\"https:\/\/www.greenpeace.org\/luxembourg\/fr\/communiques-de-presse\/21361\/les-dernieres-forets-primaires-deurope-detruites-pour-des-meubles-ikea\/#primaryimage\"},\"image\":{\"@id\":\"https:\/\/www.greenpeace.org\/luxembourg\/fr\/communiques-de-presse\/21361\/les-dernieres-forets-primaires-deurope-detruites-pour-des-meubles-ikea\/#primaryimage\"},\"thumbnailUrl\":\"https:\/\/www.greenpeace.org\/static\/planet4-luxembourg-stateless\/2024\/04\/209eaa47-gp0stwo6m_medium_res.jpg\",\"datePublished\":\"2024-04-10T07:41:55+00:00\",\"dateModified\":\"2024-04-10T07:41:59+00:00\",\"breadcrumb\":{\"@id\":\"https:\/\/www.greenpeace.org\/luxembourg\/fr\/communiques-de-presse\/21361\/les-dernieres-forets-primaires-deurope-detruites-pour-des-meubles-ikea\/#breadcrumb\"},\"inLanguage\":\"fr-LU\",\"potentialAction\":[{\"@type\":\"ReadAction\",\"target\":[\"https:\/\/www.greenpeace.org\/luxembourg\/fr\/communiques-de-presse\/21361\/les-dernieres-forets-primaires-deurope-detruites-pour-des-meubles-ikea\/\"]}]},{\"@type\":\"ImageObject\",\"inLanguage\":\"fr-LU\",\"@id\":\"https:\/\/www.greenpeace.org\/luxembourg\/fr\/communiques-de-presse\/21361\/les-dernieres-forets-primaires-deurope-detruites-pour-des-meubles-ikea\/#primaryimage\",\"url\":\"https:\/\/www.greenpeace.org\/static\/planet4-luxembourg-stateless\/2024\/04\/209eaa47-gp0stwo6m_medium_res.jpg\",\"contentUrl\":\"https:\/\/www.greenpeace.org\/static\/planet4-luxembourg-stateless\/2024\/04\/209eaa47-gp0stwo6m_medium_res.jpg\",\"width\":1200,\"height\":800,\"caption\":\"Greenpeace activists and experts visit the M\u00e1tras in Hungary to raise awareness of the beauty and destruction in the Carpathian forests.\"},{\"@type\":\"BreadcrumbList\",\"@id\":\"https:\/\/www.greenpeace.org\/luxembourg\/fr\/communiques-de-presse\/21361\/les-dernieres-forets-primaires-deurope-detruites-pour-des-meubles-ikea\/#breadcrumb\",\"itemListElement\":[{\"@type\":\"ListItem\",\"position\":1,\"name\":\"Home\",\"item\":\"https:\/\/www.greenpeace.org\/luxembourg\/fr\/\"},{\"@type\":\"ListItem\",\"position\":2,\"name\":\"Les derni\u00e8res for\u00eats primaires d&#8217;Europe d\u00e9truites pour des meubles IKEA\"}]},{\"@type\":\"WebSite\",\"@id\":\"https:\/\/www.greenpeace.org\/luxembourg\/fr\/#website\",\"url\":\"https:\/\/www.greenpeace.org\/luxembourg\/fr\/\",\"name\":\"Greenpeace Luxembourg\",\"description\":\"Greenpeace existe parce que cette Terre fragile a besoin d&#039;une voix. Elle a besoin de solutions. De changement. D&#039;actions.\",\"publisher\":{\"@id\":\"https:\/\/www.greenpeace.org\/luxembourg\/fr\/#organization\"},\"potentialAction\":[{\"@type\":\"SearchAction\",\"target\":{\"@type\":\"EntryPoint\",\"urlTemplate\":\"https:\/\/www.greenpeace.org\/luxembourg\/fr\/?s={search_term_string}\"},\"query-input\":{\"@type\":\"PropertyValueSpecification\",\"valueRequired\":true,\"valueName\":\"search_term_string\"}}],\"inLanguage\":\"fr-LU\"},{\"@type\":\"Organization\",\"@id\":\"https:\/\/www.greenpeace.org\/luxembourg\/fr\/#organization\",\"name\":\"Greenpeace Luxembourg\",\"url\":\"https:\/\/www.greenpeace.org\/luxembourg\/fr\/\",\"logo\":{\"@type\":\"ImageObject\",\"inLanguage\":\"fr-LU\",\"@id\":\"https:\/\/www.greenpeace.org\/luxembourg\/fr\/#\/schema\/logo\/image\/\",\"url\":\"https:\/\/www.greenpeace.org\/static\/planet4-luxembourg-stateless\/2026\/03\/3e367f94-greenpeace_logo_green_rgb.png\",\"contentUrl\":\"https:\/\/www.greenpeace.org\/static\/planet4-luxembourg-stateless\/2026\/03\/3e367f94-greenpeace_logo_green_rgb.png\",\"width\":1080,\"height\":175,\"caption\":\"Greenpeace Luxembourg\"},\"image\":{\"@id\":\"https:\/\/www.greenpeace.org\/luxembourg\/fr\/#\/schema\/logo\/image\/\"},\"sameAs\":[\"https:\/\/www.facebook.com\/greenpeaceluxembourg\",\"https:\/\/www.instagram.com\/greenpeacelux\/\",\"https:\/\/www.linkedin.com\/company\/greenpeace-luxembourg\/\",\"https:\/\/www.threads.com\/@greenpeacelux\",\"https:\/\/bsky.app\/profile\/greenpeacelux.bsky.social\",\"https:\/\/www.youtube.com\/@GreenpeaceLux\",\"https:\/\/www.tiktok.com\/@greenpeace_lux\"]},{\"@type\":\"Person\",\"@id\":\"https:\/\/www.greenpeace.org\/luxembourg\/fr\/#\/schema\/person\/3d0e81a859b59009fec36a8552ef76a7\",\"name\":\"Esther Wildanger\",\"url\":\"https:\/\/www.greenpeace.org\/luxembourg\/fr\/author\/ewildang\/\"}]}<\/script>\n<!-- \/ Yoast SEO Premium plugin. -->","yoast_head_json":{"title":"Les derni\u00e8res for\u00eats primaires d'Europe d\u00e9truites pour des meubles IKEA - Greenpeace Luxembourg","robots":{"index":"index","follow":"follow","max-snippet":"max-snippet:-1","max-image-preview":"max-image-preview:large","max-video-preview":"max-video-preview:-1"},"canonical":"https:\/\/www.greenpeace.org\/luxembourg\/fr\/communiques-de-presse\/21361\/les-dernieres-forets-primaires-deurope-detruites-pour-des-meubles-ikea\/","og_locale":"fr_FR","og_type":"article","og_title":"Les derni\u00e8res for\u00eats primaires d'Europe d\u00e9truites pour des meubles IKEA","og_description":"Les Carpates roumaines, parmi les derni\u00e8res for\u00eats primaires d\u2019Europe, sont menac\u00e9es par plusieurs des prestataires d\u2019IKEA qui exploitent ces r\u00e9gions pour la fabrication de&hellip;","og_url":"https:\/\/www.greenpeace.org\/luxembourg\/fr\/communiques-de-presse\/21361\/les-dernieres-forets-primaires-deurope-detruites-pour-des-meubles-ikea\/","og_site_name":"Greenpeace Luxembourg","article_publisher":"https:\/\/www.facebook.com\/greenpeaceluxembourg","article_published_time":"2024-04-10T07:41:55+00:00","article_modified_time":"2024-04-10T07:41:59+00:00","og_image":[{"width":1200,"height":800,"url":"https:\/\/www.greenpeace.org\/static\/planet4-luxembourg-stateless\/2024\/04\/209eaa47-gp0stwo6m_medium_res.jpg","type":"image\/jpeg"}],"author":"Esther Wildanger","twitter_card":"summary_large_image","twitter_misc":{"Written by":"Esther Wildanger","Est. reading time":"3 minutes"},"schema":{"@context":"https:\/\/schema.org","@graph":[{"@type":"Article","@id":"https:\/\/www.greenpeace.org\/luxembourg\/fr\/communiques-de-presse\/21361\/les-dernieres-forets-primaires-deurope-detruites-pour-des-meubles-ikea\/#article","isPartOf":{"@id":"https:\/\/www.greenpeace.org\/luxembourg\/fr\/communiques-de-presse\/21361\/les-dernieres-forets-primaires-deurope-detruites-pour-des-meubles-ikea\/"},"author":{"name":"Esther Wildanger","@id":"https:\/\/www.greenpeace.org\/luxembourg\/fr\/#\/schema\/person\/3d0e81a859b59009fec36a8552ef76a7"},"headline":"Les derni\u00e8res for\u00eats primaires d&#8217;Europe d\u00e9truites pour des meubles IKEA","datePublished":"2024-04-10T07:41:55+00:00","dateModified":"2024-04-10T07:41:59+00:00","mainEntityOfPage":{"@id":"https:\/\/www.greenpeace.org\/luxembourg\/fr\/communiques-de-presse\/21361\/les-dernieres-forets-primaires-deurope-detruites-pour-des-meubles-ikea\/"},"wordCount":640,"publisher":{"@id":"https:\/\/www.greenpeace.org\/luxembourg\/fr\/#organization"},"image":{"@id":"https:\/\/www.greenpeace.org\/luxembourg\/fr\/communiques-de-presse\/21361\/les-dernieres-forets-primaires-deurope-detruites-pour-des-meubles-ikea\/#primaryimage"},"thumbnailUrl":"https:\/\/www.greenpeace.org\/static\/planet4-luxembourg-stateless\/2024\/04\/209eaa47-gp0stwo6m_medium_res.jpg","keywords":["Biodiversit\u00e9","For\u00eats"],"articleSection":["Greenpeace","Nature"],"inLanguage":"fr-LU"},{"@type":"WebPage","@id":"https:\/\/www.greenpeace.org\/luxembourg\/fr\/communiques-de-presse\/21361\/les-dernieres-forets-primaires-deurope-detruites-pour-des-meubles-ikea\/","url":"https:\/\/www.greenpeace.org\/luxembourg\/fr\/communiques-de-presse\/21361\/les-dernieres-forets-primaires-deurope-detruites-pour-des-meubles-ikea\/","name":"Les derni\u00e8res for\u00eats primaires d'Europe d\u00e9truites pour des meubles IKEA - Greenpeace Luxembourg","isPartOf":{"@id":"https:\/\/www.greenpeace.org\/luxembourg\/fr\/#website"},"primaryImageOfPage":{"@id":"https:\/\/www.greenpeace.org\/luxembourg\/fr\/communiques-de-presse\/21361\/les-dernieres-forets-primaires-deurope-detruites-pour-des-meubles-ikea\/#primaryimage"},"image":{"@id":"https:\/\/www.greenpeace.org\/luxembourg\/fr\/communiques-de-presse\/21361\/les-dernieres-forets-primaires-deurope-detruites-pour-des-meubles-ikea\/#primaryimage"},"thumbnailUrl":"https:\/\/www.greenpeace.org\/static\/planet4-luxembourg-stateless\/2024\/04\/209eaa47-gp0stwo6m_medium_res.jpg","datePublished":"2024-04-10T07:41:55+00:00","dateModified":"2024-04-10T07:41:59+00:00","breadcrumb":{"@id":"https:\/\/www.greenpeace.org\/luxembourg\/fr\/communiques-de-presse\/21361\/les-dernieres-forets-primaires-deurope-detruites-pour-des-meubles-ikea\/#breadcrumb"},"inLanguage":"fr-LU","potentialAction":[{"@type":"ReadAction","target":["https:\/\/www.greenpeace.org\/luxembourg\/fr\/communiques-de-presse\/21361\/les-dernieres-forets-primaires-deurope-detruites-pour-des-meubles-ikea\/"]}]},{"@type":"ImageObject","inLanguage":"fr-LU","@id":"https:\/\/www.greenpeace.org\/luxembourg\/fr\/communiques-de-presse\/21361\/les-dernieres-forets-primaires-deurope-detruites-pour-des-meubles-ikea\/#primaryimage","url":"https:\/\/www.greenpeace.org\/static\/planet4-luxembourg-stateless\/2024\/04\/209eaa47-gp0stwo6m_medium_res.jpg","contentUrl":"https:\/\/www.greenpeace.org\/static\/planet4-luxembourg-stateless\/2024\/04\/209eaa47-gp0stwo6m_medium_res.jpg","width":1200,"height":800,"caption":"Greenpeace activists and experts visit the M\u00e1tras in Hungary to raise awareness of the beauty and destruction in the Carpathian forests."},{"@type":"BreadcrumbList","@id":"https:\/\/www.greenpeace.org\/luxembourg\/fr\/communiques-de-presse\/21361\/les-dernieres-forets-primaires-deurope-detruites-pour-des-meubles-ikea\/#breadcrumb","itemListElement":[{"@type":"ListItem","position":1,"name":"Home","item":"https:\/\/www.greenpeace.org\/luxembourg\/fr\/"},{"@type":"ListItem","position":2,"name":"Les derni\u00e8res for\u00eats primaires d&#8217;Europe d\u00e9truites pour des meubles IKEA"}]},{"@type":"WebSite","@id":"https:\/\/www.greenpeace.org\/luxembourg\/fr\/#website","url":"https:\/\/www.greenpeace.org\/luxembourg\/fr\/","name":"Greenpeace Luxembourg","description":"Greenpeace existe parce que cette Terre fragile a besoin d&#039;une voix. Elle a besoin de solutions. De changement. D&#039;actions.","publisher":{"@id":"https:\/\/www.greenpeace.org\/luxembourg\/fr\/#organization"},"potentialAction":[{"@type":"SearchAction","target":{"@type":"EntryPoint","urlTemplate":"https:\/\/www.greenpeace.org\/luxembourg\/fr\/?s={search_term_string}"},"query-input":{"@type":"PropertyValueSpecification","valueRequired":true,"valueName":"search_term_string"}}],"inLanguage":"fr-LU"},{"@type":"Organization","@id":"https:\/\/www.greenpeace.org\/luxembourg\/fr\/#organization","name":"Greenpeace Luxembourg","url":"https:\/\/www.greenpeace.org\/luxembourg\/fr\/","logo":{"@type":"ImageObject","inLanguage":"fr-LU","@id":"https:\/\/www.greenpeace.org\/luxembourg\/fr\/#\/schema\/logo\/image\/","url":"https:\/\/www.greenpeace.org\/static\/planet4-luxembourg-stateless\/2026\/03\/3e367f94-greenpeace_logo_green_rgb.png","contentUrl":"https:\/\/www.greenpeace.org\/static\/planet4-luxembourg-stateless\/2026\/03\/3e367f94-greenpeace_logo_green_rgb.png","width":1080,"height":175,"caption":"Greenpeace Luxembourg"},"image":{"@id":"https:\/\/www.greenpeace.org\/luxembourg\/fr\/#\/schema\/logo\/image\/"},"sameAs":["https:\/\/www.facebook.com\/greenpeaceluxembourg","https:\/\/www.instagram.com\/greenpeacelux\/","https:\/\/www.linkedin.com\/company\/greenpeace-luxembourg\/","https:\/\/www.threads.com\/@greenpeacelux","https:\/\/bsky.app\/profile\/greenpeacelux.bsky.social","https:\/\/www.youtube.com\/@GreenpeaceLux","https:\/\/www.tiktok.com\/@greenpeace_lux"]},{"@type":"Person","@id":"https:\/\/www.greenpeace.org\/luxembourg\/fr\/#\/schema\/person\/3d0e81a859b59009fec36a8552ef76a7","name":"Esther Wildanger","url":"https:\/\/www.greenpeace.org\/luxembourg\/fr\/author\/ewildang\/"}]}},"_links":{"self":[{"href":"https:\/\/www.greenpeace.org\/luxembourg\/fr\/wp-json\/wp\/v2\/posts\/21361","targetHints":{"allow":["GET"]}}],"collection":[{"href":"https:\/\/www.greenpeace.org\/luxembourg\/fr\/wp-json\/wp\/v2\/posts"}],"about":[{"href":"https:\/\/www.greenpeace.org\/luxembourg\/fr\/wp-json\/wp\/v2\/types\/post"}],"author":[{"embeddable":true,"href":"https:\/\/www.greenpeace.org\/luxembourg\/fr\/wp-json\/wp\/v2\/users\/25"}],"replies":[{"embeddable":true,"href":"https:\/\/www.greenpeace.org\/luxembourg\/fr\/wp-json\/wp\/v2\/comments?post=21361"}],"version-history":[{"count":4,"href":"https:\/\/www.greenpeace.org\/luxembourg\/fr\/wp-json\/wp\/v2\/posts\/21361\/revisions"}],"predecessor-version":[{"id":21414,"href":"https:\/\/www.greenpeace.org\/luxembourg\/fr\/wp-json\/wp\/v2\/posts\/21361\/revisions\/21414"}],"wp:featuredmedia":[{"embeddable":true,"href":"https:\/\/www.greenpeace.org\/luxembourg\/fr\/wp-json\/wp\/v2\/media\/21362"}],"wp:attachment":[{"href":"https:\/\/www.greenpeace.org\/luxembourg\/fr\/wp-json\/wp\/v2\/media?parent=21361"}],"wp:term":[{"taxonomy":"category","embeddable":true,"href":"https:\/\/www.greenpeace.org\/luxembourg\/fr\/wp-json\/wp\/v2\/categories?post=21361"},{"taxonomy":"post_tag","embeddable":true,"href":"https:\/\/www.greenpeace.org\/luxembourg\/fr\/wp-json\/wp\/v2\/tags?post=21361"},{"taxonomy":"p4-page-type","embeddable":true,"href":"https:\/\/www.greenpeace.org\/luxembourg\/fr\/wp-json\/wp\/v2\/p4-page-type?post=21361"}],"curies":[{"name":"wp","href":"https:\/\/api.w.org\/{rel}","templated":true}]}}