{"id":21545,"date":"2024-05-02T10:22:42","date_gmt":"2024-05-02T08:22:42","guid":{"rendered":"https:\/\/www.greenpeace.org\/luxembourg\/?p=21545"},"modified":"2026-03-12T16:24:06","modified_gmt":"2026-03-12T14:24:06","slug":"economie-du-bien-commun-la-boussole-pour-une-economie-responsable","status":"publish","type":"post","link":"https:\/\/www.greenpeace.org\/luxembourg\/fr\/actualites\/21545\/economie-du-bien-commun-la-boussole-pour-une-economie-responsable\/","title":{"rendered":"Economie du bien commun, la boussole pour une \u00e9conomie responsable"},"content":{"rendered":"\n<p><em>Rapport de Greenpeace Luxembourg selon la matrice de l\u2019\u00e9conomie du bien commun<\/em><\/p>\n\n<p><strong>Greenpeace Luxembourg est fi\u00e8re de pouvoir pr\u00e9senter son premier <\/strong><a href=\"https:\/\/www.greenpeace.org\/static\/planet4-luxembourg-stateless\/2024\/05\/15249fc0-rapport-economie-du-bien-commun.pdf\"><strong>bilan de l\u2019\u00e9conomie du bien commun<\/strong><\/a><strong> ! De quoi s\u2019agit-il ? En quoi cela consiste et qu\u2019est ce que cela implique ? Vous allez tout savoir dans cet article.&nbsp;<\/strong><\/p>\n\n<p>L&#8217;initiative pour l\u2019\u00e9conomie du bien commun est parti de Christian Felber* qui a pos\u00e9 le constat, partag\u00e9 par d\u2019autres, que notre mod\u00e8le \u00e9conomique \u00e9tait la source de nombreux probl\u00e8mes rencontr\u00e9s actuellement dans nos soci\u00e9t\u00e9s : accumulation de la richesse alors que d\u2019autres peinent \u00e0 joindre les deux bouts, poursuites du profit \u00e0 court terme sans tenir compte des cons\u00e9quences environnementales et sociales, pollution sous toutes ses formes\u2026 <strong>La pr\u00e9servation du bien commun, et la recherche d\u2019une vie agr\u00e9able, devraient \u00eatre au centre des activit\u00e9s \u00e9conomiques. <\/strong>En se basant sur les valeurs que sont la solidarit\u00e9, la dignit\u00e9 de la personne, la durabilit\u00e9 \u00e9cologique, la justice sociale, la transparence et la participation, l\u2019\u00e9conomie du bien commun a d\u00e9velopp\u00e9 un mod\u00e8le qui a de l\u2019avenir et que Greenpeace estime digne d\u2019\u00eatre soutenu.<\/p>\n\n<p><strong>R\u00e9aliser un bilan pour le bien commun<\/strong><\/p>\n\n<p>C\u2019est dans ce cadre qu\u2019une matrice de questions et d\u2019indicateurs a \u00e9t\u00e9 lanc\u00e9e afin de permettre \u00e0 des organisations comme Greenpeace mais \u00e9galement \u00e0 des communes et des entreprises de poser le constat de l\u2019apport des activit\u00e9s, \u00e9ventuellement des produits et des services produits, \u00e0 la soci\u00e9t\u00e9 dans son ensemble.<strong> L\u2019important n\u2019est donc plus la recherche du profit maximal mais plut\u00f4t la mani\u00e8re d\u2019op\u00e9rer,<\/strong> en respectant les droits humains, l\u2019\u00e9quilibre social et la protection de la nature, et ce dans toute la cha\u00eene de valeur. En effet, l\u2019impact de la soci\u00e9t\u00e9 passe \u00e9galement par les fournisseurs choisis mais \u00e9galement les \u00e9changes avec la client\u00e8le : est-ce que l\u2019organisation analys\u00e9e d\u00e9pense des montants importants dans la publicit\u00e9 malgr\u00e9 son caract\u00e8re non durable ? Est-ce que les choix des fournisseurs se font sur base de crit\u00e8res environnementaux et sociaux et donc autres que purement financiers ? Est-ce que la client\u00e8le est correctement inform\u00e9e des produits et services fournis ainsi que des conditions de conception et de travail ?&nbsp;<\/p>\n\n<p>En fonction des r\u00e9ponses, des points sont accord\u00e9s. Ainsi, si l\u2019organisation respecte une distribution des salaires la plus \u00e9quitable possible, elle pourra recevoir plus de points qu\u2019une entreprise qui ne pratique pas de la sorte. Au contraire, des points sont retir\u00e9s pour les comportements qui ne prennent pas en compte l\u2019environnement ou les droits humains.&nbsp;<\/p>\n\n<p><strong>Les r\u00e9sultats sont r\u00e9sum\u00e9s dans une matrice qui regroupe 5 th\u00e8mes : les relations avec les prestataires, les partenaires financiers, les collaborateur\u00b7ices, la client\u00e8le et la soci\u00e9t\u00e9 dans son ensemble<\/strong>. La matrice est compl\u00e9t\u00e9e par 4 axes de valeurs : la solidarit\u00e9, la dignit\u00e9 de la personne humaine, la durabilit\u00e9 \u00e9cologique, la justice sociale, la transparence et la participation. Greenpeace les consid\u00e8re depuis toujours comme des valeurs essentielles.<\/p>\n\n<p>Au final, au plus une entreprise r\u00e9colte de points, au plus elle contribue au bien commun mais surtout l\u2019exercice permet surtout d\u2019identifier les points \u00e0 am\u00e9liorer et de le communiquer avec les parties prenantes pour bonifier collectivement l\u2019impact sur le bien commun.&nbsp;<\/p>\n\n<figure class=\"wp-block-image\"><img decoding=\"async\" src=\"https:\/\/lh7-us.googleusercontent.com\/0BU2OOS1jiwFcxt45d8O9GqlCeQFPO6FwnnRe4WwFZ-BYWpIJQlQqZVtJQuIESr9wld4QsIxfrh3Vz9s9gz-2WbGcpv6cBBumeefg_rB2o4LuZ45_uGAm1RCR2ZkR_JrgE-q0_OV_kktQJ9YIDLGy0w\" alt=\"\"\/><\/figure>\n\n<p>La version compl\u00e8te est disponible sur demande \u00e0 l\u2019adresse <a href=\"mailto:contact.luxembourg@greenpeace.org\">suivante<\/a>.&nbsp;<\/p>\n\n<p class=\"has-small-font-size\">*Christian Felber est un \u00e9conomiste alternatif autrichien, professeur d&#8217;universit\u00e9 et cofondateur de l&#8217;\u00c9conomie pour le bien commun. Conf\u00e9rencier de renomm\u00e9e internationale, il est l&#8217;auteur de plusieurs best-sellers prim\u00e9s et commente r\u00e9guli\u00e8rement l&#8217;\u00e9thique, les affaires et l&#8217;\u00e9conomie dans divers m\u00e9dias.<\/p>\n","protected":false},"excerpt":{"rendered":"<p>L&#8217;initiative pour l\u2019\u00e9conomie du bien commun est parti de Christian Felber* qui a pos\u00e9 le constat, partag\u00e9 par d\u2019autres, que notre mod\u00e8le \u00e9conomique \u00e9tait la source de nombreux probl\u00e8mes rencontr\u00e9s actuellement&#8230;<\/p>\n","protected":false},"author":25,"featured_media":21546,"comment_status":"closed","ping_status":"closed","sticky":false,"template":"","format":"standard","meta":{"ep_exclude_from_search":false,"p4_og_title":"Economie du bien commun, la boussole pour une \u00e9conomie responsable","p4_og_description":"L'initiative pour l'\u00e9conomie du bien commun propose un mod\u00e8le alternatif qui place les valeurs humaines au c\u0153ur de l'\u00e9conomie.","p4_og_image":"","p4_og_image_id":"","p4_seo_canonical_url":"","p4_campaign_name":"","p4_local_project":"","p4_basket_name":"","p4_department":"","footnotes":""},"categories":[17],"tags":[32,33],"p4-page-type":[85],"class_list":["post-21545","post","type-post","status-publish","format-standard","has-post-thumbnail","hentry","category-greenpeace","tag-luxembourg","tag-greenpeace-fr","p4-page-type-actualites"],"yoast_head":"<!-- This site is optimized with the Yoast SEO Premium plugin v23.9 (Yoast SEO v23.9) - https:\/\/yoast.com\/wordpress\/plugins\/seo\/ -->\n<title>Economie du bien commun, la boussole pour une \u00e9conomie responsable - Greenpeace Luxembourg<\/title>\n<meta name=\"robots\" content=\"index, follow, max-snippet:-1, max-image-preview:large, max-video-preview:-1\" \/>\n<link rel=\"canonical\" href=\"https:\/\/www.greenpeace.org\/luxembourg\/fr\/actualites\/21545\/economie-du-bien-commun-la-boussole-pour-une-economie-responsable\/\" \/>\n<meta property=\"og:locale\" content=\"fr_FR\" \/>\n<meta property=\"og:type\" content=\"article\" \/>\n<meta property=\"og:title\" content=\"Economie du bien commun, la boussole pour une \u00e9conomie responsable\" \/>\n<meta property=\"og:description\" content=\"L&#039;initiative pour l\u2019\u00e9conomie du bien commun est parti de Christian Felber* qui a pos\u00e9 le constat, partag\u00e9 par d\u2019autres, que notre mod\u00e8le \u00e9conomique \u00e9tait la source de nombreux probl\u00e8mes rencontr\u00e9s actuellement...\" \/>\n<meta property=\"og:url\" content=\"https:\/\/www.greenpeace.org\/luxembourg\/fr\/actualites\/21545\/economie-du-bien-commun-la-boussole-pour-une-economie-responsable\/\" \/>\n<meta property=\"og:site_name\" content=\"Greenpeace Luxembourg\" \/>\n<meta property=\"article:publisher\" content=\"https:\/\/www.facebook.com\/greenpeaceluxembourg\" \/>\n<meta property=\"article:published_time\" content=\"2024-05-02T08:22:42+00:00\" \/>\n<meta property=\"article:modified_time\" content=\"2026-03-12T14:24:06+00:00\" \/>\n<meta property=\"og:image\" content=\"https:\/\/www.greenpeace.org\/static\/planet4-luxembourg-stateless\/2024\/05\/38312c3a-gp0stqf58-3-scaled.jpg\" \/>\n\t<meta property=\"og:image:width\" content=\"2560\" \/>\n\t<meta property=\"og:image:height\" content=\"1707\" \/>\n\t<meta property=\"og:image:type\" content=\"image\/jpeg\" \/>\n<meta name=\"author\" content=\"Esther Wildanger\" \/>\n<meta name=\"twitter:card\" content=\"summary_large_image\" \/>\n<meta name=\"twitter:label1\" content=\"Written by\" \/>\n\t<meta name=\"twitter:data1\" content=\"Esther Wildanger\" \/>\n\t<meta name=\"twitter:label2\" content=\"Est. reading time\" \/>\n\t<meta name=\"twitter:data2\" content=\"3 minutes\" \/>\n<script type=\"application\/ld+json\" class=\"yoast-schema-graph\">{\"@context\":\"https:\/\/schema.org\",\"@graph\":[{\"@type\":\"Article\",\"@id\":\"https:\/\/www.greenpeace.org\/luxembourg\/fr\/actualites\/21545\/economie-du-bien-commun-la-boussole-pour-une-economie-responsable\/#article\",\"isPartOf\":{\"@id\":\"https:\/\/www.greenpeace.org\/luxembourg\/fr\/actualites\/21545\/economie-du-bien-commun-la-boussole-pour-une-economie-responsable\/\"},\"author\":{\"name\":\"Esther Wildanger\",\"@id\":\"https:\/\/www.greenpeace.org\/luxembourg\/fr\/#\/schema\/person\/3d0e81a859b59009fec36a8552ef76a7\"},\"headline\":\"Economie du bien commun, la boussole pour une \u00e9conomie responsable\",\"datePublished\":\"2024-05-02T08:22:42+00:00\",\"dateModified\":\"2026-03-12T14:24:06+00:00\",\"mainEntityOfPage\":{\"@id\":\"https:\/\/www.greenpeace.org\/luxembourg\/fr\/actualites\/21545\/economie-du-bien-commun-la-boussole-pour-une-economie-responsable\/\"},\"wordCount\":648,\"publisher\":{\"@id\":\"https:\/\/www.greenpeace.org\/luxembourg\/fr\/#organization\"},\"image\":{\"@id\":\"https:\/\/www.greenpeace.org\/luxembourg\/fr\/actualites\/21545\/economie-du-bien-commun-la-boussole-pour-une-economie-responsable\/#primaryimage\"},\"thumbnailUrl\":\"https:\/\/www.greenpeace.org\/static\/planet4-luxembourg-stateless\/2024\/05\/38312c3a-gp0stqf58-3-scaled.jpg\",\"keywords\":[\"Luxembourg\",\"Greenpeace\"],\"articleSection\":[\"Greenpeace\"],\"inLanguage\":\"fr-LU\"},{\"@type\":\"WebPage\",\"@id\":\"https:\/\/www.greenpeace.org\/luxembourg\/fr\/actualites\/21545\/economie-du-bien-commun-la-boussole-pour-une-economie-responsable\/\",\"url\":\"https:\/\/www.greenpeace.org\/luxembourg\/fr\/actualites\/21545\/economie-du-bien-commun-la-boussole-pour-une-economie-responsable\/\",\"name\":\"Economie du bien commun, la boussole pour une \u00e9conomie responsable - Greenpeace Luxembourg\",\"isPartOf\":{\"@id\":\"https:\/\/www.greenpeace.org\/luxembourg\/fr\/#website\"},\"primaryImageOfPage\":{\"@id\":\"https:\/\/www.greenpeace.org\/luxembourg\/fr\/actualites\/21545\/economie-du-bien-commun-la-boussole-pour-une-economie-responsable\/#primaryimage\"},\"image\":{\"@id\":\"https:\/\/www.greenpeace.org\/luxembourg\/fr\/actualites\/21545\/economie-du-bien-commun-la-boussole-pour-une-economie-responsable\/#primaryimage\"},\"thumbnailUrl\":\"https:\/\/www.greenpeace.org\/static\/planet4-luxembourg-stateless\/2024\/05\/38312c3a-gp0stqf58-3-scaled.jpg\",\"datePublished\":\"2024-05-02T08:22:42+00:00\",\"dateModified\":\"2026-03-12T14:24:06+00:00\",\"breadcrumb\":{\"@id\":\"https:\/\/www.greenpeace.org\/luxembourg\/fr\/actualites\/21545\/economie-du-bien-commun-la-boussole-pour-une-economie-responsable\/#breadcrumb\"},\"inLanguage\":\"fr-LU\",\"potentialAction\":[{\"@type\":\"ReadAction\",\"target\":[\"https:\/\/www.greenpeace.org\/luxembourg\/fr\/actualites\/21545\/economie-du-bien-commun-la-boussole-pour-une-economie-responsable\/\"]}]},{\"@type\":\"ImageObject\",\"inLanguage\":\"fr-LU\",\"@id\":\"https:\/\/www.greenpeace.org\/luxembourg\/fr\/actualites\/21545\/economie-du-bien-commun-la-boussole-pour-une-economie-responsable\/#primaryimage\",\"url\":\"https:\/\/www.greenpeace.org\/static\/planet4-luxembourg-stateless\/2024\/05\/38312c3a-gp0stqf58-3-scaled.jpg\",\"contentUrl\":\"https:\/\/www.greenpeace.org\/static\/planet4-luxembourg-stateless\/2024\/05\/38312c3a-gp0stqf58-3-scaled.jpg\",\"width\":2560,\"height\":1707},{\"@type\":\"BreadcrumbList\",\"@id\":\"https:\/\/www.greenpeace.org\/luxembourg\/fr\/actualites\/21545\/economie-du-bien-commun-la-boussole-pour-une-economie-responsable\/#breadcrumb\",\"itemListElement\":[{\"@type\":\"ListItem\",\"position\":1,\"name\":\"Home\",\"item\":\"https:\/\/www.greenpeace.org\/luxembourg\/fr\/\"},{\"@type\":\"ListItem\",\"position\":2,\"name\":\"Economie du bien commun, la boussole pour une \u00e9conomie responsable\"}]},{\"@type\":\"WebSite\",\"@id\":\"https:\/\/www.greenpeace.org\/luxembourg\/fr\/#website\",\"url\":\"https:\/\/www.greenpeace.org\/luxembourg\/fr\/\",\"name\":\"Greenpeace Luxembourg\",\"description\":\"Greenpeace existe parce que cette Terre fragile a besoin d&#039;une voix. Elle a besoin de solutions. De changement. D&#039;actions.\",\"publisher\":{\"@id\":\"https:\/\/www.greenpeace.org\/luxembourg\/fr\/#organization\"},\"potentialAction\":[{\"@type\":\"SearchAction\",\"target\":{\"@type\":\"EntryPoint\",\"urlTemplate\":\"https:\/\/www.greenpeace.org\/luxembourg\/fr\/?s={search_term_string}\"},\"query-input\":{\"@type\":\"PropertyValueSpecification\",\"valueRequired\":true,\"valueName\":\"search_term_string\"}}],\"inLanguage\":\"fr-LU\"},{\"@type\":\"Organization\",\"@id\":\"https:\/\/www.greenpeace.org\/luxembourg\/fr\/#organization\",\"name\":\"Greenpeace Luxembourg\",\"url\":\"https:\/\/www.greenpeace.org\/luxembourg\/fr\/\",\"logo\":{\"@type\":\"ImageObject\",\"inLanguage\":\"fr-LU\",\"@id\":\"https:\/\/www.greenpeace.org\/luxembourg\/fr\/#\/schema\/logo\/image\/\",\"url\":\"https:\/\/www.greenpeace.org\/static\/planet4-luxembourg-stateless\/2026\/03\/3e367f94-greenpeace_logo_green_rgb.png\",\"contentUrl\":\"https:\/\/www.greenpeace.org\/static\/planet4-luxembourg-stateless\/2026\/03\/3e367f94-greenpeace_logo_green_rgb.png\",\"width\":1080,\"height\":175,\"caption\":\"Greenpeace Luxembourg\"},\"image\":{\"@id\":\"https:\/\/www.greenpeace.org\/luxembourg\/fr\/#\/schema\/logo\/image\/\"},\"sameAs\":[\"https:\/\/www.facebook.com\/greenpeaceluxembourg\",\"https:\/\/www.instagram.com\/greenpeacelux\/\",\"https:\/\/www.linkedin.com\/company\/greenpeace-luxembourg\/\",\"https:\/\/www.threads.com\/@greenpeacelux\",\"https:\/\/bsky.app\/profile\/greenpeacelux.bsky.social\",\"https:\/\/www.youtube.com\/@GreenpeaceLux\",\"https:\/\/www.tiktok.com\/@greenpeace_lux\"]},{\"@type\":\"Person\",\"@id\":\"https:\/\/www.greenpeace.org\/luxembourg\/fr\/#\/schema\/person\/3d0e81a859b59009fec36a8552ef76a7\",\"name\":\"Esther Wildanger\",\"url\":\"https:\/\/www.greenpeace.org\/luxembourg\/fr\/author\/ewildang\/\"}]}<\/script>\n<!-- \/ Yoast SEO Premium plugin. -->","yoast_head_json":{"title":"Economie du bien commun, la boussole pour une \u00e9conomie responsable - Greenpeace Luxembourg","robots":{"index":"index","follow":"follow","max-snippet":"max-snippet:-1","max-image-preview":"max-image-preview:large","max-video-preview":"max-video-preview:-1"},"canonical":"https:\/\/www.greenpeace.org\/luxembourg\/fr\/actualites\/21545\/economie-du-bien-commun-la-boussole-pour-une-economie-responsable\/","og_locale":"fr_FR","og_type":"article","og_title":"Economie du bien commun, la boussole pour une \u00e9conomie responsable","og_description":"L'initiative pour l\u2019\u00e9conomie du bien commun est parti de Christian Felber* qui a pos\u00e9 le constat, partag\u00e9 par d\u2019autres, que notre mod\u00e8le \u00e9conomique \u00e9tait la source de nombreux probl\u00e8mes rencontr\u00e9s actuellement...","og_url":"https:\/\/www.greenpeace.org\/luxembourg\/fr\/actualites\/21545\/economie-du-bien-commun-la-boussole-pour-une-economie-responsable\/","og_site_name":"Greenpeace Luxembourg","article_publisher":"https:\/\/www.facebook.com\/greenpeaceluxembourg","article_published_time":"2024-05-02T08:22:42+00:00","article_modified_time":"2026-03-12T14:24:06+00:00","og_image":[{"width":2560,"height":1707,"url":"https:\/\/www.greenpeace.org\/static\/planet4-luxembourg-stateless\/2024\/05\/38312c3a-gp0stqf58-3-scaled.jpg","type":"image\/jpeg"}],"author":"Esther Wildanger","twitter_card":"summary_large_image","twitter_misc":{"Written by":"Esther Wildanger","Est. reading time":"3 minutes"},"schema":{"@context":"https:\/\/schema.org","@graph":[{"@type":"Article","@id":"https:\/\/www.greenpeace.org\/luxembourg\/fr\/actualites\/21545\/economie-du-bien-commun-la-boussole-pour-une-economie-responsable\/#article","isPartOf":{"@id":"https:\/\/www.greenpeace.org\/luxembourg\/fr\/actualites\/21545\/economie-du-bien-commun-la-boussole-pour-une-economie-responsable\/"},"author":{"name":"Esther Wildanger","@id":"https:\/\/www.greenpeace.org\/luxembourg\/fr\/#\/schema\/person\/3d0e81a859b59009fec36a8552ef76a7"},"headline":"Economie du bien commun, la boussole pour une \u00e9conomie responsable","datePublished":"2024-05-02T08:22:42+00:00","dateModified":"2026-03-12T14:24:06+00:00","mainEntityOfPage":{"@id":"https:\/\/www.greenpeace.org\/luxembourg\/fr\/actualites\/21545\/economie-du-bien-commun-la-boussole-pour-une-economie-responsable\/"},"wordCount":648,"publisher":{"@id":"https:\/\/www.greenpeace.org\/luxembourg\/fr\/#organization"},"image":{"@id":"https:\/\/www.greenpeace.org\/luxembourg\/fr\/actualites\/21545\/economie-du-bien-commun-la-boussole-pour-une-economie-responsable\/#primaryimage"},"thumbnailUrl":"https:\/\/www.greenpeace.org\/static\/planet4-luxembourg-stateless\/2024\/05\/38312c3a-gp0stqf58-3-scaled.jpg","keywords":["Luxembourg","Greenpeace"],"articleSection":["Greenpeace"],"inLanguage":"fr-LU"},{"@type":"WebPage","@id":"https:\/\/www.greenpeace.org\/luxembourg\/fr\/actualites\/21545\/economie-du-bien-commun-la-boussole-pour-une-economie-responsable\/","url":"https:\/\/www.greenpeace.org\/luxembourg\/fr\/actualites\/21545\/economie-du-bien-commun-la-boussole-pour-une-economie-responsable\/","name":"Economie du bien commun, la boussole pour une \u00e9conomie responsable - Greenpeace Luxembourg","isPartOf":{"@id":"https:\/\/www.greenpeace.org\/luxembourg\/fr\/#website"},"primaryImageOfPage":{"@id":"https:\/\/www.greenpeace.org\/luxembourg\/fr\/actualites\/21545\/economie-du-bien-commun-la-boussole-pour-une-economie-responsable\/#primaryimage"},"image":{"@id":"https:\/\/www.greenpeace.org\/luxembourg\/fr\/actualites\/21545\/economie-du-bien-commun-la-boussole-pour-une-economie-responsable\/#primaryimage"},"thumbnailUrl":"https:\/\/www.greenpeace.org\/static\/planet4-luxembourg-stateless\/2024\/05\/38312c3a-gp0stqf58-3-scaled.jpg","datePublished":"2024-05-02T08:22:42+00:00","dateModified":"2026-03-12T14:24:06+00:00","breadcrumb":{"@id":"https:\/\/www.greenpeace.org\/luxembourg\/fr\/actualites\/21545\/economie-du-bien-commun-la-boussole-pour-une-economie-responsable\/#breadcrumb"},"inLanguage":"fr-LU","potentialAction":[{"@type":"ReadAction","target":["https:\/\/www.greenpeace.org\/luxembourg\/fr\/actualites\/21545\/economie-du-bien-commun-la-boussole-pour-une-economie-responsable\/"]}]},{"@type":"ImageObject","inLanguage":"fr-LU","@id":"https:\/\/www.greenpeace.org\/luxembourg\/fr\/actualites\/21545\/economie-du-bien-commun-la-boussole-pour-une-economie-responsable\/#primaryimage","url":"https:\/\/www.greenpeace.org\/static\/planet4-luxembourg-stateless\/2024\/05\/38312c3a-gp0stqf58-3-scaled.jpg","contentUrl":"https:\/\/www.greenpeace.org\/static\/planet4-luxembourg-stateless\/2024\/05\/38312c3a-gp0stqf58-3-scaled.jpg","width":2560,"height":1707},{"@type":"BreadcrumbList","@id":"https:\/\/www.greenpeace.org\/luxembourg\/fr\/actualites\/21545\/economie-du-bien-commun-la-boussole-pour-une-economie-responsable\/#breadcrumb","itemListElement":[{"@type":"ListItem","position":1,"name":"Home","item":"https:\/\/www.greenpeace.org\/luxembourg\/fr\/"},{"@type":"ListItem","position":2,"name":"Economie du bien commun, la boussole pour une \u00e9conomie responsable"}]},{"@type":"WebSite","@id":"https:\/\/www.greenpeace.org\/luxembourg\/fr\/#website","url":"https:\/\/www.greenpeace.org\/luxembourg\/fr\/","name":"Greenpeace Luxembourg","description":"Greenpeace existe parce que cette Terre fragile a besoin d&#039;une voix. Elle a besoin de solutions. De changement. D&#039;actions.","publisher":{"@id":"https:\/\/www.greenpeace.org\/luxembourg\/fr\/#organization"},"potentialAction":[{"@type":"SearchAction","target":{"@type":"EntryPoint","urlTemplate":"https:\/\/www.greenpeace.org\/luxembourg\/fr\/?s={search_term_string}"},"query-input":{"@type":"PropertyValueSpecification","valueRequired":true,"valueName":"search_term_string"}}],"inLanguage":"fr-LU"},{"@type":"Organization","@id":"https:\/\/www.greenpeace.org\/luxembourg\/fr\/#organization","name":"Greenpeace Luxembourg","url":"https:\/\/www.greenpeace.org\/luxembourg\/fr\/","logo":{"@type":"ImageObject","inLanguage":"fr-LU","@id":"https:\/\/www.greenpeace.org\/luxembourg\/fr\/#\/schema\/logo\/image\/","url":"https:\/\/www.greenpeace.org\/static\/planet4-luxembourg-stateless\/2026\/03\/3e367f94-greenpeace_logo_green_rgb.png","contentUrl":"https:\/\/www.greenpeace.org\/static\/planet4-luxembourg-stateless\/2026\/03\/3e367f94-greenpeace_logo_green_rgb.png","width":1080,"height":175,"caption":"Greenpeace Luxembourg"},"image":{"@id":"https:\/\/www.greenpeace.org\/luxembourg\/fr\/#\/schema\/logo\/image\/"},"sameAs":["https:\/\/www.facebook.com\/greenpeaceluxembourg","https:\/\/www.instagram.com\/greenpeacelux\/","https:\/\/www.linkedin.com\/company\/greenpeace-luxembourg\/","https:\/\/www.threads.com\/@greenpeacelux","https:\/\/bsky.app\/profile\/greenpeacelux.bsky.social","https:\/\/www.youtube.com\/@GreenpeaceLux","https:\/\/www.tiktok.com\/@greenpeace_lux"]},{"@type":"Person","@id":"https:\/\/www.greenpeace.org\/luxembourg\/fr\/#\/schema\/person\/3d0e81a859b59009fec36a8552ef76a7","name":"Esther Wildanger","url":"https:\/\/www.greenpeace.org\/luxembourg\/fr\/author\/ewildang\/"}]}},"_links":{"self":[{"href":"https:\/\/www.greenpeace.org\/luxembourg\/fr\/wp-json\/wp\/v2\/posts\/21545","targetHints":{"allow":["GET"]}}],"collection":[{"href":"https:\/\/www.greenpeace.org\/luxembourg\/fr\/wp-json\/wp\/v2\/posts"}],"about":[{"href":"https:\/\/www.greenpeace.org\/luxembourg\/fr\/wp-json\/wp\/v2\/types\/post"}],"author":[{"embeddable":true,"href":"https:\/\/www.greenpeace.org\/luxembourg\/fr\/wp-json\/wp\/v2\/users\/25"}],"replies":[{"embeddable":true,"href":"https:\/\/www.greenpeace.org\/luxembourg\/fr\/wp-json\/wp\/v2\/comments?post=21545"}],"version-history":[{"count":3,"href":"https:\/\/www.greenpeace.org\/luxembourg\/fr\/wp-json\/wp\/v2\/posts\/21545\/revisions"}],"predecessor-version":[{"id":27499,"href":"https:\/\/www.greenpeace.org\/luxembourg\/fr\/wp-json\/wp\/v2\/posts\/21545\/revisions\/27499"}],"wp:featuredmedia":[{"embeddable":true,"href":"https:\/\/www.greenpeace.org\/luxembourg\/fr\/wp-json\/wp\/v2\/media\/21546"}],"wp:attachment":[{"href":"https:\/\/www.greenpeace.org\/luxembourg\/fr\/wp-json\/wp\/v2\/media?parent=21545"}],"wp:term":[{"taxonomy":"category","embeddable":true,"href":"https:\/\/www.greenpeace.org\/luxembourg\/fr\/wp-json\/wp\/v2\/categories?post=21545"},{"taxonomy":"post_tag","embeddable":true,"href":"https:\/\/www.greenpeace.org\/luxembourg\/fr\/wp-json\/wp\/v2\/tags?post=21545"},{"taxonomy":"p4-page-type","embeddable":true,"href":"https:\/\/www.greenpeace.org\/luxembourg\/fr\/wp-json\/wp\/v2\/p4-page-type?post=21545"}],"curies":[{"name":"wp","href":"https:\/\/api.w.org\/{rel}","templated":true}]}}