{"id":22148,"date":"2024-07-30T13:34:32","date_gmt":"2024-07-30T11:34:32","guid":{"rendered":"https:\/\/www.greenpeace.org\/luxembourg\/?p=22148"},"modified":"2024-07-30T13:40:57","modified_gmt":"2024-07-30T11:40:57","slug":"overshoot-day-terre-et-luxembourg-echouent-a-atteindre-la-ligne-darrivee","status":"publish","type":"post","link":"https:\/\/www.greenpeace.org\/luxembourg\/fr\/communiques-de-presse\/22148\/overshoot-day-terre-et-luxembourg-echouent-a-atteindre-la-ligne-darrivee\/","title":{"rendered":"Overshoot day : Terre et Luxembourg \u00e9chouent \u00e0 atteindre la ligne d\u2019arriv\u00e9e"},"content":{"rendered":"\n<p><em>Luxembourg, le 30 juillet 2024 &#8211; <\/em><strong>En cette p\u00e9riode olympique, Votum Klima [1] suit le marathon du Luxembourg et de la Terre. Parviendront-ils \u00e0 atteindre la ligne d\u2019arriv\u00e9e, soit l\u2019\u00e9quilibre entre l\u2019empreinte des activit\u00e9s humaines et les ressources naturelles g\u00e9n\u00e9r\u00e9es annuellement ?<\/strong><\/p>\n\n<figure class=\"wp-block-image size-large\"><img loading=\"lazy\" decoding=\"async\" width=\"1024\" height=\"683\" src=\"https:\/\/www.greenpeace.org\/static\/planet4-luxembourg-stateless\/2024\/07\/20240730-VK-OvershootDay-AnaisHector-27-1024x683.jpg\" alt=\"\" class=\"wp-image-22166\" srcset=\"https:\/\/www.greenpeace.org\/static\/planet4-luxembourg-stateless\/2024\/07\/20240730-VK-OvershootDay-AnaisHector-27-1024x683.jpg 1024w, https:\/\/www.greenpeace.org\/static\/planet4-luxembourg-stateless\/2024\/07\/20240730-VK-OvershootDay-AnaisHector-27-300x200.jpg 300w, https:\/\/www.greenpeace.org\/static\/planet4-luxembourg-stateless\/2024\/07\/20240730-VK-OvershootDay-AnaisHector-27-768x512.jpg 768w, https:\/\/www.greenpeace.org\/static\/planet4-luxembourg-stateless\/2024\/07\/20240730-VK-OvershootDay-AnaisHector-27-1536x1024.jpg 1536w, https:\/\/www.greenpeace.org\/static\/planet4-luxembourg-stateless\/2024\/07\/20240730-VK-OvershootDay-AnaisHector-27-2048x1366.jpg 2048w, https:\/\/www.greenpeace.org\/static\/planet4-luxembourg-stateless\/2024\/07\/20240730-VK-OvershootDay-AnaisHector-27-510x340.jpg 510w\" sizes=\"auto, (max-width: 1024px) 100vw, 1024px\" \/><figcaption class=\"wp-element-caption\">Cr\u00e9dits : Ana\u00efs Hector<\/figcaption><\/figure>\n\n<p>Le jour du d\u00e9passement de la Terre (<em>earth overshoot day<\/em>) tombe <a href=\"https:\/\/overshoot.footprintnetwork.org\/newsroom\/press-release-june-2024-english\/\">cette ann\u00e9e le 1<sup>er<\/sup> ao\u00fbt<\/a>, ce qui constitue une perte d\u2019un jour par rapport \u00e0 2023. Cette date symbolique tombait le 25 d\u00e9cembre en 1971 et n\u2019a fait que progresser dans la mauvaise direction depuis. Concr\u00e8tement, cela signifie que nous avons collectivement \u00e9puis\u00e9 en 7 mois toutes les ressources g\u00e9n\u00e9r\u00e9es par la plan\u00e8te en une ann\u00e9e et que l\u2019humanit\u00e9 vit \u00e0 cr\u00e9dit.&nbsp;<\/p>\n\n<p>En \u00e9cho \u00e0 l\u2019actualit\u00e9 olympique, Votum Klima a organis\u00e9 une course symbolique entre la&nbsp; Terre et le Luxembourg pour voir lequel atteindrait la ligne d\u2019arriv\u00e9e, le point d\u2019\u00e9quilibre entre la r\u00e9g\u00e9n\u00e9ration des ressources naturelles et le pr\u00e9l\u00e8vement de celles-ci par l\u2019activit\u00e9 humaine. Malheureusement, ni l\u2019une ni l\u2019autre n\u2019est arriv\u00e9 au bout de l\u2019effort, victimes de pratiques non durables comme la surconsommation, la surutilisation des \u00e9nergies fossiles pour se d\u00e9placer, pour se chauffer\u2026 Le Luxembourg s&#8217;est \u00e9croul\u00e9 rapidement, son jour de d\u00e9passement tombant le <a href=\"https:\/\/www.greenpeace.org\/luxembourg\/fr\/communiques-de-presse\/20900\/le-luxembourg-champion-un-jour-champion-toujours\/?_gl=1*rwjd6a*_up*MQ..*_ga*MjkzMTY3OTIwLjE3MjA2MDE2NzU.*_ga_0CCB1GTVV6*MTcyMDYwMTY3NC4xLjEuMTcyMDYwMTY4Mi4wLjAuMA..*_ga_JESYMNQX1J*MTcyMDYwMTY3NS4xLjEuMTcyMDYwMTY4Mi4wLjAuMA\">20 f\u00e9vrier<\/a> \u2014 soit le premier pays europ\u00e9en \u00e0 atteindre cette limite. La Terre n\u2019a pas non plus atteint la ligne d\u2019arriv\u00e9e, \u00e9chouant donc ce 1<sup>er<\/sup> ao\u00fbt 2024. Si la population mondiale vivait comme au Grand-Duch\u00e9, il nous faudrait plus de sept plan\u00e8tes pour survivre.<\/p>\n\n<p>\u00c0 l\u2019\u00e9chelle mondiale, le constat n\u2019est pas plus brillant. En effet, le mode de vie des pays occidentaux et d\u00e9velopp\u00e9s exerce une pression sur les ressources qui n\u2019est pas durable non plus : au rythme actuel, il faudrait 1,7 plan\u00e8te pour r\u00e9pondre \u00e0 la demande. L\u2019humanit\u00e9 vit de plus en plus \u00e0 cr\u00e9dit tandis que les factures commencent \u00e0 s\u2019accumuler. De nombreuses r\u00e9gions du monde, souvent dans les pays les moins responsables de cette situation, en subissent d\u00e9j\u00e0 les contraintes effroyables : manque d\u2019eau, chaleurs accablantes\u2026&nbsp;<\/p>\n\n<p>Par son action, Votum Klima veut tirer la sonnette d\u2019alarme et rappeler l\u2019urgence de repenser notre syst\u00e8me. Dans ses derni\u00e8res <a href=\"https:\/\/www.votumklima.lu\/fr\/2023\/06\/30\/votum-klima-revendications-electorales-2023-sur-la-politique-climatique-et-energetique\/\">revendications<\/a>, la plateforme rappelle que sans changement profond de notre \u00e9conomie, de notre soci\u00e9t\u00e9 et de nos modes de gestion et de gouvernance, la transition \u00e9cologique ne pourra pas aboutir. Ce n\u2019est que par un changement de paradigme, en remettant en cause la croissance \u00e9conomique comme seul \u00e9talon de r\u00e9ussite soci\u00e9tal que nous pourrons r\u00e9soudre les probl\u00e8mes de pollution et d\u2019in\u00e9galit\u00e9s grandissantes.<\/p>\n\n<p>La pr\u00e9servation des ressources disponibles est un \u00e9l\u00e9ment central pour atteindre un \u00e9quilibre durable. En effet, l\u2019environnement naturel et la biodiversit\u00e9 sont dans un \u00e9tat pr\u00e9occupant, y compris au Luxembourg. Pour d\u00e9velopper la r\u00e9silience des territoires et r\u00e9g\u00e9n\u00e9rer les ressources endommag\u00e9es, un ensemble coh\u00e9rent d\u2019actions politiques ambitieuses et socialement justes sont n\u00e9cessaires, \u00e0 tous les niveaux et dans tous les domaines. Renaturer les milieux aquatiques naturels et les espaces verts, cr\u00e9er des corridors \u00e9cologiques ou encore renforcer la protection juridique de la nature font partie des solutions concr\u00e8tes.\u00a0<\/p>\n\n<p>Au niveau mondial, l\u2019agriculture industrielle est une cause majeure des probl\u00e8mes environnementaux. Diff\u00e9rentes \u00e9tudes montrent qu\u2019il est possible de nourrir une population croissante tout en respectant l\u2019environnement, \u00e0 condition d\u2019adopter des changements ambitieux dans la consommation (moins de produits d\u2019origine animale et moins de gaspillage alimentaire) et dans la production alimentaire. L\u2019agriculture biologique, l\u2019agro\u00e9cologie, la permaculture et les autres techniques restauratrices des milieux naturels, repr\u00e9sentent des alternatives \u00e0 l\u2019agriculture industrielle, car elles respectent les ressources et les animaux et suivent les cycles naturels.<\/p>\n\n<p>Les solutions ne manquent pas face \u00e0 l\u2019urgence : d\u00e9veloppement de la circularit\u00e9 de l\u2019\u00e9conomie par le r\u00e9emploi et le partage, sobri\u00e9t\u00e9 \u00e9nerg\u00e9tique et mobilit\u00e9 partag\u00e9e, font \u00e9galement partie des revendications d\u00e9velopp\u00e9es.<\/p>\n\n<p>R\u00e9cemment, le gouvernement a pr\u00e9sent\u00e9 le plan national pour le climat et l&#8217;\u00e9nergie. Nous sommes sur la bonne voie, mais pour arriver aux objectifs fix\u00e9s, nous avons besoin de mesures plus efficaces en mati\u00e8re de protection du climat, comme le d\u00e9veloppement de la taxe carbone socialement \u00e9quitable ou l&#8217;extension des transports publics.<\/p>\n\n<p>Nous demandons au monde politique de prendre le sujet \u00e0 bras le corps et d\u2019apporter les r\u00e9ponses n\u00e9cessaires afin d\u2019assurer un monde juste et durable, pour permettre au Luxembourg d\u2019atteindre la ligne d\u2019arriv\u00e9e de l\u2019\u00e9quilibre durable. Cela doit devenir le c\u0153ur du d\u00e9veloppement de notre soci\u00e9t\u00e9.&nbsp;<\/p>\n\n<hr class=\"wp-block-separator has-alpha-channel-opacity is-style-wide\"\/>\n\n<p class=\"has-small-font-size\"><strong>Notes :&nbsp;<\/strong><\/p>\n\n<p class=\"has-small-font-size\">[1] Votum Klima est une plateforme qui r\u00e9unit les associations suivantes : Greenpeace, ASTM, CELL, Caritas Luxembourg, Cercle de coop\u00e9ration, etika, Eurosolar L\u00ebtzebuerg, fr\u00e8res des hommes, Fairtrade L\u00ebtzebuerg, partage, SOS Faim, natur&amp;\u00ebmwelt, Vereenegung fir Biolandwirtschaft L\u00ebtzebuerg a.s.b.l., proVelo.<\/p>\n","protected":false},"excerpt":{"rendered":"<p>En cette p\u00e9riode olympique, Votum Klima suit le marathon du Luxembourg et de la Terre. Parviendront-ils \u00e0 atteindre la ligne d\u2019arriv\u00e9e, soit l\u2019\u00e9quilibre&hellip;<\/p>\n","protected":false},"author":25,"featured_media":22166,"comment_status":"closed","ping_status":"closed","sticky":false,"template":"","format":"standard","meta":{"ep_exclude_from_search":false,"p4_og_title":"","p4_og_description":"","p4_og_image":"","p4_og_image_id":"","p4_seo_canonical_url":"","p4_campaign_name":"","p4_local_project":"","p4_basket_name":"","p4_department":"","footnotes":""},"categories":[41],"tags":[32,37],"p4-page-type":[83],"class_list":["post-22148","post","type-post","status-publish","format-standard","has-post-thumbnail","hentry","category-climat","tag-luxembourg","tag-changementclimatique","p4-page-type-communiques-de-presse"],"yoast_head":"<!-- This site is optimized with the Yoast SEO Premium plugin v23.9 (Yoast SEO v23.9) - https:\/\/yoast.com\/wordpress\/plugins\/seo\/ -->\n<title>Overshoot day : Terre et Luxembourg \u00e9chouent \u00e0 atteindre la ligne d\u2019arriv\u00e9e - Greenpeace Luxembourg<\/title>\n<meta name=\"robots\" content=\"index, follow, max-snippet:-1, max-image-preview:large, max-video-preview:-1\" \/>\n<link rel=\"canonical\" href=\"https:\/\/www.greenpeace.org\/luxembourg\/fr\/communiques-de-presse\/22148\/overshoot-day-terre-et-luxembourg-echouent-a-atteindre-la-ligne-darrivee\/\" \/>\n<meta property=\"og:locale\" content=\"fr_FR\" \/>\n<meta property=\"og:type\" content=\"article\" \/>\n<meta property=\"og:title\" content=\"Overshoot day : Terre et Luxembourg \u00e9chouent \u00e0 atteindre la ligne d\u2019arriv\u00e9e\" \/>\n<meta property=\"og:description\" content=\"En cette p\u00e9riode olympique, Votum Klima suit le marathon du Luxembourg et de la Terre. Parviendront-ils \u00e0 atteindre la ligne d\u2019arriv\u00e9e, soit l\u2019\u00e9quilibre&hellip;\" \/>\n<meta property=\"og:url\" content=\"https:\/\/www.greenpeace.org\/luxembourg\/fr\/communiques-de-presse\/22148\/overshoot-day-terre-et-luxembourg-echouent-a-atteindre-la-ligne-darrivee\/\" \/>\n<meta property=\"og:site_name\" content=\"Greenpeace Luxembourg\" \/>\n<meta property=\"article:publisher\" content=\"https:\/\/www.facebook.com\/greenpeaceluxembourg\" \/>\n<meta property=\"article:published_time\" content=\"2024-07-30T11:34:32+00:00\" \/>\n<meta property=\"article:modified_time\" content=\"2024-07-30T11:40:57+00:00\" \/>\n<meta property=\"og:image\" content=\"https:\/\/www.greenpeace.org\/static\/planet4-luxembourg-stateless\/2024\/07\/20240730-VK-OvershootDay-AnaisHector-27-scaled.jpg\" \/>\n\t<meta property=\"og:image:width\" content=\"2560\" \/>\n\t<meta property=\"og:image:height\" content=\"1707\" \/>\n\t<meta property=\"og:image:type\" content=\"image\/jpeg\" \/>\n<meta name=\"author\" content=\"Esther Wildanger\" \/>\n<meta name=\"twitter:card\" content=\"summary_large_image\" \/>\n<meta name=\"twitter:label1\" content=\"Written by\" \/>\n\t<meta name=\"twitter:data1\" content=\"Esther Wildanger\" \/>\n\t<meta name=\"twitter:label2\" content=\"Est. reading time\" \/>\n\t<meta name=\"twitter:data2\" content=\"4 minutes\" \/>\n<script type=\"application\/ld+json\" class=\"yoast-schema-graph\">{\"@context\":\"https:\/\/schema.org\",\"@graph\":[{\"@type\":\"Article\",\"@id\":\"https:\/\/www.greenpeace.org\/luxembourg\/fr\/communiques-de-presse\/22148\/overshoot-day-terre-et-luxembourg-echouent-a-atteindre-la-ligne-darrivee\/#article\",\"isPartOf\":{\"@id\":\"https:\/\/www.greenpeace.org\/luxembourg\/fr\/communiques-de-presse\/22148\/overshoot-day-terre-et-luxembourg-echouent-a-atteindre-la-ligne-darrivee\/\"},\"author\":{\"name\":\"Esther Wildanger\",\"@id\":\"https:\/\/www.greenpeace.org\/luxembourg\/fr\/#\/schema\/person\/3d0e81a859b59009fec36a8552ef76a7\"},\"headline\":\"Overshoot day : Terre et Luxembourg \u00e9chouent \u00e0 atteindre la ligne d\u2019arriv\u00e9e\",\"datePublished\":\"2024-07-30T11:34:32+00:00\",\"dateModified\":\"2024-07-30T11:40:57+00:00\",\"mainEntityOfPage\":{\"@id\":\"https:\/\/www.greenpeace.org\/luxembourg\/fr\/communiques-de-presse\/22148\/overshoot-day-terre-et-luxembourg-echouent-a-atteindre-la-ligne-darrivee\/\"},\"wordCount\":880,\"publisher\":{\"@id\":\"https:\/\/www.greenpeace.org\/luxembourg\/fr\/#organization\"},\"image\":{\"@id\":\"https:\/\/www.greenpeace.org\/luxembourg\/fr\/communiques-de-presse\/22148\/overshoot-day-terre-et-luxembourg-echouent-a-atteindre-la-ligne-darrivee\/#primaryimage\"},\"thumbnailUrl\":\"https:\/\/www.greenpeace.org\/static\/planet4-luxembourg-stateless\/2024\/07\/20240730-VK-OvershootDay-AnaisHector-27-scaled.jpg\",\"keywords\":[\"Luxembourg\",\"ChangementClimatique\"],\"articleSection\":[\"Climat\"],\"inLanguage\":\"fr-LU\"},{\"@type\":\"WebPage\",\"@id\":\"https:\/\/www.greenpeace.org\/luxembourg\/fr\/communiques-de-presse\/22148\/overshoot-day-terre-et-luxembourg-echouent-a-atteindre-la-ligne-darrivee\/\",\"url\":\"https:\/\/www.greenpeace.org\/luxembourg\/fr\/communiques-de-presse\/22148\/overshoot-day-terre-et-luxembourg-echouent-a-atteindre-la-ligne-darrivee\/\",\"name\":\"Overshoot day : Terre et Luxembourg \u00e9chouent \u00e0 atteindre la ligne d\u2019arriv\u00e9e - Greenpeace Luxembourg\",\"isPartOf\":{\"@id\":\"https:\/\/www.greenpeace.org\/luxembourg\/fr\/#website\"},\"primaryImageOfPage\":{\"@id\":\"https:\/\/www.greenpeace.org\/luxembourg\/fr\/communiques-de-presse\/22148\/overshoot-day-terre-et-luxembourg-echouent-a-atteindre-la-ligne-darrivee\/#primaryimage\"},\"image\":{\"@id\":\"https:\/\/www.greenpeace.org\/luxembourg\/fr\/communiques-de-presse\/22148\/overshoot-day-terre-et-luxembourg-echouent-a-atteindre-la-ligne-darrivee\/#primaryimage\"},\"thumbnailUrl\":\"https:\/\/www.greenpeace.org\/static\/planet4-luxembourg-stateless\/2024\/07\/20240730-VK-OvershootDay-AnaisHector-27-scaled.jpg\",\"datePublished\":\"2024-07-30T11:34:32+00:00\",\"dateModified\":\"2024-07-30T11:40:57+00:00\",\"breadcrumb\":{\"@id\":\"https:\/\/www.greenpeace.org\/luxembourg\/fr\/communiques-de-presse\/22148\/overshoot-day-terre-et-luxembourg-echouent-a-atteindre-la-ligne-darrivee\/#breadcrumb\"},\"inLanguage\":\"fr-LU\",\"potentialAction\":[{\"@type\":\"ReadAction\",\"target\":[\"https:\/\/www.greenpeace.org\/luxembourg\/fr\/communiques-de-presse\/22148\/overshoot-day-terre-et-luxembourg-echouent-a-atteindre-la-ligne-darrivee\/\"]}]},{\"@type\":\"ImageObject\",\"inLanguage\":\"fr-LU\",\"@id\":\"https:\/\/www.greenpeace.org\/luxembourg\/fr\/communiques-de-presse\/22148\/overshoot-day-terre-et-luxembourg-echouent-a-atteindre-la-ligne-darrivee\/#primaryimage\",\"url\":\"https:\/\/www.greenpeace.org\/static\/planet4-luxembourg-stateless\/2024\/07\/20240730-VK-OvershootDay-AnaisHector-27-scaled.jpg\",\"contentUrl\":\"https:\/\/www.greenpeace.org\/static\/planet4-luxembourg-stateless\/2024\/07\/20240730-VK-OvershootDay-AnaisHector-27-scaled.jpg\",\"width\":2560,\"height\":1707},{\"@type\":\"BreadcrumbList\",\"@id\":\"https:\/\/www.greenpeace.org\/luxembourg\/fr\/communiques-de-presse\/22148\/overshoot-day-terre-et-luxembourg-echouent-a-atteindre-la-ligne-darrivee\/#breadcrumb\",\"itemListElement\":[{\"@type\":\"ListItem\",\"position\":1,\"name\":\"Home\",\"item\":\"https:\/\/www.greenpeace.org\/luxembourg\/fr\/\"},{\"@type\":\"ListItem\",\"position\":2,\"name\":\"Overshoot day : Terre et Luxembourg \u00e9chouent \u00e0 atteindre la ligne d\u2019arriv\u00e9e\"}]},{\"@type\":\"WebSite\",\"@id\":\"https:\/\/www.greenpeace.org\/luxembourg\/fr\/#website\",\"url\":\"https:\/\/www.greenpeace.org\/luxembourg\/fr\/\",\"name\":\"Greenpeace Luxembourg\",\"description\":\"Greenpeace existe parce que cette Terre fragile a besoin d&#039;une voix. Elle a besoin de solutions. De changement. D&#039;actions.\",\"publisher\":{\"@id\":\"https:\/\/www.greenpeace.org\/luxembourg\/fr\/#organization\"},\"potentialAction\":[{\"@type\":\"SearchAction\",\"target\":{\"@type\":\"EntryPoint\",\"urlTemplate\":\"https:\/\/www.greenpeace.org\/luxembourg\/fr\/?s={search_term_string}\"},\"query-input\":{\"@type\":\"PropertyValueSpecification\",\"valueRequired\":true,\"valueName\":\"search_term_string\"}}],\"inLanguage\":\"fr-LU\"},{\"@type\":\"Organization\",\"@id\":\"https:\/\/www.greenpeace.org\/luxembourg\/fr\/#organization\",\"name\":\"Greenpeace Luxembourg\",\"url\":\"https:\/\/www.greenpeace.org\/luxembourg\/fr\/\",\"logo\":{\"@type\":\"ImageObject\",\"inLanguage\":\"fr-LU\",\"@id\":\"https:\/\/www.greenpeace.org\/luxembourg\/fr\/#\/schema\/logo\/image\/\",\"url\":\"https:\/\/www.greenpeace.org\/static\/planet4-luxembourg-stateless\/2026\/03\/3e367f94-greenpeace_logo_green_rgb.png\",\"contentUrl\":\"https:\/\/www.greenpeace.org\/static\/planet4-luxembourg-stateless\/2026\/03\/3e367f94-greenpeace_logo_green_rgb.png\",\"width\":1080,\"height\":175,\"caption\":\"Greenpeace Luxembourg\"},\"image\":{\"@id\":\"https:\/\/www.greenpeace.org\/luxembourg\/fr\/#\/schema\/logo\/image\/\"},\"sameAs\":[\"https:\/\/www.facebook.com\/greenpeaceluxembourg\",\"https:\/\/www.instagram.com\/greenpeacelux\/\",\"https:\/\/www.linkedin.com\/company\/greenpeace-luxembourg\/\",\"https:\/\/www.threads.com\/@greenpeacelux\",\"https:\/\/bsky.app\/profile\/greenpeacelux.bsky.social\",\"https:\/\/www.youtube.com\/@GreenpeaceLux\",\"https:\/\/www.tiktok.com\/@greenpeace_lux\"]},{\"@type\":\"Person\",\"@id\":\"https:\/\/www.greenpeace.org\/luxembourg\/fr\/#\/schema\/person\/3d0e81a859b59009fec36a8552ef76a7\",\"name\":\"Esther Wildanger\",\"url\":\"https:\/\/www.greenpeace.org\/luxembourg\/fr\/author\/ewildang\/\"}]}<\/script>\n<!-- \/ Yoast SEO Premium plugin. -->","yoast_head_json":{"title":"Overshoot day : Terre et Luxembourg \u00e9chouent \u00e0 atteindre la ligne d\u2019arriv\u00e9e - Greenpeace Luxembourg","robots":{"index":"index","follow":"follow","max-snippet":"max-snippet:-1","max-image-preview":"max-image-preview:large","max-video-preview":"max-video-preview:-1"},"canonical":"https:\/\/www.greenpeace.org\/luxembourg\/fr\/communiques-de-presse\/22148\/overshoot-day-terre-et-luxembourg-echouent-a-atteindre-la-ligne-darrivee\/","og_locale":"fr_FR","og_type":"article","og_title":"Overshoot day : Terre et Luxembourg \u00e9chouent \u00e0 atteindre la ligne d\u2019arriv\u00e9e","og_description":"En cette p\u00e9riode olympique, Votum Klima suit le marathon du Luxembourg et de la Terre. Parviendront-ils \u00e0 atteindre la ligne d\u2019arriv\u00e9e, soit l\u2019\u00e9quilibre&hellip;","og_url":"https:\/\/www.greenpeace.org\/luxembourg\/fr\/communiques-de-presse\/22148\/overshoot-day-terre-et-luxembourg-echouent-a-atteindre-la-ligne-darrivee\/","og_site_name":"Greenpeace Luxembourg","article_publisher":"https:\/\/www.facebook.com\/greenpeaceluxembourg","article_published_time":"2024-07-30T11:34:32+00:00","article_modified_time":"2024-07-30T11:40:57+00:00","og_image":[{"width":2560,"height":1707,"url":"https:\/\/www.greenpeace.org\/static\/planet4-luxembourg-stateless\/2024\/07\/20240730-VK-OvershootDay-AnaisHector-27-scaled.jpg","type":"image\/jpeg"}],"author":"Esther Wildanger","twitter_card":"summary_large_image","twitter_misc":{"Written by":"Esther Wildanger","Est. reading time":"4 minutes"},"schema":{"@context":"https:\/\/schema.org","@graph":[{"@type":"Article","@id":"https:\/\/www.greenpeace.org\/luxembourg\/fr\/communiques-de-presse\/22148\/overshoot-day-terre-et-luxembourg-echouent-a-atteindre-la-ligne-darrivee\/#article","isPartOf":{"@id":"https:\/\/www.greenpeace.org\/luxembourg\/fr\/communiques-de-presse\/22148\/overshoot-day-terre-et-luxembourg-echouent-a-atteindre-la-ligne-darrivee\/"},"author":{"name":"Esther Wildanger","@id":"https:\/\/www.greenpeace.org\/luxembourg\/fr\/#\/schema\/person\/3d0e81a859b59009fec36a8552ef76a7"},"headline":"Overshoot day : Terre et Luxembourg \u00e9chouent \u00e0 atteindre la ligne d\u2019arriv\u00e9e","datePublished":"2024-07-30T11:34:32+00:00","dateModified":"2024-07-30T11:40:57+00:00","mainEntityOfPage":{"@id":"https:\/\/www.greenpeace.org\/luxembourg\/fr\/communiques-de-presse\/22148\/overshoot-day-terre-et-luxembourg-echouent-a-atteindre-la-ligne-darrivee\/"},"wordCount":880,"publisher":{"@id":"https:\/\/www.greenpeace.org\/luxembourg\/fr\/#organization"},"image":{"@id":"https:\/\/www.greenpeace.org\/luxembourg\/fr\/communiques-de-presse\/22148\/overshoot-day-terre-et-luxembourg-echouent-a-atteindre-la-ligne-darrivee\/#primaryimage"},"thumbnailUrl":"https:\/\/www.greenpeace.org\/static\/planet4-luxembourg-stateless\/2024\/07\/20240730-VK-OvershootDay-AnaisHector-27-scaled.jpg","keywords":["Luxembourg","ChangementClimatique"],"articleSection":["Climat"],"inLanguage":"fr-LU"},{"@type":"WebPage","@id":"https:\/\/www.greenpeace.org\/luxembourg\/fr\/communiques-de-presse\/22148\/overshoot-day-terre-et-luxembourg-echouent-a-atteindre-la-ligne-darrivee\/","url":"https:\/\/www.greenpeace.org\/luxembourg\/fr\/communiques-de-presse\/22148\/overshoot-day-terre-et-luxembourg-echouent-a-atteindre-la-ligne-darrivee\/","name":"Overshoot day : Terre et Luxembourg \u00e9chouent \u00e0 atteindre la ligne d\u2019arriv\u00e9e - Greenpeace Luxembourg","isPartOf":{"@id":"https:\/\/www.greenpeace.org\/luxembourg\/fr\/#website"},"primaryImageOfPage":{"@id":"https:\/\/www.greenpeace.org\/luxembourg\/fr\/communiques-de-presse\/22148\/overshoot-day-terre-et-luxembourg-echouent-a-atteindre-la-ligne-darrivee\/#primaryimage"},"image":{"@id":"https:\/\/www.greenpeace.org\/luxembourg\/fr\/communiques-de-presse\/22148\/overshoot-day-terre-et-luxembourg-echouent-a-atteindre-la-ligne-darrivee\/#primaryimage"},"thumbnailUrl":"https:\/\/www.greenpeace.org\/static\/planet4-luxembourg-stateless\/2024\/07\/20240730-VK-OvershootDay-AnaisHector-27-scaled.jpg","datePublished":"2024-07-30T11:34:32+00:00","dateModified":"2024-07-30T11:40:57+00:00","breadcrumb":{"@id":"https:\/\/www.greenpeace.org\/luxembourg\/fr\/communiques-de-presse\/22148\/overshoot-day-terre-et-luxembourg-echouent-a-atteindre-la-ligne-darrivee\/#breadcrumb"},"inLanguage":"fr-LU","potentialAction":[{"@type":"ReadAction","target":["https:\/\/www.greenpeace.org\/luxembourg\/fr\/communiques-de-presse\/22148\/overshoot-day-terre-et-luxembourg-echouent-a-atteindre-la-ligne-darrivee\/"]}]},{"@type":"ImageObject","inLanguage":"fr-LU","@id":"https:\/\/www.greenpeace.org\/luxembourg\/fr\/communiques-de-presse\/22148\/overshoot-day-terre-et-luxembourg-echouent-a-atteindre-la-ligne-darrivee\/#primaryimage","url":"https:\/\/www.greenpeace.org\/static\/planet4-luxembourg-stateless\/2024\/07\/20240730-VK-OvershootDay-AnaisHector-27-scaled.jpg","contentUrl":"https:\/\/www.greenpeace.org\/static\/planet4-luxembourg-stateless\/2024\/07\/20240730-VK-OvershootDay-AnaisHector-27-scaled.jpg","width":2560,"height":1707},{"@type":"BreadcrumbList","@id":"https:\/\/www.greenpeace.org\/luxembourg\/fr\/communiques-de-presse\/22148\/overshoot-day-terre-et-luxembourg-echouent-a-atteindre-la-ligne-darrivee\/#breadcrumb","itemListElement":[{"@type":"ListItem","position":1,"name":"Home","item":"https:\/\/www.greenpeace.org\/luxembourg\/fr\/"},{"@type":"ListItem","position":2,"name":"Overshoot day : Terre et Luxembourg \u00e9chouent \u00e0 atteindre la ligne d\u2019arriv\u00e9e"}]},{"@type":"WebSite","@id":"https:\/\/www.greenpeace.org\/luxembourg\/fr\/#website","url":"https:\/\/www.greenpeace.org\/luxembourg\/fr\/","name":"Greenpeace Luxembourg","description":"Greenpeace existe parce que cette Terre fragile a besoin d&#039;une voix. Elle a besoin de solutions. De changement. D&#039;actions.","publisher":{"@id":"https:\/\/www.greenpeace.org\/luxembourg\/fr\/#organization"},"potentialAction":[{"@type":"SearchAction","target":{"@type":"EntryPoint","urlTemplate":"https:\/\/www.greenpeace.org\/luxembourg\/fr\/?s={search_term_string}"},"query-input":{"@type":"PropertyValueSpecification","valueRequired":true,"valueName":"search_term_string"}}],"inLanguage":"fr-LU"},{"@type":"Organization","@id":"https:\/\/www.greenpeace.org\/luxembourg\/fr\/#organization","name":"Greenpeace Luxembourg","url":"https:\/\/www.greenpeace.org\/luxembourg\/fr\/","logo":{"@type":"ImageObject","inLanguage":"fr-LU","@id":"https:\/\/www.greenpeace.org\/luxembourg\/fr\/#\/schema\/logo\/image\/","url":"https:\/\/www.greenpeace.org\/static\/planet4-luxembourg-stateless\/2026\/03\/3e367f94-greenpeace_logo_green_rgb.png","contentUrl":"https:\/\/www.greenpeace.org\/static\/planet4-luxembourg-stateless\/2026\/03\/3e367f94-greenpeace_logo_green_rgb.png","width":1080,"height":175,"caption":"Greenpeace Luxembourg"},"image":{"@id":"https:\/\/www.greenpeace.org\/luxembourg\/fr\/#\/schema\/logo\/image\/"},"sameAs":["https:\/\/www.facebook.com\/greenpeaceluxembourg","https:\/\/www.instagram.com\/greenpeacelux\/","https:\/\/www.linkedin.com\/company\/greenpeace-luxembourg\/","https:\/\/www.threads.com\/@greenpeacelux","https:\/\/bsky.app\/profile\/greenpeacelux.bsky.social","https:\/\/www.youtube.com\/@GreenpeaceLux","https:\/\/www.tiktok.com\/@greenpeace_lux"]},{"@type":"Person","@id":"https:\/\/www.greenpeace.org\/luxembourg\/fr\/#\/schema\/person\/3d0e81a859b59009fec36a8552ef76a7","name":"Esther Wildanger","url":"https:\/\/www.greenpeace.org\/luxembourg\/fr\/author\/ewildang\/"}]}},"_links":{"self":[{"href":"https:\/\/www.greenpeace.org\/luxembourg\/fr\/wp-json\/wp\/v2\/posts\/22148","targetHints":{"allow":["GET"]}}],"collection":[{"href":"https:\/\/www.greenpeace.org\/luxembourg\/fr\/wp-json\/wp\/v2\/posts"}],"about":[{"href":"https:\/\/www.greenpeace.org\/luxembourg\/fr\/wp-json\/wp\/v2\/types\/post"}],"author":[{"embeddable":true,"href":"https:\/\/www.greenpeace.org\/luxembourg\/fr\/wp-json\/wp\/v2\/users\/25"}],"replies":[{"embeddable":true,"href":"https:\/\/www.greenpeace.org\/luxembourg\/fr\/wp-json\/wp\/v2\/comments?post=22148"}],"version-history":[{"count":4,"href":"https:\/\/www.greenpeace.org\/luxembourg\/fr\/wp-json\/wp\/v2\/posts\/22148\/revisions"}],"predecessor-version":[{"id":22176,"href":"https:\/\/www.greenpeace.org\/luxembourg\/fr\/wp-json\/wp\/v2\/posts\/22148\/revisions\/22176"}],"wp:featuredmedia":[{"embeddable":true,"href":"https:\/\/www.greenpeace.org\/luxembourg\/fr\/wp-json\/wp\/v2\/media\/22166"}],"wp:attachment":[{"href":"https:\/\/www.greenpeace.org\/luxembourg\/fr\/wp-json\/wp\/v2\/media?parent=22148"}],"wp:term":[{"taxonomy":"category","embeddable":true,"href":"https:\/\/www.greenpeace.org\/luxembourg\/fr\/wp-json\/wp\/v2\/categories?post=22148"},{"taxonomy":"post_tag","embeddable":true,"href":"https:\/\/www.greenpeace.org\/luxembourg\/fr\/wp-json\/wp\/v2\/tags?post=22148"},{"taxonomy":"p4-page-type","embeddable":true,"href":"https:\/\/www.greenpeace.org\/luxembourg\/fr\/wp-json\/wp\/v2\/p4-page-type?post=22148"}],"curies":[{"name":"wp","href":"https:\/\/api.w.org\/{rel}","templated":true}]}}