{"id":22496,"date":"2024-09-24T08:00:00","date_gmt":"2024-09-24T06:00:00","guid":{"rendered":"https:\/\/www.greenpeace.org\/luxembourg\/?p=22496"},"modified":"2026-03-12T15:42:05","modified_gmt":"2026-03-12T13:42:05","slug":"xavier-turquin-un-nouveau-directeur-de-greenpeace-luxembourg","status":"publish","type":"post","link":"https:\/\/www.greenpeace.org\/luxembourg\/fr\/communiques-de-presse\/22496\/xavier-turquin-un-nouveau-directeur-de-greenpeace-luxembourg\/","title":{"rendered":"Xavier Turquin, un nouveau directeur de Greenpeace Luxembourg"},"content":{"rendered":"\n<p><strong><em>Luxembourg, 24 septembre <\/em><\/strong><strong>&#8211; <\/strong><strong>\u00c0 compter du 16 septembre 2024, Xavier Turquin devient directeur de Greenpeace Luxembourg en remplacement de Raymond Aendekerk. L\u2019homme de 48 ans sera ainsi responsable de la gestion et de l&#8217;administration du bureau luxembourgeois en lien \u00e9troit avec Greenpeace France.&nbsp;<\/strong><\/p>\n\n<p>Dipl\u00f4m\u00e9 en finances et syst\u00e8mes d&#8217;information, le nouveau directeur a pass\u00e9 la majeure partie de sa carri\u00e8re professionnelle dans le secteur bancaire et dans des cabinets d&#8217;audit en tant que chef de programme et gestionnaire de projet. Ce n\u2019est qu\u2019apr\u00e8s un burn-out pendant la crise du covid que ce p\u00e8re de quatre enfants r\u00e9alise que sa vie professionnelle ne correspondait plus \u00e0 ses valeurs. Il d\u00e9cide de prendre un virage \u00e0 180 degr\u00e9s et cr\u00e9e ainsi sa propre soci\u00e9t\u00e9 d\u2019impact soci\u00e9tal pour sensibiliser les entreprises \u00e0 un mod\u00e8le \u00e9conomique plus responsable et durable. Si le monde du business lui avait appris la concurrence et la lutte pour la survie, il est aujourd&#8217;hui convaincu qu&#8217;\u00ab <em>on peut vivre mieux avec moins<\/em> \u00bb.<\/p>\n\n<p>Pour Xavier Turquin, la mission de Greenpeace Luxembourg est claire : \u00ab <em>faire prendre conscience de l\u2019importance&nbsp; de l\u2019\u00e9cologie dans le syst\u00e8me luxembourgeois, un petit pays \u00e0 l\u2019\u00e9conomie forte, et faire basculer notre soci\u00e9t\u00e9 vers un monde plus s\u00fbr et juste. Tout comme les lois de la physique, l\u2019\u00e9cologie n\u2019est pas un \u00e9l\u00e9ment n\u00e9gociable ou qu\u2019on peut ignorer <\/em>\u00bb. Il souhaite valoriser un PIB bien-\u00eatre et s\u2019affranchir de la comp\u00e9tition entre les pays du monde. \u00ab <em>Les grands d\u00e9fis du bureau luxembourgeois vont \u00eatre de se faire entendre, de ne pas se disperser et de concentrer les forces disponibles pour \u00eatre le plus efficace possible.<\/em> \u00bb&nbsp;<\/p>\n\n<p>Le nouveau directeur fait aussi r\u00e9f\u00e9rence \u00e0 l\u2019importance de l\u2019ind\u00e9pendance de Greenpeace vis-\u00e0-vis de toute forme de pouvoir. <em>\u00ab Nous continuerons de d\u00e9fendre notre int\u00e9grit\u00e9 en tant qu\u2019organisation<\/em>, <em>en restant libres des influences et pressions que nous pouvons subir. Et la force de r\u00e9sister, elle vient de nos \u00e9quipes, de nos b\u00e9n\u00e9voles et de nos donateurs et donatrices. L\u2019argent doit cesser d\u2019\u00eatre un tabou : c\u2019est un moyen, un simple outil, qui doit nous aider \u00e0 \u0153uvrer pour un monde meilleur.<\/em> \u00bb<\/p>\n\n<p>Sous sa direction, l\u2019organisation environnementale va continuer \u00e0 agir au niveau politique pour que la place financi\u00e8re luxembourgeoise prenne enfin ses responsabilit\u00e9s dans la crise climatique. Elle va ainsi se concentrer sur la protection et la restauration de la nature face aux investissements qui d\u00e9truisent notre biodiversit\u00e9, mais aussi poursuivre la d\u00e9nonciation des dangers de l\u2019\u00e9nergie nucl\u00e9aire dans un monde d\u00e9mesur\u00e9ment \u00e9nergivore.\u200b\u200b<br><br>Jean-Fran\u00e7ois Julliard, directeur de Greenpeace France, \u00e0 laquelle la branche luxembourgeoise est rattach\u00e9e, se r\u00e9jouit de l&#8217;arriv\u00e9e de Xavier Turquin : \u00ab <em>Sa connaissance de la soci\u00e9t\u00e9 civile au Luxembourg, de l&#8217;impact de la place financi\u00e8re luxembourgeoise sur le climat et les \u00e9cosyst\u00e8mes naturels, seront des atouts pour poursuivre les missions de notre organisation. Au nom de Greenpeace, je lui souhaite beaucoup de succ\u00e8s dans ses nouvelles fonctions.<\/em> \u00bb<\/p>\n","protected":false},"excerpt":{"rendered":"<p>\u00c0 compter du 16 septembre 2024, Xavier Turquin devient directeur de Greenpeace Luxembourg en remplacement de Raymond Aendekerk. L\u2019homme de 48 ans sera ainsi responsable de\u2026<\/p>\n","protected":false},"author":25,"featured_media":22497,"comment_status":"closed","ping_status":"closed","sticky":false,"template":"","format":"standard","meta":{"ep_exclude_from_search":false,"p4_og_title":"Xavier Turquin, un nouveau directeur de Greenpeace Luxembourg","p4_og_description":"Xavier Turquin prend la direction de Greenpeace Luxembourg en septembre 2024. Portrait d'un homme d\u00e9termin\u00e9 \u00e0 d\u00e9fendre la plan\u00e8te.","p4_og_image":"","p4_og_image_id":"","p4_seo_canonical_url":"","p4_campaign_name":"","p4_local_project":"","p4_basket_name":"","p4_department":"","footnotes":""},"categories":[17],"tags":[32,33],"p4-page-type":[83],"class_list":["post-22496","post","type-post","status-publish","format-standard","has-post-thumbnail","hentry","category-greenpeace","tag-luxembourg","tag-greenpeace-fr","p4-page-type-communiques-de-presse"],"yoast_head":"<!-- This site is optimized with the Yoast SEO Premium plugin v23.9 (Yoast SEO v23.9) - https:\/\/yoast.com\/wordpress\/plugins\/seo\/ -->\n<title>Xavier Turquin, un nouveau directeur de Greenpeace Luxembourg<\/title>\n<meta name=\"description\" content=\"Xavier Turquin prend la direction de Greenpeace Luxembourg en septembre 2024. Portrait d&#039;un homme d\u00e9termin\u00e9 \u00e0 d\u00e9fendre la plan\u00e8te.\" \/>\n<meta name=\"robots\" content=\"index, follow, max-snippet:-1, max-image-preview:large, max-video-preview:-1\" \/>\n<link rel=\"canonical\" href=\"https:\/\/www.greenpeace.org\/luxembourg\/fr\/communiques-de-presse\/22496\/xavier-turquin-un-nouveau-directeur-de-greenpeace-luxembourg\/\" \/>\n<meta property=\"og:locale\" content=\"fr_FR\" \/>\n<meta property=\"og:type\" content=\"article\" \/>\n<meta property=\"og:title\" content=\"Xavier Turquin, un nouveau directeur de Greenpeace Luxembourg\" \/>\n<meta property=\"og:description\" content=\"Xavier Turquin prend la direction de Greenpeace Luxembourg en septembre 2024. Portrait d&#039;un homme d\u00e9termin\u00e9 \u00e0 d\u00e9fendre la plan\u00e8te.\" \/>\n<meta property=\"og:url\" content=\"https:\/\/www.greenpeace.org\/luxembourg\/fr\/communiques-de-presse\/22496\/xavier-turquin-un-nouveau-directeur-de-greenpeace-luxembourg\/\" \/>\n<meta property=\"og:site_name\" content=\"Greenpeace Luxembourg\" \/>\n<meta property=\"article:publisher\" content=\"https:\/\/www.facebook.com\/greenpeaceluxembourg\" \/>\n<meta property=\"article:published_time\" content=\"2024-09-24T06:00:00+00:00\" \/>\n<meta property=\"article:modified_time\" content=\"2026-03-12T13:42:05+00:00\" \/>\n<meta property=\"og:image\" content=\"https:\/\/www.greenpeace.org\/static\/planet4-luxembourg-stateless\/2024\/09\/1ac0783d-screenshot-2024-09-23-at-14.34.44.png\" \/>\n\t<meta property=\"og:image:width\" content=\"428\" \/>\n\t<meta property=\"og:image:height\" content=\"309\" \/>\n\t<meta property=\"og:image:type\" content=\"image\/png\" \/>\n<meta name=\"author\" content=\"Esther Wildanger\" \/>\n<meta name=\"twitter:card\" content=\"summary_large_image\" \/>\n<meta name=\"twitter:label1\" content=\"Written by\" \/>\n\t<meta name=\"twitter:data1\" content=\"Esther Wildanger\" \/>\n\t<meta name=\"twitter:label2\" content=\"Est. reading time\" \/>\n\t<meta name=\"twitter:data2\" content=\"3 minutes\" \/>\n<script type=\"application\/ld+json\" class=\"yoast-schema-graph\">{\"@context\":\"https:\/\/schema.org\",\"@graph\":[{\"@type\":\"Article\",\"@id\":\"https:\/\/www.greenpeace.org\/luxembourg\/fr\/communiques-de-presse\/22496\/xavier-turquin-un-nouveau-directeur-de-greenpeace-luxembourg\/#article\",\"isPartOf\":{\"@id\":\"https:\/\/www.greenpeace.org\/luxembourg\/fr\/communiques-de-presse\/22496\/xavier-turquin-un-nouveau-directeur-de-greenpeace-luxembourg\/\"},\"author\":{\"name\":\"Esther Wildanger\",\"@id\":\"https:\/\/www.greenpeace.org\/luxembourg\/fr\/#\/schema\/person\/3d0e81a859b59009fec36a8552ef76a7\"},\"headline\":\"Xavier Turquin, un nouveau directeur de Greenpeace Luxembourg\",\"datePublished\":\"2024-09-24T06:00:00+00:00\",\"dateModified\":\"2026-03-12T13:42:05+00:00\",\"mainEntityOfPage\":{\"@id\":\"https:\/\/www.greenpeace.org\/luxembourg\/fr\/communiques-de-presse\/22496\/xavier-turquin-un-nouveau-directeur-de-greenpeace-luxembourg\/\"},\"wordCount\":538,\"publisher\":{\"@id\":\"https:\/\/www.greenpeace.org\/luxembourg\/fr\/#organization\"},\"image\":{\"@id\":\"https:\/\/www.greenpeace.org\/luxembourg\/fr\/communiques-de-presse\/22496\/xavier-turquin-un-nouveau-directeur-de-greenpeace-luxembourg\/#primaryimage\"},\"thumbnailUrl\":\"https:\/\/www.greenpeace.org\/static\/planet4-luxembourg-stateless\/2024\/09\/1ac0783d-screenshot-2024-09-23-at-14.34.44.png\",\"keywords\":[\"Luxembourg\",\"Greenpeace\"],\"articleSection\":[\"Greenpeace\"],\"inLanguage\":\"fr-LU\"},{\"@type\":\"WebPage\",\"@id\":\"https:\/\/www.greenpeace.org\/luxembourg\/fr\/communiques-de-presse\/22496\/xavier-turquin-un-nouveau-directeur-de-greenpeace-luxembourg\/\",\"url\":\"https:\/\/www.greenpeace.org\/luxembourg\/fr\/communiques-de-presse\/22496\/xavier-turquin-un-nouveau-directeur-de-greenpeace-luxembourg\/\",\"name\":\"Xavier Turquin, un nouveau directeur de Greenpeace Luxembourg\",\"isPartOf\":{\"@id\":\"https:\/\/www.greenpeace.org\/luxembourg\/fr\/#website\"},\"primaryImageOfPage\":{\"@id\":\"https:\/\/www.greenpeace.org\/luxembourg\/fr\/communiques-de-presse\/22496\/xavier-turquin-un-nouveau-directeur-de-greenpeace-luxembourg\/#primaryimage\"},\"image\":{\"@id\":\"https:\/\/www.greenpeace.org\/luxembourg\/fr\/communiques-de-presse\/22496\/xavier-turquin-un-nouveau-directeur-de-greenpeace-luxembourg\/#primaryimage\"},\"thumbnailUrl\":\"https:\/\/www.greenpeace.org\/static\/planet4-luxembourg-stateless\/2024\/09\/1ac0783d-screenshot-2024-09-23-at-14.34.44.png\",\"datePublished\":\"2024-09-24T06:00:00+00:00\",\"dateModified\":\"2026-03-12T13:42:05+00:00\",\"description\":\"Xavier Turquin prend la direction de Greenpeace Luxembourg en septembre 2024. Portrait d'un homme d\u00e9termin\u00e9 \u00e0 d\u00e9fendre la plan\u00e8te.\",\"breadcrumb\":{\"@id\":\"https:\/\/www.greenpeace.org\/luxembourg\/fr\/communiques-de-presse\/22496\/xavier-turquin-un-nouveau-directeur-de-greenpeace-luxembourg\/#breadcrumb\"},\"inLanguage\":\"fr-LU\",\"potentialAction\":[{\"@type\":\"ReadAction\",\"target\":[\"https:\/\/www.greenpeace.org\/luxembourg\/fr\/communiques-de-presse\/22496\/xavier-turquin-un-nouveau-directeur-de-greenpeace-luxembourg\/\"]}]},{\"@type\":\"ImageObject\",\"inLanguage\":\"fr-LU\",\"@id\":\"https:\/\/www.greenpeace.org\/luxembourg\/fr\/communiques-de-presse\/22496\/xavier-turquin-un-nouveau-directeur-de-greenpeace-luxembourg\/#primaryimage\",\"url\":\"https:\/\/www.greenpeace.org\/static\/planet4-luxembourg-stateless\/2024\/09\/1ac0783d-screenshot-2024-09-23-at-14.34.44.png\",\"contentUrl\":\"https:\/\/www.greenpeace.org\/static\/planet4-luxembourg-stateless\/2024\/09\/1ac0783d-screenshot-2024-09-23-at-14.34.44.png\",\"width\":428,\"height\":309},{\"@type\":\"BreadcrumbList\",\"@id\":\"https:\/\/www.greenpeace.org\/luxembourg\/fr\/communiques-de-presse\/22496\/xavier-turquin-un-nouveau-directeur-de-greenpeace-luxembourg\/#breadcrumb\",\"itemListElement\":[{\"@type\":\"ListItem\",\"position\":1,\"name\":\"Home\",\"item\":\"https:\/\/www.greenpeace.org\/luxembourg\/fr\/\"},{\"@type\":\"ListItem\",\"position\":2,\"name\":\"Xavier Turquin, un nouveau directeur de Greenpeace Luxembourg\"}]},{\"@type\":\"WebSite\",\"@id\":\"https:\/\/www.greenpeace.org\/luxembourg\/fr\/#website\",\"url\":\"https:\/\/www.greenpeace.org\/luxembourg\/fr\/\",\"name\":\"Greenpeace Luxembourg\",\"description\":\"Greenpeace existe parce que cette Terre fragile a besoin d&#039;une voix. Elle a besoin de solutions. De changement. D&#039;actions.\",\"publisher\":{\"@id\":\"https:\/\/www.greenpeace.org\/luxembourg\/fr\/#organization\"},\"potentialAction\":[{\"@type\":\"SearchAction\",\"target\":{\"@type\":\"EntryPoint\",\"urlTemplate\":\"https:\/\/www.greenpeace.org\/luxembourg\/fr\/?s={search_term_string}\"},\"query-input\":{\"@type\":\"PropertyValueSpecification\",\"valueRequired\":true,\"valueName\":\"search_term_string\"}}],\"inLanguage\":\"fr-LU\"},{\"@type\":\"Organization\",\"@id\":\"https:\/\/www.greenpeace.org\/luxembourg\/fr\/#organization\",\"name\":\"Greenpeace Luxembourg\",\"url\":\"https:\/\/www.greenpeace.org\/luxembourg\/fr\/\",\"logo\":{\"@type\":\"ImageObject\",\"inLanguage\":\"fr-LU\",\"@id\":\"https:\/\/www.greenpeace.org\/luxembourg\/fr\/#\/schema\/logo\/image\/\",\"url\":\"https:\/\/www.greenpeace.org\/static\/planet4-luxembourg-stateless\/2026\/03\/3e367f94-greenpeace_logo_green_rgb.png\",\"contentUrl\":\"https:\/\/www.greenpeace.org\/static\/planet4-luxembourg-stateless\/2026\/03\/3e367f94-greenpeace_logo_green_rgb.png\",\"width\":1080,\"height\":175,\"caption\":\"Greenpeace Luxembourg\"},\"image\":{\"@id\":\"https:\/\/www.greenpeace.org\/luxembourg\/fr\/#\/schema\/logo\/image\/\"},\"sameAs\":[\"https:\/\/www.facebook.com\/greenpeaceluxembourg\",\"https:\/\/www.instagram.com\/greenpeacelux\/\",\"https:\/\/www.linkedin.com\/company\/greenpeace-luxembourg\/\",\"https:\/\/www.threads.com\/@greenpeacelux\",\"https:\/\/bsky.app\/profile\/greenpeacelux.bsky.social\",\"https:\/\/www.youtube.com\/@GreenpeaceLux\",\"https:\/\/www.tiktok.com\/@greenpeace_lux\"]},{\"@type\":\"Person\",\"@id\":\"https:\/\/www.greenpeace.org\/luxembourg\/fr\/#\/schema\/person\/3d0e81a859b59009fec36a8552ef76a7\",\"name\":\"Esther Wildanger\",\"url\":\"https:\/\/www.greenpeace.org\/luxembourg\/fr\/author\/ewildang\/\"}]}<\/script>\n<!-- \/ Yoast SEO Premium plugin. -->","yoast_head_json":{"title":"Xavier Turquin, un nouveau directeur de Greenpeace Luxembourg","description":"Xavier Turquin prend la direction de Greenpeace Luxembourg en septembre 2024. Portrait d'un homme d\u00e9termin\u00e9 \u00e0 d\u00e9fendre la plan\u00e8te.","robots":{"index":"index","follow":"follow","max-snippet":"max-snippet:-1","max-image-preview":"max-image-preview:large","max-video-preview":"max-video-preview:-1"},"canonical":"https:\/\/www.greenpeace.org\/luxembourg\/fr\/communiques-de-presse\/22496\/xavier-turquin-un-nouveau-directeur-de-greenpeace-luxembourg\/","og_locale":"fr_FR","og_type":"article","og_title":"Xavier Turquin, un nouveau directeur de Greenpeace Luxembourg","og_description":"Xavier Turquin prend la direction de Greenpeace Luxembourg en septembre 2024. Portrait d'un homme d\u00e9termin\u00e9 \u00e0 d\u00e9fendre la plan\u00e8te.","og_url":"https:\/\/www.greenpeace.org\/luxembourg\/fr\/communiques-de-presse\/22496\/xavier-turquin-un-nouveau-directeur-de-greenpeace-luxembourg\/","og_site_name":"Greenpeace Luxembourg","article_publisher":"https:\/\/www.facebook.com\/greenpeaceluxembourg","article_published_time":"2024-09-24T06:00:00+00:00","article_modified_time":"2026-03-12T13:42:05+00:00","og_image":[{"width":428,"height":309,"url":"https:\/\/www.greenpeace.org\/static\/planet4-luxembourg-stateless\/2024\/09\/1ac0783d-screenshot-2024-09-23-at-14.34.44.png","type":"image\/png"}],"author":"Esther Wildanger","twitter_card":"summary_large_image","twitter_misc":{"Written by":"Esther Wildanger","Est. reading time":"3 minutes"},"schema":{"@context":"https:\/\/schema.org","@graph":[{"@type":"Article","@id":"https:\/\/www.greenpeace.org\/luxembourg\/fr\/communiques-de-presse\/22496\/xavier-turquin-un-nouveau-directeur-de-greenpeace-luxembourg\/#article","isPartOf":{"@id":"https:\/\/www.greenpeace.org\/luxembourg\/fr\/communiques-de-presse\/22496\/xavier-turquin-un-nouveau-directeur-de-greenpeace-luxembourg\/"},"author":{"name":"Esther Wildanger","@id":"https:\/\/www.greenpeace.org\/luxembourg\/fr\/#\/schema\/person\/3d0e81a859b59009fec36a8552ef76a7"},"headline":"Xavier Turquin, un nouveau directeur de Greenpeace Luxembourg","datePublished":"2024-09-24T06:00:00+00:00","dateModified":"2026-03-12T13:42:05+00:00","mainEntityOfPage":{"@id":"https:\/\/www.greenpeace.org\/luxembourg\/fr\/communiques-de-presse\/22496\/xavier-turquin-un-nouveau-directeur-de-greenpeace-luxembourg\/"},"wordCount":538,"publisher":{"@id":"https:\/\/www.greenpeace.org\/luxembourg\/fr\/#organization"},"image":{"@id":"https:\/\/www.greenpeace.org\/luxembourg\/fr\/communiques-de-presse\/22496\/xavier-turquin-un-nouveau-directeur-de-greenpeace-luxembourg\/#primaryimage"},"thumbnailUrl":"https:\/\/www.greenpeace.org\/static\/planet4-luxembourg-stateless\/2024\/09\/1ac0783d-screenshot-2024-09-23-at-14.34.44.png","keywords":["Luxembourg","Greenpeace"],"articleSection":["Greenpeace"],"inLanguage":"fr-LU"},{"@type":"WebPage","@id":"https:\/\/www.greenpeace.org\/luxembourg\/fr\/communiques-de-presse\/22496\/xavier-turquin-un-nouveau-directeur-de-greenpeace-luxembourg\/","url":"https:\/\/www.greenpeace.org\/luxembourg\/fr\/communiques-de-presse\/22496\/xavier-turquin-un-nouveau-directeur-de-greenpeace-luxembourg\/","name":"Xavier Turquin, un nouveau directeur de Greenpeace Luxembourg","isPartOf":{"@id":"https:\/\/www.greenpeace.org\/luxembourg\/fr\/#website"},"primaryImageOfPage":{"@id":"https:\/\/www.greenpeace.org\/luxembourg\/fr\/communiques-de-presse\/22496\/xavier-turquin-un-nouveau-directeur-de-greenpeace-luxembourg\/#primaryimage"},"image":{"@id":"https:\/\/www.greenpeace.org\/luxembourg\/fr\/communiques-de-presse\/22496\/xavier-turquin-un-nouveau-directeur-de-greenpeace-luxembourg\/#primaryimage"},"thumbnailUrl":"https:\/\/www.greenpeace.org\/static\/planet4-luxembourg-stateless\/2024\/09\/1ac0783d-screenshot-2024-09-23-at-14.34.44.png","datePublished":"2024-09-24T06:00:00+00:00","dateModified":"2026-03-12T13:42:05+00:00","description":"Xavier Turquin prend la direction de Greenpeace Luxembourg en septembre 2024. Portrait d'un homme d\u00e9termin\u00e9 \u00e0 d\u00e9fendre la plan\u00e8te.","breadcrumb":{"@id":"https:\/\/www.greenpeace.org\/luxembourg\/fr\/communiques-de-presse\/22496\/xavier-turquin-un-nouveau-directeur-de-greenpeace-luxembourg\/#breadcrumb"},"inLanguage":"fr-LU","potentialAction":[{"@type":"ReadAction","target":["https:\/\/www.greenpeace.org\/luxembourg\/fr\/communiques-de-presse\/22496\/xavier-turquin-un-nouveau-directeur-de-greenpeace-luxembourg\/"]}]},{"@type":"ImageObject","inLanguage":"fr-LU","@id":"https:\/\/www.greenpeace.org\/luxembourg\/fr\/communiques-de-presse\/22496\/xavier-turquin-un-nouveau-directeur-de-greenpeace-luxembourg\/#primaryimage","url":"https:\/\/www.greenpeace.org\/static\/planet4-luxembourg-stateless\/2024\/09\/1ac0783d-screenshot-2024-09-23-at-14.34.44.png","contentUrl":"https:\/\/www.greenpeace.org\/static\/planet4-luxembourg-stateless\/2024\/09\/1ac0783d-screenshot-2024-09-23-at-14.34.44.png","width":428,"height":309},{"@type":"BreadcrumbList","@id":"https:\/\/www.greenpeace.org\/luxembourg\/fr\/communiques-de-presse\/22496\/xavier-turquin-un-nouveau-directeur-de-greenpeace-luxembourg\/#breadcrumb","itemListElement":[{"@type":"ListItem","position":1,"name":"Home","item":"https:\/\/www.greenpeace.org\/luxembourg\/fr\/"},{"@type":"ListItem","position":2,"name":"Xavier Turquin, un nouveau directeur de Greenpeace Luxembourg"}]},{"@type":"WebSite","@id":"https:\/\/www.greenpeace.org\/luxembourg\/fr\/#website","url":"https:\/\/www.greenpeace.org\/luxembourg\/fr\/","name":"Greenpeace Luxembourg","description":"Greenpeace existe parce que cette Terre fragile a besoin d&#039;une voix. Elle a besoin de solutions. De changement. D&#039;actions.","publisher":{"@id":"https:\/\/www.greenpeace.org\/luxembourg\/fr\/#organization"},"potentialAction":[{"@type":"SearchAction","target":{"@type":"EntryPoint","urlTemplate":"https:\/\/www.greenpeace.org\/luxembourg\/fr\/?s={search_term_string}"},"query-input":{"@type":"PropertyValueSpecification","valueRequired":true,"valueName":"search_term_string"}}],"inLanguage":"fr-LU"},{"@type":"Organization","@id":"https:\/\/www.greenpeace.org\/luxembourg\/fr\/#organization","name":"Greenpeace Luxembourg","url":"https:\/\/www.greenpeace.org\/luxembourg\/fr\/","logo":{"@type":"ImageObject","inLanguage":"fr-LU","@id":"https:\/\/www.greenpeace.org\/luxembourg\/fr\/#\/schema\/logo\/image\/","url":"https:\/\/www.greenpeace.org\/static\/planet4-luxembourg-stateless\/2026\/03\/3e367f94-greenpeace_logo_green_rgb.png","contentUrl":"https:\/\/www.greenpeace.org\/static\/planet4-luxembourg-stateless\/2026\/03\/3e367f94-greenpeace_logo_green_rgb.png","width":1080,"height":175,"caption":"Greenpeace Luxembourg"},"image":{"@id":"https:\/\/www.greenpeace.org\/luxembourg\/fr\/#\/schema\/logo\/image\/"},"sameAs":["https:\/\/www.facebook.com\/greenpeaceluxembourg","https:\/\/www.instagram.com\/greenpeacelux\/","https:\/\/www.linkedin.com\/company\/greenpeace-luxembourg\/","https:\/\/www.threads.com\/@greenpeacelux","https:\/\/bsky.app\/profile\/greenpeacelux.bsky.social","https:\/\/www.youtube.com\/@GreenpeaceLux","https:\/\/www.tiktok.com\/@greenpeace_lux"]},{"@type":"Person","@id":"https:\/\/www.greenpeace.org\/luxembourg\/fr\/#\/schema\/person\/3d0e81a859b59009fec36a8552ef76a7","name":"Esther Wildanger","url":"https:\/\/www.greenpeace.org\/luxembourg\/fr\/author\/ewildang\/"}]}},"_links":{"self":[{"href":"https:\/\/www.greenpeace.org\/luxembourg\/fr\/wp-json\/wp\/v2\/posts\/22496","targetHints":{"allow":["GET"]}}],"collection":[{"href":"https:\/\/www.greenpeace.org\/luxembourg\/fr\/wp-json\/wp\/v2\/posts"}],"about":[{"href":"https:\/\/www.greenpeace.org\/luxembourg\/fr\/wp-json\/wp\/v2\/types\/post"}],"author":[{"embeddable":true,"href":"https:\/\/www.greenpeace.org\/luxembourg\/fr\/wp-json\/wp\/v2\/users\/25"}],"replies":[{"embeddable":true,"href":"https:\/\/www.greenpeace.org\/luxembourg\/fr\/wp-json\/wp\/v2\/comments?post=22496"}],"version-history":[{"count":2,"href":"https:\/\/www.greenpeace.org\/luxembourg\/fr\/wp-json\/wp\/v2\/posts\/22496\/revisions"}],"predecessor-version":[{"id":27495,"href":"https:\/\/www.greenpeace.org\/luxembourg\/fr\/wp-json\/wp\/v2\/posts\/22496\/revisions\/27495"}],"wp:featuredmedia":[{"embeddable":true,"href":"https:\/\/www.greenpeace.org\/luxembourg\/fr\/wp-json\/wp\/v2\/media\/22497"}],"wp:attachment":[{"href":"https:\/\/www.greenpeace.org\/luxembourg\/fr\/wp-json\/wp\/v2\/media?parent=22496"}],"wp:term":[{"taxonomy":"category","embeddable":true,"href":"https:\/\/www.greenpeace.org\/luxembourg\/fr\/wp-json\/wp\/v2\/categories?post=22496"},{"taxonomy":"post_tag","embeddable":true,"href":"https:\/\/www.greenpeace.org\/luxembourg\/fr\/wp-json\/wp\/v2\/tags?post=22496"},{"taxonomy":"p4-page-type","embeddable":true,"href":"https:\/\/www.greenpeace.org\/luxembourg\/fr\/wp-json\/wp\/v2\/p4-page-type?post=22496"}],"curies":[{"name":"wp","href":"https:\/\/api.w.org\/{rel}","templated":true}]}}