{"id":22579,"date":"2024-10-03T09:22:30","date_gmt":"2024-10-03T07:22:30","guid":{"rendered":"https:\/\/www.greenpeace.org\/luxembourg\/?p=22579"},"modified":"2024-10-03T09:22:33","modified_gmt":"2024-10-03T07:22:33","slug":"un-nouveau-rapport-de-greenpeace-confirme-le-dereglement-climatique-augmente-le-risque-nucleaire","status":"publish","type":"post","link":"https:\/\/www.greenpeace.org\/luxembourg\/fr\/communiques-de-presse\/22579\/un-nouveau-rapport-de-greenpeace-confirme-le-dereglement-climatique-augmente-le-risque-nucleaire\/","title":{"rendered":"Un nouveau rapport de Greenpeace confirme : Le d\u00e9r\u00e8glement climatique augmente le risque nucl\u00e9aire"},"content":{"rendered":"\n<p>Luxembourg, 3 octobre 2024 &#8211; <strong>Un nouveau <\/strong><a href=\"https:\/\/www.greenpeace.org\/static\/planet4-luxembourg-stateless\/2024\/10\/4e1ad2cd-rapport-greenpeace-vulnerabilite-gravelines-octobre-2024.pdf\" target=\"_blank\" rel=\"noreferrer noopener\"><strong>rapport<\/strong><\/a><strong> de Greenpeace France d\u00e9voile la vuln\u00e9rabilit\u00e9 du nucl\u00e9aire face \u00e0 la mont\u00e9e des eaux. Ce rapport identifie notamment la zone de Gravelines pour le risque de submersion, dans le nord de la France, o\u00f9 EDF ambitionne de construire deux nouveaux r\u00e9acteurs nucl\u00e9aires (EPR2) [1]. Greenpeace France et Greenpeace Luxembourg d\u00e9noncent <\/strong><a href=\"https:\/\/www.greenpeace.org\/static\/planet4-luxembourg-stateless\/2024\/10\/d1bd405d-zones-du-delta-de-laa.png\" target=\"_blank\" rel=\"noreferrer noopener\"><strong>ce projet<\/strong><\/a><strong> qui va \u00e0 l&#8217;encontre de toute logique scientifique.<\/strong><\/p>\n\n<p>Au regard de l&#8217;aggravation du d\u00e9r\u00e8glement climatique et un r\u00e9chauffement plan\u00e9taire en constante augmentation, les \u00e9v\u00e9nements climatiques extr\u00eames pourraient entra\u00eener des submersions et des inondations de plus en plus intenses et une vuln\u00e9rabilit\u00e9 croissante des centrales nucl\u00e9aires face \u00e0 ces risques. Le territoire de Gravelines, par exemple, un terrain ass\u00e9ch\u00e9 artificiellement, est d\u00e9j\u00e0 en quasi-totalit\u00e9 situ\u00e9 sous le niveau de la mer aux plus hautes mar\u00e9es et expos\u00e9 aux risques d&#8217;inondations, notamment par submersion marine [2].<\/p>\n\n<p>En cas de situation extr\u00eame, l&#8217;objectif vital pour une centrale est de garantir l&#8217;\u00e9vacuation de l&#8217;\u00e9lectricit\u00e9 produite et le refroidissement des r\u00e9acteurs nucl\u00e9aires pour \u00e9viter une fusion des c\u0153urs et le d\u00e9gagement de mati\u00e8res radioactives dans l&#8217;atmosph\u00e8re et l&#8217;eau. Mais combien de temps la s\u00fbret\u00e9 d\u2019une centrale, comme celle de Gravelines, peut-elle \u00eatre assur\u00e9e si les pr\u00e9visions scientifiques se confirment ? Qu&#8217;en est-il d&#8217;une conjonction d&#8217;\u00e9v\u00e9nements m\u00e9t\u00e9orologiques extr\u00eames dans une r\u00e9gion d\u00e9j\u00e0 soumise au risque d&#8217;inondation important, lui-m\u00eame aggrav\u00e9 par le d\u00e9r\u00e8glement climatique ? Autant de questions sans r\u00e9ponses dans les documents d&#8217;EDF.<\/p>\n\n<p>Greenpeace d\u00e9nonce une mauvaise gestion du risque li\u00e9 au d\u00e9r\u00e8glement climatique puisque EDF ne garantirait, selon son dossier des ma\u00eetres d&#8217;ouvrage, la s\u00fbret\u00e9 de ses r\u00e9acteurs que jusqu&#8217;en 2070, tout en basant ses calculs sur des r\u00e9f\u00e9rentiels ne refl\u00e9tant pas les sc\u00e9narios climatiques les plus impactants.<br><br>Pour Roger Spautz, charg\u00e9 de la campagne nucl\u00e9aire \u00e0 Greenpeace France et Luxembourg : \u00ab <em>Le nucl\u00e9aire n&#8217;est pas la solution pour lutter contre le changement climatique. Il est urgent de mettre en place des mesures d&#8217;efficacit\u00e9 \u00e9nerg\u00e9tique, de miser sur la sobri\u00e9t\u00e9 \u00e9nerg\u00e9tique et d&#8217;investir dans les \u00e9nergies renouvelables<\/em> \u00bb.<\/p>\n\n<p>Avec ce rapport, Greenpeace demande l&#8217;application du principe de pr\u00e9caution et le renoncement \u00e0 la construction de nouveaux r\u00e9acteurs dans des zones de plus en plus sujettes aux inondations et aux submersions.<\/p>\n\n<hr class=\"wp-block-separator has-alpha-channel-opacity is-style-wide\"\/>\n\n<p class=\"has-small-font-size\"><strong>Notes<\/strong><\/p>\n\n<p class=\"has-small-font-size\">[1] Pour illustrer la mont\u00e9e des eaux sur le territoire de Gravelines et selon diff\u00e9rents sc\u00e9narios du GIEC, Greenpeace a r\u00e9alis\u00e9 des <a href=\"https:\/\/www.greenpeace.org\/static\/planet4-luxembourg-stateless\/2024\/10\/aaff093f-la-centrale-de-gravelines-et-son-exposition-au-risque-de-submersion.png\" target=\"_blank\" rel=\"noreferrer noopener\">cartographies<\/a> de projection de l&#8217;\u00e9volution des zones expos\u00e9es au risque de submersion marine sur ce territoire. Les cartes montrent qu&#8217;en 2100, l&#8217;ensemble du site de la centrale de Gravelines pourrait se retrouver temporairement sous le niveau de la mer.<\/p>\n\n<p class=\"has-small-font-size\">[2] De fait, la centrale actuelle de Gravelines qui accueille d\u00e9j\u00e0 six r\u00e9acteurs (REP), faisant d&#8217;elle la plus importante d&#8217;Europe, est d\u00e9j\u00e0 vuln\u00e9rable \u00e0 la mont\u00e9e des eaux. Elle est ceintur\u00e9e d&#8217;ouvrages de protection pour \u00eatre isol\u00e9e en ile, ce qui pose d\u00e9j\u00e0 de s\u00e9rieuses questions sur la capacit\u00e9 \u00e0 maintenir la s\u00fbret\u00e9 nucl\u00e9aire lors d&#8217;\u00e9pisodes climatiques extr\u00eames.<\/p>\n","protected":false},"excerpt":{"rendered":"<p>Un nouveau rapport de Greenpeace France d\u00e9voile la vuln\u00e9rabilit\u00e9 du nucl\u00e9aire face \u00e0 la mont\u00e9e des eaux. Ce rapport identifie notamment la zone de Gravelines\u2026<\/p>\n","protected":false},"author":25,"featured_media":22580,"comment_status":"closed","ping_status":"closed","sticky":false,"template":"","format":"standard","meta":{"ep_exclude_from_search":false,"p4_og_title":"","p4_og_description":"","p4_og_image":"","p4_og_image_id":"","p4_seo_canonical_url":"","p4_campaign_name":"","p4_local_project":"","p4_basket_name":"","p4_department":"","footnotes":""},"categories":[42],"tags":[30],"p4-page-type":[83],"class_list":["post-22579","post","type-post","status-publish","format-standard","has-post-thumbnail","hentry","category-energie","tag-nucleaire","p4-page-type-communiques-de-presse"],"yoast_head":"<!-- This site is optimized with the Yoast SEO Premium plugin v23.9 (Yoast SEO v23.9) - https:\/\/yoast.com\/wordpress\/plugins\/seo\/ -->\n<title>Un nouveau rapport de Greenpeace confirme : Le d\u00e9r\u00e8glement climatique augmente le risque nucl\u00e9aire - Greenpeace Luxembourg<\/title>\n<meta name=\"robots\" content=\"index, follow, max-snippet:-1, max-image-preview:large, max-video-preview:-1\" \/>\n<link rel=\"canonical\" href=\"https:\/\/www.greenpeace.org\/luxembourg\/fr\/communiques-de-presse\/22579\/un-nouveau-rapport-de-greenpeace-confirme-le-dereglement-climatique-augmente-le-risque-nucleaire\/\" \/>\n<meta property=\"og:locale\" content=\"fr_FR\" \/>\n<meta property=\"og:type\" content=\"article\" \/>\n<meta property=\"og:title\" content=\"Un nouveau rapport de Greenpeace confirme : Le d\u00e9r\u00e8glement climatique augmente le risque nucl\u00e9aire\" \/>\n<meta property=\"og:description\" content=\"Un nouveau rapport de Greenpeace France d\u00e9voile la vuln\u00e9rabilit\u00e9 du nucl\u00e9aire face \u00e0 la mont\u00e9e des eaux. Ce rapport identifie notamment la zone de Gravelines\u2026\" \/>\n<meta property=\"og:url\" content=\"https:\/\/www.greenpeace.org\/luxembourg\/fr\/communiques-de-presse\/22579\/un-nouveau-rapport-de-greenpeace-confirme-le-dereglement-climatique-augmente-le-risque-nucleaire\/\" \/>\n<meta property=\"og:site_name\" content=\"Greenpeace Luxembourg\" \/>\n<meta property=\"article:publisher\" content=\"https:\/\/www.facebook.com\/greenpeaceluxembourg\" \/>\n<meta property=\"article:published_time\" content=\"2024-10-03T07:22:30+00:00\" \/>\n<meta property=\"article:modified_time\" content=\"2024-10-03T07:22:33+00:00\" \/>\n<meta property=\"og:image\" content=\"https:\/\/www.greenpeace.org\/static\/planet4-luxembourg-stateless\/2024\/10\/1d518910-gp02cm7_medium-res-1200px.jpg\" \/>\n\t<meta property=\"og:image:width\" content=\"1199\" \/>\n\t<meta property=\"og:image:height\" content=\"798\" \/>\n\t<meta property=\"og:image:type\" content=\"image\/jpeg\" \/>\n<meta name=\"author\" content=\"Esther Wildanger\" \/>\n<meta name=\"twitter:card\" content=\"summary_large_image\" \/>\n<meta name=\"twitter:label1\" content=\"Written by\" \/>\n\t<meta name=\"twitter:data1\" content=\"Esther Wildanger\" \/>\n\t<meta name=\"twitter:label2\" content=\"Est. reading time\" \/>\n\t<meta name=\"twitter:data2\" content=\"3 minutes\" \/>\n<script type=\"application\/ld+json\" class=\"yoast-schema-graph\">{\"@context\":\"https:\/\/schema.org\",\"@graph\":[{\"@type\":\"Article\",\"@id\":\"https:\/\/www.greenpeace.org\/luxembourg\/fr\/communiques-de-presse\/22579\/un-nouveau-rapport-de-greenpeace-confirme-le-dereglement-climatique-augmente-le-risque-nucleaire\/#article\",\"isPartOf\":{\"@id\":\"https:\/\/www.greenpeace.org\/luxembourg\/fr\/communiques-de-presse\/22579\/un-nouveau-rapport-de-greenpeace-confirme-le-dereglement-climatique-augmente-le-risque-nucleaire\/\"},\"author\":{\"name\":\"Esther Wildanger\",\"@id\":\"https:\/\/www.greenpeace.org\/luxembourg\/fr\/#\/schema\/person\/3d0e81a859b59009fec36a8552ef76a7\"},\"headline\":\"Un nouveau rapport de Greenpeace confirme : Le d\u00e9r\u00e8glement climatique augmente le risque nucl\u00e9aire\",\"datePublished\":\"2024-10-03T07:22:30+00:00\",\"dateModified\":\"2024-10-03T07:22:33+00:00\",\"mainEntityOfPage\":{\"@id\":\"https:\/\/www.greenpeace.org\/luxembourg\/fr\/communiques-de-presse\/22579\/un-nouveau-rapport-de-greenpeace-confirme-le-dereglement-climatique-augmente-le-risque-nucleaire\/\"},\"wordCount\":582,\"publisher\":{\"@id\":\"https:\/\/www.greenpeace.org\/luxembourg\/fr\/#organization\"},\"image\":{\"@id\":\"https:\/\/www.greenpeace.org\/luxembourg\/fr\/communiques-de-presse\/22579\/un-nouveau-rapport-de-greenpeace-confirme-le-dereglement-climatique-augmente-le-risque-nucleaire\/#primaryimage\"},\"thumbnailUrl\":\"https:\/\/www.greenpeace.org\/static\/planet4-luxembourg-stateless\/2024\/10\/1d518910-gp02cm7_medium-res-1200px.jpg\",\"keywords\":[\"Nucl\u00e9aire\"],\"articleSection\":[\"\u00c9nergie\"],\"inLanguage\":\"fr-LU\"},{\"@type\":\"WebPage\",\"@id\":\"https:\/\/www.greenpeace.org\/luxembourg\/fr\/communiques-de-presse\/22579\/un-nouveau-rapport-de-greenpeace-confirme-le-dereglement-climatique-augmente-le-risque-nucleaire\/\",\"url\":\"https:\/\/www.greenpeace.org\/luxembourg\/fr\/communiques-de-presse\/22579\/un-nouveau-rapport-de-greenpeace-confirme-le-dereglement-climatique-augmente-le-risque-nucleaire\/\",\"name\":\"Un nouveau rapport de Greenpeace confirme : Le d\u00e9r\u00e8glement climatique augmente le risque nucl\u00e9aire - Greenpeace Luxembourg\",\"isPartOf\":{\"@id\":\"https:\/\/www.greenpeace.org\/luxembourg\/fr\/#website\"},\"primaryImageOfPage\":{\"@id\":\"https:\/\/www.greenpeace.org\/luxembourg\/fr\/communiques-de-presse\/22579\/un-nouveau-rapport-de-greenpeace-confirme-le-dereglement-climatique-augmente-le-risque-nucleaire\/#primaryimage\"},\"image\":{\"@id\":\"https:\/\/www.greenpeace.org\/luxembourg\/fr\/communiques-de-presse\/22579\/un-nouveau-rapport-de-greenpeace-confirme-le-dereglement-climatique-augmente-le-risque-nucleaire\/#primaryimage\"},\"thumbnailUrl\":\"https:\/\/www.greenpeace.org\/static\/planet4-luxembourg-stateless\/2024\/10\/1d518910-gp02cm7_medium-res-1200px.jpg\",\"datePublished\":\"2024-10-03T07:22:30+00:00\",\"dateModified\":\"2024-10-03T07:22:33+00:00\",\"breadcrumb\":{\"@id\":\"https:\/\/www.greenpeace.org\/luxembourg\/fr\/communiques-de-presse\/22579\/un-nouveau-rapport-de-greenpeace-confirme-le-dereglement-climatique-augmente-le-risque-nucleaire\/#breadcrumb\"},\"inLanguage\":\"fr-LU\",\"potentialAction\":[{\"@type\":\"ReadAction\",\"target\":[\"https:\/\/www.greenpeace.org\/luxembourg\/fr\/communiques-de-presse\/22579\/un-nouveau-rapport-de-greenpeace-confirme-le-dereglement-climatique-augmente-le-risque-nucleaire\/\"]}]},{\"@type\":\"ImageObject\",\"inLanguage\":\"fr-LU\",\"@id\":\"https:\/\/www.greenpeace.org\/luxembourg\/fr\/communiques-de-presse\/22579\/un-nouveau-rapport-de-greenpeace-confirme-le-dereglement-climatique-augmente-le-risque-nucleaire\/#primaryimage\",\"url\":\"https:\/\/www.greenpeace.org\/static\/planet4-luxembourg-stateless\/2024\/10\/1d518910-gp02cm7_medium-res-1200px.jpg\",\"contentUrl\":\"https:\/\/www.greenpeace.org\/static\/planet4-luxembourg-stateless\/2024\/10\/1d518910-gp02cm7_medium-res-1200px.jpg\",\"width\":1199,\"height\":798,\"caption\":\"One month after the earthquake, tsunami and nuclear disasters hit Japan, destroying lives and causing mass evacuations, Greenpeace activists project the anti-nuclear message \\\"Danger\\\" onto the Trillo Nuclear Power Plant. This and other actions at other operating Spanish nuclear power plants are carried out to demand an end to the nuclear age.\"},{\"@type\":\"BreadcrumbList\",\"@id\":\"https:\/\/www.greenpeace.org\/luxembourg\/fr\/communiques-de-presse\/22579\/un-nouveau-rapport-de-greenpeace-confirme-le-dereglement-climatique-augmente-le-risque-nucleaire\/#breadcrumb\",\"itemListElement\":[{\"@type\":\"ListItem\",\"position\":1,\"name\":\"Home\",\"item\":\"https:\/\/www.greenpeace.org\/luxembourg\/fr\/\"},{\"@type\":\"ListItem\",\"position\":2,\"name\":\"Un nouveau rapport de Greenpeace confirme : Le d\u00e9r\u00e8glement climatique augmente le risque nucl\u00e9aire\"}]},{\"@type\":\"WebSite\",\"@id\":\"https:\/\/www.greenpeace.org\/luxembourg\/fr\/#website\",\"url\":\"https:\/\/www.greenpeace.org\/luxembourg\/fr\/\",\"name\":\"Greenpeace Luxembourg\",\"description\":\"Greenpeace existe parce que cette Terre fragile a besoin d&#039;une voix. Elle a besoin de solutions. De changement. D&#039;actions.\",\"publisher\":{\"@id\":\"https:\/\/www.greenpeace.org\/luxembourg\/fr\/#organization\"},\"potentialAction\":[{\"@type\":\"SearchAction\",\"target\":{\"@type\":\"EntryPoint\",\"urlTemplate\":\"https:\/\/www.greenpeace.org\/luxembourg\/fr\/?s={search_term_string}\"},\"query-input\":{\"@type\":\"PropertyValueSpecification\",\"valueRequired\":true,\"valueName\":\"search_term_string\"}}],\"inLanguage\":\"fr-LU\"},{\"@type\":\"Organization\",\"@id\":\"https:\/\/www.greenpeace.org\/luxembourg\/fr\/#organization\",\"name\":\"Greenpeace Luxembourg\",\"url\":\"https:\/\/www.greenpeace.org\/luxembourg\/fr\/\",\"logo\":{\"@type\":\"ImageObject\",\"inLanguage\":\"fr-LU\",\"@id\":\"https:\/\/www.greenpeace.org\/luxembourg\/fr\/#\/schema\/logo\/image\/\",\"url\":\"https:\/\/www.greenpeace.org\/static\/planet4-luxembourg-stateless\/2026\/03\/3e367f94-greenpeace_logo_green_rgb.png\",\"contentUrl\":\"https:\/\/www.greenpeace.org\/static\/planet4-luxembourg-stateless\/2026\/03\/3e367f94-greenpeace_logo_green_rgb.png\",\"width\":1080,\"height\":175,\"caption\":\"Greenpeace Luxembourg\"},\"image\":{\"@id\":\"https:\/\/www.greenpeace.org\/luxembourg\/fr\/#\/schema\/logo\/image\/\"},\"sameAs\":[\"https:\/\/www.facebook.com\/greenpeaceluxembourg\",\"https:\/\/www.instagram.com\/greenpeacelux\/\",\"https:\/\/www.linkedin.com\/company\/greenpeace-luxembourg\/\",\"https:\/\/www.threads.com\/@greenpeacelux\",\"https:\/\/bsky.app\/profile\/greenpeacelux.bsky.social\",\"https:\/\/www.youtube.com\/@GreenpeaceLux\",\"https:\/\/www.tiktok.com\/@greenpeace_lux\"]},{\"@type\":\"Person\",\"@id\":\"https:\/\/www.greenpeace.org\/luxembourg\/fr\/#\/schema\/person\/3d0e81a859b59009fec36a8552ef76a7\",\"name\":\"Esther Wildanger\",\"url\":\"https:\/\/www.greenpeace.org\/luxembourg\/fr\/author\/ewildang\/\"}]}<\/script>\n<!-- \/ Yoast SEO Premium plugin. -->","yoast_head_json":{"title":"Un nouveau rapport de Greenpeace confirme : Le d\u00e9r\u00e8glement climatique augmente le risque nucl\u00e9aire - Greenpeace Luxembourg","robots":{"index":"index","follow":"follow","max-snippet":"max-snippet:-1","max-image-preview":"max-image-preview:large","max-video-preview":"max-video-preview:-1"},"canonical":"https:\/\/www.greenpeace.org\/luxembourg\/fr\/communiques-de-presse\/22579\/un-nouveau-rapport-de-greenpeace-confirme-le-dereglement-climatique-augmente-le-risque-nucleaire\/","og_locale":"fr_FR","og_type":"article","og_title":"Un nouveau rapport de Greenpeace confirme : Le d\u00e9r\u00e8glement climatique augmente le risque nucl\u00e9aire","og_description":"Un nouveau rapport de Greenpeace France d\u00e9voile la vuln\u00e9rabilit\u00e9 du nucl\u00e9aire face \u00e0 la mont\u00e9e des eaux. Ce rapport identifie notamment la zone de Gravelines\u2026","og_url":"https:\/\/www.greenpeace.org\/luxembourg\/fr\/communiques-de-presse\/22579\/un-nouveau-rapport-de-greenpeace-confirme-le-dereglement-climatique-augmente-le-risque-nucleaire\/","og_site_name":"Greenpeace Luxembourg","article_publisher":"https:\/\/www.facebook.com\/greenpeaceluxembourg","article_published_time":"2024-10-03T07:22:30+00:00","article_modified_time":"2024-10-03T07:22:33+00:00","og_image":[{"width":1199,"height":798,"url":"https:\/\/www.greenpeace.org\/static\/planet4-luxembourg-stateless\/2024\/10\/1d518910-gp02cm7_medium-res-1200px.jpg","type":"image\/jpeg"}],"author":"Esther Wildanger","twitter_card":"summary_large_image","twitter_misc":{"Written by":"Esther Wildanger","Est. reading time":"3 minutes"},"schema":{"@context":"https:\/\/schema.org","@graph":[{"@type":"Article","@id":"https:\/\/www.greenpeace.org\/luxembourg\/fr\/communiques-de-presse\/22579\/un-nouveau-rapport-de-greenpeace-confirme-le-dereglement-climatique-augmente-le-risque-nucleaire\/#article","isPartOf":{"@id":"https:\/\/www.greenpeace.org\/luxembourg\/fr\/communiques-de-presse\/22579\/un-nouveau-rapport-de-greenpeace-confirme-le-dereglement-climatique-augmente-le-risque-nucleaire\/"},"author":{"name":"Esther Wildanger","@id":"https:\/\/www.greenpeace.org\/luxembourg\/fr\/#\/schema\/person\/3d0e81a859b59009fec36a8552ef76a7"},"headline":"Un nouveau rapport de Greenpeace confirme : Le d\u00e9r\u00e8glement climatique augmente le risque nucl\u00e9aire","datePublished":"2024-10-03T07:22:30+00:00","dateModified":"2024-10-03T07:22:33+00:00","mainEntityOfPage":{"@id":"https:\/\/www.greenpeace.org\/luxembourg\/fr\/communiques-de-presse\/22579\/un-nouveau-rapport-de-greenpeace-confirme-le-dereglement-climatique-augmente-le-risque-nucleaire\/"},"wordCount":582,"publisher":{"@id":"https:\/\/www.greenpeace.org\/luxembourg\/fr\/#organization"},"image":{"@id":"https:\/\/www.greenpeace.org\/luxembourg\/fr\/communiques-de-presse\/22579\/un-nouveau-rapport-de-greenpeace-confirme-le-dereglement-climatique-augmente-le-risque-nucleaire\/#primaryimage"},"thumbnailUrl":"https:\/\/www.greenpeace.org\/static\/planet4-luxembourg-stateless\/2024\/10\/1d518910-gp02cm7_medium-res-1200px.jpg","keywords":["Nucl\u00e9aire"],"articleSection":["\u00c9nergie"],"inLanguage":"fr-LU"},{"@type":"WebPage","@id":"https:\/\/www.greenpeace.org\/luxembourg\/fr\/communiques-de-presse\/22579\/un-nouveau-rapport-de-greenpeace-confirme-le-dereglement-climatique-augmente-le-risque-nucleaire\/","url":"https:\/\/www.greenpeace.org\/luxembourg\/fr\/communiques-de-presse\/22579\/un-nouveau-rapport-de-greenpeace-confirme-le-dereglement-climatique-augmente-le-risque-nucleaire\/","name":"Un nouveau rapport de Greenpeace confirme : Le d\u00e9r\u00e8glement climatique augmente le risque nucl\u00e9aire - Greenpeace Luxembourg","isPartOf":{"@id":"https:\/\/www.greenpeace.org\/luxembourg\/fr\/#website"},"primaryImageOfPage":{"@id":"https:\/\/www.greenpeace.org\/luxembourg\/fr\/communiques-de-presse\/22579\/un-nouveau-rapport-de-greenpeace-confirme-le-dereglement-climatique-augmente-le-risque-nucleaire\/#primaryimage"},"image":{"@id":"https:\/\/www.greenpeace.org\/luxembourg\/fr\/communiques-de-presse\/22579\/un-nouveau-rapport-de-greenpeace-confirme-le-dereglement-climatique-augmente-le-risque-nucleaire\/#primaryimage"},"thumbnailUrl":"https:\/\/www.greenpeace.org\/static\/planet4-luxembourg-stateless\/2024\/10\/1d518910-gp02cm7_medium-res-1200px.jpg","datePublished":"2024-10-03T07:22:30+00:00","dateModified":"2024-10-03T07:22:33+00:00","breadcrumb":{"@id":"https:\/\/www.greenpeace.org\/luxembourg\/fr\/communiques-de-presse\/22579\/un-nouveau-rapport-de-greenpeace-confirme-le-dereglement-climatique-augmente-le-risque-nucleaire\/#breadcrumb"},"inLanguage":"fr-LU","potentialAction":[{"@type":"ReadAction","target":["https:\/\/www.greenpeace.org\/luxembourg\/fr\/communiques-de-presse\/22579\/un-nouveau-rapport-de-greenpeace-confirme-le-dereglement-climatique-augmente-le-risque-nucleaire\/"]}]},{"@type":"ImageObject","inLanguage":"fr-LU","@id":"https:\/\/www.greenpeace.org\/luxembourg\/fr\/communiques-de-presse\/22579\/un-nouveau-rapport-de-greenpeace-confirme-le-dereglement-climatique-augmente-le-risque-nucleaire\/#primaryimage","url":"https:\/\/www.greenpeace.org\/static\/planet4-luxembourg-stateless\/2024\/10\/1d518910-gp02cm7_medium-res-1200px.jpg","contentUrl":"https:\/\/www.greenpeace.org\/static\/planet4-luxembourg-stateless\/2024\/10\/1d518910-gp02cm7_medium-res-1200px.jpg","width":1199,"height":798,"caption":"One month after the earthquake, tsunami and nuclear disasters hit Japan, destroying lives and causing mass evacuations, Greenpeace activists project the anti-nuclear message \"Danger\" onto the Trillo Nuclear Power Plant. This and other actions at other operating Spanish nuclear power plants are carried out to demand an end to the nuclear age."},{"@type":"BreadcrumbList","@id":"https:\/\/www.greenpeace.org\/luxembourg\/fr\/communiques-de-presse\/22579\/un-nouveau-rapport-de-greenpeace-confirme-le-dereglement-climatique-augmente-le-risque-nucleaire\/#breadcrumb","itemListElement":[{"@type":"ListItem","position":1,"name":"Home","item":"https:\/\/www.greenpeace.org\/luxembourg\/fr\/"},{"@type":"ListItem","position":2,"name":"Un nouveau rapport de Greenpeace confirme : Le d\u00e9r\u00e8glement climatique augmente le risque nucl\u00e9aire"}]},{"@type":"WebSite","@id":"https:\/\/www.greenpeace.org\/luxembourg\/fr\/#website","url":"https:\/\/www.greenpeace.org\/luxembourg\/fr\/","name":"Greenpeace Luxembourg","description":"Greenpeace existe parce que cette Terre fragile a besoin d&#039;une voix. Elle a besoin de solutions. De changement. D&#039;actions.","publisher":{"@id":"https:\/\/www.greenpeace.org\/luxembourg\/fr\/#organization"},"potentialAction":[{"@type":"SearchAction","target":{"@type":"EntryPoint","urlTemplate":"https:\/\/www.greenpeace.org\/luxembourg\/fr\/?s={search_term_string}"},"query-input":{"@type":"PropertyValueSpecification","valueRequired":true,"valueName":"search_term_string"}}],"inLanguage":"fr-LU"},{"@type":"Organization","@id":"https:\/\/www.greenpeace.org\/luxembourg\/fr\/#organization","name":"Greenpeace Luxembourg","url":"https:\/\/www.greenpeace.org\/luxembourg\/fr\/","logo":{"@type":"ImageObject","inLanguage":"fr-LU","@id":"https:\/\/www.greenpeace.org\/luxembourg\/fr\/#\/schema\/logo\/image\/","url":"https:\/\/www.greenpeace.org\/static\/planet4-luxembourg-stateless\/2026\/03\/3e367f94-greenpeace_logo_green_rgb.png","contentUrl":"https:\/\/www.greenpeace.org\/static\/planet4-luxembourg-stateless\/2026\/03\/3e367f94-greenpeace_logo_green_rgb.png","width":1080,"height":175,"caption":"Greenpeace Luxembourg"},"image":{"@id":"https:\/\/www.greenpeace.org\/luxembourg\/fr\/#\/schema\/logo\/image\/"},"sameAs":["https:\/\/www.facebook.com\/greenpeaceluxembourg","https:\/\/www.instagram.com\/greenpeacelux\/","https:\/\/www.linkedin.com\/company\/greenpeace-luxembourg\/","https:\/\/www.threads.com\/@greenpeacelux","https:\/\/bsky.app\/profile\/greenpeacelux.bsky.social","https:\/\/www.youtube.com\/@GreenpeaceLux","https:\/\/www.tiktok.com\/@greenpeace_lux"]},{"@type":"Person","@id":"https:\/\/www.greenpeace.org\/luxembourg\/fr\/#\/schema\/person\/3d0e81a859b59009fec36a8552ef76a7","name":"Esther Wildanger","url":"https:\/\/www.greenpeace.org\/luxembourg\/fr\/author\/ewildang\/"}]}},"_links":{"self":[{"href":"https:\/\/www.greenpeace.org\/luxembourg\/fr\/wp-json\/wp\/v2\/posts\/22579","targetHints":{"allow":["GET"]}}],"collection":[{"href":"https:\/\/www.greenpeace.org\/luxembourg\/fr\/wp-json\/wp\/v2\/posts"}],"about":[{"href":"https:\/\/www.greenpeace.org\/luxembourg\/fr\/wp-json\/wp\/v2\/types\/post"}],"author":[{"embeddable":true,"href":"https:\/\/www.greenpeace.org\/luxembourg\/fr\/wp-json\/wp\/v2\/users\/25"}],"replies":[{"embeddable":true,"href":"https:\/\/www.greenpeace.org\/luxembourg\/fr\/wp-json\/wp\/v2\/comments?post=22579"}],"version-history":[{"count":2,"href":"https:\/\/www.greenpeace.org\/luxembourg\/fr\/wp-json\/wp\/v2\/posts\/22579\/revisions"}],"predecessor-version":[{"id":22585,"href":"https:\/\/www.greenpeace.org\/luxembourg\/fr\/wp-json\/wp\/v2\/posts\/22579\/revisions\/22585"}],"wp:featuredmedia":[{"embeddable":true,"href":"https:\/\/www.greenpeace.org\/luxembourg\/fr\/wp-json\/wp\/v2\/media\/22580"}],"wp:attachment":[{"href":"https:\/\/www.greenpeace.org\/luxembourg\/fr\/wp-json\/wp\/v2\/media?parent=22579"}],"wp:term":[{"taxonomy":"category","embeddable":true,"href":"https:\/\/www.greenpeace.org\/luxembourg\/fr\/wp-json\/wp\/v2\/categories?post=22579"},{"taxonomy":"post_tag","embeddable":true,"href":"https:\/\/www.greenpeace.org\/luxembourg\/fr\/wp-json\/wp\/v2\/tags?post=22579"},{"taxonomy":"p4-page-type","embeddable":true,"href":"https:\/\/www.greenpeace.org\/luxembourg\/fr\/wp-json\/wp\/v2\/p4-page-type?post=22579"}],"curies":[{"name":"wp","href":"https:\/\/api.w.org\/{rel}","templated":true}]}}