{"id":22784,"date":"2024-10-16T08:00:48","date_gmt":"2024-10-16T06:00:48","guid":{"rendered":"https:\/\/www.greenpeace.org\/luxembourg\/?p=22784"},"modified":"2025-07-02T09:34:18","modified_gmt":"2025-07-02T07:34:18","slug":"5-demandes-pour-proteger-la-nature-lors-de-la-cop16-sur-la-biodiversite","status":"publish","type":"post","link":"https:\/\/www.greenpeace.org\/luxembourg\/fr\/actualites\/22784\/5-demandes-pour-proteger-la-nature-lors-de-la-cop16-sur-la-biodiversite\/","title":{"rendered":"5 demandes pour prot\u00e9ger la nature lors de la COP16 sur la biodiversit\u00e9"},"content":{"rendered":"\n<p>Beaucoup de travail attend les Nations unies \u00e0 l\u2019occasion de la prochaine COP16 sur la diversit\u00e9 biologique, qui se tiendra \u00e0 Cali, en Colombie, du 21 octobre au 1er novembre.<\/p>\n\n<p>Il s&#8217;agira du premier cycle de n\u00e9gociations internationales sur la biodiversit\u00e9 depuis que 196 gouvernements ont conclu en 2022 un accord historique en faveur d&#8217;un <a href=\"https:\/\/www.cbd.int\/gbf\">cadre<\/a> afin de stopper et d&#8217;inverser le d\u00e9clin de biodiversit\u00e9, \u00e0 l&#8217;origine d&#8217;extinctions massives.<br><br><strong>Voici les cinq demandes adress\u00e9es aux gouvernements par Greenpeace pour faire de cette seizi\u00e8me conf\u00e9rence des nations sur la biodiversit\u00e9 un succ\u00e8s :<\/strong><\/p>\n\n<h3 class=\"wp-block-heading\"><strong>1. Mobiliser 20 milliards de dollars US d&#8217;ici 2025 pour financer la protection de la biodiversit\u00e9 mondiale (<em>oui, les gouvernements des pays riches du Nord, c\u2019est \u00e0 vous que nous parlons<\/em>)<\/strong><\/h3>\n\n<p>En 2022, les gouvernements ont convenu de fournir au moins 20 milliards de dollars par an d&#8217;ici \u00e0 2025 pour financer la protection de la biodiversit\u00e9 \u00e0 l\u2019\u00e9chelle plan\u00e9taire, l&#8217;objectif imminent du cadre mondial pour la biodiversit\u00e9 et l\u2019occasion pour les pays signataires de transformer leurs promesses en actes.<br><br>Mais les \u00c9tats ne payent pas en d\u00e9pit de leurs engagements : un <a href=\"https:\/\/odi.org\/en\/publications\/a-fair-share-of-biodiversity-finance-apportioning-responsibility-for-the-20-billion-target-by-2025\/\">rapport<\/a> r\u00e9cent a montr\u00e9 que sur 28 pays, 23 ont vers\u00e9 moins de la moiti\u00e9 du montant promis, soit un gouffre de 11,6 milliards de dollars pour atteindre l&#8217;objectif de 2025.<br><br>L&#8217;accord de 2022, qui a fix\u00e9 l&#8217;objectif crucial de prot\u00e9ger au moins 30 % des terres et des mers de la plan\u00e8te d&#8217;ici \u00e0 2030, d\u00e9pend de la mise \u00e0 disposition de moyens financiers convenus pour cr\u00e9er ces zones prot\u00e9g\u00e9es.<br><br><a href=\"https:\/\/www.greenpeace.org\/static\/planet4-international-stateless\/2024\/10\/9a98f319-cop16-greenpeace-finance-brief.pdf\"><em>En savoir plus sur l\u2019urgence de d\u00e9bloquer 20 milliards de dollars am\u00e9ricains d&#8217;ici 2025 <\/em><\/a>(et la n\u00e9cessit\u00e9 d\u2019un acc\u00e8s direct au financement pour les peuples autochtones et les populations locales).<\/p>\n\n<h3 class=\"wp-block-heading\"><strong>2. Assurer l\u2019acc\u00e8s direct au financement pour les peuples autochtones et les populations locales<\/strong><\/h3>\n\n<figure class=\"wp-block-image size-large\"><img loading=\"lazy\" decoding=\"async\" width=\"1024\" height=\"683\" src=\"https:\/\/www.greenpeace.org\/static\/planet4-luxembourg-stateless\/2024\/10\/4cba7ba3-gp1t909h_medium-res-1200px-1024x683.jpg\" alt=\"\" class=\"wp-image-22785\" srcset=\"https:\/\/www.greenpeace.org\/static\/planet4-luxembourg-stateless\/2024\/10\/4cba7ba3-gp1t909h_medium-res-1200px-1024x683.jpg 1024w, https:\/\/www.greenpeace.org\/static\/planet4-luxembourg-stateless\/2024\/10\/4cba7ba3-gp1t909h_medium-res-1200px-300x200.jpg 300w, https:\/\/www.greenpeace.org\/static\/planet4-luxembourg-stateless\/2024\/10\/4cba7ba3-gp1t909h_medium-res-1200px-768x512.jpg 768w, https:\/\/www.greenpeace.org\/static\/planet4-luxembourg-stateless\/2024\/10\/4cba7ba3-gp1t909h_medium-res-1200px-510x340.jpg 510w, https:\/\/www.greenpeace.org\/static\/planet4-luxembourg-stateless\/2024\/10\/4cba7ba3-gp1t909h_medium-res-1200px.jpg 1200w\" sizes=\"auto, (max-width: 1024px) 100vw, 1024px\" \/><figcaption class=\"wp-element-caption\">Le 10 d\u00e9cembre 2022, des centaines d&#8217;organisations de la soci\u00e9t\u00e9 civile qu\u00e9b\u00e9coise et internationale, men\u00e9es par des d\u00e9l\u00e9gations autochtones, ont envoy\u00e9 un signal fort aux pays r\u00e9unis \u00e0 Montr\u00e9al dans le cadre de la COP15 pour n\u00e9gocier le Cadre mondial de la biodiversit\u00e9. \u00a9 Greenpeace \/ Toma Iczkovits<\/figcaption><\/figure>\n\n<p>Les peuples autochtones et les populations locales sont souvent les premiers remparts de protection de la biodiversit\u00e9. Pour r\u00e9ussir \u00e0 mettre en \u0153uvre le cadre mondial pour la biodiversit\u00e9, les gouvernements doivent convenir d&#8217;un financement ad\u00e9quat, en temps utile et qui soit directement accessible \u00e0 ces communaut\u00e9s, sans intervention des gouvernements nationaux ou r\u00e9gionaux. En outre, toute d\u00e9cision adopt\u00e9e lors de la COP16 doit garantir le respect de leurs droits, de leurs r\u00f4les et de leurs territoires, sur terre comme en mer.<\/p>\n\n<h3 class=\"wp-block-heading\"><strong>3. D\u00e9cider d\u2019un plan pour lier l\u2019action de pr\u00e9servation du climat \u00e0 celle de la biodiversit\u00e9<\/strong><\/h3>\n\n<p>Les scientifiques ont montr\u00e9 tr\u00e8s clairement que<a href=\"https:\/\/www.ipcc.ch\/site\/assets\/uploads\/2021\/07\/IPBES_IPCC_WR_12_2020.pdf\"> les crises du climat et de la biodiversit\u00e9 ne pouvaient \u00eatre abord\u00e9es s\u00e9par\u00e9ment<\/a>. La destruction des \u00e9cosyst\u00e8mes lib\u00e8re dans l\u2019atmosph\u00e8re le carbone qui y \u00e9tait stock\u00e9, \u00e0 mesure que le r\u00e9chauffement climatique s&#8217;aggrave, davantage de biodiversit\u00e9 est perdue \u00e0 cause de la chaleur, de la s\u00e9cheresse et des incendies.<\/p>\n\n<figure class=\"wp-block-image size-large\"><img loading=\"lazy\" decoding=\"async\" width=\"1024\" height=\"683\" src=\"https:\/\/www.greenpeace.org\/static\/planet4-luxembourg-stateless\/2024\/10\/3cd0aa95-gp0stq2uw-1024x683.jpeg\" alt=\"\" class=\"wp-image-22787\" srcset=\"https:\/\/www.greenpeace.org\/static\/planet4-luxembourg-stateless\/2024\/10\/3cd0aa95-gp0stq2uw-1024x683.jpeg 1024w, https:\/\/www.greenpeace.org\/static\/planet4-luxembourg-stateless\/2024\/10\/3cd0aa95-gp0stq2uw-300x200.jpeg 300w, https:\/\/www.greenpeace.org\/static\/planet4-luxembourg-stateless\/2024\/10\/3cd0aa95-gp0stq2uw-768x512.jpeg 768w, https:\/\/www.greenpeace.org\/static\/planet4-luxembourg-stateless\/2024\/10\/3cd0aa95-gp0stq2uw-510x340.jpeg 510w, https:\/\/www.greenpeace.org\/static\/planet4-luxembourg-stateless\/2024\/10\/3cd0aa95-gp0stq2uw.jpeg 1200w\" sizes=\"auto, (max-width: 1024px) 100vw, 1024px\" \/><figcaption class=\"wp-element-caption\">Zone foresti\u00e8re envahie par les feux de for\u00eat et les p\u00e2turages, dans l&#8217;\u00c9tat de Rond\u00f4nia, \u00e0 c\u00f4t\u00e9 de Porto Velho, au Br\u00e9sil. En ao\u00fbt 2016, Greenpeace a survol\u00e9 l&#8217;Amazonie pour rechercher et enregistrer les foyers d&#8217;incendie de for\u00eat. \u00a9 Rog\u00e9rio Assis \/ Greenpeace<\/figcaption><\/figure>\n\n<p>Mais alors que les gouvernements envoient en 2024 des d\u00e9l\u00e9gations \u00e0 la COP16 de l&#8217;ONU sur la biodiversit\u00e9 en octobre, puis \u00e0 la COP29 de l&#8217;ONU sur le climat en novembre, peu de gouvernements montrent l\u2019exemple en appr\u00e9hendant ces crises conjointement dans leurs plans d&#8217;action.\u00a0<br><br>Lors de la COP16 sur la biodiversit\u00e9, les gouvernements doivent appeler \u00e0 la protection des \u00e9cosyst\u00e8mes \u00e0 haute int\u00e9grit\u00e9 et \u00e0 forte densit\u00e9 de carbone : un programme de travail commun entre les conventions sur la biodiversit\u00e9 et sur le climat peut contribuer grandement \u00e0 faire avancer ce point.<br><br><a href=\"https:\/\/www.greenpeace.org\/static\/planet4-international-stateless\/2024\/10\/65cb2f2a-cop16-greenpeace-synergy-briefing.pdf\"><em>En d\u00e9couvrir plus sur la n\u00e9cessit\u00e9 d\u2019un travail liant les programmes des deux COP sur la biodiversit\u00e9 et le climat<\/em><\/a>.<\/p>\n\n<h3 class=\"wp-block-heading\"><strong>4. Promouvoir une hausse de l&#8217;ambition et de la mise en \u0153uvre des contributions nationales au cadre mondial de la biodiversit\u00e9<\/strong><\/h3>\n\n<p>Le cadre mondial de la biodiversit\u00e9 de Kunming-Montr\u00e9al, adopt\u00e9 lors de la pr\u00e9c\u00e9dente COP15 des Nations unies sur la biodiversit\u00e9 &#8211; \u00e9galement appel\u00e9 \u00ab <em>plan pour la biodiversit\u00e9<\/em> \u00bb &#8211; est un accord historique qui a le potentiel r\u00e9el d&#8217;arr\u00eater et d&#8217;inverser le d\u00e9clin de la biodiversit\u00e9.<br><br>Mais les paroles ne valent que ce que valent les actes.<\/p>\n\n<figure class=\"wp-block-image size-large\"><img loading=\"lazy\" decoding=\"async\" width=\"1024\" height=\"683\" src=\"https:\/\/www.greenpeace.org\/static\/planet4-luxembourg-stateless\/2024\/10\/af8ae5e8-gp1t909c_medium-res-1200px-1024x683.jpg\" alt=\"\" class=\"wp-image-22789\" srcset=\"https:\/\/www.greenpeace.org\/static\/planet4-luxembourg-stateless\/2024\/10\/af8ae5e8-gp1t909c_medium-res-1200px-1024x683.jpg 1024w, https:\/\/www.greenpeace.org\/static\/planet4-luxembourg-stateless\/2024\/10\/af8ae5e8-gp1t909c_medium-res-1200px-300x200.jpg 300w, https:\/\/www.greenpeace.org\/static\/planet4-luxembourg-stateless\/2024\/10\/af8ae5e8-gp1t909c_medium-res-1200px-768x512.jpg 768w, https:\/\/www.greenpeace.org\/static\/planet4-luxembourg-stateless\/2024\/10\/af8ae5e8-gp1t909c_medium-res-1200px-510x340.jpg 510w, https:\/\/www.greenpeace.org\/static\/planet4-luxembourg-stateless\/2024\/10\/af8ae5e8-gp1t909c_medium-res-1200px.jpg 1200w\" sizes=\"auto, (max-width: 1024px) 100vw, 1024px\" \/><figcaption class=\"wp-element-caption\">On December 10th, hundreds of Quebec and international civil society organizations led by Indigenous delegations sent a powerful signal to countries that are currently gathered in Montreal for COP15 to negotiate the next Global Biodiversity Framework. This key international agreement will shape global efforts to preserve ecosystems for the next decade. At the forefront of these demands was protecting human rights, including protecting Indigenous peoples and reversing biodiversity loss.<\/figcaption><\/figure>\n\n<p>En acceptant l&#8217;accord, les gouvernements ont \u00e9galement accept\u00e9 de soumettre, avant la COP16, des plans nationaux actualis\u00e9s ou r\u00e9vis\u00e9s de protection de la biodiversit\u00e9, \u00e9galement connus sous le nom de strat\u00e9gies et plans d&#8217;action nationaux en mati\u00e8re de biodiversit\u00e9 (SPANB).<br><br>Greenpeace surveille de pr\u00e8s les promesses des gouvernements et la tenue de celles-ci.<br><br><a href=\"https:\/\/www.greenpeace.org\/international\/story\/69885\/un-biodiversity-cop-2024-which-governments-are-fulfilling-their-pledges-to-protect-nature\/\"><em>Vous pouvez \u00e9galement suivre l&#8217;\u00e9volution de la situation en consultant notre outil de suivi des SPANB par pays, en collaboration avec la WWF.<\/em><\/a><\/p>\n\n<h3 class=\"wp-block-heading\"><strong>5. Trouver un accord sur l\u2019amendement du r\u00e9seau des zones marines d&#8217;importance \u00e9cologique ou biologique<\/strong><\/h3>\n\n<p>Plus de la moiti\u00e9 de la plan\u00e8te est constitu\u00e9e d&#8217;oc\u00e9ans. Et une grande partie de la biodiversit\u00e9 est constitu\u00e9e par la faune marine. C\u2019est donc sans surprise qu\u2019il existe des liens \u00e9troits entre les progr\u00e8s r\u00e9alis\u00e9s lors de la 16e conf\u00e9rence des Nations unies sur la biodiversit\u00e9 et le <a href=\"https:\/\/www.greenpeace.org\/international\/story\/60272\/how-we-got-global-ocean-treaty-what-comes-next\/?_gl=1*eqsl6u*_up*MQ..*_ga*MzcyNDA1NTY1LjE3Mjc4MTA1NDE.*_ga_94MRTN8HG4*MTcyNzgxMDU0MS4xLjAuMTcyNzgxMDUxNy4wLjAuMTY0Mzk1ODgxMg..*_ga_0CCB1GTVV6*MTcyNzgxMDU0MC4xLjEuMTcyNzgxMDUxNy4wLjAuMA..*_ga_KZ4DFKDXBM*MTcyNzgxMDU0MC4xLjEuMTcyNzgxMDUxNy4wLjAuMA..*_ga_99CSX66YC1*MTcyNzgxMDU0MC4xLjEuMTcyNzgxMDUxNy4wLjAuMA..\">trait\u00e9 international pour la protection des oc\u00e9ans<\/a>.<br><br>Lors de la COP16, les gouvernements doivent se mettre d&#8217;accord sur une proposition leur permettant de modifier, d&#8217;ajouter ou de supprimer des \u00ab<em> zones marines d&#8217;importance \u00e9cologique ou biologique<\/em> \u00bb. Ce point est essentiel pour la cr\u00e9ation de zones marines prot\u00e9g\u00e9es et d&#8217;autres zones de protection dans les oc\u00e9ans.<\/p>\n\n<figure class=\"wp-block-image size-large\"><img loading=\"lazy\" decoding=\"async\" width=\"1024\" height=\"683\" src=\"https:\/\/www.greenpeace.org\/static\/planet4-luxembourg-stateless\/2024\/10\/7177c015-gp04lca-1024x683.jpeg\" alt=\"\" class=\"wp-image-22791\" srcset=\"https:\/\/www.greenpeace.org\/static\/planet4-luxembourg-stateless\/2024\/10\/7177c015-gp04lca-1024x683.jpeg 1024w, https:\/\/www.greenpeace.org\/static\/planet4-luxembourg-stateless\/2024\/10\/7177c015-gp04lca-300x200.jpeg 300w, https:\/\/www.greenpeace.org\/static\/planet4-luxembourg-stateless\/2024\/10\/7177c015-gp04lca-768x512.jpeg 768w, https:\/\/www.greenpeace.org\/static\/planet4-luxembourg-stateless\/2024\/10\/7177c015-gp04lca-510x340.jpeg 510w, https:\/\/www.greenpeace.org\/static\/planet4-luxembourg-stateless\/2024\/10\/7177c015-gp04lca.jpeg 1200w\" sizes=\"auto, (max-width: 1024px) 100vw, 1024px\" \/><figcaption class=\"wp-element-caption\">R\u00e9cif corallien \u00e0 Raja Ampat, Papouasie, Indon\u00e9sie. Greenpeace a document\u00e9 l&#8217;un des environnements les plus riches en biodiversit\u00e9 &#8211; et les plus menac\u00e9s &#8211; du monde pour appeler \u00e0 la protection des oc\u00e9ans et des for\u00eats du pays. \u00a9 Paul Hilton \/ Greenpeace<\/figcaption><\/figure>\n\n<p>Alors que le trait\u00e9 international pour la protection des oc\u00e9ans est en cours de ratification, la COP16 sera l&#8217;occasion de le pr\u00e9senter et d&#8217;inciter davantage de pays \u00e0 le ratifier.<br><br><a href=\"https:\/\/www.greenpeace.org\/static\/planet4-international-stateless\/2024\/10\/a16cf435-cop16-greenpeace-oceans-brief.pdf\"><em>En savoir plus sur les th\u00e8mes cl\u00e9s au sujet des oc\u00e9ans lors de la COP16<\/em>.<br><br><\/a>La COP16 des Nations unies sur la biodiversit\u00e9 sera un moment d\u00e9cisif pour la protection de la nature. Il est temps d&#8217;agir.<\/p>\n","protected":false},"excerpt":{"rendered":"<p>Beaucoup de travail attend les Nations unies \u00e0 l\u2019occasion de la prochaine COP16 sur la diversit\u00e9 biologique, qui se tiendra \u00e0 Cali, en Colombie, du 21 octobre au 1er novembre.<\/p>\n","protected":false},"author":25,"featured_media":22749,"comment_status":"closed","ping_status":"closed","sticky":false,"template":"","format":"standard","meta":{"ep_exclude_from_search":false,"p4_og_title":"","p4_og_description":"","p4_og_image":"","p4_og_image_id":"","p4_seo_canonical_url":"","p4_campaign_name":"","p4_local_project":"","p4_basket_name":"","p4_department":"","footnotes":""},"categories":[43],"tags":[29,38],"p4-page-type":[85],"class_list":["post-22784","post","type-post","status-publish","format-standard","has-post-thumbnail","hentry","category-nature","tag-oceans","tag-biodiversite","p4-page-type-actualites"],"yoast_head":"<!-- This site is optimized with the Yoast SEO Premium plugin v23.9 (Yoast SEO v23.9) - https:\/\/yoast.com\/wordpress\/plugins\/seo\/ -->\n<title>5 demandes pour prot\u00e9ger la nature lors de la COP16 sur la biodiversit\u00e9 - Greenpeace Luxembourg<\/title>\n<meta name=\"robots\" content=\"index, follow, max-snippet:-1, max-image-preview:large, max-video-preview:-1\" \/>\n<link rel=\"canonical\" href=\"https:\/\/www.greenpeace.org\/luxembourg\/fr\/actualites\/22784\/5-demandes-pour-proteger-la-nature-lors-de-la-cop16-sur-la-biodiversite\/\" \/>\n<meta property=\"og:locale\" content=\"fr_FR\" \/>\n<meta property=\"og:type\" content=\"article\" \/>\n<meta property=\"og:title\" content=\"5 demandes pour prot\u00e9ger la nature lors de la COP16 sur la biodiversit\u00e9\" \/>\n<meta property=\"og:description\" content=\"Beaucoup de travail attend les Nations unies \u00e0 l\u2019occasion de la prochaine COP16 sur la diversit\u00e9 biologique, qui se tiendra \u00e0 Cali, en Colombie, du 21 octobre au 1er novembre.\" \/>\n<meta property=\"og:url\" content=\"https:\/\/www.greenpeace.org\/luxembourg\/fr\/actualites\/22784\/5-demandes-pour-proteger-la-nature-lors-de-la-cop16-sur-la-biodiversite\/\" \/>\n<meta property=\"og:site_name\" content=\"Greenpeace Luxembourg\" \/>\n<meta property=\"article:publisher\" content=\"https:\/\/www.facebook.com\/greenpeaceluxembourg\" \/>\n<meta property=\"article:published_time\" content=\"2024-10-16T06:00:48+00:00\" \/>\n<meta property=\"article:modified_time\" content=\"2025-07-02T07:34:18+00:00\" \/>\n<meta property=\"og:image\" content=\"https:\/\/www.greenpeace.org\/static\/planet4-luxembourg-stateless\/2024\/10\/415af8a6-gp1t8r3r-1.webp\" \/>\n\t<meta property=\"og:image:width\" content=\"1200\" \/>\n\t<meta property=\"og:image:height\" content=\"800\" \/>\n\t<meta property=\"og:image:type\" content=\"image\/webp\" \/>\n<meta name=\"author\" content=\"Esther Wildanger\" \/>\n<meta name=\"twitter:card\" content=\"summary_large_image\" \/>\n<meta name=\"twitter:label1\" content=\"Written by\" \/>\n\t<meta name=\"twitter:data1\" content=\"Esther Wildanger\" \/>\n\t<meta name=\"twitter:label2\" content=\"Est. reading time\" \/>\n\t<meta name=\"twitter:data2\" content=\"6 minutes\" \/>\n<script type=\"application\/ld+json\" class=\"yoast-schema-graph\">{\"@context\":\"https:\/\/schema.org\",\"@graph\":[{\"@type\":\"Article\",\"@id\":\"https:\/\/www.greenpeace.org\/luxembourg\/fr\/actualites\/22784\/5-demandes-pour-proteger-la-nature-lors-de-la-cop16-sur-la-biodiversite\/#article\",\"isPartOf\":{\"@id\":\"https:\/\/www.greenpeace.org\/luxembourg\/fr\/actualites\/22784\/5-demandes-pour-proteger-la-nature-lors-de-la-cop16-sur-la-biodiversite\/\"},\"author\":{\"name\":\"Esther Wildanger\",\"@id\":\"https:\/\/www.greenpeace.org\/luxembourg\/fr\/#\/schema\/person\/3d0e81a859b59009fec36a8552ef76a7\"},\"headline\":\"5 demandes pour prot\u00e9ger la nature lors de la COP16 sur la biodiversit\u00e9\",\"datePublished\":\"2024-10-16T06:00:48+00:00\",\"dateModified\":\"2025-07-02T07:34:18+00:00\",\"mainEntityOfPage\":{\"@id\":\"https:\/\/www.greenpeace.org\/luxembourg\/fr\/actualites\/22784\/5-demandes-pour-proteger-la-nature-lors-de-la-cop16-sur-la-biodiversite\/\"},\"wordCount\":1216,\"publisher\":{\"@id\":\"https:\/\/www.greenpeace.org\/luxembourg\/fr\/#organization\"},\"image\":{\"@id\":\"https:\/\/www.greenpeace.org\/luxembourg\/fr\/actualites\/22784\/5-demandes-pour-proteger-la-nature-lors-de-la-cop16-sur-la-biodiversite\/#primaryimage\"},\"thumbnailUrl\":\"https:\/\/www.greenpeace.org\/static\/planet4-luxembourg-stateless\/2024\/10\/415af8a6-gp1t8r3r-1.webp\",\"keywords\":[\"Oc\u00e9ans\",\"Biodiversit\u00e9\"],\"articleSection\":[\"Nature\"],\"inLanguage\":\"fr-LU\"},{\"@type\":\"WebPage\",\"@id\":\"https:\/\/www.greenpeace.org\/luxembourg\/fr\/actualites\/22784\/5-demandes-pour-proteger-la-nature-lors-de-la-cop16-sur-la-biodiversite\/\",\"url\":\"https:\/\/www.greenpeace.org\/luxembourg\/fr\/actualites\/22784\/5-demandes-pour-proteger-la-nature-lors-de-la-cop16-sur-la-biodiversite\/\",\"name\":\"5 demandes pour prot\u00e9ger la nature lors de la COP16 sur la biodiversit\u00e9 - Greenpeace Luxembourg\",\"isPartOf\":{\"@id\":\"https:\/\/www.greenpeace.org\/luxembourg\/fr\/#website\"},\"primaryImageOfPage\":{\"@id\":\"https:\/\/www.greenpeace.org\/luxembourg\/fr\/actualites\/22784\/5-demandes-pour-proteger-la-nature-lors-de-la-cop16-sur-la-biodiversite\/#primaryimage\"},\"image\":{\"@id\":\"https:\/\/www.greenpeace.org\/luxembourg\/fr\/actualites\/22784\/5-demandes-pour-proteger-la-nature-lors-de-la-cop16-sur-la-biodiversite\/#primaryimage\"},\"thumbnailUrl\":\"https:\/\/www.greenpeace.org\/static\/planet4-luxembourg-stateless\/2024\/10\/415af8a6-gp1t8r3r-1.webp\",\"datePublished\":\"2024-10-16T06:00:48+00:00\",\"dateModified\":\"2025-07-02T07:34:18+00:00\",\"breadcrumb\":{\"@id\":\"https:\/\/www.greenpeace.org\/luxembourg\/fr\/actualites\/22784\/5-demandes-pour-proteger-la-nature-lors-de-la-cop16-sur-la-biodiversite\/#breadcrumb\"},\"inLanguage\":\"fr-LU\",\"potentialAction\":[{\"@type\":\"ReadAction\",\"target\":[\"https:\/\/www.greenpeace.org\/luxembourg\/fr\/actualites\/22784\/5-demandes-pour-proteger-la-nature-lors-de-la-cop16-sur-la-biodiversite\/\"]}]},{\"@type\":\"ImageObject\",\"inLanguage\":\"fr-LU\",\"@id\":\"https:\/\/www.greenpeace.org\/luxembourg\/fr\/actualites\/22784\/5-demandes-pour-proteger-la-nature-lors-de-la-cop16-sur-la-biodiversite\/#primaryimage\",\"url\":\"https:\/\/www.greenpeace.org\/static\/planet4-luxembourg-stateless\/2024\/10\/415af8a6-gp1t8r3r-1.webp\",\"contentUrl\":\"https:\/\/www.greenpeace.org\/static\/planet4-luxembourg-stateless\/2024\/10\/415af8a6-gp1t8r3r-1.webp\",\"width\":1200,\"height\":800},{\"@type\":\"BreadcrumbList\",\"@id\":\"https:\/\/www.greenpeace.org\/luxembourg\/fr\/actualites\/22784\/5-demandes-pour-proteger-la-nature-lors-de-la-cop16-sur-la-biodiversite\/#breadcrumb\",\"itemListElement\":[{\"@type\":\"ListItem\",\"position\":1,\"name\":\"Home\",\"item\":\"https:\/\/www.greenpeace.org\/luxembourg\/fr\/\"},{\"@type\":\"ListItem\",\"position\":2,\"name\":\"5 demandes pour prot\u00e9ger la nature lors de la COP16 sur la biodiversit\u00e9\"}]},{\"@type\":\"WebSite\",\"@id\":\"https:\/\/www.greenpeace.org\/luxembourg\/fr\/#website\",\"url\":\"https:\/\/www.greenpeace.org\/luxembourg\/fr\/\",\"name\":\"Greenpeace Luxembourg\",\"description\":\"Greenpeace existe parce que cette Terre fragile a besoin d&#039;une voix. Elle a besoin de solutions. De changement. D&#039;actions.\",\"publisher\":{\"@id\":\"https:\/\/www.greenpeace.org\/luxembourg\/fr\/#organization\"},\"potentialAction\":[{\"@type\":\"SearchAction\",\"target\":{\"@type\":\"EntryPoint\",\"urlTemplate\":\"https:\/\/www.greenpeace.org\/luxembourg\/fr\/?s={search_term_string}\"},\"query-input\":{\"@type\":\"PropertyValueSpecification\",\"valueRequired\":true,\"valueName\":\"search_term_string\"}}],\"inLanguage\":\"fr-LU\"},{\"@type\":\"Organization\",\"@id\":\"https:\/\/www.greenpeace.org\/luxembourg\/fr\/#organization\",\"name\":\"Greenpeace Luxembourg\",\"url\":\"https:\/\/www.greenpeace.org\/luxembourg\/fr\/\",\"logo\":{\"@type\":\"ImageObject\",\"inLanguage\":\"fr-LU\",\"@id\":\"https:\/\/www.greenpeace.org\/luxembourg\/fr\/#\/schema\/logo\/image\/\",\"url\":\"https:\/\/www.greenpeace.org\/static\/planet4-luxembourg-stateless\/2026\/03\/3e367f94-greenpeace_logo_green_rgb.png\",\"contentUrl\":\"https:\/\/www.greenpeace.org\/static\/planet4-luxembourg-stateless\/2026\/03\/3e367f94-greenpeace_logo_green_rgb.png\",\"width\":1080,\"height\":175,\"caption\":\"Greenpeace Luxembourg\"},\"image\":{\"@id\":\"https:\/\/www.greenpeace.org\/luxembourg\/fr\/#\/schema\/logo\/image\/\"},\"sameAs\":[\"https:\/\/www.facebook.com\/greenpeaceluxembourg\",\"https:\/\/www.instagram.com\/greenpeacelux\/\",\"https:\/\/www.linkedin.com\/company\/greenpeace-luxembourg\/\",\"https:\/\/www.threads.com\/@greenpeacelux\",\"https:\/\/bsky.app\/profile\/greenpeacelux.bsky.social\",\"https:\/\/www.youtube.com\/@GreenpeaceLux\",\"https:\/\/www.tiktok.com\/@greenpeace_lux\"]},{\"@type\":\"Person\",\"@id\":\"https:\/\/www.greenpeace.org\/luxembourg\/fr\/#\/schema\/person\/3d0e81a859b59009fec36a8552ef76a7\",\"name\":\"Esther Wildanger\",\"url\":\"https:\/\/www.greenpeace.org\/luxembourg\/fr\/author\/ewildang\/\"}]}<\/script>\n<!-- \/ Yoast SEO Premium plugin. -->","yoast_head_json":{"title":"5 demandes pour prot\u00e9ger la nature lors de la COP16 sur la biodiversit\u00e9 - Greenpeace Luxembourg","robots":{"index":"index","follow":"follow","max-snippet":"max-snippet:-1","max-image-preview":"max-image-preview:large","max-video-preview":"max-video-preview:-1"},"canonical":"https:\/\/www.greenpeace.org\/luxembourg\/fr\/actualites\/22784\/5-demandes-pour-proteger-la-nature-lors-de-la-cop16-sur-la-biodiversite\/","og_locale":"fr_FR","og_type":"article","og_title":"5 demandes pour prot\u00e9ger la nature lors de la COP16 sur la biodiversit\u00e9","og_description":"Beaucoup de travail attend les Nations unies \u00e0 l\u2019occasion de la prochaine COP16 sur la diversit\u00e9 biologique, qui se tiendra \u00e0 Cali, en Colombie, du 21 octobre au 1er novembre.","og_url":"https:\/\/www.greenpeace.org\/luxembourg\/fr\/actualites\/22784\/5-demandes-pour-proteger-la-nature-lors-de-la-cop16-sur-la-biodiversite\/","og_site_name":"Greenpeace Luxembourg","article_publisher":"https:\/\/www.facebook.com\/greenpeaceluxembourg","article_published_time":"2024-10-16T06:00:48+00:00","article_modified_time":"2025-07-02T07:34:18+00:00","og_image":[{"width":1200,"height":800,"url":"https:\/\/www.greenpeace.org\/static\/planet4-luxembourg-stateless\/2024\/10\/415af8a6-gp1t8r3r-1.webp","type":"image\/webp"}],"author":"Esther Wildanger","twitter_card":"summary_large_image","twitter_misc":{"Written by":"Esther Wildanger","Est. reading time":"6 minutes"},"schema":{"@context":"https:\/\/schema.org","@graph":[{"@type":"Article","@id":"https:\/\/www.greenpeace.org\/luxembourg\/fr\/actualites\/22784\/5-demandes-pour-proteger-la-nature-lors-de-la-cop16-sur-la-biodiversite\/#article","isPartOf":{"@id":"https:\/\/www.greenpeace.org\/luxembourg\/fr\/actualites\/22784\/5-demandes-pour-proteger-la-nature-lors-de-la-cop16-sur-la-biodiversite\/"},"author":{"name":"Esther Wildanger","@id":"https:\/\/www.greenpeace.org\/luxembourg\/fr\/#\/schema\/person\/3d0e81a859b59009fec36a8552ef76a7"},"headline":"5 demandes pour prot\u00e9ger la nature lors de la COP16 sur la biodiversit\u00e9","datePublished":"2024-10-16T06:00:48+00:00","dateModified":"2025-07-02T07:34:18+00:00","mainEntityOfPage":{"@id":"https:\/\/www.greenpeace.org\/luxembourg\/fr\/actualites\/22784\/5-demandes-pour-proteger-la-nature-lors-de-la-cop16-sur-la-biodiversite\/"},"wordCount":1216,"publisher":{"@id":"https:\/\/www.greenpeace.org\/luxembourg\/fr\/#organization"},"image":{"@id":"https:\/\/www.greenpeace.org\/luxembourg\/fr\/actualites\/22784\/5-demandes-pour-proteger-la-nature-lors-de-la-cop16-sur-la-biodiversite\/#primaryimage"},"thumbnailUrl":"https:\/\/www.greenpeace.org\/static\/planet4-luxembourg-stateless\/2024\/10\/415af8a6-gp1t8r3r-1.webp","keywords":["Oc\u00e9ans","Biodiversit\u00e9"],"articleSection":["Nature"],"inLanguage":"fr-LU"},{"@type":"WebPage","@id":"https:\/\/www.greenpeace.org\/luxembourg\/fr\/actualites\/22784\/5-demandes-pour-proteger-la-nature-lors-de-la-cop16-sur-la-biodiversite\/","url":"https:\/\/www.greenpeace.org\/luxembourg\/fr\/actualites\/22784\/5-demandes-pour-proteger-la-nature-lors-de-la-cop16-sur-la-biodiversite\/","name":"5 demandes pour prot\u00e9ger la nature lors de la COP16 sur la biodiversit\u00e9 - Greenpeace Luxembourg","isPartOf":{"@id":"https:\/\/www.greenpeace.org\/luxembourg\/fr\/#website"},"primaryImageOfPage":{"@id":"https:\/\/www.greenpeace.org\/luxembourg\/fr\/actualites\/22784\/5-demandes-pour-proteger-la-nature-lors-de-la-cop16-sur-la-biodiversite\/#primaryimage"},"image":{"@id":"https:\/\/www.greenpeace.org\/luxembourg\/fr\/actualites\/22784\/5-demandes-pour-proteger-la-nature-lors-de-la-cop16-sur-la-biodiversite\/#primaryimage"},"thumbnailUrl":"https:\/\/www.greenpeace.org\/static\/planet4-luxembourg-stateless\/2024\/10\/415af8a6-gp1t8r3r-1.webp","datePublished":"2024-10-16T06:00:48+00:00","dateModified":"2025-07-02T07:34:18+00:00","breadcrumb":{"@id":"https:\/\/www.greenpeace.org\/luxembourg\/fr\/actualites\/22784\/5-demandes-pour-proteger-la-nature-lors-de-la-cop16-sur-la-biodiversite\/#breadcrumb"},"inLanguage":"fr-LU","potentialAction":[{"@type":"ReadAction","target":["https:\/\/www.greenpeace.org\/luxembourg\/fr\/actualites\/22784\/5-demandes-pour-proteger-la-nature-lors-de-la-cop16-sur-la-biodiversite\/"]}]},{"@type":"ImageObject","inLanguage":"fr-LU","@id":"https:\/\/www.greenpeace.org\/luxembourg\/fr\/actualites\/22784\/5-demandes-pour-proteger-la-nature-lors-de-la-cop16-sur-la-biodiversite\/#primaryimage","url":"https:\/\/www.greenpeace.org\/static\/planet4-luxembourg-stateless\/2024\/10\/415af8a6-gp1t8r3r-1.webp","contentUrl":"https:\/\/www.greenpeace.org\/static\/planet4-luxembourg-stateless\/2024\/10\/415af8a6-gp1t8r3r-1.webp","width":1200,"height":800},{"@type":"BreadcrumbList","@id":"https:\/\/www.greenpeace.org\/luxembourg\/fr\/actualites\/22784\/5-demandes-pour-proteger-la-nature-lors-de-la-cop16-sur-la-biodiversite\/#breadcrumb","itemListElement":[{"@type":"ListItem","position":1,"name":"Home","item":"https:\/\/www.greenpeace.org\/luxembourg\/fr\/"},{"@type":"ListItem","position":2,"name":"5 demandes pour prot\u00e9ger la nature lors de la COP16 sur la biodiversit\u00e9"}]},{"@type":"WebSite","@id":"https:\/\/www.greenpeace.org\/luxembourg\/fr\/#website","url":"https:\/\/www.greenpeace.org\/luxembourg\/fr\/","name":"Greenpeace Luxembourg","description":"Greenpeace existe parce que cette Terre fragile a besoin d&#039;une voix. Elle a besoin de solutions. De changement. D&#039;actions.","publisher":{"@id":"https:\/\/www.greenpeace.org\/luxembourg\/fr\/#organization"},"potentialAction":[{"@type":"SearchAction","target":{"@type":"EntryPoint","urlTemplate":"https:\/\/www.greenpeace.org\/luxembourg\/fr\/?s={search_term_string}"},"query-input":{"@type":"PropertyValueSpecification","valueRequired":true,"valueName":"search_term_string"}}],"inLanguage":"fr-LU"},{"@type":"Organization","@id":"https:\/\/www.greenpeace.org\/luxembourg\/fr\/#organization","name":"Greenpeace Luxembourg","url":"https:\/\/www.greenpeace.org\/luxembourg\/fr\/","logo":{"@type":"ImageObject","inLanguage":"fr-LU","@id":"https:\/\/www.greenpeace.org\/luxembourg\/fr\/#\/schema\/logo\/image\/","url":"https:\/\/www.greenpeace.org\/static\/planet4-luxembourg-stateless\/2026\/03\/3e367f94-greenpeace_logo_green_rgb.png","contentUrl":"https:\/\/www.greenpeace.org\/static\/planet4-luxembourg-stateless\/2026\/03\/3e367f94-greenpeace_logo_green_rgb.png","width":1080,"height":175,"caption":"Greenpeace Luxembourg"},"image":{"@id":"https:\/\/www.greenpeace.org\/luxembourg\/fr\/#\/schema\/logo\/image\/"},"sameAs":["https:\/\/www.facebook.com\/greenpeaceluxembourg","https:\/\/www.instagram.com\/greenpeacelux\/","https:\/\/www.linkedin.com\/company\/greenpeace-luxembourg\/","https:\/\/www.threads.com\/@greenpeacelux","https:\/\/bsky.app\/profile\/greenpeacelux.bsky.social","https:\/\/www.youtube.com\/@GreenpeaceLux","https:\/\/www.tiktok.com\/@greenpeace_lux"]},{"@type":"Person","@id":"https:\/\/www.greenpeace.org\/luxembourg\/fr\/#\/schema\/person\/3d0e81a859b59009fec36a8552ef76a7","name":"Esther Wildanger","url":"https:\/\/www.greenpeace.org\/luxembourg\/fr\/author\/ewildang\/"}]}},"_links":{"self":[{"href":"https:\/\/www.greenpeace.org\/luxembourg\/fr\/wp-json\/wp\/v2\/posts\/22784","targetHints":{"allow":["GET"]}}],"collection":[{"href":"https:\/\/www.greenpeace.org\/luxembourg\/fr\/wp-json\/wp\/v2\/posts"}],"about":[{"href":"https:\/\/www.greenpeace.org\/luxembourg\/fr\/wp-json\/wp\/v2\/types\/post"}],"author":[{"embeddable":true,"href":"https:\/\/www.greenpeace.org\/luxembourg\/fr\/wp-json\/wp\/v2\/users\/25"}],"replies":[{"embeddable":true,"href":"https:\/\/www.greenpeace.org\/luxembourg\/fr\/wp-json\/wp\/v2\/comments?post=22784"}],"version-history":[{"count":3,"href":"https:\/\/www.greenpeace.org\/luxembourg\/fr\/wp-json\/wp\/v2\/posts\/22784\/revisions"}],"predecessor-version":[{"id":24957,"href":"https:\/\/www.greenpeace.org\/luxembourg\/fr\/wp-json\/wp\/v2\/posts\/22784\/revisions\/24957"}],"wp:featuredmedia":[{"embeddable":true,"href":"https:\/\/www.greenpeace.org\/luxembourg\/fr\/wp-json\/wp\/v2\/media\/22749"}],"wp:attachment":[{"href":"https:\/\/www.greenpeace.org\/luxembourg\/fr\/wp-json\/wp\/v2\/media?parent=22784"}],"wp:term":[{"taxonomy":"category","embeddable":true,"href":"https:\/\/www.greenpeace.org\/luxembourg\/fr\/wp-json\/wp\/v2\/categories?post=22784"},{"taxonomy":"post_tag","embeddable":true,"href":"https:\/\/www.greenpeace.org\/luxembourg\/fr\/wp-json\/wp\/v2\/tags?post=22784"},{"taxonomy":"p4-page-type","embeddable":true,"href":"https:\/\/www.greenpeace.org\/luxembourg\/fr\/wp-json\/wp\/v2\/p4-page-type?post=22784"}],"curies":[{"name":"wp","href":"https:\/\/api.w.org\/{rel}","templated":true}]}}