{"id":22816,"date":"2024-10-19T09:04:05","date_gmt":"2024-10-19T07:04:05","guid":{"rendered":"https:\/\/www.greenpeace.org\/luxembourg\/?p=22816"},"modified":"2024-10-19T09:05:11","modified_gmt":"2024-10-19T07:05:11","slug":"greenpeace-exprime-son-espoir-pour-la-nature-a-lapproche-de-la-cop16-de-lonu-sur-la-biodiversite","status":"publish","type":"post","link":"https:\/\/www.greenpeace.org\/luxembourg\/fr\/communiques-de-presse\/22816\/greenpeace-exprime-son-espoir-pour-la-nature-a-lapproche-de-la-cop16-de-lonu-sur-la-biodiversite\/","title":{"rendered":"Greenpeace exprime son espoir pour la nature \u00e0 l\u2019approche de la COP16 de l\u2019ONU sur la biodiversit\u00e9"},"content":{"rendered":"\n<p><em>Luxembourg, 19 octobre 2024 <\/em><strong>\u2013 \u00c0 l\u2019approche de l\u2019ouverture de la COP16 sur la biodiversit\u00e9, \u00e0 Cali, en Colombie, Greenpeace appelle les gouvernements \u00e0 amplifier leurs efforts de protection de la nature. Au Luxembourg, les activistes de l\u2019organisation non gouvernementale ont d\u00e9ploy\u00e9 des banderoles au pied de la cascade Schiessent\u00fcmpel au M\u00fcllerthal, un h\u00e9ritage culturel et un lieu de randonn\u00e9e populaire dans l\u2019est du Grand-Duch\u00e9 [1]<\/strong>.<\/p>\n\n<figure class=\"wp-block-image size-large\"><img loading=\"lazy\" decoding=\"async\" width=\"1024\" height=\"683\" src=\"https:\/\/www.greenpeace.org\/static\/planet4-luxembourg-stateless\/2024\/10\/13cf27c5-photo-3-1024x683.jpg\" alt=\"\" class=\"wp-image-22832\" srcset=\"https:\/\/www.greenpeace.org\/static\/planet4-luxembourg-stateless\/2024\/10\/13cf27c5-photo-3-1024x683.jpg 1024w, https:\/\/www.greenpeace.org\/static\/planet4-luxembourg-stateless\/2024\/10\/13cf27c5-photo-3-300x200.jpg 300w, https:\/\/www.greenpeace.org\/static\/planet4-luxembourg-stateless\/2024\/10\/13cf27c5-photo-3-768x512.jpg 768w, https:\/\/www.greenpeace.org\/static\/planet4-luxembourg-stateless\/2024\/10\/13cf27c5-photo-3-1536x1024.jpg 1536w, https:\/\/www.greenpeace.org\/static\/planet4-luxembourg-stateless\/2024\/10\/13cf27c5-photo-3-2048x1366.jpg 2048w, https:\/\/www.greenpeace.org\/static\/planet4-luxembourg-stateless\/2024\/10\/13cf27c5-photo-3-510x340.jpg 510w\" sizes=\"auto, (max-width: 1024px) 100vw, 1024px\" \/><figcaption class=\"wp-element-caption\">Des activistes se sont rassembl\u00e9\u00b7es \u00e0 la cascade de Schiessent\u00fcmpel, un h\u00e9ritage culturel et un lieu de randonn\u00e9e populaire dans l\u2019est du Luxembourg, pour exprimer leur espoir global pour la nature. Cette activit\u00e9 s&#8217;inscrit dans le cadre d&#8217;une journ\u00e9e d&#8217;action mondiale pr\u00e9c\u00e9dant la COP16 des Nations unies sur la biodiversit\u00e9. \u00a9 Simon Hoffmann \/ Greenpeace<\/figcaption><\/figure>\n\n<p>Du 21 octobre au 1er novembre 2024, les responsables politiques de la plan\u00e8te se r\u00e9uniront pour discuter des options et des progr\u00e8s r\u00e9alis\u00e9s dans la mise en \u0153uvre effective du Cadre mondial de la biodiversit\u00e9 de Kunming-Montr\u00e9al (KM-GBF) afin de prot\u00e9ger et de restaurer la nature. Ce cadre, consid\u00e9r\u00e9 comme \u00ab<em> l&#8217;accord de Paris pour la nature<\/em> \u00bb, est un \u00ab <em>accord historique pour inverser la perte de biodiversit\u00e9 d&#8217;ici 2030<\/em> \u00bb.<\/p>\n\n<p>\u00ab <em>La destruction de la nature et du climat sont une seule et m\u00eame urgence. Ne pas prot\u00e9ger suffisamment la nature compromet la lutte contre la crise climatique <\/em>\u00bb, explique Martina Holbach, charg\u00e9e de campagne pour Greenpeace Luxembourg. \u00ab <em>D\u00e9truire la nature, c\u2019est d\u00e9truire notre propre foyer. Et pourtant, les grands groupes agroalimentaires, les producteurs de viande, l\u2019industrie du bois et les institutions qui les financent tirent des profits \u00e0 court terme de la d\u00e9vastation des \u00e9cosyst\u00e8mes. Cela doit cesser. \u00bb&nbsp;<\/em><\/p>\n\n<p>L\u2019Union europ\u00e9enne et ses \u00c9tats membres, dont le Luxembourg, se sont engag\u00e9s \u00e0 instaurer et appliquer des r\u00e8gles visant \u00e0 mettre fin \u00e0 leur contribution \u00e0 la sixi\u00e8me extinction de masse, dont l\u2019humanit\u00e9 est \u00e0 l\u2019origine et qui menace son propre avenir. En d\u00e9pit des promesses, toutefois, les strat\u00e9gies et premi\u00e8res mesures l\u00e9gislatives ne suffisent pas \u00e0 endiguer le d\u00e9clin de la biodiversit\u00e9, qui se poursuit sans rel\u00e2che, soutenu par un syst\u00e8me \u00e9conomique qui place la croissance au-dessus de toute autre pr\u00e9occupation. Les grandes banques, en outre, continuent d\u2019investir et de pr\u00eater de l\u2019argent aux industries responsables de la disparition des esp\u00e8ces et de leurs habitats [2].<\/p>\n\n<p>\u00ab <em>Apr\u00e8s \u00eatre parvenus \u00e0 un accord sur un nouveau cadre mondial pour la biodiversit\u00e9 en 2022, les gouvernements doivent maintenant s\u2019assurer de sa concr\u00e9tisation d\u2019une part, et d\u2019aborder les crises de la biodiversit\u00e9 et du climat conjointement d\u2019autre part. Le point de vo\u00fbte de l\u2019application du cadre consiste \u00e0 soumettre d\u2019urgence les plans d\u2019action et strat\u00e9gies nationales r\u00e9vis\u00e9es, ainsi qu\u2019\u00e0 combler le d\u00e9ficit de financement pour la protection et la restauration de la nature, en commen\u00e7ant par la contribution en temps et en heure des pays dits d\u00e9velopp\u00e9s pour un montant d\u2019au moins 20 milliards de dollars am\u00e9ricains d\u2019ici \u00e0 2025, mais la plupart des gouvernements n&#8217;ont pas encore apport\u00e9 leur juste contribution<\/em> \u00bb, conclut Martina Holbach.&nbsp;<\/p>\n\n<p>Parmi ses <a href=\"https:\/\/www.greenpeace.org\/luxembourg\/actualites\/22784\/5-demandes-pour-proteger-la-nature-lors-de-la-cop16-sur-la-biodiversite\/\">principales revendications<\/a>, Greenpeace demande aux gouvernements de s&#8217;engager \u00e0 l\u00e9gif\u00e9rer pour mettre fin aux flux financiers vers les entreprises \u00e9cocides et pour aligner le secteur financier sur les objectifs internationaux en mati\u00e8re de climat et de biodiversit\u00e9 [3]. Les banques et les institutions financi\u00e8res doivent \u00eatre r\u00e9glement\u00e9es afin de r\u00e9orienter l&#8217;argent vers des activit\u00e9s qui favorisent notre bien-\u00eatre, tout en prot\u00e9geant et en restaurant les habitats naturels et les \u00e9cosyst\u00e8mes.<\/p>\n\n<hr class=\"wp-block-separator has-alpha-channel-opacity is-style-wide\"\/>\n\n<p class=\"has-small-font-size\"><strong>Notes :<\/strong><\/p>\n\n<p class=\"has-small-font-size\">[1] Face \u00e0 la crise climatique et au d\u00e9clin dramatique de la biodiversit\u00e9, les activistes de Greenpeace ont organis\u00e9, entre hier et aujourd\u2019hui partout sur la plan\u00e8te, des activit\u00e9s pour souligner l\u2019urgence de mettre fin \u00e0 la destruction de la nature et de r\u00e9guler le secteur financier en r\u00e9orienter l\u2019argent vers la protection et la restauration de l\u2019environnement. Les actions visent non seulement \u00e0 illustrer la large adh\u00e9sion des peuples de la plan\u00e8te en faveur d\u2019une action pour la pr\u00e9servation des \u00e9cosyst\u00e8mes cl\u00e9s, mais aussi \u00e0 exiger des actions concr\u00e8tes de la part des gouvernements r\u00e9unis \u00e0 l\u2019occasion de la COP16. Ces manifestations ont lieu en Autriche, en R\u00e9publique tch\u00e8que, en Allemagne, en Hongrie, en Indon\u00e9sie, en Pologne, en Roumanie, en Espagne, en Su\u00e8de et aux Pays-Bas. Elles font entendre la voix des citoyennes et citoyens qui demandent des mesures urgentes pour enrayer le d\u00e9clin de la biodiversit\u00e9 ou d\u00e9peignent des milliers de <a href=\"https:\/\/maps.greenpeace.org\/maps\/gpint\/messages-of-hope\/\">messages d\u2019espoir<\/a> recueillis partout \u00e0 travers le monde.<br>Les images de toutes les actions peuvent \u00eatre t\u00e9l\u00e9charg\u00e9es \u00e0 partir de la <a href=\"https:\/\/media.greenpeace.org\/Detail\/27MZIFJVNSVZ6\">m\u00e9diath\u00e8que de Greenpeace<\/a>. Cette collection sera mise \u00e0 jour tout au long de la journ\u00e9e, n&#8217;h\u00e9sitez pas \u00e0 la consulter.&nbsp;<\/p>\n\n<p class=\"has-small-font-size\">[2] Selon une <a href=\"https:\/\/www.greenpeace.org\/luxembourg\/fr\/communiques-de-presse\/21203\/les-banques-de-lue-ont-injecte-256-milliards-deuros-dans-des-secteurs-qui-menacent-la-nature-et-le-climat\/\">\u00e9tude<\/a>, les banques europ\u00e9ennes ont accord\u00e9 environ 256 milliards d&#8217;euros de cr\u00e9dit \u00e0 des entreprises qui risquent de d\u00e9truire for\u00eats, savanes et autres \u00e9cosyst\u00e8mes naturels critiques pour le climat depuis l&#8217;accord de Paris sur le climat de 2015. L&#8217;UE est la deuxi\u00e8me place financi\u00e8re mondiale finan\u00e7ant ces secteurs de ressources.<br><br>[3] Le r\u00e8glement (UE) 2023\/1115, adopt\u00e9 en mai 2023, est une premi\u00e8re \u00e9tape vers le respect des engagements internationaux en mati\u00e8re de climat et de biodiversit\u00e9. Il vise \u00e0 r\u00e9duire l\u2019impact de la consommation europ\u00e9enne en exigeant des entreprises qu\u2019elles ne vendent dans l\u2019UE que des produits non issus de la d\u00e9forestation et produits l\u00e9galement. Toutefois, si les r\u00e8gles actuelles de l\u2019UE concernent les produits physiques mis sur le march\u00e9 europ\u00e9en, elles ne couvrent pas les flux financiers qui contribuent \u00e0 la destruction des \u00e9cosyst\u00e8mes. La Commission europ\u00e9enne s\u2019est fix\u00e9 un calendrier pour examiner le r\u00f4le de la finance dans la d\u00e9forestation et la d\u00e9gradation des for\u00eats et, si n\u00e9cessaire, pr\u00e9senter une proposition l\u00e9gislative d\u2019ici juin 2025.<\/p>\n","protected":false},"excerpt":{"rendered":"<p>\u00c0 l\u2019approche de l\u2019ouverture de la COP16 sur la biodiversit\u00e9, \u00e0 Cali, en Colombie, Greenpeace appelle les gouvernements \u00e0 amplifier leurs efforts de protection de\u2026<\/p>\n","protected":false},"author":25,"featured_media":22832,"comment_status":"closed","ping_status":"closed","sticky":false,"template":"","format":"standard","meta":{"ep_exclude_from_search":false,"p4_og_title":"","p4_og_description":"","p4_og_image":"","p4_og_image_id":"","p4_seo_canonical_url":"","p4_campaign_name":"","p4_local_project":"","p4_basket_name":"","p4_department":"","footnotes":""},"categories":[17,43],"tags":[32,38],"p4-page-type":[83],"class_list":["post-22816","post","type-post","status-publish","format-standard","has-post-thumbnail","hentry","category-greenpeace","category-nature","tag-luxembourg","tag-biodiversite","p4-page-type-communiques-de-presse"],"yoast_head":"<!-- This site is optimized with the Yoast SEO Premium plugin v23.9 (Yoast SEO v23.9) - https:\/\/yoast.com\/wordpress\/plugins\/seo\/ -->\n<title>Greenpeace exprime son espoir pour la nature \u00e0 l\u2019approche de la COP16 de l\u2019ONU sur la biodiversit\u00e9 - Greenpeace Luxembourg<\/title>\n<meta name=\"robots\" content=\"index, follow, max-snippet:-1, max-image-preview:large, max-video-preview:-1\" \/>\n<link rel=\"canonical\" href=\"https:\/\/www.greenpeace.org\/luxembourg\/fr\/communiques-de-presse\/22816\/greenpeace-exprime-son-espoir-pour-la-nature-a-lapproche-de-la-cop16-de-lonu-sur-la-biodiversite\/\" \/>\n<meta property=\"og:locale\" content=\"fr_FR\" \/>\n<meta property=\"og:type\" content=\"article\" \/>\n<meta property=\"og:title\" content=\"Greenpeace exprime son espoir pour la nature \u00e0 l\u2019approche de la COP16 de l\u2019ONU sur la biodiversit\u00e9\" \/>\n<meta property=\"og:description\" content=\"\u00c0 l\u2019approche de l\u2019ouverture de la COP16 sur la biodiversit\u00e9, \u00e0 Cali, en Colombie, Greenpeace appelle les gouvernements \u00e0 amplifier leurs efforts de protection de\u2026\" \/>\n<meta property=\"og:url\" content=\"https:\/\/www.greenpeace.org\/luxembourg\/fr\/communiques-de-presse\/22816\/greenpeace-exprime-son-espoir-pour-la-nature-a-lapproche-de-la-cop16-de-lonu-sur-la-biodiversite\/\" \/>\n<meta property=\"og:site_name\" content=\"Greenpeace Luxembourg\" \/>\n<meta property=\"article:publisher\" content=\"https:\/\/www.facebook.com\/greenpeaceluxembourg\" \/>\n<meta property=\"article:published_time\" content=\"2024-10-19T07:04:05+00:00\" \/>\n<meta property=\"article:modified_time\" content=\"2024-10-19T07:05:11+00:00\" \/>\n<meta property=\"og:image\" content=\"https:\/\/www.greenpeace.org\/static\/planet4-luxembourg-stateless\/2024\/10\/13cf27c5-photo-3-scaled.jpg\" \/>\n\t<meta property=\"og:image:width\" content=\"2560\" \/>\n\t<meta property=\"og:image:height\" content=\"1707\" \/>\n\t<meta property=\"og:image:type\" content=\"image\/jpeg\" \/>\n<meta name=\"author\" content=\"Esther Wildanger\" \/>\n<meta name=\"twitter:card\" content=\"summary_large_image\" \/>\n<meta name=\"twitter:label1\" content=\"Written by\" \/>\n\t<meta name=\"twitter:data1\" content=\"Esther Wildanger\" \/>\n\t<meta name=\"twitter:label2\" content=\"Est. reading time\" \/>\n\t<meta name=\"twitter:data2\" content=\"5 minutes\" \/>\n<script type=\"application\/ld+json\" class=\"yoast-schema-graph\">{\"@context\":\"https:\/\/schema.org\",\"@graph\":[{\"@type\":\"Article\",\"@id\":\"https:\/\/www.greenpeace.org\/luxembourg\/fr\/communiques-de-presse\/22816\/greenpeace-exprime-son-espoir-pour-la-nature-a-lapproche-de-la-cop16-de-lonu-sur-la-biodiversite\/#article\",\"isPartOf\":{\"@id\":\"https:\/\/www.greenpeace.org\/luxembourg\/fr\/communiques-de-presse\/22816\/greenpeace-exprime-son-espoir-pour-la-nature-a-lapproche-de-la-cop16-de-lonu-sur-la-biodiversite\/\"},\"author\":{\"name\":\"Esther Wildanger\",\"@id\":\"https:\/\/www.greenpeace.org\/luxembourg\/fr\/#\/schema\/person\/3d0e81a859b59009fec36a8552ef76a7\"},\"headline\":\"Greenpeace exprime son espoir pour la nature \u00e0 l\u2019approche de la COP16 de l\u2019ONU sur la biodiversit\u00e9\",\"datePublished\":\"2024-10-19T07:04:05+00:00\",\"dateModified\":\"2024-10-19T07:05:11+00:00\",\"mainEntityOfPage\":{\"@id\":\"https:\/\/www.greenpeace.org\/luxembourg\/fr\/communiques-de-presse\/22816\/greenpeace-exprime-son-espoir-pour-la-nature-a-lapproche-de-la-cop16-de-lonu-sur-la-biodiversite\/\"},\"wordCount\":1058,\"publisher\":{\"@id\":\"https:\/\/www.greenpeace.org\/luxembourg\/fr\/#organization\"},\"image\":{\"@id\":\"https:\/\/www.greenpeace.org\/luxembourg\/fr\/communiques-de-presse\/22816\/greenpeace-exprime-son-espoir-pour-la-nature-a-lapproche-de-la-cop16-de-lonu-sur-la-biodiversite\/#primaryimage\"},\"thumbnailUrl\":\"https:\/\/www.greenpeace.org\/static\/planet4-luxembourg-stateless\/2024\/10\/13cf27c5-photo-3-scaled.jpg\",\"keywords\":[\"Luxembourg\",\"Biodiversit\u00e9\"],\"articleSection\":[\"Greenpeace\",\"Nature\"],\"inLanguage\":\"fr-LU\"},{\"@type\":\"WebPage\",\"@id\":\"https:\/\/www.greenpeace.org\/luxembourg\/fr\/communiques-de-presse\/22816\/greenpeace-exprime-son-espoir-pour-la-nature-a-lapproche-de-la-cop16-de-lonu-sur-la-biodiversite\/\",\"url\":\"https:\/\/www.greenpeace.org\/luxembourg\/fr\/communiques-de-presse\/22816\/greenpeace-exprime-son-espoir-pour-la-nature-a-lapproche-de-la-cop16-de-lonu-sur-la-biodiversite\/\",\"name\":\"Greenpeace exprime son espoir pour la nature \u00e0 l\u2019approche de la COP16 de l\u2019ONU sur la biodiversit\u00e9 - Greenpeace Luxembourg\",\"isPartOf\":{\"@id\":\"https:\/\/www.greenpeace.org\/luxembourg\/fr\/#website\"},\"primaryImageOfPage\":{\"@id\":\"https:\/\/www.greenpeace.org\/luxembourg\/fr\/communiques-de-presse\/22816\/greenpeace-exprime-son-espoir-pour-la-nature-a-lapproche-de-la-cop16-de-lonu-sur-la-biodiversite\/#primaryimage\"},\"image\":{\"@id\":\"https:\/\/www.greenpeace.org\/luxembourg\/fr\/communiques-de-presse\/22816\/greenpeace-exprime-son-espoir-pour-la-nature-a-lapproche-de-la-cop16-de-lonu-sur-la-biodiversite\/#primaryimage\"},\"thumbnailUrl\":\"https:\/\/www.greenpeace.org\/static\/planet4-luxembourg-stateless\/2024\/10\/13cf27c5-photo-3-scaled.jpg\",\"datePublished\":\"2024-10-19T07:04:05+00:00\",\"dateModified\":\"2024-10-19T07:05:11+00:00\",\"breadcrumb\":{\"@id\":\"https:\/\/www.greenpeace.org\/luxembourg\/fr\/communiques-de-presse\/22816\/greenpeace-exprime-son-espoir-pour-la-nature-a-lapproche-de-la-cop16-de-lonu-sur-la-biodiversite\/#breadcrumb\"},\"inLanguage\":\"fr-LU\",\"potentialAction\":[{\"@type\":\"ReadAction\",\"target\":[\"https:\/\/www.greenpeace.org\/luxembourg\/fr\/communiques-de-presse\/22816\/greenpeace-exprime-son-espoir-pour-la-nature-a-lapproche-de-la-cop16-de-lonu-sur-la-biodiversite\/\"]}]},{\"@type\":\"ImageObject\",\"inLanguage\":\"fr-LU\",\"@id\":\"https:\/\/www.greenpeace.org\/luxembourg\/fr\/communiques-de-presse\/22816\/greenpeace-exprime-son-espoir-pour-la-nature-a-lapproche-de-la-cop16-de-lonu-sur-la-biodiversite\/#primaryimage\",\"url\":\"https:\/\/www.greenpeace.org\/static\/planet4-luxembourg-stateless\/2024\/10\/13cf27c5-photo-3-scaled.jpg\",\"contentUrl\":\"https:\/\/www.greenpeace.org\/static\/planet4-luxembourg-stateless\/2024\/10\/13cf27c5-photo-3-scaled.jpg\",\"width\":2560,\"height\":1707},{\"@type\":\"BreadcrumbList\",\"@id\":\"https:\/\/www.greenpeace.org\/luxembourg\/fr\/communiques-de-presse\/22816\/greenpeace-exprime-son-espoir-pour-la-nature-a-lapproche-de-la-cop16-de-lonu-sur-la-biodiversite\/#breadcrumb\",\"itemListElement\":[{\"@type\":\"ListItem\",\"position\":1,\"name\":\"Home\",\"item\":\"https:\/\/www.greenpeace.org\/luxembourg\/fr\/\"},{\"@type\":\"ListItem\",\"position\":2,\"name\":\"Greenpeace exprime son espoir pour la nature \u00e0 l\u2019approche de la COP16 de l\u2019ONU sur la biodiversit\u00e9\"}]},{\"@type\":\"WebSite\",\"@id\":\"https:\/\/www.greenpeace.org\/luxembourg\/fr\/#website\",\"url\":\"https:\/\/www.greenpeace.org\/luxembourg\/fr\/\",\"name\":\"Greenpeace Luxembourg\",\"description\":\"Greenpeace existe parce que cette Terre fragile a besoin d&#039;une voix. Elle a besoin de solutions. De changement. D&#039;actions.\",\"publisher\":{\"@id\":\"https:\/\/www.greenpeace.org\/luxembourg\/fr\/#organization\"},\"potentialAction\":[{\"@type\":\"SearchAction\",\"target\":{\"@type\":\"EntryPoint\",\"urlTemplate\":\"https:\/\/www.greenpeace.org\/luxembourg\/fr\/?s={search_term_string}\"},\"query-input\":{\"@type\":\"PropertyValueSpecification\",\"valueRequired\":true,\"valueName\":\"search_term_string\"}}],\"inLanguage\":\"fr-LU\"},{\"@type\":\"Organization\",\"@id\":\"https:\/\/www.greenpeace.org\/luxembourg\/fr\/#organization\",\"name\":\"Greenpeace Luxembourg\",\"url\":\"https:\/\/www.greenpeace.org\/luxembourg\/fr\/\",\"logo\":{\"@type\":\"ImageObject\",\"inLanguage\":\"fr-LU\",\"@id\":\"https:\/\/www.greenpeace.org\/luxembourg\/fr\/#\/schema\/logo\/image\/\",\"url\":\"https:\/\/www.greenpeace.org\/static\/planet4-luxembourg-stateless\/2026\/03\/3e367f94-greenpeace_logo_green_rgb.png\",\"contentUrl\":\"https:\/\/www.greenpeace.org\/static\/planet4-luxembourg-stateless\/2026\/03\/3e367f94-greenpeace_logo_green_rgb.png\",\"width\":1080,\"height\":175,\"caption\":\"Greenpeace Luxembourg\"},\"image\":{\"@id\":\"https:\/\/www.greenpeace.org\/luxembourg\/fr\/#\/schema\/logo\/image\/\"},\"sameAs\":[\"https:\/\/www.facebook.com\/greenpeaceluxembourg\",\"https:\/\/www.instagram.com\/greenpeacelux\/\",\"https:\/\/www.linkedin.com\/company\/greenpeace-luxembourg\/\",\"https:\/\/www.threads.com\/@greenpeacelux\",\"https:\/\/bsky.app\/profile\/greenpeacelux.bsky.social\",\"https:\/\/www.youtube.com\/@GreenpeaceLux\",\"https:\/\/www.tiktok.com\/@greenpeace_lux\"]},{\"@type\":\"Person\",\"@id\":\"https:\/\/www.greenpeace.org\/luxembourg\/fr\/#\/schema\/person\/3d0e81a859b59009fec36a8552ef76a7\",\"name\":\"Esther Wildanger\",\"url\":\"https:\/\/www.greenpeace.org\/luxembourg\/fr\/author\/ewildang\/\"}]}<\/script>\n<!-- \/ Yoast SEO Premium plugin. -->","yoast_head_json":{"title":"Greenpeace exprime son espoir pour la nature \u00e0 l\u2019approche de la COP16 de l\u2019ONU sur la biodiversit\u00e9 - Greenpeace Luxembourg","robots":{"index":"index","follow":"follow","max-snippet":"max-snippet:-1","max-image-preview":"max-image-preview:large","max-video-preview":"max-video-preview:-1"},"canonical":"https:\/\/www.greenpeace.org\/luxembourg\/fr\/communiques-de-presse\/22816\/greenpeace-exprime-son-espoir-pour-la-nature-a-lapproche-de-la-cop16-de-lonu-sur-la-biodiversite\/","og_locale":"fr_FR","og_type":"article","og_title":"Greenpeace exprime son espoir pour la nature \u00e0 l\u2019approche de la COP16 de l\u2019ONU sur la biodiversit\u00e9","og_description":"\u00c0 l\u2019approche de l\u2019ouverture de la COP16 sur la biodiversit\u00e9, \u00e0 Cali, en Colombie, Greenpeace appelle les gouvernements \u00e0 amplifier leurs efforts de protection de\u2026","og_url":"https:\/\/www.greenpeace.org\/luxembourg\/fr\/communiques-de-presse\/22816\/greenpeace-exprime-son-espoir-pour-la-nature-a-lapproche-de-la-cop16-de-lonu-sur-la-biodiversite\/","og_site_name":"Greenpeace Luxembourg","article_publisher":"https:\/\/www.facebook.com\/greenpeaceluxembourg","article_published_time":"2024-10-19T07:04:05+00:00","article_modified_time":"2024-10-19T07:05:11+00:00","og_image":[{"width":2560,"height":1707,"url":"https:\/\/www.greenpeace.org\/static\/planet4-luxembourg-stateless\/2024\/10\/13cf27c5-photo-3-scaled.jpg","type":"image\/jpeg"}],"author":"Esther Wildanger","twitter_card":"summary_large_image","twitter_misc":{"Written by":"Esther Wildanger","Est. reading time":"5 minutes"},"schema":{"@context":"https:\/\/schema.org","@graph":[{"@type":"Article","@id":"https:\/\/www.greenpeace.org\/luxembourg\/fr\/communiques-de-presse\/22816\/greenpeace-exprime-son-espoir-pour-la-nature-a-lapproche-de-la-cop16-de-lonu-sur-la-biodiversite\/#article","isPartOf":{"@id":"https:\/\/www.greenpeace.org\/luxembourg\/fr\/communiques-de-presse\/22816\/greenpeace-exprime-son-espoir-pour-la-nature-a-lapproche-de-la-cop16-de-lonu-sur-la-biodiversite\/"},"author":{"name":"Esther Wildanger","@id":"https:\/\/www.greenpeace.org\/luxembourg\/fr\/#\/schema\/person\/3d0e81a859b59009fec36a8552ef76a7"},"headline":"Greenpeace exprime son espoir pour la nature \u00e0 l\u2019approche de la COP16 de l\u2019ONU sur la biodiversit\u00e9","datePublished":"2024-10-19T07:04:05+00:00","dateModified":"2024-10-19T07:05:11+00:00","mainEntityOfPage":{"@id":"https:\/\/www.greenpeace.org\/luxembourg\/fr\/communiques-de-presse\/22816\/greenpeace-exprime-son-espoir-pour-la-nature-a-lapproche-de-la-cop16-de-lonu-sur-la-biodiversite\/"},"wordCount":1058,"publisher":{"@id":"https:\/\/www.greenpeace.org\/luxembourg\/fr\/#organization"},"image":{"@id":"https:\/\/www.greenpeace.org\/luxembourg\/fr\/communiques-de-presse\/22816\/greenpeace-exprime-son-espoir-pour-la-nature-a-lapproche-de-la-cop16-de-lonu-sur-la-biodiversite\/#primaryimage"},"thumbnailUrl":"https:\/\/www.greenpeace.org\/static\/planet4-luxembourg-stateless\/2024\/10\/13cf27c5-photo-3-scaled.jpg","keywords":["Luxembourg","Biodiversit\u00e9"],"articleSection":["Greenpeace","Nature"],"inLanguage":"fr-LU"},{"@type":"WebPage","@id":"https:\/\/www.greenpeace.org\/luxembourg\/fr\/communiques-de-presse\/22816\/greenpeace-exprime-son-espoir-pour-la-nature-a-lapproche-de-la-cop16-de-lonu-sur-la-biodiversite\/","url":"https:\/\/www.greenpeace.org\/luxembourg\/fr\/communiques-de-presse\/22816\/greenpeace-exprime-son-espoir-pour-la-nature-a-lapproche-de-la-cop16-de-lonu-sur-la-biodiversite\/","name":"Greenpeace exprime son espoir pour la nature \u00e0 l\u2019approche de la COP16 de l\u2019ONU sur la biodiversit\u00e9 - Greenpeace Luxembourg","isPartOf":{"@id":"https:\/\/www.greenpeace.org\/luxembourg\/fr\/#website"},"primaryImageOfPage":{"@id":"https:\/\/www.greenpeace.org\/luxembourg\/fr\/communiques-de-presse\/22816\/greenpeace-exprime-son-espoir-pour-la-nature-a-lapproche-de-la-cop16-de-lonu-sur-la-biodiversite\/#primaryimage"},"image":{"@id":"https:\/\/www.greenpeace.org\/luxembourg\/fr\/communiques-de-presse\/22816\/greenpeace-exprime-son-espoir-pour-la-nature-a-lapproche-de-la-cop16-de-lonu-sur-la-biodiversite\/#primaryimage"},"thumbnailUrl":"https:\/\/www.greenpeace.org\/static\/planet4-luxembourg-stateless\/2024\/10\/13cf27c5-photo-3-scaled.jpg","datePublished":"2024-10-19T07:04:05+00:00","dateModified":"2024-10-19T07:05:11+00:00","breadcrumb":{"@id":"https:\/\/www.greenpeace.org\/luxembourg\/fr\/communiques-de-presse\/22816\/greenpeace-exprime-son-espoir-pour-la-nature-a-lapproche-de-la-cop16-de-lonu-sur-la-biodiversite\/#breadcrumb"},"inLanguage":"fr-LU","potentialAction":[{"@type":"ReadAction","target":["https:\/\/www.greenpeace.org\/luxembourg\/fr\/communiques-de-presse\/22816\/greenpeace-exprime-son-espoir-pour-la-nature-a-lapproche-de-la-cop16-de-lonu-sur-la-biodiversite\/"]}]},{"@type":"ImageObject","inLanguage":"fr-LU","@id":"https:\/\/www.greenpeace.org\/luxembourg\/fr\/communiques-de-presse\/22816\/greenpeace-exprime-son-espoir-pour-la-nature-a-lapproche-de-la-cop16-de-lonu-sur-la-biodiversite\/#primaryimage","url":"https:\/\/www.greenpeace.org\/static\/planet4-luxembourg-stateless\/2024\/10\/13cf27c5-photo-3-scaled.jpg","contentUrl":"https:\/\/www.greenpeace.org\/static\/planet4-luxembourg-stateless\/2024\/10\/13cf27c5-photo-3-scaled.jpg","width":2560,"height":1707},{"@type":"BreadcrumbList","@id":"https:\/\/www.greenpeace.org\/luxembourg\/fr\/communiques-de-presse\/22816\/greenpeace-exprime-son-espoir-pour-la-nature-a-lapproche-de-la-cop16-de-lonu-sur-la-biodiversite\/#breadcrumb","itemListElement":[{"@type":"ListItem","position":1,"name":"Home","item":"https:\/\/www.greenpeace.org\/luxembourg\/fr\/"},{"@type":"ListItem","position":2,"name":"Greenpeace exprime son espoir pour la nature \u00e0 l\u2019approche de la COP16 de l\u2019ONU sur la biodiversit\u00e9"}]},{"@type":"WebSite","@id":"https:\/\/www.greenpeace.org\/luxembourg\/fr\/#website","url":"https:\/\/www.greenpeace.org\/luxembourg\/fr\/","name":"Greenpeace Luxembourg","description":"Greenpeace existe parce que cette Terre fragile a besoin d&#039;une voix. Elle a besoin de solutions. De changement. D&#039;actions.","publisher":{"@id":"https:\/\/www.greenpeace.org\/luxembourg\/fr\/#organization"},"potentialAction":[{"@type":"SearchAction","target":{"@type":"EntryPoint","urlTemplate":"https:\/\/www.greenpeace.org\/luxembourg\/fr\/?s={search_term_string}"},"query-input":{"@type":"PropertyValueSpecification","valueRequired":true,"valueName":"search_term_string"}}],"inLanguage":"fr-LU"},{"@type":"Organization","@id":"https:\/\/www.greenpeace.org\/luxembourg\/fr\/#organization","name":"Greenpeace Luxembourg","url":"https:\/\/www.greenpeace.org\/luxembourg\/fr\/","logo":{"@type":"ImageObject","inLanguage":"fr-LU","@id":"https:\/\/www.greenpeace.org\/luxembourg\/fr\/#\/schema\/logo\/image\/","url":"https:\/\/www.greenpeace.org\/static\/planet4-luxembourg-stateless\/2026\/03\/3e367f94-greenpeace_logo_green_rgb.png","contentUrl":"https:\/\/www.greenpeace.org\/static\/planet4-luxembourg-stateless\/2026\/03\/3e367f94-greenpeace_logo_green_rgb.png","width":1080,"height":175,"caption":"Greenpeace Luxembourg"},"image":{"@id":"https:\/\/www.greenpeace.org\/luxembourg\/fr\/#\/schema\/logo\/image\/"},"sameAs":["https:\/\/www.facebook.com\/greenpeaceluxembourg","https:\/\/www.instagram.com\/greenpeacelux\/","https:\/\/www.linkedin.com\/company\/greenpeace-luxembourg\/","https:\/\/www.threads.com\/@greenpeacelux","https:\/\/bsky.app\/profile\/greenpeacelux.bsky.social","https:\/\/www.youtube.com\/@GreenpeaceLux","https:\/\/www.tiktok.com\/@greenpeace_lux"]},{"@type":"Person","@id":"https:\/\/www.greenpeace.org\/luxembourg\/fr\/#\/schema\/person\/3d0e81a859b59009fec36a8552ef76a7","name":"Esther Wildanger","url":"https:\/\/www.greenpeace.org\/luxembourg\/fr\/author\/ewildang\/"}]}},"_links":{"self":[{"href":"https:\/\/www.greenpeace.org\/luxembourg\/fr\/wp-json\/wp\/v2\/posts\/22816","targetHints":{"allow":["GET"]}}],"collection":[{"href":"https:\/\/www.greenpeace.org\/luxembourg\/fr\/wp-json\/wp\/v2\/posts"}],"about":[{"href":"https:\/\/www.greenpeace.org\/luxembourg\/fr\/wp-json\/wp\/v2\/types\/post"}],"author":[{"embeddable":true,"href":"https:\/\/www.greenpeace.org\/luxembourg\/fr\/wp-json\/wp\/v2\/users\/25"}],"replies":[{"embeddable":true,"href":"https:\/\/www.greenpeace.org\/luxembourg\/fr\/wp-json\/wp\/v2\/comments?post=22816"}],"version-history":[{"count":5,"href":"https:\/\/www.greenpeace.org\/luxembourg\/fr\/wp-json\/wp\/v2\/posts\/22816\/revisions"}],"predecessor-version":[{"id":22835,"href":"https:\/\/www.greenpeace.org\/luxembourg\/fr\/wp-json\/wp\/v2\/posts\/22816\/revisions\/22835"}],"wp:featuredmedia":[{"embeddable":true,"href":"https:\/\/www.greenpeace.org\/luxembourg\/fr\/wp-json\/wp\/v2\/media\/22832"}],"wp:attachment":[{"href":"https:\/\/www.greenpeace.org\/luxembourg\/fr\/wp-json\/wp\/v2\/media?parent=22816"}],"wp:term":[{"taxonomy":"category","embeddable":true,"href":"https:\/\/www.greenpeace.org\/luxembourg\/fr\/wp-json\/wp\/v2\/categories?post=22816"},{"taxonomy":"post_tag","embeddable":true,"href":"https:\/\/www.greenpeace.org\/luxembourg\/fr\/wp-json\/wp\/v2\/tags?post=22816"},{"taxonomy":"p4-page-type","embeddable":true,"href":"https:\/\/www.greenpeace.org\/luxembourg\/fr\/wp-json\/wp\/v2\/p4-page-type?post=22816"}],"curies":[{"name":"wp","href":"https:\/\/api.w.org\/{rel}","templated":true}]}}