{"id":22924,"date":"2024-11-08T11:00:00","date_gmt":"2024-11-08T09:00:00","guid":{"rendered":"https:\/\/www.greenpeace.org\/luxembourg\/?p=22924"},"modified":"2024-11-15T11:17:20","modified_gmt":"2024-11-15T09:17:20","slug":"cop29-le-luxembourg-doit-payer-sa-part","status":"publish","type":"post","link":"https:\/\/www.greenpeace.org\/luxembourg\/fr\/communiques-de-presse\/22924\/cop29-le-luxembourg-doit-payer-sa-part\/","title":{"rendered":"COP29 : Le Luxembourg doit payer sa part"},"content":{"rendered":"\n<p><em>Luxembourg, le 8 novembre 2024 &#8211; <\/em><strong>En cette p\u00e9riode de l\u2019ann\u00e9e, un \u00e9v\u00e9nement mondial annuel est r\u00e9current, la COP 29 qui se tiendra du 11 au 22 novembre. Votum Klima [1] et les jeunes de Youth for climate action ainsi que les Climate Youth Delegates qui se pr\u00e9parent \u00e0 se rendre \u00e0 Bakou suivront cette conf\u00e9rence de pr\u00e8s et esp\u00e8rent que des d\u00e9cisions concr\u00e8tes y seront enfin prises. Les dirigeants mondiaux parviendront-ils \u00e0 s\u2019accorder sur le principe du NCQG (New Collective Quantified Goal) ? Rien n\u2019est moins s\u00fbr !<\/strong><\/p>\n\n<figure class=\"wp-block-image size-large\"><img loading=\"lazy\" decoding=\"async\" width=\"1024\" height=\"683\" src=\"https:\/\/www.greenpeace.org\/static\/planet4-luxembourg-stateless\/2024\/11\/2ed4ac07-vk_ncqg_cop29_08112024-1024x683.png\" alt=\"\" class=\"wp-image-22927\" srcset=\"https:\/\/www.greenpeace.org\/static\/planet4-luxembourg-stateless\/2024\/11\/2ed4ac07-vk_ncqg_cop29_08112024-1024x683.png 1024w, https:\/\/www.greenpeace.org\/static\/planet4-luxembourg-stateless\/2024\/11\/2ed4ac07-vk_ncqg_cop29_08112024-300x200.png 300w, https:\/\/www.greenpeace.org\/static\/planet4-luxembourg-stateless\/2024\/11\/2ed4ac07-vk_ncqg_cop29_08112024-768x512.png 768w, https:\/\/www.greenpeace.org\/static\/planet4-luxembourg-stateless\/2024\/11\/2ed4ac07-vk_ncqg_cop29_08112024-1536x1024.png 1536w, https:\/\/www.greenpeace.org\/static\/planet4-luxembourg-stateless\/2024\/11\/2ed4ac07-vk_ncqg_cop29_08112024-2048x1366.png 2048w, https:\/\/www.greenpeace.org\/static\/planet4-luxembourg-stateless\/2024\/11\/2ed4ac07-vk_ncqg_cop29_08112024-510x340.png 510w\" sizes=\"auto, (max-width: 1024px) 100vw, 1024px\" \/><figcaption><div class=\"credit icon-left\"> \u00a9 Lise Bockler \/ Greenpeace<\/div><\/figcaption><\/figure>\n\n<p>Concr\u00e8tement, cela signifie que les pays doivent fixer la quantit\u00e9 d\u2019argent qu\u2019ils consacreront collectivement au financement climatique. Il s\u2019agit d\u2019un nouvel objectif, alors que le pr\u00e9c\u00e9dent &#8211; cent milliards par an pour le Green Climate Fund &#8211; a \u00e9t\u00e9 atteint en 2022, de mani\u00e8re discutable et tardive. Il faudra faire mieux cette fois-ci, sinon on risque de voir \u00e9chouer les efforts mondiaux pour sauver le climat !<\/p>\n\n<p>En \u00e9cho \u00e0 l\u2019actualit\u00e9 climatique de ces derniers jours, avec des inondations catastrophiques en de nombreux endroits de la plan\u00e8te, Votum Klima souhaite que le Luxembourg oriente les d\u00e9cisions vers des engagements permettant \u00e0 l\u2019ensemble des pays de lutter contre le changement climatique. Car la transition \u00e9cologique ne pourra aboutir que si tous les pays y participent et respectent les pr\u00e9c\u00e9dents accords des COP, notamment le fameux accord de Paris de 2015. Or, on sait aujourd\u2019hui que la limitation du r\u00e9chauffement \u00e0 1,5 C degr\u00e9 est presque hors de port\u00e9e, vu que nous sommes d\u00e9j\u00e0 \u00e0 1,2\u00b0C degr\u00e9 et que sans actions ambitieuses, les pr\u00e9visions du GIEC atteignent d\u00e9sormais les 3,2 degr\u00e9 en 2030 ! Des repr\u00e9sentant.es de la jeunesse au Luxembourg auront l&#8217;opportunit\u00e9 de suivre les conf\u00e9rences de ce grand meeting sur place. Ils esp\u00e8rent ainsi appuyer les objectifs et revendications que Votum Klima maintient depuis des d\u00e9cennies.&nbsp;<\/p>\n\n<p>Comme rappel\u00e9 par Votum Klima cet \u00e9t\u00e9, \u00e0 l\u2019\u00e9chelle mondiale, le mode de vie des pays occidentaux et d\u00e9velopp\u00e9s exerce une pression sur les ressources qui n\u2019est pas durable non plus : au rythme actuel, il faudrait 1,7 plan\u00e8te pour r\u00e9pondre \u00e0 la demande. L\u2019humanit\u00e9 vit de plus en plus \u00e0 cr\u00e9dit tandis que les factures commencent \u00e0 s\u2019accumuler. De nombreuses r\u00e9gions du monde, souvent dans les pays les moins responsables de cette situation, en subissent d\u00e9j\u00e0 les contraintes effroyables : manque d\u2019eau, chaleurs accablantes\u2026&nbsp;<\/p>\n\n<p>\u00c0 cause de cette responsabilit\u00e9 des pays du Nord, et parce que les pays du Sud global sont confront\u00e9s \u00e0 la fois avec les dommages climatiques et les n\u00e9cessit\u00e9s de l\u2019adaptation et de la transition \u00e9nerg\u00e9tique, la COP29 doit s\u2019accorder sur un objectif de financement climatique ambitieux : le NCQG (New Collective Quantified Goal). \u00c0 l\u2019\u00e9chelle mondiale, nous demandons de fixer cet objectif \u00e0 au moins mille milliards de dollars par an pour l\u2019att\u00e9nuation, l\u2019adaptation et les \u00ab pertes et dommages \u00bb (Loss and Damage) [2].<\/p>\n\n<p>Le financement priv\u00e9 par les march\u00e9s financiers ayant montr\u00e9 ses limites, cet argent devra \u00eatre mis \u00e0 disposition sous forme de fonds publics, \u00e0 pr\u00e9lever notamment sur les acteurs \u00e9conomiques profitant du syst\u00e8me bas\u00e9 sur les \u00e9nergies fossiles. Afin de ne pas renforcer le cercle vicieux de la crise de la dette et la crise climatique qui impacte les \u00e9conomies les plus vuln\u00e9rables, ce financement devra se faire sous forme de dons et non de pr\u00eats. Ces financements devront \u00eatre additionnels \u00e0 l\u2019aide publique au d\u00e9veloppement et comporter des sous-objectifs ambitieux pour l\u2019adaptation et les \u00ab pertes et dommages \u00bb car jusqu\u2019ici ces domaines ont \u00e9t\u00e9 sous-financ\u00e9s.<\/p>\n\n<p>Cette revendication est notamment reprise dans une lettre ouverte envoy\u00e9e le 6 novembre au gouvernement luxembourgeois. Dans celle-ci, Votum Klima appelle \u00e0 soutenir des positions \u00e0 la hauteur des d\u00e9fis sur le plan europ\u00e9en et international et de donner l\u2019exemple en augmentant les ambitions climatiques nationales. Cela concerne l\u2019objectif de baisse des \u00e9missions, insuffisant pour contribuer \u00e0 la limitation du r\u00e9chauffement \u00e0 1,5 C degr\u00e9, mais aussi les engagements financiers : En tenant compte des \u00e9missions historiques du Luxembourg et de sa prosp\u00e9rit\u00e9 actuelle, le pays devrait contribuer au moins 600 millions d\u2019euros par an au NCQG, dont la moiti\u00e9 pour les \u00ab pertes et dommages \u00bb [3].<\/p>\n\n<hr class=\"wp-block-separator has-alpha-channel-opacity is-style-wide\"\/>\n\n<p class=\"has-small-font-size\"><strong>Notes :<\/strong><\/p>\n\n<p class=\"has-small-font-size\">La photo de l\u2019action est disponible <a href=\"https:\/\/drive.google.com\/file\/d\/1xybhtRt5ba8N9EcHHE-x6UkFZUXQs-IS\/view?usp=sharing\">ici<\/a>. Cr\u00e9dits : Lise Bockler<\/p>\n\n<p class=\"has-small-font-size\">[1] Votum Klima est une plateforme qui r\u00e9unit les associations suivantes : AEIN (Aide \u00e0 l\u2019enfance de l\u2019Inde et du N\u00e9pal), ASTM (Action Solidarit\u00e9 Tiers Monde), CELL, Cercle de coop\u00e9ration, etika, Eurosolar L\u00ebtzebuerg, fr\u00e8res des hommes, Fairtrade L\u00ebtzebuerg, Greenpeace, natur&amp;\u00ebmwelt, partage.lu, proVelo. SOS Faim, Vereenegung fir Biolandwirtschaft L\u00ebtzebuerg a.s.b.l.<\/p>\n\n<p class=\"has-small-font-size\">[2] Position de CAN international : climatenetwork.org\/resource\/climate-action-network-submission-ncqg\/<\/p>\n\n<p class=\"has-small-font-size\">[3] Analyse de l\u2019ASTM : <a href=\"http:\/\/astm.lu\/wp-content\/uploads\/2022\/11\/Une-affaire-de-responsabilite%CC%81_ASTM_20221108-1.pdf\">astm.lu\/wp-content\/uploads\/2022\/11\/Une-affaire-de-responsabilite%CC%81_ASTM_20221108-1.pdf<\/a><\/p>\n","protected":false},"excerpt":{"rendered":"<p>En cette p\u00e9riode de l\u2019ann\u00e9e, un \u00e9v\u00e9nement mondial annuel est r\u00e9current, la COP 29 qui se tiendra du 11 au 22 novembre. Votum Klima\u2026<\/p>\n","protected":false},"author":22,"featured_media":22935,"comment_status":"closed","ping_status":"closed","sticky":false,"template":"","format":"standard","meta":{"ep_exclude_from_search":false,"p4_og_title":"","p4_og_description":"","p4_og_image":"","p4_og_image_id":"","p4_seo_canonical_url":"","p4_campaign_name":"","p4_local_project":"","p4_basket_name":"","p4_department":"","footnotes":""},"categories":[41],"tags":[32,37],"p4-page-type":[83],"class_list":["post-22924","post","type-post","status-publish","format-standard","has-post-thumbnail","hentry","category-climat","tag-luxembourg","tag-changementclimatique","p4-page-type-communiques-de-presse"],"yoast_head":"<!-- This site is optimized with the Yoast SEO Premium plugin v23.9 (Yoast SEO v23.9) - https:\/\/yoast.com\/wordpress\/plugins\/seo\/ -->\n<title>COP29 : Le Luxembourg doit payer sa part - Greenpeace Luxembourg<\/title>\n<meta name=\"robots\" content=\"index, follow, max-snippet:-1, max-image-preview:large, max-video-preview:-1\" \/>\n<link rel=\"canonical\" href=\"https:\/\/www.greenpeace.org\/luxembourg\/fr\/communiques-de-presse\/22924\/cop29-le-luxembourg-doit-payer-sa-part\/\" \/>\n<meta property=\"og:locale\" content=\"fr_FR\" \/>\n<meta property=\"og:type\" content=\"article\" \/>\n<meta property=\"og:title\" content=\"COP29 : Le Luxembourg doit payer sa part\" \/>\n<meta property=\"og:description\" content=\"En cette p\u00e9riode de l\u2019ann\u00e9e, un \u00e9v\u00e9nement mondial annuel est r\u00e9current, la COP 29 qui se tiendra du 11 au 22 novembre. Votum Klima\u2026\" \/>\n<meta property=\"og:url\" content=\"https:\/\/www.greenpeace.org\/luxembourg\/fr\/communiques-de-presse\/22924\/cop29-le-luxembourg-doit-payer-sa-part\/\" \/>\n<meta property=\"og:site_name\" content=\"Greenpeace Luxembourg\" \/>\n<meta property=\"article:publisher\" content=\"https:\/\/www.facebook.com\/greenpeaceluxembourg\" \/>\n<meta property=\"article:published_time\" content=\"2024-11-08T09:00:00+00:00\" \/>\n<meta property=\"article:modified_time\" content=\"2024-11-15T09:17:20+00:00\" \/>\n<meta property=\"og:image\" content=\"https:\/\/www.greenpeace.org\/static\/planet4-luxembourg-stateless\/2024\/11\/dbd0953d-actionvotumklima_ncqg_cop29_08112024.png\" \/>\n\t<meta property=\"og:image:width\" content=\"1024\" \/>\n\t<meta property=\"og:image:height\" content=\"683\" \/>\n\t<meta property=\"og:image:type\" content=\"image\/png\" \/>\n<meta name=\"author\" content=\"Lise Bockler\" \/>\n<meta name=\"twitter:card\" content=\"summary_large_image\" \/>\n<meta name=\"twitter:label1\" content=\"Written by\" \/>\n\t<meta name=\"twitter:data1\" content=\"Lise Bockler\" \/>\n\t<meta name=\"twitter:label2\" content=\"Est. reading time\" \/>\n\t<meta name=\"twitter:data2\" content=\"4 minutes\" \/>\n<script type=\"application\/ld+json\" class=\"yoast-schema-graph\">{\"@context\":\"https:\/\/schema.org\",\"@graph\":[{\"@type\":\"Article\",\"@id\":\"https:\/\/www.greenpeace.org\/luxembourg\/fr\/communiques-de-presse\/22924\/cop29-le-luxembourg-doit-payer-sa-part\/#article\",\"isPartOf\":{\"@id\":\"https:\/\/www.greenpeace.org\/luxembourg\/fr\/communiques-de-presse\/22924\/cop29-le-luxembourg-doit-payer-sa-part\/\"},\"author\":{\"name\":\"Lise Bockler\",\"@id\":\"https:\/\/www.greenpeace.org\/luxembourg\/fr\/#\/schema\/person\/7d322b18d9b47ed2f3e7a6d8f5641c7f\"},\"headline\":\"COP29 : Le Luxembourg doit payer sa part\",\"datePublished\":\"2024-11-08T09:00:00+00:00\",\"dateModified\":\"2024-11-15T09:17:20+00:00\",\"mainEntityOfPage\":{\"@id\":\"https:\/\/www.greenpeace.org\/luxembourg\/fr\/communiques-de-presse\/22924\/cop29-le-luxembourg-doit-payer-sa-part\/\"},\"wordCount\":822,\"publisher\":{\"@id\":\"https:\/\/www.greenpeace.org\/luxembourg\/fr\/#organization\"},\"image\":{\"@id\":\"https:\/\/www.greenpeace.org\/luxembourg\/fr\/communiques-de-presse\/22924\/cop29-le-luxembourg-doit-payer-sa-part\/#primaryimage\"},\"thumbnailUrl\":\"https:\/\/www.greenpeace.org\/static\/planet4-luxembourg-stateless\/2024\/11\/dbd0953d-actionvotumklima_ncqg_cop29_08112024.png\",\"keywords\":[\"Luxembourg\",\"ChangementClimatique\"],\"articleSection\":[\"Climat\"],\"inLanguage\":\"fr-LU\"},{\"@type\":\"WebPage\",\"@id\":\"https:\/\/www.greenpeace.org\/luxembourg\/fr\/communiques-de-presse\/22924\/cop29-le-luxembourg-doit-payer-sa-part\/\",\"url\":\"https:\/\/www.greenpeace.org\/luxembourg\/fr\/communiques-de-presse\/22924\/cop29-le-luxembourg-doit-payer-sa-part\/\",\"name\":\"COP29 : Le Luxembourg doit payer sa part - Greenpeace Luxembourg\",\"isPartOf\":{\"@id\":\"https:\/\/www.greenpeace.org\/luxembourg\/fr\/#website\"},\"primaryImageOfPage\":{\"@id\":\"https:\/\/www.greenpeace.org\/luxembourg\/fr\/communiques-de-presse\/22924\/cop29-le-luxembourg-doit-payer-sa-part\/#primaryimage\"},\"image\":{\"@id\":\"https:\/\/www.greenpeace.org\/luxembourg\/fr\/communiques-de-presse\/22924\/cop29-le-luxembourg-doit-payer-sa-part\/#primaryimage\"},\"thumbnailUrl\":\"https:\/\/www.greenpeace.org\/static\/planet4-luxembourg-stateless\/2024\/11\/dbd0953d-actionvotumklima_ncqg_cop29_08112024.png\",\"datePublished\":\"2024-11-08T09:00:00+00:00\",\"dateModified\":\"2024-11-15T09:17:20+00:00\",\"breadcrumb\":{\"@id\":\"https:\/\/www.greenpeace.org\/luxembourg\/fr\/communiques-de-presse\/22924\/cop29-le-luxembourg-doit-payer-sa-part\/#breadcrumb\"},\"inLanguage\":\"fr-LU\",\"potentialAction\":[{\"@type\":\"ReadAction\",\"target\":[\"https:\/\/www.greenpeace.org\/luxembourg\/fr\/communiques-de-presse\/22924\/cop29-le-luxembourg-doit-payer-sa-part\/\"]}]},{\"@type\":\"ImageObject\",\"inLanguage\":\"fr-LU\",\"@id\":\"https:\/\/www.greenpeace.org\/luxembourg\/fr\/communiques-de-presse\/22924\/cop29-le-luxembourg-doit-payer-sa-part\/#primaryimage\",\"url\":\"https:\/\/www.greenpeace.org\/static\/planet4-luxembourg-stateless\/2024\/11\/dbd0953d-actionvotumklima_ncqg_cop29_08112024.png\",\"contentUrl\":\"https:\/\/www.greenpeace.org\/static\/planet4-luxembourg-stateless\/2024\/11\/dbd0953d-actionvotumklima_ncqg_cop29_08112024.png\",\"width\":1024,\"height\":683},{\"@type\":\"BreadcrumbList\",\"@id\":\"https:\/\/www.greenpeace.org\/luxembourg\/fr\/communiques-de-presse\/22924\/cop29-le-luxembourg-doit-payer-sa-part\/#breadcrumb\",\"itemListElement\":[{\"@type\":\"ListItem\",\"position\":1,\"name\":\"Home\",\"item\":\"https:\/\/www.greenpeace.org\/luxembourg\/fr\/\"},{\"@type\":\"ListItem\",\"position\":2,\"name\":\"COP29 : Le Luxembourg doit payer sa part\"}]},{\"@type\":\"WebSite\",\"@id\":\"https:\/\/www.greenpeace.org\/luxembourg\/fr\/#website\",\"url\":\"https:\/\/www.greenpeace.org\/luxembourg\/fr\/\",\"name\":\"Greenpeace Luxembourg\",\"description\":\"Greenpeace existe parce que cette Terre fragile a besoin d&#039;une voix. Elle a besoin de solutions. De changement. D&#039;actions.\",\"publisher\":{\"@id\":\"https:\/\/www.greenpeace.org\/luxembourg\/fr\/#organization\"},\"potentialAction\":[{\"@type\":\"SearchAction\",\"target\":{\"@type\":\"EntryPoint\",\"urlTemplate\":\"https:\/\/www.greenpeace.org\/luxembourg\/fr\/?s={search_term_string}\"},\"query-input\":{\"@type\":\"PropertyValueSpecification\",\"valueRequired\":true,\"valueName\":\"search_term_string\"}}],\"inLanguage\":\"fr-LU\"},{\"@type\":\"Organization\",\"@id\":\"https:\/\/www.greenpeace.org\/luxembourg\/fr\/#organization\",\"name\":\"Greenpeace Luxembourg\",\"url\":\"https:\/\/www.greenpeace.org\/luxembourg\/fr\/\",\"logo\":{\"@type\":\"ImageObject\",\"inLanguage\":\"fr-LU\",\"@id\":\"https:\/\/www.greenpeace.org\/luxembourg\/fr\/#\/schema\/logo\/image\/\",\"url\":\"https:\/\/www.greenpeace.org\/static\/planet4-luxembourg-stateless\/2026\/03\/3e367f94-greenpeace_logo_green_rgb.png\",\"contentUrl\":\"https:\/\/www.greenpeace.org\/static\/planet4-luxembourg-stateless\/2026\/03\/3e367f94-greenpeace_logo_green_rgb.png\",\"width\":1080,\"height\":175,\"caption\":\"Greenpeace Luxembourg\"},\"image\":{\"@id\":\"https:\/\/www.greenpeace.org\/luxembourg\/fr\/#\/schema\/logo\/image\/\"},\"sameAs\":[\"https:\/\/www.facebook.com\/greenpeaceluxembourg\",\"https:\/\/www.instagram.com\/greenpeacelux\/\",\"https:\/\/www.linkedin.com\/company\/greenpeace-luxembourg\/\",\"https:\/\/www.threads.com\/@greenpeacelux\",\"https:\/\/bsky.app\/profile\/greenpeacelux.bsky.social\",\"https:\/\/www.youtube.com\/@GreenpeaceLux\",\"https:\/\/www.tiktok.com\/@greenpeace_lux\"]},{\"@type\":\"Person\",\"@id\":\"https:\/\/www.greenpeace.org\/luxembourg\/fr\/#\/schema\/person\/7d322b18d9b47ed2f3e7a6d8f5641c7f\",\"name\":\"Lise Bockler\",\"url\":\"https:\/\/www.greenpeace.org\/luxembourg\/fr\/author\/lbockler\/\"}]}<\/script>\n<!-- \/ Yoast SEO Premium plugin. -->","yoast_head_json":{"title":"COP29 : Le Luxembourg doit payer sa part - Greenpeace Luxembourg","robots":{"index":"index","follow":"follow","max-snippet":"max-snippet:-1","max-image-preview":"max-image-preview:large","max-video-preview":"max-video-preview:-1"},"canonical":"https:\/\/www.greenpeace.org\/luxembourg\/fr\/communiques-de-presse\/22924\/cop29-le-luxembourg-doit-payer-sa-part\/","og_locale":"fr_FR","og_type":"article","og_title":"COP29 : Le Luxembourg doit payer sa part","og_description":"En cette p\u00e9riode de l\u2019ann\u00e9e, un \u00e9v\u00e9nement mondial annuel est r\u00e9current, la COP 29 qui se tiendra du 11 au 22 novembre. Votum Klima\u2026","og_url":"https:\/\/www.greenpeace.org\/luxembourg\/fr\/communiques-de-presse\/22924\/cop29-le-luxembourg-doit-payer-sa-part\/","og_site_name":"Greenpeace Luxembourg","article_publisher":"https:\/\/www.facebook.com\/greenpeaceluxembourg","article_published_time":"2024-11-08T09:00:00+00:00","article_modified_time":"2024-11-15T09:17:20+00:00","og_image":[{"width":1024,"height":683,"url":"https:\/\/www.greenpeace.org\/static\/planet4-luxembourg-stateless\/2024\/11\/dbd0953d-actionvotumklima_ncqg_cop29_08112024.png","type":"image\/png"}],"author":"Lise Bockler","twitter_card":"summary_large_image","twitter_misc":{"Written by":"Lise Bockler","Est. reading time":"4 minutes"},"schema":{"@context":"https:\/\/schema.org","@graph":[{"@type":"Article","@id":"https:\/\/www.greenpeace.org\/luxembourg\/fr\/communiques-de-presse\/22924\/cop29-le-luxembourg-doit-payer-sa-part\/#article","isPartOf":{"@id":"https:\/\/www.greenpeace.org\/luxembourg\/fr\/communiques-de-presse\/22924\/cop29-le-luxembourg-doit-payer-sa-part\/"},"author":{"name":"Lise Bockler","@id":"https:\/\/www.greenpeace.org\/luxembourg\/fr\/#\/schema\/person\/7d322b18d9b47ed2f3e7a6d8f5641c7f"},"headline":"COP29 : Le Luxembourg doit payer sa part","datePublished":"2024-11-08T09:00:00+00:00","dateModified":"2024-11-15T09:17:20+00:00","mainEntityOfPage":{"@id":"https:\/\/www.greenpeace.org\/luxembourg\/fr\/communiques-de-presse\/22924\/cop29-le-luxembourg-doit-payer-sa-part\/"},"wordCount":822,"publisher":{"@id":"https:\/\/www.greenpeace.org\/luxembourg\/fr\/#organization"},"image":{"@id":"https:\/\/www.greenpeace.org\/luxembourg\/fr\/communiques-de-presse\/22924\/cop29-le-luxembourg-doit-payer-sa-part\/#primaryimage"},"thumbnailUrl":"https:\/\/www.greenpeace.org\/static\/planet4-luxembourg-stateless\/2024\/11\/dbd0953d-actionvotumklima_ncqg_cop29_08112024.png","keywords":["Luxembourg","ChangementClimatique"],"articleSection":["Climat"],"inLanguage":"fr-LU"},{"@type":"WebPage","@id":"https:\/\/www.greenpeace.org\/luxembourg\/fr\/communiques-de-presse\/22924\/cop29-le-luxembourg-doit-payer-sa-part\/","url":"https:\/\/www.greenpeace.org\/luxembourg\/fr\/communiques-de-presse\/22924\/cop29-le-luxembourg-doit-payer-sa-part\/","name":"COP29 : Le Luxembourg doit payer sa part - Greenpeace Luxembourg","isPartOf":{"@id":"https:\/\/www.greenpeace.org\/luxembourg\/fr\/#website"},"primaryImageOfPage":{"@id":"https:\/\/www.greenpeace.org\/luxembourg\/fr\/communiques-de-presse\/22924\/cop29-le-luxembourg-doit-payer-sa-part\/#primaryimage"},"image":{"@id":"https:\/\/www.greenpeace.org\/luxembourg\/fr\/communiques-de-presse\/22924\/cop29-le-luxembourg-doit-payer-sa-part\/#primaryimage"},"thumbnailUrl":"https:\/\/www.greenpeace.org\/static\/planet4-luxembourg-stateless\/2024\/11\/dbd0953d-actionvotumklima_ncqg_cop29_08112024.png","datePublished":"2024-11-08T09:00:00+00:00","dateModified":"2024-11-15T09:17:20+00:00","breadcrumb":{"@id":"https:\/\/www.greenpeace.org\/luxembourg\/fr\/communiques-de-presse\/22924\/cop29-le-luxembourg-doit-payer-sa-part\/#breadcrumb"},"inLanguage":"fr-LU","potentialAction":[{"@type":"ReadAction","target":["https:\/\/www.greenpeace.org\/luxembourg\/fr\/communiques-de-presse\/22924\/cop29-le-luxembourg-doit-payer-sa-part\/"]}]},{"@type":"ImageObject","inLanguage":"fr-LU","@id":"https:\/\/www.greenpeace.org\/luxembourg\/fr\/communiques-de-presse\/22924\/cop29-le-luxembourg-doit-payer-sa-part\/#primaryimage","url":"https:\/\/www.greenpeace.org\/static\/planet4-luxembourg-stateless\/2024\/11\/dbd0953d-actionvotumklima_ncqg_cop29_08112024.png","contentUrl":"https:\/\/www.greenpeace.org\/static\/planet4-luxembourg-stateless\/2024\/11\/dbd0953d-actionvotumklima_ncqg_cop29_08112024.png","width":1024,"height":683},{"@type":"BreadcrumbList","@id":"https:\/\/www.greenpeace.org\/luxembourg\/fr\/communiques-de-presse\/22924\/cop29-le-luxembourg-doit-payer-sa-part\/#breadcrumb","itemListElement":[{"@type":"ListItem","position":1,"name":"Home","item":"https:\/\/www.greenpeace.org\/luxembourg\/fr\/"},{"@type":"ListItem","position":2,"name":"COP29 : Le Luxembourg doit payer sa part"}]},{"@type":"WebSite","@id":"https:\/\/www.greenpeace.org\/luxembourg\/fr\/#website","url":"https:\/\/www.greenpeace.org\/luxembourg\/fr\/","name":"Greenpeace Luxembourg","description":"Greenpeace existe parce que cette Terre fragile a besoin d&#039;une voix. Elle a besoin de solutions. De changement. D&#039;actions.","publisher":{"@id":"https:\/\/www.greenpeace.org\/luxembourg\/fr\/#organization"},"potentialAction":[{"@type":"SearchAction","target":{"@type":"EntryPoint","urlTemplate":"https:\/\/www.greenpeace.org\/luxembourg\/fr\/?s={search_term_string}"},"query-input":{"@type":"PropertyValueSpecification","valueRequired":true,"valueName":"search_term_string"}}],"inLanguage":"fr-LU"},{"@type":"Organization","@id":"https:\/\/www.greenpeace.org\/luxembourg\/fr\/#organization","name":"Greenpeace Luxembourg","url":"https:\/\/www.greenpeace.org\/luxembourg\/fr\/","logo":{"@type":"ImageObject","inLanguage":"fr-LU","@id":"https:\/\/www.greenpeace.org\/luxembourg\/fr\/#\/schema\/logo\/image\/","url":"https:\/\/www.greenpeace.org\/static\/planet4-luxembourg-stateless\/2026\/03\/3e367f94-greenpeace_logo_green_rgb.png","contentUrl":"https:\/\/www.greenpeace.org\/static\/planet4-luxembourg-stateless\/2026\/03\/3e367f94-greenpeace_logo_green_rgb.png","width":1080,"height":175,"caption":"Greenpeace Luxembourg"},"image":{"@id":"https:\/\/www.greenpeace.org\/luxembourg\/fr\/#\/schema\/logo\/image\/"},"sameAs":["https:\/\/www.facebook.com\/greenpeaceluxembourg","https:\/\/www.instagram.com\/greenpeacelux\/","https:\/\/www.linkedin.com\/company\/greenpeace-luxembourg\/","https:\/\/www.threads.com\/@greenpeacelux","https:\/\/bsky.app\/profile\/greenpeacelux.bsky.social","https:\/\/www.youtube.com\/@GreenpeaceLux","https:\/\/www.tiktok.com\/@greenpeace_lux"]},{"@type":"Person","@id":"https:\/\/www.greenpeace.org\/luxembourg\/fr\/#\/schema\/person\/7d322b18d9b47ed2f3e7a6d8f5641c7f","name":"Lise Bockler","url":"https:\/\/www.greenpeace.org\/luxembourg\/fr\/author\/lbockler\/"}]}},"_links":{"self":[{"href":"https:\/\/www.greenpeace.org\/luxembourg\/fr\/wp-json\/wp\/v2\/posts\/22924","targetHints":{"allow":["GET"]}}],"collection":[{"href":"https:\/\/www.greenpeace.org\/luxembourg\/fr\/wp-json\/wp\/v2\/posts"}],"about":[{"href":"https:\/\/www.greenpeace.org\/luxembourg\/fr\/wp-json\/wp\/v2\/types\/post"}],"author":[{"embeddable":true,"href":"https:\/\/www.greenpeace.org\/luxembourg\/fr\/wp-json\/wp\/v2\/users\/22"}],"replies":[{"embeddable":true,"href":"https:\/\/www.greenpeace.org\/luxembourg\/fr\/wp-json\/wp\/v2\/comments?post=22924"}],"version-history":[{"count":7,"href":"https:\/\/www.greenpeace.org\/luxembourg\/fr\/wp-json\/wp\/v2\/posts\/22924\/revisions"}],"predecessor-version":[{"id":23065,"href":"https:\/\/www.greenpeace.org\/luxembourg\/fr\/wp-json\/wp\/v2\/posts\/22924\/revisions\/23065"}],"wp:featuredmedia":[{"embeddable":true,"href":"https:\/\/www.greenpeace.org\/luxembourg\/fr\/wp-json\/wp\/v2\/media\/22935"}],"wp:attachment":[{"href":"https:\/\/www.greenpeace.org\/luxembourg\/fr\/wp-json\/wp\/v2\/media?parent=22924"}],"wp:term":[{"taxonomy":"category","embeddable":true,"href":"https:\/\/www.greenpeace.org\/luxembourg\/fr\/wp-json\/wp\/v2\/categories?post=22924"},{"taxonomy":"post_tag","embeddable":true,"href":"https:\/\/www.greenpeace.org\/luxembourg\/fr\/wp-json\/wp\/v2\/tags?post=22924"},{"taxonomy":"p4-page-type","embeddable":true,"href":"https:\/\/www.greenpeace.org\/luxembourg\/fr\/wp-json\/wp\/v2\/p4-page-type?post=22924"}],"curies":[{"name":"wp","href":"https:\/\/api.w.org\/{rel}","templated":true}]}}