{"id":23674,"date":"2025-02-07T08:02:51","date_gmt":"2025-02-07T06:02:51","guid":{"rendered":"https:\/\/www.greenpeace.org\/luxembourg\/?p=23674"},"modified":"2025-02-07T08:02:54","modified_gmt":"2025-02-07T06:02:54","slug":"astm-fairtrade-letzebuerg-et-greenpeace-demandent-une-reconnaissance-rapide-du-droit-a-un-environnement-propre-sain-et-durable","status":"publish","type":"post","link":"https:\/\/www.greenpeace.org\/luxembourg\/fr\/communiques-de-presse\/23674\/astm-fairtrade-letzebuerg-et-greenpeace-demandent-une-reconnaissance-rapide-du-droit-a-un-environnement-propre-sain-et-durable\/","title":{"rendered":"ASTM, Fairtrade L\u00ebtzebuerg et Greenpeace demandent une reconnaissance rapide du droit \u00e0 un environnement propre, sain et durable"},"content":{"rendered":"\n<p><em>Luxembourg<\/em>, le 7 f\u00e9vrier 2025 &#8211; <strong>\u00c0 l&#8217;occasion de la Pr\u00e9sidence luxembourgeoise du Conseil de l&#8217;Europe, l&#8217;ASTM, Fairtrade L\u00ebtzebuerg et Greenpeace appellent le gouvernement \u00e0 prendre la direction politique n\u00e9cessaire et \u00e0 s&#8217;engager pour l&#8217;adoption rapide d&#8217;un protocole additionnel juridiquement contraignant \u00e0 la Convention europ\u00e9enne des droits de l&#8217;homme reconnaissant le droit \u00e0 un environnement propre, sain et durable. Les organisations, signataires d&#8217;un <\/strong><a href=\"https:\/\/healthyenvironmenteurope.com\/\"><strong>appel lanc\u00e9 par 450 organisations de la soci\u00e9t\u00e9 civile, mouvements sociaux et organisations de peuples indig\u00e8nes, ainsi que par plus de 200 scientifiques <\/strong><\/a><strong>[1], regrettent que cette question urgente ne figure pas parmi les priorit\u00e9s de la pr\u00e9sidence luxembourgeoise, alors que la crise environnementale \u2014&nbsp; notamment le d\u00e9r\u00e8glement climatique, la perte de biodiversit\u00e9 et la pollution \u2014&nbsp; menace les droits humains \u00e0 une \u00e9chelle sans pr\u00e9c\u00e9dent. [2]<\/strong><\/p>\n\n<p>ASTM, Fairtrade L\u00ebtzebuerg et Greenpeace d\u00e9plorent le manque d&#8217;ambition du gouvernement sur cette question importante. Ainsi, \u00e0 l&#8217;exception d&#8217;une conf\u00e9rence, rien dans le <a href=\"https:\/\/mae.gouvernement.lu\/fr\/directions-du-ministere\/affaires-politiques\/presidence-luxembourgeoise-du-comite-des-ministres\/programme-calendrier.html\">programme de la pr\u00e9sidence luxembourgeoise <\/a>[3] n&#8217;indique que le gouvernement entend faire de la protection du droit \u00e0 un environnement propre, sain et durable une priorit\u00e9 au niveau europ\u00e9en. Pour la conf\u00e9rence en question, qui se tiendra vendredi prochain \u00e0 l&#8217;Abbaye de Neum\u00fcnster dans le cadre d&#8217;un \u00e9v\u00e9nement priv\u00e9 d&#8217;une journ\u00e9e et qui sera consacr\u00e9 au r\u00f4le des parlements nationaux dans la protection du droit \u00e0 un environnement sain, les repr\u00e9sentant\u00b7es de la soci\u00e9t\u00e9 civile luxembourgeoise n&#8217;ont pas \u00e9t\u00e9 invit\u00e9\u00b7es \u00e0 participer aux diff\u00e9rentes tables rondes.<\/p>\n\n<p><strong>Le Luxembourg n&#8217;assume pas sa marge de man\u0153uvre<\/strong><\/p>\n\n<p>\u00c9tant donn\u00e9 l\u2019urgence de la situation, le Luxembourg aurait pu endosser le r\u00f4le de chef de file et profiter de sa pr\u00e9sidence pour franchir un pas d\u00e9cisif dans la reconnaissance de ce droit \u00e0 un environnement durable. L\u2019absence de la soci\u00e9t\u00e9 civile et des organismes de d\u00e9fense des droits humains aux tables rondes, alors qu\u2019un repr\u00e9sentant de l\u2019\u00e9conomie y a \u00e9t\u00e9 convi\u00e9, est r\u00e9v\u00e9lateur de la tendance au \u00ab <em>business first<\/em> \u00bb qui se r\u00e9pand malheureusement de plus en plus au Luxembourg.&nbsp;<\/p>\n\n<p>La non-reconnaissance du droit \u00e0 un environnement sain dans la Convention europ\u00e9enne des droits de l&#8217;homme (CEDH) constitue une lacune importante. Avec <a href=\"https:\/\/www.echr.coe.int\/documents\/d\/echr\/FS_Environment_ENG\">plus de 300 affaires li\u00e9es \u00e0 l&#8217;environnement<\/a>, la CEDH a clairement d\u00e9velopp\u00e9 une expertise dans le domaine. Comme le montrent <a href=\"https:\/\/prd-echr.coe.int\/web\/echr\/w\/grand-chamber-rulings-in-the-climate-change-cases\">les r\u00e9cents arr\u00eats de la Grande Chambre<\/a>, notamment dans le cadre de la plainte de l&#8217;association KlimaSeniorinnen Schweiz contre la Suisse, il ne fait aucun doute que la Cour continuera \u00e0 s&#8217;occuper, de plus en plus, des cons\u00e9quences de la d\u00e9gradation de l&#8217;environnement. Cependant, la jurisprudence croissante de la Cour reste fond\u00e9e sur une s\u00e9rie d&#8217;autres droits qui n&#8217;ont \u00e9t\u00e9 d\u00e9velopp\u00e9s qu&#8217;indirectement et sur une base ad hoc. Un protocole additionnel permettrait de garantir que la jurisprudence de la Cour soit coh\u00e9rente et consolid\u00e9e, et permettrait de mettre la Convention en conformit\u00e9 avec ses principes fondamentaux tout en renfor\u00e7ant son efficacit\u00e9.<\/p>\n\n<p>Le droit \u00e0 un environnement propre, sain et durable est un droit humain \u00e0 part enti\u00e8re. La n\u00e9cessit\u00e9 d&#8217;un instrument juridique contraignant fait l&#8217;objet de discussions au sein du Conseil de l&#8217;Europe depuis plusieurs d\u00e9cennies. Bien qu&#8217;une nette majorit\u00e9 (42 sur 46) des \u00c9tats membres du Conseil de l&#8217;Europe reconnaisse ce droit au niveau national, des diff\u00e9rences subsistent et t\u00e9moignent d&#8217;une protection in\u00e9gale.<\/p>\n\n<p>En 2022, les 46 \u00c9tats membres du Conseil de l&#8217;Europe, dont le Luxembourg, ont reconnu ce fait dans une <a href=\"https:\/\/digitallibrary.un.org\/record\/3982508?ln=en&amp;v=pdf#files\">r\u00e9solution de l&#8217;ONU<\/a>. [4] Lors du <a href=\"https:\/\/edoc.coe.int\/en\/the-council-of-europe-in-brief\/11619-united-around-our-values-reykjavik-declaration.html\">sommet de Reykjavik <\/a>en 2023 [5], les chefs d&#8217;\u00c9tat et de gouvernement des 46 \u00c9tats ont promis de poursuivre ce travail au sein du Conseil de l&#8217;Europe. Pourtant, le Conseil de l&#8217;Europe reste \u00e0 la tra\u00eene : il est le seul syst\u00e8me international des droits humains au monde \u00e0 ne pas avoir reconnu le droit \u00e0 un environnement sain de mani\u00e8re juridiquement contraignante. Les l\u00e9gislations r\u00e9gionales en mati\u00e8re de droits humains tout particuli\u00e8rement interam\u00e9ricaines et africaines, ont d\u00e9j\u00e0 pleinement mis ce droit en \u0153uvre.<\/p>\n\n<hr class=\"wp-block-separator has-alpha-channel-opacity is-style-wide\"\/>\n\n<p><strong>Notes :<\/strong><\/p>\n\n<p class=\"has-small-font-size\">\u00a0[1] Appel \u00e0 l&#8217;adoption d&#8217;un protocole additionnel \u00e0 la Convention europ\u00e9enne des droits de l&#8217;homme sur le droit \u00e0 un environnement propre, sain et durable &#8211; Aux ministres des Affaires \u00e9trang\u00e8res et aux Repr\u00e9sentants permanents des \u00c9tats membres du Conseil de l&#8217;Europe <a href=\"https:\/\/healthyenvironmenteurope.com\">https:\/\/healthyenvironmenteurope.com<\/a><br>[2] Nous vivons dans un monde qui souffre d&#8217;une d\u00e9gradation croissante de l&#8217;environnement : on estime que <a href=\"https:\/\/www.who.int\/news-room\/fact-sheets\/detail\/household-air-pollution-and-health\">pr\u00e8s de 7 millions de personnes dans le monde <\/a>et plus de 300 000 rien qu&#8217;en Europe meurent chaque ann\u00e9e des suites de la pollution atmosph\u00e9rique. Les inondations extr\u00eames, les vagues de chaleur prolong\u00e9es, les incendies de for\u00eat et les s\u00e9cheresses croissantes sont de plus en plus fr\u00e9quents en raison du changement climatique, et le groupe de scientifiques le plus important au monde a averti que des mesures globales, coordonn\u00e9es et urgentes devaient \u00eatre prises <a href=\"https:\/\/report.ipcc.ch\/ar6syr\/pdf\/IPCC_AR6_SYR_SPM.pd\">au cours de la prochaine d\u00e9cennie <\/a>afin d&#8217;\u00e9viter les effets encore plus catastrophiques d&#8217;une augmentation de la temp\u00e9rature de 1,5\u00b0C ou plus. Des \u00e9cosyst\u00e8mes entiers s&#8217;effondrent, ce qui a des r\u00e9percussions sur la s\u00e9curit\u00e9 alimentaire et l&#8217;acc\u00e8s \u00e0 l&#8217;eau, affaiblit la r\u00e9silience des communaut\u00e9s et laisse aux g\u00e9n\u00e9rations futures un monde appauvri.<br>[3] <a href=\"https:\/\/mae.gouvernement.lu\/fr\/directions-du-ministere\/affaires-politiques\/presidence-luxembourgeoise-du-comite-des-ministres\/programme-calendrier.html\">https:\/\/mae.gouvernement.lu\/fr\/directions-du-ministere\/affaires-politiques\/presidence-luxembourgeoise-du-comite-des-ministres\/programme-calendrier.html<\/a>\u00a0<br>[4] UN-Res\/76\/300 <a href=\"https:\/\/digitallibrary.un.org\/record\/3982508?ln=en&amp;v=pdf#files\">: https:\/\/digitallibrary.un.org\/record\/3982508?ln=en&amp;v=pdf#files<\/a><br>[5] <a href=\"https:\/\/edoc.coe.int\/en\/the-council-of-europe-in-brief\/11619-united-around-our-values-reykjavik-declaration.html\">https:\/\/edoc.coe.int\/en\/the-council-of-europe-in-brief\/11619-united-around-our-values-reykjavik-declaration.html<\/a>\u00a0<\/p>\n","protected":false},"excerpt":{"rendered":"<p>\u00c0 l\u2019occasion de la Pr\u00e9sidence luxembourgeoise du Conseil de l\u2019Europe, l\u2019ASTM, Fairtrade L\u00ebtzebuerg et Greenpeace appellent le gouvernement \u00e0 prendre la direction politique n\u00e9cessaire\u2026<\/p>\n","protected":false},"author":25,"featured_media":23677,"comment_status":"closed","ping_status":"closed","sticky":false,"template":"","format":"standard","meta":{"ep_exclude_from_search":false,"p4_og_title":"","p4_og_description":"","p4_og_image":"","p4_og_image_id":"","p4_seo_canonical_url":"","p4_campaign_name":"","p4_local_project":"Climate Justice","p4_basket_name":"","p4_department":"","footnotes":""},"categories":[17],"tags":[97],"p4-page-type":[83],"class_list":["post-23674","post","type-post","status-publish","format-standard","has-post-thumbnail","hentry","category-greenpeace","tag-justice","p4-page-type-communiques-de-presse"],"yoast_head":"<!-- This site is optimized with the Yoast SEO Premium plugin v23.9 (Yoast SEO v23.9) - https:\/\/yoast.com\/wordpress\/plugins\/seo\/ -->\n<title>ASTM, Fairtrade L\u00ebtzebuerg et Greenpeace demandent une reconnaissance rapide du droit \u00e0 un environnement propre, sain et durable - Greenpeace Luxembourg<\/title>\n<meta name=\"robots\" content=\"index, follow, max-snippet:-1, max-image-preview:large, max-video-preview:-1\" \/>\n<link rel=\"canonical\" href=\"https:\/\/www.greenpeace.org\/luxembourg\/fr\/communiques-de-presse\/23674\/astm-fairtrade-letzebuerg-et-greenpeace-demandent-une-reconnaissance-rapide-du-droit-a-un-environnement-propre-sain-et-durable\/\" \/>\n<meta property=\"og:locale\" content=\"fr_FR\" \/>\n<meta property=\"og:type\" content=\"article\" \/>\n<meta property=\"og:title\" content=\"ASTM, Fairtrade L\u00ebtzebuerg et Greenpeace demandent une reconnaissance rapide du droit \u00e0 un environnement propre, sain et durable\" \/>\n<meta property=\"og:description\" content=\"\u00c0 l\u2019occasion de la Pr\u00e9sidence luxembourgeoise du Conseil de l\u2019Europe, l\u2019ASTM, Fairtrade L\u00ebtzebuerg et Greenpeace appellent le gouvernement \u00e0 prendre la direction politique n\u00e9cessaire\u2026\" \/>\n<meta property=\"og:url\" content=\"https:\/\/www.greenpeace.org\/luxembourg\/fr\/communiques-de-presse\/23674\/astm-fairtrade-letzebuerg-et-greenpeace-demandent-une-reconnaissance-rapide-du-droit-a-un-environnement-propre-sain-et-durable\/\" \/>\n<meta property=\"og:site_name\" content=\"Greenpeace Luxembourg\" \/>\n<meta property=\"article:publisher\" content=\"https:\/\/www.facebook.com\/greenpeaceluxembourg\" \/>\n<meta property=\"article:published_time\" content=\"2025-02-07T06:02:51+00:00\" \/>\n<meta property=\"article:modified_time\" content=\"2025-02-07T06:02:54+00:00\" \/>\n<meta property=\"og:image\" content=\"https:\/\/www.greenpeace.org\/static\/planet4-luxembourg-stateless\/2025\/02\/50be14f2-gp1sx8cp_medium-res-1200px.jpg\" \/>\n\t<meta property=\"og:image:width\" content=\"1200\" \/>\n\t<meta property=\"og:image:height\" content=\"800\" \/>\n\t<meta property=\"og:image:type\" content=\"image\/jpeg\" \/>\n<meta name=\"author\" content=\"Esther Wildanger\" \/>\n<meta name=\"twitter:card\" content=\"summary_large_image\" \/>\n<meta name=\"twitter:label1\" content=\"Written by\" \/>\n\t<meta name=\"twitter:data1\" content=\"Esther Wildanger\" \/>\n\t<meta name=\"twitter:label2\" content=\"Est. reading time\" \/>\n\t<meta name=\"twitter:data2\" content=\"5 minutes\" \/>\n<script type=\"application\/ld+json\" class=\"yoast-schema-graph\">{\"@context\":\"https:\/\/schema.org\",\"@graph\":[{\"@type\":\"Article\",\"@id\":\"https:\/\/www.greenpeace.org\/luxembourg\/fr\/communiques-de-presse\/23674\/astm-fairtrade-letzebuerg-et-greenpeace-demandent-une-reconnaissance-rapide-du-droit-a-un-environnement-propre-sain-et-durable\/#article\",\"isPartOf\":{\"@id\":\"https:\/\/www.greenpeace.org\/luxembourg\/fr\/communiques-de-presse\/23674\/astm-fairtrade-letzebuerg-et-greenpeace-demandent-une-reconnaissance-rapide-du-droit-a-un-environnement-propre-sain-et-durable\/\"},\"author\":{\"name\":\"Esther Wildanger\",\"@id\":\"https:\/\/www.greenpeace.org\/luxembourg\/fr\/#\/schema\/person\/3d0e81a859b59009fec36a8552ef76a7\"},\"headline\":\"ASTM, Fairtrade L\u00ebtzebuerg et Greenpeace demandent une reconnaissance rapide du droit \u00e0 un environnement propre, sain et durable\",\"datePublished\":\"2025-02-07T06:02:51+00:00\",\"dateModified\":\"2025-02-07T06:02:54+00:00\",\"mainEntityOfPage\":{\"@id\":\"https:\/\/www.greenpeace.org\/luxembourg\/fr\/communiques-de-presse\/23674\/astm-fairtrade-letzebuerg-et-greenpeace-demandent-une-reconnaissance-rapide-du-droit-a-un-environnement-propre-sain-et-durable\/\"},\"wordCount\":977,\"publisher\":{\"@id\":\"https:\/\/www.greenpeace.org\/luxembourg\/fr\/#organization\"},\"image\":{\"@id\":\"https:\/\/www.greenpeace.org\/luxembourg\/fr\/communiques-de-presse\/23674\/astm-fairtrade-letzebuerg-et-greenpeace-demandent-une-reconnaissance-rapide-du-droit-a-un-environnement-propre-sain-et-durable\/#primaryimage\"},\"thumbnailUrl\":\"https:\/\/www.greenpeace.org\/static\/planet4-luxembourg-stateless\/2025\/02\/50be14f2-gp1sx8cp_medium-res-1200px.jpg\",\"keywords\":[\"Justice\"],\"articleSection\":[\"Greenpeace\"],\"inLanguage\":\"fr-LU\"},{\"@type\":\"WebPage\",\"@id\":\"https:\/\/www.greenpeace.org\/luxembourg\/fr\/communiques-de-presse\/23674\/astm-fairtrade-letzebuerg-et-greenpeace-demandent-une-reconnaissance-rapide-du-droit-a-un-environnement-propre-sain-et-durable\/\",\"url\":\"https:\/\/www.greenpeace.org\/luxembourg\/fr\/communiques-de-presse\/23674\/astm-fairtrade-letzebuerg-et-greenpeace-demandent-une-reconnaissance-rapide-du-droit-a-un-environnement-propre-sain-et-durable\/\",\"name\":\"ASTM, Fairtrade L\u00ebtzebuerg et Greenpeace demandent une reconnaissance rapide du droit \u00e0 un environnement propre, sain et durable - Greenpeace Luxembourg\",\"isPartOf\":{\"@id\":\"https:\/\/www.greenpeace.org\/luxembourg\/fr\/#website\"},\"primaryImageOfPage\":{\"@id\":\"https:\/\/www.greenpeace.org\/luxembourg\/fr\/communiques-de-presse\/23674\/astm-fairtrade-letzebuerg-et-greenpeace-demandent-une-reconnaissance-rapide-du-droit-a-un-environnement-propre-sain-et-durable\/#primaryimage\"},\"image\":{\"@id\":\"https:\/\/www.greenpeace.org\/luxembourg\/fr\/communiques-de-presse\/23674\/astm-fairtrade-letzebuerg-et-greenpeace-demandent-une-reconnaissance-rapide-du-droit-a-un-environnement-propre-sain-et-durable\/#primaryimage\"},\"thumbnailUrl\":\"https:\/\/www.greenpeace.org\/static\/planet4-luxembourg-stateless\/2025\/02\/50be14f2-gp1sx8cp_medium-res-1200px.jpg\",\"datePublished\":\"2025-02-07T06:02:51+00:00\",\"dateModified\":\"2025-02-07T06:02:54+00:00\",\"breadcrumb\":{\"@id\":\"https:\/\/www.greenpeace.org\/luxembourg\/fr\/communiques-de-presse\/23674\/astm-fairtrade-letzebuerg-et-greenpeace-demandent-une-reconnaissance-rapide-du-droit-a-un-environnement-propre-sain-et-durable\/#breadcrumb\"},\"inLanguage\":\"fr-LU\",\"potentialAction\":[{\"@type\":\"ReadAction\",\"target\":[\"https:\/\/www.greenpeace.org\/luxembourg\/fr\/communiques-de-presse\/23674\/astm-fairtrade-letzebuerg-et-greenpeace-demandent-une-reconnaissance-rapide-du-droit-a-un-environnement-propre-sain-et-durable\/\"]}]},{\"@type\":\"ImageObject\",\"inLanguage\":\"fr-LU\",\"@id\":\"https:\/\/www.greenpeace.org\/luxembourg\/fr\/communiques-de-presse\/23674\/astm-fairtrade-letzebuerg-et-greenpeace-demandent-une-reconnaissance-rapide-du-droit-a-un-environnement-propre-sain-et-durable\/#primaryimage\",\"url\":\"https:\/\/www.greenpeace.org\/static\/planet4-luxembourg-stateless\/2025\/02\/50be14f2-gp1sx8cp_medium-res-1200px.jpg\",\"contentUrl\":\"https:\/\/www.greenpeace.org\/static\/planet4-luxembourg-stateless\/2025\/02\/50be14f2-gp1sx8cp_medium-res-1200px.jpg\",\"width\":1200,\"height\":800,\"caption\":\"Youth For Climate Luxembourg (Y4C), along with Greenpeace Luxembourg and hundreds of people, took to the streets of Luxembourg calling upon the government to choose \u201cPeople\u201d over \u201cprofit\u201d: the massive financial sector of Luxembourg must phase out fossil-fuel investments in order to protect the climate and human rights all around the world!\"},{\"@type\":\"BreadcrumbList\",\"@id\":\"https:\/\/www.greenpeace.org\/luxembourg\/fr\/communiques-de-presse\/23674\/astm-fairtrade-letzebuerg-et-greenpeace-demandent-une-reconnaissance-rapide-du-droit-a-un-environnement-propre-sain-et-durable\/#breadcrumb\",\"itemListElement\":[{\"@type\":\"ListItem\",\"position\":1,\"name\":\"Home\",\"item\":\"https:\/\/www.greenpeace.org\/luxembourg\/fr\/\"},{\"@type\":\"ListItem\",\"position\":2,\"name\":\"ASTM, Fairtrade L\u00ebtzebuerg et Greenpeace demandent une reconnaissance rapide du droit \u00e0 un environnement propre, sain et durable\"}]},{\"@type\":\"WebSite\",\"@id\":\"https:\/\/www.greenpeace.org\/luxembourg\/fr\/#website\",\"url\":\"https:\/\/www.greenpeace.org\/luxembourg\/fr\/\",\"name\":\"Greenpeace Luxembourg\",\"description\":\"Greenpeace existe parce que cette Terre fragile a besoin d&#039;une voix. Elle a besoin de solutions. De changement. D&#039;actions.\",\"publisher\":{\"@id\":\"https:\/\/www.greenpeace.org\/luxembourg\/fr\/#organization\"},\"potentialAction\":[{\"@type\":\"SearchAction\",\"target\":{\"@type\":\"EntryPoint\",\"urlTemplate\":\"https:\/\/www.greenpeace.org\/luxembourg\/fr\/?s={search_term_string}\"},\"query-input\":{\"@type\":\"PropertyValueSpecification\",\"valueRequired\":true,\"valueName\":\"search_term_string\"}}],\"inLanguage\":\"fr-LU\"},{\"@type\":\"Organization\",\"@id\":\"https:\/\/www.greenpeace.org\/luxembourg\/fr\/#organization\",\"name\":\"Greenpeace Luxembourg\",\"url\":\"https:\/\/www.greenpeace.org\/luxembourg\/fr\/\",\"logo\":{\"@type\":\"ImageObject\",\"inLanguage\":\"fr-LU\",\"@id\":\"https:\/\/www.greenpeace.org\/luxembourg\/fr\/#\/schema\/logo\/image\/\",\"url\":\"https:\/\/www.greenpeace.org\/static\/planet4-luxembourg-stateless\/2026\/03\/3e367f94-greenpeace_logo_green_rgb.png\",\"contentUrl\":\"https:\/\/www.greenpeace.org\/static\/planet4-luxembourg-stateless\/2026\/03\/3e367f94-greenpeace_logo_green_rgb.png\",\"width\":1080,\"height\":175,\"caption\":\"Greenpeace Luxembourg\"},\"image\":{\"@id\":\"https:\/\/www.greenpeace.org\/luxembourg\/fr\/#\/schema\/logo\/image\/\"},\"sameAs\":[\"https:\/\/www.facebook.com\/greenpeaceluxembourg\",\"https:\/\/www.instagram.com\/greenpeacelux\/\",\"https:\/\/www.linkedin.com\/company\/greenpeace-luxembourg\/\",\"https:\/\/www.threads.com\/@greenpeacelux\",\"https:\/\/bsky.app\/profile\/greenpeacelux.bsky.social\",\"https:\/\/www.youtube.com\/@GreenpeaceLux\",\"https:\/\/www.tiktok.com\/@greenpeace_lux\"]},{\"@type\":\"Person\",\"@id\":\"https:\/\/www.greenpeace.org\/luxembourg\/fr\/#\/schema\/person\/3d0e81a859b59009fec36a8552ef76a7\",\"name\":\"Esther Wildanger\",\"url\":\"https:\/\/www.greenpeace.org\/luxembourg\/fr\/author\/ewildang\/\"}]}<\/script>\n<!-- \/ Yoast SEO Premium plugin. -->","yoast_head_json":{"title":"ASTM, Fairtrade L\u00ebtzebuerg et Greenpeace demandent une reconnaissance rapide du droit \u00e0 un environnement propre, sain et durable - Greenpeace Luxembourg","robots":{"index":"index","follow":"follow","max-snippet":"max-snippet:-1","max-image-preview":"max-image-preview:large","max-video-preview":"max-video-preview:-1"},"canonical":"https:\/\/www.greenpeace.org\/luxembourg\/fr\/communiques-de-presse\/23674\/astm-fairtrade-letzebuerg-et-greenpeace-demandent-une-reconnaissance-rapide-du-droit-a-un-environnement-propre-sain-et-durable\/","og_locale":"fr_FR","og_type":"article","og_title":"ASTM, Fairtrade L\u00ebtzebuerg et Greenpeace demandent une reconnaissance rapide du droit \u00e0 un environnement propre, sain et durable","og_description":"\u00c0 l\u2019occasion de la Pr\u00e9sidence luxembourgeoise du Conseil de l\u2019Europe, l\u2019ASTM, Fairtrade L\u00ebtzebuerg et Greenpeace appellent le gouvernement \u00e0 prendre la direction politique n\u00e9cessaire\u2026","og_url":"https:\/\/www.greenpeace.org\/luxembourg\/fr\/communiques-de-presse\/23674\/astm-fairtrade-letzebuerg-et-greenpeace-demandent-une-reconnaissance-rapide-du-droit-a-un-environnement-propre-sain-et-durable\/","og_site_name":"Greenpeace Luxembourg","article_publisher":"https:\/\/www.facebook.com\/greenpeaceluxembourg","article_published_time":"2025-02-07T06:02:51+00:00","article_modified_time":"2025-02-07T06:02:54+00:00","og_image":[{"width":1200,"height":800,"url":"https:\/\/www.greenpeace.org\/static\/planet4-luxembourg-stateless\/2025\/02\/50be14f2-gp1sx8cp_medium-res-1200px.jpg","type":"image\/jpeg"}],"author":"Esther Wildanger","twitter_card":"summary_large_image","twitter_misc":{"Written by":"Esther Wildanger","Est. reading time":"5 minutes"},"schema":{"@context":"https:\/\/schema.org","@graph":[{"@type":"Article","@id":"https:\/\/www.greenpeace.org\/luxembourg\/fr\/communiques-de-presse\/23674\/astm-fairtrade-letzebuerg-et-greenpeace-demandent-une-reconnaissance-rapide-du-droit-a-un-environnement-propre-sain-et-durable\/#article","isPartOf":{"@id":"https:\/\/www.greenpeace.org\/luxembourg\/fr\/communiques-de-presse\/23674\/astm-fairtrade-letzebuerg-et-greenpeace-demandent-une-reconnaissance-rapide-du-droit-a-un-environnement-propre-sain-et-durable\/"},"author":{"name":"Esther Wildanger","@id":"https:\/\/www.greenpeace.org\/luxembourg\/fr\/#\/schema\/person\/3d0e81a859b59009fec36a8552ef76a7"},"headline":"ASTM, Fairtrade L\u00ebtzebuerg et Greenpeace demandent une reconnaissance rapide du droit \u00e0 un environnement propre, sain et durable","datePublished":"2025-02-07T06:02:51+00:00","dateModified":"2025-02-07T06:02:54+00:00","mainEntityOfPage":{"@id":"https:\/\/www.greenpeace.org\/luxembourg\/fr\/communiques-de-presse\/23674\/astm-fairtrade-letzebuerg-et-greenpeace-demandent-une-reconnaissance-rapide-du-droit-a-un-environnement-propre-sain-et-durable\/"},"wordCount":977,"publisher":{"@id":"https:\/\/www.greenpeace.org\/luxembourg\/fr\/#organization"},"image":{"@id":"https:\/\/www.greenpeace.org\/luxembourg\/fr\/communiques-de-presse\/23674\/astm-fairtrade-letzebuerg-et-greenpeace-demandent-une-reconnaissance-rapide-du-droit-a-un-environnement-propre-sain-et-durable\/#primaryimage"},"thumbnailUrl":"https:\/\/www.greenpeace.org\/static\/planet4-luxembourg-stateless\/2025\/02\/50be14f2-gp1sx8cp_medium-res-1200px.jpg","keywords":["Justice"],"articleSection":["Greenpeace"],"inLanguage":"fr-LU"},{"@type":"WebPage","@id":"https:\/\/www.greenpeace.org\/luxembourg\/fr\/communiques-de-presse\/23674\/astm-fairtrade-letzebuerg-et-greenpeace-demandent-une-reconnaissance-rapide-du-droit-a-un-environnement-propre-sain-et-durable\/","url":"https:\/\/www.greenpeace.org\/luxembourg\/fr\/communiques-de-presse\/23674\/astm-fairtrade-letzebuerg-et-greenpeace-demandent-une-reconnaissance-rapide-du-droit-a-un-environnement-propre-sain-et-durable\/","name":"ASTM, Fairtrade L\u00ebtzebuerg et Greenpeace demandent une reconnaissance rapide du droit \u00e0 un environnement propre, sain et durable - Greenpeace Luxembourg","isPartOf":{"@id":"https:\/\/www.greenpeace.org\/luxembourg\/fr\/#website"},"primaryImageOfPage":{"@id":"https:\/\/www.greenpeace.org\/luxembourg\/fr\/communiques-de-presse\/23674\/astm-fairtrade-letzebuerg-et-greenpeace-demandent-une-reconnaissance-rapide-du-droit-a-un-environnement-propre-sain-et-durable\/#primaryimage"},"image":{"@id":"https:\/\/www.greenpeace.org\/luxembourg\/fr\/communiques-de-presse\/23674\/astm-fairtrade-letzebuerg-et-greenpeace-demandent-une-reconnaissance-rapide-du-droit-a-un-environnement-propre-sain-et-durable\/#primaryimage"},"thumbnailUrl":"https:\/\/www.greenpeace.org\/static\/planet4-luxembourg-stateless\/2025\/02\/50be14f2-gp1sx8cp_medium-res-1200px.jpg","datePublished":"2025-02-07T06:02:51+00:00","dateModified":"2025-02-07T06:02:54+00:00","breadcrumb":{"@id":"https:\/\/www.greenpeace.org\/luxembourg\/fr\/communiques-de-presse\/23674\/astm-fairtrade-letzebuerg-et-greenpeace-demandent-une-reconnaissance-rapide-du-droit-a-un-environnement-propre-sain-et-durable\/#breadcrumb"},"inLanguage":"fr-LU","potentialAction":[{"@type":"ReadAction","target":["https:\/\/www.greenpeace.org\/luxembourg\/fr\/communiques-de-presse\/23674\/astm-fairtrade-letzebuerg-et-greenpeace-demandent-une-reconnaissance-rapide-du-droit-a-un-environnement-propre-sain-et-durable\/"]}]},{"@type":"ImageObject","inLanguage":"fr-LU","@id":"https:\/\/www.greenpeace.org\/luxembourg\/fr\/communiques-de-presse\/23674\/astm-fairtrade-letzebuerg-et-greenpeace-demandent-une-reconnaissance-rapide-du-droit-a-un-environnement-propre-sain-et-durable\/#primaryimage","url":"https:\/\/www.greenpeace.org\/static\/planet4-luxembourg-stateless\/2025\/02\/50be14f2-gp1sx8cp_medium-res-1200px.jpg","contentUrl":"https:\/\/www.greenpeace.org\/static\/planet4-luxembourg-stateless\/2025\/02\/50be14f2-gp1sx8cp_medium-res-1200px.jpg","width":1200,"height":800,"caption":"Youth For Climate Luxembourg (Y4C), along with Greenpeace Luxembourg and hundreds of people, took to the streets of Luxembourg calling upon the government to choose \u201cPeople\u201d over \u201cprofit\u201d: the massive financial sector of Luxembourg must phase out fossil-fuel investments in order to protect the climate and human rights all around the world!"},{"@type":"BreadcrumbList","@id":"https:\/\/www.greenpeace.org\/luxembourg\/fr\/communiques-de-presse\/23674\/astm-fairtrade-letzebuerg-et-greenpeace-demandent-une-reconnaissance-rapide-du-droit-a-un-environnement-propre-sain-et-durable\/#breadcrumb","itemListElement":[{"@type":"ListItem","position":1,"name":"Home","item":"https:\/\/www.greenpeace.org\/luxembourg\/fr\/"},{"@type":"ListItem","position":2,"name":"ASTM, Fairtrade L\u00ebtzebuerg et Greenpeace demandent une reconnaissance rapide du droit \u00e0 un environnement propre, sain et durable"}]},{"@type":"WebSite","@id":"https:\/\/www.greenpeace.org\/luxembourg\/fr\/#website","url":"https:\/\/www.greenpeace.org\/luxembourg\/fr\/","name":"Greenpeace Luxembourg","description":"Greenpeace existe parce que cette Terre fragile a besoin d&#039;une voix. Elle a besoin de solutions. De changement. D&#039;actions.","publisher":{"@id":"https:\/\/www.greenpeace.org\/luxembourg\/fr\/#organization"},"potentialAction":[{"@type":"SearchAction","target":{"@type":"EntryPoint","urlTemplate":"https:\/\/www.greenpeace.org\/luxembourg\/fr\/?s={search_term_string}"},"query-input":{"@type":"PropertyValueSpecification","valueRequired":true,"valueName":"search_term_string"}}],"inLanguage":"fr-LU"},{"@type":"Organization","@id":"https:\/\/www.greenpeace.org\/luxembourg\/fr\/#organization","name":"Greenpeace Luxembourg","url":"https:\/\/www.greenpeace.org\/luxembourg\/fr\/","logo":{"@type":"ImageObject","inLanguage":"fr-LU","@id":"https:\/\/www.greenpeace.org\/luxembourg\/fr\/#\/schema\/logo\/image\/","url":"https:\/\/www.greenpeace.org\/static\/planet4-luxembourg-stateless\/2026\/03\/3e367f94-greenpeace_logo_green_rgb.png","contentUrl":"https:\/\/www.greenpeace.org\/static\/planet4-luxembourg-stateless\/2026\/03\/3e367f94-greenpeace_logo_green_rgb.png","width":1080,"height":175,"caption":"Greenpeace Luxembourg"},"image":{"@id":"https:\/\/www.greenpeace.org\/luxembourg\/fr\/#\/schema\/logo\/image\/"},"sameAs":["https:\/\/www.facebook.com\/greenpeaceluxembourg","https:\/\/www.instagram.com\/greenpeacelux\/","https:\/\/www.linkedin.com\/company\/greenpeace-luxembourg\/","https:\/\/www.threads.com\/@greenpeacelux","https:\/\/bsky.app\/profile\/greenpeacelux.bsky.social","https:\/\/www.youtube.com\/@GreenpeaceLux","https:\/\/www.tiktok.com\/@greenpeace_lux"]},{"@type":"Person","@id":"https:\/\/www.greenpeace.org\/luxembourg\/fr\/#\/schema\/person\/3d0e81a859b59009fec36a8552ef76a7","name":"Esther Wildanger","url":"https:\/\/www.greenpeace.org\/luxembourg\/fr\/author\/ewildang\/"}]}},"_links":{"self":[{"href":"https:\/\/www.greenpeace.org\/luxembourg\/fr\/wp-json\/wp\/v2\/posts\/23674","targetHints":{"allow":["GET"]}}],"collection":[{"href":"https:\/\/www.greenpeace.org\/luxembourg\/fr\/wp-json\/wp\/v2\/posts"}],"about":[{"href":"https:\/\/www.greenpeace.org\/luxembourg\/fr\/wp-json\/wp\/v2\/types\/post"}],"author":[{"embeddable":true,"href":"https:\/\/www.greenpeace.org\/luxembourg\/fr\/wp-json\/wp\/v2\/users\/25"}],"replies":[{"embeddable":true,"href":"https:\/\/www.greenpeace.org\/luxembourg\/fr\/wp-json\/wp\/v2\/comments?post=23674"}],"version-history":[{"count":2,"href":"https:\/\/www.greenpeace.org\/luxembourg\/fr\/wp-json\/wp\/v2\/posts\/23674\/revisions"}],"predecessor-version":[{"id":23680,"href":"https:\/\/www.greenpeace.org\/luxembourg\/fr\/wp-json\/wp\/v2\/posts\/23674\/revisions\/23680"}],"wp:featuredmedia":[{"embeddable":true,"href":"https:\/\/www.greenpeace.org\/luxembourg\/fr\/wp-json\/wp\/v2\/media\/23677"}],"wp:attachment":[{"href":"https:\/\/www.greenpeace.org\/luxembourg\/fr\/wp-json\/wp\/v2\/media?parent=23674"}],"wp:term":[{"taxonomy":"category","embeddable":true,"href":"https:\/\/www.greenpeace.org\/luxembourg\/fr\/wp-json\/wp\/v2\/categories?post=23674"},{"taxonomy":"post_tag","embeddable":true,"href":"https:\/\/www.greenpeace.org\/luxembourg\/fr\/wp-json\/wp\/v2\/tags?post=23674"},{"taxonomy":"p4-page-type","embeddable":true,"href":"https:\/\/www.greenpeace.org\/luxembourg\/fr\/wp-json\/wp\/v2\/p4-page-type?post=23674"}],"curies":[{"name":"wp","href":"https:\/\/api.w.org\/{rel}","templated":true}]}}