{"id":23761,"date":"2025-02-18T16:02:58","date_gmt":"2025-02-18T14:02:58","guid":{"rendered":"https:\/\/www.greenpeace.org\/luxembourg\/?p=23761"},"modified":"2026-03-11T16:32:58","modified_gmt":"2026-03-11T14:32:58","slug":"msf-et-greenpeace-ensemble-face-au-plus-grand-defi","status":"publish","type":"post","link":"https:\/\/www.greenpeace.org\/luxembourg\/fr\/actualites\/23761\/msf-et-greenpeace-ensemble-face-au-plus-grand-defi\/","title":{"rendered":"MSF et Greenpeace\u00a0: ensemble face au plus grand d\u00e9fi\u00a0"},"content":{"rendered":"\n<p>Cette ann\u00e9e, encore, le Luxembourg est le premier pays europ\u00e9en \u00e0 atteindre le jour du d\u00e9passement (Overshoot Day, en anglais) \u2013 seul le Qatar fait pire au niveau mondial. <\/p>\n\n<p>En ce 17 f\u00e9vrier, l\u2019empreinte \u00e9cologique du Luxembourg est l\u2019une des plus \u00e9lev\u00e9es au monde : il faudrait plus de 7 plan\u00e8tes pour r\u00e9pondre \u00e0 nos besoins en ressources si l\u2019ensemble des \u00eatres humains consommaient comme un\u00b7e habitant\u00b7e du Grand-Duch\u00e9.&nbsp;<\/p>\n\n<p>Quelles en sont les causes et comment y rem\u00e9dier ? Et bien pour envisager un avenir durable, il faut comprendre que l\u2019environnement, les \u00eatres humains, leur sant\u00e9, la soci\u00e9t\u00e9 et l\u2019\u00e9conomie sont tous interconnect\u00e9s et d\u00e9pendent les uns des autres. C\u2019est en ce sens que Greenpeace et MSF s\u2019allient cette ann\u00e9e pour une grande premi\u00e8re au Luxembourg : un appel au don r\u00e9ciproque pour soutenir leurs causes interconnect\u00e9es \u201c lutter contre le r\u00e9chauffement climatique, c\u2019est sauver ce qui en meurent d\u00e9j\u00e0 \u201d<\/p>\n\n<div class=\"wp-block-buttons is-content-justification-center is-layout-flex wp-container-core-buttons-is-layout-16018d1d wp-block-buttons-is-layout-flex\">\n<div class=\"wp-block-button\"><a class=\"wp-block-button__link wp-element-button\" href=\"https:\/\/msf.lu\/greenpeace\" target=\"_blank\" rel=\"noreferrer noopener\">Je soutiens l\u2019initiative<\/a><\/div>\n<\/div>\n\n<p>Pour mieux comprendre les enjeux de ce partenariat, les deux directeurs reviennent sur l\u2019importance de nos synergies.<\/p>\n\n<figure class=\"wp-block-image size-large\"><img loading=\"lazy\" decoding=\"async\" width=\"1024\" height=\"683\" src=\"https:\/\/www.greenpeace.org\/static\/planet4-luxembourg-stateless\/2025\/02\/ac044a0e-xavier_thomas-1024x683.jpg\" alt=\"Dans le cadre de l\u2019overshoot day 2025, Greenpeace et MSF appellent au don r\u00e9ciproquement. A gauche, Thomas Kauffmann, directeur de MSF porte les couleurs de Greenpeace. A droite, Xavier Turquin, directeur de Greenpeace, porte les couleurs de MSF. \" class=\"wp-image-23762\" srcset=\"https:\/\/www.greenpeace.org\/static\/planet4-luxembourg-stateless\/2025\/02\/ac044a0e-xavier_thomas-1024x683.jpg 1024w, https:\/\/www.greenpeace.org\/static\/planet4-luxembourg-stateless\/2025\/02\/ac044a0e-xavier_thomas-300x200.jpg 300w, https:\/\/www.greenpeace.org\/static\/planet4-luxembourg-stateless\/2025\/02\/ac044a0e-xavier_thomas-768x512.jpg 768w, https:\/\/www.greenpeace.org\/static\/planet4-luxembourg-stateless\/2025\/02\/ac044a0e-xavier_thomas-1536x1024.jpg 1536w, https:\/\/www.greenpeace.org\/static\/planet4-luxembourg-stateless\/2025\/02\/ac044a0e-xavier_thomas-2048x1366.jpg 2048w, https:\/\/www.greenpeace.org\/static\/planet4-luxembourg-stateless\/2025\/02\/ac044a0e-xavier_thomas-510x340.jpg 510w\" sizes=\"auto, (max-width: 1024px) 100vw, 1024px\" \/><figcaption class=\"wp-element-caption\">L\u00e9gende : Dans le cadre de l\u2019overshoot day 2025, Greenpeace et MSF appellent au don r\u00e9ciproquement. A gauche, Thomas Kauffmann, directeur de MSF porte les couleurs de Greenpeace. A droite, Xavier Turquin, directeur de Greenpeace, porte les couleurs de MSF. \u00a9 Corinne Leverrier<\/figcaption><\/figure>\n\n<p><strong>Pourquoi communiquer ensemble le Jour du D\u00e9passement&nbsp;?<\/strong><\/p>\n\n<p>Xavier&nbsp;Turquin, Greenpeace :<em> Le jour du d\u00e9passement est le symbole de nos exc\u00e8s. Et au Luxembourg, nous sommes dans un confort et une s\u00e9curit\u00e9 environnementale qui ne nous permet pas d&#8217;\u00eatre conscient des cons\u00e9quences de ces exc\u00e8s que Greenpeace Luxembourg d\u00e9nonce depuis 40 ans sans \u00eatre suffisamment entendu. Toujours les jours MSF est sur le terrain et peut t\u00e9moigner de ces impacts. Communiquer ensemble permet donc de renforcer nos messages.&nbsp;<\/em><\/p>\n\n<p>Thomas Kauffmann, MSF : <em>Pour MSF, c\u2019est l\u2019occasion d\u2019interpeller la population luxembourgeoise sur une r\u00e9alit\u00e9 que nous constatons chaque jour dans nos projets \u00e0 travers le monde. Dans de nombreux pays, les effets de la crise climatique sont d\u00e9j\u00e0 bien r\u00e9els et ont un impact consid\u00e9rable sur la sant\u00e9, mais aussi sur l\u2019organisation de l\u2019acc\u00e8s aux soins, la question des ressources alimentaires et des moyens de subsistance. Cette r\u00e9alit\u00e9, nous avons voulu l\u2019illustrer par cette phrase&nbsp;: \u00ab&nbsp;On ne peut pas \u00eatre en bonne sant\u00e9 sur une plan\u00e8te malade&nbsp;\u00bb, afin d\u2019insister sur cette interconnexion. Si nous ne faisons rien pour endiguer le changement climatique, nous savons d\u2019ores et d\u00e9j\u00e0 que le nombre de nos patients ne cessera d\u2019augmenter, et que \u2013 t\u00f4t ou tard &#8211; le Luxembourg lui-m\u00eame ne sera pas \u00e9pargn\u00e9.<\/em><\/p>\n\n<p><strong>Pourquoi s\u2019associer entre deux ONG ?<\/strong><\/p>\n\n<p>Thomas Kauffmann, MSF : <em>Greenpeace et MSF sont n\u00e9es la m\u00eame ann\u00e9e&nbsp;: 1971. Nous avons grandi chacun de notre c\u00f4t\u00e9, mais il nous semble que la situation est telle que nous ne pouvons plus agir de fa\u00e7on isol\u00e9e. En nous rassemblant \u00e0 l\u2019occasion du Jour du D\u00e9passement, nous esp\u00e9rons que notre alerte sera entendue et que nous pourrons sensibiliser le plus grand nombre. L\u2019heure n\u2019est plus au chacun pour soi, mais au partage et \u00e0 la force du collectif&nbsp;; c\u2019est pourquoi nous appelons aussi au don chacun pour l\u2019autre &#8211; ce qui est une grande nouveaut\u00e9 dans le monde des ONG &#8211; mais traduit pleinement cet esprit d\u2019interconnexion et de r\u00e9ciprocit\u00e9 que nous voulions insuffler. Avec cette campagne, nous souhaitons interpeller sur les causes du r\u00e9chauffement climatique, que d\u00e9nonce Greenpeace avec tant de d\u00e9termination&nbsp;; et sur les cons\u00e9quences, qui affectent directement la vie des personnes \u00e0 qui nous portons secours.<\/em><\/p>\n\n<p>Xavier&nbsp;Turquin, Greenpeace :&nbsp; <em>Au sein de Greenpeace, nous appelons \u00e0 l\u2019action climatique dans un contexte d\u2019urgence climatique. Malheureusement, ce sens de l\u2019urgence n\u2019est pas compris. Pour MSF, l\u2019urgence est leur c\u0153ur d\u2019expertise et d\u2019intervention. Il est donc fondamental de mettre en commun nos actions. Nous sommes tout \u00e0 fait compl\u00e9mentaires: d\u2019un c\u00f4t\u00e9 il y a les causes que Greenpeace d\u00e9nonce, et de l\u2019autre les cons\u00e9quences que MSF r\u00e9pare. Il faut donc mobiliser de tous les c\u00f4t\u00e9s pour ne pas amplifier les crises \u00e0 venir et pour soigner les victimes actuelles. Cet appel crois\u00e9 et commun est une d\u00e9monstration concr\u00e8te pour faire vivre nos valeurs communes de solidarit\u00e9 et d\u2019entraide.&nbsp;<\/em><\/p>\n\n<p><strong>Que fait Greenpeace concernant la sant\u00e9&nbsp;? Que fait MSF face \u00e0 la crise climatique&nbsp;?<\/strong><\/p>\n\n<p>Xavier&nbsp;Turquin, Greenpeace : <em>Toutes nos luttes ont in fine un impact sur la sant\u00e9. Nous nous sommes engag\u00e9s pour l\u2019interdiction du Glyphosate, entre autres \u00e0 cause de ces impacts sur la sant\u00e9. Les pollutions chimiques, les micro-plastiques sont des probl\u00e9matiques de sant\u00e9. Enfin, les \u00e9nergies fossiles sont les premi\u00e8res causes non seulement des \u00e9missions de CO2 anthropiques mais aussi de pollution atmosph\u00e9rique source de maladies respiratoires cardio-vasculaires responsable de millions de morts pr\u00e9matur\u00e9s<\/em>.<\/p>\n\n<p>Thomas Kauffmann, MSF: <em>Si nous voulons respecter notre \u00e9thique m\u00e9dicale qui consiste \u00e0 \u00ab ne pas nuire \u00bb, nous devons aussi nous assurer que nos propres modes de fonctionnement ne participent pas \u00e0 la crise climatique. C\u2019est pourquoi MSF est engag\u00e9e depuis plusieurs ann\u00e9es \u00e0 r\u00e9duire son empreinte environnementale, avec l\u2019objectif d\u2019une baisse de nos \u00e9missions d&#8217;au moins 50 % par rapport aux niveaux de 2019 d&#8217;ici 2030. C\u2019est pourquoi nous avons adopt\u00e9 plusieurs initiatives dans l&#8217;ensemble du mouvement MSF : r\u00e9duire les voyages et le fret a\u00e9riens non essentiels, mesurer et r\u00e9duire nos \u00e9missions de carbone, adopter des syst\u00e8mes solaires et des pratiques plus efficaces sur le plan \u00e9nerg\u00e9tique, comme au <a href=\"https:\/\/msf.lu\/articles\/power-quatre-raisons-pour-lesquelles-les-equipes-msf-au-nigeria-passent-lenergie-solaire\">Nig\u00e9ria<\/a>, \u00e9viter et r\u00e9duire les d\u00e9chets ou encore num\u00e9riser les processus.<\/em><\/p>\n\n<p><strong>Alors que peuvent faire concr\u00e8tement les citoyen\u00b7nes au Luxembourg pour soutenir cette initiative commune ?<\/strong><\/p>\n\n<p>Faire un don \u00e0 Greenpeace ou MSF, et le faire maintenant tant qu\u2019il est encore temps !&nbsp;<\/p>\n\n<div class=\"wp-block-buttons is-content-justification-center is-layout-flex wp-container-core-buttons-is-layout-16018d1d wp-block-buttons-is-layout-flex\">\n<div class=\"wp-block-button\"><a class=\"wp-block-button__link wp-element-button\" href=\"https:\/\/msf.lu\/greenpeace\" target=\"_blank\" rel=\"noreferrer noopener\">Je soutiens l&#8217;initiative<\/a><\/div>\n<\/div>\n","protected":false},"excerpt":{"rendered":"<p>Cette ann\u00e9e, encore, le Luxembourg est le premier pays europ\u00e9en \u00e0 atteindre le jour du d\u00e9passement (Overshoot Day, en anglais) \u2013 seul le Qatar fait pire au niveau mondial.<\/p>\n","protected":false},"author":25,"featured_media":23762,"comment_status":"closed","ping_status":"closed","sticky":false,"template":"","format":"standard","meta":{"ep_exclude_from_search":false,"p4_og_title":"MSF et Greenpeace\u00a0: ensemble face au plus grand d\u00e9fi","p4_og_description":"Le Luxembourg est \u00e0 nouveau le premier pays europ\u00e9en \u00e0 atteindre son Jour du D\u00e9passement. Greenpeace appelle \u00e0 changer de cap.","p4_og_image":"","p4_og_image_id":"","p4_seo_canonical_url":"","p4_campaign_name":"","p4_local_project":"System Change","p4_basket_name":"","p4_department":"","footnotes":""},"categories":[17,43],"tags":[32,33,37],"p4-page-type":[85],"class_list":["post-23761","post","type-post","status-publish","format-standard","has-post-thumbnail","hentry","category-greenpeace","category-nature","tag-luxembourg","tag-greenpeace-fr","tag-changementclimatique","p4-page-type-actualites"],"yoast_head":"<!-- This site is optimized with the Yoast SEO Premium plugin v23.9 (Yoast SEO v23.9) - https:\/\/yoast.com\/wordpress\/plugins\/seo\/ -->\n<title>MSF et Greenpeace\u00a0: ensemble face au plus grand d\u00e9fi\u00a0 - Greenpeace Luxembourg<\/title>\n<meta name=\"robots\" content=\"index, follow, max-snippet:-1, max-image-preview:large, max-video-preview:-1\" \/>\n<link rel=\"canonical\" href=\"https:\/\/www.greenpeace.org\/luxembourg\/fr\/actualites\/23761\/msf-et-greenpeace-ensemble-face-au-plus-grand-defi\/\" \/>\n<meta property=\"og:locale\" content=\"fr_FR\" \/>\n<meta property=\"og:type\" content=\"article\" \/>\n<meta property=\"og:title\" content=\"MSF et Greenpeace\u00a0: ensemble face au plus grand d\u00e9fi\u00a0\" \/>\n<meta property=\"og:description\" content=\"Cette ann\u00e9e, encore, le Luxembourg est le premier pays europ\u00e9en \u00e0 atteindre le jour du d\u00e9passement (Overshoot Day, en anglais) \u2013 seul le Qatar fait pire au niveau mondial.\" \/>\n<meta property=\"og:url\" content=\"https:\/\/www.greenpeace.org\/luxembourg\/fr\/actualites\/23761\/msf-et-greenpeace-ensemble-face-au-plus-grand-defi\/\" \/>\n<meta property=\"og:site_name\" content=\"Greenpeace Luxembourg\" \/>\n<meta property=\"article:publisher\" content=\"https:\/\/www.facebook.com\/greenpeaceluxembourg\" \/>\n<meta property=\"article:published_time\" content=\"2025-02-18T14:02:58+00:00\" \/>\n<meta property=\"article:modified_time\" content=\"2026-03-11T14:32:58+00:00\" \/>\n<meta property=\"og:image\" content=\"https:\/\/www.greenpeace.org\/static\/planet4-luxembourg-stateless\/2025\/02\/ac044a0e-xavier_thomas-scaled.jpg\" \/>\n\t<meta property=\"og:image:width\" content=\"2560\" \/>\n\t<meta property=\"og:image:height\" content=\"1707\" \/>\n\t<meta property=\"og:image:type\" content=\"image\/jpeg\" \/>\n<meta name=\"author\" content=\"Esther Wildanger\" \/>\n<meta name=\"twitter:card\" content=\"summary_large_image\" \/>\n<meta name=\"twitter:label1\" content=\"Written by\" \/>\n\t<meta name=\"twitter:data1\" content=\"Esther Wildanger\" \/>\n\t<meta name=\"twitter:label2\" content=\"Est. reading time\" \/>\n\t<meta name=\"twitter:data2\" content=\"5 minutes\" \/>\n<script type=\"application\/ld+json\" class=\"yoast-schema-graph\">{\"@context\":\"https:\/\/schema.org\",\"@graph\":[{\"@type\":\"Article\",\"@id\":\"https:\/\/www.greenpeace.org\/luxembourg\/fr\/actualites\/23761\/msf-et-greenpeace-ensemble-face-au-plus-grand-defi\/#article\",\"isPartOf\":{\"@id\":\"https:\/\/www.greenpeace.org\/luxembourg\/fr\/actualites\/23761\/msf-et-greenpeace-ensemble-face-au-plus-grand-defi\/\"},\"author\":{\"name\":\"Esther Wildanger\",\"@id\":\"https:\/\/www.greenpeace.org\/luxembourg\/fr\/#\/schema\/person\/3d0e81a859b59009fec36a8552ef76a7\"},\"headline\":\"MSF et Greenpeace\u00a0: ensemble face au plus grand d\u00e9fi\u00a0\",\"datePublished\":\"2025-02-18T14:02:58+00:00\",\"dateModified\":\"2026-03-11T14:32:58+00:00\",\"mainEntityOfPage\":{\"@id\":\"https:\/\/www.greenpeace.org\/luxembourg\/fr\/actualites\/23761\/msf-et-greenpeace-ensemble-face-au-plus-grand-defi\/\"},\"wordCount\":1049,\"publisher\":{\"@id\":\"https:\/\/www.greenpeace.org\/luxembourg\/fr\/#organization\"},\"image\":{\"@id\":\"https:\/\/www.greenpeace.org\/luxembourg\/fr\/actualites\/23761\/msf-et-greenpeace-ensemble-face-au-plus-grand-defi\/#primaryimage\"},\"thumbnailUrl\":\"https:\/\/www.greenpeace.org\/static\/planet4-luxembourg-stateless\/2025\/02\/ac044a0e-xavier_thomas-scaled.jpg\",\"keywords\":[\"Luxembourg\",\"Greenpeace\",\"ChangementClimatique\"],\"articleSection\":[\"Greenpeace\",\"Nature\"],\"inLanguage\":\"fr-LU\"},{\"@type\":\"WebPage\",\"@id\":\"https:\/\/www.greenpeace.org\/luxembourg\/fr\/actualites\/23761\/msf-et-greenpeace-ensemble-face-au-plus-grand-defi\/\",\"url\":\"https:\/\/www.greenpeace.org\/luxembourg\/fr\/actualites\/23761\/msf-et-greenpeace-ensemble-face-au-plus-grand-defi\/\",\"name\":\"MSF et Greenpeace\u00a0: ensemble face au plus grand d\u00e9fi\u00a0 - Greenpeace Luxembourg\",\"isPartOf\":{\"@id\":\"https:\/\/www.greenpeace.org\/luxembourg\/fr\/#website\"},\"primaryImageOfPage\":{\"@id\":\"https:\/\/www.greenpeace.org\/luxembourg\/fr\/actualites\/23761\/msf-et-greenpeace-ensemble-face-au-plus-grand-defi\/#primaryimage\"},\"image\":{\"@id\":\"https:\/\/www.greenpeace.org\/luxembourg\/fr\/actualites\/23761\/msf-et-greenpeace-ensemble-face-au-plus-grand-defi\/#primaryimage\"},\"thumbnailUrl\":\"https:\/\/www.greenpeace.org\/static\/planet4-luxembourg-stateless\/2025\/02\/ac044a0e-xavier_thomas-scaled.jpg\",\"datePublished\":\"2025-02-18T14:02:58+00:00\",\"dateModified\":\"2026-03-11T14:32:58+00:00\",\"breadcrumb\":{\"@id\":\"https:\/\/www.greenpeace.org\/luxembourg\/fr\/actualites\/23761\/msf-et-greenpeace-ensemble-face-au-plus-grand-defi\/#breadcrumb\"},\"inLanguage\":\"fr-LU\",\"potentialAction\":[{\"@type\":\"ReadAction\",\"target\":[\"https:\/\/www.greenpeace.org\/luxembourg\/fr\/actualites\/23761\/msf-et-greenpeace-ensemble-face-au-plus-grand-defi\/\"]}]},{\"@type\":\"ImageObject\",\"inLanguage\":\"fr-LU\",\"@id\":\"https:\/\/www.greenpeace.org\/luxembourg\/fr\/actualites\/23761\/msf-et-greenpeace-ensemble-face-au-plus-grand-defi\/#primaryimage\",\"url\":\"https:\/\/www.greenpeace.org\/static\/planet4-luxembourg-stateless\/2025\/02\/ac044a0e-xavier_thomas-scaled.jpg\",\"contentUrl\":\"https:\/\/www.greenpeace.org\/static\/planet4-luxembourg-stateless\/2025\/02\/ac044a0e-xavier_thomas-scaled.jpg\",\"width\":2560,\"height\":1707},{\"@type\":\"BreadcrumbList\",\"@id\":\"https:\/\/www.greenpeace.org\/luxembourg\/fr\/actualites\/23761\/msf-et-greenpeace-ensemble-face-au-plus-grand-defi\/#breadcrumb\",\"itemListElement\":[{\"@type\":\"ListItem\",\"position\":1,\"name\":\"Home\",\"item\":\"https:\/\/www.greenpeace.org\/luxembourg\/fr\/\"},{\"@type\":\"ListItem\",\"position\":2,\"name\":\"MSF et Greenpeace\u00a0: ensemble face au plus grand d\u00e9fi\u00a0\"}]},{\"@type\":\"WebSite\",\"@id\":\"https:\/\/www.greenpeace.org\/luxembourg\/fr\/#website\",\"url\":\"https:\/\/www.greenpeace.org\/luxembourg\/fr\/\",\"name\":\"Greenpeace Luxembourg\",\"description\":\"Greenpeace existe parce que cette Terre fragile a besoin d&#039;une voix. Elle a besoin de solutions. De changement. D&#039;actions.\",\"publisher\":{\"@id\":\"https:\/\/www.greenpeace.org\/luxembourg\/fr\/#organization\"},\"potentialAction\":[{\"@type\":\"SearchAction\",\"target\":{\"@type\":\"EntryPoint\",\"urlTemplate\":\"https:\/\/www.greenpeace.org\/luxembourg\/fr\/?s={search_term_string}\"},\"query-input\":{\"@type\":\"PropertyValueSpecification\",\"valueRequired\":true,\"valueName\":\"search_term_string\"}}],\"inLanguage\":\"fr-LU\"},{\"@type\":\"Organization\",\"@id\":\"https:\/\/www.greenpeace.org\/luxembourg\/fr\/#organization\",\"name\":\"Greenpeace Luxembourg\",\"url\":\"https:\/\/www.greenpeace.org\/luxembourg\/fr\/\",\"logo\":{\"@type\":\"ImageObject\",\"inLanguage\":\"fr-LU\",\"@id\":\"https:\/\/www.greenpeace.org\/luxembourg\/fr\/#\/schema\/logo\/image\/\",\"url\":\"https:\/\/www.greenpeace.org\/static\/planet4-luxembourg-stateless\/2026\/03\/3e367f94-greenpeace_logo_green_rgb.png\",\"contentUrl\":\"https:\/\/www.greenpeace.org\/static\/planet4-luxembourg-stateless\/2026\/03\/3e367f94-greenpeace_logo_green_rgb.png\",\"width\":1080,\"height\":175,\"caption\":\"Greenpeace Luxembourg\"},\"image\":{\"@id\":\"https:\/\/www.greenpeace.org\/luxembourg\/fr\/#\/schema\/logo\/image\/\"},\"sameAs\":[\"https:\/\/www.facebook.com\/greenpeaceluxembourg\",\"https:\/\/www.instagram.com\/greenpeacelux\/\",\"https:\/\/www.linkedin.com\/company\/greenpeace-luxembourg\/\",\"https:\/\/www.threads.com\/@greenpeacelux\",\"https:\/\/bsky.app\/profile\/greenpeacelux.bsky.social\",\"https:\/\/www.youtube.com\/@GreenpeaceLux\",\"https:\/\/www.tiktok.com\/@greenpeace_lux\"]},{\"@type\":\"Person\",\"@id\":\"https:\/\/www.greenpeace.org\/luxembourg\/fr\/#\/schema\/person\/3d0e81a859b59009fec36a8552ef76a7\",\"name\":\"Esther Wildanger\",\"url\":\"https:\/\/www.greenpeace.org\/luxembourg\/fr\/author\/ewildang\/\"}]}<\/script>\n<!-- \/ Yoast SEO Premium plugin. -->","yoast_head_json":{"title":"MSF et Greenpeace\u00a0: ensemble face au plus grand d\u00e9fi\u00a0 - Greenpeace Luxembourg","robots":{"index":"index","follow":"follow","max-snippet":"max-snippet:-1","max-image-preview":"max-image-preview:large","max-video-preview":"max-video-preview:-1"},"canonical":"https:\/\/www.greenpeace.org\/luxembourg\/fr\/actualites\/23761\/msf-et-greenpeace-ensemble-face-au-plus-grand-defi\/","og_locale":"fr_FR","og_type":"article","og_title":"MSF et Greenpeace\u00a0: ensemble face au plus grand d\u00e9fi\u00a0","og_description":"Cette ann\u00e9e, encore, le Luxembourg est le premier pays europ\u00e9en \u00e0 atteindre le jour du d\u00e9passement (Overshoot Day, en anglais) \u2013 seul le Qatar fait pire au niveau mondial.","og_url":"https:\/\/www.greenpeace.org\/luxembourg\/fr\/actualites\/23761\/msf-et-greenpeace-ensemble-face-au-plus-grand-defi\/","og_site_name":"Greenpeace Luxembourg","article_publisher":"https:\/\/www.facebook.com\/greenpeaceluxembourg","article_published_time":"2025-02-18T14:02:58+00:00","article_modified_time":"2026-03-11T14:32:58+00:00","og_image":[{"width":2560,"height":1707,"url":"https:\/\/www.greenpeace.org\/static\/planet4-luxembourg-stateless\/2025\/02\/ac044a0e-xavier_thomas-scaled.jpg","type":"image\/jpeg"}],"author":"Esther Wildanger","twitter_card":"summary_large_image","twitter_misc":{"Written by":"Esther Wildanger","Est. reading time":"5 minutes"},"schema":{"@context":"https:\/\/schema.org","@graph":[{"@type":"Article","@id":"https:\/\/www.greenpeace.org\/luxembourg\/fr\/actualites\/23761\/msf-et-greenpeace-ensemble-face-au-plus-grand-defi\/#article","isPartOf":{"@id":"https:\/\/www.greenpeace.org\/luxembourg\/fr\/actualites\/23761\/msf-et-greenpeace-ensemble-face-au-plus-grand-defi\/"},"author":{"name":"Esther Wildanger","@id":"https:\/\/www.greenpeace.org\/luxembourg\/fr\/#\/schema\/person\/3d0e81a859b59009fec36a8552ef76a7"},"headline":"MSF et Greenpeace\u00a0: ensemble face au plus grand d\u00e9fi\u00a0","datePublished":"2025-02-18T14:02:58+00:00","dateModified":"2026-03-11T14:32:58+00:00","mainEntityOfPage":{"@id":"https:\/\/www.greenpeace.org\/luxembourg\/fr\/actualites\/23761\/msf-et-greenpeace-ensemble-face-au-plus-grand-defi\/"},"wordCount":1049,"publisher":{"@id":"https:\/\/www.greenpeace.org\/luxembourg\/fr\/#organization"},"image":{"@id":"https:\/\/www.greenpeace.org\/luxembourg\/fr\/actualites\/23761\/msf-et-greenpeace-ensemble-face-au-plus-grand-defi\/#primaryimage"},"thumbnailUrl":"https:\/\/www.greenpeace.org\/static\/planet4-luxembourg-stateless\/2025\/02\/ac044a0e-xavier_thomas-scaled.jpg","keywords":["Luxembourg","Greenpeace","ChangementClimatique"],"articleSection":["Greenpeace","Nature"],"inLanguage":"fr-LU"},{"@type":"WebPage","@id":"https:\/\/www.greenpeace.org\/luxembourg\/fr\/actualites\/23761\/msf-et-greenpeace-ensemble-face-au-plus-grand-defi\/","url":"https:\/\/www.greenpeace.org\/luxembourg\/fr\/actualites\/23761\/msf-et-greenpeace-ensemble-face-au-plus-grand-defi\/","name":"MSF et Greenpeace\u00a0: ensemble face au plus grand d\u00e9fi\u00a0 - Greenpeace Luxembourg","isPartOf":{"@id":"https:\/\/www.greenpeace.org\/luxembourg\/fr\/#website"},"primaryImageOfPage":{"@id":"https:\/\/www.greenpeace.org\/luxembourg\/fr\/actualites\/23761\/msf-et-greenpeace-ensemble-face-au-plus-grand-defi\/#primaryimage"},"image":{"@id":"https:\/\/www.greenpeace.org\/luxembourg\/fr\/actualites\/23761\/msf-et-greenpeace-ensemble-face-au-plus-grand-defi\/#primaryimage"},"thumbnailUrl":"https:\/\/www.greenpeace.org\/static\/planet4-luxembourg-stateless\/2025\/02\/ac044a0e-xavier_thomas-scaled.jpg","datePublished":"2025-02-18T14:02:58+00:00","dateModified":"2026-03-11T14:32:58+00:00","breadcrumb":{"@id":"https:\/\/www.greenpeace.org\/luxembourg\/fr\/actualites\/23761\/msf-et-greenpeace-ensemble-face-au-plus-grand-defi\/#breadcrumb"},"inLanguage":"fr-LU","potentialAction":[{"@type":"ReadAction","target":["https:\/\/www.greenpeace.org\/luxembourg\/fr\/actualites\/23761\/msf-et-greenpeace-ensemble-face-au-plus-grand-defi\/"]}]},{"@type":"ImageObject","inLanguage":"fr-LU","@id":"https:\/\/www.greenpeace.org\/luxembourg\/fr\/actualites\/23761\/msf-et-greenpeace-ensemble-face-au-plus-grand-defi\/#primaryimage","url":"https:\/\/www.greenpeace.org\/static\/planet4-luxembourg-stateless\/2025\/02\/ac044a0e-xavier_thomas-scaled.jpg","contentUrl":"https:\/\/www.greenpeace.org\/static\/planet4-luxembourg-stateless\/2025\/02\/ac044a0e-xavier_thomas-scaled.jpg","width":2560,"height":1707},{"@type":"BreadcrumbList","@id":"https:\/\/www.greenpeace.org\/luxembourg\/fr\/actualites\/23761\/msf-et-greenpeace-ensemble-face-au-plus-grand-defi\/#breadcrumb","itemListElement":[{"@type":"ListItem","position":1,"name":"Home","item":"https:\/\/www.greenpeace.org\/luxembourg\/fr\/"},{"@type":"ListItem","position":2,"name":"MSF et Greenpeace\u00a0: ensemble face au plus grand d\u00e9fi\u00a0"}]},{"@type":"WebSite","@id":"https:\/\/www.greenpeace.org\/luxembourg\/fr\/#website","url":"https:\/\/www.greenpeace.org\/luxembourg\/fr\/","name":"Greenpeace Luxembourg","description":"Greenpeace existe parce que cette Terre fragile a besoin d&#039;une voix. Elle a besoin de solutions. De changement. D&#039;actions.","publisher":{"@id":"https:\/\/www.greenpeace.org\/luxembourg\/fr\/#organization"},"potentialAction":[{"@type":"SearchAction","target":{"@type":"EntryPoint","urlTemplate":"https:\/\/www.greenpeace.org\/luxembourg\/fr\/?s={search_term_string}"},"query-input":{"@type":"PropertyValueSpecification","valueRequired":true,"valueName":"search_term_string"}}],"inLanguage":"fr-LU"},{"@type":"Organization","@id":"https:\/\/www.greenpeace.org\/luxembourg\/fr\/#organization","name":"Greenpeace Luxembourg","url":"https:\/\/www.greenpeace.org\/luxembourg\/fr\/","logo":{"@type":"ImageObject","inLanguage":"fr-LU","@id":"https:\/\/www.greenpeace.org\/luxembourg\/fr\/#\/schema\/logo\/image\/","url":"https:\/\/www.greenpeace.org\/static\/planet4-luxembourg-stateless\/2026\/03\/3e367f94-greenpeace_logo_green_rgb.png","contentUrl":"https:\/\/www.greenpeace.org\/static\/planet4-luxembourg-stateless\/2026\/03\/3e367f94-greenpeace_logo_green_rgb.png","width":1080,"height":175,"caption":"Greenpeace Luxembourg"},"image":{"@id":"https:\/\/www.greenpeace.org\/luxembourg\/fr\/#\/schema\/logo\/image\/"},"sameAs":["https:\/\/www.facebook.com\/greenpeaceluxembourg","https:\/\/www.instagram.com\/greenpeacelux\/","https:\/\/www.linkedin.com\/company\/greenpeace-luxembourg\/","https:\/\/www.threads.com\/@greenpeacelux","https:\/\/bsky.app\/profile\/greenpeacelux.bsky.social","https:\/\/www.youtube.com\/@GreenpeaceLux","https:\/\/www.tiktok.com\/@greenpeace_lux"]},{"@type":"Person","@id":"https:\/\/www.greenpeace.org\/luxembourg\/fr\/#\/schema\/person\/3d0e81a859b59009fec36a8552ef76a7","name":"Esther Wildanger","url":"https:\/\/www.greenpeace.org\/luxembourg\/fr\/author\/ewildang\/"}]}},"_links":{"self":[{"href":"https:\/\/www.greenpeace.org\/luxembourg\/fr\/wp-json\/wp\/v2\/posts\/23761","targetHints":{"allow":["GET"]}}],"collection":[{"href":"https:\/\/www.greenpeace.org\/luxembourg\/fr\/wp-json\/wp\/v2\/posts"}],"about":[{"href":"https:\/\/www.greenpeace.org\/luxembourg\/fr\/wp-json\/wp\/v2\/types\/post"}],"author":[{"embeddable":true,"href":"https:\/\/www.greenpeace.org\/luxembourg\/fr\/wp-json\/wp\/v2\/users\/25"}],"replies":[{"embeddable":true,"href":"https:\/\/www.greenpeace.org\/luxembourg\/fr\/wp-json\/wp\/v2\/comments?post=23761"}],"version-history":[{"count":4,"href":"https:\/\/www.greenpeace.org\/luxembourg\/fr\/wp-json\/wp\/v2\/posts\/23761\/revisions"}],"predecessor-version":[{"id":27588,"href":"https:\/\/www.greenpeace.org\/luxembourg\/fr\/wp-json\/wp\/v2\/posts\/23761\/revisions\/27588"}],"wp:featuredmedia":[{"embeddable":true,"href":"https:\/\/www.greenpeace.org\/luxembourg\/fr\/wp-json\/wp\/v2\/media\/23762"}],"wp:attachment":[{"href":"https:\/\/www.greenpeace.org\/luxembourg\/fr\/wp-json\/wp\/v2\/media?parent=23761"}],"wp:term":[{"taxonomy":"category","embeddable":true,"href":"https:\/\/www.greenpeace.org\/luxembourg\/fr\/wp-json\/wp\/v2\/categories?post=23761"},{"taxonomy":"post_tag","embeddable":true,"href":"https:\/\/www.greenpeace.org\/luxembourg\/fr\/wp-json\/wp\/v2\/tags?post=23761"},{"taxonomy":"p4-page-type","embeddable":true,"href":"https:\/\/www.greenpeace.org\/luxembourg\/fr\/wp-json\/wp\/v2\/p4-page-type?post=23761"}],"curies":[{"name":"wp","href":"https:\/\/api.w.org\/{rel}","templated":true}]}}