{"id":24534,"date":"2025-05-22T11:44:15","date_gmt":"2025-05-22T09:44:15","guid":{"rendered":"https:\/\/www.greenpeace.org\/luxembourg\/?p=24534"},"modified":"2025-05-22T12:00:18","modified_gmt":"2025-05-22T10:00:18","slug":"nouveaux-ogm-49-organisations-alertent-sur-la-necessite-dun-etiquetage-clair-et-obligatoire","status":"publish","type":"post","link":"https:\/\/www.greenpeace.org\/luxembourg\/fr\/communiques-de-presse\/24534\/nouveaux-ogm-49-organisations-alertent-sur-la-necessite-dun-etiquetage-clair-et-obligatoire\/","title":{"rendered":"Nouveaux OGM : 49 organisations alertent sur la n\u00e9cessit\u00e9 d\u2019un \u00e9tiquetage clair et obligatoire"},"content":{"rendered":"\n<p><em>Luxembourg<\/em>, 22 mai 2025 &#8211;<strong> Face aux pressions de l\u2019agro-industrie pour soustraire les organismes g\u00e9n\u00e9tiquement modifi\u00e9s (OGM) issus des nouvelles techniques g\u00e9nomiques (NTG) aux obligations d\u2019\u00e9tiquetage, 49 organisations de la soci\u00e9t\u00e9 civile, dont Greenpeace, d\u00e9noncent une menace grave pour la transparence et les droits des consommateurs et consommatrices. Greenpeace Luxembourg demande au gouvernement luxembourgeois ainsi qu\u2019aux eurod\u00e9put\u00e9es Tilly Metz et Martine Kemp \u2014 actives au sein de la commission de l\u2019environnement, de la sant\u00e9 publique et de la s\u00e9curit\u00e9 alimentaire \u2014 de maintenir une position critique vis-\u00e0-vis de ces nouvelles m\u00e9thodes de g\u00e9nie g\u00e9n\u00e9tique dans les discussions europ\u00e9ennes en cours.<\/strong><\/p>\n\n<p>Dans leur <a href=\"https:\/\/www.greenpeace.org\/static\/planet4-luxembourg-stateless\/2025\/05\/21deff0c-joint-statement.pdf\">d\u00e9claration commune<\/a>, les associations de d\u00e9fense de l\u2019environnement, des consommateurs et consommatrices, ainsi que les organisations du monde agricole, parmi lesquelles figurent notamment Greenpeace, Demeter, foodwatch et Les Amis de la Terre, appellent les institutions europ\u00e9ennes \u00e0 maintenir l\u2019\u00e9tiquetage et la tra\u00e7abilit\u00e9 obligatoires pour tous les produits issus de ces techniques, afin que la transparence soit assur\u00e9e tout au long de la cha\u00eene alimentaire.<\/p>\n\n<p><em>\u00ab L\u2019enjeu est fondamental : chaque personne en Europe a le droit de savoir ce qu\u2019elle mange. C\u00e9der aux lobbys industriels reviendrait \u00e0 priver 450 millions de citoyens et citoyennes d\u2019une information essentielle sur l\u2019origine des produits consomm\u00e9s. Le droit europ\u00e9en garantit la tra\u00e7abilit\u00e9 et la transparence. Il n\u2019y a aucune raison de faire exception pour ces nouveaux OGM, dont l\u2019\u00e9tiquetage doit \u00eatre clair, obligatoire et visible sur chaque produit \u00bb<\/em>, alerte Gauthier Hansel, charg\u00e9 de campagne chez Greenpeace Luxembourg.<\/p>\n\n<p>Alors que les n\u00e9gociations entre le Conseil, la Commission et le Parlement europ\u00e9en se poursuivent, avec une r\u00e9union d\u00e9cisive pr\u00e9vue le 30 juin, les signataires exhortent les eurod\u00e9put\u00e9\u00b7es \u00e0 d\u00e9fendre la position adopt\u00e9e par le Parlement, qui pr\u00e9voit un \u00e9tiquetage clair et obligatoire sur l\u2019emballage de tous les produits contenant des NTG.<\/p>\n\n<p>La proposition actuelle de la Commission europ\u00e9enne pr\u00e9voit d\u2019exclure la majorit\u00e9 des NTG de la l\u00e9gislation OGM existante, ainsi que de supprimer leur suivi apr\u00e8s leur mise sur le march\u00e9 \u2014 un recul sans pr\u00e9c\u00e9dent pour la s\u00e9curit\u00e9 alimentaire, la transparence et la d\u00e9mocratie. Un tel texte remettrait en cause les obligations de tra\u00e7abilit\u00e9 pr\u00e9vues par le droit europ\u00e9en et saperait la confiance du public.<\/p>\n\n<p>Les organisations rappellent enfin que l\u2019information des consommateurs et consommatrices est un droit inscrit \u00e0 la fois dans le Trait\u00e9 sur le fonctionnement de l\u2019Union europ\u00e9enne et dans le droit alimentaire europ\u00e9en. Si ces nouveaux OGM sont destin\u00e9s \u00e0 finir dans nos assiettes, ils doivent \u00eatre encadr\u00e9s comme tels, avec des r\u00e8gles claires, transparentes et d\u00e9mocratiques.<\/p>\n\n<p><strong>\u00a0<\/strong><\/p>\n\n<p><br><br><\/p>\n\n<p><\/p>\n","protected":false},"excerpt":{"rendered":"<p> Face aux pressions de l\u2019agro-industrie pour soustraire les organismes g\u00e9n\u00e9tiquement modifi\u00e9s (OGM) issus des nouvelles techniques g\u00e9nomiques (NTG) aux obligations d\u2019\u00e9tiquetage, 49 organisations de la\u2026<\/p>\n","protected":false},"author":64,"featured_media":24552,"comment_status":"closed","ping_status":"closed","sticky":false,"template":"","format":"standard","meta":{"ep_exclude_from_search":false,"p4_og_title":"","p4_og_description":"","p4_og_image":"","p4_og_image_id":"","p4_seo_canonical_url":"","p4_campaign_name":"","p4_local_project":"","p4_basket_name":"","p4_department":"","footnotes":""},"categories":[17],"tags":[32,39],"p4-page-type":[83],"class_list":["post-24534","post","type-post","status-publish","format-standard","has-post-thumbnail","hentry","category-greenpeace","tag-luxembourg","tag-agriculturedurable","p4-page-type-communiques-de-presse"],"yoast_head":"<!-- This site is optimized with the Yoast SEO Premium plugin v23.9 (Yoast SEO v23.9) - https:\/\/yoast.com\/wordpress\/plugins\/seo\/ -->\n<title>Nouveaux OGM : 49 organisations alertent sur la n\u00e9cessit\u00e9 d\u2019un \u00e9tiquetage clair et obligatoire - Greenpeace Luxembourg<\/title>\n<meta name=\"robots\" content=\"index, follow, max-snippet:-1, max-image-preview:large, max-video-preview:-1\" \/>\n<link rel=\"canonical\" href=\"https:\/\/www.greenpeace.org\/luxembourg\/fr\/communiques-de-presse\/24534\/nouveaux-ogm-49-organisations-alertent-sur-la-necessite-dun-etiquetage-clair-et-obligatoire\/\" \/>\n<meta property=\"og:locale\" content=\"fr_FR\" \/>\n<meta property=\"og:type\" content=\"article\" \/>\n<meta property=\"og:title\" content=\"Nouveaux OGM : 49 organisations alertent sur la n\u00e9cessit\u00e9 d\u2019un \u00e9tiquetage clair et obligatoire\" \/>\n<meta property=\"og:description\" content=\"Face aux pressions de l\u2019agro-industrie pour soustraire les organismes g\u00e9n\u00e9tiquement modifi\u00e9s (OGM) issus des nouvelles techniques g\u00e9nomiques (NTG) aux obligations d\u2019\u00e9tiquetage, 49 organisations de la\u2026\" \/>\n<meta property=\"og:url\" content=\"https:\/\/www.greenpeace.org\/luxembourg\/fr\/communiques-de-presse\/24534\/nouveaux-ogm-49-organisations-alertent-sur-la-necessite-dun-etiquetage-clair-et-obligatoire\/\" \/>\n<meta property=\"og:site_name\" content=\"Greenpeace Luxembourg\" \/>\n<meta property=\"article:publisher\" content=\"https:\/\/www.facebook.com\/greenpeaceluxembourg\" \/>\n<meta property=\"article:published_time\" content=\"2025-05-22T09:44:15+00:00\" \/>\n<meta property=\"article:modified_time\" content=\"2025-05-22T10:00:18+00:00\" \/>\n<meta property=\"og:image\" content=\"https:\/\/www.greenpeace.org\/static\/planet4-luxembourg-stateless\/2025\/05\/91203d43-gp021jv.jpg\" \/>\n\t<meta property=\"og:image:width\" content=\"1200\" \/>\n\t<meta property=\"og:image:height\" content=\"800\" \/>\n\t<meta property=\"og:image:type\" content=\"image\/jpeg\" \/>\n<meta name=\"author\" content=\"Lara D&#039;Antonio\" \/>\n<meta name=\"twitter:card\" content=\"summary_large_image\" \/>\n<meta name=\"twitter:label1\" content=\"Written by\" \/>\n\t<meta name=\"twitter:data1\" content=\"Lara D&#039;Antonio\" \/>\n\t<meta name=\"twitter:label2\" content=\"Est. reading time\" \/>\n\t<meta name=\"twitter:data2\" content=\"2 minutes\" \/>\n<script type=\"application\/ld+json\" class=\"yoast-schema-graph\">{\"@context\":\"https:\/\/schema.org\",\"@graph\":[{\"@type\":\"Article\",\"@id\":\"https:\/\/www.greenpeace.org\/luxembourg\/fr\/communiques-de-presse\/24534\/nouveaux-ogm-49-organisations-alertent-sur-la-necessite-dun-etiquetage-clair-et-obligatoire\/#article\",\"isPartOf\":{\"@id\":\"https:\/\/www.greenpeace.org\/luxembourg\/fr\/communiques-de-presse\/24534\/nouveaux-ogm-49-organisations-alertent-sur-la-necessite-dun-etiquetage-clair-et-obligatoire\/\"},\"author\":{\"name\":\"Lara D'Antonio\",\"@id\":\"https:\/\/www.greenpeace.org\/luxembourg\/fr\/#\/schema\/person\/167ea570faffca4d149fe0c415799ab1\"},\"headline\":\"Nouveaux OGM : 49 organisations alertent sur la n\u00e9cessit\u00e9 d\u2019un \u00e9tiquetage clair et obligatoire\",\"datePublished\":\"2025-05-22T09:44:15+00:00\",\"dateModified\":\"2025-05-22T10:00:18+00:00\",\"mainEntityOfPage\":{\"@id\":\"https:\/\/www.greenpeace.org\/luxembourg\/fr\/communiques-de-presse\/24534\/nouveaux-ogm-49-organisations-alertent-sur-la-necessite-dun-etiquetage-clair-et-obligatoire\/\"},\"wordCount\":485,\"publisher\":{\"@id\":\"https:\/\/www.greenpeace.org\/luxembourg\/fr\/#organization\"},\"image\":{\"@id\":\"https:\/\/www.greenpeace.org\/luxembourg\/fr\/communiques-de-presse\/24534\/nouveaux-ogm-49-organisations-alertent-sur-la-necessite-dun-etiquetage-clair-et-obligatoire\/#primaryimage\"},\"thumbnailUrl\":\"https:\/\/www.greenpeace.org\/static\/planet4-luxembourg-stateless\/2025\/05\/91203d43-gp021jv.jpg\",\"keywords\":[\"Luxembourg\",\"AgricultureDurable\"],\"articleSection\":[\"Greenpeace\"],\"inLanguage\":\"fr-LU\"},{\"@type\":\"WebPage\",\"@id\":\"https:\/\/www.greenpeace.org\/luxembourg\/fr\/communiques-de-presse\/24534\/nouveaux-ogm-49-organisations-alertent-sur-la-necessite-dun-etiquetage-clair-et-obligatoire\/\",\"url\":\"https:\/\/www.greenpeace.org\/luxembourg\/fr\/communiques-de-presse\/24534\/nouveaux-ogm-49-organisations-alertent-sur-la-necessite-dun-etiquetage-clair-et-obligatoire\/\",\"name\":\"Nouveaux OGM : 49 organisations alertent sur la n\u00e9cessit\u00e9 d\u2019un \u00e9tiquetage clair et obligatoire - Greenpeace Luxembourg\",\"isPartOf\":{\"@id\":\"https:\/\/www.greenpeace.org\/luxembourg\/fr\/#website\"},\"primaryImageOfPage\":{\"@id\":\"https:\/\/www.greenpeace.org\/luxembourg\/fr\/communiques-de-presse\/24534\/nouveaux-ogm-49-organisations-alertent-sur-la-necessite-dun-etiquetage-clair-et-obligatoire\/#primaryimage\"},\"image\":{\"@id\":\"https:\/\/www.greenpeace.org\/luxembourg\/fr\/communiques-de-presse\/24534\/nouveaux-ogm-49-organisations-alertent-sur-la-necessite-dun-etiquetage-clair-et-obligatoire\/#primaryimage\"},\"thumbnailUrl\":\"https:\/\/www.greenpeace.org\/static\/planet4-luxembourg-stateless\/2025\/05\/91203d43-gp021jv.jpg\",\"datePublished\":\"2025-05-22T09:44:15+00:00\",\"dateModified\":\"2025-05-22T10:00:18+00:00\",\"breadcrumb\":{\"@id\":\"https:\/\/www.greenpeace.org\/luxembourg\/fr\/communiques-de-presse\/24534\/nouveaux-ogm-49-organisations-alertent-sur-la-necessite-dun-etiquetage-clair-et-obligatoire\/#breadcrumb\"},\"inLanguage\":\"fr-LU\",\"potentialAction\":[{\"@type\":\"ReadAction\",\"target\":[\"https:\/\/www.greenpeace.org\/luxembourg\/fr\/communiques-de-presse\/24534\/nouveaux-ogm-49-organisations-alertent-sur-la-necessite-dun-etiquetage-clair-et-obligatoire\/\"]}]},{\"@type\":\"ImageObject\",\"inLanguage\":\"fr-LU\",\"@id\":\"https:\/\/www.greenpeace.org\/luxembourg\/fr\/communiques-de-presse\/24534\/nouveaux-ogm-49-organisations-alertent-sur-la-necessite-dun-etiquetage-clair-et-obligatoire\/#primaryimage\",\"url\":\"https:\/\/www.greenpeace.org\/static\/planet4-luxembourg-stateless\/2025\/05\/91203d43-gp021jv.jpg\",\"contentUrl\":\"https:\/\/www.greenpeace.org\/static\/planet4-luxembourg-stateless\/2025\/05\/91203d43-gp021jv.jpg\",\"width\":1200,\"height\":800,\"caption\":\"An activist holds up a banner reading in French: \\\"Agriculture Sure? Sans OGM bien sur!\\\" (Reliable agriculture? Without GMO's of course!) Greenpeace activists entered a test field of the Flemish Institute for Agriculture and Fisheries Research in Wetteren, close to Ghent. They sowed organic flowers on what a few hours later would turn into the first Belgian field with the genetically modified maize MON810.\"},{\"@type\":\"BreadcrumbList\",\"@id\":\"https:\/\/www.greenpeace.org\/luxembourg\/fr\/communiques-de-presse\/24534\/nouveaux-ogm-49-organisations-alertent-sur-la-necessite-dun-etiquetage-clair-et-obligatoire\/#breadcrumb\",\"itemListElement\":[{\"@type\":\"ListItem\",\"position\":1,\"name\":\"Home\",\"item\":\"https:\/\/www.greenpeace.org\/luxembourg\/fr\/\"},{\"@type\":\"ListItem\",\"position\":2,\"name\":\"Nouveaux OGM : 49 organisations alertent sur la n\u00e9cessit\u00e9 d\u2019un \u00e9tiquetage clair et obligatoire\"}]},{\"@type\":\"WebSite\",\"@id\":\"https:\/\/www.greenpeace.org\/luxembourg\/fr\/#website\",\"url\":\"https:\/\/www.greenpeace.org\/luxembourg\/fr\/\",\"name\":\"Greenpeace Luxembourg\",\"description\":\"Greenpeace existe parce que cette Terre fragile a besoin d&#039;une voix. Elle a besoin de solutions. De changement. D&#039;actions.\",\"publisher\":{\"@id\":\"https:\/\/www.greenpeace.org\/luxembourg\/fr\/#organization\"},\"potentialAction\":[{\"@type\":\"SearchAction\",\"target\":{\"@type\":\"EntryPoint\",\"urlTemplate\":\"https:\/\/www.greenpeace.org\/luxembourg\/fr\/?s={search_term_string}\"},\"query-input\":{\"@type\":\"PropertyValueSpecification\",\"valueRequired\":true,\"valueName\":\"search_term_string\"}}],\"inLanguage\":\"fr-LU\"},{\"@type\":\"Organization\",\"@id\":\"https:\/\/www.greenpeace.org\/luxembourg\/fr\/#organization\",\"name\":\"Greenpeace Luxembourg\",\"url\":\"https:\/\/www.greenpeace.org\/luxembourg\/fr\/\",\"logo\":{\"@type\":\"ImageObject\",\"inLanguage\":\"fr-LU\",\"@id\":\"https:\/\/www.greenpeace.org\/luxembourg\/fr\/#\/schema\/logo\/image\/\",\"url\":\"https:\/\/www.greenpeace.org\/static\/planet4-luxembourg-stateless\/2026\/03\/3e367f94-greenpeace_logo_green_rgb.png\",\"contentUrl\":\"https:\/\/www.greenpeace.org\/static\/planet4-luxembourg-stateless\/2026\/03\/3e367f94-greenpeace_logo_green_rgb.png\",\"width\":1080,\"height\":175,\"caption\":\"Greenpeace Luxembourg\"},\"image\":{\"@id\":\"https:\/\/www.greenpeace.org\/luxembourg\/fr\/#\/schema\/logo\/image\/\"},\"sameAs\":[\"https:\/\/www.facebook.com\/greenpeaceluxembourg\",\"https:\/\/www.instagram.com\/greenpeacelux\/\",\"https:\/\/www.linkedin.com\/company\/greenpeace-luxembourg\/\",\"https:\/\/www.threads.com\/@greenpeacelux\",\"https:\/\/bsky.app\/profile\/greenpeacelux.bsky.social\",\"https:\/\/www.youtube.com\/@GreenpeaceLux\",\"https:\/\/www.tiktok.com\/@greenpeace_lux\"]},{\"@type\":\"Person\",\"@id\":\"https:\/\/www.greenpeace.org\/luxembourg\/fr\/#\/schema\/person\/167ea570faffca4d149fe0c415799ab1\",\"name\":\"Lara D'Antonio\",\"url\":\"https:\/\/www.greenpeace.org\/luxembourg\/fr\/author\/lara\/\"}]}<\/script>\n<!-- \/ Yoast SEO Premium plugin. -->","yoast_head_json":{"title":"Nouveaux OGM : 49 organisations alertent sur la n\u00e9cessit\u00e9 d\u2019un \u00e9tiquetage clair et obligatoire - Greenpeace Luxembourg","robots":{"index":"index","follow":"follow","max-snippet":"max-snippet:-1","max-image-preview":"max-image-preview:large","max-video-preview":"max-video-preview:-1"},"canonical":"https:\/\/www.greenpeace.org\/luxembourg\/fr\/communiques-de-presse\/24534\/nouveaux-ogm-49-organisations-alertent-sur-la-necessite-dun-etiquetage-clair-et-obligatoire\/","og_locale":"fr_FR","og_type":"article","og_title":"Nouveaux OGM : 49 organisations alertent sur la n\u00e9cessit\u00e9 d\u2019un \u00e9tiquetage clair et obligatoire","og_description":"Face aux pressions de l\u2019agro-industrie pour soustraire les organismes g\u00e9n\u00e9tiquement modifi\u00e9s (OGM) issus des nouvelles techniques g\u00e9nomiques (NTG) aux obligations d\u2019\u00e9tiquetage, 49 organisations de la\u2026","og_url":"https:\/\/www.greenpeace.org\/luxembourg\/fr\/communiques-de-presse\/24534\/nouveaux-ogm-49-organisations-alertent-sur-la-necessite-dun-etiquetage-clair-et-obligatoire\/","og_site_name":"Greenpeace Luxembourg","article_publisher":"https:\/\/www.facebook.com\/greenpeaceluxembourg","article_published_time":"2025-05-22T09:44:15+00:00","article_modified_time":"2025-05-22T10:00:18+00:00","og_image":[{"width":1200,"height":800,"url":"https:\/\/www.greenpeace.org\/static\/planet4-luxembourg-stateless\/2025\/05\/91203d43-gp021jv.jpg","type":"image\/jpeg"}],"author":"Lara D'Antonio","twitter_card":"summary_large_image","twitter_misc":{"Written by":"Lara D'Antonio","Est. reading time":"2 minutes"},"schema":{"@context":"https:\/\/schema.org","@graph":[{"@type":"Article","@id":"https:\/\/www.greenpeace.org\/luxembourg\/fr\/communiques-de-presse\/24534\/nouveaux-ogm-49-organisations-alertent-sur-la-necessite-dun-etiquetage-clair-et-obligatoire\/#article","isPartOf":{"@id":"https:\/\/www.greenpeace.org\/luxembourg\/fr\/communiques-de-presse\/24534\/nouveaux-ogm-49-organisations-alertent-sur-la-necessite-dun-etiquetage-clair-et-obligatoire\/"},"author":{"name":"Lara D'Antonio","@id":"https:\/\/www.greenpeace.org\/luxembourg\/fr\/#\/schema\/person\/167ea570faffca4d149fe0c415799ab1"},"headline":"Nouveaux OGM : 49 organisations alertent sur la n\u00e9cessit\u00e9 d\u2019un \u00e9tiquetage clair et obligatoire","datePublished":"2025-05-22T09:44:15+00:00","dateModified":"2025-05-22T10:00:18+00:00","mainEntityOfPage":{"@id":"https:\/\/www.greenpeace.org\/luxembourg\/fr\/communiques-de-presse\/24534\/nouveaux-ogm-49-organisations-alertent-sur-la-necessite-dun-etiquetage-clair-et-obligatoire\/"},"wordCount":485,"publisher":{"@id":"https:\/\/www.greenpeace.org\/luxembourg\/fr\/#organization"},"image":{"@id":"https:\/\/www.greenpeace.org\/luxembourg\/fr\/communiques-de-presse\/24534\/nouveaux-ogm-49-organisations-alertent-sur-la-necessite-dun-etiquetage-clair-et-obligatoire\/#primaryimage"},"thumbnailUrl":"https:\/\/www.greenpeace.org\/static\/planet4-luxembourg-stateless\/2025\/05\/91203d43-gp021jv.jpg","keywords":["Luxembourg","AgricultureDurable"],"articleSection":["Greenpeace"],"inLanguage":"fr-LU"},{"@type":"WebPage","@id":"https:\/\/www.greenpeace.org\/luxembourg\/fr\/communiques-de-presse\/24534\/nouveaux-ogm-49-organisations-alertent-sur-la-necessite-dun-etiquetage-clair-et-obligatoire\/","url":"https:\/\/www.greenpeace.org\/luxembourg\/fr\/communiques-de-presse\/24534\/nouveaux-ogm-49-organisations-alertent-sur-la-necessite-dun-etiquetage-clair-et-obligatoire\/","name":"Nouveaux OGM : 49 organisations alertent sur la n\u00e9cessit\u00e9 d\u2019un \u00e9tiquetage clair et obligatoire - Greenpeace Luxembourg","isPartOf":{"@id":"https:\/\/www.greenpeace.org\/luxembourg\/fr\/#website"},"primaryImageOfPage":{"@id":"https:\/\/www.greenpeace.org\/luxembourg\/fr\/communiques-de-presse\/24534\/nouveaux-ogm-49-organisations-alertent-sur-la-necessite-dun-etiquetage-clair-et-obligatoire\/#primaryimage"},"image":{"@id":"https:\/\/www.greenpeace.org\/luxembourg\/fr\/communiques-de-presse\/24534\/nouveaux-ogm-49-organisations-alertent-sur-la-necessite-dun-etiquetage-clair-et-obligatoire\/#primaryimage"},"thumbnailUrl":"https:\/\/www.greenpeace.org\/static\/planet4-luxembourg-stateless\/2025\/05\/91203d43-gp021jv.jpg","datePublished":"2025-05-22T09:44:15+00:00","dateModified":"2025-05-22T10:00:18+00:00","breadcrumb":{"@id":"https:\/\/www.greenpeace.org\/luxembourg\/fr\/communiques-de-presse\/24534\/nouveaux-ogm-49-organisations-alertent-sur-la-necessite-dun-etiquetage-clair-et-obligatoire\/#breadcrumb"},"inLanguage":"fr-LU","potentialAction":[{"@type":"ReadAction","target":["https:\/\/www.greenpeace.org\/luxembourg\/fr\/communiques-de-presse\/24534\/nouveaux-ogm-49-organisations-alertent-sur-la-necessite-dun-etiquetage-clair-et-obligatoire\/"]}]},{"@type":"ImageObject","inLanguage":"fr-LU","@id":"https:\/\/www.greenpeace.org\/luxembourg\/fr\/communiques-de-presse\/24534\/nouveaux-ogm-49-organisations-alertent-sur-la-necessite-dun-etiquetage-clair-et-obligatoire\/#primaryimage","url":"https:\/\/www.greenpeace.org\/static\/planet4-luxembourg-stateless\/2025\/05\/91203d43-gp021jv.jpg","contentUrl":"https:\/\/www.greenpeace.org\/static\/planet4-luxembourg-stateless\/2025\/05\/91203d43-gp021jv.jpg","width":1200,"height":800,"caption":"An activist holds up a banner reading in French: \"Agriculture Sure? Sans OGM bien sur!\" (Reliable agriculture? Without GMO's of course!) Greenpeace activists entered a test field of the Flemish Institute for Agriculture and Fisheries Research in Wetteren, close to Ghent. They sowed organic flowers on what a few hours later would turn into the first Belgian field with the genetically modified maize MON810."},{"@type":"BreadcrumbList","@id":"https:\/\/www.greenpeace.org\/luxembourg\/fr\/communiques-de-presse\/24534\/nouveaux-ogm-49-organisations-alertent-sur-la-necessite-dun-etiquetage-clair-et-obligatoire\/#breadcrumb","itemListElement":[{"@type":"ListItem","position":1,"name":"Home","item":"https:\/\/www.greenpeace.org\/luxembourg\/fr\/"},{"@type":"ListItem","position":2,"name":"Nouveaux OGM : 49 organisations alertent sur la n\u00e9cessit\u00e9 d\u2019un \u00e9tiquetage clair et obligatoire"}]},{"@type":"WebSite","@id":"https:\/\/www.greenpeace.org\/luxembourg\/fr\/#website","url":"https:\/\/www.greenpeace.org\/luxembourg\/fr\/","name":"Greenpeace Luxembourg","description":"Greenpeace existe parce que cette Terre fragile a besoin d&#039;une voix. Elle a besoin de solutions. De changement. D&#039;actions.","publisher":{"@id":"https:\/\/www.greenpeace.org\/luxembourg\/fr\/#organization"},"potentialAction":[{"@type":"SearchAction","target":{"@type":"EntryPoint","urlTemplate":"https:\/\/www.greenpeace.org\/luxembourg\/fr\/?s={search_term_string}"},"query-input":{"@type":"PropertyValueSpecification","valueRequired":true,"valueName":"search_term_string"}}],"inLanguage":"fr-LU"},{"@type":"Organization","@id":"https:\/\/www.greenpeace.org\/luxembourg\/fr\/#organization","name":"Greenpeace Luxembourg","url":"https:\/\/www.greenpeace.org\/luxembourg\/fr\/","logo":{"@type":"ImageObject","inLanguage":"fr-LU","@id":"https:\/\/www.greenpeace.org\/luxembourg\/fr\/#\/schema\/logo\/image\/","url":"https:\/\/www.greenpeace.org\/static\/planet4-luxembourg-stateless\/2026\/03\/3e367f94-greenpeace_logo_green_rgb.png","contentUrl":"https:\/\/www.greenpeace.org\/static\/planet4-luxembourg-stateless\/2026\/03\/3e367f94-greenpeace_logo_green_rgb.png","width":1080,"height":175,"caption":"Greenpeace Luxembourg"},"image":{"@id":"https:\/\/www.greenpeace.org\/luxembourg\/fr\/#\/schema\/logo\/image\/"},"sameAs":["https:\/\/www.facebook.com\/greenpeaceluxembourg","https:\/\/www.instagram.com\/greenpeacelux\/","https:\/\/www.linkedin.com\/company\/greenpeace-luxembourg\/","https:\/\/www.threads.com\/@greenpeacelux","https:\/\/bsky.app\/profile\/greenpeacelux.bsky.social","https:\/\/www.youtube.com\/@GreenpeaceLux","https:\/\/www.tiktok.com\/@greenpeace_lux"]},{"@type":"Person","@id":"https:\/\/www.greenpeace.org\/luxembourg\/fr\/#\/schema\/person\/167ea570faffca4d149fe0c415799ab1","name":"Lara D'Antonio","url":"https:\/\/www.greenpeace.org\/luxembourg\/fr\/author\/lara\/"}]}},"_links":{"self":[{"href":"https:\/\/www.greenpeace.org\/luxembourg\/fr\/wp-json\/wp\/v2\/posts\/24534","targetHints":{"allow":["GET"]}}],"collection":[{"href":"https:\/\/www.greenpeace.org\/luxembourg\/fr\/wp-json\/wp\/v2\/posts"}],"about":[{"href":"https:\/\/www.greenpeace.org\/luxembourg\/fr\/wp-json\/wp\/v2\/types\/post"}],"author":[{"embeddable":true,"href":"https:\/\/www.greenpeace.org\/luxembourg\/fr\/wp-json\/wp\/v2\/users\/64"}],"replies":[{"embeddable":true,"href":"https:\/\/www.greenpeace.org\/luxembourg\/fr\/wp-json\/wp\/v2\/comments?post=24534"}],"version-history":[{"count":3,"href":"https:\/\/www.greenpeace.org\/luxembourg\/fr\/wp-json\/wp\/v2\/posts\/24534\/revisions"}],"predecessor-version":[{"id":24554,"href":"https:\/\/www.greenpeace.org\/luxembourg\/fr\/wp-json\/wp\/v2\/posts\/24534\/revisions\/24554"}],"wp:featuredmedia":[{"embeddable":true,"href":"https:\/\/www.greenpeace.org\/luxembourg\/fr\/wp-json\/wp\/v2\/media\/24552"}],"wp:attachment":[{"href":"https:\/\/www.greenpeace.org\/luxembourg\/fr\/wp-json\/wp\/v2\/media?parent=24534"}],"wp:term":[{"taxonomy":"category","embeddable":true,"href":"https:\/\/www.greenpeace.org\/luxembourg\/fr\/wp-json\/wp\/v2\/categories?post=24534"},{"taxonomy":"post_tag","embeddable":true,"href":"https:\/\/www.greenpeace.org\/luxembourg\/fr\/wp-json\/wp\/v2\/tags?post=24534"},{"taxonomy":"p4-page-type","embeddable":true,"href":"https:\/\/www.greenpeace.org\/luxembourg\/fr\/wp-json\/wp\/v2\/p4-page-type?post=24534"}],"curies":[{"name":"wp","href":"https:\/\/api.w.org\/{rel}","templated":true}]}}