{"id":24681,"date":"2025-06-18T10:54:21","date_gmt":"2025-06-18T08:54:21","guid":{"rendered":"https:\/\/www.greenpeace.org\/luxembourg\/?p=24681"},"modified":"2025-06-18T11:08:21","modified_gmt":"2025-06-18T09:08:21","slug":"dans-les-coulisses-de-la-3eme-conference-des-nations-unies-sur-locean","status":"publish","type":"post","link":"https:\/\/www.greenpeace.org\/luxembourg\/fr\/actualites\/24681\/dans-les-coulisses-de-la-3eme-conference-des-nations-unies-sur-locean\/","title":{"rendered":"Dans les coulisses de la 3e conf\u00e9rence des Nations Unies sur l\u2019Oc\u00e9an"},"content":{"rendered":"\n<p>Du 9 au 13 juin 2025, la<strong> <\/strong><a href=\"https:\/\/sdgs.un.org\/conferences\/ocean2025\"><strong>troisi\u00e8me Conf\u00e9rence des Nations Unies sur l\u2019Oc\u00e9an<\/strong><\/a><strong> (UNOC) <\/strong>s\u2019est tenue \u00e0 Nice, co-pr\u00e9sid\u00e9e par la France et le Costa Rica. Cet \u00e9v\u00e9nement international majeur vise \u00e0 renforcer l\u2019action des gouvernements pour prot\u00e9ger les oc\u00e9ans et faire avancer <a href=\"https:\/\/www.un.org\/sustainabledevelopment\/fr\/oceans\/\">l\u2019Objectif de d\u00e9veloppement durable n\u00b014.<\/a> Plus de 50 chefs d&#8217;\u00c9tat et 96 ministres y ont particip\u00e9.&nbsp;<\/p>\n\n<p>Organis\u00e9e tous les 3 \u00e0 5 ans, la conf\u00e9rence a eu lieu pour la premi\u00e8re fois \u00e0 New York en 2017, puis \u00e0 Lisbonne en 2022. La Cor\u00e9e du Sud et le Chili ont annonc\u00e9 vouloir accueillir la prochaine en 2028. Face aux menaces croissantes : pollution plastique, surp\u00eache, exploitation mini\u00e8re des fonds marins,&nbsp; <strong>il est vital que les \u00c9tats prennent des engagements forts et concrets.<\/strong><\/p>\n\n<p>Je m\u2019appelle Altyna\u00ef Bidaubayle, et<strong> en tant que charg\u00e9e de campagne pour Greenpeace Luxembourg, j\u2019ai particip\u00e9 \u00e0 cette conf\u00e9rence<\/strong> afin de porter haut et fort la voix de notre organisation et de celles et ceux qui, comme vous, se mobilisent pour l\u2019oc\u00e9an. Sur place, nous avons interpell\u00e9 le gouvernement luxembourgeois pour des mesures ambitieuses. La protection des oc\u00e9ans est une responsabilit\u00e9 partag\u00e9e : <strong>nous d\u00e9pendons toutes et tous des oc\u00e9ans, et les oc\u00e9ans d\u00e9pendent aussi de nous.<\/strong><\/p>\n\n<figure class=\"wp-block-image\"><img loading=\"lazy\" decoding=\"async\" width=\"1200\" height=\"800\" src=\"https:\/\/www.greenpeace.org\/static\/planet4-luxembourg-stateless\/2025\/06\/1954b46c-gp0su5re3.jpg\" title=\"Oceans Blue March Protest in Nice, France. \u00a9 Pierre Larrieu \/ Greenpeace\" alt=\"Oceans Blue March Protest in Nice, France. \u00a9 Pierre Larrieu \/ Greenpeace\" class=\"wp-image-24682\" srcset=\"https:\/\/www.greenpeace.org\/static\/planet4-luxembourg-stateless\/2025\/06\/1954b46c-gp0su5re3.jpg 1200w, https:\/\/www.greenpeace.org\/static\/planet4-luxembourg-stateless\/2025\/06\/1954b46c-gp0su5re3-300x200.jpg 300w, https:\/\/www.greenpeace.org\/static\/planet4-luxembourg-stateless\/2025\/06\/1954b46c-gp0su5re3-1024x683.jpg 1024w, https:\/\/www.greenpeace.org\/static\/planet4-luxembourg-stateless\/2025\/06\/1954b46c-gp0su5re3-768x512.jpg 768w, https:\/\/www.greenpeace.org\/static\/planet4-luxembourg-stateless\/2025\/06\/1954b46c-gp0su5re3-510x340.jpg 510w\" sizes=\"auto, (max-width: 1200px) 100vw, 1200px\" \/><figcaption class=\"wp-element-caption\">Pr\u00e8s d\u2019un millier de manifestant\u2e31es ont particip\u00e9 \u00e0 la marche bleue sur la promenade des Anglais, samedi 7 juin 2025, \u00e0 l&#8217;avant-veille de l&#8217;ouverture de la conf\u00e9rence des Nations-Unies sur l&#8217;Oc\u00e9an. <div class=\"credit icon-left\"> \u00a9 Pierre Larrieu \/ Greenpeace<\/div><\/figcaption><\/figure>\n\n<p>Dans cet article, je vous invite \u00e0 d\u00e9couvrir les coulisses de cette conf\u00e9rence, notre action sur le terrain, les moments forts et les r\u00e9sultats concrets obtenus pour d\u00e9fendre nos oc\u00e9ans.<\/p>\n\n<h2 class=\"wp-block-heading\"><strong>L\u2019UNOC : qu\u2019est-ce que c\u2019est ?&nbsp;<\/strong><\/h2>\n\n<p>Adopt\u00e9s il y a 10 ans, les Objectifs de D\u00e9veloppement Durable (ODD) fixent une feuille de route pour un avenir plus juste, durable et pacifique d\u2019ici 2030. L\u2019ODD 14 concerne directement les oc\u00e9ans et la vie aquatique.&nbsp;<\/p>\n\n<p><strong>Mais \u00e0 cinq ans de l\u2019\u00e9ch\u00e9ance, le constat est alarmant<\/strong><strong> <\/strong>: seuls 17 % des objectifs sont en bonne voie. Ce n\u2019est pas une simple question de statistiques. Ce sont des vies humaines, des \u00e9cosyst\u00e8mes entiers et l\u2019\u00e9quilibre de notre plan\u00e8te qui sont en jeu. Derri\u00e8re ces ODD, il y a des promesses faites aux g\u00e9n\u00e9rations futures, et ces promesses sont en train d\u2019\u00eatre bris\u00e9es. Faute de volont\u00e9 politique, de coh\u00e9rence dans les politiques publiques, et d\u2019un r\u00e9el changement de cap, nous risquons de rater le rendez-vous historique de 2030.<\/p>\n\n<p><strong>Pour nos oc\u00e9ans : l\u2019UNOC \u00e9tait un rendez-vous \u00e0 ne pas manquer.<\/strong><\/p>\n\n<figure class=\"wp-block-image\"><img loading=\"lazy\" decoding=\"async\" width=\"1200\" height=\"800\" src=\"https:\/\/www.greenpeace.org\/static\/planet4-luxembourg-stateless\/2025\/06\/af86916d-gp0su5sm7.jpg\" title=\"Greenpeace Protests against Deep-sea Mining at the UN Ocean Conference, France. \u00a9 Pierre Larrieu \/ Greenpeace\" alt=\"Greenpeace Protests against Deep-sea Mining at the UN Ocean Conference, France. \u00a9 Pierre Larrieu \/ Greenpeace\" class=\"wp-image-24684\" srcset=\"https:\/\/www.greenpeace.org\/static\/planet4-luxembourg-stateless\/2025\/06\/af86916d-gp0su5sm7.jpg 1200w, https:\/\/www.greenpeace.org\/static\/planet4-luxembourg-stateless\/2025\/06\/af86916d-gp0su5sm7-300x200.jpg 300w, https:\/\/www.greenpeace.org\/static\/planet4-luxembourg-stateless\/2025\/06\/af86916d-gp0su5sm7-1024x683.jpg 1024w, https:\/\/www.greenpeace.org\/static\/planet4-luxembourg-stateless\/2025\/06\/af86916d-gp0su5sm7-768x512.jpg 768w, https:\/\/www.greenpeace.org\/static\/planet4-luxembourg-stateless\/2025\/06\/af86916d-gp0su5sm7-510x340.jpg 510w\" sizes=\"auto, (max-width: 1200px) 100vw, 1200px\" \/><figcaption class=\"wp-element-caption\">Des militantes et militants de Greenpeace ont d\u00e9ploy\u00e9 une grande banderole portant le message \u00ab 3 millions de personnes s&#8217;opposent \u00e0 l&#8217;exploitation mini\u00e8re en eaux profondes \u00bb \u00e0 Nice, dans le cadre de la Conf\u00e9rence des Nations unies sur l\u2019oc\u00e9an.<br><div class=\"credit icon-left\"> \u00a9 Pierre Larrieu \/ Greenpeace<\/div><\/figcaption><\/figure>\n\n<h3 class=\"wp-block-heading\"><strong>Sans la pr\u00e9sence des \u00c9tats-Unis, est-ce que cela fait sens ?&nbsp;<\/strong><\/h3>\n\n<p>Le retrait des \u00c9tats-Unis des efforts de coop\u00e9ration internationale est pr\u00e9occupant, surtout venant d\u2019un des pays ayant le plus grand impact environnemental. Il n\u2019existe qu\u2019un seul oc\u00e9an, qui nous relie toutes et tous : les gouvernements doivent donc travailler ensemble, et non se d\u00e9tourner de leur responsabilit\u00e9 collective. L\u2019UNOC a malgr\u00e9 tout su \u00eatre un espace r\u00e9pondant aux enjeux du multilat\u00e9ralisme :&nbsp;<\/p>\n\n<ul class=\"wp-block-list\">\n<li><strong>Plus de 50 chefs d&#8217;\u00c9tat et 96 ministres y ont particip\u00e9,<\/strong> et d&#8217;autres processus multilat\u00e9raux ont \u00e9t\u00e9 au centre des discussions, comme l\u2019importance de la Convention des Nations unies sur le droit de la mer, la ratification du Trait\u00e9 sur la haute mer ou un trait\u00e9 ambitieux sur les plastiques.&nbsp;<\/li>\n<\/ul>\n\n<ul class=\"wp-block-list\">\n<li>La situation politique des \u00c9tats-Unis est conjoncturelle, les trait\u00e9s internationaux, eux, s\u2019inscrivent dans la dur\u00e9e. Il revient aux \u00c9tats membres pr\u00e9sents de<strong> faire avancer les discussions ensemble, en accord avec la science et la justice<\/strong>. Les \u00c9tats-Unis finiront par devoir suivre cette dynamique.<\/li>\n<\/ul>\n\n<h2 class=\"wp-block-heading\"><strong>Notre \u00e9quipe et nos missions&nbsp;<\/strong><\/h2>\n\n<p>Pour que les diff\u00e9rentes campagnes de Greenpeace soient repr\u00e9sent\u00e9es, j\u2019ai rejoint une \u00e9quipe d\u2019une trentaine de personnes \u00e0 Nice.<strong> Les enjeux concernant les oc\u00e9ans sont multiples, mais notre action pour les oc\u00e9ans est unie.&nbsp;<\/strong><\/p>\n\n<p><strong>Notre message cl\u00e9<\/strong> : Les oc\u00e9ans sont vitaux pour toute forme de vie sur Terre. Dans le contexte politique actuel, prot\u00e9ger 30 % des oc\u00e9ans d\u2019ici 2030 est indispensable, mais cela ne suffira pas. Il faut aussi emp\u00eacher l\u2019ouverture de l\u2019exploitation mini\u00e8re en eaux profondes, s\u2019attaquer \u00e0 la pollution plastique \u00e0 la source, et reconna\u00eetre le r\u00f4le central des communaut\u00e9s en premi\u00e8re ligne pour garantir une v\u00e9ritable protection des oc\u00e9ans.<\/p>\n\n<p>Laissez-moi vous pr\u00e9senter les quatres campagnes de Greenpeace pr\u00e9sentent \u00e0 l\u2019UNOC :&nbsp;<\/p>\n\n<ul class=\"wp-block-list\">\n<li><strong>Oceans Are Life<\/strong> : Cette campagne s\u2019oppose au d\u00e9marrage de l\u2019exploitation mini\u00e8re des fonds marins et en soutient la mise en \u0153uvre du Trait\u00e9 sur la haute mer, outil essentiel pour prot\u00e9ger 30 % des oc\u00e9ans d\u2019ici 2030. Elle d\u00e9nonce un extractivisme sans limites et mobilise pour un avenir fond\u00e9 sur la protection de nos oc\u00e9ans.<br><\/li>\n\n\n\n<li><strong>Plastic Free Future<\/strong> : Greenpeace demande un trait\u00e9 mondial sur les plastiques r\u00e9duisant d\u2019au moins 75 % la production de plastique d\u2019ici 2040 et mettant fin aux plastiques \u00e0 usage unique. L\u2019UNOC \u00e9tait la derni\u00e8re grande r\u00e9union politique avant la reprise des n\u00e9gociations du trait\u00e9 en ao\u00fbt. Une d\u00e9claration minist\u00e9rielle en faveur d\u2019un trait\u00e9 ambitieux a \u00e9t\u00e9 publi\u00e9e le 11 juin.<br><\/li>\n\n\n\n<li><strong>Ocean Justice<\/strong> : Cette campagne vise une gouvernance des oc\u00e9ans \u00e9quitable, centr\u00e9e sur les droits des p\u00eacheur\u00b7ses artisan\u00b7es, des peuples autochtones et des communaut\u00e9s c\u00f4ti\u00e8res, en particulier les femmes. \u00c0 l\u2019UNOC, Greenpeace a permis \u00e0 des repr\u00e9sentant\u00b7es du S\u00e9n\u00e9gal et de Tha\u00eflande de t\u00e9moigner de leurs exp\u00e9riences.<br><\/li>\n\n\n\n<li><strong>Beyond Seafood<\/strong> : Cette campagne lutte contre l\u2019esclavagisme en mer et les abus de la p\u00eache industrielle, en d\u00e9fendant une approche fond\u00e9e sur les droits humains.&nbsp;<\/li>\n<\/ul>\n\n<figure class=\"wp-block-image\"><img loading=\"lazy\" decoding=\"async\" width=\"1200\" height=\"800\" src=\"https:\/\/www.greenpeace.org\/static\/planet4-luxembourg-stateless\/2025\/06\/cf699a59-gp0su5rs3.jpg\" title=\"Demand for a Global Plastics Treaty at UNOC in Nice. \u00a9 Pierre Larrieu \/ Greenpeace\" alt=\"Demand for a Global Plastics Treaty at UNOC in Nice. \u00a9 Pierre Larrieu \/ Greenpeace\" class=\"wp-image-24686\" srcset=\"https:\/\/www.greenpeace.org\/static\/planet4-luxembourg-stateless\/2025\/06\/cf699a59-gp0su5rs3.jpg 1200w, https:\/\/www.greenpeace.org\/static\/planet4-luxembourg-stateless\/2025\/06\/cf699a59-gp0su5rs3-300x200.jpg 300w, https:\/\/www.greenpeace.org\/static\/planet4-luxembourg-stateless\/2025\/06\/cf699a59-gp0su5rs3-1024x683.jpg 1024w, https:\/\/www.greenpeace.org\/static\/planet4-luxembourg-stateless\/2025\/06\/cf699a59-gp0su5rs3-768x512.jpg 768w, https:\/\/www.greenpeace.org\/static\/planet4-luxembourg-stateless\/2025\/06\/cf699a59-gp0su5rs3-510x340.jpg 510w\" sizes=\"auto, (max-width: 1200px) 100vw, 1200px\" \/><figcaption class=\"wp-element-caption\">Des activistes de Greenpeace demandent un Trait\u00e9 International sur les Plastiques au cours de l&#8217;UNOC 2025.<div class=\"credit icon-left\"> \u00a9 Pierre Larrieu \/ Greenpeace<\/div><\/figcaption><\/figure>\n\n<h2 class=\"wp-block-heading\"><strong>Pourquoi le Luxembourg doit-il prot\u00e9ger les oc\u00e9ans ?<\/strong><\/h2>\n\n<p>L\u2019oc\u00e9an produit plus de la moiti\u00e9 de notre oxyg\u00e8ne, r\u00e9gule le climat, nourrit des milliards de personnes\u2026 et il est en danger. <strong>C\u2019est un bien commun de l\u2019humanit\u00e9.<\/strong><\/p>\n\n<ul class=\"wp-block-list\">\n<li>Les <strong>habitant\u00b7es du Luxembourge sont les 5\u00e8me plus gros consommateur\u00b7ices de poissons en Europe<\/strong> : +10 kg\/an par personne par rapport \u00e0 la moyenne europ\u00e9enne, +12 kg par rapport \u00e0 la moyenne mondiale.<br><\/li>\n<\/ul>\n\n<ul class=\"wp-block-list\">\n<li>Une grande partie des poissons que nous consommons proviennent de<strong> la p\u00eache industrielle<\/strong> : notamment en France, qui continue \u00e0 pratiquer le chalutage de fond dans des zones dites \u00ab prot\u00e9g\u00e9es \u00bb, ou d\u2019autres pays europ\u00e9ens dont les bateaux de p\u00eaches pillent les eaux de pays d\u2019Afrique de l\u2019Ouest, mena\u00e7ant les \u00e9cosyst\u00e8mes marins et les communaut\u00e9s locales.<br><\/li>\n\n\n\n<li>Avec l&#8217;aide des \u00c9tats-Unis, l\u2019industrie veut d\u00e9sormais raser les fonds marins pour extraire des m\u00e9taux. Le Luxembourg a rejoint l\u2019appel au moratoire : il doit d\u00e9sormais <strong>nous aider \u00e0 stopper cette nouvelle menace avant qu\u2019elle ne commence ! <\/strong><strong><br><\/strong><\/li>\n\n\n\n<li><strong>De nos rivi\u00e8res jusqu\u2019\u00e0 l\u2019oc\u00e9an : le plastique se d\u00e9verse<\/strong>, tue la biodiversit\u00e9 et impacte notre sant\u00e9. Il faut r\u00e9duire la production de plastique, pas seulement le recycler.<br><\/li>\n\n\n\n<li>Les peuples autochtones et les communaut\u00e9s c\u00f4ti\u00e8res prot\u00e8gent l\u2019oc\u00e9an, mais sont encore exclus des d\u00e9cisions. Leur voix doit \u00eatre entendue, y compris par le Luxembourg.<\/li>\n<\/ul>\n\n<figure class=\"wp-block-image\"><img loading=\"lazy\" decoding=\"async\" width=\"1200\" height=\"800\" src=\"https:\/\/www.greenpeace.org\/static\/planet4-luxembourg-stateless\/2025\/06\/8c7753ef-gp0su5tdq.jpg\" title=\"Thai Advocate and Coastal Community Representative Call for Ocean Protection at UNOC3 in Nice, France. \u00a9 Pierre Larrieu \/ Greenpeace\" alt=\"Thai Advocate and Coastal Community Representative Call for Ocean Protection at UNOC3 in Nice, France. \u00a9 Pierre Larrieu \/ Greenpeace\" class=\"wp-image-24688\" srcset=\"https:\/\/www.greenpeace.org\/static\/planet4-luxembourg-stateless\/2025\/06\/8c7753ef-gp0su5tdq.jpg 1200w, https:\/\/www.greenpeace.org\/static\/planet4-luxembourg-stateless\/2025\/06\/8c7753ef-gp0su5tdq-300x200.jpg 300w, https:\/\/www.greenpeace.org\/static\/planet4-luxembourg-stateless\/2025\/06\/8c7753ef-gp0su5tdq-1024x683.jpg 1024w, https:\/\/www.greenpeace.org\/static\/planet4-luxembourg-stateless\/2025\/06\/8c7753ef-gp0su5tdq-768x512.jpg 768w, https:\/\/www.greenpeace.org\/static\/planet4-luxembourg-stateless\/2025\/06\/8c7753ef-gp0su5tdq-510x340.jpg 510w\" sizes=\"auto, (max-width: 1200px) 100vw, 1200px\" \/><figcaption class=\"wp-element-caption\">Piya Thedyaem, pr\u00e9sident de la Federation of Thai Fisherfolk Association, et Baitong Jareerat, militante tha\u00eflandaise et Miss Earth Thailand, appellent \u00e0 la protection des oc\u00e9ans lors de la troisi\u00e8me conf\u00e9rence des Nations unies sur les oc\u00e9ans, \u00e0 Nice,France (UNOC3).<br><div class=\"credit icon-left\"> \u00a9 Pierre Larrieu \/ Greenpeace<\/div><\/figcaption><\/figure>\n\n<h2 class=\"wp-block-heading\"><strong>Mon exp\u00e9rience sur le terrain&nbsp;<\/strong><\/h2>\n\n<p>En tant que membre de la d\u00e9l\u00e9gation politique, j\u2019\u00e9tais accr\u00e9dit\u00e9e pour acc\u00e9der \u00e0 l\u2019espace gouvernemental comme observatrice, aux c\u00f4t\u00e9s de coll\u00e8gues de Greenpeace et d\u2019autres ONG. Cela nous a permis de suivre les d\u00e9clarations des \u00c9tats et d\u2019engager un plaidoyer strat\u00e9gique pour nos campagnes.&nbsp;<\/p>\n\n<figure class=\"wp-block-image size-full\"><img loading=\"lazy\" decoding=\"async\" width=\"2560\" height=\"1920\" src=\"https:\/\/www.greenpeace.org\/static\/planet4-luxembourg-stateless\/2025\/06\/ebd5472b-20250611_150029-scaled.jpg\" alt=\"\" class=\"wp-image-24690\" style=\"aspect-ratio:2\/3;object-fit:cover\" srcset=\"https:\/\/www.greenpeace.org\/static\/planet4-luxembourg-stateless\/2025\/06\/ebd5472b-20250611_150029-scaled.jpg 2560w, https:\/\/www.greenpeace.org\/static\/planet4-luxembourg-stateless\/2025\/06\/ebd5472b-20250611_150029-300x225.jpg 300w, https:\/\/www.greenpeace.org\/static\/planet4-luxembourg-stateless\/2025\/06\/ebd5472b-20250611_150029-1024x768.jpg 1024w, https:\/\/www.greenpeace.org\/static\/planet4-luxembourg-stateless\/2025\/06\/ebd5472b-20250611_150029-768x576.jpg 768w, https:\/\/www.greenpeace.org\/static\/planet4-luxembourg-stateless\/2025\/06\/ebd5472b-20250611_150029-1536x1152.jpg 1536w, https:\/\/www.greenpeace.org\/static\/planet4-luxembourg-stateless\/2025\/06\/ebd5472b-20250611_150029-2048x1536.jpg 2048w, https:\/\/www.greenpeace.org\/static\/planet4-luxembourg-stateless\/2025\/06\/ebd5472b-20250611_150029-1821x1366.jpg 1821w, https:\/\/www.greenpeace.org\/static\/planet4-luxembourg-stateless\/2025\/06\/ebd5472b-20250611_150029-453x340.jpg 453w\" sizes=\"auto, (max-width: 2560px) 100vw, 2560px\" \/><\/figure>\n\n<p>J\u2019ai ainsi pu<strong> rencontrer le Ministre Serge Wilmes<\/strong>, pr\u00e9sent sur place pour la c\u00e9r\u00e9monie d\u2019ouverture, ainsi que le reste de son \u00e9quipe diplomatique. J\u2019ai assist\u00e9 en session pl\u00e9ni\u00e8re \u00e0 la<strong> d\u00e9claration politique du Luxembourg<\/strong>, qui a pris la parole mercredi 11 juin.<\/p>\n\n<p>Sur place, j\u2019ai aussi pu rencontrer des alli\u00e9\u00b7es inspirant\u00b7es, des personnes d\u00e9termin\u00e9es, passionn\u00e9es, engag\u00e9es. L\u2019oc\u00e9an n\u2019est pas seul. Il a des d\u00e9fenseur\u00b7ses, comme vous et moi.<\/p>\n\n<h2 class=\"wp-block-heading\"><strong>Une parade de bateaux sans l\u2019<\/strong><strong><em>Arctic Sunrise<\/em><\/strong>&nbsp;<\/h2>\n\n<p>\u00c0 Nice, la veille de l\u2019ouverture de la conf\u00e9rence, dimanche 8 juin, l\u2019un de nos bateaux, l\u2019<em>Arctic Sunrise<\/em>, \u00e9tait invit\u00e9 \u00e0 parader en mer, pour porter les messages de trois millions de personnes r\u00e9clamant un moratoire sur l\u2019exploitation mini\u00e8re des fonds marins.&nbsp;<\/p>\n\n<p><strong>Les autorit\u00e9s fran\u00e7aises ont bloqu\u00e9 l\u2019entr\u00e9e du navire <\/strong>en repr\u00e9sailles \u00e0 une exp\u00e9dition <a href=\"https:\/\/www.greenpeace.fr\/le-gouvernement-ne-protege-pas-les-oceans-nous-le-faisons\/\">d\u00e9non\u00e7ant le chalutage de fond dans les aires marines prot\u00e9g\u00e9es fran\u00e7aises<\/a>. Nous avons d\u00e9nonc\u00e9 une d\u00e9cision politique inacceptable. D\u2019autant plus que l\u2019incident survient \u00e0 l\u2019approche de l\u2019anniversaire des <a href=\"https:\/\/www.greenpeace.fr\/espace-presse\/40-ans-apres-lattentat-contre-le-rainbow-warrior-la-repression-persiste-la-mobilisation-continue\/\">40 ans du sabotage du <em>Rainbow Warrior<\/em>.<\/a><\/p>\n\n<figure class=\"wp-block-image\"><img loading=\"lazy\" decoding=\"async\" width=\"1200\" height=\"857\" src=\"https:\/\/www.greenpeace.org\/static\/planet4-luxembourg-stateless\/2025\/06\/be7fde20-gp0su5sjs.jpg\" title=\"MY Arctic Sunrise off the UN Ocean Conference, France. \u00a9 Ma\u00eft\u00e9 Baldi \/ Greenpeace\" alt=\"MY Arctic Sunrise off the UN Ocean Conference, France. \u00a9 Ma\u00eft\u00e9 Baldi \/ Greenpeace\" class=\"wp-image-24692\" srcset=\"https:\/\/www.greenpeace.org\/static\/planet4-luxembourg-stateless\/2025\/06\/be7fde20-gp0su5sjs.jpg 1200w, https:\/\/www.greenpeace.org\/static\/planet4-luxembourg-stateless\/2025\/06\/be7fde20-gp0su5sjs-300x214.jpg 300w, https:\/\/www.greenpeace.org\/static\/planet4-luxembourg-stateless\/2025\/06\/be7fde20-gp0su5sjs-1024x731.jpg 1024w, https:\/\/www.greenpeace.org\/static\/planet4-luxembourg-stateless\/2025\/06\/be7fde20-gp0su5sjs-768x548.jpg 768w, https:\/\/www.greenpeace.org\/static\/planet4-luxembourg-stateless\/2025\/06\/be7fde20-gp0su5sjs-476x340.jpg 476w\" sizes=\"auto, (max-width: 1200px) 100vw, 1200px\" \/><figcaption class=\"wp-element-caption\">En repr\u00e9sailles contre Greenpeace, les autorit\u00e9s fran\u00e7aises ont interdit le navire Arctic Sunrise de Greenpeace International d&#8217;entrer dans le port de Nice, o\u00f9 se d\u00e9roule l&#8217;UNOC. Cette d\u00e9cision fait suite \u00e0 la mise en \u00e9vidence par Greenpeace des faiblesses du r\u00e9seau fran\u00e7ais d&#8217;aires marines prot\u00e9g\u00e9es le mois dernier en M\u00e9diterran\u00e9e, lors d&#8217;une exp\u00e9dition \u00e0 bord de l&#8217;Arctic Sunrise. <div class=\"credit icon-left\"> \u00a9 Ma\u00eft\u00e9 Baldi \/ Greenpeace<\/div><\/figcaption><\/figure>\n\n<p>Malgr\u00e9 tout, sur la terre ferme, j\u2019\u00e9tais pr\u00e9sente au c\u00f4t\u00e9 de Greenpeace \u00e0 la Blue March et sit-in pour appeler \u00e0 une meilleure protection des fonds marins. <a href=\"https:\/\/www.greenpeace.fr\/espace-presse\/a-lunoc-greenpeace-proteste-contre-lexploitation-miniere-en-eaux-profondes\/\">La banderole a aussi \u00e9t\u00e9 d\u00e9ploy\u00e9e sur la rive<\/a> pour que les responsables politiques du monde entier r\u00e9unis \u00e0 Nice re\u00e7oivent le message.<\/p>\n\n<h2 class=\"wp-block-heading\"><strong>Quels r\u00e9sultats concrets \u00e0 l\u2019issue de l\u2019UNOC 3<\/strong> ?&nbsp;<\/h2>\n\n<p>La troisi\u00e8me conf\u00e9rence des Nations Unies sur l\u2019oc\u00e9an marque des avanc\u00e9s significatives:<\/p>\n\n<ul class=\"wp-block-list\">\n<li><strong>Une belle dynamique pour le trait\u00e9 sur la haute mer (BBNJ)<\/strong> : Nous avons franchi la barre des 50 ratifications, un cap d\u00e9cisif, proche du seuil des 60 pour son entr\u00e9e en vigueur. Ce texte est vital pour cr\u00e9er des aires marines prot\u00e9g\u00e9es en eaux internationales et atteindre l\u2019objectif de prot\u00e9ger 30% de l\u2019oc\u00e9an d\u2019ici 2030. Plusieurs pays, dont le Luxembourg, ont annonc\u00e9 finaliser leur ratification.<br><\/li>\n\n\n\n<li><strong>Garder le cap vers un trait\u00e9 ambitieux sur les plastiques<\/strong> : Plus de 90 pays soutiennent \u00ab <em>l\u2019Appel de Nice<\/em> \u00bb pour un trait\u00e9 ambitieux sur les plastiques qui comprend un objectif mondial de r\u00e9duction de la production et de la consommation de plastique. Les actions concr\u00e8tes devront suivre cette d\u00e9claration minist\u00e9rielle lors des n\u00e9gociations (INC 5-2) pr\u00e9vues en ao\u00fbt \u00e0 Gen\u00e8ve.<\/li>\n<\/ul>\n\n<p><strong>Mais des victoires restent \u00e0 obtenir :<\/strong>&nbsp;<\/p>\n\n<ul class=\"wp-block-list\">\n<li><strong>Pour un large soutien du moratoire sur l\u2019exploitation mini\u00e8re des fonds marins<\/strong> : seulement 4 nouveaux \u00c9tats ont rejoint le Luxembourg et les 32 autres \u00c9tats, portant ainsi le total des soutiens \u00e0 37 \u00c9tats en faveur d\u2019un moratoire sur l\u2019exploitation mini\u00e8re des fonds marins. La pression reste forte, mais peu d\u2019annonces concr\u00e8tes ont \u00e9t\u00e9 faites. La prochaine r\u00e9union de l\u2019Autorit\u00e9 internationale des fonds marins en juillet sera d\u00e9cisive.<br><\/li>\n\n\n\n<li><strong>Pour une protection effective des aires marines prot\u00e9g\u00e9es <\/strong>: malgr\u00e9 la co-pr\u00e9sidence de la conf\u00e9rence, la France n\u2019a pas annonc\u00e9 de mesures concr\u00e8tes pour ses aires marines prot\u00e9g\u00e9es encore victimes du chalutage de fond, alors m\u00eame que la M\u00e9diterran\u00e9e est l\u2019une des mers les plus ab\u00eem\u00e9es du monde.<\/li>\n<\/ul>\n\n<p>Nous ne l\u00e2cherons rien, pour nos oc\u00e9ans, pour notre plan\u00e8te et la vie qu&#8217;elle abrite !<\/p>\n\n<figure class=\"wp-block-image\"><img loading=\"lazy\" decoding=\"async\" width=\"1200\" height=\"800\" src=\"https:\/\/www.greenpeace.org\/static\/planet4-luxembourg-stateless\/2025\/06\/b6330ceb-gp0su5rde.jpg\" title=\"Oceans Blue March Protest in Nice, France. \u00a9 Pierre Larrieu \/ Greenpeace\" alt=\"Oceans Blue March Protest in Nice, France. \u00a9 Pierre Larrieu \/ Greenpeace\" class=\"wp-image-24694\" srcset=\"https:\/\/www.greenpeace.org\/static\/planet4-luxembourg-stateless\/2025\/06\/b6330ceb-gp0su5rde.jpg 1200w, https:\/\/www.greenpeace.org\/static\/planet4-luxembourg-stateless\/2025\/06\/b6330ceb-gp0su5rde-300x200.jpg 300w, https:\/\/www.greenpeace.org\/static\/planet4-luxembourg-stateless\/2025\/06\/b6330ceb-gp0su5rde-1024x683.jpg 1024w, https:\/\/www.greenpeace.org\/static\/planet4-luxembourg-stateless\/2025\/06\/b6330ceb-gp0su5rde-768x512.jpg 768w, https:\/\/www.greenpeace.org\/static\/planet4-luxembourg-stateless\/2025\/06\/b6330ceb-gp0su5rde-510x340.jpg 510w\" sizes=\"auto, (max-width: 1200px) 100vw, 1200px\" \/><figcaption><div class=\"credit icon-left\"> \u00a9 Pierre Larrieu \/ Greenpeace<\/div><\/figcaption><\/figure>\n\n<p><\/p>\n","protected":false},"excerpt":{"rendered":"<p>Du 9 au 13 juin 2025, la troisi\u00e8me Conf\u00e9rence des Nations Unies sur l\u2019Oc\u00e9an (UNOC) s\u2019est tenue \u00e0 Nice, co-pr\u00e9sid\u00e9e par la France et le Costa Rica. Cet \u00e9v\u00e9nement international&hellip;<\/p>\n","protected":false},"author":20,"featured_media":24682,"comment_status":"closed","ping_status":"closed","sticky":false,"template":"","format":"standard","meta":{"ep_exclude_from_search":false,"p4_og_title":"Dans les coulisses de la 3\u00e8me conf\u00e9rence des Nations Unies sur l\u2019Oc\u00e9an ","p4_og_description":"","p4_og_image":"https:\/\/www.greenpeace.org\/static\/planet4-luxembourg-stateless\/2025\/06\/1954b46c-gp0su5re3.jpg","p4_og_image_id":"24682","p4_seo_canonical_url":"","p4_campaign_name":"Oceans Are Life","p4_local_project":"","p4_basket_name":"Oceans","p4_department":"","footnotes":""},"categories":[43],"tags":[29],"p4-page-type":[85],"class_list":["post-24681","post","type-post","status-publish","format-standard","has-post-thumbnail","hentry","category-nature","tag-oceans","p4-page-type-actualites"],"yoast_head":"<!-- This site is optimized with the Yoast SEO Premium plugin v23.9 (Yoast SEO v23.9) - https:\/\/yoast.com\/wordpress\/plugins\/seo\/ -->\n<title>Dans les coulisses de la 3e conf\u00e9rence des Nations Unies sur l\u2019Oc\u00e9an - Greenpeace Luxembourg<\/title>\n<meta name=\"robots\" content=\"index, follow, max-snippet:-1, max-image-preview:large, max-video-preview:-1\" \/>\n<link rel=\"canonical\" href=\"https:\/\/www.greenpeace.org\/luxembourg\/fr\/actualites\/24681\/dans-les-coulisses-de-la-3eme-conference-des-nations-unies-sur-locean\/\" \/>\n<meta property=\"og:locale\" content=\"fr_FR\" \/>\n<meta property=\"og:type\" content=\"article\" \/>\n<meta property=\"og:title\" content=\"Dans les coulisses de la 3e conf\u00e9rence des Nations Unies sur l\u2019Oc\u00e9an\" \/>\n<meta property=\"og:description\" content=\"Du 9 au 13 juin 2025, la troisi\u00e8me Conf\u00e9rence des Nations Unies sur l\u2019Oc\u00e9an (UNOC) s\u2019est tenue \u00e0 Nice, co-pr\u00e9sid\u00e9e par la France et le Costa Rica. Cet \u00e9v\u00e9nement international&hellip;\" \/>\n<meta property=\"og:url\" content=\"https:\/\/www.greenpeace.org\/luxembourg\/fr\/actualites\/24681\/dans-les-coulisses-de-la-3eme-conference-des-nations-unies-sur-locean\/\" \/>\n<meta property=\"og:site_name\" content=\"Greenpeace Luxembourg\" \/>\n<meta property=\"article:publisher\" content=\"https:\/\/www.facebook.com\/greenpeaceluxembourg\" \/>\n<meta property=\"article:published_time\" content=\"2025-06-18T08:54:21+00:00\" \/>\n<meta property=\"article:modified_time\" content=\"2025-06-18T09:08:21+00:00\" \/>\n<meta property=\"og:image\" content=\"https:\/\/www.greenpeace.org\/static\/planet4-luxembourg-stateless\/2025\/06\/1954b46c-gp0su5re3.jpg\" \/>\n\t<meta property=\"og:image:width\" content=\"1200\" \/>\n\t<meta property=\"og:image:height\" content=\"800\" \/>\n\t<meta property=\"og:image:type\" content=\"image\/jpeg\" \/>\n<meta name=\"author\" content=\"Greenpeace Luxembourg\" \/>\n<meta name=\"twitter:card\" content=\"summary_large_image\" \/>\n<meta name=\"twitter:label1\" content=\"Written by\" \/>\n\t<meta name=\"twitter:data1\" content=\"Greenpeace Luxembourg\" \/>\n\t<meta name=\"twitter:label2\" content=\"Est. reading time\" \/>\n\t<meta name=\"twitter:data2\" content=\"10 minutes\" \/>\n<script type=\"application\/ld+json\" class=\"yoast-schema-graph\">{\"@context\":\"https:\/\/schema.org\",\"@graph\":[{\"@type\":\"Article\",\"@id\":\"https:\/\/www.greenpeace.org\/luxembourg\/fr\/actualites\/24681\/dans-les-coulisses-de-la-3eme-conference-des-nations-unies-sur-locean\/#article\",\"isPartOf\":{\"@id\":\"https:\/\/www.greenpeace.org\/luxembourg\/fr\/actualites\/24681\/dans-les-coulisses-de-la-3eme-conference-des-nations-unies-sur-locean\/\"},\"author\":{\"name\":\"Greenpeace Luxembourg\",\"@id\":\"https:\/\/www.greenpeace.org\/luxembourg\/fr\/#\/schema\/person\/12b34015aca6e55fec2e511d2f19102d\"},\"headline\":\"Dans les coulisses de la 3e conf\u00e9rence des Nations Unies sur l\u2019Oc\u00e9an\",\"datePublished\":\"2025-06-18T08:54:21+00:00\",\"dateModified\":\"2025-06-18T09:08:21+00:00\",\"mainEntityOfPage\":{\"@id\":\"https:\/\/www.greenpeace.org\/luxembourg\/fr\/actualites\/24681\/dans-les-coulisses-de-la-3eme-conference-des-nations-unies-sur-locean\/\"},\"wordCount\":2071,\"publisher\":{\"@id\":\"https:\/\/www.greenpeace.org\/luxembourg\/fr\/#organization\"},\"image\":{\"@id\":\"https:\/\/www.greenpeace.org\/luxembourg\/fr\/actualites\/24681\/dans-les-coulisses-de-la-3eme-conference-des-nations-unies-sur-locean\/#primaryimage\"},\"thumbnailUrl\":\"https:\/\/www.greenpeace.org\/static\/planet4-luxembourg-stateless\/2025\/06\/1954b46c-gp0su5re3.jpg\",\"keywords\":[\"Oc\u00e9ans\"],\"articleSection\":[\"Nature\"],\"inLanguage\":\"fr-LU\"},{\"@type\":\"WebPage\",\"@id\":\"https:\/\/www.greenpeace.org\/luxembourg\/fr\/actualites\/24681\/dans-les-coulisses-de-la-3eme-conference-des-nations-unies-sur-locean\/\",\"url\":\"https:\/\/www.greenpeace.org\/luxembourg\/fr\/actualites\/24681\/dans-les-coulisses-de-la-3eme-conference-des-nations-unies-sur-locean\/\",\"name\":\"Dans les coulisses de la 3e conf\u00e9rence des Nations Unies sur l\u2019Oc\u00e9an - Greenpeace Luxembourg\",\"isPartOf\":{\"@id\":\"https:\/\/www.greenpeace.org\/luxembourg\/fr\/#website\"},\"primaryImageOfPage\":{\"@id\":\"https:\/\/www.greenpeace.org\/luxembourg\/fr\/actualites\/24681\/dans-les-coulisses-de-la-3eme-conference-des-nations-unies-sur-locean\/#primaryimage\"},\"image\":{\"@id\":\"https:\/\/www.greenpeace.org\/luxembourg\/fr\/actualites\/24681\/dans-les-coulisses-de-la-3eme-conference-des-nations-unies-sur-locean\/#primaryimage\"},\"thumbnailUrl\":\"https:\/\/www.greenpeace.org\/static\/planet4-luxembourg-stateless\/2025\/06\/1954b46c-gp0su5re3.jpg\",\"datePublished\":\"2025-06-18T08:54:21+00:00\",\"dateModified\":\"2025-06-18T09:08:21+00:00\",\"breadcrumb\":{\"@id\":\"https:\/\/www.greenpeace.org\/luxembourg\/fr\/actualites\/24681\/dans-les-coulisses-de-la-3eme-conference-des-nations-unies-sur-locean\/#breadcrumb\"},\"inLanguage\":\"fr-LU\",\"potentialAction\":[{\"@type\":\"ReadAction\",\"target\":[\"https:\/\/www.greenpeace.org\/luxembourg\/fr\/actualites\/24681\/dans-les-coulisses-de-la-3eme-conference-des-nations-unies-sur-locean\/\"]}]},{\"@type\":\"ImageObject\",\"inLanguage\":\"fr-LU\",\"@id\":\"https:\/\/www.greenpeace.org\/luxembourg\/fr\/actualites\/24681\/dans-les-coulisses-de-la-3eme-conference-des-nations-unies-sur-locean\/#primaryimage\",\"url\":\"https:\/\/www.greenpeace.org\/static\/planet4-luxembourg-stateless\/2025\/06\/1954b46c-gp0su5re3.jpg\",\"contentUrl\":\"https:\/\/www.greenpeace.org\/static\/planet4-luxembourg-stateless\/2025\/06\/1954b46c-gp0su5re3.jpg\",\"width\":1200,\"height\":800,\"caption\":\"Nearly a thousand people took part in the Blue March on the Promenade des Anglais on Saturday 7 June 2025, on the eve of the opening of the United Nations Ocean Conference. A mosaic of nationalities and demands carrying \u2018the voice of the people\u2019.\"},{\"@type\":\"BreadcrumbList\",\"@id\":\"https:\/\/www.greenpeace.org\/luxembourg\/fr\/actualites\/24681\/dans-les-coulisses-de-la-3eme-conference-des-nations-unies-sur-locean\/#breadcrumb\",\"itemListElement\":[{\"@type\":\"ListItem\",\"position\":1,\"name\":\"Home\",\"item\":\"https:\/\/www.greenpeace.org\/luxembourg\/fr\/\"},{\"@type\":\"ListItem\",\"position\":2,\"name\":\"Dans les coulisses de la 3e conf\u00e9rence des Nations Unies sur l\u2019Oc\u00e9an\"}]},{\"@type\":\"WebSite\",\"@id\":\"https:\/\/www.greenpeace.org\/luxembourg\/fr\/#website\",\"url\":\"https:\/\/www.greenpeace.org\/luxembourg\/fr\/\",\"name\":\"Greenpeace Luxembourg\",\"description\":\"Greenpeace existe parce que cette Terre fragile a besoin d&#039;une voix. Elle a besoin de solutions. De changement. D&#039;actions.\",\"publisher\":{\"@id\":\"https:\/\/www.greenpeace.org\/luxembourg\/fr\/#organization\"},\"potentialAction\":[{\"@type\":\"SearchAction\",\"target\":{\"@type\":\"EntryPoint\",\"urlTemplate\":\"https:\/\/www.greenpeace.org\/luxembourg\/fr\/?s={search_term_string}\"},\"query-input\":{\"@type\":\"PropertyValueSpecification\",\"valueRequired\":true,\"valueName\":\"search_term_string\"}}],\"inLanguage\":\"fr-LU\"},{\"@type\":\"Organization\",\"@id\":\"https:\/\/www.greenpeace.org\/luxembourg\/fr\/#organization\",\"name\":\"Greenpeace Luxembourg\",\"url\":\"https:\/\/www.greenpeace.org\/luxembourg\/fr\/\",\"logo\":{\"@type\":\"ImageObject\",\"inLanguage\":\"fr-LU\",\"@id\":\"https:\/\/www.greenpeace.org\/luxembourg\/fr\/#\/schema\/logo\/image\/\",\"url\":\"https:\/\/www.greenpeace.org\/static\/planet4-luxembourg-stateless\/2026\/03\/3e367f94-greenpeace_logo_green_rgb.png\",\"contentUrl\":\"https:\/\/www.greenpeace.org\/static\/planet4-luxembourg-stateless\/2026\/03\/3e367f94-greenpeace_logo_green_rgb.png\",\"width\":1080,\"height\":175,\"caption\":\"Greenpeace Luxembourg\"},\"image\":{\"@id\":\"https:\/\/www.greenpeace.org\/luxembourg\/fr\/#\/schema\/logo\/image\/\"},\"sameAs\":[\"https:\/\/www.facebook.com\/greenpeaceluxembourg\",\"https:\/\/www.instagram.com\/greenpeacelux\/\",\"https:\/\/www.linkedin.com\/company\/greenpeace-luxembourg\/\",\"https:\/\/www.threads.com\/@greenpeacelux\",\"https:\/\/bsky.app\/profile\/greenpeacelux.bsky.social\",\"https:\/\/www.youtube.com\/@GreenpeaceLux\",\"https:\/\/www.tiktok.com\/@greenpeace_lux\"]},{\"@type\":\"Person\",\"@id\":\"https:\/\/www.greenpeace.org\/luxembourg\/fr\/#\/schema\/person\/12b34015aca6e55fec2e511d2f19102d\",\"name\":\"Greenpeace Luxembourg\",\"url\":\"https:\/\/www.greenpeace.org\/luxembourg\/fr\/author\/gp_luxembourg\/\"}]}<\/script>\n<!-- \/ Yoast SEO Premium plugin. -->","yoast_head_json":{"title":"Dans les coulisses de la 3e conf\u00e9rence des Nations Unies sur l\u2019Oc\u00e9an - Greenpeace Luxembourg","robots":{"index":"index","follow":"follow","max-snippet":"max-snippet:-1","max-image-preview":"max-image-preview:large","max-video-preview":"max-video-preview:-1"},"canonical":"https:\/\/www.greenpeace.org\/luxembourg\/fr\/actualites\/24681\/dans-les-coulisses-de-la-3eme-conference-des-nations-unies-sur-locean\/","og_locale":"fr_FR","og_type":"article","og_title":"Dans les coulisses de la 3e conf\u00e9rence des Nations Unies sur l\u2019Oc\u00e9an","og_description":"Du 9 au 13 juin 2025, la troisi\u00e8me Conf\u00e9rence des Nations Unies sur l\u2019Oc\u00e9an (UNOC) s\u2019est tenue \u00e0 Nice, co-pr\u00e9sid\u00e9e par la France et le Costa Rica. Cet \u00e9v\u00e9nement international&hellip;","og_url":"https:\/\/www.greenpeace.org\/luxembourg\/fr\/actualites\/24681\/dans-les-coulisses-de-la-3eme-conference-des-nations-unies-sur-locean\/","og_site_name":"Greenpeace Luxembourg","article_publisher":"https:\/\/www.facebook.com\/greenpeaceluxembourg","article_published_time":"2025-06-18T08:54:21+00:00","article_modified_time":"2025-06-18T09:08:21+00:00","og_image":[{"width":1200,"height":800,"url":"https:\/\/www.greenpeace.org\/static\/planet4-luxembourg-stateless\/2025\/06\/1954b46c-gp0su5re3.jpg","type":"image\/jpeg"}],"author":"Greenpeace Luxembourg","twitter_card":"summary_large_image","twitter_misc":{"Written by":"Greenpeace Luxembourg","Est. reading time":"10 minutes"},"schema":{"@context":"https:\/\/schema.org","@graph":[{"@type":"Article","@id":"https:\/\/www.greenpeace.org\/luxembourg\/fr\/actualites\/24681\/dans-les-coulisses-de-la-3eme-conference-des-nations-unies-sur-locean\/#article","isPartOf":{"@id":"https:\/\/www.greenpeace.org\/luxembourg\/fr\/actualites\/24681\/dans-les-coulisses-de-la-3eme-conference-des-nations-unies-sur-locean\/"},"author":{"name":"Greenpeace Luxembourg","@id":"https:\/\/www.greenpeace.org\/luxembourg\/fr\/#\/schema\/person\/12b34015aca6e55fec2e511d2f19102d"},"headline":"Dans les coulisses de la 3e conf\u00e9rence des Nations Unies sur l\u2019Oc\u00e9an","datePublished":"2025-06-18T08:54:21+00:00","dateModified":"2025-06-18T09:08:21+00:00","mainEntityOfPage":{"@id":"https:\/\/www.greenpeace.org\/luxembourg\/fr\/actualites\/24681\/dans-les-coulisses-de-la-3eme-conference-des-nations-unies-sur-locean\/"},"wordCount":2071,"publisher":{"@id":"https:\/\/www.greenpeace.org\/luxembourg\/fr\/#organization"},"image":{"@id":"https:\/\/www.greenpeace.org\/luxembourg\/fr\/actualites\/24681\/dans-les-coulisses-de-la-3eme-conference-des-nations-unies-sur-locean\/#primaryimage"},"thumbnailUrl":"https:\/\/www.greenpeace.org\/static\/planet4-luxembourg-stateless\/2025\/06\/1954b46c-gp0su5re3.jpg","keywords":["Oc\u00e9ans"],"articleSection":["Nature"],"inLanguage":"fr-LU"},{"@type":"WebPage","@id":"https:\/\/www.greenpeace.org\/luxembourg\/fr\/actualites\/24681\/dans-les-coulisses-de-la-3eme-conference-des-nations-unies-sur-locean\/","url":"https:\/\/www.greenpeace.org\/luxembourg\/fr\/actualites\/24681\/dans-les-coulisses-de-la-3eme-conference-des-nations-unies-sur-locean\/","name":"Dans les coulisses de la 3e conf\u00e9rence des Nations Unies sur l\u2019Oc\u00e9an - Greenpeace Luxembourg","isPartOf":{"@id":"https:\/\/www.greenpeace.org\/luxembourg\/fr\/#website"},"primaryImageOfPage":{"@id":"https:\/\/www.greenpeace.org\/luxembourg\/fr\/actualites\/24681\/dans-les-coulisses-de-la-3eme-conference-des-nations-unies-sur-locean\/#primaryimage"},"image":{"@id":"https:\/\/www.greenpeace.org\/luxembourg\/fr\/actualites\/24681\/dans-les-coulisses-de-la-3eme-conference-des-nations-unies-sur-locean\/#primaryimage"},"thumbnailUrl":"https:\/\/www.greenpeace.org\/static\/planet4-luxembourg-stateless\/2025\/06\/1954b46c-gp0su5re3.jpg","datePublished":"2025-06-18T08:54:21+00:00","dateModified":"2025-06-18T09:08:21+00:00","breadcrumb":{"@id":"https:\/\/www.greenpeace.org\/luxembourg\/fr\/actualites\/24681\/dans-les-coulisses-de-la-3eme-conference-des-nations-unies-sur-locean\/#breadcrumb"},"inLanguage":"fr-LU","potentialAction":[{"@type":"ReadAction","target":["https:\/\/www.greenpeace.org\/luxembourg\/fr\/actualites\/24681\/dans-les-coulisses-de-la-3eme-conference-des-nations-unies-sur-locean\/"]}]},{"@type":"ImageObject","inLanguage":"fr-LU","@id":"https:\/\/www.greenpeace.org\/luxembourg\/fr\/actualites\/24681\/dans-les-coulisses-de-la-3eme-conference-des-nations-unies-sur-locean\/#primaryimage","url":"https:\/\/www.greenpeace.org\/static\/planet4-luxembourg-stateless\/2025\/06\/1954b46c-gp0su5re3.jpg","contentUrl":"https:\/\/www.greenpeace.org\/static\/planet4-luxembourg-stateless\/2025\/06\/1954b46c-gp0su5re3.jpg","width":1200,"height":800,"caption":"Nearly a thousand people took part in the Blue March on the Promenade des Anglais on Saturday 7 June 2025, on the eve of the opening of the United Nations Ocean Conference. A mosaic of nationalities and demands carrying \u2018the voice of the people\u2019."},{"@type":"BreadcrumbList","@id":"https:\/\/www.greenpeace.org\/luxembourg\/fr\/actualites\/24681\/dans-les-coulisses-de-la-3eme-conference-des-nations-unies-sur-locean\/#breadcrumb","itemListElement":[{"@type":"ListItem","position":1,"name":"Home","item":"https:\/\/www.greenpeace.org\/luxembourg\/fr\/"},{"@type":"ListItem","position":2,"name":"Dans les coulisses de la 3e conf\u00e9rence des Nations Unies sur l\u2019Oc\u00e9an"}]},{"@type":"WebSite","@id":"https:\/\/www.greenpeace.org\/luxembourg\/fr\/#website","url":"https:\/\/www.greenpeace.org\/luxembourg\/fr\/","name":"Greenpeace Luxembourg","description":"Greenpeace existe parce que cette Terre fragile a besoin d&#039;une voix. Elle a besoin de solutions. De changement. D&#039;actions.","publisher":{"@id":"https:\/\/www.greenpeace.org\/luxembourg\/fr\/#organization"},"potentialAction":[{"@type":"SearchAction","target":{"@type":"EntryPoint","urlTemplate":"https:\/\/www.greenpeace.org\/luxembourg\/fr\/?s={search_term_string}"},"query-input":{"@type":"PropertyValueSpecification","valueRequired":true,"valueName":"search_term_string"}}],"inLanguage":"fr-LU"},{"@type":"Organization","@id":"https:\/\/www.greenpeace.org\/luxembourg\/fr\/#organization","name":"Greenpeace Luxembourg","url":"https:\/\/www.greenpeace.org\/luxembourg\/fr\/","logo":{"@type":"ImageObject","inLanguage":"fr-LU","@id":"https:\/\/www.greenpeace.org\/luxembourg\/fr\/#\/schema\/logo\/image\/","url":"https:\/\/www.greenpeace.org\/static\/planet4-luxembourg-stateless\/2026\/03\/3e367f94-greenpeace_logo_green_rgb.png","contentUrl":"https:\/\/www.greenpeace.org\/static\/planet4-luxembourg-stateless\/2026\/03\/3e367f94-greenpeace_logo_green_rgb.png","width":1080,"height":175,"caption":"Greenpeace Luxembourg"},"image":{"@id":"https:\/\/www.greenpeace.org\/luxembourg\/fr\/#\/schema\/logo\/image\/"},"sameAs":["https:\/\/www.facebook.com\/greenpeaceluxembourg","https:\/\/www.instagram.com\/greenpeacelux\/","https:\/\/www.linkedin.com\/company\/greenpeace-luxembourg\/","https:\/\/www.threads.com\/@greenpeacelux","https:\/\/bsky.app\/profile\/greenpeacelux.bsky.social","https:\/\/www.youtube.com\/@GreenpeaceLux","https:\/\/www.tiktok.com\/@greenpeace_lux"]},{"@type":"Person","@id":"https:\/\/www.greenpeace.org\/luxembourg\/fr\/#\/schema\/person\/12b34015aca6e55fec2e511d2f19102d","name":"Greenpeace Luxembourg","url":"https:\/\/www.greenpeace.org\/luxembourg\/fr\/author\/gp_luxembourg\/"}]}},"_links":{"self":[{"href":"https:\/\/www.greenpeace.org\/luxembourg\/fr\/wp-json\/wp\/v2\/posts\/24681","targetHints":{"allow":["GET"]}}],"collection":[{"href":"https:\/\/www.greenpeace.org\/luxembourg\/fr\/wp-json\/wp\/v2\/posts"}],"about":[{"href":"https:\/\/www.greenpeace.org\/luxembourg\/fr\/wp-json\/wp\/v2\/types\/post"}],"author":[{"embeddable":true,"href":"https:\/\/www.greenpeace.org\/luxembourg\/fr\/wp-json\/wp\/v2\/users\/20"}],"replies":[{"embeddable":true,"href":"https:\/\/www.greenpeace.org\/luxembourg\/fr\/wp-json\/wp\/v2\/comments?post=24681"}],"version-history":[{"count":4,"href":"https:\/\/www.greenpeace.org\/luxembourg\/fr\/wp-json\/wp\/v2\/posts\/24681\/revisions"}],"predecessor-version":[{"id":24701,"href":"https:\/\/www.greenpeace.org\/luxembourg\/fr\/wp-json\/wp\/v2\/posts\/24681\/revisions\/24701"}],"wp:featuredmedia":[{"embeddable":true,"href":"https:\/\/www.greenpeace.org\/luxembourg\/fr\/wp-json\/wp\/v2\/media\/24682"}],"wp:attachment":[{"href":"https:\/\/www.greenpeace.org\/luxembourg\/fr\/wp-json\/wp\/v2\/media?parent=24681"}],"wp:term":[{"taxonomy":"category","embeddable":true,"href":"https:\/\/www.greenpeace.org\/luxembourg\/fr\/wp-json\/wp\/v2\/categories?post=24681"},{"taxonomy":"post_tag","embeddable":true,"href":"https:\/\/www.greenpeace.org\/luxembourg\/fr\/wp-json\/wp\/v2\/tags?post=24681"},{"taxonomy":"p4-page-type","embeddable":true,"href":"https:\/\/www.greenpeace.org\/luxembourg\/fr\/wp-json\/wp\/v2\/p4-page-type?post=24681"}],"curies":[{"name":"wp","href":"https:\/\/api.w.org\/{rel}","templated":true}]}}