{"id":25359,"date":"2025-08-01T09:30:00","date_gmt":"2025-08-01T07:30:00","guid":{"rendered":"https:\/\/www.greenpeace.org\/luxembourg\/?p=25359"},"modified":"2025-07-31T18:12:35","modified_gmt":"2025-07-31T16:12:35","slug":"protection-des-oceans-le-luxembourg-souffle-le-chaud-et-le-froid","status":"publish","type":"post","link":"https:\/\/www.greenpeace.org\/luxembourg\/fr\/communiques-de-presse\/25359\/protection-des-oceans-le-luxembourg-souffle-le-chaud-et-le-froid\/","title":{"rendered":"Protection des oc\u00e9ans : le Luxembourg souffle le chaud et le froid"},"content":{"rendered":"\n<p><em>Luxembourg<\/em>, le 1er ao\u00fbt 2025 &#8211; <strong>Le 29 juillet 2025, le Luxembourg a officiellement d\u00e9pos\u00e9 sa ratification au Trait\u00e9 sur la Haute Mer, marquant ainsi un pas important dans la mise en \u0153uvre des engagements pris lors de la Conf\u00e9rence des Nations Unies sur l\u2019Oc\u00e9an (UNOC) en juin dernier. Toutefois, cette avanc\u00e9e importante pour la protection des oc\u00e9ans contraste avec l\u2019absence remarqu\u00e9e du Luxembourg quelques jours plus t\u00f4t \u00e0 l\u2019Assembl\u00e9e de l\u2019Autorit\u00e9 internationale des fonds marins (AIFM), o\u00f9 se tenaient des discussions cruciales sur l\u2019avenir des eaux profondes.<\/strong><\/p>\n\n<p>Avec la ratification du Luxembourg, l\u2019entr\u00e9e en vigueur du Trait\u00e9 sur la haute mer se rapproche \u00e0 grands pas. Ce trait\u00e9 historique permettra enfin \u00e0 la communaut\u00e9 internationale de prot\u00e9ger 30 % des oc\u00e9ans d\u2019ici 2030 et de pr\u00e9server les \u00e9cosyst\u00e8mes marins.\u00a0<\/p>\n\n<p>Ce geste s\u2019inscrit dans la continuit\u00e9 des engagements pris par le gouvernement en faveur de la protection des oc\u00e9ans. Quelques semaines avant l\u2019UNOC, <a href=\"https:\/\/mecb.gouvernement.lu\/fr\/actualites.gouvernement2024+fr+actualites+toutes_actualites+communiques+2025+06-juin+13-protection-oceans.html\">le Luxembourg avait publiquement exprim\u00e9 son soutien<\/a> \u00e0 un moratoire sur l\u2019exploitation mini\u00e8re des fonds marins. Mais lorsque cet engagement a d\u00fb se traduire par une prise de position claire dans les n\u00e9gociations, le Luxembourg a brill\u00e9 par son absence.<\/p>\n\n<p>Alors que se tenaient \u00e0 Kingston, du 21 au 25 juillet, des discussions d\u00e9cisives au sein de l\u2019AIFM, le Luxembourg a laiss\u00e9 son si\u00e8ge vide. Contact\u00e9s en amont par Greenpeace Luxembourg, qui appelait \u00e0 une participation active ou \u00e0 une repr\u00e9sentation par procuration, ni le minist\u00e8re de l\u2019Environnement ni le minist\u00e8re des Affaires \u00e9trang\u00e8res n\u2019ont donn\u00e9 suite. Un silence qui interroge, au regard de l\u2019importance strat\u00e9gique de ces n\u00e9gociations pour l\u2019avenir de nos fonds marins.<\/p>\n\n<p>\u00ab<em> La protection des oc\u00e9ans, et plus largement de l\u2019environnement, ne peut pas se r\u00e9duire \u00e0 une op\u00e9ration de communication. Sur des sujets o\u00f9 le Luxembourg a exprim\u00e9 une position claire, il devrait, a minima, prendre les dispositions n\u00e9cessaires pour se faire repr\u00e9senter aux discussions internationales<\/em> \u00bb, d\u00e9clare Altyna\u00ef Bidaubayle, charg\u00e9e de campagne pour Greenpeace Luxembourg.<\/p>\n","protected":false},"excerpt":{"rendered":"<p>Le 29 juillet 2025, le Luxembourg a officiellement d\u00e9pos\u00e9 sa ratification au Trait\u00e9 sur la Haute Mer, marquant ainsi un pas important dans la\u2026<\/p>\n","protected":false},"author":25,"featured_media":25360,"comment_status":"closed","ping_status":"closed","sticky":false,"template":"","format":"standard","meta":{"ep_exclude_from_search":false,"p4_og_title":"","p4_og_description":"","p4_og_image":"","p4_og_image_id":"","p4_seo_canonical_url":"","p4_campaign_name":"","p4_local_project":"","p4_basket_name":"","p4_department":"","footnotes":""},"categories":[43],"tags":[29],"p4-page-type":[83],"class_list":["post-25359","post","type-post","status-publish","format-standard","has-post-thumbnail","hentry","category-nature","tag-oceans","p4-page-type-communiques-de-presse"],"yoast_head":"<!-- This site is optimized with the Yoast SEO Premium plugin v23.9 (Yoast SEO v23.9) - https:\/\/yoast.com\/wordpress\/plugins\/seo\/ -->\n<title>Protection des oc\u00e9ans : le Luxembourg souffle le chaud et le froid - Greenpeace Luxembourg<\/title>\n<meta name=\"robots\" content=\"index, follow, max-snippet:-1, max-image-preview:large, max-video-preview:-1\" \/>\n<link rel=\"canonical\" href=\"https:\/\/www.greenpeace.org\/luxembourg\/fr\/communiques-de-presse\/25359\/protection-des-oceans-le-luxembourg-souffle-le-chaud-et-le-froid\/\" \/>\n<meta property=\"og:locale\" content=\"fr_FR\" \/>\n<meta property=\"og:type\" content=\"article\" \/>\n<meta property=\"og:title\" content=\"Protection des oc\u00e9ans : le Luxembourg souffle le chaud et le froid\" \/>\n<meta property=\"og:description\" content=\"Le 29 juillet 2025, le Luxembourg a officiellement d\u00e9pos\u00e9 sa ratification au Trait\u00e9 sur la Haute Mer, marquant ainsi un pas important dans la\u2026\" \/>\n<meta property=\"og:url\" content=\"https:\/\/www.greenpeace.org\/luxembourg\/fr\/communiques-de-presse\/25359\/protection-des-oceans-le-luxembourg-souffle-le-chaud-et-le-froid\/\" \/>\n<meta property=\"og:site_name\" content=\"Greenpeace Luxembourg\" \/>\n<meta property=\"article:publisher\" content=\"https:\/\/www.facebook.com\/greenpeaceluxembourg\" \/>\n<meta property=\"article:published_time\" content=\"2025-08-01T07:30:00+00:00\" \/>\n<meta property=\"article:modified_time\" content=\"2025-07-31T16:12:35+00:00\" \/>\n<meta property=\"og:image\" content=\"https:\/\/www.greenpeace.org\/static\/planet4-luxembourg-stateless\/2025\/07\/975969ec-gp0stzng2_medium-res-1200px.jpg\" \/>\n\t<meta property=\"og:image:width\" content=\"1200\" \/>\n\t<meta property=\"og:image:height\" content=\"800\" \/>\n\t<meta property=\"og:image:type\" content=\"image\/jpeg\" \/>\n<meta name=\"author\" content=\"Esther Wildanger\" \/>\n<meta name=\"twitter:card\" content=\"summary_large_image\" \/>\n<meta name=\"twitter:label1\" content=\"Written by\" \/>\n\t<meta name=\"twitter:data1\" content=\"Esther Wildanger\" \/>\n\t<meta name=\"twitter:label2\" content=\"Est. reading time\" \/>\n\t<meta name=\"twitter:data2\" content=\"2 minutes\" \/>\n<script type=\"application\/ld+json\" class=\"yoast-schema-graph\">{\"@context\":\"https:\/\/schema.org\",\"@graph\":[{\"@type\":\"Article\",\"@id\":\"https:\/\/www.greenpeace.org\/luxembourg\/fr\/communiques-de-presse\/25359\/protection-des-oceans-le-luxembourg-souffle-le-chaud-et-le-froid\/#article\",\"isPartOf\":{\"@id\":\"https:\/\/www.greenpeace.org\/luxembourg\/fr\/communiques-de-presse\/25359\/protection-des-oceans-le-luxembourg-souffle-le-chaud-et-le-froid\/\"},\"author\":{\"name\":\"Esther Wildanger\",\"@id\":\"https:\/\/www.greenpeace.org\/luxembourg\/fr\/#\/schema\/person\/3d0e81a859b59009fec36a8552ef76a7\"},\"headline\":\"Protection des oc\u00e9ans : le Luxembourg souffle le chaud et le froid\",\"datePublished\":\"2025-08-01T07:30:00+00:00\",\"dateModified\":\"2025-07-31T16:12:35+00:00\",\"mainEntityOfPage\":{\"@id\":\"https:\/\/www.greenpeace.org\/luxembourg\/fr\/communiques-de-presse\/25359\/protection-des-oceans-le-luxembourg-souffle-le-chaud-et-le-froid\/\"},\"wordCount\":367,\"publisher\":{\"@id\":\"https:\/\/www.greenpeace.org\/luxembourg\/fr\/#organization\"},\"image\":{\"@id\":\"https:\/\/www.greenpeace.org\/luxembourg\/fr\/communiques-de-presse\/25359\/protection-des-oceans-le-luxembourg-souffle-le-chaud-et-le-froid\/#primaryimage\"},\"thumbnailUrl\":\"https:\/\/www.greenpeace.org\/static\/planet4-luxembourg-stateless\/2025\/07\/975969ec-gp0stzng2_medium-res-1200px.jpg\",\"keywords\":[\"Oc\u00e9ans\"],\"articleSection\":[\"Nature\"],\"inLanguage\":\"fr-LU\"},{\"@type\":\"WebPage\",\"@id\":\"https:\/\/www.greenpeace.org\/luxembourg\/fr\/communiques-de-presse\/25359\/protection-des-oceans-le-luxembourg-souffle-le-chaud-et-le-froid\/\",\"url\":\"https:\/\/www.greenpeace.org\/luxembourg\/fr\/communiques-de-presse\/25359\/protection-des-oceans-le-luxembourg-souffle-le-chaud-et-le-froid\/\",\"name\":\"Protection des oc\u00e9ans : le Luxembourg souffle le chaud et le froid - Greenpeace Luxembourg\",\"isPartOf\":{\"@id\":\"https:\/\/www.greenpeace.org\/luxembourg\/fr\/#website\"},\"primaryImageOfPage\":{\"@id\":\"https:\/\/www.greenpeace.org\/luxembourg\/fr\/communiques-de-presse\/25359\/protection-des-oceans-le-luxembourg-souffle-le-chaud-et-le-froid\/#primaryimage\"},\"image\":{\"@id\":\"https:\/\/www.greenpeace.org\/luxembourg\/fr\/communiques-de-presse\/25359\/protection-des-oceans-le-luxembourg-souffle-le-chaud-et-le-froid\/#primaryimage\"},\"thumbnailUrl\":\"https:\/\/www.greenpeace.org\/static\/planet4-luxembourg-stateless\/2025\/07\/975969ec-gp0stzng2_medium-res-1200px.jpg\",\"datePublished\":\"2025-08-01T07:30:00+00:00\",\"dateModified\":\"2025-07-31T16:12:35+00:00\",\"breadcrumb\":{\"@id\":\"https:\/\/www.greenpeace.org\/luxembourg\/fr\/communiques-de-presse\/25359\/protection-des-oceans-le-luxembourg-souffle-le-chaud-et-le-froid\/#breadcrumb\"},\"inLanguage\":\"fr-LU\",\"potentialAction\":[{\"@type\":\"ReadAction\",\"target\":[\"https:\/\/www.greenpeace.org\/luxembourg\/fr\/communiques-de-presse\/25359\/protection-des-oceans-le-luxembourg-souffle-le-chaud-et-le-froid\/\"]}]},{\"@type\":\"ImageObject\",\"inLanguage\":\"fr-LU\",\"@id\":\"https:\/\/www.greenpeace.org\/luxembourg\/fr\/communiques-de-presse\/25359\/protection-des-oceans-le-luxembourg-souffle-le-chaud-et-le-froid\/#primaryimage\",\"url\":\"https:\/\/www.greenpeace.org\/static\/planet4-luxembourg-stateless\/2025\/07\/975969ec-gp0stzng2_medium-res-1200px.jpg\",\"contentUrl\":\"https:\/\/www.greenpeace.org\/static\/planet4-luxembourg-stateless\/2025\/07\/975969ec-gp0stzng2_medium-res-1200px.jpg\",\"width\":1200,\"height\":800,\"caption\":\"Filmmaker F\u00e1bio Erdos holds a banner next to the Arctic Sunrise in the Pacific Ocean, between Gal\u00e1pagos and Ecuador. The Arctic Sunrise is on a six-week expedition around the Gal\u00e1pagos Islands, with scientists from the Jocotoco Conservation Foundation, the Charles Darwin Foundation, the Gal\u00e1pagos Science Center, MigraMar and Gal\u00e1pagos park rangers. The expedition will showcase the power of marine protection by documenting the success of the Gal\u00e1pagos Marine Reserve through the incredible wildlife and habitats of the sea near the Gal\u00e1pagos. Data collected during the expedition will help to make the case for a new high seas protected area.\"},{\"@type\":\"BreadcrumbList\",\"@id\":\"https:\/\/www.greenpeace.org\/luxembourg\/fr\/communiques-de-presse\/25359\/protection-des-oceans-le-luxembourg-souffle-le-chaud-et-le-froid\/#breadcrumb\",\"itemListElement\":[{\"@type\":\"ListItem\",\"position\":1,\"name\":\"Home\",\"item\":\"https:\/\/www.greenpeace.org\/luxembourg\/fr\/\"},{\"@type\":\"ListItem\",\"position\":2,\"name\":\"Protection des oc\u00e9ans : le Luxembourg souffle le chaud et le froid\"}]},{\"@type\":\"WebSite\",\"@id\":\"https:\/\/www.greenpeace.org\/luxembourg\/fr\/#website\",\"url\":\"https:\/\/www.greenpeace.org\/luxembourg\/fr\/\",\"name\":\"Greenpeace Luxembourg\",\"description\":\"Greenpeace existe parce que cette Terre fragile a besoin d&#039;une voix. Elle a besoin de solutions. De changement. D&#039;actions.\",\"publisher\":{\"@id\":\"https:\/\/www.greenpeace.org\/luxembourg\/fr\/#organization\"},\"potentialAction\":[{\"@type\":\"SearchAction\",\"target\":{\"@type\":\"EntryPoint\",\"urlTemplate\":\"https:\/\/www.greenpeace.org\/luxembourg\/fr\/?s={search_term_string}\"},\"query-input\":{\"@type\":\"PropertyValueSpecification\",\"valueRequired\":true,\"valueName\":\"search_term_string\"}}],\"inLanguage\":\"fr-LU\"},{\"@type\":\"Organization\",\"@id\":\"https:\/\/www.greenpeace.org\/luxembourg\/fr\/#organization\",\"name\":\"Greenpeace Luxembourg\",\"url\":\"https:\/\/www.greenpeace.org\/luxembourg\/fr\/\",\"logo\":{\"@type\":\"ImageObject\",\"inLanguage\":\"fr-LU\",\"@id\":\"https:\/\/www.greenpeace.org\/luxembourg\/fr\/#\/schema\/logo\/image\/\",\"url\":\"https:\/\/www.greenpeace.org\/static\/planet4-luxembourg-stateless\/2026\/03\/3e367f94-greenpeace_logo_green_rgb.png\",\"contentUrl\":\"https:\/\/www.greenpeace.org\/static\/planet4-luxembourg-stateless\/2026\/03\/3e367f94-greenpeace_logo_green_rgb.png\",\"width\":1080,\"height\":175,\"caption\":\"Greenpeace Luxembourg\"},\"image\":{\"@id\":\"https:\/\/www.greenpeace.org\/luxembourg\/fr\/#\/schema\/logo\/image\/\"},\"sameAs\":[\"https:\/\/www.facebook.com\/greenpeaceluxembourg\",\"https:\/\/www.instagram.com\/greenpeacelux\/\",\"https:\/\/www.linkedin.com\/company\/greenpeace-luxembourg\/\",\"https:\/\/www.threads.com\/@greenpeacelux\",\"https:\/\/bsky.app\/profile\/greenpeacelux.bsky.social\",\"https:\/\/www.youtube.com\/@GreenpeaceLux\",\"https:\/\/www.tiktok.com\/@greenpeace_lux\"]},{\"@type\":\"Person\",\"@id\":\"https:\/\/www.greenpeace.org\/luxembourg\/fr\/#\/schema\/person\/3d0e81a859b59009fec36a8552ef76a7\",\"name\":\"Esther Wildanger\",\"url\":\"https:\/\/www.greenpeace.org\/luxembourg\/fr\/author\/ewildang\/\"}]}<\/script>\n<!-- \/ Yoast SEO Premium plugin. -->","yoast_head_json":{"title":"Protection des oc\u00e9ans : le Luxembourg souffle le chaud et le froid - Greenpeace Luxembourg","robots":{"index":"index","follow":"follow","max-snippet":"max-snippet:-1","max-image-preview":"max-image-preview:large","max-video-preview":"max-video-preview:-1"},"canonical":"https:\/\/www.greenpeace.org\/luxembourg\/fr\/communiques-de-presse\/25359\/protection-des-oceans-le-luxembourg-souffle-le-chaud-et-le-froid\/","og_locale":"fr_FR","og_type":"article","og_title":"Protection des oc\u00e9ans : le Luxembourg souffle le chaud et le froid","og_description":"Le 29 juillet 2025, le Luxembourg a officiellement d\u00e9pos\u00e9 sa ratification au Trait\u00e9 sur la Haute Mer, marquant ainsi un pas important dans la\u2026","og_url":"https:\/\/www.greenpeace.org\/luxembourg\/fr\/communiques-de-presse\/25359\/protection-des-oceans-le-luxembourg-souffle-le-chaud-et-le-froid\/","og_site_name":"Greenpeace Luxembourg","article_publisher":"https:\/\/www.facebook.com\/greenpeaceluxembourg","article_published_time":"2025-08-01T07:30:00+00:00","article_modified_time":"2025-07-31T16:12:35+00:00","og_image":[{"width":1200,"height":800,"url":"https:\/\/www.greenpeace.org\/static\/planet4-luxembourg-stateless\/2025\/07\/975969ec-gp0stzng2_medium-res-1200px.jpg","type":"image\/jpeg"}],"author":"Esther Wildanger","twitter_card":"summary_large_image","twitter_misc":{"Written by":"Esther Wildanger","Est. reading time":"2 minutes"},"schema":{"@context":"https:\/\/schema.org","@graph":[{"@type":"Article","@id":"https:\/\/www.greenpeace.org\/luxembourg\/fr\/communiques-de-presse\/25359\/protection-des-oceans-le-luxembourg-souffle-le-chaud-et-le-froid\/#article","isPartOf":{"@id":"https:\/\/www.greenpeace.org\/luxembourg\/fr\/communiques-de-presse\/25359\/protection-des-oceans-le-luxembourg-souffle-le-chaud-et-le-froid\/"},"author":{"name":"Esther Wildanger","@id":"https:\/\/www.greenpeace.org\/luxembourg\/fr\/#\/schema\/person\/3d0e81a859b59009fec36a8552ef76a7"},"headline":"Protection des oc\u00e9ans : le Luxembourg souffle le chaud et le froid","datePublished":"2025-08-01T07:30:00+00:00","dateModified":"2025-07-31T16:12:35+00:00","mainEntityOfPage":{"@id":"https:\/\/www.greenpeace.org\/luxembourg\/fr\/communiques-de-presse\/25359\/protection-des-oceans-le-luxembourg-souffle-le-chaud-et-le-froid\/"},"wordCount":367,"publisher":{"@id":"https:\/\/www.greenpeace.org\/luxembourg\/fr\/#organization"},"image":{"@id":"https:\/\/www.greenpeace.org\/luxembourg\/fr\/communiques-de-presse\/25359\/protection-des-oceans-le-luxembourg-souffle-le-chaud-et-le-froid\/#primaryimage"},"thumbnailUrl":"https:\/\/www.greenpeace.org\/static\/planet4-luxembourg-stateless\/2025\/07\/975969ec-gp0stzng2_medium-res-1200px.jpg","keywords":["Oc\u00e9ans"],"articleSection":["Nature"],"inLanguage":"fr-LU"},{"@type":"WebPage","@id":"https:\/\/www.greenpeace.org\/luxembourg\/fr\/communiques-de-presse\/25359\/protection-des-oceans-le-luxembourg-souffle-le-chaud-et-le-froid\/","url":"https:\/\/www.greenpeace.org\/luxembourg\/fr\/communiques-de-presse\/25359\/protection-des-oceans-le-luxembourg-souffle-le-chaud-et-le-froid\/","name":"Protection des oc\u00e9ans : le Luxembourg souffle le chaud et le froid - Greenpeace Luxembourg","isPartOf":{"@id":"https:\/\/www.greenpeace.org\/luxembourg\/fr\/#website"},"primaryImageOfPage":{"@id":"https:\/\/www.greenpeace.org\/luxembourg\/fr\/communiques-de-presse\/25359\/protection-des-oceans-le-luxembourg-souffle-le-chaud-et-le-froid\/#primaryimage"},"image":{"@id":"https:\/\/www.greenpeace.org\/luxembourg\/fr\/communiques-de-presse\/25359\/protection-des-oceans-le-luxembourg-souffle-le-chaud-et-le-froid\/#primaryimage"},"thumbnailUrl":"https:\/\/www.greenpeace.org\/static\/planet4-luxembourg-stateless\/2025\/07\/975969ec-gp0stzng2_medium-res-1200px.jpg","datePublished":"2025-08-01T07:30:00+00:00","dateModified":"2025-07-31T16:12:35+00:00","breadcrumb":{"@id":"https:\/\/www.greenpeace.org\/luxembourg\/fr\/communiques-de-presse\/25359\/protection-des-oceans-le-luxembourg-souffle-le-chaud-et-le-froid\/#breadcrumb"},"inLanguage":"fr-LU","potentialAction":[{"@type":"ReadAction","target":["https:\/\/www.greenpeace.org\/luxembourg\/fr\/communiques-de-presse\/25359\/protection-des-oceans-le-luxembourg-souffle-le-chaud-et-le-froid\/"]}]},{"@type":"ImageObject","inLanguage":"fr-LU","@id":"https:\/\/www.greenpeace.org\/luxembourg\/fr\/communiques-de-presse\/25359\/protection-des-oceans-le-luxembourg-souffle-le-chaud-et-le-froid\/#primaryimage","url":"https:\/\/www.greenpeace.org\/static\/planet4-luxembourg-stateless\/2025\/07\/975969ec-gp0stzng2_medium-res-1200px.jpg","contentUrl":"https:\/\/www.greenpeace.org\/static\/planet4-luxembourg-stateless\/2025\/07\/975969ec-gp0stzng2_medium-res-1200px.jpg","width":1200,"height":800,"caption":"Filmmaker F\u00e1bio Erdos holds a banner next to the Arctic Sunrise in the Pacific Ocean, between Gal\u00e1pagos and Ecuador. The Arctic Sunrise is on a six-week expedition around the Gal\u00e1pagos Islands, with scientists from the Jocotoco Conservation Foundation, the Charles Darwin Foundation, the Gal\u00e1pagos Science Center, MigraMar and Gal\u00e1pagos park rangers. The expedition will showcase the power of marine protection by documenting the success of the Gal\u00e1pagos Marine Reserve through the incredible wildlife and habitats of the sea near the Gal\u00e1pagos. Data collected during the expedition will help to make the case for a new high seas protected area."},{"@type":"BreadcrumbList","@id":"https:\/\/www.greenpeace.org\/luxembourg\/fr\/communiques-de-presse\/25359\/protection-des-oceans-le-luxembourg-souffle-le-chaud-et-le-froid\/#breadcrumb","itemListElement":[{"@type":"ListItem","position":1,"name":"Home","item":"https:\/\/www.greenpeace.org\/luxembourg\/fr\/"},{"@type":"ListItem","position":2,"name":"Protection des oc\u00e9ans : le Luxembourg souffle le chaud et le froid"}]},{"@type":"WebSite","@id":"https:\/\/www.greenpeace.org\/luxembourg\/fr\/#website","url":"https:\/\/www.greenpeace.org\/luxembourg\/fr\/","name":"Greenpeace Luxembourg","description":"Greenpeace existe parce que cette Terre fragile a besoin d&#039;une voix. Elle a besoin de solutions. De changement. D&#039;actions.","publisher":{"@id":"https:\/\/www.greenpeace.org\/luxembourg\/fr\/#organization"},"potentialAction":[{"@type":"SearchAction","target":{"@type":"EntryPoint","urlTemplate":"https:\/\/www.greenpeace.org\/luxembourg\/fr\/?s={search_term_string}"},"query-input":{"@type":"PropertyValueSpecification","valueRequired":true,"valueName":"search_term_string"}}],"inLanguage":"fr-LU"},{"@type":"Organization","@id":"https:\/\/www.greenpeace.org\/luxembourg\/fr\/#organization","name":"Greenpeace Luxembourg","url":"https:\/\/www.greenpeace.org\/luxembourg\/fr\/","logo":{"@type":"ImageObject","inLanguage":"fr-LU","@id":"https:\/\/www.greenpeace.org\/luxembourg\/fr\/#\/schema\/logo\/image\/","url":"https:\/\/www.greenpeace.org\/static\/planet4-luxembourg-stateless\/2026\/03\/3e367f94-greenpeace_logo_green_rgb.png","contentUrl":"https:\/\/www.greenpeace.org\/static\/planet4-luxembourg-stateless\/2026\/03\/3e367f94-greenpeace_logo_green_rgb.png","width":1080,"height":175,"caption":"Greenpeace Luxembourg"},"image":{"@id":"https:\/\/www.greenpeace.org\/luxembourg\/fr\/#\/schema\/logo\/image\/"},"sameAs":["https:\/\/www.facebook.com\/greenpeaceluxembourg","https:\/\/www.instagram.com\/greenpeacelux\/","https:\/\/www.linkedin.com\/company\/greenpeace-luxembourg\/","https:\/\/www.threads.com\/@greenpeacelux","https:\/\/bsky.app\/profile\/greenpeacelux.bsky.social","https:\/\/www.youtube.com\/@GreenpeaceLux","https:\/\/www.tiktok.com\/@greenpeace_lux"]},{"@type":"Person","@id":"https:\/\/www.greenpeace.org\/luxembourg\/fr\/#\/schema\/person\/3d0e81a859b59009fec36a8552ef76a7","name":"Esther Wildanger","url":"https:\/\/www.greenpeace.org\/luxembourg\/fr\/author\/ewildang\/"}]}},"_links":{"self":[{"href":"https:\/\/www.greenpeace.org\/luxembourg\/fr\/wp-json\/wp\/v2\/posts\/25359","targetHints":{"allow":["GET"]}}],"collection":[{"href":"https:\/\/www.greenpeace.org\/luxembourg\/fr\/wp-json\/wp\/v2\/posts"}],"about":[{"href":"https:\/\/www.greenpeace.org\/luxembourg\/fr\/wp-json\/wp\/v2\/types\/post"}],"author":[{"embeddable":true,"href":"https:\/\/www.greenpeace.org\/luxembourg\/fr\/wp-json\/wp\/v2\/users\/25"}],"replies":[{"embeddable":true,"href":"https:\/\/www.greenpeace.org\/luxembourg\/fr\/wp-json\/wp\/v2\/comments?post=25359"}],"version-history":[{"count":1,"href":"https:\/\/www.greenpeace.org\/luxembourg\/fr\/wp-json\/wp\/v2\/posts\/25359\/revisions"}],"predecessor-version":[{"id":25362,"href":"https:\/\/www.greenpeace.org\/luxembourg\/fr\/wp-json\/wp\/v2\/posts\/25359\/revisions\/25362"}],"wp:featuredmedia":[{"embeddable":true,"href":"https:\/\/www.greenpeace.org\/luxembourg\/fr\/wp-json\/wp\/v2\/media\/25360"}],"wp:attachment":[{"href":"https:\/\/www.greenpeace.org\/luxembourg\/fr\/wp-json\/wp\/v2\/media?parent=25359"}],"wp:term":[{"taxonomy":"category","embeddable":true,"href":"https:\/\/www.greenpeace.org\/luxembourg\/fr\/wp-json\/wp\/v2\/categories?post=25359"},{"taxonomy":"post_tag","embeddable":true,"href":"https:\/\/www.greenpeace.org\/luxembourg\/fr\/wp-json\/wp\/v2\/tags?post=25359"},{"taxonomy":"p4-page-type","embeddable":true,"href":"https:\/\/www.greenpeace.org\/luxembourg\/fr\/wp-json\/wp\/v2\/p4-page-type?post=25359"}],"curies":[{"name":"wp","href":"https:\/\/api.w.org\/{rel}","templated":true}]}}