{"id":25637,"date":"2025-09-22T15:40:48","date_gmt":"2025-09-22T13:40:48","guid":{"rendered":"https:\/\/www.greenpeace.org\/luxembourg\/?p=25637"},"modified":"2025-09-23T10:06:33","modified_gmt":"2025-09-23T08:06:33","slug":"traite-sur-la-haute-mer-bbnj-une-victoire-pour-la-protection-des-oceans","status":"publish","type":"post","link":"https:\/\/www.greenpeace.org\/luxembourg\/fr\/actualites\/25637\/traite-sur-la-haute-mer-bbnj-une-victoire-pour-la-protection-des-oceans\/","title":{"rendered":"Trait\u00e9 sur la haute mer (BBNJ) : une victoire pour la protection des oc\u00e9ans"},"content":{"rendered":"\n<h2 class=\"wp-block-heading has-medium-font-size\"><em>COP Oc\u00e9an, sanctuaires oc\u00e9aniques, protection des \u00e9cosyst\u00e8mes marins, la lutte contre le changement climatique : tout comprendre sur ce trait\u00e9 historique.<\/em><\/h2>\n\n<p>L\u2019<a href=\"https:\/\/www.un.org\/bbnjagreement\/fr\">Accord des Nations Unies sur la biodiversit\u00e9 au-del\u00e0 des juridictions nationales<\/a> (BBNJ), aussi connu sous le nom de Trait\u00e9 sur la haute mer ou Trait\u00e9 mondial de l\u2019oc\u00e9an \u2013 est le <strong>premier accord juridiquement contraignant<\/strong> d\u00e9di\u00e9 \u00e0 la pr\u00e9servation de la vie marine en eaux internationales. N\u00e9goci\u00e9 depuis 2018 et adopt\u00e9 en 2023, il vient de franchir le seuil de ratifications n\u00e9cessaire \u00e0 son entr\u00e9e en vigueur. Cet accord historique devient ainsi un outil central pour la protection des oc\u00e9ans, essentiels \u00e0 la biodiversit\u00e9 et \u00e0 la lutte contre le changement climatique.<\/p>\n\n<h2 class=\"wp-block-heading has-medium-font-size\">Qu\u2019est ce que la haute mer ?<\/h2>\n\n<p>La haute mer commence au-del\u00e0 de 200 milles marins des c\u00f4tes (environ 370 km) : situ\u00e9e hors des juridictions nationales et de leurs zones \u00e9conomiques exclusives (ZEE), elle n\u2019appartient \u00e0 aucun \u00c9tat. Elle <strong>repr\u00e9sente 61 % des oc\u00e9ans de la plan\u00e8te et 73 % de leur volume<\/strong>. Dans ces espaces, tous les \u00c9tats peuvent p\u00eacher, naviguer et mener des recherches.<br><br>La haute mer abrite des millions d\u2019esp\u00e8ces et d\u2019\u00e9cosyst\u00e8mes, et joue un r\u00f4le crucial dans de nombreuses fonctions essentielles qui soutiennent la vie sur notre plan\u00e8te bleue. Puisque tous les pays ont le droit d\u2019exploiter les ressources de la haute mer, la vie marine y est particuli\u00e8rement vuln\u00e9rable \u00e0 la pollution et une exploitation non contr\u00f4l\u00e9e. <strong>Aujourd\u2019hui, moins de 1% de la Haute Mer fait l\u2019objet d\u2019une protection<\/strong>.[1]<\/p>\n\n<figure class=\"wp-block-image\"><img loading=\"lazy\" decoding=\"async\" width=\"1199\" height=\"798\" src=\"https:\/\/www.greenpeace.org\/static\/planet4-luxembourg-stateless\/2025\/09\/5bd38556-gp02kob.jpg\" title=\"Confronting French Trawler in North Atlantic. \u00a9 Pierre Gleizes \/ Greenpeace\" alt=\"Confronting French Trawler in North Atlantic. \u00a9 Pierre Gleizes \/ Greenpeace\" class=\"wp-image-25640\" srcset=\"https:\/\/www.greenpeace.org\/static\/planet4-luxembourg-stateless\/2025\/09\/5bd38556-gp02kob.jpg 1199w, https:\/\/www.greenpeace.org\/static\/planet4-luxembourg-stateless\/2025\/09\/5bd38556-gp02kob-300x200.jpg 300w, https:\/\/www.greenpeace.org\/static\/planet4-luxembourg-stateless\/2025\/09\/5bd38556-gp02kob-1024x682.jpg 1024w, https:\/\/www.greenpeace.org\/static\/planet4-luxembourg-stateless\/2025\/09\/5bd38556-gp02kob-768x511.jpg 768w, https:\/\/www.greenpeace.org\/static\/planet4-luxembourg-stateless\/2025\/09\/5bd38556-gp02kob-510x340.jpg 510w\" sizes=\"auto, (max-width: 1199px) 100vw, 1199px\" \/><figcaption class=\"wp-element-caption\">Des militants de Greenpeace sont dans l&#8217;eau avec une bou\u00e9e et une banderole pour protester contre le navire de p\u00eache fran\u00e7ais Pierre-Jacques Matigny qui pratique le chalutage en haute mer \u00e0 60 miles au nord-ouest de la pointe nord de l&#8217;Irlande et \u00e0 1 000 m\u00e8tres sous le niveau de la mer. Le chalutier est immatricul\u00e9 \u00e0 Lorient et exploit\u00e9 par la Scapeche pour la cha\u00eene de supermarch\u00e9s Intermarch\u00e9.<div class=\"credit icon-left\"> \u00a9 Pierre Gleizes \/ Greenpeace<\/div><\/figcaption><\/figure>\n\n<h2 class=\"wp-block-heading has-medium-font-size\">L\u2019importance du Trait\u00e9 mondial de l\u2019oc\u00e9an<\/h2>\n\n<p>Ce trait\u00e9 constitue un instrument crucial pour atteindre l\u2019objectif de <strong>prot\u00e9ger au moins 30 % de la haute mer d\u2019ici 2030<\/strong>, conform\u00e9ment \u00e0 la cible 30\u00d730 du Cadre mondial pour la biodiversit\u00e9 de Kunming-Montr\u00e9al (CMB), adopt\u00e9 par tous les pays dans le cadre de la Convention sur la diversit\u00e9 biologique (CDB) en d\u00e9cembre 2022.<\/p>\n\n<p><strong>1. Prot\u00e9ger la biodiversit\u00e9 marine et renforcer les \u00e9cosyst\u00e8mes oc\u00e9aniques<\/strong><\/p>\n\n<p>L\u2019entr\u00e9e en vigueur du Trait\u00e9 sur la haute mer permettra la cr\u00e9ation<strong> d\u2019aires marines prot\u00e9g\u00e9es<\/strong> ou de <strong>sanctuaires oc\u00e9aniques <\/strong>\u2013 zones hautement ou enti\u00e8rement prot\u00e9g\u00e9es contre les activit\u00e9s destructrices. Partout o\u00f9 nos oc\u00e9ans sont correctement prot\u00e9g\u00e9s, nous observons plus d\u2019animaux, des animaux plus grands, une plus grande diversit\u00e9 et des b\u00e9n\u00e9fices qui d\u00e9bordent au-del\u00e0 des limites des sanctuaires. De nombreuses esp\u00e8ces marines souffrent des impacts du d\u00e9r\u00e8glement climatique, de la pollution et de la surp\u00eache. Les sanctuaires oc\u00e9aniques offrent un r\u00e9pit et renforcent la r\u00e9silience de la faune et des \u00e9cosyst\u00e8mes, leur permettant de se r\u00e9tablir.<br><br><strong>2. Att\u00e9nuer les impacts du changement climatique<\/strong><\/p>\n\n<p>Le Trait\u00e9 sur la Haute Mer contribuera \u00e0 l\u2019att\u00e9nuation du changement climatique. La mise en place d\u2019aires marines prot\u00e9g\u00e9es pr\u00e9servera non seulement la biodiversit\u00e9 en eaux profondes, mais elle permettra aussi \u00e0 des <strong>puits de carbone naturels<\/strong> \u2013 tels que les baleines, le plancton ou les algues \u2013 de fonctionner plus efficacement. Ces organismes absorbent et stockent le dioxyde de carbone issu des activit\u00e9s humaines terrestres, r\u00e9duisant ainsi les effets du changement climatique et limitant l\u2019acidification des oc\u00e9ans en surface.<\/p>\n\n<p><strong>3. Renforcer la coop\u00e9ration internationale autour des oc\u00e9ans<\/strong><br><br>Le Trait\u00e9 mondial pour l\u2019oc\u00e9an, d\u00e9sormais juridiquement contraignant, s\u2019applique \u00e0 toutes les activit\u00e9s en haute mer, m\u00eame pour les \u00c9tats qui ne l\u2019ont pas encore ratifi\u00e9. Il cr\u00e9e un cadre multilat\u00e9ral durable pour la protection des oc\u00e9ans et ouvre la voie \u00e0 <strong>la toute premi\u00e8re<\/strong> <strong>COP de l\u2019oc\u00e9an<\/strong>. Comme pour les COP climat, les \u00c9tats pourront coordonner leurs actions, n\u00e9gocier des mesures de protection, et renforcer la coop\u00e9ration internationale pour pr\u00e9server la biodiversit\u00e9 marine et lutter contre la surp\u00eache. Les \u00c9tats qui ratifient le trait\u00e9 pourront \u00e9tablir de nouveaux sanctuaires oc\u00e9aniques, et plus le nombre de ratifications sera \u00e9lev\u00e9, plus le trait\u00e9 sera efficace.<\/p>\n\n<p><strong>4. Lutter contre la surp\u00eache et garantir un acc\u00e8s \u00e9quitable aux ressources marines <\/strong><br><br>Les sanctuaires oc\u00e9aniques offriront des refuges s\u00fbrs aux populations de poissons, leur permettant de se reconstituer. Ces populations, en se r\u00e9g\u00e9n\u00e9rant, migreront vers les eaux adjacentes, renfor\u00e7ant ainsi la productivit\u00e9 des p\u00eacheries avoisinantes. Ces mesures permettront aussi de mieux contr\u00f4ler la pollution marine et de faire appliquer les r\u00e9glementations sur la p\u00eache, afin de pr\u00e9server les habitats vitaux pour les grandes esp\u00e8ces marines.<\/p>\n\n<p>Le trait\u00e9 favorisera aussi une utilisation durable de la biodiversit\u00e9 marine au-del\u00e0 des zones \u00e9conomiques exclusives (ZEE), et imposera aux \u00c9tats et entreprises exploitant des ressources g\u00e9n\u00e9tiques marines de partager leurs d\u00e9couvertes dans l\u2019int\u00e9r\u00eat commun. Gr\u00e2ce \u00e0 des cadres r\u00e9glementaires consolid\u00e9s, il garantit un partage juste et \u00e9quitable des b\u00e9n\u00e9fices issus de l\u2019exploitation des ressources g\u00e9n\u00e9tiques marines.<\/p>\n\n<h2 class=\"wp-block-heading has-medium-font-size\">Une victoire tant attendue<\/h2>\n\n<p>Il aura fallu pr\u00e8s de 20 ans de discussions et 5 ann\u00e9es de n\u00e9gociations pour que le Trait\u00e9 mondial pour l\u2019oc\u00e9an soit adopt\u00e9 sous sa forme actuelle par les \u00c9tats membres des Nations Unies en mars 2023.<br><br>Le seuil de 60 ratifications ayant \u00e9t\u00e9 atteint, le Trait\u00e9 mondial pour l\u2019oc\u00e9an pourra d\u00e9sormais entrer en vigueur dans 120 jours. Il deviendra juridiquement contraignant et ouvrira la voie \u00e0 la toute premi\u00e8re COP de l\u2019oc\u00e9an en 2026. Atteindre le seuil minimum de ratifications constitue une \u00e9tape majeure vers la cr\u00e9ation des tout premiers sanctuaires marins pr\u00e9vus par le Trait\u00e9.<br><\/p>\n\n<p>Greenpeace est impliqu\u00e9 depuis le tout d\u00e9but des discussions autour du Trait\u00e9 et restera observatrice officielle lors des COP oc\u00e9ans. Nous menons des campagnes dans le monde entier pour inciter les gouvernements \u00e0 maintenir des ambitions \u00e9lev\u00e9es et \u00e0 rejoindre le trait\u00e9 dans les plus brefs d\u00e9lais. Greenpeace poursuivra \u00e9galement ses activit\u00e9s en haute mer, avec ses navires, afin de renforcer les arguments scientifiques et politiques en faveur de la cr\u00e9ation des premiers sanctuaires oc\u00e9aniques pr\u00e9vus par le Trait\u00e9.<\/p>\n\n<figure class=\"wp-block-image\"><img loading=\"lazy\" decoding=\"async\" width=\"1200\" height=\"800\" src=\"https:\/\/www.greenpeace.org\/static\/planet4-luxembourg-stateless\/2025\/09\/02d799ab-gp0su3pnj.jpg\" title=\"Documentation and actions against Industrial Fishing in French Marine Protected Areas. \u00a9 Lorraine Turci \/ Greenpeace\" alt=\"Documentation and actions against Industrial Fishing in French Marine Protected Areas. \u00a9 Lorraine Turci \/ Greenpeace\" class=\"wp-image-25648\" srcset=\"https:\/\/www.greenpeace.org\/static\/planet4-luxembourg-stateless\/2025\/09\/02d799ab-gp0su3pnj.jpg 1200w, https:\/\/www.greenpeace.org\/static\/planet4-luxembourg-stateless\/2025\/09\/02d799ab-gp0su3pnj-300x200.jpg 300w, https:\/\/www.greenpeace.org\/static\/planet4-luxembourg-stateless\/2025\/09\/02d799ab-gp0su3pnj-1024x683.jpg 1024w, https:\/\/www.greenpeace.org\/static\/planet4-luxembourg-stateless\/2025\/09\/02d799ab-gp0su3pnj-768x512.jpg 768w, https:\/\/www.greenpeace.org\/static\/planet4-luxembourg-stateless\/2025\/09\/02d799ab-gp0su3pnj-510x340.jpg 510w\" sizes=\"auto, (max-width: 1200px) 100vw, 1200px\" \/><figcaption class=\"wp-element-caption\">Le voilier Witness de Greenpeace, en exp\u00e9dition dans la Manche pour documenter les activit\u00e9s de p\u00eache industrielle dans plusieurs zones marines prot\u00e9g\u00e9es (ZMP).<div class=\"credit icon-left\"> \u00a9 Lorraine Turci \/ Greenpeace<\/div><\/figcaption><\/figure>\n\n<h2 class=\"wp-block-heading has-medium-font-size\">Greenpeace Luxembourg : engag\u00e9e pour nos oc\u00e9ans<\/h2>\n\n<p>Le Luxembourg a contribu\u00e9 \u00e0 cette avanc\u00e9e majeure en d\u00e9posant sa ratification le 29 juillet 2025. Nos oc\u00e9ans produisent plus de la moiti\u00e9 de l\u2019oxyg\u00e8ne que nous respirons, r\u00e9gulent le climat et nourrissent des milliards de personnes. Ils constituent un <strong>bien commun de l\u2019humanit\u00e9<\/strong>, qui doit \u00eatre prot\u00e9g\u00e9 par tous les pays, m\u00eame ceux ne disposant pas de fa\u00e7ade maritime.<\/p>\n\n<p><br>\u00c0 la Conf\u00e9rence des Nations Unies pour l\u2019Oc\u00e9an \u00e0 Nice en juin 2025, <a href=\"https:\/\/www.greenpeace.org\/luxembourg\/fr\/actualites\/24681\/dans-les-coulisses-de-la-3eme-conference-des-nations-unies-sur-locean\/\">Greenpeace Luxembourg a eu l\u2019opportunit\u00e9 de soutenir cette avanc\u00e9e.<\/a> En tant qu\u2019observatrice accr\u00e9dit\u00e9e, nous avons suivi les d\u00e9bats et engag\u00e9 un plaidoyer strat\u00e9gique aupr\u00e8s du Luxembourg pour qu\u2019il agisse avec ambition en ratifiant le Trait\u00e9 \u00e0 la suite de la conf\u00e9rence.<br><br>Pour permettre la protection de 30% des oc\u00e9ans d\u2019ici 2030, Greenpeace appelle le Luxembourg \u00e0 poursuivre son engagement en faveur de l\u2019oc\u00e9an en participant d\u00e8s \u00e0 pr\u00e9sent \u00e0 l\u2019\u00e9laboration de nouveaux sanctuaires en haute mer. Cela permettrait de garantir une action imm\u00e9diate de la communaut\u00e9 internationale et de donner \u00e0 la premi\u00e8re COP l\u2019\u00e9lan n\u00e9cessaire pour prot\u00e9ger effectivement nos oc\u00e9ans.<\/p>\n\t\t\t<section\n\t\t\tclass=\"boxout  \"\n\t\t\t\n\t\t>\n\t\t\t<a\n\t\t\t\tdata-ga-category=\"Take Action Boxout\"\n\t\t\t\tdata-ga-action=\"Image\"\n\t\t\t\tdata-ga-label=\"n\/a\"\n\t\t\t\tclass=\"cover-card-overlay\"\n\t\t\t\thref=\"https:\/\/faire-un-don.greenpeace.lu\/?codespec=701bE00000TFyOCQA1\" \n\t\t\t><\/a>\n\t\t\t\t\t\t\t<img\n\t\t\t\t\t\tsrc=\"https:\/\/www.greenpeace.org\/static\/planet4-luxembourg-stateless\/2019\/07\/46188446-gp0stqwhd_medium_res-1024x683.jpg\"\n\t\t\t\t\t\tsrcset=\"https:\/\/www.greenpeace.org\/static\/planet4-luxembourg-stateless\/2019\/07\/46188446-gp0stqwhd_medium_res-300x200.jpg 300w, https:\/\/www.greenpeace.org\/static\/planet4-luxembourg-stateless\/2019\/07\/46188446-gp0stqwhd_medium_res-768x512.jpg 768w, https:\/\/www.greenpeace.org\/static\/planet4-luxembourg-stateless\/2019\/07\/46188446-gp0stqwhd_medium_res-1024x683.jpg 1024w, https:\/\/www.greenpeace.org\/static\/planet4-luxembourg-stateless\/2019\/07\/46188446-gp0stqwhd_medium_res-510x340.jpg 510w, https:\/\/www.greenpeace.org\/static\/planet4-luxembourg-stateless\/2019\/07\/46188446-gp0stqwhd_medium_res.jpg 1200w\"\n\t\t\t\t\t\tsizes=\"(min-width: 1000px) 358px, (min-width: 780px) 313px, 88px\"\n\t\t\t\t\t\talt=\"\" title=\"\"\n\t\t\t\t\/>\n            \t\t\t<div class=\"boxout-content\">\n\t\t\t\t\t\t\t\t\t<a\n\t\t\t\t\t\tclass=\"boxout-heading small\"\n\t\t\t\t\t\tdata-ga-category=\"Take Action Boxout\"\n\t\t\t\t\t\tdata-ga-action=\"Title\"\n\t\t\t\t\t\tdata-ga-label=\"n\/a\"\n\t\t\t\t\t\thref=\"https:\/\/faire-un-don.greenpeace.lu\/?codespec=701bE00000TFyOCQA1\"\n\t\t\t\t\t\t\n\t\t\t\t\t>\n\t\t\t\t\t\tMerci pour votre engagement et votre soutien \n\t\t\t\t\t<\/a>\n\t\t\t\t\t\t\t\t\t\t\t\t\t<p class=\"boxout-excerpt\">Face \u00e0 l&#8217;urgence politique, votre soutien est essentiel.<\/p>\n\t\t\t\t                                    <a\n                        class=\"btn btn-primary\"\n                        data-ga-category=\"Take Action Boxout\"\n                        data-ga-action=\"Call to Action\"\n                        data-ga-label=\"n\/a\"\n                        href=\"https:\/\/faire-un-don.greenpeace.lu\/?codespec=701bE00000TFyOCQA1\"\n                        \n                    >\n                        Je fais un don\n                    <\/a>\n                \t\t\t<\/div>\n\t\t\t\t\t<\/section>\n\t\n<p><\/p>\n\n<p class=\"has-small-font-size\">____<br>[1] D\u2019apr\u00e8s les calculs de Greenpeace, \u00e9tablis \u00e0 partir des donn\u00e9es de l\u2019<a href=\"https:\/\/mpatlas.org\/\">Atlas de la protection marine<\/a>.<\/p>\n\n<p><\/p>\n","protected":false},"excerpt":{"rendered":"<p>L\u2019Accord des Nations Unies sur la biodiversit\u00e9 au-del\u00e0 des juridictions nationales (BBNJ), aussi connu sous le nom de Trait\u00e9 sur la haute mer ou Trait\u00e9 mondial de l\u2019oc\u00e9an \u2013 est&hellip;<\/p>\n","protected":false},"author":64,"featured_media":25653,"comment_status":"closed","ping_status":"closed","sticky":false,"template":"","format":"standard","meta":{"ep_exclude_from_search":false,"p4_og_title":"","p4_og_description":"","p4_og_image":"","p4_og_image_id":"","p4_seo_canonical_url":"","p4_campaign_name":"","p4_local_project":"","p4_basket_name":"","p4_department":"","footnotes":""},"categories":[41,43],"tags":[29],"p4-page-type":[85],"class_list":["post-25637","post","type-post","status-publish","format-standard","has-post-thumbnail","hentry","category-climat","category-nature","tag-oceans","p4-page-type-actualites"],"yoast_head":"<!-- This site is optimized with the Yoast SEO Premium plugin v23.9 (Yoast SEO v23.9) - https:\/\/yoast.com\/wordpress\/plugins\/seo\/ -->\n<title>Trait\u00e9 sur la haute mer (BBNJ) : une victoire pour la protection des oc\u00e9ans - Greenpeace Luxembourg<\/title>\n<meta name=\"robots\" content=\"index, follow, max-snippet:-1, max-image-preview:large, max-video-preview:-1\" \/>\n<link rel=\"canonical\" href=\"https:\/\/www.greenpeace.org\/luxembourg\/fr\/actualites\/25637\/traite-sur-la-haute-mer-bbnj-une-victoire-pour-la-protection-des-oceans\/\" \/>\n<meta property=\"og:locale\" content=\"fr_FR\" \/>\n<meta property=\"og:type\" content=\"article\" \/>\n<meta property=\"og:title\" content=\"Trait\u00e9 sur la haute mer (BBNJ) : une victoire pour la protection des oc\u00e9ans\" \/>\n<meta property=\"og:description\" content=\"L\u2019Accord des Nations Unies sur la biodiversit\u00e9 au-del\u00e0 des juridictions nationales (BBNJ), aussi connu sous le nom de Trait\u00e9 sur la haute mer ou Trait\u00e9 mondial de l\u2019oc\u00e9an \u2013 est&hellip;\" \/>\n<meta property=\"og:url\" content=\"https:\/\/www.greenpeace.org\/luxembourg\/fr\/actualites\/25637\/traite-sur-la-haute-mer-bbnj-une-victoire-pour-la-protection-des-oceans\/\" \/>\n<meta property=\"og:site_name\" content=\"Greenpeace Luxembourg\" \/>\n<meta property=\"article:publisher\" content=\"https:\/\/www.facebook.com\/greenpeaceluxembourg\" \/>\n<meta property=\"article:published_time\" content=\"2025-09-22T13:40:48+00:00\" \/>\n<meta property=\"article:modified_time\" content=\"2025-09-23T08:06:33+00:00\" \/>\n<meta property=\"og:image\" content=\"https:\/\/www.greenpeace.org\/static\/planet4-luxembourg-stateless\/2025\/09\/2554aeca-gp0su4bxr.jpg\" \/>\n\t<meta property=\"og:image:width\" content=\"1200\" \/>\n\t<meta property=\"og:image:height\" content=\"800\" \/>\n\t<meta property=\"og:image:type\" content=\"image\/jpeg\" \/>\n<meta name=\"author\" content=\"Lara D&#039;Antonio\" \/>\n<meta name=\"twitter:card\" content=\"summary_large_image\" \/>\n<meta name=\"twitter:label1\" content=\"Written by\" \/>\n\t<meta name=\"twitter:data1\" content=\"Lara D&#039;Antonio\" \/>\n\t<meta name=\"twitter:label2\" content=\"Est. reading time\" \/>\n\t<meta name=\"twitter:data2\" content=\"7 minutes\" \/>\n<script type=\"application\/ld+json\" class=\"yoast-schema-graph\">{\"@context\":\"https:\/\/schema.org\",\"@graph\":[{\"@type\":\"Article\",\"@id\":\"https:\/\/www.greenpeace.org\/luxembourg\/fr\/actualites\/25637\/traite-sur-la-haute-mer-bbnj-une-victoire-pour-la-protection-des-oceans\/#article\",\"isPartOf\":{\"@id\":\"https:\/\/www.greenpeace.org\/luxembourg\/fr\/actualites\/25637\/traite-sur-la-haute-mer-bbnj-une-victoire-pour-la-protection-des-oceans\/\"},\"author\":{\"name\":\"Lara D'Antonio\",\"@id\":\"https:\/\/www.greenpeace.org\/luxembourg\/fr\/#\/schema\/person\/167ea570faffca4d149fe0c415799ab1\"},\"headline\":\"Trait\u00e9 sur la haute mer (BBNJ) : une victoire pour la protection des oc\u00e9ans\",\"datePublished\":\"2025-09-22T13:40:48+00:00\",\"dateModified\":\"2025-09-23T08:06:33+00:00\",\"mainEntityOfPage\":{\"@id\":\"https:\/\/www.greenpeace.org\/luxembourg\/fr\/actualites\/25637\/traite-sur-la-haute-mer-bbnj-une-victoire-pour-la-protection-des-oceans\/\"},\"wordCount\":1370,\"publisher\":{\"@id\":\"https:\/\/www.greenpeace.org\/luxembourg\/fr\/#organization\"},\"image\":{\"@id\":\"https:\/\/www.greenpeace.org\/luxembourg\/fr\/actualites\/25637\/traite-sur-la-haute-mer-bbnj-une-victoire-pour-la-protection-des-oceans\/#primaryimage\"},\"thumbnailUrl\":\"https:\/\/www.greenpeace.org\/static\/planet4-luxembourg-stateless\/2025\/09\/2554aeca-gp0su4bxr.jpg\",\"keywords\":[\"Oc\u00e9ans\"],\"articleSection\":[\"Climat\",\"Nature\"],\"inLanguage\":\"fr-LU\"},{\"@type\":\"WebPage\",\"@id\":\"https:\/\/www.greenpeace.org\/luxembourg\/fr\/actualites\/25637\/traite-sur-la-haute-mer-bbnj-une-victoire-pour-la-protection-des-oceans\/\",\"url\":\"https:\/\/www.greenpeace.org\/luxembourg\/fr\/actualites\/25637\/traite-sur-la-haute-mer-bbnj-une-victoire-pour-la-protection-des-oceans\/\",\"name\":\"Trait\u00e9 sur la haute mer (BBNJ) : une victoire pour la protection des oc\u00e9ans - Greenpeace Luxembourg\",\"isPartOf\":{\"@id\":\"https:\/\/www.greenpeace.org\/luxembourg\/fr\/#website\"},\"primaryImageOfPage\":{\"@id\":\"https:\/\/www.greenpeace.org\/luxembourg\/fr\/actualites\/25637\/traite-sur-la-haute-mer-bbnj-une-victoire-pour-la-protection-des-oceans\/#primaryimage\"},\"image\":{\"@id\":\"https:\/\/www.greenpeace.org\/luxembourg\/fr\/actualites\/25637\/traite-sur-la-haute-mer-bbnj-une-victoire-pour-la-protection-des-oceans\/#primaryimage\"},\"thumbnailUrl\":\"https:\/\/www.greenpeace.org\/static\/planet4-luxembourg-stateless\/2025\/09\/2554aeca-gp0su4bxr.jpg\",\"datePublished\":\"2025-09-22T13:40:48+00:00\",\"dateModified\":\"2025-09-23T08:06:33+00:00\",\"breadcrumb\":{\"@id\":\"https:\/\/www.greenpeace.org\/luxembourg\/fr\/actualites\/25637\/traite-sur-la-haute-mer-bbnj-une-victoire-pour-la-protection-des-oceans\/#breadcrumb\"},\"inLanguage\":\"fr-LU\",\"potentialAction\":[{\"@type\":\"ReadAction\",\"target\":[\"https:\/\/www.greenpeace.org\/luxembourg\/fr\/actualites\/25637\/traite-sur-la-haute-mer-bbnj-une-victoire-pour-la-protection-des-oceans\/\"]}]},{\"@type\":\"ImageObject\",\"inLanguage\":\"fr-LU\",\"@id\":\"https:\/\/www.greenpeace.org\/luxembourg\/fr\/actualites\/25637\/traite-sur-la-haute-mer-bbnj-une-victoire-pour-la-protection-des-oceans\/#primaryimage\",\"url\":\"https:\/\/www.greenpeace.org\/static\/planet4-luxembourg-stateless\/2025\/09\/2554aeca-gp0su4bxr.jpg\",\"contentUrl\":\"https:\/\/www.greenpeace.org\/static\/planet4-luxembourg-stateless\/2025\/09\/2554aeca-gp0su4bxr.jpg\",\"width\":1200,\"height\":800,\"caption\":\"Greenpeace Poland activists projected huge messages onto the European Solidarity Centre (ECS) in Gda\u0144sk reading: \\\"Ratify Ocean Treaty\\\" and \\\"Ocean Treaty now!. This message is addressed to the Polish government, which has taken over the presidency of the EU Council and is hosting EU commissioners in Gda\u0144sk on this occasion. The main topic of talks in the ECS building is to be the most important actions for the next six months. Activists are demanding that one of them be the ratification of the Treaty by the Polish government and other EU countries.\"},{\"@type\":\"BreadcrumbList\",\"@id\":\"https:\/\/www.greenpeace.org\/luxembourg\/fr\/actualites\/25637\/traite-sur-la-haute-mer-bbnj-une-victoire-pour-la-protection-des-oceans\/#breadcrumb\",\"itemListElement\":[{\"@type\":\"ListItem\",\"position\":1,\"name\":\"Home\",\"item\":\"https:\/\/www.greenpeace.org\/luxembourg\/fr\/\"},{\"@type\":\"ListItem\",\"position\":2,\"name\":\"Trait\u00e9 sur la haute mer (BBNJ) : une victoire pour la protection des oc\u00e9ans\"}]},{\"@type\":\"WebSite\",\"@id\":\"https:\/\/www.greenpeace.org\/luxembourg\/fr\/#website\",\"url\":\"https:\/\/www.greenpeace.org\/luxembourg\/fr\/\",\"name\":\"Greenpeace Luxembourg\",\"description\":\"Greenpeace existe parce que cette Terre fragile a besoin d&#039;une voix. Elle a besoin de solutions. De changement. D&#039;actions.\",\"publisher\":{\"@id\":\"https:\/\/www.greenpeace.org\/luxembourg\/fr\/#organization\"},\"potentialAction\":[{\"@type\":\"SearchAction\",\"target\":{\"@type\":\"EntryPoint\",\"urlTemplate\":\"https:\/\/www.greenpeace.org\/luxembourg\/fr\/?s={search_term_string}\"},\"query-input\":{\"@type\":\"PropertyValueSpecification\",\"valueRequired\":true,\"valueName\":\"search_term_string\"}}],\"inLanguage\":\"fr-LU\"},{\"@type\":\"Organization\",\"@id\":\"https:\/\/www.greenpeace.org\/luxembourg\/fr\/#organization\",\"name\":\"Greenpeace Luxembourg\",\"url\":\"https:\/\/www.greenpeace.org\/luxembourg\/fr\/\",\"logo\":{\"@type\":\"ImageObject\",\"inLanguage\":\"fr-LU\",\"@id\":\"https:\/\/www.greenpeace.org\/luxembourg\/fr\/#\/schema\/logo\/image\/\",\"url\":\"https:\/\/www.greenpeace.org\/static\/planet4-luxembourg-stateless\/2026\/03\/3e367f94-greenpeace_logo_green_rgb.png\",\"contentUrl\":\"https:\/\/www.greenpeace.org\/static\/planet4-luxembourg-stateless\/2026\/03\/3e367f94-greenpeace_logo_green_rgb.png\",\"width\":1080,\"height\":175,\"caption\":\"Greenpeace Luxembourg\"},\"image\":{\"@id\":\"https:\/\/www.greenpeace.org\/luxembourg\/fr\/#\/schema\/logo\/image\/\"},\"sameAs\":[\"https:\/\/www.facebook.com\/greenpeaceluxembourg\",\"https:\/\/www.instagram.com\/greenpeacelux\/\",\"https:\/\/www.linkedin.com\/company\/greenpeace-luxembourg\/\",\"https:\/\/www.threads.com\/@greenpeacelux\",\"https:\/\/bsky.app\/profile\/greenpeacelux.bsky.social\",\"https:\/\/www.youtube.com\/@GreenpeaceLux\",\"https:\/\/www.tiktok.com\/@greenpeace_lux\"]},{\"@type\":\"Person\",\"@id\":\"https:\/\/www.greenpeace.org\/luxembourg\/fr\/#\/schema\/person\/167ea570faffca4d149fe0c415799ab1\",\"name\":\"Lara D'Antonio\",\"url\":\"https:\/\/www.greenpeace.org\/luxembourg\/fr\/author\/lara\/\"}]}<\/script>\n<!-- \/ Yoast SEO Premium plugin. -->","yoast_head_json":{"title":"Trait\u00e9 sur la haute mer (BBNJ) : une victoire pour la protection des oc\u00e9ans - Greenpeace Luxembourg","robots":{"index":"index","follow":"follow","max-snippet":"max-snippet:-1","max-image-preview":"max-image-preview:large","max-video-preview":"max-video-preview:-1"},"canonical":"https:\/\/www.greenpeace.org\/luxembourg\/fr\/actualites\/25637\/traite-sur-la-haute-mer-bbnj-une-victoire-pour-la-protection-des-oceans\/","og_locale":"fr_FR","og_type":"article","og_title":"Trait\u00e9 sur la haute mer (BBNJ) : une victoire pour la protection des oc\u00e9ans","og_description":"L\u2019Accord des Nations Unies sur la biodiversit\u00e9 au-del\u00e0 des juridictions nationales (BBNJ), aussi connu sous le nom de Trait\u00e9 sur la haute mer ou Trait\u00e9 mondial de l\u2019oc\u00e9an \u2013 est&hellip;","og_url":"https:\/\/www.greenpeace.org\/luxembourg\/fr\/actualites\/25637\/traite-sur-la-haute-mer-bbnj-une-victoire-pour-la-protection-des-oceans\/","og_site_name":"Greenpeace Luxembourg","article_publisher":"https:\/\/www.facebook.com\/greenpeaceluxembourg","article_published_time":"2025-09-22T13:40:48+00:00","article_modified_time":"2025-09-23T08:06:33+00:00","og_image":[{"width":1200,"height":800,"url":"https:\/\/www.greenpeace.org\/static\/planet4-luxembourg-stateless\/2025\/09\/2554aeca-gp0su4bxr.jpg","type":"image\/jpeg"}],"author":"Lara D'Antonio","twitter_card":"summary_large_image","twitter_misc":{"Written by":"Lara D'Antonio","Est. reading time":"7 minutes"},"schema":{"@context":"https:\/\/schema.org","@graph":[{"@type":"Article","@id":"https:\/\/www.greenpeace.org\/luxembourg\/fr\/actualites\/25637\/traite-sur-la-haute-mer-bbnj-une-victoire-pour-la-protection-des-oceans\/#article","isPartOf":{"@id":"https:\/\/www.greenpeace.org\/luxembourg\/fr\/actualites\/25637\/traite-sur-la-haute-mer-bbnj-une-victoire-pour-la-protection-des-oceans\/"},"author":{"name":"Lara D'Antonio","@id":"https:\/\/www.greenpeace.org\/luxembourg\/fr\/#\/schema\/person\/167ea570faffca4d149fe0c415799ab1"},"headline":"Trait\u00e9 sur la haute mer (BBNJ) : une victoire pour la protection des oc\u00e9ans","datePublished":"2025-09-22T13:40:48+00:00","dateModified":"2025-09-23T08:06:33+00:00","mainEntityOfPage":{"@id":"https:\/\/www.greenpeace.org\/luxembourg\/fr\/actualites\/25637\/traite-sur-la-haute-mer-bbnj-une-victoire-pour-la-protection-des-oceans\/"},"wordCount":1370,"publisher":{"@id":"https:\/\/www.greenpeace.org\/luxembourg\/fr\/#organization"},"image":{"@id":"https:\/\/www.greenpeace.org\/luxembourg\/fr\/actualites\/25637\/traite-sur-la-haute-mer-bbnj-une-victoire-pour-la-protection-des-oceans\/#primaryimage"},"thumbnailUrl":"https:\/\/www.greenpeace.org\/static\/planet4-luxembourg-stateless\/2025\/09\/2554aeca-gp0su4bxr.jpg","keywords":["Oc\u00e9ans"],"articleSection":["Climat","Nature"],"inLanguage":"fr-LU"},{"@type":"WebPage","@id":"https:\/\/www.greenpeace.org\/luxembourg\/fr\/actualites\/25637\/traite-sur-la-haute-mer-bbnj-une-victoire-pour-la-protection-des-oceans\/","url":"https:\/\/www.greenpeace.org\/luxembourg\/fr\/actualites\/25637\/traite-sur-la-haute-mer-bbnj-une-victoire-pour-la-protection-des-oceans\/","name":"Trait\u00e9 sur la haute mer (BBNJ) : une victoire pour la protection des oc\u00e9ans - Greenpeace Luxembourg","isPartOf":{"@id":"https:\/\/www.greenpeace.org\/luxembourg\/fr\/#website"},"primaryImageOfPage":{"@id":"https:\/\/www.greenpeace.org\/luxembourg\/fr\/actualites\/25637\/traite-sur-la-haute-mer-bbnj-une-victoire-pour-la-protection-des-oceans\/#primaryimage"},"image":{"@id":"https:\/\/www.greenpeace.org\/luxembourg\/fr\/actualites\/25637\/traite-sur-la-haute-mer-bbnj-une-victoire-pour-la-protection-des-oceans\/#primaryimage"},"thumbnailUrl":"https:\/\/www.greenpeace.org\/static\/planet4-luxembourg-stateless\/2025\/09\/2554aeca-gp0su4bxr.jpg","datePublished":"2025-09-22T13:40:48+00:00","dateModified":"2025-09-23T08:06:33+00:00","breadcrumb":{"@id":"https:\/\/www.greenpeace.org\/luxembourg\/fr\/actualites\/25637\/traite-sur-la-haute-mer-bbnj-une-victoire-pour-la-protection-des-oceans\/#breadcrumb"},"inLanguage":"fr-LU","potentialAction":[{"@type":"ReadAction","target":["https:\/\/www.greenpeace.org\/luxembourg\/fr\/actualites\/25637\/traite-sur-la-haute-mer-bbnj-une-victoire-pour-la-protection-des-oceans\/"]}]},{"@type":"ImageObject","inLanguage":"fr-LU","@id":"https:\/\/www.greenpeace.org\/luxembourg\/fr\/actualites\/25637\/traite-sur-la-haute-mer-bbnj-une-victoire-pour-la-protection-des-oceans\/#primaryimage","url":"https:\/\/www.greenpeace.org\/static\/planet4-luxembourg-stateless\/2025\/09\/2554aeca-gp0su4bxr.jpg","contentUrl":"https:\/\/www.greenpeace.org\/static\/planet4-luxembourg-stateless\/2025\/09\/2554aeca-gp0su4bxr.jpg","width":1200,"height":800,"caption":"Greenpeace Poland activists projected huge messages onto the European Solidarity Centre (ECS) in Gda\u0144sk reading: \"Ratify Ocean Treaty\" and \"Ocean Treaty now!. This message is addressed to the Polish government, which has taken over the presidency of the EU Council and is hosting EU commissioners in Gda\u0144sk on this occasion. The main topic of talks in the ECS building is to be the most important actions for the next six months. Activists are demanding that one of them be the ratification of the Treaty by the Polish government and other EU countries."},{"@type":"BreadcrumbList","@id":"https:\/\/www.greenpeace.org\/luxembourg\/fr\/actualites\/25637\/traite-sur-la-haute-mer-bbnj-une-victoire-pour-la-protection-des-oceans\/#breadcrumb","itemListElement":[{"@type":"ListItem","position":1,"name":"Home","item":"https:\/\/www.greenpeace.org\/luxembourg\/fr\/"},{"@type":"ListItem","position":2,"name":"Trait\u00e9 sur la haute mer (BBNJ) : une victoire pour la protection des oc\u00e9ans"}]},{"@type":"WebSite","@id":"https:\/\/www.greenpeace.org\/luxembourg\/fr\/#website","url":"https:\/\/www.greenpeace.org\/luxembourg\/fr\/","name":"Greenpeace Luxembourg","description":"Greenpeace existe parce que cette Terre fragile a besoin d&#039;une voix. Elle a besoin de solutions. De changement. D&#039;actions.","publisher":{"@id":"https:\/\/www.greenpeace.org\/luxembourg\/fr\/#organization"},"potentialAction":[{"@type":"SearchAction","target":{"@type":"EntryPoint","urlTemplate":"https:\/\/www.greenpeace.org\/luxembourg\/fr\/?s={search_term_string}"},"query-input":{"@type":"PropertyValueSpecification","valueRequired":true,"valueName":"search_term_string"}}],"inLanguage":"fr-LU"},{"@type":"Organization","@id":"https:\/\/www.greenpeace.org\/luxembourg\/fr\/#organization","name":"Greenpeace Luxembourg","url":"https:\/\/www.greenpeace.org\/luxembourg\/fr\/","logo":{"@type":"ImageObject","inLanguage":"fr-LU","@id":"https:\/\/www.greenpeace.org\/luxembourg\/fr\/#\/schema\/logo\/image\/","url":"https:\/\/www.greenpeace.org\/static\/planet4-luxembourg-stateless\/2026\/03\/3e367f94-greenpeace_logo_green_rgb.png","contentUrl":"https:\/\/www.greenpeace.org\/static\/planet4-luxembourg-stateless\/2026\/03\/3e367f94-greenpeace_logo_green_rgb.png","width":1080,"height":175,"caption":"Greenpeace Luxembourg"},"image":{"@id":"https:\/\/www.greenpeace.org\/luxembourg\/fr\/#\/schema\/logo\/image\/"},"sameAs":["https:\/\/www.facebook.com\/greenpeaceluxembourg","https:\/\/www.instagram.com\/greenpeacelux\/","https:\/\/www.linkedin.com\/company\/greenpeace-luxembourg\/","https:\/\/www.threads.com\/@greenpeacelux","https:\/\/bsky.app\/profile\/greenpeacelux.bsky.social","https:\/\/www.youtube.com\/@GreenpeaceLux","https:\/\/www.tiktok.com\/@greenpeace_lux"]},{"@type":"Person","@id":"https:\/\/www.greenpeace.org\/luxembourg\/fr\/#\/schema\/person\/167ea570faffca4d149fe0c415799ab1","name":"Lara D'Antonio","url":"https:\/\/www.greenpeace.org\/luxembourg\/fr\/author\/lara\/"}]}},"_links":{"self":[{"href":"https:\/\/www.greenpeace.org\/luxembourg\/fr\/wp-json\/wp\/v2\/posts\/25637","targetHints":{"allow":["GET"]}}],"collection":[{"href":"https:\/\/www.greenpeace.org\/luxembourg\/fr\/wp-json\/wp\/v2\/posts"}],"about":[{"href":"https:\/\/www.greenpeace.org\/luxembourg\/fr\/wp-json\/wp\/v2\/types\/post"}],"author":[{"embeddable":true,"href":"https:\/\/www.greenpeace.org\/luxembourg\/fr\/wp-json\/wp\/v2\/users\/64"}],"replies":[{"embeddable":true,"href":"https:\/\/www.greenpeace.org\/luxembourg\/fr\/wp-json\/wp\/v2\/comments?post=25637"}],"version-history":[{"count":6,"href":"https:\/\/www.greenpeace.org\/luxembourg\/fr\/wp-json\/wp\/v2\/posts\/25637\/revisions"}],"predecessor-version":[{"id":25684,"href":"https:\/\/www.greenpeace.org\/luxembourg\/fr\/wp-json\/wp\/v2\/posts\/25637\/revisions\/25684"}],"wp:featuredmedia":[{"embeddable":true,"href":"https:\/\/www.greenpeace.org\/luxembourg\/fr\/wp-json\/wp\/v2\/media\/25653"}],"wp:attachment":[{"href":"https:\/\/www.greenpeace.org\/luxembourg\/fr\/wp-json\/wp\/v2\/media?parent=25637"}],"wp:term":[{"taxonomy":"category","embeddable":true,"href":"https:\/\/www.greenpeace.org\/luxembourg\/fr\/wp-json\/wp\/v2\/categories?post=25637"},{"taxonomy":"post_tag","embeddable":true,"href":"https:\/\/www.greenpeace.org\/luxembourg\/fr\/wp-json\/wp\/v2\/tags?post=25637"},{"taxonomy":"p4-page-type","embeddable":true,"href":"https:\/\/www.greenpeace.org\/luxembourg\/fr\/wp-json\/wp\/v2\/p4-page-type?post=25637"}],"curies":[{"name":"wp","href":"https:\/\/api.w.org\/{rel}","templated":true}]}}