{"id":26801,"date":"2026-01-05T08:37:16","date_gmt":"2026-01-05T06:37:16","guid":{"rendered":"https:\/\/www.greenpeace.org\/luxembourg\/?p=26801"},"modified":"2026-01-06T08:41:48","modified_gmt":"2026-01-06T06:41:48","slug":"greenpeace-international-appelle-a-la-protection-du-peuple-venezuelien-face-a-lintervention-americaine-motivee-par-le-petrole","status":"publish","type":"post","link":"https:\/\/www.greenpeace.org\/luxembourg\/fr\/actualites\/26801\/greenpeace-international-appelle-a-la-protection-du-peuple-venezuelien-face-a-lintervention-americaine-motivee-par-le-petrole\/","title":{"rendered":"Greenpeace International appelle \u00e0 la protection du peuple v\u00e9n\u00e9zu\u00e9lien face \u00e0 l\u2019intervention am\u00e9ricaine motiv\u00e9e par le p\u00e9trole"},"content":{"rendered":"\n<p><strong>Greenpeace International est profond\u00e9ment pr\u00e9occup\u00e9e par la derni\u00e8re action militaire ill\u00e9gale men\u00e9e par le pr\u00e9sident Donald Trump contre le Venezuela<\/strong>, qui viole \u00e0 la fois le droit international et ses pouvoirs constitutionnels en tant que pr\u00e9sident des \u00c9tats-Unis.<\/p>\n\n<p>Revendiquant le contr\u00f4le de facto du pays, Donald Trump a d\u00e9clar\u00e9 que les \u00c9tats-Unis seraient \u00ab tr\u00e8s fortement impliqu\u00e9s \u00bb dans l\u2019industrie p\u00e9troli\u00e8re du pays.<\/p>\n\n<p>\u00ab&nbsp;<strong>Le Venezuela d\u00e9tient les plus grandes r\u00e9serves prouv\u00e9es de p\u00e9trole brut au monde.<\/strong>&nbsp;Les propres mots de Trump indiquent clairement que le contr\u00f4le et l\u2019exploitation de ces r\u00e9serves constituent actuellement sa priorit\u00e9. \u00c0 une \u00e9poque o\u00f9 le d\u00e9r\u00e8glement climatique s\u2019acc\u00e9l\u00e8re, il est \u00e0 la fois imprudent et dangereux de consid\u00e9rer ainsi les vastes r\u00e9serves p\u00e9troli\u00e8res du Venezuela. La seule voie s\u00fbre pour l\u2019avenir est une transition juste en sortant des combustibles fossiles, afin de prot\u00e9ger la sant\u00e9, pr\u00e9server les \u00e9cosyst\u00e8mes et soutenir les populations plut\u00f4t que de les sacrifier au profit de gains \u00e0 court terme \u00bb, a averti Mads Christensen, directeur ex\u00e9cutif de Greenpeace International.<\/p>\n\n<p><strong>En ce moment critique, les droits, la s\u00e9curit\u00e9 et les int\u00e9r\u00eats du peuple v\u00e9n\u00e9zu\u00e9lien doivent primer sur tout autre consid\u00e9ration.<\/strong>&nbsp;Les V\u00e9n\u00e9zu\u00e9liens et V\u00e9n\u00e9zu\u00e9liennes doivent avoir le droit de d\u00e9terminer pacifiquement leur propre avenir, sans contrainte ni violence. La situation ne doit pas \u00eatre exploit\u00e9e \u00e0 des fins de sp\u00e9culation p\u00e9troli\u00e8re \u00e0 court terme ou de gains issus de l\u2019extraction p\u00e9troli\u00e8re par des gouvernements ou des entreprises \u00e9trangers.<\/p>\n\n<p><strong>\u00ab La communaut\u00e9 internationale doit d\u00e9sormais agir de mani\u00e8re d\u00e9cisive pour faire respecter le droit international<\/strong>&nbsp;et emp\u00eacher que la situation ne s\u2019aggrave davantage. Les gouvernements doivent rejeter toute intervention militaire unilat\u00e9rale, exiger une d\u00e9sescalade imm\u00e9diate et r\u00e9affirmer l\u2019interdiction pr\u00e9vue par la Charte des Nations unies de recourir \u00e0 la force \u00e0 des fins politiques ou \u00e9conomiques. Les efforts diplomatiques doivent donner la priorit\u00e9 \u00e0 la protection des civils, \u00e0 la surveillance ind\u00e9pendante des droits humains et des risques environnementaux, ainsi qu\u2019\u00e0 d\u00e9terminer les responsabilit\u00e9s en cas de violations des droits. \u00bb<\/p>\n\n<p>\u00ab&nbsp;<strong>Il est essentiel que les \u00c9tats r\u00e9sistent aux tentatives visant \u00e0 exploiter la crise pour d\u00e9velopper les \u00e9nergies fossiles<\/strong>&nbsp;et mobilisent plut\u00f4t un soutien financier, juridique et politique en faveur d\u2019une transition juste qui serve les int\u00e9r\u00eats du peuple v\u00e9n\u00e9zu\u00e9lien, et non ceux des compagnies p\u00e9troli\u00e8res \u00bb, a d\u00e9clar\u00e9 Christensen.<\/p>\n\n<p><strong>Le peuple v\u00e9n\u00e9zu\u00e9lien a endur\u00e9 des ann\u00e9es de troubles politiques, de difficult\u00e9s \u00e9conomiques et de profondes souffrances sociales<\/strong>, dont la plupart ont \u00e9t\u00e9 exacerb\u00e9es par la d\u00e9pendance \u00e0 l\u2019\u00e9gard des industries extractives et les pressions ext\u00e9rieures. Il est clair que la stabilit\u00e9 ne viendra pas des champs p\u00e9trolif\u00e8res ni de la force militaire. Il est temps de tracer une voie diff\u00e9rente. En mobilisant des financements pour le climat, un all\u00e8gement de la dette et un soutien international en faveur d\u2019une transition juste vers les \u00e9nergies propres, les gouvernements peuvent contribuer \u00e0 am\u00e9liorer r\u00e9ellement les moyens de subsistance, \u00e0 prot\u00e9ger les \u00e9cosyst\u00e8mes et \u00e0 soutenir une reprise fond\u00e9e sur la dignit\u00e9, l\u2019autod\u00e9termination et un avenir sans \u00e9nergies fossiles, fa\u00e7onn\u00e9 par les personnes et non dict\u00e9 par le profit.<\/p>\n","protected":false},"excerpt":{"rendered":"<p>Greenpeace International est profond\u00e9ment pr\u00e9occup\u00e9e par la derni\u00e8re action militaire ill\u00e9gale men\u00e9e par le pr\u00e9sident Donald Trump contre le Venezuela, qui viole \u00e0 la fois le droit international et ses&hellip;<\/p>\n","protected":false},"author":25,"featured_media":26802,"comment_status":"closed","ping_status":"closed","sticky":false,"template":"","format":"standard","meta":{"ep_exclude_from_search":false,"p4_og_title":"","p4_og_description":"","p4_og_image":"","p4_og_image_id":"","p4_seo_canonical_url":"","p4_campaign_name":"","p4_local_project":"","p4_basket_name":"","p4_department":"","footnotes":""},"categories":[17],"tags":[97],"p4-page-type":[85],"class_list":["post-26801","post","type-post","status-publish","format-standard","has-post-thumbnail","hentry","category-greenpeace","tag-justice","p4-page-type-actualites"],"yoast_head":"<!-- This site is optimized with the Yoast SEO Premium plugin v23.9 (Yoast SEO v23.9) - https:\/\/yoast.com\/wordpress\/plugins\/seo\/ -->\n<title>Greenpeace International appelle \u00e0 la protection du peuple v\u00e9n\u00e9zu\u00e9lien face \u00e0 l\u2019intervention am\u00e9ricaine motiv\u00e9e par le p\u00e9trole - Greenpeace Luxembourg<\/title>\n<meta name=\"robots\" content=\"index, follow, max-snippet:-1, max-image-preview:large, max-video-preview:-1\" \/>\n<link rel=\"canonical\" href=\"https:\/\/www.greenpeace.org\/luxembourg\/fr\/actualites\/26801\/greenpeace-international-appelle-a-la-protection-du-peuple-venezuelien-face-a-lintervention-americaine-motivee-par-le-petrole\/\" \/>\n<meta property=\"og:locale\" content=\"fr_FR\" \/>\n<meta property=\"og:type\" content=\"article\" \/>\n<meta property=\"og:title\" content=\"Greenpeace International appelle \u00e0 la protection du peuple v\u00e9n\u00e9zu\u00e9lien face \u00e0 l\u2019intervention am\u00e9ricaine motiv\u00e9e par le p\u00e9trole\" \/>\n<meta property=\"og:description\" content=\"Greenpeace International est profond\u00e9ment pr\u00e9occup\u00e9e par la derni\u00e8re action militaire ill\u00e9gale men\u00e9e par le pr\u00e9sident Donald Trump contre le Venezuela, qui viole \u00e0 la fois le droit international et ses&hellip;\" \/>\n<meta property=\"og:url\" content=\"https:\/\/www.greenpeace.org\/luxembourg\/fr\/actualites\/26801\/greenpeace-international-appelle-a-la-protection-du-peuple-venezuelien-face-a-lintervention-americaine-motivee-par-le-petrole\/\" \/>\n<meta property=\"og:site_name\" content=\"Greenpeace Luxembourg\" \/>\n<meta property=\"article:publisher\" content=\"https:\/\/www.facebook.com\/greenpeaceluxembourg\" \/>\n<meta property=\"article:published_time\" content=\"2026-01-05T06:37:16+00:00\" \/>\n<meta property=\"article:modified_time\" content=\"2026-01-06T06:41:48+00:00\" \/>\n<meta property=\"og:image\" content=\"https:\/\/www.greenpeace.org\/static\/planet4-luxembourg-stateless\/2026\/01\/4c93557c-gp0su7dk1_medium-res-1200px.jpg\" \/>\n\t<meta property=\"og:image:width\" content=\"1200\" \/>\n\t<meta property=\"og:image:height\" content=\"675\" \/>\n\t<meta property=\"og:image:type\" content=\"image\/jpeg\" \/>\n<meta name=\"author\" content=\"Esther Wildanger\" \/>\n<meta name=\"twitter:card\" content=\"summary_large_image\" \/>\n<meta name=\"twitter:label1\" content=\"Written by\" \/>\n\t<meta name=\"twitter:data1\" content=\"Esther Wildanger\" \/>\n\t<meta name=\"twitter:label2\" content=\"Est. reading time\" \/>\n\t<meta name=\"twitter:data2\" content=\"3 minutes\" \/>\n<script type=\"application\/ld+json\" class=\"yoast-schema-graph\">{\"@context\":\"https:\/\/schema.org\",\"@graph\":[{\"@type\":\"Article\",\"@id\":\"https:\/\/www.greenpeace.org\/luxembourg\/fr\/actualites\/26801\/greenpeace-international-appelle-a-la-protection-du-peuple-venezuelien-face-a-lintervention-americaine-motivee-par-le-petrole\/#article\",\"isPartOf\":{\"@id\":\"https:\/\/www.greenpeace.org\/luxembourg\/fr\/actualites\/26801\/greenpeace-international-appelle-a-la-protection-du-peuple-venezuelien-face-a-lintervention-americaine-motivee-par-le-petrole\/\"},\"author\":{\"name\":\"Esther Wildanger\",\"@id\":\"https:\/\/www.greenpeace.org\/luxembourg\/fr\/#\/schema\/person\/3d0e81a859b59009fec36a8552ef76a7\"},\"headline\":\"Greenpeace International appelle \u00e0 la protection du peuple v\u00e9n\u00e9zu\u00e9lien face \u00e0 l\u2019intervention am\u00e9ricaine motiv\u00e9e par le p\u00e9trole\",\"datePublished\":\"2026-01-05T06:37:16+00:00\",\"dateModified\":\"2026-01-06T06:41:48+00:00\",\"mainEntityOfPage\":{\"@id\":\"https:\/\/www.greenpeace.org\/luxembourg\/fr\/actualites\/26801\/greenpeace-international-appelle-a-la-protection-du-peuple-venezuelien-face-a-lintervention-americaine-motivee-par-le-petrole\/\"},\"wordCount\":620,\"publisher\":{\"@id\":\"https:\/\/www.greenpeace.org\/luxembourg\/fr\/#organization\"},\"image\":{\"@id\":\"https:\/\/www.greenpeace.org\/luxembourg\/fr\/actualites\/26801\/greenpeace-international-appelle-a-la-protection-du-peuple-venezuelien-face-a-lintervention-americaine-motivee-par-le-petrole\/#primaryimage\"},\"thumbnailUrl\":\"https:\/\/www.greenpeace.org\/static\/planet4-luxembourg-stateless\/2026\/01\/4c93557c-gp0su7dk1_medium-res-1200px.jpg\",\"keywords\":[\"Justice\"],\"articleSection\":[\"Greenpeace\"],\"inLanguage\":\"fr-LU\"},{\"@type\":\"WebPage\",\"@id\":\"https:\/\/www.greenpeace.org\/luxembourg\/fr\/actualites\/26801\/greenpeace-international-appelle-a-la-protection-du-peuple-venezuelien-face-a-lintervention-americaine-motivee-par-le-petrole\/\",\"url\":\"https:\/\/www.greenpeace.org\/luxembourg\/fr\/actualites\/26801\/greenpeace-international-appelle-a-la-protection-du-peuple-venezuelien-face-a-lintervention-americaine-motivee-par-le-petrole\/\",\"name\":\"Greenpeace International appelle \u00e0 la protection du peuple v\u00e9n\u00e9zu\u00e9lien face \u00e0 l\u2019intervention am\u00e9ricaine motiv\u00e9e par le p\u00e9trole - Greenpeace Luxembourg\",\"isPartOf\":{\"@id\":\"https:\/\/www.greenpeace.org\/luxembourg\/fr\/#website\"},\"primaryImageOfPage\":{\"@id\":\"https:\/\/www.greenpeace.org\/luxembourg\/fr\/actualites\/26801\/greenpeace-international-appelle-a-la-protection-du-peuple-venezuelien-face-a-lintervention-americaine-motivee-par-le-petrole\/#primaryimage\"},\"image\":{\"@id\":\"https:\/\/www.greenpeace.org\/luxembourg\/fr\/actualites\/26801\/greenpeace-international-appelle-a-la-protection-du-peuple-venezuelien-face-a-lintervention-americaine-motivee-par-le-petrole\/#primaryimage\"},\"thumbnailUrl\":\"https:\/\/www.greenpeace.org\/static\/planet4-luxembourg-stateless\/2026\/01\/4c93557c-gp0su7dk1_medium-res-1200px.jpg\",\"datePublished\":\"2026-01-05T06:37:16+00:00\",\"dateModified\":\"2026-01-06T06:41:48+00:00\",\"breadcrumb\":{\"@id\":\"https:\/\/www.greenpeace.org\/luxembourg\/fr\/actualites\/26801\/greenpeace-international-appelle-a-la-protection-du-peuple-venezuelien-face-a-lintervention-americaine-motivee-par-le-petrole\/#breadcrumb\"},\"inLanguage\":\"fr-LU\",\"potentialAction\":[{\"@type\":\"ReadAction\",\"target\":[\"https:\/\/www.greenpeace.org\/luxembourg\/fr\/actualites\/26801\/greenpeace-international-appelle-a-la-protection-du-peuple-venezuelien-face-a-lintervention-americaine-motivee-par-le-petrole\/\"]}]},{\"@type\":\"ImageObject\",\"inLanguage\":\"fr-LU\",\"@id\":\"https:\/\/www.greenpeace.org\/luxembourg\/fr\/actualites\/26801\/greenpeace-international-appelle-a-la-protection-du-peuple-venezuelien-face-a-lintervention-americaine-motivee-par-le-petrole\/#primaryimage\",\"url\":\"https:\/\/www.greenpeace.org\/static\/planet4-luxembourg-stateless\/2026\/01\/4c93557c-gp0su7dk1_medium-res-1200px.jpg\",\"contentUrl\":\"https:\/\/www.greenpeace.org\/static\/planet4-luxembourg-stateless\/2026\/01\/4c93557c-gp0su7dk1_medium-res-1200px.jpg\",\"width\":1200,\"height\":675,\"caption\":\"Almost 4,000 people visited the iconic Greenpeace ship, Rainbow Warrior, on the first weekend of Open Boat activities in Bel\u00e9m, host city of COP30. Docked at the Federal University of Par\u00e1, the vessel had public visitations on November 8th and 9th, sharing our commitment to a greener and fairer world for all forms of life. Quase 4.000 pessoas visitaram o ic\u00f4nico navio do Greenpeace, Rainbow Warrior, no primeiro fim de semana de visita\u00e7\u00e3o p\u00fablica em Bel\u00e9m, cidade sede da COP30. Atracado na Universidade Federal do Par\u00e1, o navio recebeu visitas p\u00fablicas nos dias 8 e 9 de novembro, compartilhando nosso compromisso com um mundo mais verde e justo para todas as formas de vida.\"},{\"@type\":\"BreadcrumbList\",\"@id\":\"https:\/\/www.greenpeace.org\/luxembourg\/fr\/actualites\/26801\/greenpeace-international-appelle-a-la-protection-du-peuple-venezuelien-face-a-lintervention-americaine-motivee-par-le-petrole\/#breadcrumb\",\"itemListElement\":[{\"@type\":\"ListItem\",\"position\":1,\"name\":\"Home\",\"item\":\"https:\/\/www.greenpeace.org\/luxembourg\/fr\/\"},{\"@type\":\"ListItem\",\"position\":2,\"name\":\"Greenpeace International appelle \u00e0 la protection du peuple v\u00e9n\u00e9zu\u00e9lien face \u00e0 l\u2019intervention am\u00e9ricaine motiv\u00e9e par le p\u00e9trole\"}]},{\"@type\":\"WebSite\",\"@id\":\"https:\/\/www.greenpeace.org\/luxembourg\/fr\/#website\",\"url\":\"https:\/\/www.greenpeace.org\/luxembourg\/fr\/\",\"name\":\"Greenpeace Luxembourg\",\"description\":\"Greenpeace existe parce que cette Terre fragile a besoin d&#039;une voix. Elle a besoin de solutions. De changement. D&#039;actions.\",\"publisher\":{\"@id\":\"https:\/\/www.greenpeace.org\/luxembourg\/fr\/#organization\"},\"potentialAction\":[{\"@type\":\"SearchAction\",\"target\":{\"@type\":\"EntryPoint\",\"urlTemplate\":\"https:\/\/www.greenpeace.org\/luxembourg\/fr\/?s={search_term_string}\"},\"query-input\":{\"@type\":\"PropertyValueSpecification\",\"valueRequired\":true,\"valueName\":\"search_term_string\"}}],\"inLanguage\":\"fr-LU\"},{\"@type\":\"Organization\",\"@id\":\"https:\/\/www.greenpeace.org\/luxembourg\/fr\/#organization\",\"name\":\"Greenpeace Luxembourg\",\"url\":\"https:\/\/www.greenpeace.org\/luxembourg\/fr\/\",\"logo\":{\"@type\":\"ImageObject\",\"inLanguage\":\"fr-LU\",\"@id\":\"https:\/\/www.greenpeace.org\/luxembourg\/fr\/#\/schema\/logo\/image\/\",\"url\":\"https:\/\/www.greenpeace.org\/static\/planet4-luxembourg-stateless\/2026\/03\/3e367f94-greenpeace_logo_green_rgb.png\",\"contentUrl\":\"https:\/\/www.greenpeace.org\/static\/planet4-luxembourg-stateless\/2026\/03\/3e367f94-greenpeace_logo_green_rgb.png\",\"width\":1080,\"height\":175,\"caption\":\"Greenpeace Luxembourg\"},\"image\":{\"@id\":\"https:\/\/www.greenpeace.org\/luxembourg\/fr\/#\/schema\/logo\/image\/\"},\"sameAs\":[\"https:\/\/www.facebook.com\/greenpeaceluxembourg\",\"https:\/\/www.instagram.com\/greenpeacelux\/\",\"https:\/\/www.linkedin.com\/company\/greenpeace-luxembourg\/\",\"https:\/\/www.threads.com\/@greenpeacelux\",\"https:\/\/bsky.app\/profile\/greenpeacelux.bsky.social\",\"https:\/\/www.youtube.com\/@GreenpeaceLux\",\"https:\/\/www.tiktok.com\/@greenpeace_lux\"]},{\"@type\":\"Person\",\"@id\":\"https:\/\/www.greenpeace.org\/luxembourg\/fr\/#\/schema\/person\/3d0e81a859b59009fec36a8552ef76a7\",\"name\":\"Esther Wildanger\",\"url\":\"https:\/\/www.greenpeace.org\/luxembourg\/fr\/author\/ewildang\/\"}]}<\/script>\n<!-- \/ Yoast SEO Premium plugin. -->","yoast_head_json":{"title":"Greenpeace International appelle \u00e0 la protection du peuple v\u00e9n\u00e9zu\u00e9lien face \u00e0 l\u2019intervention am\u00e9ricaine motiv\u00e9e par le p\u00e9trole - Greenpeace Luxembourg","robots":{"index":"index","follow":"follow","max-snippet":"max-snippet:-1","max-image-preview":"max-image-preview:large","max-video-preview":"max-video-preview:-1"},"canonical":"https:\/\/www.greenpeace.org\/luxembourg\/fr\/actualites\/26801\/greenpeace-international-appelle-a-la-protection-du-peuple-venezuelien-face-a-lintervention-americaine-motivee-par-le-petrole\/","og_locale":"fr_FR","og_type":"article","og_title":"Greenpeace International appelle \u00e0 la protection du peuple v\u00e9n\u00e9zu\u00e9lien face \u00e0 l\u2019intervention am\u00e9ricaine motiv\u00e9e par le p\u00e9trole","og_description":"Greenpeace International est profond\u00e9ment pr\u00e9occup\u00e9e par la derni\u00e8re action militaire ill\u00e9gale men\u00e9e par le pr\u00e9sident Donald Trump contre le Venezuela, qui viole \u00e0 la fois le droit international et ses&hellip;","og_url":"https:\/\/www.greenpeace.org\/luxembourg\/fr\/actualites\/26801\/greenpeace-international-appelle-a-la-protection-du-peuple-venezuelien-face-a-lintervention-americaine-motivee-par-le-petrole\/","og_site_name":"Greenpeace Luxembourg","article_publisher":"https:\/\/www.facebook.com\/greenpeaceluxembourg","article_published_time":"2026-01-05T06:37:16+00:00","article_modified_time":"2026-01-06T06:41:48+00:00","og_image":[{"width":1200,"height":675,"url":"https:\/\/www.greenpeace.org\/static\/planet4-luxembourg-stateless\/2026\/01\/4c93557c-gp0su7dk1_medium-res-1200px.jpg","type":"image\/jpeg"}],"author":"Esther Wildanger","twitter_card":"summary_large_image","twitter_misc":{"Written by":"Esther Wildanger","Est. reading time":"3 minutes"},"schema":{"@context":"https:\/\/schema.org","@graph":[{"@type":"Article","@id":"https:\/\/www.greenpeace.org\/luxembourg\/fr\/actualites\/26801\/greenpeace-international-appelle-a-la-protection-du-peuple-venezuelien-face-a-lintervention-americaine-motivee-par-le-petrole\/#article","isPartOf":{"@id":"https:\/\/www.greenpeace.org\/luxembourg\/fr\/actualites\/26801\/greenpeace-international-appelle-a-la-protection-du-peuple-venezuelien-face-a-lintervention-americaine-motivee-par-le-petrole\/"},"author":{"name":"Esther Wildanger","@id":"https:\/\/www.greenpeace.org\/luxembourg\/fr\/#\/schema\/person\/3d0e81a859b59009fec36a8552ef76a7"},"headline":"Greenpeace International appelle \u00e0 la protection du peuple v\u00e9n\u00e9zu\u00e9lien face \u00e0 l\u2019intervention am\u00e9ricaine motiv\u00e9e par le p\u00e9trole","datePublished":"2026-01-05T06:37:16+00:00","dateModified":"2026-01-06T06:41:48+00:00","mainEntityOfPage":{"@id":"https:\/\/www.greenpeace.org\/luxembourg\/fr\/actualites\/26801\/greenpeace-international-appelle-a-la-protection-du-peuple-venezuelien-face-a-lintervention-americaine-motivee-par-le-petrole\/"},"wordCount":620,"publisher":{"@id":"https:\/\/www.greenpeace.org\/luxembourg\/fr\/#organization"},"image":{"@id":"https:\/\/www.greenpeace.org\/luxembourg\/fr\/actualites\/26801\/greenpeace-international-appelle-a-la-protection-du-peuple-venezuelien-face-a-lintervention-americaine-motivee-par-le-petrole\/#primaryimage"},"thumbnailUrl":"https:\/\/www.greenpeace.org\/static\/planet4-luxembourg-stateless\/2026\/01\/4c93557c-gp0su7dk1_medium-res-1200px.jpg","keywords":["Justice"],"articleSection":["Greenpeace"],"inLanguage":"fr-LU"},{"@type":"WebPage","@id":"https:\/\/www.greenpeace.org\/luxembourg\/fr\/actualites\/26801\/greenpeace-international-appelle-a-la-protection-du-peuple-venezuelien-face-a-lintervention-americaine-motivee-par-le-petrole\/","url":"https:\/\/www.greenpeace.org\/luxembourg\/fr\/actualites\/26801\/greenpeace-international-appelle-a-la-protection-du-peuple-venezuelien-face-a-lintervention-americaine-motivee-par-le-petrole\/","name":"Greenpeace International appelle \u00e0 la protection du peuple v\u00e9n\u00e9zu\u00e9lien face \u00e0 l\u2019intervention am\u00e9ricaine motiv\u00e9e par le p\u00e9trole - Greenpeace Luxembourg","isPartOf":{"@id":"https:\/\/www.greenpeace.org\/luxembourg\/fr\/#website"},"primaryImageOfPage":{"@id":"https:\/\/www.greenpeace.org\/luxembourg\/fr\/actualites\/26801\/greenpeace-international-appelle-a-la-protection-du-peuple-venezuelien-face-a-lintervention-americaine-motivee-par-le-petrole\/#primaryimage"},"image":{"@id":"https:\/\/www.greenpeace.org\/luxembourg\/fr\/actualites\/26801\/greenpeace-international-appelle-a-la-protection-du-peuple-venezuelien-face-a-lintervention-americaine-motivee-par-le-petrole\/#primaryimage"},"thumbnailUrl":"https:\/\/www.greenpeace.org\/static\/planet4-luxembourg-stateless\/2026\/01\/4c93557c-gp0su7dk1_medium-res-1200px.jpg","datePublished":"2026-01-05T06:37:16+00:00","dateModified":"2026-01-06T06:41:48+00:00","breadcrumb":{"@id":"https:\/\/www.greenpeace.org\/luxembourg\/fr\/actualites\/26801\/greenpeace-international-appelle-a-la-protection-du-peuple-venezuelien-face-a-lintervention-americaine-motivee-par-le-petrole\/#breadcrumb"},"inLanguage":"fr-LU","potentialAction":[{"@type":"ReadAction","target":["https:\/\/www.greenpeace.org\/luxembourg\/fr\/actualites\/26801\/greenpeace-international-appelle-a-la-protection-du-peuple-venezuelien-face-a-lintervention-americaine-motivee-par-le-petrole\/"]}]},{"@type":"ImageObject","inLanguage":"fr-LU","@id":"https:\/\/www.greenpeace.org\/luxembourg\/fr\/actualites\/26801\/greenpeace-international-appelle-a-la-protection-du-peuple-venezuelien-face-a-lintervention-americaine-motivee-par-le-petrole\/#primaryimage","url":"https:\/\/www.greenpeace.org\/static\/planet4-luxembourg-stateless\/2026\/01\/4c93557c-gp0su7dk1_medium-res-1200px.jpg","contentUrl":"https:\/\/www.greenpeace.org\/static\/planet4-luxembourg-stateless\/2026\/01\/4c93557c-gp0su7dk1_medium-res-1200px.jpg","width":1200,"height":675,"caption":"Almost 4,000 people visited the iconic Greenpeace ship, Rainbow Warrior, on the first weekend of Open Boat activities in Bel\u00e9m, host city of COP30. Docked at the Federal University of Par\u00e1, the vessel had public visitations on November 8th and 9th, sharing our commitment to a greener and fairer world for all forms of life. Quase 4.000 pessoas visitaram o ic\u00f4nico navio do Greenpeace, Rainbow Warrior, no primeiro fim de semana de visita\u00e7\u00e3o p\u00fablica em Bel\u00e9m, cidade sede da COP30. Atracado na Universidade Federal do Par\u00e1, o navio recebeu visitas p\u00fablicas nos dias 8 e 9 de novembro, compartilhando nosso compromisso com um mundo mais verde e justo para todas as formas de vida."},{"@type":"BreadcrumbList","@id":"https:\/\/www.greenpeace.org\/luxembourg\/fr\/actualites\/26801\/greenpeace-international-appelle-a-la-protection-du-peuple-venezuelien-face-a-lintervention-americaine-motivee-par-le-petrole\/#breadcrumb","itemListElement":[{"@type":"ListItem","position":1,"name":"Home","item":"https:\/\/www.greenpeace.org\/luxembourg\/fr\/"},{"@type":"ListItem","position":2,"name":"Greenpeace International appelle \u00e0 la protection du peuple v\u00e9n\u00e9zu\u00e9lien face \u00e0 l\u2019intervention am\u00e9ricaine motiv\u00e9e par le p\u00e9trole"}]},{"@type":"WebSite","@id":"https:\/\/www.greenpeace.org\/luxembourg\/fr\/#website","url":"https:\/\/www.greenpeace.org\/luxembourg\/fr\/","name":"Greenpeace Luxembourg","description":"Greenpeace existe parce que cette Terre fragile a besoin d&#039;une voix. Elle a besoin de solutions. De changement. D&#039;actions.","publisher":{"@id":"https:\/\/www.greenpeace.org\/luxembourg\/fr\/#organization"},"potentialAction":[{"@type":"SearchAction","target":{"@type":"EntryPoint","urlTemplate":"https:\/\/www.greenpeace.org\/luxembourg\/fr\/?s={search_term_string}"},"query-input":{"@type":"PropertyValueSpecification","valueRequired":true,"valueName":"search_term_string"}}],"inLanguage":"fr-LU"},{"@type":"Organization","@id":"https:\/\/www.greenpeace.org\/luxembourg\/fr\/#organization","name":"Greenpeace Luxembourg","url":"https:\/\/www.greenpeace.org\/luxembourg\/fr\/","logo":{"@type":"ImageObject","inLanguage":"fr-LU","@id":"https:\/\/www.greenpeace.org\/luxembourg\/fr\/#\/schema\/logo\/image\/","url":"https:\/\/www.greenpeace.org\/static\/planet4-luxembourg-stateless\/2026\/03\/3e367f94-greenpeace_logo_green_rgb.png","contentUrl":"https:\/\/www.greenpeace.org\/static\/planet4-luxembourg-stateless\/2026\/03\/3e367f94-greenpeace_logo_green_rgb.png","width":1080,"height":175,"caption":"Greenpeace Luxembourg"},"image":{"@id":"https:\/\/www.greenpeace.org\/luxembourg\/fr\/#\/schema\/logo\/image\/"},"sameAs":["https:\/\/www.facebook.com\/greenpeaceluxembourg","https:\/\/www.instagram.com\/greenpeacelux\/","https:\/\/www.linkedin.com\/company\/greenpeace-luxembourg\/","https:\/\/www.threads.com\/@greenpeacelux","https:\/\/bsky.app\/profile\/greenpeacelux.bsky.social","https:\/\/www.youtube.com\/@GreenpeaceLux","https:\/\/www.tiktok.com\/@greenpeace_lux"]},{"@type":"Person","@id":"https:\/\/www.greenpeace.org\/luxembourg\/fr\/#\/schema\/person\/3d0e81a859b59009fec36a8552ef76a7","name":"Esther Wildanger","url":"https:\/\/www.greenpeace.org\/luxembourg\/fr\/author\/ewildang\/"}]}},"_links":{"self":[{"href":"https:\/\/www.greenpeace.org\/luxembourg\/fr\/wp-json\/wp\/v2\/posts\/26801","targetHints":{"allow":["GET"]}}],"collection":[{"href":"https:\/\/www.greenpeace.org\/luxembourg\/fr\/wp-json\/wp\/v2\/posts"}],"about":[{"href":"https:\/\/www.greenpeace.org\/luxembourg\/fr\/wp-json\/wp\/v2\/types\/post"}],"author":[{"embeddable":true,"href":"https:\/\/www.greenpeace.org\/luxembourg\/fr\/wp-json\/wp\/v2\/users\/25"}],"replies":[{"embeddable":true,"href":"https:\/\/www.greenpeace.org\/luxembourg\/fr\/wp-json\/wp\/v2\/comments?post=26801"}],"version-history":[{"count":1,"href":"https:\/\/www.greenpeace.org\/luxembourg\/fr\/wp-json\/wp\/v2\/posts\/26801\/revisions"}],"predecessor-version":[{"id":26804,"href":"https:\/\/www.greenpeace.org\/luxembourg\/fr\/wp-json\/wp\/v2\/posts\/26801\/revisions\/26804"}],"wp:featuredmedia":[{"embeddable":true,"href":"https:\/\/www.greenpeace.org\/luxembourg\/fr\/wp-json\/wp\/v2\/media\/26802"}],"wp:attachment":[{"href":"https:\/\/www.greenpeace.org\/luxembourg\/fr\/wp-json\/wp\/v2\/media?parent=26801"}],"wp:term":[{"taxonomy":"category","embeddable":true,"href":"https:\/\/www.greenpeace.org\/luxembourg\/fr\/wp-json\/wp\/v2\/categories?post=26801"},{"taxonomy":"post_tag","embeddable":true,"href":"https:\/\/www.greenpeace.org\/luxembourg\/fr\/wp-json\/wp\/v2\/tags?post=26801"},{"taxonomy":"p4-page-type","embeddable":true,"href":"https:\/\/www.greenpeace.org\/luxembourg\/fr\/wp-json\/wp\/v2\/p4-page-type?post=26801"}],"curies":[{"name":"wp","href":"https:\/\/api.w.org\/{rel}","templated":true}]}}