{"id":26870,"date":"2026-01-09T08:00:00","date_gmt":"2026-01-09T06:00:00","guid":{"rendered":"https:\/\/www.greenpeace.org\/luxembourg\/?p=26870"},"modified":"2026-03-11T17:25:28","modified_gmt":"2026-03-11T15:25:28","slug":"ue-mercosur-greenpeace-appelle-le-luxembourg-a-rejeter-ce-traite-destructeur-pour-lamazonie-le-climat-et-les-peuples-autochtones","status":"publish","type":"post","link":"https:\/\/www.greenpeace.org\/luxembourg\/fr\/communiques-de-presse\/26870\/ue-mercosur-greenpeace-appelle-le-luxembourg-a-rejeter-ce-traite-destructeur-pour-lamazonie-le-climat-et-les-peuples-autochtones\/","title":{"rendered":"UE-Mercosur : Greenpeace appelle le Luxembourg \u00e0 rejeter ce trait\u00e9 destructeur pour l&#8217;Amazonie, le climat et les peuples autochtones"},"content":{"rendered":"\n<p><em>Luxembourg, <\/em>le 9 janvier 2026<em> \u2013 <\/em><strong>Alors que les ambassadeurs et ambassadrices des \u00c9tats membres de l&#8217;Union europ\u00e9enne se r\u00e9unissent ce vendredi matin pour voter sur l&#8217;autorisation de signature de l&#8217;accord commercial UE-Mercosur, Greenpeace Luxembourg appelle une nouvelle fois le gouvernement \u00e0 s&#8217;opposer fermement \u00e0 ce trait\u00e9 n\u00e9faste pour la for\u00eat amazonienne, le climat et les droits des peuples autochtones.&nbsp;<\/strong><\/p>\n\n<p><em>\u00ab Le Luxembourg doit faire preuve de coh\u00e9rence politique. En novembre dernier, la Chambre des d\u00e9put\u00e9s a adopt\u00e9 \u00e0 l&#8217;unanimit\u00e9 une <\/em><a href=\"https:\/\/www.chd.lu\/en\/motion_resolution\/4632\"><em>r\u00e9solution en faveur des droits des peuples autochtones<\/em><\/a><em>, reconnaissant leur r\u00f4le essentiel dans la lutte contre la crise climatique. On ne peut pas voter une telle r\u00e9solution tout en soutenant un accord commercial qui renforce directement les int\u00e9r\u00eats de l&#8217;agro-industrie br\u00e9silienne, principal moteur de la d\u00e9forestation et de la destruction des territoires autochtones \u00bb<\/em>, d\u00e9clare Gauthier Hansel, charg\u00e9 de campagne chez Greenpeace Luxembourg. <em>\u00ab Les signataires de notre <\/em><a href=\"https:\/\/www.greenpeace.org\/luxembourg\/fr\/communiques-de-presse\/26581\/ue-mercosur-greenpeace-luxembourg-remet-sa-petition-au-gouvernement\/\"><em>p\u00e9tition remise au minist\u00e8re des Affaires \u00e9trang\u00e8res<\/em><\/a><em> ont clairement exprim\u00e9 leur opposition \u00e0 ce trait\u00e9. <\/em><em>Aujourd\u2019hui, le gouvernement luxembourgeois doit faire un choix : \u00eatre coh\u00e9rent avec ses engagements en mati\u00e8re de droits humains et de climat, ou s\u2019aligner sur un accord qui les compromet.<\/em><em> \u00bb<\/em><\/p>\n\n<p>N\u00e9goci\u00e9 \u00e0 huis clos pendant plus de 25 ans sans participation des peuples autochtones, l&#8217;accord aura pourtant un impact direct sur leurs territoires et leurs droits. Une d\u00e9l\u00e9gation de l&#8217;Articulation des Peuples Autochtones du Br\u00e9sil (APIB), accueillie par Greenpeace Luxembourg en septembre 2025, \u00e9tait d\u2019ailleurs <a href=\"https:\/\/www.greenpeace.org\/luxembourg\/fr\/communiques-de-presse\/25506\/une-delegation-autochtone-bresilienne-au-luxembourg-pour-alerter-sur-lurgence-de-proteger-lamazonie\/\">venue alerter sur ces dangers<\/a>. Le trait\u00e9 encouragerait l&#8217;importation en Am\u00e9rique latine de produits hautement polluants en \u00e9change de mati\u00e8res premi\u00e8res souvent issues de zones d\u00e9bois\u00e9es. Le tout dans un contexte particuli\u00e8rement alarmant : le r\u00e8glement europ\u00e9en contre la d\u00e9forestation vient \u00e0 nouveau d&#8217;\u00eatre report\u00e9, les protections environnementales au Br\u00e9sil sont d\u00e9mantel\u00e9es, et le moratoire sur le soja en Amazonie fait l&#8217;objet d&#8217;attaques r\u00e9p\u00e9t\u00e9es par les g\u00e9ants de l\u2019agro-industrie.&nbsp;<\/p>\n\n<p><em>\u00ab Plus de 2 millions de citoyen<\/em><em>\u00b7ne<\/em><em>s europ\u00e9en<\/em><em>\u00b7ne<\/em><em>s ont sign\u00e9 des p\u00e9titions contre ce trait\u00e9 toxique. Des syndicats, associations de consommateur<\/em><em>\u00b7rice<\/em><em>s, organisations de d\u00e9fense des droits humains, ONG environnementales et peuples autochtones s&#8217;y opposent fermement depuis des ann\u00e9es \u00bb<\/em>, rappelle Gauthier Hansel. <em>\u00ab Si le Luxembourg autorise cette signature aujourd&#8217;hui, il envoie un signal catastrophique : que les droits autochtones et la protection du climat ne p\u00e8sent rien face aux int\u00e9r\u00eats de l&#8217;agro-industrie, et que l&#8217;opposition de millions de personnes peut \u00eatre balay\u00e9e d&#8217;un revers de main \u00bb.&nbsp;<\/em><\/p>\n\n<p>En cas de feu vert ce vendredi, la pr\u00e9sidente de la Commission europ\u00e9enne Ursula von der Leyen se rendra lundi au Paraguay pour signer l&#8217;accord avec les dirigeants du Mercosur. Le trait\u00e9 devra ensuite \u00eatre ratifi\u00e9 par le Parlement europ\u00e9en, o\u00f9 l&#8217;opposition reste forte.&nbsp;<\/p>\n","protected":false},"excerpt":{"rendered":"<p>Alors que les ambassadeurs et ambassadrices des \u00c9tats membres de l\u2019Union europ\u00e9enne se r\u00e9unissent ce vendredi matin pour voter sur l\u2019autorisation de signature de\u2026<\/p>\n","protected":false},"author":25,"featured_media":26871,"comment_status":"closed","ping_status":"closed","sticky":false,"template":"","format":"standard","meta":{"ep_exclude_from_search":false,"p4_og_title":"UE-Mercosur : Greenpeace appelle le Luxembourg \u00e0 rejeter ce trait\u00e9 destructeur pour l'Amazonie, le climat et les peuples autochtones","p4_og_description":"Les ambassadeurs de l'UE s'appr\u00eatent \u00e0 voter sur l'accord UE-Mercosur. Greenpeace appelle \u00e0 rejeter cet accord climaticide.","p4_og_image":"","p4_og_image_id":"","p4_seo_canonical_url":"","p4_campaign_name":"","p4_local_project":"","p4_basket_name":"","p4_department":"","footnotes":""},"categories":[17,43],"tags":[100,32,39],"p4-page-type":[83],"class_list":["post-26870","post","type-post","status-publish","format-standard","has-post-thumbnail","hentry","category-greenpeace","category-nature","tag-forets","tag-luxembourg","tag-agriculturedurable","p4-page-type-communiques-de-presse"],"yoast_head":"<!-- This site is optimized with the Yoast SEO Premium plugin v23.9 (Yoast SEO v23.9) - https:\/\/yoast.com\/wordpress\/plugins\/seo\/ -->\n<title>UE-Mercosur : Greenpeace appelle le Luxembourg au rejet<\/title>\n<meta name=\"description\" content=\"Les ambassadeurs de l&#039;UE s&#039;appr\u00eatent \u00e0 voter sur l&#039;accord UE-Mercosur. Greenpeace appelle \u00e0 rejeter cet accord climaticide.\" \/>\n<meta name=\"robots\" content=\"index, follow, max-snippet:-1, max-image-preview:large, max-video-preview:-1\" \/>\n<link rel=\"canonical\" href=\"https:\/\/www.greenpeace.org\/luxembourg\/fr\/communiques-de-presse\/26870\/ue-mercosur-greenpeace-appelle-le-luxembourg-a-rejeter-ce-traite-destructeur-pour-lamazonie-le-climat-et-les-peuples-autochtones\/\" \/>\n<meta property=\"og:locale\" content=\"fr_FR\" \/>\n<meta property=\"og:type\" content=\"article\" \/>\n<meta property=\"og:title\" content=\"UE-Mercosur : Greenpeace appelle le Luxembourg \u00e0 rejeter ce trait\u00e9 destructeur pour l&#039;Amazonie, le climat et les peuples autochtones\" \/>\n<meta property=\"og:description\" content=\"Les ambassadeurs de l&#039;UE s&#039;appr\u00eatent \u00e0 voter sur l&#039;accord UE-Mercosur. Greenpeace appelle \u00e0 rejeter cet accord climaticide.\" \/>\n<meta property=\"og:url\" content=\"https:\/\/www.greenpeace.org\/luxembourg\/fr\/communiques-de-presse\/26870\/ue-mercosur-greenpeace-appelle-le-luxembourg-a-rejeter-ce-traite-destructeur-pour-lamazonie-le-climat-et-les-peuples-autochtones\/\" \/>\n<meta property=\"og:site_name\" content=\"Greenpeace Luxembourg\" \/>\n<meta property=\"article:publisher\" content=\"https:\/\/www.facebook.com\/greenpeaceluxembourg\" \/>\n<meta property=\"article:published_time\" content=\"2026-01-09T06:00:00+00:00\" \/>\n<meta property=\"article:modified_time\" content=\"2026-03-11T15:25:28+00:00\" \/>\n<meta property=\"og:image\" content=\"https:\/\/www.greenpeace.org\/static\/planet4-luxembourg-stateless\/2026\/01\/6fe1432f-gp0su7f17_medium-res-1200px.jpg\" \/>\n\t<meta property=\"og:image:width\" content=\"1200\" \/>\n\t<meta property=\"og:image:height\" content=\"800\" \/>\n\t<meta property=\"og:image:type\" content=\"image\/jpeg\" \/>\n<meta name=\"author\" content=\"Esther Wildanger\" \/>\n<meta name=\"twitter:card\" content=\"summary_large_image\" \/>\n<meta name=\"twitter:label1\" content=\"Written by\" \/>\n\t<meta name=\"twitter:data1\" content=\"Esther Wildanger\" \/>\n\t<meta name=\"twitter:label2\" content=\"Est. reading time\" \/>\n\t<meta name=\"twitter:data2\" content=\"3 minutes\" \/>\n<script type=\"application\/ld+json\" class=\"yoast-schema-graph\">{\"@context\":\"https:\/\/schema.org\",\"@graph\":[{\"@type\":\"Article\",\"@id\":\"https:\/\/www.greenpeace.org\/luxembourg\/fr\/communiques-de-presse\/26870\/ue-mercosur-greenpeace-appelle-le-luxembourg-a-rejeter-ce-traite-destructeur-pour-lamazonie-le-climat-et-les-peuples-autochtones\/#article\",\"isPartOf\":{\"@id\":\"https:\/\/www.greenpeace.org\/luxembourg\/fr\/communiques-de-presse\/26870\/ue-mercosur-greenpeace-appelle-le-luxembourg-a-rejeter-ce-traite-destructeur-pour-lamazonie-le-climat-et-les-peuples-autochtones\/\"},\"author\":{\"name\":\"Esther Wildanger\",\"@id\":\"https:\/\/www.greenpeace.org\/luxembourg\/fr\/#\/schema\/person\/3d0e81a859b59009fec36a8552ef76a7\"},\"headline\":\"UE-Mercosur : Greenpeace appelle le Luxembourg \u00e0 rejeter ce trait\u00e9 destructeur pour l&#8217;Amazonie, le climat et les peuples autochtones\",\"datePublished\":\"2026-01-09T06:00:00+00:00\",\"dateModified\":\"2026-03-11T15:25:28+00:00\",\"mainEntityOfPage\":{\"@id\":\"https:\/\/www.greenpeace.org\/luxembourg\/fr\/communiques-de-presse\/26870\/ue-mercosur-greenpeace-appelle-le-luxembourg-a-rejeter-ce-traite-destructeur-pour-lamazonie-le-climat-et-les-peuples-autochtones\/\"},\"wordCount\":520,\"publisher\":{\"@id\":\"https:\/\/www.greenpeace.org\/luxembourg\/fr\/#organization\"},\"image\":{\"@id\":\"https:\/\/www.greenpeace.org\/luxembourg\/fr\/communiques-de-presse\/26870\/ue-mercosur-greenpeace-appelle-le-luxembourg-a-rejeter-ce-traite-destructeur-pour-lamazonie-le-climat-et-les-peuples-autochtones\/#primaryimage\"},\"thumbnailUrl\":\"https:\/\/www.greenpeace.org\/static\/planet4-luxembourg-stateless\/2026\/01\/6fe1432f-gp0su7f17_medium-res-1200px.jpg\",\"keywords\":[\"For\u00eats\",\"Luxembourg\",\"AgricultureDurable\"],\"articleSection\":[\"Greenpeace\",\"Nature\"],\"inLanguage\":\"fr-LU\"},{\"@type\":\"WebPage\",\"@id\":\"https:\/\/www.greenpeace.org\/luxembourg\/fr\/communiques-de-presse\/26870\/ue-mercosur-greenpeace-appelle-le-luxembourg-a-rejeter-ce-traite-destructeur-pour-lamazonie-le-climat-et-les-peuples-autochtones\/\",\"url\":\"https:\/\/www.greenpeace.org\/luxembourg\/fr\/communiques-de-presse\/26870\/ue-mercosur-greenpeace-appelle-le-luxembourg-a-rejeter-ce-traite-destructeur-pour-lamazonie-le-climat-et-les-peuples-autochtones\/\",\"name\":\"UE-Mercosur : Greenpeace appelle le Luxembourg au rejet\",\"isPartOf\":{\"@id\":\"https:\/\/www.greenpeace.org\/luxembourg\/fr\/#website\"},\"primaryImageOfPage\":{\"@id\":\"https:\/\/www.greenpeace.org\/luxembourg\/fr\/communiques-de-presse\/26870\/ue-mercosur-greenpeace-appelle-le-luxembourg-a-rejeter-ce-traite-destructeur-pour-lamazonie-le-climat-et-les-peuples-autochtones\/#primaryimage\"},\"image\":{\"@id\":\"https:\/\/www.greenpeace.org\/luxembourg\/fr\/communiques-de-presse\/26870\/ue-mercosur-greenpeace-appelle-le-luxembourg-a-rejeter-ce-traite-destructeur-pour-lamazonie-le-climat-et-les-peuples-autochtones\/#primaryimage\"},\"thumbnailUrl\":\"https:\/\/www.greenpeace.org\/static\/planet4-luxembourg-stateless\/2026\/01\/6fe1432f-gp0su7f17_medium-res-1200px.jpg\",\"datePublished\":\"2026-01-09T06:00:00+00:00\",\"dateModified\":\"2026-03-11T15:25:28+00:00\",\"description\":\"Les ambassadeurs de l'UE s'appr\u00eatent \u00e0 voter sur l'accord UE-Mercosur. Greenpeace appelle \u00e0 rejeter cet accord climaticide.\",\"breadcrumb\":{\"@id\":\"https:\/\/www.greenpeace.org\/luxembourg\/fr\/communiques-de-presse\/26870\/ue-mercosur-greenpeace-appelle-le-luxembourg-a-rejeter-ce-traite-destructeur-pour-lamazonie-le-climat-et-les-peuples-autochtones\/#breadcrumb\"},\"inLanguage\":\"fr-LU\",\"potentialAction\":[{\"@type\":\"ReadAction\",\"target\":[\"https:\/\/www.greenpeace.org\/luxembourg\/fr\/communiques-de-presse\/26870\/ue-mercosur-greenpeace-appelle-le-luxembourg-a-rejeter-ce-traite-destructeur-pour-lamazonie-le-climat-et-les-peuples-autochtones\/\"]}]},{\"@type\":\"ImageObject\",\"inLanguage\":\"fr-LU\",\"@id\":\"https:\/\/www.greenpeace.org\/luxembourg\/fr\/communiques-de-presse\/26870\/ue-mercosur-greenpeace-appelle-le-luxembourg-a-rejeter-ce-traite-destructeur-pour-lamazonie-le-climat-et-les-peuples-autochtones\/#primaryimage\",\"url\":\"https:\/\/www.greenpeace.org\/static\/planet4-luxembourg-stateless\/2026\/01\/6fe1432f-gp0su7f17_medium-res-1200px.jpg\",\"contentUrl\":\"https:\/\/www.greenpeace.org\/static\/planet4-luxembourg-stateless\/2026\/01\/6fe1432f-gp0su7f17_medium-res-1200px.jpg\",\"width\":1200,\"height\":800,\"caption\":\"Greenpeace France calls on President Emmanuel Macron to reject the Mercosur agreement entirely and unconditionally, and to do the necessary diplomatic work to ensure that this text is blocked at the European level. The banner held by Greenpeace activists reads \\\"EU-Mercosur: a guaranteed massacre\\\". Greenpeace France appelle le Pr\u00e9sident Emmanuel Macron \u00e0 rejeter enti\u00e8rement et sans condition l\u2019accord avec le Mercosur et \u00e0 faire le travail diplomatique n\u00e9cessaire pour que ce texte soit bloqu\u00e9 au niveau europ\u00e9en. On peut lire sur la banderole brandie par les activistes Greenpeace \u00ab\u00a0UE-Mercosur : un massacre assur\u00e9\u00a0\u00bb.\"},{\"@type\":\"BreadcrumbList\",\"@id\":\"https:\/\/www.greenpeace.org\/luxembourg\/fr\/communiques-de-presse\/26870\/ue-mercosur-greenpeace-appelle-le-luxembourg-a-rejeter-ce-traite-destructeur-pour-lamazonie-le-climat-et-les-peuples-autochtones\/#breadcrumb\",\"itemListElement\":[{\"@type\":\"ListItem\",\"position\":1,\"name\":\"Home\",\"item\":\"https:\/\/www.greenpeace.org\/luxembourg\/fr\/\"},{\"@type\":\"ListItem\",\"position\":2,\"name\":\"UE-Mercosur : Greenpeace appelle le Luxembourg \u00e0 rejeter ce trait\u00e9 destructeur pour l&#8217;Amazonie, le climat et les peuples autochtones\"}]},{\"@type\":\"WebSite\",\"@id\":\"https:\/\/www.greenpeace.org\/luxembourg\/fr\/#website\",\"url\":\"https:\/\/www.greenpeace.org\/luxembourg\/fr\/\",\"name\":\"Greenpeace Luxembourg\",\"description\":\"Greenpeace existe parce que cette Terre fragile a besoin d&#039;une voix. Elle a besoin de solutions. De changement. D&#039;actions.\",\"publisher\":{\"@id\":\"https:\/\/www.greenpeace.org\/luxembourg\/fr\/#organization\"},\"potentialAction\":[{\"@type\":\"SearchAction\",\"target\":{\"@type\":\"EntryPoint\",\"urlTemplate\":\"https:\/\/www.greenpeace.org\/luxembourg\/fr\/?s={search_term_string}\"},\"query-input\":{\"@type\":\"PropertyValueSpecification\",\"valueRequired\":true,\"valueName\":\"search_term_string\"}}],\"inLanguage\":\"fr-LU\"},{\"@type\":\"Organization\",\"@id\":\"https:\/\/www.greenpeace.org\/luxembourg\/fr\/#organization\",\"name\":\"Greenpeace Luxembourg\",\"url\":\"https:\/\/www.greenpeace.org\/luxembourg\/fr\/\",\"logo\":{\"@type\":\"ImageObject\",\"inLanguage\":\"fr-LU\",\"@id\":\"https:\/\/www.greenpeace.org\/luxembourg\/fr\/#\/schema\/logo\/image\/\",\"url\":\"https:\/\/www.greenpeace.org\/static\/planet4-luxembourg-stateless\/2026\/03\/3e367f94-greenpeace_logo_green_rgb.png\",\"contentUrl\":\"https:\/\/www.greenpeace.org\/static\/planet4-luxembourg-stateless\/2026\/03\/3e367f94-greenpeace_logo_green_rgb.png\",\"width\":1080,\"height\":175,\"caption\":\"Greenpeace Luxembourg\"},\"image\":{\"@id\":\"https:\/\/www.greenpeace.org\/luxembourg\/fr\/#\/schema\/logo\/image\/\"},\"sameAs\":[\"https:\/\/www.facebook.com\/greenpeaceluxembourg\",\"https:\/\/www.instagram.com\/greenpeacelux\/\",\"https:\/\/www.linkedin.com\/company\/greenpeace-luxembourg\/\",\"https:\/\/www.threads.com\/@greenpeacelux\",\"https:\/\/bsky.app\/profile\/greenpeacelux.bsky.social\",\"https:\/\/www.youtube.com\/@GreenpeaceLux\",\"https:\/\/www.tiktok.com\/@greenpeace_lux\"]},{\"@type\":\"Person\",\"@id\":\"https:\/\/www.greenpeace.org\/luxembourg\/fr\/#\/schema\/person\/3d0e81a859b59009fec36a8552ef76a7\",\"name\":\"Esther Wildanger\",\"url\":\"https:\/\/www.greenpeace.org\/luxembourg\/fr\/author\/ewildang\/\"}]}<\/script>\n<!-- \/ Yoast SEO Premium plugin. -->","yoast_head_json":{"title":"UE-Mercosur : Greenpeace appelle le Luxembourg au rejet","description":"Les ambassadeurs de l'UE s'appr\u00eatent \u00e0 voter sur l'accord UE-Mercosur. Greenpeace appelle \u00e0 rejeter cet accord climaticide.","robots":{"index":"index","follow":"follow","max-snippet":"max-snippet:-1","max-image-preview":"max-image-preview:large","max-video-preview":"max-video-preview:-1"},"canonical":"https:\/\/www.greenpeace.org\/luxembourg\/fr\/communiques-de-presse\/26870\/ue-mercosur-greenpeace-appelle-le-luxembourg-a-rejeter-ce-traite-destructeur-pour-lamazonie-le-climat-et-les-peuples-autochtones\/","og_locale":"fr_FR","og_type":"article","og_title":"UE-Mercosur : Greenpeace appelle le Luxembourg \u00e0 rejeter ce trait\u00e9 destructeur pour l'Amazonie, le climat et les peuples autochtones","og_description":"Les ambassadeurs de l'UE s'appr\u00eatent \u00e0 voter sur l'accord UE-Mercosur. Greenpeace appelle \u00e0 rejeter cet accord climaticide.","og_url":"https:\/\/www.greenpeace.org\/luxembourg\/fr\/communiques-de-presse\/26870\/ue-mercosur-greenpeace-appelle-le-luxembourg-a-rejeter-ce-traite-destructeur-pour-lamazonie-le-climat-et-les-peuples-autochtones\/","og_site_name":"Greenpeace Luxembourg","article_publisher":"https:\/\/www.facebook.com\/greenpeaceluxembourg","article_published_time":"2026-01-09T06:00:00+00:00","article_modified_time":"2026-03-11T15:25:28+00:00","og_image":[{"width":1200,"height":800,"url":"https:\/\/www.greenpeace.org\/static\/planet4-luxembourg-stateless\/2026\/01\/6fe1432f-gp0su7f17_medium-res-1200px.jpg","type":"image\/jpeg"}],"author":"Esther Wildanger","twitter_card":"summary_large_image","twitter_misc":{"Written by":"Esther Wildanger","Est. reading time":"3 minutes"},"schema":{"@context":"https:\/\/schema.org","@graph":[{"@type":"Article","@id":"https:\/\/www.greenpeace.org\/luxembourg\/fr\/communiques-de-presse\/26870\/ue-mercosur-greenpeace-appelle-le-luxembourg-a-rejeter-ce-traite-destructeur-pour-lamazonie-le-climat-et-les-peuples-autochtones\/#article","isPartOf":{"@id":"https:\/\/www.greenpeace.org\/luxembourg\/fr\/communiques-de-presse\/26870\/ue-mercosur-greenpeace-appelle-le-luxembourg-a-rejeter-ce-traite-destructeur-pour-lamazonie-le-climat-et-les-peuples-autochtones\/"},"author":{"name":"Esther Wildanger","@id":"https:\/\/www.greenpeace.org\/luxembourg\/fr\/#\/schema\/person\/3d0e81a859b59009fec36a8552ef76a7"},"headline":"UE-Mercosur : Greenpeace appelle le Luxembourg \u00e0 rejeter ce trait\u00e9 destructeur pour l&#8217;Amazonie, le climat et les peuples autochtones","datePublished":"2026-01-09T06:00:00+00:00","dateModified":"2026-03-11T15:25:28+00:00","mainEntityOfPage":{"@id":"https:\/\/www.greenpeace.org\/luxembourg\/fr\/communiques-de-presse\/26870\/ue-mercosur-greenpeace-appelle-le-luxembourg-a-rejeter-ce-traite-destructeur-pour-lamazonie-le-climat-et-les-peuples-autochtones\/"},"wordCount":520,"publisher":{"@id":"https:\/\/www.greenpeace.org\/luxembourg\/fr\/#organization"},"image":{"@id":"https:\/\/www.greenpeace.org\/luxembourg\/fr\/communiques-de-presse\/26870\/ue-mercosur-greenpeace-appelle-le-luxembourg-a-rejeter-ce-traite-destructeur-pour-lamazonie-le-climat-et-les-peuples-autochtones\/#primaryimage"},"thumbnailUrl":"https:\/\/www.greenpeace.org\/static\/planet4-luxembourg-stateless\/2026\/01\/6fe1432f-gp0su7f17_medium-res-1200px.jpg","keywords":["For\u00eats","Luxembourg","AgricultureDurable"],"articleSection":["Greenpeace","Nature"],"inLanguage":"fr-LU"},{"@type":"WebPage","@id":"https:\/\/www.greenpeace.org\/luxembourg\/fr\/communiques-de-presse\/26870\/ue-mercosur-greenpeace-appelle-le-luxembourg-a-rejeter-ce-traite-destructeur-pour-lamazonie-le-climat-et-les-peuples-autochtones\/","url":"https:\/\/www.greenpeace.org\/luxembourg\/fr\/communiques-de-presse\/26870\/ue-mercosur-greenpeace-appelle-le-luxembourg-a-rejeter-ce-traite-destructeur-pour-lamazonie-le-climat-et-les-peuples-autochtones\/","name":"UE-Mercosur : Greenpeace appelle le Luxembourg au rejet","isPartOf":{"@id":"https:\/\/www.greenpeace.org\/luxembourg\/fr\/#website"},"primaryImageOfPage":{"@id":"https:\/\/www.greenpeace.org\/luxembourg\/fr\/communiques-de-presse\/26870\/ue-mercosur-greenpeace-appelle-le-luxembourg-a-rejeter-ce-traite-destructeur-pour-lamazonie-le-climat-et-les-peuples-autochtones\/#primaryimage"},"image":{"@id":"https:\/\/www.greenpeace.org\/luxembourg\/fr\/communiques-de-presse\/26870\/ue-mercosur-greenpeace-appelle-le-luxembourg-a-rejeter-ce-traite-destructeur-pour-lamazonie-le-climat-et-les-peuples-autochtones\/#primaryimage"},"thumbnailUrl":"https:\/\/www.greenpeace.org\/static\/planet4-luxembourg-stateless\/2026\/01\/6fe1432f-gp0su7f17_medium-res-1200px.jpg","datePublished":"2026-01-09T06:00:00+00:00","dateModified":"2026-03-11T15:25:28+00:00","description":"Les ambassadeurs de l'UE s'appr\u00eatent \u00e0 voter sur l'accord UE-Mercosur. Greenpeace appelle \u00e0 rejeter cet accord climaticide.","breadcrumb":{"@id":"https:\/\/www.greenpeace.org\/luxembourg\/fr\/communiques-de-presse\/26870\/ue-mercosur-greenpeace-appelle-le-luxembourg-a-rejeter-ce-traite-destructeur-pour-lamazonie-le-climat-et-les-peuples-autochtones\/#breadcrumb"},"inLanguage":"fr-LU","potentialAction":[{"@type":"ReadAction","target":["https:\/\/www.greenpeace.org\/luxembourg\/fr\/communiques-de-presse\/26870\/ue-mercosur-greenpeace-appelle-le-luxembourg-a-rejeter-ce-traite-destructeur-pour-lamazonie-le-climat-et-les-peuples-autochtones\/"]}]},{"@type":"ImageObject","inLanguage":"fr-LU","@id":"https:\/\/www.greenpeace.org\/luxembourg\/fr\/communiques-de-presse\/26870\/ue-mercosur-greenpeace-appelle-le-luxembourg-a-rejeter-ce-traite-destructeur-pour-lamazonie-le-climat-et-les-peuples-autochtones\/#primaryimage","url":"https:\/\/www.greenpeace.org\/static\/planet4-luxembourg-stateless\/2026\/01\/6fe1432f-gp0su7f17_medium-res-1200px.jpg","contentUrl":"https:\/\/www.greenpeace.org\/static\/planet4-luxembourg-stateless\/2026\/01\/6fe1432f-gp0su7f17_medium-res-1200px.jpg","width":1200,"height":800,"caption":"Greenpeace France calls on President Emmanuel Macron to reject the Mercosur agreement entirely and unconditionally, and to do the necessary diplomatic work to ensure that this text is blocked at the European level. The banner held by Greenpeace activists reads \"EU-Mercosur: a guaranteed massacre\". Greenpeace France appelle le Pr\u00e9sident Emmanuel Macron \u00e0 rejeter enti\u00e8rement et sans condition l\u2019accord avec le Mercosur et \u00e0 faire le travail diplomatique n\u00e9cessaire pour que ce texte soit bloqu\u00e9 au niveau europ\u00e9en. On peut lire sur la banderole brandie par les activistes Greenpeace \u00ab\u00a0UE-Mercosur : un massacre assur\u00e9\u00a0\u00bb."},{"@type":"BreadcrumbList","@id":"https:\/\/www.greenpeace.org\/luxembourg\/fr\/communiques-de-presse\/26870\/ue-mercosur-greenpeace-appelle-le-luxembourg-a-rejeter-ce-traite-destructeur-pour-lamazonie-le-climat-et-les-peuples-autochtones\/#breadcrumb","itemListElement":[{"@type":"ListItem","position":1,"name":"Home","item":"https:\/\/www.greenpeace.org\/luxembourg\/fr\/"},{"@type":"ListItem","position":2,"name":"UE-Mercosur : Greenpeace appelle le Luxembourg \u00e0 rejeter ce trait\u00e9 destructeur pour l&#8217;Amazonie, le climat et les peuples autochtones"}]},{"@type":"WebSite","@id":"https:\/\/www.greenpeace.org\/luxembourg\/fr\/#website","url":"https:\/\/www.greenpeace.org\/luxembourg\/fr\/","name":"Greenpeace Luxembourg","description":"Greenpeace existe parce que cette Terre fragile a besoin d&#039;une voix. Elle a besoin de solutions. De changement. D&#039;actions.","publisher":{"@id":"https:\/\/www.greenpeace.org\/luxembourg\/fr\/#organization"},"potentialAction":[{"@type":"SearchAction","target":{"@type":"EntryPoint","urlTemplate":"https:\/\/www.greenpeace.org\/luxembourg\/fr\/?s={search_term_string}"},"query-input":{"@type":"PropertyValueSpecification","valueRequired":true,"valueName":"search_term_string"}}],"inLanguage":"fr-LU"},{"@type":"Organization","@id":"https:\/\/www.greenpeace.org\/luxembourg\/fr\/#organization","name":"Greenpeace Luxembourg","url":"https:\/\/www.greenpeace.org\/luxembourg\/fr\/","logo":{"@type":"ImageObject","inLanguage":"fr-LU","@id":"https:\/\/www.greenpeace.org\/luxembourg\/fr\/#\/schema\/logo\/image\/","url":"https:\/\/www.greenpeace.org\/static\/planet4-luxembourg-stateless\/2026\/03\/3e367f94-greenpeace_logo_green_rgb.png","contentUrl":"https:\/\/www.greenpeace.org\/static\/planet4-luxembourg-stateless\/2026\/03\/3e367f94-greenpeace_logo_green_rgb.png","width":1080,"height":175,"caption":"Greenpeace Luxembourg"},"image":{"@id":"https:\/\/www.greenpeace.org\/luxembourg\/fr\/#\/schema\/logo\/image\/"},"sameAs":["https:\/\/www.facebook.com\/greenpeaceluxembourg","https:\/\/www.instagram.com\/greenpeacelux\/","https:\/\/www.linkedin.com\/company\/greenpeace-luxembourg\/","https:\/\/www.threads.com\/@greenpeacelux","https:\/\/bsky.app\/profile\/greenpeacelux.bsky.social","https:\/\/www.youtube.com\/@GreenpeaceLux","https:\/\/www.tiktok.com\/@greenpeace_lux"]},{"@type":"Person","@id":"https:\/\/www.greenpeace.org\/luxembourg\/fr\/#\/schema\/person\/3d0e81a859b59009fec36a8552ef76a7","name":"Esther Wildanger","url":"https:\/\/www.greenpeace.org\/luxembourg\/fr\/author\/ewildang\/"}]}},"_links":{"self":[{"href":"https:\/\/www.greenpeace.org\/luxembourg\/fr\/wp-json\/wp\/v2\/posts\/26870","targetHints":{"allow":["GET"]}}],"collection":[{"href":"https:\/\/www.greenpeace.org\/luxembourg\/fr\/wp-json\/wp\/v2\/posts"}],"about":[{"href":"https:\/\/www.greenpeace.org\/luxembourg\/fr\/wp-json\/wp\/v2\/types\/post"}],"author":[{"embeddable":true,"href":"https:\/\/www.greenpeace.org\/luxembourg\/fr\/wp-json\/wp\/v2\/users\/25"}],"replies":[{"embeddable":true,"href":"https:\/\/www.greenpeace.org\/luxembourg\/fr\/wp-json\/wp\/v2\/comments?post=26870"}],"version-history":[{"count":2,"href":"https:\/\/www.greenpeace.org\/luxembourg\/fr\/wp-json\/wp\/v2\/posts\/26870\/revisions"}],"predecessor-version":[{"id":27472,"href":"https:\/\/www.greenpeace.org\/luxembourg\/fr\/wp-json\/wp\/v2\/posts\/26870\/revisions\/27472"}],"wp:featuredmedia":[{"embeddable":true,"href":"https:\/\/www.greenpeace.org\/luxembourg\/fr\/wp-json\/wp\/v2\/media\/26871"}],"wp:attachment":[{"href":"https:\/\/www.greenpeace.org\/luxembourg\/fr\/wp-json\/wp\/v2\/media?parent=26870"}],"wp:term":[{"taxonomy":"category","embeddable":true,"href":"https:\/\/www.greenpeace.org\/luxembourg\/fr\/wp-json\/wp\/v2\/categories?post=26870"},{"taxonomy":"post_tag","embeddable":true,"href":"https:\/\/www.greenpeace.org\/luxembourg\/fr\/wp-json\/wp\/v2\/tags?post=26870"},{"taxonomy":"p4-page-type","embeddable":true,"href":"https:\/\/www.greenpeace.org\/luxembourg\/fr\/wp-json\/wp\/v2\/p4-page-type?post=26870"}],"curies":[{"name":"wp","href":"https:\/\/api.w.org\/{rel}","templated":true}]}}