{"id":27679,"date":"2026-03-19T10:07:46","date_gmt":"2026-03-19T08:07:46","guid":{"rendered":"https:\/\/www.greenpeace.org\/luxembourg\/?p=27679"},"modified":"2026-03-19T10:13:41","modified_gmt":"2026-03-19T08:13:41","slug":"greenpeace-transforme-le-siege-de-la-commission-europeenne-en-trump-tower","status":"publish","type":"post","link":"https:\/\/www.greenpeace.org\/luxembourg\/fr\/communiques-de-presse\/27679\/greenpeace-transforme-le-siege-de-la-commission-europeenne-en-trump-tower\/","title":{"rendered":"Greenpeace transforme le si\u00e8ge de la Commission europ\u00e9enne en Trump Tower"},"content":{"rendered":"\n<p><em>Bruxelles\/Luxembourg<\/em>, le 19 mars 2026 \u2013 <strong>Une projection lumineuse aux couleurs dor\u00e9es et au message \u00ab Trump Tower &#8211; Resist Trump&#8217;s Agenda \u00bb a transform\u00e9 ce matin le si\u00e8ge de la Commission europ\u00e9enne \u00e0 Bruxelles en r\u00e9plique d&#8217;un gratte-ciel de Donald Trump [1]. L&#8217;action vise les chef\u00b7fes d&#8217;\u00c9tat r\u00e9uni\u00b7es aujourd&#8217;hui pour un sommet europ\u00e9en, accus\u00e9\u00b7es de c\u00e9der aux exigences de l&#8217;administration am\u00e9ricaine [2]. Le Luxembourg n&#8217;est pas \u00e9pargn\u00e9 : le gouvernement a lui-m\u00eame reconnu avoir \u00e9t\u00e9 contact\u00e9 par des repr\u00e9sentant\u00b7es diplomatiques et des entreprises am\u00e9ricaines pour l&#8217;inciter \u00e0 assouplir des textes l\u00e9gislatifs europ\u00e9ens sur le climat et la durabilit\u00e9.<\/strong><\/p>\n\n<figure class=\"wp-block-image\"><img loading=\"lazy\" decoding=\"async\" width=\"1200\" height=\"901\" src=\"https:\/\/www.greenpeace.org\/static\/planet4-luxembourg-stateless\/2026\/03\/812c3279-gp0su8h1f.jpg\" title=\"A projection of a golden facade and the letters \u201cTRUMP TOWER - RESIST TRUMP\u2019S AGENDA\u201d has turned the European Commission headquarters in Brussels into a copy of one of President Trump\u2019s skyscrapers. \u00a9 Tim Dirven \/ Greenpeace\" alt=\"A projection of a golden facade and the letters \u201cTRUMP TOWER - RESIST TRUMP\u2019S AGENDA\u201d has turned the European Commission headquarters in Brussels into a copy of one of President Trump\u2019s skyscrapers. \u00a9 Tim Dirven \/ Greenpeace\" class=\"wp-image-27680\" srcset=\"https:\/\/www.greenpeace.org\/static\/planet4-luxembourg-stateless\/2026\/03\/812c3279-gp0su8h1f.jpg 1200w, https:\/\/www.greenpeace.org\/static\/planet4-luxembourg-stateless\/2026\/03\/812c3279-gp0su8h1f-300x225.jpg 300w, https:\/\/www.greenpeace.org\/static\/planet4-luxembourg-stateless\/2026\/03\/812c3279-gp0su8h1f-1024x769.jpg 1024w, https:\/\/www.greenpeace.org\/static\/planet4-luxembourg-stateless\/2026\/03\/812c3279-gp0su8h1f-768x577.jpg 768w, https:\/\/www.greenpeace.org\/static\/planet4-luxembourg-stateless\/2026\/03\/812c3279-gp0su8h1f-453x340.jpg 453w\" sizes=\"auto, (max-width: 1200px) 100vw, 1200px\" \/><figcaption><div class=\"credit icon-left\"> \u00a9 Tim Dirven \/ Greenpeace<\/div><\/figcaption><\/figure>\n\n<p><em>\u00ab Trump veut dominer l&#8217;Europe, et jusqu&#8217;ici la plupart des dirigeant\u00b7es europ\u00e9en\u00b7nes semblent le laisser faire \u00bb<\/em>, d\u00e9clare Ariadna Rodrigo, charg\u00e9e de campagne politique \u00e0 Greenpeace EU.<em> \u00ab Au lieu de r\u00e9sister, l&#8217;Europe d\u00e9mant\u00e8le ses propres protections sanitaires et environnementales, et s&#8217;encha\u00eene au p\u00e9trole et au gaz am\u00e9ricains pour satisfaire Trump et ses alli\u00e9s milliardaires. Quand des responsables politiques parlent de &#8220;simplifier les r\u00e8gles pour la comp\u00e9titivit\u00e9&#8221;, cela signifie en pratique autoriser davantage de produits chimiques toxiques dans nos v\u00eatements et notre alimentation, ou laisser les g\u00e9ants de la tech envahir notre vie priv\u00e9e. Passer \u00e0 100 % d&#8217;\u00e9nergie renouvelable et \u00e0 une agriculture \u00e9cologique briserait cette d\u00e9pendance tout en prot\u00e9geant le pouvoir d&#8217;achat des m\u00e9nages. L&#8217;UE doit r\u00e9sister \u00e0 l&#8217;agenda du chaos de Trump et d\u00e9fendre ses citoyen\u00b7nes plut\u00f4t que les grandes entreprises et les ultra-riches. \u00bb<\/em><\/p>\n\n<p>\u00c0 l&#8217;<a href=\"https:\/\/www.consilium.europa.eu\/en\/meetings\/european-council\/2026\/03\/19-20\/\">ordre du jour<\/a> du sommet figurent la r\u00e9action europ\u00e9enne aux tensions au Moyen-Orient et \u00e0 la hausse des prix de l&#8217;\u00e9nergie qui en d\u00e9coule, la poursuite de la guerre en Ukraine et le prochain budget de l&#8217;Union, mais aussi les propres initiatives de d\u00e9r\u00e9glementation des protections environnementales, sanitaires et num\u00e9riques. C&#8217;est pr\u00e9cis\u00e9ment sur ces derni\u00e8res que le gouvernement am\u00e9ricain et ses lobbyistes font pression, cherchant \u00e0 d\u00e9manteler des textes comme le <a href=\"https:\/\/www.euractiv.com\/news\/exclusive-us-officials-tour-eu-capitals-to-lobby-against-deforestation-law\/\">r\u00e8glement europ\u00e9en sur la d\u00e9forestation<\/a> (RDUE), la r\u00e9glementation sur le m\u00e9thane et la taxe sur les services num\u00e9riques.<\/p>\n\n<p><em>\u00ab Les ministres luxembourgeois ont eux-m\u00eames reconnu, en r\u00e9ponse \u00e0 des questions parlementaires r\u00e9centes, avoir \u00e9t\u00e9 approch\u00e9s par des entreprises et par l&#8217;ambassade am\u00e9ricaine pour orienter la position du Grand-Duch\u00e9 sur des textes cl\u00e9s comme le <\/em><a href=\"https:\/\/www.chd.lu\/fr\/question\/30221\"><em>RDUE<\/em><\/a><em>, la directive sur le <\/em><a href=\"https:\/\/www.chd.lu\/fr\/question\/30205\"><em>devoir de vigilance<\/em><\/a><em> ou encore les plans de transition climatique des entreprises \u00bb<\/em>, ajoute Gauthier Hansel, charg\u00e9 de campagne \u00e0 Greenpeace Luxembourg. <em>\u00ab Des int\u00e9r\u00eats am\u00e9ricains frappent \u00e0 la porte de nos minist\u00e8res, et le gouvernement a la responsabilit\u00e9 de ne pas y c\u00e9der. \u00bb<\/em><\/p>\n\n<p>Ces pressions s&#8217;inscrivent dans un rapport de force plus large. Dans le cadre d&#8217;un accord commercial visant \u00e0 r\u00e9duire les droits de douane, la pr\u00e9sidente de la Commission Ursula von der Leyen s&#8217;est engag\u00e9e \u00e0 importer <a href=\"https:\/\/policy.trade.ec.europa.eu\/news\/joint-statement-united-states-european-union-framework-agreement-reciprocal-fair-and-balanced-trade-2025-08-21_en\">750 milliards de dollars d&#8217;\u00e9nergie am\u00e9ricaine<\/a> d&#8217;ici fin 2028, principalement du p\u00e9trole et du gaz. En 2025, les \u00c9tats-Unis fournissaient d\u00e9j\u00e0 27 % des importations gazi\u00e8res de l&#8217;UE, une part qui pourrait atteindre <a href=\"https:\/\/ieefa.org\/resources\/eu-risks-new-energy-dependence-us-could-supply-80-its-lng-imports-2030\">40 % d&#8217;ici 2030<\/a>. La commission du commerce du Parlement europ\u00e9en doit prochainement se prononcer sur l&#8217;accord, avant un vote en s\u00e9ance pl\u00e9ni\u00e8re probablement fin mars. Greenpeace appelle les eurod\u00e9put\u00e9\u00b7es \u00e0 le rejeter : accro\u00eetre la d\u00e9pendance \u00e9nerg\u00e9tique de l&#8217;Europe vis-\u00e0-vis de Washington, c&#8217;est lui offrir un levier suppl\u00e9mentaire sur nos choix politiques et exposer davantage les m\u00e9nages \u00e0 la volatilit\u00e9 des prix.<\/p>\n\n<p>Par ailleurs, la plupart des dirigeant\u00b7es europ\u00e9en\u00b7nes ont jusqu&#8217;ici \u00e9vit\u00e9 de condamner fermement les menaces et actions militaires de l&#8217;administration Trump contre le Venezuela, Cuba et l&#8217;Iran, malgr\u00e9 les pr\u00e9occupations qu&#8217;elles soul\u00e8vent au regard du droit international. Greenpeace appelle l&#8217;ensemble des gouvernements \u00e0 d\u00e9fendre ce droit et \u00e0 prot\u00e9ger les populations civiles, et l&#8217;UE \u00e0 exiger un arr\u00eat imm\u00e9diat des hostilit\u00e9s et la lev\u00e9e des blocus emp\u00eachant l&#8217;acheminement de l&#8217;aide humanitaire.<\/p>\n\n<hr class=\"wp-block-separator has-alpha-channel-opacity\"\/>\n\n<p class=\"has-green-500-color has-text-color has-link-color wp-elements-f2afb6a12b005401e798df0c3e0cac43\"><strong>Notes<\/strong><\/p>\n\n<p>[1] Des photos de l\u2019action en haute r\u00e9solution sont t\u00e9l\u00e9chargeables <a href=\"https:\/\/media.greenpeace.org\/collection\/27MZIFJR794_W\"><strong>ici<\/strong><\/a>.<\/p>\n\n<p>[2] Un briefing m\u00e9dias sur les pressions am\u00e9ricaines visant \u00e0 d\u00e9manteler les r\u00e8gles europ\u00e9ennes de protection des personnes et de la nature est accessible via <a href=\"https:\/\/www.greenpeace.org\/eu-unit\/issues\/democracy-europe\/47928\/briefing-us-fingerprints-on-eu-deregulation-agenda\/\"><strong>ce lien<\/strong><\/a>.<\/p>\n","protected":false},"excerpt":{"rendered":"<p>Bruxelles\/Luxembourg, le 19 mars 2026 \u2013 Une projection lumineuse aux couleurs dor\u00e9es et au message \u00ab Trump Tower \u2013 Resist Trump\u2019s Agenda \u00bb a transform\u00e9 ce matin le si\u00e8ge de\u2026<\/p>\n","protected":false},"author":22,"featured_media":27680,"comment_status":"closed","ping_status":"closed","sticky":false,"template":"","format":"standard","meta":{"ep_exclude_from_search":false,"p4_og_title":"","p4_og_description":"","p4_og_image":"","p4_og_image_id":"","p4_seo_canonical_url":"","p4_campaign_name":"Time to Resist","p4_local_project":"System Change","p4_basket_name":"Political &amp; Business","p4_department":"","footnotes":""},"categories":[41],"tags":[37],"p4-page-type":[83],"class_list":["post-27679","post","type-post","status-publish","format-standard","has-post-thumbnail","hentry","category-climat","tag-changementclimatique","p4-page-type-communiques-de-presse"],"yoast_head":"<!-- This site is optimized with the Yoast SEO Premium plugin v23.9 (Yoast SEO v23.9) - https:\/\/yoast.com\/wordpress\/plugins\/seo\/ -->\n<title>Greenpeace transforme le si\u00e8ge de la Commission europ\u00e9enne en Trump Tower - Greenpeace Luxembourg<\/title>\n<meta name=\"robots\" content=\"index, follow, max-snippet:-1, max-image-preview:large, max-video-preview:-1\" \/>\n<link rel=\"canonical\" href=\"https:\/\/www.greenpeace.org\/luxembourg\/fr\/communiques-de-presse\/27679\/greenpeace-transforme-le-siege-de-la-commission-europeenne-en-trump-tower\/\" \/>\n<meta property=\"og:locale\" content=\"fr_FR\" \/>\n<meta property=\"og:type\" content=\"article\" \/>\n<meta property=\"og:title\" content=\"Greenpeace transforme le si\u00e8ge de la Commission europ\u00e9enne en Trump Tower\" \/>\n<meta property=\"og:description\" content=\"Bruxelles\/Luxembourg, le 19 mars 2026 \u2013 Une projection lumineuse aux couleurs dor\u00e9es et au message \u00ab Trump Tower \u2013 Resist Trump\u2019s Agenda \u00bb a transform\u00e9 ce matin le si\u00e8ge de\u2026\" \/>\n<meta property=\"og:url\" content=\"https:\/\/www.greenpeace.org\/luxembourg\/fr\/communiques-de-presse\/27679\/greenpeace-transforme-le-siege-de-la-commission-europeenne-en-trump-tower\/\" \/>\n<meta property=\"og:site_name\" content=\"Greenpeace Luxembourg\" \/>\n<meta property=\"article:publisher\" content=\"https:\/\/www.facebook.com\/greenpeaceluxembourg\" \/>\n<meta property=\"article:published_time\" content=\"2026-03-19T08:07:46+00:00\" \/>\n<meta property=\"article:modified_time\" content=\"2026-03-19T08:13:41+00:00\" \/>\n<meta property=\"og:image\" content=\"https:\/\/www.greenpeace.org\/static\/planet4-luxembourg-stateless\/2026\/03\/812c3279-gp0su8h1f.jpg\" \/>\n\t<meta property=\"og:image:width\" content=\"1200\" \/>\n\t<meta property=\"og:image:height\" content=\"901\" \/>\n\t<meta property=\"og:image:type\" content=\"image\/jpeg\" \/>\n<meta name=\"author\" content=\"Lise Bockler\" \/>\n<meta name=\"twitter:card\" content=\"summary_large_image\" \/>\n<meta name=\"twitter:label1\" content=\"Written by\" \/>\n\t<meta name=\"twitter:data1\" content=\"Lise Bockler\" \/>\n\t<meta name=\"twitter:label2\" content=\"Est. reading time\" \/>\n\t<meta name=\"twitter:data2\" content=\"4 minutes\" \/>\n<script type=\"application\/ld+json\" class=\"yoast-schema-graph\">{\"@context\":\"https:\/\/schema.org\",\"@graph\":[{\"@type\":\"Article\",\"@id\":\"https:\/\/www.greenpeace.org\/luxembourg\/fr\/communiques-de-presse\/27679\/greenpeace-transforme-le-siege-de-la-commission-europeenne-en-trump-tower\/#article\",\"isPartOf\":{\"@id\":\"https:\/\/www.greenpeace.org\/luxembourg\/fr\/communiques-de-presse\/27679\/greenpeace-transforme-le-siege-de-la-commission-europeenne-en-trump-tower\/\"},\"author\":{\"name\":\"Lise Bockler\",\"@id\":\"https:\/\/www.greenpeace.org\/luxembourg\/fr\/#\/schema\/person\/7d322b18d9b47ed2f3e7a6d8f5641c7f\"},\"headline\":\"Greenpeace transforme le si\u00e8ge de la Commission europ\u00e9enne en Trump Tower\",\"datePublished\":\"2026-03-19T08:07:46+00:00\",\"dateModified\":\"2026-03-19T08:13:41+00:00\",\"mainEntityOfPage\":{\"@id\":\"https:\/\/www.greenpeace.org\/luxembourg\/fr\/communiques-de-presse\/27679\/greenpeace-transforme-le-siege-de-la-commission-europeenne-en-trump-tower\/\"},\"wordCount\":768,\"publisher\":{\"@id\":\"https:\/\/www.greenpeace.org\/luxembourg\/fr\/#organization\"},\"image\":{\"@id\":\"https:\/\/www.greenpeace.org\/luxembourg\/fr\/communiques-de-presse\/27679\/greenpeace-transforme-le-siege-de-la-commission-europeenne-en-trump-tower\/#primaryimage\"},\"thumbnailUrl\":\"https:\/\/www.greenpeace.org\/static\/planet4-luxembourg-stateless\/2026\/03\/812c3279-gp0su8h1f.jpg\",\"keywords\":[\"ChangementClimatique\"],\"articleSection\":[\"Climat\"],\"inLanguage\":\"fr-LU\"},{\"@type\":\"WebPage\",\"@id\":\"https:\/\/www.greenpeace.org\/luxembourg\/fr\/communiques-de-presse\/27679\/greenpeace-transforme-le-siege-de-la-commission-europeenne-en-trump-tower\/\",\"url\":\"https:\/\/www.greenpeace.org\/luxembourg\/fr\/communiques-de-presse\/27679\/greenpeace-transforme-le-siege-de-la-commission-europeenne-en-trump-tower\/\",\"name\":\"Greenpeace transforme le si\u00e8ge de la Commission europ\u00e9enne en Trump Tower - Greenpeace Luxembourg\",\"isPartOf\":{\"@id\":\"https:\/\/www.greenpeace.org\/luxembourg\/fr\/#website\"},\"primaryImageOfPage\":{\"@id\":\"https:\/\/www.greenpeace.org\/luxembourg\/fr\/communiques-de-presse\/27679\/greenpeace-transforme-le-siege-de-la-commission-europeenne-en-trump-tower\/#primaryimage\"},\"image\":{\"@id\":\"https:\/\/www.greenpeace.org\/luxembourg\/fr\/communiques-de-presse\/27679\/greenpeace-transforme-le-siege-de-la-commission-europeenne-en-trump-tower\/#primaryimage\"},\"thumbnailUrl\":\"https:\/\/www.greenpeace.org\/static\/planet4-luxembourg-stateless\/2026\/03\/812c3279-gp0su8h1f.jpg\",\"datePublished\":\"2026-03-19T08:07:46+00:00\",\"dateModified\":\"2026-03-19T08:13:41+00:00\",\"breadcrumb\":{\"@id\":\"https:\/\/www.greenpeace.org\/luxembourg\/fr\/communiques-de-presse\/27679\/greenpeace-transforme-le-siege-de-la-commission-europeenne-en-trump-tower\/#breadcrumb\"},\"inLanguage\":\"fr-LU\",\"potentialAction\":[{\"@type\":\"ReadAction\",\"target\":[\"https:\/\/www.greenpeace.org\/luxembourg\/fr\/communiques-de-presse\/27679\/greenpeace-transforme-le-siege-de-la-commission-europeenne-en-trump-tower\/\"]}]},{\"@type\":\"ImageObject\",\"inLanguage\":\"fr-LU\",\"@id\":\"https:\/\/www.greenpeace.org\/luxembourg\/fr\/communiques-de-presse\/27679\/greenpeace-transforme-le-siege-de-la-commission-europeenne-en-trump-tower\/#primaryimage\",\"url\":\"https:\/\/www.greenpeace.org\/static\/planet4-luxembourg-stateless\/2026\/03\/812c3279-gp0su8h1f.jpg\",\"contentUrl\":\"https:\/\/www.greenpeace.org\/static\/planet4-luxembourg-stateless\/2026\/03\/812c3279-gp0su8h1f.jpg\",\"width\":1200,\"height\":901,\"caption\":\"Belgium, Brussels, 19\/3\/26 Photo: Tim Dirven\"},{\"@type\":\"BreadcrumbList\",\"@id\":\"https:\/\/www.greenpeace.org\/luxembourg\/fr\/communiques-de-presse\/27679\/greenpeace-transforme-le-siege-de-la-commission-europeenne-en-trump-tower\/#breadcrumb\",\"itemListElement\":[{\"@type\":\"ListItem\",\"position\":1,\"name\":\"Home\",\"item\":\"https:\/\/www.greenpeace.org\/luxembourg\/fr\/\"},{\"@type\":\"ListItem\",\"position\":2,\"name\":\"Greenpeace transforme le si\u00e8ge de la Commission europ\u00e9enne en Trump Tower\"}]},{\"@type\":\"WebSite\",\"@id\":\"https:\/\/www.greenpeace.org\/luxembourg\/fr\/#website\",\"url\":\"https:\/\/www.greenpeace.org\/luxembourg\/fr\/\",\"name\":\"Greenpeace Luxembourg\",\"description\":\"Greenpeace existe parce que cette Terre fragile a besoin d&#039;une voix. Elle a besoin de solutions. De changement. D&#039;actions.\",\"publisher\":{\"@id\":\"https:\/\/www.greenpeace.org\/luxembourg\/fr\/#organization\"},\"potentialAction\":[{\"@type\":\"SearchAction\",\"target\":{\"@type\":\"EntryPoint\",\"urlTemplate\":\"https:\/\/www.greenpeace.org\/luxembourg\/fr\/?s={search_term_string}\"},\"query-input\":{\"@type\":\"PropertyValueSpecification\",\"valueRequired\":true,\"valueName\":\"search_term_string\"}}],\"inLanguage\":\"fr-LU\"},{\"@type\":\"Organization\",\"@id\":\"https:\/\/www.greenpeace.org\/luxembourg\/fr\/#organization\",\"name\":\"Greenpeace Luxembourg\",\"url\":\"https:\/\/www.greenpeace.org\/luxembourg\/fr\/\",\"logo\":{\"@type\":\"ImageObject\",\"inLanguage\":\"fr-LU\",\"@id\":\"https:\/\/www.greenpeace.org\/luxembourg\/fr\/#\/schema\/logo\/image\/\",\"url\":\"https:\/\/www.greenpeace.org\/static\/planet4-luxembourg-stateless\/2026\/03\/3e367f94-greenpeace_logo_green_rgb.png\",\"contentUrl\":\"https:\/\/www.greenpeace.org\/static\/planet4-luxembourg-stateless\/2026\/03\/3e367f94-greenpeace_logo_green_rgb.png\",\"width\":1080,\"height\":175,\"caption\":\"Greenpeace Luxembourg\"},\"image\":{\"@id\":\"https:\/\/www.greenpeace.org\/luxembourg\/fr\/#\/schema\/logo\/image\/\"},\"sameAs\":[\"https:\/\/www.facebook.com\/greenpeaceluxembourg\",\"https:\/\/www.instagram.com\/greenpeacelux\/\",\"https:\/\/www.linkedin.com\/company\/greenpeace-luxembourg\/\",\"https:\/\/www.threads.com\/@greenpeacelux\",\"https:\/\/bsky.app\/profile\/greenpeacelux.bsky.social\",\"https:\/\/www.youtube.com\/@GreenpeaceLux\",\"https:\/\/www.tiktok.com\/@greenpeace_lux\"]},{\"@type\":\"Person\",\"@id\":\"https:\/\/www.greenpeace.org\/luxembourg\/fr\/#\/schema\/person\/7d322b18d9b47ed2f3e7a6d8f5641c7f\",\"name\":\"Lise Bockler\",\"url\":\"https:\/\/www.greenpeace.org\/luxembourg\/fr\/author\/lbockler\/\"}]}<\/script>\n<!-- \/ Yoast SEO Premium plugin. -->","yoast_head_json":{"title":"Greenpeace transforme le si\u00e8ge de la Commission europ\u00e9enne en Trump Tower - Greenpeace Luxembourg","robots":{"index":"index","follow":"follow","max-snippet":"max-snippet:-1","max-image-preview":"max-image-preview:large","max-video-preview":"max-video-preview:-1"},"canonical":"https:\/\/www.greenpeace.org\/luxembourg\/fr\/communiques-de-presse\/27679\/greenpeace-transforme-le-siege-de-la-commission-europeenne-en-trump-tower\/","og_locale":"fr_FR","og_type":"article","og_title":"Greenpeace transforme le si\u00e8ge de la Commission europ\u00e9enne en Trump Tower","og_description":"Bruxelles\/Luxembourg, le 19 mars 2026 \u2013 Une projection lumineuse aux couleurs dor\u00e9es et au message \u00ab Trump Tower \u2013 Resist Trump\u2019s Agenda \u00bb a transform\u00e9 ce matin le si\u00e8ge de\u2026","og_url":"https:\/\/www.greenpeace.org\/luxembourg\/fr\/communiques-de-presse\/27679\/greenpeace-transforme-le-siege-de-la-commission-europeenne-en-trump-tower\/","og_site_name":"Greenpeace Luxembourg","article_publisher":"https:\/\/www.facebook.com\/greenpeaceluxembourg","article_published_time":"2026-03-19T08:07:46+00:00","article_modified_time":"2026-03-19T08:13:41+00:00","og_image":[{"width":1200,"height":901,"url":"https:\/\/www.greenpeace.org\/static\/planet4-luxembourg-stateless\/2026\/03\/812c3279-gp0su8h1f.jpg","type":"image\/jpeg"}],"author":"Lise Bockler","twitter_card":"summary_large_image","twitter_misc":{"Written by":"Lise Bockler","Est. reading time":"4 minutes"},"schema":{"@context":"https:\/\/schema.org","@graph":[{"@type":"Article","@id":"https:\/\/www.greenpeace.org\/luxembourg\/fr\/communiques-de-presse\/27679\/greenpeace-transforme-le-siege-de-la-commission-europeenne-en-trump-tower\/#article","isPartOf":{"@id":"https:\/\/www.greenpeace.org\/luxembourg\/fr\/communiques-de-presse\/27679\/greenpeace-transforme-le-siege-de-la-commission-europeenne-en-trump-tower\/"},"author":{"name":"Lise Bockler","@id":"https:\/\/www.greenpeace.org\/luxembourg\/fr\/#\/schema\/person\/7d322b18d9b47ed2f3e7a6d8f5641c7f"},"headline":"Greenpeace transforme le si\u00e8ge de la Commission europ\u00e9enne en Trump Tower","datePublished":"2026-03-19T08:07:46+00:00","dateModified":"2026-03-19T08:13:41+00:00","mainEntityOfPage":{"@id":"https:\/\/www.greenpeace.org\/luxembourg\/fr\/communiques-de-presse\/27679\/greenpeace-transforme-le-siege-de-la-commission-europeenne-en-trump-tower\/"},"wordCount":768,"publisher":{"@id":"https:\/\/www.greenpeace.org\/luxembourg\/fr\/#organization"},"image":{"@id":"https:\/\/www.greenpeace.org\/luxembourg\/fr\/communiques-de-presse\/27679\/greenpeace-transforme-le-siege-de-la-commission-europeenne-en-trump-tower\/#primaryimage"},"thumbnailUrl":"https:\/\/www.greenpeace.org\/static\/planet4-luxembourg-stateless\/2026\/03\/812c3279-gp0su8h1f.jpg","keywords":["ChangementClimatique"],"articleSection":["Climat"],"inLanguage":"fr-LU"},{"@type":"WebPage","@id":"https:\/\/www.greenpeace.org\/luxembourg\/fr\/communiques-de-presse\/27679\/greenpeace-transforme-le-siege-de-la-commission-europeenne-en-trump-tower\/","url":"https:\/\/www.greenpeace.org\/luxembourg\/fr\/communiques-de-presse\/27679\/greenpeace-transforme-le-siege-de-la-commission-europeenne-en-trump-tower\/","name":"Greenpeace transforme le si\u00e8ge de la Commission europ\u00e9enne en Trump Tower - Greenpeace Luxembourg","isPartOf":{"@id":"https:\/\/www.greenpeace.org\/luxembourg\/fr\/#website"},"primaryImageOfPage":{"@id":"https:\/\/www.greenpeace.org\/luxembourg\/fr\/communiques-de-presse\/27679\/greenpeace-transforme-le-siege-de-la-commission-europeenne-en-trump-tower\/#primaryimage"},"image":{"@id":"https:\/\/www.greenpeace.org\/luxembourg\/fr\/communiques-de-presse\/27679\/greenpeace-transforme-le-siege-de-la-commission-europeenne-en-trump-tower\/#primaryimage"},"thumbnailUrl":"https:\/\/www.greenpeace.org\/static\/planet4-luxembourg-stateless\/2026\/03\/812c3279-gp0su8h1f.jpg","datePublished":"2026-03-19T08:07:46+00:00","dateModified":"2026-03-19T08:13:41+00:00","breadcrumb":{"@id":"https:\/\/www.greenpeace.org\/luxembourg\/fr\/communiques-de-presse\/27679\/greenpeace-transforme-le-siege-de-la-commission-europeenne-en-trump-tower\/#breadcrumb"},"inLanguage":"fr-LU","potentialAction":[{"@type":"ReadAction","target":["https:\/\/www.greenpeace.org\/luxembourg\/fr\/communiques-de-presse\/27679\/greenpeace-transforme-le-siege-de-la-commission-europeenne-en-trump-tower\/"]}]},{"@type":"ImageObject","inLanguage":"fr-LU","@id":"https:\/\/www.greenpeace.org\/luxembourg\/fr\/communiques-de-presse\/27679\/greenpeace-transforme-le-siege-de-la-commission-europeenne-en-trump-tower\/#primaryimage","url":"https:\/\/www.greenpeace.org\/static\/planet4-luxembourg-stateless\/2026\/03\/812c3279-gp0su8h1f.jpg","contentUrl":"https:\/\/www.greenpeace.org\/static\/planet4-luxembourg-stateless\/2026\/03\/812c3279-gp0su8h1f.jpg","width":1200,"height":901,"caption":"Belgium, Brussels, 19\/3\/26 Photo: Tim Dirven"},{"@type":"BreadcrumbList","@id":"https:\/\/www.greenpeace.org\/luxembourg\/fr\/communiques-de-presse\/27679\/greenpeace-transforme-le-siege-de-la-commission-europeenne-en-trump-tower\/#breadcrumb","itemListElement":[{"@type":"ListItem","position":1,"name":"Home","item":"https:\/\/www.greenpeace.org\/luxembourg\/fr\/"},{"@type":"ListItem","position":2,"name":"Greenpeace transforme le si\u00e8ge de la Commission europ\u00e9enne en Trump Tower"}]},{"@type":"WebSite","@id":"https:\/\/www.greenpeace.org\/luxembourg\/fr\/#website","url":"https:\/\/www.greenpeace.org\/luxembourg\/fr\/","name":"Greenpeace Luxembourg","description":"Greenpeace existe parce que cette Terre fragile a besoin d&#039;une voix. Elle a besoin de solutions. De changement. D&#039;actions.","publisher":{"@id":"https:\/\/www.greenpeace.org\/luxembourg\/fr\/#organization"},"potentialAction":[{"@type":"SearchAction","target":{"@type":"EntryPoint","urlTemplate":"https:\/\/www.greenpeace.org\/luxembourg\/fr\/?s={search_term_string}"},"query-input":{"@type":"PropertyValueSpecification","valueRequired":true,"valueName":"search_term_string"}}],"inLanguage":"fr-LU"},{"@type":"Organization","@id":"https:\/\/www.greenpeace.org\/luxembourg\/fr\/#organization","name":"Greenpeace Luxembourg","url":"https:\/\/www.greenpeace.org\/luxembourg\/fr\/","logo":{"@type":"ImageObject","inLanguage":"fr-LU","@id":"https:\/\/www.greenpeace.org\/luxembourg\/fr\/#\/schema\/logo\/image\/","url":"https:\/\/www.greenpeace.org\/static\/planet4-luxembourg-stateless\/2026\/03\/3e367f94-greenpeace_logo_green_rgb.png","contentUrl":"https:\/\/www.greenpeace.org\/static\/planet4-luxembourg-stateless\/2026\/03\/3e367f94-greenpeace_logo_green_rgb.png","width":1080,"height":175,"caption":"Greenpeace Luxembourg"},"image":{"@id":"https:\/\/www.greenpeace.org\/luxembourg\/fr\/#\/schema\/logo\/image\/"},"sameAs":["https:\/\/www.facebook.com\/greenpeaceluxembourg","https:\/\/www.instagram.com\/greenpeacelux\/","https:\/\/www.linkedin.com\/company\/greenpeace-luxembourg\/","https:\/\/www.threads.com\/@greenpeacelux","https:\/\/bsky.app\/profile\/greenpeacelux.bsky.social","https:\/\/www.youtube.com\/@GreenpeaceLux","https:\/\/www.tiktok.com\/@greenpeace_lux"]},{"@type":"Person","@id":"https:\/\/www.greenpeace.org\/luxembourg\/fr\/#\/schema\/person\/7d322b18d9b47ed2f3e7a6d8f5641c7f","name":"Lise Bockler","url":"https:\/\/www.greenpeace.org\/luxembourg\/fr\/author\/lbockler\/"}]}},"_links":{"self":[{"href":"https:\/\/www.greenpeace.org\/luxembourg\/fr\/wp-json\/wp\/v2\/posts\/27679","targetHints":{"allow":["GET"]}}],"collection":[{"href":"https:\/\/www.greenpeace.org\/luxembourg\/fr\/wp-json\/wp\/v2\/posts"}],"about":[{"href":"https:\/\/www.greenpeace.org\/luxembourg\/fr\/wp-json\/wp\/v2\/types\/post"}],"author":[{"embeddable":true,"href":"https:\/\/www.greenpeace.org\/luxembourg\/fr\/wp-json\/wp\/v2\/users\/22"}],"replies":[{"embeddable":true,"href":"https:\/\/www.greenpeace.org\/luxembourg\/fr\/wp-json\/wp\/v2\/comments?post=27679"}],"version-history":[{"count":3,"href":"https:\/\/www.greenpeace.org\/luxembourg\/fr\/wp-json\/wp\/v2\/posts\/27679\/revisions"}],"predecessor-version":[{"id":27696,"href":"https:\/\/www.greenpeace.org\/luxembourg\/fr\/wp-json\/wp\/v2\/posts\/27679\/revisions\/27696"}],"wp:featuredmedia":[{"embeddable":true,"href":"https:\/\/www.greenpeace.org\/luxembourg\/fr\/wp-json\/wp\/v2\/media\/27680"}],"wp:attachment":[{"href":"https:\/\/www.greenpeace.org\/luxembourg\/fr\/wp-json\/wp\/v2\/media?parent=27679"}],"wp:term":[{"taxonomy":"category","embeddable":true,"href":"https:\/\/www.greenpeace.org\/luxembourg\/fr\/wp-json\/wp\/v2\/categories?post=27679"},{"taxonomy":"post_tag","embeddable":true,"href":"https:\/\/www.greenpeace.org\/luxembourg\/fr\/wp-json\/wp\/v2\/tags?post=27679"},{"taxonomy":"p4-page-type","embeddable":true,"href":"https:\/\/www.greenpeace.org\/luxembourg\/fr\/wp-json\/wp\/v2\/p4-page-type?post=27679"}],"curies":[{"name":"wp","href":"https:\/\/api.w.org\/{rel}","templated":true}]}}