{"id":27783,"date":"2026-04-02T15:24:56","date_gmt":"2026-04-02T13:24:56","guid":{"rendered":"https:\/\/www.greenpeace.org\/luxembourg\/?p=27783"},"modified":"2026-04-03T14:31:36","modified_gmt":"2026-04-03T12:31:36","slug":"la-science-au-coeur-de-greenpeace","status":"publish","type":"post","link":"https:\/\/www.greenpeace.org\/luxembourg\/fr\/actualites\/27783\/la-science-au-coeur-de-greenpeace\/","title":{"rendered":"La science au c\u0153ur de Greenpeace"},"content":{"rendered":"\n<p><em>Saviez-vous que Greenpeace poss\u00e8de son propre laboratoire de recherche&nbsp;? Partons \u00e0 la d\u00e9couverte de notre \u00ab&nbsp;unit\u00e9 scientifique&nbsp;\u00bb, acteur m\u00e9connu mais pourtant indispensable \u00e0 la r\u00e9alisation de nos campagnes et de nos actions.<\/em><\/p>\n\n<h3 class=\"wp-block-heading\" id=\"h-une-legitimite-scientifique-indispensable\">Une l\u00e9gitimit\u00e9 scientifique indispensable<\/h3>\n\n<figure class=\"wp-block-image size-full\"><img loading=\"lazy\" decoding=\"async\" width=\"780\" height=\"520\" src=\"https:\/\/www.greenpeace.org\/static\/planet4-luxembourg-stateless\/2026\/04\/3ae59e61-image.png\" alt=\"L\u2019\u00e9quipe du laboratoire examine des \u00e9chantillons de sol provenant d\u2019une d\u00e9charge de plastique de Malaisie. Mars 2020, \u00a9 Alex Stoneman \/ Greenpeace\" class=\"wp-image-27784\" srcset=\"https:\/\/www.greenpeace.org\/static\/planet4-luxembourg-stateless\/2026\/04\/3ae59e61-image.png 780w, https:\/\/www.greenpeace.org\/static\/planet4-luxembourg-stateless\/2026\/04\/3ae59e61-image-300x200.png 300w, https:\/\/www.greenpeace.org\/static\/planet4-luxembourg-stateless\/2026\/04\/3ae59e61-image-768x512.png 768w, https:\/\/www.greenpeace.org\/static\/planet4-luxembourg-stateless\/2026\/04\/3ae59e61-image-510x340.png 510w\" sizes=\"auto, (max-width: 780px) 100vw, 780px\" \/><figcaption class=\"wp-element-caption\">L\u2019\u00e9quipe du laboratoire examine des \u00e9chantillons de sol provenant d\u2019une d\u00e9charge de plastique de Malaisie. Mars 2020, \u00a9 Alex Stoneman \/ Greenpeace<\/figcaption><\/figure>\n\n<p>Le&nbsp;<strong>laboratoire de recherche<\/strong>&nbsp;de Greenpeace, aussi appel\u00e9 \u00ab unit\u00e9 scientifique \u00bb, a \u00e9t\u00e9 cr\u00e9\u00e9 en 1986 par le Docteur Paul Johnston, au sein du Queen Mary and Westfield College de l\u2019universit\u00e9 de Londres. \u00c0 l\u2019\u00e9poque, ce scientifique sp\u00e9cialis\u00e9 dans la biologie marine avait \u00e9t\u00e9 missionn\u00e9 par Greenpeace pour effectuer des recherches sur la pollution des eaux du littoral britannique. La&nbsp;<strong>n\u00e9cessit\u00e9 de disposer d\u2019un laboratoire pour analyser les \u00e9chantillons<\/strong>&nbsp;pr\u00e9lev\u00e9s lui a donn\u00e9 l\u2019id\u00e9e d\u2019installer une structure d\u00e9di\u00e9e au sein de son universit\u00e9.<\/p>\n\n<p>L\u2019appui scientifique devenant au fil des ans de plus en plus&nbsp;indispensable au travail de Greenpeace de protection de l\u2019environnement, le laboratoire a \u00e9t\u00e9 transf\u00e9r\u00e9 en 1992 dans les locaux plus spacieux et mieux \u00e9quip\u00e9s de l\u2019universit\u00e9 d\u2019Exeter. Depuis, le laboratoire, toujours dirig\u00e9 par Paul Johnston, n\u2019a eu de cesse d\u2019<strong>enrichir le travail de tous les bureaux de Greenpeace<\/strong>&nbsp;dans le monde, de&nbsp;<strong>renforcer la l\u00e9gitimit\u00e9<\/strong>&nbsp;de l\u2019association et de&nbsp;<strong>guider ses prises de position, ses revendications et ses actions<\/strong>.<\/p>\n\n<h3 class=\"wp-block-heading\" id=\"h-des-missions-scientifiques-tres-variees\">Des missions scientifiques tr\u00e8s vari\u00e9es<\/h3>\n\n<figure class=\"wp-block-image size-full\"><img loading=\"lazy\" decoding=\"async\" width=\"780\" height=\"520\" src=\"https:\/\/www.greenpeace.org\/static\/planet4-luxembourg-stateless\/2026\/04\/958af301-image.png\" alt=\"La scientifique Melissa Wang analyse la pr\u00e9sence de produits chimiques dangereux dans des \u00e9chantillons d\u2019eau au sein du laboratoire de recherche de Greenpeace. Octobre 2012, \u00a9 Alex Stoneman \/ Greenpeace\" class=\"wp-image-27786\" srcset=\"https:\/\/www.greenpeace.org\/static\/planet4-luxembourg-stateless\/2026\/04\/958af301-image.png 780w, https:\/\/www.greenpeace.org\/static\/planet4-luxembourg-stateless\/2026\/04\/958af301-image-300x200.png 300w, https:\/\/www.greenpeace.org\/static\/planet4-luxembourg-stateless\/2026\/04\/958af301-image-768x512.png 768w, https:\/\/www.greenpeace.org\/static\/planet4-luxembourg-stateless\/2026\/04\/958af301-image-510x340.png 510w\" sizes=\"auto, (max-width: 780px) 100vw, 780px\" \/><figcaption class=\"wp-element-caption\">La scientifique Melissa Wang analyse la pr\u00e9sence de produits chimiques dangereux dans des \u00e9chantillons d\u2019eau au sein du laboratoire de recherche de Greenpeace. Octobre 2012, \u00a9 Alex Stoneman \/ Greenpeace<\/figcaption><\/figure>\n\n<p>Des missions tr\u00e8s vari\u00e9es sont confi\u00e9es \u00e0 l\u2019unit\u00e9 scientifique :&nbsp;<strong>pr\u00e9l\u00e8vement<\/strong>&nbsp;d\u2019\u00e9chantillons sur le terrain,&nbsp;<strong>analyse<\/strong>&nbsp;en laboratoire, formulation de&nbsp;<strong>recommandations<\/strong>&nbsp;\u00e0 l\u2019attention des responsables politiques, suivi des progr\u00e8s scientifiques, contributions \u00e0 des revues sp\u00e9cialis\u00e9es,&nbsp;<strong>repr\u00e9sentation<\/strong>&nbsp;de Greenpeace aupr\u00e8s d\u2019instances internationales comme la Convention cadre des Nations unies sur les changements climatiques (CCNUCC), le Groupe d\u2019experts intergouvernemental sur l\u2019\u00e9volution du climat (GIEC) ou encore la Convention pour la protection du milieu marin de l\u2019Atlantique du Nord-Est (OSPAR).<\/p>\n\n<h3 class=\"wp-block-heading\" id=\"h-une-equipe-scientifique-internationale\">Une \u00e9quipe scientifique internationale<\/h3>\n\n<p>Huit scientifiques, hommes et femmes, de nationalit\u00e9 britannique, hongroise, espagnole et chinoise, constituent l\u2019\u00e9quipe actuelle du laboratoire. Leurs travaux portent sur des sujets tr\u00e8s divers (cons\u00e9quences de l\u2019exploitation mini\u00e8re sur les fonds marins, pollution des oc\u00e9ans par les microplastiques, analyse des produits chimiques dangereux utilis\u00e9s par l\u2019industrie textile\u2026).<\/p>\n\n<p>Le travail de l\u2019unit\u00e9 scientifique est \u00e0 la base de nombre de rapports que nous publions, par exemple sur la&nbsp;contamination des vergers par les pesticides,, les&nbsp;impacts de ces derniers sur notre sant\u00e9, le&nbsp;d\u00e9clin des abeilles, la pollution des&nbsp;cours d\u2019eau&nbsp;par l\u2019industrie textile, les produits chimiques dangereux dans les&nbsp;v\u00eatements pour enfants, les cons\u00e9quences sanitaires et environnementales de la&nbsp;consommation de viande&nbsp;et de produits laitiers, pour n\u2019en citer que quelques-uns.<\/p>\n\n<p>Le laboratoire est \u00e9quip\u00e9 d\u2019<strong>instruments de pointe&nbsp;<\/strong>qui permettent, par exemple, de s\u00e9parer les composants d\u2019un \u00e9chantillon puis de d\u00e9tecter et de d\u00e9terminer les diff\u00e9rentes substances qu\u2019il contient, m\u00eame en tr\u00e8s petites quantit\u00e9s.<\/p>\n\n<h3 class=\"wp-block-heading\" id=\"h-des-travaux-de-recherche-axes-sur-les-solutions\">Des travaux de recherche ax\u00e9s sur les solutions<\/h3>\n\n<figure class=\"wp-block-image size-full\"><img loading=\"lazy\" decoding=\"async\" width=\"780\" height=\"518\" src=\"https:\/\/www.greenpeace.org\/static\/planet4-luxembourg-stateless\/2026\/04\/c6bd2b29-image.png\" alt=\"Reyes Tirado, de l\u2019unit\u00e9 scientifique de Greenpeace, pr\u00e9l\u00e8ve des \u00e9chantillons d\u2019eau dans un village de l\u2019\u00c9tat du Bihar, en Inde, pour tester la concentration en nitrates. Mars 2012, \u00a9 Swapan Nayak \/ Greenpeace\" class=\"wp-image-27788\" srcset=\"https:\/\/www.greenpeace.org\/static\/planet4-luxembourg-stateless\/2026\/04\/c6bd2b29-image.png 780w, https:\/\/www.greenpeace.org\/static\/planet4-luxembourg-stateless\/2026\/04\/c6bd2b29-image-300x199.png 300w, https:\/\/www.greenpeace.org\/static\/planet4-luxembourg-stateless\/2026\/04\/c6bd2b29-image-768x510.png 768w, https:\/\/www.greenpeace.org\/static\/planet4-luxembourg-stateless\/2026\/04\/c6bd2b29-image-510x340.png 510w\" sizes=\"auto, (max-width: 780px) 100vw, 780px\" \/><figcaption class=\"wp-element-caption\">Reyes Tirado, de l\u2019unit\u00e9 scientifique de Greenpeace, pr\u00e9l\u00e8ve des \u00e9chantillons d\u2019eau dans un village de l\u2019\u00c9tat du Bihar, en Inde, pour tester la concentration en nitrates. Mars 2012, \u00a9 Swapan Nayak \/ Greenpeace<\/figcaption><\/figure>\n\n<p>\u00c0 l\u2019heure des fake news, o\u00f9 de nombreuses informations fantaisistes circulent, le travail de l\u2019unit\u00e9 scientifique de Greenpeace appara\u00eet plus que jamais indispensable. Une partie de ce travail consiste \u00e0 rendre les rapports et enqu\u00eates accessibles au plus grand nombre, en traduisant en langage simple des notions qui peuvent para\u00eetre complexes. L\u2019objectif est que chacun puisse comprendre les m\u00e9canismes scientifiques des crises climatiques et de la biodiversit\u00e9, car cette compr\u00e9hension est essentielle pour permettre \u00e0 nos soci\u00e9t\u00e9s de d\u00e9cider d\u2019agir collectivement dans le bon sens.<\/p>\n\n<p><strong>En savoir plus<\/strong>&nbsp;: le&nbsp;<a href=\"https:\/\/www.greenpeace.to\/greenpeace\/\" target=\"_blank\" rel=\"noreferrer noopener\">site&nbsp;<\/a>du laboratoire de recherche de Greenpeace<\/p>\n\n<div class=\"wp-block-group is-vertical is-layout-flex wp-container-core-group-is-layout-8cf370e7 wp-block-group-is-layout-flex\">\n<figure class=\"wp-block-table\"><table class=\"has-fixed-layout\"><tbody><tr><td class=\"has-text-align-center\" data-align=\"center\">100% des dons viennent de la g\u00e9n\u00e9rosit\u00e9 de nos donateurs et donatrices. Si vous le souhaitez, vous pouvez soutenir nos projets scientifiques et les actions de Greenpeace.<br><a href=\"https:\/\/faire-un-don.greenpeace.lu\/fr\/cap-vers-lespoir\/?codespec=701bE00000cqocNQAQ\">Je fais un don <\/a><\/td><\/tr><\/tbody><\/table><\/figure>\n<\/div>\n","protected":false},"excerpt":{"rendered":"<p>Saviez-vous que Greenpeace poss\u00e8de son propre laboratoire de recherche\u00a0? Partons \u00e0 la d\u00e9couverte de notre \u00ab\u00a0unit\u00e9 scientifique\u00a0\u00bb, acteur m\u00e9connu mais pourtant indispensable \u00e0 la r\u00e9alisation de nos campagnes et de&hellip;<\/p>\n","protected":false},"author":25,"featured_media":27784,"comment_status":"closed","ping_status":"closed","sticky":false,"template":"","format":"standard","meta":{"ep_exclude_from_search":false,"p4_og_title":"","p4_og_description":"","p4_og_image":"","p4_og_image_id":"","p4_seo_canonical_url":"","p4_campaign_name":"","p4_local_project":"","p4_basket_name":"","p4_department":"","footnotes":""},"categories":[17],"tags":[33],"p4-page-type":[85],"class_list":["post-27783","post","type-post","status-publish","format-standard","has-post-thumbnail","hentry","category-greenpeace","tag-greenpeace-fr","p4-page-type-actualites"],"yoast_head":"<!-- This site is optimized with the Yoast SEO Premium plugin v23.9 (Yoast SEO v23.9) - https:\/\/yoast.com\/wordpress\/plugins\/seo\/ -->\n<title>Le laboratoire de recherche Greenpeace<\/title>\n<meta name=\"description\" content=\"Depuis 1986, le laboratoire de recherche de Greenpeace analyse pollution, pesticides et micro-plastiques. D\u00e9couvrez l&#039;unit\u00e9 scientifique.\" \/>\n<meta name=\"robots\" content=\"index, follow, max-snippet:-1, max-image-preview:large, max-video-preview:-1\" \/>\n<link rel=\"canonical\" href=\"https:\/\/www.greenpeace.org\/luxembourg\/fr\/actualites\/27783\/la-science-au-coeur-de-greenpeace\/\" \/>\n<meta property=\"og:locale\" content=\"fr_FR\" \/>\n<meta property=\"og:type\" content=\"article\" \/>\n<meta property=\"og:title\" content=\"La science au c\u0153ur de Greenpeace\" \/>\n<meta property=\"og:description\" content=\"Depuis 1986, le laboratoire de recherche de Greenpeace analyse pollution, pesticides et micro-plastiques. D\u00e9couvrez l&#039;unit\u00e9 scientifique.\" \/>\n<meta property=\"og:url\" content=\"https:\/\/www.greenpeace.org\/luxembourg\/fr\/actualites\/27783\/la-science-au-coeur-de-greenpeace\/\" \/>\n<meta property=\"og:site_name\" content=\"Greenpeace Luxembourg\" \/>\n<meta property=\"article:publisher\" content=\"https:\/\/www.facebook.com\/greenpeaceluxembourg\" \/>\n<meta property=\"article:published_time\" content=\"2026-04-02T13:24:56+00:00\" \/>\n<meta property=\"article:modified_time\" content=\"2026-04-03T12:31:36+00:00\" \/>\n<meta property=\"og:image\" content=\"https:\/\/www.greenpeace.org\/static\/planet4-luxembourg-stateless\/2026\/04\/3ae59e61-image.png\" \/>\n\t<meta property=\"og:image:width\" content=\"780\" \/>\n\t<meta property=\"og:image:height\" content=\"520\" \/>\n\t<meta property=\"og:image:type\" content=\"image\/png\" \/>\n<meta name=\"author\" content=\"Esther Wildanger\" \/>\n<meta name=\"twitter:card\" content=\"summary_large_image\" \/>\n<meta name=\"twitter:label1\" content=\"Written by\" \/>\n\t<meta name=\"twitter:data1\" content=\"Esther Wildanger\" \/>\n\t<meta name=\"twitter:label2\" content=\"Est. reading time\" \/>\n\t<meta name=\"twitter:data2\" content=\"5 minutes\" \/>\n<script type=\"application\/ld+json\" class=\"yoast-schema-graph\">{\"@context\":\"https:\/\/schema.org\",\"@graph\":[{\"@type\":\"Article\",\"@id\":\"https:\/\/www.greenpeace.org\/luxembourg\/fr\/actualites\/27783\/la-science-au-coeur-de-greenpeace\/#article\",\"isPartOf\":{\"@id\":\"https:\/\/www.greenpeace.org\/luxembourg\/fr\/actualites\/27783\/la-science-au-coeur-de-greenpeace\/\"},\"author\":{\"name\":\"Esther Wildanger\",\"@id\":\"https:\/\/www.greenpeace.org\/luxembourg\/fr\/#\/schema\/person\/3d0e81a859b59009fec36a8552ef76a7\"},\"headline\":\"La science au c\u0153ur de Greenpeace\",\"datePublished\":\"2026-04-02T13:24:56+00:00\",\"dateModified\":\"2026-04-03T12:31:36+00:00\",\"mainEntityOfPage\":{\"@id\":\"https:\/\/www.greenpeace.org\/luxembourg\/fr\/actualites\/27783\/la-science-au-coeur-de-greenpeace\/\"},\"wordCount\":771,\"publisher\":{\"@id\":\"https:\/\/www.greenpeace.org\/luxembourg\/fr\/#organization\"},\"image\":{\"@id\":\"https:\/\/www.greenpeace.org\/luxembourg\/fr\/actualites\/27783\/la-science-au-coeur-de-greenpeace\/#primaryimage\"},\"thumbnailUrl\":\"https:\/\/www.greenpeace.org\/static\/planet4-luxembourg-stateless\/2026\/04\/3ae59e61-image.png\",\"keywords\":[\"Greenpeace\"],\"articleSection\":[\"Greenpeace\"],\"inLanguage\":\"fr-LU\"},{\"@type\":\"WebPage\",\"@id\":\"https:\/\/www.greenpeace.org\/luxembourg\/fr\/actualites\/27783\/la-science-au-coeur-de-greenpeace\/\",\"url\":\"https:\/\/www.greenpeace.org\/luxembourg\/fr\/actualites\/27783\/la-science-au-coeur-de-greenpeace\/\",\"name\":\"Le laboratoire de recherche Greenpeace\",\"isPartOf\":{\"@id\":\"https:\/\/www.greenpeace.org\/luxembourg\/fr\/#website\"},\"primaryImageOfPage\":{\"@id\":\"https:\/\/www.greenpeace.org\/luxembourg\/fr\/actualites\/27783\/la-science-au-coeur-de-greenpeace\/#primaryimage\"},\"image\":{\"@id\":\"https:\/\/www.greenpeace.org\/luxembourg\/fr\/actualites\/27783\/la-science-au-coeur-de-greenpeace\/#primaryimage\"},\"thumbnailUrl\":\"https:\/\/www.greenpeace.org\/static\/planet4-luxembourg-stateless\/2026\/04\/3ae59e61-image.png\",\"datePublished\":\"2026-04-02T13:24:56+00:00\",\"dateModified\":\"2026-04-03T12:31:36+00:00\",\"description\":\"Depuis 1986, le laboratoire de recherche de Greenpeace analyse pollution, pesticides et micro-plastiques. D\u00e9couvrez l'unit\u00e9 scientifique.\",\"breadcrumb\":{\"@id\":\"https:\/\/www.greenpeace.org\/luxembourg\/fr\/actualites\/27783\/la-science-au-coeur-de-greenpeace\/#breadcrumb\"},\"inLanguage\":\"fr-LU\",\"potentialAction\":[{\"@type\":\"ReadAction\",\"target\":[\"https:\/\/www.greenpeace.org\/luxembourg\/fr\/actualites\/27783\/la-science-au-coeur-de-greenpeace\/\"]}]},{\"@type\":\"ImageObject\",\"inLanguage\":\"fr-LU\",\"@id\":\"https:\/\/www.greenpeace.org\/luxembourg\/fr\/actualites\/27783\/la-science-au-coeur-de-greenpeace\/#primaryimage\",\"url\":\"https:\/\/www.greenpeace.org\/static\/planet4-luxembourg-stateless\/2026\/04\/3ae59e61-image.png\",\"contentUrl\":\"https:\/\/www.greenpeace.org\/static\/planet4-luxembourg-stateless\/2026\/04\/3ae59e61-image.png\",\"width\":780,\"height\":520},{\"@type\":\"BreadcrumbList\",\"@id\":\"https:\/\/www.greenpeace.org\/luxembourg\/fr\/actualites\/27783\/la-science-au-coeur-de-greenpeace\/#breadcrumb\",\"itemListElement\":[{\"@type\":\"ListItem\",\"position\":1,\"name\":\"Home\",\"item\":\"https:\/\/www.greenpeace.org\/luxembourg\/fr\/\"},{\"@type\":\"ListItem\",\"position\":2,\"name\":\"La science au c\u0153ur de Greenpeace\"}]},{\"@type\":\"WebSite\",\"@id\":\"https:\/\/www.greenpeace.org\/luxembourg\/fr\/#website\",\"url\":\"https:\/\/www.greenpeace.org\/luxembourg\/fr\/\",\"name\":\"Greenpeace Luxembourg\",\"description\":\"Greenpeace existe parce que cette Terre fragile a besoin d&#039;une voix. Elle a besoin de solutions. De changement. D&#039;actions.\",\"publisher\":{\"@id\":\"https:\/\/www.greenpeace.org\/luxembourg\/fr\/#organization\"},\"potentialAction\":[{\"@type\":\"SearchAction\",\"target\":{\"@type\":\"EntryPoint\",\"urlTemplate\":\"https:\/\/www.greenpeace.org\/luxembourg\/fr\/?s={search_term_string}\"},\"query-input\":{\"@type\":\"PropertyValueSpecification\",\"valueRequired\":true,\"valueName\":\"search_term_string\"}}],\"inLanguage\":\"fr-LU\"},{\"@type\":\"Organization\",\"@id\":\"https:\/\/www.greenpeace.org\/luxembourg\/fr\/#organization\",\"name\":\"Greenpeace Luxembourg\",\"url\":\"https:\/\/www.greenpeace.org\/luxembourg\/fr\/\",\"logo\":{\"@type\":\"ImageObject\",\"inLanguage\":\"fr-LU\",\"@id\":\"https:\/\/www.greenpeace.org\/luxembourg\/fr\/#\/schema\/logo\/image\/\",\"url\":\"https:\/\/www.greenpeace.org\/static\/planet4-luxembourg-stateless\/2026\/03\/3e367f94-greenpeace_logo_green_rgb.png\",\"contentUrl\":\"https:\/\/www.greenpeace.org\/static\/planet4-luxembourg-stateless\/2026\/03\/3e367f94-greenpeace_logo_green_rgb.png\",\"width\":1080,\"height\":175,\"caption\":\"Greenpeace Luxembourg\"},\"image\":{\"@id\":\"https:\/\/www.greenpeace.org\/luxembourg\/fr\/#\/schema\/logo\/image\/\"},\"sameAs\":[\"https:\/\/www.facebook.com\/greenpeaceluxembourg\",\"https:\/\/www.instagram.com\/greenpeacelux\/\",\"https:\/\/www.linkedin.com\/company\/greenpeace-luxembourg\/\",\"https:\/\/www.threads.com\/@greenpeacelux\",\"https:\/\/bsky.app\/profile\/greenpeacelux.bsky.social\",\"https:\/\/www.youtube.com\/@GreenpeaceLux\",\"https:\/\/www.tiktok.com\/@greenpeace_lux\"]},{\"@type\":\"Person\",\"@id\":\"https:\/\/www.greenpeace.org\/luxembourg\/fr\/#\/schema\/person\/3d0e81a859b59009fec36a8552ef76a7\",\"name\":\"Esther Wildanger\",\"url\":\"https:\/\/www.greenpeace.org\/luxembourg\/fr\/author\/ewildang\/\"}]}<\/script>\n<!-- \/ Yoast SEO Premium plugin. -->","yoast_head_json":{"title":"Le laboratoire de recherche Greenpeace","description":"Depuis 1986, le laboratoire de recherche de Greenpeace analyse pollution, pesticides et micro-plastiques. D\u00e9couvrez l'unit\u00e9 scientifique.","robots":{"index":"index","follow":"follow","max-snippet":"max-snippet:-1","max-image-preview":"max-image-preview:large","max-video-preview":"max-video-preview:-1"},"canonical":"https:\/\/www.greenpeace.org\/luxembourg\/fr\/actualites\/27783\/la-science-au-coeur-de-greenpeace\/","og_locale":"fr_FR","og_type":"article","og_title":"La science au c\u0153ur de Greenpeace","og_description":"Depuis 1986, le laboratoire de recherche de Greenpeace analyse pollution, pesticides et micro-plastiques. D\u00e9couvrez l'unit\u00e9 scientifique.","og_url":"https:\/\/www.greenpeace.org\/luxembourg\/fr\/actualites\/27783\/la-science-au-coeur-de-greenpeace\/","og_site_name":"Greenpeace Luxembourg","article_publisher":"https:\/\/www.facebook.com\/greenpeaceluxembourg","article_published_time":"2026-04-02T13:24:56+00:00","article_modified_time":"2026-04-03T12:31:36+00:00","og_image":[{"width":780,"height":520,"url":"https:\/\/www.greenpeace.org\/static\/planet4-luxembourg-stateless\/2026\/04\/3ae59e61-image.png","type":"image\/png"}],"author":"Esther Wildanger","twitter_card":"summary_large_image","twitter_misc":{"Written by":"Esther Wildanger","Est. reading time":"5 minutes"},"schema":{"@context":"https:\/\/schema.org","@graph":[{"@type":"Article","@id":"https:\/\/www.greenpeace.org\/luxembourg\/fr\/actualites\/27783\/la-science-au-coeur-de-greenpeace\/#article","isPartOf":{"@id":"https:\/\/www.greenpeace.org\/luxembourg\/fr\/actualites\/27783\/la-science-au-coeur-de-greenpeace\/"},"author":{"name":"Esther Wildanger","@id":"https:\/\/www.greenpeace.org\/luxembourg\/fr\/#\/schema\/person\/3d0e81a859b59009fec36a8552ef76a7"},"headline":"La science au c\u0153ur de Greenpeace","datePublished":"2026-04-02T13:24:56+00:00","dateModified":"2026-04-03T12:31:36+00:00","mainEntityOfPage":{"@id":"https:\/\/www.greenpeace.org\/luxembourg\/fr\/actualites\/27783\/la-science-au-coeur-de-greenpeace\/"},"wordCount":771,"publisher":{"@id":"https:\/\/www.greenpeace.org\/luxembourg\/fr\/#organization"},"image":{"@id":"https:\/\/www.greenpeace.org\/luxembourg\/fr\/actualites\/27783\/la-science-au-coeur-de-greenpeace\/#primaryimage"},"thumbnailUrl":"https:\/\/www.greenpeace.org\/static\/planet4-luxembourg-stateless\/2026\/04\/3ae59e61-image.png","keywords":["Greenpeace"],"articleSection":["Greenpeace"],"inLanguage":"fr-LU"},{"@type":"WebPage","@id":"https:\/\/www.greenpeace.org\/luxembourg\/fr\/actualites\/27783\/la-science-au-coeur-de-greenpeace\/","url":"https:\/\/www.greenpeace.org\/luxembourg\/fr\/actualites\/27783\/la-science-au-coeur-de-greenpeace\/","name":"Le laboratoire de recherche Greenpeace","isPartOf":{"@id":"https:\/\/www.greenpeace.org\/luxembourg\/fr\/#website"},"primaryImageOfPage":{"@id":"https:\/\/www.greenpeace.org\/luxembourg\/fr\/actualites\/27783\/la-science-au-coeur-de-greenpeace\/#primaryimage"},"image":{"@id":"https:\/\/www.greenpeace.org\/luxembourg\/fr\/actualites\/27783\/la-science-au-coeur-de-greenpeace\/#primaryimage"},"thumbnailUrl":"https:\/\/www.greenpeace.org\/static\/planet4-luxembourg-stateless\/2026\/04\/3ae59e61-image.png","datePublished":"2026-04-02T13:24:56+00:00","dateModified":"2026-04-03T12:31:36+00:00","description":"Depuis 1986, le laboratoire de recherche de Greenpeace analyse pollution, pesticides et micro-plastiques. D\u00e9couvrez l'unit\u00e9 scientifique.","breadcrumb":{"@id":"https:\/\/www.greenpeace.org\/luxembourg\/fr\/actualites\/27783\/la-science-au-coeur-de-greenpeace\/#breadcrumb"},"inLanguage":"fr-LU","potentialAction":[{"@type":"ReadAction","target":["https:\/\/www.greenpeace.org\/luxembourg\/fr\/actualites\/27783\/la-science-au-coeur-de-greenpeace\/"]}]},{"@type":"ImageObject","inLanguage":"fr-LU","@id":"https:\/\/www.greenpeace.org\/luxembourg\/fr\/actualites\/27783\/la-science-au-coeur-de-greenpeace\/#primaryimage","url":"https:\/\/www.greenpeace.org\/static\/planet4-luxembourg-stateless\/2026\/04\/3ae59e61-image.png","contentUrl":"https:\/\/www.greenpeace.org\/static\/planet4-luxembourg-stateless\/2026\/04\/3ae59e61-image.png","width":780,"height":520},{"@type":"BreadcrumbList","@id":"https:\/\/www.greenpeace.org\/luxembourg\/fr\/actualites\/27783\/la-science-au-coeur-de-greenpeace\/#breadcrumb","itemListElement":[{"@type":"ListItem","position":1,"name":"Home","item":"https:\/\/www.greenpeace.org\/luxembourg\/fr\/"},{"@type":"ListItem","position":2,"name":"La science au c\u0153ur de Greenpeace"}]},{"@type":"WebSite","@id":"https:\/\/www.greenpeace.org\/luxembourg\/fr\/#website","url":"https:\/\/www.greenpeace.org\/luxembourg\/fr\/","name":"Greenpeace Luxembourg","description":"Greenpeace existe parce que cette Terre fragile a besoin d&#039;une voix. Elle a besoin de solutions. De changement. D&#039;actions.","publisher":{"@id":"https:\/\/www.greenpeace.org\/luxembourg\/fr\/#organization"},"potentialAction":[{"@type":"SearchAction","target":{"@type":"EntryPoint","urlTemplate":"https:\/\/www.greenpeace.org\/luxembourg\/fr\/?s={search_term_string}"},"query-input":{"@type":"PropertyValueSpecification","valueRequired":true,"valueName":"search_term_string"}}],"inLanguage":"fr-LU"},{"@type":"Organization","@id":"https:\/\/www.greenpeace.org\/luxembourg\/fr\/#organization","name":"Greenpeace Luxembourg","url":"https:\/\/www.greenpeace.org\/luxembourg\/fr\/","logo":{"@type":"ImageObject","inLanguage":"fr-LU","@id":"https:\/\/www.greenpeace.org\/luxembourg\/fr\/#\/schema\/logo\/image\/","url":"https:\/\/www.greenpeace.org\/static\/planet4-luxembourg-stateless\/2026\/03\/3e367f94-greenpeace_logo_green_rgb.png","contentUrl":"https:\/\/www.greenpeace.org\/static\/planet4-luxembourg-stateless\/2026\/03\/3e367f94-greenpeace_logo_green_rgb.png","width":1080,"height":175,"caption":"Greenpeace Luxembourg"},"image":{"@id":"https:\/\/www.greenpeace.org\/luxembourg\/fr\/#\/schema\/logo\/image\/"},"sameAs":["https:\/\/www.facebook.com\/greenpeaceluxembourg","https:\/\/www.instagram.com\/greenpeacelux\/","https:\/\/www.linkedin.com\/company\/greenpeace-luxembourg\/","https:\/\/www.threads.com\/@greenpeacelux","https:\/\/bsky.app\/profile\/greenpeacelux.bsky.social","https:\/\/www.youtube.com\/@GreenpeaceLux","https:\/\/www.tiktok.com\/@greenpeace_lux"]},{"@type":"Person","@id":"https:\/\/www.greenpeace.org\/luxembourg\/fr\/#\/schema\/person\/3d0e81a859b59009fec36a8552ef76a7","name":"Esther Wildanger","url":"https:\/\/www.greenpeace.org\/luxembourg\/fr\/author\/ewildang\/"}]}},"_links":{"self":[{"href":"https:\/\/www.greenpeace.org\/luxembourg\/fr\/wp-json\/wp\/v2\/posts\/27783","targetHints":{"allow":["GET"]}}],"collection":[{"href":"https:\/\/www.greenpeace.org\/luxembourg\/fr\/wp-json\/wp\/v2\/posts"}],"about":[{"href":"https:\/\/www.greenpeace.org\/luxembourg\/fr\/wp-json\/wp\/v2\/types\/post"}],"author":[{"embeddable":true,"href":"https:\/\/www.greenpeace.org\/luxembourg\/fr\/wp-json\/wp\/v2\/users\/25"}],"replies":[{"embeddable":true,"href":"https:\/\/www.greenpeace.org\/luxembourg\/fr\/wp-json\/wp\/v2\/comments?post=27783"}],"version-history":[{"count":5,"href":"https:\/\/www.greenpeace.org\/luxembourg\/fr\/wp-json\/wp\/v2\/posts\/27783\/revisions"}],"predecessor-version":[{"id":27798,"href":"https:\/\/www.greenpeace.org\/luxembourg\/fr\/wp-json\/wp\/v2\/posts\/27783\/revisions\/27798"}],"wp:featuredmedia":[{"embeddable":true,"href":"https:\/\/www.greenpeace.org\/luxembourg\/fr\/wp-json\/wp\/v2\/media\/27784"}],"wp:attachment":[{"href":"https:\/\/www.greenpeace.org\/luxembourg\/fr\/wp-json\/wp\/v2\/media?parent=27783"}],"wp:term":[{"taxonomy":"category","embeddable":true,"href":"https:\/\/www.greenpeace.org\/luxembourg\/fr\/wp-json\/wp\/v2\/categories?post=27783"},{"taxonomy":"post_tag","embeddable":true,"href":"https:\/\/www.greenpeace.org\/luxembourg\/fr\/wp-json\/wp\/v2\/tags?post=27783"},{"taxonomy":"p4-page-type","embeddable":true,"href":"https:\/\/www.greenpeace.org\/luxembourg\/fr\/wp-json\/wp\/v2\/p4-page-type?post=27783"}],"curies":[{"name":"wp","href":"https:\/\/api.w.org\/{rel}","templated":true}]}}