{"id":28321,"date":"2026-04-30T11:09:56","date_gmt":"2026-04-30T09:09:56","guid":{"rendered":"https:\/\/www.greenpeace.org\/luxembourg\/?p=28321"},"modified":"2026-04-30T11:10:00","modified_gmt":"2026-04-30T09:10:00","slug":"accord-ue-mercosur-greenpeace-met-en-garde-contre-les-consequences-de-lapplication-provisoire","status":"publish","type":"post","link":"https:\/\/www.greenpeace.org\/luxembourg\/fr\/communiques-de-presse\/28321\/accord-ue-mercosur-greenpeace-met-en-garde-contre-les-consequences-de-lapplication-provisoire\/","title":{"rendered":"Accord UE-Mercosur : Greenpeace met en garde contre les cons\u00e9quences de l\u2019application provisoire"},"content":{"rendered":"\n<p><em>Luxembourg<\/em>, le 30 avril 2026 \u2013 <strong>Ce vendredi 1er mai, l&#8217;accord commercial entre l&#8217;Union europ\u00e9enne et les pays du Mercosur entre provisoirement en vigueur, malgr\u00e9 une opposition persistante de la soci\u00e9t\u00e9 civile, des organisations environnementales et de d\u00e9fense des droits humains, des syndicats, des peuples autochtones et d&#8217;une large partie du Parlement europ\u00e9en. Cette application provisoire, impos\u00e9e par la Commission europ\u00e9enne sans attendre l&#8217;avis de la Cour de Justice de l&#8217;Union europ\u00e9enne, constitue selon Greenpeace un d\u00e9ni d\u00e9mocratique sans pr\u00e9c\u00e9dent.<\/strong><\/p>\n\n<p><em>\u00ab \u00c0 partir de ce jour, les ravages caus\u00e9s par le trait\u00e9 ne feront que s&#8217;intensifier. Des for\u00eats continueront d\u2019\u00eatre abattues pour produire du soja et de la viande destin\u00e9s au march\u00e9 europ\u00e9en, aggravant encore la crise climatique. Des communaut\u00e9s autochtones verront leurs droits bafou\u00e9s et leurs territoires menac\u00e9s. Des petit\u00b7es producteur\u00b7rices, en Europe comme en Am\u00e9rique latine, subiront de plein fouet la concurrence d\u2019une agriculture intensive recourant massivement aux pesticides toxiques. Les d\u00e9g\u00e2ts hanteront notre sant\u00e9 et nos \u00e9cosyst\u00e8mes pendant des d\u00e9cennies, <\/em><strong>avertit Gauthier Hansel, charg\u00e9 de campagne \u00e0 Greenpeace Luxembourg.<\/strong><em>Ce qui ne suivra pas, en revanche, c&#8217;est le moindre b\u00e9n\u00e9fice tangible pour la majorit\u00e9 des citoyens et citoyennes. Seule une poign\u00e9e de multinationales de l&#8217;agrochimie et de l&#8217;agro-industrie, <\/em><a href=\"https:\/\/www.greenpeace.org\/luxembourg\/fr\/communiques-de-presse\/24585\/accord-ue-mercosur-des-milliards-de-benefices-pour-la-multinationale-jbs\/\"><em>telles que JBS<\/em><\/a><em>, sortiront grandes gagnantes. \u00bb<\/em><\/p>\n\n<p>D\u2019autant plus, cette application provisoire se fait dans un contexte particuli\u00e8rement alarmant. En janvier, l&#8217;association br\u00e9silienne des industries d&#8217;huiles v\u00e9g\u00e9tales (ABIOVE) a annonc\u00e9 son retrait du <a href=\"https:\/\/www.greenpeace.org\/luxembourg\/fr\/actualites\/26945\/le-moratoire-sur-le-soja-en-amazonie-doit-etre-defendu\/\">moratoire sur le soja en Amazonie<\/a>, consid\u00e9r\u00e9 comme l&#8217;un des outils anti-d\u00e9forestation les plus efficaces au monde. Dans le m\u00eame temps, le r\u00e8glement europ\u00e9en contre la d\u00e9forestation (EUDR), cens\u00e9 garantir que les produits consomm\u00e9s en Europe ne contribuent pas \u00e0 la destruction des for\u00eats, a \u00e9t\u00e9 report\u00e9 d&#8217;une ann\u00e9e suppl\u00e9mentaire et fait d\u00e9sormais l&#8217;objet d&#8217;une r\u00e9vision qui pourrait affaiblir encore davantage le texte.<em>&nbsp;<\/em><\/p>\n\n<p><em>\u00ab Les garde-fous s&#8217;effondrent les uns apr\u00e8s les autres, au moment pr\u00e9cis o\u00f9 l\u2019accord UE-Mercosur ouvre grand les portes du march\u00e9 europ\u00e9en<\/em>, <strong>poursuit Gauthier Hansel<\/strong>. <em>Le gouvernement luxembourgeois a pourtant fait son choix : soutenir le trait\u00e9 jusqu&#8217;au bout, <\/em><a href=\"https:\/\/www.chd.lu\/fr\/question\/30170\"><em>en cautionnant<\/em><\/a><em> son application provisoire impos\u00e9e sans l&#8217;aval du Parlement europ\u00e9en ni l&#8217;avis de la Cour de Justice. Cette attitude t\u00e9moigne d\u2019un m\u00e9pris \u00e0 l\u2019\u00e9gard des principes d\u00e9mocratiques et des alertes r\u00e9p\u00e9t\u00e9es de la soci\u00e9t\u00e9 civile luxembourgeoise. \u00bb<\/em><\/p>\n\n<p>L&#8217;application provisoire ne constitue cependant qu&#8217;une \u00e9tape. L&#8217;accord doit encore \u00eatre vot\u00e9 par le Parlement europ\u00e9en, o\u00f9 l&#8217;opposition reste forte, et la Cour de Justice de l&#8217;Union europ\u00e9enne doit toujours se prononcer sur sa compatibilit\u00e9 avec les trait\u00e9s europ\u00e9ens. Greenpeace continuera \u00e0 documenter les effets n\u00e9fastes de cet accord et \u00e0 se mobiliser, aux c\u00f4t\u00e9s de centaines d&#8217;organisations \u00e0 travers l&#8217;Europe et l&#8217;Am\u00e9rique latine, pour que ce trait\u00e9 destructeur ne franchisse jamais l&#8217;\u00e9tape de la ratification d\u00e9finitive.<\/p>\n","protected":false},"excerpt":{"rendered":"<p>Ce vendredi 1er mai, l\u2019accord commercial entre l\u2019Union europ\u00e9enne et les pays du Mercosur entre provisoirement en vigueur, malgr\u00e9 une opposition persistante de la\u2026<\/p>\n","protected":false},"author":25,"featured_media":28322,"comment_status":"closed","ping_status":"closed","sticky":false,"template":"","format":"standard","meta":{"ep_exclude_from_search":false,"p4_og_title":"","p4_og_description":"","p4_og_image":"","p4_og_image_id":"","p4_seo_canonical_url":"","p4_campaign_name":"","p4_local_project":"","p4_basket_name":"","p4_department":"","footnotes":""},"categories":[17,43],"tags":[39,100],"p4-page-type":[83],"class_list":["post-28321","post","type-post","status-publish","format-standard","has-post-thumbnail","hentry","category-greenpeace","category-nature","tag-agriculturedurable","tag-forets","p4-page-type-communiques-de-presse"],"yoast_head":"<!-- This site is optimized with the Yoast SEO Premium plugin v23.9 (Yoast SEO v23.9) - https:\/\/yoast.com\/wordpress\/plugins\/seo\/ -->\n<title>Accord UE-Mercosur : Greenpeace met en garde contre les cons\u00e9quences de l\u2019application provisoire - Greenpeace Luxembourg<\/title>\n<meta name=\"robots\" content=\"index, follow, max-snippet:-1, max-image-preview:large, max-video-preview:-1\" \/>\n<link rel=\"canonical\" href=\"https:\/\/www.greenpeace.org\/luxembourg\/fr\/communiques-de-presse\/28321\/accord-ue-mercosur-greenpeace-met-en-garde-contre-les-consequences-de-lapplication-provisoire\/\" \/>\n<meta property=\"og:locale\" content=\"fr_FR\" \/>\n<meta property=\"og:type\" content=\"article\" \/>\n<meta property=\"og:title\" content=\"Accord UE-Mercosur : Greenpeace met en garde contre les cons\u00e9quences de l\u2019application provisoire\" \/>\n<meta property=\"og:description\" content=\"Ce vendredi 1er mai, l\u2019accord commercial entre l\u2019Union europ\u00e9enne et les pays du Mercosur entre provisoirement en vigueur, malgr\u00e9 une opposition persistante de la\u2026\" \/>\n<meta property=\"og:url\" content=\"https:\/\/www.greenpeace.org\/luxembourg\/fr\/communiques-de-presse\/28321\/accord-ue-mercosur-greenpeace-met-en-garde-contre-les-consequences-de-lapplication-provisoire\/\" \/>\n<meta property=\"og:site_name\" content=\"Greenpeace Luxembourg\" \/>\n<meta property=\"article:publisher\" content=\"https:\/\/www.facebook.com\/greenpeaceluxembourg\" \/>\n<meta property=\"article:published_time\" content=\"2026-04-30T09:09:56+00:00\" \/>\n<meta property=\"article:modified_time\" content=\"2026-04-30T09:10:00+00:00\" \/>\n<meta property=\"og:image\" content=\"https:\/\/www.greenpeace.org\/static\/planet4-luxembourg-stateless\/2026\/04\/6fddc123-gp0stv4o6_medium-res-1200px.jpg\" \/>\n\t<meta property=\"og:image:width\" content=\"1200\" \/>\n\t<meta property=\"og:image:height\" content=\"800\" \/>\n\t<meta property=\"og:image:type\" content=\"image\/jpeg\" \/>\n<meta name=\"author\" content=\"Esther Wildanger\" \/>\n<meta name=\"twitter:card\" content=\"summary_large_image\" \/>\n<meta name=\"twitter:label1\" content=\"Written by\" \/>\n\t<meta name=\"twitter:data1\" content=\"Esther Wildanger\" \/>\n\t<meta name=\"twitter:label2\" content=\"Est. reading time\" \/>\n\t<meta name=\"twitter:data2\" content=\"3 minutes\" \/>\n<script type=\"application\/ld+json\" class=\"yoast-schema-graph\">{\"@context\":\"https:\/\/schema.org\",\"@graph\":[{\"@type\":\"Article\",\"@id\":\"https:\/\/www.greenpeace.org\/luxembourg\/fr\/communiques-de-presse\/28321\/accord-ue-mercosur-greenpeace-met-en-garde-contre-les-consequences-de-lapplication-provisoire\/#article\",\"isPartOf\":{\"@id\":\"https:\/\/www.greenpeace.org\/luxembourg\/fr\/communiques-de-presse\/28321\/accord-ue-mercosur-greenpeace-met-en-garde-contre-les-consequences-de-lapplication-provisoire\/\"},\"author\":{\"name\":\"Esther Wildanger\",\"@id\":\"https:\/\/www.greenpeace.org\/luxembourg\/fr\/#\/schema\/person\/3d0e81a859b59009fec36a8552ef76a7\"},\"headline\":\"Accord UE-Mercosur : Greenpeace met en garde contre les cons\u00e9quences de l\u2019application provisoire\",\"datePublished\":\"2026-04-30T09:09:56+00:00\",\"dateModified\":\"2026-04-30T09:10:00+00:00\",\"mainEntityOfPage\":{\"@id\":\"https:\/\/www.greenpeace.org\/luxembourg\/fr\/communiques-de-presse\/28321\/accord-ue-mercosur-greenpeace-met-en-garde-contre-les-consequences-de-lapplication-provisoire\/\"},\"wordCount\":550,\"publisher\":{\"@id\":\"https:\/\/www.greenpeace.org\/luxembourg\/fr\/#organization\"},\"image\":{\"@id\":\"https:\/\/www.greenpeace.org\/luxembourg\/fr\/communiques-de-presse\/28321\/accord-ue-mercosur-greenpeace-met-en-garde-contre-les-consequences-de-lapplication-provisoire\/#primaryimage\"},\"thumbnailUrl\":\"https:\/\/www.greenpeace.org\/static\/planet4-luxembourg-stateless\/2026\/04\/6fddc123-gp0stv4o6_medium-res-1200px.jpg\",\"keywords\":[\"AgricultureDurable\",\"For\u00eats\"],\"articleSection\":[\"Greenpeace\",\"Nature\"],\"inLanguage\":\"fr-LU\"},{\"@type\":\"WebPage\",\"@id\":\"https:\/\/www.greenpeace.org\/luxembourg\/fr\/communiques-de-presse\/28321\/accord-ue-mercosur-greenpeace-met-en-garde-contre-les-consequences-de-lapplication-provisoire\/\",\"url\":\"https:\/\/www.greenpeace.org\/luxembourg\/fr\/communiques-de-presse\/28321\/accord-ue-mercosur-greenpeace-met-en-garde-contre-les-consequences-de-lapplication-provisoire\/\",\"name\":\"Accord UE-Mercosur : Greenpeace met en garde contre les cons\u00e9quences de l\u2019application provisoire - Greenpeace Luxembourg\",\"isPartOf\":{\"@id\":\"https:\/\/www.greenpeace.org\/luxembourg\/fr\/#website\"},\"primaryImageOfPage\":{\"@id\":\"https:\/\/www.greenpeace.org\/luxembourg\/fr\/communiques-de-presse\/28321\/accord-ue-mercosur-greenpeace-met-en-garde-contre-les-consequences-de-lapplication-provisoire\/#primaryimage\"},\"image\":{\"@id\":\"https:\/\/www.greenpeace.org\/luxembourg\/fr\/communiques-de-presse\/28321\/accord-ue-mercosur-greenpeace-met-en-garde-contre-les-consequences-de-lapplication-provisoire\/#primaryimage\"},\"thumbnailUrl\":\"https:\/\/www.greenpeace.org\/static\/planet4-luxembourg-stateless\/2026\/04\/6fddc123-gp0stv4o6_medium-res-1200px.jpg\",\"datePublished\":\"2026-04-30T09:09:56+00:00\",\"dateModified\":\"2026-04-30T09:10:00+00:00\",\"breadcrumb\":{\"@id\":\"https:\/\/www.greenpeace.org\/luxembourg\/fr\/communiques-de-presse\/28321\/accord-ue-mercosur-greenpeace-met-en-garde-contre-les-consequences-de-lapplication-provisoire\/#breadcrumb\"},\"inLanguage\":\"fr-LU\",\"potentialAction\":[{\"@type\":\"ReadAction\",\"target\":[\"https:\/\/www.greenpeace.org\/luxembourg\/fr\/communiques-de-presse\/28321\/accord-ue-mercosur-greenpeace-met-en-garde-contre-les-consequences-de-lapplication-provisoire\/\"]}]},{\"@type\":\"ImageObject\",\"inLanguage\":\"fr-LU\",\"@id\":\"https:\/\/www.greenpeace.org\/luxembourg\/fr\/communiques-de-presse\/28321\/accord-ue-mercosur-greenpeace-met-en-garde-contre-les-consequences-de-lapplication-provisoire\/#primaryimage\",\"url\":\"https:\/\/www.greenpeace.org\/static\/planet4-luxembourg-stateless\/2026\/04\/6fddc123-gp0stv4o6_medium-res-1200px.jpg\",\"contentUrl\":\"https:\/\/www.greenpeace.org\/static\/planet4-luxembourg-stateless\/2026\/04\/6fddc123-gp0stv4o6_medium-res-1200px.jpg\",\"width\":1200,\"height\":800,\"caption\":\"Photo opportunity activity carried out by Greenpeace Austria in occasion of the \\\"Wintertagung 2023\\\" conference in Vienna. The EU-Mercosur trade pact is a threat to the Austrian agriculture. Mercosur trade agreement would cause influx of cheap meat and suga of lower standards than in the EU. Cheap meat comes from cattle fed with growth hormones and pletora of antibiotics which are both are banned in Europe for a good reason. Der EU-Mercosur Handelspakt ist eine Gefahr f\u00fcr die \u00f6sterreichische Landwirtschaft. Unsere B\u00e4uerinnen und Bauern m\u00fcssten dann mit noch mehr Fleisch und Zucker konkurrieren, welche mit viel niedrigeren Standards als in der EU produziert werden. Um billiges Fleisch nach Europa zu verkaufen, werden Rinder im Mercosur-Raum routinem\u00e4\u00dfig mit wachstumsf\u00f6rdernden Antibiotika gef\u00fcttert. Auch Futterzus\u00e4tze mit hormoneller Wirkung kommen zum Einsatz \u2013 beides ist in Europa mit gutem Grund verboten.\"},{\"@type\":\"BreadcrumbList\",\"@id\":\"https:\/\/www.greenpeace.org\/luxembourg\/fr\/communiques-de-presse\/28321\/accord-ue-mercosur-greenpeace-met-en-garde-contre-les-consequences-de-lapplication-provisoire\/#breadcrumb\",\"itemListElement\":[{\"@type\":\"ListItem\",\"position\":1,\"name\":\"Home\",\"item\":\"https:\/\/www.greenpeace.org\/luxembourg\/fr\/\"},{\"@type\":\"ListItem\",\"position\":2,\"name\":\"Accord UE-Mercosur : Greenpeace met en garde contre les cons\u00e9quences de l\u2019application provisoire\"}]},{\"@type\":\"WebSite\",\"@id\":\"https:\/\/www.greenpeace.org\/luxembourg\/fr\/#website\",\"url\":\"https:\/\/www.greenpeace.org\/luxembourg\/fr\/\",\"name\":\"Greenpeace Luxembourg\",\"description\":\"Greenpeace existe parce que cette Terre fragile a besoin d&#039;une voix. Elle a besoin de solutions. De changement. D&#039;actions.\",\"publisher\":{\"@id\":\"https:\/\/www.greenpeace.org\/luxembourg\/fr\/#organization\"},\"potentialAction\":[{\"@type\":\"SearchAction\",\"target\":{\"@type\":\"EntryPoint\",\"urlTemplate\":\"https:\/\/www.greenpeace.org\/luxembourg\/fr\/?s={search_term_string}\"},\"query-input\":{\"@type\":\"PropertyValueSpecification\",\"valueRequired\":true,\"valueName\":\"search_term_string\"}}],\"inLanguage\":\"fr-LU\"},{\"@type\":\"Organization\",\"@id\":\"https:\/\/www.greenpeace.org\/luxembourg\/fr\/#organization\",\"name\":\"Greenpeace Luxembourg\",\"url\":\"https:\/\/www.greenpeace.org\/luxembourg\/fr\/\",\"logo\":{\"@type\":\"ImageObject\",\"inLanguage\":\"fr-LU\",\"@id\":\"https:\/\/www.greenpeace.org\/luxembourg\/fr\/#\/schema\/logo\/image\/\",\"url\":\"https:\/\/www.greenpeace.org\/static\/planet4-luxembourg-stateless\/2026\/03\/3e367f94-greenpeace_logo_green_rgb.png\",\"contentUrl\":\"https:\/\/www.greenpeace.org\/static\/planet4-luxembourg-stateless\/2026\/03\/3e367f94-greenpeace_logo_green_rgb.png\",\"width\":1080,\"height\":175,\"caption\":\"Greenpeace Luxembourg\"},\"image\":{\"@id\":\"https:\/\/www.greenpeace.org\/luxembourg\/fr\/#\/schema\/logo\/image\/\"},\"sameAs\":[\"https:\/\/www.facebook.com\/greenpeaceluxembourg\",\"https:\/\/www.instagram.com\/greenpeacelux\/\",\"https:\/\/www.linkedin.com\/company\/greenpeace-luxembourg\/\",\"https:\/\/www.threads.com\/@greenpeacelux\",\"https:\/\/bsky.app\/profile\/greenpeacelux.bsky.social\",\"https:\/\/www.youtube.com\/@GreenpeaceLux\",\"https:\/\/www.tiktok.com\/@greenpeace_lux\"]},{\"@type\":\"Person\",\"@id\":\"https:\/\/www.greenpeace.org\/luxembourg\/fr\/#\/schema\/person\/3d0e81a859b59009fec36a8552ef76a7\",\"name\":\"Esther Wildanger\",\"url\":\"https:\/\/www.greenpeace.org\/luxembourg\/fr\/author\/ewildang\/\"}]}<\/script>\n<!-- \/ Yoast SEO Premium plugin. -->","yoast_head_json":{"title":"Accord UE-Mercosur : Greenpeace met en garde contre les cons\u00e9quences de l\u2019application provisoire - Greenpeace Luxembourg","robots":{"index":"index","follow":"follow","max-snippet":"max-snippet:-1","max-image-preview":"max-image-preview:large","max-video-preview":"max-video-preview:-1"},"canonical":"https:\/\/www.greenpeace.org\/luxembourg\/fr\/communiques-de-presse\/28321\/accord-ue-mercosur-greenpeace-met-en-garde-contre-les-consequences-de-lapplication-provisoire\/","og_locale":"fr_FR","og_type":"article","og_title":"Accord UE-Mercosur : Greenpeace met en garde contre les cons\u00e9quences de l\u2019application provisoire","og_description":"Ce vendredi 1er mai, l\u2019accord commercial entre l\u2019Union europ\u00e9enne et les pays du Mercosur entre provisoirement en vigueur, malgr\u00e9 une opposition persistante de la\u2026","og_url":"https:\/\/www.greenpeace.org\/luxembourg\/fr\/communiques-de-presse\/28321\/accord-ue-mercosur-greenpeace-met-en-garde-contre-les-consequences-de-lapplication-provisoire\/","og_site_name":"Greenpeace Luxembourg","article_publisher":"https:\/\/www.facebook.com\/greenpeaceluxembourg","article_published_time":"2026-04-30T09:09:56+00:00","article_modified_time":"2026-04-30T09:10:00+00:00","og_image":[{"width":1200,"height":800,"url":"https:\/\/www.greenpeace.org\/static\/planet4-luxembourg-stateless\/2026\/04\/6fddc123-gp0stv4o6_medium-res-1200px.jpg","type":"image\/jpeg"}],"author":"Esther Wildanger","twitter_card":"summary_large_image","twitter_misc":{"Written by":"Esther Wildanger","Est. reading time":"3 minutes"},"schema":{"@context":"https:\/\/schema.org","@graph":[{"@type":"Article","@id":"https:\/\/www.greenpeace.org\/luxembourg\/fr\/communiques-de-presse\/28321\/accord-ue-mercosur-greenpeace-met-en-garde-contre-les-consequences-de-lapplication-provisoire\/#article","isPartOf":{"@id":"https:\/\/www.greenpeace.org\/luxembourg\/fr\/communiques-de-presse\/28321\/accord-ue-mercosur-greenpeace-met-en-garde-contre-les-consequences-de-lapplication-provisoire\/"},"author":{"name":"Esther Wildanger","@id":"https:\/\/www.greenpeace.org\/luxembourg\/fr\/#\/schema\/person\/3d0e81a859b59009fec36a8552ef76a7"},"headline":"Accord UE-Mercosur : Greenpeace met en garde contre les cons\u00e9quences de l\u2019application provisoire","datePublished":"2026-04-30T09:09:56+00:00","dateModified":"2026-04-30T09:10:00+00:00","mainEntityOfPage":{"@id":"https:\/\/www.greenpeace.org\/luxembourg\/fr\/communiques-de-presse\/28321\/accord-ue-mercosur-greenpeace-met-en-garde-contre-les-consequences-de-lapplication-provisoire\/"},"wordCount":550,"publisher":{"@id":"https:\/\/www.greenpeace.org\/luxembourg\/fr\/#organization"},"image":{"@id":"https:\/\/www.greenpeace.org\/luxembourg\/fr\/communiques-de-presse\/28321\/accord-ue-mercosur-greenpeace-met-en-garde-contre-les-consequences-de-lapplication-provisoire\/#primaryimage"},"thumbnailUrl":"https:\/\/www.greenpeace.org\/static\/planet4-luxembourg-stateless\/2026\/04\/6fddc123-gp0stv4o6_medium-res-1200px.jpg","keywords":["AgricultureDurable","For\u00eats"],"articleSection":["Greenpeace","Nature"],"inLanguage":"fr-LU"},{"@type":"WebPage","@id":"https:\/\/www.greenpeace.org\/luxembourg\/fr\/communiques-de-presse\/28321\/accord-ue-mercosur-greenpeace-met-en-garde-contre-les-consequences-de-lapplication-provisoire\/","url":"https:\/\/www.greenpeace.org\/luxembourg\/fr\/communiques-de-presse\/28321\/accord-ue-mercosur-greenpeace-met-en-garde-contre-les-consequences-de-lapplication-provisoire\/","name":"Accord UE-Mercosur : Greenpeace met en garde contre les cons\u00e9quences de l\u2019application provisoire - Greenpeace Luxembourg","isPartOf":{"@id":"https:\/\/www.greenpeace.org\/luxembourg\/fr\/#website"},"primaryImageOfPage":{"@id":"https:\/\/www.greenpeace.org\/luxembourg\/fr\/communiques-de-presse\/28321\/accord-ue-mercosur-greenpeace-met-en-garde-contre-les-consequences-de-lapplication-provisoire\/#primaryimage"},"image":{"@id":"https:\/\/www.greenpeace.org\/luxembourg\/fr\/communiques-de-presse\/28321\/accord-ue-mercosur-greenpeace-met-en-garde-contre-les-consequences-de-lapplication-provisoire\/#primaryimage"},"thumbnailUrl":"https:\/\/www.greenpeace.org\/static\/planet4-luxembourg-stateless\/2026\/04\/6fddc123-gp0stv4o6_medium-res-1200px.jpg","datePublished":"2026-04-30T09:09:56+00:00","dateModified":"2026-04-30T09:10:00+00:00","breadcrumb":{"@id":"https:\/\/www.greenpeace.org\/luxembourg\/fr\/communiques-de-presse\/28321\/accord-ue-mercosur-greenpeace-met-en-garde-contre-les-consequences-de-lapplication-provisoire\/#breadcrumb"},"inLanguage":"fr-LU","potentialAction":[{"@type":"ReadAction","target":["https:\/\/www.greenpeace.org\/luxembourg\/fr\/communiques-de-presse\/28321\/accord-ue-mercosur-greenpeace-met-en-garde-contre-les-consequences-de-lapplication-provisoire\/"]}]},{"@type":"ImageObject","inLanguage":"fr-LU","@id":"https:\/\/www.greenpeace.org\/luxembourg\/fr\/communiques-de-presse\/28321\/accord-ue-mercosur-greenpeace-met-en-garde-contre-les-consequences-de-lapplication-provisoire\/#primaryimage","url":"https:\/\/www.greenpeace.org\/static\/planet4-luxembourg-stateless\/2026\/04\/6fddc123-gp0stv4o6_medium-res-1200px.jpg","contentUrl":"https:\/\/www.greenpeace.org\/static\/planet4-luxembourg-stateless\/2026\/04\/6fddc123-gp0stv4o6_medium-res-1200px.jpg","width":1200,"height":800,"caption":"Photo opportunity activity carried out by Greenpeace Austria in occasion of the \"Wintertagung 2023\" conference in Vienna. The EU-Mercosur trade pact is a threat to the Austrian agriculture. Mercosur trade agreement would cause influx of cheap meat and suga of lower standards than in the EU. Cheap meat comes from cattle fed with growth hormones and pletora of antibiotics which are both are banned in Europe for a good reason. Der EU-Mercosur Handelspakt ist eine Gefahr f\u00fcr die \u00f6sterreichische Landwirtschaft. Unsere B\u00e4uerinnen und Bauern m\u00fcssten dann mit noch mehr Fleisch und Zucker konkurrieren, welche mit viel niedrigeren Standards als in der EU produziert werden. Um billiges Fleisch nach Europa zu verkaufen, werden Rinder im Mercosur-Raum routinem\u00e4\u00dfig mit wachstumsf\u00f6rdernden Antibiotika gef\u00fcttert. Auch Futterzus\u00e4tze mit hormoneller Wirkung kommen zum Einsatz \u2013 beides ist in Europa mit gutem Grund verboten."},{"@type":"BreadcrumbList","@id":"https:\/\/www.greenpeace.org\/luxembourg\/fr\/communiques-de-presse\/28321\/accord-ue-mercosur-greenpeace-met-en-garde-contre-les-consequences-de-lapplication-provisoire\/#breadcrumb","itemListElement":[{"@type":"ListItem","position":1,"name":"Home","item":"https:\/\/www.greenpeace.org\/luxembourg\/fr\/"},{"@type":"ListItem","position":2,"name":"Accord UE-Mercosur : Greenpeace met en garde contre les cons\u00e9quences de l\u2019application provisoire"}]},{"@type":"WebSite","@id":"https:\/\/www.greenpeace.org\/luxembourg\/fr\/#website","url":"https:\/\/www.greenpeace.org\/luxembourg\/fr\/","name":"Greenpeace Luxembourg","description":"Greenpeace existe parce que cette Terre fragile a besoin d&#039;une voix. Elle a besoin de solutions. De changement. D&#039;actions.","publisher":{"@id":"https:\/\/www.greenpeace.org\/luxembourg\/fr\/#organization"},"potentialAction":[{"@type":"SearchAction","target":{"@type":"EntryPoint","urlTemplate":"https:\/\/www.greenpeace.org\/luxembourg\/fr\/?s={search_term_string}"},"query-input":{"@type":"PropertyValueSpecification","valueRequired":true,"valueName":"search_term_string"}}],"inLanguage":"fr-LU"},{"@type":"Organization","@id":"https:\/\/www.greenpeace.org\/luxembourg\/fr\/#organization","name":"Greenpeace Luxembourg","url":"https:\/\/www.greenpeace.org\/luxembourg\/fr\/","logo":{"@type":"ImageObject","inLanguage":"fr-LU","@id":"https:\/\/www.greenpeace.org\/luxembourg\/fr\/#\/schema\/logo\/image\/","url":"https:\/\/www.greenpeace.org\/static\/planet4-luxembourg-stateless\/2026\/03\/3e367f94-greenpeace_logo_green_rgb.png","contentUrl":"https:\/\/www.greenpeace.org\/static\/planet4-luxembourg-stateless\/2026\/03\/3e367f94-greenpeace_logo_green_rgb.png","width":1080,"height":175,"caption":"Greenpeace Luxembourg"},"image":{"@id":"https:\/\/www.greenpeace.org\/luxembourg\/fr\/#\/schema\/logo\/image\/"},"sameAs":["https:\/\/www.facebook.com\/greenpeaceluxembourg","https:\/\/www.instagram.com\/greenpeacelux\/","https:\/\/www.linkedin.com\/company\/greenpeace-luxembourg\/","https:\/\/www.threads.com\/@greenpeacelux","https:\/\/bsky.app\/profile\/greenpeacelux.bsky.social","https:\/\/www.youtube.com\/@GreenpeaceLux","https:\/\/www.tiktok.com\/@greenpeace_lux"]},{"@type":"Person","@id":"https:\/\/www.greenpeace.org\/luxembourg\/fr\/#\/schema\/person\/3d0e81a859b59009fec36a8552ef76a7","name":"Esther Wildanger","url":"https:\/\/www.greenpeace.org\/luxembourg\/fr\/author\/ewildang\/"}]}},"_links":{"self":[{"href":"https:\/\/www.greenpeace.org\/luxembourg\/fr\/wp-json\/wp\/v2\/posts\/28321","targetHints":{"allow":["GET"]}}],"collection":[{"href":"https:\/\/www.greenpeace.org\/luxembourg\/fr\/wp-json\/wp\/v2\/posts"}],"about":[{"href":"https:\/\/www.greenpeace.org\/luxembourg\/fr\/wp-json\/wp\/v2\/types\/post"}],"author":[{"embeddable":true,"href":"https:\/\/www.greenpeace.org\/luxembourg\/fr\/wp-json\/wp\/v2\/users\/25"}],"replies":[{"embeddable":true,"href":"https:\/\/www.greenpeace.org\/luxembourg\/fr\/wp-json\/wp\/v2\/comments?post=28321"}],"version-history":[{"count":1,"href":"https:\/\/www.greenpeace.org\/luxembourg\/fr\/wp-json\/wp\/v2\/posts\/28321\/revisions"}],"predecessor-version":[{"id":28324,"href":"https:\/\/www.greenpeace.org\/luxembourg\/fr\/wp-json\/wp\/v2\/posts\/28321\/revisions\/28324"}],"wp:featuredmedia":[{"embeddable":true,"href":"https:\/\/www.greenpeace.org\/luxembourg\/fr\/wp-json\/wp\/v2\/media\/28322"}],"wp:attachment":[{"href":"https:\/\/www.greenpeace.org\/luxembourg\/fr\/wp-json\/wp\/v2\/media?parent=28321"}],"wp:term":[{"taxonomy":"category","embeddable":true,"href":"https:\/\/www.greenpeace.org\/luxembourg\/fr\/wp-json\/wp\/v2\/categories?post=28321"},{"taxonomy":"post_tag","embeddable":true,"href":"https:\/\/www.greenpeace.org\/luxembourg\/fr\/wp-json\/wp\/v2\/tags?post=28321"},{"taxonomy":"p4-page-type","embeddable":true,"href":"https:\/\/www.greenpeace.org\/luxembourg\/fr\/wp-json\/wp\/v2\/p4-page-type?post=28321"}],"curies":[{"name":"wp","href":"https:\/\/api.w.org\/{rel}","templated":true}]}}