{"id":2893,"date":"2018-11-07T12:46:24","date_gmt":"2018-11-07T10:46:24","guid":{"rendered":"https:\/\/www.greenpeace.org\/luxembourg\/?p=2893"},"modified":"2021-01-11T18:22:11","modified_gmt":"2021-01-11T16:22:11","slug":"peoples-climate-case-sanna-de-lassociation-saminuorra-suede","status":"publish","type":"post","link":"https:\/\/www.greenpeace.org\/luxembourg\/fr\/actualites\/2893\/peoples-climate-case-sanna-de-lassociation-saminuorra-suede\/","title":{"rendered":"People\u2019s Climate Case : Sanna de l&#8217;association S\u00e1minuorra, Su\u00e8de"},"content":{"rendered":"<div id=\"attachment_2897\" style=\"width: 1034px\" class=\"wp-caption alignnone\"><img loading=\"lazy\" decoding=\"async\" aria-describedby=\"caption-attachment-2897\" class=\"wp-image-2897 size-full\" src=\"https:\/\/www.greenpeace.org\/static\/planet4-luxembourg-stateless\/2018\/11\/f98923fe-img_0910.jpg\" alt=\"\" width=\"1024\" height=\"768\" srcset=\"https:\/\/www.greenpeace.org\/static\/planet4-luxembourg-stateless\/2018\/11\/f98923fe-img_0910.jpg 1024w, https:\/\/www.greenpeace.org\/static\/planet4-luxembourg-stateless\/2018\/11\/f98923fe-img_0910-300x225.jpg 300w, https:\/\/www.greenpeace.org\/static\/planet4-luxembourg-stateless\/2018\/11\/f98923fe-img_0910-768x576.jpg 768w, https:\/\/www.greenpeace.org\/static\/planet4-luxembourg-stateless\/2018\/11\/f98923fe-img_0910-453x340.jpg 453w\" sizes=\"auto, (max-width: 1024px) 100vw, 1024px\" \/><p id=\"caption-attachment-2897\" class=\"wp-caption-text\">Membres de l&#8217;association S\u00e1minuorra, Su\u00e8de<\/p><\/div>\n<p><span style=\"font-weight: 400;\">S\u00e1minuorra, cr\u00e9\u00e9e en 1963, est une association de et pour les jeunes Saami en Su\u00e8de. <\/span><span style=\"font-weight: 400;\">Les Saamis sont un peuple autochtone d&#8217;une zone qui couvre le nord de la Su\u00e8de, de la Norv\u00e8ge et de la Finlande ainsi que la p\u00e9ninsule de Kola en Russie. <\/span><span style=\"font-weight: 400;\">S\u00e1minuorra s&#8217;efforce activement de sensibiliser le public au sujet des Sami et de leur culture et de faire en sorte que les d\u00e9cideurs prennent en compte les int\u00e9r\u00eats des jeun<\/span><span style=\"font-weight: 400;\">es Saami.<\/span><\/p>\n<p><span style=\"font-weight: 400;\">Le mode de vie traditionnel des <\/span><span style=\"font-weight: 400;\">Saami<\/span><span style=\"font-weight: 400;\"> est centr\u00e9 sur l\u2019\u00e9levage des rennes, qui se trouve au c\u0153ur de la culture. C&#8217;est pourquoi les cons\u00e9quences du changement climatique, qui perturbent d\u00e9j\u00e0 ce mode de vie, ne menacent pas uniquement la survie des rennes, mais aussi la culture enti\u00e8re des <\/span><span style=\"font-weight: 400;\">Saami<\/span><span style=\"font-weight: 400;\">.<\/span><\/p>\n<p><span style=\"font-weight: 400;\">Les Saa<\/span><span style=\"font-weight: 400;\">mi<\/span><span style=\"font-weight: 400;\"> sont organis\u00e9s par des associations \u00e9conomiques con\u00e7ues pour permettre la vie en communaut\u00e9 autour de l&#8217;\u00e9levage des rennes, appel\u00e9e \u00ab Sameby \u00bb. Celles-ci se trouvent principalement dans une zone d\u00e9sign\u00e9e, mais elles peuvent \u00e9galement \u00eatre d\u00e9finies comme un \u00ab partenariat de travail \u00bb. Les membres ont des droits individuels aux ressources, mais s&#8217;entraident pour la gestion des troupeaux. Tous les membres d&#8217;un \u00ab Sameby \u00bb ne vivent pas n\u00e9cessairement au m\u00eame endroit.<\/span><\/p>\n<p><span style=\"font-weight: 400;\">Les donn\u00e9es d&#8217;observation montrent que les hivers sont devenus plus chauds au cours des derni\u00e8res d\u00e9cennies. Presque tous les hivers depuis 1989 ont \u00e9t\u00e9 plus chauds que la moyenne du XXe si\u00e8cle et, au cours des 50 derni\u00e8res ann\u00e9es, la fr\u00e9quence et l\u2019intensit\u00e9 des ph\u00e9nom\u00e8nes de r\u00e9chauffement hivernal dans le nord de la Scandinavie ont connu une tendance positive. Ceci confirme les conclusions selon lesquelles le r\u00e9chauffement climatique est amplifi\u00e9, c&#8217;est-\u00e0-dire les impacts sont devenues plus fort dans les r\u00e9gions polaires. Les projections montrent que ce r\u00e9chauffement va continuer, souvent \u00e0 des taux sup\u00e9rieurs \u00e0 la moyenne mondiale. La fonte des neiges et la perte de la couverture neigeuse, suivies de basses temp\u00e9ratures comprises entre -20 et -30 \u00b0 C, r\u00e9sultent en permafrost.&nbsp;<\/span><\/p>\n<p><span style=\"font-weight: 400;\">L&#8217;augmentation de la temp\u00e9rature en hiver ne signifie pas plus de nourriture pour les troupeaux, mais au contraire: un renne trouverait normalement sa nourriture telle que le lichen, un m\u00e9lange champignon-algue, que dans la neige en hiver. Cependant, les hivers plus doux ont provoqu\u00e9 la fonte et regel des pr\u00e9cipitations sur le sol, emp\u00eachant les rennes de pouvoir sentir et de creuser leur nourriture enferm\u00e9 sous la glace durcie. C&#8217;est un probl\u00e8me courant pour les \u00e9leveurs aujourd&#8217;hui. De plus, une augmentation des parasites et \u00e0 la propagation de maladies parmi les troupeaux, \u00e0 cause des \u00e9t\u00e9s plus chauds, a d\u00e9j\u00e0 \u00e9t\u00e9 constat\u00e9.<\/span><\/p>\n<p><span style=\"font-weight: 400;\">Une grande partie des membres de S\u00e1minuorra proviennent de familles \u00e9leveurs des rennes.&nbsp;L&#8217;\u00e9levage de rennes, qui est au c\u0153ur de la culture Saami, est menac\u00e9 par la perte du permafrost. Mais Sanna n&#8217;est pas seulement inqui\u00e8te pour ses rennes mais aussi pour ses traditions, sa culture et l&#8217;avenir de sa g\u00e9n\u00e9ration.<\/span><\/p>\n<p><span style=\"font-weight: 400;\">Sanna Vannar (22 ans), pr\u00e9sidente de S\u00e1minuorra, est originaire de Jokkmokk et, comme beaucoup de membres de S\u00e1minuorras, appartient \u00e0 une famille d&#8217;\u00e9leveurs de rennes traditionnels. Sa famille sert d&#8217;exemple pour montrer pourquoi et comment les membres sont universellement affect\u00e9s par le changement climatique et c&#8217;est pourquoi Sanna a donc d\u00e9cid\u00e9 de signaler les pr\u00e9occupations directes et individuelles du peuple Saami.<\/span><\/p>\n<p><span style=\"font-weight: 400;\">Les membres de l&#8217;association S\u00e1minuorra ne proviennent pas tous de familles d&#8217;\u00e9leveurs de rennes, mais en tant que coeur de la culture Saami, les rennes font partie int\u00e9grante de la vie de tous les Saami. C&#8217;est pourquoi le destin des rennes est directement li\u00e9 \u00e0 l&#8217;avenir des Saami. Ainsi, l\u2019association S\u00e1minuorra a d\u00e9cid\u00e9 de porter contre le Tribunal europ\u00e9en, car, comme d\u00e9clare Sanna Vannar, pr\u00e9sidente de l&#8217;Association S\u00e1minuorra :<\/span><\/p>\n<p><img loading=\"lazy\" decoding=\"async\" class=\"wp-image-2895 size-full aligncenter\" src=\"https:\/\/www.greenpeace.org\/static\/planet4-luxembourg-stateless\/2018\/11\/6b71d77c-macro-climatejustice-2018-11-2.jpg\" alt=\"\" width=\"1200\" height=\"1200\" srcset=\"https:\/\/www.greenpeace.org\/static\/planet4-luxembourg-stateless\/2018\/11\/6b71d77c-macro-climatejustice-2018-11-2.jpg 1200w, https:\/\/www.greenpeace.org\/static\/planet4-luxembourg-stateless\/2018\/11\/6b71d77c-macro-climatejustice-2018-11-2-150x150.jpg 150w, https:\/\/www.greenpeace.org\/static\/planet4-luxembourg-stateless\/2018\/11\/6b71d77c-macro-climatejustice-2018-11-2-300x300.jpg 300w, https:\/\/www.greenpeace.org\/static\/planet4-luxembourg-stateless\/2018\/11\/6b71d77c-macro-climatejustice-2018-11-2-768x768.jpg 768w, https:\/\/www.greenpeace.org\/static\/planet4-luxembourg-stateless\/2018\/11\/6b71d77c-macro-climatejustice-2018-11-2-1024x1024.jpg 1024w, https:\/\/www.greenpeace.org\/static\/planet4-luxembourg-stateless\/2018\/11\/6b71d77c-macro-climatejustice-2018-11-2-340x340.jpg 340w\" sizes=\"auto, (max-width: 1200px) 100vw, 1200px\" \/><\/p>\n<p><span style=\"font-weight: 400;\"><strong>P.S.<\/strong> Rencontrez <em><strong>Alfredo<\/strong><\/em>, plaignant du Portugal, et <em><strong>Sanna<\/strong><\/em>, plaignante de Su\u00e8de et pr\u00e9sidente de la Saami Youth Association S\u00e1minuorra le <strong>12 Novembre<\/strong> lors du \u201c<a href=\"https:\/\/www.facebook.com\/events\/321280162006590\/\">L\u00ebtzebuerger Klimadag 2018<\/a>\u201d aux Rotondes \u00e0 Luxembourg-Ville !<\/span><\/p>\n","protected":false},"excerpt":{"rendered":"<p>S\u00e1minuorra, cr\u00e9\u00e9e en 1963, est une association de et pour les jeunes S\u00e1mi en Su\u00e8de. Les S\u00e1mis sont un peuple autochtone d&#8217;une zone qui couvre le nord de la Su\u00e8de,&hellip;<\/p>\n","protected":false},"author":18,"featured_media":2897,"comment_status":"closed","ping_status":"closed","sticky":false,"template":"","format":"standard","meta":{"ep_exclude_from_search":false,"p4_og_title":"","p4_og_description":"","p4_og_image":"","p4_og_image_id":"","p4_seo_canonical_url":"","p4_campaign_name":"not set","p4_local_project":"not set","p4_basket_name":"not set","p4_department":"","footnotes":""},"categories":[41],"tags":[37,97],"p4-page-type":[85],"class_list":["post-2893","post","type-post","status-publish","format-standard","has-post-thumbnail","hentry","category-climat","tag-changementclimatique","tag-justice","p4-page-type-actualites"],"yoast_head":"<!-- This site is optimized with the Yoast SEO Premium plugin v23.9 (Yoast SEO v23.9) - https:\/\/yoast.com\/wordpress\/plugins\/seo\/ -->\n<title>People\u2019s Climate Case : Sanna de l&#039;association S\u00e1minuorra, Su\u00e8de - Greenpeace Luxembourg<\/title>\n<meta name=\"robots\" content=\"index, follow, max-snippet:-1, max-image-preview:large, max-video-preview:-1\" \/>\n<link rel=\"canonical\" href=\"https:\/\/www.greenpeace.org\/luxembourg\/fr\/actualites\/2893\/peoples-climate-case-sanna-de-lassociation-saminuorra-suede\/\" \/>\n<meta property=\"og:locale\" content=\"fr_FR\" \/>\n<meta property=\"og:type\" content=\"article\" \/>\n<meta property=\"og:title\" content=\"People\u2019s Climate Case : Sanna de l&#039;association S\u00e1minuorra, Su\u00e8de\" \/>\n<meta property=\"og:description\" content=\"S\u00e1minuorra, cr\u00e9\u00e9e en 1963, est une association de et pour les jeunes S\u00e1mi en Su\u00e8de. Les S\u00e1mis sont un peuple autochtone d&#8217;une zone qui couvre le nord de la Su\u00e8de,&hellip;\" \/>\n<meta property=\"og:url\" content=\"https:\/\/www.greenpeace.org\/luxembourg\/fr\/actualites\/2893\/peoples-climate-case-sanna-de-lassociation-saminuorra-suede\/\" \/>\n<meta property=\"og:site_name\" content=\"Greenpeace Luxembourg\" \/>\n<meta property=\"article:publisher\" content=\"https:\/\/www.facebook.com\/greenpeaceluxembourg\" \/>\n<meta property=\"article:published_time\" content=\"2018-11-07T10:46:24+00:00\" \/>\n<meta property=\"article:modified_time\" content=\"2021-01-11T16:22:11+00:00\" \/>\n<meta property=\"og:image\" content=\"https:\/\/www.greenpeace.org\/static\/planet4-luxembourg-stateless\/2018\/11\/f98923fe-img_0910.jpg\" \/>\n\t<meta property=\"og:image:width\" content=\"1024\" \/>\n\t<meta property=\"og:image:height\" content=\"768\" \/>\n\t<meta property=\"og:image:type\" content=\"image\/jpeg\" \/>\n<meta name=\"author\" content=\"Pauline Maes\" \/>\n<meta name=\"twitter:card\" content=\"summary_large_image\" \/>\n<meta name=\"twitter:label1\" content=\"Written by\" \/>\n\t<meta name=\"twitter:data1\" content=\"Pauline Maes\" \/>\n\t<meta name=\"twitter:label2\" content=\"Est. reading time\" \/>\n\t<meta name=\"twitter:data2\" content=\"4 minutes\" \/>\n<script type=\"application\/ld+json\" class=\"yoast-schema-graph\">{\"@context\":\"https:\/\/schema.org\",\"@graph\":[{\"@type\":\"Article\",\"@id\":\"https:\/\/www.greenpeace.org\/luxembourg\/fr\/actualites\/2893\/peoples-climate-case-sanna-de-lassociation-saminuorra-suede\/#article\",\"isPartOf\":{\"@id\":\"https:\/\/www.greenpeace.org\/luxembourg\/fr\/actualites\/2893\/peoples-climate-case-sanna-de-lassociation-saminuorra-suede\/\"},\"author\":{\"name\":\"Pauline Maes\",\"@id\":\"https:\/\/www.greenpeace.org\/luxembourg\/fr\/#\/schema\/person\/7bbeb343322bdadf139e7e27e7c86ec8\"},\"headline\":\"People\u2019s Climate Case : Sanna de l&#8217;association S\u00e1minuorra, Su\u00e8de\",\"datePublished\":\"2018-11-07T10:46:24+00:00\",\"dateModified\":\"2021-01-11T16:22:11+00:00\",\"mainEntityOfPage\":{\"@id\":\"https:\/\/www.greenpeace.org\/luxembourg\/fr\/actualites\/2893\/peoples-climate-case-sanna-de-lassociation-saminuorra-suede\/\"},\"wordCount\":743,\"publisher\":{\"@id\":\"https:\/\/www.greenpeace.org\/luxembourg\/fr\/#organization\"},\"image\":{\"@id\":\"https:\/\/www.greenpeace.org\/luxembourg\/fr\/actualites\/2893\/peoples-climate-case-sanna-de-lassociation-saminuorra-suede\/#primaryimage\"},\"thumbnailUrl\":\"https:\/\/www.greenpeace.org\/static\/planet4-luxembourg-stateless\/2018\/11\/f98923fe-img_0910.jpg\",\"keywords\":[\"ChangementClimatique\",\"Justice\"],\"articleSection\":[\"Climat\"],\"inLanguage\":\"fr-LU\"},{\"@type\":\"WebPage\",\"@id\":\"https:\/\/www.greenpeace.org\/luxembourg\/fr\/actualites\/2893\/peoples-climate-case-sanna-de-lassociation-saminuorra-suede\/\",\"url\":\"https:\/\/www.greenpeace.org\/luxembourg\/fr\/actualites\/2893\/peoples-climate-case-sanna-de-lassociation-saminuorra-suede\/\",\"name\":\"People\u2019s Climate Case : Sanna de l'association S\u00e1minuorra, Su\u00e8de - Greenpeace Luxembourg\",\"isPartOf\":{\"@id\":\"https:\/\/www.greenpeace.org\/luxembourg\/fr\/#website\"},\"primaryImageOfPage\":{\"@id\":\"https:\/\/www.greenpeace.org\/luxembourg\/fr\/actualites\/2893\/peoples-climate-case-sanna-de-lassociation-saminuorra-suede\/#primaryimage\"},\"image\":{\"@id\":\"https:\/\/www.greenpeace.org\/luxembourg\/fr\/actualites\/2893\/peoples-climate-case-sanna-de-lassociation-saminuorra-suede\/#primaryimage\"},\"thumbnailUrl\":\"https:\/\/www.greenpeace.org\/static\/planet4-luxembourg-stateless\/2018\/11\/f98923fe-img_0910.jpg\",\"datePublished\":\"2018-11-07T10:46:24+00:00\",\"dateModified\":\"2021-01-11T16:22:11+00:00\",\"breadcrumb\":{\"@id\":\"https:\/\/www.greenpeace.org\/luxembourg\/fr\/actualites\/2893\/peoples-climate-case-sanna-de-lassociation-saminuorra-suede\/#breadcrumb\"},\"inLanguage\":\"fr-LU\",\"potentialAction\":[{\"@type\":\"ReadAction\",\"target\":[\"https:\/\/www.greenpeace.org\/luxembourg\/fr\/actualites\/2893\/peoples-climate-case-sanna-de-lassociation-saminuorra-suede\/\"]}]},{\"@type\":\"ImageObject\",\"inLanguage\":\"fr-LU\",\"@id\":\"https:\/\/www.greenpeace.org\/luxembourg\/fr\/actualites\/2893\/peoples-climate-case-sanna-de-lassociation-saminuorra-suede\/#primaryimage\",\"url\":\"https:\/\/www.greenpeace.org\/static\/planet4-luxembourg-stateless\/2018\/11\/f98923fe-img_0910.jpg\",\"contentUrl\":\"https:\/\/www.greenpeace.org\/static\/planet4-luxembourg-stateless\/2018\/11\/f98923fe-img_0910.jpg\",\"width\":1024,\"height\":768,\"caption\":\"Peuple S\u00e1mi, Su\u00e8de\"},{\"@type\":\"BreadcrumbList\",\"@id\":\"https:\/\/www.greenpeace.org\/luxembourg\/fr\/actualites\/2893\/peoples-climate-case-sanna-de-lassociation-saminuorra-suede\/#breadcrumb\",\"itemListElement\":[{\"@type\":\"ListItem\",\"position\":1,\"name\":\"Home\",\"item\":\"https:\/\/www.greenpeace.org\/luxembourg\/fr\/\"},{\"@type\":\"ListItem\",\"position\":2,\"name\":\"People\u2019s Climate Case : Sanna de l&#8217;association S\u00e1minuorra, Su\u00e8de\"}]},{\"@type\":\"WebSite\",\"@id\":\"https:\/\/www.greenpeace.org\/luxembourg\/fr\/#website\",\"url\":\"https:\/\/www.greenpeace.org\/luxembourg\/fr\/\",\"name\":\"Greenpeace Luxembourg\",\"description\":\"Greenpeace existe parce que cette Terre fragile a besoin d&#039;une voix. Elle a besoin de solutions. De changement. D&#039;actions.\",\"publisher\":{\"@id\":\"https:\/\/www.greenpeace.org\/luxembourg\/fr\/#organization\"},\"potentialAction\":[{\"@type\":\"SearchAction\",\"target\":{\"@type\":\"EntryPoint\",\"urlTemplate\":\"https:\/\/www.greenpeace.org\/luxembourg\/fr\/?s={search_term_string}\"},\"query-input\":{\"@type\":\"PropertyValueSpecification\",\"valueRequired\":true,\"valueName\":\"search_term_string\"}}],\"inLanguage\":\"fr-LU\"},{\"@type\":\"Organization\",\"@id\":\"https:\/\/www.greenpeace.org\/luxembourg\/fr\/#organization\",\"name\":\"Greenpeace Luxembourg\",\"url\":\"https:\/\/www.greenpeace.org\/luxembourg\/fr\/\",\"logo\":{\"@type\":\"ImageObject\",\"inLanguage\":\"fr-LU\",\"@id\":\"https:\/\/www.greenpeace.org\/luxembourg\/fr\/#\/schema\/logo\/image\/\",\"url\":\"https:\/\/www.greenpeace.org\/static\/planet4-luxembourg-stateless\/2026\/03\/3e367f94-greenpeace_logo_green_rgb.png\",\"contentUrl\":\"https:\/\/www.greenpeace.org\/static\/planet4-luxembourg-stateless\/2026\/03\/3e367f94-greenpeace_logo_green_rgb.png\",\"width\":1080,\"height\":175,\"caption\":\"Greenpeace Luxembourg\"},\"image\":{\"@id\":\"https:\/\/www.greenpeace.org\/luxembourg\/fr\/#\/schema\/logo\/image\/\"},\"sameAs\":[\"https:\/\/www.facebook.com\/greenpeaceluxembourg\",\"https:\/\/www.instagram.com\/greenpeacelux\/\",\"https:\/\/www.linkedin.com\/company\/greenpeace-luxembourg\/\",\"https:\/\/www.threads.com\/@greenpeacelux\",\"https:\/\/bsky.app\/profile\/greenpeacelux.bsky.social\",\"https:\/\/www.youtube.com\/@GreenpeaceLux\",\"https:\/\/www.tiktok.com\/@greenpeace_lux\"]},{\"@type\":\"Person\",\"@id\":\"https:\/\/www.greenpeace.org\/luxembourg\/fr\/#\/schema\/person\/7bbeb343322bdadf139e7e27e7c86ec8\",\"name\":\"Pauline Maes\",\"url\":\"https:\/\/www.greenpeace.org\/luxembourg\/fr\/author\/pmaes\/\"}]}<\/script>\n<!-- \/ Yoast SEO Premium plugin. -->","yoast_head_json":{"title":"People\u2019s Climate Case : Sanna de l'association S\u00e1minuorra, Su\u00e8de - Greenpeace Luxembourg","robots":{"index":"index","follow":"follow","max-snippet":"max-snippet:-1","max-image-preview":"max-image-preview:large","max-video-preview":"max-video-preview:-1"},"canonical":"https:\/\/www.greenpeace.org\/luxembourg\/fr\/actualites\/2893\/peoples-climate-case-sanna-de-lassociation-saminuorra-suede\/","og_locale":"fr_FR","og_type":"article","og_title":"People\u2019s Climate Case : Sanna de l'association S\u00e1minuorra, Su\u00e8de","og_description":"S\u00e1minuorra, cr\u00e9\u00e9e en 1963, est une association de et pour les jeunes S\u00e1mi en Su\u00e8de. Les S\u00e1mis sont un peuple autochtone d&#8217;une zone qui couvre le nord de la Su\u00e8de,&hellip;","og_url":"https:\/\/www.greenpeace.org\/luxembourg\/fr\/actualites\/2893\/peoples-climate-case-sanna-de-lassociation-saminuorra-suede\/","og_site_name":"Greenpeace Luxembourg","article_publisher":"https:\/\/www.facebook.com\/greenpeaceluxembourg","article_published_time":"2018-11-07T10:46:24+00:00","article_modified_time":"2021-01-11T16:22:11+00:00","og_image":[{"width":1024,"height":768,"url":"https:\/\/www.greenpeace.org\/static\/planet4-luxembourg-stateless\/2018\/11\/f98923fe-img_0910.jpg","type":"image\/jpeg"}],"author":"Pauline Maes","twitter_card":"summary_large_image","twitter_misc":{"Written by":"Pauline Maes","Est. reading time":"4 minutes"},"schema":{"@context":"https:\/\/schema.org","@graph":[{"@type":"Article","@id":"https:\/\/www.greenpeace.org\/luxembourg\/fr\/actualites\/2893\/peoples-climate-case-sanna-de-lassociation-saminuorra-suede\/#article","isPartOf":{"@id":"https:\/\/www.greenpeace.org\/luxembourg\/fr\/actualites\/2893\/peoples-climate-case-sanna-de-lassociation-saminuorra-suede\/"},"author":{"name":"Pauline Maes","@id":"https:\/\/www.greenpeace.org\/luxembourg\/fr\/#\/schema\/person\/7bbeb343322bdadf139e7e27e7c86ec8"},"headline":"People\u2019s Climate Case : Sanna de l&#8217;association S\u00e1minuorra, Su\u00e8de","datePublished":"2018-11-07T10:46:24+00:00","dateModified":"2021-01-11T16:22:11+00:00","mainEntityOfPage":{"@id":"https:\/\/www.greenpeace.org\/luxembourg\/fr\/actualites\/2893\/peoples-climate-case-sanna-de-lassociation-saminuorra-suede\/"},"wordCount":743,"publisher":{"@id":"https:\/\/www.greenpeace.org\/luxembourg\/fr\/#organization"},"image":{"@id":"https:\/\/www.greenpeace.org\/luxembourg\/fr\/actualites\/2893\/peoples-climate-case-sanna-de-lassociation-saminuorra-suede\/#primaryimage"},"thumbnailUrl":"https:\/\/www.greenpeace.org\/static\/planet4-luxembourg-stateless\/2018\/11\/f98923fe-img_0910.jpg","keywords":["ChangementClimatique","Justice"],"articleSection":["Climat"],"inLanguage":"fr-LU"},{"@type":"WebPage","@id":"https:\/\/www.greenpeace.org\/luxembourg\/fr\/actualites\/2893\/peoples-climate-case-sanna-de-lassociation-saminuorra-suede\/","url":"https:\/\/www.greenpeace.org\/luxembourg\/fr\/actualites\/2893\/peoples-climate-case-sanna-de-lassociation-saminuorra-suede\/","name":"People\u2019s Climate Case : Sanna de l'association S\u00e1minuorra, Su\u00e8de - Greenpeace Luxembourg","isPartOf":{"@id":"https:\/\/www.greenpeace.org\/luxembourg\/fr\/#website"},"primaryImageOfPage":{"@id":"https:\/\/www.greenpeace.org\/luxembourg\/fr\/actualites\/2893\/peoples-climate-case-sanna-de-lassociation-saminuorra-suede\/#primaryimage"},"image":{"@id":"https:\/\/www.greenpeace.org\/luxembourg\/fr\/actualites\/2893\/peoples-climate-case-sanna-de-lassociation-saminuorra-suede\/#primaryimage"},"thumbnailUrl":"https:\/\/www.greenpeace.org\/static\/planet4-luxembourg-stateless\/2018\/11\/f98923fe-img_0910.jpg","datePublished":"2018-11-07T10:46:24+00:00","dateModified":"2021-01-11T16:22:11+00:00","breadcrumb":{"@id":"https:\/\/www.greenpeace.org\/luxembourg\/fr\/actualites\/2893\/peoples-climate-case-sanna-de-lassociation-saminuorra-suede\/#breadcrumb"},"inLanguage":"fr-LU","potentialAction":[{"@type":"ReadAction","target":["https:\/\/www.greenpeace.org\/luxembourg\/fr\/actualites\/2893\/peoples-climate-case-sanna-de-lassociation-saminuorra-suede\/"]}]},{"@type":"ImageObject","inLanguage":"fr-LU","@id":"https:\/\/www.greenpeace.org\/luxembourg\/fr\/actualites\/2893\/peoples-climate-case-sanna-de-lassociation-saminuorra-suede\/#primaryimage","url":"https:\/\/www.greenpeace.org\/static\/planet4-luxembourg-stateless\/2018\/11\/f98923fe-img_0910.jpg","contentUrl":"https:\/\/www.greenpeace.org\/static\/planet4-luxembourg-stateless\/2018\/11\/f98923fe-img_0910.jpg","width":1024,"height":768,"caption":"Peuple S\u00e1mi, Su\u00e8de"},{"@type":"BreadcrumbList","@id":"https:\/\/www.greenpeace.org\/luxembourg\/fr\/actualites\/2893\/peoples-climate-case-sanna-de-lassociation-saminuorra-suede\/#breadcrumb","itemListElement":[{"@type":"ListItem","position":1,"name":"Home","item":"https:\/\/www.greenpeace.org\/luxembourg\/fr\/"},{"@type":"ListItem","position":2,"name":"People\u2019s Climate Case : Sanna de l&#8217;association S\u00e1minuorra, Su\u00e8de"}]},{"@type":"WebSite","@id":"https:\/\/www.greenpeace.org\/luxembourg\/fr\/#website","url":"https:\/\/www.greenpeace.org\/luxembourg\/fr\/","name":"Greenpeace Luxembourg","description":"Greenpeace existe parce que cette Terre fragile a besoin d&#039;une voix. Elle a besoin de solutions. De changement. D&#039;actions.","publisher":{"@id":"https:\/\/www.greenpeace.org\/luxembourg\/fr\/#organization"},"potentialAction":[{"@type":"SearchAction","target":{"@type":"EntryPoint","urlTemplate":"https:\/\/www.greenpeace.org\/luxembourg\/fr\/?s={search_term_string}"},"query-input":{"@type":"PropertyValueSpecification","valueRequired":true,"valueName":"search_term_string"}}],"inLanguage":"fr-LU"},{"@type":"Organization","@id":"https:\/\/www.greenpeace.org\/luxembourg\/fr\/#organization","name":"Greenpeace Luxembourg","url":"https:\/\/www.greenpeace.org\/luxembourg\/fr\/","logo":{"@type":"ImageObject","inLanguage":"fr-LU","@id":"https:\/\/www.greenpeace.org\/luxembourg\/fr\/#\/schema\/logo\/image\/","url":"https:\/\/www.greenpeace.org\/static\/planet4-luxembourg-stateless\/2026\/03\/3e367f94-greenpeace_logo_green_rgb.png","contentUrl":"https:\/\/www.greenpeace.org\/static\/planet4-luxembourg-stateless\/2026\/03\/3e367f94-greenpeace_logo_green_rgb.png","width":1080,"height":175,"caption":"Greenpeace Luxembourg"},"image":{"@id":"https:\/\/www.greenpeace.org\/luxembourg\/fr\/#\/schema\/logo\/image\/"},"sameAs":["https:\/\/www.facebook.com\/greenpeaceluxembourg","https:\/\/www.instagram.com\/greenpeacelux\/","https:\/\/www.linkedin.com\/company\/greenpeace-luxembourg\/","https:\/\/www.threads.com\/@greenpeacelux","https:\/\/bsky.app\/profile\/greenpeacelux.bsky.social","https:\/\/www.youtube.com\/@GreenpeaceLux","https:\/\/www.tiktok.com\/@greenpeace_lux"]},{"@type":"Person","@id":"https:\/\/www.greenpeace.org\/luxembourg\/fr\/#\/schema\/person\/7bbeb343322bdadf139e7e27e7c86ec8","name":"Pauline Maes","url":"https:\/\/www.greenpeace.org\/luxembourg\/fr\/author\/pmaes\/"}]}},"_links":{"self":[{"href":"https:\/\/www.greenpeace.org\/luxembourg\/fr\/wp-json\/wp\/v2\/posts\/2893","targetHints":{"allow":["GET"]}}],"collection":[{"href":"https:\/\/www.greenpeace.org\/luxembourg\/fr\/wp-json\/wp\/v2\/posts"}],"about":[{"href":"https:\/\/www.greenpeace.org\/luxembourg\/fr\/wp-json\/wp\/v2\/types\/post"}],"author":[{"embeddable":true,"href":"https:\/\/www.greenpeace.org\/luxembourg\/fr\/wp-json\/wp\/v2\/users\/18"}],"replies":[{"embeddable":true,"href":"https:\/\/www.greenpeace.org\/luxembourg\/fr\/wp-json\/wp\/v2\/comments?post=2893"}],"version-history":[{"count":13,"href":"https:\/\/www.greenpeace.org\/luxembourg\/fr\/wp-json\/wp\/v2\/posts\/2893\/revisions"}],"predecessor-version":[{"id":10497,"href":"https:\/\/www.greenpeace.org\/luxembourg\/fr\/wp-json\/wp\/v2\/posts\/2893\/revisions\/10497"}],"wp:featuredmedia":[{"embeddable":true,"href":"https:\/\/www.greenpeace.org\/luxembourg\/fr\/wp-json\/wp\/v2\/media\/2897"}],"wp:attachment":[{"href":"https:\/\/www.greenpeace.org\/luxembourg\/fr\/wp-json\/wp\/v2\/media?parent=2893"}],"wp:term":[{"taxonomy":"category","embeddable":true,"href":"https:\/\/www.greenpeace.org\/luxembourg\/fr\/wp-json\/wp\/v2\/categories?post=2893"},{"taxonomy":"post_tag","embeddable":true,"href":"https:\/\/www.greenpeace.org\/luxembourg\/fr\/wp-json\/wp\/v2\/tags?post=2893"},{"taxonomy":"p4-page-type","embeddable":true,"href":"https:\/\/www.greenpeace.org\/luxembourg\/fr\/wp-json\/wp\/v2\/p4-page-type?post=2893"}],"curies":[{"name":"wp","href":"https:\/\/api.w.org\/{rel}","templated":true}]}}