{"id":29424,"date":"2026-06-27T18:14:04","date_gmt":"2026-06-27T16:14:04","guid":{"rendered":"https:\/\/www.greenpeace.org\/luxembourg\/?p=29424"},"modified":"2026-06-27T18:49:58","modified_gmt":"2026-06-27T16:49:58","slug":"une-pieuvre-geante-a-luxembourg-ville-pour-rappeler-lurgence-de-proteger-les-oceans","status":"publish","type":"post","link":"https:\/\/www.greenpeace.org\/luxembourg\/fr\/communiques-de-presse\/29424\/une-pieuvre-geante-a-luxembourg-ville-pour-rappeler-lurgence-de-proteger-les-oceans\/","title":{"rendered":"Une pieuvre g\u00e9ante \u00e0 Luxembourg-ville pour rappeler l&#8217;urgence de prot\u00e9ger les oc\u00e9ans \u00a0"},"content":{"rendered":"\n<p class=\"wp-block-paragraph\"><em>Luxembourg, le 27 juin 2026 <\/em>\u2013<strong> Greenpeace Luxembourg a install\u00e9 ce samedi Billie [1], une pieuvre gonflable g\u00e9ante de 6 m\u00e8tres de haut et 16 m\u00e8tres de large, sur la Place Clairefontaine, au c\u0153ur de Luxembourg-ville. \u00c0 travers cette installation spectaculaire et une s\u00e9rie d&#8217;activit\u00e9s destin\u00e9es au grand public, l&#8217;organisation rappelle l&#8217;urgence de renforcer la protection des oc\u00e9ans, alors m\u00eame que la chaleur extr\u00eame de ces derniers jours illustre la crise climatique qui les menace.&nbsp;<\/strong><\/p>\n<div data-hydrate=\"planet4-blocks\/gallery\" data-attributes=\"{&quot;attributes&quot;:{&quot;multiple_image&quot;:&quot;29422&quot;,&quot;gallery_block_focus_points&quot;:&quot;{\\&quot;29422\\&quot;:\\&quot;100% 40%\\&quot;}&quot;,&quot;image_data&quot;:[{&quot;url&quot;:&quot;https:\\\/\\\/www.greenpeace.org\\\/static\\\/planet4-luxembourg-stateless\\\/2026\\\/06\\\/cbb6f8f1-2n2a9429-scaled.jpg&quot;,&quot;focalPoint&quot;:{&quot;x&quot;:&quot;1.00&quot;,&quot;y&quot;:&quot;0.40&quot;},&quot;id&quot;:29422}],&quot;gallery_block_style&quot;:0,&quot;gallery_block_title&quot;:&quot;&quot;,&quot;gallery_block_description&quot;:&quot;&quot;,&quot;images&quot;:[{&quot;image_src&quot;:&quot;https:\\\/\\\/www.greenpeace.org\\\/static\\\/planet4-luxembourg-stateless\\\/2026\\\/06\\\/cbb6f8f1-2n2a9429-scaled.jpg&quot;,&quot;image_srcset&quot;:&quot;https:\\\/\\\/www.greenpeace.org\\\/static\\\/planet4-luxembourg-stateless\\\/2026\\\/06\\\/cbb6f8f1-2n2a9429-scaled.jpg 2560w, https:\\\/\\\/www.greenpeace.org\\\/static\\\/planet4-luxembourg-stateless\\\/2026\\\/06\\\/cbb6f8f1-2n2a9429-300x200.jpg 300w, https:\\\/\\\/www.greenpeace.org\\\/static\\\/planet4-luxembourg-stateless\\\/2026\\\/06\\\/cbb6f8f1-2n2a9429-1024x683.jpg 1024w, https:\\\/\\\/www.greenpeace.org\\\/static\\\/planet4-luxembourg-stateless\\\/2026\\\/06\\\/cbb6f8f1-2n2a9429-768x512.jpg 768w, https:\\\/\\\/www.greenpeace.org\\\/static\\\/planet4-luxembourg-stateless\\\/2026\\\/06\\\/cbb6f8f1-2n2a9429-1536x1024.jpg 1536w, https:\\\/\\\/www.greenpeace.org\\\/static\\\/planet4-luxembourg-stateless\\\/2026\\\/06\\\/cbb6f8f1-2n2a9429-2048x1366.jpg 2048w, https:\\\/\\\/www.greenpeace.org\\\/static\\\/planet4-luxembourg-stateless\\\/2026\\\/06\\\/cbb6f8f1-2n2a9429-510x340.jpg 510w&quot;,&quot;image_sizes&quot;:false,&quot;alt_text&quot;:&quot;&quot;,&quot;caption&quot;:&quot;&quot;,&quot;focus_image&quot;:&quot;100% 40%&quot;,&quot;credits&quot;:&quot;\\u00a9 Sofia Neto&quot;}]}}\">\n<\/div>\n<p class=\"wp-block-paragraph\"><em>\u00ab La canicule que nous vivons aujourd\u2019hui n\u2019est pas un \u00e9pisode isol\u00e9 : elle illustre la r\u00e9alit\u00e9 des d\u00e9r\u00e8glements climatiques auxquels nous sommes confront\u00e9\u00b7es. Face \u00e0 ces bouleversements, les oc\u00e9ans sont l\u2019un de nos meilleurs alli\u00e9s, mais ils subissent eux-m\u00eames des pressions croissantes li\u00e9es au r\u00e9chauffement, \u00e0 la pollution et \u00e0 la surp\u00eache \u00bb<\/em>, d\u00e9clare Altyna\u00ef Bidaubayle, charg\u00e9e de campagne chez Greenpeace Luxembourg. <em>\u00ab Prot\u00e9ger les oc\u00e9ans, c\u2019est prot\u00e9ger notre climat ; et prot\u00e9ger notre climat, c\u2019est prot\u00e9ger les oc\u00e9ans, les esp\u00e8ces qui y vivent, ainsi que les millions de personnes qui en d\u00e9pendent. \u00bb<\/em><\/p>\n\n<p class=\"wp-block-paragraph\">Et pour cause : les oc\u00e9ans couvrent plus de 70 % de la plan\u00e8te, produisent une grande partie de l&#8217;oxyg\u00e8ne que nous respirons et abritent une biodiversit\u00e9 exceptionnelle. Ils absorbent pr\u00e8s de 90 % de la chaleur exc\u00e9dentaire pi\u00e9g\u00e9e par nos \u00e9missions, ainsi qu&#8217;une grande partie du CO2 que nous rejetons. Mais ce r\u00f4le de r\u00e9gulateur s&#8217;\u00e9puise \u00e0 mesure que les eaux se r\u00e9chauffent, provoquant des vagues de chaleur marines, le blanchissement des coraux et le d\u00e9clin des populations de poissons qui nourrissent des communaut\u00e9s enti\u00e8res. Des enjeux qui peuvent sembler lointains, mais qui concernent aussi le Luxembourg : m\u00eame sans acc\u00e8s \u00e0 la mer, le pays d\u00e9pend de la bonne sant\u00e9 des oc\u00e9ans pour son alimentation, son \u00e9conomie et le maintien d&#8217;un climat stable, essentiel au bien-\u00eatre de ses citoyen\u00b7nes.<\/p>\n\n<p class=\"wp-block-paragraph\">C&#8217;est pr\u00e9cis\u00e9ment pour rendre ces enjeux tangibles que Greenpeace a investi la Place Clairefontaine ce samedi. Tout au long de la matin\u00e9e, les visiteur\u00b7euses ont pu rencontrer des repr\u00e9sentant\u00b7es de l&#8217;organisation, participer \u00e0 des activit\u00e9s interactives pens\u00e9es pour les enfants et d\u00e9couvrir comment chacun\u00b7e peut agir \u00e0 son \u00e9chelle. Le public a \u00e9galement pu d\u00e9couvrir le premier num\u00e9ro de <a href=\"https:\/\/www.greenpeace.org\/luxembourg\/fr\/communiques-de-presse\/28769\/planete-greenpeace-un-nouveau-magazine-pour-sensibiliser-les-enfants-a-lenvironnement\/\" target=\"_blank\" rel=\"noreferrer noopener\">Plan\u00e8te Greenpeace<\/a>, le nouveau magazine trimestriel et trilingue (fran\u00e7ais, allemand, luxembourgeois) destin\u00e9 aux enfants de 6 \u00e0 11 ans et \u00e0 leurs familles, justement consacr\u00e9 \u00e0 la protection des oc\u00e9ans.&nbsp;&nbsp;<\/p>\n\n<p class=\"wp-block-paragraph\">Cette action de terrain intervient \u00e0 un moment charni\u00e8re pour l&#8217;avenir de nos oc\u00e9ans. En 2025, le Luxembourg a soutenu un moratoire sur l&#8217;exploitation mini\u00e8re des grands fonds marins, ratifi\u00e9 le Trait\u00e9 sur la haute mer et rejoint la coalition Ocean Pioneers. Ces engagements doivent d\u00e9sormais se traduire en actes concrets : les prochaines n\u00e9gociations de l&#8217;Autorit\u00e9 internationale des fonds marins (AIFM) se tiendront \u00e0 partir de mi-juillet, tandis que la premi\u00e8re Conf\u00e9rence des Parties au Trait\u00e9 sur la haute mer, pr\u00e9vue en janvier 2027, devra poser les bases des premi\u00e8res aires marines prot\u00e9g\u00e9es en haute mer.<\/p>\n\n<p class=\"wp-block-paragraph\"><em>\u00ab Le Grand-Duch\u00e9 dispose de leviers concrets : nous appelons le gouvernement \u00e0 assurer sa pr\u00e9sence aux prochaines discussions de l&#8217;AIFM et \u00e0 soutenir, politiquement comme financi\u00e8rement, la cr\u00e9ation de vastes sanctuaires marins pleinement prot\u00e9g\u00e9s. Ces aires sont indispensables pour atteindre l&#8217;objectif international de prot\u00e9ger 30 % des oc\u00e9ans d&#8217;ici 2030, un objectif d&#8217;autant plus vital \u00e0 l&#8217;heure o\u00f9 chaque \u00e9t\u00e9 bat de nouveaux records de chaleur et nous rappelle l\u2019urgence d\u2019agir \u00bb<\/em>, conclut Altyna\u00ef Bidaubayle.<\/p>\n\n<hr class=\"wp-block-separator has-alpha-channel-opacity\"\/>\n\n<p class=\"wp-block-paragraph\"><strong>Notes :&nbsp; <\/strong><strong><br><\/strong><strong><br><\/strong>[1] Des photos de l\u2019installation sont t\u00e9l\u00e9chargeables <a href=\"https:\/\/drive.google.com\/drive\/folders\/14VhfNxezJbULRXtmyigvOP3pY54L6C1O?usp=sharing\" target=\"_blank\" rel=\"noreferrer noopener\"><strong>ici<\/strong><\/a>. \u00a9 Sofia Ferreira Neto \/ Greenpeace&nbsp;<\/p>\n","protected":false},"excerpt":{"rendered":"<p>Luxembourg, le 27 juin 2026 \u2013 Greenpeace Luxembourg a install\u00e9 ce samedi Billie [1], une pieuvre gonflable g\u00e9ante de 6 m\u00e8tres de haut et 16 m\u00e8tres de large, sur la&hellip;<\/p>\n","protected":false},"author":22,"featured_media":29422,"comment_status":"closed","ping_status":"closed","sticky":false,"template":"","format":"standard","meta":{"ep_exclude_from_search":false,"p4_og_title":"","p4_og_description":"","p4_og_image":"","p4_og_image_id":"","p4_seo_canonical_url":"","p4_campaign_name":"","p4_local_project":"","p4_basket_name":"","p4_department":"","footnotes":""},"categories":[41,43],"tags":[29,37],"p4-page-type":[83],"class_list":["post-29424","post","type-post","status-publish","format-standard","has-post-thumbnail","hentry","category-climat","category-nature","tag-oceans","tag-changementclimatique","p4-page-type-communiques-de-presse"],"yoast_head":"<!-- This site is optimized with the Yoast SEO Premium plugin v23.9 (Yoast SEO v23.9) - https:\/\/yoast.com\/wordpress\/plugins\/seo\/ -->\n<title>Une pieuvre g\u00e9ante \u00e0 Luxembourg-ville pour rappeler l&#039;urgence de prot\u00e9ger les oc\u00e9ans \u00a0 - Greenpeace Luxembourg<\/title>\n<meta name=\"robots\" content=\"index, follow, max-snippet:-1, max-image-preview:large, max-video-preview:-1\" \/>\n<link rel=\"canonical\" href=\"https:\/\/www.greenpeace.org\/luxembourg\/fr\/communiques-de-presse\/29424\/une-pieuvre-geante-a-luxembourg-ville-pour-rappeler-lurgence-de-proteger-les-oceans\/\" \/>\n<meta property=\"og:locale\" content=\"fr_FR\" \/>\n<meta property=\"og:type\" content=\"article\" \/>\n<meta property=\"og:title\" content=\"Une pieuvre g\u00e9ante \u00e0 Luxembourg-ville pour rappeler l&#039;urgence de prot\u00e9ger les oc\u00e9ans \u00a0\" \/>\n<meta property=\"og:description\" content=\"Luxembourg, le 27 juin 2026 \u2013 Greenpeace Luxembourg a install\u00e9 ce samedi Billie [1], une pieuvre gonflable g\u00e9ante de 6 m\u00e8tres de haut et 16 m\u00e8tres de large, sur la&hellip;\" \/>\n<meta property=\"og:url\" content=\"https:\/\/www.greenpeace.org\/luxembourg\/fr\/communiques-de-presse\/29424\/une-pieuvre-geante-a-luxembourg-ville-pour-rappeler-lurgence-de-proteger-les-oceans\/\" \/>\n<meta property=\"og:site_name\" content=\"Greenpeace Luxembourg\" \/>\n<meta property=\"article:publisher\" content=\"https:\/\/www.facebook.com\/greenpeaceluxembourg\" \/>\n<meta property=\"article:published_time\" content=\"2026-06-27T16:14:04+00:00\" \/>\n<meta property=\"article:modified_time\" content=\"2026-06-27T16:49:58+00:00\" \/>\n<meta property=\"og:image\" content=\"https:\/\/www.greenpeace.org\/static\/planet4-luxembourg-stateless\/2026\/06\/cbb6f8f1-2n2a9429-scaled.jpg\" \/>\n\t<meta property=\"og:image:width\" content=\"2560\" \/>\n\t<meta property=\"og:image:height\" content=\"1707\" \/>\n\t<meta property=\"og:image:type\" content=\"image\/jpeg\" \/>\n<meta name=\"author\" content=\"Lise Bockler\" \/>\n<meta name=\"twitter:card\" content=\"summary_large_image\" \/>\n<meta name=\"twitter:label1\" content=\"Written by\" \/>\n\t<meta name=\"twitter:data1\" content=\"Lise Bockler\" \/>\n\t<meta name=\"twitter:label2\" content=\"Est. reading time\" \/>\n\t<meta name=\"twitter:data2\" content=\"4 minutes\" \/>\n<script type=\"application\/ld+json\" class=\"yoast-schema-graph\">{\"@context\":\"https:\/\/schema.org\",\"@graph\":[{\"@type\":\"Article\",\"@id\":\"https:\/\/www.greenpeace.org\/luxembourg\/fr\/communiques-de-presse\/29424\/une-pieuvre-geante-a-luxembourg-ville-pour-rappeler-lurgence-de-proteger-les-oceans\/#article\",\"isPartOf\":{\"@id\":\"https:\/\/www.greenpeace.org\/luxembourg\/fr\/communiques-de-presse\/29424\/une-pieuvre-geante-a-luxembourg-ville-pour-rappeler-lurgence-de-proteger-les-oceans\/\"},\"author\":{\"name\":\"Lise Bockler\",\"@id\":\"https:\/\/www.greenpeace.org\/luxembourg\/fr\/#\/schema\/person\/7d322b18d9b47ed2f3e7a6d8f5641c7f\"},\"headline\":\"Une pieuvre g\u00e9ante \u00e0 Luxembourg-ville pour rappeler l&#8217;urgence de prot\u00e9ger les oc\u00e9ans \u00a0\",\"datePublished\":\"2026-06-27T16:14:04+00:00\",\"dateModified\":\"2026-06-27T16:49:58+00:00\",\"mainEntityOfPage\":{\"@id\":\"https:\/\/www.greenpeace.org\/luxembourg\/fr\/communiques-de-presse\/29424\/une-pieuvre-geante-a-luxembourg-ville-pour-rappeler-lurgence-de-proteger-les-oceans\/\"},\"wordCount\":659,\"publisher\":{\"@id\":\"https:\/\/www.greenpeace.org\/luxembourg\/fr\/#organization\"},\"image\":{\"@id\":\"https:\/\/www.greenpeace.org\/luxembourg\/fr\/communiques-de-presse\/29424\/une-pieuvre-geante-a-luxembourg-ville-pour-rappeler-lurgence-de-proteger-les-oceans\/#primaryimage\"},\"thumbnailUrl\":\"https:\/\/www.greenpeace.org\/static\/planet4-luxembourg-stateless\/2026\/06\/cbb6f8f1-2n2a9429-scaled.jpg\",\"keywords\":[\"Oc\u00e9ans\",\"ChangementClimatique\"],\"articleSection\":[\"Climat\",\"Nature\"],\"inLanguage\":\"fr-LU\"},{\"@type\":\"WebPage\",\"@id\":\"https:\/\/www.greenpeace.org\/luxembourg\/fr\/communiques-de-presse\/29424\/une-pieuvre-geante-a-luxembourg-ville-pour-rappeler-lurgence-de-proteger-les-oceans\/\",\"url\":\"https:\/\/www.greenpeace.org\/luxembourg\/fr\/communiques-de-presse\/29424\/une-pieuvre-geante-a-luxembourg-ville-pour-rappeler-lurgence-de-proteger-les-oceans\/\",\"name\":\"Une pieuvre g\u00e9ante \u00e0 Luxembourg-ville pour rappeler l'urgence de prot\u00e9ger les oc\u00e9ans \u00a0 - Greenpeace Luxembourg\",\"isPartOf\":{\"@id\":\"https:\/\/www.greenpeace.org\/luxembourg\/fr\/#website\"},\"primaryImageOfPage\":{\"@id\":\"https:\/\/www.greenpeace.org\/luxembourg\/fr\/communiques-de-presse\/29424\/une-pieuvre-geante-a-luxembourg-ville-pour-rappeler-lurgence-de-proteger-les-oceans\/#primaryimage\"},\"image\":{\"@id\":\"https:\/\/www.greenpeace.org\/luxembourg\/fr\/communiques-de-presse\/29424\/une-pieuvre-geante-a-luxembourg-ville-pour-rappeler-lurgence-de-proteger-les-oceans\/#primaryimage\"},\"thumbnailUrl\":\"https:\/\/www.greenpeace.org\/static\/planet4-luxembourg-stateless\/2026\/06\/cbb6f8f1-2n2a9429-scaled.jpg\",\"datePublished\":\"2026-06-27T16:14:04+00:00\",\"dateModified\":\"2026-06-27T16:49:58+00:00\",\"breadcrumb\":{\"@id\":\"https:\/\/www.greenpeace.org\/luxembourg\/fr\/communiques-de-presse\/29424\/une-pieuvre-geante-a-luxembourg-ville-pour-rappeler-lurgence-de-proteger-les-oceans\/#breadcrumb\"},\"inLanguage\":\"fr-LU\",\"potentialAction\":[{\"@type\":\"ReadAction\",\"target\":[\"https:\/\/www.greenpeace.org\/luxembourg\/fr\/communiques-de-presse\/29424\/une-pieuvre-geante-a-luxembourg-ville-pour-rappeler-lurgence-de-proteger-les-oceans\/\"]}]},{\"@type\":\"ImageObject\",\"inLanguage\":\"fr-LU\",\"@id\":\"https:\/\/www.greenpeace.org\/luxembourg\/fr\/communiques-de-presse\/29424\/une-pieuvre-geante-a-luxembourg-ville-pour-rappeler-lurgence-de-proteger-les-oceans\/#primaryimage\",\"url\":\"https:\/\/www.greenpeace.org\/static\/planet4-luxembourg-stateless\/2026\/06\/cbb6f8f1-2n2a9429-scaled.jpg\",\"contentUrl\":\"https:\/\/www.greenpeace.org\/static\/planet4-luxembourg-stateless\/2026\/06\/cbb6f8f1-2n2a9429-scaled.jpg\",\"width\":2560,\"height\":1707},{\"@type\":\"BreadcrumbList\",\"@id\":\"https:\/\/www.greenpeace.org\/luxembourg\/fr\/communiques-de-presse\/29424\/une-pieuvre-geante-a-luxembourg-ville-pour-rappeler-lurgence-de-proteger-les-oceans\/#breadcrumb\",\"itemListElement\":[{\"@type\":\"ListItem\",\"position\":1,\"name\":\"Home\",\"item\":\"https:\/\/www.greenpeace.org\/luxembourg\/fr\/\"},{\"@type\":\"ListItem\",\"position\":2,\"name\":\"Une pieuvre g\u00e9ante \u00e0 Luxembourg-ville pour rappeler l&#8217;urgence de prot\u00e9ger les oc\u00e9ans \u00a0\"}]},{\"@type\":\"WebSite\",\"@id\":\"https:\/\/www.greenpeace.org\/luxembourg\/fr\/#website\",\"url\":\"https:\/\/www.greenpeace.org\/luxembourg\/fr\/\",\"name\":\"Greenpeace Luxembourg\",\"description\":\"Greenpeace existe parce que cette Terre fragile a besoin d&#039;une voix. Elle a besoin de solutions. De changement. D&#039;actions.\",\"publisher\":{\"@id\":\"https:\/\/www.greenpeace.org\/luxembourg\/fr\/#organization\"},\"potentialAction\":[{\"@type\":\"SearchAction\",\"target\":{\"@type\":\"EntryPoint\",\"urlTemplate\":\"https:\/\/www.greenpeace.org\/luxembourg\/fr\/?s={search_term_string}\"},\"query-input\":{\"@type\":\"PropertyValueSpecification\",\"valueRequired\":true,\"valueName\":\"search_term_string\"}}],\"inLanguage\":\"fr-LU\"},{\"@type\":\"Organization\",\"@id\":\"https:\/\/www.greenpeace.org\/luxembourg\/fr\/#organization\",\"name\":\"Greenpeace Luxembourg\",\"url\":\"https:\/\/www.greenpeace.org\/luxembourg\/fr\/\",\"logo\":{\"@type\":\"ImageObject\",\"inLanguage\":\"fr-LU\",\"@id\":\"https:\/\/www.greenpeace.org\/luxembourg\/fr\/#\/schema\/logo\/image\/\",\"url\":\"https:\/\/www.greenpeace.org\/static\/planet4-luxembourg-stateless\/2026\/03\/3e367f94-greenpeace_logo_green_rgb.png\",\"contentUrl\":\"https:\/\/www.greenpeace.org\/static\/planet4-luxembourg-stateless\/2026\/03\/3e367f94-greenpeace_logo_green_rgb.png\",\"width\":1080,\"height\":175,\"caption\":\"Greenpeace Luxembourg\"},\"image\":{\"@id\":\"https:\/\/www.greenpeace.org\/luxembourg\/fr\/#\/schema\/logo\/image\/\"},\"sameAs\":[\"https:\/\/www.facebook.com\/greenpeaceluxembourg\",\"https:\/\/www.instagram.com\/greenpeacelux\/\",\"https:\/\/www.linkedin.com\/company\/greenpeace-luxembourg\/\",\"https:\/\/www.threads.com\/@greenpeacelux\",\"https:\/\/bsky.app\/profile\/greenpeacelux.bsky.social\",\"https:\/\/www.youtube.com\/@GreenpeaceLux\",\"https:\/\/www.tiktok.com\/@greenpeace_lux\"]},{\"@type\":\"Person\",\"@id\":\"https:\/\/www.greenpeace.org\/luxembourg\/fr\/#\/schema\/person\/7d322b18d9b47ed2f3e7a6d8f5641c7f\",\"name\":\"Lise Bockler\",\"url\":\"https:\/\/www.greenpeace.org\/luxembourg\/fr\/author\/lbockler\/\"}]}<\/script>\n<!-- \/ Yoast SEO Premium plugin. -->","yoast_head_json":{"title":"Une pieuvre g\u00e9ante \u00e0 Luxembourg-ville pour rappeler l'urgence de prot\u00e9ger les oc\u00e9ans \u00a0 - Greenpeace Luxembourg","robots":{"index":"index","follow":"follow","max-snippet":"max-snippet:-1","max-image-preview":"max-image-preview:large","max-video-preview":"max-video-preview:-1"},"canonical":"https:\/\/www.greenpeace.org\/luxembourg\/fr\/communiques-de-presse\/29424\/une-pieuvre-geante-a-luxembourg-ville-pour-rappeler-lurgence-de-proteger-les-oceans\/","og_locale":"fr_FR","og_type":"article","og_title":"Une pieuvre g\u00e9ante \u00e0 Luxembourg-ville pour rappeler l'urgence de prot\u00e9ger les oc\u00e9ans \u00a0","og_description":"Luxembourg, le 27 juin 2026 \u2013 Greenpeace Luxembourg a install\u00e9 ce samedi Billie [1], une pieuvre gonflable g\u00e9ante de 6 m\u00e8tres de haut et 16 m\u00e8tres de large, sur la&hellip;","og_url":"https:\/\/www.greenpeace.org\/luxembourg\/fr\/communiques-de-presse\/29424\/une-pieuvre-geante-a-luxembourg-ville-pour-rappeler-lurgence-de-proteger-les-oceans\/","og_site_name":"Greenpeace Luxembourg","article_publisher":"https:\/\/www.facebook.com\/greenpeaceluxembourg","article_published_time":"2026-06-27T16:14:04+00:00","article_modified_time":"2026-06-27T16:49:58+00:00","og_image":[{"width":2560,"height":1707,"url":"https:\/\/www.greenpeace.org\/static\/planet4-luxembourg-stateless\/2026\/06\/cbb6f8f1-2n2a9429-scaled.jpg","type":"image\/jpeg"}],"author":"Lise Bockler","twitter_card":"summary_large_image","twitter_misc":{"Written by":"Lise Bockler","Est. reading time":"4 minutes"},"schema":{"@context":"https:\/\/schema.org","@graph":[{"@type":"Article","@id":"https:\/\/www.greenpeace.org\/luxembourg\/fr\/communiques-de-presse\/29424\/une-pieuvre-geante-a-luxembourg-ville-pour-rappeler-lurgence-de-proteger-les-oceans\/#article","isPartOf":{"@id":"https:\/\/www.greenpeace.org\/luxembourg\/fr\/communiques-de-presse\/29424\/une-pieuvre-geante-a-luxembourg-ville-pour-rappeler-lurgence-de-proteger-les-oceans\/"},"author":{"name":"Lise Bockler","@id":"https:\/\/www.greenpeace.org\/luxembourg\/fr\/#\/schema\/person\/7d322b18d9b47ed2f3e7a6d8f5641c7f"},"headline":"Une pieuvre g\u00e9ante \u00e0 Luxembourg-ville pour rappeler l&#8217;urgence de prot\u00e9ger les oc\u00e9ans \u00a0","datePublished":"2026-06-27T16:14:04+00:00","dateModified":"2026-06-27T16:49:58+00:00","mainEntityOfPage":{"@id":"https:\/\/www.greenpeace.org\/luxembourg\/fr\/communiques-de-presse\/29424\/une-pieuvre-geante-a-luxembourg-ville-pour-rappeler-lurgence-de-proteger-les-oceans\/"},"wordCount":659,"publisher":{"@id":"https:\/\/www.greenpeace.org\/luxembourg\/fr\/#organization"},"image":{"@id":"https:\/\/www.greenpeace.org\/luxembourg\/fr\/communiques-de-presse\/29424\/une-pieuvre-geante-a-luxembourg-ville-pour-rappeler-lurgence-de-proteger-les-oceans\/#primaryimage"},"thumbnailUrl":"https:\/\/www.greenpeace.org\/static\/planet4-luxembourg-stateless\/2026\/06\/cbb6f8f1-2n2a9429-scaled.jpg","keywords":["Oc\u00e9ans","ChangementClimatique"],"articleSection":["Climat","Nature"],"inLanguage":"fr-LU"},{"@type":"WebPage","@id":"https:\/\/www.greenpeace.org\/luxembourg\/fr\/communiques-de-presse\/29424\/une-pieuvre-geante-a-luxembourg-ville-pour-rappeler-lurgence-de-proteger-les-oceans\/","url":"https:\/\/www.greenpeace.org\/luxembourg\/fr\/communiques-de-presse\/29424\/une-pieuvre-geante-a-luxembourg-ville-pour-rappeler-lurgence-de-proteger-les-oceans\/","name":"Une pieuvre g\u00e9ante \u00e0 Luxembourg-ville pour rappeler l'urgence de prot\u00e9ger les oc\u00e9ans \u00a0 - Greenpeace Luxembourg","isPartOf":{"@id":"https:\/\/www.greenpeace.org\/luxembourg\/fr\/#website"},"primaryImageOfPage":{"@id":"https:\/\/www.greenpeace.org\/luxembourg\/fr\/communiques-de-presse\/29424\/une-pieuvre-geante-a-luxembourg-ville-pour-rappeler-lurgence-de-proteger-les-oceans\/#primaryimage"},"image":{"@id":"https:\/\/www.greenpeace.org\/luxembourg\/fr\/communiques-de-presse\/29424\/une-pieuvre-geante-a-luxembourg-ville-pour-rappeler-lurgence-de-proteger-les-oceans\/#primaryimage"},"thumbnailUrl":"https:\/\/www.greenpeace.org\/static\/planet4-luxembourg-stateless\/2026\/06\/cbb6f8f1-2n2a9429-scaled.jpg","datePublished":"2026-06-27T16:14:04+00:00","dateModified":"2026-06-27T16:49:58+00:00","breadcrumb":{"@id":"https:\/\/www.greenpeace.org\/luxembourg\/fr\/communiques-de-presse\/29424\/une-pieuvre-geante-a-luxembourg-ville-pour-rappeler-lurgence-de-proteger-les-oceans\/#breadcrumb"},"inLanguage":"fr-LU","potentialAction":[{"@type":"ReadAction","target":["https:\/\/www.greenpeace.org\/luxembourg\/fr\/communiques-de-presse\/29424\/une-pieuvre-geante-a-luxembourg-ville-pour-rappeler-lurgence-de-proteger-les-oceans\/"]}]},{"@type":"ImageObject","inLanguage":"fr-LU","@id":"https:\/\/www.greenpeace.org\/luxembourg\/fr\/communiques-de-presse\/29424\/une-pieuvre-geante-a-luxembourg-ville-pour-rappeler-lurgence-de-proteger-les-oceans\/#primaryimage","url":"https:\/\/www.greenpeace.org\/static\/planet4-luxembourg-stateless\/2026\/06\/cbb6f8f1-2n2a9429-scaled.jpg","contentUrl":"https:\/\/www.greenpeace.org\/static\/planet4-luxembourg-stateless\/2026\/06\/cbb6f8f1-2n2a9429-scaled.jpg","width":2560,"height":1707},{"@type":"BreadcrumbList","@id":"https:\/\/www.greenpeace.org\/luxembourg\/fr\/communiques-de-presse\/29424\/une-pieuvre-geante-a-luxembourg-ville-pour-rappeler-lurgence-de-proteger-les-oceans\/#breadcrumb","itemListElement":[{"@type":"ListItem","position":1,"name":"Home","item":"https:\/\/www.greenpeace.org\/luxembourg\/fr\/"},{"@type":"ListItem","position":2,"name":"Une pieuvre g\u00e9ante \u00e0 Luxembourg-ville pour rappeler l&#8217;urgence de prot\u00e9ger les oc\u00e9ans \u00a0"}]},{"@type":"WebSite","@id":"https:\/\/www.greenpeace.org\/luxembourg\/fr\/#website","url":"https:\/\/www.greenpeace.org\/luxembourg\/fr\/","name":"Greenpeace Luxembourg","description":"Greenpeace existe parce que cette Terre fragile a besoin d&#039;une voix. Elle a besoin de solutions. De changement. D&#039;actions.","publisher":{"@id":"https:\/\/www.greenpeace.org\/luxembourg\/fr\/#organization"},"potentialAction":[{"@type":"SearchAction","target":{"@type":"EntryPoint","urlTemplate":"https:\/\/www.greenpeace.org\/luxembourg\/fr\/?s={search_term_string}"},"query-input":{"@type":"PropertyValueSpecification","valueRequired":true,"valueName":"search_term_string"}}],"inLanguage":"fr-LU"},{"@type":"Organization","@id":"https:\/\/www.greenpeace.org\/luxembourg\/fr\/#organization","name":"Greenpeace Luxembourg","url":"https:\/\/www.greenpeace.org\/luxembourg\/fr\/","logo":{"@type":"ImageObject","inLanguage":"fr-LU","@id":"https:\/\/www.greenpeace.org\/luxembourg\/fr\/#\/schema\/logo\/image\/","url":"https:\/\/www.greenpeace.org\/static\/planet4-luxembourg-stateless\/2026\/03\/3e367f94-greenpeace_logo_green_rgb.png","contentUrl":"https:\/\/www.greenpeace.org\/static\/planet4-luxembourg-stateless\/2026\/03\/3e367f94-greenpeace_logo_green_rgb.png","width":1080,"height":175,"caption":"Greenpeace Luxembourg"},"image":{"@id":"https:\/\/www.greenpeace.org\/luxembourg\/fr\/#\/schema\/logo\/image\/"},"sameAs":["https:\/\/www.facebook.com\/greenpeaceluxembourg","https:\/\/www.instagram.com\/greenpeacelux\/","https:\/\/www.linkedin.com\/company\/greenpeace-luxembourg\/","https:\/\/www.threads.com\/@greenpeacelux","https:\/\/bsky.app\/profile\/greenpeacelux.bsky.social","https:\/\/www.youtube.com\/@GreenpeaceLux","https:\/\/www.tiktok.com\/@greenpeace_lux"]},{"@type":"Person","@id":"https:\/\/www.greenpeace.org\/luxembourg\/fr\/#\/schema\/person\/7d322b18d9b47ed2f3e7a6d8f5641c7f","name":"Lise Bockler","url":"https:\/\/www.greenpeace.org\/luxembourg\/fr\/author\/lbockler\/"}]}},"_links":{"self":[{"href":"https:\/\/www.greenpeace.org\/luxembourg\/fr\/wp-json\/wp\/v2\/posts\/29424","targetHints":{"allow":["GET"]}}],"collection":[{"href":"https:\/\/www.greenpeace.org\/luxembourg\/fr\/wp-json\/wp\/v2\/posts"}],"about":[{"href":"https:\/\/www.greenpeace.org\/luxembourg\/fr\/wp-json\/wp\/v2\/types\/post"}],"author":[{"embeddable":true,"href":"https:\/\/www.greenpeace.org\/luxembourg\/fr\/wp-json\/wp\/v2\/users\/22"}],"replies":[{"embeddable":true,"href":"https:\/\/www.greenpeace.org\/luxembourg\/fr\/wp-json\/wp\/v2\/comments?post=29424"}],"version-history":[{"count":2,"href":"https:\/\/www.greenpeace.org\/luxembourg\/fr\/wp-json\/wp\/v2\/posts\/29424\/revisions"}],"predecessor-version":[{"id":29428,"href":"https:\/\/www.greenpeace.org\/luxembourg\/fr\/wp-json\/wp\/v2\/posts\/29424\/revisions\/29428"}],"wp:featuredmedia":[{"embeddable":true,"href":"https:\/\/www.greenpeace.org\/luxembourg\/fr\/wp-json\/wp\/v2\/media\/29422"}],"wp:attachment":[{"href":"https:\/\/www.greenpeace.org\/luxembourg\/fr\/wp-json\/wp\/v2\/media?parent=29424"}],"wp:term":[{"taxonomy":"category","embeddable":true,"href":"https:\/\/www.greenpeace.org\/luxembourg\/fr\/wp-json\/wp\/v2\/categories?post=29424"},{"taxonomy":"post_tag","embeddable":true,"href":"https:\/\/www.greenpeace.org\/luxembourg\/fr\/wp-json\/wp\/v2\/tags?post=29424"},{"taxonomy":"p4-page-type","embeddable":true,"href":"https:\/\/www.greenpeace.org\/luxembourg\/fr\/wp-json\/wp\/v2\/p4-page-type?post=29424"}],"curies":[{"name":"wp","href":"https:\/\/api.w.org\/{rel}","templated":true}]}}