{"id":30163,"date":"2026-09-03T11:21:27","date_gmt":"2026-09-03T09:21:27","guid":{"rendered":"https:\/\/www.greenpeace.org\/luxembourg\/?p=30163"},"modified":"2026-09-03T11:36:51","modified_gmt":"2026-09-03T09:36:51","slug":"catastrophes-naturelles-2026-crise-climatique","status":"publish","type":"post","link":"https:\/\/www.greenpeace.org\/luxembourg\/fr\/actualites\/30163\/catastrophes-naturelles-2026-crise-climatique\/","title":{"rendered":"Ce que les catastrophes \u00ab naturelles \u00bb de 2026 disent de la crise climatique"},"content":{"rendered":"\n<p class=\"wp-block-paragraph\">Au cours du premier semestre 2026, l\u2019Europe, l\u2019Afrique et l\u2019Am\u00e9rique du Nord ont subi de plein fouet des vagues de chaleur sans pr\u00e9c\u00e9dent, alors que la crise climatique, aliment\u00e9e par la combustion du gaz, du p\u00e9trole et du charbon, nous expose de plus en plus aux ph\u00e9nom\u00e8nes m\u00e9t\u00e9orologiques extr\u00eames qu\u2019on appelle catastrophes <em>naturelles<\/em>.&nbsp; Les <a href=\"https:\/\/edition.cnn.com\/2026\/08\/28\/world\/live-news\/nepal-china-flood\">crues soudaines<\/a> qui ont d\u00e9vast\u00e9 le N\u00e9pal sont une trag\u00e9die humaine ainsi qu\u2019un rappel douloureux : la fonte rapide des glaces et <a href=\"https:\/\/www.bbc.com\/news\/articles\/cly464k252yo\">l\u2019effondrement des glaciers<\/a> dans un monde en surchauffe menace des vies humaines.<\/p>\n\n<p class=\"wp-block-paragraph\">Les canicules ont provoqu\u00e9 des incendies d\u2019une ampleur exceptionnelle \u00e0 travers l\u2019Europe de l\u2019ouest et au Canada. En Afrique, en Asie et en Am\u00e9rique latine, des vagues de chaleur, des s\u00e9cheresses, des inondations et des temp\u00eates exceptionnelles ont \u00e9galement marqu\u00e9 l&#8217;ann\u00e9e 2026.<\/p>\n\n<figure class=\"wp-block-image size-large\"><img loading=\"lazy\" decoding=\"async\" width=\"1024\" height=\"683\" src=\"https:\/\/www.greenpeace.org\/static\/planet4-luxembourg-stateless\/2026\/09\/4b717e43-image-1024x683.jpeg\" alt=\"\" class=\"wp-image-30166\" title=\"Canadian Wildfire Smoke Settles in on the New York Area\" srcset=\"https:\/\/www.greenpeace.org\/static\/planet4-luxembourg-stateless\/2026\/09\/4b717e43-image-1024x683.jpeg 1024w, https:\/\/www.greenpeace.org\/static\/planet4-luxembourg-stateless\/2026\/09\/4b717e43-image-300x200.jpeg 300w, https:\/\/www.greenpeace.org\/static\/planet4-luxembourg-stateless\/2026\/09\/4b717e43-image-768x512.jpeg 768w, https:\/\/www.greenpeace.org\/static\/planet4-luxembourg-stateless\/2026\/09\/4b717e43-image-510x340.jpeg 510w, https:\/\/www.greenpeace.org\/static\/planet4-luxembourg-stateless\/2026\/09\/4b717e43-image.jpeg 1200w\" sizes=\"auto, (max-width: 1024px) 100vw, 1024px\" \/><figcaption class=\"wp-element-caption\">Tout l\u2019\u00c9tat de New York, y compris la cit\u00e9 \u00e9ponyme, ainsi que certaines parties du New Jersey font l&#8217;objet d&#8217;un avis concernant la qualit\u00e9 de l&#8217;air en raison de la fum\u00e9e issue de la centaine de feux de for\u00eat qui font rage au Canada. \u00a9 Tim Aubry \/ Greenpeace<\/figcaption><\/figure>\n\n<p class=\"wp-block-paragraph\">La <a href=\"https:\/\/www.nytimes.com\/live\/2026\/08\/26\/world\/nepal-floods#nepal-flood-glacier-ice-avalanche\">crue soudaine au N\u00e9pal<\/a> est attribu\u00e9e \u00e0 l\u2019effondrement d\u2019un glacier dans l\u2019Himalaya, \u00e0 un moment o\u00f9 la r\u00e9gion s\u2019inqui\u00e8te des cons\u00e9quences de la crise climatique : des donn\u00e9es indiquent en effet que les inondations, les glissements de terrain, les avalanches et les s\u00e9cheresses \u00ab<a href=\"https:\/\/www.reuters.com\/business\/environment\/glacier-collapse-may-have-triggered-deadly-nepal-flash-flood-experts-say-2026-08-26\/\"> gagnent en fr\u00e9quence et en violence<\/a> \u00bb dans toute la zone.<\/p>\n\n<p class=\"wp-block-paragraph\">Des canicules et ces d\u00e9sastres pr\u00e9tendument naturels sont le genre de cons\u00e9quences attendues de la combustion du charbon, du p\u00e9trole et du gaz dont les <a href=\"https:\/\/www.ipcc.ch\/report\/ar6\/syr\/downloads\/report\/IPCC_AR6_SYR_SPM.pdf\">scientifiques du GIEC nous avertissent depuis des d\u00e9cennies<\/a>. Les records de temp\u00e9rature, y compris <a href=\"https:\/\/climate.copernicus.eu\/copernicus-daily-global-sea-surface-temperature-breaks-2024-record\">celle de surface de la mer<\/a>, ne sont que la triste r\u00e9alit\u00e9 du d\u00e9r\u00e8glement climatique et la raison pour laquelle nous devons acc\u00e9l\u00e9rer la transition des \u00e9nergies fossiles vers les renouvelables.<\/p>\n\n<p class=\"wp-block-paragraph\">Plus que jamais, nous avons besoin d\u2019agir vite, d\u2019autant plus que les analyses pr\u00e9voient un <a href=\"https:\/\/www.cpc.ncep.noaa.gov\/products\/analysis_monitoring\/enso_advisory\/ensodisc.shtml\">ph\u00e9nom\u00e8ne El Ni\u00f1o historique<\/a>, sur une plan\u00e8te qui se r\u00e9chauffe d\u00e9j\u00e0 trop rapidement. Selon les pr\u00e9visions de ce \u00ab super \u00bb El Ni\u00f1o, nous devons nous attendre \u00e0 des \u00e9v\u00e8nements climatiques extr\u00eames d\u2019autant plus violents, alors que nous approchons dangereusement du d\u00e9passement temporaire de l&#8217;objectif fix\u00e9 par l&#8217;accord de Paris, qui vise \u00e0 limiter le r\u00e9chauffement global de la plan\u00e8te \u00e0 1,5 \u00b0C par rapport \u00e0 l&#8217;\u00e8re pr\u00e9industrielle.&nbsp;<\/p>\n\n<figure class=\"wp-block-image size-large\"><img loading=\"lazy\" decoding=\"async\" width=\"1024\" height=\"683\" src=\"https:\/\/www.greenpeace.org\/static\/planet4-luxembourg-stateless\/2026\/09\/aac7578d-image-1024x683.jpeg\" alt=\"\" class=\"wp-image-30168\" title=\"Aerial Documentation of Forest Fires in Burgohondo, Avila\" srcset=\"https:\/\/www.greenpeace.org\/static\/planet4-luxembourg-stateless\/2026\/09\/aac7578d-image-1024x683.jpeg 1024w, https:\/\/www.greenpeace.org\/static\/planet4-luxembourg-stateless\/2026\/09\/aac7578d-image-300x200.jpeg 300w, https:\/\/www.greenpeace.org\/static\/planet4-luxembourg-stateless\/2026\/09\/aac7578d-image-768x512.jpeg 768w, https:\/\/www.greenpeace.org\/static\/planet4-luxembourg-stateless\/2026\/09\/aac7578d-image-510x340.jpeg 510w, https:\/\/www.greenpeace.org\/static\/planet4-luxembourg-stateless\/2026\/09\/aac7578d-image.jpeg 1200w\" sizes=\"auto, (max-width: 1024px) 100vw, 1024px\" \/><figcaption class=\"wp-element-caption\">Documentation a\u00e9rienne des feux de for\u00eat d&#8217;\u00c1vila, en Espagne. \u00a9 Pedro Armestre \/ Greenpeace<\/figcaption><\/figure>\n\n<h3 id=\"h-pourquoi-avons-nous-subi-autant-de-canicules-et-d-incendies-en-2026\" class=\"wp-block-heading\"><strong>Pourquoi avons-nous subi autant de canicules et d\u2019incendies en 2026 ?<\/strong><\/h3>\n\n<p class=\"wp-block-paragraph\">Les records de chaleur ont cr\u00e9\u00e9 les conditions propices \u00e0 la naissance de feux de for\u00eats, tandis que notre climat se r\u00e9chauffe rapidement en raison de d\u00e9cennies de d\u00e9forestation et de pollution dues aux combustibles fossiles.<\/p>\n\n<p class=\"wp-block-paragraph\">Les onze ann\u00e9es qui ont suivi l\u2019adoption de l\u2019accord de Paris ont \u00e9t\u00e9 les onze plus chaudes jamais enregistr\u00e9es. Notre climat est plus <a href=\"https:\/\/wmo.int\/news\/media-centre\/earths-climate-swings-increasingly-out-of-balance\">d\u00e9s\u00e9quilibr\u00e9 qu\u2019\u00e0 aucun autre moment de notre histoire<\/a> et, alors que les rejets de gaz \u00e0 effet de serre dans l\u2019air continuent d\u2019augmenter, la limite de 1,5\u00b0C est de plus en plus menac\u00e9e.<\/p>\n\n<figure class=\"wp-block-image size-large\"><img loading=\"lazy\" decoding=\"async\" width=\"1024\" height=\"683\" src=\"https:\/\/www.greenpeace.org\/static\/planet4-luxembourg-stateless\/2026\/09\/3b251fe1-image-1024x683.jpeg\" alt=\"\" class=\"wp-image-30170\" title=\"Low Water Level in River Rhine in Germany 2026\" srcset=\"https:\/\/www.greenpeace.org\/static\/planet4-luxembourg-stateless\/2026\/09\/3b251fe1-image-1024x683.jpeg 1024w, https:\/\/www.greenpeace.org\/static\/planet4-luxembourg-stateless\/2026\/09\/3b251fe1-image-300x200.jpeg 300w, https:\/\/www.greenpeace.org\/static\/planet4-luxembourg-stateless\/2026\/09\/3b251fe1-image-768x512.jpeg 768w, https:\/\/www.greenpeace.org\/static\/planet4-luxembourg-stateless\/2026\/09\/3b251fe1-image-510x340.jpeg 510w, https:\/\/www.greenpeace.org\/static\/planet4-luxembourg-stateless\/2026\/09\/3b251fe1-image.jpeg 1200w\" sizes=\"auto, (max-width: 1024px) 100vw, 1024px\" \/><figcaption class=\"wp-element-caption\">La s\u00e9cheresse a durement impact\u00e9 le niveau du Rhin, en Allemagne. \u00a9 Bernd Lauter \/ Greenpeace<\/figcaption><\/figure>\n\n<p class=\"wp-block-paragraph\">Cette tendance entra\u00eene \u00ab des conditions de chaleur et de s\u00e9cheresse propices \u00e0 de <a href=\"https:\/\/climate.copernicus.eu\/copernicus-highest-july-global-ocean-surface-temperatures-exceptionally-hot-dry-conditions-fuel\">grands feux de for\u00eat de forte intensit\u00e9<\/a> \u00bb, lesquels blessent et tuent directement, mais sont aussi la cause de <a href=\"https:\/\/www.lshtm.ac.uk\/newsevents\/news\/2026\/expert-comment-how-do-wildfires-affect-health-and-what-can-be-done-about-it\">probl\u00e8mes de sant\u00e9<\/a> tels que des maladies respiratoires et cardiovasculaires ainsi que des hospitalisations et des d\u00e9c\u00e8s pr\u00e9matur\u00e9s dus \u00e0 l&#8217;inhalation de fum\u00e9e.<\/p>\n\n<h3 id=\"h-en-quoi-ces-soi-disant-catastrophes-naturelles-peuvent-elles-etre-liees-aux-energies-fossiles\" class=\"wp-block-heading\"><strong>En quoi ces soi-disant catastrophes naturelles peuvent-elles \u00eatre li\u00e9es aux \u00e9nergies fossiles ?<\/strong><\/h3>\n\n<p class=\"wp-block-paragraph\">Ces vagues de chaleur extr\u00eame, ces temp\u00eates et ces feux de for\u00eat dont la violence et la fr\u00e9quence augmentent ne sont pas le fruit du hasard : ils r\u00e9sultent au contraire de l&#8217;inaction des gouvernements, qui permettent aux entreprises du secteur des \u00e9nergies fossiles et \u00e0 ceux qui d\u00e9truisent la nature de faire passer leurs b\u00e9n\u00e9fices avant le bien-\u00eatre des populations. C&#8217;est pourquoi nos responsables politiques doivent acc\u00e9l\u00e9rer les mesures visant \u00e0 mettre fin \u00e0 l&#8217;utilisation des \u00e9nergies fossiles et \u00e0 la destruction des for\u00eats.<\/p>\n\n<p class=\"wp-block-paragraph\">Selon les<a href=\"https:\/\/www.nationalacademies.org\/projects\/DELS-BASCPR-23-02\/publication\/28590\"> Acad\u00e9mies nationales des sciences, de l\u2019ing\u00e9nierie et de la m\u00e9decine (NASEM)<\/a>, le r\u00e9chauffement atmosph\u00e9rique est d\u2019origine humaine. Il est caus\u00e9 par les \u00e9missions actuelles et pass\u00e9es, provenant principalement des pays industrialis\u00e9s et des grandes entreprises, et est directement li\u00e9 aux \u00e9pisodes de froid et de chaleur extr\u00eames ainsi qu\u2019aux \u00e9pisodes de fortes pr\u00e9cipitations \u00e0 grande \u00e9chelle.<\/p>\n\n<p class=\"wp-block-paragraph\">Deux \u00e9tudes r\u00e9centes d\u2019attribution rapide ont montr\u00e9 que les vagues de chaleur en Europe et en Am\u00e9rique du Nord auraient \u00e9t\u00e9 pratiquement impossibles sans le r\u00e9chauffement global de la plan\u00e8te, lui-m\u00eame caus\u00e9 par l\u2019accumulation de gaz \u00e0 effet de serre dans l\u2019atmosph\u00e8re due \u00e0 la combustion du charbon, du p\u00e9trole et du gaz, ainsi qu\u2019\u00e0 la destruction des for\u00eats.<\/p>\n\n<p class=\"wp-block-paragraph\">L&#8217;\u00e9tude d&#8217;attribution rapide men\u00e9e par des scientifiques de <a href=\"https:\/\/www.worldweatherattribution.org\/fossil-fuel-emissions-have-rapidly-worsened-european-heatwaves-in-just-a-few-decades\/\">World Weather Attribution (WWA)<\/a> et portant sur l&#8217;influence du d\u00e9r\u00e8glement climatique a r\u00e9v\u00e9l\u00e9 qu&#8217;une vague de chaleur similaire survenue en juin en Europe occidentale aurait \u00e9t\u00e9 d&#8217;environ 3,5 \u00b0C moins intense si elle s&#8217;\u00e9tait produite il y a 50 ans.<\/p>\n\n<h3 id=\"h-2026-battra-t-elle-tous-les-records-de-chaleur\" class=\"wp-block-heading\"><strong>2026 battra-t-elle tous les records de chaleur ?<\/strong><\/h3>\n\n<p class=\"wp-block-paragraph\">Les scientifiques estiment d\u2019ores et d\u00e9j\u00e0 que 2026 pourrait devenir, dans sa globalit\u00e9, l\u2019une des ann\u00e9es les plus chaudes jamais enregistr\u00e9es, et pr\u00e9voient \u00e9galement que 2027 pourrait encore battre ce record.&nbsp;<\/p>\n\n<p class=\"wp-block-paragraph\">Le <a href=\"https:\/\/www.metoffice.gov.uk\/blog\/2026\/an-unprecedented-el-nio-and-its-implications-for-the-weather-forecast\">Met Office<\/a> britannique estime quant \u00e0 lui que 2026 restera dans les m\u00e9moires en raison d\u2019un ph\u00e9nom\u00e8ne El Ni\u00f1o sans pr\u00e9c\u00e9dent, qui deviendrait le plus important depuis le 19e si\u00e8cle. Le bureau a ajout\u00e9 que 2027 devrait en outre remplacer 2024 au rang d&#8217;ann\u00e9e la plus chaude jamais enregistr\u00e9e et que le r\u00e9chauffement de la plan\u00e8te d\u00e9passerait temporairement 1,5 \u00b0C.<\/p>\n\n<p class=\"wp-block-paragraph\">Il y a de quoi s\u2019inqui\u00e9ter, le ph\u00e9nom\u00e8ne El Ni\u00f1o pouvant entra\u00eener des cons\u00e9quences m\u00e9t\u00e9orologiques extr\u00eames \u00e0 grande \u00e9chelle, notamment des s\u00e9cheresses dans certaines r\u00e9gions et des temp\u00eates et des pr\u00e9cipitations intenses dans d&#8217;autres.<\/p>\n\n<h3 id=\"h-quel-est-l-impact-de-la-vague-de-chaleur-qui-touche-l-europe-sur-les-niveaux-des-cours-d-eau-et-les-centrales-nucleaires\" class=\"wp-block-heading\"><strong>Quel est l&#8217;impact de la vague de chaleur qui touche l&#8217;Europe sur les niveaux des cours d&#8217;eau et les centrales nucl\u00e9aires ?<\/strong><\/h3>\n\n<p class=\"wp-block-paragraph\">En ao\u00fbt, les niveaux d&#8217;eau de quatre des principaux fleuves europ\u00e9ens \u2013 la Loire, le P\u00f4, le Rhin et le Danube \u2013 ont atteint <a href=\"https:\/\/eu-space.europa.eu\/components\/earth-observation-copernicus\/image-of-the-day\/europes-major-rivers-record-low-water-levels\">des niveaux historiquement bas<\/a>. La s\u00e9cheresse prolong\u00e9e exerce une <a href=\"https:\/\/joint-research-centre.ec.europa.eu\/jrc-news-and-updates\/worsening-drought-and-record-heat-grip-europe-fuelling-extraordinary-wildfires-and-extremely-low-2026-08-12_en\">pression croissante<\/a> sur les ressources en eau, les cultures, les syst\u00e8mes \u00e9nerg\u00e9tiques, le transport fluvial, le tourisme et les \u00e9cosyst\u00e8mes.<\/p>\n\n<p class=\"wp-block-paragraph\">La s\u00e9cheresse affecte \u00e9galement les centrales nucl\u00e9aires, qui d\u00e9pendent de grandes quantit\u00e9s d&#8217;eau pour leur refroidissement. Cet \u00e9t\u00e9, les niveaux exceptionnellement bas du Danube ont notamment contraint plusieurs r\u00e9acteurs en Europe centrale \u00e0 r\u00e9duire ou interrompre leur production.<\/p>\n\n<figure class=\"wp-block-image size-large\"><img loading=\"lazy\" decoding=\"async\" width=\"1024\" height=\"683\" src=\"https:\/\/www.greenpeace.org\/static\/planet4-luxembourg-stateless\/2026\/09\/901dcf88-image-1024x683.jpeg\" alt=\"\" class=\"wp-image-30172\" title=\"The Paks Nuclear Power Plant in Paks, Hungary.\" srcset=\"https:\/\/www.greenpeace.org\/static\/planet4-luxembourg-stateless\/2026\/09\/901dcf88-image-1024x683.jpeg 1024w, https:\/\/www.greenpeace.org\/static\/planet4-luxembourg-stateless\/2026\/09\/901dcf88-image-300x200.jpeg 300w, https:\/\/www.greenpeace.org\/static\/planet4-luxembourg-stateless\/2026\/09\/901dcf88-image-768x512.jpeg 768w, https:\/\/www.greenpeace.org\/static\/planet4-luxembourg-stateless\/2026\/09\/901dcf88-image-1536x1024.jpeg 1536w, https:\/\/www.greenpeace.org\/static\/planet4-luxembourg-stateless\/2026\/09\/901dcf88-image-510x340.jpeg 510w, https:\/\/www.greenpeace.org\/static\/planet4-luxembourg-stateless\/2026\/09\/901dcf88-image.jpeg 2048w\" sizes=\"auto, (max-width: 1024px) 100vw, 1024px\" \/><figcaption class=\"wp-element-caption\">La centrale nucl\u00e9aire de Paks, en Hongrie. La centrale a \u00e9t\u00e9 contrainte de r\u00e9duire sa production et devrait fermer compl\u00e8tement en raison de la s\u00e9cheresse qui touche le Danube. \u00a9 Balint Szentgallay \/ NurPhoto<\/figcaption><\/figure>\n\n<p class=\"wp-block-paragraph\">Cela rappelle la vuln\u00e9rabilit\u00e9 des centrales nucl\u00e9aires aux effets du d\u00e9r\u00e8glement climatique et la n\u00e9cessit\u00e9 de d\u00e9velopper un syst\u00e8me \u00e9nerg\u00e9tique plus r\u00e9silient fond\u00e9 sur les renouvelables.<\/p>\n\n<h3 id=\"h-allons-nous-depasser-la-limite-de-1-5-c\" class=\"wp-block-heading\"><strong>Allons-nous d\u00e9passer la limite de 1,5\u00b0C ?<\/strong><\/h3>\n\n<p class=\"wp-block-paragraph\">Franchir la limite de 1,5 \u00b0C du r\u00e9chauffement plan\u00e9taire global accro\u00eet le risque d\u2019atteindre plusieurs de points de basculement climatiques, qui seraient irr\u00e9versibles et entra\u00eeneraient de graves dommages environnementaux. Les records de chaleur cons\u00e9cutifs depuis plusieurs ann\u00e9es montrent \u00e0 quel point l\u2019objectif de l\u2019accord de Paris devient de plus en plus difficile \u00e0 atteindre. Mais cette r\u00e9alit\u00e9 doit servir d\u2019appel \u00e0 l\u2019action pour que tous les pays renforcent consid\u00e9rablement leurs ambitions climatiques, en particulier les pays d\u00e9velopp\u00e9s qui ont la responsabilit\u00e9 historique d\u2019agir les premiers, et le plus rapidement possible.<\/p>\n\n<p class=\"wp-block-paragraph\">Il est plus que probable, <a href=\"https:\/\/wmo.int\/news\/media-centre\/new-report-suggests-more-global-temperature-records-ahead\">selon l\u2019OMM<\/a>,&nbsp; que la temp\u00e9rature globale d\u00e9passe temporairement 1,5\u00b0C, pendant au moins un an entre 2026 et 2030. L\u2019organisation a \u00e9galement indiqu\u00e9 que la moyenne sur cinq ans de la p\u00e9riode 2026-2030 d\u00e9passerait 1,5 \u00b0C, ce qui s&#8217;accompagnerait d&#8217;un risque accru de ph\u00e9nom\u00e8nes m\u00e9t\u00e9orologiques extr\u00eames.<\/p>\n\n<p class=\"wp-block-paragraph\">Cela signifie qu\u2019il est temps de faire preuve d&#8217;ambition politique ! Les gouvernements doivent d\u00e9sormais r\u00e9agir et, \u00e0 l\u2019approche de moments d\u00e9cisifs et d\u2019\u00e9ch\u00e9ances cruciales, nos responsables doivent acc\u00e9l\u00e9rer la transition juste vers l\u2019abandon des \u00e9nergies fossiles, avec une rapidit\u00e9 et un engagement \u00e0 la hauteur des enjeux.<\/p>\n\n<figure class=\"wp-block-image size-large\"><img loading=\"lazy\" decoding=\"async\" width=\"1024\" height=\"683\" src=\"https:\/\/www.greenpeace.org\/static\/planet4-luxembourg-stateless\/2026\/09\/949e4218-image-1024x683.jpeg\" alt=\"\" class=\"wp-image-30174\" title=\"Fires NVDA at the Spanish Parliament in Madrid\" srcset=\"https:\/\/www.greenpeace.org\/static\/planet4-luxembourg-stateless\/2026\/09\/949e4218-image-1024x683.jpeg 1024w, https:\/\/www.greenpeace.org\/static\/planet4-luxembourg-stateless\/2026\/09\/949e4218-image-300x200.jpeg 300w, https:\/\/www.greenpeace.org\/static\/planet4-luxembourg-stateless\/2026\/09\/949e4218-image-768x512.jpeg 768w, https:\/\/www.greenpeace.org\/static\/planet4-luxembourg-stateless\/2026\/09\/949e4218-image-510x340.jpeg 510w, https:\/\/www.greenpeace.org\/static\/planet4-luxembourg-stateless\/2026\/09\/949e4218-image.jpeg 1200w\" sizes=\"auto, (max-width: 1024px) 100vw, 1024px\" \/><figcaption class=\"wp-element-caption\">Des activistes de Greenpeace Espagne manifestent \u00e0 Madrid pour exprimer leur solidarit\u00e9 avec les milliers de personnes touch\u00e9es par les incendies, qui ont fait au moins 15 victimes directes et contraint plus de 100 000 personnes \u00e0 quitter leur domicile. \u00a9 Greenpeace \/ Guillermo Carazo<\/figcaption><\/figure>\n\n<h3 id=\"h-ce-que-les-gouvernements-peuvent-faire-pour-accelerer-la-transition-energetique\" class=\"wp-block-heading\"><strong>Ce que les gouvernements peuvent faire pour acc\u00e9l\u00e9rer la transition \u00e9nerg\u00e9tique<\/strong><\/h3>\n\n<p class=\"wp-block-paragraph\">Les gouvernements peuvent et doivent acc\u00e9l\u00e9rer la transition vers des<a href=\"https:\/\/www.greenpeace.org\/international\/story\/81935\/war-renewables-security-imperative-energy-mena-west-asia\/\"> syst\u00e8mes d\u2019\u00e9nergie renouvelable d\u00e9centralis\u00e9s<\/a>, aliment\u00e9s par des sources bon march\u00e9, fiables et abondantes, telles que l\u2019\u00e9olien et le solaire. La bonne nouvelle, c\u2019est que la transition vers les \u00e9nergies renouvelables s\u2019acc\u00e9l\u00e8re d\u00e9j\u00e0. Un <a href=\"https:\/\/www.greenpeace.org\/international\/story\/84039\/how-renewable-energy-vision-10-years-reality\/\">rapport de Greenpeace International<\/a> a r\u00e9v\u00e9l\u00e9 que le rythme des changements observ\u00e9s au cours des dix derni\u00e8res ann\u00e9es suscitait un grand espoir pour un avenir renouvelable \u2013 gr\u00e2ce notamment \u00e0 la baisse significative des co\u00fbts des technologies solaires, \u00e9oliennes et de stockage par batterie.<\/p>\n\n<p class=\"wp-block-paragraph\">\u00c0 l\u2019approche de l\u2019Assembl\u00e9e g\u00e9n\u00e9rale des Nations unies en septembre et de la conf\u00e9rence des Nations unies sur le climat (COP31) en novembre, les gouvernements doivent affirmer leur volont\u00e9 d\u2019acc\u00e9l\u00e9rer vers une transition juste. Cela implique notamment de veiller \u00e0 ce que les r\u00e9sultats de la COP31, qui visent \u00e0 accro\u00eetre la part de l\u2019\u00e9lectricit\u00e9 dans la demande \u00e9nerg\u00e9tique finale mondiale, constituent r\u00e9ellement une voie vers la fin de la d\u00e9pendance aux \u00e9nergies fossiles. Il est \u00e9galement temps de demander des comptes aux entreprises de ce secteur, en leur faisant payer pour les dommages qu\u2019elles causent depuis des ann\u00e9es.&nbsp;<\/p>\n\n<p class=\"wp-block-paragraph\">Les solutions existent d\u00e9j\u00e0, et les \u00e9nergies renouvelables locales ont le vent en poupe : le solaire, l\u2019\u00e9olien et le stockage par batterie fournissent aujourd\u2019hui une \u00e9nergie bon march\u00e9 et fiable, 24 heures sur 24, 7 jours sur 7. En nous mobilisant activement pour red\u00e9finir le paysage \u00e9nerg\u00e9tique gr\u00e2ce \u00e0 une \u00e9nergie renouvelable bon march\u00e9 et fiable, nous pourrons, \u00e0 terme, garantir une v\u00e9ritable s\u00e9curit\u00e9 et stabilit\u00e9 climatiques.<\/p>\n\n<hr class=\"wp-block-separator has-alpha-channel-opacity is-style-wide\"\/>\n\n<p class=\"has-small-font-size wp-block-paragraph\" id=\"h-aaron-gray-block-est-charge-de-communication-politiques-climatiques-pour-greenpeace-international\">\u00c0 propos de l\u2019auteur : <a href=\"https:\/\/www.greenpeace.org\/international\/author\/aaron-gray-block\/\">Aaron Gray-Block<\/a> est charg\u00e9 de communication politiques climatiques pour Greenpeace International.<br>Article publi\u00e9 \u00e0 l\u2019origine sur le site de Greenpeace International et traduit et modifi\u00e9 par nos soins.<\/p>\n\n<figure class=\"wp-block-table\"><table class=\"has-fixed-layout\"><tbody><tr><td class=\"has-text-align-center\" data-align=\"center\"><strong>Merci de faire partie de notre communaut\u00e9\u00a0<\/strong>\u2764\ufe0f<br>Demandez aux gouvernements du monde entier de tenir les entreprises du p\u00e9trole, du gaz et du charbon responsables des d\u00e9g\u00e2ts qu\u2019elles causent et de leur faire payer leur juste part.<br><a href=\"https:\/\/www.greenpeace.org\/luxembourg\/fr\/petition\/ils-detruisent-nous-payons\/?codespec=701bE00000k3kDbQAI\" target=\"_blank\" rel=\"noreferrer noopener\">Je signe la p\u00e9tition<\/a><\/td><\/tr><\/tbody><\/table><\/figure>\n","protected":false},"excerpt":{"rendered":"<p>Canicules, incendies, s\u00e9cheresses et inondations : ce que les catastrophes de 2026 r\u00e9v\u00e8lent de l\u2019aggravation de la crise climatique et de notre d\u00e9pendance aux \u00e9nergies fossiles.<\/p>\n","protected":false},"author":25,"featured_media":30170,"comment_status":"closed","ping_status":"closed","sticky":false,"template":"","format":"standard","meta":{"ep_exclude_from_search":false,"p4_og_title":"","p4_og_description":"","p4_og_image":"","p4_og_image_id":"","p4_seo_canonical_url":"","p4_campaign_name":"","p4_local_project":"","p4_basket_name":"","p4_department":"","footnotes":""},"categories":[41],"tags":[35],"p4-page-type":[85],"class_list":["post-30163","post","type-post","status-publish","format-standard","has-post-thumbnail","hentry","category-climat","tag-energiesfossiles","p4-page-type-actualites"],"yoast_head":"<!-- This site is optimized with the Yoast SEO Premium plugin v23.9 (Yoast SEO v23.9) - https:\/\/yoast.com\/wordpress\/plugins\/seo\/ -->\n<title>Ce que les catastrophes \u00ab naturelles \u00bb de 2026 disent de la crise climatique - Greenpeace Luxembourg<\/title>\n<meta name=\"description\" content=\"Canicules, incendies, s\u00e9cheresses et inondations : ce que les catastrophes de 2026 r\u00e9v\u00e8lent de l\u2019aggravation de la crise climatique et de notre d\u00e9pendance aux \u00e9nergies fossiles.\" \/>\n<meta name=\"robots\" content=\"index, follow, max-snippet:-1, max-image-preview:large, max-video-preview:-1\" \/>\n<link rel=\"canonical\" href=\"https:\/\/www.greenpeace.org\/luxembourg\/fr\/actualites\/30163\/catastrophes-naturelles-2026-crise-climatique\/\" \/>\n<meta property=\"og:locale\" content=\"fr_FR\" \/>\n<meta property=\"og:type\" content=\"article\" \/>\n<meta property=\"og:title\" content=\"Ce que les catastrophes \u00ab naturelles \u00bb de 2026 disent de la crise climatique\" \/>\n<meta property=\"og:description\" content=\"Canicules, incendies, s\u00e9cheresses et inondations : ce que les catastrophes de 2026 r\u00e9v\u00e8lent de l\u2019aggravation de la crise climatique et de notre d\u00e9pendance aux \u00e9nergies fossiles.\" \/>\n<meta property=\"og:url\" content=\"https:\/\/www.greenpeace.org\/luxembourg\/fr\/actualites\/30163\/catastrophes-naturelles-2026-crise-climatique\/\" \/>\n<meta property=\"og:site_name\" content=\"Greenpeace Luxembourg\" \/>\n<meta property=\"article:publisher\" content=\"https:\/\/www.facebook.com\/greenpeaceluxembourg\" \/>\n<meta property=\"article:published_time\" content=\"2026-09-03T09:21:27+00:00\" \/>\n<meta property=\"article:modified_time\" content=\"2026-09-03T09:36:51+00:00\" \/>\n<meta property=\"og:image\" content=\"https:\/\/www.greenpeace.org\/static\/planet4-luxembourg-stateless\/2026\/09\/3b251fe1-image.jpeg\" \/>\n\t<meta property=\"og:image:width\" content=\"1200\" \/>\n\t<meta property=\"og:image:height\" content=\"800\" \/>\n\t<meta property=\"og:image:type\" content=\"image\/jpeg\" \/>\n<meta name=\"author\" content=\"Esther Wildanger\" \/>\n<meta name=\"twitter:card\" content=\"summary_large_image\" \/>\n<meta name=\"twitter:label1\" content=\"Written by\" \/>\n\t<meta name=\"twitter:data1\" content=\"Esther Wildanger\" \/>\n\t<meta name=\"twitter:label2\" content=\"Est. reading time\" \/>\n\t<meta name=\"twitter:data2\" content=\"10 minutes\" \/>\n<script type=\"application\/ld+json\" class=\"yoast-schema-graph\">{\"@context\":\"https:\/\/schema.org\",\"@graph\":[{\"@type\":\"Article\",\"@id\":\"https:\/\/www.greenpeace.org\/luxembourg\/fr\/actualites\/30163\/catastrophes-naturelles-2026-crise-climatique\/#article\",\"isPartOf\":{\"@id\":\"https:\/\/www.greenpeace.org\/luxembourg\/fr\/actualites\/30163\/catastrophes-naturelles-2026-crise-climatique\/\"},\"author\":{\"name\":\"Esther Wildanger\",\"@id\":\"https:\/\/www.greenpeace.org\/luxembourg\/fr\/#\/schema\/person\/3d0e81a859b59009fec36a8552ef76a7\"},\"headline\":\"Ce que les catastrophes \u00ab naturelles \u00bb de 2026 disent de la crise climatique\",\"datePublished\":\"2026-09-03T09:21:27+00:00\",\"dateModified\":\"2026-09-03T09:36:51+00:00\",\"mainEntityOfPage\":{\"@id\":\"https:\/\/www.greenpeace.org\/luxembourg\/fr\/actualites\/30163\/catastrophes-naturelles-2026-crise-climatique\/\"},\"wordCount\":1972,\"publisher\":{\"@id\":\"https:\/\/www.greenpeace.org\/luxembourg\/fr\/#organization\"},\"image\":{\"@id\":\"https:\/\/www.greenpeace.org\/luxembourg\/fr\/actualites\/30163\/catastrophes-naturelles-2026-crise-climatique\/#primaryimage\"},\"thumbnailUrl\":\"https:\/\/www.greenpeace.org\/static\/planet4-luxembourg-stateless\/2026\/09\/3b251fe1-image.jpeg\",\"keywords\":[\"EnergiesFossiles\"],\"articleSection\":[\"Climat\"],\"inLanguage\":\"fr-LU\"},{\"@type\":\"WebPage\",\"@id\":\"https:\/\/www.greenpeace.org\/luxembourg\/fr\/actualites\/30163\/catastrophes-naturelles-2026-crise-climatique\/\",\"url\":\"https:\/\/www.greenpeace.org\/luxembourg\/fr\/actualites\/30163\/catastrophes-naturelles-2026-crise-climatique\/\",\"name\":\"Ce que les catastrophes \u00ab naturelles \u00bb de 2026 disent de la crise climatique - Greenpeace Luxembourg\",\"isPartOf\":{\"@id\":\"https:\/\/www.greenpeace.org\/luxembourg\/fr\/#website\"},\"primaryImageOfPage\":{\"@id\":\"https:\/\/www.greenpeace.org\/luxembourg\/fr\/actualites\/30163\/catastrophes-naturelles-2026-crise-climatique\/#primaryimage\"},\"image\":{\"@id\":\"https:\/\/www.greenpeace.org\/luxembourg\/fr\/actualites\/30163\/catastrophes-naturelles-2026-crise-climatique\/#primaryimage\"},\"thumbnailUrl\":\"https:\/\/www.greenpeace.org\/static\/planet4-luxembourg-stateless\/2026\/09\/3b251fe1-image.jpeg\",\"datePublished\":\"2026-09-03T09:21:27+00:00\",\"dateModified\":\"2026-09-03T09:36:51+00:00\",\"description\":\"Canicules, incendies, s\u00e9cheresses et inondations : ce que les catastrophes de 2026 r\u00e9v\u00e8lent de l\u2019aggravation de la crise climatique et de notre d\u00e9pendance aux \u00e9nergies fossiles.\",\"breadcrumb\":{\"@id\":\"https:\/\/www.greenpeace.org\/luxembourg\/fr\/actualites\/30163\/catastrophes-naturelles-2026-crise-climatique\/#breadcrumb\"},\"inLanguage\":\"fr-LU\",\"potentialAction\":[{\"@type\":\"ReadAction\",\"target\":[\"https:\/\/www.greenpeace.org\/luxembourg\/fr\/actualites\/30163\/catastrophes-naturelles-2026-crise-climatique\/\"]}]},{\"@type\":\"ImageObject\",\"inLanguage\":\"fr-LU\",\"@id\":\"https:\/\/www.greenpeace.org\/luxembourg\/fr\/actualites\/30163\/catastrophes-naturelles-2026-crise-climatique\/#primaryimage\",\"url\":\"https:\/\/www.greenpeace.org\/static\/planet4-luxembourg-stateless\/2026\/09\/3b251fe1-image.jpeg\",\"contentUrl\":\"https:\/\/www.greenpeace.org\/static\/planet4-luxembourg-stateless\/2026\/09\/3b251fe1-image.jpeg\",\"width\":1200,\"height\":800},{\"@type\":\"BreadcrumbList\",\"@id\":\"https:\/\/www.greenpeace.org\/luxembourg\/fr\/actualites\/30163\/catastrophes-naturelles-2026-crise-climatique\/#breadcrumb\",\"itemListElement\":[{\"@type\":\"ListItem\",\"position\":1,\"name\":\"Home\",\"item\":\"https:\/\/www.greenpeace.org\/luxembourg\/fr\/\"},{\"@type\":\"ListItem\",\"position\":2,\"name\":\"Ce que les catastrophes \u00ab naturelles \u00bb de 2026 disent de la crise climatique\"}]},{\"@type\":\"WebSite\",\"@id\":\"https:\/\/www.greenpeace.org\/luxembourg\/fr\/#website\",\"url\":\"https:\/\/www.greenpeace.org\/luxembourg\/fr\/\",\"name\":\"Greenpeace Luxembourg\",\"description\":\"Greenpeace existe parce que cette Terre fragile a besoin d&#039;une voix. Elle a besoin de solutions. De changement. D&#039;actions.\",\"publisher\":{\"@id\":\"https:\/\/www.greenpeace.org\/luxembourg\/fr\/#organization\"},\"potentialAction\":[{\"@type\":\"SearchAction\",\"target\":{\"@type\":\"EntryPoint\",\"urlTemplate\":\"https:\/\/www.greenpeace.org\/luxembourg\/fr\/?s={search_term_string}\"},\"query-input\":{\"@type\":\"PropertyValueSpecification\",\"valueRequired\":true,\"valueName\":\"search_term_string\"}}],\"inLanguage\":\"fr-LU\"},{\"@type\":\"Organization\",\"@id\":\"https:\/\/www.greenpeace.org\/luxembourg\/fr\/#organization\",\"name\":\"Greenpeace Luxembourg\",\"url\":\"https:\/\/www.greenpeace.org\/luxembourg\/fr\/\",\"logo\":{\"@type\":\"ImageObject\",\"inLanguage\":\"fr-LU\",\"@id\":\"https:\/\/www.greenpeace.org\/luxembourg\/fr\/#\/schema\/logo\/image\/\",\"url\":\"https:\/\/www.greenpeace.org\/static\/planet4-luxembourg-stateless\/2026\/03\/3e367f94-greenpeace_logo_green_rgb.png\",\"contentUrl\":\"https:\/\/www.greenpeace.org\/static\/planet4-luxembourg-stateless\/2026\/03\/3e367f94-greenpeace_logo_green_rgb.png\",\"width\":1080,\"height\":175,\"caption\":\"Greenpeace Luxembourg\"},\"image\":{\"@id\":\"https:\/\/www.greenpeace.org\/luxembourg\/fr\/#\/schema\/logo\/image\/\"},\"sameAs\":[\"https:\/\/www.facebook.com\/greenpeaceluxembourg\",\"https:\/\/www.instagram.com\/greenpeacelux\/\",\"https:\/\/www.linkedin.com\/company\/greenpeace-luxembourg\/\",\"https:\/\/www.threads.com\/@greenpeacelux\",\"https:\/\/bsky.app\/profile\/greenpeacelux.bsky.social\",\"https:\/\/www.youtube.com\/@GreenpeaceLux\",\"https:\/\/www.tiktok.com\/@greenpeace_lux\"]},{\"@type\":\"Person\",\"@id\":\"https:\/\/www.greenpeace.org\/luxembourg\/fr\/#\/schema\/person\/3d0e81a859b59009fec36a8552ef76a7\",\"name\":\"Esther Wildanger\",\"url\":\"https:\/\/www.greenpeace.org\/luxembourg\/fr\/author\/ewildang\/\"}]}<\/script>\n<!-- \/ Yoast SEO Premium plugin. -->","yoast_head_json":{"title":"Ce que les catastrophes \u00ab naturelles \u00bb de 2026 disent de la crise climatique - Greenpeace Luxembourg","description":"Canicules, incendies, s\u00e9cheresses et inondations : ce que les catastrophes de 2026 r\u00e9v\u00e8lent de l\u2019aggravation de la crise climatique et de notre d\u00e9pendance aux \u00e9nergies fossiles.","robots":{"index":"index","follow":"follow","max-snippet":"max-snippet:-1","max-image-preview":"max-image-preview:large","max-video-preview":"max-video-preview:-1"},"canonical":"https:\/\/www.greenpeace.org\/luxembourg\/fr\/actualites\/30163\/catastrophes-naturelles-2026-crise-climatique\/","og_locale":"fr_FR","og_type":"article","og_title":"Ce que les catastrophes \u00ab naturelles \u00bb de 2026 disent de la crise climatique","og_description":"Canicules, incendies, s\u00e9cheresses et inondations : ce que les catastrophes de 2026 r\u00e9v\u00e8lent de l\u2019aggravation de la crise climatique et de notre d\u00e9pendance aux \u00e9nergies fossiles.","og_url":"https:\/\/www.greenpeace.org\/luxembourg\/fr\/actualites\/30163\/catastrophes-naturelles-2026-crise-climatique\/","og_site_name":"Greenpeace Luxembourg","article_publisher":"https:\/\/www.facebook.com\/greenpeaceluxembourg","article_published_time":"2026-09-03T09:21:27+00:00","article_modified_time":"2026-09-03T09:36:51+00:00","og_image":[{"width":1200,"height":800,"url":"https:\/\/www.greenpeace.org\/static\/planet4-luxembourg-stateless\/2026\/09\/3b251fe1-image.jpeg","type":"image\/jpeg"}],"author":"Esther Wildanger","twitter_card":"summary_large_image","twitter_misc":{"Written by":"Esther Wildanger","Est. reading time":"10 minutes"},"schema":{"@context":"https:\/\/schema.org","@graph":[{"@type":"Article","@id":"https:\/\/www.greenpeace.org\/luxembourg\/fr\/actualites\/30163\/catastrophes-naturelles-2026-crise-climatique\/#article","isPartOf":{"@id":"https:\/\/www.greenpeace.org\/luxembourg\/fr\/actualites\/30163\/catastrophes-naturelles-2026-crise-climatique\/"},"author":{"name":"Esther Wildanger","@id":"https:\/\/www.greenpeace.org\/luxembourg\/fr\/#\/schema\/person\/3d0e81a859b59009fec36a8552ef76a7"},"headline":"Ce que les catastrophes \u00ab naturelles \u00bb de 2026 disent de la crise climatique","datePublished":"2026-09-03T09:21:27+00:00","dateModified":"2026-09-03T09:36:51+00:00","mainEntityOfPage":{"@id":"https:\/\/www.greenpeace.org\/luxembourg\/fr\/actualites\/30163\/catastrophes-naturelles-2026-crise-climatique\/"},"wordCount":1972,"publisher":{"@id":"https:\/\/www.greenpeace.org\/luxembourg\/fr\/#organization"},"image":{"@id":"https:\/\/www.greenpeace.org\/luxembourg\/fr\/actualites\/30163\/catastrophes-naturelles-2026-crise-climatique\/#primaryimage"},"thumbnailUrl":"https:\/\/www.greenpeace.org\/static\/planet4-luxembourg-stateless\/2026\/09\/3b251fe1-image.jpeg","keywords":["EnergiesFossiles"],"articleSection":["Climat"],"inLanguage":"fr-LU"},{"@type":"WebPage","@id":"https:\/\/www.greenpeace.org\/luxembourg\/fr\/actualites\/30163\/catastrophes-naturelles-2026-crise-climatique\/","url":"https:\/\/www.greenpeace.org\/luxembourg\/fr\/actualites\/30163\/catastrophes-naturelles-2026-crise-climatique\/","name":"Ce que les catastrophes \u00ab naturelles \u00bb de 2026 disent de la crise climatique - Greenpeace Luxembourg","isPartOf":{"@id":"https:\/\/www.greenpeace.org\/luxembourg\/fr\/#website"},"primaryImageOfPage":{"@id":"https:\/\/www.greenpeace.org\/luxembourg\/fr\/actualites\/30163\/catastrophes-naturelles-2026-crise-climatique\/#primaryimage"},"image":{"@id":"https:\/\/www.greenpeace.org\/luxembourg\/fr\/actualites\/30163\/catastrophes-naturelles-2026-crise-climatique\/#primaryimage"},"thumbnailUrl":"https:\/\/www.greenpeace.org\/static\/planet4-luxembourg-stateless\/2026\/09\/3b251fe1-image.jpeg","datePublished":"2026-09-03T09:21:27+00:00","dateModified":"2026-09-03T09:36:51+00:00","description":"Canicules, incendies, s\u00e9cheresses et inondations : ce que les catastrophes de 2026 r\u00e9v\u00e8lent de l\u2019aggravation de la crise climatique et de notre d\u00e9pendance aux \u00e9nergies fossiles.","breadcrumb":{"@id":"https:\/\/www.greenpeace.org\/luxembourg\/fr\/actualites\/30163\/catastrophes-naturelles-2026-crise-climatique\/#breadcrumb"},"inLanguage":"fr-LU","potentialAction":[{"@type":"ReadAction","target":["https:\/\/www.greenpeace.org\/luxembourg\/fr\/actualites\/30163\/catastrophes-naturelles-2026-crise-climatique\/"]}]},{"@type":"ImageObject","inLanguage":"fr-LU","@id":"https:\/\/www.greenpeace.org\/luxembourg\/fr\/actualites\/30163\/catastrophes-naturelles-2026-crise-climatique\/#primaryimage","url":"https:\/\/www.greenpeace.org\/static\/planet4-luxembourg-stateless\/2026\/09\/3b251fe1-image.jpeg","contentUrl":"https:\/\/www.greenpeace.org\/static\/planet4-luxembourg-stateless\/2026\/09\/3b251fe1-image.jpeg","width":1200,"height":800},{"@type":"BreadcrumbList","@id":"https:\/\/www.greenpeace.org\/luxembourg\/fr\/actualites\/30163\/catastrophes-naturelles-2026-crise-climatique\/#breadcrumb","itemListElement":[{"@type":"ListItem","position":1,"name":"Home","item":"https:\/\/www.greenpeace.org\/luxembourg\/fr\/"},{"@type":"ListItem","position":2,"name":"Ce que les catastrophes \u00ab naturelles \u00bb de 2026 disent de la crise climatique"}]},{"@type":"WebSite","@id":"https:\/\/www.greenpeace.org\/luxembourg\/fr\/#website","url":"https:\/\/www.greenpeace.org\/luxembourg\/fr\/","name":"Greenpeace Luxembourg","description":"Greenpeace existe parce que cette Terre fragile a besoin d&#039;une voix. Elle a besoin de solutions. De changement. D&#039;actions.","publisher":{"@id":"https:\/\/www.greenpeace.org\/luxembourg\/fr\/#organization"},"potentialAction":[{"@type":"SearchAction","target":{"@type":"EntryPoint","urlTemplate":"https:\/\/www.greenpeace.org\/luxembourg\/fr\/?s={search_term_string}"},"query-input":{"@type":"PropertyValueSpecification","valueRequired":true,"valueName":"search_term_string"}}],"inLanguage":"fr-LU"},{"@type":"Organization","@id":"https:\/\/www.greenpeace.org\/luxembourg\/fr\/#organization","name":"Greenpeace Luxembourg","url":"https:\/\/www.greenpeace.org\/luxembourg\/fr\/","logo":{"@type":"ImageObject","inLanguage":"fr-LU","@id":"https:\/\/www.greenpeace.org\/luxembourg\/fr\/#\/schema\/logo\/image\/","url":"https:\/\/www.greenpeace.org\/static\/planet4-luxembourg-stateless\/2026\/03\/3e367f94-greenpeace_logo_green_rgb.png","contentUrl":"https:\/\/www.greenpeace.org\/static\/planet4-luxembourg-stateless\/2026\/03\/3e367f94-greenpeace_logo_green_rgb.png","width":1080,"height":175,"caption":"Greenpeace Luxembourg"},"image":{"@id":"https:\/\/www.greenpeace.org\/luxembourg\/fr\/#\/schema\/logo\/image\/"},"sameAs":["https:\/\/www.facebook.com\/greenpeaceluxembourg","https:\/\/www.instagram.com\/greenpeacelux\/","https:\/\/www.linkedin.com\/company\/greenpeace-luxembourg\/","https:\/\/www.threads.com\/@greenpeacelux","https:\/\/bsky.app\/profile\/greenpeacelux.bsky.social","https:\/\/www.youtube.com\/@GreenpeaceLux","https:\/\/www.tiktok.com\/@greenpeace_lux"]},{"@type":"Person","@id":"https:\/\/www.greenpeace.org\/luxembourg\/fr\/#\/schema\/person\/3d0e81a859b59009fec36a8552ef76a7","name":"Esther Wildanger","url":"https:\/\/www.greenpeace.org\/luxembourg\/fr\/author\/ewildang\/"}]}},"_links":{"self":[{"href":"https:\/\/www.greenpeace.org\/luxembourg\/fr\/wp-json\/wp\/v2\/posts\/30163","targetHints":{"allow":["GET"]}}],"collection":[{"href":"https:\/\/www.greenpeace.org\/luxembourg\/fr\/wp-json\/wp\/v2\/posts"}],"about":[{"href":"https:\/\/www.greenpeace.org\/luxembourg\/fr\/wp-json\/wp\/v2\/types\/post"}],"author":[{"embeddable":true,"href":"https:\/\/www.greenpeace.org\/luxembourg\/fr\/wp-json\/wp\/v2\/users\/25"}],"replies":[{"embeddable":true,"href":"https:\/\/www.greenpeace.org\/luxembourg\/fr\/wp-json\/wp\/v2\/comments?post=30163"}],"version-history":[{"count":2,"href":"https:\/\/www.greenpeace.org\/luxembourg\/fr\/wp-json\/wp\/v2\/posts\/30163\/revisions"}],"predecessor-version":[{"id":30181,"href":"https:\/\/www.greenpeace.org\/luxembourg\/fr\/wp-json\/wp\/v2\/posts\/30163\/revisions\/30181"}],"wp:featuredmedia":[{"embeddable":true,"href":"https:\/\/www.greenpeace.org\/luxembourg\/fr\/wp-json\/wp\/v2\/media\/30170"}],"wp:attachment":[{"href":"https:\/\/www.greenpeace.org\/luxembourg\/fr\/wp-json\/wp\/v2\/media?parent=30163"}],"wp:term":[{"taxonomy":"category","embeddable":true,"href":"https:\/\/www.greenpeace.org\/luxembourg\/fr\/wp-json\/wp\/v2\/categories?post=30163"},{"taxonomy":"post_tag","embeddable":true,"href":"https:\/\/www.greenpeace.org\/luxembourg\/fr\/wp-json\/wp\/v2\/tags?post=30163"},{"taxonomy":"p4-page-type","embeddable":true,"href":"https:\/\/www.greenpeace.org\/luxembourg\/fr\/wp-json\/wp\/v2\/p4-page-type?post=30163"}],"curies":[{"name":"wp","href":"https:\/\/api.w.org\/{rel}","templated":true}]}}