{"id":3647,"date":"2019-01-24T11:14:44","date_gmt":"2019-01-24T09:14:44","guid":{"rendered":"https:\/\/www.greenpeace.org\/luxembourg\/?p=3647"},"modified":"2021-12-01T17:32:39","modified_gmt":"2021-12-01T15:32:39","slug":"greenpeace-luxembourg-rejoint-la-lutte-contre-la-pollution-plastique","status":"publish","type":"post","link":"https:\/\/www.greenpeace.org\/luxembourg\/fr\/communiques-de-presse\/3647\/greenpeace-luxembourg-rejoint-la-lutte-contre-la-pollution-plastique\/","title":{"rendered":"Greenpeace Luxembourg rejoint la lutte contre la pollution plastique"},"content":{"rendered":"<p><em><strong>Esch-sur-Alzette &#8211;<\/strong> <strong>Apr\u00e8s des mois de n\u00e9gociations intenses, l\u2019Union Europ\u00e9enne vient de voter les lois tr\u00e8s attendues interdisant le plastique \u00e0 usage unique en Europe. Si le texte est un pas en avant significatif dans la lutte contre la pollution plastique, il ne r\u00e9pond pas suffisamment \u00e0 l\u2019urgence de la crise. C\u2019est pourquoi Greenpeace Luxembourg lance aujourd\u2019hui un <a href=\"http:\/\/www.noplastic.lu\">manifeste<\/a> demandant aux multinationales de r\u00e9duire leur d\u00e9pendance aux plastiques.<\/strong><\/em><\/p>\n<p>Depuis trop longtemps, les grandes entreprises se sont fait beaucoup d\u2019argent en introduisant de force les emballages plastiques dans nos vies, sans nous laisser la possibilit\u00e9 de l\u2019\u00e9viter. Le plastique \u00e0 usage unique est con\u00e7u pour \u00eatre utilis\u00e9 quelques minutes puis jet\u00e9. Il dispara\u00eet de nos vies rapidement, mais reste dans l\u2019environnement pour des si\u00e8cles, polluant ainsi nos oc\u00e9ans, nos rivi\u00e8res et le sol, blessant animaux comme humains.<\/p>\n<p>Les entreprises telles que Nestl\u00e9, Danone, Unilever, Procter &amp; Gamble, PepsiCo, Coca-Cola, Mars, Kraft Heinz, Mondelez, Colgate-Palmolive et Johnson and Johnson utilisent de plus en plus d\u2019emballages plastiques et m\u00eame s\u2019ils affirment eux-m\u00eame ne pas savoir o\u00f9 terminent leurs propres d\u00e9chets, leur unique solution consiste en une injonction \u00e0 la recyclabilit\u00e9 ou au recyclage.<\/p>\n<p>La v\u00e9rit\u00e9 c\u2019est que le recyclage n\u2019est pas la solution : plus de 90% du plastique cr\u00e9\u00e9 par l\u2019homme n\u2019a pas \u00e9t\u00e9 recycl\u00e9, et g\u00eet toujours dans les d\u00e9charges, termine dans la nature ou bien a \u00e9t\u00e9 incin\u00e9r\u00e9, dispersant ainsi des micro-particules toxiques dans l\u2019environnement. Nous ne pouvons tout simplement pas nous sortir de cette crise par le recyclage.<\/p>\n<p>\u00ab <em>Nous atteignons une \u00e9tape charni\u00e8re dans l\u2019usage des plastiques \u00e0 usage unique, et il est temps pour les multinationales soucieuses de la plan\u00e8te d\u2019aller plus loin que le simple recyclage. Le plastique jetable continue d\u2019\u00eatre d\u00e9vers\u00e9 dans nos oc\u00e9ans, nos rivi\u00e8res et nos vies \u00e0 un rythme alarmant.<\/em> \u00bb d\u00e9clare Pauline Maes, Charg\u00e9e de communication pour Greenpeace Luxembourg.<\/p>\n<p>Greenpeace cherche \u00e0 endiguer la surproduction de plastique \u00e0 sa source, en demandant aux grandes entreprises de r\u00e9duire leur production d\u2019emballages plastiques \u00e0 usage unique. L\u2019ONG demande \u00e9galement au grand public de changer ses habitudes de consommation afin de faire pression sur les groupes en question.<\/p>\n<p><strong>Notes:<\/strong><\/p>\n<p>Le manifeste est disponible sur : <a href=\"http:\/\/www.noplastic.lu\">www.noplastic.lu<\/a><\/p>\n<p>Une <a href=\"http:\/\/advances.sciencemag.org\/content\/3\/7\/e1700782\">\u00e9tude<\/a> r\u00e9v\u00e8le que 91% du plastique mondial n\u2019a pas \u00e9t\u00e9 recycl\u00e9. L\u2019\u00e9quivalent d\u2019un <a href=\"http:\/\/www3.weforum.org\/docs\/WEF_The_New_Plastics_Economy.pdf\">camion-benne rempli de plastique<\/a> est d\u00e9vers\u00e9 dans les oc\u00e9ans chaque minute.<br \/>\nLa pollution plastique peut \u00e9touffer ou \u00e9trangler la vie marine, et notamment les oiseaux de mer, tortues et baleines. Le Programme des Nations Unies pour l\u2019Environnement (PNUE) <a href=\"http:\/\/www.unesco.org\/new\/en\/natural-sciences\/ioc-oceans\/focus-areas\/rio-20-ocean\/blueprint-for-the-future-we-want\/marine-pollution\/facts-and-figures-on-marine-pollution\/\">estime<\/a> que le plastique est responsable du d\u00e9c\u00e8s de plusieurs centaines de milliers d\u2019animaux marins chaque ann\u00e9e.<\/p>\n<p><strong>Photos et vid\u00e9os:<\/strong><\/p>\n<p>Pour une large s\u00e9lection de photos et vid\u00e9os sur le th\u00e8me de la pollution plastique, <a href=\"https:\/\/media.greenpeace.org\/collection\/27MZIFJXOQE3R\">cliquez ici.<\/a><\/p>\n<div class=\"EmptyMessage\">Block content is empty. Check the block&#8217;s settings or remove it.<\/div>","protected":false},"excerpt":{"rendered":"<p>Esch-sur-Alzette, 24 Janvier 2019 &#8211; Apr\u00e8s des mois de n\u00e9gociations intenses, l\u2019Union Europ\u00e9enne vient de voter les lois tr\u00e8s attendues interdisant le plastique \u00e0 usage unique en Europe. Si le&hellip;<\/p>\n","protected":false},"author":18,"featured_media":3649,"comment_status":"closed","ping_status":"closed","sticky":false,"template":"","format":"standard","meta":{"ep_exclude_from_search":false,"p4_og_title":"","p4_og_description":"","p4_og_image":"","p4_og_image_id":"","p4_seo_canonical_url":"","p4_campaign_name":"","p4_local_project":"","p4_basket_name":"","p4_department":"","footnotes":""},"categories":[43],"tags":[28,29],"p4-page-type":[83],"class_list":["post-3647","post","type-post","status-publish","format-standard","has-post-thumbnail","hentry","category-nature","tag-pollution","tag-oceans","p4-page-type-communiques-de-presse"],"yoast_head":"<!-- This site is optimized with the Yoast SEO Premium plugin v23.9 (Yoast SEO v23.9) - https:\/\/yoast.com\/wordpress\/plugins\/seo\/ -->\n<title>Greenpeace Luxembourg rejoint la lutte contre la pollution plastique - Greenpeace Luxembourg<\/title>\n<meta name=\"robots\" content=\"index, follow, max-snippet:-1, max-image-preview:large, max-video-preview:-1\" \/>\n<link rel=\"canonical\" href=\"https:\/\/www.greenpeace.org\/luxembourg\/fr\/communiques-de-presse\/3647\/greenpeace-luxembourg-rejoint-la-lutte-contre-la-pollution-plastique\/\" \/>\n<meta property=\"og:locale\" content=\"fr_FR\" \/>\n<meta property=\"og:type\" content=\"article\" \/>\n<meta property=\"og:title\" content=\"Greenpeace Luxembourg rejoint la lutte contre la pollution plastique\" \/>\n<meta property=\"og:description\" content=\"Esch-sur-Alzette, 24 Janvier 2019 &#8211; Apr\u00e8s des mois de n\u00e9gociations intenses, l\u2019Union Europ\u00e9enne vient de voter les lois tr\u00e8s attendues interdisant le plastique \u00e0 usage unique en Europe. Si le&hellip;\" \/>\n<meta property=\"og:url\" content=\"https:\/\/www.greenpeace.org\/luxembourg\/fr\/communiques-de-presse\/3647\/greenpeace-luxembourg-rejoint-la-lutte-contre-la-pollution-plastique\/\" \/>\n<meta property=\"og:site_name\" content=\"Greenpeace Luxembourg\" \/>\n<meta property=\"article:publisher\" content=\"https:\/\/www.facebook.com\/greenpeaceluxembourg\" \/>\n<meta property=\"article:published_time\" content=\"2019-01-24T09:14:44+00:00\" \/>\n<meta property=\"article:modified_time\" content=\"2021-12-01T15:32:39+00:00\" \/>\n<meta property=\"og:image\" content=\"https:\/\/www.greenpeace.org\/static\/planet4-luxembourg-stateless\/2019\/01\/dcd32d2e-gp0stsjv5.jpg\" \/>\n\t<meta property=\"og:image:width\" content=\"1200\" \/>\n\t<meta property=\"og:image:height\" content=\"675\" \/>\n\t<meta property=\"og:image:type\" content=\"image\/jpeg\" \/>\n<meta name=\"author\" content=\"Pauline Maes\" \/>\n<meta name=\"twitter:card\" content=\"summary_large_image\" \/>\n<meta name=\"twitter:label1\" content=\"Written by\" \/>\n\t<meta name=\"twitter:data1\" content=\"Pauline Maes\" \/>\n\t<meta name=\"twitter:label2\" content=\"Est. reading time\" \/>\n\t<meta name=\"twitter:data2\" content=\"3 minutes\" \/>\n<script type=\"application\/ld+json\" class=\"yoast-schema-graph\">{\"@context\":\"https:\/\/schema.org\",\"@graph\":[{\"@type\":\"Article\",\"@id\":\"https:\/\/www.greenpeace.org\/luxembourg\/fr\/communiques-de-presse\/3647\/greenpeace-luxembourg-rejoint-la-lutte-contre-la-pollution-plastique\/#article\",\"isPartOf\":{\"@id\":\"https:\/\/www.greenpeace.org\/luxembourg\/fr\/communiques-de-presse\/3647\/greenpeace-luxembourg-rejoint-la-lutte-contre-la-pollution-plastique\/\"},\"author\":{\"name\":\"Pauline Maes\",\"@id\":\"https:\/\/www.greenpeace.org\/luxembourg\/fr\/#\/schema\/person\/7bbeb343322bdadf139e7e27e7c86ec8\"},\"headline\":\"Greenpeace Luxembourg rejoint la lutte contre la pollution plastique\",\"datePublished\":\"2019-01-24T09:14:44+00:00\",\"dateModified\":\"2021-12-01T15:32:39+00:00\",\"mainEntityOfPage\":{\"@id\":\"https:\/\/www.greenpeace.org\/luxembourg\/fr\/communiques-de-presse\/3647\/greenpeace-luxembourg-rejoint-la-lutte-contre-la-pollution-plastique\/\"},\"wordCount\":509,\"publisher\":{\"@id\":\"https:\/\/www.greenpeace.org\/luxembourg\/fr\/#organization\"},\"image\":{\"@id\":\"https:\/\/www.greenpeace.org\/luxembourg\/fr\/communiques-de-presse\/3647\/greenpeace-luxembourg-rejoint-la-lutte-contre-la-pollution-plastique\/#primaryimage\"},\"thumbnailUrl\":\"https:\/\/www.greenpeace.org\/static\/planet4-luxembourg-stateless\/2019\/01\/dcd32d2e-gp0stsjv5.jpg\",\"keywords\":[\"Pollution\",\"Oc\u00e9ans\"],\"articleSection\":[\"Nature\"],\"inLanguage\":\"fr-LU\"},{\"@type\":\"WebPage\",\"@id\":\"https:\/\/www.greenpeace.org\/luxembourg\/fr\/communiques-de-presse\/3647\/greenpeace-luxembourg-rejoint-la-lutte-contre-la-pollution-plastique\/\",\"url\":\"https:\/\/www.greenpeace.org\/luxembourg\/fr\/communiques-de-presse\/3647\/greenpeace-luxembourg-rejoint-la-lutte-contre-la-pollution-plastique\/\",\"name\":\"Greenpeace Luxembourg rejoint la lutte contre la pollution plastique - Greenpeace Luxembourg\",\"isPartOf\":{\"@id\":\"https:\/\/www.greenpeace.org\/luxembourg\/fr\/#website\"},\"primaryImageOfPage\":{\"@id\":\"https:\/\/www.greenpeace.org\/luxembourg\/fr\/communiques-de-presse\/3647\/greenpeace-luxembourg-rejoint-la-lutte-contre-la-pollution-plastique\/#primaryimage\"},\"image\":{\"@id\":\"https:\/\/www.greenpeace.org\/luxembourg\/fr\/communiques-de-presse\/3647\/greenpeace-luxembourg-rejoint-la-lutte-contre-la-pollution-plastique\/#primaryimage\"},\"thumbnailUrl\":\"https:\/\/www.greenpeace.org\/static\/planet4-luxembourg-stateless\/2019\/01\/dcd32d2e-gp0stsjv5.jpg\",\"datePublished\":\"2019-01-24T09:14:44+00:00\",\"dateModified\":\"2021-12-01T15:32:39+00:00\",\"breadcrumb\":{\"@id\":\"https:\/\/www.greenpeace.org\/luxembourg\/fr\/communiques-de-presse\/3647\/greenpeace-luxembourg-rejoint-la-lutte-contre-la-pollution-plastique\/#breadcrumb\"},\"inLanguage\":\"fr-LU\",\"potentialAction\":[{\"@type\":\"ReadAction\",\"target\":[\"https:\/\/www.greenpeace.org\/luxembourg\/fr\/communiques-de-presse\/3647\/greenpeace-luxembourg-rejoint-la-lutte-contre-la-pollution-plastique\/\"]}]},{\"@type\":\"ImageObject\",\"inLanguage\":\"fr-LU\",\"@id\":\"https:\/\/www.greenpeace.org\/luxembourg\/fr\/communiques-de-presse\/3647\/greenpeace-luxembourg-rejoint-la-lutte-contre-la-pollution-plastique\/#primaryimage\",\"url\":\"https:\/\/www.greenpeace.org\/static\/planet4-luxembourg-stateless\/2019\/01\/dcd32d2e-gp0stsjv5.jpg\",\"contentUrl\":\"https:\/\/www.greenpeace.org\/static\/planet4-luxembourg-stateless\/2019\/01\/dcd32d2e-gp0stsjv5.jpg\",\"width\":1200,\"height\":675,\"caption\":\"The top 5 plastic polluters identified through 5 Canadian brand audit events are named through an aerial banner shot at Kitsilano Beach in Vancouver, British Columbia, where one of the audits was conducted. The banner reads \u201cStop trashing our future!\u201d and shows the logos of Nestle, Tim Hortons, PepsiCo, Coca Cola and McDonalds.\"},{\"@type\":\"BreadcrumbList\",\"@id\":\"https:\/\/www.greenpeace.org\/luxembourg\/fr\/communiques-de-presse\/3647\/greenpeace-luxembourg-rejoint-la-lutte-contre-la-pollution-plastique\/#breadcrumb\",\"itemListElement\":[{\"@type\":\"ListItem\",\"position\":1,\"name\":\"Home\",\"item\":\"https:\/\/www.greenpeace.org\/luxembourg\/fr\/\"},{\"@type\":\"ListItem\",\"position\":2,\"name\":\"Greenpeace Luxembourg rejoint la lutte contre la pollution plastique\"}]},{\"@type\":\"WebSite\",\"@id\":\"https:\/\/www.greenpeace.org\/luxembourg\/fr\/#website\",\"url\":\"https:\/\/www.greenpeace.org\/luxembourg\/fr\/\",\"name\":\"Greenpeace Luxembourg\",\"description\":\"Greenpeace existe parce que cette Terre fragile a besoin d&#039;une voix. Elle a besoin de solutions. De changement. D&#039;actions.\",\"publisher\":{\"@id\":\"https:\/\/www.greenpeace.org\/luxembourg\/fr\/#organization\"},\"potentialAction\":[{\"@type\":\"SearchAction\",\"target\":{\"@type\":\"EntryPoint\",\"urlTemplate\":\"https:\/\/www.greenpeace.org\/luxembourg\/fr\/?s={search_term_string}\"},\"query-input\":{\"@type\":\"PropertyValueSpecification\",\"valueRequired\":true,\"valueName\":\"search_term_string\"}}],\"inLanguage\":\"fr-LU\"},{\"@type\":\"Organization\",\"@id\":\"https:\/\/www.greenpeace.org\/luxembourg\/fr\/#organization\",\"name\":\"Greenpeace Luxembourg\",\"url\":\"https:\/\/www.greenpeace.org\/luxembourg\/fr\/\",\"logo\":{\"@type\":\"ImageObject\",\"inLanguage\":\"fr-LU\",\"@id\":\"https:\/\/www.greenpeace.org\/luxembourg\/fr\/#\/schema\/logo\/image\/\",\"url\":\"https:\/\/www.greenpeace.org\/static\/planet4-luxembourg-stateless\/2026\/03\/3e367f94-greenpeace_logo_green_rgb.png\",\"contentUrl\":\"https:\/\/www.greenpeace.org\/static\/planet4-luxembourg-stateless\/2026\/03\/3e367f94-greenpeace_logo_green_rgb.png\",\"width\":1080,\"height\":175,\"caption\":\"Greenpeace Luxembourg\"},\"image\":{\"@id\":\"https:\/\/www.greenpeace.org\/luxembourg\/fr\/#\/schema\/logo\/image\/\"},\"sameAs\":[\"https:\/\/www.facebook.com\/greenpeaceluxembourg\",\"https:\/\/www.instagram.com\/greenpeacelux\/\",\"https:\/\/www.linkedin.com\/company\/greenpeace-luxembourg\/\",\"https:\/\/www.threads.com\/@greenpeacelux\",\"https:\/\/bsky.app\/profile\/greenpeacelux.bsky.social\",\"https:\/\/www.youtube.com\/@GreenpeaceLux\",\"https:\/\/www.tiktok.com\/@greenpeace_lux\"]},{\"@type\":\"Person\",\"@id\":\"https:\/\/www.greenpeace.org\/luxembourg\/fr\/#\/schema\/person\/7bbeb343322bdadf139e7e27e7c86ec8\",\"name\":\"Pauline Maes\",\"url\":\"https:\/\/www.greenpeace.org\/luxembourg\/fr\/author\/pmaes\/\"}]}<\/script>\n<!-- \/ Yoast SEO Premium plugin. -->","yoast_head_json":{"title":"Greenpeace Luxembourg rejoint la lutte contre la pollution plastique - Greenpeace Luxembourg","robots":{"index":"index","follow":"follow","max-snippet":"max-snippet:-1","max-image-preview":"max-image-preview:large","max-video-preview":"max-video-preview:-1"},"canonical":"https:\/\/www.greenpeace.org\/luxembourg\/fr\/communiques-de-presse\/3647\/greenpeace-luxembourg-rejoint-la-lutte-contre-la-pollution-plastique\/","og_locale":"fr_FR","og_type":"article","og_title":"Greenpeace Luxembourg rejoint la lutte contre la pollution plastique","og_description":"Esch-sur-Alzette, 24 Janvier 2019 &#8211; Apr\u00e8s des mois de n\u00e9gociations intenses, l\u2019Union Europ\u00e9enne vient de voter les lois tr\u00e8s attendues interdisant le plastique \u00e0 usage unique en Europe. Si le&hellip;","og_url":"https:\/\/www.greenpeace.org\/luxembourg\/fr\/communiques-de-presse\/3647\/greenpeace-luxembourg-rejoint-la-lutte-contre-la-pollution-plastique\/","og_site_name":"Greenpeace Luxembourg","article_publisher":"https:\/\/www.facebook.com\/greenpeaceluxembourg","article_published_time":"2019-01-24T09:14:44+00:00","article_modified_time":"2021-12-01T15:32:39+00:00","og_image":[{"width":1200,"height":675,"url":"https:\/\/www.greenpeace.org\/static\/planet4-luxembourg-stateless\/2019\/01\/dcd32d2e-gp0stsjv5.jpg","type":"image\/jpeg"}],"author":"Pauline Maes","twitter_card":"summary_large_image","twitter_misc":{"Written by":"Pauline Maes","Est. reading time":"3 minutes"},"schema":{"@context":"https:\/\/schema.org","@graph":[{"@type":"Article","@id":"https:\/\/www.greenpeace.org\/luxembourg\/fr\/communiques-de-presse\/3647\/greenpeace-luxembourg-rejoint-la-lutte-contre-la-pollution-plastique\/#article","isPartOf":{"@id":"https:\/\/www.greenpeace.org\/luxembourg\/fr\/communiques-de-presse\/3647\/greenpeace-luxembourg-rejoint-la-lutte-contre-la-pollution-plastique\/"},"author":{"name":"Pauline Maes","@id":"https:\/\/www.greenpeace.org\/luxembourg\/fr\/#\/schema\/person\/7bbeb343322bdadf139e7e27e7c86ec8"},"headline":"Greenpeace Luxembourg rejoint la lutte contre la pollution plastique","datePublished":"2019-01-24T09:14:44+00:00","dateModified":"2021-12-01T15:32:39+00:00","mainEntityOfPage":{"@id":"https:\/\/www.greenpeace.org\/luxembourg\/fr\/communiques-de-presse\/3647\/greenpeace-luxembourg-rejoint-la-lutte-contre-la-pollution-plastique\/"},"wordCount":509,"publisher":{"@id":"https:\/\/www.greenpeace.org\/luxembourg\/fr\/#organization"},"image":{"@id":"https:\/\/www.greenpeace.org\/luxembourg\/fr\/communiques-de-presse\/3647\/greenpeace-luxembourg-rejoint-la-lutte-contre-la-pollution-plastique\/#primaryimage"},"thumbnailUrl":"https:\/\/www.greenpeace.org\/static\/planet4-luxembourg-stateless\/2019\/01\/dcd32d2e-gp0stsjv5.jpg","keywords":["Pollution","Oc\u00e9ans"],"articleSection":["Nature"],"inLanguage":"fr-LU"},{"@type":"WebPage","@id":"https:\/\/www.greenpeace.org\/luxembourg\/fr\/communiques-de-presse\/3647\/greenpeace-luxembourg-rejoint-la-lutte-contre-la-pollution-plastique\/","url":"https:\/\/www.greenpeace.org\/luxembourg\/fr\/communiques-de-presse\/3647\/greenpeace-luxembourg-rejoint-la-lutte-contre-la-pollution-plastique\/","name":"Greenpeace Luxembourg rejoint la lutte contre la pollution plastique - Greenpeace Luxembourg","isPartOf":{"@id":"https:\/\/www.greenpeace.org\/luxembourg\/fr\/#website"},"primaryImageOfPage":{"@id":"https:\/\/www.greenpeace.org\/luxembourg\/fr\/communiques-de-presse\/3647\/greenpeace-luxembourg-rejoint-la-lutte-contre-la-pollution-plastique\/#primaryimage"},"image":{"@id":"https:\/\/www.greenpeace.org\/luxembourg\/fr\/communiques-de-presse\/3647\/greenpeace-luxembourg-rejoint-la-lutte-contre-la-pollution-plastique\/#primaryimage"},"thumbnailUrl":"https:\/\/www.greenpeace.org\/static\/planet4-luxembourg-stateless\/2019\/01\/dcd32d2e-gp0stsjv5.jpg","datePublished":"2019-01-24T09:14:44+00:00","dateModified":"2021-12-01T15:32:39+00:00","breadcrumb":{"@id":"https:\/\/www.greenpeace.org\/luxembourg\/fr\/communiques-de-presse\/3647\/greenpeace-luxembourg-rejoint-la-lutte-contre-la-pollution-plastique\/#breadcrumb"},"inLanguage":"fr-LU","potentialAction":[{"@type":"ReadAction","target":["https:\/\/www.greenpeace.org\/luxembourg\/fr\/communiques-de-presse\/3647\/greenpeace-luxembourg-rejoint-la-lutte-contre-la-pollution-plastique\/"]}]},{"@type":"ImageObject","inLanguage":"fr-LU","@id":"https:\/\/www.greenpeace.org\/luxembourg\/fr\/communiques-de-presse\/3647\/greenpeace-luxembourg-rejoint-la-lutte-contre-la-pollution-plastique\/#primaryimage","url":"https:\/\/www.greenpeace.org\/static\/planet4-luxembourg-stateless\/2019\/01\/dcd32d2e-gp0stsjv5.jpg","contentUrl":"https:\/\/www.greenpeace.org\/static\/planet4-luxembourg-stateless\/2019\/01\/dcd32d2e-gp0stsjv5.jpg","width":1200,"height":675,"caption":"The top 5 plastic polluters identified through 5 Canadian brand audit events are named through an aerial banner shot at Kitsilano Beach in Vancouver, British Columbia, where one of the audits was conducted. The banner reads \u201cStop trashing our future!\u201d and shows the logos of Nestle, Tim Hortons, PepsiCo, Coca Cola and McDonalds."},{"@type":"BreadcrumbList","@id":"https:\/\/www.greenpeace.org\/luxembourg\/fr\/communiques-de-presse\/3647\/greenpeace-luxembourg-rejoint-la-lutte-contre-la-pollution-plastique\/#breadcrumb","itemListElement":[{"@type":"ListItem","position":1,"name":"Home","item":"https:\/\/www.greenpeace.org\/luxembourg\/fr\/"},{"@type":"ListItem","position":2,"name":"Greenpeace Luxembourg rejoint la lutte contre la pollution plastique"}]},{"@type":"WebSite","@id":"https:\/\/www.greenpeace.org\/luxembourg\/fr\/#website","url":"https:\/\/www.greenpeace.org\/luxembourg\/fr\/","name":"Greenpeace Luxembourg","description":"Greenpeace existe parce que cette Terre fragile a besoin d&#039;une voix. Elle a besoin de solutions. De changement. D&#039;actions.","publisher":{"@id":"https:\/\/www.greenpeace.org\/luxembourg\/fr\/#organization"},"potentialAction":[{"@type":"SearchAction","target":{"@type":"EntryPoint","urlTemplate":"https:\/\/www.greenpeace.org\/luxembourg\/fr\/?s={search_term_string}"},"query-input":{"@type":"PropertyValueSpecification","valueRequired":true,"valueName":"search_term_string"}}],"inLanguage":"fr-LU"},{"@type":"Organization","@id":"https:\/\/www.greenpeace.org\/luxembourg\/fr\/#organization","name":"Greenpeace Luxembourg","url":"https:\/\/www.greenpeace.org\/luxembourg\/fr\/","logo":{"@type":"ImageObject","inLanguage":"fr-LU","@id":"https:\/\/www.greenpeace.org\/luxembourg\/fr\/#\/schema\/logo\/image\/","url":"https:\/\/www.greenpeace.org\/static\/planet4-luxembourg-stateless\/2026\/03\/3e367f94-greenpeace_logo_green_rgb.png","contentUrl":"https:\/\/www.greenpeace.org\/static\/planet4-luxembourg-stateless\/2026\/03\/3e367f94-greenpeace_logo_green_rgb.png","width":1080,"height":175,"caption":"Greenpeace Luxembourg"},"image":{"@id":"https:\/\/www.greenpeace.org\/luxembourg\/fr\/#\/schema\/logo\/image\/"},"sameAs":["https:\/\/www.facebook.com\/greenpeaceluxembourg","https:\/\/www.instagram.com\/greenpeacelux\/","https:\/\/www.linkedin.com\/company\/greenpeace-luxembourg\/","https:\/\/www.threads.com\/@greenpeacelux","https:\/\/bsky.app\/profile\/greenpeacelux.bsky.social","https:\/\/www.youtube.com\/@GreenpeaceLux","https:\/\/www.tiktok.com\/@greenpeace_lux"]},{"@type":"Person","@id":"https:\/\/www.greenpeace.org\/luxembourg\/fr\/#\/schema\/person\/7bbeb343322bdadf139e7e27e7c86ec8","name":"Pauline Maes","url":"https:\/\/www.greenpeace.org\/luxembourg\/fr\/author\/pmaes\/"}]}},"_links":{"self":[{"href":"https:\/\/www.greenpeace.org\/luxembourg\/fr\/wp-json\/wp\/v2\/posts\/3647","targetHints":{"allow":["GET"]}}],"collection":[{"href":"https:\/\/www.greenpeace.org\/luxembourg\/fr\/wp-json\/wp\/v2\/posts"}],"about":[{"href":"https:\/\/www.greenpeace.org\/luxembourg\/fr\/wp-json\/wp\/v2\/types\/post"}],"author":[{"embeddable":true,"href":"https:\/\/www.greenpeace.org\/luxembourg\/fr\/wp-json\/wp\/v2\/users\/18"}],"replies":[{"embeddable":true,"href":"https:\/\/www.greenpeace.org\/luxembourg\/fr\/wp-json\/wp\/v2\/comments?post=3647"}],"version-history":[{"count":4,"href":"https:\/\/www.greenpeace.org\/luxembourg\/fr\/wp-json\/wp\/v2\/posts\/3647\/revisions"}],"predecessor-version":[{"id":13136,"href":"https:\/\/www.greenpeace.org\/luxembourg\/fr\/wp-json\/wp\/v2\/posts\/3647\/revisions\/13136"}],"wp:featuredmedia":[{"embeddable":true,"href":"https:\/\/www.greenpeace.org\/luxembourg\/fr\/wp-json\/wp\/v2\/media\/3649"}],"wp:attachment":[{"href":"https:\/\/www.greenpeace.org\/luxembourg\/fr\/wp-json\/wp\/v2\/media?parent=3647"}],"wp:term":[{"taxonomy":"category","embeddable":true,"href":"https:\/\/www.greenpeace.org\/luxembourg\/fr\/wp-json\/wp\/v2\/categories?post=3647"},{"taxonomy":"post_tag","embeddable":true,"href":"https:\/\/www.greenpeace.org\/luxembourg\/fr\/wp-json\/wp\/v2\/tags?post=3647"},{"taxonomy":"p4-page-type","embeddable":true,"href":"https:\/\/www.greenpeace.org\/luxembourg\/fr\/wp-json\/wp\/v2\/p4-page-type?post=3647"}],"curies":[{"name":"wp","href":"https:\/\/api.w.org\/{rel}","templated":true}]}}