{"id":3913,"date":"2019-02-05T12:06:09","date_gmt":"2019-02-05T10:06:09","guid":{"rendered":"https:\/\/www.greenpeace.org\/luxembourg\/?p=3913"},"modified":"2021-12-01T17:32:01","modified_gmt":"2021-12-01T15:32:01","slug":"la-chasse-a-la-baleine-commerciale-ne-devrait-plus-exister-que-dans-les-livres-dhistoire","status":"publish","type":"post","link":"https:\/\/www.greenpeace.org\/luxembourg\/fr\/actualites\/3913\/la-chasse-a-la-baleine-commerciale-ne-devrait-plus-exister-que-dans-les-livres-dhistoire\/","title":{"rendered":"La chasse \u00e0 la baleine commerciale ne devrait plus exister que dans les livres d\u2019Histoire"},"content":{"rendered":"<p><span style=\"font-weight: 400;\">Les baleines sont incroyables. Et pourtant, \u00e0 ce jour, elles sont confront\u00e9es \u00e0 un nombre croissant de menaces humaines, de la pollution plastique au changement climatique \u2013 donc elles n\u2019ont vraiment pas besoin qu\u2019en plus, nous les assassinions pour de l\u2019argent. <\/span><\/p>\n<p><span style=\"font-weight: 400;\">La <\/span><a href=\"https:\/\/www.greenpeace.org\/international\/story\/18307\/history-commercial-whaling-greenpeace\/\"><span style=\"font-weight: 400;\">chasse \u00e0 la baleine<\/span><\/a><span style=\"font-weight: 400;\"> a \u00e9t\u00e9 interdite par un moratoire international il y a plus de 30 ans. Cet accord a permis d\u2019\u00e9pargner directement les vies de plusieurs milliers de baleines, dont certaines \u00e9taient au bord de l\u2019extinction au moment o\u00f9 l\u2019interdiction a \u00e9t\u00e9 vot\u00e9e dans les ann\u00e9es 1980. \u00a0<\/span><\/p>\n<p><span style=\"font-weight: 400;\">Mais au cours de ces trois derni\u00e8res d\u00e9cennies, d\u2019autres menaces ont \u00e9merg\u00e9es \u2013 le changement climatique qui prive les c\u00e9tac\u00e9s de leur habitat naturel et\/ou de nourriture ; la pollution, qui <\/span><a href=\"https:\/\/www.nationalgeographic.co.uk\/animals\/2018\/09\/why-half-worlds-orcas-could-soon-disappear\"><span style=\"font-weight: 400;\">empoisonne leur corps<\/span><\/a><span style=\"font-weight: 400;\"> ou <\/span><a href=\"https:\/\/www.theguardian.com\/environment\/2018\/jun\/03\/whale-dies-from-eating-more-than-80-plastic-bags\"><span style=\"font-weight: 400;\">comble leur estomac<\/span><\/a><span style=\"font-weight: 400;\"> ; et enfin les industries qui causent des <\/span><a href=\"https:\/\/www.greenpeace.org\/usa\/five-ways-seismic-blasting-threatens-whales\/\"><span style=\"font-weight: 400;\">perturbations sonores<\/span><\/a><span style=\"font-weight: 400;\">, des collisions avec les navires et des enchev\u00eatrements. <\/span><\/p>\n<p><span style=\"font-weight: 400;\">Pourtant, nous avons appris dans le m\u00eame intervalle <\/span><a href=\"https:\/\/www.greenpeace.org.uk\/why-everyone-talking-about-whale-poo-20161020\/\"><span style=\"font-weight: 400;\">\u00e0 quel point les baleines sont essentielles \u00e0 la bonne sant\u00e9 des oc\u00e9ans<\/span><\/a><span style=\"font-weight: 400;\">, et que des oc\u00e9ans sains est la condition sine qua non de la vie sur Terre. Pour faire simple, nous avons consid\u00e9r\u00e9 les oc\u00e9ans comme un buffet \u00e0 volont\u00e9, comme une d\u00e9chetterie sans fond, et il est temps d\u2019arr\u00eater. C\u2019est pourquoi Greenpeace, \u00e0 travers le monde, cherche \u00e0 endiguer la surp\u00eache industrielle, \u00e0 limiter le r\u00e9chauffement climatique et la pollution plastique, tout en encourageant la cr\u00e9ation d\u2019<\/span><a href=\"https:\/\/www.greenpeace.org.uk\/5-ocean-sanctuaries-that-work\/\"><span style=\"font-weight: 400;\">immenses sanctuaires marins<\/span><\/a><span style=\"font-weight: 400;\">, l\u00e0 o\u00f9 l\u2019extraordinaire vie marine pourrait survivre et se d\u00e9velopper.<\/span><\/p>\n<p><span style=\"font-weight: 400;\">Partant de ce principe, il est frustrant de devoir parler, encore aujourd\u2019hui, de chasse \u00e0 la baleine. Le 26 d\u00e9cembre 2018, le <\/span><a href=\"https:\/\/www.theguardian.com\/environment\/2018\/dec\/26\/japan-confirms-it-will-quit-iwc-to-resume-commercial-whaling\"><span style=\"font-weight: 400;\">gouvernement japonais a annonc\u00e9<\/span><\/a><span style=\"font-weight: 400;\"> qu\u2019il quitterait la Commission baleini\u00e8re internationale, cessant donc ses \u2018recherches\u2019 sur les baleines dans l\u2019Oc\u00e9an Austral, et reprenant la chasse \u00e0 la baleine dans ses eaux territoriales.<\/span><\/p>\n<p><span style=\"font-weight: 400;\">La chasse \u00e0 la baleine appartient pourtant au pass\u00e9, comme c\u2019est d\u00e9j\u00e0 le cas pour la plupart des pays sur Terre. Nous n\u2019avons tout simplement pas besoin de \u00e7a dans notre monde moderne, et c\u2019est une menace que nous pouvons \u2013 et devons ! \u2013 faire cesser imm\u00e9diatement. <\/span><\/p>\n<p><span style=\"font-weight: 400;\">Greenpeace est contre la chasse \u00e0 la baleine commerciale, et l\u2019a toujours \u00e9t\u00e9 \u2013 cette activ\u00e9 n\u2019a jamais amen\u00e9 qu\u2019\u00e0 la surexploitation de ces cr\u00e9atures aux d\u00e9pens de nos oc\u00e9ans.<\/span><\/p>\n<p><span style=\"font-weight: 400;\">Nous travaillons activement avec d\u2019autres organisations \u00e0 travers le monde pour faire en sorte que les baleines aient plus de valeur <\/span><a href=\"https:\/\/www.greenpeace.org.uk\/clone-10-good-reasons-protect-whales-20161021\/\"><span style=\"font-weight: 400;\">vivantes que mortes<\/span><\/a><span style=\"font-weight: 400;\">. Nous sommes donc ravis de voir une opposition forte et continue de l\u2019UE contre l\u2019annonce du gouvernement japonais.<\/span><\/p>\n<p><strong>Ce n\u2019est pas le moment de tourner le dos aux efforts internationaux de conservation des oc\u00e9ans pour les g\u00e9n\u00e9rations \u00e0 venir, il est temps de travailler ensemble pour les prot\u00e9ger !<\/strong><\/p>\n\t\t\t<section\n\t\t\tclass=\"boxout post-436 \"\n\t\t\t\n\t\t>\n\t\t\t<a\n\t\t\t\tdata-ga-category=\"Take Action Boxout\"\n\t\t\t\tdata-ga-action=\"Image\"\n\t\t\t\tdata-ga-label=\"n\/a\"\n\t\t\t\tclass=\"cover-card-overlay\"\n\t\t\t\thref=\"https:\/\/www.greenpeace.org\/luxembourg\/fr\/agir\/cyber-activisme\/\" \n\t\t\t><\/a>\n\t\t\t\t\t\t\t<img\n\t\t\t\t\t\tsrc=\"https:\/\/www.greenpeace.org\/static\/planet4-luxembourg-stateless\/2020\/07\/eded9a71-gp0stt1qw-683x1024.jpg\"\n\t\t\t\t\t\tsrcset=\"https:\/\/www.greenpeace.org\/static\/planet4-luxembourg-stateless\/2020\/07\/eded9a71-gp0stt1qw-200x300.jpg 200w, https:\/\/www.greenpeace.org\/static\/planet4-luxembourg-stateless\/2020\/07\/eded9a71-gp0stt1qw-683x1024.jpg 683w, https:\/\/www.greenpeace.org\/static\/planet4-luxembourg-stateless\/2020\/07\/eded9a71-gp0stt1qw-768x1152.jpg 768w, https:\/\/www.greenpeace.org\/static\/planet4-luxembourg-stateless\/2020\/07\/eded9a71-gp0stt1qw-227x340.jpg 227w, https:\/\/www.greenpeace.org\/static\/planet4-luxembourg-stateless\/2020\/07\/eded9a71-gp0stt1qw.jpg 800w\"\n\t\t\t\t\t\tsizes=\"(min-width: 1000px) 358px, (min-width: 780px) 313px, 88px\"\n\t\t\t\t\t\talt=\"Presentation of Digital Educational Material by Greenpeace Germany in Cologne. \u00a9 Bernd Lauter \/ Greenpeace\" title=\"Presentation of Digital Educational Material by Greenpeace Germany in Cologne. \u00a9 Bernd Lauter \/ Greenpeace\"\n\t\t\t\t\/>\n            \t\t\t<div class=\"boxout-content\">\n\t\t\t\t\t\t\t\t\t<a\n\t\t\t\t\t\tclass=\"boxout-heading medium\"\n\t\t\t\t\t\tdata-ga-category=\"Take Action Boxout\"\n\t\t\t\t\t\tdata-ga-action=\"Title\"\n\t\t\t\t\t\tdata-ga-label=\"n\/a\"\n\t\t\t\t\t\thref=\"https:\/\/www.greenpeace.org\/luxembourg\/fr\/agir\/cyber-activisme\/\"\n\t\t\t\t\t\t\n\t\t\t\t\t>\n\t\t\t\t\t\tMiliter en ligne\n\t\t\t\t\t<\/a>\n\t\t\t\t\t\t\t\t\t\t\t\t\t<p class=\"boxout-excerpt\">S&#8217;informer et agir en ligne c&#8217;est possible et essentiel : si vous croyez qu&#8217;un click peut tout changer&#8230; cliquez !<\/p>\n\t\t\t\t                                    <a\n                        class=\"btn btn-primary\"\n                        data-ga-category=\"Take Action Boxout\"\n                        data-ga-action=\"Call to Action\"\n                        data-ga-label=\"n\/a\"\n                        href=\"https:\/\/www.greenpeace.org\/luxembourg\/fr\/agir\/cyber-activisme\/\"\n                        \n                    >\n                        S&#039;engager\n                    <\/a>\n                \t\t\t<\/div>\n\t\t\t\t\t<\/section>\n\t","protected":false},"excerpt":{"rendered":"<p>Les baleines sont incroyables. Et pourtant, \u00e0 ce jour, elles sont confront\u00e9es \u00e0 un nombre croissant de menaces humaines, de la pollution plastique au changement climatique \u2013 donc elles n\u2019ont&hellip;<\/p>\n","protected":false},"author":18,"featured_media":3918,"comment_status":"closed","ping_status":"closed","sticky":false,"template":"","format":"standard","meta":{"ep_exclude_from_search":false,"p4_og_title":"","p4_og_description":"","p4_og_image":"","p4_og_image_id":"","p4_seo_canonical_url":"","p4_campaign_name":"","p4_local_project":"","p4_basket_name":"","p4_department":"","footnotes":""},"categories":[43],"tags":[29],"p4-page-type":[85],"class_list":["post-3913","post","type-post","status-publish","format-standard","has-post-thumbnail","hentry","category-nature","tag-oceans","p4-page-type-actualites"],"yoast_head":"<!-- This site is optimized with the Yoast SEO Premium plugin v23.9 (Yoast SEO v23.9) - https:\/\/yoast.com\/wordpress\/plugins\/seo\/ -->\n<title>La chasse \u00e0 la baleine commerciale ne devrait plus exister que dans les livres d\u2019Histoire - Greenpeace Luxembourg<\/title>\n<meta name=\"robots\" content=\"index, follow, max-snippet:-1, max-image-preview:large, max-video-preview:-1\" \/>\n<link rel=\"canonical\" href=\"https:\/\/www.greenpeace.org\/luxembourg\/fr\/actualites\/3913\/la-chasse-a-la-baleine-commerciale-ne-devrait-plus-exister-que-dans-les-livres-dhistoire\/\" \/>\n<meta property=\"og:locale\" content=\"fr_FR\" \/>\n<meta property=\"og:type\" content=\"article\" \/>\n<meta property=\"og:title\" content=\"La chasse \u00e0 la baleine commerciale ne devrait plus exister que dans les livres d\u2019Histoire\" \/>\n<meta property=\"og:description\" content=\"Les baleines sont incroyables. Et pourtant, \u00e0 ce jour, elles sont confront\u00e9es \u00e0 un nombre croissant de menaces humaines, de la pollution plastique au changement climatique \u2013 donc elles n\u2019ont&hellip;\" \/>\n<meta property=\"og:url\" content=\"https:\/\/www.greenpeace.org\/luxembourg\/fr\/actualites\/3913\/la-chasse-a-la-baleine-commerciale-ne-devrait-plus-exister-que-dans-les-livres-dhistoire\/\" \/>\n<meta property=\"og:site_name\" content=\"Greenpeace Luxembourg\" \/>\n<meta property=\"article:publisher\" content=\"https:\/\/www.facebook.com\/greenpeaceluxembourg\" \/>\n<meta property=\"article:published_time\" content=\"2019-02-05T10:06:09+00:00\" \/>\n<meta property=\"article:modified_time\" content=\"2021-12-01T15:32:01+00:00\" \/>\n<meta property=\"og:image\" content=\"https:\/\/www.greenpeace.org\/static\/planet4-luxembourg-stateless\/2019\/02\/33bea185-gp0stsjty_medium_res.jpg\" \/>\n\t<meta property=\"og:image:width\" content=\"1200\" \/>\n\t<meta property=\"og:image:height\" content=\"810\" \/>\n\t<meta property=\"og:image:type\" content=\"image\/jpeg\" \/>\n<meta name=\"author\" content=\"Pauline Maes\" \/>\n<meta name=\"twitter:card\" content=\"summary_large_image\" \/>\n<meta name=\"twitter:label1\" content=\"Written by\" \/>\n\t<meta name=\"twitter:data1\" content=\"Pauline Maes\" \/>\n\t<meta name=\"twitter:label2\" content=\"Est. reading time\" \/>\n\t<meta name=\"twitter:data2\" content=\"2 minutes\" \/>\n<script type=\"application\/ld+json\" class=\"yoast-schema-graph\">{\"@context\":\"https:\/\/schema.org\",\"@graph\":[{\"@type\":\"Article\",\"@id\":\"https:\/\/www.greenpeace.org\/luxembourg\/fr\/actualites\/3913\/la-chasse-a-la-baleine-commerciale-ne-devrait-plus-exister-que-dans-les-livres-dhistoire\/#article\",\"isPartOf\":{\"@id\":\"https:\/\/www.greenpeace.org\/luxembourg\/fr\/actualites\/3913\/la-chasse-a-la-baleine-commerciale-ne-devrait-plus-exister-que-dans-les-livres-dhistoire\/\"},\"author\":{\"name\":\"Pauline Maes\",\"@id\":\"https:\/\/www.greenpeace.org\/luxembourg\/fr\/#\/schema\/person\/7bbeb343322bdadf139e7e27e7c86ec8\"},\"headline\":\"La chasse \u00e0 la baleine commerciale ne devrait plus exister que dans les livres d\u2019Histoire\",\"datePublished\":\"2019-02-05T10:06:09+00:00\",\"dateModified\":\"2021-12-01T15:32:01+00:00\",\"mainEntityOfPage\":{\"@id\":\"https:\/\/www.greenpeace.org\/luxembourg\/fr\/actualites\/3913\/la-chasse-a-la-baleine-commerciale-ne-devrait-plus-exister-que-dans-les-livres-dhistoire\/\"},\"wordCount\":494,\"publisher\":{\"@id\":\"https:\/\/www.greenpeace.org\/luxembourg\/fr\/#organization\"},\"image\":{\"@id\":\"https:\/\/www.greenpeace.org\/luxembourg\/fr\/actualites\/3913\/la-chasse-a-la-baleine-commerciale-ne-devrait-plus-exister-que-dans-les-livres-dhistoire\/#primaryimage\"},\"thumbnailUrl\":\"https:\/\/www.greenpeace.org\/static\/planet4-luxembourg-stateless\/2019\/02\/33bea185-gp0stsjty_medium_res.jpg\",\"keywords\":[\"Oc\u00e9ans\"],\"articleSection\":[\"Nature\"],\"inLanguage\":\"fr-LU\"},{\"@type\":\"WebPage\",\"@id\":\"https:\/\/www.greenpeace.org\/luxembourg\/fr\/actualites\/3913\/la-chasse-a-la-baleine-commerciale-ne-devrait-plus-exister-que-dans-les-livres-dhistoire\/\",\"url\":\"https:\/\/www.greenpeace.org\/luxembourg\/fr\/actualites\/3913\/la-chasse-a-la-baleine-commerciale-ne-devrait-plus-exister-que-dans-les-livres-dhistoire\/\",\"name\":\"La chasse \u00e0 la baleine commerciale ne devrait plus exister que dans les livres d\u2019Histoire - Greenpeace Luxembourg\",\"isPartOf\":{\"@id\":\"https:\/\/www.greenpeace.org\/luxembourg\/fr\/#website\"},\"primaryImageOfPage\":{\"@id\":\"https:\/\/www.greenpeace.org\/luxembourg\/fr\/actualites\/3913\/la-chasse-a-la-baleine-commerciale-ne-devrait-plus-exister-que-dans-les-livres-dhistoire\/#primaryimage\"},\"image\":{\"@id\":\"https:\/\/www.greenpeace.org\/luxembourg\/fr\/actualites\/3913\/la-chasse-a-la-baleine-commerciale-ne-devrait-plus-exister-que-dans-les-livres-dhistoire\/#primaryimage\"},\"thumbnailUrl\":\"https:\/\/www.greenpeace.org\/static\/planet4-luxembourg-stateless\/2019\/02\/33bea185-gp0stsjty_medium_res.jpg\",\"datePublished\":\"2019-02-05T10:06:09+00:00\",\"dateModified\":\"2021-12-01T15:32:01+00:00\",\"breadcrumb\":{\"@id\":\"https:\/\/www.greenpeace.org\/luxembourg\/fr\/actualites\/3913\/la-chasse-a-la-baleine-commerciale-ne-devrait-plus-exister-que-dans-les-livres-dhistoire\/#breadcrumb\"},\"inLanguage\":\"fr-LU\",\"potentialAction\":[{\"@type\":\"ReadAction\",\"target\":[\"https:\/\/www.greenpeace.org\/luxembourg\/fr\/actualites\/3913\/la-chasse-a-la-baleine-commerciale-ne-devrait-plus-exister-que-dans-les-livres-dhistoire\/\"]}]},{\"@type\":\"ImageObject\",\"inLanguage\":\"fr-LU\",\"@id\":\"https:\/\/www.greenpeace.org\/luxembourg\/fr\/actualites\/3913\/la-chasse-a-la-baleine-commerciale-ne-devrait-plus-exister-que-dans-les-livres-dhistoire\/#primaryimage\",\"url\":\"https:\/\/www.greenpeace.org\/static\/planet4-luxembourg-stateless\/2019\/02\/33bea185-gp0stsjty_medium_res.jpg\",\"contentUrl\":\"https:\/\/www.greenpeace.org\/static\/planet4-luxembourg-stateless\/2019\/02\/33bea185-gp0stsjty_medium_res.jpg\",\"width\":1200,\"height\":810,\"caption\":\"Humpback whales, enjoy the warm waters of the Pacific ocean, Tonga.\"},{\"@type\":\"BreadcrumbList\",\"@id\":\"https:\/\/www.greenpeace.org\/luxembourg\/fr\/actualites\/3913\/la-chasse-a-la-baleine-commerciale-ne-devrait-plus-exister-que-dans-les-livres-dhistoire\/#breadcrumb\",\"itemListElement\":[{\"@type\":\"ListItem\",\"position\":1,\"name\":\"Home\",\"item\":\"https:\/\/www.greenpeace.org\/luxembourg\/fr\/\"},{\"@type\":\"ListItem\",\"position\":2,\"name\":\"La chasse \u00e0 la baleine commerciale ne devrait plus exister que dans les livres d\u2019Histoire\"}]},{\"@type\":\"WebSite\",\"@id\":\"https:\/\/www.greenpeace.org\/luxembourg\/fr\/#website\",\"url\":\"https:\/\/www.greenpeace.org\/luxembourg\/fr\/\",\"name\":\"Greenpeace Luxembourg\",\"description\":\"Greenpeace existe parce que cette Terre fragile a besoin d&#039;une voix. Elle a besoin de solutions. De changement. D&#039;actions.\",\"publisher\":{\"@id\":\"https:\/\/www.greenpeace.org\/luxembourg\/fr\/#organization\"},\"potentialAction\":[{\"@type\":\"SearchAction\",\"target\":{\"@type\":\"EntryPoint\",\"urlTemplate\":\"https:\/\/www.greenpeace.org\/luxembourg\/fr\/?s={search_term_string}\"},\"query-input\":{\"@type\":\"PropertyValueSpecification\",\"valueRequired\":true,\"valueName\":\"search_term_string\"}}],\"inLanguage\":\"fr-LU\"},{\"@type\":\"Organization\",\"@id\":\"https:\/\/www.greenpeace.org\/luxembourg\/fr\/#organization\",\"name\":\"Greenpeace Luxembourg\",\"url\":\"https:\/\/www.greenpeace.org\/luxembourg\/fr\/\",\"logo\":{\"@type\":\"ImageObject\",\"inLanguage\":\"fr-LU\",\"@id\":\"https:\/\/www.greenpeace.org\/luxembourg\/fr\/#\/schema\/logo\/image\/\",\"url\":\"https:\/\/www.greenpeace.org\/static\/planet4-luxembourg-stateless\/2026\/03\/3e367f94-greenpeace_logo_green_rgb.png\",\"contentUrl\":\"https:\/\/www.greenpeace.org\/static\/planet4-luxembourg-stateless\/2026\/03\/3e367f94-greenpeace_logo_green_rgb.png\",\"width\":1080,\"height\":175,\"caption\":\"Greenpeace Luxembourg\"},\"image\":{\"@id\":\"https:\/\/www.greenpeace.org\/luxembourg\/fr\/#\/schema\/logo\/image\/\"},\"sameAs\":[\"https:\/\/www.facebook.com\/greenpeaceluxembourg\",\"https:\/\/www.instagram.com\/greenpeacelux\/\",\"https:\/\/www.linkedin.com\/company\/greenpeace-luxembourg\/\",\"https:\/\/www.threads.com\/@greenpeacelux\",\"https:\/\/bsky.app\/profile\/greenpeacelux.bsky.social\",\"https:\/\/www.youtube.com\/@GreenpeaceLux\",\"https:\/\/www.tiktok.com\/@greenpeace_lux\"]},{\"@type\":\"Person\",\"@id\":\"https:\/\/www.greenpeace.org\/luxembourg\/fr\/#\/schema\/person\/7bbeb343322bdadf139e7e27e7c86ec8\",\"name\":\"Pauline Maes\",\"url\":\"https:\/\/www.greenpeace.org\/luxembourg\/fr\/author\/pmaes\/\"}]}<\/script>\n<!-- \/ Yoast SEO Premium plugin. -->","yoast_head_json":{"title":"La chasse \u00e0 la baleine commerciale ne devrait plus exister que dans les livres d\u2019Histoire - Greenpeace Luxembourg","robots":{"index":"index","follow":"follow","max-snippet":"max-snippet:-1","max-image-preview":"max-image-preview:large","max-video-preview":"max-video-preview:-1"},"canonical":"https:\/\/www.greenpeace.org\/luxembourg\/fr\/actualites\/3913\/la-chasse-a-la-baleine-commerciale-ne-devrait-plus-exister-que-dans-les-livres-dhistoire\/","og_locale":"fr_FR","og_type":"article","og_title":"La chasse \u00e0 la baleine commerciale ne devrait plus exister que dans les livres d\u2019Histoire","og_description":"Les baleines sont incroyables. Et pourtant, \u00e0 ce jour, elles sont confront\u00e9es \u00e0 un nombre croissant de menaces humaines, de la pollution plastique au changement climatique \u2013 donc elles n\u2019ont&hellip;","og_url":"https:\/\/www.greenpeace.org\/luxembourg\/fr\/actualites\/3913\/la-chasse-a-la-baleine-commerciale-ne-devrait-plus-exister-que-dans-les-livres-dhistoire\/","og_site_name":"Greenpeace Luxembourg","article_publisher":"https:\/\/www.facebook.com\/greenpeaceluxembourg","article_published_time":"2019-02-05T10:06:09+00:00","article_modified_time":"2021-12-01T15:32:01+00:00","og_image":[{"width":1200,"height":810,"url":"https:\/\/www.greenpeace.org\/static\/planet4-luxembourg-stateless\/2019\/02\/33bea185-gp0stsjty_medium_res.jpg","type":"image\/jpeg"}],"author":"Pauline Maes","twitter_card":"summary_large_image","twitter_misc":{"Written by":"Pauline Maes","Est. reading time":"2 minutes"},"schema":{"@context":"https:\/\/schema.org","@graph":[{"@type":"Article","@id":"https:\/\/www.greenpeace.org\/luxembourg\/fr\/actualites\/3913\/la-chasse-a-la-baleine-commerciale-ne-devrait-plus-exister-que-dans-les-livres-dhistoire\/#article","isPartOf":{"@id":"https:\/\/www.greenpeace.org\/luxembourg\/fr\/actualites\/3913\/la-chasse-a-la-baleine-commerciale-ne-devrait-plus-exister-que-dans-les-livres-dhistoire\/"},"author":{"name":"Pauline Maes","@id":"https:\/\/www.greenpeace.org\/luxembourg\/fr\/#\/schema\/person\/7bbeb343322bdadf139e7e27e7c86ec8"},"headline":"La chasse \u00e0 la baleine commerciale ne devrait plus exister que dans les livres d\u2019Histoire","datePublished":"2019-02-05T10:06:09+00:00","dateModified":"2021-12-01T15:32:01+00:00","mainEntityOfPage":{"@id":"https:\/\/www.greenpeace.org\/luxembourg\/fr\/actualites\/3913\/la-chasse-a-la-baleine-commerciale-ne-devrait-plus-exister-que-dans-les-livres-dhistoire\/"},"wordCount":494,"publisher":{"@id":"https:\/\/www.greenpeace.org\/luxembourg\/fr\/#organization"},"image":{"@id":"https:\/\/www.greenpeace.org\/luxembourg\/fr\/actualites\/3913\/la-chasse-a-la-baleine-commerciale-ne-devrait-plus-exister-que-dans-les-livres-dhistoire\/#primaryimage"},"thumbnailUrl":"https:\/\/www.greenpeace.org\/static\/planet4-luxembourg-stateless\/2019\/02\/33bea185-gp0stsjty_medium_res.jpg","keywords":["Oc\u00e9ans"],"articleSection":["Nature"],"inLanguage":"fr-LU"},{"@type":"WebPage","@id":"https:\/\/www.greenpeace.org\/luxembourg\/fr\/actualites\/3913\/la-chasse-a-la-baleine-commerciale-ne-devrait-plus-exister-que-dans-les-livres-dhistoire\/","url":"https:\/\/www.greenpeace.org\/luxembourg\/fr\/actualites\/3913\/la-chasse-a-la-baleine-commerciale-ne-devrait-plus-exister-que-dans-les-livres-dhistoire\/","name":"La chasse \u00e0 la baleine commerciale ne devrait plus exister que dans les livres d\u2019Histoire - Greenpeace Luxembourg","isPartOf":{"@id":"https:\/\/www.greenpeace.org\/luxembourg\/fr\/#website"},"primaryImageOfPage":{"@id":"https:\/\/www.greenpeace.org\/luxembourg\/fr\/actualites\/3913\/la-chasse-a-la-baleine-commerciale-ne-devrait-plus-exister-que-dans-les-livres-dhistoire\/#primaryimage"},"image":{"@id":"https:\/\/www.greenpeace.org\/luxembourg\/fr\/actualites\/3913\/la-chasse-a-la-baleine-commerciale-ne-devrait-plus-exister-que-dans-les-livres-dhistoire\/#primaryimage"},"thumbnailUrl":"https:\/\/www.greenpeace.org\/static\/planet4-luxembourg-stateless\/2019\/02\/33bea185-gp0stsjty_medium_res.jpg","datePublished":"2019-02-05T10:06:09+00:00","dateModified":"2021-12-01T15:32:01+00:00","breadcrumb":{"@id":"https:\/\/www.greenpeace.org\/luxembourg\/fr\/actualites\/3913\/la-chasse-a-la-baleine-commerciale-ne-devrait-plus-exister-que-dans-les-livres-dhistoire\/#breadcrumb"},"inLanguage":"fr-LU","potentialAction":[{"@type":"ReadAction","target":["https:\/\/www.greenpeace.org\/luxembourg\/fr\/actualites\/3913\/la-chasse-a-la-baleine-commerciale-ne-devrait-plus-exister-que-dans-les-livres-dhistoire\/"]}]},{"@type":"ImageObject","inLanguage":"fr-LU","@id":"https:\/\/www.greenpeace.org\/luxembourg\/fr\/actualites\/3913\/la-chasse-a-la-baleine-commerciale-ne-devrait-plus-exister-que-dans-les-livres-dhistoire\/#primaryimage","url":"https:\/\/www.greenpeace.org\/static\/planet4-luxembourg-stateless\/2019\/02\/33bea185-gp0stsjty_medium_res.jpg","contentUrl":"https:\/\/www.greenpeace.org\/static\/planet4-luxembourg-stateless\/2019\/02\/33bea185-gp0stsjty_medium_res.jpg","width":1200,"height":810,"caption":"Humpback whales, enjoy the warm waters of the Pacific ocean, Tonga."},{"@type":"BreadcrumbList","@id":"https:\/\/www.greenpeace.org\/luxembourg\/fr\/actualites\/3913\/la-chasse-a-la-baleine-commerciale-ne-devrait-plus-exister-que-dans-les-livres-dhistoire\/#breadcrumb","itemListElement":[{"@type":"ListItem","position":1,"name":"Home","item":"https:\/\/www.greenpeace.org\/luxembourg\/fr\/"},{"@type":"ListItem","position":2,"name":"La chasse \u00e0 la baleine commerciale ne devrait plus exister que dans les livres d\u2019Histoire"}]},{"@type":"WebSite","@id":"https:\/\/www.greenpeace.org\/luxembourg\/fr\/#website","url":"https:\/\/www.greenpeace.org\/luxembourg\/fr\/","name":"Greenpeace Luxembourg","description":"Greenpeace existe parce que cette Terre fragile a besoin d&#039;une voix. Elle a besoin de solutions. De changement. D&#039;actions.","publisher":{"@id":"https:\/\/www.greenpeace.org\/luxembourg\/fr\/#organization"},"potentialAction":[{"@type":"SearchAction","target":{"@type":"EntryPoint","urlTemplate":"https:\/\/www.greenpeace.org\/luxembourg\/fr\/?s={search_term_string}"},"query-input":{"@type":"PropertyValueSpecification","valueRequired":true,"valueName":"search_term_string"}}],"inLanguage":"fr-LU"},{"@type":"Organization","@id":"https:\/\/www.greenpeace.org\/luxembourg\/fr\/#organization","name":"Greenpeace Luxembourg","url":"https:\/\/www.greenpeace.org\/luxembourg\/fr\/","logo":{"@type":"ImageObject","inLanguage":"fr-LU","@id":"https:\/\/www.greenpeace.org\/luxembourg\/fr\/#\/schema\/logo\/image\/","url":"https:\/\/www.greenpeace.org\/static\/planet4-luxembourg-stateless\/2026\/03\/3e367f94-greenpeace_logo_green_rgb.png","contentUrl":"https:\/\/www.greenpeace.org\/static\/planet4-luxembourg-stateless\/2026\/03\/3e367f94-greenpeace_logo_green_rgb.png","width":1080,"height":175,"caption":"Greenpeace Luxembourg"},"image":{"@id":"https:\/\/www.greenpeace.org\/luxembourg\/fr\/#\/schema\/logo\/image\/"},"sameAs":["https:\/\/www.facebook.com\/greenpeaceluxembourg","https:\/\/www.instagram.com\/greenpeacelux\/","https:\/\/www.linkedin.com\/company\/greenpeace-luxembourg\/","https:\/\/www.threads.com\/@greenpeacelux","https:\/\/bsky.app\/profile\/greenpeacelux.bsky.social","https:\/\/www.youtube.com\/@GreenpeaceLux","https:\/\/www.tiktok.com\/@greenpeace_lux"]},{"@type":"Person","@id":"https:\/\/www.greenpeace.org\/luxembourg\/fr\/#\/schema\/person\/7bbeb343322bdadf139e7e27e7c86ec8","name":"Pauline Maes","url":"https:\/\/www.greenpeace.org\/luxembourg\/fr\/author\/pmaes\/"}]}},"_links":{"self":[{"href":"https:\/\/www.greenpeace.org\/luxembourg\/fr\/wp-json\/wp\/v2\/posts\/3913","targetHints":{"allow":["GET"]}}],"collection":[{"href":"https:\/\/www.greenpeace.org\/luxembourg\/fr\/wp-json\/wp\/v2\/posts"}],"about":[{"href":"https:\/\/www.greenpeace.org\/luxembourg\/fr\/wp-json\/wp\/v2\/types\/post"}],"author":[{"embeddable":true,"href":"https:\/\/www.greenpeace.org\/luxembourg\/fr\/wp-json\/wp\/v2\/users\/18"}],"replies":[{"embeddable":true,"href":"https:\/\/www.greenpeace.org\/luxembourg\/fr\/wp-json\/wp\/v2\/comments?post=3913"}],"version-history":[{"count":5,"href":"https:\/\/www.greenpeace.org\/luxembourg\/fr\/wp-json\/wp\/v2\/posts\/3913\/revisions"}],"predecessor-version":[{"id":13113,"href":"https:\/\/www.greenpeace.org\/luxembourg\/fr\/wp-json\/wp\/v2\/posts\/3913\/revisions\/13113"}],"wp:featuredmedia":[{"embeddable":true,"href":"https:\/\/www.greenpeace.org\/luxembourg\/fr\/wp-json\/wp\/v2\/media\/3918"}],"wp:attachment":[{"href":"https:\/\/www.greenpeace.org\/luxembourg\/fr\/wp-json\/wp\/v2\/media?parent=3913"}],"wp:term":[{"taxonomy":"category","embeddable":true,"href":"https:\/\/www.greenpeace.org\/luxembourg\/fr\/wp-json\/wp\/v2\/categories?post=3913"},{"taxonomy":"post_tag","embeddable":true,"href":"https:\/\/www.greenpeace.org\/luxembourg\/fr\/wp-json\/wp\/v2\/tags?post=3913"},{"taxonomy":"p4-page-type","embeddable":true,"href":"https:\/\/www.greenpeace.org\/luxembourg\/fr\/wp-json\/wp\/v2\/p4-page-type?post=3913"}],"curies":[{"name":"wp","href":"https:\/\/api.w.org\/{rel}","templated":true}]}}