{"id":4021,"date":"2019-02-15T17:15:08","date_gmt":"2019-02-15T15:15:08","guid":{"rendered":"https:\/\/www.greenpeace.org\/luxembourg\/?p=4021"},"modified":"2021-12-01T17:31:47","modified_gmt":"2021-12-01T15:31:47","slug":"resultats-annuels-dedf-ou-sont-les-milliards-deuros-pour-gerer-les-dechets-nucleaires","status":"publish","type":"post","link":"https:\/\/www.greenpeace.org\/luxembourg\/fr\/actualites\/4021\/resultats-annuels-dedf-ou-sont-les-milliards-deuros-pour-gerer-les-dechets-nucleaires\/","title":{"rendered":"R\u00e9sultats annuels d\u2019EDF : O\u00f9 sont les milliards d\u2019euros pour g\u00e9rer les d\u00e9chets nucl\u00e9aires ?"},"content":{"rendered":"<p><strong>R\u00e9action de Greenpeace \u00e0 la pr\u00e9sentation des r\u00e9sultats financiers d\u2019EDF pour l\u2019ann\u00e9e 2018.<\/strong><\/p>\n<h3>Le compte n\u2019y est pas.<\/h3>\n<p>En 2018, EDF a provisionn\u00e9 seulement 21 milliards d\u2019euros pour les charges li\u00e9es \u00e0 la gestion des d\u00e9chets nucl\u00e9aires malgr\u00e9 les alertes lanc\u00e9es par la Cour des comptes [1] et un rapport parlementaire [2] sur la faiblesse de ses provisions. En 2016, l\u2019analyste financier AlphaValue [3] pointait d\u00e9j\u00e0 cette sous-\u00e9valuation et estimait \u00e0 33 milliards d\u2019euros le trou dans les comptes d\u2019EDF. Or, l\u2019industrie nucl\u00e9aire produit chaque ann\u00e9e des milliers de tonnes de d\u00e9chets radioactifs, dont environ 7800 tonnes de \u201cmati\u00e8res\u201d dites valorisables &#8211; qui ne seront probablement jamais r\u00e9utilis\u00e9es mais qui ne sont pas int\u00e9gr\u00e9es dans ce bilan comptable [4].<\/p>\n<p>\u201c<em>Il manque d\u00e9j\u00e0 des dizaines de milliards d\u2019euros dans les comptes d\u2019EDF pour g\u00e9rer les d\u00e9chets nucl\u00e9aires existants. Sans compter ceux qui continuent de s\u2019accumuler chaque ann\u00e9e. Pourtant EDF s\u2019acharne \u00e0 sous-estimer les co\u00fbts et les volumes de d\u00e9chets \u00e0 g\u00e9rer. Non seulement, le compte n\u2019y est pas mais la facture va s\u2019alourdir et plomber un peu plus les finances d\u2019EDF. Si l\u2019entreprise refuse d\u2019assumer ses responsabilit\u00e9s, c\u2019est le contribuable qui paiera la facture in fine. D&#8217;ailleurs, l&#8217;Etat fran\u00e7ais vient de faire un nouveau cadeau de trois milliards d\u2019euros \u00e0 EDF, renon\u00e7ant une fois de plus \u00e0 ses dividendes pour trois ann\u00e9es suppl\u00e9mentaires afin de limiter l\u2019augmentation de sa dette abyssale<\/em>\u201d alerte Florence de Bonnafos, charg\u00e9e de campagne \u00e0 Greenpeace France.<\/p>\n<h3>La fuite en avant continue: qui va payer la facture\u00a0in fine\u00a0?<\/h3>\n<p>Alors que ses co\u00fbts et ses charges augmentent, EDF n\u2019arrive pas \u00e0 enrayer la crise : malgr\u00e9 le plan de 10 milliards d\u2019euros de cession d\u2019actifs, la dette brute est remont\u00e9e \u00e0 69.3 milliards d\u2019euros [5]. Entre remboursement de ses dettes, travaux lourds sur les r\u00e9acteurs, pertes de parts de march\u00e9 et hausse des co\u00fbts du nucl\u00e9aire (dont ceux de d\u00e9mant\u00e8lement et de gestion des d\u00e9chets notoirement sous-estim\u00e9s), EDF ne s\u2019en sort plus sans le soutien de l\u2019Etat fran\u00e7ais et des contribuables. A l\u2019occasion du projet de restructuration annonc\u00e9 pour cette ann\u00e9e, l\u2019Etat-actionnaire doit exiger d\u2019EDF une r\u00e9\u00e9valuation r\u00e9aliste et rigoureuse de tous les co\u00fbts du programme nucl\u00e9aire, \u00e0 commencer par ceux li\u00e9s \u00e0 la gestion des d\u00e9chets et des mati\u00e8res.<\/p>\n<hr \/>\n<h3 align=\"left\"><strong>Notes suppl\u00e9mentaires<\/strong><\/h3>\n<p><\/p>\n<div align=\"left\">[1]\u00a0<strong id=\"m_-6470025938671866587docs-internal-guid-9ab74969-7fff-086f-4f92-d3ac546b0350\"><\/strong>Rapport public de la Cour des comptes, Les co\u00fbts de la fili\u00e8re \u00e9lectronucl\u00e9aire, janvier 2012. <a href=\"http:\/\/anws.co\/bAxnu\/%7Bac4224ca-c424-4427-8831-b8530af84e4b%7D\" target=\"_blank\" rel=\"noopener noreferrer\" data-saferedirecturl=\"https:\/\/www.google.com\/url?q=http:\/\/anws.co\/bAxnu\/%257Bac4224ca-c424-4427-8831-b8530af84e4b%257D&amp;source=gmail&amp;ust=1550328700213000&amp;usg=AFQjCNHGl3V691ff1evqt5eBuWTK0xlUXw\">https:\/\/www.ccomptes.fr\/en\/<wbr \/>documents\/1134<\/a><\/div>\n<div align=\"left\">[2]\u00a0Rapport de la \u00a0Mission d\u2019Information relative \u00e0 la faisabilit\u00e9 technique et financi\u00e8re du d\u00e9mant\u00e8lement des installations nucl\u00e9aires de base, adopt\u00e9 le 1er f\u00e9vrier 2017 \u00e0 l\u2019Assembl\u00e9e Nationale. <a href=\"http:\/\/anws.co\/bAxnv\/%7Bac4224ca-c424-4427-8831-b8530af84e4b%7D\" target=\"_blank\" rel=\"noopener noreferrer\" data-saferedirecturl=\"https:\/\/www.google.com\/url?q=http:\/\/anws.co\/bAxnv\/%257Bac4224ca-c424-4427-8831-b8530af84e4b%257D&amp;source=gmail&amp;ust=1550328700213000&amp;usg=AFQjCNG0meG9JsWl1BIRjv9iFPhOnJ1GEw\">http:\/\/www.assemblee-<wbr \/>nationale.fr\/14\/rap-info\/<wbr \/>i4428.asp<\/a><\/div>\n<div align=\"left\">[3]\u00a0Etude AlphaValue, EDF asphyxi\u00e9 par le nucl\u00e9aire, publi\u00e9e en Novembre 2016 <a href=\"http:\/\/anws.co\/bAxnw\/%7Bac4224ca-c424-4427-8831-b8530af84e4b%7D\" target=\"_blank\" rel=\"noopener noreferrer\" data-saferedirecturl=\"https:\/\/www.google.com\/url?q=http:\/\/anws.co\/bAxnw\/%257Bac4224ca-c424-4427-8831-b8530af84e4b%257D&amp;source=gmail&amp;ust=1550328700213000&amp;usg=AFQjCNG_Ae3AV8XLXiwOpPGifckKhnNWRQ\">http:\/\/www.alphavalue.fr\/<wbr \/>secure\/portal\/files\/AV_EDF_<wbr \/>Greenpeace.pdf<\/a><\/div>\n<div align=\"left\">[4] D\u2019apr\u00e8s l\u2019inventaire de l\u2019ANDRA, fin 2016, les stocks de \u201cmati\u00e8res\u201d repr\u00e9sentaient d\u00e9j\u00e0 310 000 tonnes d\u2019uranium appauvri, 12 000 tonnes de combustibles us\u00e9s non trait\u00e9s, 29 600 tonnes d\u2019uranium de retraitement et environ 2200 tonnes de MOX us\u00e9 ou non-utilisable. Depuis, ces quantit\u00e9s ont tr\u00e8s fortement augment\u00e9.<\/div>\n<div align=\"left\">[5] Il s\u2019agit de la dette brute d\u2019EDF (qui comprend les emprunts hybrides). Fin 2017, elle \u00e9tait de 67 milliards d\u2019euros.<\/div>\n\t\t\t<section\n\t\t\tclass=\"boxout post-428 \"\n\t\t\t\n\t\t>\n\t\t\t<a\n\t\t\t\tdata-ga-category=\"Take Action Boxout\"\n\t\t\t\tdata-ga-action=\"Image\"\n\t\t\t\tdata-ga-label=\"n\/a\"\n\t\t\t\tclass=\"cover-card-overlay\"\n\t\t\t\thref=\"https:\/\/www.greenpeace.org\/luxembourg\/fr\/agir\/exigeons-la-fin-du-nucleaire\/\" \n\t\t\t><\/a>\n\t\t\t\t\t\t\t<img\n\t\t\t\t\t\tsrc=\"https:\/\/www.greenpeace.org\/static\/planet4-luxembourg-stateless\/2020\/07\/e0610c64-nuclear_waste.jpg\"\n\t\t\t\t\t\tsrcset=\"https:\/\/www.greenpeace.org\/static\/planet4-luxembourg-stateless\/2020\/07\/e0610c64-nuclear_waste-300x199.jpg 300w, https:\/\/www.greenpeace.org\/static\/planet4-luxembourg-stateless\/2020\/07\/e0610c64-nuclear_waste-768x510.jpg 768w, https:\/\/www.greenpeace.org\/static\/planet4-luxembourg-stateless\/2020\/07\/e0610c64-nuclear_waste-510x338.jpg 510w, https:\/\/www.greenpeace.org\/static\/planet4-luxembourg-stateless\/2020\/07\/e0610c64-nuclear_waste.jpg 999w\"\n\t\t\t\t\t\tsizes=\"(min-width: 1000px) 358px, (min-width: 780px) 313px, 88px\"\n\t\t\t\t\t\talt=\"\" title=\"\"\n\t\t\t\t\/>\n            \t\t\t<div class=\"boxout-content\">\n\t\t\t\t\t\t\t\t\t<a\n\t\t\t\t\t\tclass=\"boxout-heading medium\"\n\t\t\t\t\t\tdata-ga-category=\"Take Action Boxout\"\n\t\t\t\t\t\tdata-ga-action=\"Title\"\n\t\t\t\t\t\tdata-ga-label=\"n\/a\"\n\t\t\t\t\t\thref=\"https:\/\/www.greenpeace.org\/luxembourg\/fr\/agir\/exigeons-la-fin-du-nucleaire\/\"\n\t\t\t\t\t\t\n\t\t\t\t\t>\n\t\t\t\t\t\t\u00c9xigeons la fin du nucl\u00e9aire\n\t\t\t\t\t<\/a>\n\t\t\t\t\t\t\t\t\t\t\t\t\t<p class=\"boxout-excerpt\">Le risque Z\u00e9ro n\u2019existe pas.\nFissures, fragilit\u00e9 des structures, anomalies de construction, les installations nous r\u00e9servent chaque fois plus de surprises et les d\u00e9chets sont ing\u00e9rables. <\/p>\n\t\t\t\t                                    <a\n                        class=\"btn btn-primary\"\n                        data-ga-category=\"Take Action Boxout\"\n                        data-ga-action=\"Call to Action\"\n                        data-ga-label=\"n\/a\"\n                        href=\"https:\/\/www.greenpeace.org\/luxembourg\/fr\/agir\/exigeons-la-fin-du-nucleaire\/\"\n                        \n                    >\n                        S&#039;engager\n                    <\/a>\n                \t\t\t<\/div>\n\t\t\t\t\t<\/section>\n\t","protected":false},"excerpt":{"rendered":"<p>R\u00e9action de Greenpeace \u00e0 la pr\u00e9sentation des r\u00e9sultats financiers d\u2019EDF pour l\u2019ann\u00e9e 2018. Le compte n\u2019y est pas. En 2018, EDF a provisionn\u00e9 seulement 21 milliards d\u2019euros pour les charges&hellip;<\/p>\n","protected":false},"author":18,"featured_media":4030,"comment_status":"closed","ping_status":"closed","sticky":false,"template":"","format":"standard","meta":{"ep_exclude_from_search":false,"p4_og_title":"","p4_og_description":"","p4_og_image":"","p4_og_image_id":"","p4_seo_canonical_url":"","p4_campaign_name":"","p4_local_project":"","p4_basket_name":"","p4_department":"","footnotes":""},"categories":[42],"tags":[30],"p4-page-type":[85],"class_list":["post-4021","post","type-post","status-publish","format-standard","has-post-thumbnail","hentry","category-energie","tag-nucleaire","p4-page-type-actualites"],"yoast_head":"<!-- This site is optimized with the Yoast SEO Premium plugin v23.9 (Yoast SEO v23.9) - https:\/\/yoast.com\/wordpress\/plugins\/seo\/ -->\n<title>R\u00e9sultats annuels d\u2019EDF : O\u00f9 sont les milliards d\u2019euros pour g\u00e9rer les d\u00e9chets nucl\u00e9aires ? - Greenpeace Luxembourg<\/title>\n<meta name=\"robots\" content=\"index, follow, max-snippet:-1, max-image-preview:large, max-video-preview:-1\" \/>\n<link rel=\"canonical\" href=\"https:\/\/www.greenpeace.org\/luxembourg\/fr\/actualites\/4021\/resultats-annuels-dedf-ou-sont-les-milliards-deuros-pour-gerer-les-dechets-nucleaires\/\" \/>\n<meta property=\"og:locale\" content=\"fr_FR\" \/>\n<meta property=\"og:type\" content=\"article\" \/>\n<meta property=\"og:title\" content=\"R\u00e9sultats annuels d\u2019EDF : O\u00f9 sont les milliards d\u2019euros pour g\u00e9rer les d\u00e9chets nucl\u00e9aires ?\" \/>\n<meta property=\"og:description\" content=\"R\u00e9action de Greenpeace \u00e0 la pr\u00e9sentation des r\u00e9sultats financiers d\u2019EDF pour l\u2019ann\u00e9e 2018. Le compte n\u2019y est pas. En 2018, EDF a provisionn\u00e9 seulement 21 milliards d\u2019euros pour les charges&hellip;\" \/>\n<meta property=\"og:url\" content=\"https:\/\/www.greenpeace.org\/luxembourg\/fr\/actualites\/4021\/resultats-annuels-dedf-ou-sont-les-milliards-deuros-pour-gerer-les-dechets-nucleaires\/\" \/>\n<meta property=\"og:site_name\" content=\"Greenpeace Luxembourg\" \/>\n<meta property=\"article:publisher\" content=\"https:\/\/www.facebook.com\/greenpeaceluxembourg\" \/>\n<meta property=\"article:published_time\" content=\"2019-02-15T15:15:08+00:00\" \/>\n<meta property=\"article:modified_time\" content=\"2021-12-01T15:31:47+00:00\" \/>\n<meta property=\"og:image\" content=\"https:\/\/www.greenpeace.org\/static\/planet4-luxembourg-stateless\/2019\/02\/03355a95-gp0stq68q_medium_res.jpg\" \/>\n\t<meta property=\"og:image:width\" content=\"1200\" \/>\n\t<meta property=\"og:image:height\" content=\"801\" \/>\n\t<meta property=\"og:image:type\" content=\"image\/jpeg\" \/>\n<meta name=\"author\" content=\"Pauline Maes\" \/>\n<meta name=\"twitter:card\" content=\"summary_large_image\" \/>\n<meta name=\"twitter:label1\" content=\"Written by\" \/>\n\t<meta name=\"twitter:data1\" content=\"Pauline Maes\" \/>\n\t<meta name=\"twitter:label2\" content=\"Est. reading time\" \/>\n\t<meta name=\"twitter:data2\" content=\"3 minutes\" \/>\n<script type=\"application\/ld+json\" class=\"yoast-schema-graph\">{\"@context\":\"https:\/\/schema.org\",\"@graph\":[{\"@type\":\"Article\",\"@id\":\"https:\/\/www.greenpeace.org\/luxembourg\/fr\/actualites\/4021\/resultats-annuels-dedf-ou-sont-les-milliards-deuros-pour-gerer-les-dechets-nucleaires\/#article\",\"isPartOf\":{\"@id\":\"https:\/\/www.greenpeace.org\/luxembourg\/fr\/actualites\/4021\/resultats-annuels-dedf-ou-sont-les-milliards-deuros-pour-gerer-les-dechets-nucleaires\/\"},\"author\":{\"name\":\"Pauline Maes\",\"@id\":\"https:\/\/www.greenpeace.org\/luxembourg\/fr\/#\/schema\/person\/7bbeb343322bdadf139e7e27e7c86ec8\"},\"headline\":\"R\u00e9sultats annuels d\u2019EDF : O\u00f9 sont les milliards d\u2019euros pour g\u00e9rer les d\u00e9chets nucl\u00e9aires ?\",\"datePublished\":\"2019-02-15T15:15:08+00:00\",\"dateModified\":\"2021-12-01T15:31:47+00:00\",\"mainEntityOfPage\":{\"@id\":\"https:\/\/www.greenpeace.org\/luxembourg\/fr\/actualites\/4021\/resultats-annuels-dedf-ou-sont-les-milliards-deuros-pour-gerer-les-dechets-nucleaires\/\"},\"wordCount\":608,\"publisher\":{\"@id\":\"https:\/\/www.greenpeace.org\/luxembourg\/fr\/#organization\"},\"image\":{\"@id\":\"https:\/\/www.greenpeace.org\/luxembourg\/fr\/actualites\/4021\/resultats-annuels-dedf-ou-sont-les-milliards-deuros-pour-gerer-les-dechets-nucleaires\/#primaryimage\"},\"thumbnailUrl\":\"https:\/\/www.greenpeace.org\/static\/planet4-luxembourg-stateless\/2019\/02\/03355a95-gp0stq68q_medium_res.jpg\",\"keywords\":[\"Nucl\u00e9aire\"],\"articleSection\":[\"\u00c9nergie\"],\"inLanguage\":\"fr-LU\"},{\"@type\":\"WebPage\",\"@id\":\"https:\/\/www.greenpeace.org\/luxembourg\/fr\/actualites\/4021\/resultats-annuels-dedf-ou-sont-les-milliards-deuros-pour-gerer-les-dechets-nucleaires\/\",\"url\":\"https:\/\/www.greenpeace.org\/luxembourg\/fr\/actualites\/4021\/resultats-annuels-dedf-ou-sont-les-milliards-deuros-pour-gerer-les-dechets-nucleaires\/\",\"name\":\"R\u00e9sultats annuels d\u2019EDF : O\u00f9 sont les milliards d\u2019euros pour g\u00e9rer les d\u00e9chets nucl\u00e9aires ? - Greenpeace Luxembourg\",\"isPartOf\":{\"@id\":\"https:\/\/www.greenpeace.org\/luxembourg\/fr\/#website\"},\"primaryImageOfPage\":{\"@id\":\"https:\/\/www.greenpeace.org\/luxembourg\/fr\/actualites\/4021\/resultats-annuels-dedf-ou-sont-les-milliards-deuros-pour-gerer-les-dechets-nucleaires\/#primaryimage\"},\"image\":{\"@id\":\"https:\/\/www.greenpeace.org\/luxembourg\/fr\/actualites\/4021\/resultats-annuels-dedf-ou-sont-les-milliards-deuros-pour-gerer-les-dechets-nucleaires\/#primaryimage\"},\"thumbnailUrl\":\"https:\/\/www.greenpeace.org\/static\/planet4-luxembourg-stateless\/2019\/02\/03355a95-gp0stq68q_medium_res.jpg\",\"datePublished\":\"2019-02-15T15:15:08+00:00\",\"dateModified\":\"2021-12-01T15:31:47+00:00\",\"breadcrumb\":{\"@id\":\"https:\/\/www.greenpeace.org\/luxembourg\/fr\/actualites\/4021\/resultats-annuels-dedf-ou-sont-les-milliards-deuros-pour-gerer-les-dechets-nucleaires\/#breadcrumb\"},\"inLanguage\":\"fr-LU\",\"potentialAction\":[{\"@type\":\"ReadAction\",\"target\":[\"https:\/\/www.greenpeace.org\/luxembourg\/fr\/actualites\/4021\/resultats-annuels-dedf-ou-sont-les-milliards-deuros-pour-gerer-les-dechets-nucleaires\/\"]}]},{\"@type\":\"ImageObject\",\"inLanguage\":\"fr-LU\",\"@id\":\"https:\/\/www.greenpeace.org\/luxembourg\/fr\/actualites\/4021\/resultats-annuels-dedf-ou-sont-les-milliards-deuros-pour-gerer-les-dechets-nucleaires\/#primaryimage\",\"url\":\"https:\/\/www.greenpeace.org\/static\/planet4-luxembourg-stateless\/2019\/02\/03355a95-gp0stq68q_medium_res.jpg\",\"contentUrl\":\"https:\/\/www.greenpeace.org\/static\/planet4-luxembourg-stateless\/2019\/02\/03355a95-gp0stq68q_medium_res.jpg\",\"width\":1200,\"height\":801,\"caption\":\"An activist wears sunglasses with nuclear energy symbol during a demonstration against the construction of nuclear reactors in Flamanville and against the planned reactor at Hinkley Point, UK. The protesters gather at Siouville-Hague, between a nuclear waste treatment center at La Hague and the site of a third nuclear reactor at Flamanville, which is currently under construction after 6 years and billions of euros spent because of several anomalies.\"},{\"@type\":\"BreadcrumbList\",\"@id\":\"https:\/\/www.greenpeace.org\/luxembourg\/fr\/actualites\/4021\/resultats-annuels-dedf-ou-sont-les-milliards-deuros-pour-gerer-les-dechets-nucleaires\/#breadcrumb\",\"itemListElement\":[{\"@type\":\"ListItem\",\"position\":1,\"name\":\"Home\",\"item\":\"https:\/\/www.greenpeace.org\/luxembourg\/fr\/\"},{\"@type\":\"ListItem\",\"position\":2,\"name\":\"R\u00e9sultats annuels d\u2019EDF : O\u00f9 sont les milliards d\u2019euros pour g\u00e9rer les d\u00e9chets nucl\u00e9aires ?\"}]},{\"@type\":\"WebSite\",\"@id\":\"https:\/\/www.greenpeace.org\/luxembourg\/fr\/#website\",\"url\":\"https:\/\/www.greenpeace.org\/luxembourg\/fr\/\",\"name\":\"Greenpeace Luxembourg\",\"description\":\"Greenpeace existe parce que cette Terre fragile a besoin d&#039;une voix. Elle a besoin de solutions. De changement. D&#039;actions.\",\"publisher\":{\"@id\":\"https:\/\/www.greenpeace.org\/luxembourg\/fr\/#organization\"},\"potentialAction\":[{\"@type\":\"SearchAction\",\"target\":{\"@type\":\"EntryPoint\",\"urlTemplate\":\"https:\/\/www.greenpeace.org\/luxembourg\/fr\/?s={search_term_string}\"},\"query-input\":{\"@type\":\"PropertyValueSpecification\",\"valueRequired\":true,\"valueName\":\"search_term_string\"}}],\"inLanguage\":\"fr-LU\"},{\"@type\":\"Organization\",\"@id\":\"https:\/\/www.greenpeace.org\/luxembourg\/fr\/#organization\",\"name\":\"Greenpeace Luxembourg\",\"url\":\"https:\/\/www.greenpeace.org\/luxembourg\/fr\/\",\"logo\":{\"@type\":\"ImageObject\",\"inLanguage\":\"fr-LU\",\"@id\":\"https:\/\/www.greenpeace.org\/luxembourg\/fr\/#\/schema\/logo\/image\/\",\"url\":\"https:\/\/www.greenpeace.org\/static\/planet4-luxembourg-stateless\/2026\/03\/3e367f94-greenpeace_logo_green_rgb.png\",\"contentUrl\":\"https:\/\/www.greenpeace.org\/static\/planet4-luxembourg-stateless\/2026\/03\/3e367f94-greenpeace_logo_green_rgb.png\",\"width\":1080,\"height\":175,\"caption\":\"Greenpeace Luxembourg\"},\"image\":{\"@id\":\"https:\/\/www.greenpeace.org\/luxembourg\/fr\/#\/schema\/logo\/image\/\"},\"sameAs\":[\"https:\/\/www.facebook.com\/greenpeaceluxembourg\",\"https:\/\/www.instagram.com\/greenpeacelux\/\",\"https:\/\/www.linkedin.com\/company\/greenpeace-luxembourg\/\",\"https:\/\/www.threads.com\/@greenpeacelux\",\"https:\/\/bsky.app\/profile\/greenpeacelux.bsky.social\",\"https:\/\/www.youtube.com\/@GreenpeaceLux\",\"https:\/\/www.tiktok.com\/@greenpeace_lux\"]},{\"@type\":\"Person\",\"@id\":\"https:\/\/www.greenpeace.org\/luxembourg\/fr\/#\/schema\/person\/7bbeb343322bdadf139e7e27e7c86ec8\",\"name\":\"Pauline Maes\",\"url\":\"https:\/\/www.greenpeace.org\/luxembourg\/fr\/author\/pmaes\/\"}]}<\/script>\n<!-- \/ Yoast SEO Premium plugin. -->","yoast_head_json":{"title":"R\u00e9sultats annuels d\u2019EDF : O\u00f9 sont les milliards d\u2019euros pour g\u00e9rer les d\u00e9chets nucl\u00e9aires ? - Greenpeace Luxembourg","robots":{"index":"index","follow":"follow","max-snippet":"max-snippet:-1","max-image-preview":"max-image-preview:large","max-video-preview":"max-video-preview:-1"},"canonical":"https:\/\/www.greenpeace.org\/luxembourg\/fr\/actualites\/4021\/resultats-annuels-dedf-ou-sont-les-milliards-deuros-pour-gerer-les-dechets-nucleaires\/","og_locale":"fr_FR","og_type":"article","og_title":"R\u00e9sultats annuels d\u2019EDF : O\u00f9 sont les milliards d\u2019euros pour g\u00e9rer les d\u00e9chets nucl\u00e9aires ?","og_description":"R\u00e9action de Greenpeace \u00e0 la pr\u00e9sentation des r\u00e9sultats financiers d\u2019EDF pour l\u2019ann\u00e9e 2018. Le compte n\u2019y est pas. En 2018, EDF a provisionn\u00e9 seulement 21 milliards d\u2019euros pour les charges&hellip;","og_url":"https:\/\/www.greenpeace.org\/luxembourg\/fr\/actualites\/4021\/resultats-annuels-dedf-ou-sont-les-milliards-deuros-pour-gerer-les-dechets-nucleaires\/","og_site_name":"Greenpeace Luxembourg","article_publisher":"https:\/\/www.facebook.com\/greenpeaceluxembourg","article_published_time":"2019-02-15T15:15:08+00:00","article_modified_time":"2021-12-01T15:31:47+00:00","og_image":[{"width":1200,"height":801,"url":"https:\/\/www.greenpeace.org\/static\/planet4-luxembourg-stateless\/2019\/02\/03355a95-gp0stq68q_medium_res.jpg","type":"image\/jpeg"}],"author":"Pauline Maes","twitter_card":"summary_large_image","twitter_misc":{"Written by":"Pauline Maes","Est. reading time":"3 minutes"},"schema":{"@context":"https:\/\/schema.org","@graph":[{"@type":"Article","@id":"https:\/\/www.greenpeace.org\/luxembourg\/fr\/actualites\/4021\/resultats-annuels-dedf-ou-sont-les-milliards-deuros-pour-gerer-les-dechets-nucleaires\/#article","isPartOf":{"@id":"https:\/\/www.greenpeace.org\/luxembourg\/fr\/actualites\/4021\/resultats-annuels-dedf-ou-sont-les-milliards-deuros-pour-gerer-les-dechets-nucleaires\/"},"author":{"name":"Pauline Maes","@id":"https:\/\/www.greenpeace.org\/luxembourg\/fr\/#\/schema\/person\/7bbeb343322bdadf139e7e27e7c86ec8"},"headline":"R\u00e9sultats annuels d\u2019EDF : O\u00f9 sont les milliards d\u2019euros pour g\u00e9rer les d\u00e9chets nucl\u00e9aires ?","datePublished":"2019-02-15T15:15:08+00:00","dateModified":"2021-12-01T15:31:47+00:00","mainEntityOfPage":{"@id":"https:\/\/www.greenpeace.org\/luxembourg\/fr\/actualites\/4021\/resultats-annuels-dedf-ou-sont-les-milliards-deuros-pour-gerer-les-dechets-nucleaires\/"},"wordCount":608,"publisher":{"@id":"https:\/\/www.greenpeace.org\/luxembourg\/fr\/#organization"},"image":{"@id":"https:\/\/www.greenpeace.org\/luxembourg\/fr\/actualites\/4021\/resultats-annuels-dedf-ou-sont-les-milliards-deuros-pour-gerer-les-dechets-nucleaires\/#primaryimage"},"thumbnailUrl":"https:\/\/www.greenpeace.org\/static\/planet4-luxembourg-stateless\/2019\/02\/03355a95-gp0stq68q_medium_res.jpg","keywords":["Nucl\u00e9aire"],"articleSection":["\u00c9nergie"],"inLanguage":"fr-LU"},{"@type":"WebPage","@id":"https:\/\/www.greenpeace.org\/luxembourg\/fr\/actualites\/4021\/resultats-annuels-dedf-ou-sont-les-milliards-deuros-pour-gerer-les-dechets-nucleaires\/","url":"https:\/\/www.greenpeace.org\/luxembourg\/fr\/actualites\/4021\/resultats-annuels-dedf-ou-sont-les-milliards-deuros-pour-gerer-les-dechets-nucleaires\/","name":"R\u00e9sultats annuels d\u2019EDF : O\u00f9 sont les milliards d\u2019euros pour g\u00e9rer les d\u00e9chets nucl\u00e9aires ? - Greenpeace Luxembourg","isPartOf":{"@id":"https:\/\/www.greenpeace.org\/luxembourg\/fr\/#website"},"primaryImageOfPage":{"@id":"https:\/\/www.greenpeace.org\/luxembourg\/fr\/actualites\/4021\/resultats-annuels-dedf-ou-sont-les-milliards-deuros-pour-gerer-les-dechets-nucleaires\/#primaryimage"},"image":{"@id":"https:\/\/www.greenpeace.org\/luxembourg\/fr\/actualites\/4021\/resultats-annuels-dedf-ou-sont-les-milliards-deuros-pour-gerer-les-dechets-nucleaires\/#primaryimage"},"thumbnailUrl":"https:\/\/www.greenpeace.org\/static\/planet4-luxembourg-stateless\/2019\/02\/03355a95-gp0stq68q_medium_res.jpg","datePublished":"2019-02-15T15:15:08+00:00","dateModified":"2021-12-01T15:31:47+00:00","breadcrumb":{"@id":"https:\/\/www.greenpeace.org\/luxembourg\/fr\/actualites\/4021\/resultats-annuels-dedf-ou-sont-les-milliards-deuros-pour-gerer-les-dechets-nucleaires\/#breadcrumb"},"inLanguage":"fr-LU","potentialAction":[{"@type":"ReadAction","target":["https:\/\/www.greenpeace.org\/luxembourg\/fr\/actualites\/4021\/resultats-annuels-dedf-ou-sont-les-milliards-deuros-pour-gerer-les-dechets-nucleaires\/"]}]},{"@type":"ImageObject","inLanguage":"fr-LU","@id":"https:\/\/www.greenpeace.org\/luxembourg\/fr\/actualites\/4021\/resultats-annuels-dedf-ou-sont-les-milliards-deuros-pour-gerer-les-dechets-nucleaires\/#primaryimage","url":"https:\/\/www.greenpeace.org\/static\/planet4-luxembourg-stateless\/2019\/02\/03355a95-gp0stq68q_medium_res.jpg","contentUrl":"https:\/\/www.greenpeace.org\/static\/planet4-luxembourg-stateless\/2019\/02\/03355a95-gp0stq68q_medium_res.jpg","width":1200,"height":801,"caption":"An activist wears sunglasses with nuclear energy symbol during a demonstration against the construction of nuclear reactors in Flamanville and against the planned reactor at Hinkley Point, UK. The protesters gather at Siouville-Hague, between a nuclear waste treatment center at La Hague and the site of a third nuclear reactor at Flamanville, which is currently under construction after 6 years and billions of euros spent because of several anomalies."},{"@type":"BreadcrumbList","@id":"https:\/\/www.greenpeace.org\/luxembourg\/fr\/actualites\/4021\/resultats-annuels-dedf-ou-sont-les-milliards-deuros-pour-gerer-les-dechets-nucleaires\/#breadcrumb","itemListElement":[{"@type":"ListItem","position":1,"name":"Home","item":"https:\/\/www.greenpeace.org\/luxembourg\/fr\/"},{"@type":"ListItem","position":2,"name":"R\u00e9sultats annuels d\u2019EDF : O\u00f9 sont les milliards d\u2019euros pour g\u00e9rer les d\u00e9chets nucl\u00e9aires ?"}]},{"@type":"WebSite","@id":"https:\/\/www.greenpeace.org\/luxembourg\/fr\/#website","url":"https:\/\/www.greenpeace.org\/luxembourg\/fr\/","name":"Greenpeace Luxembourg","description":"Greenpeace existe parce que cette Terre fragile a besoin d&#039;une voix. Elle a besoin de solutions. De changement. D&#039;actions.","publisher":{"@id":"https:\/\/www.greenpeace.org\/luxembourg\/fr\/#organization"},"potentialAction":[{"@type":"SearchAction","target":{"@type":"EntryPoint","urlTemplate":"https:\/\/www.greenpeace.org\/luxembourg\/fr\/?s={search_term_string}"},"query-input":{"@type":"PropertyValueSpecification","valueRequired":true,"valueName":"search_term_string"}}],"inLanguage":"fr-LU"},{"@type":"Organization","@id":"https:\/\/www.greenpeace.org\/luxembourg\/fr\/#organization","name":"Greenpeace Luxembourg","url":"https:\/\/www.greenpeace.org\/luxembourg\/fr\/","logo":{"@type":"ImageObject","inLanguage":"fr-LU","@id":"https:\/\/www.greenpeace.org\/luxembourg\/fr\/#\/schema\/logo\/image\/","url":"https:\/\/www.greenpeace.org\/static\/planet4-luxembourg-stateless\/2026\/03\/3e367f94-greenpeace_logo_green_rgb.png","contentUrl":"https:\/\/www.greenpeace.org\/static\/planet4-luxembourg-stateless\/2026\/03\/3e367f94-greenpeace_logo_green_rgb.png","width":1080,"height":175,"caption":"Greenpeace Luxembourg"},"image":{"@id":"https:\/\/www.greenpeace.org\/luxembourg\/fr\/#\/schema\/logo\/image\/"},"sameAs":["https:\/\/www.facebook.com\/greenpeaceluxembourg","https:\/\/www.instagram.com\/greenpeacelux\/","https:\/\/www.linkedin.com\/company\/greenpeace-luxembourg\/","https:\/\/www.threads.com\/@greenpeacelux","https:\/\/bsky.app\/profile\/greenpeacelux.bsky.social","https:\/\/www.youtube.com\/@GreenpeaceLux","https:\/\/www.tiktok.com\/@greenpeace_lux"]},{"@type":"Person","@id":"https:\/\/www.greenpeace.org\/luxembourg\/fr\/#\/schema\/person\/7bbeb343322bdadf139e7e27e7c86ec8","name":"Pauline Maes","url":"https:\/\/www.greenpeace.org\/luxembourg\/fr\/author\/pmaes\/"}]}},"_links":{"self":[{"href":"https:\/\/www.greenpeace.org\/luxembourg\/fr\/wp-json\/wp\/v2\/posts\/4021","targetHints":{"allow":["GET"]}}],"collection":[{"href":"https:\/\/www.greenpeace.org\/luxembourg\/fr\/wp-json\/wp\/v2\/posts"}],"about":[{"href":"https:\/\/www.greenpeace.org\/luxembourg\/fr\/wp-json\/wp\/v2\/types\/post"}],"author":[{"embeddable":true,"href":"https:\/\/www.greenpeace.org\/luxembourg\/fr\/wp-json\/wp\/v2\/users\/18"}],"replies":[{"embeddable":true,"href":"https:\/\/www.greenpeace.org\/luxembourg\/fr\/wp-json\/wp\/v2\/comments?post=4021"}],"version-history":[{"count":8,"href":"https:\/\/www.greenpeace.org\/luxembourg\/fr\/wp-json\/wp\/v2\/posts\/4021\/revisions"}],"predecessor-version":[{"id":13105,"href":"https:\/\/www.greenpeace.org\/luxembourg\/fr\/wp-json\/wp\/v2\/posts\/4021\/revisions\/13105"}],"wp:featuredmedia":[{"embeddable":true,"href":"https:\/\/www.greenpeace.org\/luxembourg\/fr\/wp-json\/wp\/v2\/media\/4030"}],"wp:attachment":[{"href":"https:\/\/www.greenpeace.org\/luxembourg\/fr\/wp-json\/wp\/v2\/media?parent=4021"}],"wp:term":[{"taxonomy":"category","embeddable":true,"href":"https:\/\/www.greenpeace.org\/luxembourg\/fr\/wp-json\/wp\/v2\/categories?post=4021"},{"taxonomy":"post_tag","embeddable":true,"href":"https:\/\/www.greenpeace.org\/luxembourg\/fr\/wp-json\/wp\/v2\/tags?post=4021"},{"taxonomy":"p4-page-type","embeddable":true,"href":"https:\/\/www.greenpeace.org\/luxembourg\/fr\/wp-json\/wp\/v2\/p4-page-type?post=4021"}],"curies":[{"name":"wp","href":"https:\/\/api.w.org\/{rel}","templated":true}]}}