{"id":4092,"date":"2019-02-19T18:21:21","date_gmt":"2019-02-19T16:21:21","guid":{"rendered":"https:\/\/www.greenpeace.org\/luxembourg\/?p=4092"},"modified":"2021-12-01T17:31:45","modified_gmt":"2021-12-01T15:31:45","slug":"reaction-un-nouveau-rapport-revele-que-le-cycle-de-vie-entier-du-plastique-menace-la-sante-humaine","status":"publish","type":"post","link":"https:\/\/www.greenpeace.org\/luxembourg\/fr\/actualites\/4092\/reaction-un-nouveau-rapport-revele-que-le-cycle-de-vie-entier-du-plastique-menace-la-sante-humaine\/","title":{"rendered":"[R\u00c9ACTION] Un nouveau rapport r\u00e9v\u00e8le que le cycle de vie entier du plastique menace la sant\u00e9 humaine"},"content":{"rendered":"<p><strong>WASHINGTON, DC<\/strong>\u00a0\u2013\u00a0<a href=\"https:\/\/www.ciel.org\/plasticandhealth\/\">Un nouveau rapport<\/a>\u00a0du Centre international du droit de l\u2019environnement (CIEL) examine les impacts sur la sant\u00e9 \u00e0 chaque \u00e9tape de son cycle de vie, et conclut qu\u2019il est n\u00e9cessaire d\u2019adopter imm\u00e9diatement le principe de pr\u00e9caution pour prot\u00e9ger l\u2019humanit\u00e9 de la crise de la pollution plastique.<\/p>\n<p><b>Les principaux constats du rapport sont:<\/b><\/p>\n<ul>\n<li>Le plastique pr\u00e9sente des risques pour la sant\u00e9 humaine et ce \u00e0 chaque \u00e9tape de son cycle de vie dus au rejet de produits chimiques nocifs lors du processus d\u2019extraction et de fabrication de la mati\u00e8re premi\u00e8re; \u00e0 l\u2019exposition aux additifs chimiques lors de son utilisation; et aux d\u00e9chets plastiques qui contaminent l\u2019environnement et les aliments.<\/li>\n<li>Les particules de microplastiques, comme les fragments et les fibres, peuvent p\u00e9n\u00e9trer le corps par contact, ingestion ou inhalation, et pourraient avoir de nombreux effets sur la sant\u00e9 en raison de leur taille microscopique et de leur capacit\u00e9 \u00e0 s\u2019infiltrer dans les tissus et les cellules, ou en raison des produits chimiques complexes qu\u2019ils contiennent.<\/li>\n<li>Les incertitudes et les lacunes en termes de savoir, y compris un manque flagrant de transparence, compromettent l\u2019\u00e9valuation compl\u00e8te des effets sur la sant\u00e9 et emp\u00eachent les consommateurs et consommatrices, les communaut\u00e9s et les organismes de prendre des d\u00e9cisions \u00e9clair\u00e9es.<\/li>\n<\/ul>\n<p><b>En r\u00e9action au rapport CIEL, Graham Forbes, Greenpeace Global Plastics Project Leader, a d\u00e9clar\u00e9 :<\/b><\/p>\n<p>\u00ab<em>Les risques pour la s<\/em><em>ant\u00e9 li\u00e9s \u00e0 la crise de la pollution plastique ont \u00e9t\u00e9 ignor\u00e9s pendant trop longtemps et doivent \u00eatre au premier plan de toutes les d\u00e9cisions futures relatives au plastique. Les entreprises et les gouvernements mettent notre sant\u00e9 en danger en maintenant le statu quo pour assurer les profits. Ce rapport montre que les oc\u00e9ans et les animaux marins ne sont pas les seuls \u00e0 souffrir de notre d\u00e9pendance au plastique. Bien qu\u2019il reste encore beaucoup \u00e0 apprendre sur les impacts du plastique sur la sant\u00e9 humaine, nous en savons suffisamment pour adopter le principe de pr\u00e9caution et commencer \u00e0 les \u00e9liminer progressivement. \u00bb<\/em><\/p>\n<p><em>\u00ab Outre les effets sur la sant\u00e9, notre culture du jetable pr\u00e9sente de nombreux risques. Les d\u00e9chets plastiques nuisent ou tuent des animaux partout dans le monde, contribuent aux changements climatiques et maintiennent notre d\u00e9pendance aux combustibles fossiles. La solution doit passer par la r\u00e9duction imm\u00e9diate de la production de plastique jetable et une r\u00e9orientation des entreprises vers des syst\u00e8mes de remplissage et de r\u00e9utilisation. Il est temps de repenser les syst\u00e8mes de distribution, car le mod\u00e8le actuel a clairement montr\u00e9 ses limites.<\/em> \u00bb<\/p>\n<p>Pour lire le rapport complet (en anglais), veuillez\u00a0<a href=\"https:\/\/www.ciel.org\/plasticandhealth\/\">cliquez ici.<\/a><\/p>\n<div class=\"EmptyMessage\">Block content is empty. Check the block&#8217;s settings or remove it.<\/div>","protected":false},"excerpt":{"rendered":"<p>WASHINGTON, DC\u00a0\u2013\u00a0Un nouveau rapport\u00a0du Centre international du droit de l\u2019environnement (CIEL) examine les impacts sur la sant\u00e9 \u00e0 chaque \u00e9tape de son cycle de vie, et conclut qu\u2019il est n\u00e9cessaire&hellip;<\/p>\n","protected":false},"author":18,"featured_media":4097,"comment_status":"closed","ping_status":"closed","sticky":false,"template":"","format":"standard","meta":{"ep_exclude_from_search":false,"p4_og_title":"","p4_og_description":"","p4_og_image":"","p4_og_image_id":"","p4_seo_canonical_url":"","p4_campaign_name":"","p4_local_project":"","p4_basket_name":"","p4_department":"","footnotes":""},"categories":[43],"tags":[28],"p4-page-type":[85],"class_list":["post-4092","post","type-post","status-publish","format-standard","has-post-thumbnail","hentry","category-nature","tag-pollution","p4-page-type-actualites"],"yoast_head":"<!-- This site is optimized with the Yoast SEO Premium plugin v23.9 (Yoast SEO v23.9) - https:\/\/yoast.com\/wordpress\/plugins\/seo\/ -->\n<title>[R\u00c9ACTION] Un nouveau rapport r\u00e9v\u00e8le que le cycle de vie entier du plastique menace la sant\u00e9 humaine - Greenpeace Luxembourg<\/title>\n<meta name=\"robots\" content=\"index, follow, max-snippet:-1, max-image-preview:large, max-video-preview:-1\" \/>\n<link rel=\"canonical\" href=\"https:\/\/www.greenpeace.org\/luxembourg\/fr\/actualites\/4092\/reaction-un-nouveau-rapport-revele-que-le-cycle-de-vie-entier-du-plastique-menace-la-sante-humaine\/\" \/>\n<meta property=\"og:locale\" content=\"fr_FR\" \/>\n<meta property=\"og:type\" content=\"article\" \/>\n<meta property=\"og:title\" content=\"[R\u00c9ACTION] Un nouveau rapport r\u00e9v\u00e8le que le cycle de vie entier du plastique menace la sant\u00e9 humaine\" \/>\n<meta property=\"og:description\" content=\"WASHINGTON, DC\u00a0\u2013\u00a0Un nouveau rapport\u00a0du Centre international du droit de l\u2019environnement (CIEL) examine les impacts sur la sant\u00e9 \u00e0 chaque \u00e9tape de son cycle de vie, et conclut qu\u2019il est n\u00e9cessaire&hellip;\" \/>\n<meta property=\"og:url\" content=\"https:\/\/www.greenpeace.org\/luxembourg\/fr\/actualites\/4092\/reaction-un-nouveau-rapport-revele-que-le-cycle-de-vie-entier-du-plastique-menace-la-sante-humaine\/\" \/>\n<meta property=\"og:site_name\" content=\"Greenpeace Luxembourg\" \/>\n<meta property=\"article:publisher\" content=\"https:\/\/www.facebook.com\/greenpeaceluxembourg\" \/>\n<meta property=\"article:published_time\" content=\"2019-02-19T16:21:21+00:00\" \/>\n<meta property=\"article:modified_time\" content=\"2021-12-01T15:31:45+00:00\" \/>\n<meta property=\"og:image\" content=\"https:\/\/www.greenpeace.org\/static\/planet4-luxembourg-stateless\/2019\/02\/19b5f71f-gp0stsx5u_medium_res.jpg\" \/>\n\t<meta property=\"og:image:width\" content=\"1200\" \/>\n\t<meta property=\"og:image:height\" content=\"800\" \/>\n\t<meta property=\"og:image:type\" content=\"image\/jpeg\" \/>\n<meta name=\"author\" content=\"Pauline Maes\" \/>\n<meta name=\"twitter:card\" content=\"summary_large_image\" \/>\n<meta name=\"twitter:label1\" content=\"Written by\" \/>\n\t<meta name=\"twitter:data1\" content=\"Pauline Maes\" \/>\n\t<meta name=\"twitter:label2\" content=\"Est. reading time\" \/>\n\t<meta name=\"twitter:data2\" content=\"2 minutes\" \/>\n<script type=\"application\/ld+json\" class=\"yoast-schema-graph\">{\"@context\":\"https:\/\/schema.org\",\"@graph\":[{\"@type\":\"Article\",\"@id\":\"https:\/\/www.greenpeace.org\/luxembourg\/fr\/actualites\/4092\/reaction-un-nouveau-rapport-revele-que-le-cycle-de-vie-entier-du-plastique-menace-la-sante-humaine\/#article\",\"isPartOf\":{\"@id\":\"https:\/\/www.greenpeace.org\/luxembourg\/fr\/actualites\/4092\/reaction-un-nouveau-rapport-revele-que-le-cycle-de-vie-entier-du-plastique-menace-la-sante-humaine\/\"},\"author\":{\"name\":\"Pauline Maes\",\"@id\":\"https:\/\/www.greenpeace.org\/luxembourg\/fr\/#\/schema\/person\/7bbeb343322bdadf139e7e27e7c86ec8\"},\"headline\":\"[R\u00c9ACTION] Un nouveau rapport r\u00e9v\u00e8le que le cycle de vie entier du plastique menace la sant\u00e9 humaine\",\"datePublished\":\"2019-02-19T16:21:21+00:00\",\"dateModified\":\"2021-12-01T15:31:45+00:00\",\"mainEntityOfPage\":{\"@id\":\"https:\/\/www.greenpeace.org\/luxembourg\/fr\/actualites\/4092\/reaction-un-nouveau-rapport-revele-que-le-cycle-de-vie-entier-du-plastique-menace-la-sante-humaine\/\"},\"wordCount\":474,\"publisher\":{\"@id\":\"https:\/\/www.greenpeace.org\/luxembourg\/fr\/#organization\"},\"image\":{\"@id\":\"https:\/\/www.greenpeace.org\/luxembourg\/fr\/actualites\/4092\/reaction-un-nouveau-rapport-revele-que-le-cycle-de-vie-entier-du-plastique-menace-la-sante-humaine\/#primaryimage\"},\"thumbnailUrl\":\"https:\/\/www.greenpeace.org\/static\/planet4-luxembourg-stateless\/2019\/02\/19b5f71f-gp0stsx5u_medium_res.jpg\",\"keywords\":[\"Pollution\"],\"articleSection\":[\"Nature\"],\"inLanguage\":\"fr-LU\"},{\"@type\":\"WebPage\",\"@id\":\"https:\/\/www.greenpeace.org\/luxembourg\/fr\/actualites\/4092\/reaction-un-nouveau-rapport-revele-que-le-cycle-de-vie-entier-du-plastique-menace-la-sante-humaine\/\",\"url\":\"https:\/\/www.greenpeace.org\/luxembourg\/fr\/actualites\/4092\/reaction-un-nouveau-rapport-revele-que-le-cycle-de-vie-entier-du-plastique-menace-la-sante-humaine\/\",\"name\":\"[R\u00c9ACTION] Un nouveau rapport r\u00e9v\u00e8le que le cycle de vie entier du plastique menace la sant\u00e9 humaine - Greenpeace Luxembourg\",\"isPartOf\":{\"@id\":\"https:\/\/www.greenpeace.org\/luxembourg\/fr\/#website\"},\"primaryImageOfPage\":{\"@id\":\"https:\/\/www.greenpeace.org\/luxembourg\/fr\/actualites\/4092\/reaction-un-nouveau-rapport-revele-que-le-cycle-de-vie-entier-du-plastique-menace-la-sante-humaine\/#primaryimage\"},\"image\":{\"@id\":\"https:\/\/www.greenpeace.org\/luxembourg\/fr\/actualites\/4092\/reaction-un-nouveau-rapport-revele-que-le-cycle-de-vie-entier-du-plastique-menace-la-sante-humaine\/#primaryimage\"},\"thumbnailUrl\":\"https:\/\/www.greenpeace.org\/static\/planet4-luxembourg-stateless\/2019\/02\/19b5f71f-gp0stsx5u_medium_res.jpg\",\"datePublished\":\"2019-02-19T16:21:21+00:00\",\"dateModified\":\"2021-12-01T15:31:45+00:00\",\"breadcrumb\":{\"@id\":\"https:\/\/www.greenpeace.org\/luxembourg\/fr\/actualites\/4092\/reaction-un-nouveau-rapport-revele-que-le-cycle-de-vie-entier-du-plastique-menace-la-sante-humaine\/#breadcrumb\"},\"inLanguage\":\"fr-LU\",\"potentialAction\":[{\"@type\":\"ReadAction\",\"target\":[\"https:\/\/www.greenpeace.org\/luxembourg\/fr\/actualites\/4092\/reaction-un-nouveau-rapport-revele-que-le-cycle-de-vie-entier-du-plastique-menace-la-sante-humaine\/\"]}]},{\"@type\":\"ImageObject\",\"inLanguage\":\"fr-LU\",\"@id\":\"https:\/\/www.greenpeace.org\/luxembourg\/fr\/actualites\/4092\/reaction-un-nouveau-rapport-revele-que-le-cycle-de-vie-entier-du-plastique-menace-la-sante-humaine\/#primaryimage\",\"url\":\"https:\/\/www.greenpeace.org\/static\/planet4-luxembourg-stateless\/2019\/02\/19b5f71f-gp0stsx5u_medium_res.jpg\",\"contentUrl\":\"https:\/\/www.greenpeace.org\/static\/planet4-luxembourg-stateless\/2019\/02\/19b5f71f-gp0stsx5u_medium_res.jpg\",\"width\":1200,\"height\":800,\"caption\":\"Workers of the dumpster truck collect the mixed plastic waste of households for recycling. The mixed plastic waste is sent to the waste screening center to be sorted out by different materials. Much of the waste is single-use plastics, such as food containers and similar items.\"},{\"@type\":\"BreadcrumbList\",\"@id\":\"https:\/\/www.greenpeace.org\/luxembourg\/fr\/actualites\/4092\/reaction-un-nouveau-rapport-revele-que-le-cycle-de-vie-entier-du-plastique-menace-la-sante-humaine\/#breadcrumb\",\"itemListElement\":[{\"@type\":\"ListItem\",\"position\":1,\"name\":\"Home\",\"item\":\"https:\/\/www.greenpeace.org\/luxembourg\/fr\/\"},{\"@type\":\"ListItem\",\"position\":2,\"name\":\"[R\u00c9ACTION] Un nouveau rapport r\u00e9v\u00e8le que le cycle de vie entier du plastique menace la sant\u00e9 humaine\"}]},{\"@type\":\"WebSite\",\"@id\":\"https:\/\/www.greenpeace.org\/luxembourg\/fr\/#website\",\"url\":\"https:\/\/www.greenpeace.org\/luxembourg\/fr\/\",\"name\":\"Greenpeace Luxembourg\",\"description\":\"Greenpeace existe parce que cette Terre fragile a besoin d&#039;une voix. Elle a besoin de solutions. De changement. D&#039;actions.\",\"publisher\":{\"@id\":\"https:\/\/www.greenpeace.org\/luxembourg\/fr\/#organization\"},\"potentialAction\":[{\"@type\":\"SearchAction\",\"target\":{\"@type\":\"EntryPoint\",\"urlTemplate\":\"https:\/\/www.greenpeace.org\/luxembourg\/fr\/?s={search_term_string}\"},\"query-input\":{\"@type\":\"PropertyValueSpecification\",\"valueRequired\":true,\"valueName\":\"search_term_string\"}}],\"inLanguage\":\"fr-LU\"},{\"@type\":\"Organization\",\"@id\":\"https:\/\/www.greenpeace.org\/luxembourg\/fr\/#organization\",\"name\":\"Greenpeace Luxembourg\",\"url\":\"https:\/\/www.greenpeace.org\/luxembourg\/fr\/\",\"logo\":{\"@type\":\"ImageObject\",\"inLanguage\":\"fr-LU\",\"@id\":\"https:\/\/www.greenpeace.org\/luxembourg\/fr\/#\/schema\/logo\/image\/\",\"url\":\"https:\/\/www.greenpeace.org\/static\/planet4-luxembourg-stateless\/2026\/03\/3e367f94-greenpeace_logo_green_rgb.png\",\"contentUrl\":\"https:\/\/www.greenpeace.org\/static\/planet4-luxembourg-stateless\/2026\/03\/3e367f94-greenpeace_logo_green_rgb.png\",\"width\":1080,\"height\":175,\"caption\":\"Greenpeace Luxembourg\"},\"image\":{\"@id\":\"https:\/\/www.greenpeace.org\/luxembourg\/fr\/#\/schema\/logo\/image\/\"},\"sameAs\":[\"https:\/\/www.facebook.com\/greenpeaceluxembourg\",\"https:\/\/www.instagram.com\/greenpeacelux\/\",\"https:\/\/www.linkedin.com\/company\/greenpeace-luxembourg\/\",\"https:\/\/www.threads.com\/@greenpeacelux\",\"https:\/\/bsky.app\/profile\/greenpeacelux.bsky.social\",\"https:\/\/www.youtube.com\/@GreenpeaceLux\",\"https:\/\/www.tiktok.com\/@greenpeace_lux\"]},{\"@type\":\"Person\",\"@id\":\"https:\/\/www.greenpeace.org\/luxembourg\/fr\/#\/schema\/person\/7bbeb343322bdadf139e7e27e7c86ec8\",\"name\":\"Pauline Maes\",\"url\":\"https:\/\/www.greenpeace.org\/luxembourg\/fr\/author\/pmaes\/\"}]}<\/script>\n<!-- \/ Yoast SEO Premium plugin. -->","yoast_head_json":{"title":"[R\u00c9ACTION] Un nouveau rapport r\u00e9v\u00e8le que le cycle de vie entier du plastique menace la sant\u00e9 humaine - Greenpeace Luxembourg","robots":{"index":"index","follow":"follow","max-snippet":"max-snippet:-1","max-image-preview":"max-image-preview:large","max-video-preview":"max-video-preview:-1"},"canonical":"https:\/\/www.greenpeace.org\/luxembourg\/fr\/actualites\/4092\/reaction-un-nouveau-rapport-revele-que-le-cycle-de-vie-entier-du-plastique-menace-la-sante-humaine\/","og_locale":"fr_FR","og_type":"article","og_title":"[R\u00c9ACTION] Un nouveau rapport r\u00e9v\u00e8le que le cycle de vie entier du plastique menace la sant\u00e9 humaine","og_description":"WASHINGTON, DC\u00a0\u2013\u00a0Un nouveau rapport\u00a0du Centre international du droit de l\u2019environnement (CIEL) examine les impacts sur la sant\u00e9 \u00e0 chaque \u00e9tape de son cycle de vie, et conclut qu\u2019il est n\u00e9cessaire&hellip;","og_url":"https:\/\/www.greenpeace.org\/luxembourg\/fr\/actualites\/4092\/reaction-un-nouveau-rapport-revele-que-le-cycle-de-vie-entier-du-plastique-menace-la-sante-humaine\/","og_site_name":"Greenpeace Luxembourg","article_publisher":"https:\/\/www.facebook.com\/greenpeaceluxembourg","article_published_time":"2019-02-19T16:21:21+00:00","article_modified_time":"2021-12-01T15:31:45+00:00","og_image":[{"width":1200,"height":800,"url":"https:\/\/www.greenpeace.org\/static\/planet4-luxembourg-stateless\/2019\/02\/19b5f71f-gp0stsx5u_medium_res.jpg","type":"image\/jpeg"}],"author":"Pauline Maes","twitter_card":"summary_large_image","twitter_misc":{"Written by":"Pauline Maes","Est. reading time":"2 minutes"},"schema":{"@context":"https:\/\/schema.org","@graph":[{"@type":"Article","@id":"https:\/\/www.greenpeace.org\/luxembourg\/fr\/actualites\/4092\/reaction-un-nouveau-rapport-revele-que-le-cycle-de-vie-entier-du-plastique-menace-la-sante-humaine\/#article","isPartOf":{"@id":"https:\/\/www.greenpeace.org\/luxembourg\/fr\/actualites\/4092\/reaction-un-nouveau-rapport-revele-que-le-cycle-de-vie-entier-du-plastique-menace-la-sante-humaine\/"},"author":{"name":"Pauline Maes","@id":"https:\/\/www.greenpeace.org\/luxembourg\/fr\/#\/schema\/person\/7bbeb343322bdadf139e7e27e7c86ec8"},"headline":"[R\u00c9ACTION] Un nouveau rapport r\u00e9v\u00e8le que le cycle de vie entier du plastique menace la sant\u00e9 humaine","datePublished":"2019-02-19T16:21:21+00:00","dateModified":"2021-12-01T15:31:45+00:00","mainEntityOfPage":{"@id":"https:\/\/www.greenpeace.org\/luxembourg\/fr\/actualites\/4092\/reaction-un-nouveau-rapport-revele-que-le-cycle-de-vie-entier-du-plastique-menace-la-sante-humaine\/"},"wordCount":474,"publisher":{"@id":"https:\/\/www.greenpeace.org\/luxembourg\/fr\/#organization"},"image":{"@id":"https:\/\/www.greenpeace.org\/luxembourg\/fr\/actualites\/4092\/reaction-un-nouveau-rapport-revele-que-le-cycle-de-vie-entier-du-plastique-menace-la-sante-humaine\/#primaryimage"},"thumbnailUrl":"https:\/\/www.greenpeace.org\/static\/planet4-luxembourg-stateless\/2019\/02\/19b5f71f-gp0stsx5u_medium_res.jpg","keywords":["Pollution"],"articleSection":["Nature"],"inLanguage":"fr-LU"},{"@type":"WebPage","@id":"https:\/\/www.greenpeace.org\/luxembourg\/fr\/actualites\/4092\/reaction-un-nouveau-rapport-revele-que-le-cycle-de-vie-entier-du-plastique-menace-la-sante-humaine\/","url":"https:\/\/www.greenpeace.org\/luxembourg\/fr\/actualites\/4092\/reaction-un-nouveau-rapport-revele-que-le-cycle-de-vie-entier-du-plastique-menace-la-sante-humaine\/","name":"[R\u00c9ACTION] Un nouveau rapport r\u00e9v\u00e8le que le cycle de vie entier du plastique menace la sant\u00e9 humaine - Greenpeace Luxembourg","isPartOf":{"@id":"https:\/\/www.greenpeace.org\/luxembourg\/fr\/#website"},"primaryImageOfPage":{"@id":"https:\/\/www.greenpeace.org\/luxembourg\/fr\/actualites\/4092\/reaction-un-nouveau-rapport-revele-que-le-cycle-de-vie-entier-du-plastique-menace-la-sante-humaine\/#primaryimage"},"image":{"@id":"https:\/\/www.greenpeace.org\/luxembourg\/fr\/actualites\/4092\/reaction-un-nouveau-rapport-revele-que-le-cycle-de-vie-entier-du-plastique-menace-la-sante-humaine\/#primaryimage"},"thumbnailUrl":"https:\/\/www.greenpeace.org\/static\/planet4-luxembourg-stateless\/2019\/02\/19b5f71f-gp0stsx5u_medium_res.jpg","datePublished":"2019-02-19T16:21:21+00:00","dateModified":"2021-12-01T15:31:45+00:00","breadcrumb":{"@id":"https:\/\/www.greenpeace.org\/luxembourg\/fr\/actualites\/4092\/reaction-un-nouveau-rapport-revele-que-le-cycle-de-vie-entier-du-plastique-menace-la-sante-humaine\/#breadcrumb"},"inLanguage":"fr-LU","potentialAction":[{"@type":"ReadAction","target":["https:\/\/www.greenpeace.org\/luxembourg\/fr\/actualites\/4092\/reaction-un-nouveau-rapport-revele-que-le-cycle-de-vie-entier-du-plastique-menace-la-sante-humaine\/"]}]},{"@type":"ImageObject","inLanguage":"fr-LU","@id":"https:\/\/www.greenpeace.org\/luxembourg\/fr\/actualites\/4092\/reaction-un-nouveau-rapport-revele-que-le-cycle-de-vie-entier-du-plastique-menace-la-sante-humaine\/#primaryimage","url":"https:\/\/www.greenpeace.org\/static\/planet4-luxembourg-stateless\/2019\/02\/19b5f71f-gp0stsx5u_medium_res.jpg","contentUrl":"https:\/\/www.greenpeace.org\/static\/planet4-luxembourg-stateless\/2019\/02\/19b5f71f-gp0stsx5u_medium_res.jpg","width":1200,"height":800,"caption":"Workers of the dumpster truck collect the mixed plastic waste of households for recycling. The mixed plastic waste is sent to the waste screening center to be sorted out by different materials. Much of the waste is single-use plastics, such as food containers and similar items."},{"@type":"BreadcrumbList","@id":"https:\/\/www.greenpeace.org\/luxembourg\/fr\/actualites\/4092\/reaction-un-nouveau-rapport-revele-que-le-cycle-de-vie-entier-du-plastique-menace-la-sante-humaine\/#breadcrumb","itemListElement":[{"@type":"ListItem","position":1,"name":"Home","item":"https:\/\/www.greenpeace.org\/luxembourg\/fr\/"},{"@type":"ListItem","position":2,"name":"[R\u00c9ACTION] Un nouveau rapport r\u00e9v\u00e8le que le cycle de vie entier du plastique menace la sant\u00e9 humaine"}]},{"@type":"WebSite","@id":"https:\/\/www.greenpeace.org\/luxembourg\/fr\/#website","url":"https:\/\/www.greenpeace.org\/luxembourg\/fr\/","name":"Greenpeace Luxembourg","description":"Greenpeace existe parce que cette Terre fragile a besoin d&#039;une voix. Elle a besoin de solutions. De changement. D&#039;actions.","publisher":{"@id":"https:\/\/www.greenpeace.org\/luxembourg\/fr\/#organization"},"potentialAction":[{"@type":"SearchAction","target":{"@type":"EntryPoint","urlTemplate":"https:\/\/www.greenpeace.org\/luxembourg\/fr\/?s={search_term_string}"},"query-input":{"@type":"PropertyValueSpecification","valueRequired":true,"valueName":"search_term_string"}}],"inLanguage":"fr-LU"},{"@type":"Organization","@id":"https:\/\/www.greenpeace.org\/luxembourg\/fr\/#organization","name":"Greenpeace Luxembourg","url":"https:\/\/www.greenpeace.org\/luxembourg\/fr\/","logo":{"@type":"ImageObject","inLanguage":"fr-LU","@id":"https:\/\/www.greenpeace.org\/luxembourg\/fr\/#\/schema\/logo\/image\/","url":"https:\/\/www.greenpeace.org\/static\/planet4-luxembourg-stateless\/2026\/03\/3e367f94-greenpeace_logo_green_rgb.png","contentUrl":"https:\/\/www.greenpeace.org\/static\/planet4-luxembourg-stateless\/2026\/03\/3e367f94-greenpeace_logo_green_rgb.png","width":1080,"height":175,"caption":"Greenpeace Luxembourg"},"image":{"@id":"https:\/\/www.greenpeace.org\/luxembourg\/fr\/#\/schema\/logo\/image\/"},"sameAs":["https:\/\/www.facebook.com\/greenpeaceluxembourg","https:\/\/www.instagram.com\/greenpeacelux\/","https:\/\/www.linkedin.com\/company\/greenpeace-luxembourg\/","https:\/\/www.threads.com\/@greenpeacelux","https:\/\/bsky.app\/profile\/greenpeacelux.bsky.social","https:\/\/www.youtube.com\/@GreenpeaceLux","https:\/\/www.tiktok.com\/@greenpeace_lux"]},{"@type":"Person","@id":"https:\/\/www.greenpeace.org\/luxembourg\/fr\/#\/schema\/person\/7bbeb343322bdadf139e7e27e7c86ec8","name":"Pauline Maes","url":"https:\/\/www.greenpeace.org\/luxembourg\/fr\/author\/pmaes\/"}]}},"_links":{"self":[{"href":"https:\/\/www.greenpeace.org\/luxembourg\/fr\/wp-json\/wp\/v2\/posts\/4092","targetHints":{"allow":["GET"]}}],"collection":[{"href":"https:\/\/www.greenpeace.org\/luxembourg\/fr\/wp-json\/wp\/v2\/posts"}],"about":[{"href":"https:\/\/www.greenpeace.org\/luxembourg\/fr\/wp-json\/wp\/v2\/types\/post"}],"author":[{"embeddable":true,"href":"https:\/\/www.greenpeace.org\/luxembourg\/fr\/wp-json\/wp\/v2\/users\/18"}],"replies":[{"embeddable":true,"href":"https:\/\/www.greenpeace.org\/luxembourg\/fr\/wp-json\/wp\/v2\/comments?post=4092"}],"version-history":[{"count":4,"href":"https:\/\/www.greenpeace.org\/luxembourg\/fr\/wp-json\/wp\/v2\/posts\/4092\/revisions"}],"predecessor-version":[{"id":13104,"href":"https:\/\/www.greenpeace.org\/luxembourg\/fr\/wp-json\/wp\/v2\/posts\/4092\/revisions\/13104"}],"wp:featuredmedia":[{"embeddable":true,"href":"https:\/\/www.greenpeace.org\/luxembourg\/fr\/wp-json\/wp\/v2\/media\/4097"}],"wp:attachment":[{"href":"https:\/\/www.greenpeace.org\/luxembourg\/fr\/wp-json\/wp\/v2\/media?parent=4092"}],"wp:term":[{"taxonomy":"category","embeddable":true,"href":"https:\/\/www.greenpeace.org\/luxembourg\/fr\/wp-json\/wp\/v2\/categories?post=4092"},{"taxonomy":"post_tag","embeddable":true,"href":"https:\/\/www.greenpeace.org\/luxembourg\/fr\/wp-json\/wp\/v2\/tags?post=4092"},{"taxonomy":"p4-page-type","embeddable":true,"href":"https:\/\/www.greenpeace.org\/luxembourg\/fr\/wp-json\/wp\/v2\/p4-page-type?post=4092"}],"curies":[{"name":"wp","href":"https:\/\/api.w.org\/{rel}","templated":true}]}}