{"id":4135,"date":"2019-02-26T14:57:50","date_gmt":"2019-02-26T12:57:50","guid":{"rendered":"https:\/\/www.greenpeace.org\/luxembourg\/?p=4135"},"modified":"2021-12-01T17:31:44","modified_gmt":"2021-12-01T15:31:44","slug":"le-melomys-rubicola-seteint-a-cause-du-rechauffement-climatique","status":"publish","type":"post","link":"https:\/\/www.greenpeace.org\/luxembourg\/fr\/actualites\/4135\/le-melomys-rubicola-seteint-a-cause-du-rechauffement-climatique\/","title":{"rendered":"Le Melomys Rubicola s\u2019est \u00e9teint \u00e0 cause du r\u00e9chauffement climatique"},"content":{"rendered":"<p>Bramble Cay est une \u00eele situ\u00e9e au large de de l\u2019Australie, au nord de la Grande Barri\u00e8re de Corail. Jusqu\u2019\u00e0 r\u00e9cemment, elle \u00e9tait peupl\u00e9e d\u2019un petit rongeur end\u00e9mique, le Melomys Rubicola. Aper\u00e7u pour la premi\u00e8re fois en 2009, le gouvernement australien a <a href=\"https:\/\/environment.des.qld.gov.au\/wildlife\/threatened-species\/documents\/bramble-cay-melomys-survey-report.pdf\">annonc\u00e9 son extinction le 18 f\u00e9vrier dernier<\/a>.<\/p>\n<p><strong>Et c\u2019est le changement climatique, qui est <a href=\"http:\/\/www.publish.csiro.au\/PC\/pdf\/PCv23n1_ED\">responsable<\/a>.<\/strong><\/p>\n<div id=\"attachment_4138\" style=\"width: 780px\" class=\"wp-caption alignnone\"><img loading=\"lazy\" decoding=\"async\" aria-describedby=\"caption-attachment-4138\" class=\"wp-image-4138 size-full\" src=\"https:\/\/www.greenpeace.org\/static\/planet4-luxembourg-stateless\/2019\/02\/1261bb03-60e3b76864_50147339_bramble-cay-melomys.jpg\" alt=\"\" width=\"770\" height=\"400\" srcset=\"https:\/\/www.greenpeace.org\/static\/planet4-luxembourg-stateless\/2019\/02\/1261bb03-60e3b76864_50147339_bramble-cay-melomys.jpg 770w, https:\/\/www.greenpeace.org\/static\/planet4-luxembourg-stateless\/2019\/02\/1261bb03-60e3b76864_50147339_bramble-cay-melomys-300x156.jpg 300w, https:\/\/www.greenpeace.org\/static\/planet4-luxembourg-stateless\/2019\/02\/1261bb03-60e3b76864_50147339_bramble-cay-melomys-768x399.jpg 768w, https:\/\/www.greenpeace.org\/static\/planet4-luxembourg-stateless\/2019\/02\/1261bb03-60e3b76864_50147339_bramble-cay-melomys-510x265.jpg 510w\" sizes=\"auto, (max-width: 770px) 100vw, 770px\" \/><p id=\"caption-attachment-4138\" class=\"wp-caption-text\">\u00a9\ufe0f Ian Bell, EHP, State of Queensland, CC By 3.0 AU<\/p><\/div>\n<p>Parce que Bramble Cay est une bande de sable qui s\u2019\u00e9l\u00e8ve \u00e0 peine 3 m\u00e8tres au-dessus du niveau de la mer. La mont\u00e9e des oc\u00e9ans et les nombreuses inondations des derni\u00e8res ann\u00e9es &#8212; imputable \u00e0 la fonte des glaciers due au r\u00e9chauffement climatique &#8212; a entra\u00een\u00e9 la destruction des habitats et des ressources alimentaires de ce mammif\u00e8re de petite taille.<\/p>\n<p>Comme le <a href=\"https:\/\/www.planeteanimal.com\/pourquoi-l-oiseau-dodo-a-disparu-1072.html\">dodo<\/a>, le melomys ribucola deviendra le sinistre symbole de la destruction de la biodiversit\u00e9 par l\u2019humain.<\/p>\n<p>S\u2019il est trop tard pour le rongeur d\u2019Australie, nous pouvons encore \u00e9viter le pire pour des milliers d\u2019autres esp\u00e8ces. Si nous ne souhaitons pas faire vivre nos enfants dans un monde o\u00f9 chaque jour, de nouveaux animaux s\u2019\u00e9teindront, nous devons <a href=\"https:\/\/www.lemonde.fr\/climat\/article\/2018\/10\/08\/ce-qu-il-faut-retenir-du-rapport-du-giec-sur-la-hausse-globale-des-temperatures_5366333_1652612.html\">limiter le r\u00e9chauffement climatique \u00e0 1,5\u00b0C<\/a>. Et pour cela, nous devons (entre autre) cesser d\u2019investir dans les \u00e9nergies fossiles.<\/p>\n<p>Le Luxembourg et sa place financi\u00e8re peuvent apporter leur contribution \u00e0 un avenir o\u00f9 chaque nouveau jour ne sera PAS un nouveau drame pour la biodiversit\u00e9.<\/p>\n<p style=\"text-align:center\"><a href=\"https:\/\/act.greenpeace.org\/page\/36920\/petition\/1\" target=\"\" class=\"btn btn-primary btn-medium page-header-btn auto\">Agir pour le climat<\/a><\/p><p>&nbsp;<\/p>\n<div class=\"EmptyMessage\">Block content is empty. Check the block&#8217;s settings or remove it.<\/div>","protected":false},"excerpt":{"rendered":"<p>Bramble Cay est une \u00eele situ\u00e9e au large de de l\u2019Australie, au nord de la Grande Barri\u00e8re de Corail. Jusqu\u2019\u00e0 r\u00e9cemment, elle \u00e9tait peupl\u00e9e d\u2019un petit rongeur end\u00e9mique, le Melomys&hellip;<\/p>\n","protected":false},"author":16,"featured_media":4138,"comment_status":"closed","ping_status":"closed","sticky":false,"template":"","format":"standard","meta":{"ep_exclude_from_search":false,"p4_og_title":"","p4_og_description":"","p4_og_image":"","p4_og_image_id":"","p4_seo_canonical_url":"","p4_campaign_name":"","p4_local_project":"","p4_basket_name":"","p4_department":"","footnotes":""},"categories":[41],"tags":[37,38],"p4-page-type":[85],"class_list":["post-4135","post","type-post","status-publish","format-standard","has-post-thumbnail","hentry","category-climat","tag-changementclimatique","tag-biodiversite","p4-page-type-actualites"],"yoast_head":"<!-- This site is optimized with the Yoast SEO Premium plugin v23.9 (Yoast SEO v23.9) - https:\/\/yoast.com\/wordpress\/plugins\/seo\/ -->\n<title>Le Melomys Rubicola s\u2019est \u00e9teint \u00e0 cause du r\u00e9chauffement climatique - Greenpeace Luxembourg<\/title>\n<meta name=\"robots\" content=\"index, follow, max-snippet:-1, max-image-preview:large, max-video-preview:-1\" \/>\n<link rel=\"canonical\" href=\"https:\/\/www.greenpeace.org\/luxembourg\/fr\/actualites\/4135\/le-melomys-rubicola-seteint-a-cause-du-rechauffement-climatique\/\" \/>\n<meta property=\"og:locale\" content=\"fr_FR\" \/>\n<meta property=\"og:type\" content=\"article\" \/>\n<meta property=\"og:title\" content=\"Le Melomys Rubicola s\u2019est \u00e9teint \u00e0 cause du r\u00e9chauffement climatique\" \/>\n<meta property=\"og:description\" content=\"Bramble Cay est une \u00eele situ\u00e9e au large de de l\u2019Australie, au nord de la Grande Barri\u00e8re de Corail. Jusqu\u2019\u00e0 r\u00e9cemment, elle \u00e9tait peupl\u00e9e d\u2019un petit rongeur end\u00e9mique, le Melomys&hellip;\" \/>\n<meta property=\"og:url\" content=\"https:\/\/www.greenpeace.org\/luxembourg\/fr\/actualites\/4135\/le-melomys-rubicola-seteint-a-cause-du-rechauffement-climatique\/\" \/>\n<meta property=\"og:site_name\" content=\"Greenpeace Luxembourg\" \/>\n<meta property=\"article:publisher\" content=\"https:\/\/www.facebook.com\/greenpeaceluxembourg\" \/>\n<meta property=\"article:published_time\" content=\"2019-02-26T12:57:50+00:00\" \/>\n<meta property=\"article:modified_time\" content=\"2021-12-01T15:31:44+00:00\" \/>\n<meta property=\"og:image\" content=\"https:\/\/www.greenpeace.org\/static\/planet4-luxembourg-stateless\/2019\/02\/1261bb03-60e3b76864_50147339_bramble-cay-melomys.jpg\" \/>\n\t<meta property=\"og:image:width\" content=\"770\" \/>\n\t<meta property=\"og:image:height\" content=\"400\" \/>\n\t<meta property=\"og:image:type\" content=\"image\/jpeg\" \/>\n<meta name=\"author\" content=\"Ana\u00efs Hector\" \/>\n<meta name=\"twitter:card\" content=\"summary_large_image\" \/>\n<meta name=\"twitter:label1\" content=\"Written by\" \/>\n\t<meta name=\"twitter:data1\" content=\"Ana\u00efs Hector\" \/>\n\t<meta name=\"twitter:label2\" content=\"Est. reading time\" \/>\n\t<meta name=\"twitter:data2\" content=\"1 minute\" \/>\n<script type=\"application\/ld+json\" class=\"yoast-schema-graph\">{\"@context\":\"https:\/\/schema.org\",\"@graph\":[{\"@type\":\"Article\",\"@id\":\"https:\/\/www.greenpeace.org\/luxembourg\/fr\/actualites\/4135\/le-melomys-rubicola-seteint-a-cause-du-rechauffement-climatique\/#article\",\"isPartOf\":{\"@id\":\"https:\/\/www.greenpeace.org\/luxembourg\/fr\/actualites\/4135\/le-melomys-rubicola-seteint-a-cause-du-rechauffement-climatique\/\"},\"author\":{\"name\":\"Ana\u00efs Hector\",\"@id\":\"https:\/\/www.greenpeace.org\/luxembourg\/fr\/#\/schema\/person\/c47954bbbea84ee4bf6f1f3f5812774b\"},\"headline\":\"Le Melomys Rubicola s\u2019est \u00e9teint \u00e0 cause du r\u00e9chauffement climatique\",\"datePublished\":\"2019-02-26T12:57:50+00:00\",\"dateModified\":\"2021-12-01T15:31:44+00:00\",\"mainEntityOfPage\":{\"@id\":\"https:\/\/www.greenpeace.org\/luxembourg\/fr\/actualites\/4135\/le-melomys-rubicola-seteint-a-cause-du-rechauffement-climatique\/\"},\"wordCount\":293,\"publisher\":{\"@id\":\"https:\/\/www.greenpeace.org\/luxembourg\/fr\/#organization\"},\"image\":{\"@id\":\"https:\/\/www.greenpeace.org\/luxembourg\/fr\/actualites\/4135\/le-melomys-rubicola-seteint-a-cause-du-rechauffement-climatique\/#primaryimage\"},\"thumbnailUrl\":\"https:\/\/www.greenpeace.org\/static\/planet4-luxembourg-stateless\/2019\/02\/1261bb03-60e3b76864_50147339_bramble-cay-melomys.jpg\",\"keywords\":[\"ChangementClimatique\",\"Biodiversit\u00e9\"],\"articleSection\":[\"Climat\"],\"inLanguage\":\"fr-LU\"},{\"@type\":\"WebPage\",\"@id\":\"https:\/\/www.greenpeace.org\/luxembourg\/fr\/actualites\/4135\/le-melomys-rubicola-seteint-a-cause-du-rechauffement-climatique\/\",\"url\":\"https:\/\/www.greenpeace.org\/luxembourg\/fr\/actualites\/4135\/le-melomys-rubicola-seteint-a-cause-du-rechauffement-climatique\/\",\"name\":\"Le Melomys Rubicola s\u2019est \u00e9teint \u00e0 cause du r\u00e9chauffement climatique - Greenpeace Luxembourg\",\"isPartOf\":{\"@id\":\"https:\/\/www.greenpeace.org\/luxembourg\/fr\/#website\"},\"primaryImageOfPage\":{\"@id\":\"https:\/\/www.greenpeace.org\/luxembourg\/fr\/actualites\/4135\/le-melomys-rubicola-seteint-a-cause-du-rechauffement-climatique\/#primaryimage\"},\"image\":{\"@id\":\"https:\/\/www.greenpeace.org\/luxembourg\/fr\/actualites\/4135\/le-melomys-rubicola-seteint-a-cause-du-rechauffement-climatique\/#primaryimage\"},\"thumbnailUrl\":\"https:\/\/www.greenpeace.org\/static\/planet4-luxembourg-stateless\/2019\/02\/1261bb03-60e3b76864_50147339_bramble-cay-melomys.jpg\",\"datePublished\":\"2019-02-26T12:57:50+00:00\",\"dateModified\":\"2021-12-01T15:31:44+00:00\",\"breadcrumb\":{\"@id\":\"https:\/\/www.greenpeace.org\/luxembourg\/fr\/actualites\/4135\/le-melomys-rubicola-seteint-a-cause-du-rechauffement-climatique\/#breadcrumb\"},\"inLanguage\":\"fr-LU\",\"potentialAction\":[{\"@type\":\"ReadAction\",\"target\":[\"https:\/\/www.greenpeace.org\/luxembourg\/fr\/actualites\/4135\/le-melomys-rubicola-seteint-a-cause-du-rechauffement-climatique\/\"]}]},{\"@type\":\"ImageObject\",\"inLanguage\":\"fr-LU\",\"@id\":\"https:\/\/www.greenpeace.org\/luxembourg\/fr\/actualites\/4135\/le-melomys-rubicola-seteint-a-cause-du-rechauffement-climatique\/#primaryimage\",\"url\":\"https:\/\/www.greenpeace.org\/static\/planet4-luxembourg-stateless\/2019\/02\/1261bb03-60e3b76864_50147339_bramble-cay-melomys.jpg\",\"contentUrl\":\"https:\/\/www.greenpeace.org\/static\/planet4-luxembourg-stateless\/2019\/02\/1261bb03-60e3b76864_50147339_bramble-cay-melomys.jpg\",\"width\":770,\"height\":400},{\"@type\":\"BreadcrumbList\",\"@id\":\"https:\/\/www.greenpeace.org\/luxembourg\/fr\/actualites\/4135\/le-melomys-rubicola-seteint-a-cause-du-rechauffement-climatique\/#breadcrumb\",\"itemListElement\":[{\"@type\":\"ListItem\",\"position\":1,\"name\":\"Home\",\"item\":\"https:\/\/www.greenpeace.org\/luxembourg\/fr\/\"},{\"@type\":\"ListItem\",\"position\":2,\"name\":\"Le Melomys Rubicola s\u2019est \u00e9teint \u00e0 cause du r\u00e9chauffement climatique\"}]},{\"@type\":\"WebSite\",\"@id\":\"https:\/\/www.greenpeace.org\/luxembourg\/fr\/#website\",\"url\":\"https:\/\/www.greenpeace.org\/luxembourg\/fr\/\",\"name\":\"Greenpeace Luxembourg\",\"description\":\"Greenpeace existe parce que cette Terre fragile a besoin d&#039;une voix. Elle a besoin de solutions. De changement. D&#039;actions.\",\"publisher\":{\"@id\":\"https:\/\/www.greenpeace.org\/luxembourg\/fr\/#organization\"},\"potentialAction\":[{\"@type\":\"SearchAction\",\"target\":{\"@type\":\"EntryPoint\",\"urlTemplate\":\"https:\/\/www.greenpeace.org\/luxembourg\/fr\/?s={search_term_string}\"},\"query-input\":{\"@type\":\"PropertyValueSpecification\",\"valueRequired\":true,\"valueName\":\"search_term_string\"}}],\"inLanguage\":\"fr-LU\"},{\"@type\":\"Organization\",\"@id\":\"https:\/\/www.greenpeace.org\/luxembourg\/fr\/#organization\",\"name\":\"Greenpeace Luxembourg\",\"url\":\"https:\/\/www.greenpeace.org\/luxembourg\/fr\/\",\"logo\":{\"@type\":\"ImageObject\",\"inLanguage\":\"fr-LU\",\"@id\":\"https:\/\/www.greenpeace.org\/luxembourg\/fr\/#\/schema\/logo\/image\/\",\"url\":\"https:\/\/www.greenpeace.org\/static\/planet4-luxembourg-stateless\/2026\/03\/3e367f94-greenpeace_logo_green_rgb.png\",\"contentUrl\":\"https:\/\/www.greenpeace.org\/static\/planet4-luxembourg-stateless\/2026\/03\/3e367f94-greenpeace_logo_green_rgb.png\",\"width\":1080,\"height\":175,\"caption\":\"Greenpeace Luxembourg\"},\"image\":{\"@id\":\"https:\/\/www.greenpeace.org\/luxembourg\/fr\/#\/schema\/logo\/image\/\"},\"sameAs\":[\"https:\/\/www.facebook.com\/greenpeaceluxembourg\",\"https:\/\/www.instagram.com\/greenpeacelux\/\",\"https:\/\/www.linkedin.com\/company\/greenpeace-luxembourg\/\",\"https:\/\/www.threads.com\/@greenpeacelux\",\"https:\/\/bsky.app\/profile\/greenpeacelux.bsky.social\",\"https:\/\/www.youtube.com\/@GreenpeaceLux\",\"https:\/\/www.tiktok.com\/@greenpeace_lux\"]},{\"@type\":\"Person\",\"@id\":\"https:\/\/www.greenpeace.org\/luxembourg\/fr\/#\/schema\/person\/c47954bbbea84ee4bf6f1f3f5812774b\",\"name\":\"Ana\u00efs Hector\",\"url\":\"https:\/\/www.greenpeace.org\/luxembourg\/fr\/author\/ahector\/\"}]}<\/script>\n<!-- \/ Yoast SEO Premium plugin. -->","yoast_head_json":{"title":"Le Melomys Rubicola s\u2019est \u00e9teint \u00e0 cause du r\u00e9chauffement climatique - Greenpeace Luxembourg","robots":{"index":"index","follow":"follow","max-snippet":"max-snippet:-1","max-image-preview":"max-image-preview:large","max-video-preview":"max-video-preview:-1"},"canonical":"https:\/\/www.greenpeace.org\/luxembourg\/fr\/actualites\/4135\/le-melomys-rubicola-seteint-a-cause-du-rechauffement-climatique\/","og_locale":"fr_FR","og_type":"article","og_title":"Le Melomys Rubicola s\u2019est \u00e9teint \u00e0 cause du r\u00e9chauffement climatique","og_description":"Bramble Cay est une \u00eele situ\u00e9e au large de de l\u2019Australie, au nord de la Grande Barri\u00e8re de Corail. Jusqu\u2019\u00e0 r\u00e9cemment, elle \u00e9tait peupl\u00e9e d\u2019un petit rongeur end\u00e9mique, le Melomys&hellip;","og_url":"https:\/\/www.greenpeace.org\/luxembourg\/fr\/actualites\/4135\/le-melomys-rubicola-seteint-a-cause-du-rechauffement-climatique\/","og_site_name":"Greenpeace Luxembourg","article_publisher":"https:\/\/www.facebook.com\/greenpeaceluxembourg","article_published_time":"2019-02-26T12:57:50+00:00","article_modified_time":"2021-12-01T15:31:44+00:00","og_image":[{"width":770,"height":400,"url":"https:\/\/www.greenpeace.org\/static\/planet4-luxembourg-stateless\/2019\/02\/1261bb03-60e3b76864_50147339_bramble-cay-melomys.jpg","type":"image\/jpeg"}],"author":"Ana\u00efs Hector","twitter_card":"summary_large_image","twitter_misc":{"Written by":"Ana\u00efs Hector","Est. reading time":"1 minute"},"schema":{"@context":"https:\/\/schema.org","@graph":[{"@type":"Article","@id":"https:\/\/www.greenpeace.org\/luxembourg\/fr\/actualites\/4135\/le-melomys-rubicola-seteint-a-cause-du-rechauffement-climatique\/#article","isPartOf":{"@id":"https:\/\/www.greenpeace.org\/luxembourg\/fr\/actualites\/4135\/le-melomys-rubicola-seteint-a-cause-du-rechauffement-climatique\/"},"author":{"name":"Ana\u00efs Hector","@id":"https:\/\/www.greenpeace.org\/luxembourg\/fr\/#\/schema\/person\/c47954bbbea84ee4bf6f1f3f5812774b"},"headline":"Le Melomys Rubicola s\u2019est \u00e9teint \u00e0 cause du r\u00e9chauffement climatique","datePublished":"2019-02-26T12:57:50+00:00","dateModified":"2021-12-01T15:31:44+00:00","mainEntityOfPage":{"@id":"https:\/\/www.greenpeace.org\/luxembourg\/fr\/actualites\/4135\/le-melomys-rubicola-seteint-a-cause-du-rechauffement-climatique\/"},"wordCount":293,"publisher":{"@id":"https:\/\/www.greenpeace.org\/luxembourg\/fr\/#organization"},"image":{"@id":"https:\/\/www.greenpeace.org\/luxembourg\/fr\/actualites\/4135\/le-melomys-rubicola-seteint-a-cause-du-rechauffement-climatique\/#primaryimage"},"thumbnailUrl":"https:\/\/www.greenpeace.org\/static\/planet4-luxembourg-stateless\/2019\/02\/1261bb03-60e3b76864_50147339_bramble-cay-melomys.jpg","keywords":["ChangementClimatique","Biodiversit\u00e9"],"articleSection":["Climat"],"inLanguage":"fr-LU"},{"@type":"WebPage","@id":"https:\/\/www.greenpeace.org\/luxembourg\/fr\/actualites\/4135\/le-melomys-rubicola-seteint-a-cause-du-rechauffement-climatique\/","url":"https:\/\/www.greenpeace.org\/luxembourg\/fr\/actualites\/4135\/le-melomys-rubicola-seteint-a-cause-du-rechauffement-climatique\/","name":"Le Melomys Rubicola s\u2019est \u00e9teint \u00e0 cause du r\u00e9chauffement climatique - Greenpeace Luxembourg","isPartOf":{"@id":"https:\/\/www.greenpeace.org\/luxembourg\/fr\/#website"},"primaryImageOfPage":{"@id":"https:\/\/www.greenpeace.org\/luxembourg\/fr\/actualites\/4135\/le-melomys-rubicola-seteint-a-cause-du-rechauffement-climatique\/#primaryimage"},"image":{"@id":"https:\/\/www.greenpeace.org\/luxembourg\/fr\/actualites\/4135\/le-melomys-rubicola-seteint-a-cause-du-rechauffement-climatique\/#primaryimage"},"thumbnailUrl":"https:\/\/www.greenpeace.org\/static\/planet4-luxembourg-stateless\/2019\/02\/1261bb03-60e3b76864_50147339_bramble-cay-melomys.jpg","datePublished":"2019-02-26T12:57:50+00:00","dateModified":"2021-12-01T15:31:44+00:00","breadcrumb":{"@id":"https:\/\/www.greenpeace.org\/luxembourg\/fr\/actualites\/4135\/le-melomys-rubicola-seteint-a-cause-du-rechauffement-climatique\/#breadcrumb"},"inLanguage":"fr-LU","potentialAction":[{"@type":"ReadAction","target":["https:\/\/www.greenpeace.org\/luxembourg\/fr\/actualites\/4135\/le-melomys-rubicola-seteint-a-cause-du-rechauffement-climatique\/"]}]},{"@type":"ImageObject","inLanguage":"fr-LU","@id":"https:\/\/www.greenpeace.org\/luxembourg\/fr\/actualites\/4135\/le-melomys-rubicola-seteint-a-cause-du-rechauffement-climatique\/#primaryimage","url":"https:\/\/www.greenpeace.org\/static\/planet4-luxembourg-stateless\/2019\/02\/1261bb03-60e3b76864_50147339_bramble-cay-melomys.jpg","contentUrl":"https:\/\/www.greenpeace.org\/static\/planet4-luxembourg-stateless\/2019\/02\/1261bb03-60e3b76864_50147339_bramble-cay-melomys.jpg","width":770,"height":400},{"@type":"BreadcrumbList","@id":"https:\/\/www.greenpeace.org\/luxembourg\/fr\/actualites\/4135\/le-melomys-rubicola-seteint-a-cause-du-rechauffement-climatique\/#breadcrumb","itemListElement":[{"@type":"ListItem","position":1,"name":"Home","item":"https:\/\/www.greenpeace.org\/luxembourg\/fr\/"},{"@type":"ListItem","position":2,"name":"Le Melomys Rubicola s\u2019est \u00e9teint \u00e0 cause du r\u00e9chauffement climatique"}]},{"@type":"WebSite","@id":"https:\/\/www.greenpeace.org\/luxembourg\/fr\/#website","url":"https:\/\/www.greenpeace.org\/luxembourg\/fr\/","name":"Greenpeace Luxembourg","description":"Greenpeace existe parce que cette Terre fragile a besoin d&#039;une voix. Elle a besoin de solutions. De changement. D&#039;actions.","publisher":{"@id":"https:\/\/www.greenpeace.org\/luxembourg\/fr\/#organization"},"potentialAction":[{"@type":"SearchAction","target":{"@type":"EntryPoint","urlTemplate":"https:\/\/www.greenpeace.org\/luxembourg\/fr\/?s={search_term_string}"},"query-input":{"@type":"PropertyValueSpecification","valueRequired":true,"valueName":"search_term_string"}}],"inLanguage":"fr-LU"},{"@type":"Organization","@id":"https:\/\/www.greenpeace.org\/luxembourg\/fr\/#organization","name":"Greenpeace Luxembourg","url":"https:\/\/www.greenpeace.org\/luxembourg\/fr\/","logo":{"@type":"ImageObject","inLanguage":"fr-LU","@id":"https:\/\/www.greenpeace.org\/luxembourg\/fr\/#\/schema\/logo\/image\/","url":"https:\/\/www.greenpeace.org\/static\/planet4-luxembourg-stateless\/2026\/03\/3e367f94-greenpeace_logo_green_rgb.png","contentUrl":"https:\/\/www.greenpeace.org\/static\/planet4-luxembourg-stateless\/2026\/03\/3e367f94-greenpeace_logo_green_rgb.png","width":1080,"height":175,"caption":"Greenpeace Luxembourg"},"image":{"@id":"https:\/\/www.greenpeace.org\/luxembourg\/fr\/#\/schema\/logo\/image\/"},"sameAs":["https:\/\/www.facebook.com\/greenpeaceluxembourg","https:\/\/www.instagram.com\/greenpeacelux\/","https:\/\/www.linkedin.com\/company\/greenpeace-luxembourg\/","https:\/\/www.threads.com\/@greenpeacelux","https:\/\/bsky.app\/profile\/greenpeacelux.bsky.social","https:\/\/www.youtube.com\/@GreenpeaceLux","https:\/\/www.tiktok.com\/@greenpeace_lux"]},{"@type":"Person","@id":"https:\/\/www.greenpeace.org\/luxembourg\/fr\/#\/schema\/person\/c47954bbbea84ee4bf6f1f3f5812774b","name":"Ana\u00efs Hector","url":"https:\/\/www.greenpeace.org\/luxembourg\/fr\/author\/ahector\/"}]}},"_links":{"self":[{"href":"https:\/\/www.greenpeace.org\/luxembourg\/fr\/wp-json\/wp\/v2\/posts\/4135","targetHints":{"allow":["GET"]}}],"collection":[{"href":"https:\/\/www.greenpeace.org\/luxembourg\/fr\/wp-json\/wp\/v2\/posts"}],"about":[{"href":"https:\/\/www.greenpeace.org\/luxembourg\/fr\/wp-json\/wp\/v2\/types\/post"}],"author":[{"embeddable":true,"href":"https:\/\/www.greenpeace.org\/luxembourg\/fr\/wp-json\/wp\/v2\/users\/16"}],"replies":[{"embeddable":true,"href":"https:\/\/www.greenpeace.org\/luxembourg\/fr\/wp-json\/wp\/v2\/comments?post=4135"}],"version-history":[{"count":4,"href":"https:\/\/www.greenpeace.org\/luxembourg\/fr\/wp-json\/wp\/v2\/posts\/4135\/revisions"}],"predecessor-version":[{"id":13103,"href":"https:\/\/www.greenpeace.org\/luxembourg\/fr\/wp-json\/wp\/v2\/posts\/4135\/revisions\/13103"}],"wp:featuredmedia":[{"embeddable":true,"href":"https:\/\/www.greenpeace.org\/luxembourg\/fr\/wp-json\/wp\/v2\/media\/4138"}],"wp:attachment":[{"href":"https:\/\/www.greenpeace.org\/luxembourg\/fr\/wp-json\/wp\/v2\/media?parent=4135"}],"wp:term":[{"taxonomy":"category","embeddable":true,"href":"https:\/\/www.greenpeace.org\/luxembourg\/fr\/wp-json\/wp\/v2\/categories?post=4135"},{"taxonomy":"post_tag","embeddable":true,"href":"https:\/\/www.greenpeace.org\/luxembourg\/fr\/wp-json\/wp\/v2\/tags?post=4135"},{"taxonomy":"p4-page-type","embeddable":true,"href":"https:\/\/www.greenpeace.org\/luxembourg\/fr\/wp-json\/wp\/v2\/p4-page-type?post=4135"}],"curies":[{"name":"wp","href":"https:\/\/api.w.org\/{rel}","templated":true}]}}