{"id":4208,"date":"2019-03-05T12:47:13","date_gmt":"2019-03-05T10:47:13","guid":{"rendered":"https:\/\/www.greenpeace.org\/luxembourg\/?p=4208"},"modified":"2021-12-01T17:31:28","modified_gmt":"2021-12-01T15:31:28","slug":"plastic-is-still-coming-greenpeace-denonce-la-production-plastique-mondiale","status":"publish","type":"post","link":"https:\/\/www.greenpeace.org\/luxembourg\/fr\/communiques-de-presse\/4208\/plastic-is-still-coming-greenpeace-denonce-la-production-plastique-mondiale\/","title":{"rendered":"Plastic is still coming : Greenpeace d\u00e9nonce la production plastique mondiale"},"content":{"rendered":"<p><strong><i>San Juan de Gaztelugatxe, 5 mars 2019<\/i> &#8211; Le mois prochain sortira la derni\u00e8re saison de Game of Thrones. Profitant de l\u2019immense attente \u00e0 travers le monde que suscite cet \u00e9v\u00e8nement, Greenpeace s\u2019est install\u00e9e ce matin sur l\u2019\u00eele de San Juan de Gaztelugatxe (\u00e0 Bermeo dans le Pays Basque), lieu de tournage de Peyredragon (Dragonstone) dans la s\u00e9rie, afin d\u2019attirer l\u2019attention sur une menace bien plus concr\u00e8te que celle des Marcheurs Blancs (White Walkers) : l\u2019avalanche de plastique \u00e0 laquelle nous faisons face. <\/strong><\/p>\n<div id=\"attachment_4209\" style=\"width: 1034px\" class=\"wp-caption aligncenter\"><img loading=\"lazy\" decoding=\"async\" aria-describedby=\"caption-attachment-4209\" class=\"size-large wp-image-4209\" src=\"https:\/\/www.greenpeace.org\/static\/planet4-luxembourg-stateless\/2019\/03\/274df8bb-gpes20180305pa0151-1024x683.jpg\" alt=\"Action : Greenpeace d\u00e9nonce la production plastique mondiale\" width=\"1024\" height=\"683\" srcset=\"https:\/\/www.greenpeace.org\/static\/planet4-luxembourg-stateless\/2019\/03\/274df8bb-gpes20180305pa0151-1024x683.jpg 1024w, https:\/\/www.greenpeace.org\/static\/planet4-luxembourg-stateless\/2019\/03\/274df8bb-gpes20180305pa0151-300x200.jpg 300w, https:\/\/www.greenpeace.org\/static\/planet4-luxembourg-stateless\/2019\/03\/274df8bb-gpes20180305pa0151-768x512.jpg 768w, https:\/\/www.greenpeace.org\/static\/planet4-luxembourg-stateless\/2019\/03\/274df8bb-gpes20180305pa0151-2048x1366.jpg 2048w, https:\/\/www.greenpeace.org\/static\/planet4-luxembourg-stateless\/2019\/03\/274df8bb-gpes20180305pa0151-510x340.jpg 510w\" sizes=\"auto, (max-width: 1024px) 100vw, 1024px\" \/><p id=\"caption-attachment-4209\" class=\"wp-caption-text\">Action : Greenpeace d\u00e9nonce la production plastique mondiale<\/p><\/div>\n<p><span style=\"font-weight: 400;\">Une dizaine de volontaires a install\u00e9 sur l\u2019\u00eele un dragon gigantesque de plus de 4 m\u00e8tres, qui symbolise les entreprises responsables de la pollution du plastique, dont la production atteindra 350 millions de tonnes (900% de plus qu\u2019en 1980) d\u2019ici 2020. La presque totalit\u00e9 du plastique qui envahit nos d\u00e9charges, rivi\u00e8res, plages et oc\u00e9ans, provient de dix entreprises, qui vendent toutes des biens de consommation courante. Ces <\/span><a href=\"https:\/\/www.greenpeace.org\/international\/publication\/19007\/a-crisis-of-convenience-the-corporations-behind-the-plastics-pollution-pandemic\/\"><span style=\"font-weight: 400;\">marques contribuant le plus \u00e0 la pollution plastique<\/span><\/a><span style=\"font-weight: 400;\"> sont Coca-Cola, Pepsi, Mars, Danone, Nestle, Unilever, Mondelez, Colgate, Procter &amp; Gamble, et Johnson &amp; Johnson. Celles-ci engrangent des milliards de dollars de profit chaque ann\u00e9e gr\u00e2ce aux produits qu\u2019elles vendent emball\u00e9es dans du plastique, tandis que nous, consommateurs, devons g\u00e9rer et payer les cons\u00e9quences de leur production d\u00e9raisonn\u00e9e. <\/span><\/p>\n<p><span style=\"font-weight: 400;\">Malgr\u00e9 les m\u00e9dailles que ces compagnies et d\u2019autres continuent de s\u2019attribuer pour avoir, selon elles, promu l\u2019\u00e9conomie circulaire, elles n\u2019ont aucun d\u2019objectif clair de r\u00e9duction de leur production de plastique \u00e0 usage unique, ni m\u00eame de partage de leurs donn\u00e9es et engagements, ce qui sape compl\u00e8tement leur cr\u00e9dibilit\u00e9 en la mati\u00e8re. <\/span><\/p>\n<p><span style=\"font-weight: 400;\">Les solutions explor\u00e9es par ces entreprises sont principalement fond\u00e9es sur le recyclage et la recyclabilit\u00e9, <\/span><a href=\"https:\/\/www.greenpeace.org\/luxembourg\/fr\/actualites\/3836\/et-si-on-arretait-de-croire-au-mythe-du-plastique-recyclable\/\"><span style=\"font-weight: 400;\">alors m\u00eame que nous savons qu\u2019il n\u2019est pas possible de se sortir de la pollution plastique avec le recyclage seul<\/span><\/a><span style=\"font-weight: 400;\">. Les \u00e9cosyst\u00e8mes de toute la plan\u00e8te se noient dans les d\u00e9chets, qui continuent pourtant chaque ann\u00e9e d\u2019augmenter . En 2015 seulement, 161 millions de tonnes de r\u00e9cipients plastiques ont \u00e9t\u00e9 produits dans le monde, pour une utilisation moyenne de six mois. <\/span><\/p>\n<p><span style=\"font-weight: 400;\">Rien qu\u2019en Europe, environ 25.8 millions de tonnes de d\u00e9chets plastiques sont g\u00e9n\u00e9r\u00e9s chaque ann\u00e9e, dont seulement 30% seront collect\u00e9s pour le recyclage.<\/span><a href=\"https:\/\/www.greenpeace.org\/luxembourg\/fr\/actualites\/3836\/et-si-on-arretait-de-croire-au-mythe-du-plastique-recyclable\/\"><span style=\"font-weight: 400;\"> En fait, on estime m\u00eame que seulement 9% du plastique jamais produit a bien \u00e9t\u00e9 recycl\u00e9<\/span><\/a><span style=\"font-weight: 400;\">. <\/span><\/p>\n<p><i><span style=\"font-weight: 400;\">\u00a8Nous refusons que les multinationales se cachent derri\u00e8re le recyclage, ni qu\u2019elles continuent ce greenwashing hypocrite, en nettoyant les plages ou en rempla\u00e7ant le plastique \u00e0 usage unique par d\u2019autres mat\u00e9riaux \u00e0 usage unique. Nous voulons qu\u2019elles acceptent leur responsabilit\u00e9, en \u00e9liminant leurs emballages plastiques jetables, en investissant dans de nouveaux mod\u00e8les et en adoptant les syst\u00e8mes de recharges et de r\u00e9utilisation.&#8221; <\/span><\/i><span style=\"font-weight: 400;\">d\u00e9clare Pauline Maes, charg\u00e9e de communication pour Greenpeace Luxembourg.<\/span><\/p>\n<p><span style=\"font-weight: 400;\"><strong>Cette saison sera-t-elle la derni\u00e8re du plastique jetable ?<\/strong> <\/span><\/p>\n<p>&nbsp;<\/p>\n<p style=\"text-align: center;\"><b>&gt;&gt; <\/b><a href=\"https:\/\/greenpeace.smugmug.com\/Plasticos\/TOUR-MALDITO-PL%C3%81STICO\/DRAG%C3%93N-Juego-de-Tronos\/\"><b>CLIQUEZ ICI POUR ACCEDER AUX IMAGES<\/b><\/a><b> &lt;&lt;<\/b><\/p>\n<p>&nbsp;<\/p>\n<div class=\"EmptyMessage\">Block content is empty. Check the block&#8217;s settings or remove it.<\/div>","protected":false},"excerpt":{"rendered":"<p>San Juan de Gaztelugatxe, 5 mars 2019 &#8211; Le mois prochain sortira la derni\u00e8re saison de Game of Thrones. Profitant de l\u2019immense attente \u00e0 travers le monde que suscite cet&hellip;<\/p>\n","protected":false},"author":18,"featured_media":4209,"comment_status":"closed","ping_status":"closed","sticky":false,"template":"","format":"standard","meta":{"ep_exclude_from_search":false,"p4_og_title":"","p4_og_description":"","p4_og_image":"","p4_og_image_id":"","p4_seo_canonical_url":"","p4_campaign_name":"","p4_local_project":"","p4_basket_name":"","p4_department":"","footnotes":""},"categories":[43],"tags":[28],"p4-page-type":[83],"class_list":["post-4208","post","type-post","status-publish","format-standard","has-post-thumbnail","hentry","category-nature","tag-pollution","p4-page-type-communiques-de-presse"],"yoast_head":"<!-- This site is optimized with the Yoast SEO Premium plugin v23.9 (Yoast SEO v23.9) - https:\/\/yoast.com\/wordpress\/plugins\/seo\/ -->\n<title>Plastic is still coming : Greenpeace d\u00e9nonce la production plastique mondiale - Greenpeace Luxembourg<\/title>\n<meta name=\"robots\" content=\"index, follow, max-snippet:-1, max-image-preview:large, max-video-preview:-1\" \/>\n<link rel=\"canonical\" href=\"https:\/\/www.greenpeace.org\/luxembourg\/fr\/communiques-de-presse\/4208\/plastic-is-still-coming-greenpeace-denonce-la-production-plastique-mondiale\/\" \/>\n<meta property=\"og:locale\" content=\"fr_FR\" \/>\n<meta property=\"og:type\" content=\"article\" \/>\n<meta property=\"og:title\" content=\"Plastic is still coming : Greenpeace d\u00e9nonce la production plastique mondiale\" \/>\n<meta property=\"og:description\" content=\"San Juan de Gaztelugatxe, 5 mars 2019 &#8211; Le mois prochain sortira la derni\u00e8re saison de Game of Thrones. Profitant de l\u2019immense attente \u00e0 travers le monde que suscite cet&hellip;\" \/>\n<meta property=\"og:url\" content=\"https:\/\/www.greenpeace.org\/luxembourg\/fr\/communiques-de-presse\/4208\/plastic-is-still-coming-greenpeace-denonce-la-production-plastique-mondiale\/\" \/>\n<meta property=\"og:site_name\" content=\"Greenpeace Luxembourg\" \/>\n<meta property=\"article:publisher\" content=\"https:\/\/www.facebook.com\/greenpeaceluxembourg\" \/>\n<meta property=\"article:published_time\" content=\"2019-03-05T10:47:13+00:00\" \/>\n<meta property=\"article:modified_time\" content=\"2021-12-01T15:31:28+00:00\" \/>\n<meta property=\"og:image\" content=\"https:\/\/www.greenpeace.org\/static\/planet4-luxembourg-stateless\/2019\/03\/274df8bb-gpes20180305pa0151.jpg\" \/>\n\t<meta property=\"og:image:width\" content=\"6000\" \/>\n\t<meta property=\"og:image:height\" content=\"4000\" \/>\n\t<meta property=\"og:image:type\" content=\"image\/jpeg\" \/>\n<meta name=\"author\" content=\"Pauline Maes\" \/>\n<meta name=\"twitter:card\" content=\"summary_large_image\" \/>\n<meta name=\"twitter:label1\" content=\"Written by\" \/>\n\t<meta name=\"twitter:data1\" content=\"Pauline Maes\" \/>\n\t<meta name=\"twitter:label2\" content=\"Est. reading time\" \/>\n\t<meta name=\"twitter:data2\" content=\"3 minutes\" \/>\n<script type=\"application\/ld+json\" class=\"yoast-schema-graph\">{\"@context\":\"https:\/\/schema.org\",\"@graph\":[{\"@type\":\"Article\",\"@id\":\"https:\/\/www.greenpeace.org\/luxembourg\/fr\/communiques-de-presse\/4208\/plastic-is-still-coming-greenpeace-denonce-la-production-plastique-mondiale\/#article\",\"isPartOf\":{\"@id\":\"https:\/\/www.greenpeace.org\/luxembourg\/fr\/communiques-de-presse\/4208\/plastic-is-still-coming-greenpeace-denonce-la-production-plastique-mondiale\/\"},\"author\":{\"name\":\"Pauline Maes\",\"@id\":\"https:\/\/www.greenpeace.org\/luxembourg\/fr\/#\/schema\/person\/7bbeb343322bdadf139e7e27e7c86ec8\"},\"headline\":\"Plastic is still coming : Greenpeace d\u00e9nonce la production plastique mondiale\",\"datePublished\":\"2019-03-05T10:47:13+00:00\",\"dateModified\":\"2021-12-01T15:31:28+00:00\",\"mainEntityOfPage\":{\"@id\":\"https:\/\/www.greenpeace.org\/luxembourg\/fr\/communiques-de-presse\/4208\/plastic-is-still-coming-greenpeace-denonce-la-production-plastique-mondiale\/\"},\"wordCount\":538,\"publisher\":{\"@id\":\"https:\/\/www.greenpeace.org\/luxembourg\/fr\/#organization\"},\"image\":{\"@id\":\"https:\/\/www.greenpeace.org\/luxembourg\/fr\/communiques-de-presse\/4208\/plastic-is-still-coming-greenpeace-denonce-la-production-plastique-mondiale\/#primaryimage\"},\"thumbnailUrl\":\"https:\/\/www.greenpeace.org\/static\/planet4-luxembourg-stateless\/2019\/03\/274df8bb-gpes20180305pa0151.jpg\",\"keywords\":[\"Pollution\"],\"articleSection\":[\"Nature\"],\"inLanguage\":\"fr-LU\"},{\"@type\":\"WebPage\",\"@id\":\"https:\/\/www.greenpeace.org\/luxembourg\/fr\/communiques-de-presse\/4208\/plastic-is-still-coming-greenpeace-denonce-la-production-plastique-mondiale\/\",\"url\":\"https:\/\/www.greenpeace.org\/luxembourg\/fr\/communiques-de-presse\/4208\/plastic-is-still-coming-greenpeace-denonce-la-production-plastique-mondiale\/\",\"name\":\"Plastic is still coming : Greenpeace d\u00e9nonce la production plastique mondiale - Greenpeace Luxembourg\",\"isPartOf\":{\"@id\":\"https:\/\/www.greenpeace.org\/luxembourg\/fr\/#website\"},\"primaryImageOfPage\":{\"@id\":\"https:\/\/www.greenpeace.org\/luxembourg\/fr\/communiques-de-presse\/4208\/plastic-is-still-coming-greenpeace-denonce-la-production-plastique-mondiale\/#primaryimage\"},\"image\":{\"@id\":\"https:\/\/www.greenpeace.org\/luxembourg\/fr\/communiques-de-presse\/4208\/plastic-is-still-coming-greenpeace-denonce-la-production-plastique-mondiale\/#primaryimage\"},\"thumbnailUrl\":\"https:\/\/www.greenpeace.org\/static\/planet4-luxembourg-stateless\/2019\/03\/274df8bb-gpes20180305pa0151.jpg\",\"datePublished\":\"2019-03-05T10:47:13+00:00\",\"dateModified\":\"2021-12-01T15:31:28+00:00\",\"breadcrumb\":{\"@id\":\"https:\/\/www.greenpeace.org\/luxembourg\/fr\/communiques-de-presse\/4208\/plastic-is-still-coming-greenpeace-denonce-la-production-plastique-mondiale\/#breadcrumb\"},\"inLanguage\":\"fr-LU\",\"potentialAction\":[{\"@type\":\"ReadAction\",\"target\":[\"https:\/\/www.greenpeace.org\/luxembourg\/fr\/communiques-de-presse\/4208\/plastic-is-still-coming-greenpeace-denonce-la-production-plastique-mondiale\/\"]}]},{\"@type\":\"ImageObject\",\"inLanguage\":\"fr-LU\",\"@id\":\"https:\/\/www.greenpeace.org\/luxembourg\/fr\/communiques-de-presse\/4208\/plastic-is-still-coming-greenpeace-denonce-la-production-plastique-mondiale\/#primaryimage\",\"url\":\"https:\/\/www.greenpeace.org\/static\/planet4-luxembourg-stateless\/2019\/03\/274df8bb-gpes20180305pa0151.jpg\",\"contentUrl\":\"https:\/\/www.greenpeace.org\/static\/planet4-luxembourg-stateless\/2019\/03\/274df8bb-gpes20180305pa0151.jpg\",\"width\":6000,\"height\":4000,\"caption\":\"Action : Greenpeace d\u00e9nonce la production plastique mondiale\"},{\"@type\":\"BreadcrumbList\",\"@id\":\"https:\/\/www.greenpeace.org\/luxembourg\/fr\/communiques-de-presse\/4208\/plastic-is-still-coming-greenpeace-denonce-la-production-plastique-mondiale\/#breadcrumb\",\"itemListElement\":[{\"@type\":\"ListItem\",\"position\":1,\"name\":\"Home\",\"item\":\"https:\/\/www.greenpeace.org\/luxembourg\/fr\/\"},{\"@type\":\"ListItem\",\"position\":2,\"name\":\"Plastic is still coming : Greenpeace d\u00e9nonce la production plastique mondiale\"}]},{\"@type\":\"WebSite\",\"@id\":\"https:\/\/www.greenpeace.org\/luxembourg\/fr\/#website\",\"url\":\"https:\/\/www.greenpeace.org\/luxembourg\/fr\/\",\"name\":\"Greenpeace Luxembourg\",\"description\":\"Greenpeace existe parce que cette Terre fragile a besoin d&#039;une voix. Elle a besoin de solutions. De changement. D&#039;actions.\",\"publisher\":{\"@id\":\"https:\/\/www.greenpeace.org\/luxembourg\/fr\/#organization\"},\"potentialAction\":[{\"@type\":\"SearchAction\",\"target\":{\"@type\":\"EntryPoint\",\"urlTemplate\":\"https:\/\/www.greenpeace.org\/luxembourg\/fr\/?s={search_term_string}\"},\"query-input\":{\"@type\":\"PropertyValueSpecification\",\"valueRequired\":true,\"valueName\":\"search_term_string\"}}],\"inLanguage\":\"fr-LU\"},{\"@type\":\"Organization\",\"@id\":\"https:\/\/www.greenpeace.org\/luxembourg\/fr\/#organization\",\"name\":\"Greenpeace Luxembourg\",\"url\":\"https:\/\/www.greenpeace.org\/luxembourg\/fr\/\",\"logo\":{\"@type\":\"ImageObject\",\"inLanguage\":\"fr-LU\",\"@id\":\"https:\/\/www.greenpeace.org\/luxembourg\/fr\/#\/schema\/logo\/image\/\",\"url\":\"https:\/\/www.greenpeace.org\/static\/planet4-luxembourg-stateless\/2026\/03\/3e367f94-greenpeace_logo_green_rgb.png\",\"contentUrl\":\"https:\/\/www.greenpeace.org\/static\/planet4-luxembourg-stateless\/2026\/03\/3e367f94-greenpeace_logo_green_rgb.png\",\"width\":1080,\"height\":175,\"caption\":\"Greenpeace Luxembourg\"},\"image\":{\"@id\":\"https:\/\/www.greenpeace.org\/luxembourg\/fr\/#\/schema\/logo\/image\/\"},\"sameAs\":[\"https:\/\/www.facebook.com\/greenpeaceluxembourg\",\"https:\/\/www.instagram.com\/greenpeacelux\/\",\"https:\/\/www.linkedin.com\/company\/greenpeace-luxembourg\/\",\"https:\/\/www.threads.com\/@greenpeacelux\",\"https:\/\/bsky.app\/profile\/greenpeacelux.bsky.social\",\"https:\/\/www.youtube.com\/@GreenpeaceLux\",\"https:\/\/www.tiktok.com\/@greenpeace_lux\"]},{\"@type\":\"Person\",\"@id\":\"https:\/\/www.greenpeace.org\/luxembourg\/fr\/#\/schema\/person\/7bbeb343322bdadf139e7e27e7c86ec8\",\"name\":\"Pauline Maes\",\"url\":\"https:\/\/www.greenpeace.org\/luxembourg\/fr\/author\/pmaes\/\"}]}<\/script>\n<!-- \/ Yoast SEO Premium plugin. -->","yoast_head_json":{"title":"Plastic is still coming : Greenpeace d\u00e9nonce la production plastique mondiale - Greenpeace Luxembourg","robots":{"index":"index","follow":"follow","max-snippet":"max-snippet:-1","max-image-preview":"max-image-preview:large","max-video-preview":"max-video-preview:-1"},"canonical":"https:\/\/www.greenpeace.org\/luxembourg\/fr\/communiques-de-presse\/4208\/plastic-is-still-coming-greenpeace-denonce-la-production-plastique-mondiale\/","og_locale":"fr_FR","og_type":"article","og_title":"Plastic is still coming : Greenpeace d\u00e9nonce la production plastique mondiale","og_description":"San Juan de Gaztelugatxe, 5 mars 2019 &#8211; Le mois prochain sortira la derni\u00e8re saison de Game of Thrones. Profitant de l\u2019immense attente \u00e0 travers le monde que suscite cet&hellip;","og_url":"https:\/\/www.greenpeace.org\/luxembourg\/fr\/communiques-de-presse\/4208\/plastic-is-still-coming-greenpeace-denonce-la-production-plastique-mondiale\/","og_site_name":"Greenpeace Luxembourg","article_publisher":"https:\/\/www.facebook.com\/greenpeaceluxembourg","article_published_time":"2019-03-05T10:47:13+00:00","article_modified_time":"2021-12-01T15:31:28+00:00","og_image":[{"width":6000,"height":4000,"url":"https:\/\/www.greenpeace.org\/static\/planet4-luxembourg-stateless\/2019\/03\/274df8bb-gpes20180305pa0151.jpg","type":"image\/jpeg"}],"author":"Pauline Maes","twitter_card":"summary_large_image","twitter_misc":{"Written by":"Pauline Maes","Est. reading time":"3 minutes"},"schema":{"@context":"https:\/\/schema.org","@graph":[{"@type":"Article","@id":"https:\/\/www.greenpeace.org\/luxembourg\/fr\/communiques-de-presse\/4208\/plastic-is-still-coming-greenpeace-denonce-la-production-plastique-mondiale\/#article","isPartOf":{"@id":"https:\/\/www.greenpeace.org\/luxembourg\/fr\/communiques-de-presse\/4208\/plastic-is-still-coming-greenpeace-denonce-la-production-plastique-mondiale\/"},"author":{"name":"Pauline Maes","@id":"https:\/\/www.greenpeace.org\/luxembourg\/fr\/#\/schema\/person\/7bbeb343322bdadf139e7e27e7c86ec8"},"headline":"Plastic is still coming : Greenpeace d\u00e9nonce la production plastique mondiale","datePublished":"2019-03-05T10:47:13+00:00","dateModified":"2021-12-01T15:31:28+00:00","mainEntityOfPage":{"@id":"https:\/\/www.greenpeace.org\/luxembourg\/fr\/communiques-de-presse\/4208\/plastic-is-still-coming-greenpeace-denonce-la-production-plastique-mondiale\/"},"wordCount":538,"publisher":{"@id":"https:\/\/www.greenpeace.org\/luxembourg\/fr\/#organization"},"image":{"@id":"https:\/\/www.greenpeace.org\/luxembourg\/fr\/communiques-de-presse\/4208\/plastic-is-still-coming-greenpeace-denonce-la-production-plastique-mondiale\/#primaryimage"},"thumbnailUrl":"https:\/\/www.greenpeace.org\/static\/planet4-luxembourg-stateless\/2019\/03\/274df8bb-gpes20180305pa0151.jpg","keywords":["Pollution"],"articleSection":["Nature"],"inLanguage":"fr-LU"},{"@type":"WebPage","@id":"https:\/\/www.greenpeace.org\/luxembourg\/fr\/communiques-de-presse\/4208\/plastic-is-still-coming-greenpeace-denonce-la-production-plastique-mondiale\/","url":"https:\/\/www.greenpeace.org\/luxembourg\/fr\/communiques-de-presse\/4208\/plastic-is-still-coming-greenpeace-denonce-la-production-plastique-mondiale\/","name":"Plastic is still coming : Greenpeace d\u00e9nonce la production plastique mondiale - Greenpeace Luxembourg","isPartOf":{"@id":"https:\/\/www.greenpeace.org\/luxembourg\/fr\/#website"},"primaryImageOfPage":{"@id":"https:\/\/www.greenpeace.org\/luxembourg\/fr\/communiques-de-presse\/4208\/plastic-is-still-coming-greenpeace-denonce-la-production-plastique-mondiale\/#primaryimage"},"image":{"@id":"https:\/\/www.greenpeace.org\/luxembourg\/fr\/communiques-de-presse\/4208\/plastic-is-still-coming-greenpeace-denonce-la-production-plastique-mondiale\/#primaryimage"},"thumbnailUrl":"https:\/\/www.greenpeace.org\/static\/planet4-luxembourg-stateless\/2019\/03\/274df8bb-gpes20180305pa0151.jpg","datePublished":"2019-03-05T10:47:13+00:00","dateModified":"2021-12-01T15:31:28+00:00","breadcrumb":{"@id":"https:\/\/www.greenpeace.org\/luxembourg\/fr\/communiques-de-presse\/4208\/plastic-is-still-coming-greenpeace-denonce-la-production-plastique-mondiale\/#breadcrumb"},"inLanguage":"fr-LU","potentialAction":[{"@type":"ReadAction","target":["https:\/\/www.greenpeace.org\/luxembourg\/fr\/communiques-de-presse\/4208\/plastic-is-still-coming-greenpeace-denonce-la-production-plastique-mondiale\/"]}]},{"@type":"ImageObject","inLanguage":"fr-LU","@id":"https:\/\/www.greenpeace.org\/luxembourg\/fr\/communiques-de-presse\/4208\/plastic-is-still-coming-greenpeace-denonce-la-production-plastique-mondiale\/#primaryimage","url":"https:\/\/www.greenpeace.org\/static\/planet4-luxembourg-stateless\/2019\/03\/274df8bb-gpes20180305pa0151.jpg","contentUrl":"https:\/\/www.greenpeace.org\/static\/planet4-luxembourg-stateless\/2019\/03\/274df8bb-gpes20180305pa0151.jpg","width":6000,"height":4000,"caption":"Action : Greenpeace d\u00e9nonce la production plastique mondiale"},{"@type":"BreadcrumbList","@id":"https:\/\/www.greenpeace.org\/luxembourg\/fr\/communiques-de-presse\/4208\/plastic-is-still-coming-greenpeace-denonce-la-production-plastique-mondiale\/#breadcrumb","itemListElement":[{"@type":"ListItem","position":1,"name":"Home","item":"https:\/\/www.greenpeace.org\/luxembourg\/fr\/"},{"@type":"ListItem","position":2,"name":"Plastic is still coming : Greenpeace d\u00e9nonce la production plastique mondiale"}]},{"@type":"WebSite","@id":"https:\/\/www.greenpeace.org\/luxembourg\/fr\/#website","url":"https:\/\/www.greenpeace.org\/luxembourg\/fr\/","name":"Greenpeace Luxembourg","description":"Greenpeace existe parce que cette Terre fragile a besoin d&#039;une voix. Elle a besoin de solutions. De changement. D&#039;actions.","publisher":{"@id":"https:\/\/www.greenpeace.org\/luxembourg\/fr\/#organization"},"potentialAction":[{"@type":"SearchAction","target":{"@type":"EntryPoint","urlTemplate":"https:\/\/www.greenpeace.org\/luxembourg\/fr\/?s={search_term_string}"},"query-input":{"@type":"PropertyValueSpecification","valueRequired":true,"valueName":"search_term_string"}}],"inLanguage":"fr-LU"},{"@type":"Organization","@id":"https:\/\/www.greenpeace.org\/luxembourg\/fr\/#organization","name":"Greenpeace Luxembourg","url":"https:\/\/www.greenpeace.org\/luxembourg\/fr\/","logo":{"@type":"ImageObject","inLanguage":"fr-LU","@id":"https:\/\/www.greenpeace.org\/luxembourg\/fr\/#\/schema\/logo\/image\/","url":"https:\/\/www.greenpeace.org\/static\/planet4-luxembourg-stateless\/2026\/03\/3e367f94-greenpeace_logo_green_rgb.png","contentUrl":"https:\/\/www.greenpeace.org\/static\/planet4-luxembourg-stateless\/2026\/03\/3e367f94-greenpeace_logo_green_rgb.png","width":1080,"height":175,"caption":"Greenpeace Luxembourg"},"image":{"@id":"https:\/\/www.greenpeace.org\/luxembourg\/fr\/#\/schema\/logo\/image\/"},"sameAs":["https:\/\/www.facebook.com\/greenpeaceluxembourg","https:\/\/www.instagram.com\/greenpeacelux\/","https:\/\/www.linkedin.com\/company\/greenpeace-luxembourg\/","https:\/\/www.threads.com\/@greenpeacelux","https:\/\/bsky.app\/profile\/greenpeacelux.bsky.social","https:\/\/www.youtube.com\/@GreenpeaceLux","https:\/\/www.tiktok.com\/@greenpeace_lux"]},{"@type":"Person","@id":"https:\/\/www.greenpeace.org\/luxembourg\/fr\/#\/schema\/person\/7bbeb343322bdadf139e7e27e7c86ec8","name":"Pauline Maes","url":"https:\/\/www.greenpeace.org\/luxembourg\/fr\/author\/pmaes\/"}]}},"_links":{"self":[{"href":"https:\/\/www.greenpeace.org\/luxembourg\/fr\/wp-json\/wp\/v2\/posts\/4208","targetHints":{"allow":["GET"]}}],"collection":[{"href":"https:\/\/www.greenpeace.org\/luxembourg\/fr\/wp-json\/wp\/v2\/posts"}],"about":[{"href":"https:\/\/www.greenpeace.org\/luxembourg\/fr\/wp-json\/wp\/v2\/types\/post"}],"author":[{"embeddable":true,"href":"https:\/\/www.greenpeace.org\/luxembourg\/fr\/wp-json\/wp\/v2\/users\/18"}],"replies":[{"embeddable":true,"href":"https:\/\/www.greenpeace.org\/luxembourg\/fr\/wp-json\/wp\/v2\/comments?post=4208"}],"version-history":[{"count":3,"href":"https:\/\/www.greenpeace.org\/luxembourg\/fr\/wp-json\/wp\/v2\/posts\/4208\/revisions"}],"predecessor-version":[{"id":13095,"href":"https:\/\/www.greenpeace.org\/luxembourg\/fr\/wp-json\/wp\/v2\/posts\/4208\/revisions\/13095"}],"wp:featuredmedia":[{"embeddable":true,"href":"https:\/\/www.greenpeace.org\/luxembourg\/fr\/wp-json\/wp\/v2\/media\/4209"}],"wp:attachment":[{"href":"https:\/\/www.greenpeace.org\/luxembourg\/fr\/wp-json\/wp\/v2\/media?parent=4208"}],"wp:term":[{"taxonomy":"category","embeddable":true,"href":"https:\/\/www.greenpeace.org\/luxembourg\/fr\/wp-json\/wp\/v2\/categories?post=4208"},{"taxonomy":"post_tag","embeddable":true,"href":"https:\/\/www.greenpeace.org\/luxembourg\/fr\/wp-json\/wp\/v2\/tags?post=4208"},{"taxonomy":"p4-page-type","embeddable":true,"href":"https:\/\/www.greenpeace.org\/luxembourg\/fr\/wp-json\/wp\/v2\/p4-page-type?post=4208"}],"curies":[{"name":"wp","href":"https:\/\/api.w.org\/{rel}","templated":true}]}}