{"id":4220,"date":"2019-03-06T10:38:10","date_gmt":"2019-03-06T08:38:10","guid":{"rendered":"https:\/\/www.greenpeace.org\/luxembourg\/?p=4220"},"modified":"2021-12-01T17:31:25","modified_gmt":"2021-12-01T15:31:25","slug":"guyane-total-rentre-bredouille","status":"publish","type":"post","link":"https:\/\/www.greenpeace.org\/luxembourg\/fr\/actualites\/4220\/guyane-total-rentre-bredouille\/","title":{"rendered":"Guyane : Total rentre bredouille"},"content":{"rendered":"<h2>Une bonne nouvelle pour l\u2019environnement et la biodiversit\u00e9 guyanaise<\/h2>\n<p>Nous nous r\u00e9jouissons de cette nouvelle ! Ce projet \u00e9tait particuli\u00e8rement risqu\u00e9, notamment parce qu\u2019il s\u2019agit de forages profonds, ce qui constitue un d\u00e9fi industriel immense. Il y avait donc de quoi \u00eatre particuli\u00e8rement inquiets.<\/p>\n<p>Cette fronti\u00e8re du p\u00e9trole ne sera finalement et d\u00e9finitivement pas ouverte. La loi hydrocarbure vot\u00e9e fin 2017 et visant \u00e0 mettre fin \u00e0 l\u2019exploitation d\u2019hydrocarbures en France emp\u00eache le d\u00e9marrage de nouveaux forages exploratoires sur le territoire fran\u00e7ais. C\u2019est donc bel et bien termin\u00e9 pour les projets de Total en Guyane.<\/p>\n<p><a href=\"https:\/\/twitter.com\/StopPetroleGuy\/status\/1100913443530526720\"><img loading=\"lazy\" decoding=\"async\" class=\"size-full wp-image-4224 aligncenter\" src=\"https:\/\/www.greenpeace.org\/static\/planet4-luxembourg-stateless\/2019\/03\/d6659d6c-twitter_quote_stoppetroleguy.jpg\" alt=\"\" width=\"775\" height=\"363\" srcset=\"https:\/\/www.greenpeace.org\/static\/planet4-luxembourg-stateless\/2019\/03\/d6659d6c-twitter_quote_stoppetroleguy.jpg 775w, https:\/\/www.greenpeace.org\/static\/planet4-luxembourg-stateless\/2019\/03\/d6659d6c-twitter_quote_stoppetroleguy-300x141.jpg 300w, https:\/\/www.greenpeace.org\/static\/planet4-luxembourg-stateless\/2019\/03\/d6659d6c-twitter_quote_stoppetroleguy-768x360.jpg 768w, https:\/\/www.greenpeace.org\/static\/planet4-luxembourg-stateless\/2019\/03\/d6659d6c-twitter_quote_stoppetroleguy-510x239.jpg 510w\" sizes=\"auto, (max-width: 775px) 100vw, 775px\" \/><\/a><\/p>\n<p>Le R\u00e9cif de l\u2019Amazone est un \u00e9cosyst\u00e8me unique qui s\u2019\u00e9tend de la Guyane jusqu\u2019au Br\u00e9sil (au moins) et qui pr\u00e9sente une grande pertinence \u00e9cologique. M\u00eame si la partie guyanaise du r\u00e9cif semble \u00eatre hors de danger, c\u2019est en r\u00e9alit\u00e9 toute la zone qui doit \u00eatre prot\u00e9g\u00e9e, une bonne fois pour toute.<\/p>\n<h2>Affaire \u00e0 suivre pour le R\u00e9cif de l\u2019Amazone<\/h2>\n<div id=\"attachment_4228\" style=\"width: 1034px\" class=\"wp-caption alignnone\"><img loading=\"lazy\" decoding=\"async\" aria-describedby=\"caption-attachment-4228\" class=\"size-large wp-image-4228\" src=\"https:\/\/www.greenpeace.org\/static\/planet4-luxembourg-stateless\/2019\/03\/ab9e13de-gp0strz9a_medium_res-1024x768.jpg\" alt=\"R\u00e9cif de l'amazone en Guyane\" width=\"1024\" height=\"768\" srcset=\"https:\/\/www.greenpeace.org\/static\/planet4-luxembourg-stateless\/2019\/03\/ab9e13de-gp0strz9a_medium_res-1024x768.jpg 1024w, https:\/\/www.greenpeace.org\/static\/planet4-luxembourg-stateless\/2019\/03\/ab9e13de-gp0strz9a_medium_res-300x225.jpg 300w, https:\/\/www.greenpeace.org\/static\/planet4-luxembourg-stateless\/2019\/03\/ab9e13de-gp0strz9a_medium_res-768x576.jpg 768w, https:\/\/www.greenpeace.org\/static\/planet4-luxembourg-stateless\/2019\/03\/ab9e13de-gp0strz9a_medium_res-453x340.jpg 453w, https:\/\/www.greenpeace.org\/static\/planet4-luxembourg-stateless\/2019\/03\/ab9e13de-gp0strz9a_medium_res.jpg 1200w\" sizes=\"auto, (max-width: 1024px) 100vw, 1024px\" \/><p id=\"caption-attachment-4228\" class=\"wp-caption-text\">R\u00e9cif de l&#8217;amazone en Guyane<\/p><\/div>\n<p>En effet, au Br\u00e9sil, ce sont 2000 blocs de forage qui sont en vente de mani\u00e8re permanente, \u00e0 terre mais aussi en mer, dont certains se trouvent pr\u00e8s du R\u00e9cif de l\u2019Amazone. Des menaces existent donc encore sur cet \u00e9cosyst\u00e8me.<\/p>\n<p>Quoi qu\u2019il en soit, pour pr\u00e9server de mani\u00e8re efficace les oc\u00e9ans, nous avons besoin d\u2019instruments juridiques qui permettent de le faire. C\u2019est tout l\u2019objet des n\u00e9gociations qui ont lieu \u00e0 l\u2019ONU sur\u00a0<a href=\"https:\/\/www.actu-environnement.com\/ae\/news\/haute-mer-ressources-traite-negociations-31928.php4\" target=\"_blank\" rel=\"noopener noreferrer\">le Trait\u00e9 international de la haute mer<\/a>. Celui-ci devra \u00eatre assez ambitieux pour laisser la possibilit\u00e9 de cr\u00e9er des aires marines prot\u00e9g\u00e9es, o\u00f9 aucune exploitation ou activit\u00e9 humaine ne sera possible. D\u2019autre part, l\u2019urgence climatique ne laisse aucune place pour de nouvelles exploitation d\u2019hydrocarbures. Ni en Guyane, ni au Br\u00e9sil, ni nul part.<\/p>\n<div id=\"attachment_4230\" style=\"width: 1034px\" class=\"wp-caption alignnone\"><img loading=\"lazy\" decoding=\"async\" aria-describedby=\"caption-attachment-4230\" class=\"size-large wp-image-4230\" src=\"https:\/\/www.greenpeace.org\/static\/planet4-luxembourg-stateless\/2019\/03\/ea0e5d9b-gp0stqt80_medium_res-1024x575.jpg\" alt=\"D\u00e9fendons le r\u00e9cif de l'amazone (Globa Days of Action) \u00e0 Maranh\u00e3o, Br\u00e9sil\" width=\"1024\" height=\"575\" srcset=\"https:\/\/www.greenpeace.org\/static\/planet4-luxembourg-stateless\/2019\/03\/ea0e5d9b-gp0stqt80_medium_res-1024x575.jpg 1024w, https:\/\/www.greenpeace.org\/static\/planet4-luxembourg-stateless\/2019\/03\/ea0e5d9b-gp0stqt80_medium_res-300x169.jpg 300w, https:\/\/www.greenpeace.org\/static\/planet4-luxembourg-stateless\/2019\/03\/ea0e5d9b-gp0stqt80_medium_res-768x431.jpg 768w, https:\/\/www.greenpeace.org\/static\/planet4-luxembourg-stateless\/2019\/03\/ea0e5d9b-gp0stqt80_medium_res-510x286.jpg 510w, https:\/\/www.greenpeace.org\/static\/planet4-luxembourg-stateless\/2019\/03\/ea0e5d9b-gp0stqt80_medium_res.jpg 1200w\" sizes=\"auto, (max-width: 1024px) 100vw, 1024px\" \/><p id=\"caption-attachment-4230\" class=\"wp-caption-text\">D\u00e9fendons le r\u00e9cif de l&#8217;amazone (Global Days of Action) \u00e0 Maranh\u00e3o, Br\u00e9sil<\/p><\/div>\n<p><em><strong><a href=\"https:\/\/www.greenpeace.fr\/guyane-total-rentre-bredouille\/?fbclid=IwAR3bu0tjpOnl28AzsdQc4ga7Ox_J7T5hq9A6nZaYKiamNKFoaHZQhCO5vew\">Article Source :<\/a><\/strong><\/em> Greenpeace France<\/p>\n\t\t\t<section\n\t\t\tclass=\"boxout post-396 \"\n\t\t\t\n\t\t>\n\t\t\t<a\n\t\t\t\tdata-ga-category=\"Take Action Boxout\"\n\t\t\t\tdata-ga-action=\"Image\"\n\t\t\t\tdata-ga-label=\"n\/a\"\n\t\t\t\tclass=\"cover-card-overlay\"\n\t\t\t\thref=\"https:\/\/www.greenpeace.org\/luxembourg\/fr\/agir\/adherer-a-greenpeace\/\" \n\t\t\t><\/a>\n\t\t\t\t\t\t\t<img\n\t\t\t\t\t\tsrc=\"https:\/\/www.greenpeace.org\/static\/planet4-luxembourg-stateless\/2020\/04\/99eaaf9b-gp04tdo-1024x683.jpg\"\n\t\t\t\t\t\tsrcset=\"https:\/\/www.greenpeace.org\/static\/planet4-luxembourg-stateless\/2020\/04\/99eaaf9b-gp04tdo-300x200.jpg 300w, https:\/\/www.greenpeace.org\/static\/planet4-luxembourg-stateless\/2020\/04\/99eaaf9b-gp04tdo-1024x683.jpg 1024w, https:\/\/www.greenpeace.org\/static\/planet4-luxembourg-stateless\/2020\/04\/99eaaf9b-gp04tdo-768x512.jpg 768w, https:\/\/www.greenpeace.org\/static\/planet4-luxembourg-stateless\/2020\/04\/99eaaf9b-gp04tdo-510x340.jpg 510w, https:\/\/www.greenpeace.org\/static\/planet4-luxembourg-stateless\/2020\/04\/99eaaf9b-gp04tdo.jpg 1200w\"\n\t\t\t\t\t\tsizes=\"(min-width: 1000px) 358px, (min-width: 780px) 313px, 88px\"\n\t\t\t\t\t\talt=\"Tundra in Alaska. \u00a9 Markus Mauthe \/ Greenpeace\" title=\"Tundra in Alaska. \u00a9 Markus Mauthe \/ Greenpeace\"\n\t\t\t\t\/>\n            \t\t\t<div class=\"boxout-content\">\n\t\t\t\t\t\t\t\t\t<a\n\t\t\t\t\t\tclass=\"boxout-heading medium\"\n\t\t\t\t\t\tdata-ga-category=\"Take Action Boxout\"\n\t\t\t\t\t\tdata-ga-action=\"Title\"\n\t\t\t\t\t\tdata-ga-label=\"n\/a\"\n\t\t\t\t\t\thref=\"https:\/\/www.greenpeace.org\/luxembourg\/fr\/agir\/adherer-a-greenpeace\/\"\n\t\t\t\t\t\t\n\t\t\t\t\t>\n\t\t\t\t\t\tDevenir Adh\u00e9rent\u00b7e\n\t\t\t\t\t<\/a>\n\t\t\t\t\t\t\t\t\t\t\t\t\t<p class=\"boxout-excerpt\">Donnez vie \u00e0 vos id\u00e9aux : votre don nous permet d&#8217;agir au Luxembourg et partout dans le monde !<\/p>\n\t\t\t\t                                    <a\n                        class=\"btn btn-primary\"\n                        data-ga-category=\"Take Action Boxout\"\n                        data-ga-action=\"Call to Action\"\n                        data-ga-label=\"n\/a\"\n                        href=\"https:\/\/www.greenpeace.org\/luxembourg\/fr\/agir\/adherer-a-greenpeace\/\"\n                        \n                    >\n                        S&#039;engager\n                    <\/a>\n                \t\t\t<\/div>\n\t\t\t\t\t<\/section>\n\t","protected":false},"excerpt":{"rendered":"<p>Une bonne nouvelle pour l\u2019environnement et la biodiversit\u00e9 guyanaise Nous nous r\u00e9jouissons de cette nouvelle ! Ce projet \u00e9tait particuli\u00e8rement risqu\u00e9, notamment parce qu\u2019il s\u2019agit de forages profonds, ce qui&hellip;<\/p>\n","protected":false},"author":18,"featured_media":4230,"comment_status":"closed","ping_status":"closed","sticky":false,"template":"","format":"standard","meta":{"ep_exclude_from_search":false,"p4_og_title":"","p4_og_description":"","p4_og_image":"","p4_og_image_id":"","p4_seo_canonical_url":"","p4_campaign_name":"","p4_local_project":"","p4_basket_name":"","p4_department":"","footnotes":""},"categories":[43],"tags":[29,35],"p4-page-type":[85],"class_list":["post-4220","post","type-post","status-publish","format-standard","has-post-thumbnail","hentry","category-nature","tag-oceans","tag-energiesfossiles","p4-page-type-actualites"],"yoast_head":"<!-- This site is optimized with the Yoast SEO Premium plugin v23.9 (Yoast SEO v23.9) - https:\/\/yoast.com\/wordpress\/plugins\/seo\/ -->\n<title>Guyane : Total rentre bredouille - Greenpeace Luxembourg<\/title>\n<meta name=\"robots\" content=\"index, follow, max-snippet:-1, max-image-preview:large, max-video-preview:-1\" \/>\n<link rel=\"canonical\" href=\"https:\/\/www.greenpeace.org\/luxembourg\/fr\/actualites\/4220\/guyane-total-rentre-bredouille\/\" \/>\n<meta property=\"og:locale\" content=\"fr_FR\" \/>\n<meta property=\"og:type\" content=\"article\" \/>\n<meta property=\"og:title\" content=\"Guyane : Total rentre bredouille\" \/>\n<meta property=\"og:description\" content=\"Une bonne nouvelle pour l\u2019environnement et la biodiversit\u00e9 guyanaise Nous nous r\u00e9jouissons de cette nouvelle ! Ce projet \u00e9tait particuli\u00e8rement risqu\u00e9, notamment parce qu\u2019il s\u2019agit de forages profonds, ce qui&hellip;\" \/>\n<meta property=\"og:url\" content=\"https:\/\/www.greenpeace.org\/luxembourg\/fr\/actualites\/4220\/guyane-total-rentre-bredouille\/\" \/>\n<meta property=\"og:site_name\" content=\"Greenpeace Luxembourg\" \/>\n<meta property=\"article:publisher\" content=\"https:\/\/www.facebook.com\/greenpeaceluxembourg\" \/>\n<meta property=\"article:published_time\" content=\"2019-03-06T08:38:10+00:00\" \/>\n<meta property=\"article:modified_time\" content=\"2021-12-01T15:31:25+00:00\" \/>\n<meta property=\"og:image\" content=\"https:\/\/www.greenpeace.org\/static\/planet4-luxembourg-stateless\/2019\/03\/ea0e5d9b-gp0stqt80_medium_res.jpg\" \/>\n\t<meta property=\"og:image:width\" content=\"1200\" \/>\n\t<meta property=\"og:image:height\" content=\"674\" \/>\n\t<meta property=\"og:image:type\" content=\"image\/jpeg\" \/>\n<meta name=\"author\" content=\"Pauline Maes\" \/>\n<meta name=\"twitter:card\" content=\"summary_large_image\" \/>\n<meta name=\"twitter:label1\" content=\"Written by\" \/>\n\t<meta name=\"twitter:data1\" content=\"Pauline Maes\" \/>\n\t<meta name=\"twitter:label2\" content=\"Est. reading time\" \/>\n\t<meta name=\"twitter:data2\" content=\"2 minutes\" \/>\n<script type=\"application\/ld+json\" class=\"yoast-schema-graph\">{\"@context\":\"https:\/\/schema.org\",\"@graph\":[{\"@type\":\"Article\",\"@id\":\"https:\/\/www.greenpeace.org\/luxembourg\/fr\/actualites\/4220\/guyane-total-rentre-bredouille\/#article\",\"isPartOf\":{\"@id\":\"https:\/\/www.greenpeace.org\/luxembourg\/fr\/actualites\/4220\/guyane-total-rentre-bredouille\/\"},\"author\":{\"name\":\"Pauline Maes\",\"@id\":\"https:\/\/www.greenpeace.org\/luxembourg\/fr\/#\/schema\/person\/7bbeb343322bdadf139e7e27e7c86ec8\"},\"headline\":\"Guyane : Total rentre bredouille\",\"datePublished\":\"2019-03-06T08:38:10+00:00\",\"dateModified\":\"2021-12-01T15:31:25+00:00\",\"mainEntityOfPage\":{\"@id\":\"https:\/\/www.greenpeace.org\/luxembourg\/fr\/actualites\/4220\/guyane-total-rentre-bredouille\/\"},\"wordCount\":370,\"publisher\":{\"@id\":\"https:\/\/www.greenpeace.org\/luxembourg\/fr\/#organization\"},\"image\":{\"@id\":\"https:\/\/www.greenpeace.org\/luxembourg\/fr\/actualites\/4220\/guyane-total-rentre-bredouille\/#primaryimage\"},\"thumbnailUrl\":\"https:\/\/www.greenpeace.org\/static\/planet4-luxembourg-stateless\/2019\/03\/ea0e5d9b-gp0stqt80_medium_res.jpg\",\"keywords\":[\"Oc\u00e9ans\",\"EnergiesFossiles\"],\"articleSection\":[\"Nature\"],\"inLanguage\":\"fr-LU\"},{\"@type\":\"WebPage\",\"@id\":\"https:\/\/www.greenpeace.org\/luxembourg\/fr\/actualites\/4220\/guyane-total-rentre-bredouille\/\",\"url\":\"https:\/\/www.greenpeace.org\/luxembourg\/fr\/actualites\/4220\/guyane-total-rentre-bredouille\/\",\"name\":\"Guyane : Total rentre bredouille - Greenpeace Luxembourg\",\"isPartOf\":{\"@id\":\"https:\/\/www.greenpeace.org\/luxembourg\/fr\/#website\"},\"primaryImageOfPage\":{\"@id\":\"https:\/\/www.greenpeace.org\/luxembourg\/fr\/actualites\/4220\/guyane-total-rentre-bredouille\/#primaryimage\"},\"image\":{\"@id\":\"https:\/\/www.greenpeace.org\/luxembourg\/fr\/actualites\/4220\/guyane-total-rentre-bredouille\/#primaryimage\"},\"thumbnailUrl\":\"https:\/\/www.greenpeace.org\/static\/planet4-luxembourg-stateless\/2019\/03\/ea0e5d9b-gp0stqt80_medium_res.jpg\",\"datePublished\":\"2019-03-06T08:38:10+00:00\",\"dateModified\":\"2021-12-01T15:31:25+00:00\",\"breadcrumb\":{\"@id\":\"https:\/\/www.greenpeace.org\/luxembourg\/fr\/actualites\/4220\/guyane-total-rentre-bredouille\/#breadcrumb\"},\"inLanguage\":\"fr-LU\",\"potentialAction\":[{\"@type\":\"ReadAction\",\"target\":[\"https:\/\/www.greenpeace.org\/luxembourg\/fr\/actualites\/4220\/guyane-total-rentre-bredouille\/\"]}]},{\"@type\":\"ImageObject\",\"inLanguage\":\"fr-LU\",\"@id\":\"https:\/\/www.greenpeace.org\/luxembourg\/fr\/actualites\/4220\/guyane-total-rentre-bredouille\/#primaryimage\",\"url\":\"https:\/\/www.greenpeace.org\/static\/planet4-luxembourg-stateless\/2019\/03\/ea0e5d9b-gp0stqt80_medium_res.jpg\",\"contentUrl\":\"https:\/\/www.greenpeace.org\/static\/planet4-luxembourg-stateless\/2019\/03\/ea0e5d9b-gp0stqt80_medium_res.jpg\",\"width\":1200,\"height\":674,\"caption\":\"D\u00e9fendons le r\u00e9cif de l'amazone (Globa Days of Action) \u00e0 Maranh\u00e3o, Br\u00e9sil\"},{\"@type\":\"BreadcrumbList\",\"@id\":\"https:\/\/www.greenpeace.org\/luxembourg\/fr\/actualites\/4220\/guyane-total-rentre-bredouille\/#breadcrumb\",\"itemListElement\":[{\"@type\":\"ListItem\",\"position\":1,\"name\":\"Home\",\"item\":\"https:\/\/www.greenpeace.org\/luxembourg\/fr\/\"},{\"@type\":\"ListItem\",\"position\":2,\"name\":\"Guyane : Total rentre bredouille\"}]},{\"@type\":\"WebSite\",\"@id\":\"https:\/\/www.greenpeace.org\/luxembourg\/fr\/#website\",\"url\":\"https:\/\/www.greenpeace.org\/luxembourg\/fr\/\",\"name\":\"Greenpeace Luxembourg\",\"description\":\"Greenpeace existe parce que cette Terre fragile a besoin d&#039;une voix. Elle a besoin de solutions. De changement. D&#039;actions.\",\"publisher\":{\"@id\":\"https:\/\/www.greenpeace.org\/luxembourg\/fr\/#organization\"},\"potentialAction\":[{\"@type\":\"SearchAction\",\"target\":{\"@type\":\"EntryPoint\",\"urlTemplate\":\"https:\/\/www.greenpeace.org\/luxembourg\/fr\/?s={search_term_string}\"},\"query-input\":{\"@type\":\"PropertyValueSpecification\",\"valueRequired\":true,\"valueName\":\"search_term_string\"}}],\"inLanguage\":\"fr-LU\"},{\"@type\":\"Organization\",\"@id\":\"https:\/\/www.greenpeace.org\/luxembourg\/fr\/#organization\",\"name\":\"Greenpeace Luxembourg\",\"url\":\"https:\/\/www.greenpeace.org\/luxembourg\/fr\/\",\"logo\":{\"@type\":\"ImageObject\",\"inLanguage\":\"fr-LU\",\"@id\":\"https:\/\/www.greenpeace.org\/luxembourg\/fr\/#\/schema\/logo\/image\/\",\"url\":\"https:\/\/www.greenpeace.org\/static\/planet4-luxembourg-stateless\/2026\/03\/3e367f94-greenpeace_logo_green_rgb.png\",\"contentUrl\":\"https:\/\/www.greenpeace.org\/static\/planet4-luxembourg-stateless\/2026\/03\/3e367f94-greenpeace_logo_green_rgb.png\",\"width\":1080,\"height\":175,\"caption\":\"Greenpeace Luxembourg\"},\"image\":{\"@id\":\"https:\/\/www.greenpeace.org\/luxembourg\/fr\/#\/schema\/logo\/image\/\"},\"sameAs\":[\"https:\/\/www.facebook.com\/greenpeaceluxembourg\",\"https:\/\/www.instagram.com\/greenpeacelux\/\",\"https:\/\/www.linkedin.com\/company\/greenpeace-luxembourg\/\",\"https:\/\/www.threads.com\/@greenpeacelux\",\"https:\/\/bsky.app\/profile\/greenpeacelux.bsky.social\",\"https:\/\/www.youtube.com\/@GreenpeaceLux\",\"https:\/\/www.tiktok.com\/@greenpeace_lux\"]},{\"@type\":\"Person\",\"@id\":\"https:\/\/www.greenpeace.org\/luxembourg\/fr\/#\/schema\/person\/7bbeb343322bdadf139e7e27e7c86ec8\",\"name\":\"Pauline Maes\",\"url\":\"https:\/\/www.greenpeace.org\/luxembourg\/fr\/author\/pmaes\/\"}]}<\/script>\n<!-- \/ Yoast SEO Premium plugin. -->","yoast_head_json":{"title":"Guyane : Total rentre bredouille - Greenpeace Luxembourg","robots":{"index":"index","follow":"follow","max-snippet":"max-snippet:-1","max-image-preview":"max-image-preview:large","max-video-preview":"max-video-preview:-1"},"canonical":"https:\/\/www.greenpeace.org\/luxembourg\/fr\/actualites\/4220\/guyane-total-rentre-bredouille\/","og_locale":"fr_FR","og_type":"article","og_title":"Guyane : Total rentre bredouille","og_description":"Une bonne nouvelle pour l\u2019environnement et la biodiversit\u00e9 guyanaise Nous nous r\u00e9jouissons de cette nouvelle ! Ce projet \u00e9tait particuli\u00e8rement risqu\u00e9, notamment parce qu\u2019il s\u2019agit de forages profonds, ce qui&hellip;","og_url":"https:\/\/www.greenpeace.org\/luxembourg\/fr\/actualites\/4220\/guyane-total-rentre-bredouille\/","og_site_name":"Greenpeace Luxembourg","article_publisher":"https:\/\/www.facebook.com\/greenpeaceluxembourg","article_published_time":"2019-03-06T08:38:10+00:00","article_modified_time":"2021-12-01T15:31:25+00:00","og_image":[{"width":1200,"height":674,"url":"https:\/\/www.greenpeace.org\/static\/planet4-luxembourg-stateless\/2019\/03\/ea0e5d9b-gp0stqt80_medium_res.jpg","type":"image\/jpeg"}],"author":"Pauline Maes","twitter_card":"summary_large_image","twitter_misc":{"Written by":"Pauline Maes","Est. reading time":"2 minutes"},"schema":{"@context":"https:\/\/schema.org","@graph":[{"@type":"Article","@id":"https:\/\/www.greenpeace.org\/luxembourg\/fr\/actualites\/4220\/guyane-total-rentre-bredouille\/#article","isPartOf":{"@id":"https:\/\/www.greenpeace.org\/luxembourg\/fr\/actualites\/4220\/guyane-total-rentre-bredouille\/"},"author":{"name":"Pauline Maes","@id":"https:\/\/www.greenpeace.org\/luxembourg\/fr\/#\/schema\/person\/7bbeb343322bdadf139e7e27e7c86ec8"},"headline":"Guyane : Total rentre bredouille","datePublished":"2019-03-06T08:38:10+00:00","dateModified":"2021-12-01T15:31:25+00:00","mainEntityOfPage":{"@id":"https:\/\/www.greenpeace.org\/luxembourg\/fr\/actualites\/4220\/guyane-total-rentre-bredouille\/"},"wordCount":370,"publisher":{"@id":"https:\/\/www.greenpeace.org\/luxembourg\/fr\/#organization"},"image":{"@id":"https:\/\/www.greenpeace.org\/luxembourg\/fr\/actualites\/4220\/guyane-total-rentre-bredouille\/#primaryimage"},"thumbnailUrl":"https:\/\/www.greenpeace.org\/static\/planet4-luxembourg-stateless\/2019\/03\/ea0e5d9b-gp0stqt80_medium_res.jpg","keywords":["Oc\u00e9ans","EnergiesFossiles"],"articleSection":["Nature"],"inLanguage":"fr-LU"},{"@type":"WebPage","@id":"https:\/\/www.greenpeace.org\/luxembourg\/fr\/actualites\/4220\/guyane-total-rentre-bredouille\/","url":"https:\/\/www.greenpeace.org\/luxembourg\/fr\/actualites\/4220\/guyane-total-rentre-bredouille\/","name":"Guyane : Total rentre bredouille - Greenpeace Luxembourg","isPartOf":{"@id":"https:\/\/www.greenpeace.org\/luxembourg\/fr\/#website"},"primaryImageOfPage":{"@id":"https:\/\/www.greenpeace.org\/luxembourg\/fr\/actualites\/4220\/guyane-total-rentre-bredouille\/#primaryimage"},"image":{"@id":"https:\/\/www.greenpeace.org\/luxembourg\/fr\/actualites\/4220\/guyane-total-rentre-bredouille\/#primaryimage"},"thumbnailUrl":"https:\/\/www.greenpeace.org\/static\/planet4-luxembourg-stateless\/2019\/03\/ea0e5d9b-gp0stqt80_medium_res.jpg","datePublished":"2019-03-06T08:38:10+00:00","dateModified":"2021-12-01T15:31:25+00:00","breadcrumb":{"@id":"https:\/\/www.greenpeace.org\/luxembourg\/fr\/actualites\/4220\/guyane-total-rentre-bredouille\/#breadcrumb"},"inLanguage":"fr-LU","potentialAction":[{"@type":"ReadAction","target":["https:\/\/www.greenpeace.org\/luxembourg\/fr\/actualites\/4220\/guyane-total-rentre-bredouille\/"]}]},{"@type":"ImageObject","inLanguage":"fr-LU","@id":"https:\/\/www.greenpeace.org\/luxembourg\/fr\/actualites\/4220\/guyane-total-rentre-bredouille\/#primaryimage","url":"https:\/\/www.greenpeace.org\/static\/planet4-luxembourg-stateless\/2019\/03\/ea0e5d9b-gp0stqt80_medium_res.jpg","contentUrl":"https:\/\/www.greenpeace.org\/static\/planet4-luxembourg-stateless\/2019\/03\/ea0e5d9b-gp0stqt80_medium_res.jpg","width":1200,"height":674,"caption":"D\u00e9fendons le r\u00e9cif de l'amazone (Globa Days of Action) \u00e0 Maranh\u00e3o, Br\u00e9sil"},{"@type":"BreadcrumbList","@id":"https:\/\/www.greenpeace.org\/luxembourg\/fr\/actualites\/4220\/guyane-total-rentre-bredouille\/#breadcrumb","itemListElement":[{"@type":"ListItem","position":1,"name":"Home","item":"https:\/\/www.greenpeace.org\/luxembourg\/fr\/"},{"@type":"ListItem","position":2,"name":"Guyane : Total rentre bredouille"}]},{"@type":"WebSite","@id":"https:\/\/www.greenpeace.org\/luxembourg\/fr\/#website","url":"https:\/\/www.greenpeace.org\/luxembourg\/fr\/","name":"Greenpeace Luxembourg","description":"Greenpeace existe parce que cette Terre fragile a besoin d&#039;une voix. Elle a besoin de solutions. De changement. D&#039;actions.","publisher":{"@id":"https:\/\/www.greenpeace.org\/luxembourg\/fr\/#organization"},"potentialAction":[{"@type":"SearchAction","target":{"@type":"EntryPoint","urlTemplate":"https:\/\/www.greenpeace.org\/luxembourg\/fr\/?s={search_term_string}"},"query-input":{"@type":"PropertyValueSpecification","valueRequired":true,"valueName":"search_term_string"}}],"inLanguage":"fr-LU"},{"@type":"Organization","@id":"https:\/\/www.greenpeace.org\/luxembourg\/fr\/#organization","name":"Greenpeace Luxembourg","url":"https:\/\/www.greenpeace.org\/luxembourg\/fr\/","logo":{"@type":"ImageObject","inLanguage":"fr-LU","@id":"https:\/\/www.greenpeace.org\/luxembourg\/fr\/#\/schema\/logo\/image\/","url":"https:\/\/www.greenpeace.org\/static\/planet4-luxembourg-stateless\/2026\/03\/3e367f94-greenpeace_logo_green_rgb.png","contentUrl":"https:\/\/www.greenpeace.org\/static\/planet4-luxembourg-stateless\/2026\/03\/3e367f94-greenpeace_logo_green_rgb.png","width":1080,"height":175,"caption":"Greenpeace Luxembourg"},"image":{"@id":"https:\/\/www.greenpeace.org\/luxembourg\/fr\/#\/schema\/logo\/image\/"},"sameAs":["https:\/\/www.facebook.com\/greenpeaceluxembourg","https:\/\/www.instagram.com\/greenpeacelux\/","https:\/\/www.linkedin.com\/company\/greenpeace-luxembourg\/","https:\/\/www.threads.com\/@greenpeacelux","https:\/\/bsky.app\/profile\/greenpeacelux.bsky.social","https:\/\/www.youtube.com\/@GreenpeaceLux","https:\/\/www.tiktok.com\/@greenpeace_lux"]},{"@type":"Person","@id":"https:\/\/www.greenpeace.org\/luxembourg\/fr\/#\/schema\/person\/7bbeb343322bdadf139e7e27e7c86ec8","name":"Pauline Maes","url":"https:\/\/www.greenpeace.org\/luxembourg\/fr\/author\/pmaes\/"}]}},"_links":{"self":[{"href":"https:\/\/www.greenpeace.org\/luxembourg\/fr\/wp-json\/wp\/v2\/posts\/4220","targetHints":{"allow":["GET"]}}],"collection":[{"href":"https:\/\/www.greenpeace.org\/luxembourg\/fr\/wp-json\/wp\/v2\/posts"}],"about":[{"href":"https:\/\/www.greenpeace.org\/luxembourg\/fr\/wp-json\/wp\/v2\/types\/post"}],"author":[{"embeddable":true,"href":"https:\/\/www.greenpeace.org\/luxembourg\/fr\/wp-json\/wp\/v2\/users\/18"}],"replies":[{"embeddable":true,"href":"https:\/\/www.greenpeace.org\/luxembourg\/fr\/wp-json\/wp\/v2\/comments?post=4220"}],"version-history":[{"count":6,"href":"https:\/\/www.greenpeace.org\/luxembourg\/fr\/wp-json\/wp\/v2\/posts\/4220\/revisions"}],"predecessor-version":[{"id":13093,"href":"https:\/\/www.greenpeace.org\/luxembourg\/fr\/wp-json\/wp\/v2\/posts\/4220\/revisions\/13093"}],"wp:featuredmedia":[{"embeddable":true,"href":"https:\/\/www.greenpeace.org\/luxembourg\/fr\/wp-json\/wp\/v2\/media\/4230"}],"wp:attachment":[{"href":"https:\/\/www.greenpeace.org\/luxembourg\/fr\/wp-json\/wp\/v2\/media?parent=4220"}],"wp:term":[{"taxonomy":"category","embeddable":true,"href":"https:\/\/www.greenpeace.org\/luxembourg\/fr\/wp-json\/wp\/v2\/categories?post=4220"},{"taxonomy":"post_tag","embeddable":true,"href":"https:\/\/www.greenpeace.org\/luxembourg\/fr\/wp-json\/wp\/v2\/tags?post=4220"},{"taxonomy":"p4-page-type","embeddable":true,"href":"https:\/\/www.greenpeace.org\/luxembourg\/fr\/wp-json\/wp\/v2\/p4-page-type?post=4220"}],"curies":[{"name":"wp","href":"https:\/\/api.w.org\/{rel}","templated":true}]}}