{"id":4247,"date":"2019-03-04T17:04:40","date_gmt":"2019-03-04T15:04:40","guid":{"rendered":"https:\/\/www.greenpeace.org\/luxembourg\/?p=4247"},"modified":"2021-12-01T17:31:34","modified_gmt":"2021-12-01T15:31:34","slug":"les-ministres-de-lunion-europeenne-envisagent-un-plan-de-decarbonisation-tandis-que-les-manifestations-pour-les-climats-sintensifient","status":"publish","type":"post","link":"https:\/\/www.greenpeace.org\/luxembourg\/fr\/communiques-de-presse\/4247\/les-ministres-de-lunion-europeenne-envisagent-un-plan-de-decarbonisation-tandis-que-les-manifestations-pour-les-climats-sintensifient\/","title":{"rendered":"Les ministres de l\u2019Union Europ\u00e9enne envisagent un plan de d\u00e9carbonisation tandis que les manifestations pour les climats s\u2019intensifient"},"content":{"rendered":"<p><em><strong>Bruxelles, 4 Mars 2019 \u2013 Tandis que les manifestations contre l\u2019inaction climatique s\u2019intensifient partout en Europe et au-del\u00e0, les ministres de l\u2019\u00e9nergie et de l\u2019environnement vont d\u00e9battre de s\u2019il faut, ou non, soutenir un plan de d\u00e9carbonis<\/strong><\/em><em><strong>ation totale de l\u2019Union Europ\u00e9enne d\u2019ici 2050, au cours d\u2019une r\u00e9union \u00e0 Bruxelles ces lundi et mardi.<\/strong><\/em><\/p>\n<p><span style=\"font-weight: 400;\">Des centaines de milliers de citoyens sont attendus dans les rues le <\/span><a href=\"https:\/\/www.greenpeace.org\/luxembourg\/fr\/actualites\/4039\/les-jeunes-en-greve-pour-le-climat-greenpeace-vous-soutient\/\"><span style=\"font-weight: 400;\">15 mars<\/span><\/a><span style=\"font-weight: 400;\"> pour exhorter une action politique forte contre le changement climatique. Cette mobilisation mondiale a \u00e9merg\u00e9 des <\/span><a href=\"https:\/\/www.google.com\/maps\/d\/u\/0\/viewer?actionButton=1&amp;mid=1xsUCSYLnm8d6iFJ2Mt7_kAlv9xULqRQf&amp;ll=18.62809791280948%2C3.6303090545404757&amp;z=2&amp;fbclid=IwAR2jj8DuyYOkNbRiHlYxUsgmcw6aztMgmcWyk9m_8CN7ja4q2ljvLK9vupU&amp;utm_campaign=fossil-fuels\"><span style=\"font-weight: 400;\">centaines de marches et de gr\u00e8ves pour le climat men\u00e9e par des coll\u00e9giens, lyc\u00e9ens et \u00e9tudiants<\/span><\/a><span style=\"font-weight: 400;\">. <\/span><\/p>\n<p><span style=\"font-weight: 400;\">Selon <\/span><b>Sebastian Mang, conseiller en politique climatique pour Greenpeace EU<\/b><span style=\"font-weight: 400;\"> : <\/span><i><span style=\"font-weight: 400;\">\u201cDes millions de personnes \u00e0 travers l\u2019Europe r\u00e9clament une action en r\u00e9ponse \u00e0 l\u2019urgence climatique. Les gouvernements n\u2019ont nulle part o\u00f9 se cacher. Soutenir un plan de d\u00e9carbonisation \u00e0 long terme serait un d\u00e9but. Mais afin d\u2019\u00e9viter une d\u00e9gradation irr\u00e9versible et totale du climat, les ministres doivent montrer qu\u2019ils sont pr\u00eats \u00e0 faire beaucoup plus et beaucoup plus vite : nous devons abandonner les combustibles fossiles et transformer l\u2019\u00e9nergie, les transports et l\u2019agriculture.\u201d<\/span><\/i><\/p>\n<p><span style=\"font-weight: 400;\">En Novembre 2018, la Commission Europ\u00e9enne a pr\u00e9sent\u00e9 un plan de d\u00e9carbonisation qui obligerait l&#8217;Union europ\u00e9enne \u00e0 r\u00e9duire ses \u00e9missions de gaz \u00e0 effet de serre \u00e0 un objectif de z\u00e9ro d&#8217;ici 2050. Greenpeace exhorte \u00e0 une d\u00e9carbonisation compl\u00e8te de l&#8217;Union europ\u00e9enne d&#8217;ici 2040 afin de se conformer \u00e0 l&#8217;accord de Paris sur le climat et <\/span><a href=\"https:\/\/interactive.carbonbrief.org\/impacts-climate-change-one-point-five-degrees-two-degrees\/?utm_source=web&amp;utm_campaign=Redirect\"><span style=\"font-weight: 400;\">d&#8217;\u00e9viter une catastrophe climatique sans pr\u00e9c\u00e9dent<\/span><\/a><span style=\"font-weight: 400;\">.<\/span><\/p>\n<p><span style=\"font-weight: 400;\">D\u2019apr\u00e8s la <\/span><a href=\"https:\/\/ec.europa.eu\/energy\/en\/topics\/energy-strategy-and-energy-union\/2050-long-term-strategy\"><span style=\"font-weight: 400;\">Commission<\/span><\/a><span style=\"font-weight: 400;\">, ne plus \u00e9mettre de gaz \u00e0 effet de serre augmenterait la prosp\u00e9rit\u00e9, cr\u00e9erait des emplois, g\u00e9n\u00e9rerait des centaines de milliards d\u2019euros de b\u00e9n\u00e9fices pour la sant\u00e9 et \u00e9conomiserait des billions d\u2019importations de combustibles fossiles. <\/span><\/p>\n<p><span style=\"font-weight: 400;\">Le 20 f\u00e9vrier, le Comit\u00e9 pour l\u2019Environnement du Parlement Europ\u00e9en a exig\u00e9 de l\u2019Union Europ\u00e9enne qu\u2019elle atteigne les \u00e9missions zero au plus t\u00f4t, et au plus tard en 2050. Les d\u00e9put\u00e9s Europ\u00e9ens ont \u00e9galement soutenu la hausse de l\u2019objectif de l\u2019UE de r\u00e9duction des gaz \u00e0 effet de serre de 40% \u00e0 55% (par rapport au taux de 1990) d\u2019ici 2030. Greenpeace r\u00e9clame un objectif de 65% en 2030, conform\u00e9ment aux mesures n\u00e9cessaires pour limiter le r\u00e9chauffement climatique \u00e0 1,5\u00b0C.<\/span><\/p>\n<p><span style=\"font-weight: 400;\">Plusieurs gouvernements, dont l&#8217;Espagne, le Danemark, la Su\u00e8de, le Luxembourg, la France et les Pays-Bas, souhaitent que l&#8217;Union europ\u00e9enne aligne son action sur le climat avec l&#8217;accord de Paris, tandis que d&#8217;autres, comme l&#8217;Allemagne, h\u00e9sitent \u00e0 soutenir des objectifs correspondant \u00e0 une limitation de la hausse de la temp\u00e9rature de 1,5\u00b0C. Le plan de d\u00e9carbonisation de l&#8217;UE sera \u00e9galement remis sur la table lorsque les chefs des gouvernements europ\u00e9ens se r\u00e9uniront \u00e0 Bruxelles les 21 et 22 mars. <\/span><\/p>\n<div class=\"EmptyMessage\">Block content is empty. Check the block&#8217;s settings or remove it.<\/div>","protected":false},"excerpt":{"rendered":"<p>Bruxelles, 4 Mars 2019 \u2013 Tandis que les manifestations contre l\u2019inaction climatique s\u2019intensifient partout en Europe et au-del\u00e0, les ministres de l\u2019\u00e9nergie et de l\u2019environnement vont d\u00e9battre de s\u2019il faut,&hellip;<\/p>\n","protected":false},"author":18,"featured_media":4252,"comment_status":"closed","ping_status":"closed","sticky":false,"template":"","format":"standard","meta":{"ep_exclude_from_search":false,"p4_og_title":"","p4_og_description":"","p4_og_image":"","p4_og_image_id":"","p4_seo_canonical_url":"","p4_campaign_name":"","p4_local_project":"","p4_basket_name":"","p4_department":"","footnotes":""},"categories":[41],"tags":[37],"p4-page-type":[83],"class_list":["post-4247","post","type-post","status-publish","format-standard","has-post-thumbnail","hentry","category-climat","tag-changementclimatique","p4-page-type-communiques-de-presse"],"yoast_head":"<!-- This site is optimized with the Yoast SEO Premium plugin v23.9 (Yoast SEO v23.9) - https:\/\/yoast.com\/wordpress\/plugins\/seo\/ -->\n<title>Les ministres de l\u2019Union Europ\u00e9enne envisagent un plan de d\u00e9carbonisation tandis que les manifestations pour les climats s\u2019intensifient - Greenpeace Luxembourg<\/title>\n<meta name=\"robots\" content=\"index, follow, max-snippet:-1, max-image-preview:large, max-video-preview:-1\" \/>\n<link rel=\"canonical\" href=\"https:\/\/www.greenpeace.org\/luxembourg\/fr\/communiques-de-presse\/4247\/les-ministres-de-lunion-europeenne-envisagent-un-plan-de-decarbonisation-tandis-que-les-manifestations-pour-les-climats-sintensifient\/\" \/>\n<meta property=\"og:locale\" content=\"fr_FR\" \/>\n<meta property=\"og:type\" content=\"article\" \/>\n<meta property=\"og:title\" content=\"Les ministres de l\u2019Union Europ\u00e9enne envisagent un plan de d\u00e9carbonisation tandis que les manifestations pour les climats s\u2019intensifient\" \/>\n<meta property=\"og:description\" content=\"Bruxelles, 4 Mars 2019 \u2013 Tandis que les manifestations contre l\u2019inaction climatique s\u2019intensifient partout en Europe et au-del\u00e0, les ministres de l\u2019\u00e9nergie et de l\u2019environnement vont d\u00e9battre de s\u2019il faut,&hellip;\" \/>\n<meta property=\"og:url\" content=\"https:\/\/www.greenpeace.org\/luxembourg\/fr\/communiques-de-presse\/4247\/les-ministres-de-lunion-europeenne-envisagent-un-plan-de-decarbonisation-tandis-que-les-manifestations-pour-les-climats-sintensifient\/\" \/>\n<meta property=\"og:site_name\" content=\"Greenpeace Luxembourg\" \/>\n<meta property=\"article:publisher\" content=\"https:\/\/www.facebook.com\/greenpeaceluxembourg\" \/>\n<meta property=\"article:published_time\" content=\"2019-03-04T15:04:40+00:00\" \/>\n<meta property=\"article:modified_time\" content=\"2021-12-01T15:31:34+00:00\" \/>\n<meta property=\"og:image\" content=\"https:\/\/www.greenpeace.org\/static\/planet4-luxembourg-stateless\/2019\/03\/30bd4919-gp0stsxnh_medium_res.jpg\" \/>\n\t<meta property=\"og:image:width\" content=\"1200\" \/>\n\t<meta property=\"og:image:height\" content=\"900\" \/>\n\t<meta property=\"og:image:type\" content=\"image\/jpeg\" \/>\n<meta name=\"author\" content=\"Pauline Maes\" \/>\n<meta name=\"twitter:card\" content=\"summary_large_image\" \/>\n<meta name=\"twitter:label1\" content=\"Written by\" \/>\n\t<meta name=\"twitter:data1\" content=\"Pauline Maes\" \/>\n\t<meta name=\"twitter:label2\" content=\"Est. reading time\" \/>\n\t<meta name=\"twitter:data2\" content=\"2 minutes\" \/>\n<script type=\"application\/ld+json\" class=\"yoast-schema-graph\">{\"@context\":\"https:\/\/schema.org\",\"@graph\":[{\"@type\":\"Article\",\"@id\":\"https:\/\/www.greenpeace.org\/luxembourg\/fr\/communiques-de-presse\/4247\/les-ministres-de-lunion-europeenne-envisagent-un-plan-de-decarbonisation-tandis-que-les-manifestations-pour-les-climats-sintensifient\/#article\",\"isPartOf\":{\"@id\":\"https:\/\/www.greenpeace.org\/luxembourg\/fr\/communiques-de-presse\/4247\/les-ministres-de-lunion-europeenne-envisagent-un-plan-de-decarbonisation-tandis-que-les-manifestations-pour-les-climats-sintensifient\/\"},\"author\":{\"name\":\"Pauline Maes\",\"@id\":\"https:\/\/www.greenpeace.org\/luxembourg\/fr\/#\/schema\/person\/7bbeb343322bdadf139e7e27e7c86ec8\"},\"headline\":\"Les ministres de l\u2019Union Europ\u00e9enne envisagent un plan de d\u00e9carbonisation tandis que les manifestations pour les climats s\u2019intensifient\",\"datePublished\":\"2019-03-04T15:04:40+00:00\",\"dateModified\":\"2021-12-01T15:31:34+00:00\",\"mainEntityOfPage\":{\"@id\":\"https:\/\/www.greenpeace.org\/luxembourg\/fr\/communiques-de-presse\/4247\/les-ministres-de-lunion-europeenne-envisagent-un-plan-de-decarbonisation-tandis-que-les-manifestations-pour-les-climats-sintensifient\/\"},\"wordCount\":514,\"publisher\":{\"@id\":\"https:\/\/www.greenpeace.org\/luxembourg\/fr\/#organization\"},\"image\":{\"@id\":\"https:\/\/www.greenpeace.org\/luxembourg\/fr\/communiques-de-presse\/4247\/les-ministres-de-lunion-europeenne-envisagent-un-plan-de-decarbonisation-tandis-que-les-manifestations-pour-les-climats-sintensifient\/#primaryimage\"},\"thumbnailUrl\":\"https:\/\/www.greenpeace.org\/static\/planet4-luxembourg-stateless\/2019\/03\/30bd4919-gp0stsxnh_medium_res.jpg\",\"keywords\":[\"ChangementClimatique\"],\"articleSection\":[\"Climat\"],\"inLanguage\":\"fr-LU\"},{\"@type\":\"WebPage\",\"@id\":\"https:\/\/www.greenpeace.org\/luxembourg\/fr\/communiques-de-presse\/4247\/les-ministres-de-lunion-europeenne-envisagent-un-plan-de-decarbonisation-tandis-que-les-manifestations-pour-les-climats-sintensifient\/\",\"url\":\"https:\/\/www.greenpeace.org\/luxembourg\/fr\/communiques-de-presse\/4247\/les-ministres-de-lunion-europeenne-envisagent-un-plan-de-decarbonisation-tandis-que-les-manifestations-pour-les-climats-sintensifient\/\",\"name\":\"Les ministres de l\u2019Union Europ\u00e9enne envisagent un plan de d\u00e9carbonisation tandis que les manifestations pour les climats s\u2019intensifient - Greenpeace Luxembourg\",\"isPartOf\":{\"@id\":\"https:\/\/www.greenpeace.org\/luxembourg\/fr\/#website\"},\"primaryImageOfPage\":{\"@id\":\"https:\/\/www.greenpeace.org\/luxembourg\/fr\/communiques-de-presse\/4247\/les-ministres-de-lunion-europeenne-envisagent-un-plan-de-decarbonisation-tandis-que-les-manifestations-pour-les-climats-sintensifient\/#primaryimage\"},\"image\":{\"@id\":\"https:\/\/www.greenpeace.org\/luxembourg\/fr\/communiques-de-presse\/4247\/les-ministres-de-lunion-europeenne-envisagent-un-plan-de-decarbonisation-tandis-que-les-manifestations-pour-les-climats-sintensifient\/#primaryimage\"},\"thumbnailUrl\":\"https:\/\/www.greenpeace.org\/static\/planet4-luxembourg-stateless\/2019\/03\/30bd4919-gp0stsxnh_medium_res.jpg\",\"datePublished\":\"2019-03-04T15:04:40+00:00\",\"dateModified\":\"2021-12-01T15:31:34+00:00\",\"breadcrumb\":{\"@id\":\"https:\/\/www.greenpeace.org\/luxembourg\/fr\/communiques-de-presse\/4247\/les-ministres-de-lunion-europeenne-envisagent-un-plan-de-decarbonisation-tandis-que-les-manifestations-pour-les-climats-sintensifient\/#breadcrumb\"},\"inLanguage\":\"fr-LU\",\"potentialAction\":[{\"@type\":\"ReadAction\",\"target\":[\"https:\/\/www.greenpeace.org\/luxembourg\/fr\/communiques-de-presse\/4247\/les-ministres-de-lunion-europeenne-envisagent-un-plan-de-decarbonisation-tandis-que-les-manifestations-pour-les-climats-sintensifient\/\"]}]},{\"@type\":\"ImageObject\",\"inLanguage\":\"fr-LU\",\"@id\":\"https:\/\/www.greenpeace.org\/luxembourg\/fr\/communiques-de-presse\/4247\/les-ministres-de-lunion-europeenne-envisagent-un-plan-de-decarbonisation-tandis-que-les-manifestations-pour-les-climats-sintensifient\/#primaryimage\",\"url\":\"https:\/\/www.greenpeace.org\/static\/planet4-luxembourg-stateless\/2019\/03\/30bd4919-gp0stsxnh_medium_res.jpg\",\"contentUrl\":\"https:\/\/www.greenpeace.org\/static\/planet4-luxembourg-stateless\/2019\/03\/30bd4919-gp0stsxnh_medium_res.jpg\",\"width\":1200,\"height\":900,\"caption\":\"Shortly before the expected result of the coal commission, around 60 Greenpeace activists are demonstrating since daybreak at the lignite power plant Niederaussem near Koeln for determined climate protection. On a meadow they put a 50-meter-long symbol of a thermometer with the temperature gauge 1,5 degrees, whose mercury column is illuminated by flames. \\\"Stop coal, protect the climate,\\\" the environmentalists are demanding on a banner. Kurz vor dem erwarteten Ergebnis der Kohlekommission demonstrieren rund 60 Greenpeace-Aktivisten heute vor Tagesanbruch am Braunkohlekraftwerk Niederau\u00dfem bei Koeln f\u00fcr entschlossenen Klimaschutz. Auf einer Wiese haben sie ein 50 Meter langes Symbol eines Thermometers mit der Temperaturanzeige 1,5 Grad gelegt, dessen Quecksilbersaeule durch Flammen erleuchtet wird. \u201eKohle stoppen, Klima schuetzen\u201c, fordern die Umweltschuetzer auf einem Banner.\"},{\"@type\":\"BreadcrumbList\",\"@id\":\"https:\/\/www.greenpeace.org\/luxembourg\/fr\/communiques-de-presse\/4247\/les-ministres-de-lunion-europeenne-envisagent-un-plan-de-decarbonisation-tandis-que-les-manifestations-pour-les-climats-sintensifient\/#breadcrumb\",\"itemListElement\":[{\"@type\":\"ListItem\",\"position\":1,\"name\":\"Home\",\"item\":\"https:\/\/www.greenpeace.org\/luxembourg\/fr\/\"},{\"@type\":\"ListItem\",\"position\":2,\"name\":\"Les ministres de l\u2019Union Europ\u00e9enne envisagent un plan de d\u00e9carbonisation tandis que les manifestations pour les climats s\u2019intensifient\"}]},{\"@type\":\"WebSite\",\"@id\":\"https:\/\/www.greenpeace.org\/luxembourg\/fr\/#website\",\"url\":\"https:\/\/www.greenpeace.org\/luxembourg\/fr\/\",\"name\":\"Greenpeace Luxembourg\",\"description\":\"Greenpeace existe parce que cette Terre fragile a besoin d&#039;une voix. Elle a besoin de solutions. De changement. D&#039;actions.\",\"publisher\":{\"@id\":\"https:\/\/www.greenpeace.org\/luxembourg\/fr\/#organization\"},\"potentialAction\":[{\"@type\":\"SearchAction\",\"target\":{\"@type\":\"EntryPoint\",\"urlTemplate\":\"https:\/\/www.greenpeace.org\/luxembourg\/fr\/?s={search_term_string}\"},\"query-input\":{\"@type\":\"PropertyValueSpecification\",\"valueRequired\":true,\"valueName\":\"search_term_string\"}}],\"inLanguage\":\"fr-LU\"},{\"@type\":\"Organization\",\"@id\":\"https:\/\/www.greenpeace.org\/luxembourg\/fr\/#organization\",\"name\":\"Greenpeace Luxembourg\",\"url\":\"https:\/\/www.greenpeace.org\/luxembourg\/fr\/\",\"logo\":{\"@type\":\"ImageObject\",\"inLanguage\":\"fr-LU\",\"@id\":\"https:\/\/www.greenpeace.org\/luxembourg\/fr\/#\/schema\/logo\/image\/\",\"url\":\"https:\/\/www.greenpeace.org\/static\/planet4-luxembourg-stateless\/2026\/03\/3e367f94-greenpeace_logo_green_rgb.png\",\"contentUrl\":\"https:\/\/www.greenpeace.org\/static\/planet4-luxembourg-stateless\/2026\/03\/3e367f94-greenpeace_logo_green_rgb.png\",\"width\":1080,\"height\":175,\"caption\":\"Greenpeace Luxembourg\"},\"image\":{\"@id\":\"https:\/\/www.greenpeace.org\/luxembourg\/fr\/#\/schema\/logo\/image\/\"},\"sameAs\":[\"https:\/\/www.facebook.com\/greenpeaceluxembourg\",\"https:\/\/www.instagram.com\/greenpeacelux\/\",\"https:\/\/www.linkedin.com\/company\/greenpeace-luxembourg\/\",\"https:\/\/www.threads.com\/@greenpeacelux\",\"https:\/\/bsky.app\/profile\/greenpeacelux.bsky.social\",\"https:\/\/www.youtube.com\/@GreenpeaceLux\",\"https:\/\/www.tiktok.com\/@greenpeace_lux\"]},{\"@type\":\"Person\",\"@id\":\"https:\/\/www.greenpeace.org\/luxembourg\/fr\/#\/schema\/person\/7bbeb343322bdadf139e7e27e7c86ec8\",\"name\":\"Pauline Maes\",\"url\":\"https:\/\/www.greenpeace.org\/luxembourg\/fr\/author\/pmaes\/\"}]}<\/script>\n<!-- \/ Yoast SEO Premium plugin. -->","yoast_head_json":{"title":"Les ministres de l\u2019Union Europ\u00e9enne envisagent un plan de d\u00e9carbonisation tandis que les manifestations pour les climats s\u2019intensifient - Greenpeace Luxembourg","robots":{"index":"index","follow":"follow","max-snippet":"max-snippet:-1","max-image-preview":"max-image-preview:large","max-video-preview":"max-video-preview:-1"},"canonical":"https:\/\/www.greenpeace.org\/luxembourg\/fr\/communiques-de-presse\/4247\/les-ministres-de-lunion-europeenne-envisagent-un-plan-de-decarbonisation-tandis-que-les-manifestations-pour-les-climats-sintensifient\/","og_locale":"fr_FR","og_type":"article","og_title":"Les ministres de l\u2019Union Europ\u00e9enne envisagent un plan de d\u00e9carbonisation tandis que les manifestations pour les climats s\u2019intensifient","og_description":"Bruxelles, 4 Mars 2019 \u2013 Tandis que les manifestations contre l\u2019inaction climatique s\u2019intensifient partout en Europe et au-del\u00e0, les ministres de l\u2019\u00e9nergie et de l\u2019environnement vont d\u00e9battre de s\u2019il faut,&hellip;","og_url":"https:\/\/www.greenpeace.org\/luxembourg\/fr\/communiques-de-presse\/4247\/les-ministres-de-lunion-europeenne-envisagent-un-plan-de-decarbonisation-tandis-que-les-manifestations-pour-les-climats-sintensifient\/","og_site_name":"Greenpeace Luxembourg","article_publisher":"https:\/\/www.facebook.com\/greenpeaceluxembourg","article_published_time":"2019-03-04T15:04:40+00:00","article_modified_time":"2021-12-01T15:31:34+00:00","og_image":[{"width":1200,"height":900,"url":"https:\/\/www.greenpeace.org\/static\/planet4-luxembourg-stateless\/2019\/03\/30bd4919-gp0stsxnh_medium_res.jpg","type":"image\/jpeg"}],"author":"Pauline Maes","twitter_card":"summary_large_image","twitter_misc":{"Written by":"Pauline Maes","Est. reading time":"2 minutes"},"schema":{"@context":"https:\/\/schema.org","@graph":[{"@type":"Article","@id":"https:\/\/www.greenpeace.org\/luxembourg\/fr\/communiques-de-presse\/4247\/les-ministres-de-lunion-europeenne-envisagent-un-plan-de-decarbonisation-tandis-que-les-manifestations-pour-les-climats-sintensifient\/#article","isPartOf":{"@id":"https:\/\/www.greenpeace.org\/luxembourg\/fr\/communiques-de-presse\/4247\/les-ministres-de-lunion-europeenne-envisagent-un-plan-de-decarbonisation-tandis-que-les-manifestations-pour-les-climats-sintensifient\/"},"author":{"name":"Pauline Maes","@id":"https:\/\/www.greenpeace.org\/luxembourg\/fr\/#\/schema\/person\/7bbeb343322bdadf139e7e27e7c86ec8"},"headline":"Les ministres de l\u2019Union Europ\u00e9enne envisagent un plan de d\u00e9carbonisation tandis que les manifestations pour les climats s\u2019intensifient","datePublished":"2019-03-04T15:04:40+00:00","dateModified":"2021-12-01T15:31:34+00:00","mainEntityOfPage":{"@id":"https:\/\/www.greenpeace.org\/luxembourg\/fr\/communiques-de-presse\/4247\/les-ministres-de-lunion-europeenne-envisagent-un-plan-de-decarbonisation-tandis-que-les-manifestations-pour-les-climats-sintensifient\/"},"wordCount":514,"publisher":{"@id":"https:\/\/www.greenpeace.org\/luxembourg\/fr\/#organization"},"image":{"@id":"https:\/\/www.greenpeace.org\/luxembourg\/fr\/communiques-de-presse\/4247\/les-ministres-de-lunion-europeenne-envisagent-un-plan-de-decarbonisation-tandis-que-les-manifestations-pour-les-climats-sintensifient\/#primaryimage"},"thumbnailUrl":"https:\/\/www.greenpeace.org\/static\/planet4-luxembourg-stateless\/2019\/03\/30bd4919-gp0stsxnh_medium_res.jpg","keywords":["ChangementClimatique"],"articleSection":["Climat"],"inLanguage":"fr-LU"},{"@type":"WebPage","@id":"https:\/\/www.greenpeace.org\/luxembourg\/fr\/communiques-de-presse\/4247\/les-ministres-de-lunion-europeenne-envisagent-un-plan-de-decarbonisation-tandis-que-les-manifestations-pour-les-climats-sintensifient\/","url":"https:\/\/www.greenpeace.org\/luxembourg\/fr\/communiques-de-presse\/4247\/les-ministres-de-lunion-europeenne-envisagent-un-plan-de-decarbonisation-tandis-que-les-manifestations-pour-les-climats-sintensifient\/","name":"Les ministres de l\u2019Union Europ\u00e9enne envisagent un plan de d\u00e9carbonisation tandis que les manifestations pour les climats s\u2019intensifient - Greenpeace Luxembourg","isPartOf":{"@id":"https:\/\/www.greenpeace.org\/luxembourg\/fr\/#website"},"primaryImageOfPage":{"@id":"https:\/\/www.greenpeace.org\/luxembourg\/fr\/communiques-de-presse\/4247\/les-ministres-de-lunion-europeenne-envisagent-un-plan-de-decarbonisation-tandis-que-les-manifestations-pour-les-climats-sintensifient\/#primaryimage"},"image":{"@id":"https:\/\/www.greenpeace.org\/luxembourg\/fr\/communiques-de-presse\/4247\/les-ministres-de-lunion-europeenne-envisagent-un-plan-de-decarbonisation-tandis-que-les-manifestations-pour-les-climats-sintensifient\/#primaryimage"},"thumbnailUrl":"https:\/\/www.greenpeace.org\/static\/planet4-luxembourg-stateless\/2019\/03\/30bd4919-gp0stsxnh_medium_res.jpg","datePublished":"2019-03-04T15:04:40+00:00","dateModified":"2021-12-01T15:31:34+00:00","breadcrumb":{"@id":"https:\/\/www.greenpeace.org\/luxembourg\/fr\/communiques-de-presse\/4247\/les-ministres-de-lunion-europeenne-envisagent-un-plan-de-decarbonisation-tandis-que-les-manifestations-pour-les-climats-sintensifient\/#breadcrumb"},"inLanguage":"fr-LU","potentialAction":[{"@type":"ReadAction","target":["https:\/\/www.greenpeace.org\/luxembourg\/fr\/communiques-de-presse\/4247\/les-ministres-de-lunion-europeenne-envisagent-un-plan-de-decarbonisation-tandis-que-les-manifestations-pour-les-climats-sintensifient\/"]}]},{"@type":"ImageObject","inLanguage":"fr-LU","@id":"https:\/\/www.greenpeace.org\/luxembourg\/fr\/communiques-de-presse\/4247\/les-ministres-de-lunion-europeenne-envisagent-un-plan-de-decarbonisation-tandis-que-les-manifestations-pour-les-climats-sintensifient\/#primaryimage","url":"https:\/\/www.greenpeace.org\/static\/planet4-luxembourg-stateless\/2019\/03\/30bd4919-gp0stsxnh_medium_res.jpg","contentUrl":"https:\/\/www.greenpeace.org\/static\/planet4-luxembourg-stateless\/2019\/03\/30bd4919-gp0stsxnh_medium_res.jpg","width":1200,"height":900,"caption":"Shortly before the expected result of the coal commission, around 60 Greenpeace activists are demonstrating since daybreak at the lignite power plant Niederaussem near Koeln for determined climate protection. On a meadow they put a 50-meter-long symbol of a thermometer with the temperature gauge 1,5 degrees, whose mercury column is illuminated by flames. \"Stop coal, protect the climate,\" the environmentalists are demanding on a banner. Kurz vor dem erwarteten Ergebnis der Kohlekommission demonstrieren rund 60 Greenpeace-Aktivisten heute vor Tagesanbruch am Braunkohlekraftwerk Niederau\u00dfem bei Koeln f\u00fcr entschlossenen Klimaschutz. Auf einer Wiese haben sie ein 50 Meter langes Symbol eines Thermometers mit der Temperaturanzeige 1,5 Grad gelegt, dessen Quecksilbersaeule durch Flammen erleuchtet wird. \u201eKohle stoppen, Klima schuetzen\u201c, fordern die Umweltschuetzer auf einem Banner."},{"@type":"BreadcrumbList","@id":"https:\/\/www.greenpeace.org\/luxembourg\/fr\/communiques-de-presse\/4247\/les-ministres-de-lunion-europeenne-envisagent-un-plan-de-decarbonisation-tandis-que-les-manifestations-pour-les-climats-sintensifient\/#breadcrumb","itemListElement":[{"@type":"ListItem","position":1,"name":"Home","item":"https:\/\/www.greenpeace.org\/luxembourg\/fr\/"},{"@type":"ListItem","position":2,"name":"Les ministres de l\u2019Union Europ\u00e9enne envisagent un plan de d\u00e9carbonisation tandis que les manifestations pour les climats s\u2019intensifient"}]},{"@type":"WebSite","@id":"https:\/\/www.greenpeace.org\/luxembourg\/fr\/#website","url":"https:\/\/www.greenpeace.org\/luxembourg\/fr\/","name":"Greenpeace Luxembourg","description":"Greenpeace existe parce que cette Terre fragile a besoin d&#039;une voix. Elle a besoin de solutions. De changement. D&#039;actions.","publisher":{"@id":"https:\/\/www.greenpeace.org\/luxembourg\/fr\/#organization"},"potentialAction":[{"@type":"SearchAction","target":{"@type":"EntryPoint","urlTemplate":"https:\/\/www.greenpeace.org\/luxembourg\/fr\/?s={search_term_string}"},"query-input":{"@type":"PropertyValueSpecification","valueRequired":true,"valueName":"search_term_string"}}],"inLanguage":"fr-LU"},{"@type":"Organization","@id":"https:\/\/www.greenpeace.org\/luxembourg\/fr\/#organization","name":"Greenpeace Luxembourg","url":"https:\/\/www.greenpeace.org\/luxembourg\/fr\/","logo":{"@type":"ImageObject","inLanguage":"fr-LU","@id":"https:\/\/www.greenpeace.org\/luxembourg\/fr\/#\/schema\/logo\/image\/","url":"https:\/\/www.greenpeace.org\/static\/planet4-luxembourg-stateless\/2026\/03\/3e367f94-greenpeace_logo_green_rgb.png","contentUrl":"https:\/\/www.greenpeace.org\/static\/planet4-luxembourg-stateless\/2026\/03\/3e367f94-greenpeace_logo_green_rgb.png","width":1080,"height":175,"caption":"Greenpeace Luxembourg"},"image":{"@id":"https:\/\/www.greenpeace.org\/luxembourg\/fr\/#\/schema\/logo\/image\/"},"sameAs":["https:\/\/www.facebook.com\/greenpeaceluxembourg","https:\/\/www.instagram.com\/greenpeacelux\/","https:\/\/www.linkedin.com\/company\/greenpeace-luxembourg\/","https:\/\/www.threads.com\/@greenpeacelux","https:\/\/bsky.app\/profile\/greenpeacelux.bsky.social","https:\/\/www.youtube.com\/@GreenpeaceLux","https:\/\/www.tiktok.com\/@greenpeace_lux"]},{"@type":"Person","@id":"https:\/\/www.greenpeace.org\/luxembourg\/fr\/#\/schema\/person\/7bbeb343322bdadf139e7e27e7c86ec8","name":"Pauline Maes","url":"https:\/\/www.greenpeace.org\/luxembourg\/fr\/author\/pmaes\/"}]}},"_links":{"self":[{"href":"https:\/\/www.greenpeace.org\/luxembourg\/fr\/wp-json\/wp\/v2\/posts\/4247","targetHints":{"allow":["GET"]}}],"collection":[{"href":"https:\/\/www.greenpeace.org\/luxembourg\/fr\/wp-json\/wp\/v2\/posts"}],"about":[{"href":"https:\/\/www.greenpeace.org\/luxembourg\/fr\/wp-json\/wp\/v2\/types\/post"}],"author":[{"embeddable":true,"href":"https:\/\/www.greenpeace.org\/luxembourg\/fr\/wp-json\/wp\/v2\/users\/18"}],"replies":[{"embeddable":true,"href":"https:\/\/www.greenpeace.org\/luxembourg\/fr\/wp-json\/wp\/v2\/comments?post=4247"}],"version-history":[{"count":3,"href":"https:\/\/www.greenpeace.org\/luxembourg\/fr\/wp-json\/wp\/v2\/posts\/4247\/revisions"}],"predecessor-version":[{"id":13098,"href":"https:\/\/www.greenpeace.org\/luxembourg\/fr\/wp-json\/wp\/v2\/posts\/4247\/revisions\/13098"}],"wp:featuredmedia":[{"embeddable":true,"href":"https:\/\/www.greenpeace.org\/luxembourg\/fr\/wp-json\/wp\/v2\/media\/4252"}],"wp:attachment":[{"href":"https:\/\/www.greenpeace.org\/luxembourg\/fr\/wp-json\/wp\/v2\/media?parent=4247"}],"wp:term":[{"taxonomy":"category","embeddable":true,"href":"https:\/\/www.greenpeace.org\/luxembourg\/fr\/wp-json\/wp\/v2\/categories?post=4247"},{"taxonomy":"post_tag","embeddable":true,"href":"https:\/\/www.greenpeace.org\/luxembourg\/fr\/wp-json\/wp\/v2\/tags?post=4247"},{"taxonomy":"p4-page-type","embeddable":true,"href":"https:\/\/www.greenpeace.org\/luxembourg\/fr\/wp-json\/wp\/v2\/p4-page-type?post=4247"}],"curies":[{"name":"wp","href":"https:\/\/api.w.org\/{rel}","templated":true}]}}