{"id":4257,"date":"2019-03-07T12:40:02","date_gmt":"2019-03-07T10:40:02","guid":{"rendered":"https:\/\/www.greenpeace.org\/luxembourg\/?p=4257"},"modified":"2021-12-01T17:31:24","modified_gmt":"2021-12-01T15:31:24","slug":"15-mars-les-jeunes-appellent-a-la-greve-pour-le-climat","status":"publish","type":"post","link":"https:\/\/www.greenpeace.org\/luxembourg\/fr\/actualites\/4257\/15-mars-les-jeunes-appellent-a-la-greve-pour-le-climat\/","title":{"rendered":"15 mars : les jeunes appellent \u00e0 la gr\u00e8ve pour le climat"},"content":{"rendered":"<p><b>Vous n\u2019avez pas particip\u00e9 aux diverses marches pour le climat ? Ou vous y \u00e9tiez mais souhaitez encore et encore faire entendre votre voix? N\u2019h\u00e9sitez pas et soutenez la marche pour le climat men\u00e9e par les jeunes ce 15 mars.<\/b><\/p>\n<p><a href=\"https:\/\/www.facebook.com\/events\/374522853345639\/\">Youth for Climate appelle tout un chacun<\/a>, jeunes, parents et grands-parents \u00e0 participer vendredi 15 mars 2019 \u00e0 une nouvelle marche pour le climat. Les \u00e9l\u00e8ves des lyc\u00e9es luxembourgeois seront libres \u00e0 partir de 10h pour les lyc\u00e9es situ\u00e9s en dehors de Luxembourg ville et \u00e0 partir de 11h pour les lyc\u00e9es situ\u00e9s dans la capitale, pour ensuite converger vers le glacis o\u00f9 une marche d\u00e9butera \u00e0 12h00.<\/p>\n<p><a href=\"https:\/\/www.facebook.com\/events\/374522853345639\/\">Enregistrez-vous pour les rejoindre et pour \u00eatre tenus inform\u00e9s des activit\u00e9s\u00a0!<\/a><\/p>\n<div id=\"attachment_4259\" style=\"width: 1034px\" class=\"wp-caption aligncenter\"><img loading=\"lazy\" decoding=\"async\" aria-describedby=\"caption-attachment-4259\" class=\"size-large wp-image-4259\" src=\"https:\/\/www.greenpeace.org\/static\/planet4-luxembourg-stateless\/2019\/03\/8c0b7fca-gp0stt1tu_medium_res-1024x683.jpg\" alt=\"Le 22 f\u00e9vrier 2019, des milliers d'\u00e9tudiants et de lyc\u00e9ens ont d\u00e9fil\u00e9 pour le climat \u00e0 Paris. Ils demandaient une politique climatique plus ambitieuse. La jeune Su\u00e9doise Greta Thunberg \u00e9tait pr\u00e9sente \u00e0 cette marche afin d'attirer l'attention sur le changement climatique.\" width=\"1024\" height=\"683\" srcset=\"https:\/\/www.greenpeace.org\/static\/planet4-luxembourg-stateless\/2019\/03\/8c0b7fca-gp0stt1tu_medium_res-1024x683.jpg 1024w, https:\/\/www.greenpeace.org\/static\/planet4-luxembourg-stateless\/2019\/03\/8c0b7fca-gp0stt1tu_medium_res-300x200.jpg 300w, https:\/\/www.greenpeace.org\/static\/planet4-luxembourg-stateless\/2019\/03\/8c0b7fca-gp0stt1tu_medium_res-768x512.jpg 768w, https:\/\/www.greenpeace.org\/static\/planet4-luxembourg-stateless\/2019\/03\/8c0b7fca-gp0stt1tu_medium_res-510x340.jpg 510w, https:\/\/www.greenpeace.org\/static\/planet4-luxembourg-stateless\/2019\/03\/8c0b7fca-gp0stt1tu_medium_res.jpg 1200w\" sizes=\"auto, (max-width: 1024px) 100vw, 1024px\" \/><p id=\"caption-attachment-4259\" class=\"wp-caption-text\">Le 22 f\u00e9vrier 2019, des milliers d&#8217;\u00e9tudiants et de lyc\u00e9ens ont d\u00e9fil\u00e9 pour le climat \u00e0 Paris. Ils demandaient une politique climatique plus ambitieuse. La jeune Su\u00e9doise Greta Thunberg \u00e9tait pr\u00e9sente \u00e0 cette marche afin d&#8217;attirer l&#8217;attention sur le changement climatique.<\/p><\/div>\n<p><b>Pourquoi ce mouvement?<\/b><\/p>\n<p>La jeune militante su\u00e9doise Greta Thunberg est \u00e0 l\u2019origine de ce mouvement en faisant la gr\u00e8ve devant le parlement su\u00e9dois chaque vendredi pour r\u00e9clamer de meilleures mesures pour le climat. Depuis, des milliers de jeunes l\u2019ont rejointe : en Su\u00e8de, Allemagne Belgique, Suisse, &#8230; . Et les parents et grands-parents leur ont embo\u00eet\u00e9 le pas en d\u00e9filant eux aussi pour le climat.<\/p>\n<p style=\"text-align: center;\"><iframe loading=\"lazy\" src=\"https:\/\/www.google.com\/maps\/d\/embed?mid=1xsUCSYLnm8d6iFJ2Mt7_kAlv9xULqRQf\" width=\"640\" height=\"480\"><\/iframe><\/p>\n<p>Le 15 mars, il s\u2019agira d\u2019une marche men\u00e9e simultan\u00e9ment dans de nombreux pays, regroupant \u00e0 la fois les jeunes et les moins jeunes. Greenpeace apporte son soutien \u00e0 ces marches.<\/p>\n<p>Pour rappel : les experts du GIEC pr\u00e9voient des sc\u00e9narios climatiques hors de contr\u00f4le si le r\u00e9chauffement d\u00e9passe +1,5\u00b0C par rapport \u00e0 l\u2019\u00e9poque pr\u00e9-industrielle. Nous devons tout faire pour maintenir le r\u00e9chauffement sous la barre des 1,5\u00b0C. Il n\u2019est pas trop tard mais le compte \u00e0 rebours est lanc\u00e9.<\/p>\n<p>&nbsp;<\/p>\n\t\t\t<section\n\t\t\tclass=\"boxout post-424 \"\n\t\t\t\n\t\t>\n\t\t\t<a\n\t\t\t\tdata-ga-category=\"Take Action Boxout\"\n\t\t\t\tdata-ga-action=\"Image\"\n\t\t\t\tdata-ga-label=\"n\/a\"\n\t\t\t\tclass=\"cover-card-overlay\"\n\t\t\t\thref=\"https:\/\/www.greenpeace.org\/luxembourg\/fr\/agir\/benevolat\/\" \n\t\t\t><\/a>\n\t\t\t\t\t\t\t<img\n\t\t\t\t\t\tsrc=\"https:\/\/www.greenpeace.org\/static\/planet4-luxembourg-stateless\/2019\/05\/430e187a-img_20190525_140934-1024x768.jpg\"\n\t\t\t\t\t\tsrcset=\"https:\/\/www.greenpeace.org\/static\/planet4-luxembourg-stateless\/2019\/05\/430e187a-img_20190525_140934-300x225.jpg 300w, https:\/\/www.greenpeace.org\/static\/planet4-luxembourg-stateless\/2019\/05\/430e187a-img_20190525_140934-768x576.jpg 768w, https:\/\/www.greenpeace.org\/static\/planet4-luxembourg-stateless\/2019\/05\/430e187a-img_20190525_140934-1024x768.jpg 1024w, https:\/\/www.greenpeace.org\/static\/planet4-luxembourg-stateless\/2019\/05\/430e187a-img_20190525_140934-1821x1366.jpg 1821w, https:\/\/www.greenpeace.org\/static\/planet4-luxembourg-stateless\/2019\/05\/430e187a-img_20190525_140934-453x340.jpg 453w\"\n\t\t\t\t\t\tsizes=\"(min-width: 1000px) 358px, (min-width: 780px) 313px, 88px\"\n\t\t\t\t\t\talt=\"\" title=\"\"\n\t\t\t\t\/>\n            \t\t\t<div class=\"boxout-content\">\n\t\t\t\t\t\t\t\t\t<a\n\t\t\t\t\t\tclass=\"boxout-heading medium\"\n\t\t\t\t\t\tdata-ga-category=\"Take Action Boxout\"\n\t\t\t\t\t\tdata-ga-action=\"Title\"\n\t\t\t\t\t\tdata-ga-label=\"n\/a\"\n\t\t\t\t\t\thref=\"https:\/\/www.greenpeace.org\/luxembourg\/fr\/agir\/benevolat\/\"\n\t\t\t\t\t\t\n\t\t\t\t\t>\n\t\t\t\t\t\tDevenir b\u00e9n\u00e9vole\n\t\t\t\t\t<\/a>\n\t\t\t\t\t\t\t\t\t\t\t\t\t<p class=\"boxout-excerpt\">Devenir b\u00e9n\u00e9vole avec Greenpeace. Sur le terrain, au bureau ou m\u00eame en ligne, rejoignez une communaut\u00e9 de b\u00e9n\u00e9voles passion\u00e9\u00b7es !<\/p>\n\t\t\t\t                                    <a\n                        class=\"btn btn-primary\"\n                        data-ga-category=\"Take Action Boxout\"\n                        data-ga-action=\"Call to Action\"\n                        data-ga-label=\"n\/a\"\n                        href=\"https:\/\/www.greenpeace.org\/luxembourg\/fr\/agir\/benevolat\/\"\n                        \n                    >\n                        S&#039;engager\n                    <\/a>\n                \t\t\t<\/div>\n\t\t\t\t\t<\/section>\n\t","protected":false},"excerpt":{"rendered":"<p>Vous n\u2019avez pas particip\u00e9 aux diverses marches pour le climat ? Ou vous y \u00e9tiez mais souhaitez encore et encore faire entendre votre voix? N\u2019h\u00e9sitez pas et soutenez la marche&hellip;<\/p>\n","protected":false},"author":18,"featured_media":4259,"comment_status":"closed","ping_status":"closed","sticky":false,"template":"","format":"standard","meta":{"ep_exclude_from_search":false,"p4_og_title":"","p4_og_description":"","p4_og_image":"","p4_og_image_id":"","p4_seo_canonical_url":"","p4_campaign_name":"","p4_local_project":"","p4_basket_name":"","p4_department":"","footnotes":""},"categories":[42],"tags":[32,37],"p4-page-type":[85],"class_list":["post-4257","post","type-post","status-publish","format-standard","has-post-thumbnail","hentry","category-energie","tag-luxembourg","tag-changementclimatique","p4-page-type-actualites"],"yoast_head":"<!-- This site is optimized with the Yoast SEO Premium plugin v23.9 (Yoast SEO v23.9) - https:\/\/yoast.com\/wordpress\/plugins\/seo\/ -->\n<title>15 mars : les jeunes appellent \u00e0 la gr\u00e8ve pour le climat - Greenpeace Luxembourg<\/title>\n<meta name=\"robots\" content=\"index, follow, max-snippet:-1, max-image-preview:large, max-video-preview:-1\" \/>\n<link rel=\"canonical\" href=\"https:\/\/www.greenpeace.org\/luxembourg\/fr\/actualites\/4257\/15-mars-les-jeunes-appellent-a-la-greve-pour-le-climat\/\" \/>\n<meta property=\"og:locale\" content=\"fr_FR\" \/>\n<meta property=\"og:type\" content=\"article\" \/>\n<meta property=\"og:title\" content=\"15 mars : les jeunes appellent \u00e0 la gr\u00e8ve pour le climat\" \/>\n<meta property=\"og:description\" content=\"Vous n\u2019avez pas particip\u00e9 aux diverses marches pour le climat ? Ou vous y \u00e9tiez mais souhaitez encore et encore faire entendre votre voix? N\u2019h\u00e9sitez pas et soutenez la marche&hellip;\" \/>\n<meta property=\"og:url\" content=\"https:\/\/www.greenpeace.org\/luxembourg\/fr\/actualites\/4257\/15-mars-les-jeunes-appellent-a-la-greve-pour-le-climat\/\" \/>\n<meta property=\"og:site_name\" content=\"Greenpeace Luxembourg\" \/>\n<meta property=\"article:publisher\" content=\"https:\/\/www.facebook.com\/greenpeaceluxembourg\" \/>\n<meta property=\"article:published_time\" content=\"2019-03-07T10:40:02+00:00\" \/>\n<meta property=\"article:modified_time\" content=\"2021-12-01T15:31:24+00:00\" \/>\n<meta property=\"og:image\" content=\"https:\/\/www.greenpeace.org\/static\/planet4-luxembourg-stateless\/2019\/03\/8c0b7fca-gp0stt1tu_medium_res.jpg\" \/>\n\t<meta property=\"og:image:width\" content=\"1200\" \/>\n\t<meta property=\"og:image:height\" content=\"800\" \/>\n\t<meta property=\"og:image:type\" content=\"image\/jpeg\" \/>\n<meta name=\"author\" content=\"Pauline Maes\" \/>\n<meta name=\"twitter:card\" content=\"summary_large_image\" \/>\n<meta name=\"twitter:label1\" content=\"Written by\" \/>\n\t<meta name=\"twitter:data1\" content=\"Pauline Maes\" \/>\n\t<meta name=\"twitter:label2\" content=\"Est. reading time\" \/>\n\t<meta name=\"twitter:data2\" content=\"2 minutes\" \/>\n<script type=\"application\/ld+json\" class=\"yoast-schema-graph\">{\"@context\":\"https:\/\/schema.org\",\"@graph\":[{\"@type\":\"Article\",\"@id\":\"https:\/\/www.greenpeace.org\/luxembourg\/fr\/actualites\/4257\/15-mars-les-jeunes-appellent-a-la-greve-pour-le-climat\/#article\",\"isPartOf\":{\"@id\":\"https:\/\/www.greenpeace.org\/luxembourg\/fr\/actualites\/4257\/15-mars-les-jeunes-appellent-a-la-greve-pour-le-climat\/\"},\"author\":{\"name\":\"Pauline Maes\",\"@id\":\"https:\/\/www.greenpeace.org\/luxembourg\/fr\/#\/schema\/person\/7bbeb343322bdadf139e7e27e7c86ec8\"},\"headline\":\"15 mars : les jeunes appellent \u00e0 la gr\u00e8ve pour le climat\",\"datePublished\":\"2019-03-07T10:40:02+00:00\",\"dateModified\":\"2021-12-01T15:31:24+00:00\",\"mainEntityOfPage\":{\"@id\":\"https:\/\/www.greenpeace.org\/luxembourg\/fr\/actualites\/4257\/15-mars-les-jeunes-appellent-a-la-greve-pour-le-climat\/\"},\"wordCount\":342,\"publisher\":{\"@id\":\"https:\/\/www.greenpeace.org\/luxembourg\/fr\/#organization\"},\"image\":{\"@id\":\"https:\/\/www.greenpeace.org\/luxembourg\/fr\/actualites\/4257\/15-mars-les-jeunes-appellent-a-la-greve-pour-le-climat\/#primaryimage\"},\"thumbnailUrl\":\"https:\/\/www.greenpeace.org\/static\/planet4-luxembourg-stateless\/2019\/03\/8c0b7fca-gp0stt1tu_medium_res.jpg\",\"keywords\":[\"Luxembourg\",\"ChangementClimatique\"],\"articleSection\":[\"\u00c9nergie\"],\"inLanguage\":\"fr-LU\"},{\"@type\":\"WebPage\",\"@id\":\"https:\/\/www.greenpeace.org\/luxembourg\/fr\/actualites\/4257\/15-mars-les-jeunes-appellent-a-la-greve-pour-le-climat\/\",\"url\":\"https:\/\/www.greenpeace.org\/luxembourg\/fr\/actualites\/4257\/15-mars-les-jeunes-appellent-a-la-greve-pour-le-climat\/\",\"name\":\"15 mars : les jeunes appellent \u00e0 la gr\u00e8ve pour le climat - Greenpeace Luxembourg\",\"isPartOf\":{\"@id\":\"https:\/\/www.greenpeace.org\/luxembourg\/fr\/#website\"},\"primaryImageOfPage\":{\"@id\":\"https:\/\/www.greenpeace.org\/luxembourg\/fr\/actualites\/4257\/15-mars-les-jeunes-appellent-a-la-greve-pour-le-climat\/#primaryimage\"},\"image\":{\"@id\":\"https:\/\/www.greenpeace.org\/luxembourg\/fr\/actualites\/4257\/15-mars-les-jeunes-appellent-a-la-greve-pour-le-climat\/#primaryimage\"},\"thumbnailUrl\":\"https:\/\/www.greenpeace.org\/static\/planet4-luxembourg-stateless\/2019\/03\/8c0b7fca-gp0stt1tu_medium_res.jpg\",\"datePublished\":\"2019-03-07T10:40:02+00:00\",\"dateModified\":\"2021-12-01T15:31:24+00:00\",\"breadcrumb\":{\"@id\":\"https:\/\/www.greenpeace.org\/luxembourg\/fr\/actualites\/4257\/15-mars-les-jeunes-appellent-a-la-greve-pour-le-climat\/#breadcrumb\"},\"inLanguage\":\"fr-LU\",\"potentialAction\":[{\"@type\":\"ReadAction\",\"target\":[\"https:\/\/www.greenpeace.org\/luxembourg\/fr\/actualites\/4257\/15-mars-les-jeunes-appellent-a-la-greve-pour-le-climat\/\"]}]},{\"@type\":\"ImageObject\",\"inLanguage\":\"fr-LU\",\"@id\":\"https:\/\/www.greenpeace.org\/luxembourg\/fr\/actualites\/4257\/15-mars-les-jeunes-appellent-a-la-greve-pour-le-climat\/#primaryimage\",\"url\":\"https:\/\/www.greenpeace.org\/static\/planet4-luxembourg-stateless\/2019\/03\/8c0b7fca-gp0stt1tu_medium_res.jpg\",\"contentUrl\":\"https:\/\/www.greenpeace.org\/static\/planet4-luxembourg-stateless\/2019\/03\/8c0b7fca-gp0stt1tu_medium_res.jpg\",\"width\":1200,\"height\":800,\"caption\":\"Le 22 f\u00e9vrier 2019, des milliers d'\u00e9tudiants et de lyc\u00e9ens ont d\u00e9fil\u00e9 pour le climat \u00e0 Paris. Ils demandaient une politique climatique plus ambitieuse. La jeune Su\u00e9doise Greta Thunberg \u00e9tait pr\u00e9sente \u00e0 cette marche afin d'attirer l'attention sur le changement climatique.\"},{\"@type\":\"BreadcrumbList\",\"@id\":\"https:\/\/www.greenpeace.org\/luxembourg\/fr\/actualites\/4257\/15-mars-les-jeunes-appellent-a-la-greve-pour-le-climat\/#breadcrumb\",\"itemListElement\":[{\"@type\":\"ListItem\",\"position\":1,\"name\":\"Home\",\"item\":\"https:\/\/www.greenpeace.org\/luxembourg\/fr\/\"},{\"@type\":\"ListItem\",\"position\":2,\"name\":\"15 mars : les jeunes appellent \u00e0 la gr\u00e8ve pour le climat\"}]},{\"@type\":\"WebSite\",\"@id\":\"https:\/\/www.greenpeace.org\/luxembourg\/fr\/#website\",\"url\":\"https:\/\/www.greenpeace.org\/luxembourg\/fr\/\",\"name\":\"Greenpeace Luxembourg\",\"description\":\"Greenpeace existe parce que cette Terre fragile a besoin d&#039;une voix. Elle a besoin de solutions. De changement. D&#039;actions.\",\"publisher\":{\"@id\":\"https:\/\/www.greenpeace.org\/luxembourg\/fr\/#organization\"},\"potentialAction\":[{\"@type\":\"SearchAction\",\"target\":{\"@type\":\"EntryPoint\",\"urlTemplate\":\"https:\/\/www.greenpeace.org\/luxembourg\/fr\/?s={search_term_string}\"},\"query-input\":{\"@type\":\"PropertyValueSpecification\",\"valueRequired\":true,\"valueName\":\"search_term_string\"}}],\"inLanguage\":\"fr-LU\"},{\"@type\":\"Organization\",\"@id\":\"https:\/\/www.greenpeace.org\/luxembourg\/fr\/#organization\",\"name\":\"Greenpeace Luxembourg\",\"url\":\"https:\/\/www.greenpeace.org\/luxembourg\/fr\/\",\"logo\":{\"@type\":\"ImageObject\",\"inLanguage\":\"fr-LU\",\"@id\":\"https:\/\/www.greenpeace.org\/luxembourg\/fr\/#\/schema\/logo\/image\/\",\"url\":\"https:\/\/www.greenpeace.org\/static\/planet4-luxembourg-stateless\/2026\/03\/3e367f94-greenpeace_logo_green_rgb.png\",\"contentUrl\":\"https:\/\/www.greenpeace.org\/static\/planet4-luxembourg-stateless\/2026\/03\/3e367f94-greenpeace_logo_green_rgb.png\",\"width\":1080,\"height\":175,\"caption\":\"Greenpeace Luxembourg\"},\"image\":{\"@id\":\"https:\/\/www.greenpeace.org\/luxembourg\/fr\/#\/schema\/logo\/image\/\"},\"sameAs\":[\"https:\/\/www.facebook.com\/greenpeaceluxembourg\",\"https:\/\/www.instagram.com\/greenpeacelux\/\",\"https:\/\/www.linkedin.com\/company\/greenpeace-luxembourg\/\",\"https:\/\/www.threads.com\/@greenpeacelux\",\"https:\/\/bsky.app\/profile\/greenpeacelux.bsky.social\",\"https:\/\/www.youtube.com\/@GreenpeaceLux\",\"https:\/\/www.tiktok.com\/@greenpeace_lux\"]},{\"@type\":\"Person\",\"@id\":\"https:\/\/www.greenpeace.org\/luxembourg\/fr\/#\/schema\/person\/7bbeb343322bdadf139e7e27e7c86ec8\",\"name\":\"Pauline Maes\",\"url\":\"https:\/\/www.greenpeace.org\/luxembourg\/fr\/author\/pmaes\/\"}]}<\/script>\n<!-- \/ Yoast SEO Premium plugin. -->","yoast_head_json":{"title":"15 mars : les jeunes appellent \u00e0 la gr\u00e8ve pour le climat - Greenpeace Luxembourg","robots":{"index":"index","follow":"follow","max-snippet":"max-snippet:-1","max-image-preview":"max-image-preview:large","max-video-preview":"max-video-preview:-1"},"canonical":"https:\/\/www.greenpeace.org\/luxembourg\/fr\/actualites\/4257\/15-mars-les-jeunes-appellent-a-la-greve-pour-le-climat\/","og_locale":"fr_FR","og_type":"article","og_title":"15 mars : les jeunes appellent \u00e0 la gr\u00e8ve pour le climat","og_description":"Vous n\u2019avez pas particip\u00e9 aux diverses marches pour le climat ? Ou vous y \u00e9tiez mais souhaitez encore et encore faire entendre votre voix? N\u2019h\u00e9sitez pas et soutenez la marche&hellip;","og_url":"https:\/\/www.greenpeace.org\/luxembourg\/fr\/actualites\/4257\/15-mars-les-jeunes-appellent-a-la-greve-pour-le-climat\/","og_site_name":"Greenpeace Luxembourg","article_publisher":"https:\/\/www.facebook.com\/greenpeaceluxembourg","article_published_time":"2019-03-07T10:40:02+00:00","article_modified_time":"2021-12-01T15:31:24+00:00","og_image":[{"width":1200,"height":800,"url":"https:\/\/www.greenpeace.org\/static\/planet4-luxembourg-stateless\/2019\/03\/8c0b7fca-gp0stt1tu_medium_res.jpg","type":"image\/jpeg"}],"author":"Pauline Maes","twitter_card":"summary_large_image","twitter_misc":{"Written by":"Pauline Maes","Est. reading time":"2 minutes"},"schema":{"@context":"https:\/\/schema.org","@graph":[{"@type":"Article","@id":"https:\/\/www.greenpeace.org\/luxembourg\/fr\/actualites\/4257\/15-mars-les-jeunes-appellent-a-la-greve-pour-le-climat\/#article","isPartOf":{"@id":"https:\/\/www.greenpeace.org\/luxembourg\/fr\/actualites\/4257\/15-mars-les-jeunes-appellent-a-la-greve-pour-le-climat\/"},"author":{"name":"Pauline Maes","@id":"https:\/\/www.greenpeace.org\/luxembourg\/fr\/#\/schema\/person\/7bbeb343322bdadf139e7e27e7c86ec8"},"headline":"15 mars : les jeunes appellent \u00e0 la gr\u00e8ve pour le climat","datePublished":"2019-03-07T10:40:02+00:00","dateModified":"2021-12-01T15:31:24+00:00","mainEntityOfPage":{"@id":"https:\/\/www.greenpeace.org\/luxembourg\/fr\/actualites\/4257\/15-mars-les-jeunes-appellent-a-la-greve-pour-le-climat\/"},"wordCount":342,"publisher":{"@id":"https:\/\/www.greenpeace.org\/luxembourg\/fr\/#organization"},"image":{"@id":"https:\/\/www.greenpeace.org\/luxembourg\/fr\/actualites\/4257\/15-mars-les-jeunes-appellent-a-la-greve-pour-le-climat\/#primaryimage"},"thumbnailUrl":"https:\/\/www.greenpeace.org\/static\/planet4-luxembourg-stateless\/2019\/03\/8c0b7fca-gp0stt1tu_medium_res.jpg","keywords":["Luxembourg","ChangementClimatique"],"articleSection":["\u00c9nergie"],"inLanguage":"fr-LU"},{"@type":"WebPage","@id":"https:\/\/www.greenpeace.org\/luxembourg\/fr\/actualites\/4257\/15-mars-les-jeunes-appellent-a-la-greve-pour-le-climat\/","url":"https:\/\/www.greenpeace.org\/luxembourg\/fr\/actualites\/4257\/15-mars-les-jeunes-appellent-a-la-greve-pour-le-climat\/","name":"15 mars : les jeunes appellent \u00e0 la gr\u00e8ve pour le climat - Greenpeace Luxembourg","isPartOf":{"@id":"https:\/\/www.greenpeace.org\/luxembourg\/fr\/#website"},"primaryImageOfPage":{"@id":"https:\/\/www.greenpeace.org\/luxembourg\/fr\/actualites\/4257\/15-mars-les-jeunes-appellent-a-la-greve-pour-le-climat\/#primaryimage"},"image":{"@id":"https:\/\/www.greenpeace.org\/luxembourg\/fr\/actualites\/4257\/15-mars-les-jeunes-appellent-a-la-greve-pour-le-climat\/#primaryimage"},"thumbnailUrl":"https:\/\/www.greenpeace.org\/static\/planet4-luxembourg-stateless\/2019\/03\/8c0b7fca-gp0stt1tu_medium_res.jpg","datePublished":"2019-03-07T10:40:02+00:00","dateModified":"2021-12-01T15:31:24+00:00","breadcrumb":{"@id":"https:\/\/www.greenpeace.org\/luxembourg\/fr\/actualites\/4257\/15-mars-les-jeunes-appellent-a-la-greve-pour-le-climat\/#breadcrumb"},"inLanguage":"fr-LU","potentialAction":[{"@type":"ReadAction","target":["https:\/\/www.greenpeace.org\/luxembourg\/fr\/actualites\/4257\/15-mars-les-jeunes-appellent-a-la-greve-pour-le-climat\/"]}]},{"@type":"ImageObject","inLanguage":"fr-LU","@id":"https:\/\/www.greenpeace.org\/luxembourg\/fr\/actualites\/4257\/15-mars-les-jeunes-appellent-a-la-greve-pour-le-climat\/#primaryimage","url":"https:\/\/www.greenpeace.org\/static\/planet4-luxembourg-stateless\/2019\/03\/8c0b7fca-gp0stt1tu_medium_res.jpg","contentUrl":"https:\/\/www.greenpeace.org\/static\/planet4-luxembourg-stateless\/2019\/03\/8c0b7fca-gp0stt1tu_medium_res.jpg","width":1200,"height":800,"caption":"Le 22 f\u00e9vrier 2019, des milliers d'\u00e9tudiants et de lyc\u00e9ens ont d\u00e9fil\u00e9 pour le climat \u00e0 Paris. Ils demandaient une politique climatique plus ambitieuse. La jeune Su\u00e9doise Greta Thunberg \u00e9tait pr\u00e9sente \u00e0 cette marche afin d'attirer l'attention sur le changement climatique."},{"@type":"BreadcrumbList","@id":"https:\/\/www.greenpeace.org\/luxembourg\/fr\/actualites\/4257\/15-mars-les-jeunes-appellent-a-la-greve-pour-le-climat\/#breadcrumb","itemListElement":[{"@type":"ListItem","position":1,"name":"Home","item":"https:\/\/www.greenpeace.org\/luxembourg\/fr\/"},{"@type":"ListItem","position":2,"name":"15 mars : les jeunes appellent \u00e0 la gr\u00e8ve pour le climat"}]},{"@type":"WebSite","@id":"https:\/\/www.greenpeace.org\/luxembourg\/fr\/#website","url":"https:\/\/www.greenpeace.org\/luxembourg\/fr\/","name":"Greenpeace Luxembourg","description":"Greenpeace existe parce que cette Terre fragile a besoin d&#039;une voix. Elle a besoin de solutions. De changement. D&#039;actions.","publisher":{"@id":"https:\/\/www.greenpeace.org\/luxembourg\/fr\/#organization"},"potentialAction":[{"@type":"SearchAction","target":{"@type":"EntryPoint","urlTemplate":"https:\/\/www.greenpeace.org\/luxembourg\/fr\/?s={search_term_string}"},"query-input":{"@type":"PropertyValueSpecification","valueRequired":true,"valueName":"search_term_string"}}],"inLanguage":"fr-LU"},{"@type":"Organization","@id":"https:\/\/www.greenpeace.org\/luxembourg\/fr\/#organization","name":"Greenpeace Luxembourg","url":"https:\/\/www.greenpeace.org\/luxembourg\/fr\/","logo":{"@type":"ImageObject","inLanguage":"fr-LU","@id":"https:\/\/www.greenpeace.org\/luxembourg\/fr\/#\/schema\/logo\/image\/","url":"https:\/\/www.greenpeace.org\/static\/planet4-luxembourg-stateless\/2026\/03\/3e367f94-greenpeace_logo_green_rgb.png","contentUrl":"https:\/\/www.greenpeace.org\/static\/planet4-luxembourg-stateless\/2026\/03\/3e367f94-greenpeace_logo_green_rgb.png","width":1080,"height":175,"caption":"Greenpeace Luxembourg"},"image":{"@id":"https:\/\/www.greenpeace.org\/luxembourg\/fr\/#\/schema\/logo\/image\/"},"sameAs":["https:\/\/www.facebook.com\/greenpeaceluxembourg","https:\/\/www.instagram.com\/greenpeacelux\/","https:\/\/www.linkedin.com\/company\/greenpeace-luxembourg\/","https:\/\/www.threads.com\/@greenpeacelux","https:\/\/bsky.app\/profile\/greenpeacelux.bsky.social","https:\/\/www.youtube.com\/@GreenpeaceLux","https:\/\/www.tiktok.com\/@greenpeace_lux"]},{"@type":"Person","@id":"https:\/\/www.greenpeace.org\/luxembourg\/fr\/#\/schema\/person\/7bbeb343322bdadf139e7e27e7c86ec8","name":"Pauline Maes","url":"https:\/\/www.greenpeace.org\/luxembourg\/fr\/author\/pmaes\/"}]}},"_links":{"self":[{"href":"https:\/\/www.greenpeace.org\/luxembourg\/fr\/wp-json\/wp\/v2\/posts\/4257","targetHints":{"allow":["GET"]}}],"collection":[{"href":"https:\/\/www.greenpeace.org\/luxembourg\/fr\/wp-json\/wp\/v2\/posts"}],"about":[{"href":"https:\/\/www.greenpeace.org\/luxembourg\/fr\/wp-json\/wp\/v2\/types\/post"}],"author":[{"embeddable":true,"href":"https:\/\/www.greenpeace.org\/luxembourg\/fr\/wp-json\/wp\/v2\/users\/18"}],"replies":[{"embeddable":true,"href":"https:\/\/www.greenpeace.org\/luxembourg\/fr\/wp-json\/wp\/v2\/comments?post=4257"}],"version-history":[{"count":4,"href":"https:\/\/www.greenpeace.org\/luxembourg\/fr\/wp-json\/wp\/v2\/posts\/4257\/revisions"}],"predecessor-version":[{"id":13092,"href":"https:\/\/www.greenpeace.org\/luxembourg\/fr\/wp-json\/wp\/v2\/posts\/4257\/revisions\/13092"}],"wp:featuredmedia":[{"embeddable":true,"href":"https:\/\/www.greenpeace.org\/luxembourg\/fr\/wp-json\/wp\/v2\/media\/4259"}],"wp:attachment":[{"href":"https:\/\/www.greenpeace.org\/luxembourg\/fr\/wp-json\/wp\/v2\/media?parent=4257"}],"wp:term":[{"taxonomy":"category","embeddable":true,"href":"https:\/\/www.greenpeace.org\/luxembourg\/fr\/wp-json\/wp\/v2\/categories?post=4257"},{"taxonomy":"post_tag","embeddable":true,"href":"https:\/\/www.greenpeace.org\/luxembourg\/fr\/wp-json\/wp\/v2\/tags?post=4257"},{"taxonomy":"p4-page-type","embeddable":true,"href":"https:\/\/www.greenpeace.org\/luxembourg\/fr\/wp-json\/wp\/v2\/p4-page-type?post=4257"}],"curies":[{"name":"wp","href":"https:\/\/api.w.org\/{rel}","templated":true}]}}