{"id":4283,"date":"2019-03-11T11:18:47","date_gmt":"2019-03-11T09:18:47","guid":{"rendered":"https:\/\/www.greenpeace.org\/luxembourg\/?p=4283"},"modified":"2021-12-01T17:31:21","modified_gmt":"2021-12-01T15:31:21","slug":"le-gouvernement-japonais-trompe-lonu-sur-limpact-reel-des-retombees-de-fukushima-sur-les-enfants-et-les-travailleurs-en-decontamination","status":"publish","type":"post","link":"https:\/\/www.greenpeace.org\/luxembourg\/fr\/communiques-de-presse\/4283\/le-gouvernement-japonais-trompe-lonu-sur-limpact-reel-des-retombees-de-fukushima-sur-les-enfants-et-les-travailleurs-en-decontamination\/","title":{"rendered":"Le gouvernement japonais trompe l&#8217;ONU sur l&#8217;impact re\u0301el des retombe\u0301es de Fukushima sur les enfants et les travailleurs en de\u0301contamination"},"content":{"rendered":"<div class=\"page\" title=\"Page 1\">\n<div class=\"section\">\n<div class=\"layoutArea\">\n<div class=\"column\">\n<p><em><strong>Tokyo, Japon, 11 Mars 2019 &#8211; Selon une nouvelle enque\u0302te publie\u0301e aujourd\u2019hui par Greenpeace Japon, le gouvernement japonais trompe de\u0301libe\u0301re\u0301ment les organismes de de\u0301fenses des droits humains et les experts des Nations Unies sur la crise Nucle\u0301aire dans la re\u0301gion de Fukushima. [1]<\/strong><\/em><\/p>\n<p>Le rapport, intitule\u0301 \u00ab \u200b<a href=\"https:\/\/storage.googleapis.com\/planet4-japan-stateless\/2019\/03\/b12d8f83-frontfksm_en.pdf\">Sur la ligne de front de l\u2019accident nucle\u0301aire de Fukushima : travailleurs et enfants<\/a> \u00bb (\u200bO\u200bn the Frontline of the Fukushima Nuclear Accident: Workers and Children\u200b) re\u0301ve\u0300le que subsistent de hauts niveaux de radiation, tant dans les zones d&#8217;exclusion que dans les zones ouvertes, me\u0302me apre\u0300s l\u2019important effort de de\u0301contamination. Greenpeace documente e\u0301galement l&#8217;ampleur de la violation par le gouvernement des droits humains internationaux, conventions et directives, en particulier en ce qui concerne les travailleurs et les enfants.<\/p>\n<p>\u00ab \u200b<em>Dans certaines des zones ou\u0300 travaillent ces agents de de\u0301contamination, les niveaux de radiation sont si e\u0301leve\u0301s qu\u2019ils seraient conside\u0301re\u0301s comme urgents, s\u2019ils e\u0301taient de\u0301tecte\u0301s a\u0300 l\u2019inte\u0301rieur d\u2019une centrale nucle\u0301aire.<\/em>\u200b \u00bb de\u0301clare Roger Spautz, charge\u0301 de campagne Nucle\u0301aire de Greenpeace Luxembourg. \u00ab \u200b<em>Ces ouvriers n\u2019ont rec\u0327u presque aucune formation en radioprotection, sont mal re\u0301mune\u0301re\u0301s, expose\u0301s a\u0300 de hauts rayonnements et risquent leur emploi s\u2019ils osent parler franchement. Les Rapporteurs spe\u0301ciaux de la Commission des droits de l&#8217;homme des Nations Unies ont tout a\u0300 fait raison d\u2019alerter le gouvernement japonais sur ces risques et violations.\u200b<\/em> \u00bb [2]<\/p>\n<p>Les principales conclusions de l\u2019enque\u0302te mene\u0301e par Greenpeace Japon sont les suivantes :<\/p>\n<p>\u25cf Les niveaux de radiation dans la zone d&#8217;exclusion et les zones d&#8217;e\u0301vacuation sure\u0301leve\u0301es de Namie et d&#8217;Iitate repre\u0301sentent un risque important pour le public, notamment pour les enfants. Les niveaux sont cinq a\u0300 100+ fois plus e\u0301leve\u0301s que le maximum recommande\u0301 a\u0300 l\u2019international et le resteront pendant de nombreuses de\u0301cennies et jusqu&#8217;au sie\u0300cle prochain [3].<\/p>\n<p>\u25cf Dans la zone d\u2019exclusion d\u2019Obori, a\u0300 Namie, le niveau de rayonnements moyen e\u0301tait de 4,0 \u03bcSv par heure. Ce taux est si e\u0301leve\u0301 que si quelqu\u2019un y travaillait huit heures par jour pendant une anne\u0301e comple\u0300te, il recevrait une dose de radiation e\u0301quivalente a\u0300 plus de cent radiographies des poumons.<\/p>\n<p>\u25cf Dans une fore\u0302t voisine d\u2019un jardin d\u2019enfants et d\u2019une e\u0301cole a\u0300 Namie, ou\u0300 les ordres d\u2019e\u0301vacuation ont e\u0301te\u0301 leve\u0301s, le taux de radioactivite\u0301 moyen e\u0301tait de 1,8 \u03bcSv par heure. Chacun des 1 584 points mesure\u0301s de\u0301passent l\u2019objectif de de\u0301contamination a\u0300 long terme du gouvernement japonais de 0,23 \u03bcSv par heure. Dans 28% des cas, la dose annuelle rec\u0327ue par ces enfants pourrait e\u0302tre 10 a\u0300 20 fois plus e\u0301leve\u0301e que la dose maximale recommande\u0301e par la communaute\u0301 internationale.<\/p>\n<\/div>\n<\/div>\n<\/div>\n<\/div>\n<div class=\"page\" title=\"Page 2\">\n<div class=\"section\">\n<div class=\"layoutArea\">\n<div class=\"column\">\n<p>\u25cf L\u2019exploitation des travailleurs s\u2019e\u0301tend, avec notamment le recrutement de personnes en situation de fragilite\u0301 ou sans-abri, sans formation en radioprotection, des falsifications de papiers d\u2019identite\u0301s et de certificats sanitaires et enfin des registres officiels peu fiables.<\/p>\n<p>Un ancien agent de de\u0301contamination, Mr Minoru Ikeda, cite\u0301 dans le rapport de Greenpeace Japon, a de\u0301clare\u0301 a\u0300 l\u2019ONG qu\u2019il avait eu le sentiment d\u2019e\u0302tre traite\u0301 de fac\u0327on inhumaine.<\/p>\n<p>Il pre\u0301cise : \u200b\u00ab \u200b<em>Quelqu\u2019un a compare\u0301 cette expe\u0301rience a\u0300 de l\u2019esclavage. Et en tant que te\u0301moin de la sce\u0300ne, je veux que le monde sache ce qu\u2019il se passe ici. Je veux demander au gouvernement japonais de respecter la sante\u0301 des travailleurs et d\u2019arre\u0302ter d\u2019envoyer des citoyens faire ce travail dangereux, et de fournir une aide approprie\u0301e aux agent<\/em>s. \u200b\u00bb<\/p>\n<p>Le rapport intervient un mois apre\u0300s que le Comite\u0301 des droits de l&#8217;enfant des Nations unies ait adresse\u0301 au gouvernement japonais une se\u0301rie de recommandations qui, si elles e\u0301taient applique\u0301es, mettraient un terme a\u0300 la strate\u0301gie actuellement applique\u0301e a\u0300 Fukushima, avec notamment l&#8217;arre\u0302t des leve\u0301es des mesures d&#8217;e\u0301vacuation, l&#8217;indemnisation inte\u0301grale des personnes e\u0301vacue\u0301es, et la pleine application de toutes les obligations en matie\u0300re de droits de l&#8217;homme applicables aux e\u0301vacue\u0301s et aux travailleurs [4].<\/p>\n<p>\u00ab<em> \u200bDans ses rapports aux Nations Unies, le gouvernement japonais a de\u0301libe\u0301re\u0301ment fausse\u0301 l\u2019ampleur, la complexite\u0301 et les risques lie\u0301s aux radiations dans la re\u0301gion de Fukushima, il a sciemment e\u0301dulcore\u0301 les conditions de travail des travailleurs et a me\u0301prise\u0301 la sante\u0301 et le bien-e\u0302tre des enfants. Le gouvernement devrait avoir suffisamment honte de ses propres agissements pour changer radicalement ses me\u0301thodes.<\/em> \u00bb\u200b selon Kazue Suzuki, responsable de la campagne e\u0301nergie pour Greenpeace Japon.<\/p>\n<p>\u00ab \u200b<em>La politique e\u0301nerge\u0301tique dangereuse du gouvernement japonais est a\u0300 la base de la catastrophe nucle\u0301aire de Fukushima et des violations des droits de l&#8217;homme qui en re\u0301sultent. La majorite\u0301 des Japonais exigent une transition vers les e\u0301nergies renouvelables. Cependant, le gouvernement cherche a\u0300 rede\u0301marrer les re\u0301acteurs nucle\u0301aires tout en augmentant conside\u0301rablement le nombre de centrales au charbon, ce qui entrai\u0302ne un changement climatique extre\u0302me<\/em> \u200b\u00bb, ajoute Suzuki. [5]<\/p>\n<p>Un te\u0301moignage sera rendu plus tard aujourd&#8217;hui, au Conseil des droits de l&#8217;homme des Nations unies a\u0300 Gene\u0300ve sur la violation des droits des enfants due a\u0300 la catastrophe nucle\u0301aire de Fukushima et a\u0300 la politique du gouvernement japonais. Ce te\u0301moignage sera rendu par un repre\u0301sentant de Association internationale des juristes de\u0301mocrates (AIJD) et au nom de Greenpeace.<\/p>\n<p><strong>Photos et videos disponibles \u200b<a href=\"https:\/\/media.greenpeace.org\/collection\/27MZIFJW3UM2N\">&gt; ici &lt;<\/a><\/strong><\/p>\n<p><strong>Notes:<\/strong><\/p>\n<div class=\"page\" title=\"Page 3\">\n<div class=\"section\">\n<div class=\"layoutArea\">\n<div class=\"column\"><\/div>\n<\/div>\n<\/div>\n<\/div>\n<p>[1] Rapport : \u200b&#8221;<a href=\"https:\/\/storage.googleapis.com\/planet4-japan-stateless\/2019\/03\/b12d8f83-frontfksm_en.pdf\">On the Frontline of the Fukushima Nuclear Accident: Workers and Children<\/a>&#8220;<\/p>\n<\/div>\n<\/div>\n<div class=\"layoutArea\">\n<div class=\"column\">\n<p>[2] \u200bActualite\u0301s des Nations Unies, \u200b<a href=\"https:\/\/news.un.org\/en\/story\/2018\/08\/1017232\">\u201cLes experts des NU mentionnent &#8220;l&#8217;exploitation possible&#8221; des travailleurs embauche\u0301s pour nettoyer les installations nucle\u0301aires japonaises toxiques\u201d<\/a> (16 Aou\u0302t 2018)<\/p>\n<\/div>\n<\/div>\n<\/div>\n<\/div>\n<div class=\"page\" title=\"Page 3\">\n<div class=\"section\">\n<div class=\"layoutArea\">\n<div class=\"column\">\n<p>[3] La communaute\u0301 internationale pre\u0301conise une exposition maximum a\u0300 1 mSv par an, ce qui correspond a\u0300 l\u2019objectif de de\u0301contamination de 0.23 \u03bcSv par heure du gouvernement japonais. En 2018, Les Rapporteurs spe\u0301ciaux des Nations Unies ont recommande\u0301 au gouvernement japonais de fixer l\u2019exposition maximal aux radiations a\u0300 1mSv par an, y compris pour les enfants, et pas a\u0300 20 mSv par an, tout en l\u2019exhortant a\u0300 s\u2019inte\u0301resser de fac\u0327on urgente a\u0300 l\u2019exploitation des agents de de\u0301contamination. Pour en savoir plus, consultez les actualite\u0301s du Haut Commissariat des Nations Unies aux droits de l&#8217;homme (<a href=\"https:\/\/www.ohchr.org\/en\/NewsEvents\/Pages\/DisplayNews.aspx?NewsID=23458&amp;LangID=E\">\u200b16 Aou\u0302t 2018<\/a>\u200b et <a href=\"https:\/\/www.ohchr.org\/en\/NewsEvents\/Pages\/DisplayNews.aspx?NewsID=23772&amp;LangID=E\">\u200b25 Octobre 2018\u200b<\/a>).<\/p>\n<div class=\"page\" title=\"Page 3\">\n<div class=\"section\">\n<div class=\"layoutArea\">\n<div class=\"column\">\n<p>[4] \u200b<a href=\"https:\/\/tbinternet.ohchr.org\/Treaties\/CRC\/Shared%20Documents\/JPN\/CRC_C_JPN_CO_4-5_33812_E.pdf\">Comite\u0301 sur la conside\u0301ration du japon des droits de l\u2019enfant<\/a> \u200b(1 Fe\u0301vrier 2019)<\/p>\n<p>[5] \u200b<a href=\"https:\/\/www.mofa.go.jp\/ic\/ch\/page25e_000133.html\">Re\u0301sultats d\u2019un questionnaire public sur le changement climatique par le ministe\u0300re des affaires e\u0301trange\u0300res japonais<\/a> \u200b(23 Mars 2017)<\/p>\n<\/div>\n<\/div>\n<\/div>\n<\/div>\n<\/div>\n<\/div>\n<\/div>\n<\/div>\n\t\t\t<section\n\t\t\tclass=\"boxout post-428 \"\n\t\t\t\n\t\t>\n\t\t\t<a\n\t\t\t\tdata-ga-category=\"Take Action Boxout\"\n\t\t\t\tdata-ga-action=\"Image\"\n\t\t\t\tdata-ga-label=\"n\/a\"\n\t\t\t\tclass=\"cover-card-overlay\"\n\t\t\t\thref=\"https:\/\/www.greenpeace.org\/luxembourg\/fr\/agir\/exigeons-la-fin-du-nucleaire\/\" \n\t\t\t><\/a>\n\t\t\t\t\t\t\t<img\n\t\t\t\t\t\tsrc=\"https:\/\/www.greenpeace.org\/static\/planet4-luxembourg-stateless\/2020\/07\/e0610c64-nuclear_waste.jpg\"\n\t\t\t\t\t\tsrcset=\"https:\/\/www.greenpeace.org\/static\/planet4-luxembourg-stateless\/2020\/07\/e0610c64-nuclear_waste-300x199.jpg 300w, https:\/\/www.greenpeace.org\/static\/planet4-luxembourg-stateless\/2020\/07\/e0610c64-nuclear_waste-768x510.jpg 768w, https:\/\/www.greenpeace.org\/static\/planet4-luxembourg-stateless\/2020\/07\/e0610c64-nuclear_waste-510x338.jpg 510w, https:\/\/www.greenpeace.org\/static\/planet4-luxembourg-stateless\/2020\/07\/e0610c64-nuclear_waste.jpg 999w\"\n\t\t\t\t\t\tsizes=\"(min-width: 1000px) 358px, (min-width: 780px) 313px, 88px\"\n\t\t\t\t\t\talt=\"\" title=\"\"\n\t\t\t\t\/>\n            \t\t\t<div class=\"boxout-content\">\n\t\t\t\t\t\t\t\t\t<a\n\t\t\t\t\t\tclass=\"boxout-heading medium\"\n\t\t\t\t\t\tdata-ga-category=\"Take Action Boxout\"\n\t\t\t\t\t\tdata-ga-action=\"Title\"\n\t\t\t\t\t\tdata-ga-label=\"n\/a\"\n\t\t\t\t\t\thref=\"https:\/\/www.greenpeace.org\/luxembourg\/fr\/agir\/exigeons-la-fin-du-nucleaire\/\"\n\t\t\t\t\t\t\n\t\t\t\t\t>\n\t\t\t\t\t\t\u00c9xigeons la fin du nucl\u00e9aire\n\t\t\t\t\t<\/a>\n\t\t\t\t\t\t\t\t\t\t\t\t\t<p class=\"boxout-excerpt\">Le risque Z\u00e9ro n\u2019existe pas.\nFissures, fragilit\u00e9 des structures, anomalies de construction, les installations nous r\u00e9servent chaque fois plus de surprises et les d\u00e9chets sont ing\u00e9rables. <\/p>\n\t\t\t\t                                    <a\n                        class=\"btn btn-primary\"\n                        data-ga-category=\"Take Action Boxout\"\n                        data-ga-action=\"Call to Action\"\n                        data-ga-label=\"n\/a\"\n                        href=\"https:\/\/www.greenpeace.org\/luxembourg\/fr\/agir\/exigeons-la-fin-du-nucleaire\/\"\n                        \n                    >\n                        S&#039;engager\n                    <\/a>\n                \t\t\t<\/div>\n\t\t\t\t\t<\/section>\n\t","protected":false},"excerpt":{"rendered":"<p>Tokyo, Japon, 11 Mars 2019 &#8211; Selon une nouvelle enque\u0302te publie\u0301e aujourd\u2019hui par Greenpeace Japon, le gouvernement japonais trompe de\u0301libe\u0301re\u0301ment les organismes de de\u0301fenses des droits humains et les experts&hellip;<\/p>\n","protected":false},"author":18,"featured_media":4285,"comment_status":"closed","ping_status":"closed","sticky":false,"template":"","format":"standard","meta":{"ep_exclude_from_search":false,"p4_og_title":"","p4_og_description":"","p4_og_image":"","p4_og_image_id":"","p4_seo_canonical_url":"","p4_campaign_name":"","p4_local_project":"","p4_basket_name":"","p4_department":"","footnotes":""},"categories":[42],"tags":[30],"p4-page-type":[83],"class_list":["post-4283","post","type-post","status-publish","format-standard","has-post-thumbnail","hentry","category-energie","tag-nucleaire","p4-page-type-communiques-de-presse"],"yoast_head":"<!-- This site is optimized with the Yoast SEO Premium plugin v23.9 (Yoast SEO v23.9) - https:\/\/yoast.com\/wordpress\/plugins\/seo\/ -->\n<title>Le gouvernement japonais trompe l&#039;ONU sur l&#039;impact re\u0301el des retombe\u0301es de Fukushima sur les enfants et les travailleurs en de\u0301contamination - Greenpeace Luxembourg<\/title>\n<meta name=\"robots\" content=\"index, follow, max-snippet:-1, max-image-preview:large, max-video-preview:-1\" \/>\n<link rel=\"canonical\" href=\"https:\/\/www.greenpeace.org\/luxembourg\/fr\/communiques-de-presse\/4283\/le-gouvernement-japonais-trompe-lonu-sur-limpact-reel-des-retombees-de-fukushima-sur-les-enfants-et-les-travailleurs-en-decontamination\/\" \/>\n<meta property=\"og:locale\" content=\"fr_FR\" \/>\n<meta property=\"og:type\" content=\"article\" \/>\n<meta property=\"og:title\" content=\"Le gouvernement japonais trompe l&#039;ONU sur l&#039;impact re\u0301el des retombe\u0301es de Fukushima sur les enfants et les travailleurs en de\u0301contamination\" \/>\n<meta property=\"og:description\" content=\"Tokyo, Japon, 11 Mars 2019 &#8211; Selon une nouvelle enque\u0302te publie\u0301e aujourd\u2019hui par Greenpeace Japon, le gouvernement japonais trompe de\u0301libe\u0301re\u0301ment les organismes de de\u0301fenses des droits humains et les experts&hellip;\" \/>\n<meta property=\"og:url\" content=\"https:\/\/www.greenpeace.org\/luxembourg\/fr\/communiques-de-presse\/4283\/le-gouvernement-japonais-trompe-lonu-sur-limpact-reel-des-retombees-de-fukushima-sur-les-enfants-et-les-travailleurs-en-decontamination\/\" \/>\n<meta property=\"og:site_name\" content=\"Greenpeace Luxembourg\" \/>\n<meta property=\"article:publisher\" content=\"https:\/\/www.facebook.com\/greenpeaceluxembourg\" \/>\n<meta property=\"article:published_time\" content=\"2019-03-11T09:18:47+00:00\" \/>\n<meta property=\"article:modified_time\" content=\"2021-12-01T15:31:21+00:00\" \/>\n<meta property=\"og:image\" content=\"https:\/\/www.greenpeace.org\/static\/planet4-luxembourg-stateless\/2019\/03\/39304dce-gp0stt340.jpg\" \/>\n\t<meta property=\"og:image:width\" content=\"1200\" \/>\n\t<meta property=\"og:image:height\" content=\"800\" \/>\n\t<meta property=\"og:image:type\" content=\"image\/jpeg\" \/>\n<meta name=\"author\" content=\"Pauline Maes\" \/>\n<meta name=\"twitter:card\" content=\"summary_large_image\" \/>\n<meta name=\"twitter:label1\" content=\"Written by\" \/>\n\t<meta name=\"twitter:data1\" content=\"Pauline Maes\" \/>\n\t<meta name=\"twitter:label2\" content=\"Est. reading time\" \/>\n\t<meta name=\"twitter:data2\" content=\"6 minutes\" \/>\n<script type=\"application\/ld+json\" class=\"yoast-schema-graph\">{\"@context\":\"https:\/\/schema.org\",\"@graph\":[{\"@type\":\"Article\",\"@id\":\"https:\/\/www.greenpeace.org\/luxembourg\/fr\/communiques-de-presse\/4283\/le-gouvernement-japonais-trompe-lonu-sur-limpact-reel-des-retombees-de-fukushima-sur-les-enfants-et-les-travailleurs-en-decontamination\/#article\",\"isPartOf\":{\"@id\":\"https:\/\/www.greenpeace.org\/luxembourg\/fr\/communiques-de-presse\/4283\/le-gouvernement-japonais-trompe-lonu-sur-limpact-reel-des-retombees-de-fukushima-sur-les-enfants-et-les-travailleurs-en-decontamination\/\"},\"author\":{\"name\":\"Pauline Maes\",\"@id\":\"https:\/\/www.greenpeace.org\/luxembourg\/fr\/#\/schema\/person\/7bbeb343322bdadf139e7e27e7c86ec8\"},\"headline\":\"Le gouvernement japonais trompe l&#8217;ONU sur l&#8217;impact re\u0301el des retombe\u0301es de Fukushima sur les enfants et les travailleurs en de\u0301contamination\",\"datePublished\":\"2019-03-11T09:18:47+00:00\",\"dateModified\":\"2021-12-01T15:31:21+00:00\",\"mainEntityOfPage\":{\"@id\":\"https:\/\/www.greenpeace.org\/luxembourg\/fr\/communiques-de-presse\/4283\/le-gouvernement-japonais-trompe-lonu-sur-limpact-reel-des-retombees-de-fukushima-sur-les-enfants-et-les-travailleurs-en-decontamination\/\"},\"wordCount\":1166,\"publisher\":{\"@id\":\"https:\/\/www.greenpeace.org\/luxembourg\/fr\/#organization\"},\"image\":{\"@id\":\"https:\/\/www.greenpeace.org\/luxembourg\/fr\/communiques-de-presse\/4283\/le-gouvernement-japonais-trompe-lonu-sur-limpact-reel-des-retombees-de-fukushima-sur-les-enfants-et-les-travailleurs-en-decontamination\/#primaryimage\"},\"thumbnailUrl\":\"https:\/\/www.greenpeace.org\/static\/planet4-luxembourg-stateless\/2019\/03\/39304dce-gp0stt340.jpg\",\"keywords\":[\"Nucl\u00e9aire\"],\"articleSection\":[\"\u00c9nergie\"],\"inLanguage\":\"fr-LU\"},{\"@type\":\"WebPage\",\"@id\":\"https:\/\/www.greenpeace.org\/luxembourg\/fr\/communiques-de-presse\/4283\/le-gouvernement-japonais-trompe-lonu-sur-limpact-reel-des-retombees-de-fukushima-sur-les-enfants-et-les-travailleurs-en-decontamination\/\",\"url\":\"https:\/\/www.greenpeace.org\/luxembourg\/fr\/communiques-de-presse\/4283\/le-gouvernement-japonais-trompe-lonu-sur-limpact-reel-des-retombees-de-fukushima-sur-les-enfants-et-les-travailleurs-en-decontamination\/\",\"name\":\"Le gouvernement japonais trompe l'ONU sur l'impact re\u0301el des retombe\u0301es de Fukushima sur les enfants et les travailleurs en de\u0301contamination - Greenpeace Luxembourg\",\"isPartOf\":{\"@id\":\"https:\/\/www.greenpeace.org\/luxembourg\/fr\/#website\"},\"primaryImageOfPage\":{\"@id\":\"https:\/\/www.greenpeace.org\/luxembourg\/fr\/communiques-de-presse\/4283\/le-gouvernement-japonais-trompe-lonu-sur-limpact-reel-des-retombees-de-fukushima-sur-les-enfants-et-les-travailleurs-en-decontamination\/#primaryimage\"},\"image\":{\"@id\":\"https:\/\/www.greenpeace.org\/luxembourg\/fr\/communiques-de-presse\/4283\/le-gouvernement-japonais-trompe-lonu-sur-limpact-reel-des-retombees-de-fukushima-sur-les-enfants-et-les-travailleurs-en-decontamination\/#primaryimage\"},\"thumbnailUrl\":\"https:\/\/www.greenpeace.org\/static\/planet4-luxembourg-stateless\/2019\/03\/39304dce-gp0stt340.jpg\",\"datePublished\":\"2019-03-11T09:18:47+00:00\",\"dateModified\":\"2021-12-01T15:31:21+00:00\",\"breadcrumb\":{\"@id\":\"https:\/\/www.greenpeace.org\/luxembourg\/fr\/communiques-de-presse\/4283\/le-gouvernement-japonais-trompe-lonu-sur-limpact-reel-des-retombees-de-fukushima-sur-les-enfants-et-les-travailleurs-en-decontamination\/#breadcrumb\"},\"inLanguage\":\"fr-LU\",\"potentialAction\":[{\"@type\":\"ReadAction\",\"target\":[\"https:\/\/www.greenpeace.org\/luxembourg\/fr\/communiques-de-presse\/4283\/le-gouvernement-japonais-trompe-lonu-sur-limpact-reel-des-retombees-de-fukushima-sur-les-enfants-et-les-travailleurs-en-decontamination\/\"]}]},{\"@type\":\"ImageObject\",\"inLanguage\":\"fr-LU\",\"@id\":\"https:\/\/www.greenpeace.org\/luxembourg\/fr\/communiques-de-presse\/4283\/le-gouvernement-japonais-trompe-lonu-sur-limpact-reel-des-retombees-de-fukushima-sur-les-enfants-et-les-travailleurs-en-decontamination\/#primaryimage\",\"url\":\"https:\/\/www.greenpeace.org\/static\/planet4-luxembourg-stateless\/2019\/03\/39304dce-gp0stt340.jpg\",\"contentUrl\":\"https:\/\/www.greenpeace.org\/static\/planet4-luxembourg-stateless\/2019\/03\/39304dce-gp0stt340.jpg\",\"width\":1200,\"height\":800,\"caption\":\"Ouvriers \u00e0 l'\u00e9cole, Namie, pr\u00e9fecture de Fukushima.\"},{\"@type\":\"BreadcrumbList\",\"@id\":\"https:\/\/www.greenpeace.org\/luxembourg\/fr\/communiques-de-presse\/4283\/le-gouvernement-japonais-trompe-lonu-sur-limpact-reel-des-retombees-de-fukushima-sur-les-enfants-et-les-travailleurs-en-decontamination\/#breadcrumb\",\"itemListElement\":[{\"@type\":\"ListItem\",\"position\":1,\"name\":\"Home\",\"item\":\"https:\/\/www.greenpeace.org\/luxembourg\/fr\/\"},{\"@type\":\"ListItem\",\"position\":2,\"name\":\"Le gouvernement japonais trompe l&#8217;ONU sur l&#8217;impact re\u0301el des retombe\u0301es de Fukushima sur les enfants et les travailleurs en de\u0301contamination\"}]},{\"@type\":\"WebSite\",\"@id\":\"https:\/\/www.greenpeace.org\/luxembourg\/fr\/#website\",\"url\":\"https:\/\/www.greenpeace.org\/luxembourg\/fr\/\",\"name\":\"Greenpeace Luxembourg\",\"description\":\"Greenpeace existe parce que cette Terre fragile a besoin d&#039;une voix. Elle a besoin de solutions. De changement. D&#039;actions.\",\"publisher\":{\"@id\":\"https:\/\/www.greenpeace.org\/luxembourg\/fr\/#organization\"},\"potentialAction\":[{\"@type\":\"SearchAction\",\"target\":{\"@type\":\"EntryPoint\",\"urlTemplate\":\"https:\/\/www.greenpeace.org\/luxembourg\/fr\/?s={search_term_string}\"},\"query-input\":{\"@type\":\"PropertyValueSpecification\",\"valueRequired\":true,\"valueName\":\"search_term_string\"}}],\"inLanguage\":\"fr-LU\"},{\"@type\":\"Organization\",\"@id\":\"https:\/\/www.greenpeace.org\/luxembourg\/fr\/#organization\",\"name\":\"Greenpeace Luxembourg\",\"url\":\"https:\/\/www.greenpeace.org\/luxembourg\/fr\/\",\"logo\":{\"@type\":\"ImageObject\",\"inLanguage\":\"fr-LU\",\"@id\":\"https:\/\/www.greenpeace.org\/luxembourg\/fr\/#\/schema\/logo\/image\/\",\"url\":\"https:\/\/www.greenpeace.org\/static\/planet4-luxembourg-stateless\/2026\/03\/3e367f94-greenpeace_logo_green_rgb.png\",\"contentUrl\":\"https:\/\/www.greenpeace.org\/static\/planet4-luxembourg-stateless\/2026\/03\/3e367f94-greenpeace_logo_green_rgb.png\",\"width\":1080,\"height\":175,\"caption\":\"Greenpeace Luxembourg\"},\"image\":{\"@id\":\"https:\/\/www.greenpeace.org\/luxembourg\/fr\/#\/schema\/logo\/image\/\"},\"sameAs\":[\"https:\/\/www.facebook.com\/greenpeaceluxembourg\",\"https:\/\/www.instagram.com\/greenpeacelux\/\",\"https:\/\/www.linkedin.com\/company\/greenpeace-luxembourg\/\",\"https:\/\/www.threads.com\/@greenpeacelux\",\"https:\/\/bsky.app\/profile\/greenpeacelux.bsky.social\",\"https:\/\/www.youtube.com\/@GreenpeaceLux\",\"https:\/\/www.tiktok.com\/@greenpeace_lux\"]},{\"@type\":\"Person\",\"@id\":\"https:\/\/www.greenpeace.org\/luxembourg\/fr\/#\/schema\/person\/7bbeb343322bdadf139e7e27e7c86ec8\",\"name\":\"Pauline Maes\",\"url\":\"https:\/\/www.greenpeace.org\/luxembourg\/fr\/author\/pmaes\/\"}]}<\/script>\n<!-- \/ Yoast SEO Premium plugin. -->","yoast_head_json":{"title":"Le gouvernement japonais trompe l'ONU sur l'impact re\u0301el des retombe\u0301es de Fukushima sur les enfants et les travailleurs en de\u0301contamination - Greenpeace Luxembourg","robots":{"index":"index","follow":"follow","max-snippet":"max-snippet:-1","max-image-preview":"max-image-preview:large","max-video-preview":"max-video-preview:-1"},"canonical":"https:\/\/www.greenpeace.org\/luxembourg\/fr\/communiques-de-presse\/4283\/le-gouvernement-japonais-trompe-lonu-sur-limpact-reel-des-retombees-de-fukushima-sur-les-enfants-et-les-travailleurs-en-decontamination\/","og_locale":"fr_FR","og_type":"article","og_title":"Le gouvernement japonais trompe l'ONU sur l'impact re\u0301el des retombe\u0301es de Fukushima sur les enfants et les travailleurs en de\u0301contamination","og_description":"Tokyo, Japon, 11 Mars 2019 &#8211; Selon une nouvelle enque\u0302te publie\u0301e aujourd\u2019hui par Greenpeace Japon, le gouvernement japonais trompe de\u0301libe\u0301re\u0301ment les organismes de de\u0301fenses des droits humains et les experts&hellip;","og_url":"https:\/\/www.greenpeace.org\/luxembourg\/fr\/communiques-de-presse\/4283\/le-gouvernement-japonais-trompe-lonu-sur-limpact-reel-des-retombees-de-fukushima-sur-les-enfants-et-les-travailleurs-en-decontamination\/","og_site_name":"Greenpeace Luxembourg","article_publisher":"https:\/\/www.facebook.com\/greenpeaceluxembourg","article_published_time":"2019-03-11T09:18:47+00:00","article_modified_time":"2021-12-01T15:31:21+00:00","og_image":[{"width":1200,"height":800,"url":"https:\/\/www.greenpeace.org\/static\/planet4-luxembourg-stateless\/2019\/03\/39304dce-gp0stt340.jpg","type":"image\/jpeg"}],"author":"Pauline Maes","twitter_card":"summary_large_image","twitter_misc":{"Written by":"Pauline Maes","Est. reading time":"6 minutes"},"schema":{"@context":"https:\/\/schema.org","@graph":[{"@type":"Article","@id":"https:\/\/www.greenpeace.org\/luxembourg\/fr\/communiques-de-presse\/4283\/le-gouvernement-japonais-trompe-lonu-sur-limpact-reel-des-retombees-de-fukushima-sur-les-enfants-et-les-travailleurs-en-decontamination\/#article","isPartOf":{"@id":"https:\/\/www.greenpeace.org\/luxembourg\/fr\/communiques-de-presse\/4283\/le-gouvernement-japonais-trompe-lonu-sur-limpact-reel-des-retombees-de-fukushima-sur-les-enfants-et-les-travailleurs-en-decontamination\/"},"author":{"name":"Pauline Maes","@id":"https:\/\/www.greenpeace.org\/luxembourg\/fr\/#\/schema\/person\/7bbeb343322bdadf139e7e27e7c86ec8"},"headline":"Le gouvernement japonais trompe l&#8217;ONU sur l&#8217;impact re\u0301el des retombe\u0301es de Fukushima sur les enfants et les travailleurs en de\u0301contamination","datePublished":"2019-03-11T09:18:47+00:00","dateModified":"2021-12-01T15:31:21+00:00","mainEntityOfPage":{"@id":"https:\/\/www.greenpeace.org\/luxembourg\/fr\/communiques-de-presse\/4283\/le-gouvernement-japonais-trompe-lonu-sur-limpact-reel-des-retombees-de-fukushima-sur-les-enfants-et-les-travailleurs-en-decontamination\/"},"wordCount":1166,"publisher":{"@id":"https:\/\/www.greenpeace.org\/luxembourg\/fr\/#organization"},"image":{"@id":"https:\/\/www.greenpeace.org\/luxembourg\/fr\/communiques-de-presse\/4283\/le-gouvernement-japonais-trompe-lonu-sur-limpact-reel-des-retombees-de-fukushima-sur-les-enfants-et-les-travailleurs-en-decontamination\/#primaryimage"},"thumbnailUrl":"https:\/\/www.greenpeace.org\/static\/planet4-luxembourg-stateless\/2019\/03\/39304dce-gp0stt340.jpg","keywords":["Nucl\u00e9aire"],"articleSection":["\u00c9nergie"],"inLanguage":"fr-LU"},{"@type":"WebPage","@id":"https:\/\/www.greenpeace.org\/luxembourg\/fr\/communiques-de-presse\/4283\/le-gouvernement-japonais-trompe-lonu-sur-limpact-reel-des-retombees-de-fukushima-sur-les-enfants-et-les-travailleurs-en-decontamination\/","url":"https:\/\/www.greenpeace.org\/luxembourg\/fr\/communiques-de-presse\/4283\/le-gouvernement-japonais-trompe-lonu-sur-limpact-reel-des-retombees-de-fukushima-sur-les-enfants-et-les-travailleurs-en-decontamination\/","name":"Le gouvernement japonais trompe l'ONU sur l'impact re\u0301el des retombe\u0301es de Fukushima sur les enfants et les travailleurs en de\u0301contamination - Greenpeace Luxembourg","isPartOf":{"@id":"https:\/\/www.greenpeace.org\/luxembourg\/fr\/#website"},"primaryImageOfPage":{"@id":"https:\/\/www.greenpeace.org\/luxembourg\/fr\/communiques-de-presse\/4283\/le-gouvernement-japonais-trompe-lonu-sur-limpact-reel-des-retombees-de-fukushima-sur-les-enfants-et-les-travailleurs-en-decontamination\/#primaryimage"},"image":{"@id":"https:\/\/www.greenpeace.org\/luxembourg\/fr\/communiques-de-presse\/4283\/le-gouvernement-japonais-trompe-lonu-sur-limpact-reel-des-retombees-de-fukushima-sur-les-enfants-et-les-travailleurs-en-decontamination\/#primaryimage"},"thumbnailUrl":"https:\/\/www.greenpeace.org\/static\/planet4-luxembourg-stateless\/2019\/03\/39304dce-gp0stt340.jpg","datePublished":"2019-03-11T09:18:47+00:00","dateModified":"2021-12-01T15:31:21+00:00","breadcrumb":{"@id":"https:\/\/www.greenpeace.org\/luxembourg\/fr\/communiques-de-presse\/4283\/le-gouvernement-japonais-trompe-lonu-sur-limpact-reel-des-retombees-de-fukushima-sur-les-enfants-et-les-travailleurs-en-decontamination\/#breadcrumb"},"inLanguage":"fr-LU","potentialAction":[{"@type":"ReadAction","target":["https:\/\/www.greenpeace.org\/luxembourg\/fr\/communiques-de-presse\/4283\/le-gouvernement-japonais-trompe-lonu-sur-limpact-reel-des-retombees-de-fukushima-sur-les-enfants-et-les-travailleurs-en-decontamination\/"]}]},{"@type":"ImageObject","inLanguage":"fr-LU","@id":"https:\/\/www.greenpeace.org\/luxembourg\/fr\/communiques-de-presse\/4283\/le-gouvernement-japonais-trompe-lonu-sur-limpact-reel-des-retombees-de-fukushima-sur-les-enfants-et-les-travailleurs-en-decontamination\/#primaryimage","url":"https:\/\/www.greenpeace.org\/static\/planet4-luxembourg-stateless\/2019\/03\/39304dce-gp0stt340.jpg","contentUrl":"https:\/\/www.greenpeace.org\/static\/planet4-luxembourg-stateless\/2019\/03\/39304dce-gp0stt340.jpg","width":1200,"height":800,"caption":"Ouvriers \u00e0 l'\u00e9cole, Namie, pr\u00e9fecture de Fukushima."},{"@type":"BreadcrumbList","@id":"https:\/\/www.greenpeace.org\/luxembourg\/fr\/communiques-de-presse\/4283\/le-gouvernement-japonais-trompe-lonu-sur-limpact-reel-des-retombees-de-fukushima-sur-les-enfants-et-les-travailleurs-en-decontamination\/#breadcrumb","itemListElement":[{"@type":"ListItem","position":1,"name":"Home","item":"https:\/\/www.greenpeace.org\/luxembourg\/fr\/"},{"@type":"ListItem","position":2,"name":"Le gouvernement japonais trompe l&#8217;ONU sur l&#8217;impact re\u0301el des retombe\u0301es de Fukushima sur les enfants et les travailleurs en de\u0301contamination"}]},{"@type":"WebSite","@id":"https:\/\/www.greenpeace.org\/luxembourg\/fr\/#website","url":"https:\/\/www.greenpeace.org\/luxembourg\/fr\/","name":"Greenpeace Luxembourg","description":"Greenpeace existe parce que cette Terre fragile a besoin d&#039;une voix. Elle a besoin de solutions. De changement. D&#039;actions.","publisher":{"@id":"https:\/\/www.greenpeace.org\/luxembourg\/fr\/#organization"},"potentialAction":[{"@type":"SearchAction","target":{"@type":"EntryPoint","urlTemplate":"https:\/\/www.greenpeace.org\/luxembourg\/fr\/?s={search_term_string}"},"query-input":{"@type":"PropertyValueSpecification","valueRequired":true,"valueName":"search_term_string"}}],"inLanguage":"fr-LU"},{"@type":"Organization","@id":"https:\/\/www.greenpeace.org\/luxembourg\/fr\/#organization","name":"Greenpeace Luxembourg","url":"https:\/\/www.greenpeace.org\/luxembourg\/fr\/","logo":{"@type":"ImageObject","inLanguage":"fr-LU","@id":"https:\/\/www.greenpeace.org\/luxembourg\/fr\/#\/schema\/logo\/image\/","url":"https:\/\/www.greenpeace.org\/static\/planet4-luxembourg-stateless\/2026\/03\/3e367f94-greenpeace_logo_green_rgb.png","contentUrl":"https:\/\/www.greenpeace.org\/static\/planet4-luxembourg-stateless\/2026\/03\/3e367f94-greenpeace_logo_green_rgb.png","width":1080,"height":175,"caption":"Greenpeace Luxembourg"},"image":{"@id":"https:\/\/www.greenpeace.org\/luxembourg\/fr\/#\/schema\/logo\/image\/"},"sameAs":["https:\/\/www.facebook.com\/greenpeaceluxembourg","https:\/\/www.instagram.com\/greenpeacelux\/","https:\/\/www.linkedin.com\/company\/greenpeace-luxembourg\/","https:\/\/www.threads.com\/@greenpeacelux","https:\/\/bsky.app\/profile\/greenpeacelux.bsky.social","https:\/\/www.youtube.com\/@GreenpeaceLux","https:\/\/www.tiktok.com\/@greenpeace_lux"]},{"@type":"Person","@id":"https:\/\/www.greenpeace.org\/luxembourg\/fr\/#\/schema\/person\/7bbeb343322bdadf139e7e27e7c86ec8","name":"Pauline Maes","url":"https:\/\/www.greenpeace.org\/luxembourg\/fr\/author\/pmaes\/"}]}},"_links":{"self":[{"href":"https:\/\/www.greenpeace.org\/luxembourg\/fr\/wp-json\/wp\/v2\/posts\/4283","targetHints":{"allow":["GET"]}}],"collection":[{"href":"https:\/\/www.greenpeace.org\/luxembourg\/fr\/wp-json\/wp\/v2\/posts"}],"about":[{"href":"https:\/\/www.greenpeace.org\/luxembourg\/fr\/wp-json\/wp\/v2\/types\/post"}],"author":[{"embeddable":true,"href":"https:\/\/www.greenpeace.org\/luxembourg\/fr\/wp-json\/wp\/v2\/users\/18"}],"replies":[{"embeddable":true,"href":"https:\/\/www.greenpeace.org\/luxembourg\/fr\/wp-json\/wp\/v2\/comments?post=4283"}],"version-history":[{"count":3,"href":"https:\/\/www.greenpeace.org\/luxembourg\/fr\/wp-json\/wp\/v2\/posts\/4283\/revisions"}],"predecessor-version":[{"id":13090,"href":"https:\/\/www.greenpeace.org\/luxembourg\/fr\/wp-json\/wp\/v2\/posts\/4283\/revisions\/13090"}],"wp:featuredmedia":[{"embeddable":true,"href":"https:\/\/www.greenpeace.org\/luxembourg\/fr\/wp-json\/wp\/v2\/media\/4285"}],"wp:attachment":[{"href":"https:\/\/www.greenpeace.org\/luxembourg\/fr\/wp-json\/wp\/v2\/media?parent=4283"}],"wp:term":[{"taxonomy":"category","embeddable":true,"href":"https:\/\/www.greenpeace.org\/luxembourg\/fr\/wp-json\/wp\/v2\/categories?post=4283"},{"taxonomy":"post_tag","embeddable":true,"href":"https:\/\/www.greenpeace.org\/luxembourg\/fr\/wp-json\/wp\/v2\/tags?post=4283"},{"taxonomy":"p4-page-type","embeddable":true,"href":"https:\/\/www.greenpeace.org\/luxembourg\/fr\/wp-json\/wp\/v2\/p4-page-type?post=4283"}],"curies":[{"name":"wp","href":"https:\/\/api.w.org\/{rel}","templated":true}]}}