{"id":4388,"date":"2019-03-19T12:01:18","date_gmt":"2019-03-19T10:01:18","guid":{"rendered":"https:\/\/www.greenpeace.org\/luxembourg\/?p=4388"},"modified":"2021-12-01T17:31:12","modified_gmt":"2021-12-01T15:31:12","slug":"reaction-mort-dune-baleine-suite-a-lingestion-de-40-kilos-de-plastique-a-usage-unique-greenpeace-deplore-le-manque-daction-internationale-pour-lutter-contre-cett","status":"publish","type":"post","link":"https:\/\/www.greenpeace.org\/luxembourg\/fr\/actualites\/4388\/reaction-mort-dune-baleine-suite-a-lingestion-de-40-kilos-de-plastique-a-usage-unique-greenpeace-deplore-le-manque-daction-internationale-pour-lutter-contre-cett\/","title":{"rendered":"[R\u00c9ACTION] Mort d\u2019une baleine suite \u00e0 l\u2019ingestion de 40 kilos de plastique \u00e0 usage unique"},"content":{"rendered":"<h2>Greenpeace d\u00e9plore le manque d\u2019action internationale pour lutter contre cette pollution dans les oc\u00e9ans.<\/h2>\n<p><strong>En r\u00e9action \u00e0 la d\u00e9couverte samedi dernier aux Philippines d\u2019une baleine \u00e9chou\u00e9e dont la mort a vraisemblablement \u00e9t\u00e9 caus\u00e9e par l\u2019ingestion de 40 kilos de sacs et d\u00e9chets de plastique, Pauline Maes, charg\u00e9e de communication pour Greenpeace Luxembourg, a d\u00e9clar\u00e9 :<\/strong><\/p>\n<p>\u00ab <em>Une autre baleine est morte, l\u2019estomac rempli de d\u00e9chets plastiques \u00e0 usage unique, pendant qu&#8217;\u00e0 travers le monde nous continuons d\u2019ignorer l\u2019impact de notre d\u00e9pendance au plastique sur les oc\u00e9ans et la vie marine. Si les effets de la pollution plastique sont plus visibles en Asie du Sud-Est, ne nous m\u00e9prenons pas, il s\u2019agit bien d\u2019une crise mondiale.\u00a0<\/em><\/p>\n<p><em>Le seul moyen de lutter efficacement contre la pollution plastique est d\u2019interdire la production de plastique \u00e0 usage unique et de demander \u00e0 des entreprises telles que Coca-Cola, Pepsi et Nestl\u00e9 d\u2019agir \u00e0 la source en r\u00e9duisant de mani\u00e8re significative leur production d\u2019emballages plastiques jetables. Laisser ces multinationales poursuivre leurs activit\u00e9s comme si de rien n\u2019\u00e9tait nous rend tous responsables de la mort de cette baleine et des innombrables autres esp\u00e8ces qui souffrent et meurent dans les oc\u00e9ans.<\/em> \u00bb<\/p>\n<p>Cette baleine s\u2019est \u00e9chou\u00e9e quelques heures seulement apr\u00e8s que plusieurs pays, incluant les \u00c9tats-Unis, ont r\u00e9ussi \u00e0 bloquer des propositions ambitieuses de lutte contre la pollution plastique \u00e0 la source lors de la conf\u00e9rence des Nations Unies sur l\u2019environnement \u00e0 Nairobi la semaine derni\u00e8re. Des pays du monde entier recommandaient, lors de cette conf\u00e9rence, \u00a0de fixer des limites de r\u00e9duction claires et un engagement \u00e0 \u00e9liminer progressivement les plastiques \u00e0 usage unique d\u2019ici 2025. Malgr\u00e9 leur ferme volont\u00e9, les \u00c9tats-Unis ont activement \u0153uvr\u00e9 pour imposer des propositions plus faibles et non contraignantes qui ont finalement \u00e9t\u00e9 adopt\u00e9es.<\/p>\n<div id=\"attachment_4398\" style=\"width: 970px\" class=\"wp-caption aligncenter\"><img loading=\"lazy\" decoding=\"async\" aria-describedby=\"caption-attachment-4398\" class=\"size-full wp-image-4398\" src=\"https:\/\/www.greenpeace.org\/static\/planet4-luxembourg-stateless\/2019\/03\/3c5e0351-gp0stsrit_medium_res.jpg\" alt=\"Ce n'est malheureusement pas un cas unique : Ce cachalot avec 6 kg de plastique dans le ventre a \u00e9t\u00e9 retrouv\u00e9 \u00e9chou\u00e9 sur une plage en Indon\u00e9sie en novembre 2018.\" width=\"960\" height=\"720\" srcset=\"https:\/\/www.greenpeace.org\/static\/planet4-luxembourg-stateless\/2019\/03\/3c5e0351-gp0stsrit_medium_res.jpg 960w, https:\/\/www.greenpeace.org\/static\/planet4-luxembourg-stateless\/2019\/03\/3c5e0351-gp0stsrit_medium_res-300x225.jpg 300w, https:\/\/www.greenpeace.org\/static\/planet4-luxembourg-stateless\/2019\/03\/3c5e0351-gp0stsrit_medium_res-768x576.jpg 768w, https:\/\/www.greenpeace.org\/static\/planet4-luxembourg-stateless\/2019\/03\/3c5e0351-gp0stsrit_medium_res-453x340.jpg 453w\" sizes=\"auto, (max-width: 960px) 100vw, 960px\" \/><p id=\"caption-attachment-4398\" class=\"wp-caption-text\">Ce n&#8217;est malheureusement pas un cas unique : Ce cachalot avec 6 kg de plastique dans le ventre a \u00e9t\u00e9 retrouv\u00e9 \u00e9chou\u00e9 sur une plage en Indon\u00e9sie en novembre 2018.<\/p><\/div>\n<div class=\"EmptyMessage\">Block content is empty. Check the block&#8217;s settings or remove it.<\/div>","protected":false},"excerpt":{"rendered":"<p>En r\u00e9action \u00e0 la d\u00e9couverte samedi dernier aux Philippines d\u2019une baleine \u00e9chou\u00e9e dont la mort a vraisemblablement \u00e9t\u00e9 caus\u00e9e par l\u2019ingestion de 40 kilos de sacs et d\u00e9chets de plastique,&hellip;<\/p>\n","protected":false},"author":18,"featured_media":4398,"comment_status":"closed","ping_status":"closed","sticky":false,"template":"","format":"standard","meta":{"ep_exclude_from_search":false,"p4_og_title":"","p4_og_description":"","p4_og_image":"","p4_og_image_id":"","p4_seo_canonical_url":"","p4_campaign_name":"","p4_local_project":"","p4_basket_name":"","p4_department":"","footnotes":""},"categories":[43],"tags":[28,29,38],"p4-page-type":[85],"class_list":["post-4388","post","type-post","status-publish","format-standard","has-post-thumbnail","hentry","category-nature","tag-pollution","tag-oceans","tag-biodiversite","p4-page-type-actualites"],"yoast_head":"<!-- This site is optimized with the Yoast SEO Premium plugin v23.9 (Yoast SEO v23.9) - https:\/\/yoast.com\/wordpress\/plugins\/seo\/ -->\n<title>[R\u00c9ACTION] Mort d\u2019une baleine suite \u00e0 l\u2019ingestion de 40 kilos de plastique \u00e0 usage unique - Greenpeace Luxembourg<\/title>\n<meta name=\"robots\" content=\"index, follow, max-snippet:-1, max-image-preview:large, max-video-preview:-1\" \/>\n<link rel=\"canonical\" href=\"https:\/\/www.greenpeace.org\/luxembourg\/fr\/actualites\/4388\/reaction-mort-dune-baleine-suite-a-lingestion-de-40-kilos-de-plastique-a-usage-unique-greenpeace-deplore-le-manque-daction-internationale-pour-lutter-contre-cett\/\" \/>\n<meta property=\"og:locale\" content=\"fr_FR\" \/>\n<meta property=\"og:type\" content=\"article\" \/>\n<meta property=\"og:title\" content=\"[R\u00c9ACTION] Mort d\u2019une baleine suite \u00e0 l\u2019ingestion de 40 kilos de plastique \u00e0 usage unique\" \/>\n<meta property=\"og:description\" content=\"En r\u00e9action \u00e0 la d\u00e9couverte samedi dernier aux Philippines d\u2019une baleine \u00e9chou\u00e9e dont la mort a vraisemblablement \u00e9t\u00e9 caus\u00e9e par l\u2019ingestion de 40 kilos de sacs et d\u00e9chets de plastique,&hellip;\" \/>\n<meta property=\"og:url\" content=\"https:\/\/www.greenpeace.org\/luxembourg\/fr\/actualites\/4388\/reaction-mort-dune-baleine-suite-a-lingestion-de-40-kilos-de-plastique-a-usage-unique-greenpeace-deplore-le-manque-daction-internationale-pour-lutter-contre-cett\/\" \/>\n<meta property=\"og:site_name\" content=\"Greenpeace Luxembourg\" \/>\n<meta property=\"article:publisher\" content=\"https:\/\/www.facebook.com\/greenpeaceluxembourg\" \/>\n<meta property=\"article:published_time\" content=\"2019-03-19T10:01:18+00:00\" \/>\n<meta property=\"article:modified_time\" content=\"2021-12-01T15:31:12+00:00\" \/>\n<meta property=\"og:image\" content=\"https:\/\/www.greenpeace.org\/static\/planet4-luxembourg-stateless\/2019\/03\/3c5e0351-gp0stsrit_medium_res.jpg\" \/>\n\t<meta property=\"og:image:width\" content=\"960\" \/>\n\t<meta property=\"og:image:height\" content=\"720\" \/>\n\t<meta property=\"og:image:type\" content=\"image\/jpeg\" \/>\n<meta name=\"author\" content=\"Pauline Maes\" \/>\n<meta name=\"twitter:card\" content=\"summary_large_image\" \/>\n<meta name=\"twitter:label1\" content=\"Written by\" \/>\n\t<meta name=\"twitter:data1\" content=\"Pauline Maes\" \/>\n\t<meta name=\"twitter:label2\" content=\"Est. reading time\" \/>\n\t<meta name=\"twitter:data2\" content=\"2 minutes\" \/>\n<script type=\"application\/ld+json\" class=\"yoast-schema-graph\">{\"@context\":\"https:\/\/schema.org\",\"@graph\":[{\"@type\":\"Article\",\"@id\":\"https:\/\/www.greenpeace.org\/luxembourg\/fr\/actualites\/4388\/reaction-mort-dune-baleine-suite-a-lingestion-de-40-kilos-de-plastique-a-usage-unique-greenpeace-deplore-le-manque-daction-internationale-pour-lutter-contre-cett\/#article\",\"isPartOf\":{\"@id\":\"https:\/\/www.greenpeace.org\/luxembourg\/fr\/actualites\/4388\/reaction-mort-dune-baleine-suite-a-lingestion-de-40-kilos-de-plastique-a-usage-unique-greenpeace-deplore-le-manque-daction-internationale-pour-lutter-contre-cett\/\"},\"author\":{\"name\":\"Pauline Maes\",\"@id\":\"https:\/\/www.greenpeace.org\/luxembourg\/fr\/#\/schema\/person\/7bbeb343322bdadf139e7e27e7c86ec8\"},\"headline\":\"[R\u00c9ACTION] Mort d\u2019une baleine suite \u00e0 l\u2019ingestion de 40 kilos de plastique \u00e0 usage unique\",\"datePublished\":\"2019-03-19T10:01:18+00:00\",\"dateModified\":\"2021-12-01T15:31:12+00:00\",\"mainEntityOfPage\":{\"@id\":\"https:\/\/www.greenpeace.org\/luxembourg\/fr\/actualites\/4388\/reaction-mort-dune-baleine-suite-a-lingestion-de-40-kilos-de-plastique-a-usage-unique-greenpeace-deplore-le-manque-daction-internationale-pour-lutter-contre-cett\/\"},\"wordCount\":367,\"publisher\":{\"@id\":\"https:\/\/www.greenpeace.org\/luxembourg\/fr\/#organization\"},\"image\":{\"@id\":\"https:\/\/www.greenpeace.org\/luxembourg\/fr\/actualites\/4388\/reaction-mort-dune-baleine-suite-a-lingestion-de-40-kilos-de-plastique-a-usage-unique-greenpeace-deplore-le-manque-daction-internationale-pour-lutter-contre-cett\/#primaryimage\"},\"thumbnailUrl\":\"https:\/\/www.greenpeace.org\/static\/planet4-luxembourg-stateless\/2019\/03\/3c5e0351-gp0stsrit_medium_res.jpg\",\"keywords\":[\"Pollution\",\"Oc\u00e9ans\",\"Biodiversit\u00e9\"],\"articleSection\":[\"Nature\"],\"inLanguage\":\"fr-LU\"},{\"@type\":\"WebPage\",\"@id\":\"https:\/\/www.greenpeace.org\/luxembourg\/fr\/actualites\/4388\/reaction-mort-dune-baleine-suite-a-lingestion-de-40-kilos-de-plastique-a-usage-unique-greenpeace-deplore-le-manque-daction-internationale-pour-lutter-contre-cett\/\",\"url\":\"https:\/\/www.greenpeace.org\/luxembourg\/fr\/actualites\/4388\/reaction-mort-dune-baleine-suite-a-lingestion-de-40-kilos-de-plastique-a-usage-unique-greenpeace-deplore-le-manque-daction-internationale-pour-lutter-contre-cett\/\",\"name\":\"[R\u00c9ACTION] Mort d\u2019une baleine suite \u00e0 l\u2019ingestion de 40 kilos de plastique \u00e0 usage unique - Greenpeace Luxembourg\",\"isPartOf\":{\"@id\":\"https:\/\/www.greenpeace.org\/luxembourg\/fr\/#website\"},\"primaryImageOfPage\":{\"@id\":\"https:\/\/www.greenpeace.org\/luxembourg\/fr\/actualites\/4388\/reaction-mort-dune-baleine-suite-a-lingestion-de-40-kilos-de-plastique-a-usage-unique-greenpeace-deplore-le-manque-daction-internationale-pour-lutter-contre-cett\/#primaryimage\"},\"image\":{\"@id\":\"https:\/\/www.greenpeace.org\/luxembourg\/fr\/actualites\/4388\/reaction-mort-dune-baleine-suite-a-lingestion-de-40-kilos-de-plastique-a-usage-unique-greenpeace-deplore-le-manque-daction-internationale-pour-lutter-contre-cett\/#primaryimage\"},\"thumbnailUrl\":\"https:\/\/www.greenpeace.org\/static\/planet4-luxembourg-stateless\/2019\/03\/3c5e0351-gp0stsrit_medium_res.jpg\",\"datePublished\":\"2019-03-19T10:01:18+00:00\",\"dateModified\":\"2021-12-01T15:31:12+00:00\",\"breadcrumb\":{\"@id\":\"https:\/\/www.greenpeace.org\/luxembourg\/fr\/actualites\/4388\/reaction-mort-dune-baleine-suite-a-lingestion-de-40-kilos-de-plastique-a-usage-unique-greenpeace-deplore-le-manque-daction-internationale-pour-lutter-contre-cett\/#breadcrumb\"},\"inLanguage\":\"fr-LU\",\"potentialAction\":[{\"@type\":\"ReadAction\",\"target\":[\"https:\/\/www.greenpeace.org\/luxembourg\/fr\/actualites\/4388\/reaction-mort-dune-baleine-suite-a-lingestion-de-40-kilos-de-plastique-a-usage-unique-greenpeace-deplore-le-manque-daction-internationale-pour-lutter-contre-cett\/\"]}]},{\"@type\":\"ImageObject\",\"inLanguage\":\"fr-LU\",\"@id\":\"https:\/\/www.greenpeace.org\/luxembourg\/fr\/actualites\/4388\/reaction-mort-dune-baleine-suite-a-lingestion-de-40-kilos-de-plastique-a-usage-unique-greenpeace-deplore-le-manque-daction-internationale-pour-lutter-contre-cett\/#primaryimage\",\"url\":\"https:\/\/www.greenpeace.org\/static\/planet4-luxembourg-stateless\/2019\/03\/3c5e0351-gp0stsrit_medium_res.jpg\",\"contentUrl\":\"https:\/\/www.greenpeace.org\/static\/planet4-luxembourg-stateless\/2019\/03\/3c5e0351-gp0stsrit_medium_res.jpg\",\"width\":960,\"height\":720,\"caption\":\"Ce n'est malheureusement pas un cas unique : Ce cachalot avec 6 kg de plastique dans le ventre a \u00e9t\u00e9 retrouv\u00e9 \u00e9chou\u00e9 sur une plage en Indon\u00e9sie en novembre 2018.\"},{\"@type\":\"BreadcrumbList\",\"@id\":\"https:\/\/www.greenpeace.org\/luxembourg\/fr\/actualites\/4388\/reaction-mort-dune-baleine-suite-a-lingestion-de-40-kilos-de-plastique-a-usage-unique-greenpeace-deplore-le-manque-daction-internationale-pour-lutter-contre-cett\/#breadcrumb\",\"itemListElement\":[{\"@type\":\"ListItem\",\"position\":1,\"name\":\"Home\",\"item\":\"https:\/\/www.greenpeace.org\/luxembourg\/fr\/\"},{\"@type\":\"ListItem\",\"position\":2,\"name\":\"[R\u00c9ACTION] Mort d\u2019une baleine suite \u00e0 l\u2019ingestion de 40 kilos de plastique \u00e0 usage unique\"}]},{\"@type\":\"WebSite\",\"@id\":\"https:\/\/www.greenpeace.org\/luxembourg\/fr\/#website\",\"url\":\"https:\/\/www.greenpeace.org\/luxembourg\/fr\/\",\"name\":\"Greenpeace Luxembourg\",\"description\":\"Greenpeace existe parce que cette Terre fragile a besoin d&#039;une voix. Elle a besoin de solutions. De changement. D&#039;actions.\",\"publisher\":{\"@id\":\"https:\/\/www.greenpeace.org\/luxembourg\/fr\/#organization\"},\"potentialAction\":[{\"@type\":\"SearchAction\",\"target\":{\"@type\":\"EntryPoint\",\"urlTemplate\":\"https:\/\/www.greenpeace.org\/luxembourg\/fr\/?s={search_term_string}\"},\"query-input\":{\"@type\":\"PropertyValueSpecification\",\"valueRequired\":true,\"valueName\":\"search_term_string\"}}],\"inLanguage\":\"fr-LU\"},{\"@type\":\"Organization\",\"@id\":\"https:\/\/www.greenpeace.org\/luxembourg\/fr\/#organization\",\"name\":\"Greenpeace Luxembourg\",\"url\":\"https:\/\/www.greenpeace.org\/luxembourg\/fr\/\",\"logo\":{\"@type\":\"ImageObject\",\"inLanguage\":\"fr-LU\",\"@id\":\"https:\/\/www.greenpeace.org\/luxembourg\/fr\/#\/schema\/logo\/image\/\",\"url\":\"https:\/\/www.greenpeace.org\/static\/planet4-luxembourg-stateless\/2026\/03\/3e367f94-greenpeace_logo_green_rgb.png\",\"contentUrl\":\"https:\/\/www.greenpeace.org\/static\/planet4-luxembourg-stateless\/2026\/03\/3e367f94-greenpeace_logo_green_rgb.png\",\"width\":1080,\"height\":175,\"caption\":\"Greenpeace Luxembourg\"},\"image\":{\"@id\":\"https:\/\/www.greenpeace.org\/luxembourg\/fr\/#\/schema\/logo\/image\/\"},\"sameAs\":[\"https:\/\/www.facebook.com\/greenpeaceluxembourg\",\"https:\/\/www.instagram.com\/greenpeacelux\/\",\"https:\/\/www.linkedin.com\/company\/greenpeace-luxembourg\/\",\"https:\/\/www.threads.com\/@greenpeacelux\",\"https:\/\/bsky.app\/profile\/greenpeacelux.bsky.social\",\"https:\/\/www.youtube.com\/@GreenpeaceLux\",\"https:\/\/www.tiktok.com\/@greenpeace_lux\"]},{\"@type\":\"Person\",\"@id\":\"https:\/\/www.greenpeace.org\/luxembourg\/fr\/#\/schema\/person\/7bbeb343322bdadf139e7e27e7c86ec8\",\"name\":\"Pauline Maes\",\"url\":\"https:\/\/www.greenpeace.org\/luxembourg\/fr\/author\/pmaes\/\"}]}<\/script>\n<!-- \/ Yoast SEO Premium plugin. -->","yoast_head_json":{"title":"[R\u00c9ACTION] Mort d\u2019une baleine suite \u00e0 l\u2019ingestion de 40 kilos de plastique \u00e0 usage unique - Greenpeace Luxembourg","robots":{"index":"index","follow":"follow","max-snippet":"max-snippet:-1","max-image-preview":"max-image-preview:large","max-video-preview":"max-video-preview:-1"},"canonical":"https:\/\/www.greenpeace.org\/luxembourg\/fr\/actualites\/4388\/reaction-mort-dune-baleine-suite-a-lingestion-de-40-kilos-de-plastique-a-usage-unique-greenpeace-deplore-le-manque-daction-internationale-pour-lutter-contre-cett\/","og_locale":"fr_FR","og_type":"article","og_title":"[R\u00c9ACTION] Mort d\u2019une baleine suite \u00e0 l\u2019ingestion de 40 kilos de plastique \u00e0 usage unique","og_description":"En r\u00e9action \u00e0 la d\u00e9couverte samedi dernier aux Philippines d\u2019une baleine \u00e9chou\u00e9e dont la mort a vraisemblablement \u00e9t\u00e9 caus\u00e9e par l\u2019ingestion de 40 kilos de sacs et d\u00e9chets de plastique,&hellip;","og_url":"https:\/\/www.greenpeace.org\/luxembourg\/fr\/actualites\/4388\/reaction-mort-dune-baleine-suite-a-lingestion-de-40-kilos-de-plastique-a-usage-unique-greenpeace-deplore-le-manque-daction-internationale-pour-lutter-contre-cett\/","og_site_name":"Greenpeace Luxembourg","article_publisher":"https:\/\/www.facebook.com\/greenpeaceluxembourg","article_published_time":"2019-03-19T10:01:18+00:00","article_modified_time":"2021-12-01T15:31:12+00:00","og_image":[{"width":960,"height":720,"url":"https:\/\/www.greenpeace.org\/static\/planet4-luxembourg-stateless\/2019\/03\/3c5e0351-gp0stsrit_medium_res.jpg","type":"image\/jpeg"}],"author":"Pauline Maes","twitter_card":"summary_large_image","twitter_misc":{"Written by":"Pauline Maes","Est. reading time":"2 minutes"},"schema":{"@context":"https:\/\/schema.org","@graph":[{"@type":"Article","@id":"https:\/\/www.greenpeace.org\/luxembourg\/fr\/actualites\/4388\/reaction-mort-dune-baleine-suite-a-lingestion-de-40-kilos-de-plastique-a-usage-unique-greenpeace-deplore-le-manque-daction-internationale-pour-lutter-contre-cett\/#article","isPartOf":{"@id":"https:\/\/www.greenpeace.org\/luxembourg\/fr\/actualites\/4388\/reaction-mort-dune-baleine-suite-a-lingestion-de-40-kilos-de-plastique-a-usage-unique-greenpeace-deplore-le-manque-daction-internationale-pour-lutter-contre-cett\/"},"author":{"name":"Pauline Maes","@id":"https:\/\/www.greenpeace.org\/luxembourg\/fr\/#\/schema\/person\/7bbeb343322bdadf139e7e27e7c86ec8"},"headline":"[R\u00c9ACTION] Mort d\u2019une baleine suite \u00e0 l\u2019ingestion de 40 kilos de plastique \u00e0 usage unique","datePublished":"2019-03-19T10:01:18+00:00","dateModified":"2021-12-01T15:31:12+00:00","mainEntityOfPage":{"@id":"https:\/\/www.greenpeace.org\/luxembourg\/fr\/actualites\/4388\/reaction-mort-dune-baleine-suite-a-lingestion-de-40-kilos-de-plastique-a-usage-unique-greenpeace-deplore-le-manque-daction-internationale-pour-lutter-contre-cett\/"},"wordCount":367,"publisher":{"@id":"https:\/\/www.greenpeace.org\/luxembourg\/fr\/#organization"},"image":{"@id":"https:\/\/www.greenpeace.org\/luxembourg\/fr\/actualites\/4388\/reaction-mort-dune-baleine-suite-a-lingestion-de-40-kilos-de-plastique-a-usage-unique-greenpeace-deplore-le-manque-daction-internationale-pour-lutter-contre-cett\/#primaryimage"},"thumbnailUrl":"https:\/\/www.greenpeace.org\/static\/planet4-luxembourg-stateless\/2019\/03\/3c5e0351-gp0stsrit_medium_res.jpg","keywords":["Pollution","Oc\u00e9ans","Biodiversit\u00e9"],"articleSection":["Nature"],"inLanguage":"fr-LU"},{"@type":"WebPage","@id":"https:\/\/www.greenpeace.org\/luxembourg\/fr\/actualites\/4388\/reaction-mort-dune-baleine-suite-a-lingestion-de-40-kilos-de-plastique-a-usage-unique-greenpeace-deplore-le-manque-daction-internationale-pour-lutter-contre-cett\/","url":"https:\/\/www.greenpeace.org\/luxembourg\/fr\/actualites\/4388\/reaction-mort-dune-baleine-suite-a-lingestion-de-40-kilos-de-plastique-a-usage-unique-greenpeace-deplore-le-manque-daction-internationale-pour-lutter-contre-cett\/","name":"[R\u00c9ACTION] Mort d\u2019une baleine suite \u00e0 l\u2019ingestion de 40 kilos de plastique \u00e0 usage unique - Greenpeace Luxembourg","isPartOf":{"@id":"https:\/\/www.greenpeace.org\/luxembourg\/fr\/#website"},"primaryImageOfPage":{"@id":"https:\/\/www.greenpeace.org\/luxembourg\/fr\/actualites\/4388\/reaction-mort-dune-baleine-suite-a-lingestion-de-40-kilos-de-plastique-a-usage-unique-greenpeace-deplore-le-manque-daction-internationale-pour-lutter-contre-cett\/#primaryimage"},"image":{"@id":"https:\/\/www.greenpeace.org\/luxembourg\/fr\/actualites\/4388\/reaction-mort-dune-baleine-suite-a-lingestion-de-40-kilos-de-plastique-a-usage-unique-greenpeace-deplore-le-manque-daction-internationale-pour-lutter-contre-cett\/#primaryimage"},"thumbnailUrl":"https:\/\/www.greenpeace.org\/static\/planet4-luxembourg-stateless\/2019\/03\/3c5e0351-gp0stsrit_medium_res.jpg","datePublished":"2019-03-19T10:01:18+00:00","dateModified":"2021-12-01T15:31:12+00:00","breadcrumb":{"@id":"https:\/\/www.greenpeace.org\/luxembourg\/fr\/actualites\/4388\/reaction-mort-dune-baleine-suite-a-lingestion-de-40-kilos-de-plastique-a-usage-unique-greenpeace-deplore-le-manque-daction-internationale-pour-lutter-contre-cett\/#breadcrumb"},"inLanguage":"fr-LU","potentialAction":[{"@type":"ReadAction","target":["https:\/\/www.greenpeace.org\/luxembourg\/fr\/actualites\/4388\/reaction-mort-dune-baleine-suite-a-lingestion-de-40-kilos-de-plastique-a-usage-unique-greenpeace-deplore-le-manque-daction-internationale-pour-lutter-contre-cett\/"]}]},{"@type":"ImageObject","inLanguage":"fr-LU","@id":"https:\/\/www.greenpeace.org\/luxembourg\/fr\/actualites\/4388\/reaction-mort-dune-baleine-suite-a-lingestion-de-40-kilos-de-plastique-a-usage-unique-greenpeace-deplore-le-manque-daction-internationale-pour-lutter-contre-cett\/#primaryimage","url":"https:\/\/www.greenpeace.org\/static\/planet4-luxembourg-stateless\/2019\/03\/3c5e0351-gp0stsrit_medium_res.jpg","contentUrl":"https:\/\/www.greenpeace.org\/static\/planet4-luxembourg-stateless\/2019\/03\/3c5e0351-gp0stsrit_medium_res.jpg","width":960,"height":720,"caption":"Ce n'est malheureusement pas un cas unique : Ce cachalot avec 6 kg de plastique dans le ventre a \u00e9t\u00e9 retrouv\u00e9 \u00e9chou\u00e9 sur une plage en Indon\u00e9sie en novembre 2018."},{"@type":"BreadcrumbList","@id":"https:\/\/www.greenpeace.org\/luxembourg\/fr\/actualites\/4388\/reaction-mort-dune-baleine-suite-a-lingestion-de-40-kilos-de-plastique-a-usage-unique-greenpeace-deplore-le-manque-daction-internationale-pour-lutter-contre-cett\/#breadcrumb","itemListElement":[{"@type":"ListItem","position":1,"name":"Home","item":"https:\/\/www.greenpeace.org\/luxembourg\/fr\/"},{"@type":"ListItem","position":2,"name":"[R\u00c9ACTION] Mort d\u2019une baleine suite \u00e0 l\u2019ingestion de 40 kilos de plastique \u00e0 usage unique"}]},{"@type":"WebSite","@id":"https:\/\/www.greenpeace.org\/luxembourg\/fr\/#website","url":"https:\/\/www.greenpeace.org\/luxembourg\/fr\/","name":"Greenpeace Luxembourg","description":"Greenpeace existe parce que cette Terre fragile a besoin d&#039;une voix. Elle a besoin de solutions. De changement. D&#039;actions.","publisher":{"@id":"https:\/\/www.greenpeace.org\/luxembourg\/fr\/#organization"},"potentialAction":[{"@type":"SearchAction","target":{"@type":"EntryPoint","urlTemplate":"https:\/\/www.greenpeace.org\/luxembourg\/fr\/?s={search_term_string}"},"query-input":{"@type":"PropertyValueSpecification","valueRequired":true,"valueName":"search_term_string"}}],"inLanguage":"fr-LU"},{"@type":"Organization","@id":"https:\/\/www.greenpeace.org\/luxembourg\/fr\/#organization","name":"Greenpeace Luxembourg","url":"https:\/\/www.greenpeace.org\/luxembourg\/fr\/","logo":{"@type":"ImageObject","inLanguage":"fr-LU","@id":"https:\/\/www.greenpeace.org\/luxembourg\/fr\/#\/schema\/logo\/image\/","url":"https:\/\/www.greenpeace.org\/static\/planet4-luxembourg-stateless\/2026\/03\/3e367f94-greenpeace_logo_green_rgb.png","contentUrl":"https:\/\/www.greenpeace.org\/static\/planet4-luxembourg-stateless\/2026\/03\/3e367f94-greenpeace_logo_green_rgb.png","width":1080,"height":175,"caption":"Greenpeace Luxembourg"},"image":{"@id":"https:\/\/www.greenpeace.org\/luxembourg\/fr\/#\/schema\/logo\/image\/"},"sameAs":["https:\/\/www.facebook.com\/greenpeaceluxembourg","https:\/\/www.instagram.com\/greenpeacelux\/","https:\/\/www.linkedin.com\/company\/greenpeace-luxembourg\/","https:\/\/www.threads.com\/@greenpeacelux","https:\/\/bsky.app\/profile\/greenpeacelux.bsky.social","https:\/\/www.youtube.com\/@GreenpeaceLux","https:\/\/www.tiktok.com\/@greenpeace_lux"]},{"@type":"Person","@id":"https:\/\/www.greenpeace.org\/luxembourg\/fr\/#\/schema\/person\/7bbeb343322bdadf139e7e27e7c86ec8","name":"Pauline Maes","url":"https:\/\/www.greenpeace.org\/luxembourg\/fr\/author\/pmaes\/"}]}},"_links":{"self":[{"href":"https:\/\/www.greenpeace.org\/luxembourg\/fr\/wp-json\/wp\/v2\/posts\/4388","targetHints":{"allow":["GET"]}}],"collection":[{"href":"https:\/\/www.greenpeace.org\/luxembourg\/fr\/wp-json\/wp\/v2\/posts"}],"about":[{"href":"https:\/\/www.greenpeace.org\/luxembourg\/fr\/wp-json\/wp\/v2\/types\/post"}],"author":[{"embeddable":true,"href":"https:\/\/www.greenpeace.org\/luxembourg\/fr\/wp-json\/wp\/v2\/users\/18"}],"replies":[{"embeddable":true,"href":"https:\/\/www.greenpeace.org\/luxembourg\/fr\/wp-json\/wp\/v2\/comments?post=4388"}],"version-history":[{"count":7,"href":"https:\/\/www.greenpeace.org\/luxembourg\/fr\/wp-json\/wp\/v2\/posts\/4388\/revisions"}],"predecessor-version":[{"id":13084,"href":"https:\/\/www.greenpeace.org\/luxembourg\/fr\/wp-json\/wp\/v2\/posts\/4388\/revisions\/13084"}],"wp:featuredmedia":[{"embeddable":true,"href":"https:\/\/www.greenpeace.org\/luxembourg\/fr\/wp-json\/wp\/v2\/media\/4398"}],"wp:attachment":[{"href":"https:\/\/www.greenpeace.org\/luxembourg\/fr\/wp-json\/wp\/v2\/media?parent=4388"}],"wp:term":[{"taxonomy":"category","embeddable":true,"href":"https:\/\/www.greenpeace.org\/luxembourg\/fr\/wp-json\/wp\/v2\/categories?post=4388"},{"taxonomy":"post_tag","embeddable":true,"href":"https:\/\/www.greenpeace.org\/luxembourg\/fr\/wp-json\/wp\/v2\/tags?post=4388"},{"taxonomy":"p4-page-type","embeddable":true,"href":"https:\/\/www.greenpeace.org\/luxembourg\/fr\/wp-json\/wp\/v2\/p4-page-type?post=4388"}],"curies":[{"name":"wp","href":"https:\/\/api.w.org\/{rel}","templated":true}]}}