{"id":4484,"date":"2019-04-02T11:00:02","date_gmt":"2019-04-02T09:00:02","guid":{"rendered":"https:\/\/www.greenpeace.org\/luxembourg\/?p=4484"},"modified":"2021-12-01T17:31:07","modified_gmt":"2021-12-01T15:31:07","slug":"des-deficits-de-surete-considerables-lies-a-lextension-de-la-duree-de-vie-des-centrales-nucleaires-francaises","status":"publish","type":"post","link":"https:\/\/www.greenpeace.org\/luxembourg\/fr\/communiques-de-presse\/4484\/des-deficits-de-surete-considerables-lies-a-lextension-de-la-duree-de-vie-des-centrales-nucleaires-francaises\/","title":{"rendered":"Des d\u00e9ficits de s\u00fbret\u00e9 consid\u00e9rables li\u00e9s \u00e0 l\u2019extension de la dur\u00e9e de vie des centrales nucl\u00e9aires fran\u00e7aises"},"content":{"rendered":"<h2><strong>Conclusions d\u2019une \u00e9tude en vue de l\u2019augmentation du niveau de s\u00fbret\u00e9 des r\u00e9acteurs nucl\u00e9aires 900 MW dans le cas d\u2019une prolongation de leur dur\u00e9e d\u2019exploitation en France.<\/strong><\/h2>\n<p><strong><em>Luxembourg, le 02 Avril 2019 &#8211; Greenpeace a pr\u00e9sent\u00e9 ce matin lors d&#8217;une conf\u00e9rence de presse une \u00e9tude sur &#8220;l\u2019augmentation du niveau de s\u00fbret\u00e9 des r\u00e9acteurs nucl\u00e9aires du palier de puissance 900 MW en France dans le cas d\u2019une prolongation de leur dur\u00e9e d\u2019exploitation&#8221; [1].<\/em><\/strong><\/p>\n<p><span style=\"font-weight: 400;\">Une concertation sur l&#8217;am\u00e9lioration de la s\u00fbret\u00e9 des r\u00e9acteurs de 900 MWe du parc nucl\u00e9aire fran\u00e7ais est actuellement en cours dans le cadre de leur 4<\/span><span style=\"font-weight: 400;\">\u00e8me<\/span><span style=\"font-weight: 400;\"> r\u00e9examen p\u00e9riodique. La 4<\/span><span style=\"font-weight: 400;\">\u00e8me<\/span><span style=\"font-weight: 400;\"> visite d\u00e9cennale (VD4) du r\u00e9acteur n\u00b0 1 de Tricastin va commencer d\u00e9but juin. Suite \u00e0 cette VD4, les autorit\u00e9s fran\u00e7aises vont d\u00e9cider des conditions de la prolongation de la dur\u00e9e de vie au-del\u00e0 de 40 ans des premiers r\u00e9acteurs. \u00a0L\u2019objectif annonc\u00e9 est d\u2019atteindre le niveau de s\u00fbret\u00e9 des r\u00e9acteurs de 3<\/span><span style=\"font-weight: 400;\">\u00e8me<\/span><span style=\"font-weight: 400;\"> g\u00e9n\u00e9ration (EPR) pour les r\u00e9acteurs plus anciens. \u00c0 cette occasion, Greenpeace a command\u00e9 une \u00e9tude aupr\u00e8s du Professeur allemand Manfred Mertins afin d\u2019analyser la possibilit\u00e9 de parvenir \u00e0 un tel niveau de s\u00fbret\u00e9.<\/span><\/p>\n<p><span style=\"font-weight: 400;\">La prolongation de la dur\u00e9e d\u2019exploitation des r\u00e9acteurs de 900MWe est \u00e0 l&#8217;ordre du jour dans un certain nombre de pays utilisant l&#8217;\u00e9nergie nucl\u00e9aire. Les raisons d&#8217;une telle prolongation sont de nature diff\u00e9rente, mais c\u2019est surtout le niveau de s\u00fbret\u00e9 \u00e0 atteindre en cas de prolongation de la dur\u00e9e d&#8217;exploitation d\u2019un r\u00e9acteur nucl\u00e9aire qui est toutefois d\u00e9terminant.<\/span><\/p>\n<p><span style=\"font-weight: 400;\">En g\u00e9n\u00e9ral, les r\u00e9acteurs \u00a0nucl\u00e9aires dont on envisagerait une prolongation de la dur\u00e9e d&#8217;exploitation ont \u00e9t\u00e9 con\u00e7us \u00e0 la fin des ann\u00e9es 1960 ou au d\u00e9but des ann\u00e9es 1970 et ont \u00e9t\u00e9 construite avec les technologies et connaissances de l&#8217;\u00e9poque. Les le<\/span><span style=\"font-weight: 400;\">\u00e7ons des catastrophes nucl\u00e9aires de Three Mile Island aux \u00c9tats-Unis, de Tchernobyl dans l&#8217;ex-Union sovi\u00e9tique et de Fukushima au Japon, qui ont conduit chacune \u00e0 un renforcement consid\u00e9rable des exigences de s\u00fbret\u00e9 en vigueur alors, constituent d\u00e9sormais le r\u00e9f\u00e9rentiel de s\u00fbret\u00e9 pour les centrales nucl\u00e9aires qui sont actuellement en construction ou doivent \u00eatre exploit\u00e9es au-del\u00e0 de la dur\u00e9e pr\u00e9vue initialement. Une telle prolongation de la dur\u00e9e de fonctionnement est actuellement vis\u00e9e par le fournisseur d\u2019\u00e9nergie fran\u00e7ais EDF qui exploite les r\u00e9acteurs nucl\u00e9aires du palier de puissance 900 MW.<\/span><\/p>\n<p><span style=\"font-weight: 400;\">&#8220;<\/span><i><span style=\"font-weight: 400;\">Au regard des exigences fran\u00e7aises et internationales appliqu\u00e9es \u00e0 l\u2019heure actuelle, l&#8217;\u00e9tude conclut que les centrales fran\u00e7aises \u00e9quip\u00e9es de r\u00e9acteurs de 900 MWe pr\u00e9sentent de graves d\u00e9ficits en mati\u00e8re de s\u00fbret\u00e9 et que, sur le plan pratique, une modernisation de ces centrales ne suffira pas \u00e0 rem\u00e9dier \u00e0 ces manquements, dont les cons\u00e9quences sur la s\u00fbret\u00e9 sont consid\u00e9rables.<\/span><\/i><span style=\"font-weight: 400;\">&#8220;, explique Roger Spautz, charg\u00e9 de campagne nucl\u00e9aire pour Greenpeace Luxembourg. &#8220;<\/span><i><span style=\"font-weight: 400;\">Reste \u00e0 savoir quelles mesures EDF compte mettre en \u0153uvre pour mettre \u00e0 niveau les r\u00e9acteurs de 900 MWe en vue de r\u00e9pondre pr\u00e9cis\u00e9ment aux exigences actuelles de s\u00fbret\u00e9 et quelles exigences seront impos\u00e9es par l\u2019Autorit\u00e9 de S\u00fbret\u00e9 Nucl\u00e9aire (ASN).<\/span><\/i><span style=\"font-weight: 400;\">&#8220;<\/span><\/p>\n<p><span style=\"font-weight: 400;\">La s\u00fbret\u00e9 des centrales actuelles se fonde sur un concept de s\u00fbret\u00e9 appel\u00e9 d\u00e9fense en profondeur, divis\u00e9 en quatre niveaux devant fonctionner ind\u00e9pendamment les uns des autres, ainsi que sur des dispositions visant \u00e0 leur protection face aux al\u00e9as naturels tels que les s\u00e9ismes, les inondations et face aux al\u00e9as humains, comme les crashs d\u2019avion. La s\u00fbret\u00e9 des centrales nucl\u00e9aires en exploitation est \u00e9valu\u00e9e \u00e0 l\u2019aune des normes actuelles. Aussi la pr\u00e9sence de points de non-conformit\u00e9 doit-elle donner lieu \u00e0 une \u00e9valuation des aspects de s\u00fbret\u00e9 et, si n\u00e9cessaire, \u00e0 une mise \u00e0 niveau. Pour Greenpeace, les conditions pour une prolongation du mandat ne sont pas r\u00e9unies, le niveau de s\u00e9curit\u00e9 requis ne pouvant \u00eatre atteint.<\/span><\/p>\n<p><span style=\"font-weight: 400;\">Greenpeace appelle les pays voisins de la France, tels que le Luxembourg et l&#8217;Allemagne, \u00e0 demander aux autorit\u00e9s fran\u00e7aises une consultation transfrontali\u00e8re sur l&#8217;\u00e9valuation de l&#8217;impact sur l&#8217;environnement (EIE), comme le pr\u00e9voit la Convention d&#8217;Espoo [2], et \u00e0 ne pas prolonger la dur\u00e9e de vie des r\u00e9acteurs fran\u00e7ais.<\/span><\/p>\n<p>&nbsp;<\/p>\n<h3><strong>Note(s) :<\/strong><\/h3>\n<p><span style=\"font-weight: 300;\">[1] Manfred Mertins (2019) &#8211; Etude en vue de l\u2019augmentation du niveau de s\u00fbret\u00e9 des r\u00e9acteurs nucl\u00e9aires du palier de puissance 900 MW en France dans le cas d\u2019une prolongation de leur dur\u00e9e d\u2019exploitation. <\/span><a href=\"https:\/\/www.greenpeace.org\/static\/planet4-luxembourg-stateless\/2019\/03\/ed84d6e8-analyse-greenpeace-fr-fin.pdf\"><span style=\"font-weight: 300;\">Etude compl\u00e8te<\/span><\/a><span style=\"font-weight: 300;\">.<\/span><\/p>\n<p><span style=\"font-weight: 300;\">[2] Espoo, 1991 : La Convention sur l\u2019\u00e9valuation de l\u2019impact sur l\u2019environnement (EIE) dans un contexte transfronti\u00e8re stipule les obligations des Parties d\u2019\u00e9valuer l\u2019impact sur l\u2019environnement de certaines activit\u00e9s au d\u00e9but de la planification. Elle stipule \u00e9galement l\u2019obligation g\u00e9n\u00e9rale des Etats de notifier et de se consulter sur tous projets majeurs \u00e0 l\u2019\u00e9tude susceptibles d\u2019avoir un impact transfronti\u00e8re pr\u00e9judiciable important sur l\u2019environnement.<\/span> <span style=\"font-weight: 300;\">\u00a0<\/span><a href=\"https:\/\/www.unece.org\/environmental-policy\/conventions\/environmental-assessment\/about-us\/espoo-convention\/enveiaeia\/more.html\"><span style=\"font-weight: 300;\">Plus d&#8217;informations.<\/span><\/a><\/p>\n\t\t\t<section\n\t\t\tclass=\"boxout post-428 \"\n\t\t\t\n\t\t>\n\t\t\t<a\n\t\t\t\tdata-ga-category=\"Take Action Boxout\"\n\t\t\t\tdata-ga-action=\"Image\"\n\t\t\t\tdata-ga-label=\"n\/a\"\n\t\t\t\tclass=\"cover-card-overlay\"\n\t\t\t\thref=\"https:\/\/www.greenpeace.org\/luxembourg\/fr\/agir\/exigeons-la-fin-du-nucleaire\/\" \n\t\t\t><\/a>\n\t\t\t\t\t\t\t<img\n\t\t\t\t\t\tsrc=\"https:\/\/www.greenpeace.org\/static\/planet4-luxembourg-stateless\/2020\/07\/e0610c64-nuclear_waste.jpg\"\n\t\t\t\t\t\tsrcset=\"https:\/\/www.greenpeace.org\/static\/planet4-luxembourg-stateless\/2020\/07\/e0610c64-nuclear_waste-300x199.jpg 300w, https:\/\/www.greenpeace.org\/static\/planet4-luxembourg-stateless\/2020\/07\/e0610c64-nuclear_waste-768x510.jpg 768w, https:\/\/www.greenpeace.org\/static\/planet4-luxembourg-stateless\/2020\/07\/e0610c64-nuclear_waste-510x338.jpg 510w, https:\/\/www.greenpeace.org\/static\/planet4-luxembourg-stateless\/2020\/07\/e0610c64-nuclear_waste.jpg 999w\"\n\t\t\t\t\t\tsizes=\"(min-width: 1000px) 358px, (min-width: 780px) 313px, 88px\"\n\t\t\t\t\t\talt=\"\" title=\"\"\n\t\t\t\t\/>\n            \t\t\t<div class=\"boxout-content\">\n\t\t\t\t\t\t\t\t\t<a\n\t\t\t\t\t\tclass=\"boxout-heading medium\"\n\t\t\t\t\t\tdata-ga-category=\"Take Action Boxout\"\n\t\t\t\t\t\tdata-ga-action=\"Title\"\n\t\t\t\t\t\tdata-ga-label=\"n\/a\"\n\t\t\t\t\t\thref=\"https:\/\/www.greenpeace.org\/luxembourg\/fr\/agir\/exigeons-la-fin-du-nucleaire\/\"\n\t\t\t\t\t\t\n\t\t\t\t\t>\n\t\t\t\t\t\t\u00c9xigeons la fin du nucl\u00e9aire\n\t\t\t\t\t<\/a>\n\t\t\t\t\t\t\t\t\t\t\t\t\t<p class=\"boxout-excerpt\">Le risque Z\u00e9ro n\u2019existe pas.\nFissures, fragilit\u00e9 des structures, anomalies de construction, les installations nous r\u00e9servent chaque fois plus de surprises et les d\u00e9chets sont ing\u00e9rables. <\/p>\n\t\t\t\t                                    <a\n                        class=\"btn btn-primary\"\n                        data-ga-category=\"Take Action Boxout\"\n                        data-ga-action=\"Call to Action\"\n                        data-ga-label=\"n\/a\"\n                        href=\"https:\/\/www.greenpeace.org\/luxembourg\/fr\/agir\/exigeons-la-fin-du-nucleaire\/\"\n                        \n                    >\n                        S&#039;engager\n                    <\/a>\n                \t\t\t<\/div>\n\t\t\t\t\t<\/section>\n\t","protected":false},"excerpt":{"rendered":"<p>Conclusions d\u2019une \u00e9tude en vue de l\u2019augmentation du niveau de s\u00fbret\u00e9 des r\u00e9acteurs nucl\u00e9aires 900 MW dans le cas d\u2019une prolongation de leur dur\u00e9e d\u2019exploitation en France. Luxembourg, le 02&hellip;<\/p>\n","protected":false},"author":18,"featured_media":4503,"comment_status":"closed","ping_status":"closed","sticky":false,"template":"","format":"standard","meta":{"ep_exclude_from_search":false,"p4_og_title":"","p4_og_description":"","p4_og_image":"","p4_og_image_id":"","p4_seo_canonical_url":"","p4_campaign_name":"","p4_local_project":"","p4_basket_name":"","p4_department":"","footnotes":""},"categories":[42],"tags":[30],"p4-page-type":[83],"class_list":["post-4484","post","type-post","status-publish","format-standard","has-post-thumbnail","hentry","category-energie","tag-nucleaire","p4-page-type-communiques-de-presse"],"yoast_head":"<!-- This site is optimized with the Yoast SEO Premium plugin v23.9 (Yoast SEO v23.9) - https:\/\/yoast.com\/wordpress\/plugins\/seo\/ -->\n<title>Des d\u00e9ficits de s\u00fbret\u00e9 consid\u00e9rables li\u00e9s \u00e0 l\u2019extension de la dur\u00e9e de vie des centrales nucl\u00e9aires fran\u00e7aises - Greenpeace Luxembourg<\/title>\n<meta name=\"robots\" content=\"index, follow, max-snippet:-1, max-image-preview:large, max-video-preview:-1\" \/>\n<link rel=\"canonical\" href=\"https:\/\/www.greenpeace.org\/luxembourg\/fr\/communiques-de-presse\/4484\/des-deficits-de-surete-considerables-lies-a-lextension-de-la-duree-de-vie-des-centrales-nucleaires-francaises\/\" \/>\n<meta property=\"og:locale\" content=\"fr_FR\" \/>\n<meta property=\"og:type\" content=\"article\" \/>\n<meta property=\"og:title\" content=\"Des d\u00e9ficits de s\u00fbret\u00e9 consid\u00e9rables li\u00e9s \u00e0 l\u2019extension de la dur\u00e9e de vie des centrales nucl\u00e9aires fran\u00e7aises\" \/>\n<meta property=\"og:description\" content=\"Conclusions d\u2019une \u00e9tude en vue de l\u2019augmentation du niveau de s\u00fbret\u00e9 des r\u00e9acteurs nucl\u00e9aires 900 MW dans le cas d\u2019une prolongation de leur dur\u00e9e d\u2019exploitation en France. Luxembourg, le 02&hellip;\" \/>\n<meta property=\"og:url\" content=\"https:\/\/www.greenpeace.org\/luxembourg\/fr\/communiques-de-presse\/4484\/des-deficits-de-surete-considerables-lies-a-lextension-de-la-duree-de-vie-des-centrales-nucleaires-francaises\/\" \/>\n<meta property=\"og:site_name\" content=\"Greenpeace Luxembourg\" \/>\n<meta property=\"article:publisher\" content=\"https:\/\/www.facebook.com\/greenpeaceluxembourg\" \/>\n<meta property=\"article:published_time\" content=\"2019-04-02T09:00:02+00:00\" \/>\n<meta property=\"article:modified_time\" content=\"2021-12-01T15:31:07+00:00\" \/>\n<meta property=\"og:image\" content=\"https:\/\/www.greenpeace.org\/static\/planet4-luxembourg-stateless\/2019\/04\/DSC2969.jpg\" \/>\n\t<meta property=\"og:image:width\" content=\"4928\" \/>\n\t<meta property=\"og:image:height\" content=\"3264\" \/>\n\t<meta property=\"og:image:type\" content=\"image\/jpeg\" \/>\n<meta name=\"author\" content=\"Pauline Maes\" \/>\n<meta name=\"twitter:card\" content=\"summary_large_image\" \/>\n<meta name=\"twitter:label1\" content=\"Written by\" \/>\n\t<meta name=\"twitter:data1\" content=\"Pauline Maes\" \/>\n\t<meta name=\"twitter:label2\" content=\"Est. reading time\" \/>\n\t<meta name=\"twitter:data2\" content=\"4 minutes\" \/>\n<script type=\"application\/ld+json\" class=\"yoast-schema-graph\">{\"@context\":\"https:\/\/schema.org\",\"@graph\":[{\"@type\":\"Article\",\"@id\":\"https:\/\/www.greenpeace.org\/luxembourg\/fr\/communiques-de-presse\/4484\/des-deficits-de-surete-considerables-lies-a-lextension-de-la-duree-de-vie-des-centrales-nucleaires-francaises\/#article\",\"isPartOf\":{\"@id\":\"https:\/\/www.greenpeace.org\/luxembourg\/fr\/communiques-de-presse\/4484\/des-deficits-de-surete-considerables-lies-a-lextension-de-la-duree-de-vie-des-centrales-nucleaires-francaises\/\"},\"author\":{\"name\":\"Pauline Maes\",\"@id\":\"https:\/\/www.greenpeace.org\/luxembourg\/fr\/#\/schema\/person\/7bbeb343322bdadf139e7e27e7c86ec8\"},\"headline\":\"Des d\u00e9ficits de s\u00fbret\u00e9 consid\u00e9rables li\u00e9s \u00e0 l\u2019extension de la dur\u00e9e de vie des centrales nucl\u00e9aires fran\u00e7aises\",\"datePublished\":\"2019-04-02T09:00:02+00:00\",\"dateModified\":\"2021-12-01T15:31:07+00:00\",\"mainEntityOfPage\":{\"@id\":\"https:\/\/www.greenpeace.org\/luxembourg\/fr\/communiques-de-presse\/4484\/des-deficits-de-surete-considerables-lies-a-lextension-de-la-duree-de-vie-des-centrales-nucleaires-francaises\/\"},\"wordCount\":902,\"publisher\":{\"@id\":\"https:\/\/www.greenpeace.org\/luxembourg\/fr\/#organization\"},\"image\":{\"@id\":\"https:\/\/www.greenpeace.org\/luxembourg\/fr\/communiques-de-presse\/4484\/des-deficits-de-surete-considerables-lies-a-lextension-de-la-duree-de-vie-des-centrales-nucleaires-francaises\/#primaryimage\"},\"thumbnailUrl\":\"https:\/\/www.greenpeace.org\/static\/planet4-luxembourg-stateless\/2019\/04\/DSC2969.jpg\",\"keywords\":[\"Nucl\u00e9aire\"],\"articleSection\":[\"\u00c9nergie\"],\"inLanguage\":\"fr-LU\"},{\"@type\":\"WebPage\",\"@id\":\"https:\/\/www.greenpeace.org\/luxembourg\/fr\/communiques-de-presse\/4484\/des-deficits-de-surete-considerables-lies-a-lextension-de-la-duree-de-vie-des-centrales-nucleaires-francaises\/\",\"url\":\"https:\/\/www.greenpeace.org\/luxembourg\/fr\/communiques-de-presse\/4484\/des-deficits-de-surete-considerables-lies-a-lextension-de-la-duree-de-vie-des-centrales-nucleaires-francaises\/\",\"name\":\"Des d\u00e9ficits de s\u00fbret\u00e9 consid\u00e9rables li\u00e9s \u00e0 l\u2019extension de la dur\u00e9e de vie des centrales nucl\u00e9aires fran\u00e7aises - Greenpeace Luxembourg\",\"isPartOf\":{\"@id\":\"https:\/\/www.greenpeace.org\/luxembourg\/fr\/#website\"},\"primaryImageOfPage\":{\"@id\":\"https:\/\/www.greenpeace.org\/luxembourg\/fr\/communiques-de-presse\/4484\/des-deficits-de-surete-considerables-lies-a-lextension-de-la-duree-de-vie-des-centrales-nucleaires-francaises\/#primaryimage\"},\"image\":{\"@id\":\"https:\/\/www.greenpeace.org\/luxembourg\/fr\/communiques-de-presse\/4484\/des-deficits-de-surete-considerables-lies-a-lextension-de-la-duree-de-vie-des-centrales-nucleaires-francaises\/#primaryimage\"},\"thumbnailUrl\":\"https:\/\/www.greenpeace.org\/static\/planet4-luxembourg-stateless\/2019\/04\/DSC2969.jpg\",\"datePublished\":\"2019-04-02T09:00:02+00:00\",\"dateModified\":\"2021-12-01T15:31:07+00:00\",\"breadcrumb\":{\"@id\":\"https:\/\/www.greenpeace.org\/luxembourg\/fr\/communiques-de-presse\/4484\/des-deficits-de-surete-considerables-lies-a-lextension-de-la-duree-de-vie-des-centrales-nucleaires-francaises\/#breadcrumb\"},\"inLanguage\":\"fr-LU\",\"potentialAction\":[{\"@type\":\"ReadAction\",\"target\":[\"https:\/\/www.greenpeace.org\/luxembourg\/fr\/communiques-de-presse\/4484\/des-deficits-de-surete-considerables-lies-a-lextension-de-la-duree-de-vie-des-centrales-nucleaires-francaises\/\"]}]},{\"@type\":\"ImageObject\",\"inLanguage\":\"fr-LU\",\"@id\":\"https:\/\/www.greenpeace.org\/luxembourg\/fr\/communiques-de-presse\/4484\/des-deficits-de-surete-considerables-lies-a-lextension-de-la-duree-de-vie-des-centrales-nucleaires-francaises\/#primaryimage\",\"url\":\"https:\/\/www.greenpeace.org\/static\/planet4-luxembourg-stateless\/2019\/04\/DSC2969.jpg\",\"contentUrl\":\"https:\/\/www.greenpeace.org\/static\/planet4-luxembourg-stateless\/2019\/04\/DSC2969.jpg\",\"width\":4928,\"height\":3264,\"caption\":\"Pressekonferenz zum Thema Atomkraft, Roger Spautz\"},{\"@type\":\"BreadcrumbList\",\"@id\":\"https:\/\/www.greenpeace.org\/luxembourg\/fr\/communiques-de-presse\/4484\/des-deficits-de-surete-considerables-lies-a-lextension-de-la-duree-de-vie-des-centrales-nucleaires-francaises\/#breadcrumb\",\"itemListElement\":[{\"@type\":\"ListItem\",\"position\":1,\"name\":\"Home\",\"item\":\"https:\/\/www.greenpeace.org\/luxembourg\/fr\/\"},{\"@type\":\"ListItem\",\"position\":2,\"name\":\"Des d\u00e9ficits de s\u00fbret\u00e9 consid\u00e9rables li\u00e9s \u00e0 l\u2019extension de la dur\u00e9e de vie des centrales nucl\u00e9aires fran\u00e7aises\"}]},{\"@type\":\"WebSite\",\"@id\":\"https:\/\/www.greenpeace.org\/luxembourg\/fr\/#website\",\"url\":\"https:\/\/www.greenpeace.org\/luxembourg\/fr\/\",\"name\":\"Greenpeace Luxembourg\",\"description\":\"Greenpeace existe parce que cette Terre fragile a besoin d&#039;une voix. Elle a besoin de solutions. De changement. D&#039;actions.\",\"publisher\":{\"@id\":\"https:\/\/www.greenpeace.org\/luxembourg\/fr\/#organization\"},\"potentialAction\":[{\"@type\":\"SearchAction\",\"target\":{\"@type\":\"EntryPoint\",\"urlTemplate\":\"https:\/\/www.greenpeace.org\/luxembourg\/fr\/?s={search_term_string}\"},\"query-input\":{\"@type\":\"PropertyValueSpecification\",\"valueRequired\":true,\"valueName\":\"search_term_string\"}}],\"inLanguage\":\"fr-LU\"},{\"@type\":\"Organization\",\"@id\":\"https:\/\/www.greenpeace.org\/luxembourg\/fr\/#organization\",\"name\":\"Greenpeace Luxembourg\",\"url\":\"https:\/\/www.greenpeace.org\/luxembourg\/fr\/\",\"logo\":{\"@type\":\"ImageObject\",\"inLanguage\":\"fr-LU\",\"@id\":\"https:\/\/www.greenpeace.org\/luxembourg\/fr\/#\/schema\/logo\/image\/\",\"url\":\"https:\/\/www.greenpeace.org\/static\/planet4-luxembourg-stateless\/2026\/03\/3e367f94-greenpeace_logo_green_rgb.png\",\"contentUrl\":\"https:\/\/www.greenpeace.org\/static\/planet4-luxembourg-stateless\/2026\/03\/3e367f94-greenpeace_logo_green_rgb.png\",\"width\":1080,\"height\":175,\"caption\":\"Greenpeace Luxembourg\"},\"image\":{\"@id\":\"https:\/\/www.greenpeace.org\/luxembourg\/fr\/#\/schema\/logo\/image\/\"},\"sameAs\":[\"https:\/\/www.facebook.com\/greenpeaceluxembourg\",\"https:\/\/www.instagram.com\/greenpeacelux\/\",\"https:\/\/www.linkedin.com\/company\/greenpeace-luxembourg\/\",\"https:\/\/www.threads.com\/@greenpeacelux\",\"https:\/\/bsky.app\/profile\/greenpeacelux.bsky.social\",\"https:\/\/www.youtube.com\/@GreenpeaceLux\",\"https:\/\/www.tiktok.com\/@greenpeace_lux\"]},{\"@type\":\"Person\",\"@id\":\"https:\/\/www.greenpeace.org\/luxembourg\/fr\/#\/schema\/person\/7bbeb343322bdadf139e7e27e7c86ec8\",\"name\":\"Pauline Maes\",\"url\":\"https:\/\/www.greenpeace.org\/luxembourg\/fr\/author\/pmaes\/\"}]}<\/script>\n<!-- \/ Yoast SEO Premium plugin. -->","yoast_head_json":{"title":"Des d\u00e9ficits de s\u00fbret\u00e9 consid\u00e9rables li\u00e9s \u00e0 l\u2019extension de la dur\u00e9e de vie des centrales nucl\u00e9aires fran\u00e7aises - Greenpeace Luxembourg","robots":{"index":"index","follow":"follow","max-snippet":"max-snippet:-1","max-image-preview":"max-image-preview:large","max-video-preview":"max-video-preview:-1"},"canonical":"https:\/\/www.greenpeace.org\/luxembourg\/fr\/communiques-de-presse\/4484\/des-deficits-de-surete-considerables-lies-a-lextension-de-la-duree-de-vie-des-centrales-nucleaires-francaises\/","og_locale":"fr_FR","og_type":"article","og_title":"Des d\u00e9ficits de s\u00fbret\u00e9 consid\u00e9rables li\u00e9s \u00e0 l\u2019extension de la dur\u00e9e de vie des centrales nucl\u00e9aires fran\u00e7aises","og_description":"Conclusions d\u2019une \u00e9tude en vue de l\u2019augmentation du niveau de s\u00fbret\u00e9 des r\u00e9acteurs nucl\u00e9aires 900 MW dans le cas d\u2019une prolongation de leur dur\u00e9e d\u2019exploitation en France. Luxembourg, le 02&hellip;","og_url":"https:\/\/www.greenpeace.org\/luxembourg\/fr\/communiques-de-presse\/4484\/des-deficits-de-surete-considerables-lies-a-lextension-de-la-duree-de-vie-des-centrales-nucleaires-francaises\/","og_site_name":"Greenpeace Luxembourg","article_publisher":"https:\/\/www.facebook.com\/greenpeaceluxembourg","article_published_time":"2019-04-02T09:00:02+00:00","article_modified_time":"2021-12-01T15:31:07+00:00","og_image":[{"width":4928,"height":3264,"url":"https:\/\/www.greenpeace.org\/static\/planet4-luxembourg-stateless\/2019\/04\/DSC2969.jpg","type":"image\/jpeg"}],"author":"Pauline Maes","twitter_card":"summary_large_image","twitter_misc":{"Written by":"Pauline Maes","Est. reading time":"4 minutes"},"schema":{"@context":"https:\/\/schema.org","@graph":[{"@type":"Article","@id":"https:\/\/www.greenpeace.org\/luxembourg\/fr\/communiques-de-presse\/4484\/des-deficits-de-surete-considerables-lies-a-lextension-de-la-duree-de-vie-des-centrales-nucleaires-francaises\/#article","isPartOf":{"@id":"https:\/\/www.greenpeace.org\/luxembourg\/fr\/communiques-de-presse\/4484\/des-deficits-de-surete-considerables-lies-a-lextension-de-la-duree-de-vie-des-centrales-nucleaires-francaises\/"},"author":{"name":"Pauline Maes","@id":"https:\/\/www.greenpeace.org\/luxembourg\/fr\/#\/schema\/person\/7bbeb343322bdadf139e7e27e7c86ec8"},"headline":"Des d\u00e9ficits de s\u00fbret\u00e9 consid\u00e9rables li\u00e9s \u00e0 l\u2019extension de la dur\u00e9e de vie des centrales nucl\u00e9aires fran\u00e7aises","datePublished":"2019-04-02T09:00:02+00:00","dateModified":"2021-12-01T15:31:07+00:00","mainEntityOfPage":{"@id":"https:\/\/www.greenpeace.org\/luxembourg\/fr\/communiques-de-presse\/4484\/des-deficits-de-surete-considerables-lies-a-lextension-de-la-duree-de-vie-des-centrales-nucleaires-francaises\/"},"wordCount":902,"publisher":{"@id":"https:\/\/www.greenpeace.org\/luxembourg\/fr\/#organization"},"image":{"@id":"https:\/\/www.greenpeace.org\/luxembourg\/fr\/communiques-de-presse\/4484\/des-deficits-de-surete-considerables-lies-a-lextension-de-la-duree-de-vie-des-centrales-nucleaires-francaises\/#primaryimage"},"thumbnailUrl":"https:\/\/www.greenpeace.org\/static\/planet4-luxembourg-stateless\/2019\/04\/DSC2969.jpg","keywords":["Nucl\u00e9aire"],"articleSection":["\u00c9nergie"],"inLanguage":"fr-LU"},{"@type":"WebPage","@id":"https:\/\/www.greenpeace.org\/luxembourg\/fr\/communiques-de-presse\/4484\/des-deficits-de-surete-considerables-lies-a-lextension-de-la-duree-de-vie-des-centrales-nucleaires-francaises\/","url":"https:\/\/www.greenpeace.org\/luxembourg\/fr\/communiques-de-presse\/4484\/des-deficits-de-surete-considerables-lies-a-lextension-de-la-duree-de-vie-des-centrales-nucleaires-francaises\/","name":"Des d\u00e9ficits de s\u00fbret\u00e9 consid\u00e9rables li\u00e9s \u00e0 l\u2019extension de la dur\u00e9e de vie des centrales nucl\u00e9aires fran\u00e7aises - Greenpeace Luxembourg","isPartOf":{"@id":"https:\/\/www.greenpeace.org\/luxembourg\/fr\/#website"},"primaryImageOfPage":{"@id":"https:\/\/www.greenpeace.org\/luxembourg\/fr\/communiques-de-presse\/4484\/des-deficits-de-surete-considerables-lies-a-lextension-de-la-duree-de-vie-des-centrales-nucleaires-francaises\/#primaryimage"},"image":{"@id":"https:\/\/www.greenpeace.org\/luxembourg\/fr\/communiques-de-presse\/4484\/des-deficits-de-surete-considerables-lies-a-lextension-de-la-duree-de-vie-des-centrales-nucleaires-francaises\/#primaryimage"},"thumbnailUrl":"https:\/\/www.greenpeace.org\/static\/planet4-luxembourg-stateless\/2019\/04\/DSC2969.jpg","datePublished":"2019-04-02T09:00:02+00:00","dateModified":"2021-12-01T15:31:07+00:00","breadcrumb":{"@id":"https:\/\/www.greenpeace.org\/luxembourg\/fr\/communiques-de-presse\/4484\/des-deficits-de-surete-considerables-lies-a-lextension-de-la-duree-de-vie-des-centrales-nucleaires-francaises\/#breadcrumb"},"inLanguage":"fr-LU","potentialAction":[{"@type":"ReadAction","target":["https:\/\/www.greenpeace.org\/luxembourg\/fr\/communiques-de-presse\/4484\/des-deficits-de-surete-considerables-lies-a-lextension-de-la-duree-de-vie-des-centrales-nucleaires-francaises\/"]}]},{"@type":"ImageObject","inLanguage":"fr-LU","@id":"https:\/\/www.greenpeace.org\/luxembourg\/fr\/communiques-de-presse\/4484\/des-deficits-de-surete-considerables-lies-a-lextension-de-la-duree-de-vie-des-centrales-nucleaires-francaises\/#primaryimage","url":"https:\/\/www.greenpeace.org\/static\/planet4-luxembourg-stateless\/2019\/04\/DSC2969.jpg","contentUrl":"https:\/\/www.greenpeace.org\/static\/planet4-luxembourg-stateless\/2019\/04\/DSC2969.jpg","width":4928,"height":3264,"caption":"Pressekonferenz zum Thema Atomkraft, Roger Spautz"},{"@type":"BreadcrumbList","@id":"https:\/\/www.greenpeace.org\/luxembourg\/fr\/communiques-de-presse\/4484\/des-deficits-de-surete-considerables-lies-a-lextension-de-la-duree-de-vie-des-centrales-nucleaires-francaises\/#breadcrumb","itemListElement":[{"@type":"ListItem","position":1,"name":"Home","item":"https:\/\/www.greenpeace.org\/luxembourg\/fr\/"},{"@type":"ListItem","position":2,"name":"Des d\u00e9ficits de s\u00fbret\u00e9 consid\u00e9rables li\u00e9s \u00e0 l\u2019extension de la dur\u00e9e de vie des centrales nucl\u00e9aires fran\u00e7aises"}]},{"@type":"WebSite","@id":"https:\/\/www.greenpeace.org\/luxembourg\/fr\/#website","url":"https:\/\/www.greenpeace.org\/luxembourg\/fr\/","name":"Greenpeace Luxembourg","description":"Greenpeace existe parce que cette Terre fragile a besoin d&#039;une voix. Elle a besoin de solutions. De changement. D&#039;actions.","publisher":{"@id":"https:\/\/www.greenpeace.org\/luxembourg\/fr\/#organization"},"potentialAction":[{"@type":"SearchAction","target":{"@type":"EntryPoint","urlTemplate":"https:\/\/www.greenpeace.org\/luxembourg\/fr\/?s={search_term_string}"},"query-input":{"@type":"PropertyValueSpecification","valueRequired":true,"valueName":"search_term_string"}}],"inLanguage":"fr-LU"},{"@type":"Organization","@id":"https:\/\/www.greenpeace.org\/luxembourg\/fr\/#organization","name":"Greenpeace Luxembourg","url":"https:\/\/www.greenpeace.org\/luxembourg\/fr\/","logo":{"@type":"ImageObject","inLanguage":"fr-LU","@id":"https:\/\/www.greenpeace.org\/luxembourg\/fr\/#\/schema\/logo\/image\/","url":"https:\/\/www.greenpeace.org\/static\/planet4-luxembourg-stateless\/2026\/03\/3e367f94-greenpeace_logo_green_rgb.png","contentUrl":"https:\/\/www.greenpeace.org\/static\/planet4-luxembourg-stateless\/2026\/03\/3e367f94-greenpeace_logo_green_rgb.png","width":1080,"height":175,"caption":"Greenpeace Luxembourg"},"image":{"@id":"https:\/\/www.greenpeace.org\/luxembourg\/fr\/#\/schema\/logo\/image\/"},"sameAs":["https:\/\/www.facebook.com\/greenpeaceluxembourg","https:\/\/www.instagram.com\/greenpeacelux\/","https:\/\/www.linkedin.com\/company\/greenpeace-luxembourg\/","https:\/\/www.threads.com\/@greenpeacelux","https:\/\/bsky.app\/profile\/greenpeacelux.bsky.social","https:\/\/www.youtube.com\/@GreenpeaceLux","https:\/\/www.tiktok.com\/@greenpeace_lux"]},{"@type":"Person","@id":"https:\/\/www.greenpeace.org\/luxembourg\/fr\/#\/schema\/person\/7bbeb343322bdadf139e7e27e7c86ec8","name":"Pauline Maes","url":"https:\/\/www.greenpeace.org\/luxembourg\/fr\/author\/pmaes\/"}]}},"_links":{"self":[{"href":"https:\/\/www.greenpeace.org\/luxembourg\/fr\/wp-json\/wp\/v2\/posts\/4484","targetHints":{"allow":["GET"]}}],"collection":[{"href":"https:\/\/www.greenpeace.org\/luxembourg\/fr\/wp-json\/wp\/v2\/posts"}],"about":[{"href":"https:\/\/www.greenpeace.org\/luxembourg\/fr\/wp-json\/wp\/v2\/types\/post"}],"author":[{"embeddable":true,"href":"https:\/\/www.greenpeace.org\/luxembourg\/fr\/wp-json\/wp\/v2\/users\/18"}],"replies":[{"embeddable":true,"href":"https:\/\/www.greenpeace.org\/luxembourg\/fr\/wp-json\/wp\/v2\/comments?post=4484"}],"version-history":[{"count":4,"href":"https:\/\/www.greenpeace.org\/luxembourg\/fr\/wp-json\/wp\/v2\/posts\/4484\/revisions"}],"predecessor-version":[{"id":13081,"href":"https:\/\/www.greenpeace.org\/luxembourg\/fr\/wp-json\/wp\/v2\/posts\/4484\/revisions\/13081"}],"wp:featuredmedia":[{"embeddable":true,"href":"https:\/\/www.greenpeace.org\/luxembourg\/fr\/wp-json\/wp\/v2\/media\/4503"}],"wp:attachment":[{"href":"https:\/\/www.greenpeace.org\/luxembourg\/fr\/wp-json\/wp\/v2\/media?parent=4484"}],"wp:term":[{"taxonomy":"category","embeddable":true,"href":"https:\/\/www.greenpeace.org\/luxembourg\/fr\/wp-json\/wp\/v2\/categories?post=4484"},{"taxonomy":"post_tag","embeddable":true,"href":"https:\/\/www.greenpeace.org\/luxembourg\/fr\/wp-json\/wp\/v2\/tags?post=4484"},{"taxonomy":"p4-page-type","embeddable":true,"href":"https:\/\/www.greenpeace.org\/luxembourg\/fr\/wp-json\/wp\/v2\/p4-page-type?post=4484"}],"curies":[{"name":"wp","href":"https:\/\/api.w.org\/{rel}","templated":true}]}}