{"id":4610,"date":"2019-04-20T12:00:23","date_gmt":"2019-04-20T10:00:23","guid":{"rendered":"https:\/\/www.greenpeace.org\/luxembourg\/?p=4610"},"modified":"2021-12-01T17:30:50","modified_gmt":"2021-12-01T15:30:50","slug":"un-monstre-de-plastique-se-promene-dans-les-rues-du-luxembourg","status":"publish","type":"post","link":"https:\/\/www.greenpeace.org\/luxembourg\/fr\/communiques-de-presse\/4610\/un-monstre-de-plastique-se-promene-dans-les-rues-du-luxembourg\/","title":{"rendered":"Un monstre de plastique se prom\u00e8ne dans les rues du Luxembourg"},"content":{"rendered":"<p><strong><i>Esch-sur-Alzette, le 20 avril 2019 &#8211; <\/i>Un monstre de plastique s\u2019est promen\u00e9 ce matin \u00e0 Esch-sur-Alzette, le long de la rue d\u2019Alzette en direction de la Place de la Mairie. Son but ? Attirer l&#8217;attention sur la crise plastique plan\u00e9taire. Ce monstre d\u2019une hauteur de 3 m\u00e8tres a \u00e9t\u00e9 assembl\u00e9 gr\u00e2ce \u00e0 de nombreux b\u00e9n\u00e9voles de Greenpeace \u00e0 partir d\u2019emballages plastiques \u00a0collect\u00e9s dans des r\u00e9sidences priv\u00e9es ainsi que dans des lieux publics au Luxembourg.<\/strong><\/p>\n<div id=\"attachment_4631\" style=\"width: 1034px\" class=\"wp-caption aligncenter\"><img loading=\"lazy\" decoding=\"async\" aria-describedby=\"caption-attachment-4631\" class=\"size-large wp-image-4631\" src=\"https:\/\/www.greenpeace.org\/static\/planet4-luxembourg-stateless\/2019\/04\/6be5af30-57439843_342300663090060_6759351322069172224_n-1024x768.jpg\" alt=\"Dans le cadre de la campagne anti-plastique, des b\u00e9n\u00e9voles de Greenpeace ont promen\u00e9 un 'PlasticMonster' \u00e0 Esch.\" width=\"1024\" height=\"768\" srcset=\"https:\/\/www.greenpeace.org\/static\/planet4-luxembourg-stateless\/2019\/04\/6be5af30-57439843_342300663090060_6759351322069172224_n-1024x768.jpg 1024w, https:\/\/www.greenpeace.org\/static\/planet4-luxembourg-stateless\/2019\/04\/6be5af30-57439843_342300663090060_6759351322069172224_n-300x225.jpg 300w, https:\/\/www.greenpeace.org\/static\/planet4-luxembourg-stateless\/2019\/04\/6be5af30-57439843_342300663090060_6759351322069172224_n-768x576.jpg 768w, https:\/\/www.greenpeace.org\/static\/planet4-luxembourg-stateless\/2019\/04\/6be5af30-57439843_342300663090060_6759351322069172224_n-1821x1366.jpg 1821w, https:\/\/www.greenpeace.org\/static\/planet4-luxembourg-stateless\/2019\/04\/6be5af30-57439843_342300663090060_6759351322069172224_n-453x340.jpg 453w, https:\/\/www.greenpeace.org\/static\/planet4-luxembourg-stateless\/2019\/04\/6be5af30-57439843_342300663090060_6759351322069172224_n.jpg 1984w\" sizes=\"auto, (max-width: 1024px) 100vw, 1024px\" \/><p id=\"caption-attachment-4631\" class=\"wp-caption-text\">Dans le cadre de la campagne anti-plastique, des b\u00e9n\u00e9voles de Greenpeace ont promen\u00e9 un &#8216;PlasticMonster&#8217; \u00e0 Esch.<\/p><\/div>\n<p><span style=\"font-weight: 400;\">90% du plastique produit dans le monde n\u2019a jamais \u00e9t\u00e9 recycl\u00e9 ! <\/span><span style=\"font-weight: 400;\">Pourtant les <\/span><a href=\"https:\/\/www.greenpeace.org\/international\/publication\/19007\/a-crisis-of-convenience-the-corporations-behind-the-plastics-pollution-pandemic\/\"><span style=\"font-weight: 400;\">grandes entreprises ont pr\u00e9vu d\u2019augmenter drastiquement leur production d\u2019emballage plastique<\/span><\/a><span style=\"font-weight: 400;\"> : celle-ci devrait quadrupler d\u2019ici 2050. Recycler ne suffira pas \u00e0 pourfendre le monstre de plastique !<\/span><\/p>\n<p><span style=\"font-weight: 400;\">Mais \u00e0 travers le monde, de plus en plus de voix s\u2019\u00e9l\u00e8vent pour mettre ces multinationales devant leur responsabilit\u00e9 et la pression monte. \u00c0 l\u2019heure actuelle, plus de 3 millions d\u2019individus ont rejoint la lutte contre le plastique destructeur. En collaboration avec nos alli\u00e9s du mouvement international <\/span><a href=\"https:\/\/www.breakfreefromplastic.org\/\"><span style=\"font-weight: 400;\">Break Free From Plastic<\/span><\/a><span style=\"font-weight: 400;\"> \u2014 une coali<\/span><span style=\"font-weight: 400;\">tion de plus de 1.400 organisations <\/span><span style=\"font-weight: 400;\">\u2014 <\/span><a href=\"https:\/\/www.greenpeace.org\/international\/story\/18876\/these-10-companies-are-flooding-the-planet-with-throwaway-plastic\/\"><span style=\"font-weight: 400;\">nous avons conduit en septembre dernier pas moins de 239 nettoyages dans 42 pays et avons identifi\u00e9 les plus grandes marques polluantes.<\/span><\/a><\/p>\n<p><span style=\"font-weight: 400;\">Greenpeace demande aux citoyens de rejoindre le mouvement et d&#8217;appeler les entreprises \u00e0 mettre fin \u00e0 la crise du plastique et de l&#8217;emballage [2]. Il est temps pour Nestl\u00e9, Unilever, Coca-Cola, PepsiCo., Colgate, Danone, Johnson &amp; Johnson, et Mars d\u2019\u00eatre transparents sur la quantit\u00e9 d\u2019emballages plastiques qu\u2019ils produisent, et de mettre en oeuvre des mesures concr\u00e8tes pour la r\u00e9duire. Ces multinationales doivent investir dans des alternatives et doivent \u00e9liminer le plastique \u00e0 usage unique ! Nous refusons de laisser le monstre de plastique grossir encore et encore. Nous avons besoin d\u2019objectifs de r\u00e9duction concrets \u2014 et nous en avons besoin maintenant.<\/span><\/p>\n<p><span style=\"font-weight: 400;\">Nous devons pr\u00e9server les \u00a0oc\u00e9ans et les animaux marins du monstre. C&#8217;est pourquoi nous embarquons sur le voilier Greenpeace : le Beluga II accostera le vendredi 25 avril, \u00e0 Remich afin de sensibiliser le Luxembourg \u00e0 la campagne mondiale anti-plastique. Les 27 et 28 avril, des visites guid\u00e9es du bateau et des stands d\u2019informations seront organis\u00e9s pour le grand public [3].<\/span><\/p>\n<div id=\"attachment_4637\" style=\"width: 1034px\" class=\"wp-caption aligncenter\"><img loading=\"lazy\" decoding=\"async\" aria-describedby=\"caption-attachment-4637\" class=\"size-large wp-image-4637\" src=\"https:\/\/www.greenpeace.org\/static\/planet4-luxembourg-stateless\/2019\/04\/PlasticMonster_200419_1149-1024x683.jpg\" alt=\"Dans le cadre de la campagne anti-plastique, des b\u00e9n\u00e9voles de Greenpeace ont promen\u00e9 un 'PlasticMonster' \u00e0 Esch.\" width=\"1024\" height=\"683\" \/><p id=\"caption-attachment-4637\" class=\"wp-caption-text\">Dans le cadre de la campagne anti-plastique, des b\u00e9n\u00e9voles de Greenpeace ont promen\u00e9 un &#8216;PlasticMonster&#8217; \u00e0 Esch.<\/p><\/div>\n<p><strong>Notes :<\/strong><\/p>\n<p><span style=\"font-weight: 400;\">[1] Rapport complet de l\u2019Audit : <\/span><a href=\"https:\/\/www.breakfreefromplastic.org\/globalbrandauditreport2018\/\"><span style=\"font-weight: 400;\">https:\/\/www.breakfreefromplastic.org\/globalbrandauditreport2018\/<\/span><\/a><br \/>\n<span style=\"font-weight: 400;\">[2] P\u00e9tition: <\/span><a href=\"http:\/\/www.noplastic.lu\"><span style=\"font-weight: 400;\">www.noplastic.lu<\/span><\/a><br \/>\n<span style=\"font-weight: 400;\">[3] Plus d\u2019informations concernant les \u2018Open Boat\u2019-Days : <a href=\"https:\/\/www.facebook.com\/events\/848761528833405\/\">https:\/\/www.facebook.com\/events\/848761528833405\/<\/a><\/span><\/p>\n<p>&nbsp;<\/p>\n<div class=\"EmptyMessage\">Block content is empty. Check the block&#8217;s settings or remove it.<\/div>","protected":false},"excerpt":{"rendered":"<p>Esch-sur-Alzette, le 20 avril 2019 &#8211; Un monstre de plastique s\u2019est promen\u00e9 ce matin \u00e0 Esch-sur-Alzette, le long de la rue d\u2019Alzette en direction de la Place de la Mairie.&hellip;<\/p>\n","protected":false},"author":18,"featured_media":4631,"comment_status":"closed","ping_status":"closed","sticky":false,"template":"","format":"standard","meta":{"ep_exclude_from_search":false,"p4_og_title":"","p4_og_description":"","p4_og_image":"","p4_og_image_id":"","p4_seo_canonical_url":"","p4_campaign_name":"","p4_local_project":"","p4_basket_name":"","p4_department":"","footnotes":""},"categories":[17,43],"tags":[28,29],"p4-page-type":[83],"class_list":["post-4610","post","type-post","status-publish","format-standard","has-post-thumbnail","hentry","category-greenpeace","category-nature","tag-pollution","tag-oceans","p4-page-type-communiques-de-presse"],"yoast_head":"<!-- This site is optimized with the Yoast SEO Premium plugin v23.9 (Yoast SEO v23.9) - https:\/\/yoast.com\/wordpress\/plugins\/seo\/ -->\n<title>Un monstre de plastique se prom\u00e8ne dans les rues du Luxembourg - Greenpeace Luxembourg<\/title>\n<meta name=\"robots\" content=\"index, follow, max-snippet:-1, max-image-preview:large, max-video-preview:-1\" \/>\n<link rel=\"canonical\" href=\"https:\/\/www.greenpeace.org\/luxembourg\/fr\/communiques-de-presse\/4610\/un-monstre-de-plastique-se-promene-dans-les-rues-du-luxembourg\/\" \/>\n<meta property=\"og:locale\" content=\"fr_FR\" \/>\n<meta property=\"og:type\" content=\"article\" \/>\n<meta property=\"og:title\" content=\"Un monstre de plastique se prom\u00e8ne dans les rues du Luxembourg\" \/>\n<meta property=\"og:description\" content=\"Esch-sur-Alzette, le 20 avril 2019 &#8211; Un monstre de plastique s\u2019est promen\u00e9 ce matin \u00e0 Esch-sur-Alzette, le long de la rue d\u2019Alzette en direction de la Place de la Mairie.&hellip;\" \/>\n<meta property=\"og:url\" content=\"https:\/\/www.greenpeace.org\/luxembourg\/fr\/communiques-de-presse\/4610\/un-monstre-de-plastique-se-promene-dans-les-rues-du-luxembourg\/\" \/>\n<meta property=\"og:site_name\" content=\"Greenpeace Luxembourg\" \/>\n<meta property=\"article:publisher\" content=\"https:\/\/www.facebook.com\/greenpeaceluxembourg\" \/>\n<meta property=\"article:published_time\" content=\"2019-04-20T10:00:23+00:00\" \/>\n<meta property=\"article:modified_time\" content=\"2021-12-01T15:30:50+00:00\" \/>\n<meta property=\"og:image\" content=\"https:\/\/www.greenpeace.org\/static\/planet4-luxembourg-stateless\/2019\/04\/6be5af30-57439843_342300663090060_6759351322069172224_n.jpg\" \/>\n\t<meta property=\"og:image:width\" content=\"1984\" \/>\n\t<meta property=\"og:image:height\" content=\"1488\" \/>\n\t<meta property=\"og:image:type\" content=\"image\/jpeg\" \/>\n<meta name=\"author\" content=\"Pauline Maes\" \/>\n<meta name=\"twitter:card\" content=\"summary_large_image\" \/>\n<meta name=\"twitter:label1\" content=\"Written by\" \/>\n\t<meta name=\"twitter:data1\" content=\"Pauline Maes\" \/>\n\t<meta name=\"twitter:label2\" content=\"Est. reading time\" \/>\n\t<meta name=\"twitter:data2\" content=\"2 minutes\" \/>\n<script type=\"application\/ld+json\" class=\"yoast-schema-graph\">{\"@context\":\"https:\/\/schema.org\",\"@graph\":[{\"@type\":\"Article\",\"@id\":\"https:\/\/www.greenpeace.org\/luxembourg\/fr\/communiques-de-presse\/4610\/un-monstre-de-plastique-se-promene-dans-les-rues-du-luxembourg\/#article\",\"isPartOf\":{\"@id\":\"https:\/\/www.greenpeace.org\/luxembourg\/fr\/communiques-de-presse\/4610\/un-monstre-de-plastique-se-promene-dans-les-rues-du-luxembourg\/\"},\"author\":{\"name\":\"Pauline Maes\",\"@id\":\"https:\/\/www.greenpeace.org\/luxembourg\/fr\/#\/schema\/person\/7bbeb343322bdadf139e7e27e7c86ec8\"},\"headline\":\"Un monstre de plastique se prom\u00e8ne dans les rues du Luxembourg\",\"datePublished\":\"2019-04-20T10:00:23+00:00\",\"dateModified\":\"2021-12-01T15:30:50+00:00\",\"mainEntityOfPage\":{\"@id\":\"https:\/\/www.greenpeace.org\/luxembourg\/fr\/communiques-de-presse\/4610\/un-monstre-de-plastique-se-promene-dans-les-rues-du-luxembourg\/\"},\"wordCount\":456,\"publisher\":{\"@id\":\"https:\/\/www.greenpeace.org\/luxembourg\/fr\/#organization\"},\"image\":{\"@id\":\"https:\/\/www.greenpeace.org\/luxembourg\/fr\/communiques-de-presse\/4610\/un-monstre-de-plastique-se-promene-dans-les-rues-du-luxembourg\/#primaryimage\"},\"thumbnailUrl\":\"https:\/\/www.greenpeace.org\/static\/planet4-luxembourg-stateless\/2019\/04\/6be5af30-57439843_342300663090060_6759351322069172224_n.jpg\",\"keywords\":[\"Pollution\",\"Oc\u00e9ans\"],\"articleSection\":[\"Greenpeace\",\"Nature\"],\"inLanguage\":\"fr-LU\"},{\"@type\":\"WebPage\",\"@id\":\"https:\/\/www.greenpeace.org\/luxembourg\/fr\/communiques-de-presse\/4610\/un-monstre-de-plastique-se-promene-dans-les-rues-du-luxembourg\/\",\"url\":\"https:\/\/www.greenpeace.org\/luxembourg\/fr\/communiques-de-presse\/4610\/un-monstre-de-plastique-se-promene-dans-les-rues-du-luxembourg\/\",\"name\":\"Un monstre de plastique se prom\u00e8ne dans les rues du Luxembourg - Greenpeace Luxembourg\",\"isPartOf\":{\"@id\":\"https:\/\/www.greenpeace.org\/luxembourg\/fr\/#website\"},\"primaryImageOfPage\":{\"@id\":\"https:\/\/www.greenpeace.org\/luxembourg\/fr\/communiques-de-presse\/4610\/un-monstre-de-plastique-se-promene-dans-les-rues-du-luxembourg\/#primaryimage\"},\"image\":{\"@id\":\"https:\/\/www.greenpeace.org\/luxembourg\/fr\/communiques-de-presse\/4610\/un-monstre-de-plastique-se-promene-dans-les-rues-du-luxembourg\/#primaryimage\"},\"thumbnailUrl\":\"https:\/\/www.greenpeace.org\/static\/planet4-luxembourg-stateless\/2019\/04\/6be5af30-57439843_342300663090060_6759351322069172224_n.jpg\",\"datePublished\":\"2019-04-20T10:00:23+00:00\",\"dateModified\":\"2021-12-01T15:30:50+00:00\",\"breadcrumb\":{\"@id\":\"https:\/\/www.greenpeace.org\/luxembourg\/fr\/communiques-de-presse\/4610\/un-monstre-de-plastique-se-promene-dans-les-rues-du-luxembourg\/#breadcrumb\"},\"inLanguage\":\"fr-LU\",\"potentialAction\":[{\"@type\":\"ReadAction\",\"target\":[\"https:\/\/www.greenpeace.org\/luxembourg\/fr\/communiques-de-presse\/4610\/un-monstre-de-plastique-se-promene-dans-les-rues-du-luxembourg\/\"]}]},{\"@type\":\"ImageObject\",\"inLanguage\":\"fr-LU\",\"@id\":\"https:\/\/www.greenpeace.org\/luxembourg\/fr\/communiques-de-presse\/4610\/un-monstre-de-plastique-se-promene-dans-les-rues-du-luxembourg\/#primaryimage\",\"url\":\"https:\/\/www.greenpeace.org\/static\/planet4-luxembourg-stateless\/2019\/04\/6be5af30-57439843_342300663090060_6759351322069172224_n.jpg\",\"contentUrl\":\"https:\/\/www.greenpeace.org\/static\/planet4-luxembourg-stateless\/2019\/04\/6be5af30-57439843_342300663090060_6759351322069172224_n.jpg\",\"width\":1984,\"height\":1488,\"caption\":\"Dans le cadre de la campagne anti-plastique, des b\u00e9n\u00e9voles de Greenpeace ont promen\u00e9 un 'PlasticMonster' \u00e0 Esch.\"},{\"@type\":\"BreadcrumbList\",\"@id\":\"https:\/\/www.greenpeace.org\/luxembourg\/fr\/communiques-de-presse\/4610\/un-monstre-de-plastique-se-promene-dans-les-rues-du-luxembourg\/#breadcrumb\",\"itemListElement\":[{\"@type\":\"ListItem\",\"position\":1,\"name\":\"Home\",\"item\":\"https:\/\/www.greenpeace.org\/luxembourg\/fr\/\"},{\"@type\":\"ListItem\",\"position\":2,\"name\":\"Un monstre de plastique se prom\u00e8ne dans les rues du Luxembourg\"}]},{\"@type\":\"WebSite\",\"@id\":\"https:\/\/www.greenpeace.org\/luxembourg\/fr\/#website\",\"url\":\"https:\/\/www.greenpeace.org\/luxembourg\/fr\/\",\"name\":\"Greenpeace Luxembourg\",\"description\":\"Greenpeace existe parce que cette Terre fragile a besoin d&#039;une voix. Elle a besoin de solutions. De changement. D&#039;actions.\",\"publisher\":{\"@id\":\"https:\/\/www.greenpeace.org\/luxembourg\/fr\/#organization\"},\"potentialAction\":[{\"@type\":\"SearchAction\",\"target\":{\"@type\":\"EntryPoint\",\"urlTemplate\":\"https:\/\/www.greenpeace.org\/luxembourg\/fr\/?s={search_term_string}\"},\"query-input\":{\"@type\":\"PropertyValueSpecification\",\"valueRequired\":true,\"valueName\":\"search_term_string\"}}],\"inLanguage\":\"fr-LU\"},{\"@type\":\"Organization\",\"@id\":\"https:\/\/www.greenpeace.org\/luxembourg\/fr\/#organization\",\"name\":\"Greenpeace Luxembourg\",\"url\":\"https:\/\/www.greenpeace.org\/luxembourg\/fr\/\",\"logo\":{\"@type\":\"ImageObject\",\"inLanguage\":\"fr-LU\",\"@id\":\"https:\/\/www.greenpeace.org\/luxembourg\/fr\/#\/schema\/logo\/image\/\",\"url\":\"https:\/\/www.greenpeace.org\/static\/planet4-luxembourg-stateless\/2026\/03\/3e367f94-greenpeace_logo_green_rgb.png\",\"contentUrl\":\"https:\/\/www.greenpeace.org\/static\/planet4-luxembourg-stateless\/2026\/03\/3e367f94-greenpeace_logo_green_rgb.png\",\"width\":1080,\"height\":175,\"caption\":\"Greenpeace Luxembourg\"},\"image\":{\"@id\":\"https:\/\/www.greenpeace.org\/luxembourg\/fr\/#\/schema\/logo\/image\/\"},\"sameAs\":[\"https:\/\/www.facebook.com\/greenpeaceluxembourg\",\"https:\/\/www.instagram.com\/greenpeacelux\/\",\"https:\/\/www.linkedin.com\/company\/greenpeace-luxembourg\/\",\"https:\/\/www.threads.com\/@greenpeacelux\",\"https:\/\/bsky.app\/profile\/greenpeacelux.bsky.social\",\"https:\/\/www.youtube.com\/@GreenpeaceLux\",\"https:\/\/www.tiktok.com\/@greenpeace_lux\"]},{\"@type\":\"Person\",\"@id\":\"https:\/\/www.greenpeace.org\/luxembourg\/fr\/#\/schema\/person\/7bbeb343322bdadf139e7e27e7c86ec8\",\"name\":\"Pauline Maes\",\"url\":\"https:\/\/www.greenpeace.org\/luxembourg\/fr\/author\/pmaes\/\"}]}<\/script>\n<!-- \/ Yoast SEO Premium plugin. -->","yoast_head_json":{"title":"Un monstre de plastique se prom\u00e8ne dans les rues du Luxembourg - Greenpeace Luxembourg","robots":{"index":"index","follow":"follow","max-snippet":"max-snippet:-1","max-image-preview":"max-image-preview:large","max-video-preview":"max-video-preview:-1"},"canonical":"https:\/\/www.greenpeace.org\/luxembourg\/fr\/communiques-de-presse\/4610\/un-monstre-de-plastique-se-promene-dans-les-rues-du-luxembourg\/","og_locale":"fr_FR","og_type":"article","og_title":"Un monstre de plastique se prom\u00e8ne dans les rues du Luxembourg","og_description":"Esch-sur-Alzette, le 20 avril 2019 &#8211; Un monstre de plastique s\u2019est promen\u00e9 ce matin \u00e0 Esch-sur-Alzette, le long de la rue d\u2019Alzette en direction de la Place de la Mairie.&hellip;","og_url":"https:\/\/www.greenpeace.org\/luxembourg\/fr\/communiques-de-presse\/4610\/un-monstre-de-plastique-se-promene-dans-les-rues-du-luxembourg\/","og_site_name":"Greenpeace Luxembourg","article_publisher":"https:\/\/www.facebook.com\/greenpeaceluxembourg","article_published_time":"2019-04-20T10:00:23+00:00","article_modified_time":"2021-12-01T15:30:50+00:00","og_image":[{"width":1984,"height":1488,"url":"https:\/\/www.greenpeace.org\/static\/planet4-luxembourg-stateless\/2019\/04\/6be5af30-57439843_342300663090060_6759351322069172224_n.jpg","type":"image\/jpeg"}],"author":"Pauline Maes","twitter_card":"summary_large_image","twitter_misc":{"Written by":"Pauline Maes","Est. reading time":"2 minutes"},"schema":{"@context":"https:\/\/schema.org","@graph":[{"@type":"Article","@id":"https:\/\/www.greenpeace.org\/luxembourg\/fr\/communiques-de-presse\/4610\/un-monstre-de-plastique-se-promene-dans-les-rues-du-luxembourg\/#article","isPartOf":{"@id":"https:\/\/www.greenpeace.org\/luxembourg\/fr\/communiques-de-presse\/4610\/un-monstre-de-plastique-se-promene-dans-les-rues-du-luxembourg\/"},"author":{"name":"Pauline Maes","@id":"https:\/\/www.greenpeace.org\/luxembourg\/fr\/#\/schema\/person\/7bbeb343322bdadf139e7e27e7c86ec8"},"headline":"Un monstre de plastique se prom\u00e8ne dans les rues du Luxembourg","datePublished":"2019-04-20T10:00:23+00:00","dateModified":"2021-12-01T15:30:50+00:00","mainEntityOfPage":{"@id":"https:\/\/www.greenpeace.org\/luxembourg\/fr\/communiques-de-presse\/4610\/un-monstre-de-plastique-se-promene-dans-les-rues-du-luxembourg\/"},"wordCount":456,"publisher":{"@id":"https:\/\/www.greenpeace.org\/luxembourg\/fr\/#organization"},"image":{"@id":"https:\/\/www.greenpeace.org\/luxembourg\/fr\/communiques-de-presse\/4610\/un-monstre-de-plastique-se-promene-dans-les-rues-du-luxembourg\/#primaryimage"},"thumbnailUrl":"https:\/\/www.greenpeace.org\/static\/planet4-luxembourg-stateless\/2019\/04\/6be5af30-57439843_342300663090060_6759351322069172224_n.jpg","keywords":["Pollution","Oc\u00e9ans"],"articleSection":["Greenpeace","Nature"],"inLanguage":"fr-LU"},{"@type":"WebPage","@id":"https:\/\/www.greenpeace.org\/luxembourg\/fr\/communiques-de-presse\/4610\/un-monstre-de-plastique-se-promene-dans-les-rues-du-luxembourg\/","url":"https:\/\/www.greenpeace.org\/luxembourg\/fr\/communiques-de-presse\/4610\/un-monstre-de-plastique-se-promene-dans-les-rues-du-luxembourg\/","name":"Un monstre de plastique se prom\u00e8ne dans les rues du Luxembourg - Greenpeace Luxembourg","isPartOf":{"@id":"https:\/\/www.greenpeace.org\/luxembourg\/fr\/#website"},"primaryImageOfPage":{"@id":"https:\/\/www.greenpeace.org\/luxembourg\/fr\/communiques-de-presse\/4610\/un-monstre-de-plastique-se-promene-dans-les-rues-du-luxembourg\/#primaryimage"},"image":{"@id":"https:\/\/www.greenpeace.org\/luxembourg\/fr\/communiques-de-presse\/4610\/un-monstre-de-plastique-se-promene-dans-les-rues-du-luxembourg\/#primaryimage"},"thumbnailUrl":"https:\/\/www.greenpeace.org\/static\/planet4-luxembourg-stateless\/2019\/04\/6be5af30-57439843_342300663090060_6759351322069172224_n.jpg","datePublished":"2019-04-20T10:00:23+00:00","dateModified":"2021-12-01T15:30:50+00:00","breadcrumb":{"@id":"https:\/\/www.greenpeace.org\/luxembourg\/fr\/communiques-de-presse\/4610\/un-monstre-de-plastique-se-promene-dans-les-rues-du-luxembourg\/#breadcrumb"},"inLanguage":"fr-LU","potentialAction":[{"@type":"ReadAction","target":["https:\/\/www.greenpeace.org\/luxembourg\/fr\/communiques-de-presse\/4610\/un-monstre-de-plastique-se-promene-dans-les-rues-du-luxembourg\/"]}]},{"@type":"ImageObject","inLanguage":"fr-LU","@id":"https:\/\/www.greenpeace.org\/luxembourg\/fr\/communiques-de-presse\/4610\/un-monstre-de-plastique-se-promene-dans-les-rues-du-luxembourg\/#primaryimage","url":"https:\/\/www.greenpeace.org\/static\/planet4-luxembourg-stateless\/2019\/04\/6be5af30-57439843_342300663090060_6759351322069172224_n.jpg","contentUrl":"https:\/\/www.greenpeace.org\/static\/planet4-luxembourg-stateless\/2019\/04\/6be5af30-57439843_342300663090060_6759351322069172224_n.jpg","width":1984,"height":1488,"caption":"Dans le cadre de la campagne anti-plastique, des b\u00e9n\u00e9voles de Greenpeace ont promen\u00e9 un 'PlasticMonster' \u00e0 Esch."},{"@type":"BreadcrumbList","@id":"https:\/\/www.greenpeace.org\/luxembourg\/fr\/communiques-de-presse\/4610\/un-monstre-de-plastique-se-promene-dans-les-rues-du-luxembourg\/#breadcrumb","itemListElement":[{"@type":"ListItem","position":1,"name":"Home","item":"https:\/\/www.greenpeace.org\/luxembourg\/fr\/"},{"@type":"ListItem","position":2,"name":"Un monstre de plastique se prom\u00e8ne dans les rues du Luxembourg"}]},{"@type":"WebSite","@id":"https:\/\/www.greenpeace.org\/luxembourg\/fr\/#website","url":"https:\/\/www.greenpeace.org\/luxembourg\/fr\/","name":"Greenpeace Luxembourg","description":"Greenpeace existe parce que cette Terre fragile a besoin d&#039;une voix. Elle a besoin de solutions. De changement. D&#039;actions.","publisher":{"@id":"https:\/\/www.greenpeace.org\/luxembourg\/fr\/#organization"},"potentialAction":[{"@type":"SearchAction","target":{"@type":"EntryPoint","urlTemplate":"https:\/\/www.greenpeace.org\/luxembourg\/fr\/?s={search_term_string}"},"query-input":{"@type":"PropertyValueSpecification","valueRequired":true,"valueName":"search_term_string"}}],"inLanguage":"fr-LU"},{"@type":"Organization","@id":"https:\/\/www.greenpeace.org\/luxembourg\/fr\/#organization","name":"Greenpeace Luxembourg","url":"https:\/\/www.greenpeace.org\/luxembourg\/fr\/","logo":{"@type":"ImageObject","inLanguage":"fr-LU","@id":"https:\/\/www.greenpeace.org\/luxembourg\/fr\/#\/schema\/logo\/image\/","url":"https:\/\/www.greenpeace.org\/static\/planet4-luxembourg-stateless\/2026\/03\/3e367f94-greenpeace_logo_green_rgb.png","contentUrl":"https:\/\/www.greenpeace.org\/static\/planet4-luxembourg-stateless\/2026\/03\/3e367f94-greenpeace_logo_green_rgb.png","width":1080,"height":175,"caption":"Greenpeace Luxembourg"},"image":{"@id":"https:\/\/www.greenpeace.org\/luxembourg\/fr\/#\/schema\/logo\/image\/"},"sameAs":["https:\/\/www.facebook.com\/greenpeaceluxembourg","https:\/\/www.instagram.com\/greenpeacelux\/","https:\/\/www.linkedin.com\/company\/greenpeace-luxembourg\/","https:\/\/www.threads.com\/@greenpeacelux","https:\/\/bsky.app\/profile\/greenpeacelux.bsky.social","https:\/\/www.youtube.com\/@GreenpeaceLux","https:\/\/www.tiktok.com\/@greenpeace_lux"]},{"@type":"Person","@id":"https:\/\/www.greenpeace.org\/luxembourg\/fr\/#\/schema\/person\/7bbeb343322bdadf139e7e27e7c86ec8","name":"Pauline Maes","url":"https:\/\/www.greenpeace.org\/luxembourg\/fr\/author\/pmaes\/"}]}},"_links":{"self":[{"href":"https:\/\/www.greenpeace.org\/luxembourg\/fr\/wp-json\/wp\/v2\/posts\/4610","targetHints":{"allow":["GET"]}}],"collection":[{"href":"https:\/\/www.greenpeace.org\/luxembourg\/fr\/wp-json\/wp\/v2\/posts"}],"about":[{"href":"https:\/\/www.greenpeace.org\/luxembourg\/fr\/wp-json\/wp\/v2\/types\/post"}],"author":[{"embeddable":true,"href":"https:\/\/www.greenpeace.org\/luxembourg\/fr\/wp-json\/wp\/v2\/users\/18"}],"replies":[{"embeddable":true,"href":"https:\/\/www.greenpeace.org\/luxembourg\/fr\/wp-json\/wp\/v2\/comments?post=4610"}],"version-history":[{"count":4,"href":"https:\/\/www.greenpeace.org\/luxembourg\/fr\/wp-json\/wp\/v2\/posts\/4610\/revisions"}],"predecessor-version":[{"id":13070,"href":"https:\/\/www.greenpeace.org\/luxembourg\/fr\/wp-json\/wp\/v2\/posts\/4610\/revisions\/13070"}],"wp:featuredmedia":[{"embeddable":true,"href":"https:\/\/www.greenpeace.org\/luxembourg\/fr\/wp-json\/wp\/v2\/media\/4631"}],"wp:attachment":[{"href":"https:\/\/www.greenpeace.org\/luxembourg\/fr\/wp-json\/wp\/v2\/media?parent=4610"}],"wp:term":[{"taxonomy":"category","embeddable":true,"href":"https:\/\/www.greenpeace.org\/luxembourg\/fr\/wp-json\/wp\/v2\/categories?post=4610"},{"taxonomy":"post_tag","embeddable":true,"href":"https:\/\/www.greenpeace.org\/luxembourg\/fr\/wp-json\/wp\/v2\/tags?post=4610"},{"taxonomy":"p4-page-type","embeddable":true,"href":"https:\/\/www.greenpeace.org\/luxembourg\/fr\/wp-json\/wp\/v2\/p4-page-type?post=4610"}],"curies":[{"name":"wp","href":"https:\/\/api.w.org\/{rel}","templated":true}]}}